{"id":79398804,"date":"2024-02-19T17:58:28","date_gmt":"2024-02-19T20:58:28","guid":{"rendered":"https:\/\/blog.grancursosonline.com.br\/?p=79398804"},"modified":"2024-02-21T13:39:01","modified_gmt":"2024-02-21T16:39:01","slug":"pos-graduacao-em-direito-e-concursos-como-conciliar","status":"publish","type":"post","link":"https:\/\/faculdade.grancursosonline.com.br\/blog\/pos-graduacao-em-direito-e-concursos-como-conciliar\/","title":{"rendered":"P\u00f3s-gradua\u00e7\u00e3o em Direito e Concursos: como conciliar?"},"content":{"rendered":"\n<p>A p\u00f3s-gradua\u00e7\u00e3o em Direito \u00e9 uma especializa\u00e7\u00e3o muito necess\u00e1ria especialmente para quem quer seguir carreira jur\u00eddica nos <a href=\"https:\/\/blog.grancursosonline.com.br\/concursos-abertos\/\">concursos p\u00fablicos<\/a>. Afinal, muito al\u00e9m de te ajudar na prova de t\u00edtulos, a p\u00f3s-gradua\u00e7\u00e3o em Direito poder\u00e1 te garantir sal\u00e1rios melhores, promo\u00e7\u00f5es, maior satisfa\u00e7\u00e3o e autoridade profissional dentro da carreira jur\u00eddica.<\/p>\n\n\n\n<p>Mas para quem j\u00e1 decidiu fazer a p\u00f3s, muitas vezes surge a primeira grande quest\u00e3o: como conciliar os estudos em uma p\u00f3s-gradua\u00e7\u00e3o em Direito e concursos p\u00fablicos? Parece uma tarefa imposs\u00edvel, j\u00e1 que a vida de concurseiro \u00e9 t\u00e3o corrida que poderia ser considerada uma ocupa\u00e7\u00e3o de per\u00edodo integral.<\/p>\n\n\n\n<p>N\u00e3o se preocupe! Estamos aqui para te provar que isso \u00e9 completamente poss\u00edvel e te dar algumas dicas de como tornar essa concilia\u00e7\u00e3o uma verdade aplic\u00e1vel \u00e0 sua rotina. Acompanhe e descubra mais!<\/p>\n\n\n\n<ul class=\"wp-block-list\">\n<li><a href=\"#concursos\">P\u00f3s-gradua\u00e7\u00e3o em direito e concursos<\/a><\/li>\n\n\n\n<li><a href=\"#requisitos\">Quem pode fazer p\u00f3s-gradua\u00e7\u00e3o em direito?<\/a><\/li>\n\n\n\n<li><a href=\"#duracao\">Quanto tempo dura a p\u00f3s-gradua\u00e7\u00e3o em direito?<\/a><\/li>\n\n\n\n<li><a href=\"#cursos\">Quais s\u00e3o as p\u00f3s-gradua\u00e7\u00e3o em direito?<\/a><\/li>\n\n\n\n<li><a href=\"#gran\">P\u00f3s-gradua\u00e7\u00e3o em Direito e Concursos no Gran<\/a><\/li>\n<\/ul>\n\n\n\n<figure class=\"wp-block-table\"><div class=\"container-tabela\"><table><tbody><tr><td><strong>Leia tamb\u00e9m:<\/strong> <ul> <li><a href=\"https:\/\/blog.grancursosonline.com.br\/pratica-juridica-e-concursos-publicos-importancia\/\" target=\"_blank\" rel=\"noopener\">Pr\u00e1tica Jur\u00eddica e concursos p\u00fablicos: saiba a import\u00e2ncia!<\/a><\/li> <li><a href=\"https:\/\/blog.grancursosonline.com.br\/pos-graduacao-ead-principais-perguntas-e-respostas\/\" target=\"_blank\" rel=\"noopener\">P\u00f3s-gradua\u00e7\u00e3o EAD: principais perguntas e respostas. Veja!<\/a><\/li> <li><a href=\"https:\/\/blog.grancursosonline.com.br\/direito-para-concurseiros-melhores-areas\/\" target=\"_blank\" rel=\"noopener\">Direito para concurseiros: quais s\u00e3o as melhores \u00e1reas?<\/a><\/li> <\/ul><\/td><\/tr><\/tbody><\/table><\/div><\/figure>\n\n\n\n<h2 class=\"wp-block-heading\" id=\"h-descubra-como-uma-pos-graduacao-pode-te-ajudar-ser-aprovado-no-concurso-dos-seus-sonhos\">Descubra como uma p\u00f3s-gradua\u00e7\u00e3o pode te ajudar ser aprovado no concurso dos seus sonhos!<\/h2>\n\n\n\n<p>Quando se trata do mundo dos concursos, \u00e9 evidente que uma s\u00e9rie de elementos pode impactar sua aprova\u00e7\u00e3o: sua rotina de estudos, prepara\u00e7\u00e3o f\u00edsica e mental, bagagem profissional, hist\u00f3rico acad\u00eamico e, n\u00e3o menos importante, possuir uma p\u00f3s-gradua\u00e7\u00e3o. <\/p>\n\n\n\n<p>Esse \u00faltimo aspecto tem se destacado como um elemento crucial para elevar a posi\u00e7\u00e3o de um candidato na classifica\u00e7\u00e3o, al\u00e9m de poder moldar significativamente o futuro de sua carreira ap\u00f3s a aprova\u00e7\u00e3o.<\/p>\n\n\n\n<p>Para compreender melhor a import\u00e2ncia da p\u00f3s-gradua\u00e7\u00e3o em concursos, oferecemos um e-book gratuitamente. Basta preencher o formul\u00e1rio nesta p\u00e1gina e voc\u00ea receber\u00e1 o material em instantes:<\/p>\n\n\n<p><script charset=\"utf-8\" type=\"text\/javascript\" src=\"\/\/js.hsforms.net\/forms\/embed\/v2.js\"><\/script> <script>\n  hbspt.forms.create({\n    region: \"na1\",\n    portalId: \"302036\",\n    formId: \"3f84627a-a0da-47a9-a327-1a0f758cce43\"\n  });\n<\/script><\/p>\n\n\n<h2 class=\"wp-block-heading\" id=\"concursos\">P\u00f3s-gradua\u00e7\u00e3o em Direito e concursos<\/h2>\n\n\n\n<p>Mesmo sabendo a import\u00e2ncia de uma p\u00f3s-gradua\u00e7\u00e3o em Direito, ainda fica a grande quest\u00e3o de como conciliar as duas obriga\u00e7\u00f5es no seu dia-a-dia. Afinal, o dia s\u00f3 tem 24 horas e se voc\u00ea j\u00e1 trabalha, sabe que o tempo livre dispon\u00edvel para se dedicar a outras atividades \u00e9 bem curto.<\/p>\n\n\n\n<p>Para te ajudar a transformar e otimizar o seu tempo, separamos algumas dicas essenciais para conciliar a p\u00f3s-gradua\u00e7\u00e3o em Direito e o estudo para concursos p\u00fablicos! Confira.<\/p>\n\n\n\n<h3 class=\"wp-block-heading\" id=\"h-1-faca-um-cronograma-de-estudos\">1. Fa\u00e7a um cronograma de estudos<\/h3>\n\n\n\n<p>Essa \u00e9 uma das dicas mais importantes que voc\u00ea ver\u00e1 nessa lista. Afinal, a partir da organiza\u00e7\u00e3o e planejamento voc\u00ea fica em posi\u00e7\u00e3o de maior controle do tempo, que \u00e9 uma constante t\u00e3o imprevis\u00edvel. Isso s\u00f3 se torna poss\u00edvel se voc\u00ea tiver em m\u00e3os um cronograma de estudos para a&nbsp; sua p\u00f3s-gradua\u00e7\u00e3o em Direito.<\/p>\n\n\n\n<h4 class=\"wp-block-heading\" id=\"h-como-fazer-um-bom-cronograma-de-estudos\">Como fazer um bom cronograma de estudos?<\/h4>\n\n\n\n<ul class=\"wp-block-list\">\n<li>Defina o seu objetivo final: foco \u00e9 muito importante para conseguir resultados. Por isso, evite estudar para v\u00e1rios concursos de uma vez e adicionar a p\u00f3s-gradua\u00e7\u00e3o. Tente se concentrar em um concurso espec\u00edfico por vez.<\/li>\n\n\n\n<li>Estabele\u00e7a um prazo a longo ou m\u00e9dio prazo para conclus\u00e3o: por exemplo, estudar toda mat\u00e9ria de l\u00edngua portuguesa para um certame em um m\u00eas e terminar dois trabalhos da p\u00f3s-gradua\u00e7\u00e3o em Direito.<\/li>\n\n\n\n<li>Mensure o seu tempo dispon\u00edvel total: contabilize o n\u00famero de horas por semana ou por m\u00eas que voc\u00ea pretende dedicar ao estudo.<\/li>\n\n\n\n<li>Mensure o seu tempo \u00fatil por dia da semana: ou seja, o tempo que voc\u00ea de fato estar\u00e1 dedicado ao estudo;<\/li>\n\n\n\n<li>Defina prioridades: todo certame tem uma lista de disciplinas que voc\u00ea deve prestar mais aten\u00e7\u00e3o, invista nelas. Na p\u00f3s-gradua\u00e7\u00e3o, o fluxo de conte\u00fados \u00e9 menor, ent\u00e3o n\u00e3o existe tanta necessidade de afunilamento.<\/li>\n\n\n\n<li>Diversifique disciplinas estudadas: evite estudar apenas uma disciplina por dia. Mesmo que esteja estudando uma quest\u00e3o mais aprofundada para a p\u00f3s-gradua\u00e7\u00e3o em Direito, quebre o assunto em pequenas rotinas todos os dias.<\/li>\n\n\n\n<li>Distribua as disciplinas na grade do cronograma.<\/li>\n<\/ul>\n\n\n\n<p>Para mais dicas de como organizar e dominar melhor o seu tempo para criar um cronograma de estudos realmente eficaz, confira o v\u00eddeo com o professor Guilherme Bitar.<\/p>\n\n\n\n<figure class=\"wp-block-embed is-type-video is-provider-youtube wp-block-embed-youtube wp-embed-aspect-16-9 wp-has-aspect-ratio\"><div class=\"wp-block-embed__wrapper\">\n<div class=\"video-container\"><iframe loading=\"lazy\" loading=\"lazy\" title=\"Como montar seu cronograma de estudos com Guilherme Bitar\" width=\"500\" height=\"281\" src=\"https:\/\/www.youtube.com\/embed\/wh4Uxq3BRtY?feature=oembed\" frameborder=\"0\" allow=\"accelerometer; autoplay; clipboard-write; encrypted-media; gyroscope; picture-in-picture; web-share\" referrerpolicy=\"strict-origin-when-cross-origin\" allowfullscreen><\/iframe><\/div>\n<\/div><\/figure>\n\n\n\n<h3 class=\"wp-block-heading\" id=\"h-2-aproveite-materias\">2. Aproveite mat\u00e9rias<\/h3>\n\n\n\n<p>A p\u00f3s-gradua\u00e7\u00e3o em Direito que voc\u00ea decidir fazer certamente abordar\u00e1 uma ou mais quest\u00f5es que ser\u00e3o cobradas tamb\u00e9m em concursos p\u00fablicos da \u00e1rea jur\u00eddica. Na verdade, os conte\u00fados s\u00e3o bem similares. Por\u00e9m, a principal diferen\u00e7a est\u00e1 no aprofundamento.&nbsp;<\/p>\n\n\n\n<p>Afinal, estudar para concursos p\u00fablicos requer uma vis\u00e3o mais generalista, o saber \u201cpouco sobre tudo\u201d e na p\u00f3s-gradua\u00e7\u00e3o a inten\u00e7\u00e3o \u00e9 justamente o contr\u00e1rio: \u201csaber muito sobre pouco\u201d. Voc\u00ea pode usar isso a seu favor.&nbsp;<\/p>\n\n\n\n<p>Por exemplo, n\u00e3o existe a necessidade de estudar a mesma mat\u00e9ria duas vezes, uma para concurso e uma para a p\u00f3s-gradua\u00e7\u00e3o de Direito. Mapeie as disciplinas que voc\u00ea estudar\u00e1 na p\u00f3s, coloque ao lado do seu conte\u00fado program\u00e1tico de concurso p\u00fablico e priorize outras mat\u00e9rias no seu tempo voltado ao estudo para o certame.<\/p>\n\n\n\n<p>Isso n\u00e3o quer dizer que voc\u00ea nunca vai aplicar os conte\u00fados que est\u00e1 aprendendo na p\u00f3s-gradua\u00e7\u00e3o em Direito na sua rotina de estudos para concurso. Voc\u00ea pode incluir essa parte apenas na <a href=\"https:\/\/blog.grancursosonline.com.br\/por-que-estudar-utilizando-questoes-de-concurso-saiba-mais\/\" target=\"_blank\" rel=\"noreferrer noopener\">resolu\u00e7\u00e3o de quest\u00f5es,<\/a> por exemplo. Assim, voc\u00ea n\u00e3o deixa de treinar a aplica\u00e7\u00e3o pr\u00e1tica de tudo que aprendeu.<\/p>\n\n\n\n<h3 class=\"wp-block-heading\" id=\"h-3-escolha-uma-pos-graduacao-em-direito-que-atenda-seus-objetivos\">3. Escolha uma p\u00f3s-gradua\u00e7\u00e3o em direito que atenda seus objetivos<\/h3>\n\n\n\n<p>N\u00e3o adianta se comprometer com uma p\u00f3s-gradua\u00e7\u00e3o extensa e trabalhosa como um mestrado ou doutorado enquanto est\u00e1 estudando para concurso p\u00fablico se voc\u00ea simplesmente n\u00e3o tem tempo \u00fatil para isso, n\u00e3o \u00e9 mesmo?&nbsp;<\/p>\n\n\n\n<p>Ainda que voc\u00ea tenha a melhor das inten\u00e7\u00f5es, se a nova rotina te deixar sobrecarregado provavelmente ir\u00e1 te proporcionar efeitos contr\u00e1rios aos que voc\u00ea pretendia no in\u00edcio da caminhada.<\/p>\n\n\n\n<p>Por isso, escolha um programa de p\u00f3s-gradua\u00e7\u00e3o com uma carga hor\u00e1ria e conte\u00fado program\u00e1tico que esteja de acordo com a sua realidade. Aqui ressaltamos mais uma vez a import\u00e2ncia de um <a href=\"https:\/\/blog.grancursosonline.com.br\/cronograma-de-estudos-gran-cursos-online\/\" target=\"_blank\" rel=\"noreferrer noopener\">cronograma de estudos<\/a>.<\/p>\n\n\n\n<p>Tamb\u00e9m n\u00e3o vale fazer uma p\u00f3s-gradua\u00e7\u00e3o s\u00f3 por fazer. Busque sempre fazer algo ligado \u00e0 sua forma\u00e7\u00e3o, carreira ou inten\u00e7\u00e3o profissional para o futuro. Pense na p\u00f3s-gradua\u00e7\u00e3o em Direito como uma chave capaz de abrir portas no seu futuro e n\u00e3o apenas como um certificado na parede.<\/p>\n\n\n\n<h3 class=\"wp-block-heading\" id=\"h-4-mantenha-o-foco-e-a-dedicacao\">4. Mantenha o foco e a dedica\u00e7\u00e3o<\/h3>\n\n\n\n<p>Sabemos que muitas vezes \u00e9 dif\u00edcil lutar contra a desmotiva\u00e7\u00e3o, especialmente no contexto atual. Estudar para conquistar uma vida melhor requer muita dedica\u00e7\u00e3o, concess\u00f5es, trabalho duro.&nbsp;<\/p>\n\n\n\n<p>Por\u00e9m, lembre-se: essa rotina n\u00e3o ser\u00e1 a sua para sempre. Voc\u00ea est\u00e1 em busca de um objetivo espec\u00edfico e assim que conseguir, vai conseguir desfrutar de tudo de bom que vem com ele. Quanto mais for\u00e7a e tempo voc\u00ea dedicar aos estudos, menos tempo existir\u00e1 entre voc\u00ea e a sua grande conquista.<\/p>\n\n\n\n<p>Contudo \u00e9 importante ressaltar: nada de desrespeitar descanso e horas de lazer! Todos precisamos de uma rotina saud\u00e1vel para continuarmos sendo produtivos! Seja gentil consigo mesmo e continue indo em frente!<\/p>\n\n\n\n<h2 class=\"wp-block-heading\" id=\"requisitos\">Quem pode fazer p\u00f3s-gradua\u00e7\u00e3o em direito?<\/h2>\n\n\n\n<p>Em geral, qualquer profissional que atue ou deseja atuar e dominar conhecimentos jur\u00eddicos pode fazer uma p\u00f3s-gradua\u00e7\u00e3o em Direito. Al\u00e9m dos profissionais graduados em Direito, a maioria das institui\u00e7\u00f5es n\u00e3o exige forma\u00e7\u00e3o pr\u00e9via para fazer uma especializa\u00e7\u00e3o na \u00e1rea.<\/p>\n\n\n\n<h2 class=\"wp-block-heading\" id=\"duracao\">Quanto tempo dura a p\u00f3s-gradua\u00e7\u00e3o em direito?<\/h2>\n\n\n\n<p>Depende do tipo de curso de p\u00f3s-gradua\u00e7\u00e3o em Direito que voc\u00eb escolher:<\/p>\n\n\n\n<ul class=\"wp-block-list\">\n<li><strong>Especializa\u00e7\u00e3o e MBA:<\/strong> entre 6 e 18 meses;<\/li>\n\n\n\n<li><strong>Mestrado e doutorado:<\/strong> 2 e 4 anos.<\/li>\n<\/ul>\n\n\n\n<h2 class=\"wp-block-heading\" id=\"gran\">P\u00f3s-gradua\u00e7\u00e3o em Direito e Concursos no Gran<\/h2>\n\n\n\n<p>Na hora de escolher o melhor lugar para fazer sua p\u00f3s-gradua\u00e7\u00e3o em Direito, ajuda que seja em um lugar que voc\u00ea j\u00e1 confia e que conhece a sua rotina acelerada de concurseiro, n\u00e3o \u00e9 mesmo?<\/p>\n\n\n\n<p>Pensando nisso, a <a href=\"https:\/\/blog.grancursosonline.com.br\/gran-cursos-pos-graduacao-troca-entre-cursos\/\" target=\"_blank\" rel=\"noreferrer noopener\">Gran Cursos P\u00f3s-Gradua\u00e7\u00e3o<\/a> foi criada: um projeto voltado para todos os nossos alunos concurseiros que buscam a especializa\u00e7\u00e3o t\u00e3o necess\u00e1ria, sem sacrificar o progresso nos estudos para concurso.\u00a0<\/p>\n\n\n\n<p>E se voc\u00ea n\u00e3o \u00e9 concurseiro, mas est\u00e1 buscando uma p\u00f3s-gradua\u00e7\u00e3o em Direito, os cursos de p\u00f3s intensiva podem ser a op\u00e7\u00e3o perfeita para voc\u00ea!<\/p>\n\n\n\n<h3 class=\"wp-block-heading\" id=\"h-quais-sao-as-pos-graduacao-em-direito\">Quais s\u00e3o as p\u00f3s-gradua\u00e7\u00e3o em direito?<\/h3>\n\n\n\n<p>Na \u00e1rea de Direito, contamos com os seguintes cursos de p\u00f3s-gradua\u00e7\u00e3o:<\/p>\n\n\n\n<ul class=\"wp-block-list\">\n<li><a href=\"https:\/\/pos.grancursosonline.com.br\/curso\/ciencias-juridicas-aplicadas-a-advocacia-privada\" target=\"_blank\" rel=\"noreferrer noopener\">P\u00f3s-Gradua\u00e7\u00e3o em Ci\u00eancias Jur\u00eddicas aplicadas \u00e0 Advocacia Privada<\/a><\/li>\n\n\n\n<li><a href=\"https:\/\/pos.grancursosonline.com.br\/curso\/ciencias-juridicas-aplicadas-a-advocacia-publica\" target=\"_blank\" rel=\"noreferrer noopener\">P\u00f3s-Gradua\u00e7\u00e3o em Ci\u00eancias Jur\u00eddicas Aplicadas \u00e0 Advocacia P\u00fablica<\/a><\/li>\n\n\n\n<li><a href=\"https:\/\/pos.grancursosonline.com.br\/curso\/compliance-penal-com-enfase-na-advocacia-criminal\" target=\"_blank\" rel=\"noreferrer noopener\">P\u00f3s-Gradua\u00e7\u00e3o em Compliance Penal com \u00eanfase na Advocacia Criminal<\/a><\/li>\n\n\n\n<li><a href=\"https:\/\/pos.grancursosonline.com.br\/curso\/processo-penal-aplicado-a-advocacia-criminal\" target=\"_blank\" rel=\"noreferrer noopener\">P\u00f3s-Gradua\u00e7\u00e3o em Processo Penal Aplicado \u00e0 Advocacia Criminal<\/a>\u00a0\u00a0<\/li>\n\n\n\n<li><a href=\"https:\/\/pos.grancursosonline.com.br\/curso\/analise-e-consultoria-legislativa\" target=\"_blank\" rel=\"noreferrer noopener\">P\u00f3s-Gradua\u00e7\u00e3o em An\u00e1lise e Consultoria Legislativa<\/a><\/li>\n\n\n\n<li><a href=\"https:\/\/pos.grancursosonline.com.br\/curso\/ciencias-juridicas-aplicadas-aos-tribunais-do-trabalho\" target=\"_blank\" rel=\"noreferrer noopener\">P\u00f3s-Gradua\u00e7\u00e3o em Ci\u00eancias Jur\u00eddicas Aplicadas aos Tribunais do Trabalho<\/a><\/li>\n\n\n\n<li><a href=\"https:\/\/pos.grancursosonline.com.br\/curso\/ciencias-juridicas-aplicadas-aos-tribunais-estaduais\" target=\"_blank\" rel=\"noreferrer noopener\">P\u00f3s-Gradua\u00e7\u00e3o em Ci\u00eancias Jur\u00eddicas Aplicadas aos Tribunais Estaduais<\/a>\u00a0<\/li>\n\n\n\n<li><a href=\"https:\/\/pos.grancursosonline.com.br\/curso\/ciencias-juridicas-aplicadas-as-atividades-do-ministerio-publico\" target=\"_blank\" rel=\"noreferrer noopener\">P\u00f3s-Gradua\u00e7\u00e3o em Ci\u00eancias Jur\u00eddicas aplicadas \u00e0s Atividades do Minist\u00e9rio P\u00fablico<\/a><\/li>\n\n\n\n<li><a href=\"https:\/\/pos.grancursosonline.com.br\/curso\/ciencias-juridicas-aplicadas-as-funcoes-essenciais-a-justica\" target=\"_blank\" rel=\"noreferrer noopener\">P\u00f3s-Gradua\u00e7\u00e3o em Ci\u00eancias Jur\u00eddicas aplicadas \u00e0s Fun\u00e7\u00f5es Essenciais \u00e0 Justi\u00e7a<\/a><\/li>\n\n\n\n<li><a href=\"https:\/\/pos.grancursosonline.com.br\/curso\/criminologia\" target=\"_blank\" rel=\"noreferrer noopener\">P\u00f3s-Gradua\u00e7\u00e3o em Criminologia<\/a><\/li>\n\n\n\n<li><a href=\"https:\/\/pos.grancursosonline.com.br\/curso\/direito-administrativo-\" target=\"_blank\" rel=\"noreferrer noopener\">P\u00f3s-Gradua\u00e7\u00e3o em Direito Administrativo<\/a><\/li>\n\n\n\n<li><a href=\"https:\/\/pos.grancursosonline.com.br\/curso\/direito-administrativo-com-enfase-em-processos-sancionatorios\" target=\"_blank\" rel=\"noreferrer noopener\">P\u00f3s-Gradua\u00e7\u00e3o em Direito Administrativo com \u00eanfase em Processos Sancionat\u00f3rios<\/a><\/li>\n\n\n\n<li><a href=\"https:\/\/pos.grancursosonline.com.br\/curso\/direito-ambiental-e-urbanistico\" target=\"_blank\" rel=\"noreferrer noopener\">P\u00f3s-Gradua\u00e7\u00e3o em Direito Ambiental e Urban\u00edstico<\/a><\/li>\n\n\n\n<li><a href=\"https:\/\/pos.grancursosonline.com.br\/curso\/direito-civil-e-processo-civil-\" target=\"_blank\" rel=\"noreferrer noopener\">P\u00f3s-gradua\u00e7\u00e3o em Direito Civil e Processo Civil<\/a><\/li>\n\n\n\n<li><a href=\"https:\/\/pos.grancursosonline.com.br\/curso\/direito-constitucional-\" target=\"_blank\" rel=\"noreferrer noopener\">P\u00f3s-Gradua\u00e7\u00e3o em Direito Constitucional<\/a><\/li>\n\n\n\n<li><a href=\"https:\/\/pos.grancursosonline.com.br\/curso\/direito-das-familias-e-sucessoes\" target=\"_blank\" rel=\"noreferrer noopener\">P\u00f3s-Gradua\u00e7\u00e3o em Direito das Fam\u00edlias e Sucess\u00f5es<\/a><\/li>\n\n\n\n<li><a href=\"https:\/\/pos.grancursosonline.com.br\/curso\/direito-digital-e-protecao-de-dados\" target=\"_blank\" rel=\"noreferrer noopener\">P\u00f3s-gradua\u00e7\u00e3o em Direito Digital e Prote\u00e7\u00e3o de Dados<\/a><\/li>\n\n\n\n<li><a href=\"https:\/\/pos.grancursosonline.com.br\/curso\/direito-do-consumidor\" target=\"_blank\" rel=\"noreferrer noopener\">P\u00f3s-Gradua\u00e7\u00e3o em Direito do Consumidor<\/a><\/li>\n\n\n\n<li><a href=\"https:\/\/pos.grancursosonline.com.br\/curso\/direito-do-trabalho-e-processo-do-trabalho-\" target=\"_blank\" rel=\"noreferrer noopener\">P\u00f3s-Gradua\u00e7\u00e3o em Direito do Trabalho e Processo do Trabalho<\/a><\/li>\n\n\n\n<li><a href=\"https:\/\/pos.grancursosonline.com.br\/curso\/direito-e-defesa-das-garantias-fundamentais-aplicada-a-defensoria-publica\" target=\"_blank\" rel=\"noreferrer noopener\">P\u00f3s-Gradua\u00e7\u00e3o em Direito e Defesa das Garantias Fundamentais &#8211; Aplicada \u00e0 Defensoria P\u00fablica<\/a><\/li>\n<\/ul>\n\n\n\n<h2 class=\"wp-block-heading\" id=\"h-pos-graduacao-faca-sua-especializacao-com-desconto\">P\u00f3s-Gradua\u00e7\u00e3o: fa\u00e7a sua especializa\u00e7\u00e3o com desconto!<\/h2>\n\n\n\n<p>Garanta sua matr\u00edcula em um dos novos cursos de p\u00f3s-gradua\u00e7\u00e3o da Gran P\u00f3s ou em&nbsp;<strong>qualquer uma das outras mais de 100 especializa\u00e7\u00f5es dispon\u00edveis na plataforma com at\u00e9 77% de desconto!<\/strong><\/p>\n\n\n\n<p>Queremos te ajudar a conquistar todos seus objetivos acad\u00eamicos e profissionais! Por isso, o Gran disponibiliza uma s\u00e9rie de promo\u00e7\u00f5es. Afinal, a educa\u00e7\u00e3o deve e pode ser para todos! <strong>Veja quais cupons s\u00e3o v\u00e1lidos at\u00e9 o preenchimento das vagas dispon\u00edveis:<\/strong><\/p>\n\n\n\n<figure class=\"wp-block-table\"><div class=\"container-tabela\"><table class=\"has-fixed-layout\"><thead><tr><th>Tipo de Desconto<\/th><th>Curso<\/th><th>Valores<\/th><th>Cupons<\/th><\/tr><\/thead><tbody><tr><td rowspan=\"2\">SOCIAL<\/td><td>P\u00f3s-Gradua\u00e7\u00e3o<\/td><td>12x de R$ 89,90<\/td><td>POSGRANSOCIAL<\/td><\/tr><tr><td>MBA<\/td><td>12x de R$ 89,90<\/td><td>MBAGRANSOCIAL<\/td><\/tr><tr><td rowspan=\"2\">ALUNOS GRAN<\/td><td>P\u00f3s-Gradua\u00e7\u00e3o<\/td><td>12x de R$ 89,90<\/td><td>SOUALUNOGRAN<\/td><\/tr><tr><td>MBA<\/td><td>12x de R$ 89,90<\/td><td>MBAALUNOGRAN<\/td><\/tr><tr><td rowspan=\"2\">EX-ALUNOS<\/td><td>P\u00f3s-Gradua\u00e7\u00e3o<\/td><td>12x de R$ 89,90<\/td><td>VOLTEIPROGRAN<\/td><\/tr><tr><td>MBA<\/td><td>12x de R$ 89,90<\/td><td>MBAVOLTEIPROGRAN<\/td><\/tr><tr><td rowspan=\"2\">NOVOS ALUNOS <\/td><td>P\u00f3s-Gradua\u00e7\u00e3o<\/td><td>12x de R$ 109,90<\/td><td>NOVONOGRAN<\/td><\/tr><tr><td>MBA<\/td><td>12x de R$ 109,90<\/td><td>MBANOVONOGRAN<\/td><\/tr><tr><td><strong>COMBO P\u00d3S*<\/strong><\/td><td><strong>P\u00f3s-Gradua\u00e7\u00e3o<\/strong><\/td><td><strong>12x de R$ 109,90<\/strong><\/td><td><strong>COMBOPOS<\/strong><\/td><\/tr><\/tbody><\/table><\/div><figcaption class=\"wp-element-caption\">* A condi\u00e7\u00e3o de 2 cursos pelo pre\u00e7o de 1 n\u00e3o inclui os cursos de MBA<\/figcaption><\/figure>\n\n\n\n<p><strong>\u00c0 vista no PIX ou Boleto voc\u00ea ainda adquire MAIS 5% DE DESCONTO!<\/strong><\/p>\n\n\n\n<p>Para garantir os pre\u00e7os promocionais, basta acessar a p\u00e1gina da sua especializa\u00e7\u00e3o de prefer\u00eancia e visualizar todos os cupons ao lado do pre\u00e7o final!<\/p>\n\n\n\n<p>Se, por acaso, o desconto n\u00e3o for aplicado imediatamente, voc\u00ea tamb\u00e9m poder\u00e1 digitar o c\u00f3digo do cupom informado na tabela acima!<\/p>\n\n\n\n<p class=\"has-text-align-center has-text-align-center\"><a href=\"https:\/\/pos.grancursosonline.com.br\/\" target=\"_blank\" rel=\"noreferrer noopener\"><strong>Garanta sua matr\u00edcula com desconto!<\/strong><\/a><\/p>\n\n\n\n<h2 class=\"wp-block-heading\" id=\"h-vem-pra-gran-faculdade\">Vem pra Gran Faculdade!<\/h2>\n\n\n\n<p>A Gran Faculdade vem mudando a vida de milhares de pessoas por meio de cursos \u00e0 dist\u00e2ncia de <a href=\"https:\/\/faculdade.grancursosonline.com.br\/\" target=\"_blank\" rel=\"noreferrer noopener\">gradua\u00e7\u00e3o<\/a>, <a href=\"https:\/\/pos.grancursosonline.com.br\/\" target=\"_blank\" rel=\"noreferrer noopener\">p\u00f3s-gradua\u00e7\u00e3o<\/a> e <a href=\"https:\/\/pos.grancursosonline.com.br\/mba\" target=\"_blank\" rel=\"noreferrer noopener\">MBA<\/a>. Seja no digital ou em nosso <a href=\"https:\/\/presencial.grancursosonline.com.br\/\" target=\"_blank\" rel=\"noreferrer noopener\">Campus Presencial em Curitiba<\/a>, a nossa miss\u00e3o \u00e9 transformar a educa\u00e7\u00e3o superior.<\/p>\n\n\n\n<p>Como parte de Sistema Gran de Ensino, que \u00e9 reconhecido como marca aprovadora h\u00e1 mais de 10 anos, constru\u00edmos uma renomada reputa\u00e7\u00e3o na \u00e1rea de educa\u00e7\u00e3o.<\/p>\n\n\n\n<p>Veja algumas de nossas conquistas:<\/p>\n\n\n\n<ul class=\"wp-block-list\">\n<li>Reconhecido pela Amazon como um dos projetos mais relevantes do mundo na \u00e1rea de Tecnologia e Educa\u00e7\u00e3o;<\/li>\n\n\n\n<li>Foi eleito pelo Project Management Institute (PMI), um dos 50 Projetos Mais Influentes do mundo;<\/li>\n\n\n\n<li>Somos o site de educa\u00e7\u00e3o mais acessado do Brasil;<\/li>\n\n\n\n<li>Somos avaliados com a nota m\u00e1xima pelo MEC;<\/li>\n\n\n\n<li>Aqui o semestre come\u00e7a quando quiser: entrada imediata e cont\u00ednua!<\/li>\n\n\n\n<li>Melhores pre\u00e7os do mercado;<\/li>\n\n\n\n<li>Mais de 500 mil alunos pagantes e mais de 1000 funcion\u00e1rios;<\/li>\n\n\n\n<li>Diversas ferramentas de estudo: PDFs, audiobooks, mapas mentais, videoaulas, quest\u00f5es, gerenciador de estudos e muito mais!<\/li>\n\n\n\n<li>Professores experientes e capacitados;<\/li>\n\n\n\n<li>Acesso imediato e 100% online.<\/li>\n<\/ul>\n\n\n\n<p class=\"has-text-align-center has-text-align-center\"><strong><a href=\"https:\/\/faculdade.grancursosonline.com.br\/\" target=\"_blank\" rel=\"noreferrer noopener\">Quero ser aluno da Gran Faculdade!<\/a><\/strong><\/p>\n","protected":false},"excerpt":{"rendered":"<p>A p\u00f3s-gradua\u00e7\u00e3o em Direito \u00e9 uma especializa\u00e7\u00e3o muito necess\u00e1ria especialmente para quem quer seguir carreira jur\u00eddica nos concursos p\u00fablicos. Afinal, muito al\u00e9m de te ajudar na prova de t\u00edtulos, a p\u00f3s-gradua\u00e7\u00e3o em Direito poder\u00e1 te garantir sal\u00e1rios melhores, promo\u00e7\u00f5es, maior satisfa\u00e7\u00e3o e autoridade profissional dentro da carreira jur\u00eddica. Mas para quem j\u00e1 decidiu fazer a&hellip;<\/p>\n","protected":false},"author":486,"featured_media":79700954,"comment_status":"open","ping_status":"open","sticky":false,"template":"","format":"standard","meta":{"_acf_changed":false,"content-type":"","footnotes":""},"categories":[209229,2],"tags":[209248],"class_list":["post-79398804","post","type-post","status-publish","format-standard","has-post-thumbnail","hentry","category-pos-graduacao","category-ultimas-noticias","tag-pos-graduacao-gran-cursos"],"acf":[],"yoast_head":"<!-- This site is optimized with the Yoast SEO Premium plugin v27.2 (Yoast SEO v27.2) - https:\/\/yoast.com\/product\/yoast-seo-premium-wordpress\/ -->\n<title>P\u00f3s-gradua\u00e7\u00e3o em Direito e Concursos: como conciliar?<\/title>\n<meta name=\"description\" content=\"Ser\u00e1 que \u00e9 poss\u00edvel conciliar p\u00f3s-gradua\u00e7\u00e3o em Direito e concursos p\u00fablicos? Acompanhe e saiba mais!\" \/>\n<meta name=\"robots\" content=\"index, follow, max-snippet:-1, max-image-preview:large, max-video-preview:-1\" \/>\n<link rel=\"canonical\" href=\"https:\/\/faculdade.grancursosonline.com.br\/blog\/pos-graduacao-em-direito-e-concursos-como-conciliar\/\" \/>\n<meta property=\"og:locale\" content=\"pt_BR\" \/>\n<meta property=\"og:type\" content=\"article\" \/>\n<meta property=\"og:title\" content=\"P\u00f3s-gradua\u00e7\u00e3o em Direito e Concursos: como conciliar?\" \/>\n<meta property=\"og:description\" content=\"Ser\u00e1 que \u00e9 poss\u00edvel conciliar p\u00f3s-gradua\u00e7\u00e3o em Direito e concursos p\u00fablicos? Acompanhe e saiba mais!\" \/>\n<meta property=\"og:url\" content=\"https:\/\/faculdade.grancursosonline.com.br\/blog\/pos-graduacao-em-direito-e-concursos-como-conciliar\/\" \/>\n<meta property=\"og:site_name\" content=\"Blog Gran Faculdade\" \/>\n<meta property=\"article:publisher\" content=\"https:\/\/www.facebook.com\/grancursosonline\/\" \/>\n<meta property=\"article:published_time\" content=\"2024-02-19T20:58:28+00:00\" \/>\n<meta property=\"article:modified_time\" content=\"2024-02-21T16:39:01+00:00\" \/>\n<meta property=\"og:image\" content=\"https:\/\/blog-es-static.infra.grancursosonline.com.br\/wp-content\/uploads\/2024\/02\/21133522\/pos-direito-concursos.jpg\" \/>\n\t<meta property=\"og:image:width\" content=\"511\" \/>\n\t<meta property=\"og:image:height\" content=\"311\" \/>\n\t<meta property=\"og:image:type\" content=\"image\/jpeg\" \/>\n<meta name=\"author\" content=\"Equipe Gran\" \/>\n<meta name=\"twitter:card\" content=\"summary_large_image\" \/>\n<meta name=\"twitter:creator\" content=\"@gran_online\" \/>\n<meta name=\"twitter:site\" content=\"@gran_online\" \/>\n<meta name=\"twitter:label1\" content=\"Written by\" \/>\n\t<meta name=\"twitter:data1\" content=\"Equipe Gran\" \/>\n\t<meta name=\"twitter:label2\" content=\"Est. reading time\" \/>\n\t<meta name=\"twitter:data2\" content=\"8 minutos\" \/>\n<script type=\"application\/ld+json\" class=\"yoast-schema-graph\">{\"@context\":\"https:\/\/schema.org\",\"@graph\":[{\"@type\":\"NewsArticle\",\"@id\":\"https:\/\/faculdade.grancursosonline.com.br\/blog\/pos-graduacao-em-direito-e-concursos-como-conciliar\/#article\",\"isPartOf\":{\"@id\":\"https:\/\/faculdade.grancursosonline.com.br\/blog\/pos-graduacao-em-direito-e-concursos-como-conciliar\/\"},\"author\":{\"name\":\"Equipe Gran\",\"@id\":\"https:\/\/faculdade.grancursosonline.com.br\/blog\/#\/schema\/person\/c05f350f8ea43a7138aaffc6a87bc5e0\"},\"headline\":\"P\u00f3s-gradua\u00e7\u00e3o em Direito e Concursos: como conciliar?\",\"datePublished\":\"2024-02-19T20:58:28+00:00\",\"dateModified\":\"2024-02-21T16:39:01+00:00\",\"mainEntityOfPage\":{\"@id\":\"https:\/\/faculdade.grancursosonline.com.br\/blog\/pos-graduacao-em-direito-e-concursos-como-conciliar\/\"},\"wordCount\":1594,\"commentCount\":0,\"publisher\":{\"@id\":\"https:\/\/faculdade.grancursosonline.com.br\/blog\/#organization\"},\"image\":{\"@id\":\"https:\/\/faculdade.grancursosonline.com.br\/blog\/pos-graduacao-em-direito-e-concursos-como-conciliar\/#primaryimage\"},\"thumbnailUrl\":\"https:\/\/blog-es-static.infra.grancursosonline.com.br\/wp-content\/uploads\/2024\/02\/21133522\/pos-direito-concursos.jpg\",\"keywords\":[\"P\u00f3s-Gradua\u00e7\u00e3o Gran Cursos\"],\"articleSection\":[\"P\u00f3s-Gradua\u00e7\u00e3o Gran Faculdade\",\"\u00daltimas Not\u00edcias\"],\"inLanguage\":\"pt-BR\",\"potentialAction\":[{\"@type\":\"CommentAction\",\"name\":\"Comment\",\"target\":[\"https:\/\/faculdade.grancursosonline.com.br\/blog\/pos-graduacao-em-direito-e-concursos-como-conciliar\/#respond\"]}],\"copyrightYear\":\"2024\",\"copyrightHolder\":{\"@id\":\"https:\/\/faculdade.grancursosonline.com.br\/blog\/#organization\"}},{\"@type\":\"WebPage\",\"@id\":\"https:\/\/faculdade.grancursosonline.com.br\/blog\/pos-graduacao-em-direito-e-concursos-como-conciliar\/\",\"url\":\"https:\/\/faculdade.grancursosonline.com.br\/blog\/pos-graduacao-em-direito-e-concursos-como-conciliar\/\",\"name\":\"P\u00f3s-gradua\u00e7\u00e3o em Direito e Concursos: como conciliar?\",\"isPartOf\":{\"@id\":\"https:\/\/faculdade.grancursosonline.com.br\/blog\/#website\"},\"primaryImageOfPage\":{\"@id\":\"https:\/\/faculdade.grancursosonline.com.br\/blog\/pos-graduacao-em-direito-e-concursos-como-conciliar\/#primaryimage\"},\"image\":{\"@id\":\"https:\/\/faculdade.grancursosonline.com.br\/blog\/pos-graduacao-em-direito-e-concursos-como-conciliar\/#primaryimage\"},\"thumbnailUrl\":\"https:\/\/blog-es-static.infra.grancursosonline.com.br\/wp-content\/uploads\/2024\/02\/21133522\/pos-direito-concursos.jpg\",\"datePublished\":\"2024-02-19T20:58:28+00:00\",\"dateModified\":\"2024-02-21T16:39:01+00:00\",\"description\":\"Ser\u00e1 que \u00e9 poss\u00edvel conciliar p\u00f3s-gradua\u00e7\u00e3o em Direito e concursos p\u00fablicos? Acompanhe e saiba mais!\",\"breadcrumb\":{\"@id\":\"https:\/\/faculdade.grancursosonline.com.br\/blog\/pos-graduacao-em-direito-e-concursos-como-conciliar\/#breadcrumb\"},\"inLanguage\":\"pt-BR\",\"potentialAction\":[{\"@type\":\"ReadAction\",\"target\":[\"https:\/\/faculdade.grancursosonline.com.br\/blog\/pos-graduacao-em-direito-e-concursos-como-conciliar\/\"]}]},{\"@type\":\"ImageObject\",\"inLanguage\":\"pt-BR\",\"@id\":\"https:\/\/faculdade.grancursosonline.com.br\/blog\/pos-graduacao-em-direito-e-concursos-como-conciliar\/#primaryimage\",\"url\":\"https:\/\/blog-es-static.infra.grancursosonline.com.br\/wp-content\/uploads\/2024\/02\/21133522\/pos-direito-concursos.jpg\",\"contentUrl\":\"https:\/\/blog-es-static.infra.grancursosonline.com.br\/wp-content\/uploads\/2024\/02\/21133522\/pos-direito-concursos.jpg\",\"width\":511,\"height\":311,\"caption\":\"P\u00f3s-gradua\u00e7\u00e3o em Direito e Concursos\"},{\"@type\":\"BreadcrumbList\",\"@id\":\"https:\/\/faculdade.grancursosonline.com.br\/blog\/pos-graduacao-em-direito-e-concursos-como-conciliar\/#breadcrumb\",\"itemListElement\":[{\"@type\":\"ListItem\",\"position\":1,\"name\":\"In\u00edcio\",\"item\":\"https:\/\/faculdade.grancursosonline.com.br\/blog\/\"},{\"@type\":\"ListItem\",\"position\":2,\"name\":\"P\u00f3s-Gradua\u00e7\u00e3o Gran Faculdade\",\"item\":\"https:\/\/faculdade.grancursosonline.com.br\/blog\/pos-graduacao\/\"},{\"@type\":\"ListItem\",\"position\":3,\"name\":\"P\u00f3s-gradua\u00e7\u00e3o em Direito e Concursos: como conciliar?\"}]},{\"@type\":\"WebSite\",\"@id\":\"https:\/\/faculdade.grancursosonline.com.br\/blog\/#website\",\"url\":\"https:\/\/faculdade.grancursosonline.com.br\/blog\/\",\"name\":\"Blog Gran Faculdade\",\"description\":\"Tudo sobre ensino superior, p\u00f3s-gradua\u00e7\u00e3o, enem e carreira.\",\"publisher\":{\"@id\":\"https:\/\/faculdade.grancursosonline.com.br\/blog\/#organization\"},\"potentialAction\":[{\"@type\":\"SearchAction\",\"target\":{\"@type\":\"EntryPoint\",\"urlTemplate\":\"https:\/\/faculdade.grancursosonline.com.br\/blog\/?s={search_term_string}\"},\"query-input\":{\"@type\":\"PropertyValueSpecification\",\"valueRequired\":true,\"valueName\":\"search_term_string\"}}],\"inLanguage\":\"pt-BR\"},{\"@type\":\"Organization\",\"@id\":\"https:\/\/faculdade.grancursosonline.com.br\/blog\/#organization\",\"name\":\"Gran Cursos Online\",\"url\":\"https:\/\/faculdade.grancursosonline.com.br\/blog\/\",\"logo\":{\"@type\":\"ImageObject\",\"inLanguage\":\"pt-BR\",\"@id\":\"https:\/\/faculdade.grancursosonline.com.br\/blog\/#\/schema\/logo\/image\/\",\"url\":\"https:\/\/blog-es-static.infra.grancursosonline.com.br\/wp-content\/uploads\/2019\/08\/03123934\/logo.png\",\"contentUrl\":\"https:\/\/blog-es-static.infra.grancursosonline.com.br\/wp-content\/uploads\/2019\/08\/03123934\/logo.png\",\"width\":300,\"height\":57,\"caption\":\"Gran Cursos Online\"},\"image\":{\"@id\":\"https:\/\/faculdade.grancursosonline.com.br\/blog\/#\/schema\/logo\/image\/\"},\"sameAs\":[\"https:\/\/www.facebook.com\/grancursosonline\/\",\"https:\/\/x.com\/gran_online\",\"https:\/\/www.instagram.com\/grancursosonline\/\",\"https:\/\/www.youtube.com\/user\/grancursostv\"]},{\"@type\":\"Person\",\"@id\":\"https:\/\/faculdade.grancursosonline.com.br\/blog\/#\/schema\/person\/c05f350f8ea43a7138aaffc6a87bc5e0\",\"name\":\"Equipe Gran\",\"sameAs\":[\"http:\/\/www.grancursosonline.com.br\"],\"url\":\"https:\/\/faculdade.grancursosonline.com.br\/blog\/author\/hugo-oliveira\/\"}]}<\/script>\n<!-- \/ Yoast SEO Premium plugin. -->","yoast_head_json":{"title":"P\u00f3s-gradua\u00e7\u00e3o em Direito e Concursos: como conciliar?","description":"Ser\u00e1 que \u00e9 poss\u00edvel conciliar p\u00f3s-gradua\u00e7\u00e3o em Direito e concursos p\u00fablicos? Acompanhe e saiba mais!","robots":{"index":"index","follow":"follow","max-snippet":"max-snippet:-1","max-image-preview":"max-image-preview:large","max-video-preview":"max-video-preview:-1"},"canonical":"https:\/\/faculdade.grancursosonline.com.br\/blog\/pos-graduacao-em-direito-e-concursos-como-conciliar\/","og_locale":"pt_BR","og_type":"article","og_title":"P\u00f3s-gradua\u00e7\u00e3o em Direito e Concursos: como conciliar?","og_description":"Ser\u00e1 que \u00e9 poss\u00edvel conciliar p\u00f3s-gradua\u00e7\u00e3o em Direito e concursos p\u00fablicos? Acompanhe e saiba mais!","og_url":"https:\/\/faculdade.grancursosonline.com.br\/blog\/pos-graduacao-em-direito-e-concursos-como-conciliar\/","og_site_name":"Blog Gran Faculdade","article_publisher":"https:\/\/www.facebook.com\/grancursosonline\/","article_published_time":"2024-02-19T20:58:28+00:00","article_modified_time":"2024-02-21T16:39:01+00:00","og_image":[{"width":511,"height":311,"url":"https:\/\/blog-es-static.infra.grancursosonline.com.br\/wp-content\/uploads\/2024\/02\/21133522\/pos-direito-concursos.jpg","type":"image\/jpeg"}],"author":"Equipe Gran","twitter_card":"summary_large_image","twitter_creator":"@gran_online","twitter_site":"@gran_online","twitter_misc":{"Written by":"Equipe Gran","Est. reading time":"8 minutos"},"schema":{"@context":"https:\/\/schema.org","@graph":[{"@type":"NewsArticle","@id":"https:\/\/faculdade.grancursosonline.com.br\/blog\/pos-graduacao-em-direito-e-concursos-como-conciliar\/#article","isPartOf":{"@id":"https:\/\/faculdade.grancursosonline.com.br\/blog\/pos-graduacao-em-direito-e-concursos-como-conciliar\/"},"author":{"name":"Equipe Gran","@id":"https:\/\/faculdade.grancursosonline.com.br\/blog\/#\/schema\/person\/c05f350f8ea43a7138aaffc6a87bc5e0"},"headline":"P\u00f3s-gradua\u00e7\u00e3o em Direito e Concursos: como conciliar?","datePublished":"2024-02-19T20:58:28+00:00","dateModified":"2024-02-21T16:39:01+00:00","mainEntityOfPage":{"@id":"https:\/\/faculdade.grancursosonline.com.br\/blog\/pos-graduacao-em-direito-e-concursos-como-conciliar\/"},"wordCount":1594,"commentCount":0,"publisher":{"@id":"https:\/\/faculdade.grancursosonline.com.br\/blog\/#organization"},"image":{"@id":"https:\/\/faculdade.grancursosonline.com.br\/blog\/pos-graduacao-em-direito-e-concursos-como-conciliar\/#primaryimage"},"thumbnailUrl":"https:\/\/blog-es-static.infra.grancursosonline.com.br\/wp-content\/uploads\/2024\/02\/21133522\/pos-direito-concursos.jpg","keywords":["P\u00f3s-Gradua\u00e7\u00e3o Gran Cursos"],"articleSection":["P\u00f3s-Gradua\u00e7\u00e3o Gran Faculdade","\u00daltimas Not\u00edcias"],"inLanguage":"pt-BR","potentialAction":[{"@type":"CommentAction","name":"Comment","target":["https:\/\/faculdade.grancursosonline.com.br\/blog\/pos-graduacao-em-direito-e-concursos-como-conciliar\/#respond"]}],"copyrightYear":"2024","copyrightHolder":{"@id":"https:\/\/faculdade.grancursosonline.com.br\/blog\/#organization"}},{"@type":"WebPage","@id":"https:\/\/faculdade.grancursosonline.com.br\/blog\/pos-graduacao-em-direito-e-concursos-como-conciliar\/","url":"https:\/\/faculdade.grancursosonline.com.br\/blog\/pos-graduacao-em-direito-e-concursos-como-conciliar\/","name":"P\u00f3s-gradua\u00e7\u00e3o em Direito e Concursos: como conciliar?","isPartOf":{"@id":"https:\/\/faculdade.grancursosonline.com.br\/blog\/#website"},"primaryImageOfPage":{"@id":"https:\/\/faculdade.grancursosonline.com.br\/blog\/pos-graduacao-em-direito-e-concursos-como-conciliar\/#primaryimage"},"image":{"@id":"https:\/\/faculdade.grancursosonline.com.br\/blog\/pos-graduacao-em-direito-e-concursos-como-conciliar\/#primaryimage"},"thumbnailUrl":"https:\/\/blog-es-static.infra.grancursosonline.com.br\/wp-content\/uploads\/2024\/02\/21133522\/pos-direito-concursos.jpg","datePublished":"2024-02-19T20:58:28+00:00","dateModified":"2024-02-21T16:39:01+00:00","description":"Ser\u00e1 que \u00e9 poss\u00edvel conciliar p\u00f3s-gradua\u00e7\u00e3o em Direito e concursos p\u00fablicos? Acompanhe e saiba mais!","breadcrumb":{"@id":"https:\/\/faculdade.grancursosonline.com.br\/blog\/pos-graduacao-em-direito-e-concursos-como-conciliar\/#breadcrumb"},"inLanguage":"pt-BR","potentialAction":[{"@type":"ReadAction","target":["https:\/\/faculdade.grancursosonline.com.br\/blog\/pos-graduacao-em-direito-e-concursos-como-conciliar\/"]}]},{"@type":"ImageObject","inLanguage":"pt-BR","@id":"https:\/\/faculdade.grancursosonline.com.br\/blog\/pos-graduacao-em-direito-e-concursos-como-conciliar\/#primaryimage","url":"https:\/\/blog-es-static.infra.grancursosonline.com.br\/wp-content\/uploads\/2024\/02\/21133522\/pos-direito-concursos.jpg","contentUrl":"https:\/\/blog-es-static.infra.grancursosonline.com.br\/wp-content\/uploads\/2024\/02\/21133522\/pos-direito-concursos.jpg","width":511,"height":311,"caption":"P\u00f3s-gradua\u00e7\u00e3o em Direito e Concursos"},{"@type":"BreadcrumbList","@id":"https:\/\/faculdade.grancursosonline.com.br\/blog\/pos-graduacao-em-direito-e-concursos-como-conciliar\/#breadcrumb","itemListElement":[{"@type":"ListItem","position":1,"name":"In\u00edcio","item":"https:\/\/faculdade.grancursosonline.com.br\/blog\/"},{"@type":"ListItem","position":2,"name":"P\u00f3s-Gradua\u00e7\u00e3o Gran Faculdade","item":"https:\/\/faculdade.grancursosonline.com.br\/blog\/pos-graduacao\/"},{"@type":"ListItem","position":3,"name":"P\u00f3s-gradua\u00e7\u00e3o em Direito e Concursos: como conciliar?"}]},{"@type":"WebSite","@id":"https:\/\/faculdade.grancursosonline.com.br\/blog\/#website","url":"https:\/\/faculdade.grancursosonline.com.br\/blog\/","name":"Blog Gran Faculdade","description":"Tudo sobre ensino superior, p\u00f3s-gradua\u00e7\u00e3o, enem e carreira.","publisher":{"@id":"https:\/\/faculdade.grancursosonline.com.br\/blog\/#organization"},"potentialAction":[{"@type":"SearchAction","target":{"@type":"EntryPoint","urlTemplate":"https:\/\/faculdade.grancursosonline.com.br\/blog\/?s={search_term_string}"},"query-input":{"@type":"PropertyValueSpecification","valueRequired":true,"valueName":"search_term_string"}}],"inLanguage":"pt-BR"},{"@type":"Organization","@id":"https:\/\/faculdade.grancursosonline.com.br\/blog\/#organization","name":"Gran Cursos Online","url":"https:\/\/faculdade.grancursosonline.com.br\/blog\/","logo":{"@type":"ImageObject","inLanguage":"pt-BR","@id":"https:\/\/faculdade.grancursosonline.com.br\/blog\/#\/schema\/logo\/image\/","url":"https:\/\/blog-es-static.infra.grancursosonline.com.br\/wp-content\/uploads\/2019\/08\/03123934\/logo.png","contentUrl":"https:\/\/blog-es-static.infra.grancursosonline.com.br\/wp-content\/uploads\/2019\/08\/03123934\/logo.png","width":300,"height":57,"caption":"Gran Cursos Online"},"image":{"@id":"https:\/\/faculdade.grancursosonline.com.br\/blog\/#\/schema\/logo\/image\/"},"sameAs":["https:\/\/www.facebook.com\/grancursosonline\/","https:\/\/x.com\/gran_online","https:\/\/www.instagram.com\/grancursosonline\/","https:\/\/www.youtube.com\/user\/grancursostv"]},{"@type":"Person","@id":"https:\/\/faculdade.grancursosonline.com.br\/blog\/#\/schema\/person\/c05f350f8ea43a7138aaffc6a87bc5e0","name":"Equipe Gran","sameAs":["http:\/\/www.grancursosonline.com.br"],"url":"https:\/\/faculdade.grancursosonline.com.br\/blog\/author\/hugo-oliveira\/"}]}},"_links":{"self":[{"href":"https:\/\/faculdade.grancursosonline.com.br\/blog\/wp-json\/wp\/v2\/posts\/79398804","targetHints":{"allow":["GET"]}}],"collection":[{"href":"https:\/\/faculdade.grancursosonline.com.br\/blog\/wp-json\/wp\/v2\/posts"}],"about":[{"href":"https:\/\/faculdade.grancursosonline.com.br\/blog\/wp-json\/wp\/v2\/types\/post"}],"author":[{"embeddable":true,"href":"https:\/\/faculdade.grancursosonline.com.br\/blog\/wp-json\/wp\/v2\/users\/486"}],"replies":[{"embeddable":true,"href":"https:\/\/faculdade.grancursosonline.com.br\/blog\/wp-json\/wp\/v2\/comments?post=79398804"}],"version-history":[{"count":4,"href":"https:\/\/faculdade.grancursosonline.com.br\/blog\/wp-json\/wp\/v2\/posts\/79398804\/revisions"}],"predecessor-version":[{"id":79700959,"href":"https:\/\/faculdade.grancursosonline.com.br\/blog\/wp-json\/wp\/v2\/posts\/79398804\/revisions\/79700959"}],"wp:featuredmedia":[{"embeddable":true,"href":"https:\/\/faculdade.grancursosonline.com.br\/blog\/wp-json\/wp\/v2\/media\/79700954"}],"wp:attachment":[{"href":"https:\/\/faculdade.grancursosonline.com.br\/blog\/wp-json\/wp\/v2\/media?parent=79398804"}],"wp:term":[{"taxonomy":"category","embeddable":true,"href":"https:\/\/faculdade.grancursosonline.com.br\/blog\/wp-json\/wp\/v2\/categories?post=79398804"},{"taxonomy":"post_tag","embeddable":true,"href":"https:\/\/faculdade.grancursosonline.com.br\/blog\/wp-json\/wp\/v2\/tags?post=79398804"}],"curies":[{"name":"wp","href":"https:\/\/api.w.org\/{rel}","templated":true}]}}