{"id":79421047,"date":"2024-10-18T14:34:15","date_gmt":"2024-10-18T17:34:15","guid":{"rendered":"https:\/\/blog.grancursosonline.com.br\/?p=79421047"},"modified":"2024-10-18T14:43:43","modified_gmt":"2024-10-18T17:43:43","slug":"pos-graduacao-conta-como-atividade-juridica","status":"publish","type":"post","link":"https:\/\/faculdade.grancursosonline.com.br\/blog\/pos-graduacao-conta-como-atividade-juridica\/","title":{"rendered":"P\u00f3s-gradua\u00e7\u00e3o conta como atividade jur\u00eddica? Saiba mais!"},"content":{"rendered":"\n<p>Se voc\u00ea est\u00e1 precisando comprovar pr\u00e1tica jur\u00eddica para algum cargo, saber se p\u00f3s-gradua\u00e7\u00e3o conta como atividade jur\u00eddica pode te ajudar!<\/p>\n\n\n\n<div class=\"wp-block-columns is-layout-flex wp-container-core-columns-is-layout-9d6595d7 wp-block-columns-is-layout-flex\">\n<div class=\"wp-block-column is-layout-flow wp-block-column-is-layout-flow\" style=\"flex-basis:100%\"><div class=\"wp-block-image\">\n<figure class=\"aligncenter size-full\"><a href=\"https:\/\/whatsapp.com\/channel\/0029VaG1sChI7Be7PNndhL43\" target=\"_blank\" rel=\"noopener\"><img decoding=\"async\" src=\"https:\/\/blog-es-static.infra.grancursosonline.com.br\/wp-content\/uploads\/2025\/09\/09112354\/banner-wp-600x142-80.webp\" alt=\"Acesse o canal do WhatsApp da Gran Faculdade\" class=\"wp-image-79751904\"\/><\/a><\/figure>\n<\/div><\/div>\n<\/div>\n\n\n\n<p>Por isso, no texto a seguir voc\u00ea vai entender o que \u00e9 pr\u00e1tica jur\u00eddica e outras quest\u00f5es essenciais para esse momento. Ent\u00e3o, vamos l\u00e1! Se preferir, navegue pelo \u00edndice abaixo:<\/p>\n\n\n\n<ul class=\"wp-block-list\">\n<li><a href=\"#o-que\">O que \u00e9 atividade jur\u00eddica?<\/a><\/li>\n\n\n\n<li><a href=\"#carreiras\">Quais carreiras exigem atividade jur\u00eddica?<\/a><\/li>\n\n\n\n<li><a href=\"#comprovar\">Como comprovar atividade jur\u00eddica?<\/a><\/li>\n\n\n\n<li><a href=\"#contar\">O que pode contar como atividade jur\u00eddica?<\/a><\/li>\n\n\n\n<li><a href=\"#pos\">Curso de p\u00f3s-gradua\u00e7\u00e3o conta como atividade jur\u00eddica?<\/a><\/li>\n\n\n\n<li><a href=\"#estagio\">Est\u00e1gio de gradua\u00e7\u00e3o conta como atividade jur\u00eddica?<\/a><\/li>\n\n\n\n<li><a href=\"#estagio-pos\">Est\u00e1gio de p\u00f3s-gradua\u00e7\u00e3o conta como atividade jur\u00eddica?<\/a><\/li>\n\n\n\n<li><a href=\"#advogar\">Quem faz est\u00e1gio de p\u00f3s-gradua\u00e7\u00e3o pode advogar?<\/a><\/li>\n\n\n\n<li><a href=\"#oab\">Quem n\u00e3o tem OAB pode fazer p\u00f3s-gradua\u00e7\u00e3o?<\/a><\/li>\n\n\n\n<li><a href=\"#gran\">Gradua\u00e7\u00e3o e p\u00f3s-gradua\u00e7\u00e3o EAD da Gran Faculdade: como pode ajudar na atividade jur\u00eddica?<\/a><\/li>\n<\/ul>\n\n\n<div class=\"container-tabela\"><table border=\"1\" bgcolor=\"aliceblue\">\n<tbody>\n<tr>\n<td><strong>Destaques:<\/strong>\n<ul>\n<li><a href=\"https:\/\/blog.grancursosonline.com.br\/pratica-juridica-e-concursos-publicos-importancia\/\" target=\"_blank\" rel=\"noopener\">Pr\u00e1tica Jur\u00eddica e concursos p\u00fablicos: saiba a import\u00e2ncia!<\/a><\/li>\n<li><a href=\"https:\/\/blog.grancursosonline.com.br\/gran-cursos-pos-graduacao-escolha-por-cargo\/\" target=\"_blank\" rel=\"noopener\">Gran Cursos P\u00f3s-Gradua\u00e7\u00e3o: escolha sua p\u00f3s por cargo!<\/a><\/li>\n<li><a href=\"https:\/\/blog.grancursosonline.com.br\/por-que-fazer-uma-pos-graduacao-8-razoes-para-comecar\/\" target=\"_blank\" rel=\"noopener\">Por que fazer uma p\u00f3s-gradua\u00e7\u00e3o? 11 raz\u00f5es para come\u00e7ar a sua!<\/a><\/li>\n<\/ul>\n<\/td>\n<\/tr>\n<\/tbody>\n<\/table><\/div>\n\n\n<h2 class=\"wp-block-heading\" id=\"h-guia-da-carreira-juridica-conheca-todas-as-oportunidades-na-area\">Guia da Carreira Jur\u00eddica: conhe\u00e7a TODAS as oportunidades na \u00e1rea!<\/h2>\n\n\n\n<p>A carreira jur\u00eddica \u00e9 fundamental para a manuten\u00e7\u00e3o da ordem e da justi\u00e7a na sociedade, assegurando que as leis sejam aplicadas de maneira eficaz e equitativa, protegendo direitos individuais e resolvendo conflitos. <\/p>\n\n\n\n<p>Desse modo, o setor n\u00e3o \u00e9 apenas uma oportunidade de crescimento profissional, mas tamb\u00e9m um compromisso com a \u00e9tica, a justi\u00e7a, o servi\u00e7o p\u00fablico e os cidad\u00e3os. <\/p>\n\n\n\n<p>Neste guia, exploraremos o que \u00e9 a \u00e1rea Jur\u00eddica, as raz\u00f5es para seguir uma carreira neste campo, as principais carreira para atua\u00e7\u00e3o e os primeiros passos para come\u00e7ar a sua jornada:<\/p>\n\n\n\n<script charset=\"utf-8\" type=\"text\/javascript\" src=\"\/\/js.hsforms.net\/forms\/embed\/v2.js\"><\/script>\n<script>\n  hbspt.forms.create({\n    region: \"na1\",\n    portalId: \"302036\",\n    formId: \"beba25ff-9c07-4d74-952b-42234f4d6d20\"\n  });\n<\/script>\n\n\n\n<h2 class=\"wp-block-heading\" id=\"o-que\">O que \u00e9 atividade jur\u00eddica?<\/h2>\n\n\n\n<p>Pr\u00e1tica ou atividade jur\u00eddica \u00e9 uma exig\u00eancia para concursos p\u00fablicos nas \u00e1reas jur\u00eddicas para que candidatos comprovem atua\u00e7\u00e3o\/conhecimento na \u00e1rea.<\/p>\n\n\n\n<p>A pr\u00e1tica jur\u00eddica \u00e9 considerada de diferentes maneiras, dependendo do concurso e cargo do certame. Por isso, a seguir vamos entender melhor quais atividades contam como pr\u00e1tica jur\u00eddica e se a p\u00f3s-gradua\u00e7\u00e3o conta como atividade jur\u00eddica para algum cargo.<\/p>\n\n\n\n<p>No v\u00eddeo abaixo, o professor Aragon\u00ea Fernandes traz algumas breves explica\u00e7\u00f5es sobre atividade jur\u00eddica tamb\u00e9m:<\/p>\n\n\n\n<p><div class=\"video-container\"><iframe loading=\"lazy\" loading=\"lazy\" title=\"YouTube video player\" src=\"https:\/\/www.youtube.com\/embed\/2R3VQPpWPRc?si=wwUBh3lckvNFG4GO\" width=\"560\" height=\"315\" frameborder=\"0\" allowfullscreen=\"allowfullscreen\"><\/iframe><\/div><\/p>\n\n\n\n<h2 class=\"wp-block-heading\" id=\"carreiras\">Quais carreiras exigem atividade jur\u00eddica?<\/h2>\n\n\n\n<p>Antes de falarmos sobre a p\u00f3s e atividade jur\u00eddica, voc\u00ea sabe quais s\u00e3o as carreiras que geralmente fazem exig\u00eancia de atividade jur\u00eddica? De forma bem simplificada, s\u00e3o elas:<\/p>\n\n\n\n<ul class=\"wp-block-list\">\n<li>Magistratura;<\/li>\n\n\n\n<li>Promotoria;<\/li>\n\n\n\n<li>Procuradoria;<\/li>\n\n\n\n<li>Defensoria;<\/li>\n\n\n\n<li>Jur\u00eddico-Criminal, especificamente no cargo de <a href=\"https:\/\/faculdade.grancursosonline.com.br\/blog\/delegado-o-que-faz-e-passos-para-chegar-ao-cargo\/\" target=\"_blank\" rel=\"noreferrer noopener\">Delegado<\/a>.<\/li>\n<\/ul>\n\n\n\n<p>A obrigatoriedade de comprovar a atividade jur\u00eddica vem apoiada pela Emenda Constitucional 45, que definiu como 3 anos o tempo m\u00ednimo de pr\u00e1tica para que profissionais que desejam ser nomeados para cargos de Magistratura e os classificados como membros do Minist\u00e9rio P\u00fablico.<\/p>\n\n\n\n<p>Mas e no caso dos Delegados e outras, por exemplo? Bem, essa foi uma incorpora\u00e7\u00e3o que aconteceu com o tempo, pelas pr\u00f3prias corpora\u00e7\u00f5es.<\/p>\n\n\n\n<p>Por essa raz\u00e3o, com exce\u00e7\u00e3o do Delegado Federal, voc\u00ea poder\u00e1 encontrar varia\u00e7\u00f5es referentes \u00e0 maneira como a atividade jur\u00eddica \u00e9 requerida, a depender do estado, do cargo e da institui\u00e7\u00e3o.<\/p>\n\n\n\n<h2 class=\"wp-block-heading\" id=\"comprovar\">Como comprovar atividade jur\u00eddica?<\/h2>\n\n\n\n<p>Para comprovar atividade jur\u00eddica, \u00e9 essencial apresentar documentos que comprovem a pr\u00e1tica regular da advocacia ou fun\u00e7\u00f5es jur\u00eddicas correlatas. Isso inclui certid\u00f5es de processos em que o profissional atuou, al\u00e9m de declara\u00e7\u00f5es ou certid\u00f5es emitidas pelos \u00f3rg\u00e3os de atua\u00e7\u00e3o para valida\u00e7\u00e3o.<\/p>\n\n\n\n<p>\u00c9 importante estar atento \u00e0s especificidades exigidas por cada concurso ou \u00f3rg\u00e3o regulador, garantindo que todos os documentos estejam atualizados e em conformidade com as regras de considera\u00e7\u00e3o.<\/p>\n\n\n\n<h2 class=\"wp-block-heading\" id=\"contar\">O que pode contar como atividade jur\u00eddica?<\/h2>\n\n\n\n<p>Antes de falarmos especificamente dos casos em que a p\u00f3s-gradua\u00e7\u00e3o conta como atividade jur\u00eddica, \u00e9 importante esclarecer o que \u00e9 considerado como v\u00e1lido nessa categoria.<\/p>\n\n\n\n<p>De acordo com o artigo 59 da resolu\u00e7\u00e3o 75 do Conselho Nacional de Justi\u00e7a (CNJ) , alguns crit\u00e9rios foram estabelecidos para regulamentar o que se classifica como pr\u00e1tica jur\u00eddica:<\/p>\n\n\n\n<ul class=\"wp-block-list\">\n<li>Atividades que s\u00f3 podem ser exercidas por bachar\u00e9is em Direito, por exemplo: exerc\u00edcio da advocacia e cargos p\u00fablicos que exijam a forma\u00e7\u00e3o em Direito para nomea\u00e7\u00e3o;<\/li>\n\n\n\n<li>Exerc\u00edcio da advocacia: Participa\u00e7\u00e3o anual m\u00ednima em 5 atos privativos de advogados (causas ou quest\u00f5es distintas);<\/li>\n\n\n\n<li>Exercer cargos, empregos e fun\u00e7\u00f5es que exigem o uso preponderante de conhecimento jur\u00eddico (incluindo o magist\u00e9rio, ou seja, dar aulas de Direito);<\/li>\n\n\n\n<li>Apresentar Certid\u00e3o Circunstanciada;<\/li>\n\n\n\n<li>Pr\u00e1tica de media\u00e7\u00e3o ou arbitragem;<\/li>\n\n\n\n<li>Exercer a fun\u00e7\u00e3o de conciliador no poder judici\u00e1rio por no m\u00ednimo 16 horas mensais durante um ano.<\/li>\n<\/ul>\n\n\n\n<p>Isso se aplica especialmente para os cargos regulamentados pela emenda constitucional de 2004. Ou seja, via de regra, magistraturas e cargos de membros do Minist\u00e9rio P\u00fablico.<\/p>\n\n\n\n<p>Ao se pautar apenas por essa legisla\u00e7\u00e3o, a p\u00f3s-gradua\u00e7\u00e3o n\u00e3o seria uma op\u00e7\u00e3o eleg\u00edvel para atividade jur\u00eddica. Por\u00e9m, com a Resolu\u00e7\u00e3o n\u00b0 40 de 20 de maio de 2009 institu\u00edda pelo Conselho Nacional do Minist\u00e9rio P\u00fablico, a p\u00f3s-gradua\u00e7\u00e3o passou a contar como atividade jur\u00eddica para os cargos do Minist\u00e9rio P\u00fablico. E outros editais e corpora\u00e7\u00f5es tamb\u00e9m passaram a aceitar o curso, como veremos a seguir.<\/p>\n\n\n\n<h2 class=\"wp-block-heading\" id=\"pos\">Curso de p\u00f3s-gradua\u00e7\u00e3o conta como atividade jur\u00eddica?<\/h2>\n\n\n\n<p>Sim, curso de p\u00f3s-gradua\u00e7\u00e3o conta como atividade jur\u00eddica para alguns cargos, corpora\u00e7\u00f5es e editais. De acordo com o seguinte artigo:<\/p>\n\n\n\n<blockquote class=\"wp-block-quote is-layout-flow wp-block-quote-is-layout-flow\">\n<p><em>&#8220;Tamb\u00e9m ser\u00e3o considerados atividade jur\u00eddica, desde que integralmente conclu\u00eddos com aprova\u00e7\u00e3o, os cursos de p\u00f3s-gradua\u00e7\u00e3o em Direito ministrados pelas Escolas do Minist\u00e9rio P\u00fablico, da Magistratura e da Ordem dos Advogados do Brasil, bem como os cursos de p\u00f3s-gradua\u00e7\u00e3o reconhecidos, autorizados ou supervisionados pelo Minist\u00e9rio da Educa\u00e7\u00e3o ou pelo \u00f3rg\u00e3o competente&#8221;.<\/em><\/p>\n<\/blockquote>\n\n\n\n<p>Assim, a p\u00f3s pode te ajudar nas carreiras de promotor e procurador, por exemplo. Nos casos de Delegado, vai depender da esfera de atua\u00e7\u00e3o e do edital.<\/p>\n\n\n\n<p>Por isso, a recomenda\u00e7\u00e3o geral \u00e9 sempre checar as especifica\u00e7\u00f5es de cada sele\u00e7\u00e3o, especialmente se forem de \u00e2mbito local\/estadual, pois variam mais do que na esfera federal.<\/p>\n\n\n\n<h3 class=\"wp-block-heading\" id=\"h-quanto-equivale-uma-pos-graduacao-em-anos-de-atividade-juridica\">Quanto equivale uma p\u00f3s-gradua\u00e7\u00e3o em anos de atividade jur\u00eddica?<\/h3>\n\n\n\n<p>A resolu\u00e7\u00e3o n\u00b0 40 de 20 de maio de 2009, define os seguintes tempos para p\u00f3s-gradua\u00e7\u00e3o como atividade jur\u00eddica:<\/p>\n\n\n\n<ul class=\"wp-block-list\">\n<li>1 ano para p\u00f3s-gradua\u00e7\u00e3o lato-sensu (especializa\u00e7\u00e3o ou <a href=\"https:\/\/faculdade.grancursosonline.com.br\/blog\/mba-master-business-administration\/\" target=\"_blank\" rel=\"noreferrer noopener\">MBA<\/a>);<\/li>\n\n\n\n<li>2 anos para p\u00f3s-gradua\u00e7\u00e3o stricto-sensu do tipo Mestrado;<\/li>\n\n\n\n<li>3 anos para p\u00f3s-gradua\u00e7\u00e3o stricto-sensu do tipo Doutorado.<\/li>\n<\/ul>\n\n\n\n<h2 class=\"wp-block-heading\" id=\"estagio\">Est\u00e1gio de gradua\u00e7\u00e3o conta como atividade jur\u00eddica?<\/h2>\n\n\n\n<p>O est\u00e1gio durante a gradua\u00e7\u00e3o s\u00f3 \u00e9 considerado e contabilizado como pr\u00e1tica jur\u00eddica para os cargos de Advogado Geral da Uni\u00e3o e de Defensoria P\u00fablica. Nos outros casos, a contabiliza\u00e7\u00e3o come\u00e7a a ser feita apenas ap\u00f3s a conclus\u00e3o da <a href=\"https:\/\/blog.grancursosonline.com.br\/faculdade-direito-gran\/\" target=\"_blank\" rel=\"noopener\">faculdade de Direito<\/a>.<\/p>\n\n\n\n<h2 class=\"wp-block-heading\" id=\"estagio-pos\">Est\u00e1gio de p\u00f3s-gradua\u00e7\u00e3o conta como atividade jur\u00eddica?<\/h2>\n\n\n\n<p>Sim, desde que seja na \u00e1rea do Direito. O est\u00e1gio \u00e9 uma quest\u00e3o pol\u00eamica quando o assunto \u00e9 atividade jur\u00eddica, j\u00e1 que para alguns cargos (Advogado Geral da Uni\u00e3o e Defensoria P\u00fablica), ele pode ser contabilizado quando \u00e9 realizado durante a gradua\u00e7\u00e3o.<\/p>\n\n\n\n<p>Nos demais casos, contudo, a atividade jur\u00eddica s\u00f3 \u00e9 considerada ap\u00f3s a conclus\u00e3o do curso de ensino superior. Assim, o est\u00e1gio durante a p\u00f3s-gradua\u00e7\u00e3o pode ser uma excelente ideia para quitar o tempo de pr\u00e1tica jur\u00eddica enquanto se especializa e se prepara para melhores oportunidades profissionais.<\/p>\n\n\n\n<h2 class=\"wp-block-heading\" id=\"advogar\">Quem faz est\u00e1gio de p\u00f3s-gradua\u00e7\u00e3o pode advogar?<\/h2>\n\n\n\n<p>Para poder advogar, a pessoa precisa ter conclu\u00eddo o curso de bacharelado em Direito e conquistar aprova\u00e7\u00e3o no Exame da Ordem dos Advogados do Brasil (OAB), mas n\u00e3o \u00e9 preciso ter p\u00f3s-gradua\u00e7\u00e3o para advogar.<\/p>\n\n\n\n<p>O que acontece \u00e9 que a p\u00f3s-gradua\u00e7\u00e3o pode ajudar os advogados a se especializarem em \u00e1reas mais espec\u00edficas do Direito, conseguindo advogar melhor na \u00e1rea.<\/p>\n\n\n\n<p>Est\u00e1gio n\u00e3o \u00e9 um v\u00ednculo empregat\u00edcio, mas de aprendizagem. Por isso, n\u00e3o \u00e9 poss\u00edvel advogar como estagi\u00e1rio, mas exercer as atividades de forma paralela sim.<\/p>\n\n\n\n<h2 class=\"wp-block-heading\" id=\"oab\">Quem n\u00e3o tem OAB pode fazer p\u00f3s-gradua\u00e7\u00e3o?<\/h2>\n\n\n\n<p>Sim, quem n\u00e3o tem OAB pode fazer p\u00f3s-gradua\u00e7\u00e3o e se especializar enquanto estuda para o Exame da Ordem. Assim, caso queira advogar na \u00e1rea da especializa\u00e7\u00e3o, voc\u00ea poder\u00e1 otimizar o tempo, concluindo a p\u00f3s e garantindo sua aprova\u00e7\u00e3o na OAB ao mesmo tempo.<\/p>\n\n\n\n<h2 class=\"wp-block-heading\" id=\"gran\">Gradua\u00e7\u00e3o e p\u00f3s-gradua\u00e7\u00e3o EAD da Gran Faculdade: como pode ajudar na atividade jur\u00eddica?<\/h2>\n\n\n\n<p>Agora que voc\u00ea j\u00e1 sabe que para alguns cargos a p\u00f3s-gradua\u00e7\u00e3o conta como atividade jur\u00eddica, que tal conquistar a sua? Al\u00e9m de poder contar como pr\u00e1tica jur\u00eddica, uma p\u00f3s-gradua\u00e7\u00e3o da Gran Faculdade pode te ajudar a:<\/p>\n\n\n\n<ul class=\"wp-block-list\">\n<li>Ter pontua\u00e7\u00e3o adicional em concursos p\u00fablicos na <a href=\"https:\/\/blog.grancursosonline.com.br\/concursos-abertos\/\" target=\"_blank\" rel=\"noopener\">prova de t\u00edtulos<\/a>;<\/li>\n\n\n\n<li>Garantir adicional de qualifica\u00e7\u00e3o na sua remunera\u00e7\u00e3o em cargos p\u00fablicos;<\/li>\n\n\n\n<li>Otimizar seus estudos para concurso, enquanto se especializa em uma \u00e1rea de atua\u00e7\u00e3o;<\/li>\n\n\n\n<li>Destacar seu curr\u00edculo e se tornar refer\u00eancia em uma \u00e1rea;<\/li>\n\n\n\n<li>Conquistar melhores oportunidades profissionais na esfera p\u00fablica ou privada;<\/li>\n\n\n\n<li>Conhecer e se conectar com outros profissionais na \u00e1rea, o que pode trazer diversos benef\u00edcios para sua carreira.<\/li>\n<\/ul>\n\n\n\n<p>Al\u00e9m disso, todos os cursos de p\u00f3s-gradua\u00e7\u00e3o da Gran Faculdade s\u00e3o reconhecidos pelo <a href=\"https:\/\/blog.grancursosonline.com.br\/mec-ministerio-educacao\/\" target=\"_blank\" rel=\"noopener\">MEC<\/a>, v\u00e1lidos em todo territ\u00f3rio brasileiro e podem ser conclu\u00eddos no prazo de 6 a 18 meses!<\/p>\n\n\n\n<p>Aqui, voc\u00ea decide quando acessar os conte\u00fados e realizar as avalia\u00e7\u00f5es e a realiza\u00e7\u00e3o do Trabalho de Conclus\u00e3o de Curso (TCC) \u00e9 opcional, possibilitando mais flexibilidade na sua rotina.<\/p>\n\n\n\n<h2 class=\"wp-block-heading\" id=\"h-vem-para-a-gran-faculdade\">Vem para a Gran Faculdade!<\/h2>\n\n\n\n<p>A <a href=\"https:\/\/faculdade.grancursosonline.com.br\/\" target=\"_blank\" rel=\"noopener\">Gran Faculdade<\/a> conta com mais de 80 cursos de p\u00f3s-gradua\u00e7\u00e3o, sendo mais de 30 s\u00f3 na \u00e1rea do Direito e de <a href=\"https:\/\/blog.grancursosonline.com.br\/carreiras-juridicas-como-se-preparar-para-os-concursos\/\" target=\"_blank\" rel=\"noopener\">carreiras jur\u00eddicas<\/a>, confira a seguir alguns exemplos de p\u00f3s em Direito do Gran:<\/p>\n\n\n\n<ul class=\"wp-block-list\">\n<li><a href=\"https:\/\/pos.grancursosonline.com.br\/curso\/direito-publico\" target=\"_blank\" rel=\"noopener\">Direito P\u00fablico;<\/a><\/li>\n\n\n\n<li><a href=\"https:\/\/pos.grancursosonline.com.br\/curso\/seguranca-publica-investigacao-criminal\" target=\"_blank\" rel=\"noopener\">Seguran\u00e7a P\u00fablica e Investiga\u00e7\u00e3o Criminal;<\/a><\/li>\n\n\n\n<li><a href=\"https:\/\/pos.grancursosonline.com.br\/curso\/ciencias-juridico-criminais-aplicadas-as-atividades-do-delegado\" target=\"_blank\" rel=\"noopener\">Ci\u00eancias Jur\u00eddico-Criminais Aplicadas \u00e0s Atividades do Delegado;<\/a><\/li>\n\n\n\n<li><a href=\"https:\/\/pos.grancursosonline.com.br\/curso\/direito-e-jurisdicao-aplicada-a-magistratura\" target=\"_blank\" rel=\"noopener\">Direito e Jurisdi\u00e7\u00e3o, Aplicada \u00e0 Magistratura;<\/a><\/li>\n\n\n\n<li><a href=\"https:\/\/pos.grancursosonline.com.br\/curso\/compliance-penal-com-enfase-na-advocacia-criminal\" target=\"_blank\" rel=\"noopener\"><em>Compliance<\/em> Penal com \u00canfase na Advocacia Criminal.<\/a><\/li>\n<\/ul>\n\n\n\n<p>Confira nossos <a href=\"https:\/\/pos.grancursosonline.com.br\/nossos-cursos?category=direito&amp;category=magistratura&amp;category=policial&amp;category=advocacia\" target=\"_blank\" rel=\"noopener\">cursos em carreiras jur\u00eddicas e de seguran\u00e7a<\/a>, escolha o seu, fa\u00e7a sua matr\u00edcula e comece hoje mesmo a conquistar seu t\u00edtulo de especialista!<\/p>\n\n\n\n<div class=\"wp-block-group\"><div class=\"wp-block-group__inner-container is-layout-constrained wp-block-group-is-layout-constrained\">\n<div class=\"wp-block-group\"><div class=\"wp-block-group__inner-container is-layout-constrained wp-block-group-is-layout-constrained\">\n<section style=\"text-align: center;\">\n<p>Quer ficar por dentro da Faculdade Digital mais inovadora do Brasil?<\/p>\n<nav>\n<p class=\"has-background has-dark-bluish-background-color\" style=\"font-size: 25px; text-align: center; background: #f0f0f0; color: #ffffff; padding: 4px 0px 4xp 0px;\"><a style=\"color: #0d134c; text-decoration: underline;\" href=\"https:\/\/faculdade.grancursosonline.com.br\/\" target=\"_blank\" rel=\"noopener\">GRADUA\u00c7\u00c3O<\/a><\/p>\n<p class=\"has-background has-dark-bluish-background-color\" style=\"font-size: 25px; text-align: center; background: #f0f0f0; color: #ffffff; padding: 4px 0px 4xp 0px;\"><a style=\"color: #0d134c; text-decoration: underline;\" href=\"https:\/\/pos.grancursosonline.com.br\/\" target=\"_blank\" rel=\"noopener\">P\u00d3S-GRADUA\u00c7\u00c3O<\/a><\/p>\n<p class=\"has-background has-dark-bluish-background-color\" style=\"font-size: 25px; text-align: center; background: #f0f0f0; color: #ffffff; padding: 4px 0px 4xp 0px;\"><a style=\"color: #0d134c; text-decoration: underline;\" href=\"https:\/\/faculdade.grancursosonline.com.br\/nossos-cursos\/\" target=\"_blank\" rel=\"noopener\">TUDO SOBRE A GRAN FACULDADE<\/a><\/p>\n<\/nav>\n<p><strong>Receba <span style=\"color: #cf1e25;\">gratuitamente<\/span> no seu celular as principais not\u00edcias sobre a Gran Faculdade! <br \/>Clique no link abaixo e inscreva-se:<\/strong><\/p>\n<p class=\"has-background has-dark-bluish-background-color\" style=\"font-size: 25px; text-align: center; background: #f0f0f0; color: #ffffff; padding: 4px 0px 4xp 0px;\"><a style=\"color: #0d134c; text-decoration: underline;\" href=\"https:\/\/whatsapp.com\/channel\/0029VaG1sChI7Be7PNndhL43\" target=\"_blank\" rel=\"noopener noreferrer\">WHATSAPP<\/a><\/p>\n<p class=\"has-background has-dark-bluish-background-color\" style=\"font-size: 25px; text-align: center; background: #f0f0f0; color: #ffffff; padding: 4px 0px 4xp 0px;\"><a style=\"color: #0d134c; text-decoration: underline;\" href=\"https:\/\/t.me\/GranFaculdade\" target=\"_blank\" rel=\"noopener noreferrer\">TELEGRAM<\/a><\/p>\n<\/section>\n<\/div><\/div>\n<\/div><\/div>\n","protected":false},"excerpt":{"rendered":"<p>Se voc\u00ea est\u00e1 precisando comprovar pr\u00e1tica jur\u00eddica para algum cargo, saber se p\u00f3s-gradua\u00e7\u00e3o conta como atividade jur\u00eddica pode te ajudar! Por isso, no texto a seguir voc\u00ea vai entender o que \u00e9 pr\u00e1tica jur\u00eddica e outras quest\u00f5es essenciais para esse momento. Ent\u00e3o, vamos l\u00e1! Se preferir, navegue pelo \u00edndice abaixo: Destaques: Pr\u00e1tica Jur\u00eddica e concursos&hellip;<\/p>\n","protected":false},"author":513,"featured_media":79653093,"comment_status":"open","ping_status":"open","sticky":false,"template":"","format":"standard","meta":{"_acf_changed":false,"content-type":"","footnotes":""},"categories":[209229,2],"tags":[126404,209284,209248],"class_list":["post-79421047","post","type-post","status-publish","format-standard","has-post-thumbnail","hentry","category-pos-graduacao","category-ultimas-noticias","tag-cursos-e-pos-graduacao","tag-gran-cursos-pos-graduacao","tag-pos-graduacao-gran-cursos"],"acf":[],"yoast_head":"<!-- This site is optimized with the Yoast SEO Premium plugin v27.2 (Yoast SEO v27.2) - https:\/\/yoast.com\/product\/yoast-seo-premium-wordpress\/ -->\n<title>P\u00f3s-gradua\u00e7\u00e3o conta como atividade jur\u00eddica? Saiba mais!<\/title>\n<meta name=\"description\" content=\"Afinal, p\u00f3s-gradua\u00e7\u00e3o conta como atividade jur\u00eddica? Descubra como atender aos requisitos da carreira jur\u00eddica e se tornar especialista!\" \/>\n<meta name=\"robots\" content=\"index, follow, max-snippet:-1, max-image-preview:large, max-video-preview:-1\" \/>\n<link rel=\"canonical\" href=\"https:\/\/faculdade.grancursosonline.com.br\/blog\/pos-graduacao-conta-como-atividade-juridica\/\" \/>\n<meta property=\"og:locale\" content=\"pt_BR\" \/>\n<meta property=\"og:type\" content=\"article\" \/>\n<meta property=\"og:title\" content=\"P\u00f3s-gradua\u00e7\u00e3o conta como atividade jur\u00eddica? Saiba mais!\" \/>\n<meta property=\"og:description\" content=\"Afinal, p\u00f3s-gradua\u00e7\u00e3o conta como atividade jur\u00eddica? Descubra como atender aos requisitos da carreira jur\u00eddica e se tornar especialista!\" \/>\n<meta property=\"og:url\" content=\"https:\/\/faculdade.grancursosonline.com.br\/blog\/pos-graduacao-conta-como-atividade-juridica\/\" \/>\n<meta property=\"og:site_name\" content=\"Blog Gran Faculdade\" \/>\n<meta property=\"article:publisher\" content=\"https:\/\/www.facebook.com\/grancursosonline\/\" \/>\n<meta property=\"article:published_time\" content=\"2024-10-18T17:34:15+00:00\" \/>\n<meta property=\"article:modified_time\" content=\"2024-10-18T17:43:43+00:00\" \/>\n<meta property=\"og:image\" content=\"https:\/\/blog-es-static.infra.grancursosonline.com.br\/wp-content\/uploads\/2021\/07\/13130419\/ARTES-POS-GRADUACAO_B-FB-4.jpg\" \/>\n\t<meta property=\"og:image:width\" content=\"1200\" \/>\n\t<meta property=\"og:image:height\" content=\"630\" \/>\n\t<meta property=\"og:image:type\" content=\"image\/jpeg\" \/>\n<meta name=\"author\" content=\"Larissa de Fran\u00e7a\" \/>\n<meta name=\"twitter:card\" content=\"summary_large_image\" \/>\n<meta name=\"twitter:creator\" content=\"@gran_online\" \/>\n<meta name=\"twitter:site\" content=\"@gran_online\" \/>\n<meta name=\"twitter:label1\" content=\"Written by\" \/>\n\t<meta name=\"twitter:data1\" content=\"Larissa de Fran\u00e7a\" \/>\n\t<meta name=\"twitter:label2\" content=\"Est. reading time\" \/>\n\t<meta name=\"twitter:data2\" content=\"9 minutos\" \/>\n<script type=\"application\/ld+json\" class=\"yoast-schema-graph\">{\"@context\":\"https:\/\/schema.org\",\"@graph\":[{\"@type\":\"NewsArticle\",\"@id\":\"https:\/\/faculdade.grancursosonline.com.br\/blog\/pos-graduacao-conta-como-atividade-juridica\/#article\",\"isPartOf\":{\"@id\":\"https:\/\/faculdade.grancursosonline.com.br\/blog\/pos-graduacao-conta-como-atividade-juridica\/\"},\"author\":{\"name\":\"Larissa de Fran\u00e7a\",\"@id\":\"https:\/\/faculdade.grancursosonline.com.br\/blog\/#\/schema\/person\/e41590de43e91fa2adf3cf8b740a6a34\"},\"headline\":\"P\u00f3s-gradua\u00e7\u00e3o conta como atividade jur\u00eddica? Saiba mais!\",\"datePublished\":\"2024-10-18T17:34:15+00:00\",\"dateModified\":\"2024-10-18T17:43:43+00:00\",\"mainEntityOfPage\":{\"@id\":\"https:\/\/faculdade.grancursosonline.com.br\/blog\/pos-graduacao-conta-como-atividade-juridica\/\"},\"wordCount\":1678,\"commentCount\":0,\"publisher\":{\"@id\":\"https:\/\/faculdade.grancursosonline.com.br\/blog\/#organization\"},\"image\":{\"@id\":\"https:\/\/faculdade.grancursosonline.com.br\/blog\/pos-graduacao-conta-como-atividade-juridica\/#primaryimage\"},\"thumbnailUrl\":\"https:\/\/blog-es-static.infra.grancursosonline.com.br\/wp-content\/uploads\/2021\/07\/17190907\/pos-graduacao-conta-como-atividade-juridica.jpg\",\"keywords\":[\"Cursos e P\u00f3s-gradua\u00e7\u00e3o\",\"Gran Cursos P\u00f3s-Gradua\u00e7\u00e3o\",\"P\u00f3s-Gradua\u00e7\u00e3o Gran Cursos\"],\"articleSection\":[\"P\u00f3s-Gradua\u00e7\u00e3o Gran Faculdade\",\"\u00daltimas Not\u00edcias\"],\"inLanguage\":\"pt-BR\",\"potentialAction\":[{\"@type\":\"CommentAction\",\"name\":\"Comment\",\"target\":[\"https:\/\/faculdade.grancursosonline.com.br\/blog\/pos-graduacao-conta-como-atividade-juridica\/#respond\"]}],\"copyrightYear\":\"2024\",\"copyrightHolder\":{\"@id\":\"https:\/\/faculdade.grancursosonline.com.br\/blog\/#organization\"}},{\"@type\":\"WebPage\",\"@id\":\"https:\/\/faculdade.grancursosonline.com.br\/blog\/pos-graduacao-conta-como-atividade-juridica\/\",\"url\":\"https:\/\/faculdade.grancursosonline.com.br\/blog\/pos-graduacao-conta-como-atividade-juridica\/\",\"name\":\"P\u00f3s-gradua\u00e7\u00e3o conta como atividade jur\u00eddica? Saiba mais!\",\"isPartOf\":{\"@id\":\"https:\/\/faculdade.grancursosonline.com.br\/blog\/#website\"},\"primaryImageOfPage\":{\"@id\":\"https:\/\/faculdade.grancursosonline.com.br\/blog\/pos-graduacao-conta-como-atividade-juridica\/#primaryimage\"},\"image\":{\"@id\":\"https:\/\/faculdade.grancursosonline.com.br\/blog\/pos-graduacao-conta-como-atividade-juridica\/#primaryimage\"},\"thumbnailUrl\":\"https:\/\/blog-es-static.infra.grancursosonline.com.br\/wp-content\/uploads\/2021\/07\/17190907\/pos-graduacao-conta-como-atividade-juridica.jpg\",\"datePublished\":\"2024-10-18T17:34:15+00:00\",\"dateModified\":\"2024-10-18T17:43:43+00:00\",\"description\":\"Afinal, p\u00f3s-gradua\u00e7\u00e3o conta como atividade jur\u00eddica? Descubra como atender aos requisitos da carreira jur\u00eddica e se tornar especialista!\",\"breadcrumb\":{\"@id\":\"https:\/\/faculdade.grancursosonline.com.br\/blog\/pos-graduacao-conta-como-atividade-juridica\/#breadcrumb\"},\"inLanguage\":\"pt-BR\",\"potentialAction\":[{\"@type\":\"ReadAction\",\"target\":[\"https:\/\/faculdade.grancursosonline.com.br\/blog\/pos-graduacao-conta-como-atividade-juridica\/\"]}]},{\"@type\":\"ImageObject\",\"inLanguage\":\"pt-BR\",\"@id\":\"https:\/\/faculdade.grancursosonline.com.br\/blog\/pos-graduacao-conta-como-atividade-juridica\/#primaryimage\",\"url\":\"https:\/\/blog-es-static.infra.grancursosonline.com.br\/wp-content\/uploads\/2021\/07\/17190907\/pos-graduacao-conta-como-atividade-juridica.jpg\",\"contentUrl\":\"https:\/\/blog-es-static.infra.grancursosonline.com.br\/wp-content\/uploads\/2021\/07\/17190907\/pos-graduacao-conta-como-atividade-juridica.jpg\",\"width\":1001,\"height\":601,\"caption\":\"P\u00f3s-gradua\u00e7\u00e3o conta como atividade jur\u00eddica? Saiba mais!\"},{\"@type\":\"BreadcrumbList\",\"@id\":\"https:\/\/faculdade.grancursosonline.com.br\/blog\/pos-graduacao-conta-como-atividade-juridica\/#breadcrumb\",\"itemListElement\":[{\"@type\":\"ListItem\",\"position\":1,\"name\":\"In\u00edcio\",\"item\":\"https:\/\/faculdade.grancursosonline.com.br\/blog\/\"},{\"@type\":\"ListItem\",\"position\":2,\"name\":\"P\u00f3s-Gradua\u00e7\u00e3o Gran Faculdade\",\"item\":\"https:\/\/faculdade.grancursosonline.com.br\/blog\/pos-graduacao\/\"},{\"@type\":\"ListItem\",\"position\":3,\"name\":\"P\u00f3s-gradua\u00e7\u00e3o conta como atividade jur\u00eddica? Saiba mais!\"}]},{\"@type\":\"WebSite\",\"@id\":\"https:\/\/faculdade.grancursosonline.com.br\/blog\/#website\",\"url\":\"https:\/\/faculdade.grancursosonline.com.br\/blog\/\",\"name\":\"Blog Gran Faculdade\",\"description\":\"Tudo sobre ensino superior, p\u00f3s-gradua\u00e7\u00e3o, enem e carreira.\",\"publisher\":{\"@id\":\"https:\/\/faculdade.grancursosonline.com.br\/blog\/#organization\"},\"potentialAction\":[{\"@type\":\"SearchAction\",\"target\":{\"@type\":\"EntryPoint\",\"urlTemplate\":\"https:\/\/faculdade.grancursosonline.com.br\/blog\/?s={search_term_string}\"},\"query-input\":{\"@type\":\"PropertyValueSpecification\",\"valueRequired\":true,\"valueName\":\"search_term_string\"}}],\"inLanguage\":\"pt-BR\"},{\"@type\":\"Organization\",\"@id\":\"https:\/\/faculdade.grancursosonline.com.br\/blog\/#organization\",\"name\":\"Gran Cursos Online\",\"url\":\"https:\/\/faculdade.grancursosonline.com.br\/blog\/\",\"logo\":{\"@type\":\"ImageObject\",\"inLanguage\":\"pt-BR\",\"@id\":\"https:\/\/faculdade.grancursosonline.com.br\/blog\/#\/schema\/logo\/image\/\",\"url\":\"https:\/\/blog-es-static.infra.grancursosonline.com.br\/wp-content\/uploads\/2019\/08\/03123934\/logo.png\",\"contentUrl\":\"https:\/\/blog-es-static.infra.grancursosonline.com.br\/wp-content\/uploads\/2019\/08\/03123934\/logo.png\",\"width\":300,\"height\":57,\"caption\":\"Gran Cursos Online\"},\"image\":{\"@id\":\"https:\/\/faculdade.grancursosonline.com.br\/blog\/#\/schema\/logo\/image\/\"},\"sameAs\":[\"https:\/\/www.facebook.com\/grancursosonline\/\",\"https:\/\/x.com\/gran_online\",\"https:\/\/www.instagram.com\/grancursosonline\/\",\"https:\/\/www.youtube.com\/user\/grancursostv\"]},{\"@type\":\"Person\",\"@id\":\"https:\/\/faculdade.grancursosonline.com.br\/blog\/#\/schema\/person\/e41590de43e91fa2adf3cf8b740a6a34\",\"name\":\"Larissa de Fran\u00e7a\",\"url\":\"https:\/\/faculdade.grancursosonline.com.br\/blog\/author\/larisa-leonardo\/\"}]}<\/script>\n<!-- \/ Yoast SEO Premium plugin. -->","yoast_head_json":{"title":"P\u00f3s-gradua\u00e7\u00e3o conta como atividade jur\u00eddica? Saiba mais!","description":"Afinal, p\u00f3s-gradua\u00e7\u00e3o conta como atividade jur\u00eddica? Descubra como atender aos requisitos da carreira jur\u00eddica e se tornar especialista!","robots":{"index":"index","follow":"follow","max-snippet":"max-snippet:-1","max-image-preview":"max-image-preview:large","max-video-preview":"max-video-preview:-1"},"canonical":"https:\/\/faculdade.grancursosonline.com.br\/blog\/pos-graduacao-conta-como-atividade-juridica\/","og_locale":"pt_BR","og_type":"article","og_title":"P\u00f3s-gradua\u00e7\u00e3o conta como atividade jur\u00eddica? Saiba mais!","og_description":"Afinal, p\u00f3s-gradua\u00e7\u00e3o conta como atividade jur\u00eddica? Descubra como atender aos requisitos da carreira jur\u00eddica e se tornar especialista!","og_url":"https:\/\/faculdade.grancursosonline.com.br\/blog\/pos-graduacao-conta-como-atividade-juridica\/","og_site_name":"Blog Gran Faculdade","article_publisher":"https:\/\/www.facebook.com\/grancursosonline\/","article_published_time":"2024-10-18T17:34:15+00:00","article_modified_time":"2024-10-18T17:43:43+00:00","og_image":[{"width":1200,"height":630,"url":"https:\/\/blog-es-static.infra.grancursosonline.com.br\/wp-content\/uploads\/2021\/07\/13130419\/ARTES-POS-GRADUACAO_B-FB-4.jpg","type":"image\/jpeg"}],"author":"Larissa de Fran\u00e7a","twitter_card":"summary_large_image","twitter_creator":"@gran_online","twitter_site":"@gran_online","twitter_misc":{"Written by":"Larissa de Fran\u00e7a","Est. reading time":"9 minutos"},"schema":{"@context":"https:\/\/schema.org","@graph":[{"@type":"NewsArticle","@id":"https:\/\/faculdade.grancursosonline.com.br\/blog\/pos-graduacao-conta-como-atividade-juridica\/#article","isPartOf":{"@id":"https:\/\/faculdade.grancursosonline.com.br\/blog\/pos-graduacao-conta-como-atividade-juridica\/"},"author":{"name":"Larissa de Fran\u00e7a","@id":"https:\/\/faculdade.grancursosonline.com.br\/blog\/#\/schema\/person\/e41590de43e91fa2adf3cf8b740a6a34"},"headline":"P\u00f3s-gradua\u00e7\u00e3o conta como atividade jur\u00eddica? Saiba mais!","datePublished":"2024-10-18T17:34:15+00:00","dateModified":"2024-10-18T17:43:43+00:00","mainEntityOfPage":{"@id":"https:\/\/faculdade.grancursosonline.com.br\/blog\/pos-graduacao-conta-como-atividade-juridica\/"},"wordCount":1678,"commentCount":0,"publisher":{"@id":"https:\/\/faculdade.grancursosonline.com.br\/blog\/#organization"},"image":{"@id":"https:\/\/faculdade.grancursosonline.com.br\/blog\/pos-graduacao-conta-como-atividade-juridica\/#primaryimage"},"thumbnailUrl":"https:\/\/blog-es-static.infra.grancursosonline.com.br\/wp-content\/uploads\/2021\/07\/17190907\/pos-graduacao-conta-como-atividade-juridica.jpg","keywords":["Cursos e P\u00f3s-gradua\u00e7\u00e3o","Gran Cursos P\u00f3s-Gradua\u00e7\u00e3o","P\u00f3s-Gradua\u00e7\u00e3o Gran Cursos"],"articleSection":["P\u00f3s-Gradua\u00e7\u00e3o Gran Faculdade","\u00daltimas Not\u00edcias"],"inLanguage":"pt-BR","potentialAction":[{"@type":"CommentAction","name":"Comment","target":["https:\/\/faculdade.grancursosonline.com.br\/blog\/pos-graduacao-conta-como-atividade-juridica\/#respond"]}],"copyrightYear":"2024","copyrightHolder":{"@id":"https:\/\/faculdade.grancursosonline.com.br\/blog\/#organization"}},{"@type":"WebPage","@id":"https:\/\/faculdade.grancursosonline.com.br\/blog\/pos-graduacao-conta-como-atividade-juridica\/","url":"https:\/\/faculdade.grancursosonline.com.br\/blog\/pos-graduacao-conta-como-atividade-juridica\/","name":"P\u00f3s-gradua\u00e7\u00e3o conta como atividade jur\u00eddica? Saiba mais!","isPartOf":{"@id":"https:\/\/faculdade.grancursosonline.com.br\/blog\/#website"},"primaryImageOfPage":{"@id":"https:\/\/faculdade.grancursosonline.com.br\/blog\/pos-graduacao-conta-como-atividade-juridica\/#primaryimage"},"image":{"@id":"https:\/\/faculdade.grancursosonline.com.br\/blog\/pos-graduacao-conta-como-atividade-juridica\/#primaryimage"},"thumbnailUrl":"https:\/\/blog-es-static.infra.grancursosonline.com.br\/wp-content\/uploads\/2021\/07\/17190907\/pos-graduacao-conta-como-atividade-juridica.jpg","datePublished":"2024-10-18T17:34:15+00:00","dateModified":"2024-10-18T17:43:43+00:00","description":"Afinal, p\u00f3s-gradua\u00e7\u00e3o conta como atividade jur\u00eddica? Descubra como atender aos requisitos da carreira jur\u00eddica e se tornar especialista!","breadcrumb":{"@id":"https:\/\/faculdade.grancursosonline.com.br\/blog\/pos-graduacao-conta-como-atividade-juridica\/#breadcrumb"},"inLanguage":"pt-BR","potentialAction":[{"@type":"ReadAction","target":["https:\/\/faculdade.grancursosonline.com.br\/blog\/pos-graduacao-conta-como-atividade-juridica\/"]}]},{"@type":"ImageObject","inLanguage":"pt-BR","@id":"https:\/\/faculdade.grancursosonline.com.br\/blog\/pos-graduacao-conta-como-atividade-juridica\/#primaryimage","url":"https:\/\/blog-es-static.infra.grancursosonline.com.br\/wp-content\/uploads\/2021\/07\/17190907\/pos-graduacao-conta-como-atividade-juridica.jpg","contentUrl":"https:\/\/blog-es-static.infra.grancursosonline.com.br\/wp-content\/uploads\/2021\/07\/17190907\/pos-graduacao-conta-como-atividade-juridica.jpg","width":1001,"height":601,"caption":"P\u00f3s-gradua\u00e7\u00e3o conta como atividade jur\u00eddica? Saiba mais!"},{"@type":"BreadcrumbList","@id":"https:\/\/faculdade.grancursosonline.com.br\/blog\/pos-graduacao-conta-como-atividade-juridica\/#breadcrumb","itemListElement":[{"@type":"ListItem","position":1,"name":"In\u00edcio","item":"https:\/\/faculdade.grancursosonline.com.br\/blog\/"},{"@type":"ListItem","position":2,"name":"P\u00f3s-Gradua\u00e7\u00e3o Gran Faculdade","item":"https:\/\/faculdade.grancursosonline.com.br\/blog\/pos-graduacao\/"},{"@type":"ListItem","position":3,"name":"P\u00f3s-gradua\u00e7\u00e3o conta como atividade jur\u00eddica? Saiba mais!"}]},{"@type":"WebSite","@id":"https:\/\/faculdade.grancursosonline.com.br\/blog\/#website","url":"https:\/\/faculdade.grancursosonline.com.br\/blog\/","name":"Blog Gran Faculdade","description":"Tudo sobre ensino superior, p\u00f3s-gradua\u00e7\u00e3o, enem e carreira.","publisher":{"@id":"https:\/\/faculdade.grancursosonline.com.br\/blog\/#organization"},"potentialAction":[{"@type":"SearchAction","target":{"@type":"EntryPoint","urlTemplate":"https:\/\/faculdade.grancursosonline.com.br\/blog\/?s={search_term_string}"},"query-input":{"@type":"PropertyValueSpecification","valueRequired":true,"valueName":"search_term_string"}}],"inLanguage":"pt-BR"},{"@type":"Organization","@id":"https:\/\/faculdade.grancursosonline.com.br\/blog\/#organization","name":"Gran Cursos Online","url":"https:\/\/faculdade.grancursosonline.com.br\/blog\/","logo":{"@type":"ImageObject","inLanguage":"pt-BR","@id":"https:\/\/faculdade.grancursosonline.com.br\/blog\/#\/schema\/logo\/image\/","url":"https:\/\/blog-es-static.infra.grancursosonline.com.br\/wp-content\/uploads\/2019\/08\/03123934\/logo.png","contentUrl":"https:\/\/blog-es-static.infra.grancursosonline.com.br\/wp-content\/uploads\/2019\/08\/03123934\/logo.png","width":300,"height":57,"caption":"Gran Cursos Online"},"image":{"@id":"https:\/\/faculdade.grancursosonline.com.br\/blog\/#\/schema\/logo\/image\/"},"sameAs":["https:\/\/www.facebook.com\/grancursosonline\/","https:\/\/x.com\/gran_online","https:\/\/www.instagram.com\/grancursosonline\/","https:\/\/www.youtube.com\/user\/grancursostv"]},{"@type":"Person","@id":"https:\/\/faculdade.grancursosonline.com.br\/blog\/#\/schema\/person\/e41590de43e91fa2adf3cf8b740a6a34","name":"Larissa de Fran\u00e7a","url":"https:\/\/faculdade.grancursosonline.com.br\/blog\/author\/larisa-leonardo\/"}]}},"_links":{"self":[{"href":"https:\/\/faculdade.grancursosonline.com.br\/blog\/wp-json\/wp\/v2\/posts\/79421047","targetHints":{"allow":["GET"]}}],"collection":[{"href":"https:\/\/faculdade.grancursosonline.com.br\/blog\/wp-json\/wp\/v2\/posts"}],"about":[{"href":"https:\/\/faculdade.grancursosonline.com.br\/blog\/wp-json\/wp\/v2\/types\/post"}],"author":[{"embeddable":true,"href":"https:\/\/faculdade.grancursosonline.com.br\/blog\/wp-json\/wp\/v2\/users\/513"}],"replies":[{"embeddable":true,"href":"https:\/\/faculdade.grancursosonline.com.br\/blog\/wp-json\/wp\/v2\/comments?post=79421047"}],"version-history":[{"count":5,"href":"https:\/\/faculdade.grancursosonline.com.br\/blog\/wp-json\/wp\/v2\/posts\/79421047\/revisions"}],"predecessor-version":[{"id":79749263,"href":"https:\/\/faculdade.grancursosonline.com.br\/blog\/wp-json\/wp\/v2\/posts\/79421047\/revisions\/79749263"}],"wp:featuredmedia":[{"embeddable":true,"href":"https:\/\/faculdade.grancursosonline.com.br\/blog\/wp-json\/wp\/v2\/media\/79653093"}],"wp:attachment":[{"href":"https:\/\/faculdade.grancursosonline.com.br\/blog\/wp-json\/wp\/v2\/media?parent=79421047"}],"wp:term":[{"taxonomy":"category","embeddable":true,"href":"https:\/\/faculdade.grancursosonline.com.br\/blog\/wp-json\/wp\/v2\/categories?post=79421047"},{"taxonomy":"post_tag","embeddable":true,"href":"https:\/\/faculdade.grancursosonline.com.br\/blog\/wp-json\/wp\/v2\/tags?post=79421047"}],"curies":[{"name":"wp","href":"https:\/\/api.w.org\/{rel}","templated":true}]}}