{"id":79439272,"date":"2024-11-25T11:33:02","date_gmt":"2024-11-25T14:33:02","guid":{"rendered":"https:\/\/blog.grancursosonline.com.br\/?p=79439272"},"modified":"2024-11-26T09:44:36","modified_gmt":"2024-11-26T12:44:36","slug":"pos-graduacao-em-direito-administrativo","status":"publish","type":"post","link":"https:\/\/faculdade.grancursosonline.com.br\/blog\/pos-graduacao-em-direito-administrativo\/","title":{"rendered":"P\u00f3s-gradua\u00e7\u00e3o em Direito Administrativo: conhe\u00e7a o curso!"},"content":{"rendered":"\n<p>A p\u00f3s-gradua\u00e7\u00e3o em <a href=\"https:\/\/pos.grancursosonline.com.br\/curso\/direito-administrativo\/\" target=\"_blank\" rel=\"noopener\">Direito Administrativo<\/a> permite apoiar, atualizar e capacitar profissionais em conhecimentos essenciais, processos administrativos (como licita\u00e7\u00f5es), aplica\u00e7\u00e3o da lei, fiscaliza\u00e7\u00e3o e auditoria de \u00f3rg\u00e3os p\u00fablicos e empresas!<\/p>\n\n\n\n<div class=\"wp-block-columns is-layout-flex wp-container-core-columns-is-layout-9d6595d7 wp-block-columns-is-layout-flex\">\n<div class=\"wp-block-column is-layout-flow wp-block-column-is-layout-flow\" style=\"flex-basis:100%\"><div class=\"wp-block-image\">\n<figure class=\"aligncenter size-full\"><a href=\"https:\/\/whatsapp.com\/channel\/0029VaG1sChI7Be7PNndhL43\" target=\"_blank\" rel=\"noopener\"><img decoding=\"async\" src=\"https:\/\/blog-es-static.infra.grancursosonline.com.br\/wp-content\/uploads\/2025\/09\/09112354\/banner-wp-600x142-80.webp\" alt=\"Acesse o canal do WhatsApp da Gran Faculdade\" class=\"wp-image-79751904\"\/><\/a><\/figure>\n<\/div><\/div>\n<\/div>\n\n\n\n<p>Se voc\u00ea se interessa pela \u00e1rea, o texto a seguir pode te ajudar a entender melhor sobre o curso de Direito Administrativo e as vantagens que ele pode trazer para sua carreira. Ent\u00e3o, vamos l\u00e1, se preferir, navegue pelo \u00edndice abaixo:<\/p>\n\n\n\n<ul class=\"wp-block-list\">\n<li><a href=\"#estuda\">O que se estuda no Direito Administrativo?<\/a><\/li>\n\n\n\n<li><a href=\"#quem\">Quem pode fazer p\u00f3s-gradua\u00e7\u00e3o em Direito Administrativo?<\/a><\/li>\n\n\n\n<li><a href=\"#faz\">O que faz um profissional de Direito Administrativo?<\/a><\/li>\n\n\n\n<li><a href=\"#tempo\">Quanto tempo dura o curso de Direito Administrativo?<\/a><\/li>\n\n\n\n<li><a href=\"#diferenca\">Qual a diferen\u00e7a entre Direito Administrativo e Administra\u00e7\u00e3o P\u00fablica?<\/a><\/li>\n\n\n\n<li><a href=\"#vantagens\">Vantagens da p\u00f3s-gradua\u00e7\u00e3o em Direito Administrativo<\/a><\/li>\n\n\n\n<li><a href=\"#custo\">Quanto custa uma p\u00f3s-gradua\u00e7\u00e3o nesta \u00e1rea?<\/a><\/li>\n\n\n\n<li><a href=\"#gran\">P\u00f3s-gradua\u00e7\u00e3o em Direito \u00e9 com o Gran!<\/a><\/li>\n<\/ul>\n\n\n\n<div class=\"wp-block-group has-background\" style=\"background-color:#8dd2fc7a\"><div class=\"wp-block-group__inner-container is-layout-constrained wp-block-group-is-layout-constrained\">\n<p><strong>Outras not\u00edcias em destaque:<\/strong><\/p>\n\n\n\n<ul class=\"wp-block-list\">\n<li><a href=\"https:\/\/faculdade.grancursosonline.com.br\/blog\/direito-para-concurseiros-melhores-areas\/\" target=\"_blank\" rel=\"noreferrer noopener\">Direito para concurseiros: quais s\u00e3o as melhores \u00e1reas?<\/a><\/li>\n\n\n\n<li><a href=\"https:\/\/faculdade.grancursosonline.com.br\/blog\/pos-graduacao-em-direito-e-concursos-como-conciliar\/\" target=\"_blank\" rel=\"noreferrer noopener\">P\u00f3s-gradua\u00e7\u00e3o em Direito e Concursos: como conciliar?<\/a><\/li>\n\n\n\n<li><a href=\"https:\/\/faculdade.grancursosonline.com.br\/blog\/vale-a-pena-fazer-pos-graduacao-ead\/\" target=\"_blank\" rel=\"noreferrer noopener\">P\u00f3s-Gradua\u00e7\u00e3o EAD: vale a pena fazer? Entenda mais sobre!<\/a><\/li>\n<\/ul>\n<\/div><\/div>\n\n\n\n<h2 class=\"wp-block-heading\" id=\"estuda\">O que se estuda no Direito Administrativo?<\/h2>\n\n\n\n<p>O Direito Administrativo \u00e9 essencial para o bem-estar p\u00fablico. Afinal, \u00e9 por meio dele que s\u00e3o definidas normas, regras e dispositivos legais para o funcionamento eficiente e transparente da Administra\u00e7\u00e3o P\u00fablica.<\/p>\n\n\n\n<p>Por isso, a p\u00f3s-gradua\u00e7\u00e3o em Direito Administrativo aborda todas as quest\u00f5es essenciais para um bom funcionamento da gest\u00e3o p\u00fablica no quesito legal.<\/p>\n\n\n\n<p>Entre as disciplinas do <a href=\"https:\/\/pos.grancursosonline.com.br\/curso\/direito-administrativo\/\" target=\"_blank\" rel=\"noopener\">curso de Direito Administrativo<\/a> da Gran Faculdade \u00e9 poss\u00edvel encontrar um conte\u00fado program\u00e1tico completo e atualizado, abordando todos os conhecimentos essenciais para a carreira de especialista em Direito Administrativo, como:<\/p>\n\n\n\n<ul class=\"wp-block-list\">\n<li>Fundamentos Iniciais do Direito Administrativo;<\/li>\n\n\n\n<li>Organiza\u00e7\u00e3o do Estado e dos Poderes;<\/li>\n\n\n\n<li>Licita\u00e7\u00f5es e Contratos Governamentais;<\/li>\n\n\n\n<li>Gest\u00e3o Or\u00e7ament\u00e1ria e Financeira;<\/li>\n\n\n\n<li>Controle na Administra\u00e7\u00e3o \u2013 Interno e Externo;<\/li>\n\n\n\n<li>T\u00f3picos Avan\u00e7ados de Direito Administrativo;<\/li>\n\n\n\n<li>Previd\u00eancia do Servidor P\u00fablico;<\/li>\n\n\n\n<li>Direito Administrativo Sancionador;<\/li>\n\n\n\n<li>Direito Administrativo Econ\u00f4mico;<\/li>\n\n\n\n<li>Responsabilidade Civil do Estado;<\/li>\n\n\n\n<li>Regime jur\u00eddico das Empresas Estatais;<\/li>\n\n\n\n<li>Crimes nas licita\u00e7\u00f5es;<\/li>\n\n\n\n<li>Servi\u00e7os p\u00fablicos e parcerias do poder p\u00fablico;<\/li>\n\n\n\n<li>Administra\u00e7\u00e3o P\u00fablica;<\/li>\n\n\n\n<li>Legisla\u00e7\u00e3o sobre servidores p\u00fablicos \u2013 Lei n\u00ba 8112\/90;<\/li>\n\n\n\n<li>Fazenda P\u00fablica em ju\u00edzo, entre outros.<\/li>\n<\/ul>\n\n\n\n<h3 class=\"wp-block-heading\" id=\"h-e-possivel-conciliar-o-curso-com-o-trabalho\">\u00c9 poss\u00edvel conciliar o curso com o trabalho?<\/h3>\n\n\n\n<p>Sim! Aqui na Gran Faculdade, todos os nossos cursos de p\u00f3s-gradua\u00e7\u00e3o s\u00e3o pensados para facilitar e otimizar a rotina de quem quer aprender, mas n\u00e3o pode deixar de fazer outras atividades como trabalho e fam\u00edlia. <\/p>\n\n\n\n<p>O curso \u00e9 100% digital e voc\u00ea conta com diversas ferramentas para acelerar o seu aprendizado como gerenciador de estudos, aplicativos de quest\u00f5es e cronograma de estudos personalizado.<\/p>\n\n\n\n<h2 class=\"wp-block-heading\" id=\"quem\">Quem pode fazer p\u00f3s-gradua\u00e7\u00e3o em Direito Administrativo?<\/h2>\n\n\n\n<p>Qualquer pessoa que tenha interesse na \u00e1rea e j\u00e1 possua uma gradua\u00e7\u00e3o, pode fazer a p\u00f3s-gradua\u00e7\u00e3o em Direito Administrativo. No entanto, o curso \u00e9 mais indicado para advogados, servidores, membros da carreira jur\u00eddica e profissionais de empresas privadas que lidam diretamente com a administra\u00e7\u00e3o p\u00fablica.<\/p>\n\n\n\n<h2 class=\"wp-block-heading\" id=\"faz\">O que faz um profissional de Direito Administrativo?<\/h2>\n\n\n\n<p>O profissional que conquista uma p\u00f3s-gradua\u00e7\u00e3o em Direito Administrativo pode seguir tanto a \u00e1rea de atua\u00e7\u00e3o p\u00fablica, quanto privada.<\/p>\n\n\n\n<p>Para os cargos p\u00fablicos, podemos destacar a relev\u00e2ncia nas carreiras de magistratura, advocacia p\u00fablica, promotoria e Minist\u00e9rio P\u00fablico.<\/p>\n\n\n\n<p>Tamb\u00e9m h\u00e1 a possibilidade de trabalhar em \u00f3rg\u00e3os reguladores e entidades multilaterais, como a Organiza\u00e7\u00e3o das Na\u00e7\u00f5es Unidas (ONU), Organiza\u00e7\u00f5es N\u00e3o-Governamentais e Organiza\u00e7\u00f5es da Sociedade Civil (<a href=\"https:\/\/blog.grancursosonline.com.br\/ong\/\" target=\"_blank\" rel=\"noopener\">ONGs<\/a> e OSCs).<\/p>\n\n\n\n<p>Al\u00e9m disso, o especialista em Direito Administrativo tamb\u00e9m pode atuar no setor privado, principalmente em institui\u00e7\u00f5es que lidam diretamente com a Administra\u00e7\u00e3o P\u00fablica por meio da presta\u00e7\u00e3o de servi\u00e7os.<\/p>\n\n\n\n<p>A possibilidade de trabalhar com <em>compliance<\/em>, uma \u00e1rea diretamente ligada \u00e0s estrat\u00e9gias de preven\u00e7\u00e3o da corrup\u00e7\u00e3o, tamb\u00e9m \u00e9 um caminho que pode ser seguido pelo profissional p\u00f3s-graduado em Direito Administrativo.<\/p>\n\n\n\n<h2 class=\"wp-block-heading\" id=\"diferenca\">Qual a diferen\u00e7a entre Direito Administrativo e Administra\u00e7\u00e3o P\u00fablica?<\/h2>\n\n\n\n<p>A <a href=\"https:\/\/blog.grancursosonline.com.br\/administracao-publica-tendencias\/\" target=\"_blank\" rel=\"noopener\">Administra\u00e7\u00e3o P\u00fablica<\/a> e o Direito Administrativo s\u00e3o \u00e1reas que se complementam e atuam em conjunto pelo bom funcionamento da m\u00e1quina p\u00fablica. Apesar de trabalharem de forma conjunta, as \u00eanfases de cada forma\u00e7\u00e3o variam.<\/p>\n\n\n\n<p>Enquanto a administra\u00e7\u00e3o p\u00fablica aborda toda a estrutura da Gest\u00e3o P\u00fablica, o Direito Administrativo possui um foco maior nas quest\u00f5es legais dessa esfera.<\/p>\n\n\n\n<h2 class=\"wp-block-heading\" id=\"tempo\">Quanto tempo dura o curso de Direito Administrativo?<\/h2>\n\n\n\n<p>A p\u00f3s-gradua\u00e7\u00e3o em Direito Administrativo da <a href=\"https:\/\/faculdade.grancursosonline.com.br\/\" target=\"_blank\" rel=\"noopener\">Gran Faculdade<\/a> pode ser conclu\u00edda entre 6 e 18 meses, de forma totalmente online, conforme a disponibilidade, tempo e autonomia do(a) estudante.<\/p>\n\n\n\n<p>No Gran, a p\u00f3s-gradua\u00e7\u00e3o em Direito Administrativo \u00e9 100% EAD, sendo ainda mais f\u00e1cil para conciliar com todas as suas outras atividades e obriga\u00e7\u00f5es.<\/p>\n\n\n\n<p>Estude onde preferir, pela plataforma ou pelo aplicativo! Aqui, voc\u00ea constr\u00f3i os seus hor\u00e1rios e decide quando \u00e9 a melhor hora para assistir \u00e0s aulas e fazer suas provas.<\/p>\n\n\n\n<h2 class=\"wp-block-heading\" id=\"vantagens\">Vantagens da p\u00f3s-gradua\u00e7\u00e3o em Direito Administrativo<\/h2>\n\n\n\n<p>Conhe\u00e7a abaixo as principais vantagens de conquistar uma p\u00f3s-gradua\u00e7\u00e3o em Direito Administrativo com a Gran Faculdade:<\/p>\n\n\n\n<h3 class=\"wp-block-heading\" id=\"h-1-conhecimento-e-relevancia-da-area\">1. Conhecimento e relev\u00e2ncia da \u00e1rea<\/h3>\n\n\n\n<p>Como j\u00e1 mencionamos anteriormente, o Direito Administrativo \u00e9 essencial para o bom funcionamento da Administra\u00e7\u00e3o P\u00fablica. Isso quer dizer que afeta toda a sociedade, tamb\u00e9m no que diz direito \u00e0s pol\u00edticas p\u00fablicas e combate \u00e0 corrup\u00e7\u00e3o.<\/p>\n\n\n\n<p>O Direito Administrativo \u00e9 t\u00e3o importante para o setor p\u00fablico, que costuma estar presente na grande maioria dos concursos p\u00fablicos para os mais variados cargos. Ao se especializar nesta \u00e1rea, voc\u00ea poder\u00e1 atuar em uma fun\u00e7\u00e3o que zela pela democracia e pelo bem-estar p\u00fablico.<\/p>\n\n\n\n<p>Por isso, nada melhor do que se especializar na \u00e1rea em uma institui\u00e7\u00e3o que conhece o funcionamento da m\u00e1quina p\u00fablica como um todo e prepara pessoas para concursos h\u00e1 mais de 10 anos.<\/p>\n\n\n\n<h3 class=\"wp-block-heading\" id=\"h-2-oportunidades-de-atuacao-profissional\">2. Oportunidades de atua\u00e7\u00e3o profissional<\/h3>\n\n\n\n<p>Como vimos, a \u00e1rea de atua\u00e7\u00e3o para quem faz o curso de Direito Administrativo \u00e9 extremamente ampla. Por isso, vale a pena investir em uma forma\u00e7\u00e3o que te torne especialista em Direito Administrativo.<\/p>\n\n\n\n<h3 class=\"wp-block-heading\" id=\"h-3-titulo-de-especialista\">3. T\u00edtulo de especialista<\/h3>\n\n\n\n<p>Ao concluir sua p\u00f3s-gradua\u00e7\u00e3o em Direito Administrativo com o Gran , voc\u00ea obt\u00e9m o t\u00edtulo de especialista na \u00e1rea, v\u00e1lido em todo o territ\u00f3rio brasileiro.<\/p>\n\n\n\n<p>A nova titula\u00e7\u00e3o traz, n\u00e3o apenas destaque para o seu curr\u00edculo (afinal, o mercado de trabalho est\u00e1 em busca de profissionais cada vez mais especializados), como tamb\u00e9m direciona a sua carreira jur\u00eddica para a dire\u00e7\u00e3o que voc\u00ea pretende seguir.<\/p>\n\n\n\n<h3 class=\"wp-block-heading\" id=\"h-4-salarios-atraentes\">4. Sal\u00e1rios atraentes<\/h3>\n\n\n\n<p>De acordo com diversos sites de empregos, a m\u00e9dia salarial de um profissional na \u00e1rea do Direito Administrativo fica em torno de R$6 mil para 40 horas semanais.<\/p>\n\n\n\n<p>Contudo, no setor p\u00fablico estes valores podem ser consideravelmente maiores, a depender da fun\u00e7\u00e3o que o especialista exerce.<\/p>\n\n\n\n<p>Al\u00e9m disso, a p\u00f3s-gradua\u00e7\u00e3o em Direito Administrativo tamb\u00e9m pode funcionar como Adicional de Qualifica\u00e7\u00e3o ou Retribui\u00e7\u00e3o de Titula\u00e7\u00e3o, aumentando permanentemente o sal\u00e1rio do servidor p\u00fablico!<\/p>\n\n\n\n<h3 class=\"wp-block-heading\" id=\"h-5-prova-de-titulos\">5. Prova de t\u00edtulos<\/h3>\n\n\n\n<p>Al\u00e9m de ser uma mat\u00e9ria extremamente relevante em Concursos P\u00fablicos, a p\u00f3s-gradua\u00e7\u00e3o em Direito Administrativo do Gran ainda pode servir como t\u00edtulo v\u00e1lido para a cess\u00e3o de pontos adicionais na Avalia\u00e7\u00e3o de T\u00edtulos.<\/p>\n\n\n\n<p>Al\u00e9m disso, para alguns cargos, ela at\u00e9 mesmo pode ser quantificada como <a href=\"https:\/\/blog.grancursosonline.com.br\/pratica-juridica-e-concursos-publicos-importancia\/\" target=\"_blank\" rel=\"noopener\">pr\u00e1tica jur\u00eddica<\/a>, um requisito presente em grande parte dos concursos p\u00fablicos da \u00e1rea jur\u00eddica.<\/p>\n\n\n\n<h2 class=\"wp-block-heading\" id=\"custo\">Quanto custa uma p\u00f3s-gradua\u00e7\u00e3o nesta \u00e1rea?<\/h2>\n\n\n\n<p>Com a Gran Faculdade, queremos te ajudar a conquistar todos seus objetivos acad\u00eamicos e profissionais. Por isso, disponibilizamos uma s\u00e9rie de promo\u00e7\u00f5es que facilitam os seus estudos. Afinal, a educa\u00e7\u00e3o deve e pode ser para todos! <\/p>\n\n\n\n<p><strong>Veja quais s\u00e3o os cupons v\u00e1lidos at\u00e9 o preenchimento das vagas dispon\u00edveis:<\/strong><\/p>\n\n\n\n<figure class=\"wp-block-table\"><div class=\"container-tabela\"><table class=\"has-fixed-layout\"><thead><tr><th>Tipo de Desconto<\/th><th>Curso<\/th><th>Valores<\/th><th>Cupons<\/th><\/tr><\/thead><tbody><tr><td rowspan=\"2\">SOCIAL<\/td><td>P\u00f3s-Gradua\u00e7\u00e3o<\/td><td>12x de R$ 89,90<\/td><td>POSGRANSOCIAL<\/td><\/tr><tr><td>MBA<\/td><td>12x de R$ 89,90<\/td><td>MBAGRANSOCIAL<\/td><\/tr><tr><td rowspan=\"2\">ALUNOS GRAN<\/td><td>P\u00f3s-Gradua\u00e7\u00e3o<\/td><td>12x de R$ 89,90<\/td><td>SOUALUNOGRAN<\/td><\/tr><tr><td>MBA<\/td><td>12x de R$ 89,90<\/td><td>MBAALUNOGRAN<\/td><\/tr><tr><td rowspan=\"2\">EX-ALUNOS<\/td><td>P\u00f3s-Gradua\u00e7\u00e3o<\/td><td>12x de R$ 89,90<\/td><td>VOLTEIPROGRAN<\/td><\/tr><tr><td>MBA<\/td><td>12x de R$ 89,90<\/td><td>MBAVOLTEIPROGRAN<\/td><\/tr><tr><td rowspan=\"2\">NOVOS ALUNOS <\/td><td>P\u00f3s-Gradua\u00e7\u00e3o<\/td><td>12x de R$ 109,90<\/td><td>NOVONOGRAN<\/td><\/tr><tr><td>MBA<\/td><td>12x de R$ 109,90<\/td><td>MBANOVONOGRAN<\/td><\/tr><tr><td>COMBO CARREIRA<\/td><td>P\u00f3s-gradua\u00e7\u00e3o<\/td><td>12x de R$ 109,90<\/td><td>COMBOCARREIRA<\/td><\/tr><tr><td>COMBO P\u00d3S*<\/td><td>P\u00f3s-Gradua\u00e7\u00e3o e\/ou MBA<\/td><td>12x de R$ 109,90<\/td><td>COMBOPOS<\/td><\/tr><\/tbody><\/table><\/div><figcaption class=\"wp-element-caption\">*A condi\u00e7\u00e3o de 2 cursos pelo pre\u00e7o de inclui os cursos de MBA<\/figcaption><\/figure>\n\n\n\n<p><strong>\u00c0 vista no PIX ou Boleto voc\u00ea ainda adquire MAIS 5% DE DESCONTO!<\/strong><\/p>\n\n\n\n<p>Para garantir os pre\u00e7os promocionais, basta acessar a p\u00e1gina da sua especializa\u00e7\u00e3o de prefer\u00eancia e visualizar todos os cupons ao lado do pre\u00e7o final! <\/p>\n\n\n\n<p>Se, por acaso, o desconto n\u00e3o for aplicado imediatamente, voc\u00ea tamb\u00e9m poder\u00e1 digitar o c\u00f3digo do cupom informado na tabela acima!<\/p>\n\n\n\n<p class=\"has-text-align-center has-text-align-center\"><a href=\"https:\/\/pos.grancursosonline.com.br\/\" target=\"_blank\" rel=\"noreferrer noopener\"><strong>Garanta sua matr\u00edcula com desconto!<\/strong><\/a><\/p>\n\n\n\n<h2 class=\"wp-block-heading\" id=\"gran\">P\u00f3s-gradua\u00e7\u00e3o em Direito \u00e9 com o Gran!<\/h2>\n\n\n\n<p>A <a href=\"https:\/\/pos.grancursosonline.com.br\/\" target=\"_blank\" rel=\"noopener\">p\u00f3s-gradua\u00e7\u00e3o da Gran Faculdade<\/a> \u00e9 objetiva, sem deixar de fora os pontos essenciais para sua aplica\u00e7\u00e3o te\u00f3rica e pr\u00e1tica de todos os conhecimentos mais importantes do Direito Administrativo em suas fun\u00e7\u00f5es!<\/p>\n\n\n\n<p>Al\u00e9m do curso de Direito Administrativo, a Gran Faculdade conta com diversas especializa\u00e7\u00f5es em diversas outras \u00e1reas do Direito, confira mais de <a href=\"https:\/\/pos.grancursosonline.com.br\/\" target=\"_blank\" rel=\"noopener\">100 op\u00e7\u00f5es de cursos<\/a>, fa\u00e7a sua matr\u00edcula e comece hoje mesmo a aproveitar as vantagens da Gran Faculdade!<\/p>\n\n\n\n<h2 class=\"wp-block-heading\" id=\"conheca\">Conhe\u00e7a os cursos de p\u00f3s-gradua\u00e7\u00e3o do Gran!<\/h2>\n\n\n\n<p>Aqui na <a href=\"https:\/\/faculdade.grancursosonline.com.br\/\" target=\"_blank\" rel=\"noreferrer noopener\">Gran Faculdade<\/a>, os <a href=\"https:\/\/pos.grancursosonline.com.br\/nossos-cursos\" target=\"_blank\" rel=\"noreferrer noopener\">cursos de p\u00f3s-gradua\u00e7\u00e3o EAD<\/a> s\u00e3o especializa\u00e7\u00f5es 100% online que otimizam tamb\u00e9m seus estudos para concursos e podem ser conclu\u00eddos entre 6 e 18 meses.<\/p>\n\n\n\n<p>S\u00e3o mais de 80 op\u00e7\u00f5es de cursos de especializa\u00e7\u00e3o EAD para as \u00e1reas de Gest\u00e3o, Educa\u00e7\u00e3o, Direito, Policial, Tecnologia e Engenharia. Dessa forma, voc\u00ea estuda em uma institui\u00e7\u00e3o reconhecida com nota m\u00e1xima pelo MEC, com mensalidades que cabem no seu bolso, de acordo com seu tempo e rotina!<\/p>\n\n\n\n<p>Confira nossos cursos, fa\u00e7a sua matr\u00edcula e comece hoje mesmo seu curso de <a href=\"https:\/\/blog.grancursosonline.com.br\/pos-ead-como-tirar-duvidas\/\" target=\"_blank\" rel=\"noreferrer noopener\">p\u00f3s EAD<\/a> da Gran Faculdade. Clique na sua \u00e1rea de interesse e encontre a p\u00f3s-gradua\u00e7\u00e3o que voc\u00ea deseja fazer com o Gran:<\/p>\n\n\n\n<ul class=\"wp-block-list\">\n<li><a href=\"https:\/\/pos.grancursosonline.com.br\/nossos-cursos?category=educacao\" target=\"_blank\" rel=\"noreferrer noopener\">Educa\u00e7\u00e3o<\/a><\/li>\n\n\n\n<li><a href=\"https:\/\/pos.grancursosonline.com.br\/nossos-cursos?category=administracao\" target=\"_blank\" rel=\"noreferrer noopener\">Gest\u00e3o<\/a><\/li>\n\n\n\n<li><a href=\"https:\/\/pos.grancursosonline.com.br\/nossos-cursos?category=tecnologia-da-informacao\" target=\"_blank\" rel=\"noreferrer noopener\">Tecnologia<\/a><\/li>\n\n\n\n<li><a href=\"https:\/\/pos.grancursosonline.com.br\/nossos-cursos?category=policial\" target=\"_blank\" rel=\"noreferrer noopener\">Policial<\/a><\/li>\n\n\n\n<li><a href=\"https:\/\/pos.grancursosonline.com.br\/nossos-cursos?category=saude\" target=\"_blank\" rel=\"noreferrer noopener\">Sa\u00fade<\/a><\/li>\n\n\n\n<li><a href=\"https:\/\/pos.grancursosonline.com.br\/nossos-cursos?category=engenharia\" target=\"_blank\" rel=\"noreferrer noopener\">Engenharia<\/a><\/li>\n\n\n\n<li><a href=\"https:\/\/pos.grancursosonline.com.br\/nossos-cursos?category=controle&amp;category=economia&amp;category=fiscal\" target=\"_blank\" rel=\"noreferrer noopener\">Finan\u00e7as<\/a> (Controle e Contabilidade, Economia e Fiscal)<\/li>\n\n\n\n<li><a href=\"https:\/\/pos.grancursosonline.com.br\/nossos-cursos?category=advocacia&amp;category=direito&amp;category=magistratura\" target=\"_blank\" rel=\"noreferrer noopener\">Jur\u00eddicas<\/a> (Direito, Advocacia e Magistratura)<\/li>\n<\/ul>\n\n\n\n<h2 class=\"wp-block-heading\" id=\"h-vem-pra-gran-faculdade\">Vem pra Gran Faculdade!<\/h2>\n\n\n\n<p>A Gran Faculdade vem mudando a vida de milhares de pessoas por meio de cursos \u00e0 dist\u00e2ncia de <a href=\"https:\/\/faculdade.grancursosonline.com.br\/\" target=\"_blank\" rel=\"noreferrer noopener\">gradua\u00e7\u00e3o<\/a>, <a href=\"https:\/\/pos.grancursosonline.com.br\/\" target=\"_blank\" rel=\"noreferrer noopener\">p\u00f3s-gradua\u00e7\u00e3o<\/a> e <a href=\"https:\/\/pos.grancursosonline.com.br\/mba\" target=\"_blank\" rel=\"noreferrer noopener\">MBA<\/a>. Seja no digital ou em nosso <a href=\"https:\/\/presencial.grancursosonline.com.br\/\" target=\"_blank\" rel=\"noreferrer noopener\">Campus Presencial em Curitiba<\/a>, a nossa miss\u00e3o \u00e9 transformar a educa\u00e7\u00e3o superior.<\/p>\n\n\n\n<p>Como parte de Sistema Gran de Ensino, que \u00e9 reconhecido como marca aprovadora h\u00e1 mais de 10 anos, constru\u00edmos uma renomada reputa\u00e7\u00e3o na \u00e1rea de educa\u00e7\u00e3o.<\/p>\n\n\n\n<p>Veja algumas de nossas conquistas:<\/p>\n\n\n\n<ul class=\"wp-block-list\">\n<li>Reconhecido pela Amazon como um dos projetos mais relevantes do mundo na \u00e1rea de Tecnologia e Educa\u00e7\u00e3o;<\/li>\n\n\n\n<li>Foi eleito pelo Project Management Institute (PMI), um dos 50 Projetos Mais Influentes do mundo;<\/li>\n\n\n\n<li>Somos o site de educa\u00e7\u00e3o mais acessado do Brasil;<\/li>\n\n\n\n<li>Somos avaliados com a nota m\u00e1xima pelo MEC;<\/li>\n\n\n\n<li>Aqui o semestre come\u00e7a quando quiser: entrada imediata e cont\u00ednua!<\/li>\n\n\n\n<li>Melhores pre\u00e7os do mercado;<\/li>\n\n\n\n<li>Mais de 500 mil alunos pagantes e mais de 1000 funcion\u00e1rios;<\/li>\n\n\n\n<li>Diversas ferramentas de estudo: PDFs, audiobooks, mapas mentais, videoaulas, quest\u00f5es, gerenciador de estudos e muito mais!<\/li>\n\n\n\n<li>Professores experientes e capacitados;<\/li>\n\n\n\n<li>Acesso imediato e 100% online.<\/li>\n<\/ul>\n\n\n\n<p class=\"has-text-align-center has-text-align-center\"><strong><a href=\"https:\/\/faculdade.grancursosonline.com.br\/\" target=\"_blank\" rel=\"noreferrer noopener\">Quero ser aluno da Gran Faculdade!<\/a><\/strong><\/p>\n","protected":false},"excerpt":{"rendered":"<p>A p\u00f3s-gradua\u00e7\u00e3o em Direito Administrativo permite apoiar, atualizar e capacitar profissionais em conhecimentos essenciais, processos administrativos (como licita\u00e7\u00f5es), aplica\u00e7\u00e3o da lei, fiscaliza\u00e7\u00e3o e auditoria de \u00f3rg\u00e3os p\u00fablicos e empresas! Se voc\u00ea se interessa pela \u00e1rea, o texto a seguir pode te ajudar a entender melhor sobre o curso de Direito Administrativo e as vantagens que&hellip;<\/p>\n","protected":false},"author":486,"featured_media":79749946,"comment_status":"open","ping_status":"open","sticky":false,"template":"","format":"standard","meta":{"_acf_changed":false,"content-type":"","footnotes":""},"categories":[209229,2],"tags":[],"class_list":["post-79439272","post","type-post","status-publish","format-standard","has-post-thumbnail","hentry","category-pos-graduacao","category-ultimas-noticias"],"acf":[],"yoast_head":"<!-- This site is optimized with the Yoast SEO Premium plugin v27.2 (Yoast SEO v27.2) - https:\/\/yoast.com\/product\/yoast-seo-premium-wordpress\/ -->\n<title>P\u00f3s-gradua\u00e7\u00e3o em Direito Administrativo: conhe\u00e7a o curso!<\/title>\n<meta name=\"description\" content=\"Confira mais sobre a p\u00f3s-gradua\u00e7\u00e3o em Direito Administrativo. Conhe\u00e7a o curso e veja as oportunidades de carreira para essa \u00e1rea de atua\u00e7\u00e3o.\" \/>\n<meta name=\"robots\" content=\"index, follow, max-snippet:-1, max-image-preview:large, max-video-preview:-1\" \/>\n<link rel=\"canonical\" href=\"https:\/\/faculdade.grancursosonline.com.br\/blog\/pos-graduacao-em-direito-administrativo\/\" \/>\n<meta property=\"og:locale\" content=\"pt_BR\" \/>\n<meta property=\"og:type\" content=\"article\" \/>\n<meta property=\"og:title\" content=\"P\u00f3s-gradua\u00e7\u00e3o em Direito Administrativo: conhe\u00e7a o curso!\" \/>\n<meta property=\"og:description\" content=\"Confira mais sobre a p\u00f3s-gradua\u00e7\u00e3o em Direito Administrativo. Conhe\u00e7a o curso e veja as oportunidades de carreira para essa \u00e1rea de atua\u00e7\u00e3o.\" \/>\n<meta property=\"og:url\" content=\"https:\/\/faculdade.grancursosonline.com.br\/blog\/pos-graduacao-em-direito-administrativo\/\" \/>\n<meta property=\"og:site_name\" content=\"Blog Gran Faculdade\" \/>\n<meta property=\"article:publisher\" content=\"https:\/\/www.facebook.com\/grancursosonline\/\" \/>\n<meta property=\"article:published_time\" content=\"2024-11-25T14:33:02+00:00\" \/>\n<meta property=\"article:modified_time\" content=\"2024-11-26T12:44:36+00:00\" \/>\n<meta property=\"og:image\" content=\"https:\/\/blog-es-static.infra.grancursosonline.com.br\/wp-content\/uploads\/2024\/11\/26094402\/pos-graduacao-direito-administrativo-social.jpg\" \/>\n\t<meta property=\"og:image:width\" content=\"511\" \/>\n\t<meta property=\"og:image:height\" content=\"311\" \/>\n\t<meta property=\"og:image:type\" content=\"image\/jpeg\" \/>\n<meta name=\"author\" content=\"Equipe Gran\" \/>\n<meta name=\"twitter:card\" content=\"summary_large_image\" \/>\n<meta name=\"twitter:creator\" content=\"@gran_online\" \/>\n<meta name=\"twitter:site\" content=\"@gran_online\" \/>\n<meta name=\"twitter:label1\" content=\"Written by\" \/>\n\t<meta name=\"twitter:data1\" content=\"Equipe Gran\" \/>\n\t<meta name=\"twitter:label2\" content=\"Est. reading time\" \/>\n\t<meta name=\"twitter:data2\" content=\"34 minutos\" \/>\n<script type=\"application\/ld+json\" class=\"yoast-schema-graph\">{\"@context\":\"https:\/\/schema.org\",\"@graph\":[{\"@type\":\"NewsArticle\",\"@id\":\"https:\/\/faculdade.grancursosonline.com.br\/blog\/pos-graduacao-em-direito-administrativo\/#article\",\"isPartOf\":{\"@id\":\"https:\/\/faculdade.grancursosonline.com.br\/blog\/pos-graduacao-em-direito-administrativo\/\"},\"author\":{\"name\":\"Equipe Gran\",\"@id\":\"https:\/\/faculdade.grancursosonline.com.br\/blog\/#\/schema\/person\/c05f350f8ea43a7138aaffc6a87bc5e0\"},\"headline\":\"P\u00f3s-gradua\u00e7\u00e3o em Direito Administrativo: conhe\u00e7a o curso!\",\"datePublished\":\"2024-11-25T14:33:02+00:00\",\"dateModified\":\"2024-11-26T12:44:36+00:00\",\"mainEntityOfPage\":{\"@id\":\"https:\/\/faculdade.grancursosonline.com.br\/blog\/pos-graduacao-em-direito-administrativo\/\"},\"wordCount\":1390,\"commentCount\":0,\"publisher\":{\"@id\":\"https:\/\/faculdade.grancursosonline.com.br\/blog\/#organization\"},\"image\":{\"@id\":\"https:\/\/faculdade.grancursosonline.com.br\/blog\/pos-graduacao-em-direito-administrativo\/#primaryimage\"},\"thumbnailUrl\":\"https:\/\/blog-es-static.infra.grancursosonline.com.br\/wp-content\/uploads\/2024\/11\/26094257\/pos-graduacao-direito-administrativo.jpg\",\"articleSection\":[\"P\u00f3s-Gradua\u00e7\u00e3o Gran Faculdade\",\"\u00daltimas Not\u00edcias\"],\"inLanguage\":\"pt-BR\",\"potentialAction\":[{\"@type\":\"CommentAction\",\"name\":\"Comment\",\"target\":[\"https:\/\/faculdade.grancursosonline.com.br\/blog\/pos-graduacao-em-direito-administrativo\/#respond\"]}],\"copyrightYear\":\"2024\",\"copyrightHolder\":{\"@id\":\"https:\/\/faculdade.grancursosonline.com.br\/blog\/#organization\"}},{\"@type\":\"WebPage\",\"@id\":\"https:\/\/faculdade.grancursosonline.com.br\/blog\/pos-graduacao-em-direito-administrativo\/\",\"url\":\"https:\/\/faculdade.grancursosonline.com.br\/blog\/pos-graduacao-em-direito-administrativo\/\",\"name\":\"P\u00f3s-gradua\u00e7\u00e3o em Direito Administrativo: conhe\u00e7a o curso!\",\"isPartOf\":{\"@id\":\"https:\/\/faculdade.grancursosonline.com.br\/blog\/#website\"},\"primaryImageOfPage\":{\"@id\":\"https:\/\/faculdade.grancursosonline.com.br\/blog\/pos-graduacao-em-direito-administrativo\/#primaryimage\"},\"image\":{\"@id\":\"https:\/\/faculdade.grancursosonline.com.br\/blog\/pos-graduacao-em-direito-administrativo\/#primaryimage\"},\"thumbnailUrl\":\"https:\/\/blog-es-static.infra.grancursosonline.com.br\/wp-content\/uploads\/2024\/11\/26094257\/pos-graduacao-direito-administrativo.jpg\",\"datePublished\":\"2024-11-25T14:33:02+00:00\",\"dateModified\":\"2024-11-26T12:44:36+00:00\",\"description\":\"Confira mais sobre a p\u00f3s-gradua\u00e7\u00e3o em Direito Administrativo. Conhe\u00e7a o curso e veja as oportunidades de carreira para essa \u00e1rea de atua\u00e7\u00e3o.\",\"breadcrumb\":{\"@id\":\"https:\/\/faculdade.grancursosonline.com.br\/blog\/pos-graduacao-em-direito-administrativo\/#breadcrumb\"},\"inLanguage\":\"pt-BR\",\"potentialAction\":[{\"@type\":\"ReadAction\",\"target\":[\"https:\/\/faculdade.grancursosonline.com.br\/blog\/pos-graduacao-em-direito-administrativo\/\"]}]},{\"@type\":\"ImageObject\",\"inLanguage\":\"pt-BR\",\"@id\":\"https:\/\/faculdade.grancursosonline.com.br\/blog\/pos-graduacao-em-direito-administrativo\/#primaryimage\",\"url\":\"https:\/\/blog-es-static.infra.grancursosonline.com.br\/wp-content\/uploads\/2024\/11\/26094257\/pos-graduacao-direito-administrativo.jpg\",\"contentUrl\":\"https:\/\/blog-es-static.infra.grancursosonline.com.br\/wp-content\/uploads\/2024\/11\/26094257\/pos-graduacao-direito-administrativo.jpg\",\"width\":1001,\"height\":601,\"caption\":\"P\u00f3s-gradua\u00e7\u00e3o em Direito Administrativo\"},{\"@type\":\"BreadcrumbList\",\"@id\":\"https:\/\/faculdade.grancursosonline.com.br\/blog\/pos-graduacao-em-direito-administrativo\/#breadcrumb\",\"itemListElement\":[{\"@type\":\"ListItem\",\"position\":1,\"name\":\"In\u00edcio\",\"item\":\"https:\/\/faculdade.grancursosonline.com.br\/blog\/\"},{\"@type\":\"ListItem\",\"position\":2,\"name\":\"P\u00f3s-Gradua\u00e7\u00e3o Gran Faculdade\",\"item\":\"https:\/\/faculdade.grancursosonline.com.br\/blog\/pos-graduacao\/\"},{\"@type\":\"ListItem\",\"position\":3,\"name\":\"P\u00f3s-gradua\u00e7\u00e3o em Direito Administrativo: conhe\u00e7a o curso!\"}]},{\"@type\":\"WebSite\",\"@id\":\"https:\/\/faculdade.grancursosonline.com.br\/blog\/#website\",\"url\":\"https:\/\/faculdade.grancursosonline.com.br\/blog\/\",\"name\":\"Blog Gran Faculdade\",\"description\":\"Tudo sobre ensino superior, p\u00f3s-gradua\u00e7\u00e3o, enem e carreira.\",\"publisher\":{\"@id\":\"https:\/\/faculdade.grancursosonline.com.br\/blog\/#organization\"},\"potentialAction\":[{\"@type\":\"SearchAction\",\"target\":{\"@type\":\"EntryPoint\",\"urlTemplate\":\"https:\/\/faculdade.grancursosonline.com.br\/blog\/?s={search_term_string}\"},\"query-input\":{\"@type\":\"PropertyValueSpecification\",\"valueRequired\":true,\"valueName\":\"search_term_string\"}}],\"inLanguage\":\"pt-BR\"},{\"@type\":\"Organization\",\"@id\":\"https:\/\/faculdade.grancursosonline.com.br\/blog\/#organization\",\"name\":\"Gran Cursos Online\",\"url\":\"https:\/\/faculdade.grancursosonline.com.br\/blog\/\",\"logo\":{\"@type\":\"ImageObject\",\"inLanguage\":\"pt-BR\",\"@id\":\"https:\/\/faculdade.grancursosonline.com.br\/blog\/#\/schema\/logo\/image\/\",\"url\":\"https:\/\/blog-es-static.infra.grancursosonline.com.br\/wp-content\/uploads\/2019\/08\/03123934\/logo.png\",\"contentUrl\":\"https:\/\/blog-es-static.infra.grancursosonline.com.br\/wp-content\/uploads\/2019\/08\/03123934\/logo.png\",\"width\":300,\"height\":57,\"caption\":\"Gran Cursos Online\"},\"image\":{\"@id\":\"https:\/\/faculdade.grancursosonline.com.br\/blog\/#\/schema\/logo\/image\/\"},\"sameAs\":[\"https:\/\/www.facebook.com\/grancursosonline\/\",\"https:\/\/x.com\/gran_online\",\"https:\/\/www.instagram.com\/grancursosonline\/\",\"https:\/\/www.youtube.com\/user\/grancursostv\"]},{\"@type\":\"Person\",\"@id\":\"https:\/\/faculdade.grancursosonline.com.br\/blog\/#\/schema\/person\/c05f350f8ea43a7138aaffc6a87bc5e0\",\"name\":\"Equipe Gran\",\"sameAs\":[\"http:\/\/www.grancursosonline.com.br\"],\"url\":\"https:\/\/faculdade.grancursosonline.com.br\/blog\/author\/hugo-oliveira\/\"}]}<\/script>\n<!-- \/ Yoast SEO Premium plugin. -->","yoast_head_json":{"title":"P\u00f3s-gradua\u00e7\u00e3o em Direito Administrativo: conhe\u00e7a o curso!","description":"Confira mais sobre a p\u00f3s-gradua\u00e7\u00e3o em Direito Administrativo. Conhe\u00e7a o curso e veja as oportunidades de carreira para essa \u00e1rea de atua\u00e7\u00e3o.","robots":{"index":"index","follow":"follow","max-snippet":"max-snippet:-1","max-image-preview":"max-image-preview:large","max-video-preview":"max-video-preview:-1"},"canonical":"https:\/\/faculdade.grancursosonline.com.br\/blog\/pos-graduacao-em-direito-administrativo\/","og_locale":"pt_BR","og_type":"article","og_title":"P\u00f3s-gradua\u00e7\u00e3o em Direito Administrativo: conhe\u00e7a o curso!","og_description":"Confira mais sobre a p\u00f3s-gradua\u00e7\u00e3o em Direito Administrativo. Conhe\u00e7a o curso e veja as oportunidades de carreira para essa \u00e1rea de atua\u00e7\u00e3o.","og_url":"https:\/\/faculdade.grancursosonline.com.br\/blog\/pos-graduacao-em-direito-administrativo\/","og_site_name":"Blog Gran Faculdade","article_publisher":"https:\/\/www.facebook.com\/grancursosonline\/","article_published_time":"2024-11-25T14:33:02+00:00","article_modified_time":"2024-11-26T12:44:36+00:00","og_image":[{"width":511,"height":311,"url":"https:\/\/blog-es-static.infra.grancursosonline.com.br\/wp-content\/uploads\/2024\/11\/26094402\/pos-graduacao-direito-administrativo-social.jpg","type":"image\/jpeg"}],"author":"Equipe Gran","twitter_card":"summary_large_image","twitter_creator":"@gran_online","twitter_site":"@gran_online","twitter_misc":{"Written by":"Equipe Gran","Est. reading time":"34 minutos"},"schema":{"@context":"https:\/\/schema.org","@graph":[{"@type":"NewsArticle","@id":"https:\/\/faculdade.grancursosonline.com.br\/blog\/pos-graduacao-em-direito-administrativo\/#article","isPartOf":{"@id":"https:\/\/faculdade.grancursosonline.com.br\/blog\/pos-graduacao-em-direito-administrativo\/"},"author":{"name":"Equipe Gran","@id":"https:\/\/faculdade.grancursosonline.com.br\/blog\/#\/schema\/person\/c05f350f8ea43a7138aaffc6a87bc5e0"},"headline":"P\u00f3s-gradua\u00e7\u00e3o em Direito Administrativo: conhe\u00e7a o curso!","datePublished":"2024-11-25T14:33:02+00:00","dateModified":"2024-11-26T12:44:36+00:00","mainEntityOfPage":{"@id":"https:\/\/faculdade.grancursosonline.com.br\/blog\/pos-graduacao-em-direito-administrativo\/"},"wordCount":1390,"commentCount":0,"publisher":{"@id":"https:\/\/faculdade.grancursosonline.com.br\/blog\/#organization"},"image":{"@id":"https:\/\/faculdade.grancursosonline.com.br\/blog\/pos-graduacao-em-direito-administrativo\/#primaryimage"},"thumbnailUrl":"https:\/\/blog-es-static.infra.grancursosonline.com.br\/wp-content\/uploads\/2024\/11\/26094257\/pos-graduacao-direito-administrativo.jpg","articleSection":["P\u00f3s-Gradua\u00e7\u00e3o Gran Faculdade","\u00daltimas Not\u00edcias"],"inLanguage":"pt-BR","potentialAction":[{"@type":"CommentAction","name":"Comment","target":["https:\/\/faculdade.grancursosonline.com.br\/blog\/pos-graduacao-em-direito-administrativo\/#respond"]}],"copyrightYear":"2024","copyrightHolder":{"@id":"https:\/\/faculdade.grancursosonline.com.br\/blog\/#organization"}},{"@type":"WebPage","@id":"https:\/\/faculdade.grancursosonline.com.br\/blog\/pos-graduacao-em-direito-administrativo\/","url":"https:\/\/faculdade.grancursosonline.com.br\/blog\/pos-graduacao-em-direito-administrativo\/","name":"P\u00f3s-gradua\u00e7\u00e3o em Direito Administrativo: conhe\u00e7a o curso!","isPartOf":{"@id":"https:\/\/faculdade.grancursosonline.com.br\/blog\/#website"},"primaryImageOfPage":{"@id":"https:\/\/faculdade.grancursosonline.com.br\/blog\/pos-graduacao-em-direito-administrativo\/#primaryimage"},"image":{"@id":"https:\/\/faculdade.grancursosonline.com.br\/blog\/pos-graduacao-em-direito-administrativo\/#primaryimage"},"thumbnailUrl":"https:\/\/blog-es-static.infra.grancursosonline.com.br\/wp-content\/uploads\/2024\/11\/26094257\/pos-graduacao-direito-administrativo.jpg","datePublished":"2024-11-25T14:33:02+00:00","dateModified":"2024-11-26T12:44:36+00:00","description":"Confira mais sobre a p\u00f3s-gradua\u00e7\u00e3o em Direito Administrativo. Conhe\u00e7a o curso e veja as oportunidades de carreira para essa \u00e1rea de atua\u00e7\u00e3o.","breadcrumb":{"@id":"https:\/\/faculdade.grancursosonline.com.br\/blog\/pos-graduacao-em-direito-administrativo\/#breadcrumb"},"inLanguage":"pt-BR","potentialAction":[{"@type":"ReadAction","target":["https:\/\/faculdade.grancursosonline.com.br\/blog\/pos-graduacao-em-direito-administrativo\/"]}]},{"@type":"ImageObject","inLanguage":"pt-BR","@id":"https:\/\/faculdade.grancursosonline.com.br\/blog\/pos-graduacao-em-direito-administrativo\/#primaryimage","url":"https:\/\/blog-es-static.infra.grancursosonline.com.br\/wp-content\/uploads\/2024\/11\/26094257\/pos-graduacao-direito-administrativo.jpg","contentUrl":"https:\/\/blog-es-static.infra.grancursosonline.com.br\/wp-content\/uploads\/2024\/11\/26094257\/pos-graduacao-direito-administrativo.jpg","width":1001,"height":601,"caption":"P\u00f3s-gradua\u00e7\u00e3o em Direito Administrativo"},{"@type":"BreadcrumbList","@id":"https:\/\/faculdade.grancursosonline.com.br\/blog\/pos-graduacao-em-direito-administrativo\/#breadcrumb","itemListElement":[{"@type":"ListItem","position":1,"name":"In\u00edcio","item":"https:\/\/faculdade.grancursosonline.com.br\/blog\/"},{"@type":"ListItem","position":2,"name":"P\u00f3s-Gradua\u00e7\u00e3o Gran Faculdade","item":"https:\/\/faculdade.grancursosonline.com.br\/blog\/pos-graduacao\/"},{"@type":"ListItem","position":3,"name":"P\u00f3s-gradua\u00e7\u00e3o em Direito Administrativo: conhe\u00e7a o curso!"}]},{"@type":"WebSite","@id":"https:\/\/faculdade.grancursosonline.com.br\/blog\/#website","url":"https:\/\/faculdade.grancursosonline.com.br\/blog\/","name":"Blog Gran Faculdade","description":"Tudo sobre ensino superior, p\u00f3s-gradua\u00e7\u00e3o, enem e carreira.","publisher":{"@id":"https:\/\/faculdade.grancursosonline.com.br\/blog\/#organization"},"potentialAction":[{"@type":"SearchAction","target":{"@type":"EntryPoint","urlTemplate":"https:\/\/faculdade.grancursosonline.com.br\/blog\/?s={search_term_string}"},"query-input":{"@type":"PropertyValueSpecification","valueRequired":true,"valueName":"search_term_string"}}],"inLanguage":"pt-BR"},{"@type":"Organization","@id":"https:\/\/faculdade.grancursosonline.com.br\/blog\/#organization","name":"Gran Cursos Online","url":"https:\/\/faculdade.grancursosonline.com.br\/blog\/","logo":{"@type":"ImageObject","inLanguage":"pt-BR","@id":"https:\/\/faculdade.grancursosonline.com.br\/blog\/#\/schema\/logo\/image\/","url":"https:\/\/blog-es-static.infra.grancursosonline.com.br\/wp-content\/uploads\/2019\/08\/03123934\/logo.png","contentUrl":"https:\/\/blog-es-static.infra.grancursosonline.com.br\/wp-content\/uploads\/2019\/08\/03123934\/logo.png","width":300,"height":57,"caption":"Gran Cursos Online"},"image":{"@id":"https:\/\/faculdade.grancursosonline.com.br\/blog\/#\/schema\/logo\/image\/"},"sameAs":["https:\/\/www.facebook.com\/grancursosonline\/","https:\/\/x.com\/gran_online","https:\/\/www.instagram.com\/grancursosonline\/","https:\/\/www.youtube.com\/user\/grancursostv"]},{"@type":"Person","@id":"https:\/\/faculdade.grancursosonline.com.br\/blog\/#\/schema\/person\/c05f350f8ea43a7138aaffc6a87bc5e0","name":"Equipe Gran","sameAs":["http:\/\/www.grancursosonline.com.br"],"url":"https:\/\/faculdade.grancursosonline.com.br\/blog\/author\/hugo-oliveira\/"}]}},"_links":{"self":[{"href":"https:\/\/faculdade.grancursosonline.com.br\/blog\/wp-json\/wp\/v2\/posts\/79439272","targetHints":{"allow":["GET"]}}],"collection":[{"href":"https:\/\/faculdade.grancursosonline.com.br\/blog\/wp-json\/wp\/v2\/posts"}],"about":[{"href":"https:\/\/faculdade.grancursosonline.com.br\/blog\/wp-json\/wp\/v2\/types\/post"}],"author":[{"embeddable":true,"href":"https:\/\/faculdade.grancursosonline.com.br\/blog\/wp-json\/wp\/v2\/users\/486"}],"replies":[{"embeddable":true,"href":"https:\/\/faculdade.grancursosonline.com.br\/blog\/wp-json\/wp\/v2\/comments?post=79439272"}],"version-history":[{"count":2,"href":"https:\/\/faculdade.grancursosonline.com.br\/blog\/wp-json\/wp\/v2\/posts\/79439272\/revisions"}],"predecessor-version":[{"id":79749933,"href":"https:\/\/faculdade.grancursosonline.com.br\/blog\/wp-json\/wp\/v2\/posts\/79439272\/revisions\/79749933"}],"wp:featuredmedia":[{"embeddable":true,"href":"https:\/\/faculdade.grancursosonline.com.br\/blog\/wp-json\/wp\/v2\/media\/79749946"}],"wp:attachment":[{"href":"https:\/\/faculdade.grancursosonline.com.br\/blog\/wp-json\/wp\/v2\/media?parent=79439272"}],"wp:term":[{"taxonomy":"category","embeddable":true,"href":"https:\/\/faculdade.grancursosonline.com.br\/blog\/wp-json\/wp\/v2\/categories?post=79439272"},{"taxonomy":"post_tag","embeddable":true,"href":"https:\/\/faculdade.grancursosonline.com.br\/blog\/wp-json\/wp\/v2\/tags?post=79439272"}],"curies":[{"name":"wp","href":"https:\/\/api.w.org\/{rel}","templated":true}]}}