{"id":79445737,"date":"2025-10-08T15:40:22","date_gmt":"2025-10-08T18:40:22","guid":{"rendered":"https:\/\/blog.grancursosonline.com.br\/?p=79445737"},"modified":"2025-10-08T15:41:51","modified_gmt":"2025-10-08T18:41:51","slug":"advocacia-publica-pos-graduacao-em-ciencias-juridicas","status":"publish","type":"post","link":"https:\/\/faculdade.grancursosonline.com.br\/blog\/advocacia-publica-pos-graduacao-em-ciencias-juridicas\/","title":{"rendered":"Advocacia p\u00fablica: o que faz e como estudar? Confira!"},"content":{"rendered":"\n<p>A Advocacia P\u00fablica est\u00e1 prevista na Constitui\u00e7\u00e3o Federal de 1988 como uma das fun\u00e7\u00f5es essenciais \u00e0 justi\u00e7a. Ou seja, \u00e9 por meio dela que ocorre a representa\u00e7\u00e3o judicial (e extrajudicial) de entes pol\u00edticos, assessoria jur\u00eddica ao poder Executivo e tamb\u00e9m a concep\u00e7\u00e3o de pol\u00edticas p\u00fablicas.<\/p>\n\n\n\n<p>Resumidamente, a advocacia p\u00fablica \u00e9 a maneira como o<strong> <\/strong>Estado \u00e9 representado, observando a lei com o objetivo de sempre agir de forma constitucional. Mas voc\u00ea sabia que essa n\u00e3o \u00e9 a \u00fanica maneira de conquistar um cargo na carreira de Advocacia P\u00fablica?<\/p>\n\n\n\n<p>Por isso, se voc\u00ea busca atuar na \u00e1rea ou em di\u00e1logo com ela, pode se interessar por se capacitar na \u00e1rea e fazer uma p\u00f3s-gradua\u00e7\u00e3o em Advocacia P\u00fablica.<\/p>\n\n\n\n<div class=\"wp-block-columns is-layout-flex wp-container-core-columns-is-layout-9d6595d7 wp-block-columns-is-layout-flex\">\n<div class=\"wp-block-column is-layout-flow wp-block-column-is-layout-flow\" style=\"flex-basis:100%\"><div class=\"wp-block-image\">\n<figure class=\"aligncenter size-full\"><a href=\"https:\/\/whatsapp.com\/channel\/0029VaG1sChI7Be7PNndhL43\" target=\"_blank\" rel=\"noopener\"><img decoding=\"async\" src=\"https:\/\/blog-es-static.infra.grancursosonline.com.br\/wp-content\/uploads\/2025\/09\/09112354\/banner-wp-600x142-80.webp\" alt=\"Acesse o canal do WhatsApp da Gran Faculdade\" class=\"wp-image-79751904\"\/><\/a><\/figure>\n<\/div><\/div>\n<\/div>\n\n\n\n<p>Se voc\u00ea quer saber mais sobre o tema, acompanhe o post ou navegue pelo <span id=\"indice\">\u00edndice<\/span> abaixo:<\/p>\n\n\n\n<ul class=\"wp-block-list\">\n<li><a href=\"#conceito\">O que \u00e9 advocacia p\u00fablica?<\/a><\/li>\n\n\n\n<li><a href=\"#atividades\">Advogado do setor p\u00fablico: o que faz?<\/a><\/li>\n\n\n\n<li><a href=\"#funcao\">Fun\u00e7\u00f5es da advocacia p\u00fablica<\/a><\/li>\n\n\n\n<li><a href=\"#estrutura\">Estrutura da advocacia p\u00fablica<\/a><\/li>\n\n\n\n<li><a href=\"#defensoria\">Advocacia p\u00fablica e defensoria p\u00fablica<\/a><\/li>\n\n\n\n<li><a href=\"#privado\">Advocacia p\u00fablica e privada<\/a><\/li>\n\n\n\n<li><a href=\"#curso\">Curso para advocacia p\u00fablica<\/a><\/li>\n<\/ul>\n\n\n\n<h2 class=\"wp-block-heading\" id=\"conceito\">O que \u00e9 advocacia p\u00fablica?<\/h2>\n\n\n\n<p>A advocacia p\u00fablica \u00e9 uma \u00e1rea do Direito respons\u00e1vel por atuar frente a quest\u00f5es de interesse das institui\u00e7\u00f5es que representam o poder p\u00fablico. Ou seja, \u00e9 um campo voltado para t\u00f3picos relacionados \u00e0<a href=\"https:\/\/faculdade.grancursosonline.com.br\/curso\/gestao-publica\/\" target=\"_blank\" rel=\"noopener\"> gest\u00e3o p\u00fablica<\/a> em diferentes institui\u00e7\u00f5es: prefeituras, c\u00e2maras, Uni\u00e3o e muitas outras.<\/p>\n\n\n\n<p>O conceito mais popular referente \u00e0 advocacia p\u00fablica est\u00e1 previsto na Constitui\u00e7\u00e3o Federal, no artigo 131, que trata sobre o principal \u00f3rg\u00e3o mais tradicional dessa \u00e1rea (Advocacia Geral da Uni\u00e3o, ou AGU). Apesar da defini\u00e7\u00e3o se aplicar a Uni\u00e3o, ele ilustra bem o papel desse campo como um todo:<\/p>\n\n\n\n<blockquote class=\"wp-block-quote is-layout-flow wp-block-quote-is-layout-flow\">\n<p><em>Art. 131. A Advocacia-Geral da Uni\u00e3o \u00e9 a institui\u00e7\u00e3o que, diretamente ou atrav\u00e9s de \u00f3rg\u00e3o vinculado, representa a Uni\u00e3o, judicial e extrajudicialmente, cabendo-lhe, nos termos da lei complementar que dispuser sobre sua organiza\u00e7\u00e3o e funcionamento, as atividades de consultoria e assessoramento jur\u00eddico do Poder Executivo.<\/em><\/p>\n<\/blockquote>\n\n\n\n<h2 class=\"wp-block-heading\" id=\"atividades\">Advogado do setor p\u00fablico: o que faz?<\/h2>\n\n\n\n<p>Muita gente j\u00e1 deve ter se perguntado: \u201cAdvogado do setor p\u00fablico: o que faz?\u201d. Por isso, listamos as suas principais atividades, que s\u00e3o:<\/p>\n\n\n\n<ul class=\"wp-block-list\">\n<li>Defende os interesses de \u00f3rg\u00e3os p\u00fablicos ou da popula\u00e7\u00e3o, de acordo com a institui\u00e7\u00e3o em que atua;<\/li>\n\n\n\n<li>Aconselha em pareceres jur\u00eddicos e quest\u00f5es legais relacionadas \u00e0 gest\u00e3o p\u00fablica;<\/li>\n\n\n\n<li>Elabora e fiscaliza contratos, concursos e processos seletivos e administrativos;<\/li>\n\n\n\n<li>Avalia quest\u00f5es relacionadas \u00e0 regulamenta\u00e7\u00e3o jur\u00eddica p\u00fablica;<\/li>\n\n\n\n<li>Desenvolve projetos jur\u00eddicos voltados para o poder p\u00fablico e muito mais!<\/li>\n<\/ul>\n\n\n\n<h2 class=\"wp-block-heading\" id=\"funcao\">Fun\u00e7\u00f5es da advocacia p\u00fablica<\/h2>\n\n\n\n<p>Em geral, a principal fun\u00e7\u00e3o da advocacia p\u00fablica \u00e9 defender e incentivar quest\u00f5es que sejam de interesse p\u00fablico. Ou seja, o papel do profissional dessa \u00e1rea \u00e9 garantir que, dentro da lei, o principal beneficiado seja o setor p\u00fablico: seja na representa\u00e7\u00e3o de uma institui\u00e7\u00e3o ou tamb\u00e9m enquanto representante da popula\u00e7\u00e3o.<\/p>\n\n\n\n<p>Segundo o C\u00f3digo de Processo Civil brasileiro, a principal dentre as fun\u00e7\u00f5es da advocacia p\u00fablica \u00e9:<\/p>\n\n\n\n<blockquote class=\"wp-block-quote is-layout-flow wp-block-quote-is-layout-flow\">\n<p>&#8220;<em>defender e promover os interesses p\u00fablicos da Uni\u00e3o, dos Estados, do Distrito Federal e dos Munic\u00edpios, por meio da representa\u00e7\u00e3o judicial, em todos os \u00e2mbitos federativos, das pessoas jur\u00eddicas de direito p\u00fablico que integram a administra\u00e7\u00e3o direta e indireta&#8221;.<\/em><\/p>\n<\/blockquote>\n\n\n\n<h2 class=\"wp-block-heading\" id=\"estrutura\">Estrutura da advocacia p\u00fablica<\/h2>\n\n\n\n<p>Essencialmente, os profissionais envolvidos com a carreira de advocacia p\u00fablica podem atuar em todas as esferas, desde a municipal at\u00e9 a federal.<\/p>\n\n\n\n<p>Conhe\u00e7a a seguir algumas carreiras poss\u00edveis:<\/p>\n\n\n\n<h3 class=\"wp-block-heading\">Advocacia Geral da Uni\u00e3o (AGU)<\/h3>\n\n\n\n<p>No \u00e2mbito federal, a divis\u00e3o de cargos da advocacia p\u00fablica fica em cargo da AGU, que segmenta a carreira da seguinte forma<\/p>\n\n\n\n<ul class=\"wp-block-list\">\n<li><strong>Advogado P\u00fablico da Uni\u00e3o<\/strong>: defende os interesses da Uni\u00e3o, exceto em casos fiscais;<\/li>\n\n\n\n<li><strong>Procurador Federal:<\/strong> trabalha em defesa das autarquias e funda\u00e7\u00f5es federais;<\/li>\n\n\n\n<li><strong>Procurador da Fazenda:<\/strong> defende os interesses da Uni\u00e3o essencialmente em casos fiscais<\/li>\n<\/ul>\n\n\n\n<h3 class=\"wp-block-heading\">Procuradorias<\/h3>\n\n\n\n<p>Al\u00e9m das procuradorias federais, existem tamb\u00e9m as procuradorias estaduais. De modo geral, s\u00e3o intitulados como Procuradores do Estado, os advogados p\u00fablicos que atuam nas esferas municipal e estadual da advocacia p\u00fablica. As atividades s\u00e3o basicamente as mesmas da Uni\u00e3o, mas aplicadas \u00e0 gest\u00e3o p\u00fablica municipal e estadual.<\/p>\n\n\n\n<h3 class=\"wp-block-heading\">Defensorias<\/h3>\n\n\n\n<p>Por fim, outro \u00f3rg\u00e3os referente \u00e0 advocacia p\u00fablica s\u00e3o as Defensorias.<strong> <\/strong>O objetivo aqui \u00e9 defender principalmente a popula\u00e7\u00e3o que n\u00e3o tem condi\u00e7\u00f5es de arcar com os custos de um advogado privado (idosos, pessoas em situa\u00e7\u00e3o de vulnerabilidade, crian\u00e7as, v\u00edtimas de viol\u00eancia do estado e outros). Aqui o \u00f3rg\u00e3o pode ser estadual ou federal.<\/p>\n\n\n\n<h2 class=\"wp-block-heading\" id=\"defensoria\">Advocacia p\u00fablica e defensoria p\u00fablica<\/h2>\n\n\n\n<p>Um ponto importante quando falamos sobre advocacia p\u00fablica e defensoria p\u00fablica \u00e9 no que se refere ao campo de atua\u00e7\u00e3o. Em geral, a advocacia p\u00fablica defende quest\u00f5es de interesse p\u00fablico. J\u00e1 a defensoria p\u00fablica \u00e9 mais aplicada \u00e0 sociedade em geral contra outras entidades.<\/p>\n\n\n\n<p>Desse modo, podemos observar que a advocacia p\u00fablica est\u00e1 voltada para dois principais campos: tanto para a defesa dos interesses administrativos, como tamb\u00e9m os sociais.<strong> <\/strong>Com isso, fica garantido a atua\u00e7\u00e3o p\u00fablica frente a uma s\u00e9rie de quest\u00f5es que busquem fortalecer a sociedade e a gest\u00e3o.<\/p>\n\n\n\n<h2 class=\"wp-block-heading\" id=\"privado\">Advocacia p\u00fablica e privada<\/h2>\n\n\n\n<p>Em geral, quando falamos sobre advocacia p\u00fablica e privada, estamos falando de um contraponto simples: o advogado p\u00fablico defende interesses p\u00fablicos exclusivamente, j\u00e1 o advogado privado atua em processos de interesse privado.<\/p>\n\n\n\n<p>Cabe destacar que o interesse privado por ser tanto para <a href=\"https:\/\/blog.grancursosonline.com.br\/pessoas-juridicas\/\" target=\"_blank\" rel=\"noopener\">pessoas jur\u00eddicas<\/a>, como tamb\u00e9m para pessoas f\u00edsicas. Al\u00e9m disso, um advogado privado tamb\u00e9m pode atuar em casos que sejam de interesse p\u00fablico. A diferen\u00e7a aqui \u00e9 a amplitude do campo de atua\u00e7\u00e3o e a autoridade do advogado frente a algumas quest\u00f5es voltadas \u00e0 gest\u00e3o p\u00fablica.<\/p>\n\n\n\n<p>Al\u00e9m disso, a forma de ingresso na carreira da advocacia p\u00fablica \u00e9 diferente de um advogado privado.Para atuar como advogado p\u00fablico, \u00e9 preciso preencher alguns requisitos, que s\u00e3o:<\/p>\n\n\n\n<ul class=\"wp-block-list\">\n<li>Ser bacharel em Direito em uma Institui\u00e7\u00e3o devidamente reconhecida pelo MEC;<\/li>\n\n\n\n<li>Ter inscri\u00e7\u00e3o na Ordem de Advogados do Brasil (ter sido aprovado em todas as etapas da Prova OAB);<\/li>\n\n\n\n<li>Ser aprovado em todas as etapas do concurso p\u00fablico, seja ele municipal, estadual ou federal.<\/li>\n<\/ul>\n\n\n\n<p>Apesar de longo, o caminho \u00e9 muito recompensador: afinal, profissionais inseridos na carreira de advocacia p\u00fablica podem ganhar mais de R$20 mil reais por m\u00eas (Advogado P\u00fablico da Uni\u00e3o).<\/p>\n\n\n\n<h3 class=\"wp-block-heading\">Como s\u00e3o os certames?<\/h3>\n\n\n\n<p>Assim como acontece na maior parte dos certames jur\u00eddicos, as sele\u00e7\u00f5es p\u00fablicas para quem quer se tornar advogado p\u00fablico costumam ser extensas, contando com 5 fases. S\u00e3o elas:<\/p>\n\n\n\n<ul class=\"wp-block-list\">\n<li><strong>Prova Objetiva:<\/strong> car\u00e1ter eliminat\u00f3rio e classificat\u00f3rio;<\/li>\n\n\n\n<li><strong>Provas Discursivas:<\/strong> car\u00e1ter eliminat\u00f3rio e classificat\u00f3rio;<\/li>\n\n\n\n<li><strong>Prova Oral:<\/strong> car\u00e1ter eliminat\u00f3rio e classificat\u00f3rio;<\/li>\n\n\n\n<li><strong>Sindic\u00e2ncia de vida pregressa:<\/strong> car\u00e1ter eliminat\u00f3rio;<\/li>\n\n\n\n<li><strong>Avalia\u00e7\u00e3o de T\u00edtulos<\/strong>: car\u00e1ter classificat\u00f3rio.<\/li>\n<\/ul>\n\n\n\n<p>Em todas as etapas de avalia\u00e7\u00e3o de conhecimentos, s\u00e3o cobrados conhecimentos exclusivamente da \u00e1rea do Direito. Assim, n\u00e3o se observa bloco de &#8220;conhecimentos gerais&#8221; em concursos dessa esp\u00e9cie.<\/p>\n\n\n\n<h2 class=\"wp-block-heading\" id=\"curso\">Curso para advocacia p\u00fablica<\/h2>\n\n\n\n<p>Se voc\u00ea se interessa pela advocacia p\u00fablica, o curso de <a href=\"https:\/\/pos.grancursosonline.com.br\/curso\/ciencias-juridicas-aplicadas-a-advocacia-publica\" target=\"_blank\" rel=\"noopener\">p\u00f3s-gradua\u00e7\u00e3o em Ci\u00eancias Jur\u00eddicas aplicadas a Advocacia P\u00fablica<\/a> da<a href=\"https:\/\/faculdade.grancursosonline.com.br\/\" target=\"_blank\" rel=\"noopener\"> Gran Faculdade<\/a> pode te ajudar! Com o nosso curso, voc\u00ea pode potencializar tanto o ingresso mais r\u00e1pido na carreira, como tamb\u00e9m para os profissionais que j\u00e1 conquistaram o cargo.<\/p>\n\n\n\n<h3 class=\"wp-block-heading\">Conte\u00fados relevantes<\/h3>\n\n\n\n<p>O curso de<a href=\"https:\/\/pos.grancursosonline.com.br\/curso\/ciencias-juridicas-aplicadas-a-advocacia-publica\" target=\"_blank\" rel=\"noopener\"> p\u00f3s-gradua\u00e7\u00e3o em Advocacia P\u00fablica<\/a> busca promover a <strong>c<\/strong>apacita\u00e7\u00e3o de profissionais com conhecimentos te\u00f3ricos e pr\u00e1ticos e uma vis\u00e3o t\u00e9cnica e especializada para lidar com os desafios do <a href=\"https:\/\/pos.grancursosonline.com.br\/curso\/direito-publico\" target=\"_blank\" rel=\"noopener\">Direito P\u00fablico<\/a>.<\/p>\n\n\n\n<p>O grande foco est\u00e1 na pr\u00e1tica do Direito em suas diversas modalidades.<strong> <\/strong>Assim, o profissional n\u00e3o s\u00f3 se aprofunda nas no\u00e7\u00f5es te\u00f3ricas de cada segmento, como tamb\u00e9m aprende a melhor maneira de aplic\u00e1-los em situa\u00e7\u00f5es reais da advocacia p\u00fablica. Confira o conte\u00fado program\u00e1tico do curso:<\/p>\n\n\n\n<figure class=\"wp-block-table\"><div class=\"container-tabela\"><table class=\"has-fixed-layout\"><thead><tr><th>M\u00f3dulo<\/th><th>Conte\u00fado<\/th><\/tr><\/thead><tbody><tr><td>I<\/td><td>Direito Constitucional<br>Teoria Geral do Processo Coletivo Constitucional<br>Advocacia P\u00fablica Previdenci\u00e1ria: T\u00f3picos em Direito Previdenci\u00e1rio<br>Fundamentos Iniciais do Direito Administrativo para Advocacia P\u00fablica<br>Licita\u00e7\u00f5es e Contratos Governamentais<\/td><\/tr><tr><td>II<\/td><td>Conv\u00eanios e Parceria P\u00fablico-Privada<br>Controle Interno da Administra\u00e7\u00e3o P\u00fablica<br>Processo Administrativo Disciplinar<br>Direito Constitucional \u00e0 Sa\u00fade<br>Concilia\u00e7\u00e3o e Arbitragem na Administra\u00e7\u00e3o P\u00fablica<br>Organiza\u00e7\u00e3o da Advocacia P\u00fablica na Constitui\u00e7\u00e3o Federal: Aspectos Regimentais e Institucionais<\/td><\/tr><tr><td>III<\/td><td>T\u00f3picos em Direito Processual Civil: A Fazenda P\u00fablica em Ju\u00edzo<br>Regime Jur\u00eddico dos Servidores P\u00fablicos<br>T\u00f3picos em Direito Tribut\u00e1rio<br>Teoria Geral do Direito Ambiental: T\u00f3picos em Direito Ambiental<br>Direito Constitucional \u00e0 Sa\u00fade<br>Responsabilidade Civil do Estado<br>Etica e Probidade na Administra\u00e7\u00e3o P\u00fablica: lei 8.429\/92 e Lei 12.813\/13<br>Lei de Responsabilidade Fiscal<\/td><\/tr><\/tbody><\/table><\/div><\/figure>\n\n\n\n<h2 class=\"wp-block-heading\">Advocacia p\u00fablica: conhe\u00e7a seu curso!<\/h2>\n\n\n\n<p>Ficou interessado e gostaria de saber ainda mais? Confira uma an\u00e1lise completa do curso com coordenador Nilton Coutinho!<\/p>\n\n\n<div class=\"video-container\"><iframe loading=\"lazy\" loading=\"lazy\" width=\"560\" height=\"315\" src=\"https:\/\/www.youtube.com\/embed\/bk-N_oG1JQ8\" title=\"YouTube video player\" frameborder=\"0\" allowfullscreen><\/iframe><\/div>\n\n\n\n<h2 class=\"wp-block-heading\">P\u00f3s-Gradua\u00e7\u00e3o: fa\u00e7a sua especializa\u00e7\u00e3o com desconto!<\/h2>\n\n\n\n<p>Fa\u00e7a sua matr\u00edcula em um dos cursos de p\u00f3s-gradua\u00e7\u00e3o da Gran Faculdade ou em\u00a0<span style=\"font-weight: 700 !important;\">qualquer uma das outras mais de 80 especializa\u00e7\u00f5es dispon\u00edveis na plataforma e garanta seu desconto!<\/span><\/p>\n\n\n\n<p>Queremos te ajudar a conquistar todos seus objetivos acad\u00eamicos e profissionais! Por isso, o Gran disponibiliza uma s\u00e9rie de promo\u00e7\u00f5es. Afinal, a educa\u00e7\u00e3o deve e pode ser para todos! Veja quais s\u00e3o <span style=\"text-decoration: underline;\"><strong>v\u00e1lidas at\u00e9 o preenchimento das vagas dispon\u00edveis:<\/strong><\/span><\/p>\n\n\n\n<figure class=\"wp-block-table\"><div class=\"container-tabela\"><table class=\"has-fixed-layout\"><tbody><tr><td><strong>Tipo de Desconto<\/strong><\/td><td><strong>Valores<\/strong><\/td><td><strong>Cupom<\/strong><\/td><\/tr><tr><td>P\u00f3s-Gradua\u00e7\u00e3o Social<\/td><td><strong>12x de R$ 89,90<\/strong><\/td><td>POSGRANSOCIAL<\/td><\/tr><tr><td>Alunos Gran<\/td><td><strong>12x de R$ 89,90<\/strong><\/td><td>SOUALUNOGRAN<\/td><\/tr><tr><td>Ex-Aluno Gran<\/td><td><strong>12x de R$ 89,90<\/strong><\/td><td>VOLTEIPROGRAN<\/td><\/tr><tr><td>Novos Alunos<\/td><td><strong>12x de R$ 99,90<\/strong><\/td><td>NOVONOGRAN<\/td><\/tr><tr><td>Combo P\u00f3s<\/td><td><strong>12x de R$ 119,90<\/strong><\/td><td>COMBOPOS<\/td><\/tr><\/tbody><\/table><\/div><\/figure>\n\n\n\n<p><span style=\"text-decoration: underline;\"><strong>\u00c0 vista no PIX ou Boleto voc\u00ea ainda adquire MAIS 5% DE DESCONTO!<\/strong><\/span><\/p>\n\n\n\n<p>Para garantir os pre\u00e7os promocionais, basta acessar a p\u00e1gina da sua especializa\u00e7\u00e3o de prefer\u00eancia e visualizar todos os cupons ao lado do pre\u00e7o final! Se, por acaso, o desconto n\u00e3o for aplicado imediatamente, voc\u00ea tamb\u00e9m poder\u00e1 digitar o c\u00f3digo!<\/p>\n\n\n\n<p class=\"has-text-align-center\"><a href=\"https:\/\/pos.grancursosonline.com.br\/\"><span style=\"font-weight: 700 !important;\">Garanta sua matr\u00edcula com desconto!&nbsp;<\/span><\/a><\/p>\n\n\n\n<h2 class=\"wp-block-heading\">Vem pra Gran Faculdade!<\/h2>\n\n\n\n<p>O Gran Cursos Online come\u00e7ou l\u00e1 em 2012 e, desde ent\u00e3o, vem mudando a vida de diversas pessoas. Nesses mais de 10 anos de exist\u00eancia, constru\u00edmos uma renomada reputa\u00e7\u00e3o enquanto institui\u00e7\u00e3o de ensino:<\/p>\n\n\n\n<ul class=\"wp-block-list\">\n<li>Reconhecido pela Amazon como um dos projetos mais relevantes do mundo na \u00e1rea de Tecnologia e Educa\u00e7\u00e3o;<\/li>\n\n\n\n<li>O Gran venceu o Pr\u00eamio Reclame Aqui por cinco anos seguidos na categoria \u201cEduca\u00e7\u00e3o \u2013 pr\u00e9-vestibulares e concursos\u201d;<\/li>\n\n\n\n<li>Foi eleito pelo Project Management Institute (PMI), um dos 50 Projetos Mais Influentes do mundo;<\/li>\n\n\n\n<li>Somos avaliados com a nota m\u00e1xima pelo MEC;<\/li>\n\n\n\n<li>Aqui o semestre come\u00e7a quando quiser: entrada imediata e cont\u00ednua;<\/li>\n\n\n\n<li>Melhores pre\u00e7os do mercado;<\/li>\n\n\n\n<li>Mais de 800 mil alunos pagantes e mais de 1000 funcion\u00e1rios;<\/li>\n\n\n\n<li>Temos um dos RHs mais inspiradores do Brasil segundo a Gupy;<\/li>\n\n\n\n<li>Diversas ferramentas de estudo: PDFs, audiobooks, mapas mentais, videoaulas, quest\u00f5es, gerenciador de estudos e muito mais;<\/li>\n\n\n\n<li>Professores experientes e capacitados;<\/li>\n\n\n\n<li>Acesso imediato e 100% online.<\/li>\n<\/ul>\n\n\n\n<p class=\"has-text-align-center\"><strong><a href=\"https:\/\/pos.grancursosonline.com.br\/\" target=\"_blank\" rel=\"noopener\">Quero ser aluno da Gran Faculdade!<\/a><\/strong><\/p>\n\n\n\n<h2 class=\"wp-block-heading\" id=\"h-participe-de-uma-imersao-exclusiva-com-especialistas-em-ia-e-transforme-sua-carreira\">Participe de uma imers\u00e3o exclusiva com especialistas em IA e transforme sua carreira<\/h2>\n\n\n<div class=\"wp-block-image\">\n<figure class=\"aligncenter size-large is-resized\"><a href=\"https:\/\/lp.grancursosonline.com.br\/imersao-em-ia\/?utm_source=Wordpress&amp;utm_medium=sidebar&amp;utm_campaign=Capta%C3%A7%C3%A3o+Imers%C3%A3o+em+IA+-+Abril%2F2026+-+Blog+Ensino+Superior+-+Conte%C3%BAdo+e+SEO&amp;utm_id=Capta%C3%A7%C3%A3o+Imers%C3%A3o+em+IA+-+Abril%2F2026+-+Blog+Ensino+Superior+-+Conte%C3%BAdo+e+SEO\" target=\"_blank\" rel=\" noreferrer noopener\"><img loading=\"lazy\" decoding=\"async\" width=\"1024\" height=\"576\" src=\"https:\/\/blog-es-static.infra.grancursosonline.com.br\/wp-content\/uploads\/2026\/03\/31105919\/imersao_em_ia-1024x576.webp\" alt=\"\" class=\"wp-image-79763836\" style=\"width:488px;height:auto\"\/><\/a><\/figure>\n<\/div>\n\n\n<p><strong>Se voc\u00ea quer sair do b\u00e1sico e entender, na pr\u00e1tica, como a Intelig\u00eancia Artificial (IA) est\u00e1 moldando o mercado, esta \u00e9 a sua oportunidade.<\/strong> <\/p>\n\n\n\n<p>A Imers\u00e3o em IA re\u00fane especialistas renomados do mercado, incluindo profissionais com experi\u00eancia em grandes empresas de tecnologia como Google e Amazon, que v\u00e3o compartilhar<strong> insights estrat\u00e9gicos e aplica\u00e7\u00f5es reais<\/strong> para acelerar sua evolu\u00e7\u00e3o profissional.<\/p>\n\n\n\n<p>O evento acontecer\u00e1 em <strong>tr\u00eas encontros ao vivo, a partir do dia 13 de abril, sempre \u00e0s 20h<\/strong> (hor\u00e1rio de Bras\u00edlia), com uma programa\u00e7\u00e3o estruturada para levar voc\u00ea do entendimento dos conceitos at\u00e9 a aplica\u00e7\u00e3o pr\u00e1tica de agentes de IA.<\/p>\n\n\n\n<p>Clique no link abaixo e garanta sua participa\u00e7\u00e3o nesta experi\u00eancia <strong>gratuita, ao vivo e com potencial real de impacto na sua carreira<\/strong>.<\/p>\n\n\n\n<p class=\"has-text-align-center\"><strong><a href=\"https:\/\/lp.grancursosonline.com.br\/imersao-em-ia\/?utm_source=Wordpress&amp;utm_medium=sidebar&amp;utm_campaign=Capta%C3%A7%C3%A3o+Imers%C3%A3o+em+IA+-+Abril%2F2026+-+Blog+Ensino+Superior+-+Conte%C3%BAdo+e+SEO&amp;utm_id=Capta%C3%A7%C3%A3o+Imers%C3%A3o+em+IA+-+Abril%2F2026+-+Blog+Ensino+Superior+-+Conte%C3%BAdo+e+SEO\" target=\"_blank\" rel=\"noreferrer noopener\">Quero participar da Imers\u00e3o para aprender mais sobre IA<\/a><\/strong><\/p>\n\n\n\n<div class=\"wp-block-group has-background\" style=\"background-color:#8dd2fc7a\"><div class=\"wp-block-group__inner-container is-layout-constrained wp-block-group-is-layout-constrained\">\n<p><strong>Outras not\u00edcias em destaque:<\/strong><\/p>\n\n\n\n<ul class=\"wp-block-list\">\n<li><a href=\"https:\/\/faculdade.grancursosonline.com.br\/blog\/advocacia-privada-especializacao\/\" target=\"_blank\" rel=\"noreferrer noopener\">Advocacia Privada: o que \u00e9 e como se especializar?<\/a><\/li>\n\n\n\n<li><a href=\"https:\/\/faculdade.grancursosonline.com.br\/blog\/pos-graduacao-para-advocacia-criminal\/\" target=\"_blank\" rel=\"noreferrer noopener\">P\u00f3s-gradua\u00e7\u00e3o em Advocacia Criminal do Gran: saiba mais!<\/a><\/li>\n\n\n\n<li><a href=\"https:\/\/blog.grancursosonline.com.br\/direito-penitenciario\/\" target=\"_blank\" rel=\"noreferrer noopener\"><\/a><a href=\"https:\/\/faculdade.grancursosonline.com.br\/blog\/pos-graduacao-em-direito-publico\/\" target=\"_blank\" rel=\"noreferrer noopener\">P\u00f3s-gradua\u00e7\u00e3o em Direito P\u00fablico: conhe\u00e7a o curso!<\/a><\/li>\n<\/ul>\n<\/div><\/div>\n\n\n\n<div class=\"wp-block-group\"><div class=\"wp-block-group__inner-container is-layout-constrained wp-block-group-is-layout-constrained\">\n<div class=\"wp-block-group\"><div class=\"wp-block-group__inner-container is-layout-constrained wp-block-group-is-layout-constrained\">\n<section style=\"text-align: center;\">\n<p>Quer ficar por dentro da Faculdade Digital mais inovadora do Brasil?<\/p>\n<nav>\n<p class=\"has-background has-dark-bluish-background-color\" style=\"font-size: 25px; text-align: center; background: #f0f0f0; color: #ffffff; padding: 4px 0px 4xp 0px;\"><a style=\"color: #0d134c; text-decoration: underline;\" href=\"https:\/\/faculdade.grancursosonline.com.br\/\" target=\"_blank\" rel=\"noopener\">GRADUA\u00c7\u00c3O<\/a><\/p>\n<p class=\"has-background has-dark-bluish-background-color\" style=\"font-size: 25px; text-align: center; background: #f0f0f0; color: #ffffff; padding: 4px 0px 4xp 0px;\"><a style=\"color: #0d134c; text-decoration: underline;\" href=\"https:\/\/pos.grancursosonline.com.br\/\" target=\"_blank\" rel=\"noopener\">P\u00d3S-GRADUA\u00c7\u00c3O<\/a><\/p>\n<p class=\"has-background has-dark-bluish-background-color\" style=\"font-size: 25px; text-align: center; background: #f0f0f0; color: #ffffff; padding: 4px 0px 4xp 0px;\"><a style=\"color: #0d134c; text-decoration: underline;\" href=\"https:\/\/faculdade.grancursosonline.com.br\/nossos-cursos\/\" target=\"_blank\" rel=\"noopener\">TUDO SOBRE A GRAN FACULDADE<\/a><\/p>\n<\/nav>\n<p><strong>Receba <span style=\"color: #cf1e25;\">gratuitamente<\/span> no seu celular as principais not\u00edcias sobre a Gran Faculdade! <br \/>Clique no link abaixo e inscreva-se:<\/strong><\/p>\n<p class=\"has-background has-dark-bluish-background-color\" style=\"font-size: 25px; text-align: center; background: #f0f0f0; color: #ffffff; padding: 4px 0px 4xp 0px;\"><a style=\"color: #0d134c; text-decoration: underline;\" href=\"https:\/\/whatsapp.com\/channel\/0029VaG1sChI7Be7PNndhL43\" target=\"_blank\" rel=\"noopener noreferrer\">WHATSAPP<\/a><\/p>\n<p class=\"has-background has-dark-bluish-background-color\" style=\"font-size: 25px; text-align: center; background: #f0f0f0; color: #ffffff; padding: 4px 0px 4xp 0px;\"><a style=\"color: #0d134c; text-decoration: underline;\" href=\"https:\/\/t.me\/GranFaculdade\" target=\"_blank\" rel=\"noopener noreferrer\">TELEGRAM<\/a><\/p>\n<\/section>\n<\/div><\/div>\n<\/div><\/div>\n","protected":false},"excerpt":{"rendered":"<p>A Advocacia P\u00fablica est\u00e1 prevista na Constitui\u00e7\u00e3o Federal de 1988 como uma das fun\u00e7\u00f5es essenciais \u00e0 justi\u00e7a. Ou seja, \u00e9 por meio dela que ocorre a representa\u00e7\u00e3o judicial (e extrajudicial) de entes pol\u00edticos, assessoria jur\u00eddica ao poder Executivo e tamb\u00e9m a concep\u00e7\u00e3o de pol\u00edticas p\u00fablicas. Resumidamente, a advocacia p\u00fablica \u00e9 a maneira como o Estado&hellip;<\/p>\n","protected":false},"author":513,"featured_media":79758510,"comment_status":"open","ping_status":"open","sticky":false,"template":"","format":"standard","meta":{"_acf_changed":false,"content-type":"","footnotes":""},"categories":[209229,2],"tags":[126404,209284,209248],"class_list":["post-79445737","post","type-post","status-publish","format-standard","has-post-thumbnail","hentry","category-pos-graduacao","category-ultimas-noticias","tag-cursos-e-pos-graduacao","tag-gran-cursos-pos-graduacao","tag-pos-graduacao-gran-cursos"],"acf":[],"yoast_head":"<!-- This site is optimized with the Yoast SEO Premium plugin v27.2 (Yoast SEO v27.2) - https:\/\/yoast.com\/product\/yoast-seo-premium-wordpress\/ -->\n<title>Advocacia p\u00fablica: o que faz e como estudar? Confira!<\/title>\n<meta name=\"description\" content=\"O que \u00e9 advocacia p\u00fablica? O que faz um advogado p\u00fablico? Confira essas e outras d\u00favidas sobre a \u00e1rea e mude de vida!\" \/>\n<meta name=\"robots\" content=\"index, follow, max-snippet:-1, max-image-preview:large, max-video-preview:-1\" \/>\n<link rel=\"canonical\" href=\"https:\/\/faculdade.grancursosonline.com.br\/blog\/advocacia-publica-pos-graduacao-em-ciencias-juridicas\/\" \/>\n<meta property=\"og:locale\" content=\"pt_BR\" \/>\n<meta property=\"og:type\" content=\"article\" \/>\n<meta property=\"og:title\" content=\"Advocacia p\u00fablica: o que faz e como estudar? Confira!\" \/>\n<meta property=\"og:description\" content=\"O que \u00e9 advocacia p\u00fablica? O que faz um advogado p\u00fablico? Confira essas e outras d\u00favidas sobre a \u00e1rea e mude de vida!\" \/>\n<meta property=\"og:url\" content=\"https:\/\/faculdade.grancursosonline.com.br\/blog\/advocacia-publica-pos-graduacao-em-ciencias-juridicas\/\" \/>\n<meta property=\"og:site_name\" content=\"Blog Gran Faculdade\" \/>\n<meta property=\"article:publisher\" content=\"https:\/\/www.facebook.com\/grancursosonline\/\" \/>\n<meta property=\"article:published_time\" content=\"2025-10-08T18:40:22+00:00\" \/>\n<meta property=\"article:modified_time\" content=\"2025-10-08T18:41:51+00:00\" \/>\n<meta property=\"og:image\" content=\"https:\/\/blog-es-static.infra.grancursosonline.com.br\/wp-content\/uploads\/2022\/05\/18182703\/advocacia-publica.png\" \/>\n\t<meta property=\"og:image:width\" content=\"1001\" \/>\n\t<meta property=\"og:image:height\" content=\"601\" \/>\n\t<meta property=\"og:image:type\" content=\"image\/png\" \/>\n<meta name=\"author\" content=\"Larissa de Fran\u00e7a\" \/>\n<meta name=\"twitter:card\" content=\"summary_large_image\" \/>\n<meta name=\"twitter:creator\" content=\"@gran_online\" \/>\n<meta name=\"twitter:site\" content=\"@gran_online\" \/>\n<meta name=\"twitter:label1\" content=\"Written by\" \/>\n\t<meta name=\"twitter:data1\" content=\"Larissa de Fran\u00e7a\" \/>\n\t<meta name=\"twitter:label2\" content=\"Est. reading time\" \/>\n\t<meta name=\"twitter:data2\" content=\"11 minutos\" \/>\n<script type=\"application\/ld+json\" class=\"yoast-schema-graph\">{\"@context\":\"https:\/\/schema.org\",\"@graph\":[{\"@type\":\"NewsArticle\",\"@id\":\"https:\/\/faculdade.grancursosonline.com.br\/blog\/advocacia-publica-pos-graduacao-em-ciencias-juridicas\/#article\",\"isPartOf\":{\"@id\":\"https:\/\/faculdade.grancursosonline.com.br\/blog\/advocacia-publica-pos-graduacao-em-ciencias-juridicas\/\"},\"author\":{\"name\":\"Larissa de Fran\u00e7a\",\"@id\":\"https:\/\/faculdade.grancursosonline.com.br\/blog\/#\/schema\/person\/e41590de43e91fa2adf3cf8b740a6a34\"},\"headline\":\"Advocacia p\u00fablica: o que faz e como estudar? Confira!\",\"datePublished\":\"2025-10-08T18:40:22+00:00\",\"dateModified\":\"2025-10-08T18:41:51+00:00\",\"mainEntityOfPage\":{\"@id\":\"https:\/\/faculdade.grancursosonline.com.br\/blog\/advocacia-publica-pos-graduacao-em-ciencias-juridicas\/\"},\"wordCount\":1968,\"commentCount\":0,\"publisher\":{\"@id\":\"https:\/\/faculdade.grancursosonline.com.br\/blog\/#organization\"},\"image\":{\"@id\":\"https:\/\/faculdade.grancursosonline.com.br\/blog\/advocacia-publica-pos-graduacao-em-ciencias-juridicas\/#primaryimage\"},\"thumbnailUrl\":\"https:\/\/blog-es-static.infra.grancursosonline.com.br\/wp-content\/uploads\/2023\/09\/08145259\/advocacia-publica.jpg\",\"keywords\":[\"Cursos e P\u00f3s-gradua\u00e7\u00e3o\",\"Gran Cursos P\u00f3s-Gradua\u00e7\u00e3o\",\"P\u00f3s-Gradua\u00e7\u00e3o Gran Cursos\"],\"articleSection\":[\"P\u00f3s-Gradua\u00e7\u00e3o Gran Faculdade\",\"\u00daltimas Not\u00edcias\"],\"inLanguage\":\"pt-BR\",\"potentialAction\":[{\"@type\":\"CommentAction\",\"name\":\"Comment\",\"target\":[\"https:\/\/faculdade.grancursosonline.com.br\/blog\/advocacia-publica-pos-graduacao-em-ciencias-juridicas\/#respond\"]}],\"copyrightYear\":\"2025\",\"copyrightHolder\":{\"@id\":\"https:\/\/faculdade.grancursosonline.com.br\/blog\/#organization\"}},{\"@type\":\"WebPage\",\"@id\":\"https:\/\/faculdade.grancursosonline.com.br\/blog\/advocacia-publica-pos-graduacao-em-ciencias-juridicas\/\",\"url\":\"https:\/\/faculdade.grancursosonline.com.br\/blog\/advocacia-publica-pos-graduacao-em-ciencias-juridicas\/\",\"name\":\"Advocacia p\u00fablica: o que faz e como estudar? Confira!\",\"isPartOf\":{\"@id\":\"https:\/\/faculdade.grancursosonline.com.br\/blog\/#website\"},\"primaryImageOfPage\":{\"@id\":\"https:\/\/faculdade.grancursosonline.com.br\/blog\/advocacia-publica-pos-graduacao-em-ciencias-juridicas\/#primaryimage\"},\"image\":{\"@id\":\"https:\/\/faculdade.grancursosonline.com.br\/blog\/advocacia-publica-pos-graduacao-em-ciencias-juridicas\/#primaryimage\"},\"thumbnailUrl\":\"https:\/\/blog-es-static.infra.grancursosonline.com.br\/wp-content\/uploads\/2023\/09\/08145259\/advocacia-publica.jpg\",\"datePublished\":\"2025-10-08T18:40:22+00:00\",\"dateModified\":\"2025-10-08T18:41:51+00:00\",\"description\":\"O que \u00e9 advocacia p\u00fablica? O que faz um advogado p\u00fablico? Confira essas e outras d\u00favidas sobre a \u00e1rea e mude de vida!\",\"breadcrumb\":{\"@id\":\"https:\/\/faculdade.grancursosonline.com.br\/blog\/advocacia-publica-pos-graduacao-em-ciencias-juridicas\/#breadcrumb\"},\"inLanguage\":\"pt-BR\",\"potentialAction\":[{\"@type\":\"ReadAction\",\"target\":[\"https:\/\/faculdade.grancursosonline.com.br\/blog\/advocacia-publica-pos-graduacao-em-ciencias-juridicas\/\"]}]},{\"@type\":\"ImageObject\",\"inLanguage\":\"pt-BR\",\"@id\":\"https:\/\/faculdade.grancursosonline.com.br\/blog\/advocacia-publica-pos-graduacao-em-ciencias-juridicas\/#primaryimage\",\"url\":\"https:\/\/blog-es-static.infra.grancursosonline.com.br\/wp-content\/uploads\/2023\/09\/08145259\/advocacia-publica.jpg\",\"contentUrl\":\"https:\/\/blog-es-static.infra.grancursosonline.com.br\/wp-content\/uploads\/2023\/09\/08145259\/advocacia-publica.jpg\",\"width\":1001,\"height\":601},{\"@type\":\"BreadcrumbList\",\"@id\":\"https:\/\/faculdade.grancursosonline.com.br\/blog\/advocacia-publica-pos-graduacao-em-ciencias-juridicas\/#breadcrumb\",\"itemListElement\":[{\"@type\":\"ListItem\",\"position\":1,\"name\":\"In\u00edcio\",\"item\":\"https:\/\/faculdade.grancursosonline.com.br\/blog\/\"},{\"@type\":\"ListItem\",\"position\":2,\"name\":\"P\u00f3s-Gradua\u00e7\u00e3o Gran Faculdade\",\"item\":\"https:\/\/faculdade.grancursosonline.com.br\/blog\/pos-graduacao\/\"},{\"@type\":\"ListItem\",\"position\":3,\"name\":\"Advocacia p\u00fablica: o que faz e como estudar? Confira!\"}]},{\"@type\":\"WebSite\",\"@id\":\"https:\/\/faculdade.grancursosonline.com.br\/blog\/#website\",\"url\":\"https:\/\/faculdade.grancursosonline.com.br\/blog\/\",\"name\":\"Blog Gran Faculdade\",\"description\":\"Tudo sobre ensino superior, p\u00f3s-gradua\u00e7\u00e3o, enem e carreira.\",\"publisher\":{\"@id\":\"https:\/\/faculdade.grancursosonline.com.br\/blog\/#organization\"},\"potentialAction\":[{\"@type\":\"SearchAction\",\"target\":{\"@type\":\"EntryPoint\",\"urlTemplate\":\"https:\/\/faculdade.grancursosonline.com.br\/blog\/?s={search_term_string}\"},\"query-input\":{\"@type\":\"PropertyValueSpecification\",\"valueRequired\":true,\"valueName\":\"search_term_string\"}}],\"inLanguage\":\"pt-BR\"},{\"@type\":\"Organization\",\"@id\":\"https:\/\/faculdade.grancursosonline.com.br\/blog\/#organization\",\"name\":\"Gran Cursos Online\",\"url\":\"https:\/\/faculdade.grancursosonline.com.br\/blog\/\",\"logo\":{\"@type\":\"ImageObject\",\"inLanguage\":\"pt-BR\",\"@id\":\"https:\/\/faculdade.grancursosonline.com.br\/blog\/#\/schema\/logo\/image\/\",\"url\":\"https:\/\/blog-es-static.infra.grancursosonline.com.br\/wp-content\/uploads\/2019\/08\/03123934\/logo.png\",\"contentUrl\":\"https:\/\/blog-es-static.infra.grancursosonline.com.br\/wp-content\/uploads\/2019\/08\/03123934\/logo.png\",\"width\":300,\"height\":57,\"caption\":\"Gran Cursos Online\"},\"image\":{\"@id\":\"https:\/\/faculdade.grancursosonline.com.br\/blog\/#\/schema\/logo\/image\/\"},\"sameAs\":[\"https:\/\/www.facebook.com\/grancursosonline\/\",\"https:\/\/x.com\/gran_online\",\"https:\/\/www.instagram.com\/grancursosonline\/\",\"https:\/\/www.youtube.com\/user\/grancursostv\"]},{\"@type\":\"Person\",\"@id\":\"https:\/\/faculdade.grancursosonline.com.br\/blog\/#\/schema\/person\/e41590de43e91fa2adf3cf8b740a6a34\",\"name\":\"Larissa de Fran\u00e7a\",\"url\":\"https:\/\/faculdade.grancursosonline.com.br\/blog\/author\/larisa-leonardo\/\"}]}<\/script>\n<!-- \/ Yoast SEO Premium plugin. -->","yoast_head_json":{"title":"Advocacia p\u00fablica: o que faz e como estudar? Confira!","description":"O que \u00e9 advocacia p\u00fablica? O que faz um advogado p\u00fablico? Confira essas e outras d\u00favidas sobre a \u00e1rea e mude de vida!","robots":{"index":"index","follow":"follow","max-snippet":"max-snippet:-1","max-image-preview":"max-image-preview:large","max-video-preview":"max-video-preview:-1"},"canonical":"https:\/\/faculdade.grancursosonline.com.br\/blog\/advocacia-publica-pos-graduacao-em-ciencias-juridicas\/","og_locale":"pt_BR","og_type":"article","og_title":"Advocacia p\u00fablica: o que faz e como estudar? Confira!","og_description":"O que \u00e9 advocacia p\u00fablica? O que faz um advogado p\u00fablico? Confira essas e outras d\u00favidas sobre a \u00e1rea e mude de vida!","og_url":"https:\/\/faculdade.grancursosonline.com.br\/blog\/advocacia-publica-pos-graduacao-em-ciencias-juridicas\/","og_site_name":"Blog Gran Faculdade","article_publisher":"https:\/\/www.facebook.com\/grancursosonline\/","article_published_time":"2025-10-08T18:40:22+00:00","article_modified_time":"2025-10-08T18:41:51+00:00","og_image":[{"width":1001,"height":601,"url":"https:\/\/blog-es-static.infra.grancursosonline.com.br\/wp-content\/uploads\/2022\/05\/18182703\/advocacia-publica.png","type":"image\/png"}],"author":"Larissa de Fran\u00e7a","twitter_card":"summary_large_image","twitter_creator":"@gran_online","twitter_site":"@gran_online","twitter_misc":{"Written by":"Larissa de Fran\u00e7a","Est. reading time":"11 minutos"},"schema":{"@context":"https:\/\/schema.org","@graph":[{"@type":"NewsArticle","@id":"https:\/\/faculdade.grancursosonline.com.br\/blog\/advocacia-publica-pos-graduacao-em-ciencias-juridicas\/#article","isPartOf":{"@id":"https:\/\/faculdade.grancursosonline.com.br\/blog\/advocacia-publica-pos-graduacao-em-ciencias-juridicas\/"},"author":{"name":"Larissa de Fran\u00e7a","@id":"https:\/\/faculdade.grancursosonline.com.br\/blog\/#\/schema\/person\/e41590de43e91fa2adf3cf8b740a6a34"},"headline":"Advocacia p\u00fablica: o que faz e como estudar? Confira!","datePublished":"2025-10-08T18:40:22+00:00","dateModified":"2025-10-08T18:41:51+00:00","mainEntityOfPage":{"@id":"https:\/\/faculdade.grancursosonline.com.br\/blog\/advocacia-publica-pos-graduacao-em-ciencias-juridicas\/"},"wordCount":1968,"commentCount":0,"publisher":{"@id":"https:\/\/faculdade.grancursosonline.com.br\/blog\/#organization"},"image":{"@id":"https:\/\/faculdade.grancursosonline.com.br\/blog\/advocacia-publica-pos-graduacao-em-ciencias-juridicas\/#primaryimage"},"thumbnailUrl":"https:\/\/blog-es-static.infra.grancursosonline.com.br\/wp-content\/uploads\/2023\/09\/08145259\/advocacia-publica.jpg","keywords":["Cursos e P\u00f3s-gradua\u00e7\u00e3o","Gran Cursos P\u00f3s-Gradua\u00e7\u00e3o","P\u00f3s-Gradua\u00e7\u00e3o Gran Cursos"],"articleSection":["P\u00f3s-Gradua\u00e7\u00e3o Gran Faculdade","\u00daltimas Not\u00edcias"],"inLanguage":"pt-BR","potentialAction":[{"@type":"CommentAction","name":"Comment","target":["https:\/\/faculdade.grancursosonline.com.br\/blog\/advocacia-publica-pos-graduacao-em-ciencias-juridicas\/#respond"]}],"copyrightYear":"2025","copyrightHolder":{"@id":"https:\/\/faculdade.grancursosonline.com.br\/blog\/#organization"}},{"@type":"WebPage","@id":"https:\/\/faculdade.grancursosonline.com.br\/blog\/advocacia-publica-pos-graduacao-em-ciencias-juridicas\/","url":"https:\/\/faculdade.grancursosonline.com.br\/blog\/advocacia-publica-pos-graduacao-em-ciencias-juridicas\/","name":"Advocacia p\u00fablica: o que faz e como estudar? Confira!","isPartOf":{"@id":"https:\/\/faculdade.grancursosonline.com.br\/blog\/#website"},"primaryImageOfPage":{"@id":"https:\/\/faculdade.grancursosonline.com.br\/blog\/advocacia-publica-pos-graduacao-em-ciencias-juridicas\/#primaryimage"},"image":{"@id":"https:\/\/faculdade.grancursosonline.com.br\/blog\/advocacia-publica-pos-graduacao-em-ciencias-juridicas\/#primaryimage"},"thumbnailUrl":"https:\/\/blog-es-static.infra.grancursosonline.com.br\/wp-content\/uploads\/2023\/09\/08145259\/advocacia-publica.jpg","datePublished":"2025-10-08T18:40:22+00:00","dateModified":"2025-10-08T18:41:51+00:00","description":"O que \u00e9 advocacia p\u00fablica? O que faz um advogado p\u00fablico? Confira essas e outras d\u00favidas sobre a \u00e1rea e mude de vida!","breadcrumb":{"@id":"https:\/\/faculdade.grancursosonline.com.br\/blog\/advocacia-publica-pos-graduacao-em-ciencias-juridicas\/#breadcrumb"},"inLanguage":"pt-BR","potentialAction":[{"@type":"ReadAction","target":["https:\/\/faculdade.grancursosonline.com.br\/blog\/advocacia-publica-pos-graduacao-em-ciencias-juridicas\/"]}]},{"@type":"ImageObject","inLanguage":"pt-BR","@id":"https:\/\/faculdade.grancursosonline.com.br\/blog\/advocacia-publica-pos-graduacao-em-ciencias-juridicas\/#primaryimage","url":"https:\/\/blog-es-static.infra.grancursosonline.com.br\/wp-content\/uploads\/2023\/09\/08145259\/advocacia-publica.jpg","contentUrl":"https:\/\/blog-es-static.infra.grancursosonline.com.br\/wp-content\/uploads\/2023\/09\/08145259\/advocacia-publica.jpg","width":1001,"height":601},{"@type":"BreadcrumbList","@id":"https:\/\/faculdade.grancursosonline.com.br\/blog\/advocacia-publica-pos-graduacao-em-ciencias-juridicas\/#breadcrumb","itemListElement":[{"@type":"ListItem","position":1,"name":"In\u00edcio","item":"https:\/\/faculdade.grancursosonline.com.br\/blog\/"},{"@type":"ListItem","position":2,"name":"P\u00f3s-Gradua\u00e7\u00e3o Gran Faculdade","item":"https:\/\/faculdade.grancursosonline.com.br\/blog\/pos-graduacao\/"},{"@type":"ListItem","position":3,"name":"Advocacia p\u00fablica: o que faz e como estudar? Confira!"}]},{"@type":"WebSite","@id":"https:\/\/faculdade.grancursosonline.com.br\/blog\/#website","url":"https:\/\/faculdade.grancursosonline.com.br\/blog\/","name":"Blog Gran Faculdade","description":"Tudo sobre ensino superior, p\u00f3s-gradua\u00e7\u00e3o, enem e carreira.","publisher":{"@id":"https:\/\/faculdade.grancursosonline.com.br\/blog\/#organization"},"potentialAction":[{"@type":"SearchAction","target":{"@type":"EntryPoint","urlTemplate":"https:\/\/faculdade.grancursosonline.com.br\/blog\/?s={search_term_string}"},"query-input":{"@type":"PropertyValueSpecification","valueRequired":true,"valueName":"search_term_string"}}],"inLanguage":"pt-BR"},{"@type":"Organization","@id":"https:\/\/faculdade.grancursosonline.com.br\/blog\/#organization","name":"Gran Cursos Online","url":"https:\/\/faculdade.grancursosonline.com.br\/blog\/","logo":{"@type":"ImageObject","inLanguage":"pt-BR","@id":"https:\/\/faculdade.grancursosonline.com.br\/blog\/#\/schema\/logo\/image\/","url":"https:\/\/blog-es-static.infra.grancursosonline.com.br\/wp-content\/uploads\/2019\/08\/03123934\/logo.png","contentUrl":"https:\/\/blog-es-static.infra.grancursosonline.com.br\/wp-content\/uploads\/2019\/08\/03123934\/logo.png","width":300,"height":57,"caption":"Gran Cursos Online"},"image":{"@id":"https:\/\/faculdade.grancursosonline.com.br\/blog\/#\/schema\/logo\/image\/"},"sameAs":["https:\/\/www.facebook.com\/grancursosonline\/","https:\/\/x.com\/gran_online","https:\/\/www.instagram.com\/grancursosonline\/","https:\/\/www.youtube.com\/user\/grancursostv"]},{"@type":"Person","@id":"https:\/\/faculdade.grancursosonline.com.br\/blog\/#\/schema\/person\/e41590de43e91fa2adf3cf8b740a6a34","name":"Larissa de Fran\u00e7a","url":"https:\/\/faculdade.grancursosonline.com.br\/blog\/author\/larisa-leonardo\/"}]}},"_links":{"self":[{"href":"https:\/\/faculdade.grancursosonline.com.br\/blog\/wp-json\/wp\/v2\/posts\/79445737","targetHints":{"allow":["GET"]}}],"collection":[{"href":"https:\/\/faculdade.grancursosonline.com.br\/blog\/wp-json\/wp\/v2\/posts"}],"about":[{"href":"https:\/\/faculdade.grancursosonline.com.br\/blog\/wp-json\/wp\/v2\/types\/post"}],"author":[{"embeddable":true,"href":"https:\/\/faculdade.grancursosonline.com.br\/blog\/wp-json\/wp\/v2\/users\/513"}],"replies":[{"embeddable":true,"href":"https:\/\/faculdade.grancursosonline.com.br\/blog\/wp-json\/wp\/v2\/comments?post=79445737"}],"version-history":[{"count":2,"href":"https:\/\/faculdade.grancursosonline.com.br\/blog\/wp-json\/wp\/v2\/posts\/79445737\/revisions"}],"predecessor-version":[{"id":79758513,"href":"https:\/\/faculdade.grancursosonline.com.br\/blog\/wp-json\/wp\/v2\/posts\/79445737\/revisions\/79758513"}],"wp:featuredmedia":[{"embeddable":true,"href":"https:\/\/faculdade.grancursosonline.com.br\/blog\/wp-json\/wp\/v2\/media\/79758510"}],"wp:attachment":[{"href":"https:\/\/faculdade.grancursosonline.com.br\/blog\/wp-json\/wp\/v2\/media?parent=79445737"}],"wp:term":[{"taxonomy":"category","embeddable":true,"href":"https:\/\/faculdade.grancursosonline.com.br\/blog\/wp-json\/wp\/v2\/categories?post=79445737"},{"taxonomy":"post_tag","embeddable":true,"href":"https:\/\/faculdade.grancursosonline.com.br\/blog\/wp-json\/wp\/v2\/tags?post=79445737"}],"curies":[{"name":"wp","href":"https:\/\/api.w.org\/{rel}","templated":true}]}}