{"id":79529781,"date":"2025-09-05T11:45:25","date_gmt":"2025-09-05T14:45:25","guid":{"rendered":"https:\/\/blog.grancursosonline.com.br\/?p=79529781"},"modified":"2025-09-05T11:45:28","modified_gmt":"2025-09-05T14:45:28","slug":"pos-graduacao-ead-trts","status":"publish","type":"post","link":"https:\/\/faculdade.grancursosonline.com.br\/blog\/pos-graduacao-ead-trts\/","title":{"rendered":"P\u00f3s-gradua\u00e7\u00e3o EAD para os TRTs: conhe\u00e7a o curso!"},"content":{"rendered":"\n<p>O seu sonho \u00e9 ser aprovado e trabalhar em um dos Tribunais Regionais do Trabalho (TRTs)? De fato, muitas oportunidades est\u00e3o previstas ou em andamento para os Concursos TRT em v\u00e1rias regi\u00f5es do Brasil. Juntos, os tribunais re\u00fanem v\u00e1rios cargos vagos! <\/p>\n\n\n\n<p>Para auxiliar na sua miss\u00e3o de aprova\u00e7\u00e3o, a Gran P\u00f3s conta com um curso de p\u00f3s-gradua\u00e7\u00e3o EAD com foco nos TRTS! \u00c9 um programa com as principais Ci\u00eancias Jur\u00eddicas que voc\u00ea precisa dominar para garantir uma aprova\u00e7\u00e3o mais r\u00e1pida em carreiras na \u00e1rea e tamb\u00e9m exercer um excelente trabalho como T\u00e9cnico ou Analista Judici\u00e1rio<\/p>\n\n\n\n<div class=\"wp-block-columns is-layout-flex wp-container-core-columns-is-layout-9d6595d7 wp-block-columns-is-layout-flex\">\n<div class=\"wp-block-column is-layout-flow wp-block-column-is-layout-flow\" style=\"flex-basis:100%\"><div class=\"wp-block-image\">\n<figure class=\"aligncenter size-full\"><a href=\"https:\/\/whatsapp.com\/channel\/0029VaG1sChI7Be7PNndhL43\" target=\"_blank\" rel=\"noopener\"><img decoding=\"async\" src=\"https:\/\/blog-es-static.infra.grancursosonline.com.br\/wp-content\/uploads\/2025\/09\/09112354\/banner-wp-600x142-80.webp\" alt=\"Acesse o canal do WhatsApp da Gran Faculdade\" class=\"wp-image-79751904\"\/><\/a><\/figure>\n<\/div><\/div>\n<\/div>\n\n\n\n<p> Acompanhe o artigo para saber mais:<\/p>\n\n\n\n<ul class=\"wp-block-list\">\n<li><a href=\"#orgao\">O que s\u00e3o os TRTs?<\/a><\/li>\n\n\n\n<li><a href=\"#carreira\">Como \u00e9 a carreira nos TRTs?<\/a><\/li>\n\n\n\n<li><a href=\"#trabalhar\">Como \u00e9 trabalhar nos TRTs?<\/a><\/li>\n\n\n\n<li><a href=\"#diferencial\">Por que uma p\u00f3s-gradua\u00e7\u00e3o \u00e9 um diferencial em concursos de TRTs?<\/a><\/li>\n\n\n\n<li><a href=\"#melhores-cursos\">Quais os melhores cursos de p\u00f3s-gradua\u00e7\u00e3o para a \u00e1rea trabalhista?<\/a><\/li>\n<\/ul>\n\n\n\n<h2 class=\"wp-block-heading\" id=\"h-participe-de-uma-imersao-exclusiva-com-especialistas-em-ia-e-transforme-sua-carreira\">Participe de uma imers\u00e3o exclusiva com especialistas em IA e transforme sua carreira<\/h2>\n\n\n<div class=\"wp-block-image\">\n<figure class=\"aligncenter size-large is-resized\"><a href=\"https:\/\/lp.grancursosonline.com.br\/imersao-em-ia\/?utm_source=Wordpress&amp;utm_medium=sidebar&amp;utm_campaign=Capta%C3%A7%C3%A3o+Imers%C3%A3o+em+IA+-+Abril%2F2026+-+Blog+Ensino+Superior+-+Conte%C3%BAdo+e+SEO&amp;utm_id=Capta%C3%A7%C3%A3o+Imers%C3%A3o+em+IA+-+Abril%2F2026+-+Blog+Ensino+Superior+-+Conte%C3%BAdo+e+SEO\" target=\"_blank\" rel=\" noreferrer noopener\"><img loading=\"lazy\" decoding=\"async\" width=\"1024\" height=\"576\" src=\"https:\/\/blog-es-static.infra.grancursosonline.com.br\/wp-content\/uploads\/2026\/03\/31105919\/imersao_em_ia-1024x576.webp\" alt=\"\" class=\"wp-image-79763836\" style=\"width:488px;height:auto\"\/><\/a><\/figure>\n<\/div>\n\n\n<p><strong>Se voc\u00ea quer sair do b\u00e1sico e entender, na pr\u00e1tica, como a Intelig\u00eancia Artificial (IA) est\u00e1 moldando o mercado, esta \u00e9 a sua oportunidade.<\/strong> <\/p>\n\n\n\n<p>A Imers\u00e3o em IA re\u00fane especialistas renomados do mercado, incluindo profissionais com experi\u00eancia em grandes empresas de tecnologia como Google e Amazon, que v\u00e3o compartilhar<strong> insights estrat\u00e9gicos e aplica\u00e7\u00f5es reais<\/strong> para acelerar sua evolu\u00e7\u00e3o profissional.<\/p>\n\n\n\n<p>O evento acontecer\u00e1 em <strong>tr\u00eas encontros ao vivo, a partir do dia 13 de abril, sempre \u00e0s 20h<\/strong> (hor\u00e1rio de Bras\u00edlia), com uma programa\u00e7\u00e3o estruturada para levar voc\u00ea do entendimento dos conceitos at\u00e9 a aplica\u00e7\u00e3o pr\u00e1tica de agentes de IA.<\/p>\n\n\n\n<p>Clique no link abaixo e garanta sua participa\u00e7\u00e3o nesta experi\u00eancia <strong>gratuita, ao vivo e com potencial real de impacto na sua carreira<\/strong>.<\/p>\n\n\n\n<p class=\"has-text-align-center\"><strong><a href=\"https:\/\/lp.grancursosonline.com.br\/imersao-em-ia\/?utm_source=Wordpress&amp;utm_medium=sidebar&amp;utm_campaign=Capta%C3%A7%C3%A3o+Imers%C3%A3o+em+IA+-+Abril%2F2026+-+Blog+Ensino+Superior+-+Conte%C3%BAdo+e+SEO&amp;utm_id=Capta%C3%A7%C3%A3o+Imers%C3%A3o+em+IA+-+Abril%2F2026+-+Blog+Ensino+Superior+-+Conte%C3%BAdo+e+SEO\" target=\"_blank\" rel=\"noreferrer noopener\">Quero participar da Imers\u00e3o para aprender mais sobre IA<\/a><\/strong><\/p>\n\n\n\n<h2 class=\"wp-block-heading\" id=\"orgao\">O que s\u00e3o os TRTs?<\/h2>\n\n\n\n<p>O termo TRT \u00e9 uma abrevia\u00e7\u00e3o para Tribunal Regional do Trabalho. Contabilizando 24 TRTS no Brasil, esses \u00f3rg\u00e3os fazem parte da Justi\u00e7a do Trabalho e tratam sobre quest\u00f5es relacionadas \u00e0s Leis Trabalhistas.<\/p>\n\n\n\n<p>Cada TRT \u00e9 identificado a partir de uma numera\u00e7\u00e3o espec\u00edfica referente \u00e0 sua localidade, indo da 1\u00aa at\u00e9 a 24\u00aa.\u00a0 Assim, eles podem ser encontrados, em ordem, nas seguintes cidades: <\/p>\n\n\n\n<ol class=\"wp-block-list\">\n<li>Rio de Janeiro (RJ);<\/li>\n\n\n\n<li>S\u00e3o Paulo (SP);<\/li>\n\n\n\n<li>Belo Horizonte (MG);<\/li>\n\n\n\n<li>Porto Alegre (RS);<\/li>\n\n\n\n<li>Salvador (BA);<\/li>\n\n\n\n<li>Recife (PE);<\/li>\n\n\n\n<li>Fortaleza (CE);<\/li>\n\n\n\n<li>Bel\u00e9m (PA);<\/li>\n\n\n\n<li>Curitiba (PR);<\/li>\n\n\n\n<li>Bras\u00edlia (DF);<\/li>\n\n\n\n<li>Manaus (AM);<\/li>\n\n\n\n<li>Florian\u00f3polis (SC);<\/li>\n\n\n\n<li>Jo\u00e3o Pessoa (PB);<\/li>\n\n\n\n<li>Porto Velho (RO);<\/li>\n\n\n\n<li>Campinas (SP);<\/li>\n\n\n\n<li>S\u00e3o Luiz (MA);<\/li>\n\n\n\n<li>Vit\u00f3ria (ES);<\/li>\n\n\n\n<li>Goi\u00e2nia (GO);<\/li>\n\n\n\n<li>Macei\u00f3 (AL);<\/li>\n\n\n\n<li>Aracaju (SE);<\/li>\n\n\n\n<li>Natal (RN);<\/li>\n\n\n\n<li>Teresina (PI);<\/li>\n\n\n\n<li>Cuiab\u00e1 (MT) <\/li>\n\n\n\n<li>e Campo Grande (MS).<\/li>\n<\/ol>\n\n\n\n<p>Apesar de cumprirem os mesmos prop\u00f3sitos, cada um dos Concursos TRT \u00e9 regido por editais diferentes, que podem ou n\u00e3o sair ao mesmo tempo.<\/p>\n\n\n\n<h2 class=\"wp-block-heading\" id=\"carreira\">Como \u00e9 a carreira nos TRTs?<\/h2>\n\n\n\n<p>Quem deseja ingressar em um dos TRTs brasileiros poder\u00e1 escolher entre o cargo de T\u00e9cnico ou Analista, seja na parte Administrativa ou Judici\u00e1ria. <\/p>\n\n\n\n<p>Depois de ser aprovado e nomeado em um dos Concursos TRT, o candidato \u00e9 empossado como T\u00e9cnico ou Analista Judici\u00e1rio da CLASSE A, PADR\u00c3O 1. A remunera\u00e7\u00e3o inicial para esses cargos \u00e9 bem elevada: R$ 7.591,37\u00a0 a R$ 12.455,30 mensais, sendo respectivamente referentes aos cargos de n\u00edvel m\u00e9dio e superior.<\/p>\n\n\n\n<p>Ao todo, s\u00e3o 3 classes e 13 padr\u00f5es que ele pode escalar, conquistando remunera\u00e7\u00f5es cada vez maiores. Por meio deste Plano de Carreira, um T\u00e9cnico que tomou posse ganhando R$ 7,5 mil pode vir a ganhar R$ 11 mil!<\/p>\n\n\n\n<h2 class=\"wp-block-heading\" id=\"trabalhar\">Como \u00e9 trabalhar nos TRTs?<\/h2>\n\n\n\n<p>A carga hor\u00e1ria para os servidores aprovados e nomeados pelos Concursos TRT costuma ser de 40 horas semanais. Al\u00e9m disso, tamb\u00e9m \u00e9 poss\u00edvel optar por trabalhar 35 horas semanais, desde que o empregado n\u00e3o tire a uma hora de almo\u00e7o. Assim, desce o seu tempo total de trabalho di\u00e1rio de 8h para 7h.<\/p>\n\n\n\n<p>Al\u00e9m das altas remunera\u00e7\u00f5es, os TRTS tamb\u00e9m s\u00e3o reconhecidos pelos excelentes benef\u00edcios. Dentre eles, est\u00e3o: vale alimenta\u00e7\u00e3o, plano de sa\u00fade e adicional por capacita\u00e7\u00e3o.<\/p>\n\n\n\n<h2 class=\"wp-block-heading\" id=\"diferencial\">Por que uma p\u00f3s-gradua\u00e7\u00e3o \u00e9 um diferencial em concursos de TRTs?<\/h2>\n\n\n\n<p>Em concursos de alto n\u00edvel, a nota de corte costuma ser muito alta, e \u00e9 comum que dezenas de candidatos fiquem empatados com a mesma pontua\u00e7\u00e3o nas provas. \u00c9 na prova de t\u00edtulos que o jogo vira. <\/p>\n\n\n\n<p>Os pontos adicionais de uma especializa\u00e7\u00e3o, mestrado ou doutorado s\u00e3o o que, na pr\u00e1tica, desfazem esses empates e podem fazer um candidato saltar centenas de posi\u00e7\u00f5es na lista de classifica\u00e7\u00e3o, transformando uma aprova\u00e7\u00e3o fora das vagas em uma nomea\u00e7\u00e3o.<\/p>\n\n\n\n<h3 class=\"wp-block-heading\" id=\"h-a-pos-graduacao-ead-da-gran-faculdade-e-aceita-na-prova-de-titulos\">A p\u00f3s-gradua\u00e7\u00e3o EAD da Gran Faculdade \u00e9 aceita na prova de t\u00edtulos?<\/h3>\n\n\n\n<p>Sim, com total seguran\u00e7a e validade. Esta \u00e9 a principal d\u00favida de muitos concurseiros, e a resposta \u00e9 categ\u00f3rica. A legisla\u00e7\u00e3o brasileira n\u00e3o faz qualquer distin\u00e7\u00e3o entre certificados obtidos em cursos presenciais ou a dist\u00e2ncia (EAD). O que garante a validade do seu t\u00edtulo \u00e9 o reconhecimento da institui\u00e7\u00e3o pelo Minist\u00e9rio da Educa\u00e7\u00e3o (MEC).<\/p>\n\n\n\n<p>A Gran Faculdade \u00e9 credenciada como Centro Universit\u00e1rio com conceito m\u00e1ximo (nota 5) pelo MEC. Todos os nossos cursos de p\u00f3s-gradua\u00e7\u00e3o s\u00e3o 100% online, reconhecidos pelo MEC e concedem o t\u00edtulo de especialista, sendo plenamente v\u00e1lidos para a pontua\u00e7\u00e3o na prova de t\u00edtulos de qualquer concurso p\u00fablico no Brasil.<\/p>\n\n\n\n<h2 class=\"wp-block-heading\" id=\"melhores-cursos\">Quais os melhores cursos de p\u00f3s-gradua\u00e7\u00e3o para a \u00e1rea trabalhista?<\/h2>\n\n\n\n<p>A escolha mais estrat\u00e9gica \u00e9 a de uma p\u00f3s-gradua\u00e7\u00e3o cujo conte\u00fado esteja diretamente alinhado \u00e0s disciplinas de maior peso nos editais dos TRTs. Al\u00e9m de garantir os pontos do t\u00edtulo, voc\u00ea aprofunda seu conhecimento para as provas. As especializa\u00e7\u00f5es mais indicadas s\u00e3o:<\/p>\n\n\n\n<ul class=\"wp-block-list\">\n<li><strong><a href=\"https:\/\/pos.grancursosonline.com.br\/curso\/ciencias-juridicas-aplicadas-aos-tribunais-do-trabalho\" target=\"_blank\" rel=\"noreferrer noopener\">Ci\u00eancias Jur\u00eddicas Aplicadas aos Tribunais do Trabalho<\/a>:<\/strong> um curso desenhado especificamente para a realidade dos TRTs;<\/li>\n\n\n\n<li><strong><a href=\"https:\/\/pos.grancursosonline.com.br\/curso\/direito-do-trabalho-e-processo-do-trabalho\" target=\"_blank\" rel=\"noreferrer noopener\">Direito do Trabalho e Processo do Trabalho<\/a>:<\/strong> o cora\u00e7\u00e3o do concurso, aprofundando os temas centrais da sua prova;<\/li>\n\n\n\n<li><strong><a href=\"https:\/\/pos.grancursosonline.com.br\/curso\/direito-civil-e-processo-civil\" target=\"_blank\" rel=\"noreferrer noopener\">Direito Civil e Processo Civil<\/a>: <\/strong>fundamental, j\u00e1 que o processo civil \u00e9 aplicado subsidiariamente ao processo do trabalho;<\/li>\n\n\n\n<li><strong><a href=\"https:\/\/pos.grancursosonline.com.br\/curso\/direito-constitucional\" target=\"_blank\" rel=\"noreferrer noopener\">Direito Constitucional<\/a> e <a href=\"https:\/\/pos.grancursosonline.com.br\/curso\/direito-administrativo\" target=\"_blank\" rel=\"noreferrer noopener\">Direito Administrativo<\/a>:<\/strong> disciplinas b\u00e1sicas em todos os concursos de tribunais.<\/li>\n<\/ul>\n\n\n\n<p>Confira abaixo as principais raz\u00f5es para fazer hoje mesmo a sua matr\u00edcula!<\/p>\n\n\n\n<h3 class=\"wp-block-heading\" id=\"h-foco-em-conhecimentos-essenciais-para-garantir-a-aprovacao-nos-concursos-da-area\">Foco em conhecimentos essenciais para garantir a aprova\u00e7\u00e3o nos concursos da \u00e1rea!<\/h3>\n\n\n\n<p>Apesar de n\u00e3o serem regidos pelo mesmo edital, os concursos TRT apresentam conte\u00fados program\u00e1ticos muito similares, fortemente atrelados \u00e0 conhecimentos jur\u00eddicos. Esse \u00e9 exatamente o foco do novo curso de P\u00f3s-Gradua\u00e7\u00e3o EAD da Gran P\u00f3s!<\/p>\n\n\n\n<p>Ao longo do curso, o aluno se aprofundar\u00e1 em: Direito do Trabalho, Constitucional Administrativo, Previdenci\u00e1rio, Civil, Processual Civil, Recursos Trabalhistas e outras mat\u00e9rias essenciais!<\/p>\n\n\n\n<p>Todos esses conhecimentos ser\u00e3o ministrados n\u00e3o apenas por professores capacitados em cada \u00e1rea, como tamb\u00e9m profissionais inseridos no contexto dos concursos p\u00fablicos. Com isso, voc\u00ea garante um olhar mais objetivo para os pontos mais essenciais de cada conte\u00fado, otimizando a sua prepara\u00e7\u00e3o para os concursos TRT.<\/p>\n\n\n\n<h3 class=\"wp-block-heading\" id=\"h-aumento-salarial\">Aumento salarial<\/h3>\n\n\n\n<p>Se voc\u00ea j\u00e1 \u00e9 servidor em algum dos TRTs brasileiros, a nova p\u00f3s-gradua\u00e7\u00e3o EAD da Gran P\u00f3s poder\u00e1 benefici\u00e1-lo oferecendo aumentos permanentes \u00e0 sua remunera\u00e7\u00e3o. Afinal, os certificados s\u00e3o devidamente reconhecidos pelo MEC e v\u00e1lidos em todo o territ\u00f3rio brasileiro!<\/p>\n\n\n\n<p>Veja quais s\u00e3o os percentuais de aumento oferecidos pelo&nbsp; Adicional de Qualifica\u00e7\u00e3o para os servidores dos Tribunais regionais de Trabalho:<\/p>\n\n\n\n<ul class=\"wp-block-list\">\n<li><b>12,5%<\/b>\u00a0para aqueles com mestrado ou doutorado.<\/li>\n\n\n\n<li><b>7,5%<\/b>\u00a0para aqueles com especializa\u00e7\u00f5es.<\/li>\n\n\n\n<li><b>1%\u00a0<\/b>para aqueles com cursos profissionalizantes com carga hor\u00e1ria de, no m\u00ednimo, 120 horas.<\/li>\n<\/ul>\n\n\n\n<h3 class=\"wp-block-heading\" id=\"h-a-pos-graduacao-ead-para-os-trts-tambem-pode-ajudar-em-promocoes\">A P\u00f3s-Gradua\u00e7\u00e3o EAD para os TRTs tamb\u00e9m pode ajudar em promo\u00e7\u00f5es<\/h3>\n\n\n\n<p>Voc\u00ea se lembra da explica\u00e7\u00e3o sobre as classes e padr\u00f5es no plano de carreira dos TRTs? Pois \u00e9! Al\u00e9m do tempo de servi\u00e7o e bom desempenho nas atividades, a\u00e7\u00f5es de aperfei\u00e7oamento acad\u00eamico e profissionais ben\u00e9ficos para o exerc\u00edcio da fun\u00e7\u00e3o tamb\u00e9m podem ser aspectos considerados para uma promo\u00e7\u00e3o.&nbsp;Como a p\u00f3s-gradua\u00e7\u00e3o EAD tem um grande foco em Direito e Processo do Trabalho, todos os conhecimentos ministrados s\u00e3o essenciais e relevantes para o cargo.<\/p>\n\n\n\n<h3 class=\"wp-block-heading\" id=\"h-a-pos-graduacao-ead-para-os-trts-e-flexivel-e-nbsp-pode-ser-realizada-no-modelo-100\">A P\u00f3s-Gradua\u00e7\u00e3o EAD para os TRTs \u00e9 flex\u00edvel e&nbsp; pode ser realizada no modelo 100%<\/h3>\n\n\n\n<p>Se voc\u00ea tem pouco tempo livre no seu dia a dia, com certeza deve sentir receio ao pensar em se comprometer com mais uma responsabilidade. A p\u00f3s-gradua\u00e7\u00e3o EAD para os TRTs da Gran P\u00f3s, contudo, \u00e9 um curso de especializa\u00e7\u00e3o completo e conciso, cujo todas as atividades s\u00e3o realizadas no modelo 100% remoto.<\/p>\n\n\n\n<p>Isso quer dizer que voc\u00ea n\u00e3o precisa investindo tempo se deslocando para assistir aulas.&nbsp; Al\u00e9m disso, as aulas podem ser assistidas quando e onde voc\u00ea preferir, encaixando-se mais facilmente at\u00e9 mesmo nas rotinas mais corridas.<\/p>\n\n\n\n<p>Por fim, o temido TCC tamb\u00e9m \u00e9 opcional, garantindo maior conforto e autonomia do aluno para conduzir a sua experi\u00eancia de aperfei\u00e7oamento acad\u00eamico e profissional!<\/p>\n\n\n\n<h3 class=\"wp-block-heading\" id=\"h-a-pos-graduacao-ead-para-os-trts-garante-o-titulo-de-especialista-ao-final-do-curso\">A P\u00f3s-Gradua\u00e7\u00e3o EAD para os TRTs garante o t\u00edtulo de especialista ao final do curso<\/h3>\n\n\n\n<p>Por ser devidamente reconhecida pelo MEC, a P\u00f3s-Gradua\u00e7\u00e3o EAD para os TRTs n\u00e3o \u00e9 s\u00f3 \u00e9 assegurada como um curso de qualidade, como tamb\u00e9m \u00e9 v\u00e1lida como diferencial em todo o territ\u00f3rio brasileiro. Isso quer dizer que, depois de concluir o seu curso, voc\u00ea ser\u00e1 oficialmente um especialista em Ci\u00eancias Jur\u00eddicas.<\/p>\n\n\n\n<h3 class=\"wp-block-heading\" id=\"h-a-pos-graduacao-ead-para-os-trts-pode-ser-concluida-em-menos-tempo\">A P\u00f3s-Gradua\u00e7\u00e3o EAD para os TRTs pode ser conclu\u00edda em menos tempo<\/h3>\n\n\n\n<p>Na Gran Cursos P\u00f3s-Gradua\u00e7\u00e3o, o tempo de conclus\u00e3o do curso fica completamente em cargo do aluno. Desde que o prazo m\u00e1ximo de 18 seja respeitado, voc\u00ea poder\u00e1 definir a velocidade do seu curso. Assim, \u00e9 poss\u00edvel j\u00e1 come\u00e7ar 2023 com o certificado na m\u00e3o e o t\u00edtulo de especialista se voc\u00ea se matricular AGORA! Vamos l\u00e1?<\/p>\n\n\n\n<p class=\"has-text-align-center\"><strong><a href=\"https:\/\/pos.grancursosonline.com.br\/curso\/ciencias-juridicas-aplicadas-aos-tribunais-do-trabalho\/\" target=\"_blank\" rel=\"noopener\">Fa\u00e7a sua matr\u00edcula na P\u00f3s-Gradua\u00e7\u00e3o EAD para os TRTs!<\/a><\/strong><\/p>\n\n\n\n<h2 class=\"wp-block-heading\" id=\"h-vem-pra-gran-faculdade\">Vem pra Gran Faculdade!<\/h2>\n\n\n\n<p>A Gran Faculdade vem mudando a vida de milhares de pessoas por meio de cursos \u00e0 dist\u00e2ncia de <a href=\"https:\/\/faculdade.grancursosonline.com.br\/\" target=\"_blank\" rel=\"noreferrer noopener\">gradua\u00e7\u00e3o<\/a>, <a href=\"https:\/\/pos.grancursosonline.com.br\/\" target=\"_blank\" rel=\"noreferrer noopener\">p\u00f3s-gradua\u00e7\u00e3o<\/a> e <a href=\"https:\/\/pos.grancursosonline.com.br\/mba\" target=\"_blank\" rel=\"noreferrer noopener\">MBA<\/a>. Seja no digital ou em nosso <a href=\"https:\/\/presencial.grancursosonline.com.br\/\" target=\"_blank\" rel=\"noreferrer noopener\">Campus Presencial em Curitiba<\/a>, a nossa miss\u00e3o \u00e9 transformar a educa\u00e7\u00e3o superior.<\/p>\n\n\n\n<p>Como parte de Sistema Gran de Ensino, que \u00e9 reconhecido como marca aprovadora h\u00e1 mais de 10 anos, constru\u00edmos uma renomada reputa\u00e7\u00e3o na \u00e1rea de educa\u00e7\u00e3o.<\/p>\n\n\n\n<p>Veja algumas de nossas conquistas:<\/p>\n\n\n\n<ul class=\"wp-block-list\">\n<li>Reconhecido pela Amazon como um dos projetos mais relevantes do mundo na \u00e1rea de Tecnologia e Educa\u00e7\u00e3o;<\/li>\n\n\n\n<li>Foi eleito pelo Project Management Institute (PMI), um dos 50 Projetos Mais Influentes do mundo;<\/li>\n\n\n\n<li>Somos o site de educa\u00e7\u00e3o mais acessado do Brasil;<\/li>\n\n\n\n<li>Somos avaliados com a nota m\u00e1xima pelo MEC;<\/li>\n\n\n\n<li>Aqui o semestre come\u00e7a quando quiser: entrada imediata e cont\u00ednua!<\/li>\n\n\n\n<li>Melhores pre\u00e7os do mercado;<\/li>\n\n\n\n<li>Mais de 500 mil alunos pagantes e mais de 1000 funcion\u00e1rios;<\/li>\n\n\n\n<li>Diversas ferramentas de estudo: PDFs, audiobooks, mapas mentais, videoaulas, quest\u00f5es, gerenciador de estudos e muito mais!<\/li>\n\n\n\n<li>Professores experientes e capacitados;<\/li>\n\n\n\n<li>Acesso imediato e 100% online.<\/li>\n<\/ul>\n\n\n\n<p class=\"has-text-align-center has-text-align-center\"><strong><a href=\"https:\/\/faculdade.grancursosonline.com.br\/\" target=\"_blank\" rel=\"noreferrer noopener\">Quero ser aluno da Gran Faculdade!<\/a><\/strong><\/p>\n\n\n\n<div class=\"wp-block-group has-background\" style=\"background-color:#8dd2fc7a\"><div class=\"wp-block-group__inner-container is-layout-constrained wp-block-group-is-layout-constrained\">\n<p><strong>Outras not\u00edcias em destaque:<\/strong><\/p>\n\n\n\n<ul class=\"wp-block-list\">\n<li><a href=\"https:\/\/faculdade.grancursosonline.com.br\/blog\/pos-graduacao-novos-cursos-gran-pos\/\" target=\"_blank\" rel=\"noreferrer noopener\">P\u00f3s-Gradua\u00e7\u00e3o: conhe\u00e7a os novos cursos da Gran P\u00f3s!<\/a><\/li>\n\n\n\n<li><a href=\"https:\/\/faculdade.grancursosonline.com.br\/blog\/pos-graduacao-em-direito\/\" target=\"_blank\" rel=\"noreferrer noopener\">P\u00f3s-gradua\u00e7\u00e3o em Direito: melhores cursos na \u00e1rea!<\/a><\/li>\n\n\n\n<li><a href=\"https:\/\/faculdade.grancursosonline.com.br\/blog\/gran-cursos-pos-graduacao-2-em-1\/\" target=\"_blank\" rel=\"noreferrer noopener\">Gran Faculdade: conhe\u00e7a o Combo P\u00f3s Gran Cursos!<\/a><\/li>\n<\/ul>\n<\/div><\/div>\n\n\n\n<div class=\"wp-block-group\"><div class=\"wp-block-group__inner-container is-layout-constrained wp-block-group-is-layout-constrained\">\n<div class=\"wp-block-group\"><div class=\"wp-block-group__inner-container is-layout-constrained wp-block-group-is-layout-constrained\">\n<section style=\"text-align: center;\">\n<p>Quer ficar por dentro da Faculdade Digital mais inovadora do Brasil?<\/p>\n<nav>\n<p class=\"has-background has-dark-bluish-background-color\" style=\"font-size: 25px; text-align: center; background: #f0f0f0; color: #ffffff; padding: 4px 0px 4xp 0px;\"><a style=\"color: #0d134c; text-decoration: underline;\" href=\"https:\/\/faculdade.grancursosonline.com.br\/\" target=\"_blank\" rel=\"noopener\">GRADUA\u00c7\u00c3O<\/a><\/p>\n<p class=\"has-background has-dark-bluish-background-color\" style=\"font-size: 25px; text-align: center; background: #f0f0f0; color: #ffffff; padding: 4px 0px 4xp 0px;\"><a style=\"color: #0d134c; text-decoration: underline;\" href=\"https:\/\/pos.grancursosonline.com.br\/\" target=\"_blank\" rel=\"noopener\">P\u00d3S-GRADUA\u00c7\u00c3O<\/a><\/p>\n<p class=\"has-background has-dark-bluish-background-color\" style=\"font-size: 25px; text-align: center; background: #f0f0f0; color: #ffffff; padding: 4px 0px 4xp 0px;\"><a style=\"color: #0d134c; text-decoration: underline;\" href=\"https:\/\/faculdade.grancursosonline.com.br\/nossos-cursos\/\" target=\"_blank\" rel=\"noopener\">TUDO SOBRE A GRAN FACULDADE<\/a><\/p>\n<\/nav>\n<p><strong>Receba <span style=\"color: #cf1e25;\">gratuitamente<\/span> no seu celular as principais not\u00edcias sobre a Gran Faculdade! <br \/>Clique no link abaixo e inscreva-se:<\/strong><\/p>\n<p class=\"has-background has-dark-bluish-background-color\" style=\"font-size: 25px; text-align: center; background: #f0f0f0; color: #ffffff; padding: 4px 0px 4xp 0px;\"><a style=\"color: #0d134c; text-decoration: underline;\" href=\"https:\/\/whatsapp.com\/channel\/0029VaG1sChI7Be7PNndhL43\" target=\"_blank\" rel=\"noopener noreferrer\">WHATSAPP<\/a><\/p>\n<p class=\"has-background has-dark-bluish-background-color\" style=\"font-size: 25px; text-align: center; background: #f0f0f0; color: #ffffff; padding: 4px 0px 4xp 0px;\"><a style=\"color: #0d134c; text-decoration: underline;\" href=\"https:\/\/t.me\/GranFaculdade\" target=\"_blank\" rel=\"noopener noreferrer\">TELEGRAM<\/a><\/p>\n<\/section>\n<\/div><\/div>\n<\/div><\/div>\n","protected":false},"excerpt":{"rendered":"<p>O seu sonho \u00e9 ser aprovado e trabalhar em um dos Tribunais Regionais do Trabalho (TRTs)? De fato, muitas oportunidades est\u00e3o previstas ou em andamento para os Concursos TRT em v\u00e1rias regi\u00f5es do Brasil. Juntos, os tribunais re\u00fanem v\u00e1rios cargos vagos! Para auxiliar na sua miss\u00e3o de aprova\u00e7\u00e3o, a Gran P\u00f3s conta com um curso&hellip;<\/p>\n","protected":false},"author":486,"featured_media":79757563,"comment_status":"open","ping_status":"open","sticky":false,"template":"","format":"standard","meta":{"_acf_changed":false,"content-type":"","footnotes":""},"categories":[209229,2],"tags":[126404,209284],"class_list":["post-79529781","post","type-post","status-publish","format-standard","has-post-thumbnail","hentry","category-pos-graduacao","category-ultimas-noticias","tag-cursos-e-pos-graduacao","tag-gran-cursos-pos-graduacao"],"acf":[],"yoast_head":"<!-- This site is optimized with the Yoast SEO Premium plugin v27.2 (Yoast SEO v27.2) - https:\/\/yoast.com\/product\/yoast-seo-premium-wordpress\/ -->\n<title>P\u00f3s-gradua\u00e7\u00e3o EAD para os TRTs: conhe\u00e7a o curso!<\/title>\n<meta name=\"description\" content=\"O seu sonho \u00e9 trabalhar em um dos TRTs (Tribunais Regionais de Trabalho)? Veja como a nova p\u00f3s-gradua\u00e7\u00e3o EAD da Gran P\u00f3s pode ajudar!\" \/>\n<meta name=\"robots\" content=\"index, follow, max-snippet:-1, max-image-preview:large, max-video-preview:-1\" \/>\n<link rel=\"canonical\" href=\"https:\/\/faculdade.grancursosonline.com.br\/blog\/pos-graduacao-ead-trts\/\" \/>\n<meta property=\"og:locale\" content=\"pt_BR\" \/>\n<meta property=\"og:type\" content=\"article\" \/>\n<meta property=\"og:title\" content=\"P\u00f3s-gradua\u00e7\u00e3o EAD para os TRTs: conhe\u00e7a o curso!\" \/>\n<meta property=\"og:description\" content=\"O seu sonho \u00e9 trabalhar em um dos TRTs (Tribunais Regionais de Trabalho)? Veja como a nova p\u00f3s-gradua\u00e7\u00e3o EAD da Gran P\u00f3s pode ajudar!\" \/>\n<meta property=\"og:url\" content=\"https:\/\/faculdade.grancursosonline.com.br\/blog\/pos-graduacao-ead-trts\/\" \/>\n<meta property=\"og:site_name\" content=\"Blog Gran Faculdade\" \/>\n<meta property=\"article:publisher\" content=\"https:\/\/www.facebook.com\/grancursosonline\/\" \/>\n<meta property=\"article:published_time\" content=\"2025-09-05T14:45:25+00:00\" \/>\n<meta property=\"article:modified_time\" content=\"2025-09-05T14:45:28+00:00\" \/>\n<meta property=\"og:image\" content=\"https:\/\/blog-es-static.infra.grancursosonline.com.br\/wp-content\/uploads\/2022\/07\/05113703\/pos-graduacao-ead-trts-social.webp\" \/>\n\t<meta property=\"og:image:width\" content=\"511\" \/>\n\t<meta property=\"og:image:height\" content=\"311\" \/>\n\t<meta property=\"og:image:type\" content=\"image\/webp\" \/>\n<meta name=\"author\" content=\"Equipe Gran\" \/>\n<meta name=\"twitter:card\" content=\"summary_large_image\" \/>\n<meta name=\"twitter:creator\" content=\"@gran_online\" \/>\n<meta name=\"twitter:site\" content=\"@gran_online\" \/>\n<meta name=\"twitter:label1\" content=\"Written by\" \/>\n\t<meta name=\"twitter:data1\" content=\"Equipe Gran\" \/>\n\t<meta name=\"twitter:label2\" content=\"Est. reading time\" \/>\n\t<meta name=\"twitter:data2\" content=\"10 minutos\" \/>\n<script type=\"application\/ld+json\" class=\"yoast-schema-graph\">{\"@context\":\"https:\/\/schema.org\",\"@graph\":[{\"@type\":\"NewsArticle\",\"@id\":\"https:\/\/faculdade.grancursosonline.com.br\/blog\/pos-graduacao-ead-trts\/#article\",\"isPartOf\":{\"@id\":\"https:\/\/faculdade.grancursosonline.com.br\/blog\/pos-graduacao-ead-trts\/\"},\"author\":{\"name\":\"Equipe Gran\",\"@id\":\"https:\/\/faculdade.grancursosonline.com.br\/blog\/#\/schema\/person\/c05f350f8ea43a7138aaffc6a87bc5e0\"},\"headline\":\"P\u00f3s-gradua\u00e7\u00e3o EAD para os TRTs: conhe\u00e7a o curso!\",\"datePublished\":\"2025-09-05T14:45:25+00:00\",\"dateModified\":\"2025-09-05T14:45:28+00:00\",\"mainEntityOfPage\":{\"@id\":\"https:\/\/faculdade.grancursosonline.com.br\/blog\/pos-graduacao-ead-trts\/\"},\"wordCount\":1578,\"commentCount\":0,\"publisher\":{\"@id\":\"https:\/\/faculdade.grancursosonline.com.br\/blog\/#organization\"},\"image\":{\"@id\":\"https:\/\/faculdade.grancursosonline.com.br\/blog\/pos-graduacao-ead-trts\/#primaryimage\"},\"thumbnailUrl\":\"https:\/\/blog-es-static.infra.grancursosonline.com.br\/wp-content\/uploads\/2022\/07\/05113659\/pos-graduacao-ead-trts.webp\",\"keywords\":[\"Cursos e P\u00f3s-gradua\u00e7\u00e3o\",\"Gran Cursos P\u00f3s-Gradua\u00e7\u00e3o\"],\"articleSection\":[\"P\u00f3s-Gradua\u00e7\u00e3o Gran Faculdade\",\"\u00daltimas Not\u00edcias\"],\"inLanguage\":\"pt-BR\",\"potentialAction\":[{\"@type\":\"CommentAction\",\"name\":\"Comment\",\"target\":[\"https:\/\/faculdade.grancursosonline.com.br\/blog\/pos-graduacao-ead-trts\/#respond\"]}],\"copyrightYear\":\"2025\",\"copyrightHolder\":{\"@id\":\"https:\/\/faculdade.grancursosonline.com.br\/blog\/#organization\"}},{\"@type\":\"WebPage\",\"@id\":\"https:\/\/faculdade.grancursosonline.com.br\/blog\/pos-graduacao-ead-trts\/\",\"url\":\"https:\/\/faculdade.grancursosonline.com.br\/blog\/pos-graduacao-ead-trts\/\",\"name\":\"P\u00f3s-gradua\u00e7\u00e3o EAD para os TRTs: conhe\u00e7a o curso!\",\"isPartOf\":{\"@id\":\"https:\/\/faculdade.grancursosonline.com.br\/blog\/#website\"},\"primaryImageOfPage\":{\"@id\":\"https:\/\/faculdade.grancursosonline.com.br\/blog\/pos-graduacao-ead-trts\/#primaryimage\"},\"image\":{\"@id\":\"https:\/\/faculdade.grancursosonline.com.br\/blog\/pos-graduacao-ead-trts\/#primaryimage\"},\"thumbnailUrl\":\"https:\/\/blog-es-static.infra.grancursosonline.com.br\/wp-content\/uploads\/2022\/07\/05113659\/pos-graduacao-ead-trts.webp\",\"datePublished\":\"2025-09-05T14:45:25+00:00\",\"dateModified\":\"2025-09-05T14:45:28+00:00\",\"description\":\"O seu sonho \u00e9 trabalhar em um dos TRTs (Tribunais Regionais de Trabalho)? Veja como a nova p\u00f3s-gradua\u00e7\u00e3o EAD da Gran P\u00f3s pode ajudar!\",\"breadcrumb\":{\"@id\":\"https:\/\/faculdade.grancursosonline.com.br\/blog\/pos-graduacao-ead-trts\/#breadcrumb\"},\"inLanguage\":\"pt-BR\",\"potentialAction\":[{\"@type\":\"ReadAction\",\"target\":[\"https:\/\/faculdade.grancursosonline.com.br\/blog\/pos-graduacao-ead-trts\/\"]}]},{\"@type\":\"ImageObject\",\"inLanguage\":\"pt-BR\",\"@id\":\"https:\/\/faculdade.grancursosonline.com.br\/blog\/pos-graduacao-ead-trts\/#primaryimage\",\"url\":\"https:\/\/blog-es-static.infra.grancursosonline.com.br\/wp-content\/uploads\/2022\/07\/05113659\/pos-graduacao-ead-trts.webp\",\"contentUrl\":\"https:\/\/blog-es-static.infra.grancursosonline.com.br\/wp-content\/uploads\/2022\/07\/05113659\/pos-graduacao-ead-trts.webp\",\"width\":1001,\"height\":601,\"caption\":\"TRTs\"},{\"@type\":\"BreadcrumbList\",\"@id\":\"https:\/\/faculdade.grancursosonline.com.br\/blog\/pos-graduacao-ead-trts\/#breadcrumb\",\"itemListElement\":[{\"@type\":\"ListItem\",\"position\":1,\"name\":\"In\u00edcio\",\"item\":\"https:\/\/faculdade.grancursosonline.com.br\/blog\/\"},{\"@type\":\"ListItem\",\"position\":2,\"name\":\"P\u00f3s-Gradua\u00e7\u00e3o Gran Faculdade\",\"item\":\"https:\/\/faculdade.grancursosonline.com.br\/blog\/pos-graduacao\/\"},{\"@type\":\"ListItem\",\"position\":3,\"name\":\"P\u00f3s-gradua\u00e7\u00e3o EAD para os TRTs: conhe\u00e7a o curso!\"}]},{\"@type\":\"WebSite\",\"@id\":\"https:\/\/faculdade.grancursosonline.com.br\/blog\/#website\",\"url\":\"https:\/\/faculdade.grancursosonline.com.br\/blog\/\",\"name\":\"Blog Gran Faculdade\",\"description\":\"Tudo sobre ensino superior, p\u00f3s-gradua\u00e7\u00e3o, enem e carreira.\",\"publisher\":{\"@id\":\"https:\/\/faculdade.grancursosonline.com.br\/blog\/#organization\"},\"potentialAction\":[{\"@type\":\"SearchAction\",\"target\":{\"@type\":\"EntryPoint\",\"urlTemplate\":\"https:\/\/faculdade.grancursosonline.com.br\/blog\/?s={search_term_string}\"},\"query-input\":{\"@type\":\"PropertyValueSpecification\",\"valueRequired\":true,\"valueName\":\"search_term_string\"}}],\"inLanguage\":\"pt-BR\"},{\"@type\":\"Organization\",\"@id\":\"https:\/\/faculdade.grancursosonline.com.br\/blog\/#organization\",\"name\":\"Gran Cursos Online\",\"url\":\"https:\/\/faculdade.grancursosonline.com.br\/blog\/\",\"logo\":{\"@type\":\"ImageObject\",\"inLanguage\":\"pt-BR\",\"@id\":\"https:\/\/faculdade.grancursosonline.com.br\/blog\/#\/schema\/logo\/image\/\",\"url\":\"https:\/\/blog-es-static.infra.grancursosonline.com.br\/wp-content\/uploads\/2019\/08\/03123934\/logo.png\",\"contentUrl\":\"https:\/\/blog-es-static.infra.grancursosonline.com.br\/wp-content\/uploads\/2019\/08\/03123934\/logo.png\",\"width\":300,\"height\":57,\"caption\":\"Gran Cursos Online\"},\"image\":{\"@id\":\"https:\/\/faculdade.grancursosonline.com.br\/blog\/#\/schema\/logo\/image\/\"},\"sameAs\":[\"https:\/\/www.facebook.com\/grancursosonline\/\",\"https:\/\/x.com\/gran_online\",\"https:\/\/www.instagram.com\/grancursosonline\/\",\"https:\/\/www.youtube.com\/user\/grancursostv\"]},{\"@type\":\"Person\",\"@id\":\"https:\/\/faculdade.grancursosonline.com.br\/blog\/#\/schema\/person\/c05f350f8ea43a7138aaffc6a87bc5e0\",\"name\":\"Equipe Gran\",\"sameAs\":[\"http:\/\/www.grancursosonline.com.br\"],\"url\":\"https:\/\/faculdade.grancursosonline.com.br\/blog\/author\/hugo-oliveira\/\"}]}<\/script>\n<!-- \/ Yoast SEO Premium plugin. -->","yoast_head_json":{"title":"P\u00f3s-gradua\u00e7\u00e3o EAD para os TRTs: conhe\u00e7a o curso!","description":"O seu sonho \u00e9 trabalhar em um dos TRTs (Tribunais Regionais de Trabalho)? Veja como a nova p\u00f3s-gradua\u00e7\u00e3o EAD da Gran P\u00f3s pode ajudar!","robots":{"index":"index","follow":"follow","max-snippet":"max-snippet:-1","max-image-preview":"max-image-preview:large","max-video-preview":"max-video-preview:-1"},"canonical":"https:\/\/faculdade.grancursosonline.com.br\/blog\/pos-graduacao-ead-trts\/","og_locale":"pt_BR","og_type":"article","og_title":"P\u00f3s-gradua\u00e7\u00e3o EAD para os TRTs: conhe\u00e7a o curso!","og_description":"O seu sonho \u00e9 trabalhar em um dos TRTs (Tribunais Regionais de Trabalho)? Veja como a nova p\u00f3s-gradua\u00e7\u00e3o EAD da Gran P\u00f3s pode ajudar!","og_url":"https:\/\/faculdade.grancursosonline.com.br\/blog\/pos-graduacao-ead-trts\/","og_site_name":"Blog Gran Faculdade","article_publisher":"https:\/\/www.facebook.com\/grancursosonline\/","article_published_time":"2025-09-05T14:45:25+00:00","article_modified_time":"2025-09-05T14:45:28+00:00","og_image":[{"width":511,"height":311,"url":"https:\/\/blog-es-static.infra.grancursosonline.com.br\/wp-content\/uploads\/2022\/07\/05113703\/pos-graduacao-ead-trts-social.webp","type":"image\/webp"}],"author":"Equipe Gran","twitter_card":"summary_large_image","twitter_creator":"@gran_online","twitter_site":"@gran_online","twitter_misc":{"Written by":"Equipe Gran","Est. reading time":"10 minutos"},"schema":{"@context":"https:\/\/schema.org","@graph":[{"@type":"NewsArticle","@id":"https:\/\/faculdade.grancursosonline.com.br\/blog\/pos-graduacao-ead-trts\/#article","isPartOf":{"@id":"https:\/\/faculdade.grancursosonline.com.br\/blog\/pos-graduacao-ead-trts\/"},"author":{"name":"Equipe Gran","@id":"https:\/\/faculdade.grancursosonline.com.br\/blog\/#\/schema\/person\/c05f350f8ea43a7138aaffc6a87bc5e0"},"headline":"P\u00f3s-gradua\u00e7\u00e3o EAD para os TRTs: conhe\u00e7a o curso!","datePublished":"2025-09-05T14:45:25+00:00","dateModified":"2025-09-05T14:45:28+00:00","mainEntityOfPage":{"@id":"https:\/\/faculdade.grancursosonline.com.br\/blog\/pos-graduacao-ead-trts\/"},"wordCount":1578,"commentCount":0,"publisher":{"@id":"https:\/\/faculdade.grancursosonline.com.br\/blog\/#organization"},"image":{"@id":"https:\/\/faculdade.grancursosonline.com.br\/blog\/pos-graduacao-ead-trts\/#primaryimage"},"thumbnailUrl":"https:\/\/blog-es-static.infra.grancursosonline.com.br\/wp-content\/uploads\/2022\/07\/05113659\/pos-graduacao-ead-trts.webp","keywords":["Cursos e P\u00f3s-gradua\u00e7\u00e3o","Gran Cursos P\u00f3s-Gradua\u00e7\u00e3o"],"articleSection":["P\u00f3s-Gradua\u00e7\u00e3o Gran Faculdade","\u00daltimas Not\u00edcias"],"inLanguage":"pt-BR","potentialAction":[{"@type":"CommentAction","name":"Comment","target":["https:\/\/faculdade.grancursosonline.com.br\/blog\/pos-graduacao-ead-trts\/#respond"]}],"copyrightYear":"2025","copyrightHolder":{"@id":"https:\/\/faculdade.grancursosonline.com.br\/blog\/#organization"}},{"@type":"WebPage","@id":"https:\/\/faculdade.grancursosonline.com.br\/blog\/pos-graduacao-ead-trts\/","url":"https:\/\/faculdade.grancursosonline.com.br\/blog\/pos-graduacao-ead-trts\/","name":"P\u00f3s-gradua\u00e7\u00e3o EAD para os TRTs: conhe\u00e7a o curso!","isPartOf":{"@id":"https:\/\/faculdade.grancursosonline.com.br\/blog\/#website"},"primaryImageOfPage":{"@id":"https:\/\/faculdade.grancursosonline.com.br\/blog\/pos-graduacao-ead-trts\/#primaryimage"},"image":{"@id":"https:\/\/faculdade.grancursosonline.com.br\/blog\/pos-graduacao-ead-trts\/#primaryimage"},"thumbnailUrl":"https:\/\/blog-es-static.infra.grancursosonline.com.br\/wp-content\/uploads\/2022\/07\/05113659\/pos-graduacao-ead-trts.webp","datePublished":"2025-09-05T14:45:25+00:00","dateModified":"2025-09-05T14:45:28+00:00","description":"O seu sonho \u00e9 trabalhar em um dos TRTs (Tribunais Regionais de Trabalho)? Veja como a nova p\u00f3s-gradua\u00e7\u00e3o EAD da Gran P\u00f3s pode ajudar!","breadcrumb":{"@id":"https:\/\/faculdade.grancursosonline.com.br\/blog\/pos-graduacao-ead-trts\/#breadcrumb"},"inLanguage":"pt-BR","potentialAction":[{"@type":"ReadAction","target":["https:\/\/faculdade.grancursosonline.com.br\/blog\/pos-graduacao-ead-trts\/"]}]},{"@type":"ImageObject","inLanguage":"pt-BR","@id":"https:\/\/faculdade.grancursosonline.com.br\/blog\/pos-graduacao-ead-trts\/#primaryimage","url":"https:\/\/blog-es-static.infra.grancursosonline.com.br\/wp-content\/uploads\/2022\/07\/05113659\/pos-graduacao-ead-trts.webp","contentUrl":"https:\/\/blog-es-static.infra.grancursosonline.com.br\/wp-content\/uploads\/2022\/07\/05113659\/pos-graduacao-ead-trts.webp","width":1001,"height":601,"caption":"TRTs"},{"@type":"BreadcrumbList","@id":"https:\/\/faculdade.grancursosonline.com.br\/blog\/pos-graduacao-ead-trts\/#breadcrumb","itemListElement":[{"@type":"ListItem","position":1,"name":"In\u00edcio","item":"https:\/\/faculdade.grancursosonline.com.br\/blog\/"},{"@type":"ListItem","position":2,"name":"P\u00f3s-Gradua\u00e7\u00e3o Gran Faculdade","item":"https:\/\/faculdade.grancursosonline.com.br\/blog\/pos-graduacao\/"},{"@type":"ListItem","position":3,"name":"P\u00f3s-gradua\u00e7\u00e3o EAD para os TRTs: conhe\u00e7a o curso!"}]},{"@type":"WebSite","@id":"https:\/\/faculdade.grancursosonline.com.br\/blog\/#website","url":"https:\/\/faculdade.grancursosonline.com.br\/blog\/","name":"Blog Gran Faculdade","description":"Tudo sobre ensino superior, p\u00f3s-gradua\u00e7\u00e3o, enem e carreira.","publisher":{"@id":"https:\/\/faculdade.grancursosonline.com.br\/blog\/#organization"},"potentialAction":[{"@type":"SearchAction","target":{"@type":"EntryPoint","urlTemplate":"https:\/\/faculdade.grancursosonline.com.br\/blog\/?s={search_term_string}"},"query-input":{"@type":"PropertyValueSpecification","valueRequired":true,"valueName":"search_term_string"}}],"inLanguage":"pt-BR"},{"@type":"Organization","@id":"https:\/\/faculdade.grancursosonline.com.br\/blog\/#organization","name":"Gran Cursos Online","url":"https:\/\/faculdade.grancursosonline.com.br\/blog\/","logo":{"@type":"ImageObject","inLanguage":"pt-BR","@id":"https:\/\/faculdade.grancursosonline.com.br\/blog\/#\/schema\/logo\/image\/","url":"https:\/\/blog-es-static.infra.grancursosonline.com.br\/wp-content\/uploads\/2019\/08\/03123934\/logo.png","contentUrl":"https:\/\/blog-es-static.infra.grancursosonline.com.br\/wp-content\/uploads\/2019\/08\/03123934\/logo.png","width":300,"height":57,"caption":"Gran Cursos Online"},"image":{"@id":"https:\/\/faculdade.grancursosonline.com.br\/blog\/#\/schema\/logo\/image\/"},"sameAs":["https:\/\/www.facebook.com\/grancursosonline\/","https:\/\/x.com\/gran_online","https:\/\/www.instagram.com\/grancursosonline\/","https:\/\/www.youtube.com\/user\/grancursostv"]},{"@type":"Person","@id":"https:\/\/faculdade.grancursosonline.com.br\/blog\/#\/schema\/person\/c05f350f8ea43a7138aaffc6a87bc5e0","name":"Equipe Gran","sameAs":["http:\/\/www.grancursosonline.com.br"],"url":"https:\/\/faculdade.grancursosonline.com.br\/blog\/author\/hugo-oliveira\/"}]}},"_links":{"self":[{"href":"https:\/\/faculdade.grancursosonline.com.br\/blog\/wp-json\/wp\/v2\/posts\/79529781","targetHints":{"allow":["GET"]}}],"collection":[{"href":"https:\/\/faculdade.grancursosonline.com.br\/blog\/wp-json\/wp\/v2\/posts"}],"about":[{"href":"https:\/\/faculdade.grancursosonline.com.br\/blog\/wp-json\/wp\/v2\/types\/post"}],"author":[{"embeddable":true,"href":"https:\/\/faculdade.grancursosonline.com.br\/blog\/wp-json\/wp\/v2\/users\/486"}],"replies":[{"embeddable":true,"href":"https:\/\/faculdade.grancursosonline.com.br\/blog\/wp-json\/wp\/v2\/comments?post=79529781"}],"version-history":[{"count":1,"href":"https:\/\/faculdade.grancursosonline.com.br\/blog\/wp-json\/wp\/v2\/posts\/79529781\/revisions"}],"predecessor-version":[{"id":79757565,"href":"https:\/\/faculdade.grancursosonline.com.br\/blog\/wp-json\/wp\/v2\/posts\/79529781\/revisions\/79757565"}],"wp:featuredmedia":[{"embeddable":true,"href":"https:\/\/faculdade.grancursosonline.com.br\/blog\/wp-json\/wp\/v2\/media\/79757563"}],"wp:attachment":[{"href":"https:\/\/faculdade.grancursosonline.com.br\/blog\/wp-json\/wp\/v2\/media?parent=79529781"}],"wp:term":[{"taxonomy":"category","embeddable":true,"href":"https:\/\/faculdade.grancursosonline.com.br\/blog\/wp-json\/wp\/v2\/categories?post=79529781"},{"taxonomy":"post_tag","embeddable":true,"href":"https:\/\/faculdade.grancursosonline.com.br\/blog\/wp-json\/wp\/v2\/tags?post=79529781"}],"curies":[{"name":"wp","href":"https:\/\/api.w.org\/{rel}","templated":true}]}}