{"id":79530445,"date":"2025-09-04T12:41:54","date_gmt":"2025-09-04T15:41:54","guid":{"rendered":"https:\/\/blog.grancursosonline.com.br\/?p=79530445"},"modified":"2025-09-04T12:41:55","modified_gmt":"2025-09-04T15:41:55","slug":"empregado-no-setor-privado-beneficios-gran-pos","status":"publish","type":"post","link":"https:\/\/faculdade.grancursosonline.com.br\/blog\/empregado-no-setor-privado-beneficios-gran-pos\/","title":{"rendered":"Empregado no setor privado: como a Gran P\u00f3s ajuda na carreira?"},"content":{"rendered":"\n<p>As especializa\u00e7\u00f5es da Gran Faculdade s\u00e3o uma excelente escolha de aperfei\u00e7oamento profissional para quem quer ser aprovado em concursos p\u00fablicos. Afinal, al\u00e9m de capacitar e atualizar o aluno com os principais conhecimentos da \u00e1rea, os cursos tamb\u00e9m auxiliam na prepara\u00e7\u00e3o das mat\u00e9rias mais cobradas em certames da carreira. <\/p>\n\n\n\n<div class=\"wp-block-columns is-layout-flex wp-container-core-columns-is-layout-9d6595d7 wp-block-columns-is-layout-flex\">\n<div class=\"wp-block-column is-layout-flow wp-block-column-is-layout-flow\" style=\"flex-basis:100%\"><div class=\"wp-block-image\">\n<figure class=\"aligncenter size-full\"><a href=\"https:\/\/whatsapp.com\/channel\/0029VaG1sChI7Be7PNndhL43\" target=\"_blank\" rel=\"noopener\"><img decoding=\"async\" src=\"https:\/\/blog-es-static.infra.grancursosonline.com.br\/wp-content\/uploads\/2025\/09\/09112354\/banner-wp-600x142-80.webp\" alt=\"Acesse o canal do WhatsApp da Gran Faculdade\" class=\"wp-image-79751904\"\/><\/a><\/figure>\n<\/div><\/div>\n<\/div>\n\n\n\n<p>Mas voc\u00ea sabia que os cursos de p\u00f3s do Gran tamb\u00e9m podem ajudar na carreira de quem \u00e9 empregado no setor privado? Quer saber mais? Ent\u00e3o siga a leitura:<\/p>\n\n\n\n<ul class=\"wp-block-list\">\n<li><a href=\"#conceito\">O que \u00e9 empregado no setor privado?<\/a><\/li>\n\n\n\n<li><a href=\"#curriculo\">Diferencial no seu curr\u00edculo de empregado no setor privado<\/a><\/li>\n\n\n\n<li><a href=\"#recolocacao\">Recoloca\u00e7\u00e3o mais r\u00e1pida no mercado de trabalho privado<\/a><\/li>\n\n\n\n<li><a href=\"#salario\">Ganhar mais no trabalho<\/a><\/li>\n\n\n\n<li><a href=\"#carreira\">Direcionar sua carreira como empregado no setor privado<\/a><\/li>\n\n\n\n<li><a href=\"#dicas\">Dicas pr\u00e1ticas para conduzir a sua carreira<\/a><\/li>\n\n\n\n<li><a href=\"#conciliavel\">Facilmente concili\u00e1vel com outras atividades<\/a><\/li>\n\n\n\n<li><a href=\"#teoria\">N\u00e3o se limita apenas \u00e0 teoria<\/a><\/li>\n\n\n\n<li><a href=\"#estagio\">Realizar est\u00e1gio como empregado no setor privado<\/a><\/li>\n<\/ul>\n\n\n\n<h2 class=\"wp-block-heading\" id=\"conceito\">O que \u00e9 empregado no setor privado?<\/h2>\n\n\n\n<p>Um empregado no setor privado \u00e9 uma pessoa f\u00edsica que presta servi\u00e7os de natureza n\u00e3o eventual a um empregador (empresa ou outra pessoa f\u00edsica), mediante sal\u00e1rio e sob a depend\u00eancia deste. Essa rela\u00e7\u00e3o de trabalho \u00e9 formalizada, na maioria dos casos, pela assinatura da Carteira de Trabalho e Previd\u00eancia Social (CTPS) e \u00e9 regida pela Consolida\u00e7\u00e3o das Leis do Trabalho (CLT).<\/p>\n\n\n\n<p>Para que uma pessoa seja legalmente considerada uma empregada, a rela\u00e7\u00e3o de trabalho deve conter, obrigatoriamente, cinco elementos-chave:<\/p>\n\n\n\n<ul class=\"wp-block-list\">\n<li><strong>Pessoalidade<\/strong>: o trabalho deve ser realizado exclusivamente pela pessoa contratada, que n\u00e3o pode enviar outra em seu lugar.<\/li>\n\n\n\n<li><strong>N\u00e3o Eventualidade:<\/strong> o servi\u00e7o \u00e9 prestado de forma cont\u00ednua, com regularidade. N\u00e3o se trata de um trabalho espor\u00e1dico ou casual.<\/li>\n\n\n\n<li><strong>Onerosidade<\/strong>: o empregado recebe uma contrapresta\u00e7\u00e3o financeira (sal\u00e1rio) pelo trabalho realizado.<\/li>\n\n\n\n<li><strong>Subordina\u00e7\u00e3o<\/strong>: este \u00e9 o crit\u00e9rio mais importante. O empregado est\u00e1 sujeito \u00e0s ordens e diretrizes do empregador, cumprindo hor\u00e1rios, seguindo regras e estando sob a dire\u00e7\u00e3o da empresa.<\/li>\n\n\n\n<li><strong>Pessoa F\u00edsica:<\/strong> o empregado \u00e9 sempre um indiv\u00edduo, nunca uma outra empresa (pessoa jur\u00eddica).<\/li>\n<\/ul>\n\n\n\n<p>Em resumo, \u00e9 o trabalhador popularmente conhecido como &#8220;de carteira assinada&#8221;, que se diferencia do servidor p\u00fablico (que trabalha para o Estado sob um regime estatut\u00e1rio) e do trabalhador aut\u00f4nomo (que presta servi\u00e7os sem subordina\u00e7\u00e3o).<\/p>\n\n\n\n<h2 class=\"wp-block-heading\" id=\"diferencial\">1. Com a Gran P\u00f3s voc\u00ea garante um forte diferencial no seu curr\u00edculo de empregado no setor privado<\/h2>\n\n\n\n<p>O mercado privado de trabalho \u00e9 especialmente marcado pela competitividade: seja para conquistar o seu primeiro emprego ou buscar por oportunidades melhores, os processos seletivos incluem recrutadores que utilizar\u00e3o a capacita\u00e7\u00e3o do profissional e a experi\u00eancia como alguns dos principais crit\u00e9rios para a contrata\u00e7\u00e3o.<\/p>\n\n\n\n<p>Com a satura\u00e7\u00e3o de diversas \u00e1reas de atua\u00e7\u00e3o, a gradua\u00e7\u00e3o j\u00e1 n\u00e3o \u00e9 mais um diferencial e a busca por profissionais especializados aumenta cada vez mais. Afinal, \u00e9 cada vez mais relevante a atua\u00e7\u00e3o por nichos: mais espec\u00edfica, mais aprofundada, mais direcionada e muito lucrativa.&nbsp;&nbsp;Assim, agora o perfil desejado pelas empresas \u00e9 a dos especialistas, mestres e doutores.<\/p>\n\n\n\n<p>Os cursos da Gran Faculdade s\u00e3o devidamente reconhecidos pelo MEC e, portanto, v\u00e1lidos em todo o territ\u00f3rio brasileiro. Ao finalizar qualquer uma das mais de 100 especializa\u00e7\u00f5es, voc\u00ea garante o t\u00edtulo de especialista e passa integrar o grupo de  profissionais mais desejado pelo mercado de trabalho privado!<\/p>\n\n\n\n<h2 class=\"wp-block-heading\" id=\"recolocacao\">2. A Gran P\u00f3s auxilia na recoloca\u00e7\u00e3o mais r\u00e1pida no mercado de trabalho privado<\/h2>\n\n\n\n<p>J\u00e1 que os cursos da Gran P\u00f3s funcionam como um diferencial no seu curr\u00edculo, eles tamb\u00e9m auxiliar\u00e3o na conquista de uma nova oportunidade profissional. Al\u00e9m de chamar a aten\u00e7\u00e3o dos recrutadores, comprometer-se e concluir uma p\u00f3s-gradua\u00e7\u00e3o tamb\u00e9m pode trazer movimenta\u00e7\u00e3o e atualiza\u00e7\u00e3o para um curr\u00edculo estagnado h\u00e1 algum tempo.<\/p>\n\n\n\n<p>Isso pode acontecer se voc\u00ea precisou passar por uma pausa na carreira, acabou de se formar ou est\u00e1 buscando a recoloca\u00e7\u00e3o profissional por algum tempo sem sucesso.<\/p>\n\n\n\n<h2 class=\"wp-block-heading\" id=\"salario\">3. Com a Gran P\u00f3s voc\u00ea pode ganhar mais no trabalho<\/h2>\n\n\n\n<p>Todas as pesquisas sobre o assunto s\u00e3o un\u00e2nimes na conclus\u00e3o: os profissionais que conquistam um curso de p\u00f3s-gradua\u00e7\u00e3o recebem remunera\u00e7\u00f5es estatisticamente maiores do que aqueles que n\u00e3o buscam o aperfei\u00e7oamento profissional e acad\u00eamico.&nbsp; De acordo a pesquisa do Instituto Semesp (2016-2019), por exemplo, essa diferen\u00e7a fica em torno de R$ 2.774 a mais para o profissional especializado.<\/p>\n\n\n\n<p class=\"has-text-align-center\"><strong><a href=\"https:\/\/faculdade.grancursosonline.com.br\/blog\/pos-graduacao-ajuda-a-ganhar-mais-no-trabalho\/\" target=\"_blank\" rel=\"noreferrer noopener\">Leia mais sobre a rela\u00e7\u00e3o entre p\u00f3s-gradua\u00e7\u00e3o e remunera\u00e7\u00e3o!<\/a><\/strong><\/p>\n\n\n\n<h2 class=\"wp-block-heading\" id=\"carreira\">4. A Gran P\u00f3s pode ajudar voc\u00ea a direcionar sua carreira como empregado no setor privado<\/h2>\n\n\n\n<p>Uma pesquisa realizada com mais de 300 profissionais brasileiros em 2021 pelo aplicativo Survey Monkey revelou alt\u00edssimos n\u00edveis de insatisfa\u00e7\u00e3o com o trabalho. Dentre esses n\u00fameros, foi revelado que o problema de&nbsp; 64.24% dos entrevistados \u00e9 n\u00e3o estar inserido em \u00e1rea de atua\u00e7\u00e3o com a qual se identificam, buscando realizar uma troca.<\/p>\n\n\n\n<p>Se esse \u00e9 o seu caso e voc\u00ea at\u00e9 cogitou fazer uma segunda gradua\u00e7\u00e3o, a Gran Faculdade pode ser uma excelente op\u00e7\u00e3o de retomar as r\u00e9deas da sua carreira! Afinal, ao conquistar uma especializa\u00e7\u00e3o em determinada \u00e1rea, voc\u00ea se torna mais capacitado para assumir empregos em fun\u00e7\u00f5es que se parecem mais com voc\u00ea.<\/p>\n\n\n\n<p>\u00c9 claro que um curso de p\u00f3s-gradua\u00e7\u00e3o em Psicologia, por exemplo, n\u00e3o substitui a gradua\u00e7\u00e3o e n\u00e3o o capacita para atuar como psic\u00f3logo. No entanto, se voc\u00ea tem muito interesse em psicologia e trabalha com jornalismo, uma solu\u00e7\u00e3o para aumentar sua satisfa\u00e7\u00e3o no trabalho \u00e9 utilizar os conhecimentos dessa especializa\u00e7\u00e3o para trabalhar escrevendo sobre assuntos de psicologia, por exemplo!<\/p>\n\n\n\n<p>Se voc\u00ea trabalha como advogado, mas tem uma modalidade de Direito em que se interessa mais, a conquista da especializa\u00e7\u00e3o na Gran P\u00f3s ir\u00e1 informar ao mercado de trabalho e aos seus futuros clientes em qual \u00e1rea voc\u00ea \u00e9 mais capacitado e est\u00e1 mais disposto a trabalhar. Tudo isso faz muita diferen\u00e7a na sua carreira e satisfa\u00e7\u00e3o no trabalho!<\/p>\n\n\n\n<h2 class=\"wp-block-heading\" id=\"dicas\">5. Com a Gran P\u00f3s voc\u00ea tamb\u00e9m desfruta de dicas pr\u00e1ticas para conduzir a sua carreira<\/h2>\n\n\n\n<p>Se voc\u00ea est\u00e1 iniciando agora a sua trajet\u00f3ria na \u00e1rea de advocacia privada, ent\u00e3o muito provavelmente j\u00e1 teve d\u00favidas sobre como montar seu escrit\u00f3rio, divulgar seus servi\u00e7os e entrar em contato com clientes. Esses assuntos s\u00e3o t\u00f3picos tanto na <a href=\"https:\/\/pos.grancursosonline.com.br\/curso\/ciencias-juridicas-aplicadas-a-advocacia-privada\/\" target=\"_blank\" rel=\"noopener\">P\u00f3s-Gradua\u00e7\u00e3o em Ci\u00eancias Jur\u00eddicas aplicadas \u00e0 Advocacia Privada<\/a>, como tamb\u00e9m na <a href=\"https:\/\/pos.grancursosonline.com.br\/curso\/processo-penal-aplicado-a-advocacia-criminal\/\" target=\"_blank\" rel=\"noopener\">P\u00f3s-Gradua\u00e7\u00e3o em Processo Penal aplicado \u00e0 Advocacia Criminal<\/a>.<\/p>\n\n\n\n<p>Analogamente, se voc\u00ea quer trabalhar com per\u00edcia judicial, a P\u00f3s-Gradua\u00e7\u00e3o em <a href=\"https:\/\/pos.grancursosonline.com.br\/curso\/pericia-criminal-e-judicial\/\" target=\"_blank\" rel=\"noopener\">Per\u00edcia Criminal e Judicial<\/a> tamb\u00e9m \u00e9 capaz de instru\u00ed-lo nos principais passos para se registrar em Tribunais e come\u00e7ar a prestar servi\u00e7os.<\/p>\n\n\n\n<p>Esses s\u00e3o apenas exemplos de como os cursos de especializa\u00e7\u00e3o da Gran Cursos P\u00f3s-Gradua\u00e7\u00e3o instruem o aluno tanto no \u00e2mbito pr\u00e1tico da atua\u00e7\u00e3o como tamb\u00e9m no \u00e2mbito te\u00f3rico, aprofundando-o em todas as mat\u00e9rias essenciais para exercer um excelente trabalho como especialista.<\/p>\n\n\n\n<h2 class=\"wp-block-heading\" id=\"conciliavel\">6. A Gran P\u00f3s \u00e9 mais facilmente concili\u00e1vel com outras atividades<\/h2>\n\n\n\n<p>Se voc\u00ea j\u00e1 \u00e9 empregado no setor privado, ent\u00e3o a maior parte dos seus dias \u00e9 preenchida com a atividade profissional em quest\u00e3o. Assim, sobra pouco tempo para sequer cogitar uma especializa\u00e7\u00e3o, n\u00e3o \u00e9 mesmo? Mas e se essa p\u00f3s-gradua\u00e7\u00e3o fosse 100% online, com hor\u00e1rios flex\u00edveis, TCC opcional e pudesse ser conclu\u00edda em 6 meses?&nbsp;Esse \u00e9 o caso dos cursos de especializa\u00e7\u00e3o da Gran Cursos P\u00f3s-Gradua\u00e7\u00e3o!<\/p>\n\n\n\n<p>Com mais liberdade, a concilia\u00e7\u00e3o fica mais simples, podendo ser encaixada no seu dia a dia de acordo com a sua disponibilidade. Al\u00e9m disso, n\u00e3o precisa se preocupar com r\u00edgidos calend\u00e1rios acad\u00eamicos ou com a necessidade de comparecer ao polo f\u00edsico: desde que voc\u00ea respeite o prazo m\u00e1ximo de 18 meses para concluir seu curso, todas as atividades poder\u00e3o ser realizadas de acordo com a sua disponibilidade e de onde voc\u00ea preferir!<\/p>\n\n\n\n<p>At\u00e9 mesmo o infame TCC, muito temido entre os alunos de gradua\u00e7\u00e3o e p\u00f3s-gradua\u00e7\u00e3o, poder\u00e1 ser ou n\u00e3o realizado: tudo depende dos seus objetivos e escolhas ao longo do curso!<\/p>\n\n\n\n<h2 class=\"wp-block-heading\" id=\"teoria\">7. Com a Gran P\u00f3s voc\u00ea n\u00e3o se limita apenas \u00e0 teoria<\/h2>\n\n\n\n<p>Para auxiliar voc\u00ea de verdade na sua carreira, a Gran Cursos P\u00f3s-Gradua\u00e7\u00e3o busca sempre trazer aulas cada vez mais interativas, trazendo an\u00e1lise de casos e compartilhamento de experi\u00eancias. Assim, o aluno pode aplicar os conhecimentos de maneira mais pr\u00e1tica.<\/p>\n\n\n\n<h2 class=\"wp-block-heading\" id=\"estagio\">8. Com a Gran P\u00f3s voc\u00ea pode realizar est\u00e1gio como empregado no setor privado<\/h2>\n\n\n\n<p>O est\u00e1gio \u00e9 uma atividade muito conhecida quando o assunto \u00e9 gradua\u00e7\u00e3o, mas voc\u00ea sabia que tamb\u00e9m existe est\u00e1gio remunerado para p\u00f3s-gradua\u00e7\u00e3o? Essa pode ser mais uma oportunidade de adquirir experi\u00eancias de maneira pr\u00e1tica, enriquecer seu curr\u00edculo e ainda receber um valor mensal para auxiliar nas finan\u00e7as da casa.<\/p>\n\n\n\n<p>Os est\u00e1gios para p\u00f3s-gradua\u00e7\u00e3o est\u00e3o se tornando cada vez mais comuns, podendo ser encontrados em sites de recrutamento e outras plataformas. Depois de encontrar sua oportunidade, \u00e9 muito f\u00e1cil emitir o termo de est\u00e1gio a partir do pr\u00f3prio portal de aluno da Gran Cursos P\u00f3s-Gradua\u00e7\u00e3o!<\/p>\n\n\n\n<p class=\"has-text-align-center\"><strong><a href=\"https:\/\/faculdade.grancursosonline.com.br\/blog\/estagio-na-pos-graduacao-oportunidades\/\" target=\"_blank\" rel=\"noreferrer noopener\">Saiba onde encontrar oportunidades de est\u00e1gio de p\u00f3s-gradua\u00e7\u00e3o<\/a><\/strong><\/p>\n\n\n\n<h2 class=\"wp-block-heading\" id=\"h-vem-pra-gran-faculdade\">Vem pra Gran Faculdade!<\/h2>\n\n\n\n<p>A Gran Faculdade vem mudando a vida de milhares de pessoas por meio de cursos \u00e0 dist\u00e2ncia de <a href=\"https:\/\/faculdade.grancursosonline.com.br\/\" target=\"_blank\" rel=\"noreferrer noopener\">gradua\u00e7\u00e3o<\/a>, <a href=\"https:\/\/pos.grancursosonline.com.br\/\" target=\"_blank\" rel=\"noreferrer noopener\">p\u00f3s-gradua\u00e7\u00e3o<\/a> e <a href=\"https:\/\/pos.grancursosonline.com.br\/mba\" target=\"_blank\" rel=\"noreferrer noopener\">MBA<\/a>. Seja no digital ou em nosso <a href=\"https:\/\/presencial.grancursosonline.com.br\/\" target=\"_blank\" rel=\"noreferrer noopener\">Campus Presencial em Curitiba<\/a>, a nossa miss\u00e3o \u00e9 transformar a educa\u00e7\u00e3o superior.<\/p>\n\n\n\n<p>Como parte de Sistema Gran de Ensino, que \u00e9 reconhecido como marca aprovadora h\u00e1 mais de 10 anos, constru\u00edmos uma renomada reputa\u00e7\u00e3o na \u00e1rea de educa\u00e7\u00e3o.<\/p>\n\n\n\n<p>Veja algumas de nossas conquistas:<\/p>\n\n\n\n<ul class=\"wp-block-list\">\n<li>Reconhecido pela Amazon como um dos projetos mais relevantes do mundo na \u00e1rea de Tecnologia e Educa\u00e7\u00e3o;<\/li>\n\n\n\n<li>Foi eleito pelo Project Management Institute (PMI), um dos 50 Projetos Mais Influentes do mundo;<\/li>\n\n\n\n<li>Somos o site de educa\u00e7\u00e3o mais acessado do Brasil;<\/li>\n\n\n\n<li>Somos avaliados com a nota m\u00e1xima pelo MEC;<\/li>\n\n\n\n<li>Aqui o semestre come\u00e7a quando quiser: entrada imediata e cont\u00ednua!<\/li>\n\n\n\n<li>Melhores pre\u00e7os do mercado;<\/li>\n\n\n\n<li>Mais de 500 mil alunos pagantes e mais de 1000 funcion\u00e1rios;<\/li>\n\n\n\n<li>Diversas ferramentas de estudo: PDFs, audiobooks, mapas mentais, videoaulas, quest\u00f5es, gerenciador de estudos e muito mais!<\/li>\n\n\n\n<li>Professores experientes e capacitados;<\/li>\n\n\n\n<li>Acesso imediato e 100% online.<\/li>\n<\/ul>\n\n\n\n<p class=\"has-text-align-center has-text-align-center\"><strong><a href=\"https:\/\/faculdade.grancursosonline.com.br\/\" target=\"_blank\" rel=\"noreferrer noopener\">Quero ser aluno da Gran Faculdade!<\/a><\/strong><\/p>\n\n\n\n<div class=\"wp-block-group has-background\" style=\"background-color:#8dd2fc7a\"><div class=\"wp-block-group__inner-container is-layout-constrained wp-block-group-is-layout-constrained\">\n<p><strong>Outras not\u00edcias em destaque:<\/strong><\/p>\n\n\n\n<ul class=\"wp-block-list\">\n<li><a href=\"https:\/\/faculdade.grancursosonline.com.br\/blog\/gran-cursos-pos-graduacao-por-que-fazer-com-o-gran\/\" target=\"_blank\" rel=\"noreferrer noopener\">Gran Cursos P\u00f3s-Gradua\u00e7\u00e3o: por que fazer p\u00f3s com o Gran?<\/a><\/li>\n\n\n\n<li><a href=\"https:\/\/faculdade.grancursosonline.com.br\/blog\/razoes-para-fazer-pos-graduacao\/\" target=\"_blank\" rel=\"noreferrer noopener\">Por que fazer uma p\u00f3s-gradua\u00e7\u00e3o? Veja todas as raz\u00f5es!<\/a><\/li>\n\n\n\n<li><a href=\"https:\/\/faculdade.grancursosonline.com.br\/blog\/vale-a-pena-fazer-pos-graduacao-ead\/\" target=\"_blank\" rel=\"noreferrer noopener\">P\u00f3s-Gradua\u00e7\u00e3o EAD: vale a pena fazer? Saiba mais!<\/a><\/li>\n<\/ul>\n<\/div><\/div>\n\n\n\n<div class=\"wp-block-group\"><div class=\"wp-block-group__inner-container is-layout-constrained wp-block-group-is-layout-constrained\">\n<div class=\"wp-block-group\"><div class=\"wp-block-group__inner-container is-layout-constrained wp-block-group-is-layout-constrained\">\n<section style=\"text-align: center;\">\n<p>Quer ficar por dentro da Faculdade Digital mais inovadora do Brasil?<\/p>\n<nav>\n<p class=\"has-background has-dark-bluish-background-color\" style=\"font-size: 25px; text-align: center; background: #f0f0f0; color: #ffffff; padding: 4px 0px 4xp 0px;\"><a style=\"color: #0d134c; text-decoration: underline;\" href=\"https:\/\/faculdade.grancursosonline.com.br\/\" target=\"_blank\" rel=\"noopener\">GRADUA\u00c7\u00c3O<\/a><\/p>\n<p class=\"has-background has-dark-bluish-background-color\" style=\"font-size: 25px; text-align: center; background: #f0f0f0; color: #ffffff; padding: 4px 0px 4xp 0px;\"><a style=\"color: #0d134c; text-decoration: underline;\" href=\"https:\/\/pos.grancursosonline.com.br\/\" target=\"_blank\" rel=\"noopener\">P\u00d3S-GRADUA\u00c7\u00c3O<\/a><\/p>\n<p class=\"has-background has-dark-bluish-background-color\" style=\"font-size: 25px; text-align: center; background: #f0f0f0; color: #ffffff; padding: 4px 0px 4xp 0px;\"><a style=\"color: #0d134c; text-decoration: underline;\" href=\"https:\/\/faculdade.grancursosonline.com.br\/nossos-cursos\/\" target=\"_blank\" rel=\"noopener\">TUDO SOBRE A GRAN FACULDADE<\/a><\/p>\n<\/nav>\n<p><strong>Receba <span style=\"color: #cf1e25;\">gratuitamente<\/span> no seu celular as principais not\u00edcias sobre a Gran Faculdade! <br \/>Clique no link abaixo e inscreva-se:<\/strong><\/p>\n<p class=\"has-background has-dark-bluish-background-color\" style=\"font-size: 25px; text-align: center; background: #f0f0f0; color: #ffffff; padding: 4px 0px 4xp 0px;\"><a style=\"color: #0d134c; text-decoration: underline;\" href=\"https:\/\/whatsapp.com\/channel\/0029VaG1sChI7Be7PNndhL43\" target=\"_blank\" rel=\"noopener noreferrer\">WHATSAPP<\/a><\/p>\n<p class=\"has-background has-dark-bluish-background-color\" style=\"font-size: 25px; text-align: center; background: #f0f0f0; color: #ffffff; padding: 4px 0px 4xp 0px;\"><a style=\"color: #0d134c; text-decoration: underline;\" href=\"https:\/\/t.me\/GranFaculdade\" target=\"_blank\" rel=\"noopener noreferrer\">TELEGRAM<\/a><\/p>\n<\/section>\n<\/div><\/div>\n<\/div><\/div>\n","protected":false},"excerpt":{"rendered":"<p>As especializa\u00e7\u00f5es da Gran Faculdade s\u00e3o uma excelente escolha de aperfei\u00e7oamento profissional para quem quer ser aprovado em concursos p\u00fablicos. Afinal, al\u00e9m de capacitar e atualizar o aluno com os principais conhecimentos da \u00e1rea, os cursos tamb\u00e9m auxiliam na prepara\u00e7\u00e3o das mat\u00e9rias mais cobradas em certames da carreira. Mas voc\u00ea sabia que os cursos de&hellip;<\/p>\n","protected":false},"author":486,"featured_media":79757502,"comment_status":"open","ping_status":"open","sticky":false,"template":"","format":"standard","meta":{"_acf_changed":false,"content-type":"","footnotes":""},"categories":[209229,2],"tags":[126404,209284],"class_list":["post-79530445","post","type-post","status-publish","format-standard","has-post-thumbnail","hentry","category-pos-graduacao","category-ultimas-noticias","tag-cursos-e-pos-graduacao","tag-gran-cursos-pos-graduacao"],"acf":[],"yoast_head":"<!-- This site is optimized with the Yoast SEO Premium plugin v27.2 (Yoast SEO v27.2) - https:\/\/yoast.com\/product\/yoast-seo-premium-wordpress\/ -->\n<title>Empregado no setor privado: como a Gran P\u00f3s ajuda na carreira?<\/title>\n<meta name=\"description\" content=\"Conhe\u00e7a as 8 principais maneiras como as especializa\u00e7\u00f5es da Gran P\u00f3s podem ajudar a carreira de quem \u00e9 empregado no setor privado!\" \/>\n<meta name=\"robots\" content=\"index, follow, max-snippet:-1, max-image-preview:large, max-video-preview:-1\" \/>\n<link rel=\"canonical\" href=\"https:\/\/faculdade.grancursosonline.com.br\/blog\/empregado-no-setor-privado-beneficios-gran-pos\/\" \/>\n<meta property=\"og:locale\" content=\"pt_BR\" \/>\n<meta property=\"og:type\" content=\"article\" \/>\n<meta property=\"og:title\" content=\"Empregado no setor privado: como a Gran P\u00f3s ajuda na carreira?\" \/>\n<meta property=\"og:description\" content=\"Conhe\u00e7a as 8 principais maneiras como as especializa\u00e7\u00f5es da Gran P\u00f3s podem ajudar a carreira de quem \u00e9 empregado no setor privado!\" \/>\n<meta property=\"og:url\" content=\"https:\/\/faculdade.grancursosonline.com.br\/blog\/empregado-no-setor-privado-beneficios-gran-pos\/\" \/>\n<meta property=\"og:site_name\" content=\"Blog Gran Faculdade\" \/>\n<meta property=\"article:publisher\" content=\"https:\/\/www.facebook.com\/grancursosonline\/\" \/>\n<meta property=\"article:published_time\" content=\"2025-09-04T15:41:54+00:00\" \/>\n<meta property=\"article:modified_time\" content=\"2025-09-04T15:41:55+00:00\" \/>\n<meta property=\"og:image\" content=\"https:\/\/blog-es-static.infra.grancursosonline.com.br\/wp-content\/uploads\/2022\/07\/04124041\/empregado-no-setor-privado-beneficios-gran-pos-social.webp\" \/>\n\t<meta property=\"og:image:width\" content=\"511\" \/>\n\t<meta property=\"og:image:height\" content=\"311\" \/>\n\t<meta property=\"og:image:type\" content=\"image\/webp\" \/>\n<meta name=\"author\" content=\"Equipe Gran\" \/>\n<meta name=\"twitter:card\" content=\"summary_large_image\" \/>\n<meta name=\"twitter:creator\" content=\"@gran_online\" \/>\n<meta name=\"twitter:site\" content=\"@gran_online\" \/>\n<meta name=\"twitter:label1\" content=\"Written by\" \/>\n\t<meta name=\"twitter:data1\" content=\"Equipe Gran\" \/>\n\t<meta name=\"twitter:label2\" content=\"Est. reading time\" \/>\n\t<meta name=\"twitter:data2\" content=\"10 minutos\" \/>\n<script type=\"application\/ld+json\" class=\"yoast-schema-graph\">{\"@context\":\"https:\/\/schema.org\",\"@graph\":[{\"@type\":\"NewsArticle\",\"@id\":\"https:\/\/faculdade.grancursosonline.com.br\/blog\/empregado-no-setor-privado-beneficios-gran-pos\/#article\",\"isPartOf\":{\"@id\":\"https:\/\/faculdade.grancursosonline.com.br\/blog\/empregado-no-setor-privado-beneficios-gran-pos\/\"},\"author\":{\"name\":\"Equipe Gran\",\"@id\":\"https:\/\/faculdade.grancursosonline.com.br\/blog\/#\/schema\/person\/c05f350f8ea43a7138aaffc6a87bc5e0\"},\"headline\":\"Empregado no setor privado: como a Gran P\u00f3s ajuda na carreira?\",\"datePublished\":\"2025-09-04T15:41:54+00:00\",\"dateModified\":\"2025-09-04T15:41:55+00:00\",\"mainEntityOfPage\":{\"@id\":\"https:\/\/faculdade.grancursosonline.com.br\/blog\/empregado-no-setor-privado-beneficios-gran-pos\/\"},\"wordCount\":1642,\"commentCount\":0,\"publisher\":{\"@id\":\"https:\/\/faculdade.grancursosonline.com.br\/blog\/#organization\"},\"image\":{\"@id\":\"https:\/\/faculdade.grancursosonline.com.br\/blog\/empregado-no-setor-privado-beneficios-gran-pos\/#primaryimage\"},\"thumbnailUrl\":\"https:\/\/blog-es-static.infra.grancursosonline.com.br\/wp-content\/uploads\/2022\/07\/04124044\/empregado-no-setor-privado-beneficios-gran-pos.webp\",\"keywords\":[\"Cursos e P\u00f3s-gradua\u00e7\u00e3o\",\"Gran Cursos P\u00f3s-Gradua\u00e7\u00e3o\"],\"articleSection\":[\"P\u00f3s-Gradua\u00e7\u00e3o Gran Faculdade\",\"\u00daltimas Not\u00edcias\"],\"inLanguage\":\"pt-BR\",\"potentialAction\":[{\"@type\":\"CommentAction\",\"name\":\"Comment\",\"target\":[\"https:\/\/faculdade.grancursosonline.com.br\/blog\/empregado-no-setor-privado-beneficios-gran-pos\/#respond\"]}],\"copyrightYear\":\"2025\",\"copyrightHolder\":{\"@id\":\"https:\/\/faculdade.grancursosonline.com.br\/blog\/#organization\"}},{\"@type\":\"WebPage\",\"@id\":\"https:\/\/faculdade.grancursosonline.com.br\/blog\/empregado-no-setor-privado-beneficios-gran-pos\/\",\"url\":\"https:\/\/faculdade.grancursosonline.com.br\/blog\/empregado-no-setor-privado-beneficios-gran-pos\/\",\"name\":\"Empregado no setor privado: como a Gran P\u00f3s ajuda na carreira?\",\"isPartOf\":{\"@id\":\"https:\/\/faculdade.grancursosonline.com.br\/blog\/#website\"},\"primaryImageOfPage\":{\"@id\":\"https:\/\/faculdade.grancursosonline.com.br\/blog\/empregado-no-setor-privado-beneficios-gran-pos\/#primaryimage\"},\"image\":{\"@id\":\"https:\/\/faculdade.grancursosonline.com.br\/blog\/empregado-no-setor-privado-beneficios-gran-pos\/#primaryimage\"},\"thumbnailUrl\":\"https:\/\/blog-es-static.infra.grancursosonline.com.br\/wp-content\/uploads\/2022\/07\/04124044\/empregado-no-setor-privado-beneficios-gran-pos.webp\",\"datePublished\":\"2025-09-04T15:41:54+00:00\",\"dateModified\":\"2025-09-04T15:41:55+00:00\",\"description\":\"Conhe\u00e7a as 8 principais maneiras como as especializa\u00e7\u00f5es da Gran P\u00f3s podem ajudar a carreira de quem \u00e9 empregado no setor privado!\",\"breadcrumb\":{\"@id\":\"https:\/\/faculdade.grancursosonline.com.br\/blog\/empregado-no-setor-privado-beneficios-gran-pos\/#breadcrumb\"},\"inLanguage\":\"pt-BR\",\"potentialAction\":[{\"@type\":\"ReadAction\",\"target\":[\"https:\/\/faculdade.grancursosonline.com.br\/blog\/empregado-no-setor-privado-beneficios-gran-pos\/\"]}]},{\"@type\":\"ImageObject\",\"inLanguage\":\"pt-BR\",\"@id\":\"https:\/\/faculdade.grancursosonline.com.br\/blog\/empregado-no-setor-privado-beneficios-gran-pos\/#primaryimage\",\"url\":\"https:\/\/blog-es-static.infra.grancursosonline.com.br\/wp-content\/uploads\/2022\/07\/04124044\/empregado-no-setor-privado-beneficios-gran-pos.webp\",\"contentUrl\":\"https:\/\/blog-es-static.infra.grancursosonline.com.br\/wp-content\/uploads\/2022\/07\/04124044\/empregado-no-setor-privado-beneficios-gran-pos.webp\",\"width\":1001,\"height\":601,\"caption\":\"Empregado no setor privado\"},{\"@type\":\"BreadcrumbList\",\"@id\":\"https:\/\/faculdade.grancursosonline.com.br\/blog\/empregado-no-setor-privado-beneficios-gran-pos\/#breadcrumb\",\"itemListElement\":[{\"@type\":\"ListItem\",\"position\":1,\"name\":\"In\u00edcio\",\"item\":\"https:\/\/faculdade.grancursosonline.com.br\/blog\/\"},{\"@type\":\"ListItem\",\"position\":2,\"name\":\"P\u00f3s-Gradua\u00e7\u00e3o Gran Faculdade\",\"item\":\"https:\/\/faculdade.grancursosonline.com.br\/blog\/pos-graduacao\/\"},{\"@type\":\"ListItem\",\"position\":3,\"name\":\"Empregado no setor privado: como a Gran P\u00f3s ajuda na carreira?\"}]},{\"@type\":\"WebSite\",\"@id\":\"https:\/\/faculdade.grancursosonline.com.br\/blog\/#website\",\"url\":\"https:\/\/faculdade.grancursosonline.com.br\/blog\/\",\"name\":\"Blog Gran Faculdade\",\"description\":\"Tudo sobre ensino superior, p\u00f3s-gradua\u00e7\u00e3o, enem e carreira.\",\"publisher\":{\"@id\":\"https:\/\/faculdade.grancursosonline.com.br\/blog\/#organization\"},\"potentialAction\":[{\"@type\":\"SearchAction\",\"target\":{\"@type\":\"EntryPoint\",\"urlTemplate\":\"https:\/\/faculdade.grancursosonline.com.br\/blog\/?s={search_term_string}\"},\"query-input\":{\"@type\":\"PropertyValueSpecification\",\"valueRequired\":true,\"valueName\":\"search_term_string\"}}],\"inLanguage\":\"pt-BR\"},{\"@type\":\"Organization\",\"@id\":\"https:\/\/faculdade.grancursosonline.com.br\/blog\/#organization\",\"name\":\"Gran Cursos Online\",\"url\":\"https:\/\/faculdade.grancursosonline.com.br\/blog\/\",\"logo\":{\"@type\":\"ImageObject\",\"inLanguage\":\"pt-BR\",\"@id\":\"https:\/\/faculdade.grancursosonline.com.br\/blog\/#\/schema\/logo\/image\/\",\"url\":\"https:\/\/blog-es-static.infra.grancursosonline.com.br\/wp-content\/uploads\/2019\/08\/03123934\/logo.png\",\"contentUrl\":\"https:\/\/blog-es-static.infra.grancursosonline.com.br\/wp-content\/uploads\/2019\/08\/03123934\/logo.png\",\"width\":300,\"height\":57,\"caption\":\"Gran Cursos Online\"},\"image\":{\"@id\":\"https:\/\/faculdade.grancursosonline.com.br\/blog\/#\/schema\/logo\/image\/\"},\"sameAs\":[\"https:\/\/www.facebook.com\/grancursosonline\/\",\"https:\/\/x.com\/gran_online\",\"https:\/\/www.instagram.com\/grancursosonline\/\",\"https:\/\/www.youtube.com\/user\/grancursostv\"]},{\"@type\":\"Person\",\"@id\":\"https:\/\/faculdade.grancursosonline.com.br\/blog\/#\/schema\/person\/c05f350f8ea43a7138aaffc6a87bc5e0\",\"name\":\"Equipe Gran\",\"sameAs\":[\"http:\/\/www.grancursosonline.com.br\"],\"url\":\"https:\/\/faculdade.grancursosonline.com.br\/blog\/author\/hugo-oliveira\/\"}]}<\/script>\n<!-- \/ Yoast SEO Premium plugin. -->","yoast_head_json":{"title":"Empregado no setor privado: como a Gran P\u00f3s ajuda na carreira?","description":"Conhe\u00e7a as 8 principais maneiras como as especializa\u00e7\u00f5es da Gran P\u00f3s podem ajudar a carreira de quem \u00e9 empregado no setor privado!","robots":{"index":"index","follow":"follow","max-snippet":"max-snippet:-1","max-image-preview":"max-image-preview:large","max-video-preview":"max-video-preview:-1"},"canonical":"https:\/\/faculdade.grancursosonline.com.br\/blog\/empregado-no-setor-privado-beneficios-gran-pos\/","og_locale":"pt_BR","og_type":"article","og_title":"Empregado no setor privado: como a Gran P\u00f3s ajuda na carreira?","og_description":"Conhe\u00e7a as 8 principais maneiras como as especializa\u00e7\u00f5es da Gran P\u00f3s podem ajudar a carreira de quem \u00e9 empregado no setor privado!","og_url":"https:\/\/faculdade.grancursosonline.com.br\/blog\/empregado-no-setor-privado-beneficios-gran-pos\/","og_site_name":"Blog Gran Faculdade","article_publisher":"https:\/\/www.facebook.com\/grancursosonline\/","article_published_time":"2025-09-04T15:41:54+00:00","article_modified_time":"2025-09-04T15:41:55+00:00","og_image":[{"width":511,"height":311,"url":"https:\/\/blog-es-static.infra.grancursosonline.com.br\/wp-content\/uploads\/2022\/07\/04124041\/empregado-no-setor-privado-beneficios-gran-pos-social.webp","type":"image\/webp"}],"author":"Equipe Gran","twitter_card":"summary_large_image","twitter_creator":"@gran_online","twitter_site":"@gran_online","twitter_misc":{"Written by":"Equipe Gran","Est. reading time":"10 minutos"},"schema":{"@context":"https:\/\/schema.org","@graph":[{"@type":"NewsArticle","@id":"https:\/\/faculdade.grancursosonline.com.br\/blog\/empregado-no-setor-privado-beneficios-gran-pos\/#article","isPartOf":{"@id":"https:\/\/faculdade.grancursosonline.com.br\/blog\/empregado-no-setor-privado-beneficios-gran-pos\/"},"author":{"name":"Equipe Gran","@id":"https:\/\/faculdade.grancursosonline.com.br\/blog\/#\/schema\/person\/c05f350f8ea43a7138aaffc6a87bc5e0"},"headline":"Empregado no setor privado: como a Gran P\u00f3s ajuda na carreira?","datePublished":"2025-09-04T15:41:54+00:00","dateModified":"2025-09-04T15:41:55+00:00","mainEntityOfPage":{"@id":"https:\/\/faculdade.grancursosonline.com.br\/blog\/empregado-no-setor-privado-beneficios-gran-pos\/"},"wordCount":1642,"commentCount":0,"publisher":{"@id":"https:\/\/faculdade.grancursosonline.com.br\/blog\/#organization"},"image":{"@id":"https:\/\/faculdade.grancursosonline.com.br\/blog\/empregado-no-setor-privado-beneficios-gran-pos\/#primaryimage"},"thumbnailUrl":"https:\/\/blog-es-static.infra.grancursosonline.com.br\/wp-content\/uploads\/2022\/07\/04124044\/empregado-no-setor-privado-beneficios-gran-pos.webp","keywords":["Cursos e P\u00f3s-gradua\u00e7\u00e3o","Gran Cursos P\u00f3s-Gradua\u00e7\u00e3o"],"articleSection":["P\u00f3s-Gradua\u00e7\u00e3o Gran Faculdade","\u00daltimas Not\u00edcias"],"inLanguage":"pt-BR","potentialAction":[{"@type":"CommentAction","name":"Comment","target":["https:\/\/faculdade.grancursosonline.com.br\/blog\/empregado-no-setor-privado-beneficios-gran-pos\/#respond"]}],"copyrightYear":"2025","copyrightHolder":{"@id":"https:\/\/faculdade.grancursosonline.com.br\/blog\/#organization"}},{"@type":"WebPage","@id":"https:\/\/faculdade.grancursosonline.com.br\/blog\/empregado-no-setor-privado-beneficios-gran-pos\/","url":"https:\/\/faculdade.grancursosonline.com.br\/blog\/empregado-no-setor-privado-beneficios-gran-pos\/","name":"Empregado no setor privado: como a Gran P\u00f3s ajuda na carreira?","isPartOf":{"@id":"https:\/\/faculdade.grancursosonline.com.br\/blog\/#website"},"primaryImageOfPage":{"@id":"https:\/\/faculdade.grancursosonline.com.br\/blog\/empregado-no-setor-privado-beneficios-gran-pos\/#primaryimage"},"image":{"@id":"https:\/\/faculdade.grancursosonline.com.br\/blog\/empregado-no-setor-privado-beneficios-gran-pos\/#primaryimage"},"thumbnailUrl":"https:\/\/blog-es-static.infra.grancursosonline.com.br\/wp-content\/uploads\/2022\/07\/04124044\/empregado-no-setor-privado-beneficios-gran-pos.webp","datePublished":"2025-09-04T15:41:54+00:00","dateModified":"2025-09-04T15:41:55+00:00","description":"Conhe\u00e7a as 8 principais maneiras como as especializa\u00e7\u00f5es da Gran P\u00f3s podem ajudar a carreira de quem \u00e9 empregado no setor privado!","breadcrumb":{"@id":"https:\/\/faculdade.grancursosonline.com.br\/blog\/empregado-no-setor-privado-beneficios-gran-pos\/#breadcrumb"},"inLanguage":"pt-BR","potentialAction":[{"@type":"ReadAction","target":["https:\/\/faculdade.grancursosonline.com.br\/blog\/empregado-no-setor-privado-beneficios-gran-pos\/"]}]},{"@type":"ImageObject","inLanguage":"pt-BR","@id":"https:\/\/faculdade.grancursosonline.com.br\/blog\/empregado-no-setor-privado-beneficios-gran-pos\/#primaryimage","url":"https:\/\/blog-es-static.infra.grancursosonline.com.br\/wp-content\/uploads\/2022\/07\/04124044\/empregado-no-setor-privado-beneficios-gran-pos.webp","contentUrl":"https:\/\/blog-es-static.infra.grancursosonline.com.br\/wp-content\/uploads\/2022\/07\/04124044\/empregado-no-setor-privado-beneficios-gran-pos.webp","width":1001,"height":601,"caption":"Empregado no setor privado"},{"@type":"BreadcrumbList","@id":"https:\/\/faculdade.grancursosonline.com.br\/blog\/empregado-no-setor-privado-beneficios-gran-pos\/#breadcrumb","itemListElement":[{"@type":"ListItem","position":1,"name":"In\u00edcio","item":"https:\/\/faculdade.grancursosonline.com.br\/blog\/"},{"@type":"ListItem","position":2,"name":"P\u00f3s-Gradua\u00e7\u00e3o Gran Faculdade","item":"https:\/\/faculdade.grancursosonline.com.br\/blog\/pos-graduacao\/"},{"@type":"ListItem","position":3,"name":"Empregado no setor privado: como a Gran P\u00f3s ajuda na carreira?"}]},{"@type":"WebSite","@id":"https:\/\/faculdade.grancursosonline.com.br\/blog\/#website","url":"https:\/\/faculdade.grancursosonline.com.br\/blog\/","name":"Blog Gran Faculdade","description":"Tudo sobre ensino superior, p\u00f3s-gradua\u00e7\u00e3o, enem e carreira.","publisher":{"@id":"https:\/\/faculdade.grancursosonline.com.br\/blog\/#organization"},"potentialAction":[{"@type":"SearchAction","target":{"@type":"EntryPoint","urlTemplate":"https:\/\/faculdade.grancursosonline.com.br\/blog\/?s={search_term_string}"},"query-input":{"@type":"PropertyValueSpecification","valueRequired":true,"valueName":"search_term_string"}}],"inLanguage":"pt-BR"},{"@type":"Organization","@id":"https:\/\/faculdade.grancursosonline.com.br\/blog\/#organization","name":"Gran Cursos Online","url":"https:\/\/faculdade.grancursosonline.com.br\/blog\/","logo":{"@type":"ImageObject","inLanguage":"pt-BR","@id":"https:\/\/faculdade.grancursosonline.com.br\/blog\/#\/schema\/logo\/image\/","url":"https:\/\/blog-es-static.infra.grancursosonline.com.br\/wp-content\/uploads\/2019\/08\/03123934\/logo.png","contentUrl":"https:\/\/blog-es-static.infra.grancursosonline.com.br\/wp-content\/uploads\/2019\/08\/03123934\/logo.png","width":300,"height":57,"caption":"Gran Cursos Online"},"image":{"@id":"https:\/\/faculdade.grancursosonline.com.br\/blog\/#\/schema\/logo\/image\/"},"sameAs":["https:\/\/www.facebook.com\/grancursosonline\/","https:\/\/x.com\/gran_online","https:\/\/www.instagram.com\/grancursosonline\/","https:\/\/www.youtube.com\/user\/grancursostv"]},{"@type":"Person","@id":"https:\/\/faculdade.grancursosonline.com.br\/blog\/#\/schema\/person\/c05f350f8ea43a7138aaffc6a87bc5e0","name":"Equipe Gran","sameAs":["http:\/\/www.grancursosonline.com.br"],"url":"https:\/\/faculdade.grancursosonline.com.br\/blog\/author\/hugo-oliveira\/"}]}},"_links":{"self":[{"href":"https:\/\/faculdade.grancursosonline.com.br\/blog\/wp-json\/wp\/v2\/posts\/79530445","targetHints":{"allow":["GET"]}}],"collection":[{"href":"https:\/\/faculdade.grancursosonline.com.br\/blog\/wp-json\/wp\/v2\/posts"}],"about":[{"href":"https:\/\/faculdade.grancursosonline.com.br\/blog\/wp-json\/wp\/v2\/types\/post"}],"author":[{"embeddable":true,"href":"https:\/\/faculdade.grancursosonline.com.br\/blog\/wp-json\/wp\/v2\/users\/486"}],"replies":[{"embeddable":true,"href":"https:\/\/faculdade.grancursosonline.com.br\/blog\/wp-json\/wp\/v2\/comments?post=79530445"}],"version-history":[{"count":1,"href":"https:\/\/faculdade.grancursosonline.com.br\/blog\/wp-json\/wp\/v2\/posts\/79530445\/revisions"}],"predecessor-version":[{"id":79757503,"href":"https:\/\/faculdade.grancursosonline.com.br\/blog\/wp-json\/wp\/v2\/posts\/79530445\/revisions\/79757503"}],"wp:featuredmedia":[{"embeddable":true,"href":"https:\/\/faculdade.grancursosonline.com.br\/blog\/wp-json\/wp\/v2\/media\/79757502"}],"wp:attachment":[{"href":"https:\/\/faculdade.grancursosonline.com.br\/blog\/wp-json\/wp\/v2\/media?parent=79530445"}],"wp:term":[{"taxonomy":"category","embeddable":true,"href":"https:\/\/faculdade.grancursosonline.com.br\/blog\/wp-json\/wp\/v2\/categories?post=79530445"},{"taxonomy":"post_tag","embeddable":true,"href":"https:\/\/faculdade.grancursosonline.com.br\/blog\/wp-json\/wp\/v2\/tags?post=79530445"}],"curies":[{"name":"wp","href":"https:\/\/api.w.org\/{rel}","templated":true}]}}