{"id":79546649,"date":"2025-09-24T09:49:03","date_gmt":"2025-09-24T12:49:03","guid":{"rendered":"https:\/\/blog.grancursosonline.com.br\/?p=79546649"},"modified":"2025-09-24T09:49:14","modified_gmt":"2025-09-24T12:49:14","slug":"estagio-em-orgaos-publicos","status":"publish","type":"post","link":"https:\/\/faculdade.grancursosonline.com.br\/blog\/estagio-em-orgaos-publicos\/","title":{"rendered":"Est\u00e1gio em \u00f3rg\u00e3os p\u00fablicos: como funciona?"},"content":{"rendered":"\n<p>O <strong>est\u00e1gio na p\u00f3s-gradua\u00e7\u00e3o<\/strong> \u00e9 uma oportunidade de desenvolver as habilidades aprendidas na sua especializa\u00e7\u00e3o de maneira pr\u00e1tica e aplicada. Mas voc\u00ea sabia que, na hora de selecionar a sua vaga, existe a possibilidade de trabalhar tanto no setor p\u00fablico como privado?<\/p>\n\n\n\n<p>O est\u00e1gio em \u00f3rg\u00e3os p\u00fablicos \u00e9 uma excelente op\u00e7\u00e3o para quem deseja ingressar posteriormente na carreira p\u00fablica. Afinal, o aluno pode colecionar viv\u00eancias pr\u00e1ticas dentro do \u00f3rg\u00e3o ou entidade p\u00fablica e trocar experi\u00eancias diretas com servidores j\u00e1 efetivados. Al\u00e9m disso, tamb\u00e9m existem outros benef\u00edcios, como a jornada de trabalho reduzida, por exemplo.<\/p>\n\n\n\n<div class=\"wp-block-columns is-layout-flex wp-container-core-columns-is-layout-9d6595d7 wp-block-columns-is-layout-flex\">\n<div class=\"wp-block-column is-layout-flow wp-block-column-is-layout-flow\" style=\"flex-basis:100%\"><div class=\"wp-block-image\">\n<figure class=\"aligncenter size-full\"><a href=\"https:\/\/whatsapp.com\/channel\/0029VaG1sChI7Be7PNndhL43\" target=\"_blank\" rel=\"noopener\"><img decoding=\"async\" src=\"https:\/\/blog-es-static.infra.grancursosonline.com.br\/wp-content\/uploads\/2025\/09\/09112354\/banner-wp-600x142-80.webp\" alt=\"Acesse o canal do WhatsApp da Gran Faculdade\" class=\"wp-image-79751904\"\/><\/a><\/figure>\n<\/div><\/div>\n<\/div>\n\n\n\n<p>Mas como encontrar uma oportunidade de est\u00e1gio de p\u00f3s-gradua\u00e7\u00e3o em \u00f3rg\u00e3os p\u00fablicos? Como funciona o processo de sele\u00e7\u00e3o? Quais s\u00e3o as as vantagens e desvantagens desse tipo de programa em compara\u00e7\u00e3o com as vagas ofertadas pela iniciativa privada? Acompanhe o conte\u00fado e descubra!<\/p>\n\n\n\n<ul class=\"wp-block-list\">\n<li><a href=\"#semelhancas-diferencas\">Est\u00e1gio em \u00f3rg\u00e3os p\u00fablicos x iniciativa privada: semelhan\u00e7as e diferen\u00e7as<\/a><\/li>\n\n\n\n<li><a href=\"#comecar\">Est\u00e1gio em \u00f3rg\u00e3os p\u00fablicos: por onde come\u00e7ar?<\/a><\/li>\n\n\n\n<li><a href=\"#fazer\">Por que fazer est\u00e1gio em \u00f3rg\u00e3os p\u00fablicos?<\/a><\/li>\n\n\n\n<li><a href=\"#gran-faculdade\">Est\u00e1gio em \u00f3rg\u00e3os p\u00fablicos: conquiste o seu com a Gran Faculdade<\/a><\/li>\n<\/ul>\n\n\n\n<h2 class=\"wp-block-heading\" id=\"semelhancas-diferencas\">Est\u00e1gio em \u00f3rg\u00e3os p\u00fablicos x iniciativa privada: semelhan\u00e7as e diferen\u00e7as<\/h2>\n\n\n\n<p>A principal semelhan\u00e7a entre os programas de est\u00e1gio em \u00f3rg\u00e3os p\u00fablicos e privados diz respeito \u00e0 lei que os regula: ambos precisam obedecer \u00e0s diretrizes expostas na <strong>Lei N\u00ba 11.788 (Lei do Est\u00e1gio). <\/strong>Alguns dos principais pontos pontos em comum, que devem ser respeitados, s\u00e3o:<\/p>\n\n\n\n<ul class=\"wp-block-list\">\n<li>Carga hor\u00e1ria m\u00e1xima de 6 horas di\u00e1rias (podendo chegar a 8 horas em casos especiais);<\/li>\n\n\n\n<li>Concess\u00e3o de 30 dias de f\u00e9rias remuneradas ap\u00f3s um 1 ano de servi\u00e7o. Caso o contrato n\u00e3o chegue a completar um ano, o c\u00e1lculo das f\u00e9rias dever\u00e1 ser feito de maneira proporcional e, de prefer\u00eancia, coincidir com as f\u00e9rias escolares;<\/li>\n\n\n\n<li>Redu\u00e7\u00e3o de jornada de trabalho na semana de provas;<\/li>\n\n\n\n<li>Seguro contra acidentes, morte ou invalidez;<\/li>\n\n\n\n<li>Acompanhamento das atividades do estagi\u00e1rio por um profissional efetivado e j\u00e1 inserido na \u00e1rea.<\/li>\n<\/ul>\n\n\n\n<p>A Lei do Est\u00e1gio tamb\u00e9m ressalta que o contrato estabelecido <strong>n\u00e3o configura v\u00ednculo empregat\u00edcio<\/strong>. Isso quer dizer que n\u00e3o se aplicam o pagamento 13\u00b0 sal\u00e1rio e nem o acr\u00e9scimo constitucional de um ter\u00e7o do sal\u00e1rio no per\u00edodo anterior \u00e0s f\u00e9rias. Tamb\u00e9m n\u00e3o existe a obrigatoriedade de ceder benef\u00edcios adicionais como vale alimenta\u00e7\u00e3o ou transporte.<\/p>\n\n\n\n<p>Por fim, n\u00e3o est\u00e3o previstas san\u00e7\u00f5es para nenhuma das partes em caso de rescis\u00e3o, n\u00e3o sendo necess\u00e1rio o aviso pr\u00e9vio ou pagamento de indeniza\u00e7\u00e3o, caso o acordo seja encerrado prematuramente pela empresa, por exemplo.<\/p>\n\n\n\n<p>Al\u00e9m do que est\u00e1 previsto em Lei, o est\u00e1gio em \u00f3rg\u00e3os p\u00fablicos costuma apresentar diferen\u00e7as pr\u00e1ticas bem acentuadas em rela\u00e7\u00e3o \u00e0s oportunidades no \u00e2mbito privado. Veja quais s\u00e3o!<\/p>\n\n\n\n<h3 class=\"wp-block-heading\" id=\"h-estagio-em-orgaos-publicos-x-iniciativa-privada-jornada-de-trabalho\">Est\u00e1gio em \u00f3rg\u00e3os p\u00fablicos x iniciativa privada: jornada de trabalho<\/h3>\n\n\n\n<p>Enquanto \u00e9 muito dif\u00edcil encontrar est\u00e1gios da iniciativa privada com menos de 6 horas di\u00e1rias, na iniciativa p\u00fablica o que mais se observa s\u00e3o programas de 4 horas di\u00e1rias. Isto \u00e9, 20 horas semanais.&nbsp;Com isso, o aluno garante mais tempo para se dedicar aos estudos.<\/p>\n\n\n\n<h3 class=\"wp-block-heading\" id=\"h-estagio-em-orgaos-publicos-x-iniciativa-privada-ritmo-de-atividades\">Est\u00e1gio em \u00f3rg\u00e3os p\u00fablicos x iniciativa privada: ritmo de atividades<\/h3>\n\n\n\n<p>Ao contr\u00e1rio do que costuma acontecer em est\u00e1gios da iniciativa privada, onde o estagi\u00e1rio \u00e9 sobrecarregado de atividades, o ritmo de aprendizado observado em est\u00e1gios p\u00fablicos \u00e9 menor, trazendo mais foco para o aprendizado do que para o cumprimento de metas corporativas. Com isso, o estudante pode se sentir menos pressionado para assumir as suas fun\u00e7\u00f5es e concili\u00e1-las com os estudos.<\/p>\n\n\n\n<h3 class=\"wp-block-heading\" id=\"h-estagio-em-orgaos-publicos-x-iniciativa-privada-controle-de-horario\">Est\u00e1gio em \u00f3rg\u00e3os p\u00fablicos x iniciativa privada: controle de hor\u00e1rio<\/h3>\n\n\n\n<p>No est\u00e1gio em \u00f3rg\u00e3os p\u00fablicos, o hor\u00e1rio de entrada e sa\u00edda do estagi\u00e1rio \u00e9 controlado de maneira mais regular, por meio de fichas e registros eletr\u00f4nicos. Assim, as chances de ficar preso fazendo hora extra n\u00e3o remunerada \u00e9 bem maior do que o observado em oportunidades da iniciativa privada.<\/p>\n\n\n\n<h3 class=\"wp-block-heading\" id=\"h-estagio-em-orgaos-publicos-x-iniciativa-privada-remuneracao\">Est\u00e1gio em \u00f3rg\u00e3os p\u00fablicos x iniciativa privada: remunera\u00e7\u00e3o<\/h3>\n\n\n\n<p>Em oposi\u00e7\u00e3o ao que se observa em concursos, os est\u00e1gios da iniciativa p\u00fablica n\u00e3o s\u00e3o conhecidos por remunera\u00e7\u00f5es mais altas do que o observado na iniciativa privada. De fato, costuma ser exatamente o oposto. Quase sempre, as bolsas aux\u00edlio s\u00e3o menores e podem ou n\u00e3o ser acompanhadas de outros benef\u00edcios.<\/p>\n\n\n\n<p>Enquanto a m\u00e9dia salarial de estagi\u00e1rios de n\u00edvel superior (cursando a p\u00f3s-gradua\u00e7\u00e3o), costumam ser maiores do que R$ 1 mil reais na iniciativa privada, na iniciativa p\u00fablica \u00e9 comum que os valores nem ao menos cheguem at\u00e9 a faixa dos mil.<\/p>\n\n\n\n<h3 class=\"wp-block-heading\" id=\"h-estagio-em-orgaos-publicos-x-iniciativa-privada-efetivacao\">Est\u00e1gio em \u00f3rg\u00e3os p\u00fablicos x iniciativa privada: efetiva\u00e7\u00e3o<\/h3>\n\n\n\n<p>Quando um estagi\u00e1rio apresenta um bom desempenho ao longo do seu per\u00edodo contratual na iniciativa privada, existe a possibilidade de ser efetivado como um funcion\u00e1rio regular. Isso, na verdade, \u00e9 uma pr\u00e1tica bastante comum.<\/p>\n\n\n\n<p class=\"has-text-align-left\">No est\u00e1gio em \u00f3rg\u00e3os p\u00fablicos, contudo, isso n\u00e3o pode acontecer. Afinal, estaria em desacordo com o artigo 37 da Constitui\u00e7\u00e3o Federal inciso II, que trata sobre o ingresso efetivo em cargos p\u00fablicos. Veja o que est\u00e1 escrito:<\/p>\n\n\n\n<blockquote class=\"wp-block-quote is-layout-flow wp-block-quote-is-layout-flow\">\n<p class=\"has-text-align-left\"><em>Art. 37 . II &#8211; a investidura em cargo ou emprego p\u00fablico depende de aprova\u00e7\u00e3o pr\u00e9via em concurso p\u00fablico de provas ou de provas e t\u00edtulos, de acordo com a natureza e a complexidade do cargo ou emprego, na forma prevista em lei, ressalvadas as nomea\u00e7\u00f5es para cargo em comiss\u00e3o declarado em lei de livre nomea\u00e7\u00e3o e exonera\u00e7\u00e3o.<\/em><\/p>\n<\/blockquote>\n\n\n\n<p>Assim, mesmo que voc\u00ea estagie em um \u00f3rg\u00e3o p\u00fablico com desempenho acima da m\u00e9dia, voc\u00ea ainda dever\u00e1 estudar e ser aprovado em concurso p\u00fablico se quiser se tornar um servidor.<\/p>\n\n\n\n<h3 class=\"wp-block-heading\" id=\"h-estagio-em-orgaos-publicos-x-iniciativa-privada-formas-de-ingresso\">Est\u00e1gio em \u00f3rg\u00e3os p\u00fablicos x iniciativa privada: formas de ingresso<\/h3>\n\n\n\n<p>Os processos seletivos para est\u00e1gios na iniciativa privada costumam se assemelhar muito aos processos observados para empregos regulares: an\u00e1lise de curr\u00edculo, entrevista associadas ou n\u00e3o com a realiza\u00e7\u00e3o de testes relacionadas ao cargo.<\/p>\n\n\n\n<p>Por outro lado, os est\u00e1gios em \u00f3rg\u00e3os p\u00fablicos s\u00e3o regidos por edital e, ainda que envolvam etapas semelhantes, geralmente incluem a realiza\u00e7\u00e3o de provas objetivas e pontua\u00e7\u00f5es para o candidato de acordo com cada ponto.<\/p>\n\n\n\n<p>Assim, qualquer pessoa que obtenha a pontua\u00e7\u00e3o esperada e seja classificada, poder\u00e1 assumir a oportunidade em um est\u00e1gio de carreira p\u00fablica. Na iniciativa privada, esse processo \u00e9 mais afunilado e costuma ser orientado pelo perfil esperado do candidato, que deve ser compat\u00edvel com a cultura da empresa.<\/p>\n\n\n\n<h2 class=\"wp-block-heading\" id=\"comecar\">Est\u00e1gio em \u00f3rg\u00e3os p\u00fablicos: por onde come\u00e7ar?<\/h2>\n\n\n\n<p>A busca por oportunidades de est\u00e1gios na carreira p\u00fablica geralmente acontece por meio de consultas aos endere\u00e7os eletr\u00f4nicos do \u00f3rg\u00e3o de interesse.<\/p>\n\n\n\n<p>Como os processos de est\u00e1gio em \u00f3rg\u00e3os p\u00fablicos quase sempre s\u00e3o mediados pelo CIEE (Centro Integra\u00e7\u00e3o Empresa-Escola) https:\/\/pp.ciee.org.br\/home. \u00c9 poss\u00edvel fazer o seu cadastro na plataforma e encontrar oportunidades em todo o pa\u00eds, para diferentes n\u00edveis, de maneira mais ampla.<\/p>\n\n\n\n<h3 class=\"wp-block-heading\" id=\"h-como-sao-as-provas-para-estagio-em-orgaos-publicos\">Como s\u00e3o as provas para est\u00e1gio em \u00f3rg\u00e3os p\u00fablicos?<\/h3>\n\n\n\n<p>O conte\u00fado program\u00e1tico das provas de est\u00e1gio varia de acordo com a \u00e1rea em que se pretende ingressar. No entanto, a cobran\u00e7a de disciplinas como L\u00edngua Portuguesa, Matem\u00e1tica e Inform\u00e1tica costuma estar presente na maioria das sele\u00e7\u00f5es.<\/p>\n\n\n\n<p>Logo, assim como acontece em concursos p\u00fablicos, \u00e9 comum existir uma distin\u00e7\u00e3o entre conhecimentos b\u00e1sicos e espec\u00edficos. Veja como foram distribu\u00eddas as quest\u00f5es do \u00faltimo <a href=\"https:\/\/faculdade.grancursosonline.com.br\/blog\/estagio-e-residencia-juridica-tre-maranhao\/\" target=\"_blank\" rel=\"noreferrer noopener\">processo seletivo para est\u00e1gio e resid\u00eancia jur\u00eddica do TRE Maranh\u00e3o<\/a>:<\/p>\n\n\n\n<ul class=\"wp-block-list\">\n<li><strong>Gradua\u00e7\u00e3o<\/strong>: 30 quest\u00f5es (15 de L\u00edngua Portuguesa e 15 de Conhecimentos Gerais).<\/li>\n\n\n\n<li><strong>P\u00f3s-Gradua\u00e7\u00e3o<\/strong>: 30 quest\u00f5es (10 de L\u00edngua Portuguesa e 20 de Conhecimentos Gerais).<\/li>\n\n\n\n<li><strong>Residente Jur\u00eddico<\/strong>: 30 quest\u00f5es (10 de L\u00edngua Portuguesa, 10 de Conhecimentos Gerais e 10 de Direito).<\/li>\n<\/ul>\n\n\n\n<p>Caso o processo seja mediado pelo CIEE, \u00e9 comum que as provas sejam realizadas online, por meio do envio do link da avalia\u00e7\u00e3o para o aluno que ter\u00e1 um tempo limitado para responder cada quest\u00e3o e n\u00e3o poder\u00e1 causar a avalia\u00e7\u00e3o. Nesses casos, n\u00e3o \u00e9 comum que exista a cobran\u00e7a de taxa de inscri\u00e7\u00e3o para participar.<\/p>\n\n\n\n<h2 class=\"wp-block-heading\" id=\"fazer\">Est\u00e1gio em \u00f3rg\u00e3os p\u00fablicos: por que fazer?<\/h2>\n\n\n\n<p>Realizar est\u00e1gio em um \u00f3rg\u00e3o p\u00fablico pode ser extremamente ben\u00e9fico para quem deseja se tornar servidor. Afinal, voc\u00ea passa a conhecer melhor sobre as rotinas do \u00f3rg\u00e3os e interage com pessoas que j\u00e1 passaram pelo processo de sele\u00e7\u00e3o, podendo at\u00e9 mesmo conseguir dicas de estudo para a sua aprova\u00e7\u00e3o.<\/p>\n\n\n\n<p>Al\u00e9m disso, o est\u00e1gio em \u00f3rg\u00e3os p\u00fablicos pode ser remunerado, promovendo um aux\u00edlio financeiro adicional para o per\u00edodo de especializa\u00e7\u00e3o. Essa alternativa pode ser especialmente interessante para pessoas que enfrentam dificuldades de recoloca\u00e7\u00e3o profissional, seja por falta de experi\u00eancia ou por possu\u00edrem uma grande lacuna de tempo no curr\u00edculo.<\/p>\n\n\n\n<p>Por fim, o est\u00e1gio \u00e9 a melhor maneira de colocar os conhecimentos aprendidos em pr\u00e1tica, visualizando como eles ser\u00e3o \u00fateis no dia a dia. As pessoas conhecidas durante o processo tamb\u00e9m poder\u00e3o integrar a sua rede profissional de Networking, mesmo que voc\u00ea decida n\u00e3o prestar concurso p\u00fablico para o \u00f3rg\u00e3o onde estagiou. E, obviamente, todas a experi\u00eancia profissional obtida tamb\u00e9m permanece com voc\u00ea.<\/p>\n\n\n\n<h2 class=\"wp-block-heading\" id=\"gran-faculdade\">Est\u00e1gio em \u00f3rg\u00e3os p\u00fablicos: conquiste o seu com a Gran Cursos P\u00f3s-Gradua\u00e7\u00e3o<\/h2>\n\n\n\n<p>O est\u00e1gio \u00e9 um programa de inser\u00e7\u00e3o qualificada de estudantes no mercado de trabalho. Por isso, \u00e9 preciso que voc\u00ea esteja cursando o ensino <strong>m\u00e9dio, gradua\u00e7\u00e3o ou p\u00f3s-gradua\u00e7\u00e3o reconhecida pelo MEC<\/strong> para poder se qualificar para as oportunidades.<\/p>\n\n\n\n<p>Na Gran Cursos P\u00f3s-Gradua\u00e7\u00e3o, voc\u00ea encontra mais de 100 especializa\u00e7\u00f5es reconhecidas pelo MEC em diversas \u00e1reas, tais como: Direito, Educa\u00e7\u00e3o, Gest\u00e3o, Administra\u00e7\u00e3o, Sa\u00fade, Tecnologia da Informa\u00e7\u00e3o, Seguran\u00e7a P\u00fablica e muito mais!<\/p>\n\n\n\n<p>Ao iniciar o seu curso, ministrado 100% EAD, voc\u00ea se qualifica para quaisquer programas de est\u00e1gios de n\u00edvel superior em \u00f3rg\u00e3os p\u00fablicos ou empresas privadas que esteja considerando! Para facilitar, a assinatura do termo de est\u00e1gio tamb\u00e9m \u00e9 simplificada pela plataforma da Gran P\u00f3se voc\u00ea \u00e9 respondido poucos dias ap\u00f3s fazer o primeiro contato.<\/p>\n\n\n\n<p>Al\u00e9m disso, voc\u00ea ainda pode aproveitar todas as poss\u00edveis vantagens de conquistar uma p\u00f3s-gradua\u00e7\u00e3o, que incluem: sal\u00e1rios mais altos, conquista de diferencial no curr\u00edculo , refinamento de habilidades, maiores chances de conseguir promo\u00e7\u00f5es, ocupar cargos de gest\u00e3o e muito mais!<\/p>\n\n\n\n<p class=\"has-text-align-center\"><strong><a href=\"https:\/\/pos.grancursosonline.com.br\/\" target=\"_blank\" rel=\"noopener\">Conhe\u00e7a os cursos da Gran Cursos P\u00f3s-Gradua\u00e7\u00e3o!<\/a><\/strong><\/p>\n\n\n\n<h2 class=\"wp-block-heading\" id=\"conheca\">Conhe\u00e7a os cursos de p\u00f3s-gradua\u00e7\u00e3o do Gran!<\/h2>\n\n\n\n<p>Aqui na <a href=\"https:\/\/faculdade.grancursosonline.com.br\/\" target=\"_blank\" rel=\"noreferrer noopener\">Gran Faculdade<\/a>, os <a href=\"https:\/\/pos.grancursosonline.com.br\/nossos-cursos\" target=\"_blank\" rel=\"noreferrer noopener\">cursos de p\u00f3s-gradua\u00e7\u00e3o EAD<\/a> s\u00e3o especializa\u00e7\u00f5es 100% online que otimizam tamb\u00e9m seus estudos para concursos e podem ser conclu\u00eddos entre 6 e 18 meses.<\/p>\n\n\n\n<p>S\u00e3o mais de 80 op\u00e7\u00f5es de cursos de especializa\u00e7\u00e3o EAD para as \u00e1reas de Gest\u00e3o, Educa\u00e7\u00e3o, Direito, Policial, Tecnologia e Engenharia. Dessa forma, voc\u00ea estuda em uma institui\u00e7\u00e3o reconhecida com nota m\u00e1xima pelo MEC, com mensalidades que cabem no seu bolso, de acordo com seu tempo e rotina!<\/p>\n\n\n\n<p>Confira nossos cursos, fa\u00e7a sua matr\u00edcula e comece hoje mesmo seu curso de <a href=\"https:\/\/blog.grancursosonline.com.br\/pos-ead-como-tirar-duvidas\/\" target=\"_blank\" rel=\"noreferrer noopener\">p\u00f3s EAD<\/a> da Gran Faculdade. Clique na sua \u00e1rea de interesse e encontre a p\u00f3s-gradua\u00e7\u00e3o que voc\u00ea deseja fazer com o Gran:<\/p>\n\n\n\n<ul class=\"wp-block-list\">\n<li><a href=\"https:\/\/pos.grancursosonline.com.br\/nossos-cursos?category=educacao\" target=\"_blank\" rel=\"noreferrer noopener\">Educa\u00e7\u00e3o<\/a><\/li>\n\n\n\n<li><a href=\"https:\/\/pos.grancursosonline.com.br\/nossos-cursos?category=administracao\" target=\"_blank\" rel=\"noreferrer noopener\">Gest\u00e3o<\/a><\/li>\n\n\n\n<li><a href=\"https:\/\/pos.grancursosonline.com.br\/nossos-cursos?category=tecnologia-da-informacao\" target=\"_blank\" rel=\"noreferrer noopener\">Tecnologia<\/a><\/li>\n\n\n\n<li><a href=\"https:\/\/pos.grancursosonline.com.br\/nossos-cursos?category=policial\" target=\"_blank\" rel=\"noreferrer noopener\">Policial<\/a><\/li>\n\n\n\n<li><a href=\"https:\/\/pos.grancursosonline.com.br\/nossos-cursos?category=saude\" target=\"_blank\" rel=\"noreferrer noopener\">Sa\u00fade<\/a><\/li>\n\n\n\n<li><a href=\"https:\/\/pos.grancursosonline.com.br\/nossos-cursos?category=engenharia\" target=\"_blank\" rel=\"noreferrer noopener\">Engenharia<\/a><\/li>\n\n\n\n<li><a href=\"https:\/\/pos.grancursosonline.com.br\/nossos-cursos?category=controle&amp;category=economia&amp;category=fiscal\" target=\"_blank\" rel=\"noreferrer noopener\">Finan\u00e7as<\/a> (Controle e Contabilidade, Economia e Fiscal)<\/li>\n\n\n\n<li><a href=\"https:\/\/pos.grancursosonline.com.br\/nossos-cursos?category=advocacia&amp;category=direito&amp;category=magistratura\" target=\"_blank\" rel=\"noreferrer noopener\">Jur\u00eddicas<\/a> (Direito, Advocacia e Magistratura)<\/li>\n<\/ul>\n\n\n\n<h2 class=\"wp-block-heading\" id=\"h-vem-pra-gran-faculdade\">Vem pra Gran Faculdade!<\/h2>\n\n\n\n<p>A Gran Faculdade vem mudando a vida de milhares de pessoas por meio de cursos \u00e0 dist\u00e2ncia de <a href=\"https:\/\/faculdade.grancursosonline.com.br\/\" target=\"_blank\" rel=\"noreferrer noopener\">gradua\u00e7\u00e3o<\/a>, <a href=\"https:\/\/pos.grancursosonline.com.br\/\" target=\"_blank\" rel=\"noreferrer noopener\">p\u00f3s-gradua\u00e7\u00e3o<\/a> e <a href=\"https:\/\/pos.grancursosonline.com.br\/mba\" target=\"_blank\" rel=\"noreferrer noopener\">MBA<\/a>. Seja no digital ou em nosso <a href=\"https:\/\/presencial.grancursosonline.com.br\/\" target=\"_blank\" rel=\"noreferrer noopener\">Campus Presencial em Curitiba<\/a>, a nossa miss\u00e3o \u00e9 transformar a educa\u00e7\u00e3o superior.<\/p>\n\n\n\n<p>Como parte de Sistema Gran de Ensino, que \u00e9 reconhecido como marca aprovadora h\u00e1 mais de 10 anos, constru\u00edmos uma renomada reputa\u00e7\u00e3o na \u00e1rea de educa\u00e7\u00e3o.<\/p>\n\n\n\n<p>Veja algumas de nossas conquistas:<\/p>\n\n\n\n<ul class=\"wp-block-list\">\n<li>Reconhecido pela Amazon como um dos projetos mais relevantes do mundo na \u00e1rea de Tecnologia e Educa\u00e7\u00e3o;<\/li>\n\n\n\n<li>Foi eleito pelo Project Management Institute (PMI), um dos 50 Projetos Mais Influentes do mundo;<\/li>\n\n\n\n<li>Somos o site de educa\u00e7\u00e3o mais acessado do Brasil;<\/li>\n\n\n\n<li>Somos avaliados com a nota m\u00e1xima pelo MEC;<\/li>\n\n\n\n<li>Aqui o semestre come\u00e7a quando quiser: entrada imediata e cont\u00ednua!<\/li>\n\n\n\n<li>Melhores pre\u00e7os do mercado;<\/li>\n\n\n\n<li>Mais de 500 mil alunos pagantes e mais de 1000 funcion\u00e1rios;<\/li>\n\n\n\n<li>Diversas ferramentas de estudo: PDFs, audiobooks, mapas mentais, videoaulas, quest\u00f5es, gerenciador de estudos e muito mais!<\/li>\n\n\n\n<li>Professores experientes e capacitados;<\/li>\n\n\n\n<li>Acesso imediato e 100% online.<\/li>\n<\/ul>\n\n\n\n<p class=\"has-text-align-center has-text-align-center\"><strong><a href=\"https:\/\/faculdade.grancursosonline.com.br\/\" target=\"_blank\" rel=\"noreferrer noopener\">Quero ser aluno da Gran Faculdade!<\/a><\/strong><\/p>\n\n\n\n<div class=\"wp-block-group has-background\" style=\"background-color:#8dd2fc7a\"><div class=\"wp-block-group__inner-container is-layout-constrained wp-block-group-is-layout-constrained\">\n<p><strong>Outras not\u00edcias em destaque:<\/strong><\/p>\n\n\n\n<ul class=\"wp-block-list\">\n<li><a href=\"https:\/\/faculdade.grancursosonline.com.br\/blog\/termo-de-estagio-na-pos-graduacao\/\" target=\"_blank\" rel=\"noreferrer noopener\">Termo de est\u00e1gio na p\u00f3s-gradua\u00e7\u00e3o: o que \u00e9 e como conseguir?<\/a><\/li>\n\n\n\n<li><a href=\"https:\/\/faculdade.grancursosonline.com.br\/blog\/lei-do-estagio-pos-graduacao\/\" target=\"_blank\" rel=\"noreferrer noopener\">Lei do Est\u00e1gio: saiba como influencia estudantes da p\u00f3s!<\/a><\/li>\n\n\n\n<li><a href=\"https:\/\/faculdade.grancursosonline.com.br\/blog\/estagio-e-tcc\/\" target=\"_blank\" rel=\"noreferrer noopener\">Est\u00e1gio e TCC: como conciliar? Dicas pr\u00e1ticas para estudos!<\/a><\/li>\n<\/ul>\n<\/div><\/div>\n\n\n\n<div class=\"wp-block-group\"><div class=\"wp-block-group__inner-container is-layout-constrained wp-block-group-is-layout-constrained\">\n<div class=\"wp-block-group\"><div class=\"wp-block-group__inner-container is-layout-constrained wp-block-group-is-layout-constrained\">\n<section style=\"text-align: center;\">\n<p>Quer ficar por dentro da Faculdade Digital mais inovadora do Brasil?<\/p>\n<nav>\n<p class=\"has-background has-dark-bluish-background-color\" style=\"font-size: 25px; text-align: center; background: #f0f0f0; color: #ffffff; padding: 4px 0px 4xp 0px;\"><a style=\"color: #0d134c; text-decoration: underline;\" href=\"https:\/\/faculdade.grancursosonline.com.br\/\" target=\"_blank\" rel=\"noopener\">GRADUA\u00c7\u00c3O<\/a><\/p>\n<p class=\"has-background has-dark-bluish-background-color\" style=\"font-size: 25px; text-align: center; background: #f0f0f0; color: #ffffff; padding: 4px 0px 4xp 0px;\"><a style=\"color: #0d134c; text-decoration: underline;\" href=\"https:\/\/pos.grancursosonline.com.br\/\" target=\"_blank\" rel=\"noopener\">P\u00d3S-GRADUA\u00c7\u00c3O<\/a><\/p>\n<p class=\"has-background has-dark-bluish-background-color\" style=\"font-size: 25px; text-align: center; background: #f0f0f0; color: #ffffff; padding: 4px 0px 4xp 0px;\"><a style=\"color: #0d134c; text-decoration: underline;\" href=\"https:\/\/faculdade.grancursosonline.com.br\/nossos-cursos\/\" target=\"_blank\" rel=\"noopener\">TUDO SOBRE A GRAN FACULDADE<\/a><\/p>\n<\/nav>\n<p><strong>Receba <span style=\"color: #cf1e25;\">gratuitamente<\/span> no seu celular as principais not\u00edcias sobre a Gran Faculdade! <br \/>Clique no link abaixo e inscreva-se:<\/strong><\/p>\n<p class=\"has-background has-dark-bluish-background-color\" style=\"font-size: 25px; text-align: center; background: #f0f0f0; color: #ffffff; padding: 4px 0px 4xp 0px;\"><a style=\"color: #0d134c; text-decoration: underline;\" href=\"https:\/\/whatsapp.com\/channel\/0029VaG1sChI7Be7PNndhL43\" target=\"_blank\" rel=\"noopener noreferrer\">WHATSAPP<\/a><\/p>\n<p class=\"has-background has-dark-bluish-background-color\" style=\"font-size: 25px; text-align: center; background: #f0f0f0; color: #ffffff; padding: 4px 0px 4xp 0px;\"><a style=\"color: #0d134c; text-decoration: underline;\" href=\"https:\/\/t.me\/GranFaculdade\" target=\"_blank\" rel=\"noopener noreferrer\">TELEGRAM<\/a><\/p>\n<\/section>\n<\/div><\/div>\n<\/div><\/div>\n","protected":false},"excerpt":{"rendered":"<p>O est\u00e1gio na p\u00f3s-gradua\u00e7\u00e3o \u00e9 uma oportunidade de desenvolver as habilidades aprendidas na sua especializa\u00e7\u00e3o de maneira pr\u00e1tica e aplicada. Mas voc\u00ea sabia que, na hora de selecionar a sua vaga, existe a possibilidade de trabalhar tanto no setor p\u00fablico como privado? O est\u00e1gio em \u00f3rg\u00e3os p\u00fablicos \u00e9 uma excelente op\u00e7\u00e3o para quem deseja ingressar&hellip;<\/p>\n","protected":false},"author":486,"featured_media":79758097,"comment_status":"open","ping_status":"open","sticky":false,"template":"","format":"standard","meta":{"_acf_changed":false,"content-type":"","footnotes":""},"categories":[209229,2],"tags":[126404],"class_list":["post-79546649","post","type-post","status-publish","format-standard","has-post-thumbnail","hentry","category-pos-graduacao","category-ultimas-noticias","tag-cursos-e-pos-graduacao"],"acf":[],"yoast_head":"<!-- This site is optimized with the Yoast SEO Premium plugin v27.2 (Yoast SEO v27.2) - https:\/\/yoast.com\/product\/yoast-seo-premium-wordpress\/ -->\n<title>Est\u00e1gio em \u00f3rg\u00e3os p\u00fablicos: como funciona?<\/title>\n<meta name=\"description\" content=\"Saiba como funciona o est\u00e1gio na p\u00f3s-gradua\u00e7\u00e3o em \u00f3rg\u00e3os p\u00fablicos, como encontrar oportunidades e como s\u00e3o os processos seletivos!\" \/>\n<meta name=\"robots\" content=\"index, follow, max-snippet:-1, max-image-preview:large, max-video-preview:-1\" \/>\n<link rel=\"canonical\" href=\"https:\/\/faculdade.grancursosonline.com.br\/blog\/estagio-em-orgaos-publicos\/\" \/>\n<meta property=\"og:locale\" content=\"pt_BR\" \/>\n<meta property=\"og:type\" content=\"article\" \/>\n<meta property=\"og:title\" content=\"Est\u00e1gio em \u00f3rg\u00e3os p\u00fablicos: como funciona?\" \/>\n<meta property=\"og:description\" content=\"Saiba como funciona o est\u00e1gio na p\u00f3s-gradua\u00e7\u00e3o em \u00f3rg\u00e3os p\u00fablicos, como encontrar oportunidades e como s\u00e3o os processos seletivos!\" \/>\n<meta property=\"og:url\" content=\"https:\/\/faculdade.grancursosonline.com.br\/blog\/estagio-em-orgaos-publicos\/\" \/>\n<meta property=\"og:site_name\" content=\"Blog Gran Faculdade\" \/>\n<meta property=\"article:publisher\" content=\"https:\/\/www.facebook.com\/grancursosonline\/\" \/>\n<meta property=\"article:published_time\" content=\"2025-09-24T12:49:03+00:00\" \/>\n<meta property=\"article:modified_time\" content=\"2025-09-24T12:49:14+00:00\" \/>\n<meta property=\"og:image\" content=\"https:\/\/blog-es-static.infra.grancursosonline.com.br\/wp-content\/uploads\/2022\/09\/24093759\/estagio-em-orgaos-publicos-social.jpg\" \/>\n\t<meta property=\"og:image:width\" content=\"511\" \/>\n\t<meta property=\"og:image:height\" content=\"311\" \/>\n\t<meta property=\"og:image:type\" content=\"image\/jpeg\" \/>\n<meta name=\"author\" content=\"Equipe Gran\" \/>\n<meta name=\"twitter:card\" content=\"summary_large_image\" \/>\n<meta name=\"twitter:creator\" content=\"@gran_online\" \/>\n<meta name=\"twitter:site\" content=\"@gran_online\" \/>\n<meta name=\"twitter:label1\" content=\"Written by\" \/>\n\t<meta name=\"twitter:data1\" content=\"Equipe Gran\" \/>\n\t<meta name=\"twitter:label2\" content=\"Est. reading time\" \/>\n\t<meta name=\"twitter:data2\" content=\"12 minutos\" \/>\n<script type=\"application\/ld+json\" class=\"yoast-schema-graph\">{\"@context\":\"https:\/\/schema.org\",\"@graph\":[{\"@type\":\"NewsArticle\",\"@id\":\"https:\/\/faculdade.grancursosonline.com.br\/blog\/estagio-em-orgaos-publicos\/#article\",\"isPartOf\":{\"@id\":\"https:\/\/faculdade.grancursosonline.com.br\/blog\/estagio-em-orgaos-publicos\/\"},\"author\":{\"name\":\"Equipe Gran\",\"@id\":\"https:\/\/faculdade.grancursosonline.com.br\/blog\/#\/schema\/person\/c05f350f8ea43a7138aaffc6a87bc5e0\"},\"headline\":\"Est\u00e1gio em \u00f3rg\u00e3os p\u00fablicos: como funciona?\",\"datePublished\":\"2025-09-24T12:49:03+00:00\",\"dateModified\":\"2025-09-24T12:49:14+00:00\",\"mainEntityOfPage\":{\"@id\":\"https:\/\/faculdade.grancursosonline.com.br\/blog\/estagio-em-orgaos-publicos\/\"},\"wordCount\":1931,\"commentCount\":1,\"publisher\":{\"@id\":\"https:\/\/faculdade.grancursosonline.com.br\/blog\/#organization\"},\"image\":{\"@id\":\"https:\/\/faculdade.grancursosonline.com.br\/blog\/estagio-em-orgaos-publicos\/#primaryimage\"},\"thumbnailUrl\":\"https:\/\/blog-es-static.infra.grancursosonline.com.br\/wp-content\/uploads\/2022\/09\/24093803\/estagio-em-orgaos-publicos.jpg\",\"keywords\":[\"Cursos e P\u00f3s-gradua\u00e7\u00e3o\"],\"articleSection\":[\"P\u00f3s-Gradua\u00e7\u00e3o Gran Faculdade\",\"\u00daltimas Not\u00edcias\"],\"inLanguage\":\"pt-BR\",\"potentialAction\":[{\"@type\":\"CommentAction\",\"name\":\"Comment\",\"target\":[\"https:\/\/faculdade.grancursosonline.com.br\/blog\/estagio-em-orgaos-publicos\/#respond\"]}],\"copyrightYear\":\"2025\",\"copyrightHolder\":{\"@id\":\"https:\/\/faculdade.grancursosonline.com.br\/blog\/#organization\"}},{\"@type\":\"WebPage\",\"@id\":\"https:\/\/faculdade.grancursosonline.com.br\/blog\/estagio-em-orgaos-publicos\/\",\"url\":\"https:\/\/faculdade.grancursosonline.com.br\/blog\/estagio-em-orgaos-publicos\/\",\"name\":\"Est\u00e1gio em \u00f3rg\u00e3os p\u00fablicos: como funciona?\",\"isPartOf\":{\"@id\":\"https:\/\/faculdade.grancursosonline.com.br\/blog\/#website\"},\"primaryImageOfPage\":{\"@id\":\"https:\/\/faculdade.grancursosonline.com.br\/blog\/estagio-em-orgaos-publicos\/#primaryimage\"},\"image\":{\"@id\":\"https:\/\/faculdade.grancursosonline.com.br\/blog\/estagio-em-orgaos-publicos\/#primaryimage\"},\"thumbnailUrl\":\"https:\/\/blog-es-static.infra.grancursosonline.com.br\/wp-content\/uploads\/2022\/09\/24093803\/estagio-em-orgaos-publicos.jpg\",\"datePublished\":\"2025-09-24T12:49:03+00:00\",\"dateModified\":\"2025-09-24T12:49:14+00:00\",\"description\":\"Saiba como funciona o est\u00e1gio na p\u00f3s-gradua\u00e7\u00e3o em \u00f3rg\u00e3os p\u00fablicos, como encontrar oportunidades e como s\u00e3o os processos seletivos!\",\"breadcrumb\":{\"@id\":\"https:\/\/faculdade.grancursosonline.com.br\/blog\/estagio-em-orgaos-publicos\/#breadcrumb\"},\"inLanguage\":\"pt-BR\",\"potentialAction\":[{\"@type\":\"ReadAction\",\"target\":[\"https:\/\/faculdade.grancursosonline.com.br\/blog\/estagio-em-orgaos-publicos\/\"]}]},{\"@type\":\"ImageObject\",\"inLanguage\":\"pt-BR\",\"@id\":\"https:\/\/faculdade.grancursosonline.com.br\/blog\/estagio-em-orgaos-publicos\/#primaryimage\",\"url\":\"https:\/\/blog-es-static.infra.grancursosonline.com.br\/wp-content\/uploads\/2022\/09\/24093803\/estagio-em-orgaos-publicos.jpg\",\"contentUrl\":\"https:\/\/blog-es-static.infra.grancursosonline.com.br\/wp-content\/uploads\/2022\/09\/24093803\/estagio-em-orgaos-publicos.jpg\",\"width\":1001,\"height\":601,\"caption\":\"Est\u00e1gio em \u00f3rg\u00e3os p\u00fablicos\"},{\"@type\":\"BreadcrumbList\",\"@id\":\"https:\/\/faculdade.grancursosonline.com.br\/blog\/estagio-em-orgaos-publicos\/#breadcrumb\",\"itemListElement\":[{\"@type\":\"ListItem\",\"position\":1,\"name\":\"In\u00edcio\",\"item\":\"https:\/\/faculdade.grancursosonline.com.br\/blog\/\"},{\"@type\":\"ListItem\",\"position\":2,\"name\":\"P\u00f3s-Gradua\u00e7\u00e3o Gran Faculdade\",\"item\":\"https:\/\/faculdade.grancursosonline.com.br\/blog\/pos-graduacao\/\"},{\"@type\":\"ListItem\",\"position\":3,\"name\":\"Est\u00e1gio em \u00f3rg\u00e3os p\u00fablicos: como funciona?\"}]},{\"@type\":\"WebSite\",\"@id\":\"https:\/\/faculdade.grancursosonline.com.br\/blog\/#website\",\"url\":\"https:\/\/faculdade.grancursosonline.com.br\/blog\/\",\"name\":\"Blog Gran Faculdade\",\"description\":\"Tudo sobre ensino superior, p\u00f3s-gradua\u00e7\u00e3o, enem e carreira.\",\"publisher\":{\"@id\":\"https:\/\/faculdade.grancursosonline.com.br\/blog\/#organization\"},\"potentialAction\":[{\"@type\":\"SearchAction\",\"target\":{\"@type\":\"EntryPoint\",\"urlTemplate\":\"https:\/\/faculdade.grancursosonline.com.br\/blog\/?s={search_term_string}\"},\"query-input\":{\"@type\":\"PropertyValueSpecification\",\"valueRequired\":true,\"valueName\":\"search_term_string\"}}],\"inLanguage\":\"pt-BR\"},{\"@type\":\"Organization\",\"@id\":\"https:\/\/faculdade.grancursosonline.com.br\/blog\/#organization\",\"name\":\"Gran Cursos Online\",\"url\":\"https:\/\/faculdade.grancursosonline.com.br\/blog\/\",\"logo\":{\"@type\":\"ImageObject\",\"inLanguage\":\"pt-BR\",\"@id\":\"https:\/\/faculdade.grancursosonline.com.br\/blog\/#\/schema\/logo\/image\/\",\"url\":\"https:\/\/blog-es-static.infra.grancursosonline.com.br\/wp-content\/uploads\/2019\/08\/03123934\/logo.png\",\"contentUrl\":\"https:\/\/blog-es-static.infra.grancursosonline.com.br\/wp-content\/uploads\/2019\/08\/03123934\/logo.png\",\"width\":300,\"height\":57,\"caption\":\"Gran Cursos Online\"},\"image\":{\"@id\":\"https:\/\/faculdade.grancursosonline.com.br\/blog\/#\/schema\/logo\/image\/\"},\"sameAs\":[\"https:\/\/www.facebook.com\/grancursosonline\/\",\"https:\/\/x.com\/gran_online\",\"https:\/\/www.instagram.com\/grancursosonline\/\",\"https:\/\/www.youtube.com\/user\/grancursostv\"]},{\"@type\":\"Person\",\"@id\":\"https:\/\/faculdade.grancursosonline.com.br\/blog\/#\/schema\/person\/c05f350f8ea43a7138aaffc6a87bc5e0\",\"name\":\"Equipe Gran\",\"sameAs\":[\"http:\/\/www.grancursosonline.com.br\"],\"url\":\"https:\/\/faculdade.grancursosonline.com.br\/blog\/author\/hugo-oliveira\/\"}]}<\/script>\n<!-- \/ Yoast SEO Premium plugin. -->","yoast_head_json":{"title":"Est\u00e1gio em \u00f3rg\u00e3os p\u00fablicos: como funciona?","description":"Saiba como funciona o est\u00e1gio na p\u00f3s-gradua\u00e7\u00e3o em \u00f3rg\u00e3os p\u00fablicos, como encontrar oportunidades e como s\u00e3o os processos seletivos!","robots":{"index":"index","follow":"follow","max-snippet":"max-snippet:-1","max-image-preview":"max-image-preview:large","max-video-preview":"max-video-preview:-1"},"canonical":"https:\/\/faculdade.grancursosonline.com.br\/blog\/estagio-em-orgaos-publicos\/","og_locale":"pt_BR","og_type":"article","og_title":"Est\u00e1gio em \u00f3rg\u00e3os p\u00fablicos: como funciona?","og_description":"Saiba como funciona o est\u00e1gio na p\u00f3s-gradua\u00e7\u00e3o em \u00f3rg\u00e3os p\u00fablicos, como encontrar oportunidades e como s\u00e3o os processos seletivos!","og_url":"https:\/\/faculdade.grancursosonline.com.br\/blog\/estagio-em-orgaos-publicos\/","og_site_name":"Blog Gran Faculdade","article_publisher":"https:\/\/www.facebook.com\/grancursosonline\/","article_published_time":"2025-09-24T12:49:03+00:00","article_modified_time":"2025-09-24T12:49:14+00:00","og_image":[{"width":511,"height":311,"url":"https:\/\/blog-es-static.infra.grancursosonline.com.br\/wp-content\/uploads\/2022\/09\/24093759\/estagio-em-orgaos-publicos-social.jpg","type":"image\/jpeg"}],"author":"Equipe Gran","twitter_card":"summary_large_image","twitter_creator":"@gran_online","twitter_site":"@gran_online","twitter_misc":{"Written by":"Equipe Gran","Est. reading time":"12 minutos"},"schema":{"@context":"https:\/\/schema.org","@graph":[{"@type":"NewsArticle","@id":"https:\/\/faculdade.grancursosonline.com.br\/blog\/estagio-em-orgaos-publicos\/#article","isPartOf":{"@id":"https:\/\/faculdade.grancursosonline.com.br\/blog\/estagio-em-orgaos-publicos\/"},"author":{"name":"Equipe Gran","@id":"https:\/\/faculdade.grancursosonline.com.br\/blog\/#\/schema\/person\/c05f350f8ea43a7138aaffc6a87bc5e0"},"headline":"Est\u00e1gio em \u00f3rg\u00e3os p\u00fablicos: como funciona?","datePublished":"2025-09-24T12:49:03+00:00","dateModified":"2025-09-24T12:49:14+00:00","mainEntityOfPage":{"@id":"https:\/\/faculdade.grancursosonline.com.br\/blog\/estagio-em-orgaos-publicos\/"},"wordCount":1931,"commentCount":1,"publisher":{"@id":"https:\/\/faculdade.grancursosonline.com.br\/blog\/#organization"},"image":{"@id":"https:\/\/faculdade.grancursosonline.com.br\/blog\/estagio-em-orgaos-publicos\/#primaryimage"},"thumbnailUrl":"https:\/\/blog-es-static.infra.grancursosonline.com.br\/wp-content\/uploads\/2022\/09\/24093803\/estagio-em-orgaos-publicos.jpg","keywords":["Cursos e P\u00f3s-gradua\u00e7\u00e3o"],"articleSection":["P\u00f3s-Gradua\u00e7\u00e3o Gran Faculdade","\u00daltimas Not\u00edcias"],"inLanguage":"pt-BR","potentialAction":[{"@type":"CommentAction","name":"Comment","target":["https:\/\/faculdade.grancursosonline.com.br\/blog\/estagio-em-orgaos-publicos\/#respond"]}],"copyrightYear":"2025","copyrightHolder":{"@id":"https:\/\/faculdade.grancursosonline.com.br\/blog\/#organization"}},{"@type":"WebPage","@id":"https:\/\/faculdade.grancursosonline.com.br\/blog\/estagio-em-orgaos-publicos\/","url":"https:\/\/faculdade.grancursosonline.com.br\/blog\/estagio-em-orgaos-publicos\/","name":"Est\u00e1gio em \u00f3rg\u00e3os p\u00fablicos: como funciona?","isPartOf":{"@id":"https:\/\/faculdade.grancursosonline.com.br\/blog\/#website"},"primaryImageOfPage":{"@id":"https:\/\/faculdade.grancursosonline.com.br\/blog\/estagio-em-orgaos-publicos\/#primaryimage"},"image":{"@id":"https:\/\/faculdade.grancursosonline.com.br\/blog\/estagio-em-orgaos-publicos\/#primaryimage"},"thumbnailUrl":"https:\/\/blog-es-static.infra.grancursosonline.com.br\/wp-content\/uploads\/2022\/09\/24093803\/estagio-em-orgaos-publicos.jpg","datePublished":"2025-09-24T12:49:03+00:00","dateModified":"2025-09-24T12:49:14+00:00","description":"Saiba como funciona o est\u00e1gio na p\u00f3s-gradua\u00e7\u00e3o em \u00f3rg\u00e3os p\u00fablicos, como encontrar oportunidades e como s\u00e3o os processos seletivos!","breadcrumb":{"@id":"https:\/\/faculdade.grancursosonline.com.br\/blog\/estagio-em-orgaos-publicos\/#breadcrumb"},"inLanguage":"pt-BR","potentialAction":[{"@type":"ReadAction","target":["https:\/\/faculdade.grancursosonline.com.br\/blog\/estagio-em-orgaos-publicos\/"]}]},{"@type":"ImageObject","inLanguage":"pt-BR","@id":"https:\/\/faculdade.grancursosonline.com.br\/blog\/estagio-em-orgaos-publicos\/#primaryimage","url":"https:\/\/blog-es-static.infra.grancursosonline.com.br\/wp-content\/uploads\/2022\/09\/24093803\/estagio-em-orgaos-publicos.jpg","contentUrl":"https:\/\/blog-es-static.infra.grancursosonline.com.br\/wp-content\/uploads\/2022\/09\/24093803\/estagio-em-orgaos-publicos.jpg","width":1001,"height":601,"caption":"Est\u00e1gio em \u00f3rg\u00e3os p\u00fablicos"},{"@type":"BreadcrumbList","@id":"https:\/\/faculdade.grancursosonline.com.br\/blog\/estagio-em-orgaos-publicos\/#breadcrumb","itemListElement":[{"@type":"ListItem","position":1,"name":"In\u00edcio","item":"https:\/\/faculdade.grancursosonline.com.br\/blog\/"},{"@type":"ListItem","position":2,"name":"P\u00f3s-Gradua\u00e7\u00e3o Gran Faculdade","item":"https:\/\/faculdade.grancursosonline.com.br\/blog\/pos-graduacao\/"},{"@type":"ListItem","position":3,"name":"Est\u00e1gio em \u00f3rg\u00e3os p\u00fablicos: como funciona?"}]},{"@type":"WebSite","@id":"https:\/\/faculdade.grancursosonline.com.br\/blog\/#website","url":"https:\/\/faculdade.grancursosonline.com.br\/blog\/","name":"Blog Gran Faculdade","description":"Tudo sobre ensino superior, p\u00f3s-gradua\u00e7\u00e3o, enem e carreira.","publisher":{"@id":"https:\/\/faculdade.grancursosonline.com.br\/blog\/#organization"},"potentialAction":[{"@type":"SearchAction","target":{"@type":"EntryPoint","urlTemplate":"https:\/\/faculdade.grancursosonline.com.br\/blog\/?s={search_term_string}"},"query-input":{"@type":"PropertyValueSpecification","valueRequired":true,"valueName":"search_term_string"}}],"inLanguage":"pt-BR"},{"@type":"Organization","@id":"https:\/\/faculdade.grancursosonline.com.br\/blog\/#organization","name":"Gran Cursos Online","url":"https:\/\/faculdade.grancursosonline.com.br\/blog\/","logo":{"@type":"ImageObject","inLanguage":"pt-BR","@id":"https:\/\/faculdade.grancursosonline.com.br\/blog\/#\/schema\/logo\/image\/","url":"https:\/\/blog-es-static.infra.grancursosonline.com.br\/wp-content\/uploads\/2019\/08\/03123934\/logo.png","contentUrl":"https:\/\/blog-es-static.infra.grancursosonline.com.br\/wp-content\/uploads\/2019\/08\/03123934\/logo.png","width":300,"height":57,"caption":"Gran Cursos Online"},"image":{"@id":"https:\/\/faculdade.grancursosonline.com.br\/blog\/#\/schema\/logo\/image\/"},"sameAs":["https:\/\/www.facebook.com\/grancursosonline\/","https:\/\/x.com\/gran_online","https:\/\/www.instagram.com\/grancursosonline\/","https:\/\/www.youtube.com\/user\/grancursostv"]},{"@type":"Person","@id":"https:\/\/faculdade.grancursosonline.com.br\/blog\/#\/schema\/person\/c05f350f8ea43a7138aaffc6a87bc5e0","name":"Equipe Gran","sameAs":["http:\/\/www.grancursosonline.com.br"],"url":"https:\/\/faculdade.grancursosonline.com.br\/blog\/author\/hugo-oliveira\/"}]}},"_links":{"self":[{"href":"https:\/\/faculdade.grancursosonline.com.br\/blog\/wp-json\/wp\/v2\/posts\/79546649","targetHints":{"allow":["GET"]}}],"collection":[{"href":"https:\/\/faculdade.grancursosonline.com.br\/blog\/wp-json\/wp\/v2\/posts"}],"about":[{"href":"https:\/\/faculdade.grancursosonline.com.br\/blog\/wp-json\/wp\/v2\/types\/post"}],"author":[{"embeddable":true,"href":"https:\/\/faculdade.grancursosonline.com.br\/blog\/wp-json\/wp\/v2\/users\/486"}],"replies":[{"embeddable":true,"href":"https:\/\/faculdade.grancursosonline.com.br\/blog\/wp-json\/wp\/v2\/comments?post=79546649"}],"version-history":[{"count":2,"href":"https:\/\/faculdade.grancursosonline.com.br\/blog\/wp-json\/wp\/v2\/posts\/79546649\/revisions"}],"predecessor-version":[{"id":79758098,"href":"https:\/\/faculdade.grancursosonline.com.br\/blog\/wp-json\/wp\/v2\/posts\/79546649\/revisions\/79758098"}],"wp:featuredmedia":[{"embeddable":true,"href":"https:\/\/faculdade.grancursosonline.com.br\/blog\/wp-json\/wp\/v2\/media\/79758097"}],"wp:attachment":[{"href":"https:\/\/faculdade.grancursosonline.com.br\/blog\/wp-json\/wp\/v2\/media?parent=79546649"}],"wp:term":[{"taxonomy":"category","embeddable":true,"href":"https:\/\/faculdade.grancursosonline.com.br\/blog\/wp-json\/wp\/v2\/categories?post=79546649"},{"taxonomy":"post_tag","embeddable":true,"href":"https:\/\/faculdade.grancursosonline.com.br\/blog\/wp-json\/wp\/v2\/tags?post=79546649"}],"curies":[{"name":"wp","href":"https:\/\/api.w.org\/{rel}","templated":true}]}}