{"id":79577401,"date":"2025-11-13T15:15:51","date_gmt":"2025-11-13T18:15:51","guid":{"rendered":"https:\/\/blog.grancursosonline.com.br\/?p=79577401"},"modified":"2026-01-16T10:17:02","modified_gmt":"2026-01-16T13:17:02","slug":"nota-de-corte","status":"publish","type":"post","link":"https:\/\/faculdade.grancursosonline.com.br\/blog\/nota-de-corte\/","title":{"rendered":"Nota de Corte: o que \u00e9 e como funciona? Veja como calcular!"},"content":{"rendered":"\n<p>Se voc\u00ea j\u00e1 participou de algum tipo de competi\u00e7\u00e3o, com certeza j\u00e1 teve que lidar com algum tipo de nota de corte. S\u00f3 que, diferentemente de um jogo, a nota de corte \u00e9 utilizada para fins mais s\u00e9rios e que podem definir os rumos da vida de algu\u00e9m, ainda mais no que diz respeito \u00e0 vida profissional.<\/p>\n\n\n\n<p>As notas de corte s\u00e3o um dos mais populares mecanismos usados na sele\u00e7\u00e3o de candidatos em <a href=\"https:\/\/blog.grancursosonline.com.br\/concursos-abertos\/\" target=\"_blank\" rel=\"noopener\">concursos p\u00fablicos<\/a> e no ingresso em universidades no Brasil e no mundo. Vamos conhecer um pouco mais sobre elas?<\/p>\n\n\n\n<p>Navegue pelo \u00edndice abaixo para saber mais:<\/p>\n\n\n\n<ul class=\"wp-block-list\">\n<li><a href=\"#conceito\">O que \u00e9 nota de corte?<\/a><\/li>\n\n\n\n<li><a href=\"#significado\">O que significa nota de corte?<\/a><\/li>\n\n\n\n<li><a href=\"http:\/\/funcionamento\">Como funciona a nota de corte?<\/a><\/li>\n\n\n\n<li><a href=\"#calculo\">Como calcular nota de corte?<\/a><\/li>\n\n\n\n<li><a href=\"#saber\">Como saber a nota de corte?<\/a><\/li>\n\n\n\n<li><a href=\"http:\/\/funcao\">Para que serve a nota de corte?<\/a><\/li>\n\n\n\n<li><a href=\"#diferenca\">Qual a diferen\u00e7a entre nota de corte do Enem, Sisu e Prouni?<\/a><\/li>\n\n\n\n<li><a href=\"#concursos\">Como calcular nota de corte concurso?<\/a><\/li>\n<\/ul>\n\n\n\n<div class=\"wp-block-columns is-layout-flex wp-container-core-columns-is-layout-9d6595d7 wp-block-columns-is-layout-flex\">\n<div class=\"wp-block-column is-layout-flow wp-block-column-is-layout-flow\" style=\"flex-basis:100%\"><div class=\"wp-block-image\">\n<figure class=\"aligncenter size-full\"><a href=\"https:\/\/whatsapp.com\/channel\/0029VaG1sChI7Be7PNndhL43\" target=\"_blank\" rel=\"noopener\"><img decoding=\"async\" src=\"https:\/\/blog-es-static.infra.grancursosonline.com.br\/wp-content\/uploads\/2025\/09\/09112354\/banner-wp-600x142-80.webp\" alt=\"Acesse o canal do WhatsApp da Gran Faculdade\" class=\"wp-image-79751904\"\/><\/a><\/figure>\n<\/div><\/div>\n<\/div>\n\n\n\n<h2 class=\"wp-block-heading\" id=\"conceito\">O que \u00e9 nota de corte?<\/h2>\n\n\n\n<p>Quando vamos fazer uma prova, geralmente ela est\u00e1 dividida por temas. No Enem, por exemplo, as provas s\u00e3o divididas entre Reda\u00e7\u00e3o, Linguagens, Ci\u00eancias da Natureza, Ci\u00eancias Humanas e Matem\u00e1tica.<\/p>\n\n\n\n<p>J\u00e1 em concursos, \u00e9 comum que as provas sejam divididas entre conhecimentos gerais e espec\u00edficos, que variam de acordo com o cargo.<\/p>\n\n\n\n<p>Nesse sentido, a nota de corte geralmente funciona como <strong>uma esp\u00e9cie de m\u00e9dia entre as notas que voc\u00ea recebe em cada uma dessas \u00e1reas de conhecimento.<\/strong><\/p>\n\n\n\n<h2 class=\"wp-block-heading\" id=\"significado\">O que significa nota de corte?<\/h2>\n\n\n\n<p>O termo nota de corte faz refer\u00eancia a classifica\u00e7\u00e3o dos candidatos. <strong>Ou seja, ela \u00e9 a nota que delimita quem \u00e9 aprovado ou n\u00e3o<\/strong>. A nota de corte \u00e9 o limite entre quem foi selecionado ou n\u00e3o, ela \u201ccorta\u201d e separa os classificados e desclassificados.<\/p>\n\n\n\n<h2 class=\"wp-block-heading\" id=\"funcionamento\">Como funciona a nota de corte?<\/h2>\n\n\n\n<p>A nota de corte \u00e9 a \u00faltima nota (a mais baixa) dentro do n\u00famero de vagas dispon\u00edveis e de pessoas classificadas. Por exemplo, se h\u00e1 uma gradua\u00e7\u00e3o com 50 vagas dispon\u00edveis, 50 candidatos ser\u00e3o classificados e <strong>a nota do 50\u00ba candidato ser\u00e1 a nota de corte.<\/strong><\/p>\n\n\n\n<h3 class=\"wp-block-heading\" id=\"h-como-funciona-a-nota-de-corte-do-enem\">Como funciona a nota de corte do Enem?<\/h3>\n\n\n\n<p>No Enem, a nota de corte funciona da mesma forma que em outras provas. A nota mais baixa entre as vagas dispon\u00edveis e pessoas classificadas \u00e9 a nota de corte. Todavia, a cada ano essa nota varia de acordo com o desempenho dos participantes do exame naquele ano, assim como em outros certames recorrentes.<\/p>\n\n\n\n<h3 class=\"wp-block-heading\" id=\"h-por-que-a-nota-de-corte-varia-entre-instituicoes-e-cursos\">Por que a nota de corte varia entre institui\u00e7\u00f5es e cursos?<\/h3>\n\n\n\n<p>A nota de corte varia entre institui\u00e7\u00f5es e cursos porque ela \u00e9 calculada com base no interesse dos participantes em rela\u00e7\u00e3o ao curso. <\/p>\n\n\n\n<p>Por exemplo, se um curso de Comunica\u00e7\u00e3o \u00e9 mais prestigiado em uma universidade na capital do Rio, possivelmente a nota de corte para ele ser\u00e1 maior. Isso acontece porque mais pessoas v\u00e3o tentar concorrer as vagas dispon\u00edveis, especialmente os alunos que tiveram maior desempenho e tenham interesse na \u00e1rea.<\/p>\n\n\n\n<p>Al\u00e9m disso, as prefer\u00eancias em rela\u00e7\u00e3o a localiza\u00e7\u00e3o da universidade, turno do curso, n\u00famero de vagas tamb\u00e9m podem influenciar.<\/p>\n\n\n\n<h2 class=\"wp-block-heading\" id=\"calculo\">Como calcular nota de corte?<\/h2>\n\n\n\n<p>Geralmente a nota de corte \u00e9 feita a partir de uma m\u00e9dia de notas. <strong>Ou seja, voc\u00ea soma todas as notas que voc\u00ea tirou em uma prova e divide pelo n\u00famero de provas.<\/strong><\/p>\n\n\n\n<p><strong>Todavia, vale lembrar que a nota de corte pode levar outros fatores em conta,<\/strong> como o fato do candidato concorrer por cotas ou n\u00e3o, n\u00famero de candidatos, institui\u00e7\u00e3o e tamb\u00e9m de acordo com o curso ou cargo escolhido. S\u00e3o os chamados \u201cpesos\u201d.<\/p>\n\n\n\n<p>Os pesos funcionam realmente como o pr\u00f3prio nome diz: pesam determinadas notas mais do que outras. Isso serve porque a maioria das institui\u00e7\u00f5es entendem que para determinadas vagas, alguns conhecimentos pesam mais do que outros: seja para a fun\u00e7\u00e3o, como tamb\u00e9m para algum curso que a pessoa esteja se candidatando.<\/p>\n\n\n\n<h3 class=\"wp-block-heading\" id=\"h-como-e-calculada-a-nota-de-corte\">Como \u00e9 calculada a nota de corte?<\/h3>\n\n\n\n<p>Como a nota de corte pode variar de acordo com uma s\u00e9rie de fatores, \u00e9 dif\u00edcil elaborar uma forma \u00fanica de calcul\u00e1-la. Al\u00e9m disso, cada certame pode desenvolver a sua pr\u00f3pria metodologia de acordo com crit\u00e9rios espec\u00edficos. Por isso, \u00e9<strong> <\/strong>preciso se atentar ao edital.<\/p>\n\n\n\n<h2 class=\"wp-block-heading\" id=\"saber\">Como saber a nota de corte?<\/h2>\n\n\n\n<p>Para saber a nota de corte \u00e9 preciso participar do processo seletivo em quest\u00e3o. Geralmente no edital \u00e9 poss\u00edvel consultar a forma como \u00e9 calculada a nota de corte, que pode variar de acordo com cada concurso. <strong>A forma mais comum de saber a nota de corte \u00e9 aguardar a publica\u00e7\u00e3o da mesma e, se for o caso, contest\u00e1-la em momento oportuno.<\/strong><\/p>\n\n\n\n<h3 class=\"wp-block-heading\" id=\"h-como-saber-a-nota-de-corte-do-enem\">Como saber a nota de corte do Enem?<\/h3>\n\n\n\n<p>As notas do Enem n\u00e3o s\u00e3o a nota de corte dos cursos que voc\u00ea vai concorrer. A nota do Enem \u00e9 feita com base em um c\u00e1lculo espec\u00edfico do MEC e INEP e te d\u00e1 uma m\u00e9dia geral entre cada uma das \u00e1reas do exame que voc\u00ea fez.<strong> A partir dessas notas \u00e9 que a nota de corte \u00e9 elaborada, mas tudo depende da concorr\u00eancia, curso e diversos fatores.<\/strong><\/p>\n\n\n\n<h2 class=\"wp-block-heading\" id=\"funcao\">Para que serve a nota de corte?<\/h2>\n\n\n\n<p>A nota de corte serve para classificar e delimitar candidatos aprovados ou n\u00e3o em um processo seletivo. <strong>Ou seja, ela \u00e9 o limite entre a aprova\u00e7\u00e3o e desclassifica\u00e7\u00e3o.<\/strong><\/p>\n\n\n\n<h3 class=\"wp-block-heading\" id=\"h-cursos-com-nota-de-corte-baixa\">Cursos com nota de corte baixa<\/h3>\n\n\n\n<p>A nota de corte, como vimos, varia de acordo com uma s\u00e9rie de fatores. <strong>Desse modo, cursos menos concorridos ou em \u00e1reas espec\u00edficas tendem a ter uma nota de corte baixa. <\/strong>Todavia, cabe ressaltar que isso n\u00e3o significa que os cursos tem menor qualidade.<\/p>\n\n\n\n<p>\u00c9 comum que muitas pessoas se inscrevam em cursos onde conseguir\u00e3o ser aprovadas para depois, por meio de processos seletivos internos da institui\u00e7\u00e3o, troquem de curso. Todavia isso pode n\u00e3o ser justo com quem realmente tem interesse naquela faculdade.<\/p>\n\n\n\n<h2 class=\"wp-block-heading\" id=\"diferenca\">Qual a diferen\u00e7a entre nota de corte do Enem, Sisu e Prouni?<\/h2>\n\n\n\n<p>Em geral, a nota de corte do Enem, Sisu e Prouni se diferenciam em alguns aspectos. O primeiro deles \u00e9 que o Enem n\u00e3o tem nota de corte, mas sim \u00e9 a forma como se obt\u00e9m uma nota para concorrer nos outros programas. <\/p>\n\n\n\n<p>J\u00e1 o Sisu e Prouni possuem nota de corte, que varia de acordo com uma s\u00e9rie de fatores como n\u00famero de interessados em uma vaga, curso, turno e afins. A nota tamb\u00e9m pode variar entre os programas, visto que o Sisu \u00e9 dedicado a institui\u00e7\u00f5es p\u00fablicas e o Prouni a instiuti\u00e7\u00f5es privadas.<\/p>\n\n\n\n<h3 class=\"wp-block-heading\" id=\"sisu\">Nota de corte Sisu<\/h3>\n\n\n\n<p>O <a href=\"https:\/\/blog.grancursosonline.com.br\/sisu-sistema-de-selecao-unificada\/\" target=\"_blank\" rel=\"noopener\">Sistema de Sele\u00e7\u00e3o Unificado<\/a> (<a href=\"https:\/\/blog.grancursosonline.com.br\/sisu-sistema-de-selecao-unificada\/\" target=\"_blank\" rel=\"noopener\">Sisu<\/a>) \u00e9 o principal programa para ingresso nas universidades p\u00fablicas brasileiras. Nele voc\u00ea escolhe duas op\u00e7\u00f5es de curso e, durante um per\u00edodo de tr\u00eas dias, conforme as pessoas v\u00e3o se candidatando, a nota de corte vai sendo definida.<\/p>\n\n\n\n<p>\u00c9 preciso estar atento ao portal todos os dias para acompanhar a sua coloca\u00e7\u00e3o e reavaliar suas escolhas.<\/p>\n\n\n\n<p><strong>Para participar, voc\u00ea tem que ter feito o Enem mais recente e n\u00e3o ter zerado a reda\u00e7\u00e3o.<\/strong> Algumas institui\u00e7\u00f5es podem definir notas m\u00ednimas para cada \u00e1rea tem\u00e1tica das provas, mas voc\u00ea pode consultar isso previamente no site da universidade do seu interesse.<\/p>\n\n\n\n<h3 class=\"wp-block-heading\" id=\"prouni\">Nota de corte Prouni<\/h3>\n\n\n\n<p>O <a href=\"https:\/\/blog.grancursosonline.com.br\/prouni\/\" target=\"_blank\" rel=\"noopener\">Programa Universidade para Todos <\/a>(<a href=\"https:\/\/blog.grancursosonline.com.br\/prouni\/\" target=\"_blank\" rel=\"noopener\">Prouni<\/a>) \u00e9 um programa que concede bolsas de estudo em institui\u00e7\u00f5es privadas de ensino superior. O Prouni funciona como o Sisu e tamb\u00e9m \u00e9 classificado pela nota de corte.<\/p>\n\n\n\n<p>As bolsas ofertadas s\u00e3o de 50 ou 100% e podem participar os candidatos que:<\/p>\n\n\n\n<ul class=\"wp-block-list\">\n<li>Realizaram a \u00faltima edi\u00e7\u00e3o do Enem;<\/li>\n\n\n\n<li>Obtiveram pelo menos 450 pontos na m\u00e9dia geral e n\u00e3o ter zerado a reda\u00e7\u00e3o;<\/li>\n\n\n\n<li>Ser portador de alguma defici\u00eancia;<\/li>\n\n\n\n<li>Ter cursado ensino m\u00e9dio em escola p\u00fablica ou em escola privada independente de ter sido bolsista ou n\u00e3o.<\/li>\n<\/ul>\n\n\n\n<p>\u00c9 importante destacar que no caso de estudantes de ensino m\u00e9dio ou com defici\u00eancia, \u00e9 preciso preencher tamb\u00e9m alguns crit\u00e9rios de renda:<\/p>\n\n\n\n<ul class=\"wp-block-list\">\n<li><strong>Para bolsas parciais (50%):<\/strong> ter renda per capita superior a 1,5 e no m\u00e1ximo 3 sal\u00e1rios m\u00ednimos.<\/li>\n\n\n\n<li><strong>Para bolsas integrais (100%): <\/strong>ter renda per capita de at\u00e9 1,5 sal\u00e1rio m\u00ednimo.<\/li>\n<\/ul>\n\n\n\n<p>Al\u00e9m disso, cabe destacar que o Prouni tamb\u00e9m oferece bolsas para professores da rede p\u00fablica para cursos de licenciatura ou <a href=\"https:\/\/faculdade.grancursosonline.com.br\/curso\/pedagogia\/\" target=\"_blank\" rel=\"noopener\">pedagogia <\/a>sem comprova\u00e7\u00e3o de renda.<\/p>\n\n\n\n<h3 class=\"wp-block-heading\" id=\"enem\">Nota de corte Enem<\/h3>\n\n\n\n<p>Basicamente o <a href=\"https:\/\/blog.grancursosonline.com.br\/enem-exame-nacional-do-ensino-medio\/\" target=\"_blank\" rel=\"noopener\">Exame Nacional do Ensino M\u00e9dio<\/a> (<a href=\"https:\/\/blog.grancursosonline.com.br\/enem-exame-nacional-do-ensino-medio\/\" target=\"_blank\" rel=\"noopener\">Enem<\/a>) \u00e9 a principal prova por onde se obt\u00e9m uma nota de corte para ingresso em uma faculdade.<\/p>\n\n\n\n<p>Aqui voc\u00ea faz o exame e depois recebe uma m\u00e9dia que vai variar de acordo com o peso de cada uma das \u00e1reas de conhecimento em rela\u00e7\u00e3o ao curso que voc\u00ea deseja cursar e a institui\u00e7\u00e3o.<\/p>\n\n\n\n<p><strong>Essa n\u00e3o \u00e9 exatamente a nota de corte, por que como vimos, ela pode mudar de acordo com o curso e demais fatores de escolha de curso ou cargo.<\/strong> Todavia, a partir dela \u00e9 poss\u00edvel ter uma no\u00e7\u00e3o do seu desempenho.<\/p>\n\n\n\n<p>Qualquer pessoa que esteja cursando ou j\u00e1 tenha conclu\u00eddo o ensino m\u00e9dio pode participar, mas somente as que conclu\u00edram o ensino m\u00e9dio podem se candidatar a vagas de Ensino Superior.<\/p>\n\n\n\n<p>Basta se inscrever em um dos programas do governo federal ou se candidatar a vagas para institui\u00e7\u00f5es privadas e que aceitem a <a href=\"https:\/\/blog.grancursosonline.com.br\/nota-enem\/\" target=\"_blank\" rel=\"noopener\">nota do Enem<\/a> como forma de ingresso e obten\u00e7\u00e3o de bolsas.<\/p>\n\n\n\n<h3 class=\"wp-block-heading\" id=\"fies\">Nota de corte Fies<\/h3>\n\n\n\n<p>O <a href=\"https:\/\/blog.grancursosonline.com.br\/fies-financiamento-estudantil\/\" target=\"_blank\" rel=\"noopener\">Fundo de Financiamento Estudantil<\/a> (<a href=\"https:\/\/blog.grancursosonline.com.br\/fies-financiamento-estudantil\/\" target=\"_blank\" rel=\"noopener\">Fies<\/a>) \u00e9 outro programa do Governo Federal que financia mensalidades integrais ou parciais de gradua\u00e7\u00e3o em institui\u00e7\u00f5es privadas. O crit\u00e9rio de classifica\u00e7\u00e3o e sele\u00e7\u00e3o tamb\u00e9m \u00e9 uma nota de corte.<\/p>\n\n\n\n<p>Basicamente o governo custeia o seu curso e, ap\u00f3s a conclus\u00e3o, voc\u00ea devolve o valor mensalmente. \u00c9 como um empr\u00e9stimo que voc\u00ea pega com a <a href=\"https:\/\/blog.grancursosonline.com.br\/administracao-publica-tendencias\/\" target=\"_blank\" rel=\"noopener\">administra\u00e7\u00e3o p\u00fablica<\/a>.<\/p>\n\n\n\n<p>Podem participar do Fies quem:<\/p>\n\n\n\n<ul class=\"wp-block-list\">\n<li>Participou de alguma edi\u00e7\u00e3o a partir de 2010;<\/li>\n\n\n\n<li>Obteve pelo menos 450 pontos na m\u00e9dia geral da prova e n\u00e3o ter zerado a reda\u00e7\u00e3o;<\/li>\n\n\n\n<li>Possui familiar de at\u00e9 3 sal\u00e1rios m\u00ednimos para financiamento integral (100%);<\/li>\n\n\n\n<li>e quem possui renda familiar de at\u00e9 5 sal\u00e1rios m\u00ednimos para financiamento parcial (50%)<\/li>\n<\/ul>\n\n\n\n<p>Al\u00e9m disso, o Fies permite que candidatos contemplados com bolsas parciais no Prouni possam se candidatar ao financiamento parcial do Fies. Dessa forma, metade da gradua\u00e7\u00e3o o estudante tem bolsa e a outra metade \u00e9 financiada e paga ap\u00f3s a conclus\u00e3o do curso.<\/p>\n\n\n\n<h2 class=\"wp-block-heading\" id=\"concursos\">Como calcular nota de corte concurso?<\/h2>\n\n\n\n<p>Da mesma forma que no vestibular, a nota de corte tamb\u00e9m est\u00e1 presente na sele\u00e7\u00e3o de concursos p\u00fablicos. Fatores como concorr\u00eancia, n\u00famero de vagas e institui\u00e7\u00e3o tamb\u00e9m influenciam na nota de corte.<\/p>\n\n\n\n<p><strong>Todavia, na sele\u00e7\u00e3o de concursos p\u00fablicos existem outros fatores para se levar em conta al\u00e9m da concorr\u00eancia, <\/strong>n\u00famero de vagas e regi\u00e3o ou institui\u00e7\u00e3o pretendida pelo candidato: as provas aqui podem ser t\u00e9cnicas, f\u00edsicas, discursivas, objetivas, de reda\u00e7\u00e3o e etc.<\/p>\n\n\n\n<p>Al\u00e9m disso, cabe destacar que, diferente dos vestibulares e programas do governo, a nota de corte em concursos p\u00fablicos vai depender<strong> tamb\u00e9m da banca examinadora que est\u00e1 administrando o concurso e da forma como \u00e9 definido o c\u00e1lculo no edital.<\/strong><\/p>\n\n\n\n<h3 class=\"wp-block-heading\" id=\"h-o-que-acontece-se-eu-ficar-abaixo-da-nota-de-corte\">O que acontece se eu ficar abaixo da nota de corte?<\/h3>\n\n\n\n<p>Se voc\u00ea ficar abaixo da nota de corte, possivelmente vai entrar em uma lista de espera caso ocorra alguma desist\u00eancia ou invalida\u00e7\u00e3o de um candidato aprovado. Com isso, depende tamb\u00e9m do qu\u00e3o distante voc\u00ea ficou da nota de corte dentro da classifica\u00e7\u00e3o.<\/p>\n\n\n\n<p>Tudo vai depender do cargo, das fun\u00e7\u00f5es a serem desempenhadas e dos pr\u00e9-requisitos espec\u00edficos do certame. Aqui qualquer detalhe pode influenciar na nota de corte.<\/p>\n\n\n\n<p>Uma das principais formas de aumentar a nota de corte em concurso p\u00fablico \u00e9 fazendo uma p\u00f3s-gradua\u00e7\u00e3o. Al\u00e9m de conquistar o t\u00edtulo de especialista, voc\u00ea tamb\u00e9m obt\u00e9m mais vantagem em uma eventual <a href=\"https:\/\/blog.grancursosonline.com.br\/prova-titulos\/\" target=\"_blank\" rel=\"noopener\">prova de t\u00edtulos<\/a>.<\/p>\n\n\n\n<p>Confira os diferenciais da <a href=\"https:\/\/faculdade.grancursosonline.com.br\/\" target=\"_blank\" rel=\"noopener\">Gran Faculdade <\/a>e comece a sua p\u00f3s-gradua\u00e7\u00e3o agora mesmo!<\/p>\n\n\n\n<div class=\"wp-block-group\"><div class=\"wp-block-group__inner-container is-layout-constrained wp-block-group-is-layout-constrained\">\n<h3 class=\"wp-block-heading\" id=\"h-cupons-de-desconto-graduacao-ead\">Cupons de desconto Gradua\u00e7\u00e3o EAD<\/h3>\n\n\n\n<p>Confira os descontos abaixo e selecione a op\u00e7\u00e3o que melhor se encaixa para voc\u00ea (<strong>valores v\u00e1lidos at\u00e9 o preenchimento das vagas<\/strong> <strong>dispon\u00edveis<\/strong>, os valores para sua matr\u00edcula ser\u00e3o os exibidos no site de compra na hora de fazer sua matr\u00edcula):<\/p>\n\n\n\n<figure class=\"wp-block-table\"><div class=\"container-tabela\"><table><tbody><tr><td>Categoria<\/td><td>Valor mensal<\/td><td>Cupom<\/td><\/tr><tr><td>Gradua\u00e7\u00e3o Social + Mulher<\/td><td>a partir de 12x de <strong><strong><strong><strong>R$ 89,90<\/strong><\/strong><\/strong><\/strong> <\/td><td>GRADSOCIALGRAN<\/td><\/tr><tr><td>Gradua\u00e7\u00e3o Alunos e Ex-alunos Gran<\/td><td>a partir de 12x de <strong><strong><strong><strong>R$ 89,90<\/strong><\/strong><\/strong><\/strong> <\/td><td>GRADALUNOGRAN<\/td><\/tr><tr><td>Gradua\u00e7\u00e3o Novos Alunos<\/td><td>a partir de 12x de <strong><strong><strong><strong>R$ 99,90<\/strong><\/strong><\/strong><\/strong><\/td><td>NOVOGRADGRAN<\/td><\/tr><\/tbody><\/table><\/div><\/figure>\n\n\n\n<p>Al\u00e9m disso, voc\u00ea pode obter 5% de desconto fazendo o pagamento \u00e0 vista!<\/p>\n\n\n\n<p class=\"has-text-align-center\"><strong><a href=\"https:\/\/faculdade.grancursosonline.com.br\/\" target=\"_blank\" rel=\"noopener\">Garanta sua matr\u00edcula com desconto!<\/a><\/strong><\/p>\n<\/div><\/div>\n\n\n\n<h2 class=\"wp-block-heading\" id=\"h-como-usar-a-nota-do-enem-2025-para-entrar-na-gran-faculdade\"><strong>Como usar a nota do Enem 2025 para entrar na Gran Faculdade?<\/strong><\/h2>\n\n\n\n<p>Se voc\u00ea quer garantir uma forma\u00e7\u00e3o de qualidade com nota m\u00e1xima no MEC e pre\u00e7os que cabem no bolso, a Gran Faculdade \u00e9 a sua melhor escolha. No in\u00edcio deste ano, lan\u00e7amos condi\u00e7\u00f5es exclusivas para quem usar a nota do Enem como forma de ingresso.<\/p>\n\n\n\n<p>Nossa tabela de bolsas valoriza o seu desempenho e concede bolsas de at\u00e9 100% por todo o per\u00edodo do curso. Confira os valores:<\/p>\n\n\n\n<figure class=\"wp-block-table\"><div class=\"container-tabela\"><table class=\"has-fixed-layout\"><tbody><tr><td><strong>Pontua\u00e7\u00e3o Enem<\/strong><\/td><td><strong>Desconto<\/strong><\/td><td><strong>Mensalidade Promo<\/strong><\/td><td><strong>Cupom<\/strong><\/td><\/tr><tr><td>450 a 649 pontos<\/td><td>62,02%<\/td><td><strong>R$ 94,90<\/strong><\/td><td>ENEM60<\/td><\/tr><tr><td>650 a 699 pontos<\/td><td>66,03%<\/td><td><strong>R$ 84,90<\/strong><\/td><td>ENEM65<\/td><\/tr><tr><td>700 a 749 pontos<\/td><td>80,03%<\/td><td><strong>R$ 49,90<\/strong><\/td><td>ENEM70<\/td><\/tr><tr><td>750+ pontos<\/td><td><strong>100%<\/strong>*<\/td><td><strong>R$ 0,00<\/strong><\/td><td>ENEM100<\/td><\/tr><\/tbody><\/table><\/div><\/figure>\n\n\n\n<p>Aten\u00e7\u00e3o: matricule-se agora na Gradua\u00e7\u00e3o e garanta sua P\u00f3s-gradua\u00e7\u00e3o por nossa conta! \u00c9 a chance de sair da faculdade com dois diplomas e estar pronto para os maiores concursos e oportunidades do mercado. <\/p>\n\n\n\n<p>*Para o desconto de 100% \u00e9 necess\u00e1ria libera\u00e7\u00e3o. Cupom dispon\u00edvel at\u00e9 o preenchimento das vagas.<\/p>\n\n\n\n<h2 class=\"wp-block-heading\" id=\"h-resultado-enem-2025-o-que-ninguem-te-conta-sobre-o-dia-seguinte\">Resultado Enem 2025: o que ningu\u00e9m te conta sobre o dia seguinte<\/h2>\n\n\n\n<p>Quer saber quais caminhos poss\u00edveis seguir com a sua nota do Enem 2025? Descubra na <strong>live gratuita<\/strong> que a Gran Faculdade vai promover dia 19\/01, \u00e0s 10h!<\/p>\n\n\n<div class=\"wp-block-image\">\n<figure class=\"aligncenter size-large is-resized\"><img loading=\"lazy\" decoding=\"async\" width=\"1024\" height=\"1024\" src=\"https:\/\/blog-es-static.infra.grancursosonline.com.br\/wp-content\/uploads\/2026\/01\/16015846\/resultado_do_enem_2025-1024x1024.jpg\" alt=\"\" class=\"wp-image-79760690\" style=\"width:458px;height:auto\"\/><\/figure>\n<\/div>\n\n\n<p>Inscreva-se no formul\u00e1rio abaixo e receba todas as informa\u00e7\u00f5es sobre o encontro:<\/p>\n\n\n\n<script src=\"https:\/\/mkt-forms.grancursosonline.com.br\/c2a80ae87397359d8f534eec045c8dd9.js\"><\/script>\n<script>\n\u00a0\u00a0marketingcloudForm.renderForm({\n\u00a0\u00a0\u00a0\u00a0externalKey: 'c2a80ae87397359d8f534eec045c8dd9'\n\u00a0\u00a0});\n<\/script>\n\n\n\n<div class=\"wp-block-group has-background\" style=\"background-color:#8dd2fc7a\"><div class=\"wp-block-group__inner-container is-layout-constrained wp-block-group-is-layout-constrained\">\n<p><strong>Outras not\u00edcias em destaque:<\/strong><\/p>\n\n\n\n<ul class=\"wp-block-list\">\n<li><a href=\"https:\/\/faculdade.grancursosonline.com.br\/blog\/sisu-sistema-selecao-unificada\/\" target=\"_blank\" rel=\"noopener\">Sisu: o que \u00e9 e como funciona o Sistema de Sele\u00e7\u00e3o Unificada?<\/a><\/li>\n\n\n\n<li><a href=\"https:\/\/faculdade.grancursosonline.com.br\/blog\/prouni\/\" target=\"_blank\" rel=\"noopener\">Prouni: o que \u00e9, como funciona e quem pode conseguir 100%?<\/a><\/li>\n\n\n\n<li><a href=\"https:\/\/faculdade.grancursosonline.com.br\/blog\/enem-exame-nacional-do-ensino-medio\/\">ENEM: o que \u00e9, como funciona, inscri\u00e7\u00f5es e cronograma 2025<\/a>&nbsp;<\/li>\n<\/ul>\n<\/div><\/div>\n\n\n\n<div class=\"wp-block-group\"><div class=\"wp-block-group__inner-container is-layout-constrained wp-block-group-is-layout-constrained\">\n<div class=\"wp-block-group\"><div class=\"wp-block-group__inner-container is-layout-constrained wp-block-group-is-layout-constrained\">\n<section style=\"text-align: center;\">\n<p>Quer ficar por dentro da Faculdade Digital mais inovadora do Brasil?<\/p>\n<nav>\n<p class=\"has-background has-dark-bluish-background-color\" style=\"font-size: 25px; text-align: center; background: #f0f0f0; color: #ffffff; padding: 4px 0px 4xp 0px;\"><a style=\"color: #0d134c; text-decoration: underline;\" href=\"https:\/\/faculdade.grancursosonline.com.br\/\" target=\"_blank\" rel=\"noopener\">GRADUA\u00c7\u00c3O<\/a><\/p>\n<p class=\"has-background has-dark-bluish-background-color\" style=\"font-size: 25px; text-align: center; background: #f0f0f0; color: #ffffff; padding: 4px 0px 4xp 0px;\"><a style=\"color: #0d134c; text-decoration: underline;\" href=\"https:\/\/pos.grancursosonline.com.br\/\" target=\"_blank\" rel=\"noopener\">P\u00d3S-GRADUA\u00c7\u00c3O<\/a><\/p>\n<p class=\"has-background has-dark-bluish-background-color\" style=\"font-size: 25px; text-align: center; background: #f0f0f0; color: #ffffff; padding: 4px 0px 4xp 0px;\"><a style=\"color: #0d134c; text-decoration: underline;\" href=\"https:\/\/faculdade.grancursosonline.com.br\/nossos-cursos\/\" target=\"_blank\" rel=\"noopener\">TUDO SOBRE A GRAN FACULDADE<\/a><\/p>\n<\/nav>\n<p><strong>Receba <span style=\"color: #cf1e25;\">gratuitamente<\/span> no seu celular as principais not\u00edcias sobre a Gran Faculdade! <br \/>Clique no link abaixo e inscreva-se:<\/strong><\/p>\n<p class=\"has-background has-dark-bluish-background-color\" style=\"font-size: 25px; text-align: center; background: #f0f0f0; color: #ffffff; padding: 4px 0px 4xp 0px;\"><a style=\"color: #0d134c; text-decoration: underline;\" href=\"https:\/\/whatsapp.com\/channel\/0029VaG1sChI7Be7PNndhL43\" target=\"_blank\" rel=\"noopener noreferrer\">WHATSAPP<\/a><\/p>\n<p class=\"has-background has-dark-bluish-background-color\" style=\"font-size: 25px; text-align: center; background: #f0f0f0; color: #ffffff; padding: 4px 0px 4xp 0px;\"><a style=\"color: #0d134c; text-decoration: underline;\" href=\"https:\/\/t.me\/GranFaculdade\" target=\"_blank\" rel=\"noopener noreferrer\">TELEGRAM<\/a><\/p>\n<\/section>\n<\/div><\/div>\n<\/div><\/div>\n","protected":false},"excerpt":{"rendered":"<p>Se voc\u00ea j\u00e1 participou de algum tipo de competi\u00e7\u00e3o, com certeza j\u00e1 teve que lidar com algum tipo de nota de corte. S\u00f3 que, diferentemente de um jogo, a nota de corte \u00e9 utilizada para fins mais s\u00e9rios e que podem definir os rumos da vida de algu\u00e9m, ainda mais no que diz respeito \u00e0&hellip;<\/p>\n","protected":false},"author":514,"featured_media":79759220,"comment_status":"open","ping_status":"open","sticky":false,"template":"","format":"standard","meta":{"_acf_changed":false,"content-type":"","footnotes":""},"categories":[219790,218545,2],"tags":[126404,209248],"class_list":["post-79577401","post","type-post","status-publish","format-standard","has-post-thumbnail","hentry","category-graduacao-ead","category-graduacao","category-ultimas-noticias","tag-cursos-e-pos-graduacao","tag-pos-graduacao-gran-cursos"],"acf":[],"yoast_head":"<!-- This site is optimized with the Yoast SEO Premium plugin v27.2 (Yoast SEO v27.2) - https:\/\/yoast.com\/product\/yoast-seo-premium-wordpress\/ -->\n<title>Nota de Corte: o que \u00e9 e como funciona? Veja como calcular!<\/title>\n<meta name=\"description\" content=\"Voc\u00ea sabe o que \u00e9 e como funciona a nota de corte? Saiba o que significa, para que serve e como \u00e9 calculada. Confira!\" \/>\n<meta name=\"robots\" content=\"index, follow, max-snippet:-1, max-image-preview:large, max-video-preview:-1\" \/>\n<link rel=\"canonical\" href=\"https:\/\/faculdade.grancursosonline.com.br\/blog\/nota-de-corte\/\" \/>\n<meta property=\"og:locale\" content=\"pt_BR\" \/>\n<meta property=\"og:type\" content=\"article\" \/>\n<meta property=\"og:title\" content=\"Nota de Corte: o que \u00e9 e como funciona? Veja como calcular!\" \/>\n<meta property=\"og:description\" content=\"Voc\u00ea sabe o que \u00e9 e como funciona a nota de corte? Saiba o que significa, para que serve e como \u00e9 calculada. Confira!\" \/>\n<meta property=\"og:url\" content=\"https:\/\/faculdade.grancursosonline.com.br\/blog\/nota-de-corte\/\" \/>\n<meta property=\"og:site_name\" content=\"Blog Gran Faculdade\" \/>\n<meta property=\"article:publisher\" content=\"https:\/\/www.facebook.com\/grancursosonline\/\" \/>\n<meta property=\"article:published_time\" content=\"2025-11-13T18:15:51+00:00\" \/>\n<meta property=\"article:modified_time\" content=\"2026-01-16T13:17:02+00:00\" \/>\n<meta property=\"og:image\" content=\"https:\/\/blog-es-static.infra.grancursosonline.com.br\/wp-content\/uploads\/2024\/11\/13151541\/nota-de-corte-2.webp\" \/>\n\t<meta property=\"og:image:width\" content=\"1063\" \/>\n\t<meta property=\"og:image:height\" content=\"647\" \/>\n\t<meta property=\"og:image:type\" content=\"image\/webp\" \/>\n<meta name=\"author\" content=\"Guilherme Henrique\" \/>\n<meta name=\"twitter:card\" content=\"summary_large_image\" \/>\n<meta name=\"twitter:creator\" content=\"@gran_online\" \/>\n<meta name=\"twitter:site\" content=\"@gran_online\" \/>\n<meta name=\"twitter:label1\" content=\"Written by\" \/>\n\t<meta name=\"twitter:data1\" content=\"Guilherme Henrique\" \/>\n\t<meta name=\"twitter:label2\" content=\"Est. reading time\" \/>\n\t<meta name=\"twitter:data2\" content=\"14 minutos\" \/>\n<script type=\"application\/ld+json\" class=\"yoast-schema-graph\">{\"@context\":\"https:\/\/schema.org\",\"@graph\":[{\"@type\":\"NewsArticle\",\"@id\":\"https:\/\/faculdade.grancursosonline.com.br\/blog\/nota-de-corte\/#article\",\"isPartOf\":{\"@id\":\"https:\/\/faculdade.grancursosonline.com.br\/blog\/nota-de-corte\/\"},\"author\":{\"name\":\"Guilherme Henrique\",\"@id\":\"https:\/\/faculdade.grancursosonline.com.br\/blog\/#\/schema\/person\/9745f9b6db8976613c1f439dbcfe717d\"},\"headline\":\"Nota de Corte: o que \u00e9 e como funciona? Veja como calcular!\",\"datePublished\":\"2025-11-13T18:15:51+00:00\",\"dateModified\":\"2026-01-16T13:17:02+00:00\",\"mainEntityOfPage\":{\"@id\":\"https:\/\/faculdade.grancursosonline.com.br\/blog\/nota-de-corte\/\"},\"wordCount\":2098,\"commentCount\":0,\"publisher\":{\"@id\":\"https:\/\/faculdade.grancursosonline.com.br\/blog\/#organization\"},\"image\":{\"@id\":\"https:\/\/faculdade.grancursosonline.com.br\/blog\/nota-de-corte\/#primaryimage\"},\"thumbnailUrl\":\"https:\/\/blog-es-static.infra.grancursosonline.com.br\/wp-content\/uploads\/2024\/11\/13151520\/nota-de-corte.webp\",\"keywords\":[\"Cursos e P\u00f3s-gradua\u00e7\u00e3o\",\"P\u00f3s-Gradua\u00e7\u00e3o Gran Cursos\"],\"articleSection\":[\"Gradua\u00e7\u00e3o EAD\",\"Gradua\u00e7\u00e3o Gran Faculdade\",\"\u00daltimas Not\u00edcias\"],\"inLanguage\":\"pt-BR\",\"potentialAction\":[{\"@type\":\"CommentAction\",\"name\":\"Comment\",\"target\":[\"https:\/\/faculdade.grancursosonline.com.br\/blog\/nota-de-corte\/#respond\"]}],\"copyrightYear\":\"2025\",\"copyrightHolder\":{\"@id\":\"https:\/\/faculdade.grancursosonline.com.br\/blog\/#organization\"}},{\"@type\":\"WebPage\",\"@id\":\"https:\/\/faculdade.grancursosonline.com.br\/blog\/nota-de-corte\/\",\"url\":\"https:\/\/faculdade.grancursosonline.com.br\/blog\/nota-de-corte\/\",\"name\":\"Nota de Corte: o que \u00e9 e como funciona? Veja como calcular!\",\"isPartOf\":{\"@id\":\"https:\/\/faculdade.grancursosonline.com.br\/blog\/#website\"},\"primaryImageOfPage\":{\"@id\":\"https:\/\/faculdade.grancursosonline.com.br\/blog\/nota-de-corte\/#primaryimage\"},\"image\":{\"@id\":\"https:\/\/faculdade.grancursosonline.com.br\/blog\/nota-de-corte\/#primaryimage\"},\"thumbnailUrl\":\"https:\/\/blog-es-static.infra.grancursosonline.com.br\/wp-content\/uploads\/2024\/11\/13151520\/nota-de-corte.webp\",\"datePublished\":\"2025-11-13T18:15:51+00:00\",\"dateModified\":\"2026-01-16T13:17:02+00:00\",\"description\":\"Voc\u00ea sabe o que \u00e9 e como funciona a nota de corte? Saiba o que significa, para que serve e como \u00e9 calculada. Confira!\",\"breadcrumb\":{\"@id\":\"https:\/\/faculdade.grancursosonline.com.br\/blog\/nota-de-corte\/#breadcrumb\"},\"inLanguage\":\"pt-BR\",\"potentialAction\":[{\"@type\":\"ReadAction\",\"target\":[\"https:\/\/faculdade.grancursosonline.com.br\/blog\/nota-de-corte\/\"]}]},{\"@type\":\"ImageObject\",\"inLanguage\":\"pt-BR\",\"@id\":\"https:\/\/faculdade.grancursosonline.com.br\/blog\/nota-de-corte\/#primaryimage\",\"url\":\"https:\/\/blog-es-static.infra.grancursosonline.com.br\/wp-content\/uploads\/2024\/11\/13151520\/nota-de-corte.webp\",\"contentUrl\":\"https:\/\/blog-es-static.infra.grancursosonline.com.br\/wp-content\/uploads\/2024\/11\/13151520\/nota-de-corte.webp\",\"width\":2084,\"height\":1251,\"caption\":\"Nota de Corte: o que \u00e9 e como funciona? Veja como calcular!\"},{\"@type\":\"BreadcrumbList\",\"@id\":\"https:\/\/faculdade.grancursosonline.com.br\/blog\/nota-de-corte\/#breadcrumb\",\"itemListElement\":[{\"@type\":\"ListItem\",\"position\":1,\"name\":\"In\u00edcio\",\"item\":\"https:\/\/faculdade.grancursosonline.com.br\/blog\/\"},{\"@type\":\"ListItem\",\"position\":2,\"name\":\"Gradua\u00e7\u00e3o Gran Faculdade\",\"item\":\"https:\/\/faculdade.grancursosonline.com.br\/blog\/graduacao\/\"},{\"@type\":\"ListItem\",\"position\":3,\"name\":\"Nota de Corte: o que \u00e9 e como funciona? Veja como calcular!\"}]},{\"@type\":\"WebSite\",\"@id\":\"https:\/\/faculdade.grancursosonline.com.br\/blog\/#website\",\"url\":\"https:\/\/faculdade.grancursosonline.com.br\/blog\/\",\"name\":\"Blog Gran Faculdade\",\"description\":\"Tudo sobre ensino superior, p\u00f3s-gradua\u00e7\u00e3o, enem e carreira.\",\"publisher\":{\"@id\":\"https:\/\/faculdade.grancursosonline.com.br\/blog\/#organization\"},\"potentialAction\":[{\"@type\":\"SearchAction\",\"target\":{\"@type\":\"EntryPoint\",\"urlTemplate\":\"https:\/\/faculdade.grancursosonline.com.br\/blog\/?s={search_term_string}\"},\"query-input\":{\"@type\":\"PropertyValueSpecification\",\"valueRequired\":true,\"valueName\":\"search_term_string\"}}],\"inLanguage\":\"pt-BR\"},{\"@type\":\"Organization\",\"@id\":\"https:\/\/faculdade.grancursosonline.com.br\/blog\/#organization\",\"name\":\"Gran Cursos Online\",\"url\":\"https:\/\/faculdade.grancursosonline.com.br\/blog\/\",\"logo\":{\"@type\":\"ImageObject\",\"inLanguage\":\"pt-BR\",\"@id\":\"https:\/\/faculdade.grancursosonline.com.br\/blog\/#\/schema\/logo\/image\/\",\"url\":\"https:\/\/blog-es-static.infra.grancursosonline.com.br\/wp-content\/uploads\/2019\/08\/03123934\/logo.png\",\"contentUrl\":\"https:\/\/blog-es-static.infra.grancursosonline.com.br\/wp-content\/uploads\/2019\/08\/03123934\/logo.png\",\"width\":300,\"height\":57,\"caption\":\"Gran Cursos Online\"},\"image\":{\"@id\":\"https:\/\/faculdade.grancursosonline.com.br\/blog\/#\/schema\/logo\/image\/\"},\"sameAs\":[\"https:\/\/www.facebook.com\/grancursosonline\/\",\"https:\/\/x.com\/gran_online\",\"https:\/\/www.instagram.com\/grancursosonline\/\",\"https:\/\/www.youtube.com\/user\/grancursostv\"]},{\"@type\":\"Person\",\"@id\":\"https:\/\/faculdade.grancursosonline.com.br\/blog\/#\/schema\/person\/9745f9b6db8976613c1f439dbcfe717d\",\"name\":\"Guilherme Henrique\",\"url\":\"https:\/\/faculdade.grancursosonline.com.br\/blog\/author\/guilherme-lourenco\/\"}]}<\/script>\n<!-- \/ Yoast SEO Premium plugin. -->","yoast_head_json":{"title":"Nota de Corte: o que \u00e9 e como funciona? Veja como calcular!","description":"Voc\u00ea sabe o que \u00e9 e como funciona a nota de corte? Saiba o que significa, para que serve e como \u00e9 calculada. Confira!","robots":{"index":"index","follow":"follow","max-snippet":"max-snippet:-1","max-image-preview":"max-image-preview:large","max-video-preview":"max-video-preview:-1"},"canonical":"https:\/\/faculdade.grancursosonline.com.br\/blog\/nota-de-corte\/","og_locale":"pt_BR","og_type":"article","og_title":"Nota de Corte: o que \u00e9 e como funciona? Veja como calcular!","og_description":"Voc\u00ea sabe o que \u00e9 e como funciona a nota de corte? Saiba o que significa, para que serve e como \u00e9 calculada. Confira!","og_url":"https:\/\/faculdade.grancursosonline.com.br\/blog\/nota-de-corte\/","og_site_name":"Blog Gran Faculdade","article_publisher":"https:\/\/www.facebook.com\/grancursosonline\/","article_published_time":"2025-11-13T18:15:51+00:00","article_modified_time":"2026-01-16T13:17:02+00:00","og_image":[{"width":1063,"height":647,"url":"https:\/\/blog-es-static.infra.grancursosonline.com.br\/wp-content\/uploads\/2024\/11\/13151541\/nota-de-corte-2.webp","type":"image\/webp"}],"author":"Guilherme Henrique","twitter_card":"summary_large_image","twitter_creator":"@gran_online","twitter_site":"@gran_online","twitter_misc":{"Written by":"Guilherme Henrique","Est. reading time":"14 minutos"},"schema":{"@context":"https:\/\/schema.org","@graph":[{"@type":"NewsArticle","@id":"https:\/\/faculdade.grancursosonline.com.br\/blog\/nota-de-corte\/#article","isPartOf":{"@id":"https:\/\/faculdade.grancursosonline.com.br\/blog\/nota-de-corte\/"},"author":{"name":"Guilherme Henrique","@id":"https:\/\/faculdade.grancursosonline.com.br\/blog\/#\/schema\/person\/9745f9b6db8976613c1f439dbcfe717d"},"headline":"Nota de Corte: o que \u00e9 e como funciona? Veja como calcular!","datePublished":"2025-11-13T18:15:51+00:00","dateModified":"2026-01-16T13:17:02+00:00","mainEntityOfPage":{"@id":"https:\/\/faculdade.grancursosonline.com.br\/blog\/nota-de-corte\/"},"wordCount":2098,"commentCount":0,"publisher":{"@id":"https:\/\/faculdade.grancursosonline.com.br\/blog\/#organization"},"image":{"@id":"https:\/\/faculdade.grancursosonline.com.br\/blog\/nota-de-corte\/#primaryimage"},"thumbnailUrl":"https:\/\/blog-es-static.infra.grancursosonline.com.br\/wp-content\/uploads\/2024\/11\/13151520\/nota-de-corte.webp","keywords":["Cursos e P\u00f3s-gradua\u00e7\u00e3o","P\u00f3s-Gradua\u00e7\u00e3o Gran Cursos"],"articleSection":["Gradua\u00e7\u00e3o EAD","Gradua\u00e7\u00e3o Gran Faculdade","\u00daltimas Not\u00edcias"],"inLanguage":"pt-BR","potentialAction":[{"@type":"CommentAction","name":"Comment","target":["https:\/\/faculdade.grancursosonline.com.br\/blog\/nota-de-corte\/#respond"]}],"copyrightYear":"2025","copyrightHolder":{"@id":"https:\/\/faculdade.grancursosonline.com.br\/blog\/#organization"}},{"@type":"WebPage","@id":"https:\/\/faculdade.grancursosonline.com.br\/blog\/nota-de-corte\/","url":"https:\/\/faculdade.grancursosonline.com.br\/blog\/nota-de-corte\/","name":"Nota de Corte: o que \u00e9 e como funciona? Veja como calcular!","isPartOf":{"@id":"https:\/\/faculdade.grancursosonline.com.br\/blog\/#website"},"primaryImageOfPage":{"@id":"https:\/\/faculdade.grancursosonline.com.br\/blog\/nota-de-corte\/#primaryimage"},"image":{"@id":"https:\/\/faculdade.grancursosonline.com.br\/blog\/nota-de-corte\/#primaryimage"},"thumbnailUrl":"https:\/\/blog-es-static.infra.grancursosonline.com.br\/wp-content\/uploads\/2024\/11\/13151520\/nota-de-corte.webp","datePublished":"2025-11-13T18:15:51+00:00","dateModified":"2026-01-16T13:17:02+00:00","description":"Voc\u00ea sabe o que \u00e9 e como funciona a nota de corte? Saiba o que significa, para que serve e como \u00e9 calculada. Confira!","breadcrumb":{"@id":"https:\/\/faculdade.grancursosonline.com.br\/blog\/nota-de-corte\/#breadcrumb"},"inLanguage":"pt-BR","potentialAction":[{"@type":"ReadAction","target":["https:\/\/faculdade.grancursosonline.com.br\/blog\/nota-de-corte\/"]}]},{"@type":"ImageObject","inLanguage":"pt-BR","@id":"https:\/\/faculdade.grancursosonline.com.br\/blog\/nota-de-corte\/#primaryimage","url":"https:\/\/blog-es-static.infra.grancursosonline.com.br\/wp-content\/uploads\/2024\/11\/13151520\/nota-de-corte.webp","contentUrl":"https:\/\/blog-es-static.infra.grancursosonline.com.br\/wp-content\/uploads\/2024\/11\/13151520\/nota-de-corte.webp","width":2084,"height":1251,"caption":"Nota de Corte: o que \u00e9 e como funciona? Veja como calcular!"},{"@type":"BreadcrumbList","@id":"https:\/\/faculdade.grancursosonline.com.br\/blog\/nota-de-corte\/#breadcrumb","itemListElement":[{"@type":"ListItem","position":1,"name":"In\u00edcio","item":"https:\/\/faculdade.grancursosonline.com.br\/blog\/"},{"@type":"ListItem","position":2,"name":"Gradua\u00e7\u00e3o Gran Faculdade","item":"https:\/\/faculdade.grancursosonline.com.br\/blog\/graduacao\/"},{"@type":"ListItem","position":3,"name":"Nota de Corte: o que \u00e9 e como funciona? Veja como calcular!"}]},{"@type":"WebSite","@id":"https:\/\/faculdade.grancursosonline.com.br\/blog\/#website","url":"https:\/\/faculdade.grancursosonline.com.br\/blog\/","name":"Blog Gran Faculdade","description":"Tudo sobre ensino superior, p\u00f3s-gradua\u00e7\u00e3o, enem e carreira.","publisher":{"@id":"https:\/\/faculdade.grancursosonline.com.br\/blog\/#organization"},"potentialAction":[{"@type":"SearchAction","target":{"@type":"EntryPoint","urlTemplate":"https:\/\/faculdade.grancursosonline.com.br\/blog\/?s={search_term_string}"},"query-input":{"@type":"PropertyValueSpecification","valueRequired":true,"valueName":"search_term_string"}}],"inLanguage":"pt-BR"},{"@type":"Organization","@id":"https:\/\/faculdade.grancursosonline.com.br\/blog\/#organization","name":"Gran Cursos Online","url":"https:\/\/faculdade.grancursosonline.com.br\/blog\/","logo":{"@type":"ImageObject","inLanguage":"pt-BR","@id":"https:\/\/faculdade.grancursosonline.com.br\/blog\/#\/schema\/logo\/image\/","url":"https:\/\/blog-es-static.infra.grancursosonline.com.br\/wp-content\/uploads\/2019\/08\/03123934\/logo.png","contentUrl":"https:\/\/blog-es-static.infra.grancursosonline.com.br\/wp-content\/uploads\/2019\/08\/03123934\/logo.png","width":300,"height":57,"caption":"Gran Cursos Online"},"image":{"@id":"https:\/\/faculdade.grancursosonline.com.br\/blog\/#\/schema\/logo\/image\/"},"sameAs":["https:\/\/www.facebook.com\/grancursosonline\/","https:\/\/x.com\/gran_online","https:\/\/www.instagram.com\/grancursosonline\/","https:\/\/www.youtube.com\/user\/grancursostv"]},{"@type":"Person","@id":"https:\/\/faculdade.grancursosonline.com.br\/blog\/#\/schema\/person\/9745f9b6db8976613c1f439dbcfe717d","name":"Guilherme Henrique","url":"https:\/\/faculdade.grancursosonline.com.br\/blog\/author\/guilherme-lourenco\/"}]}},"_links":{"self":[{"href":"https:\/\/faculdade.grancursosonline.com.br\/blog\/wp-json\/wp\/v2\/posts\/79577401","targetHints":{"allow":["GET"]}}],"collection":[{"href":"https:\/\/faculdade.grancursosonline.com.br\/blog\/wp-json\/wp\/v2\/posts"}],"about":[{"href":"https:\/\/faculdade.grancursosonline.com.br\/blog\/wp-json\/wp\/v2\/types\/post"}],"author":[{"embeddable":true,"href":"https:\/\/faculdade.grancursosonline.com.br\/blog\/wp-json\/wp\/v2\/users\/514"}],"replies":[{"embeddable":true,"href":"https:\/\/faculdade.grancursosonline.com.br\/blog\/wp-json\/wp\/v2\/comments?post=79577401"}],"version-history":[{"count":7,"href":"https:\/\/faculdade.grancursosonline.com.br\/blog\/wp-json\/wp\/v2\/posts\/79577401\/revisions"}],"predecessor-version":[{"id":79760731,"href":"https:\/\/faculdade.grancursosonline.com.br\/blog\/wp-json\/wp\/v2\/posts\/79577401\/revisions\/79760731"}],"wp:featuredmedia":[{"embeddable":true,"href":"https:\/\/faculdade.grancursosonline.com.br\/blog\/wp-json\/wp\/v2\/media\/79759220"}],"wp:attachment":[{"href":"https:\/\/faculdade.grancursosonline.com.br\/blog\/wp-json\/wp\/v2\/media?parent=79577401"}],"wp:term":[{"taxonomy":"category","embeddable":true,"href":"https:\/\/faculdade.grancursosonline.com.br\/blog\/wp-json\/wp\/v2\/categories?post=79577401"},{"taxonomy":"post_tag","embeddable":true,"href":"https:\/\/faculdade.grancursosonline.com.br\/blog\/wp-json\/wp\/v2\/tags?post=79577401"}],"curies":[{"name":"wp","href":"https:\/\/api.w.org\/{rel}","templated":true}]}}