{"id":79581392,"date":"2026-08-03T17:55:50","date_gmt":"2026-08-03T20:55:50","guid":{"rendered":"https:\/\/blog.grancursosonline.com.br\/?p=79581392"},"modified":"2026-08-10T09:56:44","modified_gmt":"2026-08-10T12:56:44","slug":"como-ser-bom-lider","status":"publish","type":"post","link":"https:\/\/faculdade.grancursosonline.com.br\/blog\/como-ser-bom-lider\/","title":{"rendered":"Como ser um bom l\u00edder? Tudo o que voc\u00ea precisa saber!"},"content":{"rendered":"\n<p class=\"wp-block-paragraph\">\u00c9 muito importante saber como ser um bom l\u00edder, afinal a lideran\u00e7a \u00e9 uma habilidade desejada em muitas fun\u00e7\u00f5es dentro do mercado de trabalho. <\/p>\n\n\n\n<p class=\"wp-block-paragraph\">Por isso, \u00e9 preciso estar atento a essas caracter\u00edsticas \u00e9 a melhor forma de desenvolv\u00ea-las. O mercado de trabalho est\u00e1 cada vez mais exigente e n\u00f3s vamos te ajudar a estar preparado! Vamos l\u00e1?<\/p>\n\n\n\n<p class=\"wp-block-paragraph\">Acompanhe o artigo ou navegue pelo <span id=\"indice\">indice<\/span>:<\/p>\n\n\n\n<ul class=\"wp-block-list\">\n<li><a href=\"#conceito\">O que \u00e9 ser l\u00edder?<\/a><\/li>\n\n\n\n<li><a href=\"#tornar\">Como se tornar um l\u00edder?<\/a><\/li>\n\n\n\n<li><a href=\"#ser\">Como ser um bom l\u00edder?<\/a><\/li>\n\n\n\n<li><a href=\"#desenvolver\">Como desenvolver habilidades de lideran\u00e7a?<\/a><\/li>\n<\/ul>\n\n\n\n<h2 id=\"conceito\" class=\"wp-block-heading\">O que \u00e9 ser l\u00edder?<\/h2>\n\n\n\n<p class=\"wp-block-paragraph\">L\u00edder \u00e9 a pessoa respons\u00e1vel por guiar uma equipe rumo as metas estabelecidas. Geralmente esse papel corresponde a cargos de supervis\u00e3o, coordena\u00e7\u00e3o, ger\u00eancia e diretoria. Segundo a Gupy, uma das principais plataformas de empregabilidade:<\/p>\n\n\n<p style=\"padding-left: 80px;\"><em>L\u00edder \u00e9 a pessoa respons\u00e1vel por guiar estrategicamente um ou mais times em dire\u00e7\u00e3o a um objetivo ou meta da empresa.<\/em><\/p>\n\n\n<h3 id=\"h-caracteristicas-de-um-lider\" class=\"wp-block-heading\">Caracter\u00edsticas de um l\u00edder<\/h3>\n\n\n\n<p class=\"wp-block-paragraph\">As principais caracter\u00edsticas de um l\u00edder s\u00e3o:<\/p>\n\n\n\n<ul class=\"wp-block-list\">\n<li>Boa comunica\u00e7\u00e3o;<\/li>\n\n\n\n<li>Planejamento e organiza\u00e7\u00e3o;<\/li>\n\n\n\n<li>Senso cr\u00edtico apurado;<\/li>\n\n\n\n<li>Tomada de decis\u00e3o;<\/li>\n\n\n\n<li>Agilidade e efici\u00eancia;<\/li>\n\n\n\n<li>Flexibilidade e muito mais!<\/li>\n<\/ul>\n\n\n\n<h2 id=\"tornar\" class=\"wp-block-heading\">Como se tornar um l\u00edder?<\/h2>\n\n\n\n<p class=\"wp-block-paragraph\">Para se tornar um bom l\u00edder \u00e9 preciso ter em mente os desafios que vem acompanhado dessa fun\u00e7\u00e3o. Em geral, \u00e9 preciso muita experi\u00eancia pr\u00e1tica e t\u00e9cnica, aliada a um bom relacionamento interpessoal com os demais colaboradores e envolvidos em um setor ou neg\u00f3cio em geral.<\/p>\n\n\n\n<p class=\"wp-block-paragraph\">Al\u00e9m disso, \u00e9 muito comum que l\u00edderes sejam pessoas com ensino superior. Ou seja, para ocupar os cargos de chefia, \u00e9 ideal que voc\u00ea se desenvolva tamb\u00e9m intelectualmente atrav\u00e9s de um <a href=\"https:\/\/faculdade.grancursosonline.com.br\/nossos-cursos\/\">curso de gradua\u00e7\u00e3o<\/a> e <a href=\"https:\/\/pos.grancursosonline.com.br\/nossos-cursos\">p\u00f3s-gradua\u00e7\u00e3o<\/a>.<\/p>\n\n\n\n<h3 id=\"h-funcoes-de-um-lider-de-equipe\" class=\"wp-block-heading\">Fun\u00e7\u00f5es de um l\u00edder de equipe<\/h3>\n\n\n\n<p class=\"wp-block-paragraph\">As principais fun\u00e7\u00f5es de um l\u00edder de equipe s\u00e3o:<\/p>\n\n\n\n<ul class=\"wp-block-list\">\n<li>Admnistrar conflitos;<\/li>\n\n\n\n<li>Desenvolver e reter talentos;<\/li>\n\n\n\n<li>Reconhecer resultados;<\/li>\n\n\n\n<li>Analisar dados e produzir relat\u00f3rios<\/li>\n\n\n\n<li>Executar e elaborar estrat\u00e9gias;<\/li>\n\n\n\n<li><a href=\"https:\/\/blog.grancursosonline.com.br\/gestao-pessoas-recursos-humanos-diferenca\/\">Gest\u00e3o de pessoas<\/a>.<\/li>\n<\/ul>\n\n\n\n<h2 id=\"ser\" class=\"wp-block-heading\">Como ser um bom l\u00edder?<\/h2>\n\n\n\n<p class=\"wp-block-paragraph\">Quando falamos sobre como ser um bom l\u00edder, estamos falando sobre habilidades que precisam ser desenvolvidas para uma boa gest\u00e3o de equipe. Ou seja, trata-se de desenvolver um conjunto de habilidades pr\u00e1ticas e interpessoais para gerir pessoas. Veja:<\/p>\n\n\n\n<h3 id=\"h-habilidades-de-um-lider\" class=\"wp-block-heading\">Habilidades de um l\u00edder<\/h3>\n\n\n\n<p class=\"wp-block-paragraph\">Confira quais s\u00e3o as principais habilidades de um l\u00edder:<\/p>\n\n\n\n<h4 class=\"wp-block-heading\">Organiza\u00e7\u00e3o <\/h4>\n\n\n\n<p class=\"wp-block-paragraph\">O primeiro passo para se tornar um bom l\u00edder \u00e9 saber se planejar e se organizar.<\/p>\n\n\n\n<p class=\"wp-block-paragraph\">O planejamento e a organiza\u00e7\u00e3o s\u00e3o importantes para qualquer tarefa e projeto que voc\u00ea pretende tocar, do mais simples at\u00e9 o mais complexo. Saber fazer prospec\u00e7\u00f5es, ter no\u00e7\u00e3o das etapas, pessoas envolvidas, custos, definir e delegar tarefas v\u00e3o te fazer alcan\u00e7ar novos patamares. Ou seja, voc\u00ea precisa desenvolver habilidades e dominar ferramentas e metodologias que podem te ajudar nisso.<\/p>\n\n\n\n<p class=\"wp-block-paragraph\">Por exemplo, se voc\u00ea desempenha um cargo de analista ou de atendimento ao p\u00fablico, precisa ter um fluxo de trabalho bem definido. Voc\u00ea lida com uma s\u00e9rie de informa\u00e7\u00f5es e tarefas rotineiras que, muitas vezes, poderiam ser desempenhadas de forma mais \u00e1gil ou revistas. Dessa forma, propor e saber gerir bem as suas atividades \u00e9 um diferencial de um bom l\u00edder.<\/p>\n\n\n\n<h4 id=\"tempo\" class=\"wp-block-heading\">Gest\u00e3o de Tempo<\/h4>\n\n\n\n<p class=\"wp-block-paragraph\">Alinhado a organiza\u00e7\u00e3o e planejamento, um bom l\u00edder deve saber gerir bem tamb\u00e9m o seu tempo. Administrar bem os hor\u00e1rios e o quanto voc\u00ea gasta durante o dia para desempenhar uma fun\u00e7\u00e3o ou em reuni\u00f5es que poderiam ser um e-mail \u00e9 importante. Voc\u00ea pode fazer uso de t\u00e9cnicas de estudo para organizar seus hor\u00e1rios.<\/p>\n\n\n\n<p class=\"wp-block-paragraph\">Al\u00e9m disso, saber gerir bem o seu tempo durante o trabalho mostra agilidade, praticidade e objetividade no ambiente corporativo e na vida profissional. Sem falar que uma boa gest\u00e3o do tempo pode otimizar o seu cotidiano, em diversas \u00e1reas da vida. Conhe\u00e7a voc\u00ea mesmo para que o seu desempenho seja \u00fanico.<\/p>\n\n\n\n<h4 id=\"emocional\" class=\"wp-block-heading\">Intelig\u00eancia Emocional<\/h4>\n\n\n\n<p class=\"wp-block-paragraph\">Um outro ponto forte que um bom l\u00edder deve desenvolver \u00e9 a intelig\u00eancia emocional. A forma como algu\u00e9m lida com as pr\u00f3prias emo\u00e7\u00f5es em diferentes contextos \u00e9 essencial. No ambiente de trabalho, voc\u00ea vai lidar com diferentes tipos de pessoas, temperamentos, culturas e opini\u00f5es. Como lidar com tanta coisa acontecendo e tantos pontos de vista?<\/p>\n\n\n\n<p class=\"wp-block-paragraph\">Desse modo, saber controlar suas emo\u00e7\u00f5es e rea\u00e7\u00f5es \u00e9 importante. Al\u00e9m disso, a intelig\u00eancia emocional vai te ajudar a conter determinadas rea\u00e7\u00f5es que podem te prejudicar, a gerir melhor a sua equipe e administrar conflitos. Trabalhe o autoconhecimento, t\u00e9cnicas de medita\u00e7\u00e3o e tente manter uma rotina de autocuidado e sa\u00fade mental. O l\u00edder precisa estar com a cabe\u00e7a no lugar.<\/p>\n\n\n\n<h4 id=\"empatia\" class=\"wp-block-heading\">Empatia<\/h4>\n\n\n\n<p class=\"wp-block-paragraph\">Um pouco alinhado \u00e0 intelig\u00eancia emocional, o bom l\u00edder deve ter tamb\u00e9m empatia. A todo momento no ambiente de trabalho lida-se com pessoas diferentes. Nunca se sabe o que cada uma est\u00e1 passando na sua vida pessoal ou at\u00e9 mesmo dentro do ambiente profissional.<\/p>\n\n\n\n<p class=\"wp-block-paragraph\">Dessa forma, \u00e9 importante estar atento a pequenos sinais e a ouvir o que as pessoas est\u00e3o passando. Assim voc\u00ea pode propor ajudar, aconselhar e at\u00e9 mesmo compreender determinadas situa\u00e7\u00f5es que estejam prejudicando uma atividade.<\/p>\n\n\n\n<h4 id=\"comunica\u00e7\u00e3o\" class=\"wp-block-heading\">Boa comunica\u00e7\u00e3o<\/h4>\n\n\n\n<p class=\"wp-block-paragraph\">Saber se comunicar com a sua equipe \u00e9 extremamente importante se voc\u00ea quiser ser um bom l\u00edder. N\u00e3o estamos falando apenas de falar bem, o que tamb\u00e9m \u00e9 importante. O ponto aqui \u00e9 saber deixar claro o que voc\u00ea quer dizer, principalmente ao delegar uma tarefa. Existem uma s\u00e9rie de pesquisas e estudos que apontam como a falha na comunica\u00e7\u00e3o \u00e9 um dos principais fatores que levam ao erro durante qualquer processo.<\/p>\n\n\n\n<p class=\"wp-block-paragraph\">Uma op\u00e7\u00e3o \u00e9 sempre ensaiar uma apresenta\u00e7\u00e3o antes de realmente apresent\u00e1-la. Re\u00fana um grupo de amigos e familiares e veja o que eles acham, aproveite esse momento para errar e corrigir. Al\u00e9m disso, uma outra dica importante para quem quer ser um bom l\u00edder \u00e9 sempre esperar um pouco e pensar antes de responder qualquer coisa. Por mais urgente que pare\u00e7a.<\/p>\n\n\n\n<h4 id=\"diversidade\" class=\"wp-block-heading\">Diversidade e Inclus\u00e3o<\/h4>\n\n\n\n<p class=\"wp-block-paragraph\">Mais um ponto importante que os l\u00edderes devem estar atentos \u00e9 a Diversidade e Inclus\u00e3o. Essa \u00e9 uma nova \u00e1rea no mundo dos neg\u00f3cios e muito incentivada pelas gest\u00f5es de pessoas.<\/p>\n\n\n\n<p class=\"wp-block-paragraph\">Ainda que tenha se popularizado mais recentemente, prezar pela diversidade e inclus\u00e3o em uma equipe \u00e9 algo necess\u00e1rio e antigo. Uma equipe diversa no tocante a g\u00eanero, cor, sexualidade, defici\u00eancia, cultura e muitas outras caracter\u00edsticas que comp\u00f5em os colaboradores \u00e9 importante.<\/p>\n\n\n\n<p class=\"wp-block-paragraph\">Uma equipe diversificada pode dar novos olhos e novos ares, abrir a mente para novas ideias e propor iniciativas inovadoras que transformam. Por isso, procure profissionais dessa \u00e1rea, estude o tema e leia livros de autores fora da caixa. Ser um bom l\u00edder e saber lidar com a diversidade.<\/p>\n\n\n\n<h4 id=\"esg\" class=\"wp-block-heading\">ESG<\/h4>\n\n\n\n<p class=\"wp-block-paragraph\">Por fim, um outro tema que merece destaque quando o tema \u00e9 ser um bom l\u00edder \u00e9 o <a href=\"https:\/\/blog.grancursosonline.com.br\/esg\/\" target=\"_blank\" rel=\"noopener\">ESG<\/a>. Sigla originalmente do ingl\u00eas, significa Governan\u00e7a Ambiental, Social e Corporativa. \u00c9 preciso estar atento a como empresas e setores est\u00e3o atuando com iniciativas saud\u00e1veis e que visem contribuir para o meio ambiente, \u00e9tica e para a sociedade. Muito al\u00e9m do que apenas gerar lucros, as iniciativas privadas e p\u00fablicas precisam estar cada vez mais atentas aos seus impactos no mundo. Logo, se voc\u00ea \u00e9 ou quer ser um bom l\u00edder, precisa dominar o tema.<\/p>\n\n\n\n<h2 id=\"desenvolver\" class=\"wp-block-heading\">Como desenvolver habilidades de lideran\u00e7a?<\/h2>\n\n\n\n<p class=\"wp-block-paragraph\">As principais formas de desenvolver habilidades de lideran\u00e7a s\u00e3o:<\/p>\n\n\n\n<ul class=\"wp-block-list\">\n<li>Fazer uma p\u00f3s-gradua\u00e7\u00e3o na \u00e1rea de gest\u00e3o;<\/li>\n\n\n\n<li>Participar de mentorias e cursos na \u00e1rea de lideran\u00e7a;<\/li>\n\n\n\n<li>Trabalhar habilidades de comunica\u00e7\u00e3o e relacionamento com a equipe;<\/li>\n\n\n\n<li>Desenvolver atividades em grupo;<\/li>\n\n\n\n<li>Ajude os colegas de forma emp\u00e1tica;<\/li>\n\n\n\n<li>Atenha-se a necessidades do setor;<\/li>\n\n\n\n<li>Proatividade e muito mais!<\/li>\n<\/ul>\n\n\n\n<h2 class=\"wp-block-heading\" id=\"conheca\">Conhe\u00e7a os cursos de p\u00f3s-gradua\u00e7\u00e3o do Gran!<\/h2>\n\n\n\n<p class=\"wp-block-paragraph\">Aqui na <a href=\"https:\/\/faculdade.grancursosonline.com.br\/\" target=\"_blank\" rel=\"noreferrer noopener\">Gran Faculdade<\/a>, os <a href=\"https:\/\/pos.grancursosonline.com.br\/nossos-cursos\" target=\"_blank\" rel=\"noreferrer noopener\">cursos de p\u00f3s-gradua\u00e7\u00e3o EAD<\/a> s\u00e3o especializa\u00e7\u00f5es 100% online que otimizam tamb\u00e9m seus estudos para concursos e podem ser conclu\u00eddos entre 6 e 18 meses.<\/p>\n\n\n\n<p class=\"wp-block-paragraph\">S\u00e3o mais de 80 op\u00e7\u00f5es de cursos de especializa\u00e7\u00e3o EAD para as \u00e1reas de Gest\u00e3o, Educa\u00e7\u00e3o, Direito, Policial, Tecnologia e Engenharia. Dessa forma, voc\u00ea estuda em uma institui\u00e7\u00e3o reconhecida com nota m\u00e1xima pelo MEC, com mensalidades que cabem no seu bolso, de acordo com seu tempo e rotina!<\/p>\n\n\n\n<p class=\"wp-block-paragraph\">Confira nossos cursos, fa\u00e7a sua matr\u00edcula e comece hoje mesmo seu curso de <a href=\"https:\/\/blog.grancursosonline.com.br\/pos-ead-como-tirar-duvidas\/\" target=\"_blank\" rel=\"noreferrer noopener\">p\u00f3s EAD<\/a> da Gran Faculdade. Clique na sua \u00e1rea de interesse e encontre a p\u00f3s-gradua\u00e7\u00e3o que voc\u00ea deseja fazer com o Gran:<\/p>\n\n\n\n<ul class=\"wp-block-list\">\n<li><a href=\"https:\/\/pos.grancursosonline.com.br\/nossos-cursos?category=educacao\" target=\"_blank\" rel=\"noreferrer noopener\">Educa\u00e7\u00e3o<\/a><\/li>\n\n\n\n<li><a href=\"https:\/\/pos.grancursosonline.com.br\/nossos-cursos?category=administracao\" target=\"_blank\" rel=\"noreferrer noopener\">Gest\u00e3o<\/a><\/li>\n\n\n\n<li><a href=\"https:\/\/pos.grancursosonline.com.br\/nossos-cursos?category=tecnologia-da-informacao\" target=\"_blank\" rel=\"noreferrer noopener\">Tecnologia<\/a><\/li>\n\n\n\n<li><a href=\"https:\/\/pos.grancursosonline.com.br\/nossos-cursos?category=policial\" target=\"_blank\" rel=\"noreferrer noopener\">Policial<\/a><\/li>\n\n\n\n<li><a href=\"https:\/\/pos.grancursosonline.com.br\/nossos-cursos?category=saude\" target=\"_blank\" rel=\"noreferrer noopener\">Sa\u00fade<\/a><\/li>\n\n\n\n<li><a href=\"https:\/\/pos.grancursosonline.com.br\/nossos-cursos?category=engenharia\" target=\"_blank\" rel=\"noreferrer noopener\">Engenharia<\/a><\/li>\n\n\n\n<li><a href=\"https:\/\/pos.grancursosonline.com.br\/nossos-cursos?category=controle&amp;category=economia&amp;category=fiscal\" target=\"_blank\" rel=\"noreferrer noopener\">Finan\u00e7as<\/a> (Controle e Contabilidade, Economia e Fiscal)<\/li>\n\n\n\n<li><a href=\"https:\/\/pos.grancursosonline.com.br\/nossos-cursos?category=advocacia&amp;category=direito&amp;category=magistratura\" target=\"_blank\" rel=\"noreferrer noopener\">Jur\u00eddicas<\/a> (Direito, Advocacia e Magistratura)<\/li>\n<\/ul>\n\n\n\n<h2 id=\"h-pos-graduacao-faca-sua-especializacao-com-desconto\" class=\"wp-block-heading\">P\u00f3s-Gradua\u00e7\u00e3o: fa\u00e7a sua especializa\u00e7\u00e3o com desconto!<\/h2>\n\n\n\n<p class=\"wp-block-paragraph\">Garanta sua matr\u00edcula em um dos novos cursos de p\u00f3s-gradua\u00e7\u00e3o da Gran P\u00f3s ou em\u00a0<strong>qualquer uma das outras mais de 100 especializa\u00e7\u00f5es dispon\u00edveis na plataforma com at\u00e9 77% de desconto!<\/strong><\/p>\n\n\n\n<p class=\"wp-block-paragraph\">Queremos te ajudar a conquistar todos seus objetivos acad\u00eamicos e profissionais! Por isso, o Gran disponibiliza uma s\u00e9rie de promo\u00e7\u00f5es. Afinal, a educa\u00e7\u00e3o deve e pode ser para todos! <strong>Confira quais cupons s\u00e3o v\u00e1lidos at\u00e9 o preenchimento das vagas dispon\u00edveis:<\/strong><\/p>\n\n\n\n<figure class=\"wp-block-table\"><div class=\"container-tabela\"><table class=\"has-fixed-layout\"><thead><tr><th>Tipo de Desconto<\/th><th>Curso<\/th><th>Valores<\/th><th>Cupons<\/th><\/tr><\/thead><tbody><tr><td rowspan=\"2\">SOCIAL<\/td><td>P\u00f3s-Gradua\u00e7\u00e3o<\/td><td>12x de R$ 99,90<\/td><td>POSGRANSOCIAL<\/td><\/tr><tr><td>MBA<\/td><td>12x de R$ 99,90<\/td><td>MBAGRANSOCIAL<\/td><\/tr><tr><td rowspan=\"2\">ALUNOS GRAN<\/td><td>P\u00f3s-Gradua\u00e7\u00e3o<\/td><td>12x de R$ 99,90<\/td><td>SOUALUNOGRAN<\/td><\/tr><tr><td>MBA<\/td><td>12x de R$ 99,90<\/td><td>MBAALUNOGRAN<\/td><\/tr><tr><td rowspan=\"2\">EX-ALUNOS<\/td><td>P\u00f3s-Gradua\u00e7\u00e3o<\/td><td>12x de R$ 99,90<\/td><td>VOLTEIPROGRAN<\/td><\/tr><tr><td>MBA<\/td><td>12x de R$ 99,90<\/td><td>MBAVOLTEIPROGRAN<\/td><\/tr><tr><td rowspan=\"2\">NOVOS ALUNOS <\/td><td>P\u00f3s-Gradua\u00e7\u00e3o<\/td><td>12x de R$ 109,90<\/td><td>NOVONOGRAN<\/td><\/tr><tr><td>MBA<\/td><td>12x de R$ 109,90<\/td><td>MBANOVONOGRAN<\/td><\/tr><tr><td>COMBO CARREIRA<\/td><td>P\u00f3s-Gradua\u00e7\u00e3o<\/td><td>12x de R$ 109,90<\/td><td>COMBOCARREIRA<\/td><\/tr><tr><td>COMBO P\u00d3S*<\/td><td>P\u00f3s-Gradua\u00e7\u00e3o e\/ou MBA<\/td><td>12x de R$ 109,90<\/td><td>COMBOPOS<\/td><\/tr><\/tbody><\/table><\/div><figcaption class=\"wp-element-caption\">* A condi\u00e7\u00e3o de 2 cursos pelo pre\u00e7o de 1 inclui os cursos de MBA<\/figcaption><\/figure>\n\n\n\n<p class=\"wp-block-paragraph\"><strong>\u00c0 vista no PIX ou Boleto voc\u00ea ainda adquire MAIS 5% DE DESCONTO!<\/strong><\/p>\n\n\n\n<p class=\"wp-block-paragraph\">Para garantir os pre\u00e7os promocionais, basta acessar a p\u00e1gina da sua especializa\u00e7\u00e3o de prefer\u00eancia e visualizar todos os cupons ao lado do pre\u00e7o final! Se, por acaso, o desconto n\u00e3o for aplicado imediatamente, voc\u00ea tamb\u00e9m poder\u00e1 digitar o c\u00f3digo informado na tabela!<\/p>\n\n\n\n<p class=\"has-text-align-center wp-block-paragraph\"><a href=\"https:\/\/pos.grancursosonline.com.br\/\"><strong>Garanta sua matr\u00edcula com desconto!<\/strong><\/a><\/p>\n\n\n\n<h2 id=\"h-vem-ser-gran\" class=\"wp-block-heading\">Vem ser Gran!<\/h2>\n\n\n\n<p class=\"wp-block-paragraph\">A Gran Faculdade vem mudando a vida de milhares de pessoas por meio de cursos \u00e0 dist\u00e2ncia de <a href=\"https:\/\/faculdade.grancursosonline.com.br\/\" target=\"_blank\" rel=\"noreferrer noopener\">gradua\u00e7\u00e3o<\/a>, <a href=\"https:\/\/pos.grancursosonline.com.br\/\" target=\"_blank\" rel=\"noreferrer noopener\">p\u00f3s-gradua\u00e7\u00e3o<\/a> e <a href=\"https:\/\/pos.grancursosonline.com.br\/mba\" target=\"_blank\" rel=\"noreferrer noopener\">MBA<\/a>. Seja no digital ou em nosso <a href=\"https:\/\/presencial.grancursosonline.com.br\/\" target=\"_blank\" rel=\"noreferrer noopener\">Campus Presencial em Curitiba<\/a>, a nossa miss\u00e3o \u00e9 transformar a educa\u00e7\u00e3o superior.<\/p>\n\n\n\n<p class=\"wp-block-paragraph\">Como parte de Sistema Gran de Ensino, que \u00e9 reconhecido como marca aprovadora h\u00e1 mais de 10 anos, constru\u00edmos uma renomada reputa\u00e7\u00e3o na \u00e1rea de educa\u00e7\u00e3o.<\/p>\n\n\n\n<p class=\"wp-block-paragraph\">Veja algumas de nossas conquistas:<\/p>\n\n\n\n<ul class=\"wp-block-list\">\n<li>Reconhecido pela Amazon como um dos projetos mais relevantes do mundo na \u00e1rea de Tecnologia e Educa\u00e7\u00e3o;<\/li>\n\n\n\n<li>Foi eleito pelo Project Management Institute (PMI), um dos 50 Projetos Mais Influentes do mundo;<\/li>\n\n\n\n<li>Somos o site de educa\u00e7\u00e3o mais acessado do Brasil;<\/li>\n\n\n\n<li>Somos avaliados com a nota m\u00e1xima pelo MEC;<\/li>\n\n\n\n<li>Aqui o semestre come\u00e7a quando quiser: entrada imediata e cont\u00ednua!<\/li>\n\n\n\n<li>Melhores pre\u00e7os do mercado;<\/li>\n\n\n\n<li>Mais de 800 mil alunos pagantes e mais de 1000 funcion\u00e1rios;<\/li>\n\n\n\n<li>Diversas ferramentas de estudo: PDFs, audiobooks, mapas mentais, videoaulas, quest\u00f5es, gerenciador de estudos e muito mais!<\/li>\n\n\n\n<li>Professores experientes e capacitados;<\/li>\n\n\n\n<li>Acesso imediato e 100% online.<\/li>\n<\/ul>\n\n\n\n<p class=\"has-text-align-center wp-block-paragraph\"><strong><a href=\"https:\/\/faculdade.grancursosonline.com.br\/\">Quero ser aluno da Gran Faculdade<\/a><\/strong><\/p>\n\n\n\n<div class=\"wp-block-group has-background\" style=\"background-color:#8dd2fc7a\"><div class=\"wp-block-group__inner-container is-layout-constrained wp-block-group-is-layout-constrained\">\n<p class=\"wp-block-paragraph\"><strong>Outras not\u00edcias em destaque:<\/strong><\/p>\n\n\n\n<ul class=\"wp-block-list\">\n<li><a href=\"https:\/\/faculdade.grancursosonline.com.br\/blog\/habilidades-de-lideranca\/\">Habilidades de lideran\u00e7a: como adq<\/a><a href=\"https:\/\/faculdade.grancursosonline.com.br\/blog\/habilidades-de-lideranca\/\" target=\"_blank\" rel=\"noopener\">u<\/a><a href=\"https:\/\/faculdade.grancursosonline.com.br\/blog\/habilidades-de-lideranca\/\">iri-la mesmo sem cargo de gest\u00e3o? Entenda!<\/a><\/li>\n\n\n\n<li><a href=\"https:\/\/faculdade.grancursosonline.com.br\/blog\/visao-estrategica-lideranca\/\" target=\"_blank\" rel=\"noopener\">Vis\u00e3o estrat\u00e9gica: como desenvolv\u00ea-la para cargos de lideran\u00e7a? Confira dicas<\/a><\/li>\n\n\n\n<li><a href=\"https:\/\/faculdade.grancursosonline.com.br\/blog\/maratona-de-lideranca\/\" target=\"_blank\" rel=\"noopener\">Maratona de lideran\u00e7a: 7 s\u00e9ries de TV que ensinam gest\u00e3o de crises<\/a><\/li>\n<\/ul>\n<\/div><\/div>\n\n\n\n<div class=\"wp-block-group\"><div class=\"wp-block-group__inner-container is-layout-constrained wp-block-group-is-layout-constrained\">\n<div class=\"wp-block-group\"><div class=\"wp-block-group__inner-container is-layout-constrained wp-block-group-is-layout-constrained\">\n<section style=\"text-align: center;\">\n<p>Quer ficar por dentro da Faculdade Digital mais inovadora do Brasil?<\/p>\n<nav>\n<p class=\"has-background has-dark-bluish-background-color\" style=\"font-size: 25px; text-align: center; background: #f0f0f0; color: #ffffff; padding: 4px 0px 4xp 0px;\"><a style=\"color: #0d134c; text-decoration: underline;\" href=\"https:\/\/faculdade.grancursosonline.com.br\/\" target=\"_blank\" rel=\"noopener\">GRADUA\u00c7\u00c3O<\/a><\/p>\n<p class=\"has-background has-dark-bluish-background-color\" style=\"font-size: 25px; text-align: center; background: #f0f0f0; color: #ffffff; padding: 4px 0px 4xp 0px;\"><a style=\"color: #0d134c; text-decoration: underline;\" href=\"https:\/\/pos.grancursosonline.com.br\/\" target=\"_blank\" rel=\"noopener\">P\u00d3S-GRADUA\u00c7\u00c3O<\/a><\/p>\n<p class=\"has-background has-dark-bluish-background-color\" style=\"font-size: 25px; text-align: center; background: #f0f0f0; color: #ffffff; padding: 4px 0px 4xp 0px;\"><a style=\"color: #0d134c; text-decoration: underline;\" href=\"https:\/\/faculdade.grancursosonline.com.br\/nossos-cursos\/\" target=\"_blank\" rel=\"noopener\">TUDO SOBRE A GRAN FACULDADE<\/a><\/p>\n<\/nav>\n<p><strong>Receba <span style=\"color: #cf1e25;\">gratuitamente<\/span> no seu celular as principais not\u00edcias sobre a Gran Faculdade! <br \/>Clique no link abaixo e inscreva-se:<\/strong><\/p>\n<p class=\"has-background has-dark-bluish-background-color\" style=\"font-size: 25px; text-align: center; background: #f0f0f0; color: #ffffff; padding: 4px 0px 4xp 0px;\"><a style=\"color: #0d134c; text-decoration: underline;\" href=\"https:\/\/whatsapp.com\/channel\/0029VaG1sChI7Be7PNndhL43\" target=\"_blank\" rel=\"noopener noreferrer\">WHATSAPP<\/a><\/p>\n<p class=\"has-background has-dark-bluish-background-color\" style=\"font-size: 25px; text-align: center; background: #f0f0f0; color: #ffffff; padding: 4px 0px 4xp 0px;\"><a style=\"color: #0d134c; text-decoration: underline;\" href=\"https:\/\/t.me\/GranFaculdade\" target=\"_blank\" rel=\"noopener noreferrer\">TELEGRAM<\/a><\/p>\n<\/section>\n<\/div><\/div>\n<\/div><\/div>\n","protected":false},"excerpt":{"rendered":"<p>\u00c9 muito importante saber como ser um bom l\u00edder, afinal a lideran\u00e7a \u00e9 uma habilidade desejada em muitas fun\u00e7\u00f5es dentro do mercado de trabalho. Por isso, \u00e9 preciso estar atento a essas caracter\u00edsticas \u00e9 a melhor forma de desenvolv\u00ea-las. O mercado de trabalho est\u00e1 cada vez mais exigente e n\u00f3s vamos te ajudar a estar&hellip;<\/p>\n","protected":false},"author":514,"featured_media":79768247,"comment_status":"open","ping_status":"open","sticky":false,"template":"","format":"standard","meta":{"_acf_changed":false,"content-type":"","footnotes":""},"categories":[218545,209229,2],"tags":[126404,938,209284],"class_list":["post-79581392","post","type-post","status-publish","format-standard","has-post-thumbnail","hentry","category-graduacao","category-pos-graduacao","category-ultimas-noticias","tag-cursos-e-pos-graduacao","tag-destaque","tag-gran-cursos-pos-graduacao"],"acf":[],"yoast_head":"<!-- This site is optimized with the Yoast SEO Premium plugin v27.2 (Yoast SEO v27.2) - https:\/\/yoast.com\/product\/yoast-seo-premium-wordpress\/ -->\n<title>Como ser um bom l\u00edder? Tudo o que voc\u00ea precisa saber!<\/title>\n<meta name=\"description\" content=\"A maioria dos cargos exigem habilidades de lideran\u00e7a, mesmo que voc\u00ea n\u00e3o seja o chefe. Reunimos aqui todas as qualidades de um bom l\u00edder.\" \/>\n<meta name=\"robots\" content=\"index, follow, max-snippet:-1, max-image-preview:large, max-video-preview:-1\" \/>\n<link rel=\"canonical\" href=\"https:\/\/faculdade.grancursosonline.com.br\/blog\/como-ser-bom-lider\/\" \/>\n<meta property=\"og:locale\" content=\"pt_BR\" \/>\n<meta property=\"og:type\" content=\"article\" \/>\n<meta property=\"og:title\" content=\"Como ser um bom l\u00edder? Tudo o que voc\u00ea precisa saber!\" \/>\n<meta property=\"og:description\" content=\"A maioria dos cargos exigem habilidades de lideran\u00e7a, mesmo que voc\u00ea n\u00e3o seja o chefe. Reunimos aqui todas as qualidades de um bom l\u00edder.\" \/>\n<meta property=\"og:url\" content=\"https:\/\/faculdade.grancursosonline.com.br\/blog\/como-ser-bom-lider\/\" \/>\n<meta property=\"og:site_name\" content=\"Blog Gran Faculdade\" \/>\n<meta property=\"article:publisher\" content=\"https:\/\/www.facebook.com\/grancursosonline\/\" \/>\n<meta property=\"article:published_time\" content=\"2026-08-03T20:55:50+00:00\" \/>\n<meta property=\"article:modified_time\" content=\"2026-08-10T12:56:44+00:00\" \/>\n<meta property=\"og:image\" content=\"https:\/\/blog-es-static.infra.grancursosonline.com.br\/wp-content\/uploads\/2026\/08\/05105432\/como-ser-um-bom-lider-2.png\" \/>\n\t<meta property=\"og:image:width\" content=\"510\" \/>\n\t<meta property=\"og:image:height\" content=\"310\" \/>\n\t<meta property=\"og:image:type\" content=\"image\/png\" \/>\n<meta name=\"author\" content=\"Guilherme Henrique\" \/>\n<meta name=\"twitter:card\" content=\"summary_large_image\" \/>\n<meta name=\"twitter:creator\" content=\"@gran_online\" \/>\n<meta name=\"twitter:site\" content=\"@gran_online\" \/>\n<meta name=\"twitter:label1\" content=\"Written by\" \/>\n\t<meta name=\"twitter:data1\" content=\"Guilherme Henrique\" \/>\n\t<meta name=\"twitter:label2\" content=\"Est. reading time\" \/>\n\t<meta name=\"twitter:data2\" content=\"35 minutos\" \/>\n<script type=\"application\/ld+json\" class=\"yoast-schema-graph\">{\"@context\":\"https:\/\/schema.org\",\"@graph\":[{\"@type\":\"NewsArticle\",\"@id\":\"https:\/\/faculdade.grancursosonline.com.br\/blog\/como-ser-bom-lider\/#article\",\"isPartOf\":{\"@id\":\"https:\/\/faculdade.grancursosonline.com.br\/blog\/como-ser-bom-lider\/\"},\"author\":{\"name\":\"Guilherme Henrique\",\"@id\":\"https:\/\/faculdade.grancursosonline.com.br\/blog\/#\/schema\/person\/9745f9b6db8976613c1f439dbcfe717d\"},\"headline\":\"Como ser um bom l\u00edder? Tudo o que voc\u00ea precisa saber!\",\"datePublished\":\"2026-08-03T20:55:50+00:00\",\"dateModified\":\"2026-08-10T12:56:44+00:00\",\"mainEntityOfPage\":{\"@id\":\"https:\/\/faculdade.grancursosonline.com.br\/blog\/como-ser-bom-lider\/\"},\"wordCount\":1380,\"commentCount\":0,\"publisher\":{\"@id\":\"https:\/\/faculdade.grancursosonline.com.br\/blog\/#organization\"},\"image\":{\"@id\":\"https:\/\/faculdade.grancursosonline.com.br\/blog\/como-ser-bom-lider\/#primaryimage\"},\"thumbnailUrl\":\"https:\/\/blog-es-static.infra.grancursosonline.com.br\/wp-content\/uploads\/2026\/08\/05105420\/como-ser-um-bom-lider.png\",\"keywords\":[\"Cursos e P\u00f3s-gradua\u00e7\u00e3o\",\"destaque\",\"Gran Cursos P\u00f3s-Gradua\u00e7\u00e3o\"],\"articleSection\":[\"Gradua\u00e7\u00e3o Gran Faculdade\",\"P\u00f3s-Gradua\u00e7\u00e3o Gran Faculdade\",\"\u00daltimas Not\u00edcias\"],\"inLanguage\":\"pt-BR\",\"potentialAction\":[{\"@type\":\"CommentAction\",\"name\":\"Comment\",\"target\":[\"https:\/\/faculdade.grancursosonline.com.br\/blog\/como-ser-bom-lider\/#respond\"]}],\"copyrightYear\":\"2026\",\"copyrightHolder\":{\"@id\":\"https:\/\/faculdade.grancursosonline.com.br\/blog\/#organization\"}},{\"@type\":\"WebPage\",\"@id\":\"https:\/\/faculdade.grancursosonline.com.br\/blog\/como-ser-bom-lider\/\",\"url\":\"https:\/\/faculdade.grancursosonline.com.br\/blog\/como-ser-bom-lider\/\",\"name\":\"Como ser um bom l\u00edder? Tudo o que voc\u00ea precisa saber!\",\"isPartOf\":{\"@id\":\"https:\/\/faculdade.grancursosonline.com.br\/blog\/#website\"},\"primaryImageOfPage\":{\"@id\":\"https:\/\/faculdade.grancursosonline.com.br\/blog\/como-ser-bom-lider\/#primaryimage\"},\"image\":{\"@id\":\"https:\/\/faculdade.grancursosonline.com.br\/blog\/como-ser-bom-lider\/#primaryimage\"},\"thumbnailUrl\":\"https:\/\/blog-es-static.infra.grancursosonline.com.br\/wp-content\/uploads\/2026\/08\/05105420\/como-ser-um-bom-lider.png\",\"datePublished\":\"2026-08-03T20:55:50+00:00\",\"dateModified\":\"2026-08-10T12:56:44+00:00\",\"description\":\"A maioria dos cargos exigem habilidades de lideran\u00e7a, mesmo que voc\u00ea n\u00e3o seja o chefe. Reunimos aqui todas as qualidades de um bom l\u00edder.\",\"breadcrumb\":{\"@id\":\"https:\/\/faculdade.grancursosonline.com.br\/blog\/como-ser-bom-lider\/#breadcrumb\"},\"inLanguage\":\"pt-BR\",\"potentialAction\":[{\"@type\":\"ReadAction\",\"target\":[\"https:\/\/faculdade.grancursosonline.com.br\/blog\/como-ser-bom-lider\/\"]}]},{\"@type\":\"ImageObject\",\"inLanguage\":\"pt-BR\",\"@id\":\"https:\/\/faculdade.grancursosonline.com.br\/blog\/como-ser-bom-lider\/#primaryimage\",\"url\":\"https:\/\/blog-es-static.infra.grancursosonline.com.br\/wp-content\/uploads\/2026\/08\/05105420\/como-ser-um-bom-lider.png\",\"contentUrl\":\"https:\/\/blog-es-static.infra.grancursosonline.com.br\/wp-content\/uploads\/2026\/08\/05105420\/como-ser-um-bom-lider.png\",\"width\":1000,\"height\":600,\"caption\":\"Como ser um bom l\u00edder? Tudo o que voc\u00ea precisa saber!\"},{\"@type\":\"BreadcrumbList\",\"@id\":\"https:\/\/faculdade.grancursosonline.com.br\/blog\/como-ser-bom-lider\/#breadcrumb\",\"itemListElement\":[{\"@type\":\"ListItem\",\"position\":1,\"name\":\"In\u00edcio\",\"item\":\"https:\/\/faculdade.grancursosonline.com.br\/blog\/\"},{\"@type\":\"ListItem\",\"position\":2,\"name\":\"P\u00f3s-Gradua\u00e7\u00e3o Gran Faculdade\",\"item\":\"https:\/\/faculdade.grancursosonline.com.br\/blog\/pos-graduacao\/\"},{\"@type\":\"ListItem\",\"position\":3,\"name\":\"Como ser um bom l\u00edder? Tudo o que voc\u00ea precisa saber!\"}]},{\"@type\":\"WebSite\",\"@id\":\"https:\/\/faculdade.grancursosonline.com.br\/blog\/#website\",\"url\":\"https:\/\/faculdade.grancursosonline.com.br\/blog\/\",\"name\":\"Blog Gran Faculdade\",\"description\":\"Tudo sobre ensino superior, p\u00f3s-gradua\u00e7\u00e3o, enem e carreira.\",\"publisher\":{\"@id\":\"https:\/\/faculdade.grancursosonline.com.br\/blog\/#organization\"},\"potentialAction\":[{\"@type\":\"SearchAction\",\"target\":{\"@type\":\"EntryPoint\",\"urlTemplate\":\"https:\/\/faculdade.grancursosonline.com.br\/blog\/?s={search_term_string}\"},\"query-input\":{\"@type\":\"PropertyValueSpecification\",\"valueRequired\":true,\"valueName\":\"search_term_string\"}}],\"inLanguage\":\"pt-BR\"},{\"@type\":\"Organization\",\"@id\":\"https:\/\/faculdade.grancursosonline.com.br\/blog\/#organization\",\"name\":\"Gran Cursos Online\",\"url\":\"https:\/\/faculdade.grancursosonline.com.br\/blog\/\",\"logo\":{\"@type\":\"ImageObject\",\"inLanguage\":\"pt-BR\",\"@id\":\"https:\/\/faculdade.grancursosonline.com.br\/blog\/#\/schema\/logo\/image\/\",\"url\":\"https:\/\/blog-es-static.infra.grancursosonline.com.br\/wp-content\/uploads\/2019\/08\/03123934\/logo.png\",\"contentUrl\":\"https:\/\/blog-es-static.infra.grancursosonline.com.br\/wp-content\/uploads\/2019\/08\/03123934\/logo.png\",\"width\":300,\"height\":57,\"caption\":\"Gran Cursos Online\"},\"image\":{\"@id\":\"https:\/\/faculdade.grancursosonline.com.br\/blog\/#\/schema\/logo\/image\/\"},\"sameAs\":[\"https:\/\/www.facebook.com\/grancursosonline\/\",\"https:\/\/x.com\/gran_online\",\"https:\/\/www.instagram.com\/grancursosonline\/\",\"https:\/\/www.youtube.com\/user\/grancursostv\"]},{\"@type\":\"Person\",\"@id\":\"https:\/\/faculdade.grancursosonline.com.br\/blog\/#\/schema\/person\/9745f9b6db8976613c1f439dbcfe717d\",\"name\":\"Guilherme Henrique\",\"url\":\"https:\/\/faculdade.grancursosonline.com.br\/blog\/author\/guilherme-lourenco\/\"}]}<\/script>\n<!-- \/ Yoast SEO Premium plugin. -->","yoast_head_json":{"title":"Como ser um bom l\u00edder? Tudo o que voc\u00ea precisa saber!","description":"A maioria dos cargos exigem habilidades de lideran\u00e7a, mesmo que voc\u00ea n\u00e3o seja o chefe. Reunimos aqui todas as qualidades de um bom l\u00edder.","robots":{"index":"index","follow":"follow","max-snippet":"max-snippet:-1","max-image-preview":"max-image-preview:large","max-video-preview":"max-video-preview:-1"},"canonical":"https:\/\/faculdade.grancursosonline.com.br\/blog\/como-ser-bom-lider\/","og_locale":"pt_BR","og_type":"article","og_title":"Como ser um bom l\u00edder? Tudo o que voc\u00ea precisa saber!","og_description":"A maioria dos cargos exigem habilidades de lideran\u00e7a, mesmo que voc\u00ea n\u00e3o seja o chefe. Reunimos aqui todas as qualidades de um bom l\u00edder.","og_url":"https:\/\/faculdade.grancursosonline.com.br\/blog\/como-ser-bom-lider\/","og_site_name":"Blog Gran Faculdade","article_publisher":"https:\/\/www.facebook.com\/grancursosonline\/","article_published_time":"2026-08-03T20:55:50+00:00","article_modified_time":"2026-08-10T12:56:44+00:00","og_image":[{"width":510,"height":310,"url":"https:\/\/blog-es-static.infra.grancursosonline.com.br\/wp-content\/uploads\/2026\/08\/05105432\/como-ser-um-bom-lider-2.png","type":"image\/png"}],"author":"Guilherme Henrique","twitter_card":"summary_large_image","twitter_creator":"@gran_online","twitter_site":"@gran_online","twitter_misc":{"Written by":"Guilherme Henrique","Est. reading time":"35 minutos"},"schema":{"@context":"https:\/\/schema.org","@graph":[{"@type":"NewsArticle","@id":"https:\/\/faculdade.grancursosonline.com.br\/blog\/como-ser-bom-lider\/#article","isPartOf":{"@id":"https:\/\/faculdade.grancursosonline.com.br\/blog\/como-ser-bom-lider\/"},"author":{"name":"Guilherme Henrique","@id":"https:\/\/faculdade.grancursosonline.com.br\/blog\/#\/schema\/person\/9745f9b6db8976613c1f439dbcfe717d"},"headline":"Como ser um bom l\u00edder? Tudo o que voc\u00ea precisa saber!","datePublished":"2026-08-03T20:55:50+00:00","dateModified":"2026-08-10T12:56:44+00:00","mainEntityOfPage":{"@id":"https:\/\/faculdade.grancursosonline.com.br\/blog\/como-ser-bom-lider\/"},"wordCount":1380,"commentCount":0,"publisher":{"@id":"https:\/\/faculdade.grancursosonline.com.br\/blog\/#organization"},"image":{"@id":"https:\/\/faculdade.grancursosonline.com.br\/blog\/como-ser-bom-lider\/#primaryimage"},"thumbnailUrl":"https:\/\/blog-es-static.infra.grancursosonline.com.br\/wp-content\/uploads\/2026\/08\/05105420\/como-ser-um-bom-lider.png","keywords":["Cursos e P\u00f3s-gradua\u00e7\u00e3o","destaque","Gran Cursos P\u00f3s-Gradua\u00e7\u00e3o"],"articleSection":["Gradua\u00e7\u00e3o Gran Faculdade","P\u00f3s-Gradua\u00e7\u00e3o Gran Faculdade","\u00daltimas Not\u00edcias"],"inLanguage":"pt-BR","potentialAction":[{"@type":"CommentAction","name":"Comment","target":["https:\/\/faculdade.grancursosonline.com.br\/blog\/como-ser-bom-lider\/#respond"]}],"copyrightYear":"2026","copyrightHolder":{"@id":"https:\/\/faculdade.grancursosonline.com.br\/blog\/#organization"}},{"@type":"WebPage","@id":"https:\/\/faculdade.grancursosonline.com.br\/blog\/como-ser-bom-lider\/","url":"https:\/\/faculdade.grancursosonline.com.br\/blog\/como-ser-bom-lider\/","name":"Como ser um bom l\u00edder? Tudo o que voc\u00ea precisa saber!","isPartOf":{"@id":"https:\/\/faculdade.grancursosonline.com.br\/blog\/#website"},"primaryImageOfPage":{"@id":"https:\/\/faculdade.grancursosonline.com.br\/blog\/como-ser-bom-lider\/#primaryimage"},"image":{"@id":"https:\/\/faculdade.grancursosonline.com.br\/blog\/como-ser-bom-lider\/#primaryimage"},"thumbnailUrl":"https:\/\/blog-es-static.infra.grancursosonline.com.br\/wp-content\/uploads\/2026\/08\/05105420\/como-ser-um-bom-lider.png","datePublished":"2026-08-03T20:55:50+00:00","dateModified":"2026-08-10T12:56:44+00:00","description":"A maioria dos cargos exigem habilidades de lideran\u00e7a, mesmo que voc\u00ea n\u00e3o seja o chefe. Reunimos aqui todas as qualidades de um bom l\u00edder.","breadcrumb":{"@id":"https:\/\/faculdade.grancursosonline.com.br\/blog\/como-ser-bom-lider\/#breadcrumb"},"inLanguage":"pt-BR","potentialAction":[{"@type":"ReadAction","target":["https:\/\/faculdade.grancursosonline.com.br\/blog\/como-ser-bom-lider\/"]}]},{"@type":"ImageObject","inLanguage":"pt-BR","@id":"https:\/\/faculdade.grancursosonline.com.br\/blog\/como-ser-bom-lider\/#primaryimage","url":"https:\/\/blog-es-static.infra.grancursosonline.com.br\/wp-content\/uploads\/2026\/08\/05105420\/como-ser-um-bom-lider.png","contentUrl":"https:\/\/blog-es-static.infra.grancursosonline.com.br\/wp-content\/uploads\/2026\/08\/05105420\/como-ser-um-bom-lider.png","width":1000,"height":600,"caption":"Como ser um bom l\u00edder? Tudo o que voc\u00ea precisa saber!"},{"@type":"BreadcrumbList","@id":"https:\/\/faculdade.grancursosonline.com.br\/blog\/como-ser-bom-lider\/#breadcrumb","itemListElement":[{"@type":"ListItem","position":1,"name":"In\u00edcio","item":"https:\/\/faculdade.grancursosonline.com.br\/blog\/"},{"@type":"ListItem","position":2,"name":"P\u00f3s-Gradua\u00e7\u00e3o Gran Faculdade","item":"https:\/\/faculdade.grancursosonline.com.br\/blog\/pos-graduacao\/"},{"@type":"ListItem","position":3,"name":"Como ser um bom l\u00edder? Tudo o que voc\u00ea precisa saber!"}]},{"@type":"WebSite","@id":"https:\/\/faculdade.grancursosonline.com.br\/blog\/#website","url":"https:\/\/faculdade.grancursosonline.com.br\/blog\/","name":"Blog Gran Faculdade","description":"Tudo sobre ensino superior, p\u00f3s-gradua\u00e7\u00e3o, enem e carreira.","publisher":{"@id":"https:\/\/faculdade.grancursosonline.com.br\/blog\/#organization"},"potentialAction":[{"@type":"SearchAction","target":{"@type":"EntryPoint","urlTemplate":"https:\/\/faculdade.grancursosonline.com.br\/blog\/?s={search_term_string}"},"query-input":{"@type":"PropertyValueSpecification","valueRequired":true,"valueName":"search_term_string"}}],"inLanguage":"pt-BR"},{"@type":"Organization","@id":"https:\/\/faculdade.grancursosonline.com.br\/blog\/#organization","name":"Gran Cursos Online","url":"https:\/\/faculdade.grancursosonline.com.br\/blog\/","logo":{"@type":"ImageObject","inLanguage":"pt-BR","@id":"https:\/\/faculdade.grancursosonline.com.br\/blog\/#\/schema\/logo\/image\/","url":"https:\/\/blog-es-static.infra.grancursosonline.com.br\/wp-content\/uploads\/2019\/08\/03123934\/logo.png","contentUrl":"https:\/\/blog-es-static.infra.grancursosonline.com.br\/wp-content\/uploads\/2019\/08\/03123934\/logo.png","width":300,"height":57,"caption":"Gran Cursos Online"},"image":{"@id":"https:\/\/faculdade.grancursosonline.com.br\/blog\/#\/schema\/logo\/image\/"},"sameAs":["https:\/\/www.facebook.com\/grancursosonline\/","https:\/\/x.com\/gran_online","https:\/\/www.instagram.com\/grancursosonline\/","https:\/\/www.youtube.com\/user\/grancursostv"]},{"@type":"Person","@id":"https:\/\/faculdade.grancursosonline.com.br\/blog\/#\/schema\/person\/9745f9b6db8976613c1f439dbcfe717d","name":"Guilherme Henrique","url":"https:\/\/faculdade.grancursosonline.com.br\/blog\/author\/guilherme-lourenco\/"}]}},"_links":{"self":[{"href":"https:\/\/faculdade.grancursosonline.com.br\/blog\/wp-json\/wp\/v2\/posts\/79581392","targetHints":{"allow":["GET"]}}],"collection":[{"href":"https:\/\/faculdade.grancursosonline.com.br\/blog\/wp-json\/wp\/v2\/posts"}],"about":[{"href":"https:\/\/faculdade.grancursosonline.com.br\/blog\/wp-json\/wp\/v2\/types\/post"}],"author":[{"embeddable":true,"href":"https:\/\/faculdade.grancursosonline.com.br\/blog\/wp-json\/wp\/v2\/users\/514"}],"replies":[{"embeddable":true,"href":"https:\/\/faculdade.grancursosonline.com.br\/blog\/wp-json\/wp\/v2\/comments?post=79581392"}],"version-history":[{"count":4,"href":"https:\/\/faculdade.grancursosonline.com.br\/blog\/wp-json\/wp\/v2\/posts\/79581392\/revisions"}],"predecessor-version":[{"id":79768178,"href":"https:\/\/faculdade.grancursosonline.com.br\/blog\/wp-json\/wp\/v2\/posts\/79581392\/revisions\/79768178"}],"wp:featuredmedia":[{"embeddable":true,"href":"https:\/\/faculdade.grancursosonline.com.br\/blog\/wp-json\/wp\/v2\/media\/79768247"}],"wp:attachment":[{"href":"https:\/\/faculdade.grancursosonline.com.br\/blog\/wp-json\/wp\/v2\/media?parent=79581392"}],"wp:term":[{"taxonomy":"category","embeddable":true,"href":"https:\/\/faculdade.grancursosonline.com.br\/blog\/wp-json\/wp\/v2\/categories?post=79581392"},{"taxonomy":"post_tag","embeddable":true,"href":"https:\/\/faculdade.grancursosonline.com.br\/blog\/wp-json\/wp\/v2\/tags?post=79581392"}],"curies":[{"name":"wp","href":"https:\/\/api.w.org\/{rel}","templated":true}]}}