{"id":79582057,"date":"2025-04-22T15:56:29","date_gmt":"2025-04-22T18:56:29","guid":{"rendered":"https:\/\/blog.grancursosonline.com.br\/?p=79582057"},"modified":"2025-04-24T12:42:44","modified_gmt":"2025-04-24T15:42:44","slug":"famosos-graduados","status":"publish","type":"post","link":"https:\/\/faculdade.grancursosonline.com.br\/blog\/famosos-graduados\/","title":{"rendered":"Famosos que fizeram faculdade: Ser\u00e1 que voc\u00ea conhece?"},"content":{"rendered":"\n<p>Se voc\u00ea acha que a vida dos famosos sempre foi f\u00e1cil, voc\u00ea est\u00e1 muito enganado. Muitos deles nem pensavam em seguir a vida art\u00edstica e, por isso, cursaram uma faculdade em busca da estabilidade financeira.<\/p>\n\n\n\n<p>Apesar de muita gente achar que ser artista \u00e9 f\u00e1cil ou que vale a pena largar os estudos para viver da arte, vai ver que n\u00e3o \u00e9 t\u00e3o simples assim. A maioria dos famosos possui um curso de gradua\u00e7\u00e3o ainda que n\u00e3o tenha exercido a profiss\u00e3o. O objetivo era garantir o futuro profissional de alguma forma, pois sempre acreditaram na educa\u00e7\u00e3o como um meio de transformarem suas pr\u00f3prias vidas.<\/p>\n\n\n\n<div class=\"wp-block-columns is-layout-flex wp-container-core-columns-is-layout-9d6595d7 wp-block-columns-is-layout-flex\">\n<div class=\"wp-block-column is-layout-flow wp-block-column-is-layout-flow\" style=\"flex-basis:100%\"><div class=\"wp-block-image\">\n<figure class=\"aligncenter size-full\"><a href=\"https:\/\/whatsapp.com\/channel\/0029VaG1sChI7Be7PNndhL43\" target=\"_blank\" rel=\"noopener\"><img decoding=\"async\" src=\"https:\/\/blog-es-static.infra.grancursosonline.com.br\/wp-content\/uploads\/2025\/09\/09112354\/banner-wp-600x142-80.webp\" alt=\"Acesse o canal do WhatsApp da Gran Faculdade\" class=\"wp-image-79751904\"\/><\/a><\/figure>\n<\/div><\/div>\n<\/div>\n\n\n\n<p>Acompanhe o artigo para saber mais ou navegue pelo \u00edndice:<\/p>\n\n\n\n<ul class=\"wp-block-list\">\n<li><a href=\"#ricardo\">Ricardo Tozzi<\/a><\/li>\n\n\n\n<li><a href=\"#danilo\">Danilo Fernandes<\/a><\/li>\n\n\n\n<li><a href=\"#kelly\">Kelly Key<\/a><\/li>\n\n\n\n<li><a href=\"#narcisa\">Narcisa Tamborindeguy<\/a><\/li>\n\n\n\n<li><a href=\"#daniella\">Daniella Cicarelli<\/a><\/li>\n\n\n\n<li><a href=\"#gil\">Gil do Vigor<\/a><\/li>\n\n\n\n<li><a href=\"#luciano\">Luciano Huck<\/a><\/li>\n\n\n\n<li><a href=\"#marcos\">Marcos Caruso<\/a><\/li>\n\n\n\n<li><a href=\"#flavia\">Fl\u00e1via Alessandra<\/a><\/li>\n\n\n\n<li><a href=\"#gilberto\">Gilberto Gil<\/a><\/li>\n<\/ul>\n\n\n\n<div class=\"wp-block-group has-background\" style=\"background-color:#8dd2fc7a\"><div class=\"wp-block-group__inner-container is-layout-constrained wp-block-group-is-layout-constrained\">\n<p><strong>Outras not\u00edcias em destaque:<\/strong><\/p>\n\n\n\n<ul class=\"wp-block-list\">\n<li><a href=\"https:\/\/faculdade.grancursosonline.com.br\/blog\/profissoes-em-alta-2023\/\" target=\"_blank\" rel=\"noreferrer noopener\">Profiss\u00f5es em alta em 2023: veja quais s\u00e3o as principais!<\/a><\/li>\n\n\n\n<li><a href=\"https:\/\/faculdade.grancursosonline.com.br\/blog\/ceo-cto-cfo-coo-cmo\/\" target=\"_blank\" rel=\"noreferrer noopener\">O que significa CEO e CTO de uma empresa? Entenda tudo!<\/a><\/li>\n\n\n\n<li><a href=\"https:\/\/faculdade.grancursosonline.com.br\/blog\/edtech\/\" target=\"_blank\" rel=\"noreferrer noopener\">Edtech: o que \u00e9 e tudo o que voc\u00ea precisa saber!<\/a><\/li>\n<\/ul>\n<\/div><\/div>\n\n\n\n<h2 class=\"wp-block-heading\" id=\"h-tem-duvidas-sobre-como-comecar-uma-faculdade-baixe-gratuitamente-o-nosso-guia-da-graduacao\">Tem d\u00favidas sobre como come\u00e7ar uma faculdade? Baixe gratuitamente o nosso Guia da Gradua\u00e7\u00e3o!<\/h2>\n\n\n\n<div class=\"wp-block-group\"><div class=\"wp-block-group__inner-container is-layout-constrained wp-block-group-is-layout-constrained\">\n<p><strong>Enfrentar novos desafios por vezes vem acompanhado de muitas d\u00favidas,<\/strong> e \u00e9 por isso que a equipe da Gran Faculdade preparou um material completo e gratuito que vai te ajudar a compreender melhor como funciona uma Gradua\u00e7\u00e3o.<\/p>\n\n\n\n<p>No e-book que criamos para voc\u00ea, respondemos perguntas como:<\/p>\n\n\n\n<ul class=\"wp-block-list\">\n<li>O que \u00e9 Gradua\u00e7\u00e3o?<\/li>\n\n\n\n<li>Quais os tipos de Gradua\u00e7\u00e3o?<\/li>\n\n\n\n<li>Como escolher meu curso de Gradua\u00e7\u00e3o?<\/li>\n\n\n\n<li>Como come\u00e7ar uma Gradua\u00e7\u00e3o?<\/li>\n<\/ul>\n\n\n\n<p>Al\u00e9m de te dar estas respostas, tamb\u00e9m <strong>te explicamos de forma simplificada outras quest\u00f5es relacionadas ao universo acad\u00eamico. <\/strong>N\u00e3o deixe de conferir!<\/p>\n\n\n\n<p>Para receber o material gratuitamente, basta preencher o formul\u00e1rio abaixo:<\/p>\n\n\n\n<script src=\"https:\/\/mkt-forms.grancursosonline.com.br\/ef5c255d33bcf026715e3670a4595fac.js\"><\/script>\n<script>\n\u00a0\u00a0marketingcloudForm.renderForm({\n\u00a0\u00a0\u00a0\u00a0externalKey: 'ef5c255d33bcf026715e3670a4595fac'\n\u00a0\u00a0});\n<\/script>\n<\/div><\/div>\n\n\n<p><script charset=\"utf-8\" type=\"text\/javascript\" src=\"\/\/js.hsforms.net\/forms\/embed\/v2.js\"><\/script> <script><br \/>\nhbspt.forms.create({<br \/>\nregion: \"na1\",<br \/>\nportalId: \"302036\",<br \/>\nformId: \"69778604-e262-48f2-942a-61e60ed568c2\"<br \/>\n});<br \/>\n<\/script><\/p>\n\n\n<h2 class=\"wp-block-heading\">Ricardo Tozzi<\/h2>\n\n\n\n<figure class=\"wp-block-image alignnone size-full wp-image-79582130\"><img loading=\"lazy\" decoding=\"async\" width=\"255\" height=\"197\" src=\"https:\/\/blog-static.infra.grancursosonline.com.br\/wp-content\/uploads\/2023\/01\/16161345\/ricardo-tozzi.jpg\" alt=\"\" class=\"wp-image-79582130\"\/><figcaption class=\"wp-element-caption\"><strong>Reprodu\u00e7\u00e3o<\/strong>: Instagram<\/figcaption><\/figure>\n\n\n\n<p>Famoso por uma s\u00e9rie de novelas, Ricardo Tozzi \u00e9 formado em Administra\u00e7\u00e3o de Empresas. Ele j\u00e1 atuou de estagi\u00e1rio a diretor de unidades regionais da C\u00e2mara Americana de Com\u00e9rcio at\u00e9 os seus 29 anos. Ele chegou inclusive a coordenar equipes de mais de 800 pessoas. Todavia, n\u00e3o queria se aposentar como um cara mon\u00f3tono e teve a coragem de recome\u00e7ar no teatro.<\/p>\n\n\n\n<h2 class=\"wp-block-heading\" id=\"danilo\">Danilo Fernandes<\/h2>\n\n\n\n<figure class=\"wp-block-image alignnone size-medium wp-image-79582132\"><img loading=\"lazy\" decoding=\"async\" width=\"300\" height=\"168\" src=\"https:\/\/blog-static.infra.grancursosonline.com.br\/wp-content\/uploads\/2023\/01\/16161505\/danilo-fernandes-300x168.jpg\" alt=\"\" class=\"wp-image-79582132\"\/><figcaption class=\"wp-element-caption\"><strong>Reprodu\u00e7\u00e3o<\/strong>: GE<\/figcaption><\/figure>\n\n\n\n<p>Um dos mais famosos goleiros tamb\u00e9m \u00e9 formado em Administra\u00e7\u00e3o. Enquanto era reserva, ele n\u00e3o era t\u00e3o requisitado e dispunha de bastante tempo h\u00e1bil para cursar a gradua\u00e7\u00e3o. Seu objetivo depois de aposentar as chuteiras \u00e9 trabalhar na \u00e1rea relacionando administra\u00e7\u00e3o e futebol.<\/p>\n\n\n\n<h2 class=\"wp-block-heading\" id=\"kelly\">Kelly Key<\/h2>\n\n\n\n<figure class=\"wp-block-image alignnone size-medium wp-image-79582133\"><img loading=\"lazy\" decoding=\"async\" width=\"300\" height=\"225\" src=\"https:\/\/blog-static.infra.grancursosonline.com.br\/wp-content\/uploads\/2023\/01\/16161559\/kelly-key-300x225.webp\" alt=\"\" class=\"wp-image-79582133\"\/><figcaption class=\"wp-element-caption\"><strong>Reprodu\u00e7\u00e3o<\/strong>: Instagram<\/figcaption><\/figure>\n\n\n\n<p>Uma das famosas que fizeram sucesso nos anos 2000, a cantora, apresentadora, empres\u00e1ria e compositora \u00e9 formada em Administra\u00e7\u00e3o desde 2010.<\/p>\n\n\n\n<h2 class=\"wp-block-heading\" id=\"narcisa\">Narcisa Tamborindeguy<\/h2>\n\n\n\n<figure class=\"wp-block-image alignnone size-medium wp-image-79582134\"><img loading=\"lazy\" decoding=\"async\" width=\"300\" height=\"261\" src=\"https:\/\/blog-static.infra.grancursosonline.com.br\/wp-content\/uploads\/2023\/01\/16161706\/narcisa-300x261.webp\" alt=\"\" class=\"wp-image-79582134\"\/><figcaption class=\"wp-element-caption\"><strong>Reprodu\u00e7\u00e3o<\/strong>: Instagram<\/figcaption><\/figure>\n\n\n\n<p>A socialite que comp\u00f4s o <em>hall<\/em> de famosos do reality \u201cMulheres Ricas\u201d \u00e9 formada em Direito. Ela que tem um comportamento midi\u00e1tico muito pouco usual para uma advogada, surpreende quem descobre essa informa\u00e7\u00e3o. No Twitter, ela defende que as pessoas devem estudar o que gostam, independente de qualquer coisa. Ela possui, inclusive, a famosa carteirinha da OAB.<\/p>\n\n\n\n<h2 class=\"wp-block-heading\" id=\"daniella\">Daniella Cicarelli<\/h2>\n\n\n\n<figure class=\"wp-block-image alignnone size-medium wp-image-79582137\"><img loading=\"lazy\" decoding=\"async\" width=\"300\" height=\"200\" src=\"https:\/\/blog-static.infra.grancursosonline.com.br\/wp-content\/uploads\/2023\/01\/16161939\/daniella-300x200.webp\" alt=\"\" class=\"wp-image-79582137\"\/><figcaption class=\"wp-element-caption\"><strong>Reprodu\u00e7\u00e3o<\/strong>: Instagram<\/figcaption><\/figure>\n\n\n\n<p>A atriz e apresentadora possu\u00eda desde jovem o sonho de ser advogada e o realizou em 2011. Formou-se em Direito no auge da carreira televisiva, inclusive foi estagi\u00e1ria no setor p\u00fablico. Em uma entrevista, ela conta que n\u00e3o tem nenhum tipo de s\u00edndrome de celebridade e atende a quem procura. Al\u00e9m disso, ela tamb\u00e9m \u00e9 formada em Administra\u00e7\u00e3o.<\/p>\n\n\n\n<h2 class=\"wp-block-heading\" id=\"gil\">Gil do Vigor<\/h2>\n\n\n\n<figure class=\"wp-block-image size-large is-resized\"><img decoding=\"async\" src=\"https:\/\/p2.trrsf.com\/image\/fget\/cf\/774\/0\/images.terra.com\/2024\/03\/27\/494593068-gil-do-vigor-bbb-21.jpg\" style=\"width:262px;height:auto\"\/><figcaption class=\"wp-element-caption\"><strong>Reprodu\u00e7\u00e3o<\/strong>: Terra<\/figcaption><\/figure>\n\n\n\n<p>Gilberto Nogueira, mais conhecido como Gil do Vigor, ficou famoso nacionalmente ap\u00f3s sua participa\u00e7\u00e3o marcante no Big Brother Brasil 21. No entanto, muito al\u00e9m do carisma e das express\u00f5es ic\u00f4nicas, Gil tamb\u00e9m se destaca por sua trajet\u00f3ria acad\u00eamica de excel\u00eancia. <\/p>\n\n\n\n<p>Ele \u00e9 formado em Economia pela Universidade Federal de Pernambuco (UFPE) e concluiu o mestrado na mesma institui\u00e7\u00e3o com pesquisas focadas em macroeconomia e desigualdade. Ap\u00f3s o programa, Gil conquistou uma bolsa para cursar o PhD em Economia na renomada Universidade da Calif\u00f3rnia, em Davis, nos Estados Unidos. Sua hist\u00f3ria \u00e9 inspira\u00e7\u00e3o para quem acredita que \u00e9 poss\u00edvel unir popularidade, autenticidade e educa\u00e7\u00e3o de qualidade.<\/p>\n\n\n\n<h2 class=\"wp-block-heading\" id=\"luciano\">Luciano Huck<\/h2>\n\n\n\n<figure class=\"wp-block-image alignnone size-medium wp-image-79582139\"><img loading=\"lazy\" decoding=\"async\" width=\"300\" height=\"300\" src=\"https:\/\/blog-static.infra.grancursosonline.com.br\/wp-content\/uploads\/2023\/01\/16162140\/luciano-huck-300x300.jpg\" alt=\"\" class=\"wp-image-79582139\"\/><figcaption class=\"wp-element-caption\"><strong>Reprodu\u00e7\u00e3o<\/strong>: Uol<\/figcaption><\/figure>\n\n\n\n<p>Filho de um jurista e de uma urbanista, Luciano \u00e9 mais umdos famosos que cursou direito na Faculdade de Direito da Universidade de S\u00e3o Paulo (USP). Apesar de n\u00e3o ter exercido a profiss\u00e3o de advogado, acredita que a orat\u00f3ria e o conhecimento judicial contribu\u00edram muito para a sua carreira e sua atua\u00e7\u00e3o como empres\u00e1rio e benfeitoria na televis\u00e3o.<\/p>\n\n\n\n<h2 class=\"wp-block-heading\" id=\"marcos\">Marcos Caruso<\/h2>\n\n\n\n<figure class=\"wp-block-image alignnone size-medium wp-image-79582140\"><img loading=\"lazy\" decoding=\"async\" width=\"300\" height=\"268\" src=\"https:\/\/blog-static.infra.grancursosonline.com.br\/wp-content\/uploads\/2023\/01\/16162253\/marcos-caruso-300x268.webp\" alt=\"\" class=\"wp-image-79582140\"\/><figcaption class=\"wp-element-caption\"><strong>Reprodu\u00e7\u00e3o<\/strong>: G1<\/figcaption><\/figure>\n\n\n\n<p>O escritor e ator tamb\u00e9m cursou Direito na Faculdade de Direito da Universidade de S\u00e3o Paulo (USP). Em uma entrevista conta que \u00e9 \u201cum eterno calouro e obcecado por aprender.\u201d<\/p>\n\n\n\n<h2 class=\"wp-block-heading\" id=\"flavia\">Fl\u00e1via Alessandra<\/h2>\n\n\n\n<figure class=\"wp-block-image alignnone size-medium wp-image-79582141\"><img loading=\"lazy\" decoding=\"async\" width=\"228\" height=\"300\" src=\"https:\/\/blog-static.infra.grancursosonline.com.br\/wp-content\/uploads\/2023\/01\/16162339\/FLAVIA-ALESSANDRA-228x300.jpg\" alt=\"\" class=\"wp-image-79582141\"\/><figcaption class=\"wp-element-caption\"><strong>Repdrou\u00e7\u00e3o<\/strong>: Globo<\/figcaption><\/figure>\n\n\n\n<p>A atriz \u00e9 formada em Direito pela Universidade do Estado do Rio de Janeiro (UERJ), uma das mais renomadas do pa\u00eds. Ela contou em uma entrevista no programa Altas Horas que decidiu fazer o curso como um plano B caso a carreira como atriz n\u00e3o desse certo.<\/p>\n\n\n\n<p>A atriz estava buscando uma sala comercial para abrir um escrit\u00f3rio voltado para Direito Autoral quando recebeu uma liga\u00e7\u00e3o que mudaria a sua vida e daria um pontap\u00e9 na sua trajet\u00f3ria como atriz. Fl\u00e1via tamb\u00e9m compartilhou ainda que pagou a anuidade da OAB por 15 anos, com medo da carreira n\u00e3o dar certo.<\/p>\n\n\n\n<h2 class=\"wp-block-heading\" id=\"gilberto\">Gilberto Gil<\/h2>\n\n\n\n<figure class=\"wp-block-image alignnone size-medium wp-image-79582142\"><img loading=\"lazy\" decoding=\"async\" width=\"225\" height=\"300\" src=\"https:\/\/blog-static.infra.grancursosonline.com.br\/wp-content\/uploads\/2023\/01\/16162432\/gil-225x300.jpg\" alt=\"\" class=\"wp-image-79582142\"\/><figcaption class=\"wp-element-caption\"><strong>Reprodu\u00e7\u00e3o<\/strong>: Uol<\/figcaption><\/figure>\n\n\n\n<p>Assim como outros famosos, o m\u00fasico formou-se em Administra\u00e7\u00e3o pela Universidade Federal da Bahia (UFBA). Ele atuou como fiscal aduaneiro, foi concursado do Minist\u00e9rio da Fazenda e tamb\u00e9m trabalhou em uma multinacional. Al\u00e9m disso, Gil tamb\u00e9m foi vereador e Ministro da Cultura, onde fez bastante uso das suas habilidades de administrador. Recentemente passou a integrar a Academia Brasileira de Letras.<\/p>\n\n\n\n<p>\u00c9 importante destacar o quanto, apesar da vida p\u00fablica, esses artistas s\u00e3o um pequeno exemplo da import\u00e2ncia da gradua\u00e7\u00e3o. Eles deixam claro ao logo da maioria de seus relatos o quanto o estudo e o ensino superior foi importante para conferir a eles uma forma\u00e7\u00e3o superior e um futuro profissional. Ou seja, todos reconhecem a import\u00e2ncia da educa\u00e7\u00e3o na garantia da qualidade de vida, de uma carreira profissional promissora e na transforma\u00e7\u00e3o da vida pessoal.<\/p>\n\n\n\n<h2 class=\"wp-block-heading\" id=\"h-vem-pra-gran-faculdade\">Vem pra Gran Faculdade!<\/h2>\n\n\n\n<p>A Gran Faculdade vem mudando a vida de milhares de pessoas por meio de cursos \u00e0 dist\u00e2ncia de <a href=\"https:\/\/faculdade.grancursosonline.com.br\/\" target=\"_blank\" rel=\"noreferrer noopener\">gradua\u00e7\u00e3o<\/a>, <a href=\"https:\/\/pos.grancursosonline.com.br\/\" target=\"_blank\" rel=\"noreferrer noopener\">p\u00f3s-gradua\u00e7\u00e3o<\/a> e <a href=\"https:\/\/pos.grancursosonline.com.br\/mba\" target=\"_blank\" rel=\"noreferrer noopener\">MBA<\/a>. Seja no digital ou em nosso <a href=\"https:\/\/presencial.grancursosonline.com.br\/\" target=\"_blank\" rel=\"noreferrer noopener\">Campus Presencial em Curitiba<\/a>, a nossa miss\u00e3o \u00e9 transformar a educa\u00e7\u00e3o superior.<\/p>\n\n\n\n<p>Como parte de Sistema Gran de Ensino, que \u00e9 reconhecido como marca aprovadora h\u00e1 mais de 10 anos, constru\u00edmos uma renomada reputa\u00e7\u00e3o na \u00e1rea de educa\u00e7\u00e3o.<\/p>\n\n\n\n<p>Veja algumas de nossas conquistas:<\/p>\n\n\n\n<ul class=\"wp-block-list\">\n<li>Reconhecido pela Amazon como um dos projetos mais relevantes do mundo na \u00e1rea de Tecnologia e Educa\u00e7\u00e3o;<\/li>\n\n\n\n<li>Foi eleito pelo Project Management Institute (PMI), um dos 50 Projetos Mais Influentes do mundo;<\/li>\n\n\n\n<li>Somos o site de educa\u00e7\u00e3o mais acessado do Brasil;<\/li>\n\n\n\n<li>Somos avaliados com a nota m\u00e1xima pelo MEC;<\/li>\n\n\n\n<li>Aqui o semestre come\u00e7a quando quiser: entrada imediata e cont\u00ednua!<\/li>\n\n\n\n<li>Melhores pre\u00e7os do mercado;<\/li>\n\n\n\n<li>Mais de 500 mil alunos pagantes e mais de 1000 funcion\u00e1rios;<\/li>\n\n\n\n<li>Diversas ferramentas de estudo: PDFs, audiobooks, mapas mentais, videoaulas, quest\u00f5es, gerenciador de estudos e muito mais!<\/li>\n\n\n\n<li>Professores experientes e capacitados;<\/li>\n\n\n\n<li>Acesso imediato e 100% online.<\/li>\n<\/ul>\n\n\n\n<p class=\"has-text-align-center has-text-align-center\"><strong><a href=\"https:\/\/faculdade.grancursosonline.com.br\/\" target=\"_blank\" rel=\"noreferrer noopener\">Quero ser aluno da Gran Faculdade!<\/a><\/strong><\/p>\n","protected":false},"excerpt":{"rendered":"<p>Se voc\u00ea acha que a vida dos famosos sempre foi f\u00e1cil, voc\u00ea est\u00e1 muito enganado. Muitos deles nem pensavam em seguir a vida art\u00edstica e, por isso, cursaram uma faculdade em busca da estabilidade financeira. Apesar de muita gente achar que ser artista \u00e9 f\u00e1cil ou que vale a pena largar os estudos para viver&hellip;<\/p>\n","protected":false},"author":486,"featured_media":79753382,"comment_status":"open","ping_status":"open","sticky":false,"template":"","format":"standard","meta":{"_acf_changed":false,"content-type":"","footnotes":""},"categories":[218545,209229,2],"tags":[],"class_list":["post-79582057","post","type-post","status-publish","format-standard","has-post-thumbnail","hentry","category-graduacao","category-pos-graduacao","category-ultimas-noticias"],"acf":[],"yoast_head":"<!-- This site is optimized with the Yoast SEO Premium plugin v27.2 (Yoast SEO v27.2) - https:\/\/yoast.com\/product\/yoast-seo-premium-wordpress\/ -->\n<title>Famosos que fizeram faculdade: Ser\u00e1 que voc\u00ea conhece?<\/title>\n<meta name=\"description\" content=\"Antes do glamour e dos holofotes, muitos famosos se dedicaram a fazer alguma gradua\u00e7\u00e3o e n\u00f3s vamos te mostrar quais foram. Vamos l\u00e1?\" \/>\n<meta name=\"robots\" content=\"index, follow, max-snippet:-1, max-image-preview:large, max-video-preview:-1\" \/>\n<link rel=\"canonical\" href=\"https:\/\/faculdade.grancursosonline.com.br\/blog\/famosos-graduados\/\" \/>\n<meta property=\"og:locale\" content=\"pt_BR\" \/>\n<meta property=\"og:type\" content=\"article\" \/>\n<meta property=\"og:title\" content=\"Famosos que fizeram faculdade: Ser\u00e1 que voc\u00ea conhece?\" \/>\n<meta property=\"og:description\" content=\"Antes do glamour e dos holofotes, muitos famosos se dedicaram a fazer alguma gradua\u00e7\u00e3o e n\u00f3s vamos te mostrar quais foram. Vamos l\u00e1?\" \/>\n<meta property=\"og:url\" content=\"https:\/\/faculdade.grancursosonline.com.br\/blog\/famosos-graduados\/\" \/>\n<meta property=\"og:site_name\" content=\"Blog Gran Faculdade\" \/>\n<meta property=\"article:publisher\" content=\"https:\/\/www.facebook.com\/grancursosonline\/\" \/>\n<meta property=\"article:published_time\" content=\"2025-04-22T18:56:29+00:00\" \/>\n<meta property=\"article:modified_time\" content=\"2025-04-24T15:42:44+00:00\" \/>\n<meta property=\"og:image\" content=\"https:\/\/blog-es-static.infra.grancursosonline.com.br\/wp-content\/uploads\/2025\/04\/24124157\/famosos-graduados-social.jpg\" \/>\n\t<meta property=\"og:image:width\" content=\"511\" \/>\n\t<meta property=\"og:image:height\" content=\"311\" \/>\n\t<meta property=\"og:image:type\" content=\"image\/jpeg\" \/>\n<meta name=\"author\" content=\"Equipe Gran\" \/>\n<meta name=\"twitter:card\" content=\"summary_large_image\" \/>\n<meta name=\"twitter:creator\" content=\"@gran_online\" \/>\n<meta name=\"twitter:site\" content=\"@gran_online\" \/>\n<meta name=\"twitter:label1\" content=\"Written by\" \/>\n\t<meta name=\"twitter:data1\" content=\"Equipe Gran\" \/>\n\t<meta name=\"twitter:label2\" content=\"Est. reading time\" \/>\n\t<meta name=\"twitter:data2\" content=\"28 minutos\" \/>\n<script type=\"application\/ld+json\" class=\"yoast-schema-graph\">{\"@context\":\"https:\/\/schema.org\",\"@graph\":[{\"@type\":\"NewsArticle\",\"@id\":\"https:\/\/faculdade.grancursosonline.com.br\/blog\/famosos-graduados\/#article\",\"isPartOf\":{\"@id\":\"https:\/\/faculdade.grancursosonline.com.br\/blog\/famosos-graduados\/\"},\"author\":{\"name\":\"Equipe Gran\",\"@id\":\"https:\/\/faculdade.grancursosonline.com.br\/blog\/#\/schema\/person\/c05f350f8ea43a7138aaffc6a87bc5e0\"},\"headline\":\"Famosos que fizeram faculdade: Ser\u00e1 que voc\u00ea conhece?\",\"datePublished\":\"2025-04-22T18:56:29+00:00\",\"dateModified\":\"2025-04-24T15:42:44+00:00\",\"mainEntityOfPage\":{\"@id\":\"https:\/\/faculdade.grancursosonline.com.br\/blog\/famosos-graduados\/\"},\"wordCount\":966,\"commentCount\":0,\"publisher\":{\"@id\":\"https:\/\/faculdade.grancursosonline.com.br\/blog\/#organization\"},\"image\":{\"@id\":\"https:\/\/faculdade.grancursosonline.com.br\/blog\/famosos-graduados\/#primaryimage\"},\"thumbnailUrl\":\"https:\/\/blog-es-static.infra.grancursosonline.com.br\/wp-content\/uploads\/2025\/04\/24124153\/famosos-graduados.jpg\",\"articleSection\":[\"Gradua\u00e7\u00e3o Gran Faculdade\",\"P\u00f3s-Gradua\u00e7\u00e3o Gran Faculdade\",\"\u00daltimas Not\u00edcias\"],\"inLanguage\":\"pt-BR\",\"potentialAction\":[{\"@type\":\"CommentAction\",\"name\":\"Comment\",\"target\":[\"https:\/\/faculdade.grancursosonline.com.br\/blog\/famosos-graduados\/#respond\"]}],\"copyrightYear\":\"2025\",\"copyrightHolder\":{\"@id\":\"https:\/\/faculdade.grancursosonline.com.br\/blog\/#organization\"}},{\"@type\":\"WebPage\",\"@id\":\"https:\/\/faculdade.grancursosonline.com.br\/blog\/famosos-graduados\/\",\"url\":\"https:\/\/faculdade.grancursosonline.com.br\/blog\/famosos-graduados\/\",\"name\":\"Famosos que fizeram faculdade: Ser\u00e1 que voc\u00ea conhece?\",\"isPartOf\":{\"@id\":\"https:\/\/faculdade.grancursosonline.com.br\/blog\/#website\"},\"primaryImageOfPage\":{\"@id\":\"https:\/\/faculdade.grancursosonline.com.br\/blog\/famosos-graduados\/#primaryimage\"},\"image\":{\"@id\":\"https:\/\/faculdade.grancursosonline.com.br\/blog\/famosos-graduados\/#primaryimage\"},\"thumbnailUrl\":\"https:\/\/blog-es-static.infra.grancursosonline.com.br\/wp-content\/uploads\/2025\/04\/24124153\/famosos-graduados.jpg\",\"datePublished\":\"2025-04-22T18:56:29+00:00\",\"dateModified\":\"2025-04-24T15:42:44+00:00\",\"description\":\"Antes do glamour e dos holofotes, muitos famosos se dedicaram a fazer alguma gradua\u00e7\u00e3o e n\u00f3s vamos te mostrar quais foram. Vamos l\u00e1?\",\"breadcrumb\":{\"@id\":\"https:\/\/faculdade.grancursosonline.com.br\/blog\/famosos-graduados\/#breadcrumb\"},\"inLanguage\":\"pt-BR\",\"potentialAction\":[{\"@type\":\"ReadAction\",\"target\":[\"https:\/\/faculdade.grancursosonline.com.br\/blog\/famosos-graduados\/\"]}]},{\"@type\":\"ImageObject\",\"inLanguage\":\"pt-BR\",\"@id\":\"https:\/\/faculdade.grancursosonline.com.br\/blog\/famosos-graduados\/#primaryimage\",\"url\":\"https:\/\/blog-es-static.infra.grancursosonline.com.br\/wp-content\/uploads\/2025\/04\/24124153\/famosos-graduados.jpg\",\"contentUrl\":\"https:\/\/blog-es-static.infra.grancursosonline.com.br\/wp-content\/uploads\/2025\/04\/24124153\/famosos-graduados.jpg\",\"width\":1001,\"height\":601,\"caption\":\"famosos graduados\"},{\"@type\":\"BreadcrumbList\",\"@id\":\"https:\/\/faculdade.grancursosonline.com.br\/blog\/famosos-graduados\/#breadcrumb\",\"itemListElement\":[{\"@type\":\"ListItem\",\"position\":1,\"name\":\"In\u00edcio\",\"item\":\"https:\/\/faculdade.grancursosonline.com.br\/blog\/\"},{\"@type\":\"ListItem\",\"position\":2,\"name\":\"Gradua\u00e7\u00e3o Gran Faculdade\",\"item\":\"https:\/\/faculdade.grancursosonline.com.br\/blog\/graduacao\/\"},{\"@type\":\"ListItem\",\"position\":3,\"name\":\"Famosos que fizeram faculdade: Ser\u00e1 que voc\u00ea conhece?\"}]},{\"@type\":\"WebSite\",\"@id\":\"https:\/\/faculdade.grancursosonline.com.br\/blog\/#website\",\"url\":\"https:\/\/faculdade.grancursosonline.com.br\/blog\/\",\"name\":\"Blog Gran Faculdade\",\"description\":\"Tudo sobre ensino superior, p\u00f3s-gradua\u00e7\u00e3o, enem e carreira.\",\"publisher\":{\"@id\":\"https:\/\/faculdade.grancursosonline.com.br\/blog\/#organization\"},\"potentialAction\":[{\"@type\":\"SearchAction\",\"target\":{\"@type\":\"EntryPoint\",\"urlTemplate\":\"https:\/\/faculdade.grancursosonline.com.br\/blog\/?s={search_term_string}\"},\"query-input\":{\"@type\":\"PropertyValueSpecification\",\"valueRequired\":true,\"valueName\":\"search_term_string\"}}],\"inLanguage\":\"pt-BR\"},{\"@type\":\"Organization\",\"@id\":\"https:\/\/faculdade.grancursosonline.com.br\/blog\/#organization\",\"name\":\"Gran Cursos Online\",\"url\":\"https:\/\/faculdade.grancursosonline.com.br\/blog\/\",\"logo\":{\"@type\":\"ImageObject\",\"inLanguage\":\"pt-BR\",\"@id\":\"https:\/\/faculdade.grancursosonline.com.br\/blog\/#\/schema\/logo\/image\/\",\"url\":\"https:\/\/blog-es-static.infra.grancursosonline.com.br\/wp-content\/uploads\/2019\/08\/03123934\/logo.png\",\"contentUrl\":\"https:\/\/blog-es-static.infra.grancursosonline.com.br\/wp-content\/uploads\/2019\/08\/03123934\/logo.png\",\"width\":300,\"height\":57,\"caption\":\"Gran Cursos Online\"},\"image\":{\"@id\":\"https:\/\/faculdade.grancursosonline.com.br\/blog\/#\/schema\/logo\/image\/\"},\"sameAs\":[\"https:\/\/www.facebook.com\/grancursosonline\/\",\"https:\/\/x.com\/gran_online\",\"https:\/\/www.instagram.com\/grancursosonline\/\",\"https:\/\/www.youtube.com\/user\/grancursostv\"]},{\"@type\":\"Person\",\"@id\":\"https:\/\/faculdade.grancursosonline.com.br\/blog\/#\/schema\/person\/c05f350f8ea43a7138aaffc6a87bc5e0\",\"name\":\"Equipe Gran\",\"sameAs\":[\"http:\/\/www.grancursosonline.com.br\"],\"url\":\"https:\/\/faculdade.grancursosonline.com.br\/blog\/author\/hugo-oliveira\/\"}]}<\/script>\n<!-- \/ Yoast SEO Premium plugin. -->","yoast_head_json":{"title":"Famosos que fizeram faculdade: Ser\u00e1 que voc\u00ea conhece?","description":"Antes do glamour e dos holofotes, muitos famosos se dedicaram a fazer alguma gradua\u00e7\u00e3o e n\u00f3s vamos te mostrar quais foram. Vamos l\u00e1?","robots":{"index":"index","follow":"follow","max-snippet":"max-snippet:-1","max-image-preview":"max-image-preview:large","max-video-preview":"max-video-preview:-1"},"canonical":"https:\/\/faculdade.grancursosonline.com.br\/blog\/famosos-graduados\/","og_locale":"pt_BR","og_type":"article","og_title":"Famosos que fizeram faculdade: Ser\u00e1 que voc\u00ea conhece?","og_description":"Antes do glamour e dos holofotes, muitos famosos se dedicaram a fazer alguma gradua\u00e7\u00e3o e n\u00f3s vamos te mostrar quais foram. Vamos l\u00e1?","og_url":"https:\/\/faculdade.grancursosonline.com.br\/blog\/famosos-graduados\/","og_site_name":"Blog Gran Faculdade","article_publisher":"https:\/\/www.facebook.com\/grancursosonline\/","article_published_time":"2025-04-22T18:56:29+00:00","article_modified_time":"2025-04-24T15:42:44+00:00","og_image":[{"width":511,"height":311,"url":"https:\/\/blog-es-static.infra.grancursosonline.com.br\/wp-content\/uploads\/2025\/04\/24124157\/famosos-graduados-social.jpg","type":"image\/jpeg"}],"author":"Equipe Gran","twitter_card":"summary_large_image","twitter_creator":"@gran_online","twitter_site":"@gran_online","twitter_misc":{"Written by":"Equipe Gran","Est. reading time":"28 minutos"},"schema":{"@context":"https:\/\/schema.org","@graph":[{"@type":"NewsArticle","@id":"https:\/\/faculdade.grancursosonline.com.br\/blog\/famosos-graduados\/#article","isPartOf":{"@id":"https:\/\/faculdade.grancursosonline.com.br\/blog\/famosos-graduados\/"},"author":{"name":"Equipe Gran","@id":"https:\/\/faculdade.grancursosonline.com.br\/blog\/#\/schema\/person\/c05f350f8ea43a7138aaffc6a87bc5e0"},"headline":"Famosos que fizeram faculdade: Ser\u00e1 que voc\u00ea conhece?","datePublished":"2025-04-22T18:56:29+00:00","dateModified":"2025-04-24T15:42:44+00:00","mainEntityOfPage":{"@id":"https:\/\/faculdade.grancursosonline.com.br\/blog\/famosos-graduados\/"},"wordCount":966,"commentCount":0,"publisher":{"@id":"https:\/\/faculdade.grancursosonline.com.br\/blog\/#organization"},"image":{"@id":"https:\/\/faculdade.grancursosonline.com.br\/blog\/famosos-graduados\/#primaryimage"},"thumbnailUrl":"https:\/\/blog-es-static.infra.grancursosonline.com.br\/wp-content\/uploads\/2025\/04\/24124153\/famosos-graduados.jpg","articleSection":["Gradua\u00e7\u00e3o Gran Faculdade","P\u00f3s-Gradua\u00e7\u00e3o Gran Faculdade","\u00daltimas Not\u00edcias"],"inLanguage":"pt-BR","potentialAction":[{"@type":"CommentAction","name":"Comment","target":["https:\/\/faculdade.grancursosonline.com.br\/blog\/famosos-graduados\/#respond"]}],"copyrightYear":"2025","copyrightHolder":{"@id":"https:\/\/faculdade.grancursosonline.com.br\/blog\/#organization"}},{"@type":"WebPage","@id":"https:\/\/faculdade.grancursosonline.com.br\/blog\/famosos-graduados\/","url":"https:\/\/faculdade.grancursosonline.com.br\/blog\/famosos-graduados\/","name":"Famosos que fizeram faculdade: Ser\u00e1 que voc\u00ea conhece?","isPartOf":{"@id":"https:\/\/faculdade.grancursosonline.com.br\/blog\/#website"},"primaryImageOfPage":{"@id":"https:\/\/faculdade.grancursosonline.com.br\/blog\/famosos-graduados\/#primaryimage"},"image":{"@id":"https:\/\/faculdade.grancursosonline.com.br\/blog\/famosos-graduados\/#primaryimage"},"thumbnailUrl":"https:\/\/blog-es-static.infra.grancursosonline.com.br\/wp-content\/uploads\/2025\/04\/24124153\/famosos-graduados.jpg","datePublished":"2025-04-22T18:56:29+00:00","dateModified":"2025-04-24T15:42:44+00:00","description":"Antes do glamour e dos holofotes, muitos famosos se dedicaram a fazer alguma gradua\u00e7\u00e3o e n\u00f3s vamos te mostrar quais foram. Vamos l\u00e1?","breadcrumb":{"@id":"https:\/\/faculdade.grancursosonline.com.br\/blog\/famosos-graduados\/#breadcrumb"},"inLanguage":"pt-BR","potentialAction":[{"@type":"ReadAction","target":["https:\/\/faculdade.grancursosonline.com.br\/blog\/famosos-graduados\/"]}]},{"@type":"ImageObject","inLanguage":"pt-BR","@id":"https:\/\/faculdade.grancursosonline.com.br\/blog\/famosos-graduados\/#primaryimage","url":"https:\/\/blog-es-static.infra.grancursosonline.com.br\/wp-content\/uploads\/2025\/04\/24124153\/famosos-graduados.jpg","contentUrl":"https:\/\/blog-es-static.infra.grancursosonline.com.br\/wp-content\/uploads\/2025\/04\/24124153\/famosos-graduados.jpg","width":1001,"height":601,"caption":"famosos graduados"},{"@type":"BreadcrumbList","@id":"https:\/\/faculdade.grancursosonline.com.br\/blog\/famosos-graduados\/#breadcrumb","itemListElement":[{"@type":"ListItem","position":1,"name":"In\u00edcio","item":"https:\/\/faculdade.grancursosonline.com.br\/blog\/"},{"@type":"ListItem","position":2,"name":"Gradua\u00e7\u00e3o Gran Faculdade","item":"https:\/\/faculdade.grancursosonline.com.br\/blog\/graduacao\/"},{"@type":"ListItem","position":3,"name":"Famosos que fizeram faculdade: Ser\u00e1 que voc\u00ea conhece?"}]},{"@type":"WebSite","@id":"https:\/\/faculdade.grancursosonline.com.br\/blog\/#website","url":"https:\/\/faculdade.grancursosonline.com.br\/blog\/","name":"Blog Gran Faculdade","description":"Tudo sobre ensino superior, p\u00f3s-gradua\u00e7\u00e3o, enem e carreira.","publisher":{"@id":"https:\/\/faculdade.grancursosonline.com.br\/blog\/#organization"},"potentialAction":[{"@type":"SearchAction","target":{"@type":"EntryPoint","urlTemplate":"https:\/\/faculdade.grancursosonline.com.br\/blog\/?s={search_term_string}"},"query-input":{"@type":"PropertyValueSpecification","valueRequired":true,"valueName":"search_term_string"}}],"inLanguage":"pt-BR"},{"@type":"Organization","@id":"https:\/\/faculdade.grancursosonline.com.br\/blog\/#organization","name":"Gran Cursos Online","url":"https:\/\/faculdade.grancursosonline.com.br\/blog\/","logo":{"@type":"ImageObject","inLanguage":"pt-BR","@id":"https:\/\/faculdade.grancursosonline.com.br\/blog\/#\/schema\/logo\/image\/","url":"https:\/\/blog-es-static.infra.grancursosonline.com.br\/wp-content\/uploads\/2019\/08\/03123934\/logo.png","contentUrl":"https:\/\/blog-es-static.infra.grancursosonline.com.br\/wp-content\/uploads\/2019\/08\/03123934\/logo.png","width":300,"height":57,"caption":"Gran Cursos Online"},"image":{"@id":"https:\/\/faculdade.grancursosonline.com.br\/blog\/#\/schema\/logo\/image\/"},"sameAs":["https:\/\/www.facebook.com\/grancursosonline\/","https:\/\/x.com\/gran_online","https:\/\/www.instagram.com\/grancursosonline\/","https:\/\/www.youtube.com\/user\/grancursostv"]},{"@type":"Person","@id":"https:\/\/faculdade.grancursosonline.com.br\/blog\/#\/schema\/person\/c05f350f8ea43a7138aaffc6a87bc5e0","name":"Equipe Gran","sameAs":["http:\/\/www.grancursosonline.com.br"],"url":"https:\/\/faculdade.grancursosonline.com.br\/blog\/author\/hugo-oliveira\/"}]}},"_links":{"self":[{"href":"https:\/\/faculdade.grancursosonline.com.br\/blog\/wp-json\/wp\/v2\/posts\/79582057","targetHints":{"allow":["GET"]}}],"collection":[{"href":"https:\/\/faculdade.grancursosonline.com.br\/blog\/wp-json\/wp\/v2\/posts"}],"about":[{"href":"https:\/\/faculdade.grancursosonline.com.br\/blog\/wp-json\/wp\/v2\/types\/post"}],"author":[{"embeddable":true,"href":"https:\/\/faculdade.grancursosonline.com.br\/blog\/wp-json\/wp\/v2\/users\/486"}],"replies":[{"embeddable":true,"href":"https:\/\/faculdade.grancursosonline.com.br\/blog\/wp-json\/wp\/v2\/comments?post=79582057"}],"version-history":[{"count":1,"href":"https:\/\/faculdade.grancursosonline.com.br\/blog\/wp-json\/wp\/v2\/posts\/79582057\/revisions"}],"predecessor-version":[{"id":79753324,"href":"https:\/\/faculdade.grancursosonline.com.br\/blog\/wp-json\/wp\/v2\/posts\/79582057\/revisions\/79753324"}],"wp:featuredmedia":[{"embeddable":true,"href":"https:\/\/faculdade.grancursosonline.com.br\/blog\/wp-json\/wp\/v2\/media\/79753382"}],"wp:attachment":[{"href":"https:\/\/faculdade.grancursosonline.com.br\/blog\/wp-json\/wp\/v2\/media?parent=79582057"}],"wp:term":[{"taxonomy":"category","embeddable":true,"href":"https:\/\/faculdade.grancursosonline.com.br\/blog\/wp-json\/wp\/v2\/categories?post=79582057"},{"taxonomy":"post_tag","embeddable":true,"href":"https:\/\/faculdade.grancursosonline.com.br\/blog\/wp-json\/wp\/v2\/tags?post=79582057"}],"curies":[{"name":"wp","href":"https:\/\/api.w.org\/{rel}","templated":true}]}}