{"id":79587444,"date":"2025-02-26T11:55:29","date_gmt":"2025-02-26T14:55:29","guid":{"rendered":"https:\/\/blog.grancursosonline.com.br\/?p=79587444"},"modified":"2025-02-26T11:55:31","modified_gmt":"2025-02-26T14:55:31","slug":"revolucao-digital-gran-faculdade","status":"publish","type":"post","link":"https:\/\/faculdade.grancursosonline.com.br\/blog\/revolucao-digital-gran-faculdade\/","title":{"rendered":"Fa\u00e7a parte da revolu\u00e7\u00e3o digital da Gran Faculdade!"},"content":{"rendered":"\n<p>A <a href=\"https:\/\/faculdade.grancursosonline.com.br\/\" target=\"_blank\" rel=\"noreferrer noopener\">Gran Faculdade<\/a> surgiu para promover a revolu\u00e7\u00e3o digital do ensino superior, com mensalidades acess\u00edveis, hor\u00e1rios de aula que se encaixam \u00e0 sua rotina, estrutura e professores de qualidade e muitas vantagens.&nbsp;<\/p>\n\n\n\n<p>Entenda mais sobre como a Gran Faculdade est\u00e1 mudando vidas e saiba como fazer parte da revolu\u00e7\u00e3o digital da educa\u00e7\u00e3o superior no pa\u00eds. <\/p>\n\n\n\n<div class=\"wp-block-columns is-layout-flex wp-container-core-columns-is-layout-9d6595d7 wp-block-columns-is-layout-flex\">\n<div class=\"wp-block-column is-layout-flow wp-block-column-is-layout-flow\" style=\"flex-basis:100%\"><div class=\"wp-block-image\">\n<figure class=\"aligncenter size-full\"><a href=\"https:\/\/whatsapp.com\/channel\/0029VaG1sChI7Be7PNndhL43\" target=\"_blank\" rel=\"noopener\"><img decoding=\"async\" src=\"https:\/\/blog-es-static.infra.grancursosonline.com.br\/wp-content\/uploads\/2025\/09\/09112354\/banner-wp-600x142-80.webp\" alt=\"Acesse o canal do WhatsApp da Gran Faculdade\" class=\"wp-image-79751904\"\/><\/a><\/figure>\n<\/div><\/div>\n<\/div>\n\n\n\n<p>Se preferir, navegue pelo \u00edndice abaixo:<\/p>\n\n\n\n<ul class=\"wp-block-list\">\n<li><a href=\"#por-que\">Por que revolu\u00e7\u00e3o digital?&nbsp;<\/a><\/li>\n\n\n\n<li><a href=\"#o-que\">O que \u00e9 a Gran Faculdade?<\/a><\/li>\n\n\n\n<li><a href=\"#quem\">Quem pode se matricular na Gran Faculdade?<\/a><\/li>\n\n\n\n<li><a href=\"#graduacao-ead\">Cursos de gradua\u00e7\u00e3o EAD<\/a><\/li>\n\n\n\n<li><a href=\"#alunos\">Confira o que dizem nossos alunos sobre a revolu\u00e7\u00e3o digital do ensino na gradua\u00e7\u00e3o do Gran<\/a><\/li>\n\n\n\n<li><a href=\"#presenciais\">Cursos presenciais na Gran Faculdade Campus Curitiba<\/a><\/li>\n\n\n\n<li><a href=\"#pos\">P\u00f3s-gradua\u00e7\u00e3o EAD: vantagens e cursos<\/a><\/li>\n<\/ul>\n\n\n\n<div class=\"wp-block-group has-background\" style=\"background-color:#8dd2fc7a\"><div class=\"wp-block-group__inner-container is-layout-constrained wp-block-group-is-layout-constrained\">\n<p><strong>Outras not\u00edcias em destaque:<\/strong><\/p>\n\n\n\n<ul class=\"wp-block-list\">\n<li><a href=\"https:\/\/faculdade.grancursosonline.com.br\/blog\/area-de-estudo\/\" target=\"_blank\" rel=\"noreferrer noopener\">Teste vocacional: Qual \u00e1rea de estudo mais combina com voc\u00ea?<\/a><\/li>\n\n\n\n<li><a href=\"https:\/\/faculdade.grancursosonline.com.br\/blog\/graduacao-primeiro-semestre\/\" target=\"_blank\" rel=\"noreferrer noopener\">5 raz\u00f5es para iniciar uma Gradua\u00e7\u00e3o no primeiro semestre<\/a><\/li>\n\n\n\n<li><a href=\"https:\/\/blog.grancursosonline.com.br\/melhores-cursos-faculdade\/\" target=\"_blank\" rel=\"noreferrer noopener\">Melhores cursos de faculdade: quais s\u00e3o e como escolher?<\/a>&nbsp;<\/li>\n<\/ul>\n<\/div><\/div>\n\n\n\n<h2 class=\"wp-block-heading\" id=\"h-tem-duvidas-sobre-como-comecar-uma-faculdade-baixe-gratuitamente-o-nosso-guia-da-graduacao\">Tem d\u00favidas sobre como come\u00e7ar uma faculdade? Baixe gratuitamente o nosso Guia da Gradua\u00e7\u00e3o!<\/h2>\n\n\n\n<div class=\"wp-block-group\"><div class=\"wp-block-group__inner-container is-layout-constrained wp-block-group-is-layout-constrained\">\n<p><strong>Enfrentar novos desafios por vezes vem acompanhado de muitas d\u00favidas,<\/strong> e \u00e9 por isso que a equipe da Gran Faculdade preparou um material completo e gratuito que vai te ajudar a compreender melhor como funciona uma Gradua\u00e7\u00e3o.<\/p>\n\n\n\n<p>No e-book que criamos para voc\u00ea, respondemos perguntas como:<\/p>\n\n\n\n<ul class=\"wp-block-list\">\n<li>O que \u00e9 Gradua\u00e7\u00e3o?<\/li>\n\n\n\n<li>Quais os tipos de Gradua\u00e7\u00e3o?<\/li>\n\n\n\n<li>Como escolher meu curso de Gradua\u00e7\u00e3o?<\/li>\n\n\n\n<li>Como come\u00e7ar uma Gradua\u00e7\u00e3o?<\/li>\n<\/ul>\n\n\n\n<p>Al\u00e9m de te dar estas respostas, tamb\u00e9m <strong>te explicamos de forma simplificada outras quest\u00f5es relacionadas ao universo acad\u00eamico. <\/strong>N\u00e3o deixe de conferir!<\/p>\n\n\n\n<p>Para receber o material gratuitamente, basta preencher o formul\u00e1rio abaixo:<\/p>\n\n\n\n<script src=\"https:\/\/mkt-forms.grancursosonline.com.br\/ef5c255d33bcf026715e3670a4595fac.js\"><\/script>\n<script>\n\u00a0\u00a0marketingcloudForm.renderForm({\n\u00a0\u00a0\u00a0\u00a0externalKey: 'ef5c255d33bcf026715e3670a4595fac'\n\u00a0\u00a0});\n<\/script>\n<\/div><\/div>\n\n\n<p><script charset=\"utf-8\" type=\"text\/javascript\" src=\"\/\/js.hsforms.net\/forms\/embed\/v2.js\"><\/script> <script><br \/>\nhbspt.forms.create({<br \/>\nregion: \"na1\",<br \/>\nportalId: \"302036\",<br \/>\nformId: \"69778604-e262-48f2-942a-61e60ed568c2\"<br \/>\n});<br \/>\n<\/script><\/p>\n\n\n<h2 class=\"wp-block-heading\" id=\"por-que\">Por que revolu\u00e7\u00e3o digital?&nbsp;<\/h2>\n\n\n\n<p>H\u00e1 alguns anos pudemos ver os cursos presenciais se tornarem online, mas com sistemas lentos, aulas desinteressantes e conte\u00fados engessados que desanimavam qualquer um.&nbsp;<\/p>\n\n\n\n<p>Mas n\u00f3s buscamos mudar isso. Nosso objetivo \u00e9 mudar vidas por meio da educa\u00e7\u00e3o e da tecnologia, fazendo com que nossos alunos tenham uma experi\u00eancia incr\u00edvel, simples e did\u00e1tica!&nbsp;<\/p>\n\n\n\n<p>Por isso, a chegada da Gran Faculdade \u00e9 uma revolu\u00e7\u00e3o digital na forma de aprender e de concluir o ensino superior!&nbsp;<\/p>\n\n\n\n<p>Aqui voc\u00ea encontra:<\/p>\n\n\n\n<ul class=\"wp-block-list\">\n<li>Mensalidades que cabem no seu bolso e formas de pagamento facilitadas;<\/li>\n\n\n\n<li>Curso 100% online para voc\u00ea estudar de onde estiver;<\/li>\n\n\n\n<li>Calend\u00e1rio acad\u00eamico individual e personalizado, de acordo com seu tempo e rotina;<\/li>\n\n\n\n<li>Entrada imediata, que te permite come\u00e7ar seus estudos assim que&nbsp;<\/li>\n\n\n\n<li>Vestibular simplificado, que pode ser feito a qualquer momento e \u00e9 corrigido instantaneamente;<\/li>\n\n\n\n<li>Professores qualificados que te preparam para a teoria e a pr\u00e1tica profissional, tanto para cargos p\u00fablicos, quanto para a esfera privada ou para quem quer empreender;<\/li>\n\n\n\n<li>Plataforma simples e intuitiva, com diversos recursos e ferramentas que facilitam seu estudo e aprendizagem. E muito mais!<\/li>\n<\/ul>\n\n\n\n<p>S\u00e3o 34 op\u00e7\u00f5es de gradua\u00e7\u00e3o EAD para voc\u00ea escolher qual profiss\u00e3o tem mais a ver com o seu perfil, al\u00e9m de mais de 90 <a href=\"https:\/\/pos.grancursosonline.com.br\/nossos-cursos\" target=\"_blank\" rel=\"noreferrer noopener\">cursos de p\u00f3s-gradua\u00e7\u00e3o<\/a> EAD para quem j\u00e1 possui diploma e quer se especializar.<\/p>\n\n\n\n<h2 class=\"wp-block-heading\" id=\"o-que\">O que \u00e9 a Gran Faculdade?<\/h2>\n\n\n\n<p>Com a miss\u00e3o de mudar vidas por meio da educa\u00e7\u00e3o e da tecnologia, o Gran desenvolveu, nesses mais de 11 anos de hist\u00f3ria, cursos preparat\u00f3rios para <a href=\"https:\/\/blog.grancursosonline.com.br\/concursos-abertos\/\" target=\"_blank\" rel=\"noreferrer noopener\">concursos p\u00fablicos<\/a>, para o Exame da Ordem (OAB), resid\u00eancias e outros projetos com foco em tornar a educa\u00e7\u00e3o de qualidade acess\u00edvel.&nbsp;<\/p>\n\n\n\n<p>Com isso, percebemos tamb\u00e9m que era necess\u00e1rio chegar ao ensino superior, mantendo a qualidade, o pre\u00e7o acess\u00edvel e um formato que permite que o(a) aluno(a) assuma o controle de sua pr\u00f3pria vida e realize seus sonhos!&nbsp;<\/p>\n\n\n\n<p>Aqui todo mundo pode! E h\u00e1 um ano, demos as boas-vindas \u00e0 Gran Faculdade, a gradua\u00e7\u00e3o digital com a qualidade e a tecnologia que voc\u00ea j\u00e1 conhece, mas que te aproxima do seu diploma.&nbsp;<\/p>\n\n\n\n<p>A Gran Faculdade \u00e9 um Centro Universit\u00e1rio reconhecido com nota m\u00e1xima pelo <a href=\"https:\/\/blog.grancursosonline.com.br\/mec-ministerio-educacao\/\" target=\"_blank\" rel=\"noreferrer noopener\">Minist\u00e9rio da Educa\u00e7\u00e3o (MEC)<\/a>. Isso refor\u00e7a nosso compromisso com a qualidade em nossos conte\u00fados, corpo docente e estrutura.&nbsp;<\/p>\n\n\n\n<h2 class=\"wp-block-heading\" id=\"quem\">Quem pode se matricular na Gran Faculdade?<\/h2>\n\n\n\n<p>N\u00f3s simplificamos o processo seletivo e as burocracias para que mais pessoas possam ter acesso ao ensino superior.&nbsp;<\/p>\n\n\n\n<p>Dessa forma, qualquer pessoa que tenha conclu\u00eddo o ensino m\u00e9dio pode acessar o site e optar por uma das formas de ingresso dispon\u00edveis:<\/p>\n\n\n\n<ul class=\"wp-block-list\">\n<li>Vestibular simplificado: fazendo sua inscri\u00e7\u00e3o, voc\u00ea \u00e9 direcionado(a) a preencher uma reda\u00e7\u00e3o online, que \u00e9 corrigida de forma instant\u00e2nea por intelig\u00eancia artificial;<\/li>\n\n\n\n<li><a href=\"https:\/\/blog.grancursosonline.com.br\/nota-enem\/\" target=\"_blank\" rel=\"noreferrer noopener\">Nota do Enem<\/a> ou nota do Encceja.<\/li>\n<\/ul>\n\n\n\n<p>Na Gran Faculdade, a entrada \u00e9 imediata, por isso, logo ap\u00f3s a aprova\u00e7\u00e3o no processo seletivo, suas aulas j\u00e1 ficam liberadas e voc\u00ea pode come\u00e7ar a estudar sem precisar esperar a forma\u00e7\u00e3o de uma turma ou o in\u00edcio de um semestre letivo.&nbsp;<\/p>\n\n\n\n<p>Confira abaixo mais sobre nossos cursos de gradua\u00e7\u00e3o e p\u00f3s-gradua\u00e7\u00e3o.&nbsp;<\/p>\n\n\n\n<h2 class=\"wp-block-heading\" id=\"graduacao-ead\">Cursos de gradua\u00e7\u00e3o EAD<\/h2>\n\n\n\n<p>Atualmente, a Gran Faculdade conta com mais de 30 op\u00e7\u00f5es de cursos de gradua\u00e7\u00e3o EAD, sendo forma\u00e7\u00f5es totalmente digitais que se dividem em:<\/p>\n\n\n\n<h3 class=\"wp-block-heading\" id=\"h-bacharelados\">Bacharelados<\/h3>\n\n\n\n<p>Os bacharelados s\u00e3o as forma\u00e7\u00f5es mais robustas e generalistas para diversas \u00e1reas do conhecimento, possuem dura\u00e7\u00e3o m\u00e9dia de 4 a 6 anos e uma ampla abrang\u00eancia para o mercado de trabalho.&nbsp;<\/p>\n\n\n\n<p>Os cursos de bacharelado EAD da Gran Faculdade s\u00e3o:<\/p>\n\n\n\n<ul class=\"wp-block-list\">\n<li><a href=\"https:\/\/faculdade.grancursosonline.com.br\/curso\/administracao\/\" target=\"_blank\" rel=\"noreferrer noopener\">Adm<\/a><a href=\"https:\/\/faculdade.grancursosonline.com.br\/curso\/administracao\/\">inistra\u00e7\u00e3o<\/a>;<\/li>\n\n\n\n<li><a href=\"https:\/\/faculdade.grancursosonline.com.br\/curso\/criminologia\/\" target=\"_blank\" rel=\"noreferrer noopener\">Criminologia<\/a>;<\/li>\n\n\n\n<li><a href=\"https:\/\/faculdade.grancursosonline.com.br\/curso\/ciencia-da-computacao\" target=\"_blank\" rel=\"noreferrer noopener\">Ci\u00eancia da Computa\u00e7\u00e3o<\/a>;<\/li>\n\n\n\n<li><a href=\"https:\/\/faculdade.grancursosonline.com.br\/curso\/ciencias-contabeis\/\" target=\"_blank\" rel=\"noreferrer noopener\">Ci\u00eancias Cont\u00e1beis<\/a>;<\/li>\n\n\n\n<li><a href=\"https:\/\/faculdade.grancursosonline.com.br\/curso\/ciencias-economicas\/\" target=\"_blank\" rel=\"noreferrer noopener\">Ci\u00eancias Econ\u00f4micas<\/a>;<\/li>\n\n\n\n<li><a href=\"https:\/\/faculdade.grancursosonline.com.br\/curso\/sistemas-de-informacao\/\" target=\"_blank\" rel=\"noreferrer noopener\">Sistemas de Informa\u00e7\u00e3o<\/a>;<\/li>\n\n\n\n<li><a href=\"https:\/\/faculdade.grancursosonline.com.br\/curso\/engenharia-de-software\/\" target=\"_blank\" rel=\"noreferrer noopener\">Engenharia de Software<\/a>;<\/li>\n\n\n\n<li><a href=\"https:\/\/faculdade.grancursosonline.com.br\/curso\/relacoes-internacionais\" target=\"_blank\" rel=\"noreferrer noopener\">Rela\u00e7\u00f5es Internacionais<\/a>.<\/li>\n<\/ul>\n\n\n\n<h3 class=\"wp-block-heading\" id=\"h-tecnologos\">Tecn\u00f3logos<\/h3>\n\n\n\n<p>O <a href=\"https:\/\/blog.grancursosonline.com.br\/curso-tecnologo\/\" target=\"_blank\" rel=\"noreferrer noopener\">curso tecn\u00f3logo<\/a> \u00e9 a forma\u00e7\u00e3o de n\u00edvel superior mais r\u00e1pida (com dura\u00e7\u00e3o de 2 a 3 anos), voltada para demandas em alta no mercado de trabalho. Com isso, s\u00e3o forma\u00e7\u00f5es com alta empregabilidade e voltadas para a pr\u00e1tica profissional.&nbsp;<\/p>\n\n\n\n<p>Como se atentam \u00e0s novas \u00e1reas e profiss\u00f5es, costumam ter mais rela\u00e7\u00e3o com Gest\u00e3o e Tecnologia, mas \u00e9 poss\u00edvel encontrar cursos em \u00e1reas variadas.&nbsp;<\/p>\n\n\n\n<p>Na Gran Faculdade, s\u00e3o oferecidos cursos tecn\u00f3logos em:<\/p>\n\n\n\n<ul class=\"wp-block-list\">\n<li><a href=\"https:\/\/faculdade.grancursosonline.com.br\/curso\/gestao-da-tecnologia-da-informacao\/\" target=\"_blank\" rel=\"noopener\">Tecnologia da Informa\u00e7\u00e3o<\/a><\/li>\n\n\n\n<li><a href=\"https:\/\/faculdade.grancursosonline.com.br\/curso\/analise-e-desenvolvimento-de-sistemas\/\" target=\"_blank\" rel=\"noopener\">An\u00e1lise e Desenvolvimento de Sistemas<\/a><\/li>\n\n\n\n<li><a href=\"https:\/\/faculdade.grancursosonline.com.br\/curso\/gestao-de-recursos-humanos\/\" target=\"_blank\" rel=\"noopener\">Gest\u00e3o de Recursos Humanos<\/a><\/li>\n\n\n\n<li><a href=\"https:\/\/faculdade.grancursosonline.com.br\/curso\/gestao-publica\/\" target=\"_blank\" rel=\"noopener\">Gest\u00e3o P\u00fablica<\/a><\/li>\n\n\n\n<li><a href=\"https:\/\/faculdade.grancursosonline.com.br\/curso\/seguranca-publica\/\" target=\"_blank\" rel=\"noopener\">Seguran\u00e7a P\u00fablica<\/a><\/li>\n\n\n\n<li><a href=\"https:\/\/faculdade.grancursosonline.com.br\/curso\/gestao-de-servicos-juridicos-e-notariais\/\" target=\"_blank\" rel=\"noopener\">Gest\u00e3o de Servi\u00e7os Jur\u00eddicos e Notariais<\/a><\/li>\n\n\n\n<li><a href=\"https:\/\/faculdade.grancursosonline.com.br\/curso\/ciencia-de-dados\/\" target=\"_blank\" rel=\"noopener\">Ci\u00eancia de Dados<\/a><\/li>\n\n\n\n<li><a href=\"https:\/\/faculdade.grancursosonline.com.br\/curso\/processos-gerenciais\/\" target=\"_blank\" rel=\"noopener\">Processos Gerenciais<\/a><\/li>\n\n\n\n<li><a href=\"https:\/\/faculdade.grancursosonline.com.br\/curso\/defesa-cibernetica\/\" target=\"_blank\" rel=\"noopener\">Defesa Cibern\u00e9tica<\/a><\/li>\n\n\n\n<li><a href=\"https:\/\/faculdade.grancursosonline.com.br\/curso\/logistica\/\" target=\"_blank\" rel=\"noopener\">Log\u00edstica<\/a><\/li>\n\n\n\n<li><a href=\"https:\/\/faculdade.grancursosonline.com.br\/curso\/gestao-em-servicos-previdenciarios\/\" target=\"_blank\" rel=\"noopener\">Gest\u00e3o em Servi\u00e7os Previdenci\u00e1rios<\/a><\/li>\n\n\n\n<li><a href=\"https:\/\/faculdade.grancursosonline.com.br\/curso\/investigacao-e-pericia-judicial-e-extrajudicial\/\" target=\"_blank\" rel=\"noopener\">Investiga\u00e7\u00e3o e Per\u00edcia Extrajudicial<\/a><\/li>\n\n\n\n<li><a href=\"https:\/\/faculdade.grancursosonline.com.br\/curso\/processos-escolares\/\" target=\"_blank\" rel=\"noopener\">Processos Escolares<\/a><\/li>\n\n\n\n<li><a href=\"https:\/\/faculdade.grancursosonline.com.br\/curso\/gestao-de-atividade-policial\/\" target=\"_blank\" rel=\"noopener\">Gest\u00e3o de Atividade Policial<\/a><\/li>\n\n\n\n<li><a href=\"https:\/\/faculdade.grancursosonline.com.br\/curso\/seguranca-da-informacao\/\" target=\"_blank\" rel=\"noopener\">Seguran\u00e7a da Informa\u00e7\u00e3o<\/a><\/li>\n\n\n\n<li><a href=\"https:\/\/faculdade.grancursosonline.com.br\/curso\/ciencias-juridicas-e-sociais\/\" target=\"_blank\" rel=\"noopener\">Ci\u00eancias Jur\u00eddicas e Sociais<\/a><\/li>\n\n\n\n<li><a href=\"https:\/\/faculdade.grancursosonline.com.br\/curso\/gestao-de-servicos-judiciais\/\" target=\"_blank\" rel=\"noreferrer noopener\">Gest\u00e3o de Servi\u00e7os Judiciais<\/a>&nbsp;<\/li>\n\n\n\n<li><a href=\"https:\/\/faculdade.grancursosonline.com.br\/curso\/gestao-financeira\/\" target=\"_blank\" rel=\"noreferrer noopener\">Gest\u00e3o Financeira<\/a>&nbsp;<\/li>\n\n\n\n<li><a href=\"https:\/\/faculdade.grancursosonline.com.br\/curso\/marketing\/\" target=\"_blank\" rel=\"noreferrer noopener\">Marketing<\/a>&nbsp;<\/li>\n\n\n\n<li><a href=\"https:\/\/faculdade.grancursosonline.com.br\/curso\/banco-de-dados\/\" target=\"_blank\" rel=\"noreferrer noopener\">Banco de Dados<\/a><\/li>\n\n\n\n<li><a href=\"https:\/\/faculdade.grancursosonline.com.br\/curso\/comercio-exterior\/\" target=\"_blank\" rel=\"noreferrer noopener\">Com\u00e9rcio Exterior<\/a><\/li>\n\n\n\n<li><a href=\"https:\/\/faculdade.grancursosonline.com.br\/curso\/servicos-penais\/\" target=\"_blank\" rel=\"noreferrer noopener\">Servi\u00e7os Penais<\/a><\/li>\n\n\n\n<li><a href=\"https:\/\/faculdade.grancursosonline.com.br\/curso\/design-educacional\" target=\"_blank\" rel=\"noreferrer noopener\">Design Educacional<\/a><\/li>\n\n\n\n<li><a href=\"https:\/\/faculdade.grancursosonline.com.br\/curso\/gestao-comercial\" target=\"_blank\" rel=\"noreferrer noopener\">Gest\u00e3o Comercial<\/a><\/li>\n\n\n\n<li><a href=\"https:\/\/faculdade.grancursosonline.com.br\/curso\/gestao-juridica-de-imigracao\" target=\"_blank\" rel=\"noreferrer noopener\">Gest\u00e3o Jur\u00eddica de Imigra\u00e7\u00e3o<\/a><\/li>\n\n\n\n<li><a href=\"https:\/\/faculdade.grancursosonline.com.br\/curso\/inteligencia-artificial\" target=\"_blank\" rel=\"noreferrer noopener\">Intelig\u00eancia Artificial<\/a><\/li>\n\n\n\n<li><a href=\"https:\/\/faculdade.grancursosonline.com.br\/curso\/internet-das-coisas-iot\" target=\"_blank\" rel=\"noreferrer noopener\">Internet das Coisas (IoT)<\/a><\/li>\n\n\n\n<li><a href=\"https:\/\/faculdade.grancursosonline.com.br\/curso\/redes-de-computadores\" target=\"_blank\" rel=\"noreferrer noopener\">Redes de Computadores<\/a><\/li>\n\n\n\n<li><a href=\"https:\/\/faculdade.grancursosonline.com.br\/curso\/sistemas-para-internet\" target=\"_blank\" rel=\"noreferrer noopener\">Sistemas para Internet<\/a><\/li>\n<\/ul>\n\n\n\n<h2 class=\"wp-block-heading\" id=\"alunos\">Confira o que dizem nossos alunos sobre a revolu\u00e7\u00e3o digital do ensino na gradua\u00e7\u00e3o do Gran<\/h2>\n\n\n\n<p>No m\u00eas de fevereiro de 2023, a Gran Faculdade foi oficialmente inaugurada, lan\u00e7ando cursos de gradua\u00e7\u00e3o EAD acess\u00edveis e de qualidade.&nbsp;<\/p>\n\n\n\n<p>De l\u00e1 para c\u00e1, temos evolu\u00eddo cada vez mais, entregando ferramentas, conte\u00fados e vantagens por mensalidades acess\u00edveis e cronogramas personalizados para que nossos alunos possam se formar.&nbsp;<\/p>\n\n\n\n<p>Em comemora\u00e7\u00e3o ao anivers\u00e1rio de 1 ano da gradua\u00e7\u00e3o EAD da Gran Faculdade, o Gran convidou alguns alunos para contarem como essa revolu\u00e7\u00e3o digital da faculdade tem mudado suas vidas.<\/p>\n\n\n\n<p>Confira um trechinho dos depoimentos e algumas das vantagens da Gran Faculdade por quem vivencia esse estudo no seu dia a dia:<\/p>\n\n\n\n<p>S\u00e3o hist\u00f3rias reais que nos inspiram a fazer nosso trabalho cada vez melhor, como a da Giulia Cordeiro, aluna de An\u00e1lise e Desenvolvimento de Sistemas, que trocou de institui\u00e7\u00e3o de ensino e tem aproveitado as vantagens de ser aluna Gran:<\/p>\n\n\n\n<p><em>\u201cEu estava em outra faculdade e nunca ia pra frente, troquei para o Gran faculdade e em pouco tempo consegui um est\u00e1gio, e mais um pouco consegui outro e optei por ficar no outro que \u00e9 no STF, e estudo o hor\u00e1rio contr\u00e1rio, tento fazer uma mat\u00e9ria de cada vez\u201d.<\/em><\/p>\n\n\n\n<h2 class=\"wp-block-heading\" id=\"h-didatica-e-metodologia-de-ensino\">Did\u00e1tica e metodologia de ensino<\/h2>\n\n\n\n<p>Outro estudante de <a href=\"https:\/\/faculdade.grancursosonline.com.br\/curso\/analise-e-desenvolvimento-de-sistemas\/\" target=\"_blank\" rel=\"noreferrer noopener\">An\u00e1lise e Desenvolvimento de Sistemas<\/a> que tem aprovado a revolu\u00e7\u00e3o digital do ensino da Gran Faculdade \u00e9 o Eduardo Moreira, ele destaca:<\/p>\n\n\n\n<p><em>\u201cA did\u00e1tica, os m\u00e9todos dos professores s\u00e3o muito bons, amo a simplicidade dos materiais e gosto demais daqueles livros que ficam dispon\u00edveis na biblioteca\u201d.<\/em><\/p>\n\n\n\n<h3 class=\"wp-block-heading\" id=\"h-flexibilidade-de-horarios\"><strong>Flexibilidade de hor\u00e1rios<\/strong><\/h3>\n\n\n\n<p>J\u00e1 a aluna<a href=\"https:\/\/blog.grancursosonline.com.br\/benedita-espindola-gran-faculdade\/\" target=\"_blank\" rel=\"noreferrer noopener\"> Benedita Esp\u00edndola<\/a>, da gradua\u00e7\u00e3o em Pedagogia, foi incentivada a estudar pela filha (que cursa sua segunda gradua\u00e7\u00e3o na Gran Faculdade tamb\u00e9m).<\/p>\n\n\n\n<p>Ela conta que gosta muito das aulas e dos conte\u00fados e a flexibilidade de hor\u00e1rios da Gran Faculdade \u00e9 essencial para que ela consiga estudar.&nbsp;<\/p>\n\n\n\n<p>\u201cS\u00f3 agora estou investindo na minha carreira. Hoje trabalho como cozinheira em uma escola, e no turno contr\u00e1rio estou me dedicando nos meus estudos. Tenho crescido bastante e gosto muito dessa \u00e1rea que escolhi\u201d, conta Benedita.&nbsp;<\/p>\n\n\n\n<p>Na Gran Faculdade, voc\u00ea ajusta seus estudos de acordo com seu tempo e rotina, ideal para quem possui hor\u00e1rios variados ou pouco tempo no dia a dia para se dedicar a uma gradua\u00e7\u00e3o.&nbsp;<\/p>\n\n\n\n<h3 class=\"wp-block-heading\" id=\"h-autonomia-e-calendario-academico-personalizado\"><strong>Autonomia e Calend\u00e1rio Acad\u00eamico Personalizado<\/strong><\/h3>\n\n\n\n<p>No curso de An\u00e1lise e Desenvolvimento de Sistemas, a aluna<a href=\"https:\/\/blog.grancursosonline.com.br\/priscila-souza-gran-faculdade\/\"> Priscila de Souza<\/a>, psic\u00f3loga escolar que buscava uma segunda gradua\u00e7\u00e3o mais compat\u00edvel com seu perfil, conta que tem sido muito bom ter autonomia para personalizar seu calend\u00e1rio acad\u00eamico:&nbsp;<\/p>\n\n\n\n<p><em>\u201cFa\u00e7o um cronograma com as aulas, quizzes e provas, de maneira que tudo fique bem distribu\u00eddo dentro do Calend\u00e1rio Acad\u00eamico. Esse planejamento me ajuda a n\u00e3o procrastinar e a n\u00e3o correr o risco de perder prazos, devido a dificuldade de organiza\u00e7\u00e3o causada pelo TDAH, eu preciso de uma \u201cagenda de estudos\u201d materializada. Fa\u00e7o parte de um grupo de alunos no Whatsapp e pe\u00e7o ajuda aos colegas mais adiantados para definir a ordem das disciplinas em cada per\u00edodo\u201d, destaca Priscila.<\/em><\/p>\n\n\n\n<h3 class=\"wp-block-heading\" id=\"h-pagamento-recorrente-e-ferramentas-de-estudo\"><strong>Pagamento recorrente e ferramentas de estudo<\/strong><\/h3>\n\n\n\n<p>O Gran j\u00e1 possui mensalidades mais acess\u00edveis do mercado de trabalho, mas oferece diversas formas de pagamento para facilitar o acesso ao ensino superior, como o pagamento recorrente.&nbsp;<\/p>\n\n\n\n<p>Com isso, foi poss\u00edvel que<a href=\"https:\/\/blog.grancursosonline.com.br\/rodrigo-alves-gran-faculdade\/\" target=\"_blank\" rel=\"noreferrer noopener\"> Rodrigo Alves<\/a>, aluno do curso de<a href=\"https:\/\/faculdade.grancursosonline.com.br\/curso\/ciencia-de-dados\/\" target=\"_blank\" rel=\"noreferrer noopener\"> Ci\u00eancia de Dados<\/a>, e diversos outros estudantes pudessem come\u00e7ar seus estudos sem se endividar para isso.&nbsp;<\/p>\n\n\n\n<p>Nesse modelo, estudantes que n\u00e3o tenham limite no cart\u00e3o de cr\u00e9dito para dividir o valor total do semestre, podem ter somente a mensalidade debitada a cada m\u00eas, sem comprometer o limite total.&nbsp;<\/p>\n\n\n\n<p><em>\u201cEstava com uma situa\u00e7\u00e3o muito delicada financeiramente na \u00e9poca, precisava fazer alguma coisa para mudar o futuro\u201d, conta Rodrigo.<\/em><\/p>\n\n\n\n<p>Al\u00e9m disso, ele tamb\u00e9m ressalta como os professores s\u00e3o extremamente experientes, renomados e com amplo conhecimento do mercado de trabalho e as diversas ferramentas da nossa plataforma ajudam no dia a dia:<\/p>\n\n\n\n<p><em>\u201cA Gran Faculdade tem uma plataforma completa e posso acessar as aulas quando e onde quiser. Outro ponto muito importante \u00e9 que posso conciliar os estudos para concurso p\u00fablico, pois a flexibilidade oferecida pela Gran Faculdade \u00e9 muito boa e estou muito satisfeito com a minha escolha\u201d.<\/em><\/p>\n\n\n\n<p>Nesse 1 ano de revolu\u00e7\u00e3o digital do ensino e <a href=\"https:\/\/blog.grancursosonline.com.br\/graduacao-ead\/\" target=\"_blank\" rel=\"noreferrer noopener\">gradua\u00e7\u00e3o EAD<\/a> da Gran Faculdade, temos muito orgulho de mudar a vida de pessoas que est\u00e3o transformando suas vidas.&nbsp;<\/p>\n\n\n\n<p>Por isso, fa\u00e7a parte voc\u00ea tamb\u00e9m dessa hist\u00f3ria!&nbsp;<\/p>\n\n\n\n<h2 class=\"wp-block-heading\" id=\"presenciais\">Cursos presenciais na Gran Faculdade Campus Curitiba<\/h2>\n\n\n\n<p>Para quem quer aproveitar a metodologia Gran de ensino, mas estudar de forma presencial, pode conhecer a <a href=\"https:\/\/presencial.grancursosonline.com.br\/\" target=\"_blank\" rel=\"noreferrer noopener\">Gran Faculdade Campus Curitiba<\/a>.&nbsp;<\/p>\n\n\n\n<p>As matr\u00edculas para o <a href=\"https:\/\/blog.grancursosonline.com.br\/vestibular-verao-curitiba\/\" target=\"_blank\" rel=\"noreferrer noopener\">vestibular de ver\u00e3o<\/a> est\u00e3o abertas, confira nossos cursos e fa\u00e7a sua inscri\u00e7\u00e3o.<\/p>\n\n\n\n<h2 class=\"wp-block-heading\" id=\"pos\">P\u00f3s-gradua\u00e7\u00e3o EAD: vantagens e cursos<\/h2>\n\n\n\n<p>Para quem j\u00e1 possui uma gradua\u00e7\u00e3o, mas quer come\u00e7ar uma p\u00f3s-gradua\u00e7\u00e3o flex\u00edvel para se tornar refer\u00eancia em uma \u00e1rea de atua\u00e7\u00e3o, a <a href=\"https:\/\/blog.grancursosonline.com.br\/pos-ead-como-tirar-duvidas\/\" target=\"_blank\" rel=\"noreferrer noopener\">p\u00f3s EAD<\/a> da Gran Faculdade \u00e9 uma excelente op\u00e7\u00e3o.<\/p>\n\n\n\n<p>Aqui voc\u00ea concilia seus estudos com sua rotina, aproveita mensalidades que cabem no seu bolso e pode concluir sua especializa\u00e7\u00e3o entre 6 e 18 meses.&nbsp;Confira os cursos nas \u00e1reas de:&nbsp;<\/p>\n\n\n\n<ul class=\"wp-block-list\">\n<li><a href=\"https:\/\/pos.grancursosonline.com.br\/nossos-cursos?category=engenharia\" target=\"_blank\" rel=\"noreferrer noopener\">Engenharia<\/a><\/li>\n\n\n\n<li><a href=\"https:\/\/pos.grancursosonline.com.br\/nossos-cursos?category=educacao\" target=\"_blank\" rel=\"noreferrer noopener\">Educa\u00e7\u00e3o&nbsp;<\/a><\/li>\n\n\n\n<li><a href=\"https:\/\/pos.grancursosonline.com.br\/nossos-cursos?category=administracao\" target=\"_blank\" rel=\"noreferrer noopener\">Gest\u00e3o<\/a><\/li>\n\n\n\n<li><a href=\"https:\/\/pos.grancursosonline.com.br\/nossos-cursos?category=tecnologia-da-informacao\" target=\"_blank\" rel=\"noreferrer noopener\">Tecnologia<\/a><\/li>\n\n\n\n<li><a href=\"https:\/\/pos.grancursosonline.com.br\/nossos-cursos?category=policial\" target=\"_blank\" rel=\"noreferrer noopener\">Policial<\/a><\/li>\n\n\n\n<li><a href=\"https:\/\/pos.grancursosonline.com.br\/nossos-cursos?category=contabilidade&amp;category=controle&amp;category=economia&amp;category=fiscal\" target=\"_blank\" rel=\"noreferrer noopener\">Finan\u00e7as<\/a>&nbsp;<\/li>\n\n\n\n<li><a href=\"https:\/\/pos.grancursosonline.com.br\/nossos-cursos?category=saude\" target=\"_blank\" rel=\"noreferrer noopener\">Sa\u00fade<\/a>&nbsp;<\/li>\n\n\n\n<li>E <a href=\"https:\/\/pos.grancursosonline.com.br\/nossos-cursos?category=advocacia&amp;category=direito&amp;category=magistratura\" target=\"_blank\" rel=\"noreferrer noopener\">carreiras Jur\u00eddicas<\/a><\/li>\n<\/ul>\n\n\n\n<div class=\"wp-block-group\"><div class=\"wp-block-group__inner-container is-layout-constrained wp-block-group-is-layout-constrained\">\n<h3 class=\"wp-block-heading\" id=\"h-cupons-de-desconto-graduacao-ead\">Cupons de desconto Gradua\u00e7\u00e3o EAD<\/h3>\n\n\n\n<p>Confira os descontos abaixo e selecione a op\u00e7\u00e3o que melhor se encaixa para voc\u00ea (<strong>valores v\u00e1lidos at\u00e9 o preenchimento das vagas<\/strong> <strong>dispon\u00edveis<\/strong>, os valores para sua matr\u00edcula ser\u00e3o os exibidos no site de compra na hora de fazer sua matr\u00edcula):<\/p>\n\n\n\n<figure class=\"wp-block-table\"><div class=\"container-tabela\"><table><tbody><tr><td>Categoria<\/td><td>Valor mensal<\/td><td>Cupom<\/td><\/tr><tr><td>Gradua\u00e7\u00e3o Social + Mulher<\/td><td>a partir de 12x de <strong><strong><strong><strong>R$ 89,90<\/strong><\/strong><\/strong><\/strong> <\/td><td>GRADSOCIALGRAN<\/td><\/tr><tr><td>Gradua\u00e7\u00e3o Alunos e Ex-alunos Gran<\/td><td>a partir de 12x de <strong><strong><strong><strong>R$ 89,90<\/strong><\/strong><\/strong><\/strong> <\/td><td>GRADALUNOGRAN<\/td><\/tr><tr><td>Gradua\u00e7\u00e3o Novos Alunos<\/td><td>a partir de 12x de <strong><strong><strong><strong>R$ 99,90<\/strong><\/strong><\/strong><\/strong><\/td><td>NOVOGRADGRAN<\/td><\/tr><\/tbody><\/table><\/div><\/figure>\n\n\n\n<p>Al\u00e9m disso, voc\u00ea pode obter 5% de desconto fazendo o pagamento \u00e0 vista!<\/p>\n\n\n\n<p class=\"has-text-align-center\"><strong><a href=\"https:\/\/faculdade.grancursosonline.com.br\/\" target=\"_blank\" rel=\"noopener\">Garanta sua matr\u00edcula com desconto!<\/a><\/strong><\/p>\n<\/div><\/div>\n\n\n\n<h2 class=\"wp-block-heading\" id=\"h-pos-graduacao-faca-sua-especializacao-com-desconto\">P\u00f3s-Gradua\u00e7\u00e3o: fa\u00e7a sua especializa\u00e7\u00e3o com desconto!<\/h2>\n\n\n\n<p>Garanta sua matr\u00edcula em um dos novos cursos de p\u00f3s-gradua\u00e7\u00e3o da Gran P\u00f3s ou em&nbsp;<strong>qualquer uma das outras mais de 80 especializa\u00e7\u00f5es dispon\u00edveis na plataforma com at\u00e9 77% de desconto!<\/strong><\/p>\n\n\n\n<p>Queremos te ajudar a conquistar todos seus objetivos acad\u00eamicos e profissionais! Por isso, o Gran disponibiliza uma s\u00e9rie de promo\u00e7\u00f5es. Afinal, a educa\u00e7\u00e3o deve e pode ser para todos! <strong>Veja quais cupons s\u00e3o v\u00e1lidos at\u00e9 o preenchimento das vagas dispon\u00edveis:<\/strong><\/p>\n\n\n\n<figure class=\"wp-block-table\"><div class=\"container-tabela\"><table class=\"has-fixed-layout\"><thead><tr><th>Tipo de Desconto<\/th><th>Curso<\/th><th>Valores<\/th><th>Cupons<\/th><\/tr><\/thead><tbody><tr><td rowspan=\"2\">SOCIAL<\/td><td>P\u00f3s-Gradua\u00e7\u00e3o<\/td><td>12x de R$ 89,90<\/td><td>POSGRANSOCIAL<\/td><\/tr><tr><td>MBA<\/td><td>12x de R$ 89,90<\/td><td>MBAGRANSOCIAL<\/td><\/tr><tr><td rowspan=\"2\">ALUNOS GRAN<\/td><td>P\u00f3s-Gradua\u00e7\u00e3o<\/td><td>12x de R$ 89,90<\/td><td>SOUALUNOGRAN<\/td><\/tr><tr><td>MBA<\/td><td>12x de R$ 89,90<\/td><td>MBAALUNOGRAN<\/td><\/tr><tr><td rowspan=\"2\">EX-ALUNOS<\/td><td>P\u00f3s-Gradua\u00e7\u00e3o<\/td><td>12x de R$ 89,90<\/td><td>VOLTEIPROGRAN<\/td><\/tr><tr><td>MBA<\/td><td>12x de R$ 89,90<\/td><td>MBAVOLTEIPROGRAN<\/td><\/tr><tr><td rowspan=\"2\">NOVOS ALUNOS <\/td><td>P\u00f3s-Gradua\u00e7\u00e3o<\/td><td>12x de R$ 109,90<\/td><td>NOVONOGRAN<\/td><\/tr><tr><td>MBA<\/td><td>12x de R$ 109,90<\/td><td>MBANOVONOGRAN<\/td><\/tr><tr><td>COMBO CARREIRA<\/td><td>P\u00f3s-Gradua\u00e7\u00e3o<\/td><td>12x de R$ 109,90<\/td><td>COMBOCARREIRA<\/td><\/tr><tr><td>COMBO P\u00d3S*<\/td><td>P\u00f3s-Gradua\u00e7\u00e3o e\/ou MBA<\/td><td>12x de R$ 109,90<\/td><td>COMBOPOS<\/td><\/tr><\/tbody><\/table><\/div><figcaption class=\"wp-element-caption\">* A condi\u00e7\u00e3o de 2 cursos pelo pre\u00e7o de inclui os cursos de MBA<\/figcaption><\/figure>\n\n\n\n<p><strong>\u00c0 vista no PIX ou Boleto voc\u00ea ainda adquire MAIS 5% DE DESCONTO!<\/strong><\/p>\n\n\n\n<p>Para garantir os pre\u00e7os promocionais, basta acessar a p\u00e1gina da sua especializa\u00e7\u00e3o de prefer\u00eancia e visualizar todos os cupons ao lado do pre\u00e7o final! Se, por acaso, o desconto n\u00e3o for aplicado imediatamente, voc\u00ea tamb\u00e9m poder\u00e1 digitar o c\u00f3digo informado na tabela!<\/p>\n\n\n\n<p class=\"has-text-align-center has-text-align-center\"><a href=\"https:\/\/pos.grancursosonline.com.br\/\"><strong>Garanta sua matr\u00edcula com desconto!<\/strong><\/a><\/p>\n\n\n\n<p><\/p>\n\n\n\n<div class=\"wp-block-group\"><div class=\"wp-block-group__inner-container is-layout-constrained wp-block-group-is-layout-constrained\">\n<section style=\"text-align: center;\">\n<p>Quer ficar por dentro da Faculdade Digital mais inovadora do Brasil?<\/p>\n<nav>\n<p class=\"has-background has-dark-bluish-background-color\" style=\"font-size: 25px; text-align: center; background: #f0f0f0; color: #ffffff; padding: 4px 0px 4xp 0px;\"><a style=\"color: #0d134c; text-decoration: underline;\" href=\"https:\/\/faculdade.grancursosonline.com.br\/\" target=\"_blank\" rel=\"noopener\">GRADUA\u00c7\u00c3O<\/a><\/p>\n<p class=\"has-background has-dark-bluish-background-color\" style=\"font-size: 25px; text-align: center; background: #f0f0f0; color: #ffffff; padding: 4px 0px 4xp 0px;\"><a style=\"color: #0d134c; text-decoration: underline;\" href=\"https:\/\/pos.grancursosonline.com.br\/\" target=\"_blank\" rel=\"noopener\">P\u00d3S-GRADUA\u00c7\u00c3O<\/a><\/p>\n<p class=\"has-background has-dark-bluish-background-color\" style=\"font-size: 25px; text-align: center; background: #f0f0f0; color: #ffffff; padding: 4px 0px 4xp 0px;\"><a style=\"color: #0d134c; text-decoration: underline;\" href=\"https:\/\/faculdade.grancursosonline.com.br\/nossos-cursos\/\" target=\"_blank\" rel=\"noopener\">TUDO SOBRE A GRAN FACULDADE<\/a><\/p>\n<\/nav>\n<p><strong>Receba <span style=\"color: #cf1e25;\">gratuitamente<\/span> no seu celular as principais not\u00edcias sobre a Gran Faculdade! <br \/>Clique no link abaixo e inscreva-se:<\/strong><\/p>\n<p class=\"has-background has-dark-bluish-background-color\" style=\"font-size: 25px; text-align: center; background: #f0f0f0; color: #ffffff; padding: 4px 0px 4xp 0px;\"><a style=\"color: #0d134c; text-decoration: underline;\" href=\"https:\/\/whatsapp.com\/channel\/0029VaG1sChI7Be7PNndhL43\" target=\"_blank\" rel=\"noopener noreferrer\">WHATSAPP<\/a><\/p>\n<p class=\"has-background has-dark-bluish-background-color\" style=\"font-size: 25px; text-align: center; background: #f0f0f0; color: #ffffff; padding: 4px 0px 4xp 0px;\"><a style=\"color: #0d134c; text-decoration: underline;\" href=\"https:\/\/t.me\/GranFaculdade\" target=\"_blank\" rel=\"noopener noreferrer\">TELEGRAM<\/a><\/p>\n<\/section>\n<\/div><\/div>\n","protected":false},"excerpt":{"rendered":"<p>A Gran Faculdade surgiu para promover a revolu\u00e7\u00e3o digital do ensino superior, com mensalidades acess\u00edveis, hor\u00e1rios de aula que se encaixam \u00e0 sua rotina, estrutura e professores de qualidade e muitas vantagens.&nbsp; Entenda mais sobre como a Gran Faculdade est\u00e1 mudando vidas e saiba como fazer parte da revolu\u00e7\u00e3o digital da educa\u00e7\u00e3o superior no pa\u00eds.&hellip;<\/p>\n","protected":false},"author":514,"featured_media":79698228,"comment_status":"open","ping_status":"open","sticky":false,"template":"","format":"standard","meta":{"_acf_changed":false,"content-type":"","footnotes":""},"categories":[219790,218545,219791,209229],"tags":[],"class_list":["post-79587444","post","type-post","status-publish","format-standard","has-post-thumbnail","hentry","category-graduacao-ead","category-graduacao","category-gran-faculdade-campus-curitiba","category-pos-graduacao"],"acf":[],"yoast_head":"<!-- This site is optimized with the Yoast SEO Premium plugin v27.2 (Yoast SEO v27.2) - https:\/\/yoast.com\/product\/yoast-seo-premium-wordpress\/ -->\n<title>Fa\u00e7a parte da revolu\u00e7\u00e3o digital da Gran Faculdade!<\/title>\n<meta name=\"description\" content=\"A revolu\u00e7\u00e3o digital do ensino superior chegou com a Gran Faculdade, veja como conquistar seu diploma e aproveitar vantagens para mudar sua vida!\" \/>\n<meta name=\"robots\" content=\"index, follow, max-snippet:-1, max-image-preview:large, max-video-preview:-1\" \/>\n<link rel=\"canonical\" href=\"https:\/\/faculdade.grancursosonline.com.br\/blog\/revolucao-digital-gran-faculdade\/\" \/>\n<meta property=\"og:locale\" content=\"pt_BR\" \/>\n<meta property=\"og:type\" content=\"article\" \/>\n<meta property=\"og:title\" content=\"Fa\u00e7a parte da revolu\u00e7\u00e3o digital da Gran Faculdade!\" \/>\n<meta property=\"og:description\" content=\"A revolu\u00e7\u00e3o digital do ensino superior chegou com a Gran Faculdade, veja como conquistar seu diploma e aproveitar vantagens para mudar sua vida!\" \/>\n<meta property=\"og:url\" content=\"https:\/\/faculdade.grancursosonline.com.br\/blog\/revolucao-digital-gran-faculdade\/\" \/>\n<meta property=\"og:site_name\" content=\"Blog Gran Faculdade\" \/>\n<meta property=\"article:publisher\" content=\"https:\/\/www.facebook.com\/grancursosonline\/\" \/>\n<meta property=\"article:published_time\" content=\"2025-02-26T14:55:29+00:00\" \/>\n<meta property=\"article:modified_time\" content=\"2025-02-26T14:55:31+00:00\" \/>\n<meta property=\"og:image\" content=\"https:\/\/blog-es-static.infra.grancursosonline.com.br\/wp-content\/uploads\/2023\/02\/09204030\/revolucao-digital-gran-faculdade.jpg\" \/>\n\t<meta property=\"og:image:width\" content=\"1001\" \/>\n\t<meta property=\"og:image:height\" content=\"601\" \/>\n\t<meta property=\"og:image:type\" content=\"image\/jpeg\" \/>\n<meta name=\"author\" content=\"Guilherme Henrique\" \/>\n<meta name=\"twitter:card\" content=\"summary_large_image\" \/>\n<meta name=\"twitter:creator\" content=\"@gran_online\" \/>\n<meta name=\"twitter:site\" content=\"@gran_online\" \/>\n<meta name=\"twitter:label1\" content=\"Written by\" \/>\n\t<meta name=\"twitter:data1\" content=\"Guilherme Henrique\" \/>\n\t<meta name=\"twitter:label2\" content=\"Est. reading time\" \/>\n\t<meta name=\"twitter:data2\" content=\"13 minutos\" \/>\n<script type=\"application\/ld+json\" class=\"yoast-schema-graph\">{\"@context\":\"https:\/\/schema.org\",\"@graph\":[{\"@type\":\"NewsArticle\",\"@id\":\"https:\/\/faculdade.grancursosonline.com.br\/blog\/revolucao-digital-gran-faculdade\/#article\",\"isPartOf\":{\"@id\":\"https:\/\/faculdade.grancursosonline.com.br\/blog\/revolucao-digital-gran-faculdade\/\"},\"author\":{\"name\":\"Guilherme Henrique\",\"@id\":\"https:\/\/faculdade.grancursosonline.com.br\/blog\/#\/schema\/person\/9745f9b6db8976613c1f439dbcfe717d\"},\"headline\":\"Fa\u00e7a parte da revolu\u00e7\u00e3o digital da Gran Faculdade!\",\"datePublished\":\"2025-02-26T14:55:29+00:00\",\"dateModified\":\"2025-02-26T14:55:31+00:00\",\"mainEntityOfPage\":{\"@id\":\"https:\/\/faculdade.grancursosonline.com.br\/blog\/revolucao-digital-gran-faculdade\/\"},\"wordCount\":1989,\"commentCount\":0,\"publisher\":{\"@id\":\"https:\/\/faculdade.grancursosonline.com.br\/blog\/#organization\"},\"image\":{\"@id\":\"https:\/\/faculdade.grancursosonline.com.br\/blog\/revolucao-digital-gran-faculdade\/#primaryimage\"},\"thumbnailUrl\":\"https:\/\/blog-es-static.infra.grancursosonline.com.br\/wp-content\/uploads\/2023\/02\/09204030\/revolucao-digital-gran-faculdade.jpg\",\"articleSection\":[\"Gradua\u00e7\u00e3o EAD\",\"Gradua\u00e7\u00e3o Gran Faculdade\",\"Gran Faculdade Campus Curitiba\",\"P\u00f3s-Gradua\u00e7\u00e3o Gran Faculdade\"],\"inLanguage\":\"pt-BR\",\"potentialAction\":[{\"@type\":\"CommentAction\",\"name\":\"Comment\",\"target\":[\"https:\/\/faculdade.grancursosonline.com.br\/blog\/revolucao-digital-gran-faculdade\/#respond\"]}],\"copyrightYear\":\"2025\",\"copyrightHolder\":{\"@id\":\"https:\/\/faculdade.grancursosonline.com.br\/blog\/#organization\"}},{\"@type\":\"WebPage\",\"@id\":\"https:\/\/faculdade.grancursosonline.com.br\/blog\/revolucao-digital-gran-faculdade\/\",\"url\":\"https:\/\/faculdade.grancursosonline.com.br\/blog\/revolucao-digital-gran-faculdade\/\",\"name\":\"Fa\u00e7a parte da revolu\u00e7\u00e3o digital da Gran Faculdade!\",\"isPartOf\":{\"@id\":\"https:\/\/faculdade.grancursosonline.com.br\/blog\/#website\"},\"primaryImageOfPage\":{\"@id\":\"https:\/\/faculdade.grancursosonline.com.br\/blog\/revolucao-digital-gran-faculdade\/#primaryimage\"},\"image\":{\"@id\":\"https:\/\/faculdade.grancursosonline.com.br\/blog\/revolucao-digital-gran-faculdade\/#primaryimage\"},\"thumbnailUrl\":\"https:\/\/blog-es-static.infra.grancursosonline.com.br\/wp-content\/uploads\/2023\/02\/09204030\/revolucao-digital-gran-faculdade.jpg\",\"datePublished\":\"2025-02-26T14:55:29+00:00\",\"dateModified\":\"2025-02-26T14:55:31+00:00\",\"description\":\"A revolu\u00e7\u00e3o digital do ensino superior chegou com a Gran Faculdade, veja como conquistar seu diploma e aproveitar vantagens para mudar sua vida!\",\"breadcrumb\":{\"@id\":\"https:\/\/faculdade.grancursosonline.com.br\/blog\/revolucao-digital-gran-faculdade\/#breadcrumb\"},\"inLanguage\":\"pt-BR\",\"potentialAction\":[{\"@type\":\"ReadAction\",\"target\":[\"https:\/\/faculdade.grancursosonline.com.br\/blog\/revolucao-digital-gran-faculdade\/\"]}]},{\"@type\":\"ImageObject\",\"inLanguage\":\"pt-BR\",\"@id\":\"https:\/\/faculdade.grancursosonline.com.br\/blog\/revolucao-digital-gran-faculdade\/#primaryimage\",\"url\":\"https:\/\/blog-es-static.infra.grancursosonline.com.br\/wp-content\/uploads\/2023\/02\/09204030\/revolucao-digital-gran-faculdade.jpg\",\"contentUrl\":\"https:\/\/blog-es-static.infra.grancursosonline.com.br\/wp-content\/uploads\/2023\/02\/09204030\/revolucao-digital-gran-faculdade.jpg\",\"width\":1001,\"height\":601,\"caption\":\"Fa\u00e7a parte da revolu\u00e7\u00e3o digital da Gran Faculdade!\"},{\"@type\":\"BreadcrumbList\",\"@id\":\"https:\/\/faculdade.grancursosonline.com.br\/blog\/revolucao-digital-gran-faculdade\/#breadcrumb\",\"itemListElement\":[{\"@type\":\"ListItem\",\"position\":1,\"name\":\"In\u00edcio\",\"item\":\"https:\/\/faculdade.grancursosonline.com.br\/blog\/\"},{\"@type\":\"ListItem\",\"position\":2,\"name\":\"Gradua\u00e7\u00e3o Gran Faculdade\",\"item\":\"https:\/\/faculdade.grancursosonline.com.br\/blog\/graduacao\/\"},{\"@type\":\"ListItem\",\"position\":3,\"name\":\"Fa\u00e7a parte da revolu\u00e7\u00e3o digital da Gran Faculdade!\"}]},{\"@type\":\"WebSite\",\"@id\":\"https:\/\/faculdade.grancursosonline.com.br\/blog\/#website\",\"url\":\"https:\/\/faculdade.grancursosonline.com.br\/blog\/\",\"name\":\"Blog Gran Faculdade\",\"description\":\"Tudo sobre ensino superior, p\u00f3s-gradua\u00e7\u00e3o, enem e carreira.\",\"publisher\":{\"@id\":\"https:\/\/faculdade.grancursosonline.com.br\/blog\/#organization\"},\"potentialAction\":[{\"@type\":\"SearchAction\",\"target\":{\"@type\":\"EntryPoint\",\"urlTemplate\":\"https:\/\/faculdade.grancursosonline.com.br\/blog\/?s={search_term_string}\"},\"query-input\":{\"@type\":\"PropertyValueSpecification\",\"valueRequired\":true,\"valueName\":\"search_term_string\"}}],\"inLanguage\":\"pt-BR\"},{\"@type\":\"Organization\",\"@id\":\"https:\/\/faculdade.grancursosonline.com.br\/blog\/#organization\",\"name\":\"Gran Cursos Online\",\"url\":\"https:\/\/faculdade.grancursosonline.com.br\/blog\/\",\"logo\":{\"@type\":\"ImageObject\",\"inLanguage\":\"pt-BR\",\"@id\":\"https:\/\/faculdade.grancursosonline.com.br\/blog\/#\/schema\/logo\/image\/\",\"url\":\"https:\/\/blog-es-static.infra.grancursosonline.com.br\/wp-content\/uploads\/2019\/08\/03123934\/logo.png\",\"contentUrl\":\"https:\/\/blog-es-static.infra.grancursosonline.com.br\/wp-content\/uploads\/2019\/08\/03123934\/logo.png\",\"width\":300,\"height\":57,\"caption\":\"Gran Cursos Online\"},\"image\":{\"@id\":\"https:\/\/faculdade.grancursosonline.com.br\/blog\/#\/schema\/logo\/image\/\"},\"sameAs\":[\"https:\/\/www.facebook.com\/grancursosonline\/\",\"https:\/\/x.com\/gran_online\",\"https:\/\/www.instagram.com\/grancursosonline\/\",\"https:\/\/www.youtube.com\/user\/grancursostv\"]},{\"@type\":\"Person\",\"@id\":\"https:\/\/faculdade.grancursosonline.com.br\/blog\/#\/schema\/person\/9745f9b6db8976613c1f439dbcfe717d\",\"name\":\"Guilherme Henrique\",\"url\":\"https:\/\/faculdade.grancursosonline.com.br\/blog\/author\/guilherme-lourenco\/\"}]}<\/script>\n<!-- \/ Yoast SEO Premium plugin. -->","yoast_head_json":{"title":"Fa\u00e7a parte da revolu\u00e7\u00e3o digital da Gran Faculdade!","description":"A revolu\u00e7\u00e3o digital do ensino superior chegou com a Gran Faculdade, veja como conquistar seu diploma e aproveitar vantagens para mudar sua vida!","robots":{"index":"index","follow":"follow","max-snippet":"max-snippet:-1","max-image-preview":"max-image-preview:large","max-video-preview":"max-video-preview:-1"},"canonical":"https:\/\/faculdade.grancursosonline.com.br\/blog\/revolucao-digital-gran-faculdade\/","og_locale":"pt_BR","og_type":"article","og_title":"Fa\u00e7a parte da revolu\u00e7\u00e3o digital da Gran Faculdade!","og_description":"A revolu\u00e7\u00e3o digital do ensino superior chegou com a Gran Faculdade, veja como conquistar seu diploma e aproveitar vantagens para mudar sua vida!","og_url":"https:\/\/faculdade.grancursosonline.com.br\/blog\/revolucao-digital-gran-faculdade\/","og_site_name":"Blog Gran Faculdade","article_publisher":"https:\/\/www.facebook.com\/grancursosonline\/","article_published_time":"2025-02-26T14:55:29+00:00","article_modified_time":"2025-02-26T14:55:31+00:00","og_image":[{"width":1001,"height":601,"url":"https:\/\/blog-es-static.infra.grancursosonline.com.br\/wp-content\/uploads\/2023\/02\/09204030\/revolucao-digital-gran-faculdade.jpg","type":"image\/jpeg"}],"author":"Guilherme Henrique","twitter_card":"summary_large_image","twitter_creator":"@gran_online","twitter_site":"@gran_online","twitter_misc":{"Written by":"Guilherme Henrique","Est. reading time":"13 minutos"},"schema":{"@context":"https:\/\/schema.org","@graph":[{"@type":"NewsArticle","@id":"https:\/\/faculdade.grancursosonline.com.br\/blog\/revolucao-digital-gran-faculdade\/#article","isPartOf":{"@id":"https:\/\/faculdade.grancursosonline.com.br\/blog\/revolucao-digital-gran-faculdade\/"},"author":{"name":"Guilherme Henrique","@id":"https:\/\/faculdade.grancursosonline.com.br\/blog\/#\/schema\/person\/9745f9b6db8976613c1f439dbcfe717d"},"headline":"Fa\u00e7a parte da revolu\u00e7\u00e3o digital da Gran Faculdade!","datePublished":"2025-02-26T14:55:29+00:00","dateModified":"2025-02-26T14:55:31+00:00","mainEntityOfPage":{"@id":"https:\/\/faculdade.grancursosonline.com.br\/blog\/revolucao-digital-gran-faculdade\/"},"wordCount":1989,"commentCount":0,"publisher":{"@id":"https:\/\/faculdade.grancursosonline.com.br\/blog\/#organization"},"image":{"@id":"https:\/\/faculdade.grancursosonline.com.br\/blog\/revolucao-digital-gran-faculdade\/#primaryimage"},"thumbnailUrl":"https:\/\/blog-es-static.infra.grancursosonline.com.br\/wp-content\/uploads\/2023\/02\/09204030\/revolucao-digital-gran-faculdade.jpg","articleSection":["Gradua\u00e7\u00e3o EAD","Gradua\u00e7\u00e3o Gran Faculdade","Gran Faculdade Campus Curitiba","P\u00f3s-Gradua\u00e7\u00e3o Gran Faculdade"],"inLanguage":"pt-BR","potentialAction":[{"@type":"CommentAction","name":"Comment","target":["https:\/\/faculdade.grancursosonline.com.br\/blog\/revolucao-digital-gran-faculdade\/#respond"]}],"copyrightYear":"2025","copyrightHolder":{"@id":"https:\/\/faculdade.grancursosonline.com.br\/blog\/#organization"}},{"@type":"WebPage","@id":"https:\/\/faculdade.grancursosonline.com.br\/blog\/revolucao-digital-gran-faculdade\/","url":"https:\/\/faculdade.grancursosonline.com.br\/blog\/revolucao-digital-gran-faculdade\/","name":"Fa\u00e7a parte da revolu\u00e7\u00e3o digital da Gran Faculdade!","isPartOf":{"@id":"https:\/\/faculdade.grancursosonline.com.br\/blog\/#website"},"primaryImageOfPage":{"@id":"https:\/\/faculdade.grancursosonline.com.br\/blog\/revolucao-digital-gran-faculdade\/#primaryimage"},"image":{"@id":"https:\/\/faculdade.grancursosonline.com.br\/blog\/revolucao-digital-gran-faculdade\/#primaryimage"},"thumbnailUrl":"https:\/\/blog-es-static.infra.grancursosonline.com.br\/wp-content\/uploads\/2023\/02\/09204030\/revolucao-digital-gran-faculdade.jpg","datePublished":"2025-02-26T14:55:29+00:00","dateModified":"2025-02-26T14:55:31+00:00","description":"A revolu\u00e7\u00e3o digital do ensino superior chegou com a Gran Faculdade, veja como conquistar seu diploma e aproveitar vantagens para mudar sua vida!","breadcrumb":{"@id":"https:\/\/faculdade.grancursosonline.com.br\/blog\/revolucao-digital-gran-faculdade\/#breadcrumb"},"inLanguage":"pt-BR","potentialAction":[{"@type":"ReadAction","target":["https:\/\/faculdade.grancursosonline.com.br\/blog\/revolucao-digital-gran-faculdade\/"]}]},{"@type":"ImageObject","inLanguage":"pt-BR","@id":"https:\/\/faculdade.grancursosonline.com.br\/blog\/revolucao-digital-gran-faculdade\/#primaryimage","url":"https:\/\/blog-es-static.infra.grancursosonline.com.br\/wp-content\/uploads\/2023\/02\/09204030\/revolucao-digital-gran-faculdade.jpg","contentUrl":"https:\/\/blog-es-static.infra.grancursosonline.com.br\/wp-content\/uploads\/2023\/02\/09204030\/revolucao-digital-gran-faculdade.jpg","width":1001,"height":601,"caption":"Fa\u00e7a parte da revolu\u00e7\u00e3o digital da Gran Faculdade!"},{"@type":"BreadcrumbList","@id":"https:\/\/faculdade.grancursosonline.com.br\/blog\/revolucao-digital-gran-faculdade\/#breadcrumb","itemListElement":[{"@type":"ListItem","position":1,"name":"In\u00edcio","item":"https:\/\/faculdade.grancursosonline.com.br\/blog\/"},{"@type":"ListItem","position":2,"name":"Gradua\u00e7\u00e3o Gran Faculdade","item":"https:\/\/faculdade.grancursosonline.com.br\/blog\/graduacao\/"},{"@type":"ListItem","position":3,"name":"Fa\u00e7a parte da revolu\u00e7\u00e3o digital da Gran Faculdade!"}]},{"@type":"WebSite","@id":"https:\/\/faculdade.grancursosonline.com.br\/blog\/#website","url":"https:\/\/faculdade.grancursosonline.com.br\/blog\/","name":"Blog Gran Faculdade","description":"Tudo sobre ensino superior, p\u00f3s-gradua\u00e7\u00e3o, enem e carreira.","publisher":{"@id":"https:\/\/faculdade.grancursosonline.com.br\/blog\/#organization"},"potentialAction":[{"@type":"SearchAction","target":{"@type":"EntryPoint","urlTemplate":"https:\/\/faculdade.grancursosonline.com.br\/blog\/?s={search_term_string}"},"query-input":{"@type":"PropertyValueSpecification","valueRequired":true,"valueName":"search_term_string"}}],"inLanguage":"pt-BR"},{"@type":"Organization","@id":"https:\/\/faculdade.grancursosonline.com.br\/blog\/#organization","name":"Gran Cursos Online","url":"https:\/\/faculdade.grancursosonline.com.br\/blog\/","logo":{"@type":"ImageObject","inLanguage":"pt-BR","@id":"https:\/\/faculdade.grancursosonline.com.br\/blog\/#\/schema\/logo\/image\/","url":"https:\/\/blog-es-static.infra.grancursosonline.com.br\/wp-content\/uploads\/2019\/08\/03123934\/logo.png","contentUrl":"https:\/\/blog-es-static.infra.grancursosonline.com.br\/wp-content\/uploads\/2019\/08\/03123934\/logo.png","width":300,"height":57,"caption":"Gran Cursos Online"},"image":{"@id":"https:\/\/faculdade.grancursosonline.com.br\/blog\/#\/schema\/logo\/image\/"},"sameAs":["https:\/\/www.facebook.com\/grancursosonline\/","https:\/\/x.com\/gran_online","https:\/\/www.instagram.com\/grancursosonline\/","https:\/\/www.youtube.com\/user\/grancursostv"]},{"@type":"Person","@id":"https:\/\/faculdade.grancursosonline.com.br\/blog\/#\/schema\/person\/9745f9b6db8976613c1f439dbcfe717d","name":"Guilherme Henrique","url":"https:\/\/faculdade.grancursosonline.com.br\/blog\/author\/guilherme-lourenco\/"}]}},"_links":{"self":[{"href":"https:\/\/faculdade.grancursosonline.com.br\/blog\/wp-json\/wp\/v2\/posts\/79587444","targetHints":{"allow":["GET"]}}],"collection":[{"href":"https:\/\/faculdade.grancursosonline.com.br\/blog\/wp-json\/wp\/v2\/posts"}],"about":[{"href":"https:\/\/faculdade.grancursosonline.com.br\/blog\/wp-json\/wp\/v2\/types\/post"}],"author":[{"embeddable":true,"href":"https:\/\/faculdade.grancursosonline.com.br\/blog\/wp-json\/wp\/v2\/users\/514"}],"replies":[{"embeddable":true,"href":"https:\/\/faculdade.grancursosonline.com.br\/blog\/wp-json\/wp\/v2\/comments?post=79587444"}],"version-history":[{"count":4,"href":"https:\/\/faculdade.grancursosonline.com.br\/blog\/wp-json\/wp\/v2\/posts\/79587444\/revisions"}],"predecessor-version":[{"id":79752051,"href":"https:\/\/faculdade.grancursosonline.com.br\/blog\/wp-json\/wp\/v2\/posts\/79587444\/revisions\/79752051"}],"wp:featuredmedia":[{"embeddable":true,"href":"https:\/\/faculdade.grancursosonline.com.br\/blog\/wp-json\/wp\/v2\/media\/79698228"}],"wp:attachment":[{"href":"https:\/\/faculdade.grancursosonline.com.br\/blog\/wp-json\/wp\/v2\/media?parent=79587444"}],"wp:term":[{"taxonomy":"category","embeddable":true,"href":"https:\/\/faculdade.grancursosonline.com.br\/blog\/wp-json\/wp\/v2\/categories?post=79587444"},{"taxonomy":"post_tag","embeddable":true,"href":"https:\/\/faculdade.grancursosonline.com.br\/blog\/wp-json\/wp\/v2\/tags?post=79587444"}],"curies":[{"name":"wp","href":"https:\/\/api.w.org\/{rel}","templated":true}]}}