{"id":79588250,"date":"2026-02-19T18:12:48","date_gmt":"2026-02-19T21:12:48","guid":{"rendered":"https:\/\/blog.grancursosonline.com.br\/?p=79588250"},"modified":"2026-02-19T18:13:00","modified_gmt":"2026-02-19T21:13:00","slug":"administracao-publica","status":"publish","type":"post","link":"https:\/\/faculdade.grancursosonline.com.br\/blog\/administracao-publica\/","title":{"rendered":"Administra\u00e7\u00e3o p\u00fablica: o que \u00e9, conceito e princ\u00edpios!"},"content":{"rendered":"\n<p>Muito se fala sobre as tend\u00eancias do mercado em geral, mas a administra\u00e7\u00e3o p\u00fablica tamb\u00e9m conta com algumas especificidades. Por isso, estar atento a elas em diferentes \u00e1reas do conhecimento e de atua\u00e7\u00e3o \u00e9 muito importante. Ainda mais se voc\u00ea atua ou quer atuar nesse campo, seja como concursado, consultor ou algum outro tipo de v\u00ednculo. <\/p>\n\n\n\n<p class=\"has-text-align-center\"><a href=\"https:\/\/pos.grancursosonline.com.br\/nossos-cursos?category=administracao\" target=\"_blank\" rel=\"noopener\"><strong>Quero conquistar minha especializa\u00e7\u00e3o em Administra\u00e7\u00e3o P\u00fablica este ano<\/strong><\/a><\/p>\n\n\n\n<p>Acompanhe o artigo ou navegue pelo \u00edndice:<\/p>\n\n\n\n<ul class=\"wp-block-list\">\n<li><a href=\"#adm\">O que \u00e9 administra\u00e7\u00e3o p\u00fablica?<\/a><\/li>\n\n\n\n<li><a href=\"#principios\">Princ\u00edpios da administra\u00e7\u00e3o p\u00fablica<\/a><\/li>\n\n\n\n<li><a href=\"#faz\">O que faz administra\u00e7\u00e3o p\u00fablica?<\/a><\/li>\n\n\n\n<li><a href=\"#carreira\">Carreiras na Administra\u00e7\u00e3o P\u00fablica<\/a><\/li>\n\n\n\n<li><a href=\"#estudo\">O que estuda a administra\u00e7\u00e3o p\u00fablica?<\/a><\/li>\n\n\n\n<li><a href=\"#lei\">Lei da administra\u00e7\u00e3o p\u00fablica<\/a><\/li>\n\n\n\n<li><a href=\"#nocoes\">No\u00e7\u00f5es de administra\u00e7\u00e3o p\u00fablica<\/a><\/li>\n\n\n\n<li><a href=\"#tendencias\">Tend\u00eancias da Administra\u00e7\u00e3o P\u00fablica<\/a><\/li>\n\n\n\n<li><a href=\"#salario\">Quanto ganha um administrador p\u00fablico?<\/a><\/li>\n\n\n\n<li><a href=\"#diferenca\">Qual a diferen\u00e7a entre administra\u00e7\u00e3o e administra\u00e7\u00e3o p\u00fablica?<\/a><\/li>\n\n\n\n<li><a href=\"#desafios\">Desafios da Administra\u00e7\u00e3o P\u00fablica no Brasil<\/a><\/li>\n\n\n\n<li><a href=\"#concursos\">Concursos p\u00fablicos para Administra\u00e7\u00e3o P\u00fablica<\/a><\/li>\n\n\n\n<li><a href=\"#curso\">Curso de administra\u00e7\u00e3o p\u00fablica<\/a><\/li>\n<\/ul>\n\n\n\n<h2 class=\"wp-block-heading\" id=\"h-descubra-como-uma-pos-graduacao-pode-te-ajudar-ser-aprovado-no-concurso-dos-seus-sonhos\">Descubra como uma p\u00f3s-gradua\u00e7\u00e3o pode te ajudar ser aprovado no concurso dos seus sonhos!<\/h2>\n\n\n\n<p>Quando se trata do mundo dos concursos, \u00e9 evidente que uma s\u00e9rie de elementos pode impactar sua aprova\u00e7\u00e3o: sua rotina de estudos, prepara\u00e7\u00e3o f\u00edsica e mental, bagagem profissional, hist\u00f3rico acad\u00eamico e, n\u00e3o menos importante, possuir uma p\u00f3s-gradua\u00e7\u00e3o. <\/p>\n\n\n\n<p>Esse \u00faltimo aspecto tem se destacado como um elemento crucial para elevar a posi\u00e7\u00e3o de um candidato na classifica\u00e7\u00e3o, al\u00e9m de poder moldar significativamente o futuro de sua carreira ap\u00f3s a aprova\u00e7\u00e3o.<\/p>\n\n\n\n<p>Para compreender melhor a import\u00e2ncia da p\u00f3s-gradua\u00e7\u00e3o em concursos, oferecemos um e-book gratuitamente. Basta preencher o formul\u00e1rio nesta p\u00e1gina e voc\u00ea receber\u00e1 o material em instantes:<\/p>\n\n\n<p><script charset=\"utf-8\" type=\"text\/javascript\" src=\"\/\/js.hsforms.net\/forms\/embed\/v2.js\"><\/script> <script>\n  hbspt.forms.create({\n    region: \"na1\",\n    portalId: \"302036\",\n    formId: \"3f84627a-a0da-47a9-a327-1a0f758cce43\"\n  });\n<\/script><\/p>\n\n\n<h2 class=\"wp-block-heading\" id=\"adm\">O que \u00e9 administra\u00e7\u00e3o p\u00fablica?<\/h2>\n\n\n\n<p><strong>A administra\u00e7\u00e3o p\u00fablica \u00e9 a forma como as a\u00e7\u00f5es do pa\u00eds s\u00e3o geridas e executadas.<\/strong> Ou seja, \u00e9 o campo respons\u00e1vel por gerenciar as atividades que envolvem o funcionamento de um pa\u00eds.<\/p>\n\n\n\n<p><strong>Em geral, a administra\u00e7\u00e3o p\u00fablica tende a ser fixa e pautar suas medidas de acordo com as prioridades definidas pelos governos. <\/strong>\u00c9 o que acontece no Brasil: ainda que periodicamente os pol\u00edticos se alternam no poder, a administra\u00e7\u00e3o p\u00fablica segue est\u00e1vel e exercendo suas fun\u00e7\u00f5es conforme o definido por cada novo representante pol\u00edtico.<\/p>\n\n\n\n<p><strong>Em geral, a administra\u00e7\u00e3o p\u00fablica funciona como uma esp\u00e9cie de ferramenta fundamental para que a\u00e7\u00f5es sejam executadas<\/strong> para atender a sociedade em diversos campos: transporte, finan\u00e7as, burocracia, seguran\u00e7a, educa\u00e7\u00e3o, sa\u00fade e muito mais.<\/p>\n\n\n\n<h3 class=\"wp-block-heading\" id=\"h-o-que-significa-administracao-publica\">O que significa administra\u00e7\u00e3o p\u00fablica?<\/h3>\n\n\n\n<p>A administra\u00e7\u00e3o p\u00fablica, como o pr\u00f3prio nome sugere, \u00e9 uma \u00e1rea respons\u00e1vel pela gest\u00e3o de org\u00e3os, processos, projetos e atividades em geral que sejam desenvolvidas pela gest\u00e3o p\u00fablica, representada na pessoa de servidores, institui\u00e7\u00f5es e governantes.<\/p>\n\n\n\n<h3 class=\"wp-block-heading\" id=\"conceito\">Conceito de administra\u00e7\u00e3o p\u00fablica<\/h3>\n\n\n\n<p>Em geral, podemos compreender a administra\u00e7\u00e3o p\u00fablica como um<strong> conjunto de agentes respons\u00e1veis por executar atividades que visem o interesse p\u00fablico<\/strong>. Segundo Augustinho Vicente Paludo, Auditor do TRE do Paran\u00e1 e <a href=\"https:\/\/blog.grancursosonline.com.br\/gestor-publico\/\" target=\"_blank\" rel=\"noopener\">gestor p\u00fablico<\/a>:<\/p>\n\n\n\n<blockquote class=\"wp-block-quote is-layout-flow wp-block-quote-is-layout-flow\">\n<p><em>A Administra\u00e7\u00e3o compreende todo o aparato existente (estrutura e recursos; \u00f3rg\u00e3os e agentes; servi\u00e7os e atividades) \u00e0 disposi\u00e7\u00e3o dos governos para a realiza\u00e7\u00e3o de seus objetivos pol\u00edticos e do objetivo maior e primordial do Estado: a promo\u00e7\u00e3o do bem comum da coletividade<\/em><\/p>\n<\/blockquote>\n\n\n\n<h2 class=\"wp-block-heading\" id=\"principios\">Princ\u00edpios da administra\u00e7\u00e3o p\u00fablica<\/h2>\n\n\n\n<p>Os princ\u00edpios da administra\u00e7\u00e3o p\u00fablica s\u00e3o 5, previstos no artigo 37 da constitui\u00e7\u00e3o:<\/p>\n\n\n\n<blockquote class=\"wp-block-quote is-layout-flow wp-block-quote-is-layout-flow\">\n<p><em>Art. 37. A administra\u00e7\u00e3o p\u00fablica direta e indireta de qualquer dos Poderes da Uni\u00e3o, dos Estados, do Distrito Federal e dos Munic\u00edpios obedecer\u00e1 aos princ\u00edpios de legalidade, impessoalidade, moralidade, publicidade e efici\u00eancia<\/em><\/p>\n<\/blockquote>\n\n\n\n<p>De forma mais aprofundada, os princ\u00edpios da administra\u00e7\u00e3o p\u00fablica podem ser definidos como:<\/p>\n\n\n\n<ul class=\"wp-block-list\">\n<li><strong>Princ\u00edpio da Legalidade<\/strong>: as atividades devem ser exercidas conforme a lei e normas estabelecidas;<\/li>\n\n\n\n<li><strong>Princ\u00edpio da Impessoalidade<\/strong>: os agentes p\u00fablicos devem prezar pela imparcialidade;<\/li>\n\n\n\n<li><strong>Princ\u00edpio da Moralidade<\/strong>: preza-se pela boa f\u00e9 e honestidade dentro do servi\u00e7o p\u00fablico;<\/li>\n\n\n\n<li><strong>Princ\u00edpio da Publicidade<\/strong>: \u00e9 incentivada a divulga\u00e7\u00e3o dos atos p\u00fablicos;<\/li>\n\n\n\n<li><strong>Princ\u00edpio da Efici\u00eancia<\/strong>: busca constante por agilidade e efetividade no servi\u00e7o p\u00fablico.<\/li>\n<\/ul>\n\n\n\n<h2 class=\"wp-block-heading\" id=\"carreiras\">Carreiras na Administra\u00e7\u00e3o P\u00fablica<\/h2>\n\n\n\n<p>A Administra\u00e7\u00e3o P\u00fablica \u00e9 composta por uma s\u00e9rie de \u00f3rg\u00e3os e setores de diversas \u00e1reas do conhecimento. Com isso, \u00e9 poss\u00edvel encontrar oportunidades no setor p\u00fablico em quase todas as profiss\u00f5es. As oportunidades mais comuns de carreiras s\u00e3o:<\/p>\n\n\n\n<ul class=\"wp-block-list\">\n<li>Analista de Pol\u00edticas P\u00fablicas;<\/li>\n\n\n\n<li>Auditor Fiscal;<\/li>\n\n\n\n<li>Delegado de Pol\u00edcia;<\/li>\n\n\n\n<li>Procurador do Estado;<\/li>\n\n\n\n<li>Professor da Rede P\u00fablica;<\/li>\n\n\n\n<li>T\u00e9cnico Administrativo;<\/li>\n\n\n\n<li>Gestor P\u00fablico;<\/li>\n\n\n\n<li>Oficial de Justi\u00e7a;<\/li>\n\n\n\n<li>Controlador Interno;<\/li>\n\n\n\n<li>Especialista em Regula\u00e7\u00e3o, e afins.<\/li>\n<\/ul>\n\n\n\n<h2 class=\"wp-block-heading\" id=\"faz\">O que faz administra\u00e7\u00e3o p\u00fablica?<\/h2>\n\n\n\n<p>A administra\u00e7\u00e3o p\u00fablica \u00e9 respons\u00e1vel por organizar, gerir, regular e fiscalizar atividades em diversos aspectos de uma popula\u00e7\u00e3o como sa\u00fade, educa\u00e7\u00e3o, seguran\u00e7ca, ci\u00eancia, ind\u00fastria, com\u00e9rcio e muitas outras frentes de acordo com o contexto social. <\/p>\n\n\n\n<p>No caso do Brasil, devido a suas dimens\u00f5es continentais e a ampla diversidade cultural, a Administra\u00e7\u00e3o P\u00fablica \u00e9 respons\u00e1vel tamb\u00e9m por administrar conflitos e intervir em diversos assuntos emergentes. Sempre respeitando o combate a desigualdade e a cidadania, princ\u00edpios objetivos presentes na constitui\u00e7\u00e3o.<\/p>\n\n\n\n<h3 class=\"wp-block-heading\" id=\"h-o-que-faz-um-administrador-publico\">O que faz um administrador p\u00fablico?<\/h3>\n\n\n\n<p>O administrador p\u00fablico vai atuar de acordo com a institui\u00e7\u00e3o onde for atuar e suas especificidades:<\/p>\n\n\n\n<ul class=\"wp-block-list\">\n<li>Gest\u00e3o de projetos;<\/li>\n\n\n\n<li>Controladoria e Finan\u00e7as;<\/li>\n\n\n\n<li>Gest\u00e3o Educacional<\/li>\n\n\n\n<li>Pol\u00edticas P\u00fablicas e Gest\u00e3o Governamental;<\/li>\n\n\n\n<li>Seguran\u00e7ca P\u00fablica;<\/li>\n\n\n\n<li>Tecnologia da Informa\u00e7\u00e3o;<\/li>\n\n\n\n<li>Gest\u00e3o Estrat\u00e9gia em Sa\u00fade e muito mais!<\/li>\n<\/ul>\n\n\n\n<h2 class=\"wp-block-heading\" id=\"estuda\">O que estuda a administra\u00e7\u00e3o p\u00fablica?<\/h2>\n\n\n\n<p>Tudo depende do n\u00edvel de forma\u00e7\u00e3o que voc\u00ea busca. No curso de <a href=\"https:\/\/faculdade.grancursosonline.com.br\/curso\/gestao-publica\/\" target=\"_blank\" rel=\"noopener\">gradua\u00e7\u00e3o em Gest\u00e3o P\u00fablica<\/a> do Gran, por exemplo, o objetivo formar gestores competentes, tanto do ponto de vista \u00e9tico quanto t\u00e9cnico, aptos a gerir projetos p\u00fablicos estatais e n\u00e3o estatais, a partir da defini\u00e7\u00e3o e da execu\u00e7\u00e3o de t\u00e9cnicas e estrat\u00e9gias.<\/p>\n\n\n\n<p>J\u00e1 os cursos de <a href=\"https:\/\/pos.grancursosonline.com.br\/curso\/governanca-no-setor-publico\" target=\"_blank\" rel=\"noopener\">p\u00f3s-gradua\u00e7\u00e3o em Governan\u00e7a no Setor P\u00fablico<\/a> e <a href=\"https:\/\/pos.grancursosonline.com.br\/curso\/gestao-publica\" target=\"_blank\" rel=\"noopener\">p\u00f3s-gradua\u00e7\u00e3o em Gest\u00e3o P\u00fablica<\/a> buscam identificar e avaliar os princ\u00edpios fundamentais das boas pr\u00e1ticas de governan\u00e7a no setor p\u00fablico. Al\u00e9m disso, o foco \u00e9 capacitar profissionais para atua\u00e7\u00e3o como gestores, executivos, profissionais de alta performance.<\/p>\n\n\n\n<h2 class=\"wp-block-heading\" id=\"lei\">Lei da administra\u00e7\u00e3o p\u00fablica<\/h2>\n\n\n\n<p>Confira as principais leis da administra\u00e7\u00e3o p\u00fablica:<\/p>\n\n\n\n<ul class=\"wp-block-list\">\n<li>Lei de Licita\u00e7\u00f5es e Contratos;<\/li>\n\n\n\n<li>Lei de Responsabilidade Fiscal;<\/li>\n\n\n\n<li>Lei de Improbidade Administrativa;<\/li>\n\n\n\n<li>Lei de Acesso \u00e0 Informa\u00e7\u00e3o;<\/li>\n\n\n\n<li>Lei de Diretrizes Or\u00e7ament\u00e1rias e outras.<\/li>\n<\/ul>\n\n\n\n<h3 class=\"wp-block-heading\" id=\"h-crimes-contra-a-administracao-publica\">Crimes contra a administra\u00e7\u00e3o p\u00fablica<\/h3>\n\n\n\n<p>Os crimes contra a administra\u00e7\u00e3o p\u00fablica mais comuns s\u00e3o:<\/p>\n\n\n\n<ul class=\"wp-block-list\">\n<li>Improbidade administrativa;<\/li>\n\n\n\n<li>Corrup\u00e7\u00e3o ativa e passiva;<\/li>\n\n\n\n<li>Apropria\u00e7\u00e3o de bens p\u00fablicos;<\/li>\n\n\n\n<li>Favorecimento em raz\u00e3o de fun\u00e7\u00e3o;<\/li>\n\n\n\n<li>Falsidade ideol\u00f3gica;<\/li>\n\n\n\n<li>Crimes eleitorais;<\/li>\n\n\n\n<li>Fraude e outros.<\/li>\n<\/ul>\n\n\n\n<h3 class=\"wp-block-heading\" id=\"h-reformas-administrativas-no-brasil\">Reformas administrativas no Brasil<\/h3>\n\n\n\n<p>As reformas administrativas no Brasil visam modernizar a gest\u00e3o p\u00fablica, tornando-a mais eficiente, transparente e respons\u00e1vel. <\/p>\n\n\n\n<p>Desde a d\u00e9cada de 1990, iniciativas como a Reforma Gerencial buscaram reduzir a burocracia e aumentar a qualidade dos servi\u00e7os p\u00fablicos. Recentemente, a Proposta de Emenda \u00e0 Constitui\u00e7\u00e3o (PEC) 32\/2020, tamb\u00e9m conhecida como reforma administrativa, trouxe debates sobre a reestrutura\u00e7\u00e3o de carreiras, redu\u00e7\u00e3o de custos e maior valoriza\u00e7\u00e3o do m\u00e9rito no setor p\u00fablico.<\/p>\n\n\n\n<h3 class=\"wp-block-heading\" id=\"h-transparencia-e-lei-de-acesso-a-informacao\">Transpar\u00eancia e Lei de Acesso \u00e0 Informa\u00e7\u00e3o<\/h3>\n\n\n\n<p>A transpar\u00eancia \u00e9 um pilar fundamental para a gest\u00e3o p\u00fablica, e a Lei de Acesso \u00e0 Informa\u00e7\u00e3o (Lei n\u00ba 12.527\/2011) foi um marco nesse sentido. <\/p>\n\n\n\n<p>Essa legisla\u00e7\u00e3o garante a qualquer cidad\u00e3o o direito de acessar dados e documentos de \u00f3rg\u00e3os p\u00fablicos, promovendo o controle social e a <em>accountability<\/em>, que diz respeito a presta\u00e7\u00e3o de contas, controle e fiscaliza\u00e7\u00e3o. Al\u00e9m disso, ambos fortalecem a democracia, ajudam a combater a corrup\u00e7\u00e3o e a melhorar a efici\u00eancia dos servi\u00e7os oferecidos.<\/p>\n\n\n\n<h3 class=\"wp-block-heading\" id=\"h-etica-na-administracao-publica\">\u00c9tica na Administra\u00e7\u00e3o P\u00fablica<\/h3>\n\n\n\n<p>A \u00e9tica na Administra\u00e7\u00e3o P\u00fablica \u00e9 indispens\u00e1vel para garantir que os interesses coletivos prevale\u00e7am sobre os pessoais. Os servidores p\u00fablicos devem seguir princ\u00edpios como legalidade, moralidade, e efici\u00eancia, atuando com integridade e responsabilidade.<\/p>\n\n\n\n<h4 class=\"wp-block-heading\" id=\"h-o-que-e-impessoalidade-na-administracao-publica\">O que \u00e9 impessoalidade na Administra\u00e7\u00e3o P\u00fablica?<\/h4>\n\n\n\n<p>A impessoalidade \u00e9 um princ\u00edpio constitucional que assegura que os atos da Administra\u00e7\u00e3o P\u00fablica sejam realizados sem favoritismos ou discrimina\u00e7\u00f5es. Com isso, o princ\u00edpi garante que as decis\u00f5es sejam tomadas com base no interesse p\u00fablico, e n\u00e3o em benef\u00edcio de interesses particulares. <\/p>\n\n\n\n<h2 class=\"wp-block-heading\" id=\"nocoes\">No\u00e7\u00f5es de administra\u00e7\u00e3o p\u00fablica<\/h2>\n\n\n\n<p>Confira alguns t\u00f3picos e no\u00e7\u00f5es de administra\u00e7\u00e3o p\u00fablica importantes<\/p>\n\n\n\n<h3 class=\"wp-block-heading\" id=\"h-administracao-publica-direta-e-indireta\">Administra\u00e7\u00e3o p\u00fablica direta e indireta<\/h3>\n\n\n\n<p>A administra\u00e7\u00e3o p\u00fablica \u00e9 organizada em 2 tipos:<\/p>\n\n\n\n<ul class=\"wp-block-list\">\n<li><strong>Administra\u00e7\u00e3o P\u00fablica Direta: <\/strong>\u00f3rg\u00e3os relacionados e subordinados diretamente aos entes federativos. \u00c9 o caso das Assembl\u00e9ias Legislativas, Minist\u00e9rios e outros.<\/li>\n\n\n\n<li><strong>Administra\u00e7\u00e3o P\u00fablica Indireta:<\/strong> subordinadas ao controle do Estado, mas possuem certa independ\u00eancia. \u00c9 o caso de empresas p\u00fablicas, autarquias e funda\u00e7\u00f5es p\u00fablicas, por exemplo.<\/li>\n<\/ul>\n\n\n\n<h3 class=\"wp-block-heading\" id=\"h-poderes-da-administracao-publica\">Poderes da administra\u00e7\u00e3o p\u00fablica<\/h3>\n\n\n\n<p>Em resumo, existem 4 poderes da administra\u00e7\u00e3o p\u00fablica:<\/p>\n\n\n\n<ul class=\"wp-block-list\">\n<li><strong>Poder normativo (ou regulamentar):<\/strong> expedir normas, regulamentos e outros;<\/li>\n\n\n\n<li><strong>Poder hier\u00e1rquico: <\/strong>organiza\u00e7\u00e3o dos servidores e cargos;<\/li>\n\n\n\n<li><strong>Poder disciplinar: <\/strong>poder de punir infra\u00e7\u00f5es administrativas;<\/li>\n\n\n\n<li><strong>Poder de pol\u00edcia: <\/strong>busca pela ordem social.<\/li>\n<\/ul>\n\n\n\n<p>Al\u00e9m disso, alguns juristas tamb\u00e9m falam em outros 2 poderes da administra\u00e7\u00e3o p\u00fablica:<\/p>\n\n\n\n<ul class=\"wp-block-list\">\n<li><strong>Poder vinculado<\/strong>: dever de agir conforme a lei;<\/li>\n\n\n\n<li><strong>Poder discricion\u00e1rio<\/strong>: observar a conveni\u00eancia nas tomadas de decis\u00f5es.<\/li>\n<\/ul>\n\n\n\n<h3 class=\"wp-block-heading\" id=\"h-organizacao-da-administracao-publica\">Organiza\u00e7\u00e3o da administra\u00e7\u00e3o p\u00fablica<\/h3>\n\n\n\n<p>Em geral, a organiza\u00e7\u00e3o da administra\u00e7\u00e3o p\u00fablica se resolve em:<\/p>\n\n\n\n<ul class=\"wp-block-list\">\n<li><strong>Executivo<\/strong>: que organiza e executa projetos de interesse p\u00fablico;<\/li>\n\n\n\n<li><strong>Judici\u00e1rio<\/strong>: respons\u00e1vel por quest\u00f5es judiciais voltadas para a justi\u00e7a e defesa de direitos;<\/li>\n\n\n\n<li><strong>Legislativo<\/strong>: legisla, normatiza e regula, bem como fiscaliza governos.<\/li>\n<\/ul>\n\n\n\n<h2 class=\"wp-block-heading\" id=\"tendencias\">Tend\u00eancias da Administra\u00e7\u00e3o P\u00fablica<\/h2>\n\n\n\n<p>Confira as principais tend\u00eancias da administra\u00e7\u00e3o p\u00fablica:<\/p>\n\n\n\n<h3 class=\"wp-block-heading\" id=\"digitalizacao\">Digitaliza\u00e7\u00e3o da Administra\u00e7\u00e3o P\u00fablica<\/h3>\n\n\n\n<p>O mundo digital chegou e est\u00e1 cada vez mais forte. <strong>Diversos servi\u00e7os est\u00e3o sendo desenvolvidos pensando no meio online e virtual:<\/strong> transa\u00e7\u00f5es banc\u00e1rias, produtos digitais, emiss\u00e3o de documentos oficiais, assinaturas e mais uma s\u00e9rie de coisas que permeiam as burocracias brasileiras. Junto com isso, temos o surgimento da Lei Geral de Prote\u00e7\u00e3o de Dados (LGPD) que regula uma s\u00e9rie de temas sobre essa linha.<\/p>\n\n\n\n<h3 class=\"wp-block-heading\" id=\"relacoes-internacionais\">Rela\u00e7\u00f5es Internacionais<\/h3>\n\n\n\n<p>Em 2022 o mundo foi impactado pela Guerra da Ucr\u00e2nia. Diversos setores sentiram tens\u00f5es econ\u00f4micas e pol\u00edticas, mas a seguran\u00e7a e a confian\u00e7a na gest\u00e3o p\u00fablica buscaram ao m\u00e1ximo se manterem firmes. Nesse sentido,<strong> buscar meios de administrar conflitos e propor solu\u00e7\u00f5es s\u00e3o habilidades desejadas no setor p\u00fablico. <\/strong>\u00c9 preciso um senso de adaptabilidade muito grande e posicionamento forte para lidar com o dinamismo pol\u00edtico e quest\u00f5es internacionais.<\/p>\n\n\n\n<h3 class=\"wp-block-heading\" id=\"transparencia\">Administra\u00e7\u00e3o P\u00fablica e Transpar\u00eancia<\/h3>\n\n\n\n<p>Outro ponto que vem ganhando for\u00e7a dentro da administra\u00e7\u00e3o p\u00fablica \u00e9 a transpar\u00eancia. A forma como o dinheiro p\u00fablico \u00e9 gasto, contratos, licita\u00e7\u00f5es,<strong> cargos de confian\u00e7a e tudo que envolve a forma como a gest\u00e3o acontece vem sendo demandado cada vez mais.<\/strong> O desafio \u00e9 simples: encontrar uma forma de fazer isso em meio a uma organiza\u00e7\u00e3o que muda constantemente.<\/p>\n\n\n\n<h3 class=\"wp-block-heading\" id=\"desenvolvimento-social\">Desenvolvimento Social<\/h3>\n\n\n\n<p>Mais um ponto importante e que vem ganhando for\u00e7a na administra\u00e7\u00e3o p\u00fablica \u00e9 o desenvolvimento social. <strong>A preocupa\u00e7\u00e3o com a melhoria da qualidade de vida da popula\u00e7\u00e3o \u00e9 cada vez mais emergente: <\/strong>educa\u00e7\u00e3o, sa\u00fade, seguran\u00e7a e cultura t\u00eam tido aten\u00e7\u00e3o dos gestores e pol\u00edticos. Desse modo, profissionais aptos a desenvolver programas e iniciativas nesse tema se destacam facilmente.<\/p>\n\n\n\n<h2 class=\"wp-block-heading\" id=\"salario\">Quanto ganha um administrador p\u00fablico?<\/h2>\n\n\n\n<p>Em geral, um administrador p\u00fablico <strong>pode ganhar de R$ 7 mil a mais de R$ 20 mil reais dependendo da institui\u00e7\u00e3o a qual o profissional vai atuar.<\/strong> Tudo depende tamb\u00e9m da \u00e1rea e das atividades: gest\u00e3o financeira, de projetos, controladoria, <a href=\"https:\/\/blog.grancursosonline.com.br\/tecnologia-da-informacao-carreira\/\" target=\"_blank\" rel=\"noopener\">tecnologia da informa\u00e7\u00e3o<\/a> e muito mais.<\/p>\n\n\n\n<h2 class=\"wp-block-heading\" id=\"diferenca\">Qual a diferen\u00e7a entre administra\u00e7\u00e3o e administra\u00e7\u00e3o p\u00fablica?<\/h2>\n\n\n\n<p>Basicamente, a diferen\u00e7a entre administra\u00e7\u00e3o e administra\u00e7\u00e3o p\u00fablica est\u00e1 no seu campo de atua\u00e7\u00e3o. Enquanto a administra\u00e7\u00e3o \u00e9 um campo mais amplo, voltado para setores especialmente privados, a administra\u00e7\u00e3o p\u00fablica se dedica especialmente ao setor p\u00fablico e suas especificidades. <\/p>\n\n\n\n<h3 class=\"wp-block-heading\" id=\"h-diferencas-entre-administracao-publica-e-privada\">Diferen\u00e7as entre Administra\u00e7\u00e3o P\u00fablica e privada<\/h3>\n\n\n\n<p>Apesar de hoje em dia a Administra\u00e7\u00e3o P\u00fablica fazer uso de art\u00edficios da Administra\u00e7\u00e3o Privada para melhor gerenciar os seus recursos em aspectos de efici\u00eancia e atendimento a satisfa\u00e7\u00e3o dos cidad\u00e3os, existem algumas diferen\u00e7as. A principal delas est\u00e1 na obten\u00e7\u00e3o de lucros.<\/p>\n\n\n\n<p>Enquanto a Administra\u00e7\u00e3o Privada visa o lucro e a satisfa\u00e7\u00e3o dos acionistas, a Administra\u00e7\u00e3o P\u00fablica tem como foco o interesse coletivo e o bem-estar da sociedade. A primeira opera com maior autonomia e flexibilidade nas decis\u00f5es, enquanto a segunda est\u00e1 sujeita a normas legais estritas e ao controle social, sendo obrigada a prestar contas \u00e0 popula\u00e7\u00e3o e aos \u00f3rg\u00e3os fiscalizadores.<\/p>\n\n\n\n<h2 class=\"wp-block-heading\" id=\"desafios\">Desafios da Administra\u00e7\u00e3o P\u00fablica no Brasil<\/h2>\n\n\n\n<p>A Administra\u00e7\u00e3o P\u00fablica brasileira enfrenta desafios como:<\/p>\n\n\n\n<ul class=\"wp-block-list\">\n<li>Burocracia excessiva;<\/li>\n\n\n\n<li>Corrup\u00e7\u00e3o;<\/li>\n\n\n\n<li>Inefici\u00eancia nos gastos;<\/li>\n\n\n\n<li>Desigualdade no acesso aos servi\u00e7os p\u00fablicos;<\/li>\n\n\n\n<li>Valoriza\u00e7\u00e3o dos servidores p\u00fablicos;<\/li>\n\n\n\n<li>Moderniza\u00e7\u00e3o e digitaliza\u00e7\u00e3o da gest\u00e3o p\u00fablica;<\/li>\n\n\n\n<li>Inclus\u00e3o digital, e afins.<\/li>\n<\/ul>\n\n\n\n<h2 class=\"wp-block-heading\" id=\"concursos\">Concursos p\u00fablicos para Administra\u00e7\u00e3o P\u00fablica<\/h2>\n\n\n\n<p>Os concursos p\u00fablicos s\u00e3o a principal forma de ingresso na Administra\u00e7\u00e3o P\u00fablica, garantindo isonomia e transpar\u00eancia na sele\u00e7\u00e3o de servidores. As provas avaliam conhecimentos espec\u00edficos e gerais, al\u00e9m de habilidades necess\u00e1rias para cada cargo. Para quem deseja ingressar na carreira p\u00fablica, \u00e9 essencial dedicar-se aos estudos e estar atento aos editais publicados pelos \u00f3rg\u00e3os competentes.<\/p>\n\n\n\n<p class=\"has-text-align-center\"><a href=\"https:\/\/blog.grancursosonline.com.br\/concursos-gestao-publica\/\" target=\"_blank\" rel=\"noopener\"><strong>Saba tudo sobre Concursos p\u00fablicos para Administra\u00e7\u00e3o P\u00fablica<\/strong><\/a><\/p>\n\n\n\n<h2 class=\"wp-block-heading\" id=\"curso\">Curso de administra\u00e7\u00e3o p\u00fablica<\/h2>\n\n\n\n<p>Aqui na <a href=\"https:\/\/faculdade.grancursosonline.com.br\/\" target=\"_blank\" rel=\"noopener\">Gran Faculdade<\/a> voc\u00ea encontra diversos tipos de curso de Administra\u00e7\u00e3o P\u00fablica: desde a gradua\u00e7\u00e3o em <a href=\"https:\/\/faculdade.grancursosonline.com.br\/curso\/gestao-publica\/\" target=\"_blank\" rel=\"noopener\">Gest\u00e3o P\u00fablica<\/a> at\u00e9 cursos de p\u00f3s-gradua\u00e7\u00e3o. S\u00e3o excelentes oportunidades de capacita\u00e7\u00e3o 100% digitais, com professores experientes no mercado de trabalho p\u00fablico e privado. S\u00e3o diversas op\u00e7\u00f5es nos mais diversos segmentos administra\u00e7\u00e3o p\u00fablica, confira:<\/p>\n\n\n\n<ul class=\"wp-block-list\">\n<li><strong><a href=\"https:\/\/pos.grancursosonline.com.br\/curso\/direito-publico\" target=\"_blank\" rel=\"noopener\">P\u00f3s-Gradua\u00e7\u00e3o em Direito P\u00fablico<\/a><\/strong>: Capacitar profissionais do Direito para atua\u00e7\u00e3o pr\u00e1tica nos diversos \u00f3rg\u00e3os do Poder Judici\u00e1rio, Legislativo e Executivo, bem como no aprofundamento te\u00f3rico nas mat\u00e9rias do Direito P\u00fablico.<\/li>\n\n\n\n<li><a href=\"https:\/\/pos.grancursosonline.com.br\/curso\/controladoria-financas-publicas\" target=\"_blank\" rel=\"noopener\"><strong>P\u00f3s-Gradua\u00e7\u00e3o em Controladoria e Finan\u00e7as P\u00fablicas<\/strong><\/a>: Capacitar servidores p\u00fablicos e outros profissionais a desenvolverem atividades de planejamento, coordena\u00e7\u00e3o e execu\u00e7\u00e3o relativas \u00e0 fiscaliza\u00e7\u00e3o e ao controle dos recursos p\u00fablicos.<\/li>\n\n\n\n<li><strong><a href=\"https:\/\/pos.grancursosonline.com.br\/curso\/gestao-estrategica\" target=\"_blank\" rel=\"noopener\">P\u00f3s-Gradua\u00e7\u00e3o em Gest\u00e3o Estrat\u00e9gica<\/a><\/strong>: Capacitar profissionais para atuarem em gest\u00e3o estrat\u00e9gica em organiza\u00e7\u00f5es p\u00fablicas e privadas.<\/li>\n\n\n\n<li><strong><a href=\"https:\/\/pos.grancursosonline.com.br\/curso\/gestao-publica\" target=\"_blank\" rel=\"noopener\">P\u00f3s-Gradua\u00e7\u00e3o em Gest\u00e3o P\u00fablica<\/a>:<\/strong> Capacitar profissionais para atua\u00e7\u00e3o como gestores, executivos, profissionais de alta performance e consultores em \u00f3rg\u00e3os p\u00fablicos e em institui\u00e7\u00f5es privadas que atuem em parceria com o Poder P\u00fablico.<\/li>\n\n\n\n<li><a href=\"https:\/\/pos.grancursosonline.com.br\/curso\/governanca-no-setor-publico\" target=\"_blank\" rel=\"noopener\"><strong>P\u00f3s-Gradua\u00e7\u00e3o em Governan\u00e7a no Setor P\u00fablico<\/strong><\/a>: Identificar os princ\u00edpios fundamentais das boas pr\u00e1ticas de governan\u00e7a no setor p\u00fablico, avaliando sua aplicabilidade no cotidiano das institui\u00e7\u00f5es.<\/li>\n<\/ul>\n\n\n\n<h2 class=\"wp-block-heading\" id=\"h-pos-graduacao-faca-sua-especializacao-com-desconto\">P\u00f3s-Gradua\u00e7\u00e3o: fa\u00e7a sua especializa\u00e7\u00e3o com desconto!<\/h2>\n\n\n\n<p>Garanta sua matr\u00edcula em um dos novos cursos de p\u00f3s-gradua\u00e7\u00e3o da Gran P\u00f3s ou em&nbsp;<strong>qualquer uma das outras mais de 100 especializa\u00e7\u00f5es dispon\u00edveis na plataforma com at\u00e9 77% de desconto!<\/strong><\/p>\n\n\n\n<p>Queremos te ajudar a conquistar todos seus objetivos acad\u00eamicos e profissionais! Por isso, o Gran disponibiliza uma s\u00e9rie de promo\u00e7\u00f5es. Afinal, a educa\u00e7\u00e3o deve e pode ser para todos! <strong>Veja quais cupons s\u00e3o v\u00e1lidos at\u00e9 o preenchimento das vagas dispon\u00edveis:<\/strong><\/p>\n\n\n\n<figure class=\"wp-block-table\"><div class=\"container-tabela\"><table class=\"has-fixed-layout\"><thead><tr><th>Tipo de Desconto<\/th><th>Curso<\/th><th>Valores<\/th><th>Cupons<\/th><\/tr><\/thead><tbody><tr><td rowspan=\"2\">SOCIAL<\/td><td>P\u00f3s-Gradua\u00e7\u00e3o<\/td><td>12x de R$ 89,90<\/td><td>POSGRANSOCIAL<\/td><\/tr><tr><td>MBA<\/td><td>12x de R$ 89,90<\/td><td>MBAGRANSOCIAL<\/td><\/tr><tr><td rowspan=\"2\">ALUNOS GRAN<\/td><td>P\u00f3s-Gradua\u00e7\u00e3o<\/td><td>12x de R$ 89,90<\/td><td>SOUALUNOGRAN<\/td><\/tr><tr><td>MBA<\/td><td>12x de R$ 89,90<\/td><td>MBAALUNOGRAN<\/td><\/tr><tr><td rowspan=\"2\">EX-ALUNOS<\/td><td>P\u00f3s-Gradua\u00e7\u00e3o<\/td><td>12x de R$ 89,90<\/td><td>VOLTEIPROGRAN<\/td><\/tr><tr><td>MBA<\/td><td>12x de R$ 89,90<\/td><td>MBAVOLTEIPROGRAN<\/td><\/tr><tr><td rowspan=\"2\">NOVOS ALUNOS <\/td><td>P\u00f3s-Gradua\u00e7\u00e3o<\/td><td>12x de R$ 109,90<\/td><td>NOVONOGRAN<\/td><\/tr><tr><td>MBA<\/td><td>12x de R$ 109,90<\/td><td>MBANOVONOGRAN<\/td><\/tr><tr><td><strong>COMBO P\u00d3S*<\/strong><\/td><td><strong>P\u00f3s-Gradua\u00e7\u00e3o<\/strong><\/td><td><strong>12x de R$ 109,90<\/strong><\/td><td><strong>COMBOPOS<\/strong><\/td><\/tr><\/tbody><\/table><\/div><figcaption class=\"wp-element-caption\">* A condi\u00e7\u00e3o de 2 cursos pelo pre\u00e7o de 1 n\u00e3o inclui os cursos de MBA<\/figcaption><\/figure>\n\n\n\n<p><strong>\u00c0 vista no PIX ou Boleto voc\u00ea ainda adquire MAIS 5% DE DESCONTO!<\/strong><\/p>\n\n\n\n<p>Para garantir os pre\u00e7os promocionais, basta acessar a p\u00e1gina da sua especializa\u00e7\u00e3o de prefer\u00eancia e visualizar todos os cupons ao lado do pre\u00e7o final!<\/p>\n\n\n\n<p>Se, por acaso, o desconto n\u00e3o for aplicado imediatamente, voc\u00ea tamb\u00e9m poder\u00e1 digitar o c\u00f3digo do cupom informado na tabela acima!<\/p>\n\n\n\n<p class=\"has-text-align-center has-text-align-center\"><a href=\"https:\/\/pos.grancursosonline.com.br\/\" target=\"_blank\" rel=\"noreferrer noopener\"><strong>Garanta sua matr\u00edcula com desconto!<\/strong><\/a><\/p>\n\n\n\n<h2 class=\"wp-block-heading\" id=\"h-vem-pra-gran-faculdade\">Vem pra Gran Faculdade!<\/h2>\n\n\n\n<p>A Gran Faculdade vem mudando a vida de milhares de pessoas por meio de cursos \u00e0 dist\u00e2ncia de <a href=\"https:\/\/faculdade.grancursosonline.com.br\/\" target=\"_blank\" rel=\"noreferrer noopener\">gradua\u00e7\u00e3o<\/a>, <a href=\"https:\/\/pos.grancursosonline.com.br\/\" target=\"_blank\" rel=\"noreferrer noopener\">p\u00f3s-gradua\u00e7\u00e3o<\/a> e <a href=\"https:\/\/pos.grancursosonline.com.br\/mba\" target=\"_blank\" rel=\"noreferrer noopener\">MBA<\/a>. Seja no digital ou em nosso <a href=\"https:\/\/presencial.grancursosonline.com.br\/\" target=\"_blank\" rel=\"noreferrer noopener\">Campus Presencial em Curitiba<\/a>, a nossa miss\u00e3o \u00e9 transformar a educa\u00e7\u00e3o superior.<\/p>\n\n\n\n<p>Como parte de Sistema Gran de Ensino, que \u00e9 reconhecido como marca aprovadora h\u00e1 mais de 10 anos, constru\u00edmos uma renomada reputa\u00e7\u00e3o na \u00e1rea de educa\u00e7\u00e3o.<\/p>\n\n\n\n<p>Veja algumas de nossas conquistas:<\/p>\n\n\n\n<ul class=\"wp-block-list\">\n<li>Reconhecido pela Amazon como um dos projetos mais relevantes do mundo na \u00e1rea de Tecnologia e Educa\u00e7\u00e3o;<\/li>\n\n\n\n<li>Foi eleito pelo Project Management Institute (PMI), um dos 50 Projetos Mais Influentes do mundo;<\/li>\n\n\n\n<li>Somos o site de educa\u00e7\u00e3o mais acessado do Brasil;<\/li>\n\n\n\n<li>Somos avaliados com a nota m\u00e1xima pelo MEC;<\/li>\n\n\n\n<li>Aqui o semestre come\u00e7a quando quiser: entrada imediata e cont\u00ednua!<\/li>\n\n\n\n<li>Melhores pre\u00e7os do mercado;<\/li>\n\n\n\n<li>Mais de 500 mil alunos pagantes e mais de 1000 funcion\u00e1rios;<\/li>\n\n\n\n<li>Diversas ferramentas de estudo: PDFs, audiobooks, mapas mentais, videoaulas, quest\u00f5es, gerenciador de estudos e muito mais!<\/li>\n\n\n\n<li>Professores experientes e capacitados;<\/li>\n\n\n\n<li>Acesso imediato e 100% online.<\/li>\n<\/ul>\n\n\n\n<p class=\"has-text-align-center has-text-align-center\"><strong><a href=\"https:\/\/faculdade.grancursosonline.com.br\/\" target=\"_blank\" rel=\"noreferrer noopener\">Quero ser aluno da Gran Faculdade!<\/a><\/strong><\/p>\n\n\n\n<div class=\"wp-block-group has-background\" style=\"background-color:#8dd2fc7a\"><div class=\"wp-block-group__inner-container is-layout-constrained wp-block-group-is-layout-constrained\">\n<p><strong>Outras not\u00edcias em destaque:<\/strong><\/p>\n\n\n\n<ul class=\"wp-block-list\">\n<li><a href=\"https:\/\/blog.grancursosonline.com.br\/administracao-publica-para-concursos\/\" target=\"_blank\" rel=\"noopener\">Administra\u00e7\u00e3o P\u00fablica para concursos: como \u00e9 cobrada?<\/a><\/li>\n\n\n\n<li><a href=\"https:\/\/blog.grancursosonline.com.br\/nocoes-de-administracao-publica\/\" target=\"_blank\" rel=\"noopener\">No\u00e7\u00f5es de administra\u00e7\u00e3o p\u00fablica para concursos | Gran Cursos Online<\/a><\/li>\n\n\n\n<li><a href=\"https:\/\/faculdade.grancursosonline.com.br\/blog\/principios-administracao-publica\/\" target=\"_blank\" rel=\"noopener\">Princ\u00edpios da Administra\u00e7\u00e3o P\u00fablica: quais s\u00e3o e como usar?<\/a><\/li>\n<\/ul>\n<\/div><\/div>\n\n\n\n<div class=\"wp-block-group\"><div class=\"wp-block-group__inner-container is-layout-constrained wp-block-group-is-layout-constrained\">\n<div class=\"wp-block-group\"><div class=\"wp-block-group__inner-container is-layout-constrained wp-block-group-is-layout-constrained\">\n<section style=\"text-align: center;\">\n<p>Quer ficar por dentro da Faculdade Digital mais inovadora do Brasil?<\/p>\n<nav>\n<p class=\"has-background has-dark-bluish-background-color\" style=\"font-size: 25px; text-align: center; background: #f0f0f0; color: #ffffff; padding: 4px 0px 4xp 0px;\"><a style=\"color: #0d134c; text-decoration: underline;\" href=\"https:\/\/faculdade.grancursosonline.com.br\/\" target=\"_blank\" rel=\"noopener\">GRADUA\u00c7\u00c3O<\/a><\/p>\n<p class=\"has-background has-dark-bluish-background-color\" style=\"font-size: 25px; text-align: center; background: #f0f0f0; color: #ffffff; padding: 4px 0px 4xp 0px;\"><a style=\"color: #0d134c; text-decoration: underline;\" href=\"https:\/\/pos.grancursosonline.com.br\/\" target=\"_blank\" rel=\"noopener\">P\u00d3S-GRADUA\u00c7\u00c3O<\/a><\/p>\n<p class=\"has-background has-dark-bluish-background-color\" style=\"font-size: 25px; text-align: center; background: #f0f0f0; color: #ffffff; padding: 4px 0px 4xp 0px;\"><a style=\"color: #0d134c; text-decoration: underline;\" href=\"https:\/\/faculdade.grancursosonline.com.br\/nossos-cursos\/\" target=\"_blank\" rel=\"noopener\">TUDO SOBRE A GRAN FACULDADE<\/a><\/p>\n<\/nav>\n<p><strong>Receba <span style=\"color: #cf1e25;\">gratuitamente<\/span> no seu celular as principais not\u00edcias sobre a Gran Faculdade! <br \/>Clique no link abaixo e inscreva-se:<\/strong><\/p>\n<p class=\"has-background has-dark-bluish-background-color\" style=\"font-size: 25px; text-align: center; background: #f0f0f0; color: #ffffff; padding: 4px 0px 4xp 0px;\"><a style=\"color: #0d134c; text-decoration: underline;\" href=\"https:\/\/whatsapp.com\/channel\/0029VaG1sChI7Be7PNndhL43\" target=\"_blank\" rel=\"noopener noreferrer\">WHATSAPP<\/a><\/p>\n<p class=\"has-background has-dark-bluish-background-color\" style=\"font-size: 25px; text-align: center; background: #f0f0f0; color: #ffffff; padding: 4px 0px 4xp 0px;\"><a style=\"color: #0d134c; text-decoration: underline;\" href=\"https:\/\/t.me\/GranFaculdade\" target=\"_blank\" rel=\"noopener noreferrer\">TELEGRAM<\/a><\/p>\n<\/section>\n<\/div><\/div>\n<\/div><\/div>\n","protected":false},"excerpt":{"rendered":"<p>Muito se fala sobre as tend\u00eancias do mercado em geral, mas a administra\u00e7\u00e3o p\u00fablica tamb\u00e9m conta com algumas especificidades. Por isso, estar atento a elas em diferentes \u00e1reas do conhecimento e de atua\u00e7\u00e3o \u00e9 muito importante. Ainda mais se voc\u00ea atua ou quer atuar nesse campo, seja como concursado, consultor ou algum outro tipo de&hellip;<\/p>\n","protected":false},"author":514,"featured_media":79762152,"comment_status":"open","ping_status":"open","sticky":false,"template":"","format":"standard","meta":{"_acf_changed":false,"content-type":"","footnotes":""},"categories":[209229,2],"tags":[126404,209284],"class_list":["post-79588250","post","type-post","status-publish","format-standard","has-post-thumbnail","hentry","category-pos-graduacao","category-ultimas-noticias","tag-cursos-e-pos-graduacao","tag-gran-cursos-pos-graduacao"],"acf":[],"yoast_head":"<!-- This site is optimized with the Yoast SEO Premium plugin v27.2 (Yoast SEO v27.2) - https:\/\/yoast.com\/product\/yoast-seo-premium-wordpress\/ -->\n<title>Administra\u00e7\u00e3o p\u00fablica: o que \u00e9, conceito e princ\u00edpios!<\/title>\n<meta name=\"description\" content=\"Saiba tudo sobre Administra\u00e7\u00e3o P\u00fablica: confira os princ\u00edpios, poderes e a import\u00e2ncia da Administra\u00e7\u00e3o P\u00fablica. Veja!\" \/>\n<meta name=\"robots\" content=\"index, follow, max-snippet:-1, max-image-preview:large, max-video-preview:-1\" \/>\n<link rel=\"canonical\" href=\"https:\/\/faculdade.grancursosonline.com.br\/blog\/administracao-publica\/\" \/>\n<meta property=\"og:locale\" content=\"pt_BR\" \/>\n<meta property=\"og:type\" content=\"article\" \/>\n<meta property=\"og:title\" content=\"Administra\u00e7\u00e3o p\u00fablica: o que \u00e9, conceito e princ\u00edpios!\" \/>\n<meta property=\"og:description\" content=\"Saiba tudo sobre Administra\u00e7\u00e3o P\u00fablica: confira os princ\u00edpios, poderes e a import\u00e2ncia da Administra\u00e7\u00e3o P\u00fablica. Veja!\" \/>\n<meta property=\"og:url\" content=\"https:\/\/faculdade.grancursosonline.com.br\/blog\/administracao-publica\/\" \/>\n<meta property=\"og:site_name\" content=\"Blog Gran Faculdade\" \/>\n<meta property=\"article:publisher\" content=\"https:\/\/www.facebook.com\/grancursosonline\/\" \/>\n<meta property=\"article:published_time\" content=\"2026-02-19T21:12:48+00:00\" \/>\n<meta property=\"article:modified_time\" content=\"2026-02-19T21:13:00+00:00\" \/>\n<meta property=\"og:image\" content=\"https:\/\/blog-es-static.infra.grancursosonline.com.br\/wp-content\/uploads\/2025\/01\/19181044\/administracao-publica-2.jpg\" \/>\n\t<meta property=\"og:image:width\" content=\"511\" \/>\n\t<meta property=\"og:image:height\" content=\"311\" \/>\n\t<meta property=\"og:image:type\" content=\"image\/jpeg\" \/>\n<meta name=\"author\" content=\"Guilherme Henrique\" \/>\n<meta name=\"twitter:card\" content=\"summary_large_image\" \/>\n<meta name=\"twitter:creator\" content=\"@gran_online\" \/>\n<meta name=\"twitter:site\" content=\"@gran_online\" \/>\n<meta name=\"twitter:label1\" content=\"Written by\" \/>\n\t<meta name=\"twitter:data1\" content=\"Guilherme Henrique\" \/>\n\t<meta name=\"twitter:label2\" content=\"Est. reading time\" \/>\n\t<meta name=\"twitter:data2\" content=\"14 minutos\" \/>\n<script type=\"application\/ld+json\" class=\"yoast-schema-graph\">{\"@context\":\"https:\/\/schema.org\",\"@graph\":[{\"@type\":\"NewsArticle\",\"@id\":\"https:\/\/faculdade.grancursosonline.com.br\/blog\/administracao-publica\/#article\",\"isPartOf\":{\"@id\":\"https:\/\/faculdade.grancursosonline.com.br\/blog\/administracao-publica\/\"},\"author\":{\"name\":\"Guilherme Henrique\",\"@id\":\"https:\/\/faculdade.grancursosonline.com.br\/blog\/#\/schema\/person\/9745f9b6db8976613c1f439dbcfe717d\"},\"headline\":\"Administra\u00e7\u00e3o p\u00fablica: o que \u00e9, conceito e princ\u00edpios!\",\"datePublished\":\"2026-02-19T21:12:48+00:00\",\"dateModified\":\"2026-02-19T21:13:00+00:00\",\"mainEntityOfPage\":{\"@id\":\"https:\/\/faculdade.grancursosonline.com.br\/blog\/administracao-publica\/\"},\"wordCount\":2582,\"commentCount\":0,\"publisher\":{\"@id\":\"https:\/\/faculdade.grancursosonline.com.br\/blog\/#organization\"},\"image\":{\"@id\":\"https:\/\/faculdade.grancursosonline.com.br\/blog\/administracao-publica\/#primaryimage\"},\"thumbnailUrl\":\"https:\/\/blog-es-static.infra.grancursosonline.com.br\/wp-content\/uploads\/2025\/01\/19181029\/administracao-publica.jpg\",\"keywords\":[\"Cursos e P\u00f3s-gradua\u00e7\u00e3o\",\"Gran Cursos P\u00f3s-Gradua\u00e7\u00e3o\"],\"articleSection\":[\"P\u00f3s-Gradua\u00e7\u00e3o Gran Faculdade\",\"\u00daltimas Not\u00edcias\"],\"inLanguage\":\"pt-BR\",\"potentialAction\":[{\"@type\":\"CommentAction\",\"name\":\"Comment\",\"target\":[\"https:\/\/faculdade.grancursosonline.com.br\/blog\/administracao-publica\/#respond\"]}],\"copyrightYear\":\"2026\",\"copyrightHolder\":{\"@id\":\"https:\/\/faculdade.grancursosonline.com.br\/blog\/#organization\"}},{\"@type\":\"WebPage\",\"@id\":\"https:\/\/faculdade.grancursosonline.com.br\/blog\/administracao-publica\/\",\"url\":\"https:\/\/faculdade.grancursosonline.com.br\/blog\/administracao-publica\/\",\"name\":\"Administra\u00e7\u00e3o p\u00fablica: o que \u00e9, conceito e princ\u00edpios!\",\"isPartOf\":{\"@id\":\"https:\/\/faculdade.grancursosonline.com.br\/blog\/#website\"},\"primaryImageOfPage\":{\"@id\":\"https:\/\/faculdade.grancursosonline.com.br\/blog\/administracao-publica\/#primaryimage\"},\"image\":{\"@id\":\"https:\/\/faculdade.grancursosonline.com.br\/blog\/administracao-publica\/#primaryimage\"},\"thumbnailUrl\":\"https:\/\/blog-es-static.infra.grancursosonline.com.br\/wp-content\/uploads\/2025\/01\/19181029\/administracao-publica.jpg\",\"datePublished\":\"2026-02-19T21:12:48+00:00\",\"dateModified\":\"2026-02-19T21:13:00+00:00\",\"description\":\"Saiba tudo sobre Administra\u00e7\u00e3o P\u00fablica: confira os princ\u00edpios, poderes e a import\u00e2ncia da Administra\u00e7\u00e3o P\u00fablica. Veja!\",\"breadcrumb\":{\"@id\":\"https:\/\/faculdade.grancursosonline.com.br\/blog\/administracao-publica\/#breadcrumb\"},\"inLanguage\":\"pt-BR\",\"potentialAction\":[{\"@type\":\"ReadAction\",\"target\":[\"https:\/\/faculdade.grancursosonline.com.br\/blog\/administracao-publica\/\"]}]},{\"@type\":\"ImageObject\",\"inLanguage\":\"pt-BR\",\"@id\":\"https:\/\/faculdade.grancursosonline.com.br\/blog\/administracao-publica\/#primaryimage\",\"url\":\"https:\/\/blog-es-static.infra.grancursosonline.com.br\/wp-content\/uploads\/2025\/01\/19181029\/administracao-publica.jpg\",\"contentUrl\":\"https:\/\/blog-es-static.infra.grancursosonline.com.br\/wp-content\/uploads\/2025\/01\/19181029\/administracao-publica.jpg\",\"width\":1001,\"height\":601,\"caption\":\"Administra\u00e7\u00e3o p\u00fablica: o que \u00e9, conceito e princ\u00edpios!\"},{\"@type\":\"BreadcrumbList\",\"@id\":\"https:\/\/faculdade.grancursosonline.com.br\/blog\/administracao-publica\/#breadcrumb\",\"itemListElement\":[{\"@type\":\"ListItem\",\"position\":1,\"name\":\"In\u00edcio\",\"item\":\"https:\/\/faculdade.grancursosonline.com.br\/blog\/\"},{\"@type\":\"ListItem\",\"position\":2,\"name\":\"P\u00f3s-Gradua\u00e7\u00e3o Gran Faculdade\",\"item\":\"https:\/\/faculdade.grancursosonline.com.br\/blog\/pos-graduacao\/\"},{\"@type\":\"ListItem\",\"position\":3,\"name\":\"Administra\u00e7\u00e3o p\u00fablica: o que \u00e9, conceito e princ\u00edpios!\"}]},{\"@type\":\"WebSite\",\"@id\":\"https:\/\/faculdade.grancursosonline.com.br\/blog\/#website\",\"url\":\"https:\/\/faculdade.grancursosonline.com.br\/blog\/\",\"name\":\"Blog Gran Faculdade\",\"description\":\"Tudo sobre ensino superior, p\u00f3s-gradua\u00e7\u00e3o, enem e carreira.\",\"publisher\":{\"@id\":\"https:\/\/faculdade.grancursosonline.com.br\/blog\/#organization\"},\"potentialAction\":[{\"@type\":\"SearchAction\",\"target\":{\"@type\":\"EntryPoint\",\"urlTemplate\":\"https:\/\/faculdade.grancursosonline.com.br\/blog\/?s={search_term_string}\"},\"query-input\":{\"@type\":\"PropertyValueSpecification\",\"valueRequired\":true,\"valueName\":\"search_term_string\"}}],\"inLanguage\":\"pt-BR\"},{\"@type\":\"Organization\",\"@id\":\"https:\/\/faculdade.grancursosonline.com.br\/blog\/#organization\",\"name\":\"Gran Cursos Online\",\"url\":\"https:\/\/faculdade.grancursosonline.com.br\/blog\/\",\"logo\":{\"@type\":\"ImageObject\",\"inLanguage\":\"pt-BR\",\"@id\":\"https:\/\/faculdade.grancursosonline.com.br\/blog\/#\/schema\/logo\/image\/\",\"url\":\"https:\/\/blog-es-static.infra.grancursosonline.com.br\/wp-content\/uploads\/2019\/08\/03123934\/logo.png\",\"contentUrl\":\"https:\/\/blog-es-static.infra.grancursosonline.com.br\/wp-content\/uploads\/2019\/08\/03123934\/logo.png\",\"width\":300,\"height\":57,\"caption\":\"Gran Cursos Online\"},\"image\":{\"@id\":\"https:\/\/faculdade.grancursosonline.com.br\/blog\/#\/schema\/logo\/image\/\"},\"sameAs\":[\"https:\/\/www.facebook.com\/grancursosonline\/\",\"https:\/\/x.com\/gran_online\",\"https:\/\/www.instagram.com\/grancursosonline\/\",\"https:\/\/www.youtube.com\/user\/grancursostv\"]},{\"@type\":\"Person\",\"@id\":\"https:\/\/faculdade.grancursosonline.com.br\/blog\/#\/schema\/person\/9745f9b6db8976613c1f439dbcfe717d\",\"name\":\"Guilherme Henrique\",\"url\":\"https:\/\/faculdade.grancursosonline.com.br\/blog\/author\/guilherme-lourenco\/\"}]}<\/script>\n<!-- \/ Yoast SEO Premium plugin. -->","yoast_head_json":{"title":"Administra\u00e7\u00e3o p\u00fablica: o que \u00e9, conceito e princ\u00edpios!","description":"Saiba tudo sobre Administra\u00e7\u00e3o P\u00fablica: confira os princ\u00edpios, poderes e a import\u00e2ncia da Administra\u00e7\u00e3o P\u00fablica. Veja!","robots":{"index":"index","follow":"follow","max-snippet":"max-snippet:-1","max-image-preview":"max-image-preview:large","max-video-preview":"max-video-preview:-1"},"canonical":"https:\/\/faculdade.grancursosonline.com.br\/blog\/administracao-publica\/","og_locale":"pt_BR","og_type":"article","og_title":"Administra\u00e7\u00e3o p\u00fablica: o que \u00e9, conceito e princ\u00edpios!","og_description":"Saiba tudo sobre Administra\u00e7\u00e3o P\u00fablica: confira os princ\u00edpios, poderes e a import\u00e2ncia da Administra\u00e7\u00e3o P\u00fablica. Veja!","og_url":"https:\/\/faculdade.grancursosonline.com.br\/blog\/administracao-publica\/","og_site_name":"Blog Gran Faculdade","article_publisher":"https:\/\/www.facebook.com\/grancursosonline\/","article_published_time":"2026-02-19T21:12:48+00:00","article_modified_time":"2026-02-19T21:13:00+00:00","og_image":[{"width":511,"height":311,"url":"https:\/\/blog-es-static.infra.grancursosonline.com.br\/wp-content\/uploads\/2025\/01\/19181044\/administracao-publica-2.jpg","type":"image\/jpeg"}],"author":"Guilherme Henrique","twitter_card":"summary_large_image","twitter_creator":"@gran_online","twitter_site":"@gran_online","twitter_misc":{"Written by":"Guilherme Henrique","Est. reading time":"14 minutos"},"schema":{"@context":"https:\/\/schema.org","@graph":[{"@type":"NewsArticle","@id":"https:\/\/faculdade.grancursosonline.com.br\/blog\/administracao-publica\/#article","isPartOf":{"@id":"https:\/\/faculdade.grancursosonline.com.br\/blog\/administracao-publica\/"},"author":{"name":"Guilherme Henrique","@id":"https:\/\/faculdade.grancursosonline.com.br\/blog\/#\/schema\/person\/9745f9b6db8976613c1f439dbcfe717d"},"headline":"Administra\u00e7\u00e3o p\u00fablica: o que \u00e9, conceito e princ\u00edpios!","datePublished":"2026-02-19T21:12:48+00:00","dateModified":"2026-02-19T21:13:00+00:00","mainEntityOfPage":{"@id":"https:\/\/faculdade.grancursosonline.com.br\/blog\/administracao-publica\/"},"wordCount":2582,"commentCount":0,"publisher":{"@id":"https:\/\/faculdade.grancursosonline.com.br\/blog\/#organization"},"image":{"@id":"https:\/\/faculdade.grancursosonline.com.br\/blog\/administracao-publica\/#primaryimage"},"thumbnailUrl":"https:\/\/blog-es-static.infra.grancursosonline.com.br\/wp-content\/uploads\/2025\/01\/19181029\/administracao-publica.jpg","keywords":["Cursos e P\u00f3s-gradua\u00e7\u00e3o","Gran Cursos P\u00f3s-Gradua\u00e7\u00e3o"],"articleSection":["P\u00f3s-Gradua\u00e7\u00e3o Gran Faculdade","\u00daltimas Not\u00edcias"],"inLanguage":"pt-BR","potentialAction":[{"@type":"CommentAction","name":"Comment","target":["https:\/\/faculdade.grancursosonline.com.br\/blog\/administracao-publica\/#respond"]}],"copyrightYear":"2026","copyrightHolder":{"@id":"https:\/\/faculdade.grancursosonline.com.br\/blog\/#organization"}},{"@type":"WebPage","@id":"https:\/\/faculdade.grancursosonline.com.br\/blog\/administracao-publica\/","url":"https:\/\/faculdade.grancursosonline.com.br\/blog\/administracao-publica\/","name":"Administra\u00e7\u00e3o p\u00fablica: o que \u00e9, conceito e princ\u00edpios!","isPartOf":{"@id":"https:\/\/faculdade.grancursosonline.com.br\/blog\/#website"},"primaryImageOfPage":{"@id":"https:\/\/faculdade.grancursosonline.com.br\/blog\/administracao-publica\/#primaryimage"},"image":{"@id":"https:\/\/faculdade.grancursosonline.com.br\/blog\/administracao-publica\/#primaryimage"},"thumbnailUrl":"https:\/\/blog-es-static.infra.grancursosonline.com.br\/wp-content\/uploads\/2025\/01\/19181029\/administracao-publica.jpg","datePublished":"2026-02-19T21:12:48+00:00","dateModified":"2026-02-19T21:13:00+00:00","description":"Saiba tudo sobre Administra\u00e7\u00e3o P\u00fablica: confira os princ\u00edpios, poderes e a import\u00e2ncia da Administra\u00e7\u00e3o P\u00fablica. Veja!","breadcrumb":{"@id":"https:\/\/faculdade.grancursosonline.com.br\/blog\/administracao-publica\/#breadcrumb"},"inLanguage":"pt-BR","potentialAction":[{"@type":"ReadAction","target":["https:\/\/faculdade.grancursosonline.com.br\/blog\/administracao-publica\/"]}]},{"@type":"ImageObject","inLanguage":"pt-BR","@id":"https:\/\/faculdade.grancursosonline.com.br\/blog\/administracao-publica\/#primaryimage","url":"https:\/\/blog-es-static.infra.grancursosonline.com.br\/wp-content\/uploads\/2025\/01\/19181029\/administracao-publica.jpg","contentUrl":"https:\/\/blog-es-static.infra.grancursosonline.com.br\/wp-content\/uploads\/2025\/01\/19181029\/administracao-publica.jpg","width":1001,"height":601,"caption":"Administra\u00e7\u00e3o p\u00fablica: o que \u00e9, conceito e princ\u00edpios!"},{"@type":"BreadcrumbList","@id":"https:\/\/faculdade.grancursosonline.com.br\/blog\/administracao-publica\/#breadcrumb","itemListElement":[{"@type":"ListItem","position":1,"name":"In\u00edcio","item":"https:\/\/faculdade.grancursosonline.com.br\/blog\/"},{"@type":"ListItem","position":2,"name":"P\u00f3s-Gradua\u00e7\u00e3o Gran Faculdade","item":"https:\/\/faculdade.grancursosonline.com.br\/blog\/pos-graduacao\/"},{"@type":"ListItem","position":3,"name":"Administra\u00e7\u00e3o p\u00fablica: o que \u00e9, conceito e princ\u00edpios!"}]},{"@type":"WebSite","@id":"https:\/\/faculdade.grancursosonline.com.br\/blog\/#website","url":"https:\/\/faculdade.grancursosonline.com.br\/blog\/","name":"Blog Gran Faculdade","description":"Tudo sobre ensino superior, p\u00f3s-gradua\u00e7\u00e3o, enem e carreira.","publisher":{"@id":"https:\/\/faculdade.grancursosonline.com.br\/blog\/#organization"},"potentialAction":[{"@type":"SearchAction","target":{"@type":"EntryPoint","urlTemplate":"https:\/\/faculdade.grancursosonline.com.br\/blog\/?s={search_term_string}"},"query-input":{"@type":"PropertyValueSpecification","valueRequired":true,"valueName":"search_term_string"}}],"inLanguage":"pt-BR"},{"@type":"Organization","@id":"https:\/\/faculdade.grancursosonline.com.br\/blog\/#organization","name":"Gran Cursos Online","url":"https:\/\/faculdade.grancursosonline.com.br\/blog\/","logo":{"@type":"ImageObject","inLanguage":"pt-BR","@id":"https:\/\/faculdade.grancursosonline.com.br\/blog\/#\/schema\/logo\/image\/","url":"https:\/\/blog-es-static.infra.grancursosonline.com.br\/wp-content\/uploads\/2019\/08\/03123934\/logo.png","contentUrl":"https:\/\/blog-es-static.infra.grancursosonline.com.br\/wp-content\/uploads\/2019\/08\/03123934\/logo.png","width":300,"height":57,"caption":"Gran Cursos Online"},"image":{"@id":"https:\/\/faculdade.grancursosonline.com.br\/blog\/#\/schema\/logo\/image\/"},"sameAs":["https:\/\/www.facebook.com\/grancursosonline\/","https:\/\/x.com\/gran_online","https:\/\/www.instagram.com\/grancursosonline\/","https:\/\/www.youtube.com\/user\/grancursostv"]},{"@type":"Person","@id":"https:\/\/faculdade.grancursosonline.com.br\/blog\/#\/schema\/person\/9745f9b6db8976613c1f439dbcfe717d","name":"Guilherme Henrique","url":"https:\/\/faculdade.grancursosonline.com.br\/blog\/author\/guilherme-lourenco\/"}]}},"_links":{"self":[{"href":"https:\/\/faculdade.grancursosonline.com.br\/blog\/wp-json\/wp\/v2\/posts\/79588250","targetHints":{"allow":["GET"]}}],"collection":[{"href":"https:\/\/faculdade.grancursosonline.com.br\/blog\/wp-json\/wp\/v2\/posts"}],"about":[{"href":"https:\/\/faculdade.grancursosonline.com.br\/blog\/wp-json\/wp\/v2\/types\/post"}],"author":[{"embeddable":true,"href":"https:\/\/faculdade.grancursosonline.com.br\/blog\/wp-json\/wp\/v2\/users\/514"}],"replies":[{"embeddable":true,"href":"https:\/\/faculdade.grancursosonline.com.br\/blog\/wp-json\/wp\/v2\/comments?post=79588250"}],"version-history":[{"count":8,"href":"https:\/\/faculdade.grancursosonline.com.br\/blog\/wp-json\/wp\/v2\/posts\/79588250\/revisions"}],"predecessor-version":[{"id":79762154,"href":"https:\/\/faculdade.grancursosonline.com.br\/blog\/wp-json\/wp\/v2\/posts\/79588250\/revisions\/79762154"}],"wp:featuredmedia":[{"embeddable":true,"href":"https:\/\/faculdade.grancursosonline.com.br\/blog\/wp-json\/wp\/v2\/media\/79762152"}],"wp:attachment":[{"href":"https:\/\/faculdade.grancursosonline.com.br\/blog\/wp-json\/wp\/v2\/media?parent=79588250"}],"wp:term":[{"taxonomy":"category","embeddable":true,"href":"https:\/\/faculdade.grancursosonline.com.br\/blog\/wp-json\/wp\/v2\/categories?post=79588250"},{"taxonomy":"post_tag","embeddable":true,"href":"https:\/\/faculdade.grancursosonline.com.br\/blog\/wp-json\/wp\/v2\/tags?post=79588250"}],"curies":[{"name":"wp","href":"https:\/\/api.w.org\/{rel}","templated":true}]}}