{"id":79593664,"date":"2023-03-02T12:24:39","date_gmt":"2023-03-02T15:24:39","guid":{"rendered":"https:\/\/blog.grancursosonline.com.br\/?p=79593664"},"modified":"2023-03-09T08:46:13","modified_gmt":"2023-03-09T11:46:13","slug":"look-primeiro-dia-de-aula-na-faculdade-que-roupa-usar","status":"publish","type":"post","link":"https:\/\/faculdade.grancursosonline.com.br\/blog\/look-primeiro-dia-de-aula-na-faculdade-que-roupa-usar\/","title":{"rendered":"Look primeiro dia de aula na faculdade: que roupa usar?"},"content":{"rendered":"<p>Uma d\u00favida muito comum de todo calouro e caloura que vai come\u00e7ar sua gradua\u00e7\u00e3o \u00e9: que roupa usar no primeiro dia de aula na faculdade? Se voc\u00ea ainda est\u00e1 se sentindo inseguro(a) para escolher seu look para esse momento, confira as dicas no texto a seguir!<\/p>\n<p>Ent\u00e3o, vamos l\u00e1, se preferir, navegue pelo \u00ed<span id=\"indice\">ndice<\/span> abaixo:<\/p>\n<ul>\n<li><a href=\"#usar\">Que roupa usar no primeiro dia de aula na faculdade?<\/a><\/li>\n<li><a href=\"#nao-usar\">O que n\u00e3o vestir na faculdade<\/a><\/li>\n<li><a href=\"#ideias\">Ideias de look para cada estilo<\/a><\/li>\n<li><a href=\"#o-que\">O que vestir para estudar na Gran Faculdade?<\/a><\/li>\n<li><a href=\"#gran\">Conhe\u00e7a a Gran Faculdade!<\/a><\/li>\n<\/ul>\n<div class=\"container-tabela\"><table border=\"1\" bgcolor=\"aliceblue\">\n<tbody>\n<tr>\n<td><strong>Destaques:<\/strong><\/p>\n<ul>\n<li><a href=\"https:\/\/blog.grancursosonline.com.br\/graduacao-em-2023\/\" target=\"_blank\" rel=\"noopener\">Gradua\u00e7\u00e3o em 2023: 9 dicas para voc\u00ea come\u00e7ar a faculdade<\/a><\/li>\n<li><a href=\"https:\/\/blog.grancursosonline.com.br\/gran-faculdade\/\" target=\"_blank\" rel=\"noopener\">Gran Faculdade: chegou a t\u00e3o esperada gradua\u00e7\u00e3o do Gran!<\/a><\/li>\n<li><a href=\"https:\/\/blog.grancursosonline.com.br\/graduacao-social-gran-faculdade\/\" target=\"_blank\" rel=\"noopener\">Gradua\u00e7\u00e3o Social da Gran Faculdade: veja como funciona!<\/a><\/li>\n<\/ul>\n<\/td>\n<\/tr>\n<\/tbody>\n<\/table><\/div>\n<h2 id=\"usar\">Que roupa usar no primeiro dia de aula da faculdade?<\/h2>\n<p>Com o fim do uniforme escolar, escolher a roupa do primeiro dia de aula na faculdade \u00e9 um desafio, n\u00e3o \u00e9 mesmo? Mas calma, n\u00e3o precisa de nada muito mirabolante, a realidade \u00e9 que com o passar do tempo, ningu\u00e9m d\u00e1 muita import\u00e2ncia \u00e0 forma como os outros est\u00e3o vestidos.<\/p>\n<p>Portanto, para seu primeiro dia de aula na faculdade escolha uma roupa que te deixe confort\u00e1vel e se sentindo bem com voc\u00ea mesmo(a), respeitando seu estilo e gosto pessoal. Leve em considera\u00e7\u00e3o tamb\u00e9m o clima da sua regi\u00e3o, hor\u00e1rio de aula, modo como vai se deslocar, etc.<\/p>\n<p>Por outro lado, se for em casa, lembre-se que ligar a c\u00e2mera vai mostrar a parte de cima do seu corpo, ent\u00e3o, use camisetas e blusas apresent\u00e1veis. Al\u00e9m disso, \u00e9 poss\u00edvel que em algum momento voc\u00ea se levante por alguma raz\u00e3o, ent\u00e3o, n\u00e3o precisa de traje de gala, mas estar com uma parte de baixo confort\u00e1vel e apresent\u00e1vel tamb\u00e9m \u00e9 importante, certo?<\/p>\n<h2 id=\"nao-usar\">O que n\u00e3o vestir na faculdade?<\/h2>\n<p>Seja no primeiro dia de aula na faculdade ou em qualquer outro, algumas pe\u00e7as de roupa podem n\u00e3o ser adequadas para o ambiente acad\u00eamico. \u00c9 importante ter bom senso, ou seja, nada de exageros: tudo que for MUITO justo, curto, decotado, brilhante e ofuscante, pode n\u00e3o ser apropriado para o ambiente acad\u00eamico.<\/p>\n<p>Mas v\u00e3o ter momentos de festas universit\u00e1rias mais indicados para voc\u00ea se expressar assim e usar essas roupas se for do seu gosto.<\/p>\n<p>Al\u00e9m disso, apesar da vontade de usar coisas novas, especialmente no primeiro dia, evite usar sapato novo no primeiro dia de aula na faculdade, pois \u00e9 comum que ele machuque o p\u00e9 e voc\u00ea acabe com dor logo no primeiro dia.<\/p>\n<p>Para cada ocasi\u00e3o e ambiente h\u00e1 algumas pe\u00e7as mais apropriadas para se usar. Por exemplo, usar biqu\u00edni\/sunga na praia ou piscina \u00e9 apropriado, mas n\u00e3o d\u00e1 para usar a pe\u00e7a em uma reuni\u00e3o de trabalho.<\/p>\n<p style=\"text-align: right;\"><a href=\"#indice\">Volte ao topo<\/a><\/p>\n<h2 id=\"ideias\">Ideias de look para o primeiro dia de aula na faculdade para cada estilo: que roupa usar?<\/h2>\n<p>Cada pessoa possui sua pr\u00f3pria identidade e expressa isso por meio de suas a\u00e7\u00f5es, falas, cabelos e roupas. N\u00e3o h\u00e1 certo e errado nesse quesito, apenas pessoas diferentes com caracter\u00edsticas e gostos diferentes.<\/p>\n<p>Existe uma teoria utilizada para orientar pessoas a se encontrarem em sua imagem, alinhando o que elas querem comunicar com o que elas vestem. Basicamente, s\u00e3o 7 estilos universais com caracter\u00edsticas mais marcadas na forma como a pessoa se veste.<\/p>\n<p>Por isso, a seguir, confira ideias de look para o primeiro dia de aula na faculdade para cada um dos 7 estilos:<\/p>\n<h3>Casual<\/h3>\n<p><img loading=\"lazy\" decoding=\"async\" class=\"size-full wp-image-79593699 aligncenter\" src=\"https:\/\/blog-static.infra.grancursosonline.com.br\/wp-content\/uploads\/2023\/03\/02120454\/Casual.jpg\" alt=\"look primeiro dia de aula na faculdade estilo casual\" width=\"300\" height=\"127\" \/><\/p>\n<p>Aqui, \u00e9 o b\u00e1sico que funciona:<\/p>\n<ul>\n<li>T\u00eanis preferido;<\/li>\n<li>Cal\u00e7a jeans;<\/li>\n<li>Camiseta b\u00e1sica;<\/li>\n<li>Jaqueta ou blusa de frio.<\/li>\n<li>Se quiser complementar, use acess\u00f3rios que voc\u00ea goste.<\/li>\n<\/ul>\n<h3>Tradicional<\/h3>\n<p><img loading=\"lazy\" decoding=\"async\" class=\"size-full wp-image-79593706 aligncenter\" src=\"https:\/\/blog-static.infra.grancursosonline.com.br\/wp-content\/uploads\/2023\/03\/02120511\/Tradicional.jpg\" alt=\"look primeiro dia de aula na faculdade estilo tradicional\" width=\"300\" height=\"127\" \/><\/p>\n<p>No estilo tradicional, o look vai mesclar o casual com pe\u00e7as um pouco mais retas. Por exemplo, se n\u00e3o quiser ser t\u00e3o despojado(a), aproveite alguma pe\u00e7a um pouco mais formal para incrementar o look para o primeiro dia de aula na faculdade.<\/p>\n<p>&nbsp;<\/p>\n<h3>Rom\u00e2ntico<\/h3>\n<p><img loading=\"lazy\" decoding=\"async\" class=\"size-full wp-image-79593708 aligncenter\" src=\"https:\/\/blog-static.infra.grancursosonline.com.br\/wp-content\/uploads\/2023\/03\/02120731\/Romantico.jpg\" alt=\"look primeiro dia de aula na faculdade estilo rom\u00e2ntico\" width=\"300\" height=\"127\" \/><\/p>\n<p>O \u00fanico ponto de aten\u00e7\u00e3o \u00e9, quando come\u00e7ar sua jornada profissional, tente n\u00e3o exagerar no estilo rom\u00e2ntico para n\u00e3o perder a credibilidade. A faculdade \u00e9 um bom momento para dosar melhor seu estilo com uma imagem adequada para sua profiss\u00e3o.<\/p>\n<ul>\n<li>Escolha uma pe\u00e7a neutra para cada pe\u00e7a rom\u00e2ntica;<\/li>\n<li>Mescle cores neutras com tons mais leves e estampas;<\/li>\n<li>Se ainda n\u00e3o estiver como voc\u00ea quer, capriche nos acess\u00f3rios.<\/li>\n<\/ul>\n<h3>Elegante<\/h3>\n<p><img loading=\"lazy\" decoding=\"async\" class=\"size-full wp-image-79593702 aligncenter\" src=\"https:\/\/blog-static.infra.grancursosonline.com.br\/wp-content\/uploads\/2023\/03\/02120459\/Elegante.jpg\" alt=\"look primeiro dia de aula na faculdade estilo elegante\" width=\"300\" height=\"127\" \/>N\u00e3o precisa ser formal na faculdade, j\u00e1 que esse \u00e9 um ambiente mais descontra\u00eddo, mas se quiser manter a eleg\u00e2ncia, vale a pena usar pe\u00e7as com tecidos mais estruturados. Algumas op\u00e7\u00f5es:<\/p>\n<ul>\n<li>Camisa social;<\/li>\n<li>Cal\u00e7a jeans preta ou de alfaiataria;<\/li>\n<li>Sapatos mais sociais.<\/li>\n<\/ul>\n<h3>Criativo<\/h3>\n<p><img loading=\"lazy\" decoding=\"async\" class=\"size-full wp-image-79593701 aligncenter\" src=\"https:\/\/blog-static.infra.grancursosonline.com.br\/wp-content\/uploads\/2023\/03\/02120457\/criativo.jpg\" alt=\"look primeiro dia de aula na faculdade estilo criativo\" width=\"300\" height=\"127\" \/><\/p>\n<p>No estilo criativo, a imagina\u00e7\u00e3o n\u00e3o tem limite! Mas vale lembrar que no ambiente acad\u00eamico n\u00e3o \u00e9 muito legal chamar tanta aten\u00e7\u00e3o para si, principalmente no primeiro dia. Por isso, busque um equil\u00edbrio entre sua forma de se expressar e da imagem que voc\u00ea quer demonstrar na faculdade.<\/p>\n<p>Uma boa op\u00e7\u00e3o \u00e9 incluir acess\u00f3rios e, caso n\u00e3o se sinta bem, pode tirar at\u00e9 ter autoconfian\u00e7a para se vestir da forma que quer. Capriche em len\u00e7os, bolsas e acess\u00f3rios coloridos ou com estampas variadas e marcantes.<\/p>\n<p>Mesclar pe\u00e7as mais chamativas com pe\u00e7as mais neutras tamb\u00e9m \u00e9 uma boa alternativa.<\/p>\n<h3>Moderno<\/h3>\n<p><img loading=\"lazy\" decoding=\"async\" class=\"size-full wp-image-79593703 aligncenter\" src=\"https:\/\/blog-static.infra.grancursosonline.com.br\/wp-content\/uploads\/2023\/03\/02120508\/Moderno.jpg\" alt=\"look primeiro dia de aula na faculdade estilo moderno\" width=\"300\" height=\"127\" \/><\/p>\n<p>No primeiro dia de aula na faculdade (e talvez em todos os outros) \u00e9 bom evitar decotes profundos e muita dramaticidade nos looks, caracter\u00edsticas muito presentes no estilo moderno. Mas algumas op\u00e7\u00f5es podem alinhar seu estilo com o ambiente, buscando um equil\u00edbrio.<\/p>\n<p>Aproveite suas pe\u00e7as mais escuras e o contraste com pe\u00e7as claras para montar seu look.<\/p>\n<h3>Sensual<\/h3>\n<p><img loading=\"lazy\" decoding=\"async\" class=\"size-full wp-image-79593705 aligncenter\" src=\"https:\/\/blog-static.infra.grancursosonline.com.br\/wp-content\/uploads\/2023\/03\/02120510\/Sensual.jpg\" alt=\"look primeiro dia de aula na faculdade estilo sensual\" width=\"300\" height=\"127\" \/><\/p>\n<p>Se seu estilo predominante \u00e9 o sensual, evite roupas muito justas e abertas na faculdade, mas avalie a inclus\u00e3o de acess\u00f3rios ou pe\u00e7as com cores e estampas que expressem sua personalidade, como animal print. O salto alto tamb\u00e9m costuma ser uma marca desse estilo, mas vale lembrar que as aulas presenciais duram em m\u00e9dia 4 horas por dia, al\u00e9m de precisar se deslocar para diferentes salas e ambientes. Portanto, tenha modera\u00e7\u00e3o para evitar um cansa\u00e7o desnecess\u00e1rio.<\/p>\n<p style=\"text-align: right;\"><a href=\"#indice\">Volte ao topo<\/a><\/p>\n<h2 id=\"o-que\">O que vestir para estudar na Gran Faculdade?<\/h2>\n<p>Aqui na Gran Faculdade as aulas s\u00e3o 100% online, para voc\u00ea assistir de onde estiver, com a roupa que se sentir mais confort\u00e1vel. Al\u00e9m disso, voc\u00ea recebe as datas das aulas ao vivo com anteced\u00eancia se quiser aproveitar aquele look especial e se n\u00e3o puder, ainda pode assistir a grava\u00e7\u00e3o depois. Legal, n\u00e9?<\/p>\n<p>Ent\u00e3o, conhe\u00e7a mais vantagens de fazer sua gradua\u00e7\u00e3o com o Gran e aproveite para fazer sua matr\u00edcula!<\/p>\n<h2 id=\"gran\">Conhe\u00e7a a Gran Faculdade<\/h2>\n<p>No Gran, o primeiro dia de aula \u00e9 indicado para que nosso estudante veja a apresenta\u00e7\u00e3o do curso, explore o ambiente virtual de aprendizagem e navegue pela plataforma para se familiarizar com ela.<\/p>\n<p>Voc\u00ea pode fazer isso de onde estiver, com a roupa que preferir e sem muitas preocupa\u00e7\u00f5es ou burocracias. Ent\u00e3o, aproveite e conhe\u00e7a a Gran Faculdade!<\/p>\n<p>Aqui, voc\u00ea aproveita para se matricular com valores acess\u00edveis sem perder a qualidade do ensino e conta ainda com:<\/p>\n<ul>\n<li style=\"text-align: left;\">Curso 100% digital que possibilita conciliar a rotina do dia a dia com os estudos;<\/li>\n<li style=\"text-align: left;\">Plataforma simples e intuitiva, assim, voc\u00ea estude de onde estiver, em qualquer dispositivo;<\/li>\n<li style=\"text-align: left;\">1 disciplina por vez, para ter mais foco e agilidade durante a jornada acad\u00eamica;<\/li>\n<li style=\"text-align: left;\">Professores renomados, did\u00e1ticos e que preparam os alunos para a pr\u00e1tica profissional;<\/li>\n<li style=\"text-align: left;\">Acessibilidade e ferramentas de inclus\u00e3o, afinal, aqui, todo mundo pode!<\/li>\n<\/ul>\n<p>Confira os cupons abaixo e veja qual se encaixa melhor para voc\u00ea:<\/p>\n<div class=\"container-tabela\"><table>\n<tbody>\n<tr style=\"height: 22px;\">\n<td style=\"height: 22px; text-align: center;\">Tipo de <strong>Desconto<\/strong><\/td>\n<td style=\"height: 22px; text-align: center;\"><strong>Valores<\/strong><\/td>\n<td style=\"height: 22px; text-align: center;\"><strong>Cupom<\/strong><\/td>\n<\/tr>\n<tr style=\"height: 22px;\">\n<td style=\"height: 22px; text-align: center;\">Gradua\u00e7\u00e3o Social<\/td>\n<td style=\"height: 22px; text-align: center;\"><strong>6x de R$ 99,90<\/strong><\/td>\n<td style=\"height: 22px; text-align: center;\">GRADSOCIALGRAN<\/td>\n<\/tr>\n<tr style=\"height: 22px;\">\n<td style=\"height: 22px; text-align: center;\">Alunos e ex-alunos Gran<\/td>\n<td style=\"height: 22px; text-align: center;\"><strong>6x de R$ 99,90<\/strong><\/td>\n<td style=\"height: 22px; text-align: center;\">GRADALUNOGRAN<\/td>\n<\/tr>\n<tr style=\"height: 22px;\">\n<td style=\"height: 22px; text-align: center;\">Novos alunos<\/td>\n<td style=\"height: 22px; text-align: center;\"><strong>6x de R$ 149,90<\/strong><\/td>\n<td style=\"height: 22px; text-align: center;\">NOVOGRADGRAN<\/td>\n<\/tr>\n<tr style=\"height: 22.4px;\">\n<td style=\"height: 22.4px; text-align: center;\">Social Mulher<\/td>\n<td style=\"height: 22.4px; text-align: center;\"><strong>6x de R$ 94,91<\/strong><\/td>\n<td style=\"height: 22.4px; text-align: center;\">NOVOGRADALUNOGRANMULHER<\/td>\n<\/tr>\n<tr style=\"height: 22px;\">\n<td style=\"height: 22px; text-align: center;\">Desconto Mulher alunas e ex-alunas<\/td>\n<td style=\"height: 22px; text-align: center;\"><strong>6x de R$ 94,91<\/strong><\/td>\n<td style=\"height: 22px; text-align: center;\">GRADALUNOGRANMULHER<\/td>\n<\/tr>\n<tr style=\"height: 22px;\">\n<td style=\"height: 22px; text-align: center;\">Desconto Mulher novas alunas<\/td>\n<td style=\"height: 22px; text-align: center;\"><strong>6x de R$ 142,41<\/strong><\/td>\n<td style=\"height: 22px; text-align: center;\">NOVOGRADALUNOGRANMULHER<\/td>\n<\/tr>\n<\/tbody>\n<\/table><\/div>\n<p><span style=\"text-decoration: underline;\"><strong>E voc\u00ea ainda pode obter mais 10% de desconto no pagamento \u00e0 vista no PIX.<\/strong><\/span> Lembrando que essa quantidade de parcelas s\u00e3o referentes ao semestre, mas o desconto se aplica a todo o curso, desde que feita a renova\u00e7\u00e3o semestral.<\/p>\n<p style=\"text-align: center;\"><strong><a href=\"https:\/\/faculdade.grancursosonline.com.br\/\" target=\"_blank\" rel=\"noopener\">Clique aqui e garanta sua matr\u00edcula com desconto!<\/a><\/strong><\/p>\n<hr \/>\n<div style=\"text-align: center;\">Quer ficar por dentro da Faculdade Digital o mais inovadora do Brasil?<br \/>\nEnt\u00e3o, clique nos links abaixo:<\/p>\n<p class=\"has-background has-dark-bluish-background-color\" style=\"font-size: 25px; text-align: center; background: #d9edfd; color: #ffffff;\"><span style=\"text-decoration: underline;\"><span style=\"color: #ffffff;\"><a style=\"color: #ffffff; text-decoration: underline;\" href=\"https:\/\/blog.grancursosonline.com.br\/concursos\/graduacao\/\" target=\"_blank\" rel=\"noopener noreferrer\"><span style=\"color: #000000; text-decoration: underline;\">GRADUA\u00c7\u00c3O<\/span><\/a><\/span><\/span><\/p>\n<p class=\"has-background has-dark-bluish-background-color\" style=\"font-size: 25px; text-align: center; background: #d9edfd; color: #ffffff;\"><span style=\"text-decoration: underline;\"><span style=\"color: #ffffff;\"><a style=\"color: #ffffff; text-decoration: underline;\" href=\"https:\/\/pos.grancursosonline.com.br\/\" target=\"_blank\" rel=\"noopener noreferrer\"><span style=\"color: #000000; text-decoration: underline;\">P\u00d3S-GRADUA\u00c7\u00c3O<\/span><\/a><\/span><\/span><\/p>\n<p class=\"has-background has-dark-bluish-background-color\" style=\"font-size: 25px; text-align: center; background: #d9edfd; color: #ffffff;\"><span style=\"text-decoration: underline;\"><span style=\"color: #ffffff;\"><a style=\"color: #ffffff; text-decoration: underline;\" href=\"https:\/\/faculdade.grancursosonline.com.br\/\" target=\"_blank\" rel=\"noopener noreferrer\"><span style=\"color: #000000; text-decoration: underline;\">TUDO SOBRE A GRAN FACULDADE<\/span><\/a><\/span><\/span><\/p>\n<p>Receba gratuitamente no seu celular as principais not\u00edcias sobre a Gran Faculdade, inscrevendo-se no nosso canal no:<\/p>\n<p class=\"has-background has-dark-bluish-background-color\" style=\"font-size: 25px; text-align: center; background: #d9edfd; color: #ffffff;\"><span style=\"text-decoration: underline;\"><span style=\"color: #ffffff;\"><a style=\"color: #ffffff; text-decoration: underline;\" href=\"https:\/\/t.me\/GranFaculdade\" target=\"_blank\" rel=\"noopener noreferrer\"><span style=\"color: #000000; text-decoration: underline;\">TELEGRAM<\/span><\/a><\/span><\/span><\/p>\n<\/div>\n","protected":false},"excerpt":{"rendered":"<p>Uma d\u00favida muito comum de todo calouro e caloura que vai come\u00e7ar sua gradua\u00e7\u00e3o \u00e9: que roupa usar no primeiro dia de aula na faculdade? Se voc\u00ea ainda est\u00e1 se sentindo inseguro(a) para escolher seu look para esse momento, confira as dicas no texto a seguir! Ent\u00e3o, vamos l\u00e1, se preferir, navegue pelo \u00edndice abaixo:&hellip;<\/p>\n","protected":false},"author":487,"featured_media":79595405,"comment_status":"open","ping_status":"open","sticky":false,"template":"","format":"standard","meta":{"_acf_changed":false,"content-type":"","footnotes":""},"categories":[218545],"tags":[],"class_list":["post-79593664","post","type-post","status-publish","format-standard","has-post-thumbnail","hentry","category-graduacao"],"acf":[],"yoast_head":"<!-- This site is optimized with the Yoast SEO Premium plugin v27.2 (Yoast SEO v27.2) - https:\/\/yoast.com\/product\/yoast-seo-premium-wordpress\/ -->\n<title>Look primeiro dia de aula na faculdade: que roupa usar?<\/title>\n<meta name=\"description\" content=\"Acabou o uniforme, e agora? Veja que roupa usar e ideias de look para o primeiro dia de aula na faculdade de acordo com seu estilo!\" \/>\n<meta name=\"robots\" content=\"index, follow, max-snippet:-1, max-image-preview:large, max-video-preview:-1\" \/>\n<link rel=\"canonical\" href=\"https:\/\/faculdade.grancursosonline.com.br\/blog\/look-primeiro-dia-de-aula-na-faculdade-que-roupa-usar\/\" \/>\n<meta property=\"og:locale\" content=\"pt_BR\" \/>\n<meta property=\"og:type\" content=\"article\" \/>\n<meta property=\"og:title\" content=\"Look primeiro dia de aula na faculdade: que roupa usar?\" \/>\n<meta property=\"og:description\" content=\"Acabou o uniforme, e agora? Veja que roupa usar e ideias de look para o primeiro dia de aula na faculdade de acordo com seu estilo!\" \/>\n<meta property=\"og:url\" content=\"https:\/\/faculdade.grancursosonline.com.br\/blog\/look-primeiro-dia-de-aula-na-faculdade-que-roupa-usar\/\" \/>\n<meta property=\"og:site_name\" content=\"Blog Gran Faculdade\" \/>\n<meta property=\"article:publisher\" content=\"https:\/\/www.facebook.com\/grancursosonline\/\" \/>\n<meta property=\"article:published_time\" content=\"2023-03-02T15:24:39+00:00\" \/>\n<meta property=\"article:modified_time\" content=\"2023-03-09T11:46:13+00:00\" \/>\n<meta property=\"og:image\" content=\"https:\/\/blog-es-static.infra.grancursosonline.com.br\/wp-content\/uploads\/2023\/03\/08165930\/look-primeiro-dia.jpg\" \/>\n\t<meta property=\"og:image:width\" content=\"1000\" \/>\n\t<meta property=\"og:image:height\" content=\"600\" \/>\n\t<meta property=\"og:image:type\" content=\"image\/jpeg\" \/>\n<meta name=\"author\" content=\"Equipe Gran\" \/>\n<meta name=\"twitter:card\" content=\"summary_large_image\" \/>\n<meta name=\"twitter:creator\" content=\"@gran_online\" \/>\n<meta name=\"twitter:site\" content=\"@gran_online\" \/>\n<meta name=\"twitter:label1\" content=\"Written by\" \/>\n\t<meta name=\"twitter:data1\" content=\"Equipe Gran\" \/>\n\t<meta name=\"twitter:label2\" content=\"Est. reading time\" \/>\n\t<meta name=\"twitter:data2\" content=\"10 minutos\" \/>\n<script type=\"application\/ld+json\" class=\"yoast-schema-graph\">{\"@context\":\"https:\/\/schema.org\",\"@graph\":[{\"@type\":\"NewsArticle\",\"@id\":\"https:\/\/faculdade.grancursosonline.com.br\/blog\/look-primeiro-dia-de-aula-na-faculdade-que-roupa-usar\/#article\",\"isPartOf\":{\"@id\":\"https:\/\/faculdade.grancursosonline.com.br\/blog\/look-primeiro-dia-de-aula-na-faculdade-que-roupa-usar\/\"},\"author\":{\"name\":\"Equipe Gran\",\"@id\":\"https:\/\/faculdade.grancursosonline.com.br\/blog\/#\/schema\/person\/92cc8eebdedc10b3078fe6aff8fc09f4\"},\"headline\":\"Look primeiro dia de aula na faculdade: que roupa usar?\",\"datePublished\":\"2023-03-02T15:24:39+00:00\",\"dateModified\":\"2023-03-09T11:46:13+00:00\",\"mainEntityOfPage\":{\"@id\":\"https:\/\/faculdade.grancursosonline.com.br\/blog\/look-primeiro-dia-de-aula-na-faculdade-que-roupa-usar\/\"},\"wordCount\":1471,\"commentCount\":0,\"publisher\":{\"@id\":\"https:\/\/faculdade.grancursosonline.com.br\/blog\/#organization\"},\"image\":{\"@id\":\"https:\/\/faculdade.grancursosonline.com.br\/blog\/look-primeiro-dia-de-aula-na-faculdade-que-roupa-usar\/#primaryimage\"},\"thumbnailUrl\":\"https:\/\/blog-es-static.infra.grancursosonline.com.br\/wp-content\/uploads\/2023\/03\/08165930\/look-primeiro-dia.jpg\",\"articleSection\":[\"Gradua\u00e7\u00e3o Gran Faculdade\"],\"inLanguage\":\"pt-BR\",\"potentialAction\":[{\"@type\":\"CommentAction\",\"name\":\"Comment\",\"target\":[\"https:\/\/faculdade.grancursosonline.com.br\/blog\/look-primeiro-dia-de-aula-na-faculdade-que-roupa-usar\/#respond\"]}],\"copyrightYear\":\"2023\",\"copyrightHolder\":{\"@id\":\"https:\/\/faculdade.grancursosonline.com.br\/blog\/#organization\"}},{\"@type\":\"WebPage\",\"@id\":\"https:\/\/faculdade.grancursosonline.com.br\/blog\/look-primeiro-dia-de-aula-na-faculdade-que-roupa-usar\/\",\"url\":\"https:\/\/faculdade.grancursosonline.com.br\/blog\/look-primeiro-dia-de-aula-na-faculdade-que-roupa-usar\/\",\"name\":\"Look primeiro dia de aula na faculdade: que roupa usar?\",\"isPartOf\":{\"@id\":\"https:\/\/faculdade.grancursosonline.com.br\/blog\/#website\"},\"primaryImageOfPage\":{\"@id\":\"https:\/\/faculdade.grancursosonline.com.br\/blog\/look-primeiro-dia-de-aula-na-faculdade-que-roupa-usar\/#primaryimage\"},\"image\":{\"@id\":\"https:\/\/faculdade.grancursosonline.com.br\/blog\/look-primeiro-dia-de-aula-na-faculdade-que-roupa-usar\/#primaryimage\"},\"thumbnailUrl\":\"https:\/\/blog-es-static.infra.grancursosonline.com.br\/wp-content\/uploads\/2023\/03\/08165930\/look-primeiro-dia.jpg\",\"datePublished\":\"2023-03-02T15:24:39+00:00\",\"dateModified\":\"2023-03-09T11:46:13+00:00\",\"description\":\"Acabou o uniforme, e agora? Veja que roupa usar e ideias de look para o primeiro dia de aula na faculdade de acordo com seu estilo!\",\"breadcrumb\":{\"@id\":\"https:\/\/faculdade.grancursosonline.com.br\/blog\/look-primeiro-dia-de-aula-na-faculdade-que-roupa-usar\/#breadcrumb\"},\"inLanguage\":\"pt-BR\",\"potentialAction\":[{\"@type\":\"ReadAction\",\"target\":[\"https:\/\/faculdade.grancursosonline.com.br\/blog\/look-primeiro-dia-de-aula-na-faculdade-que-roupa-usar\/\"]}]},{\"@type\":\"ImageObject\",\"inLanguage\":\"pt-BR\",\"@id\":\"https:\/\/faculdade.grancursosonline.com.br\/blog\/look-primeiro-dia-de-aula-na-faculdade-que-roupa-usar\/#primaryimage\",\"url\":\"https:\/\/blog-es-static.infra.grancursosonline.com.br\/wp-content\/uploads\/2023\/03\/08165930\/look-primeiro-dia.jpg\",\"contentUrl\":\"https:\/\/blog-es-static.infra.grancursosonline.com.br\/wp-content\/uploads\/2023\/03\/08165930\/look-primeiro-dia.jpg\",\"width\":1000,\"height\":600,\"caption\":\"look primeiro dia de aula na faculdade\"},{\"@type\":\"BreadcrumbList\",\"@id\":\"https:\/\/faculdade.grancursosonline.com.br\/blog\/look-primeiro-dia-de-aula-na-faculdade-que-roupa-usar\/#breadcrumb\",\"itemListElement\":[{\"@type\":\"ListItem\",\"position\":1,\"name\":\"In\u00edcio\",\"item\":\"https:\/\/faculdade.grancursosonline.com.br\/blog\/\"},{\"@type\":\"ListItem\",\"position\":2,\"name\":\"Gradua\u00e7\u00e3o Gran Faculdade\",\"item\":\"https:\/\/faculdade.grancursosonline.com.br\/blog\/graduacao\/\"},{\"@type\":\"ListItem\",\"position\":3,\"name\":\"Look primeiro dia de aula na faculdade: que roupa usar?\"}]},{\"@type\":\"WebSite\",\"@id\":\"https:\/\/faculdade.grancursosonline.com.br\/blog\/#website\",\"url\":\"https:\/\/faculdade.grancursosonline.com.br\/blog\/\",\"name\":\"Blog Gran Faculdade\",\"description\":\"Tudo sobre ensino superior, p\u00f3s-gradua\u00e7\u00e3o, enem e carreira.\",\"publisher\":{\"@id\":\"https:\/\/faculdade.grancursosonline.com.br\/blog\/#organization\"},\"potentialAction\":[{\"@type\":\"SearchAction\",\"target\":{\"@type\":\"EntryPoint\",\"urlTemplate\":\"https:\/\/faculdade.grancursosonline.com.br\/blog\/?s={search_term_string}\"},\"query-input\":{\"@type\":\"PropertyValueSpecification\",\"valueRequired\":true,\"valueName\":\"search_term_string\"}}],\"inLanguage\":\"pt-BR\"},{\"@type\":\"Organization\",\"@id\":\"https:\/\/faculdade.grancursosonline.com.br\/blog\/#organization\",\"name\":\"Gran Cursos Online\",\"url\":\"https:\/\/faculdade.grancursosonline.com.br\/blog\/\",\"logo\":{\"@type\":\"ImageObject\",\"inLanguage\":\"pt-BR\",\"@id\":\"https:\/\/faculdade.grancursosonline.com.br\/blog\/#\/schema\/logo\/image\/\",\"url\":\"https:\/\/blog-es-static.infra.grancursosonline.com.br\/wp-content\/uploads\/2019\/08\/03123934\/logo.png\",\"contentUrl\":\"https:\/\/blog-es-static.infra.grancursosonline.com.br\/wp-content\/uploads\/2019\/08\/03123934\/logo.png\",\"width\":300,\"height\":57,\"caption\":\"Gran Cursos Online\"},\"image\":{\"@id\":\"https:\/\/faculdade.grancursosonline.com.br\/blog\/#\/schema\/logo\/image\/\"},\"sameAs\":[\"https:\/\/www.facebook.com\/grancursosonline\/\",\"https:\/\/x.com\/gran_online\",\"https:\/\/www.instagram.com\/grancursosonline\/\",\"https:\/\/www.youtube.com\/user\/grancursostv\"]},{\"@type\":\"Person\",\"@id\":\"https:\/\/faculdade.grancursosonline.com.br\/blog\/#\/schema\/person\/92cc8eebdedc10b3078fe6aff8fc09f4\",\"name\":\"Equipe Gran\",\"description\":\"Produtora de Conte\u00fados da Gran Faculdade\",\"sameAs\":[\"http:\/\/www.grancursosonline.com.br\"],\"url\":\"https:\/\/faculdade.grancursosonline.com.br\/blog\/author\/bruna-carvalho\/\"}]}<\/script>\n<!-- \/ Yoast SEO Premium plugin. -->","yoast_head_json":{"title":"Look primeiro dia de aula na faculdade: que roupa usar?","description":"Acabou o uniforme, e agora? Veja que roupa usar e ideias de look para o primeiro dia de aula na faculdade de acordo com seu estilo!","robots":{"index":"index","follow":"follow","max-snippet":"max-snippet:-1","max-image-preview":"max-image-preview:large","max-video-preview":"max-video-preview:-1"},"canonical":"https:\/\/faculdade.grancursosonline.com.br\/blog\/look-primeiro-dia-de-aula-na-faculdade-que-roupa-usar\/","og_locale":"pt_BR","og_type":"article","og_title":"Look primeiro dia de aula na faculdade: que roupa usar?","og_description":"Acabou o uniforme, e agora? Veja que roupa usar e ideias de look para o primeiro dia de aula na faculdade de acordo com seu estilo!","og_url":"https:\/\/faculdade.grancursosonline.com.br\/blog\/look-primeiro-dia-de-aula-na-faculdade-que-roupa-usar\/","og_site_name":"Blog Gran Faculdade","article_publisher":"https:\/\/www.facebook.com\/grancursosonline\/","article_published_time":"2023-03-02T15:24:39+00:00","article_modified_time":"2023-03-09T11:46:13+00:00","og_image":[{"width":1000,"height":600,"url":"https:\/\/blog-es-static.infra.grancursosonline.com.br\/wp-content\/uploads\/2023\/03\/08165930\/look-primeiro-dia.jpg","type":"image\/jpeg"}],"author":"Equipe Gran","twitter_card":"summary_large_image","twitter_creator":"@gran_online","twitter_site":"@gran_online","twitter_misc":{"Written by":"Equipe Gran","Est. reading time":"10 minutos"},"schema":{"@context":"https:\/\/schema.org","@graph":[{"@type":"NewsArticle","@id":"https:\/\/faculdade.grancursosonline.com.br\/blog\/look-primeiro-dia-de-aula-na-faculdade-que-roupa-usar\/#article","isPartOf":{"@id":"https:\/\/faculdade.grancursosonline.com.br\/blog\/look-primeiro-dia-de-aula-na-faculdade-que-roupa-usar\/"},"author":{"name":"Equipe Gran","@id":"https:\/\/faculdade.grancursosonline.com.br\/blog\/#\/schema\/person\/92cc8eebdedc10b3078fe6aff8fc09f4"},"headline":"Look primeiro dia de aula na faculdade: que roupa usar?","datePublished":"2023-03-02T15:24:39+00:00","dateModified":"2023-03-09T11:46:13+00:00","mainEntityOfPage":{"@id":"https:\/\/faculdade.grancursosonline.com.br\/blog\/look-primeiro-dia-de-aula-na-faculdade-que-roupa-usar\/"},"wordCount":1471,"commentCount":0,"publisher":{"@id":"https:\/\/faculdade.grancursosonline.com.br\/blog\/#organization"},"image":{"@id":"https:\/\/faculdade.grancursosonline.com.br\/blog\/look-primeiro-dia-de-aula-na-faculdade-que-roupa-usar\/#primaryimage"},"thumbnailUrl":"https:\/\/blog-es-static.infra.grancursosonline.com.br\/wp-content\/uploads\/2023\/03\/08165930\/look-primeiro-dia.jpg","articleSection":["Gradua\u00e7\u00e3o Gran Faculdade"],"inLanguage":"pt-BR","potentialAction":[{"@type":"CommentAction","name":"Comment","target":["https:\/\/faculdade.grancursosonline.com.br\/blog\/look-primeiro-dia-de-aula-na-faculdade-que-roupa-usar\/#respond"]}],"copyrightYear":"2023","copyrightHolder":{"@id":"https:\/\/faculdade.grancursosonline.com.br\/blog\/#organization"}},{"@type":"WebPage","@id":"https:\/\/faculdade.grancursosonline.com.br\/blog\/look-primeiro-dia-de-aula-na-faculdade-que-roupa-usar\/","url":"https:\/\/faculdade.grancursosonline.com.br\/blog\/look-primeiro-dia-de-aula-na-faculdade-que-roupa-usar\/","name":"Look primeiro dia de aula na faculdade: que roupa usar?","isPartOf":{"@id":"https:\/\/faculdade.grancursosonline.com.br\/blog\/#website"},"primaryImageOfPage":{"@id":"https:\/\/faculdade.grancursosonline.com.br\/blog\/look-primeiro-dia-de-aula-na-faculdade-que-roupa-usar\/#primaryimage"},"image":{"@id":"https:\/\/faculdade.grancursosonline.com.br\/blog\/look-primeiro-dia-de-aula-na-faculdade-que-roupa-usar\/#primaryimage"},"thumbnailUrl":"https:\/\/blog-es-static.infra.grancursosonline.com.br\/wp-content\/uploads\/2023\/03\/08165930\/look-primeiro-dia.jpg","datePublished":"2023-03-02T15:24:39+00:00","dateModified":"2023-03-09T11:46:13+00:00","description":"Acabou o uniforme, e agora? Veja que roupa usar e ideias de look para o primeiro dia de aula na faculdade de acordo com seu estilo!","breadcrumb":{"@id":"https:\/\/faculdade.grancursosonline.com.br\/blog\/look-primeiro-dia-de-aula-na-faculdade-que-roupa-usar\/#breadcrumb"},"inLanguage":"pt-BR","potentialAction":[{"@type":"ReadAction","target":["https:\/\/faculdade.grancursosonline.com.br\/blog\/look-primeiro-dia-de-aula-na-faculdade-que-roupa-usar\/"]}]},{"@type":"ImageObject","inLanguage":"pt-BR","@id":"https:\/\/faculdade.grancursosonline.com.br\/blog\/look-primeiro-dia-de-aula-na-faculdade-que-roupa-usar\/#primaryimage","url":"https:\/\/blog-es-static.infra.grancursosonline.com.br\/wp-content\/uploads\/2023\/03\/08165930\/look-primeiro-dia.jpg","contentUrl":"https:\/\/blog-es-static.infra.grancursosonline.com.br\/wp-content\/uploads\/2023\/03\/08165930\/look-primeiro-dia.jpg","width":1000,"height":600,"caption":"look primeiro dia de aula na faculdade"},{"@type":"BreadcrumbList","@id":"https:\/\/faculdade.grancursosonline.com.br\/blog\/look-primeiro-dia-de-aula-na-faculdade-que-roupa-usar\/#breadcrumb","itemListElement":[{"@type":"ListItem","position":1,"name":"In\u00edcio","item":"https:\/\/faculdade.grancursosonline.com.br\/blog\/"},{"@type":"ListItem","position":2,"name":"Gradua\u00e7\u00e3o Gran Faculdade","item":"https:\/\/faculdade.grancursosonline.com.br\/blog\/graduacao\/"},{"@type":"ListItem","position":3,"name":"Look primeiro dia de aula na faculdade: que roupa usar?"}]},{"@type":"WebSite","@id":"https:\/\/faculdade.grancursosonline.com.br\/blog\/#website","url":"https:\/\/faculdade.grancursosonline.com.br\/blog\/","name":"Blog Gran Faculdade","description":"Tudo sobre ensino superior, p\u00f3s-gradua\u00e7\u00e3o, enem e carreira.","publisher":{"@id":"https:\/\/faculdade.grancursosonline.com.br\/blog\/#organization"},"potentialAction":[{"@type":"SearchAction","target":{"@type":"EntryPoint","urlTemplate":"https:\/\/faculdade.grancursosonline.com.br\/blog\/?s={search_term_string}"},"query-input":{"@type":"PropertyValueSpecification","valueRequired":true,"valueName":"search_term_string"}}],"inLanguage":"pt-BR"},{"@type":"Organization","@id":"https:\/\/faculdade.grancursosonline.com.br\/blog\/#organization","name":"Gran Cursos Online","url":"https:\/\/faculdade.grancursosonline.com.br\/blog\/","logo":{"@type":"ImageObject","inLanguage":"pt-BR","@id":"https:\/\/faculdade.grancursosonline.com.br\/blog\/#\/schema\/logo\/image\/","url":"https:\/\/blog-es-static.infra.grancursosonline.com.br\/wp-content\/uploads\/2019\/08\/03123934\/logo.png","contentUrl":"https:\/\/blog-es-static.infra.grancursosonline.com.br\/wp-content\/uploads\/2019\/08\/03123934\/logo.png","width":300,"height":57,"caption":"Gran Cursos Online"},"image":{"@id":"https:\/\/faculdade.grancursosonline.com.br\/blog\/#\/schema\/logo\/image\/"},"sameAs":["https:\/\/www.facebook.com\/grancursosonline\/","https:\/\/x.com\/gran_online","https:\/\/www.instagram.com\/grancursosonline\/","https:\/\/www.youtube.com\/user\/grancursostv"]},{"@type":"Person","@id":"https:\/\/faculdade.grancursosonline.com.br\/blog\/#\/schema\/person\/92cc8eebdedc10b3078fe6aff8fc09f4","name":"Equipe Gran","description":"Produtora de Conte\u00fados da Gran Faculdade","sameAs":["http:\/\/www.grancursosonline.com.br"],"url":"https:\/\/faculdade.grancursosonline.com.br\/blog\/author\/bruna-carvalho\/"}]}},"_links":{"self":[{"href":"https:\/\/faculdade.grancursosonline.com.br\/blog\/wp-json\/wp\/v2\/posts\/79593664","targetHints":{"allow":["GET"]}}],"collection":[{"href":"https:\/\/faculdade.grancursosonline.com.br\/blog\/wp-json\/wp\/v2\/posts"}],"about":[{"href":"https:\/\/faculdade.grancursosonline.com.br\/blog\/wp-json\/wp\/v2\/types\/post"}],"author":[{"embeddable":true,"href":"https:\/\/faculdade.grancursosonline.com.br\/blog\/wp-json\/wp\/v2\/users\/487"}],"replies":[{"embeddable":true,"href":"https:\/\/faculdade.grancursosonline.com.br\/blog\/wp-json\/wp\/v2\/comments?post=79593664"}],"version-history":[{"count":0,"href":"https:\/\/faculdade.grancursosonline.com.br\/blog\/wp-json\/wp\/v2\/posts\/79593664\/revisions"}],"wp:featuredmedia":[{"embeddable":true,"href":"https:\/\/faculdade.grancursosonline.com.br\/blog\/wp-json\/wp\/v2\/media\/79595405"}],"wp:attachment":[{"href":"https:\/\/faculdade.grancursosonline.com.br\/blog\/wp-json\/wp\/v2\/media?parent=79593664"}],"wp:term":[{"taxonomy":"category","embeddable":true,"href":"https:\/\/faculdade.grancursosonline.com.br\/blog\/wp-json\/wp\/v2\/categories?post=79593664"},{"taxonomy":"post_tag","embeddable":true,"href":"https:\/\/faculdade.grancursosonline.com.br\/blog\/wp-json\/wp\/v2\/tags?post=79593664"}],"curies":[{"name":"wp","href":"https:\/\/api.w.org\/{rel}","templated":true}]}}