{"id":79595724,"date":"2025-03-10T19:13:15","date_gmt":"2025-03-10T22:13:15","guid":{"rendered":"https:\/\/blog.grancursosonline.com.br\/?p=79595724"},"modified":"2026-04-14T10:31:19","modified_gmt":"2026-04-14T13:31:19","slug":"nubia-de-paula","status":"publish","type":"post","link":"https:\/\/faculdade.grancursosonline.com.br\/blog\/nubia-de-paula\/","title":{"rendered":"Conhe\u00e7a N\u00fabia de Paula, coordenadora dos cursos Jur\u00eddicos da Gran Faculdade"},"content":{"rendered":"\n<p>A Gran Faculdade chegou para revolucionar o mercado da educa\u00e7\u00e3o e da tecnologia. Unimos o que h\u00e1 de mais inovador entre teoria e pr\u00e1tica, agora tamb\u00e9m na faculdade: tudo para voc\u00ea realizar o sonho do ensino superior e ter a vida transformada pelo ensino.<\/p>\n\n\n\n<p>Pensando nisso, estamos empenhados em trazer os melhores profissionais para alcan\u00e7ar esse objetivo. Hoje vamos conhecer a N\u00fabia de Paula, coordenadora dos cursos de Ci\u00eancias Jur\u00eddicas e Gest\u00e3o P\u00fablica da Gran Faculdade. <\/p>\n\n\n\n<div class=\"wp-block-columns is-layout-flex wp-container-core-columns-is-layout-9d6595d7 wp-block-columns-is-layout-flex\">\n<div class=\"wp-block-column is-layout-flow wp-block-column-is-layout-flow\" style=\"flex-basis:100%\"><div class=\"wp-block-image\">\n<figure class=\"aligncenter size-full\"><a href=\"https:\/\/whatsapp.com\/channel\/0029VaG1sChI7Be7PNndhL43\" target=\"_blank\" rel=\"noopener\"><img decoding=\"async\" src=\"https:\/\/blog-es-static.infra.grancursosonline.com.br\/wp-content\/uploads\/2025\/09\/09112354\/banner-wp-600x142-80.webp\" alt=\"Acesse o canal do WhatsApp da Gran Faculdade\" class=\"wp-image-79751904\"\/><\/a><\/figure>\n<\/div><\/div>\n<\/div>\n\n\n\n<p>Acompanhe o artigo para saber mais ou navegue pelo <span id=\"indice\">indice<\/span>:<\/p>\n\n\n\n<ul class=\"wp-block-list\">\n<li><a href=\"#nubia\">Quem \u00e9 N\u00fabia de Paula?<\/a><\/li>\n\n\n\n<li><a href=\"#carreira\">Carreira e doc\u00eancia<\/a><\/li>\n\n\n\n<li><a href=\"#gran\">Vem pra Gran Faculdade!<\/a><\/li>\n<\/ul>\n\n\n\n<div class=\"wp-block-group has-background\" style=\"background-color:#8dd2fc7a\"><div class=\"wp-block-group__inner-container is-layout-constrained wp-block-group-is-layout-constrained\">\n<p><strong>Outras not\u00edcias em destaque:<\/strong>  <\/p>\n\n\n\n<ul class=\"wp-block-list\">\n<li><a href=\"https:\/\/faculdade.grancursosonline.com.br\/blog\/gran-faculdade\/\">Gran Faculdade: estude na t\u00e3o esperada gradua\u00e7\u00e3o do Gran!<\/a><\/li>\n\n\n\n<li><a href=\"https:\/\/blog.grancursosonline.com.br\/gran-faculdade\/\" target=\"_blank\" rel=\"noopener\">Gran Faculdade: chegou a t\u00e3o esperada gradua\u00e7\u00e3o do Gran!<\/a> <\/li>\n\n\n\n<li><a href=\"https:\/\/blog.grancursosonline.com.br\/graduacao-social-gran-faculdade\/\" target=\"_blank\" rel=\"noopener\">Gradua\u00e7\u00e3o Social da Gran Faculdade: veja como funciona!<\/a>  <\/li>\n<\/ul>\n<\/div><\/div>\n\n\n\n<h2 class=\"wp-block-heading\" id=\"h-guia-da-carreira-juridica-conheca-todas-as-oportunidades-na-area\">Guia da Carreira Jur\u00eddica: conhe\u00e7a TODAS as oportunidades na \u00e1rea!<\/h2>\n\n\n\n<p>A carreira jur\u00eddica \u00e9 fundamental para a manuten\u00e7\u00e3o da ordem e da justi\u00e7a na sociedade, assegurando que as leis sejam aplicadas de maneira eficaz e equitativa, protegendo direitos individuais e resolvendo conflitos. <\/p>\n\n\n\n<p>Desse modo, o setor n\u00e3o \u00e9 apenas uma oportunidade de crescimento profissional, mas tamb\u00e9m um compromisso com a \u00e9tica, a justi\u00e7a, o servi\u00e7o p\u00fablico e os cidad\u00e3os. <\/p>\n\n\n\n<p>Neste guia, exploraremos o que \u00e9 a \u00e1rea Jur\u00eddica, as raz\u00f5es para seguir uma carreira neste campo, as principais carreira para atua\u00e7\u00e3o e os primeiros passos para come\u00e7ar a sua jornada:<\/p>\n\n\n\n<script charset=\"utf-8\" type=\"text\/javascript\" src=\"\/\/js.hsforms.net\/forms\/embed\/v2.js\"><\/script>\n<script>\n  hbspt.forms.create({\n    region: \"na1\",\n    portalId: \"302036\",\n    formId: \"beba25ff-9c07-4d74-952b-42234f4d6d20\"\n  });\n<\/script>\n\n\n\n<h2 class=\"wp-block-heading\" id=\"nubia\">Quem \u00e9 N\u00fabia de Paula?<\/h2>\n\n\n\n<h2 class=\"wp-block-heading\" id=\"nubia\"><img loading=\"lazy\" decoding=\"async\" class=\"size-medium wp-image-79595726 alignleft\" src=\"https:\/\/blog-static.infra.grancursosonline.com.br\/wp-content\/uploads\/2023\/03\/09165444\/nubia-paula-post-200x300.jpg\" alt=\"\" width=\"200\" height=\"300\"><\/h2>\n\n\n\n<p>A professora N\u00fabia de Paula nasceu no interior de Minas Gerais, em uma pequena cidade chamada Corinto. Ela vem de uma fam\u00edlia bastante humilde: a m\u00e3e era professora de ensino fundamental da rede p\u00fablica municipal e o pai vaqueiro.<\/p>\n\n\n\n<p>Desde cedo ela entendeu que se quisesse romper com aquelas barreiras de uma vida simples, de pobreza e priva\u00e7\u00f5es, precisaria se esfor\u00e7ar mais do que a maioria. O estudo e dedica\u00e7\u00e3o no trabalho seriam os grandes trampolins para mudar de vida.<\/p>\n\n\n\n<p>Ao perder o seu pai em um tr\u00e1gico acidente e vendo na luta da m\u00e3e, criando 3 filhos sozinha, que precisava mudar n\u00e3o s\u00f3 a sua realidade, mas tamb\u00e9m da sua fam\u00edlia.<\/p>\n\n\n\n<p>N\u00fabia foi a primeira da fam\u00edlia a fazer faculdade. Ela conta que sempre quis ser advogada e atuar na carreira jur\u00eddica como professora. Quando se formou em 2008, j\u00e1 tinha sido aprovada no exame da Ordem dos Advogados do Brasil (OAB) e tamb\u00e9m no Mestrado:<\/p>\n\n\n\n<blockquote class=\"wp-block-quote is-layout-flow wp-block-quote-is-layout-flow\">\n<p><em>Fui a primeira da minha fam\u00edlia a ter uma forma\u00e7\u00e3o superior. E at\u00e9 me tornar hoje Vice-Presidente da OAB Minas Gerais e Coordenadora de curso na Gran Faculdade foi muito trabalho, muita dedica\u00e7\u00e3o e foco, mas sobretudo muitos n\u00e3os e muita supera\u00e7\u00e3o emocional e f\u00edsica.<\/em><\/p>\n<\/blockquote>\n\n\n\n<p>N\u00fabia conta que seu primeiro emprego foi como guarda-volumes de supermercado ainda na sua cidade natal. E para pagar os estudos chegou a trabalhar como caixa em uma loja de tecidos. E foi ainda durante o\u00a0<a href=\"https:\/\/faculdade.grancursosonline.com.br\/blog\/tipos-de-pos-graduacao-mestrado\/\">mestrado<\/a>\u00a0que conseguiu realizar o sonho de atuar como professora e come\u00e7ou a atuar como professora de gradua\u00e7\u00e3o, o ano era 2005 e ela tinha 24 anos.<br><\/p>\n\n\n\n<blockquote class=\"wp-block-quote is-layout-flow wp-block-quote-is-layout-flow\">\n<p><em>Ai fui desbravando o mercado com muitooooo trabalho. Fiz o doutorado, entrei para o mercado de cursos preparat\u00f3rios e cargos de gest\u00e3o \u00e0 frente da coordena\u00e7\u00e3o de cursos superiores.<\/em><\/p>\n<\/blockquote>\n\n\n\n<p>N\u00fabia testemunha emocionada, que a educa\u00e7\u00e3o mudou a sua vida.<\/p>\n\n\n\n<h2 class=\"wp-block-heading\" id=\"carreira\">Carreira e doc\u00eancia<\/h2>\n\n\n\n<p>A professora N\u00fabia tem um extenso curr\u00edculo na \u00e1rea do Direito. Al\u00e9m de professora em diversas \u00e1reas do Direito, ela tamb\u00e9m \u00e9 p\u00f3s-doutoranda em Direito, Doutora e Mestre em Direito.<\/p>\n\n\n\n<p>Ela \u00e9 Advogada com atua\u00e7\u00e3o em Direito P\u00fablico. Vice-Presidente da OABMG. Coordenadora dos cursos das Ci\u00eancias Jur\u00eddicas na GRAN Faculdade. Professora no Gran Concursos e na GRAN Faculdade. Professora na gradua\u00e7\u00e3o, p\u00f3s-gradua\u00e7\u00e3o em Direito e preparat\u00f3rios para concursos p\u00fablicos e OAB. Palestrante nas \u00e1reas de Direito Administrativo, Responsabilidade Civil, Direitos dos Vulner\u00e1veis e Direito Antidiscriminat\u00f3rio. Membro do Instituto As Civilistas, do IBERC &#8211; Instituto Brasileiro de Responsabilidade Civil e do Instituto de Juristas Brasileiras &#8211; Comit\u00ea da Diversidade. Consultora Jur\u00eddica de Jornais escritos e televis\u00e3o. E recentemente atuou como Conselheira Federal da OAB\/MG e Secret\u00e1ria-Adjunta da Comiss\u00e3o Nacional da Verdade da Escravid\u00e3o Negra no Brasil \u2013 CFOAB. Cabe destacar sua atua\u00e7\u00e3o tamb\u00e9m como professora na Pol\u00edcia Militar de Minas Gerais e como procuradora municipal.<\/p>\n\n\n\n<p>A sua inspira\u00e7\u00e3o para a doc\u00eancia vem da m\u00e3e, que com quase nenhum recurso, preparava aulas incr\u00edveis. Era muito amada pelos alunos e fazia m\u00e1gica em sala de aula, o que motivou e serviu de exemplo para N\u00fabia. Para ela, a possibilidade de trocas significativas entre professores e alunos \u00e9 uma das coisas que mais ama na doc\u00eancia. E completa:<\/p>\n\n\n\n<blockquote class=\"wp-block-quote is-layout-flow wp-block-quote-is-layout-flow\">\n<p><em>A possibilidade de participar na mudan\u00e7a da vida dos meus alunos. De inspir\u00e1-los, encoraj\u00e1-los e mostrar que sim \u00e9 poss\u00edvel, independente da sua cor, sua orienta\u00e7\u00e3o sexual, sua classe social voc\u00ea chegar onde voc\u00ea quiser. A educa\u00e7\u00e3o mudou a minha vida e passar isso para meus alunos \u00e9 o que me move.<\/em><\/p>\n<\/blockquote>\n\n\n\n<p>Por fim, a professora ressalta tamb\u00e9m a import\u00e2ncia da educa\u00e7\u00e3o para romper barreiras. O ensino \u00e9 uma das principais ferramentas para crescer e mudar de vida. Segundo N\u00fabia, uma dica importante \u00e9 que nunca deixemos de acreditar em n\u00f3s mesmos. Precisamos ser fortes e acreditar no nosso potencial, mesmo que o mundo nos diga o contr\u00e1rio todos os dias:<\/p>\n\n\n\n<blockquote class=\"wp-block-quote is-layout-flow wp-block-quote-is-layout-flow\">\n<p><em>Quando se \u00e9 mulher, preta e pobre em um pa\u00eds extremamente sexista e preconceituoso como o nosso, s\u00e3o muitos os desafios. Mas nenhum deles pode ser maior que a nossa for\u00e7a de vontade de vencer e chegar onde nos propusemos chegar.<\/em><\/p>\n<\/blockquote>\n\n\n\n<p>Apesar de toda a luta, hoje a professora compartilha com muito bom humor que ama costurar. Inclusive, ela inventa modelos e produz algumas das pr\u00f3prias pe\u00e7as.<\/p>\n\n\n\n<blockquote class=\"wp-block-quote is-layout-flow wp-block-quote-is-layout-flow\">\n<p><em>Uma curiosidade divertida sobre mim \u00e9 que adoro arrumar o closet\u2026 se pudesse arrumaria todo final de semana.<\/em><\/p>\n<\/blockquote>\n\n\n\n<p>Por fim, ela deixa algumas dicas de conte\u00fado de entretenimento:<\/p>\n\n\n\n<ul class=\"wp-block-list\">\n<li><strong>Filme<\/strong>: AI Intelig\u00eancia Artificial \u00e9 sem d\u00favida um dos filmes que mais me emociona.<\/li>\n\n\n\n<li><strong>Livro<\/strong>: Um Defeito de Cor e A Cabana<\/li>\n\n\n\n<li><strong>Frase<\/strong>: N\u00e3o somos\u2026 estamos. Por isso fa\u00e7a valer a sua estada.<\/li>\n\n\n\n<li><strong>S\u00e9rie<\/strong>: Black Mirror<\/li>\n<\/ul>\n\n\n\n<h2 class=\"wp-block-heading\" id=\"h-conheca-os-cursos-coordenados-pela-professora-nubia\">Conhe\u00e7a os cursos coordenados pela Professora N\u00fabia!<\/h2>\n\n\n\n<p>Agora que voc\u00ea conhece um pouco mais sobre a trajet\u00f3ria da professora N\u00fabia de Paula, conhe\u00e7a os cursos de gradua\u00e7\u00e3o coordenador poe ela. S\u00e3o diversos cursos envolvendo Ci\u00eancias Jur\u00eddicas, Sociais e Gest\u00e3o P\u00fablica, 100% digitais e com diversas ferramentas para otimizar os seus estudos e sua carreira no setor p\u00fablico ou privado. Veja:<\/p>\n\n\n\n<ul class=\"wp-block-list\">\n<li><a href=\"https:\/\/faculdade.grancursosonline.com.br\/curso\/ciencias-juridicas-e-sociais\/\" target=\"_blank\" rel=\"noopener\">Ci\u00eancias Jur\u00eddicas e Sociais<\/a><\/li>\n\n\n\n<li><a href=\"https:\/\/faculdade.grancursosonline.com.br\/curso\/criminologia\/\" target=\"_blank\" rel=\"noopener\">Criminologia<\/a><\/li>\n\n\n\n<li><a href=\"https:\/\/faculdade.grancursosonline.com.br\/curso\/gestao-publica\/\" target=\"_blank\" rel=\"noopener\">Gest\u00e3o P\u00fablica<\/a><\/li>\n\n\n\n<li><a href=\"https:\/\/faculdade.grancursosonline.com.br\/curso\/gestao-de-atividade-policial\/\" target=\"_blank\" rel=\"noopener\">Gest\u00e3o de Atividade Policial<\/a><\/li>\n\n\n\n<li><a href=\"https:\/\/faculdade.grancursosonline.com.br\/curso\/gestao-de-servicos-judiciais\/\" target=\"_blank\" rel=\"noopener\">Gest\u00e3o de Servi\u00e7os Judiciais<\/a><\/li>\n\n\n\n<li><a href=\"https:\/\/faculdade.grancursosonline.com.br\/curso\/gestao-de-servicos-juridicos-e-notariais\/\" target=\"_blank\" rel=\"noopener\">Gest\u00e3o de Servi\u00e7os Jur\u00eddicos, Notariais<\/a><\/li>\n\n\n\n<li><a href=\"https:\/\/faculdade.grancursosonline.com.br\/curso\/gestao-em-servicos-previdenciarios\/\" target=\"_blank\" rel=\"noopener\">Gest\u00e3o em Servi\u00e7os Previdenci\u00e1rios<\/a><\/li>\n\n\n\n<li><a href=\"https:\/\/faculdade.grancursosonline.com.br\/curso\/investigacao-e-pericia-judicial-e-extrajudicial\/\" target=\"_blank\" rel=\"noopener\">Investiga\u00e7\u00e3o e Per\u00edcia Judicial e Extrajudicial<\/a><\/li>\n\n\n\n<li><a href=\"https:\/\/faculdade.grancursosonline.com.br\/curso\/seguranca-publica\/\" target=\"_blank\" rel=\"noopener\">Seguran\u00e7a P\u00fablica<\/a><\/li>\n\n\n\n<li><a href=\"https:\/\/faculdade.grancursosonline.com.br\/curso\/servicos-penais\/\" target=\"_blank\" rel=\"noopener\">Servi\u00e7os Penais<\/a><\/li>\n<\/ul>\n\n\n\n\n\n<h2 class=\"wp-block-heading\" id=\"h-vem-pra-gran-faculdade\">Vem pra Gran Faculdade!<\/h2>\n\n\n\n<p>A Gran Faculdade vem mudando a vida de milhares de pessoas por meio de cursos \u00e0 dist\u00e2ncia de <a href=\"https:\/\/faculdade.grancursosonline.com.br\/\" target=\"_blank\" rel=\"noreferrer noopener\">gradua\u00e7\u00e3o<\/a>, <a href=\"https:\/\/pos.grancursosonline.com.br\/\" target=\"_blank\" rel=\"noreferrer noopener\">p\u00f3s-gradua\u00e7\u00e3o<\/a> e <a href=\"https:\/\/pos.grancursosonline.com.br\/mba\" target=\"_blank\" rel=\"noreferrer noopener\">MBA<\/a>. Seja no digital ou em nosso <a href=\"https:\/\/presencial.grancursosonline.com.br\/\" target=\"_blank\" rel=\"noreferrer noopener\">Campus Presencial em Curitiba<\/a>, a nossa miss\u00e3o \u00e9 transformar a educa\u00e7\u00e3o superior.<\/p>\n\n\n\n<p>Como parte de Sistema Gran de Ensino, que \u00e9 reconhecido como marca aprovadora h\u00e1 mais de 10 anos, constru\u00edmos uma renomada reputa\u00e7\u00e3o na \u00e1rea de educa\u00e7\u00e3o.<\/p>\n\n\n\n<p>Veja algumas de nossas conquistas:<\/p>\n\n\n\n<ul class=\"wp-block-list\">\n<li>Reconhecido pela Amazon como um dos projetos mais relevantes do mundo na \u00e1rea de Tecnologia e Educa\u00e7\u00e3o;<\/li>\n\n\n\n<li>Foi eleito pelo Project Management Institute (PMI), um dos 50 Projetos Mais Influentes do mundo;<\/li>\n\n\n\n<li>Somos o site de educa\u00e7\u00e3o mais acessado do Brasil;<\/li>\n\n\n\n<li>Somos avaliados com a nota m\u00e1xima pelo MEC;<\/li>\n\n\n\n<li>Aqui o semestre come\u00e7a quando quiser: entrada imediata e cont\u00ednua!<\/li>\n\n\n\n<li>Melhores pre\u00e7os do mercado;<\/li>\n\n\n\n<li>Mais de 500 mil alunos pagantes e mais de 1000 funcion\u00e1rios;<\/li>\n\n\n\n<li>Diversas ferramentas de estudo: PDFs, audiobooks, mapas mentais, videoaulas, quest\u00f5es, gerenciador de estudos e muito mais!<\/li>\n\n\n\n<li>Professores experientes e capacitados;<\/li>\n\n\n\n<li>Acesso imediato e 100% online.<\/li>\n<\/ul>\n\n\n\n<p class=\"has-text-align-center has-text-align-center\"><strong><a href=\"https:\/\/faculdade.grancursosonline.com.br\/\" target=\"_blank\" rel=\"noreferrer noopener\">Quero ser aluno da Gran Faculdade!<\/a><\/strong><\/p>\n","protected":false},"excerpt":{"rendered":"<p>A Gran Faculdade chegou para revolucionar o mercado da educa\u00e7\u00e3o e da tecnologia. Unimos o que h\u00e1 de mais inovador entre teoria e pr\u00e1tica, agora tamb\u00e9m na faculdade: tudo para voc\u00ea realizar o sonho do ensino superior e ter a vida transformada pelo ensino. Pensando nisso, estamos empenhados em trazer os melhores profissionais para alcan\u00e7ar&hellip;<\/p>\n","protected":false},"author":486,"featured_media":79595725,"comment_status":"open","ping_status":"open","sticky":false,"template":"","format":"standard","meta":{"_acf_changed":false,"content-type":"","footnotes":""},"categories":[6443,219790,218545,2],"tags":[],"class_list":["post-79595724","post","type-post","status-publish","format-standard","has-post-thumbnail","hentry","category-conheca-seu-professor","category-graduacao-ead","category-graduacao","category-ultimas-noticias"],"acf":[],"yoast_head":"<!-- This site is optimized with the Yoast SEO Premium plugin v27.2 (Yoast SEO v27.2) - https:\/\/yoast.com\/product\/yoast-seo-premium-wordpress\/ -->\n<title>Conhe\u00e7a N\u00fabia de Paula, coordenadora dos cursos Jur\u00eddicos da Gran Faculdade<\/title>\n<meta name=\"description\" content=\"A Gran Faculdade: hoje vamos conhecer N\u00fabia de Paula, coordenadora dos cursos de Ci\u00eancias Jur\u00eddicas, Sociais e Gest\u00e3o P\u00fablica do Gran!\" \/>\n<meta name=\"robots\" content=\"index, follow, max-snippet:-1, max-image-preview:large, max-video-preview:-1\" \/>\n<link rel=\"canonical\" href=\"https:\/\/faculdade.grancursosonline.com.br\/blog\/nubia-de-paula\/\" \/>\n<meta property=\"og:locale\" content=\"pt_BR\" \/>\n<meta property=\"og:type\" content=\"article\" \/>\n<meta property=\"og:title\" content=\"Conhe\u00e7a N\u00fabia de Paula, coordenadora dos cursos Jur\u00eddicos da Gran Faculdade\" \/>\n<meta property=\"og:description\" content=\"A Gran Faculdade: hoje vamos conhecer N\u00fabia de Paula, coordenadora dos cursos de Ci\u00eancias Jur\u00eddicas, Sociais e Gest\u00e3o P\u00fablica do Gran!\" \/>\n<meta property=\"og:url\" content=\"https:\/\/faculdade.grancursosonline.com.br\/blog\/nubia-de-paula\/\" \/>\n<meta property=\"og:site_name\" content=\"Blog Gran Faculdade\" \/>\n<meta property=\"article:publisher\" content=\"https:\/\/www.facebook.com\/grancursosonline\/\" \/>\n<meta property=\"article:published_time\" content=\"2025-03-10T22:13:15+00:00\" \/>\n<meta property=\"article:modified_time\" content=\"2026-04-14T13:31:19+00:00\" \/>\n<meta property=\"og:image\" content=\"https:\/\/blog-es-static.infra.grancursosonline.com.br\/wp-content\/uploads\/2023\/03\/09165253\/nubia-paula.jpg\" \/>\n\t<meta property=\"og:image:width\" content=\"1000\" \/>\n\t<meta property=\"og:image:height\" content=\"600\" \/>\n\t<meta property=\"og:image:type\" content=\"image\/jpeg\" \/>\n<meta name=\"author\" content=\"Equipe Gran\" \/>\n<meta name=\"twitter:card\" content=\"summary_large_image\" \/>\n<meta name=\"twitter:creator\" content=\"@gran_online\" \/>\n<meta name=\"twitter:site\" content=\"@gran_online\" \/>\n<meta name=\"twitter:label1\" content=\"Written by\" \/>\n\t<meta name=\"twitter:data1\" content=\"Equipe Gran\" \/>\n\t<meta name=\"twitter:label2\" content=\"Est. reading time\" \/>\n\t<meta name=\"twitter:data2\" content=\"24 minutos\" \/>\n<script type=\"application\/ld+json\" class=\"yoast-schema-graph\">{\"@context\":\"https:\/\/schema.org\",\"@graph\":[{\"@type\":\"NewsArticle\",\"@id\":\"https:\/\/faculdade.grancursosonline.com.br\/blog\/nubia-de-paula\/#article\",\"isPartOf\":{\"@id\":\"https:\/\/faculdade.grancursosonline.com.br\/blog\/nubia-de-paula\/\"},\"author\":{\"name\":\"Equipe Gran\",\"@id\":\"https:\/\/faculdade.grancursosonline.com.br\/blog\/#\/schema\/person\/c05f350f8ea43a7138aaffc6a87bc5e0\"},\"headline\":\"Conhe\u00e7a N\u00fabia de Paula, coordenadora dos cursos Jur\u00eddicos da Gran Faculdade\",\"datePublished\":\"2025-03-10T22:13:15+00:00\",\"dateModified\":\"2026-04-14T13:31:19+00:00\",\"mainEntityOfPage\":{\"@id\":\"https:\/\/faculdade.grancursosonline.com.br\/blog\/nubia-de-paula\/\"},\"wordCount\":1119,\"commentCount\":0,\"publisher\":{\"@id\":\"https:\/\/faculdade.grancursosonline.com.br\/blog\/#organization\"},\"image\":{\"@id\":\"https:\/\/faculdade.grancursosonline.com.br\/blog\/nubia-de-paula\/#primaryimage\"},\"thumbnailUrl\":\"https:\/\/blog-es-static.infra.grancursosonline.com.br\/wp-content\/uploads\/2023\/03\/09165253\/nubia-paula.jpg\",\"articleSection\":[\"Conhe\u00e7a Seu Professor\",\"Gradua\u00e7\u00e3o EAD\",\"Gradua\u00e7\u00e3o Gran Faculdade\",\"\u00daltimas Not\u00edcias\"],\"inLanguage\":\"pt-BR\",\"potentialAction\":[{\"@type\":\"CommentAction\",\"name\":\"Comment\",\"target\":[\"https:\/\/faculdade.grancursosonline.com.br\/blog\/nubia-de-paula\/#respond\"]}],\"copyrightYear\":\"2025\",\"copyrightHolder\":{\"@id\":\"https:\/\/faculdade.grancursosonline.com.br\/blog\/#organization\"}},{\"@type\":\"WebPage\",\"@id\":\"https:\/\/faculdade.grancursosonline.com.br\/blog\/nubia-de-paula\/\",\"url\":\"https:\/\/faculdade.grancursosonline.com.br\/blog\/nubia-de-paula\/\",\"name\":\"Conhe\u00e7a N\u00fabia de Paula, coordenadora dos cursos Jur\u00eddicos da Gran Faculdade\",\"isPartOf\":{\"@id\":\"https:\/\/faculdade.grancursosonline.com.br\/blog\/#website\"},\"primaryImageOfPage\":{\"@id\":\"https:\/\/faculdade.grancursosonline.com.br\/blog\/nubia-de-paula\/#primaryimage\"},\"image\":{\"@id\":\"https:\/\/faculdade.grancursosonline.com.br\/blog\/nubia-de-paula\/#primaryimage\"},\"thumbnailUrl\":\"https:\/\/blog-es-static.infra.grancursosonline.com.br\/wp-content\/uploads\/2023\/03\/09165253\/nubia-paula.jpg\",\"datePublished\":\"2025-03-10T22:13:15+00:00\",\"dateModified\":\"2026-04-14T13:31:19+00:00\",\"description\":\"A Gran Faculdade: hoje vamos conhecer N\u00fabia de Paula, coordenadora dos cursos de Ci\u00eancias Jur\u00eddicas, Sociais e Gest\u00e3o P\u00fablica do Gran!\",\"breadcrumb\":{\"@id\":\"https:\/\/faculdade.grancursosonline.com.br\/blog\/nubia-de-paula\/#breadcrumb\"},\"inLanguage\":\"pt-BR\",\"potentialAction\":[{\"@type\":\"ReadAction\",\"target\":[\"https:\/\/faculdade.grancursosonline.com.br\/blog\/nubia-de-paula\/\"]}]},{\"@type\":\"ImageObject\",\"inLanguage\":\"pt-BR\",\"@id\":\"https:\/\/faculdade.grancursosonline.com.br\/blog\/nubia-de-paula\/#primaryimage\",\"url\":\"https:\/\/blog-es-static.infra.grancursosonline.com.br\/wp-content\/uploads\/2023\/03\/09165253\/nubia-paula.jpg\",\"contentUrl\":\"https:\/\/blog-es-static.infra.grancursosonline.com.br\/wp-content\/uploads\/2023\/03\/09165253\/nubia-paula.jpg\",\"width\":1000,\"height\":600},{\"@type\":\"BreadcrumbList\",\"@id\":\"https:\/\/faculdade.grancursosonline.com.br\/blog\/nubia-de-paula\/#breadcrumb\",\"itemListElement\":[{\"@type\":\"ListItem\",\"position\":1,\"name\":\"In\u00edcio\",\"item\":\"https:\/\/faculdade.grancursosonline.com.br\/blog\/\"},{\"@type\":\"ListItem\",\"position\":2,\"name\":\"Gradua\u00e7\u00e3o Gran Faculdade\",\"item\":\"https:\/\/faculdade.grancursosonline.com.br\/blog\/graduacao\/\"},{\"@type\":\"ListItem\",\"position\":3,\"name\":\"Conhe\u00e7a N\u00fabia de Paula, coordenadora dos cursos Jur\u00eddicos da Gran Faculdade\"}]},{\"@type\":\"WebSite\",\"@id\":\"https:\/\/faculdade.grancursosonline.com.br\/blog\/#website\",\"url\":\"https:\/\/faculdade.grancursosonline.com.br\/blog\/\",\"name\":\"Blog Gran Faculdade\",\"description\":\"Tudo sobre ensino superior, p\u00f3s-gradua\u00e7\u00e3o, enem e carreira.\",\"publisher\":{\"@id\":\"https:\/\/faculdade.grancursosonline.com.br\/blog\/#organization\"},\"potentialAction\":[{\"@type\":\"SearchAction\",\"target\":{\"@type\":\"EntryPoint\",\"urlTemplate\":\"https:\/\/faculdade.grancursosonline.com.br\/blog\/?s={search_term_string}\"},\"query-input\":{\"@type\":\"PropertyValueSpecification\",\"valueRequired\":true,\"valueName\":\"search_term_string\"}}],\"inLanguage\":\"pt-BR\"},{\"@type\":\"Organization\",\"@id\":\"https:\/\/faculdade.grancursosonline.com.br\/blog\/#organization\",\"name\":\"Gran Cursos Online\",\"url\":\"https:\/\/faculdade.grancursosonline.com.br\/blog\/\",\"logo\":{\"@type\":\"ImageObject\",\"inLanguage\":\"pt-BR\",\"@id\":\"https:\/\/faculdade.grancursosonline.com.br\/blog\/#\/schema\/logo\/image\/\",\"url\":\"https:\/\/blog-es-static.infra.grancursosonline.com.br\/wp-content\/uploads\/2019\/08\/03123934\/logo.png\",\"contentUrl\":\"https:\/\/blog-es-static.infra.grancursosonline.com.br\/wp-content\/uploads\/2019\/08\/03123934\/logo.png\",\"width\":300,\"height\":57,\"caption\":\"Gran Cursos Online\"},\"image\":{\"@id\":\"https:\/\/faculdade.grancursosonline.com.br\/blog\/#\/schema\/logo\/image\/\"},\"sameAs\":[\"https:\/\/www.facebook.com\/grancursosonline\/\",\"https:\/\/x.com\/gran_online\",\"https:\/\/www.instagram.com\/grancursosonline\/\",\"https:\/\/www.youtube.com\/user\/grancursostv\"]},{\"@type\":\"Person\",\"@id\":\"https:\/\/faculdade.grancursosonline.com.br\/blog\/#\/schema\/person\/c05f350f8ea43a7138aaffc6a87bc5e0\",\"name\":\"Equipe Gran\",\"sameAs\":[\"http:\/\/www.grancursosonline.com.br\"],\"url\":\"https:\/\/faculdade.grancursosonline.com.br\/blog\/author\/hugo-oliveira\/\"}]}<\/script>\n<!-- \/ Yoast SEO Premium plugin. -->","yoast_head_json":{"title":"Conhe\u00e7a N\u00fabia de Paula, coordenadora dos cursos Jur\u00eddicos da Gran Faculdade","description":"A Gran Faculdade: hoje vamos conhecer N\u00fabia de Paula, coordenadora dos cursos de Ci\u00eancias Jur\u00eddicas, Sociais e Gest\u00e3o P\u00fablica do Gran!","robots":{"index":"index","follow":"follow","max-snippet":"max-snippet:-1","max-image-preview":"max-image-preview:large","max-video-preview":"max-video-preview:-1"},"canonical":"https:\/\/faculdade.grancursosonline.com.br\/blog\/nubia-de-paula\/","og_locale":"pt_BR","og_type":"article","og_title":"Conhe\u00e7a N\u00fabia de Paula, coordenadora dos cursos Jur\u00eddicos da Gran Faculdade","og_description":"A Gran Faculdade: hoje vamos conhecer N\u00fabia de Paula, coordenadora dos cursos de Ci\u00eancias Jur\u00eddicas, Sociais e Gest\u00e3o P\u00fablica do Gran!","og_url":"https:\/\/faculdade.grancursosonline.com.br\/blog\/nubia-de-paula\/","og_site_name":"Blog Gran Faculdade","article_publisher":"https:\/\/www.facebook.com\/grancursosonline\/","article_published_time":"2025-03-10T22:13:15+00:00","article_modified_time":"2026-04-14T13:31:19+00:00","og_image":[{"width":1000,"height":600,"url":"https:\/\/blog-es-static.infra.grancursosonline.com.br\/wp-content\/uploads\/2023\/03\/09165253\/nubia-paula.jpg","type":"image\/jpeg"}],"author":"Equipe Gran","twitter_card":"summary_large_image","twitter_creator":"@gran_online","twitter_site":"@gran_online","twitter_misc":{"Written by":"Equipe Gran","Est. reading time":"24 minutos"},"schema":{"@context":"https:\/\/schema.org","@graph":[{"@type":"NewsArticle","@id":"https:\/\/faculdade.grancursosonline.com.br\/blog\/nubia-de-paula\/#article","isPartOf":{"@id":"https:\/\/faculdade.grancursosonline.com.br\/blog\/nubia-de-paula\/"},"author":{"name":"Equipe Gran","@id":"https:\/\/faculdade.grancursosonline.com.br\/blog\/#\/schema\/person\/c05f350f8ea43a7138aaffc6a87bc5e0"},"headline":"Conhe\u00e7a N\u00fabia de Paula, coordenadora dos cursos Jur\u00eddicos da Gran Faculdade","datePublished":"2025-03-10T22:13:15+00:00","dateModified":"2026-04-14T13:31:19+00:00","mainEntityOfPage":{"@id":"https:\/\/faculdade.grancursosonline.com.br\/blog\/nubia-de-paula\/"},"wordCount":1119,"commentCount":0,"publisher":{"@id":"https:\/\/faculdade.grancursosonline.com.br\/blog\/#organization"},"image":{"@id":"https:\/\/faculdade.grancursosonline.com.br\/blog\/nubia-de-paula\/#primaryimage"},"thumbnailUrl":"https:\/\/blog-es-static.infra.grancursosonline.com.br\/wp-content\/uploads\/2023\/03\/09165253\/nubia-paula.jpg","articleSection":["Conhe\u00e7a Seu Professor","Gradua\u00e7\u00e3o EAD","Gradua\u00e7\u00e3o Gran Faculdade","\u00daltimas Not\u00edcias"],"inLanguage":"pt-BR","potentialAction":[{"@type":"CommentAction","name":"Comment","target":["https:\/\/faculdade.grancursosonline.com.br\/blog\/nubia-de-paula\/#respond"]}],"copyrightYear":"2025","copyrightHolder":{"@id":"https:\/\/faculdade.grancursosonline.com.br\/blog\/#organization"}},{"@type":"WebPage","@id":"https:\/\/faculdade.grancursosonline.com.br\/blog\/nubia-de-paula\/","url":"https:\/\/faculdade.grancursosonline.com.br\/blog\/nubia-de-paula\/","name":"Conhe\u00e7a N\u00fabia de Paula, coordenadora dos cursos Jur\u00eddicos da Gran Faculdade","isPartOf":{"@id":"https:\/\/faculdade.grancursosonline.com.br\/blog\/#website"},"primaryImageOfPage":{"@id":"https:\/\/faculdade.grancursosonline.com.br\/blog\/nubia-de-paula\/#primaryimage"},"image":{"@id":"https:\/\/faculdade.grancursosonline.com.br\/blog\/nubia-de-paula\/#primaryimage"},"thumbnailUrl":"https:\/\/blog-es-static.infra.grancursosonline.com.br\/wp-content\/uploads\/2023\/03\/09165253\/nubia-paula.jpg","datePublished":"2025-03-10T22:13:15+00:00","dateModified":"2026-04-14T13:31:19+00:00","description":"A Gran Faculdade: hoje vamos conhecer N\u00fabia de Paula, coordenadora dos cursos de Ci\u00eancias Jur\u00eddicas, Sociais e Gest\u00e3o P\u00fablica do Gran!","breadcrumb":{"@id":"https:\/\/faculdade.grancursosonline.com.br\/blog\/nubia-de-paula\/#breadcrumb"},"inLanguage":"pt-BR","potentialAction":[{"@type":"ReadAction","target":["https:\/\/faculdade.grancursosonline.com.br\/blog\/nubia-de-paula\/"]}]},{"@type":"ImageObject","inLanguage":"pt-BR","@id":"https:\/\/faculdade.grancursosonline.com.br\/blog\/nubia-de-paula\/#primaryimage","url":"https:\/\/blog-es-static.infra.grancursosonline.com.br\/wp-content\/uploads\/2023\/03\/09165253\/nubia-paula.jpg","contentUrl":"https:\/\/blog-es-static.infra.grancursosonline.com.br\/wp-content\/uploads\/2023\/03\/09165253\/nubia-paula.jpg","width":1000,"height":600},{"@type":"BreadcrumbList","@id":"https:\/\/faculdade.grancursosonline.com.br\/blog\/nubia-de-paula\/#breadcrumb","itemListElement":[{"@type":"ListItem","position":1,"name":"In\u00edcio","item":"https:\/\/faculdade.grancursosonline.com.br\/blog\/"},{"@type":"ListItem","position":2,"name":"Gradua\u00e7\u00e3o Gran Faculdade","item":"https:\/\/faculdade.grancursosonline.com.br\/blog\/graduacao\/"},{"@type":"ListItem","position":3,"name":"Conhe\u00e7a N\u00fabia de Paula, coordenadora dos cursos Jur\u00eddicos da Gran Faculdade"}]},{"@type":"WebSite","@id":"https:\/\/faculdade.grancursosonline.com.br\/blog\/#website","url":"https:\/\/faculdade.grancursosonline.com.br\/blog\/","name":"Blog Gran Faculdade","description":"Tudo sobre ensino superior, p\u00f3s-gradua\u00e7\u00e3o, enem e carreira.","publisher":{"@id":"https:\/\/faculdade.grancursosonline.com.br\/blog\/#organization"},"potentialAction":[{"@type":"SearchAction","target":{"@type":"EntryPoint","urlTemplate":"https:\/\/faculdade.grancursosonline.com.br\/blog\/?s={search_term_string}"},"query-input":{"@type":"PropertyValueSpecification","valueRequired":true,"valueName":"search_term_string"}}],"inLanguage":"pt-BR"},{"@type":"Organization","@id":"https:\/\/faculdade.grancursosonline.com.br\/blog\/#organization","name":"Gran Cursos Online","url":"https:\/\/faculdade.grancursosonline.com.br\/blog\/","logo":{"@type":"ImageObject","inLanguage":"pt-BR","@id":"https:\/\/faculdade.grancursosonline.com.br\/blog\/#\/schema\/logo\/image\/","url":"https:\/\/blog-es-static.infra.grancursosonline.com.br\/wp-content\/uploads\/2019\/08\/03123934\/logo.png","contentUrl":"https:\/\/blog-es-static.infra.grancursosonline.com.br\/wp-content\/uploads\/2019\/08\/03123934\/logo.png","width":300,"height":57,"caption":"Gran Cursos Online"},"image":{"@id":"https:\/\/faculdade.grancursosonline.com.br\/blog\/#\/schema\/logo\/image\/"},"sameAs":["https:\/\/www.facebook.com\/grancursosonline\/","https:\/\/x.com\/gran_online","https:\/\/www.instagram.com\/grancursosonline\/","https:\/\/www.youtube.com\/user\/grancursostv"]},{"@type":"Person","@id":"https:\/\/faculdade.grancursosonline.com.br\/blog\/#\/schema\/person\/c05f350f8ea43a7138aaffc6a87bc5e0","name":"Equipe Gran","sameAs":["http:\/\/www.grancursosonline.com.br"],"url":"https:\/\/faculdade.grancursosonline.com.br\/blog\/author\/hugo-oliveira\/"}]}},"_links":{"self":[{"href":"https:\/\/faculdade.grancursosonline.com.br\/blog\/wp-json\/wp\/v2\/posts\/79595724","targetHints":{"allow":["GET"]}}],"collection":[{"href":"https:\/\/faculdade.grancursosonline.com.br\/blog\/wp-json\/wp\/v2\/posts"}],"about":[{"href":"https:\/\/faculdade.grancursosonline.com.br\/blog\/wp-json\/wp\/v2\/types\/post"}],"author":[{"embeddable":true,"href":"https:\/\/faculdade.grancursosonline.com.br\/blog\/wp-json\/wp\/v2\/users\/486"}],"replies":[{"embeddable":true,"href":"https:\/\/faculdade.grancursosonline.com.br\/blog\/wp-json\/wp\/v2\/comments?post=79595724"}],"version-history":[{"count":6,"href":"https:\/\/faculdade.grancursosonline.com.br\/blog\/wp-json\/wp\/v2\/posts\/79595724\/revisions"}],"predecessor-version":[{"id":79764232,"href":"https:\/\/faculdade.grancursosonline.com.br\/blog\/wp-json\/wp\/v2\/posts\/79595724\/revisions\/79764232"}],"wp:featuredmedia":[{"embeddable":true,"href":"https:\/\/faculdade.grancursosonline.com.br\/blog\/wp-json\/wp\/v2\/media\/79595725"}],"wp:attachment":[{"href":"https:\/\/faculdade.grancursosonline.com.br\/blog\/wp-json\/wp\/v2\/media?parent=79595724"}],"wp:term":[{"taxonomy":"category","embeddable":true,"href":"https:\/\/faculdade.grancursosonline.com.br\/blog\/wp-json\/wp\/v2\/categories?post=79595724"},{"taxonomy":"post_tag","embeddable":true,"href":"https:\/\/faculdade.grancursosonline.com.br\/blog\/wp-json\/wp\/v2\/tags?post=79595724"}],"curies":[{"name":"wp","href":"https:\/\/api.w.org\/{rel}","templated":true}]}}