{"id":79597167,"date":"2025-05-06T17:45:21","date_gmt":"2025-05-06T20:45:21","guid":{"rendered":"https:\/\/blog.grancursosonline.com.br\/?p=79597167"},"modified":"2025-05-07T17:00:08","modified_gmt":"2025-05-07T20:00:08","slug":"inss-saiba-mais","status":"publish","type":"post","link":"https:\/\/faculdade.grancursosonline.com.br\/blog\/inss-saiba-mais\/","title":{"rendered":"INSS: saiba mais sobre a institui\u00e7\u00e3o!"},"content":{"rendered":"\n<p>O Instituto Nacional do Seguro Social (INSS) \u00e9 um dos \u00f3rg\u00e3os nacionais mais importantes para os brasileiros. A institui\u00e7\u00e3o \u00e9 respons\u00e1vel pela garantia de direitos, aux\u00edlios e benef\u00edcios a diversas pessoas, de acordo com uma s\u00e9rie de crit\u00e9rios estabelecidos por lei. O INSS \u00e9 fundamental para a qualidade de vida e seguran\u00e7a social de muitas pessoas.<\/p>\n\n\n\n<p>Pensando nisso, hoje vamos apresent\u00e1-lo para voc\u00ea. Nesse post, voc\u00ea vai conhecer a hist\u00f3ria do INSS, suas compet\u00eancias e servi\u00e7os. Vamos l\u00e1?<\/p>\n\n\n\n<div class=\"wp-block-columns is-layout-flex wp-container-core-columns-is-layout-9d6595d7 wp-block-columns-is-layout-flex\">\n<div class=\"wp-block-column is-layout-flow wp-block-column-is-layout-flow\" style=\"flex-basis:100%\"><div class=\"wp-block-image\">\n<figure class=\"aligncenter size-full\"><a href=\"https:\/\/whatsapp.com\/channel\/0029VaG1sChI7Be7PNndhL43\" target=\"_blank\" rel=\"noopener\"><img decoding=\"async\" src=\"https:\/\/blog-es-static.infra.grancursosonline.com.br\/wp-content\/uploads\/2025\/09\/09112354\/banner-wp-600x142-80.webp\" alt=\"Acesse o canal do WhatsApp da Gran Faculdade\" class=\"wp-image-79751904\"\/><\/a><\/figure>\n<\/div><\/div>\n<\/div>\n\n\n\n<p>Continue lendo, ou navegue pelo <span id=\"indice\">\u00edndice<\/span>:<\/p>\n\n\n\n<ul class=\"wp-block-list\">\n<li><a href=\"#historia\">INSS: como surgiu?<\/a><\/li>\n\n\n\n<li><a href=\"#contribuintes\">Quem pode ser contribuinte do INSS?<\/a><\/li>\n\n\n\n<li><a href=\"#beneficios\">INSS: conhe\u00e7a os benef\u00edcios<\/a><\/li>\n\n\n\n<li><a href=\"#trabalho\">Como trabalhar no INSS?<\/a><\/li>\n\n\n\n<li><a href=\"#gran\">Como a Gran Faculdade me ajuda no concurso do INSS?<\/a><\/li>\n\n\n\n<li><a href=\"#h-vem-pra-gran-faculdade\">Vem pra Gran Faculdade!<\/a><\/li>\n<\/ul>\n\n\n\n<h2 class=\"wp-block-heading\" id=\"h-inss-como-surgiu-nbsp\">INSS: como surgiu?&nbsp;<\/h2>\n\n\n\n<p>O INSS, Instituto Nacional do Seguro Social, foi criado na d\u00e9cada de 1990 atrav\u00e9s do Decreto n\u00b0 99.350. O \u00f3rg\u00e3o surgiu a partir da jun\u00e7\u00e3o dos extintos Instituto de Administra\u00e7\u00e3o Financeira da Previd\u00eancia e Assist\u00eancia Social (IAPAS) e Instituto Nacional de Previd\u00eancia Social (INPS).<\/p>\n\n\n\n<p>Trata-se de uma institui\u00e7\u00e3o vinculada a algum Minist\u00e9rio relacionado ao trabalho e\/ou previd\u00eancia social como uma autarquia. Ou seja, o INSS \u00e9 um \u00f3rg\u00e3o que tem autonomia pr\u00f3pria. O objetivo da institui\u00e7\u00e3o \u00e9 garantir a subsist\u00eancia dos contribuintes em determinados casos: doen\u00e7a, aposentadoria, licen\u00e7as, entre outros.<\/p>\n\n\n\n<p>Dessa forma, o INSS funciona como uma esp\u00e9cie de \u201ccofrinho\u201d, em que as pessoas que contribuem com determinados valores t\u00eam direito a receber um sal\u00e1rio ou aux\u00edlio financeiro quando precisar. Essa contribui\u00e7\u00e3o \u00e9 obrigat\u00f3ria ou est\u00e1 inclusa em algumas situa\u00e7\u00f5es, como empregos CLT ou MEI, mas as pessoas podem contribuir voluntariamente tamb\u00e9m, independente de v\u00ednculo empregat\u00edcio.<\/p>\n\n\n\n<p>Nesse sentido, o INSS \u00e9 uma organiza\u00e7\u00e3o que presta servi\u00e7os previdenci\u00e1rios para a popula\u00e7\u00e3o brasileira. Sempre prezando pela transpar\u00eancia, integridade e qualidade no atendimento das demandas de seus usu\u00e1rios.<\/p>\n\n\n\n<p>A busca por melhorias \u00e9 cont\u00ednua, bem como a moderniza\u00e7\u00e3o operacional e de programas, otimiza\u00e7\u00e3o de resultados e ferramentas que melhorem e agilizem os processos envolvendo as atividades do INSS.<\/p>\n\n\n\n<h2 class=\"wp-block-heading\" id=\"contribuintes\">Quem pode ser contribuinte do INSS?<\/h2>\n\n\n\n<p>O INSS atualmente atende mais de 50 milh\u00f5es de pessoas dentre as seguintes categorias de contribui\u00e7\u00e3o:<\/p>\n\n\n\n<ul class=\"wp-block-list\">\n<li><strong>Empregado<\/strong>: pessoas que trabalham em empresas mediante remunera\u00e7\u00e3o;<\/li>\n\n\n\n<li><strong>Empregado dom\u00e9stico:<\/strong> pessoas que trabalham prestando servi\u00e7os residenciais para pessoas f\u00edsicas ou fam\u00edlias, sem fins lucrativos (dom\u00e9sticas, jardineiros\u2026);<\/li>\n\n\n\n<li><strong>Trabalhador avulso<\/strong>: pessoas que trabalham, esporadicamente para empresas intermediadas por algum \u00f3rg\u00e3o ou sindicato;<\/li>\n\n\n\n<li><strong>Contribuinte individual:<\/strong> pessoas que trabalham para uma ou mais empresas, mediante remunera\u00e7\u00e3o, por conta pr\u00f3pria.<\/li>\n\n\n\n<li><strong>Segurado especial<\/strong>: pequenos agricultores e pescadores.<\/li>\n\n\n\n<li><strong>Segurado facultativo<\/strong>: pessoas que t\u00eam mais de 16 anos, n\u00e3o t\u00eam renda pr\u00f3pria, mas contribuem voluntariamente para o INSS.<\/li>\n<\/ul>\n\n\n\n<h2 class=\"wp-block-heading\" id=\"beneficios\">INSS: conhe\u00e7a os benef\u00edcios<\/h2>\n\n\n\n<p>Os contribuintes do INSS tem acesso a alguns tipos de benef\u00edcios de acordo com o tipo de contribui\u00e7\u00e3o feita. Em geral, o \u00f3rg\u00e3o disponibiliza os seguintes benef\u00edcios:<\/p>\n\n\n\n<h3 class=\"wp-block-heading\">Benef\u00edcios previdenci\u00e1rios<\/h3>\n\n\n\n<p>Trata-se das aposentadorias, podendo ser por:<\/p>\n\n\n\n<ul class=\"wp-block-list\">\n<li><strong>Idade<\/strong>: trabalhadores urbanos a partir de 65 anos (sexo masculino) e 60 anos (sexo feminino). Quem \u00e9 trabalhador rural pode solicitar a aposentadoria cinco anos antes, de acordo com o sexo.<\/li>\n\n\n\n<li><strong>Invalidez<\/strong>: quando a pessoa comprove que n\u00e3o pode mais trabalhar devido a alguma doen\u00e7a ou acidente. Ou seja, quando o trabalhador est\u00e1 incapacitado de trabalhar.<\/li>\n\n\n\n<li><strong>Tempo de contribui\u00e7\u00e3o:<\/strong> contribuintes integrais ou parciais que tenham contribu\u00eddo para o INSS por pelo menos 35 anos (sexo masculino) ou 30 anos (sexo feminino). Deve-se combinar idade m\u00ednima e tempo de contribui\u00e7\u00e3o, nesse caso.<\/li>\n\n\n\n<li><strong>Especial<\/strong>: \u00e9 o caso de pessoas que tenham trabalhado em condi\u00e7\u00f5es insalubres ou prejudiciais \u00e0 sa\u00fade. Nesse caso, a pessoa deve comprovar o tempo de trabalho e o risco que esteve exposto.<\/li>\n<\/ul>\n\n\n\n<h3 class=\"wp-block-heading\">Aux\u00edlios<\/h3>\n\n\n\n<p>Aqui diz respeito aos benef\u00edcios pagos pelo INSS em caso de doen\u00e7a e\/ou alguns tipos de licen\u00e7a:<\/p>\n\n\n\n<ul class=\"wp-block-list\">\n<li><strong>Aux\u00edlio-doen\u00e7a<\/strong>: quando o trabalhador \u00e9 impedido de trabalhar devido a alguma quest\u00e3o de sa\u00fade e tenha que se afastar por um per\u00edodo que ultrapasse 15 dias consecutivos;<\/li>\n\n\n\n<li><strong>Aux\u00edlio acidente<\/strong>: \u00e9 o caso de trabalhadores que sofreram algum acidente que deixou sequelas que reduzem a sua capacidade de exercer as atividades da sua fun\u00e7\u00e3o.<\/li>\n\n\n\n<li><strong>Aux\u00edlio reclus\u00e3o<\/strong>: \u00e9 destinado a dependentes de contribuintes que tenham sido presos por qualquer motivo. Os dependentes t\u00eam direito a receber o aux\u00edlio durante todo o per\u00edodo da reclus\u00e3o e ser\u00e1 pago se a pessoa n\u00e3o estiver recebendo sal\u00e1rio ou qualquer outro tipo de benef\u00edcio do INSS.<\/li>\n<\/ul>\n\n\n\n<h3 class=\"wp-block-heading\">Pens\u00f5es<\/h3>\n\n\n\n<p>As pens\u00f5es s\u00e3o benef\u00edcios concedidos pelo INSS nas seguintes situa\u00e7\u00f5es:<\/p>\n\n\n\n<ul class=\"wp-block-list\">\n<li><strong>Morte<\/strong>: quando um contribuinte respons\u00e1vel financeiramente pela casa morre, a fam\u00edlia tem direito a receber esse benef\u00edcio.<\/li>\n\n\n\n<li><strong>Benef\u00edcio assistencial ao idoso e ao deficiente<\/strong>: tamb\u00e9m conhecido como LOAS, em refer\u00eancia \u00e0 Lei Org\u00e2nica da Assist\u00eancia Social. \u00c9 um benef\u00edcio destinado a pessoas que n\u00e3o tem condi\u00e7\u00f5es de contribuir para o INSS, que n\u00e3o tenham outros parentes recebendo nenhum benef\u00edcio e se encontrem incapacitados para trabalho e vida independente.<\/li>\n<\/ul>\n\n\n\n<h2 class=\"wp-block-heading\" id=\"trabalho\">Como trabalhar no INSS?<\/h2>\n\n\n\n<p>Para trabalhar no INSS \u00e9 preciso prestar concurso p\u00fablico. Dentre os diversos cargos, os mais comuns s\u00e3o os de T\u00e9cnico e Analista de Seguro Social. A partir da\u00ed, as atividades podem variar de acordo com a \u00e1rea de forma\u00e7\u00e3o do candidato e demanda do \u00f3rg\u00e3o:<\/p>\n\n\n\n<h3 class=\"wp-block-heading\">T\u00e9cnico de Seguro Social<\/h3>\n\n\n\n<p>O candidato deve possuir o ensino m\u00e9dio completo, devidamente registrado, expedido por institui\u00e7\u00e3o de ensino reconhecida pelo Minist\u00e9rio da Educa\u00e7\u00e3o (MEC). Em geral, as atribui\u00e7\u00f5es s\u00e3o relacionadas a quest\u00f5es administrativas e de atendimento ao p\u00fablico:<br>Atender ao p\u00fablico;<\/p>\n\n\n\n<ul class=\"wp-block-list\">\n<li>Assessorar os superiores hier\u00e1rquicos em processos administrativos;<\/li>\n\n\n\n<li>Realizar atividades inerentes \u00e0 instru\u00e7\u00e3o, tramita\u00e7\u00e3o e movimenta\u00e7\u00e3o de processos e documentos;<\/li>\n\n\n\n<li>Participar do planejamento estrat\u00e9gico institucional, de comiss\u00f5es, grupos e equipes de trabalho e dos planos de sua unidade de lota\u00e7\u00e3o;<br>Atuar na gest\u00e3o de contratos, quando formalmente designado;<\/li>\n\n\n\n<li>Realizar atividades de gest\u00e3o do patrim\u00f4nio do INSS;<\/li>\n\n\n\n<li>Atuar em atividades de planejamento, supervis\u00e3o e coordena\u00e7\u00e3o de projetos e programas de natureza t\u00e9cnica e administrativa;<\/li>\n<\/ul>\n\n\n\n<h3 class=\"wp-block-heading\">Analista de Seguro Social<\/h3>\n\n\n\n<p>No caso de Analista, as fun\u00e7\u00f5es variam de acordo com a demanda da institui\u00e7\u00e3o. Nesse caso, o candidato deve possuir diploma de Ensino Superior reconhecido pelo MEC e atender aos requisitos do edital (arquivista, m\u00e9dico, advogado, gestor p\u00fablico\u2026). Em geral, as atividades giram em torno de:<\/p>\n\n\n\n<ul class=\"wp-block-list\">\n<li>Prestar atendimento e acompanhamento aos usu\u00e1rios dos servi\u00e7os prestados pelo INSS;<\/li>\n\n\n\n<li>Elaborar, executar, avaliar planos, programas e projetos na \u00e1rea de Servi\u00e7o Social e Reabilita\u00e7\u00e3o Profissional;<\/li>\n\n\n\n<li>Supervisionar e homologar os programas profissionais realizados por terceiros ou institui\u00e7\u00f5es conveniadas;<\/li>\n\n\n\n<li>Realizar avalia\u00e7\u00e3o social para fins de concess\u00e3o de direitos previdenci\u00e1rios e benef\u00edcios assistenciais;<\/li>\n\n\n\n<li>Promover estudos sociais e socioecon\u00f4micos, pesquisa e levantamento de informa\u00e7\u00f5es visando \u00e0 emiss\u00e3o de parecer social;<\/li>\n\n\n\n<li>reconhecimento e a manuten\u00e7\u00e3o de direitos previdenci\u00e1rios e benef\u00edcios assistenciais, bem como \u00e0 decis\u00e3o m\u00e9dico pericial;<\/li>\n\n\n\n<li>Exercer, mediante designa\u00e7\u00e3o da autoridade competente, outras atividades relacionadas \u00e0s finalidades institucionais do INSS.<\/li>\n<\/ul>\n\n\n\n<h2 class=\"wp-block-heading\" id=\"gran\">Como a Gran Faculdade me ajuda no concurso do INSS?<\/h2>\n\n\n\n<p>Aqui na Gran Faculdade voc\u00ea encontra o que precisa para ter um excelente desempenho na prepara\u00e7\u00e3o para a carreira no INSS. Seja fazendo cursos de gradua\u00e7\u00e3o para um cargo mais alto, como tamb\u00e9m de p\u00f3s-gradua\u00e7\u00e3o para capacita\u00e7\u00e3o e aperfei\u00e7oamento e preparo profissional para a fun\u00e7\u00e3o e para o concurso em si:<\/p>\n\n\n\n<h3 class=\"wp-block-heading\"><a href=\"https:\/\/faculdade.grancursosonline.com.br\/curso\/administracao\/\" target=\"_blank\" rel=\"noopener\">Gradua\u00e7\u00e3o em Administra\u00e7\u00e3o<\/a><\/h3>\n\n\n\n<p>O curso de Administra\u00e7\u00e3o da Gran Faculdade tem como principal objetivo formar administradores competentes, tanto do ponto de vista \u00e9tico quanto t\u00e9cnico, aptos para atuar em cen\u00e1rios diversificados, na execu\u00e7\u00e3o de atividades t\u00e1ticas e estrat\u00e9gicas.<\/p>\n\n\n\n<h3 class=\"wp-block-heading\"><a href=\"https:\/\/faculdade.grancursosonline.com.br\/curso\/gestao-publica\/\" target=\"_blank\" rel=\"noopener\">Tecn\u00f3logo em Gest\u00e3o P\u00fablica<\/a><\/h3>\n\n\n\n<p>O curso de Gest\u00e3o P\u00fablica da Gran Faculdade tem como objetivo formar gestores competentes, tanto do ponto de vista \u00e9tico quanto t\u00e9cnico, aptos a gerir projetos p\u00fablicos estatais e n\u00e3o estatais, a partir da defini\u00e7\u00e3o e da execu\u00e7\u00e3o de t\u00e9cnicas e estrat\u00e9gias.<\/p>\n\n\n\n<h3 class=\"wp-block-heading\"><a href=\"https:\/\/pos.grancursosonline.com.br\/curso\/direito-civil-e-processo-civil\" target=\"_blank\" rel=\"noopener\">P\u00f3s-Gradua\u00e7\u00e3o em Direito Civil e Processo Civil<\/a><\/h3>\n\n\n\n<p>Promover o conhecimento e contribuir para uma vis\u00e3o cr\u00edtica do direito civil e do processo civil contempor\u00e2neos.<\/p>\n\n\n\n<h3 class=\"wp-block-heading\"><a href=\"https:\/\/pos.grancursosonline.com.br\/curso\/direito-do-trabalho-e-processo-do-trabalho\" target=\"_blank\" rel=\"noopener\">P\u00f3s-Gradua\u00e7\u00e3o em Direito do Trabalho e Processo do Trabalho<\/a><\/h3>\n\n\n\n<p>Promover o desenvolvimento de compet\u00eancias que habilitem o profissional a se posicionar com a lei em face de situa\u00e7\u00f5es concretas envolvendo lit\u00edgios trabalhistas decorrentes da rela\u00e7\u00e3o de trabalho.<\/p>\n\n\n\n<h3 class=\"wp-block-heading\"><a href=\"https:\/\/pos.grancursosonline.com.br\/curso\/direito-e-processo-previdenciario\" target=\"_blank\" rel=\"noopener\">P\u00f3s-Gradua\u00e7\u00e3o em Processo Previdenci\u00e1rio<\/a><\/h3>\n\n\n\n<p>Capacitar membros de Poder, servidores p\u00fablicos, advogados e profissionais de empresas privadas que busquem atualiza\u00e7\u00f5es acerca das altera\u00e7\u00f5es normativas e jurisprudenciais em mat\u00e9ria previdenci\u00e1ria.<\/p>\n\n\n\n<h3 class=\"wp-block-heading\"><a href=\"https:\/\/pos.grancursosonline.com.br\/curso\/ciencias-juridicas-aplicadas-aos-tribunais-do-trabalho\" target=\"_blank\" rel=\"noopener\">P\u00f3s-Gradua\u00e7\u00e3o em Ci\u00eancias Jur\u00eddicas Aplicadas aos Tribunais do Trabalho<\/a><\/h3>\n\n\n\n<p>Capacitar membros de Poder, servidores p\u00fablicos e candidatos ao servi\u00e7o p\u00fablico, al\u00e9m de advogados e profissionais de empresas privadas que busquem se aperfei\u00e7oar na \u00e1rea trabalhista.<\/p>\n\n\n\n<h3 class=\"wp-block-heading\"><a href=\"https:\/\/pos.grancursosonline.com.br\/curso\/ciencias-juridicas-aplicadas-a-advocacia-publica\" target=\"_blank\" rel=\"noopener\">P\u00f3s-Gradua\u00e7\u00e3o em Ci\u00eancias Jur\u00eddicas Aplicadas \u00e0 Advocacia P\u00fablica<\/a><\/h3>\n\n\n\n<p>Promover a capacita\u00e7\u00e3o de profissionais na \u00e1rea da advocacia p\u00fablica, com conhecimentos te\u00f3ricos e pr\u00e1ticos e uma vis\u00e3o t\u00e9cnica e especializada para lidar com os desafios do Direito P\u00fablico.<\/p>\n\n\n\n<h2 class=\"wp-block-heading\" id=\"h-vem-pra-gran-faculdade\">Vem pra Gran Faculdade!<\/h2>\n\n\n\n<p>A Gran Faculdade vem mudando a vida de milhares de pessoas por meio de cursos \u00e0 dist\u00e2ncia de <a href=\"https:\/\/faculdade.grancursosonline.com.br\/\" target=\"_blank\" rel=\"noreferrer noopener\">gradua\u00e7\u00e3o<\/a>, <a href=\"https:\/\/pos.grancursosonline.com.br\/\" target=\"_blank\" rel=\"noreferrer noopener\">p\u00f3s-gradua\u00e7\u00e3o<\/a> e <a href=\"https:\/\/pos.grancursosonline.com.br\/mba\" target=\"_blank\" rel=\"noreferrer noopener\">MBA<\/a>. Seja no digital ou em nosso <a href=\"https:\/\/presencial.grancursosonline.com.br\/\" target=\"_blank\" rel=\"noreferrer noopener\">Campus Presencial em Curitiba<\/a>, a nossa miss\u00e3o \u00e9 transformar a educa\u00e7\u00e3o superior.<\/p>\n\n\n\n<p>Como parte de Sistema Gran de Ensino, que \u00e9 reconhecido como marca aprovadora h\u00e1 mais de 10 anos, constru\u00edmos uma renomada reputa\u00e7\u00e3o na \u00e1rea de educa\u00e7\u00e3o.<\/p>\n\n\n\n<p>Veja algumas de nossas conquistas:<\/p>\n\n\n\n<ul class=\"wp-block-list\">\n<li>Reconhecido pela Amazon como um dos projetos mais relevantes do mundo na \u00e1rea de Tecnologia e Educa\u00e7\u00e3o;<\/li>\n\n\n\n<li>Foi eleito pelo Project Management Institute (PMI), um dos 50 Projetos Mais Influentes do mundo;<\/li>\n\n\n\n<li>Somos o site de educa\u00e7\u00e3o mais acessado do Brasil;<\/li>\n\n\n\n<li>Somos avaliados com a nota m\u00e1xima pelo MEC;<\/li>\n\n\n\n<li>Aqui o semestre come\u00e7a quando quiser: entrada imediata e cont\u00ednua!<\/li>\n\n\n\n<li>Melhores pre\u00e7os do mercado;<\/li>\n\n\n\n<li>Mais de 800 mil alunos pagantes e mais de 1000 funcion\u00e1rios;<\/li>\n\n\n\n<li>Diversas ferramentas de estudo: PDFs, audiobooks, mapas mentais, videoaulas, quest\u00f5es, gerenciador de estudos e muito mais!<\/li>\n\n\n\n<li>Professores experientes e capacitados;<\/li>\n\n\n\n<li>Acesso imediato e 100% online.<\/li>\n<\/ul>\n\n\n\n<p class=\"has-text-align-center has-text-align-center\"><strong><a href=\"https:\/\/faculdade.grancursosonline.com.br\/\">Quero ser aluno da Gran Faculdade<\/a><\/strong><\/p>\n\n\n\n<div class=\"wp-block-group has-background\" style=\"background-color:#8dd2fc7a\"><div class=\"wp-block-group__inner-container is-layout-constrained wp-block-group-is-layout-constrained\">\n<p><strong>Outras not\u00edcias em destaque:<\/strong><\/p>\n\n\n\n<ul class=\"wp-block-list\">\n<li><a href=\"https:\/\/faculdade.grancursosonline.com.br\/blog\/edtech\/\" target=\"_blank\" rel=\"noreferrer noopener\">Edtech: o que \u00e9 e tudo o que voc\u00ea precisa saber!<\/a><\/li>\n\n\n\n<li><a href=\"https:\/\/faculdade.grancursosonline.com.br\/blog\/por-que-estudar-na-gran-faculdade\/\" target=\"_blank\" rel=\"noreferrer noopener\">Por que fazer gradua\u00e7\u00e3o na Gran Faculdade? Saiba tudo<\/a><\/li>\n\n\n\n<li><a href=\"https:\/\/faculdade.grancursosonline.com.br\/blog\/bolsa-de-estudo-para-faculdade-ead\/\" target=\"_blank\" rel=\"noreferrer noopener\">Bolsa de estudopara faculdade EAD: 3 formas de desconto!<\/a><\/li>\n<\/ul>\n<\/div><\/div>\n\n\n\n<div class=\"wp-block-group\"><div class=\"wp-block-group__inner-container is-layout-constrained wp-block-group-is-layout-constrained\">\n<section style=\"text-align: center;\">\n<p>Quer ficar por dentro da Faculdade Digital mais inovadora do Brasil?<\/p>\n<nav>\n<p class=\"has-background has-dark-bluish-background-color\" style=\"font-size: 25px; text-align: center; background: #f0f0f0; color: #ffffff; padding: 4px 0px 4xp 0px;\"><a style=\"color: #0d134c; text-decoration: underline;\" href=\"https:\/\/faculdade.grancursosonline.com.br\/\" target=\"_blank\" rel=\"noopener\">GRADUA\u00c7\u00c3O<\/a><\/p>\n<p class=\"has-background has-dark-bluish-background-color\" style=\"font-size: 25px; text-align: center; background: #f0f0f0; color: #ffffff; padding: 4px 0px 4xp 0px;\"><a style=\"color: #0d134c; text-decoration: underline;\" href=\"https:\/\/pos.grancursosonline.com.br\/\" target=\"_blank\" rel=\"noopener\">P\u00d3S-GRADUA\u00c7\u00c3O<\/a><\/p>\n<p class=\"has-background has-dark-bluish-background-color\" style=\"font-size: 25px; text-align: center; background: #f0f0f0; color: #ffffff; padding: 4px 0px 4xp 0px;\"><a style=\"color: #0d134c; text-decoration: underline;\" href=\"https:\/\/faculdade.grancursosonline.com.br\/nossos-cursos\/\" target=\"_blank\" rel=\"noopener\">TUDO SOBRE A GRAN FACULDADE<\/a><\/p>\n<\/nav>\n<p><strong>Receba <span style=\"color: #cf1e25;\">gratuitamente<\/span> no seu celular as principais not\u00edcias sobre a Gran Faculdade! <br \/>Clique no link abaixo e inscreva-se:<\/strong><\/p>\n<p class=\"has-background has-dark-bluish-background-color\" style=\"font-size: 25px; text-align: center; background: #f0f0f0; color: #ffffff; padding: 4px 0px 4xp 0px;\"><a style=\"color: #0d134c; text-decoration: underline;\" href=\"https:\/\/whatsapp.com\/channel\/0029VaG1sChI7Be7PNndhL43\" target=\"_blank\" rel=\"noopener noreferrer\">WHATSAPP<\/a><\/p>\n<p class=\"has-background has-dark-bluish-background-color\" style=\"font-size: 25px; text-align: center; background: #f0f0f0; color: #ffffff; padding: 4px 0px 4xp 0px;\"><a style=\"color: #0d134c; text-decoration: underline;\" href=\"https:\/\/t.me\/GranFaculdade\" target=\"_blank\" rel=\"noopener noreferrer\">TELEGRAM<\/a><\/p>\n<\/section>\n<\/div><\/div>\n","protected":false},"excerpt":{"rendered":"<p>O Instituto Nacional do Seguro Social (INSS) \u00e9 um dos \u00f3rg\u00e3os nacionais mais importantes para os brasileiros. A institui\u00e7\u00e3o \u00e9 respons\u00e1vel pela garantia de direitos, aux\u00edlios e benef\u00edcios a diversas pessoas, de acordo com uma s\u00e9rie de crit\u00e9rios estabelecidos por lei. O INSS \u00e9 fundamental para a qualidade de vida e seguran\u00e7a social de muitas&hellip;<\/p>\n","protected":false},"author":486,"featured_media":79753769,"comment_status":"open","ping_status":"open","sticky":false,"template":"","format":"standard","meta":{"_acf_changed":false,"content-type":"","footnotes":""},"categories":[218545,209229,2],"tags":[],"class_list":["post-79597167","post","type-post","status-publish","format-standard","has-post-thumbnail","hentry","category-graduacao","category-pos-graduacao","category-ultimas-noticias"],"acf":[],"yoast_head":"<!-- This site is optimized with the Yoast SEO Premium plugin v27.2 (Yoast SEO v27.2) - https:\/\/yoast.com\/product\/yoast-seo-premium-wordpress\/ -->\n<title>INSS: saiba mais sobre a institui\u00e7\u00e3o!<\/title>\n<meta name=\"description\" content=\"Voc\u00ea j\u00e1 deve ter ouvido falar sobre o INSS e a sua import\u00e2ncia para a sociedade e para o trabalhador brasileiro. Mas vamos conhec\u00ea-lo melhor?\" \/>\n<meta name=\"robots\" content=\"index, follow, max-snippet:-1, max-image-preview:large, max-video-preview:-1\" \/>\n<link rel=\"canonical\" href=\"https:\/\/faculdade.grancursosonline.com.br\/blog\/inss-saiba-mais\/\" \/>\n<meta property=\"og:locale\" content=\"pt_BR\" \/>\n<meta property=\"og:type\" content=\"article\" \/>\n<meta property=\"og:title\" content=\"INSS: saiba mais sobre a institui\u00e7\u00e3o!\" \/>\n<meta property=\"og:description\" content=\"Voc\u00ea j\u00e1 deve ter ouvido falar sobre o INSS e a sua import\u00e2ncia para a sociedade e para o trabalhador brasileiro. Mas vamos conhec\u00ea-lo melhor?\" \/>\n<meta property=\"og:url\" content=\"https:\/\/faculdade.grancursosonline.com.br\/blog\/inss-saiba-mais\/\" \/>\n<meta property=\"og:site_name\" content=\"Blog Gran Faculdade\" \/>\n<meta property=\"article:publisher\" content=\"https:\/\/www.facebook.com\/grancursosonline\/\" \/>\n<meta property=\"article:published_time\" content=\"2025-05-06T20:45:21+00:00\" \/>\n<meta property=\"article:modified_time\" content=\"2025-05-07T20:00:08+00:00\" \/>\n<meta property=\"og:image\" content=\"https:\/\/blog-es-static.infra.grancursosonline.com.br\/wp-content\/uploads\/2025\/05\/07152902\/inss.jpg\" \/>\n\t<meta property=\"og:image:width\" content=\"1001\" \/>\n\t<meta property=\"og:image:height\" content=\"601\" \/>\n\t<meta property=\"og:image:type\" content=\"image\/jpeg\" \/>\n<meta name=\"author\" content=\"Equipe Gran\" \/>\n<meta name=\"twitter:card\" content=\"summary_large_image\" \/>\n<meta name=\"twitter:creator\" content=\"@gran_online\" \/>\n<meta name=\"twitter:site\" content=\"@gran_online\" \/>\n<meta name=\"twitter:label1\" content=\"Written by\" \/>\n\t<meta name=\"twitter:data1\" content=\"Equipe Gran\" \/>\n\t<meta name=\"twitter:label2\" content=\"Est. reading time\" \/>\n\t<meta name=\"twitter:data2\" content=\"10 minutos\" \/>\n<script type=\"application\/ld+json\" class=\"yoast-schema-graph\">{\"@context\":\"https:\/\/schema.org\",\"@graph\":[{\"@type\":\"NewsArticle\",\"@id\":\"https:\/\/faculdade.grancursosonline.com.br\/blog\/inss-saiba-mais\/#article\",\"isPartOf\":{\"@id\":\"https:\/\/faculdade.grancursosonline.com.br\/blog\/inss-saiba-mais\/\"},\"author\":{\"name\":\"Equipe Gran\",\"@id\":\"https:\/\/faculdade.grancursosonline.com.br\/blog\/#\/schema\/person\/c05f350f8ea43a7138aaffc6a87bc5e0\"},\"headline\":\"INSS: saiba mais sobre a institui\u00e7\u00e3o!\",\"datePublished\":\"2025-05-06T20:45:21+00:00\",\"dateModified\":\"2025-05-07T20:00:08+00:00\",\"mainEntityOfPage\":{\"@id\":\"https:\/\/faculdade.grancursosonline.com.br\/blog\/inss-saiba-mais\/\"},\"wordCount\":1654,\"commentCount\":0,\"publisher\":{\"@id\":\"https:\/\/faculdade.grancursosonline.com.br\/blog\/#organization\"},\"image\":{\"@id\":\"https:\/\/faculdade.grancursosonline.com.br\/blog\/inss-saiba-mais\/#primaryimage\"},\"thumbnailUrl\":\"https:\/\/blog-es-static.infra.grancursosonline.com.br\/wp-content\/uploads\/2025\/05\/07152902\/inss.jpg\",\"articleSection\":[\"Gradua\u00e7\u00e3o Gran Faculdade\",\"P\u00f3s-Gradua\u00e7\u00e3o Gran Faculdade\",\"\u00daltimas Not\u00edcias\"],\"inLanguage\":\"pt-BR\",\"potentialAction\":[{\"@type\":\"CommentAction\",\"name\":\"Comment\",\"target\":[\"https:\/\/faculdade.grancursosonline.com.br\/blog\/inss-saiba-mais\/#respond\"]}],\"copyrightYear\":\"2025\",\"copyrightHolder\":{\"@id\":\"https:\/\/faculdade.grancursosonline.com.br\/blog\/#organization\"}},{\"@type\":\"WebPage\",\"@id\":\"https:\/\/faculdade.grancursosonline.com.br\/blog\/inss-saiba-mais\/\",\"url\":\"https:\/\/faculdade.grancursosonline.com.br\/blog\/inss-saiba-mais\/\",\"name\":\"INSS: saiba mais sobre a institui\u00e7\u00e3o!\",\"isPartOf\":{\"@id\":\"https:\/\/faculdade.grancursosonline.com.br\/blog\/#website\"},\"primaryImageOfPage\":{\"@id\":\"https:\/\/faculdade.grancursosonline.com.br\/blog\/inss-saiba-mais\/#primaryimage\"},\"image\":{\"@id\":\"https:\/\/faculdade.grancursosonline.com.br\/blog\/inss-saiba-mais\/#primaryimage\"},\"thumbnailUrl\":\"https:\/\/blog-es-static.infra.grancursosonline.com.br\/wp-content\/uploads\/2025\/05\/07152902\/inss.jpg\",\"datePublished\":\"2025-05-06T20:45:21+00:00\",\"dateModified\":\"2025-05-07T20:00:08+00:00\",\"description\":\"Voc\u00ea j\u00e1 deve ter ouvido falar sobre o INSS e a sua import\u00e2ncia para a sociedade e para o trabalhador brasileiro. Mas vamos conhec\u00ea-lo melhor?\",\"breadcrumb\":{\"@id\":\"https:\/\/faculdade.grancursosonline.com.br\/blog\/inss-saiba-mais\/#breadcrumb\"},\"inLanguage\":\"pt-BR\",\"potentialAction\":[{\"@type\":\"ReadAction\",\"target\":[\"https:\/\/faculdade.grancursosonline.com.br\/blog\/inss-saiba-mais\/\"]}]},{\"@type\":\"ImageObject\",\"inLanguage\":\"pt-BR\",\"@id\":\"https:\/\/faculdade.grancursosonline.com.br\/blog\/inss-saiba-mais\/#primaryimage\",\"url\":\"https:\/\/blog-es-static.infra.grancursosonline.com.br\/wp-content\/uploads\/2025\/05\/07152902\/inss.jpg\",\"contentUrl\":\"https:\/\/blog-es-static.infra.grancursosonline.com.br\/wp-content\/uploads\/2025\/05\/07152902\/inss.jpg\",\"width\":1001,\"height\":601},{\"@type\":\"BreadcrumbList\",\"@id\":\"https:\/\/faculdade.grancursosonline.com.br\/blog\/inss-saiba-mais\/#breadcrumb\",\"itemListElement\":[{\"@type\":\"ListItem\",\"position\":1,\"name\":\"In\u00edcio\",\"item\":\"https:\/\/faculdade.grancursosonline.com.br\/blog\/\"},{\"@type\":\"ListItem\",\"position\":2,\"name\":\"Gradua\u00e7\u00e3o Gran Faculdade\",\"item\":\"https:\/\/faculdade.grancursosonline.com.br\/blog\/graduacao\/\"},{\"@type\":\"ListItem\",\"position\":3,\"name\":\"INSS: saiba mais sobre a institui\u00e7\u00e3o!\"}]},{\"@type\":\"WebSite\",\"@id\":\"https:\/\/faculdade.grancursosonline.com.br\/blog\/#website\",\"url\":\"https:\/\/faculdade.grancursosonline.com.br\/blog\/\",\"name\":\"Blog Gran Faculdade\",\"description\":\"Tudo sobre ensino superior, p\u00f3s-gradua\u00e7\u00e3o, enem e carreira.\",\"publisher\":{\"@id\":\"https:\/\/faculdade.grancursosonline.com.br\/blog\/#organization\"},\"potentialAction\":[{\"@type\":\"SearchAction\",\"target\":{\"@type\":\"EntryPoint\",\"urlTemplate\":\"https:\/\/faculdade.grancursosonline.com.br\/blog\/?s={search_term_string}\"},\"query-input\":{\"@type\":\"PropertyValueSpecification\",\"valueRequired\":true,\"valueName\":\"search_term_string\"}}],\"inLanguage\":\"pt-BR\"},{\"@type\":\"Organization\",\"@id\":\"https:\/\/faculdade.grancursosonline.com.br\/blog\/#organization\",\"name\":\"Gran Cursos Online\",\"url\":\"https:\/\/faculdade.grancursosonline.com.br\/blog\/\",\"logo\":{\"@type\":\"ImageObject\",\"inLanguage\":\"pt-BR\",\"@id\":\"https:\/\/faculdade.grancursosonline.com.br\/blog\/#\/schema\/logo\/image\/\",\"url\":\"https:\/\/blog-es-static.infra.grancursosonline.com.br\/wp-content\/uploads\/2019\/08\/03123934\/logo.png\",\"contentUrl\":\"https:\/\/blog-es-static.infra.grancursosonline.com.br\/wp-content\/uploads\/2019\/08\/03123934\/logo.png\",\"width\":300,\"height\":57,\"caption\":\"Gran Cursos Online\"},\"image\":{\"@id\":\"https:\/\/faculdade.grancursosonline.com.br\/blog\/#\/schema\/logo\/image\/\"},\"sameAs\":[\"https:\/\/www.facebook.com\/grancursosonline\/\",\"https:\/\/x.com\/gran_online\",\"https:\/\/www.instagram.com\/grancursosonline\/\",\"https:\/\/www.youtube.com\/user\/grancursostv\"]},{\"@type\":\"Person\",\"@id\":\"https:\/\/faculdade.grancursosonline.com.br\/blog\/#\/schema\/person\/c05f350f8ea43a7138aaffc6a87bc5e0\",\"name\":\"Equipe Gran\",\"sameAs\":[\"http:\/\/www.grancursosonline.com.br\"],\"url\":\"https:\/\/faculdade.grancursosonline.com.br\/blog\/author\/hugo-oliveira\/\"}]}<\/script>\n<!-- \/ Yoast SEO Premium plugin. -->","yoast_head_json":{"title":"INSS: saiba mais sobre a institui\u00e7\u00e3o!","description":"Voc\u00ea j\u00e1 deve ter ouvido falar sobre o INSS e a sua import\u00e2ncia para a sociedade e para o trabalhador brasileiro. Mas vamos conhec\u00ea-lo melhor?","robots":{"index":"index","follow":"follow","max-snippet":"max-snippet:-1","max-image-preview":"max-image-preview:large","max-video-preview":"max-video-preview:-1"},"canonical":"https:\/\/faculdade.grancursosonline.com.br\/blog\/inss-saiba-mais\/","og_locale":"pt_BR","og_type":"article","og_title":"INSS: saiba mais sobre a institui\u00e7\u00e3o!","og_description":"Voc\u00ea j\u00e1 deve ter ouvido falar sobre o INSS e a sua import\u00e2ncia para a sociedade e para o trabalhador brasileiro. Mas vamos conhec\u00ea-lo melhor?","og_url":"https:\/\/faculdade.grancursosonline.com.br\/blog\/inss-saiba-mais\/","og_site_name":"Blog Gran Faculdade","article_publisher":"https:\/\/www.facebook.com\/grancursosonline\/","article_published_time":"2025-05-06T20:45:21+00:00","article_modified_time":"2025-05-07T20:00:08+00:00","og_image":[{"width":1001,"height":601,"url":"https:\/\/blog-es-static.infra.grancursosonline.com.br\/wp-content\/uploads\/2025\/05\/07152902\/inss.jpg","type":"image\/jpeg"}],"author":"Equipe Gran","twitter_card":"summary_large_image","twitter_creator":"@gran_online","twitter_site":"@gran_online","twitter_misc":{"Written by":"Equipe Gran","Est. reading time":"10 minutos"},"schema":{"@context":"https:\/\/schema.org","@graph":[{"@type":"NewsArticle","@id":"https:\/\/faculdade.grancursosonline.com.br\/blog\/inss-saiba-mais\/#article","isPartOf":{"@id":"https:\/\/faculdade.grancursosonline.com.br\/blog\/inss-saiba-mais\/"},"author":{"name":"Equipe Gran","@id":"https:\/\/faculdade.grancursosonline.com.br\/blog\/#\/schema\/person\/c05f350f8ea43a7138aaffc6a87bc5e0"},"headline":"INSS: saiba mais sobre a institui\u00e7\u00e3o!","datePublished":"2025-05-06T20:45:21+00:00","dateModified":"2025-05-07T20:00:08+00:00","mainEntityOfPage":{"@id":"https:\/\/faculdade.grancursosonline.com.br\/blog\/inss-saiba-mais\/"},"wordCount":1654,"commentCount":0,"publisher":{"@id":"https:\/\/faculdade.grancursosonline.com.br\/blog\/#organization"},"image":{"@id":"https:\/\/faculdade.grancursosonline.com.br\/blog\/inss-saiba-mais\/#primaryimage"},"thumbnailUrl":"https:\/\/blog-es-static.infra.grancursosonline.com.br\/wp-content\/uploads\/2025\/05\/07152902\/inss.jpg","articleSection":["Gradua\u00e7\u00e3o Gran Faculdade","P\u00f3s-Gradua\u00e7\u00e3o Gran Faculdade","\u00daltimas Not\u00edcias"],"inLanguage":"pt-BR","potentialAction":[{"@type":"CommentAction","name":"Comment","target":["https:\/\/faculdade.grancursosonline.com.br\/blog\/inss-saiba-mais\/#respond"]}],"copyrightYear":"2025","copyrightHolder":{"@id":"https:\/\/faculdade.grancursosonline.com.br\/blog\/#organization"}},{"@type":"WebPage","@id":"https:\/\/faculdade.grancursosonline.com.br\/blog\/inss-saiba-mais\/","url":"https:\/\/faculdade.grancursosonline.com.br\/blog\/inss-saiba-mais\/","name":"INSS: saiba mais sobre a institui\u00e7\u00e3o!","isPartOf":{"@id":"https:\/\/faculdade.grancursosonline.com.br\/blog\/#website"},"primaryImageOfPage":{"@id":"https:\/\/faculdade.grancursosonline.com.br\/blog\/inss-saiba-mais\/#primaryimage"},"image":{"@id":"https:\/\/faculdade.grancursosonline.com.br\/blog\/inss-saiba-mais\/#primaryimage"},"thumbnailUrl":"https:\/\/blog-es-static.infra.grancursosonline.com.br\/wp-content\/uploads\/2025\/05\/07152902\/inss.jpg","datePublished":"2025-05-06T20:45:21+00:00","dateModified":"2025-05-07T20:00:08+00:00","description":"Voc\u00ea j\u00e1 deve ter ouvido falar sobre o INSS e a sua import\u00e2ncia para a sociedade e para o trabalhador brasileiro. Mas vamos conhec\u00ea-lo melhor?","breadcrumb":{"@id":"https:\/\/faculdade.grancursosonline.com.br\/blog\/inss-saiba-mais\/#breadcrumb"},"inLanguage":"pt-BR","potentialAction":[{"@type":"ReadAction","target":["https:\/\/faculdade.grancursosonline.com.br\/blog\/inss-saiba-mais\/"]}]},{"@type":"ImageObject","inLanguage":"pt-BR","@id":"https:\/\/faculdade.grancursosonline.com.br\/blog\/inss-saiba-mais\/#primaryimage","url":"https:\/\/blog-es-static.infra.grancursosonline.com.br\/wp-content\/uploads\/2025\/05\/07152902\/inss.jpg","contentUrl":"https:\/\/blog-es-static.infra.grancursosonline.com.br\/wp-content\/uploads\/2025\/05\/07152902\/inss.jpg","width":1001,"height":601},{"@type":"BreadcrumbList","@id":"https:\/\/faculdade.grancursosonline.com.br\/blog\/inss-saiba-mais\/#breadcrumb","itemListElement":[{"@type":"ListItem","position":1,"name":"In\u00edcio","item":"https:\/\/faculdade.grancursosonline.com.br\/blog\/"},{"@type":"ListItem","position":2,"name":"Gradua\u00e7\u00e3o Gran Faculdade","item":"https:\/\/faculdade.grancursosonline.com.br\/blog\/graduacao\/"},{"@type":"ListItem","position":3,"name":"INSS: saiba mais sobre a institui\u00e7\u00e3o!"}]},{"@type":"WebSite","@id":"https:\/\/faculdade.grancursosonline.com.br\/blog\/#website","url":"https:\/\/faculdade.grancursosonline.com.br\/blog\/","name":"Blog Gran Faculdade","description":"Tudo sobre ensino superior, p\u00f3s-gradua\u00e7\u00e3o, enem e carreira.","publisher":{"@id":"https:\/\/faculdade.grancursosonline.com.br\/blog\/#organization"},"potentialAction":[{"@type":"SearchAction","target":{"@type":"EntryPoint","urlTemplate":"https:\/\/faculdade.grancursosonline.com.br\/blog\/?s={search_term_string}"},"query-input":{"@type":"PropertyValueSpecification","valueRequired":true,"valueName":"search_term_string"}}],"inLanguage":"pt-BR"},{"@type":"Organization","@id":"https:\/\/faculdade.grancursosonline.com.br\/blog\/#organization","name":"Gran Cursos Online","url":"https:\/\/faculdade.grancursosonline.com.br\/blog\/","logo":{"@type":"ImageObject","inLanguage":"pt-BR","@id":"https:\/\/faculdade.grancursosonline.com.br\/blog\/#\/schema\/logo\/image\/","url":"https:\/\/blog-es-static.infra.grancursosonline.com.br\/wp-content\/uploads\/2019\/08\/03123934\/logo.png","contentUrl":"https:\/\/blog-es-static.infra.grancursosonline.com.br\/wp-content\/uploads\/2019\/08\/03123934\/logo.png","width":300,"height":57,"caption":"Gran Cursos Online"},"image":{"@id":"https:\/\/faculdade.grancursosonline.com.br\/blog\/#\/schema\/logo\/image\/"},"sameAs":["https:\/\/www.facebook.com\/grancursosonline\/","https:\/\/x.com\/gran_online","https:\/\/www.instagram.com\/grancursosonline\/","https:\/\/www.youtube.com\/user\/grancursostv"]},{"@type":"Person","@id":"https:\/\/faculdade.grancursosonline.com.br\/blog\/#\/schema\/person\/c05f350f8ea43a7138aaffc6a87bc5e0","name":"Equipe Gran","sameAs":["http:\/\/www.grancursosonline.com.br"],"url":"https:\/\/faculdade.grancursosonline.com.br\/blog\/author\/hugo-oliveira\/"}]}},"_links":{"self":[{"href":"https:\/\/faculdade.grancursosonline.com.br\/blog\/wp-json\/wp\/v2\/posts\/79597167","targetHints":{"allow":["GET"]}}],"collection":[{"href":"https:\/\/faculdade.grancursosonline.com.br\/blog\/wp-json\/wp\/v2\/posts"}],"about":[{"href":"https:\/\/faculdade.grancursosonline.com.br\/blog\/wp-json\/wp\/v2\/types\/post"}],"author":[{"embeddable":true,"href":"https:\/\/faculdade.grancursosonline.com.br\/blog\/wp-json\/wp\/v2\/users\/486"}],"replies":[{"embeddable":true,"href":"https:\/\/faculdade.grancursosonline.com.br\/blog\/wp-json\/wp\/v2\/comments?post=79597167"}],"version-history":[{"count":3,"href":"https:\/\/faculdade.grancursosonline.com.br\/blog\/wp-json\/wp\/v2\/posts\/79597167\/revisions"}],"predecessor-version":[{"id":79753800,"href":"https:\/\/faculdade.grancursosonline.com.br\/blog\/wp-json\/wp\/v2\/posts\/79597167\/revisions\/79753800"}],"wp:featuredmedia":[{"embeddable":true,"href":"https:\/\/faculdade.grancursosonline.com.br\/blog\/wp-json\/wp\/v2\/media\/79753769"}],"wp:attachment":[{"href":"https:\/\/faculdade.grancursosonline.com.br\/blog\/wp-json\/wp\/v2\/media?parent=79597167"}],"wp:term":[{"taxonomy":"category","embeddable":true,"href":"https:\/\/faculdade.grancursosonline.com.br\/blog\/wp-json\/wp\/v2\/categories?post=79597167"},{"taxonomy":"post_tag","embeddable":true,"href":"https:\/\/faculdade.grancursosonline.com.br\/blog\/wp-json\/wp\/v2\/tags?post=79597167"}],"curies":[{"name":"wp","href":"https:\/\/api.w.org\/{rel}","templated":true}]}}