{"id":79598495,"date":"2025-07-07T11:29:19","date_gmt":"2025-07-07T14:29:19","guid":{"rendered":"https:\/\/blog.grancursosonline.com.br\/?p=79598495"},"modified":"2025-07-09T10:22:17","modified_gmt":"2025-07-09T13:22:17","slug":"direito-penitenciario","status":"publish","type":"post","link":"https:\/\/faculdade.grancursosonline.com.br\/blog\/direito-penitenciario\/","title":{"rendered":"Direito Penitenci\u00e1rio: o que \u00e9 e como atuar?"},"content":{"rendered":"\n<p><strong>O Direito Penitenci\u00e1rio se destaca hoje em um contexto onde a pris\u00e3o \u00e9 um desafio global.<\/strong> Seja no gerenciamento, como tamb\u00e9m no questionamento sobre sua efetividade no combate ao crime.<\/p>\n\n\n\n<p>Nesse sentido, <strong>o Direito Penitenci\u00e1rio \u00e9 uma disciplina que busca atender quest\u00f5es relacionadas \u00e0 pris\u00e3o, justi\u00e7a e encarceramento.<\/strong> \u00c9 uma \u00e1rea delicada, que envolve o julgamento do que \u00e9 considerado \u201ccerto\u201d e \u201cerrado\u201d, que pode mudar a vida de uma pessoa para sempre.<\/p>\n\n\n\n<div class=\"wp-block-columns is-layout-flex wp-container-core-columns-is-layout-9d6595d7 wp-block-columns-is-layout-flex\">\n<div class=\"wp-block-column is-layout-flow wp-block-column-is-layout-flow\" style=\"flex-basis:100%\"><div class=\"wp-block-image\">\n<figure class=\"aligncenter size-full\"><a href=\"https:\/\/whatsapp.com\/channel\/0029VaG1sChI7Be7PNndhL43\" target=\"_blank\" rel=\"noopener\"><img decoding=\"async\" src=\"https:\/\/blog-es-static.infra.grancursosonline.com.br\/wp-content\/uploads\/2025\/09\/09112354\/banner-wp-600x142-80.webp\" alt=\"Acesse o canal do WhatsApp da Gran Faculdade\" class=\"wp-image-79751904\"\/><\/a><\/figure>\n<\/div><\/div>\n<\/div>\n\n\n\n<p>Se preferir, navegue pelo \u00edndice:<\/p>\n\n\n\n<ul class=\"wp-block-list\">\n<li><a href=\"#conceito\">O que \u00e9 Direito Penitenci\u00e1rio?<\/a><\/li>\n\n\n\n<li><a href=\"#sistema\">O que \u00e9 o sistema penitenci\u00e1rio?<\/a><\/li>\n\n\n\n<li><a href=\"#mercado\">Direito Penitenci\u00e1rio: onde trabalhar?<\/a><\/li>\n\n\n\n<li><a href=\"#desafios\">Quais os desafios do Direito Penitenci\u00e1rio?<\/a><\/li>\n\n\n\n<li><a href=\"#competencias\">Compet\u00eancias para atuar com Direito Penitenci\u00e1rio<\/a><\/li>\n\n\n\n<li><a href=\"#gran\">Vem pra Gran Faculdade!<\/a><\/li>\n<\/ul>\n\n\n\n<h2 class=\"wp-block-heading\" id=\"conceito\">O que \u00e9 Direito Penitenci\u00e1rio?<\/h2>\n\n\n\n<p>O Direito \u00e9 um campo muito vasto. Apesar de existir muita conex\u00e3o com o Direito Penal, <strong>o Direito Penitenci\u00e1rio trata de temas mais executivos<\/strong> e relacionados \u00e0 pena, seguran\u00e7a, sistema penitenci\u00e1rio e comportamental.<\/p>\n\n\n\n<p>Engana-se quem pensa que, por se tratar de uma penaliza\u00e7\u00e3o, os encarcerados n\u00e3o t\u00eam direitos. Apesar de ser uma esp\u00e9cie de puni\u00e7\u00e3o por infra\u00e7\u00f5es que tenham cometido em liberdade,<strong> o sistema penitenci\u00e1rio brasileiro \u00e9 muito mais complexo.<\/strong><\/p>\n\n\n\n<p>Por contar com uma popula\u00e7\u00e3o carcer\u00e1ria com dimens\u00f5es equivalentes a de um pa\u00eds, <strong>os problemas envolvendo essa \u00e1rea tamb\u00e9m s\u00e3o.<\/strong> Al\u00e9m disso, existem alguns tr\u00e2mites legais e alguns t\u00f3picos envolvendo a legisla\u00e7\u00e3o que regulam o sistema prisional.<\/p>\n\n\n\n<p>A lei 7.210\/84, popularmente conhecida como Lei de Execu\u00e7\u00e3o Penal, tem no seu primeiro artigo o seguinte encaminhamento:<\/p>\n\n\n\n<blockquote class=\"wp-block-quote is-layout-flow wp-block-quote-is-layout-flow\">\n<p>Art. 1\u00ba A execu\u00e7\u00e3o penal tem por objetivo efetivar as disposi\u00e7\u00f5es de senten\u00e7a ou decis\u00e3o criminal e proporcionar condi\u00e7\u00f5es para a harm\u00f4nica integra\u00e7\u00e3o social do condenado e do internado.<\/p>\n<\/blockquote>\n\n\n\n<p><strong>Ou seja, o princ\u00edpio do sistema penitenci\u00e1rio \u00e9 justamente \u201cproporcionar condi\u00e7\u00f5es harm\u00f4nicas\u201d para quem deixa o sistema prisional, como para quem o integra.<\/strong> A partir disso, s\u00e3o estabelecidos alguns crit\u00e9rios de obriga\u00e7\u00f5es, organiza\u00e7\u00e3o e luta por direitos.<\/p>\n\n\n\n<p>\u00c9 a\u00ed que entra o Direito Penitenci\u00e1rio. Esse campo \u00e9 respons\u00e1vel por garantir e <strong>defender os interesses que envolvem o sistema penitenci\u00e1rio a partir do que est\u00e1 pr\u00e9-estabelecido por lei,<\/strong> em acordo com os \u00f3rg\u00e3os envolvidos e o que foi definido na senten\u00e7a do detento. A lei completa:<\/p>\n\n\n\n<blockquote class=\"wp-block-quote is-layout-flow wp-block-quote-is-layout-flow\">\n<p>Art. 3\u00ba Ao condenado e ao internado ser\u00e3o assegurados todos os direitos n\u00e3o atingidos pela senten\u00e7a ou pela lei.<\/p>\n\n\n\n<p>Par\u00e1grafo \u00fanico. N\u00e3o haver\u00e1 qualquer distin\u00e7\u00e3o de natureza racial, social, religiosa ou pol\u00edtica.<\/p>\n<\/blockquote>\n\n\n\n<h2 class=\"wp-block-heading\" id=\"sistema\">O que \u00e9 o sistema penitenci\u00e1rio?<\/h2>\n\n\n\n<p>O sistema penitenci\u00e1rio brasileiro s\u00e3o as pris\u00f5es federais e estaduais. Trata-se de um <strong>espa\u00e7o de reclus\u00e3o para pessoas que foram condenadas por algum tipo de crime que tenham cometido.<\/strong><\/p>\n\n\n\n<p>A cultura da pris\u00e3o no Brasil \u00e9 muito forte. Por uma s\u00e9rie de acontecimentos na hist\u00f3ria nacional, hoje o pa\u00eds est\u00e1 em terceiro no ranking de pa\u00edses do mundo com maior popula\u00e7\u00e3o carcer\u00e1ria.<\/p>\n\n\n\n<h3 class=\"wp-block-heading\">Qual a principal Lei do sistema penitenci\u00e1rio?<\/h3>\n\n\n\n<p><strong>A principal lei sobre o sistema penitenci\u00e1rio e que conversa muito com o Direito Penitenci\u00e1rio \u00e9 a Lei 7.210\/84<\/strong>. Tamb\u00e9m conhecida como Lei de Execu\u00e7\u00e3o Penal, ela \u00e9 a principal base reguladora no que se refere \u00e0 execu\u00e7\u00e3o penal.<\/p>\n\n\n\n<h3 class=\"wp-block-heading\">Qual \u00e9 o papel e a fun\u00e7\u00e3o do sistema penitenci\u00e1rio?<\/h3>\n\n\n\n<p><strong>Em geral, o sistema penitenci\u00e1rio \u00e9 o espa\u00e7o em onde deve (ou deveria) haver iniciativas de combate \u00e0 criminalidade.<\/strong> N\u00e3o s\u00f3 de quem j\u00e1 est\u00e1 preso, mas tamb\u00e9m de quem deixa a pris\u00e3o.<\/p>\n\n\n\n<p>Todavia, n\u00e3o \u00e9 isso que acontece. A realidade \u00e9 um sistema penitenci\u00e1rio sobrecarregado e uma s\u00e9rie de direitos sendo infringidos. Da\u00ed a necessidade e atua\u00e7\u00e3o do Direito Penitenci\u00e1rio.<\/p>\n\n\n\n<h2 class=\"wp-block-heading\" id=\"mercado\">Direito Penitenci\u00e1rio: onde trabalhar?<\/h2>\n\n\n\n<p>Um especialista em Direito Penitenci\u00e1rio pode atuar em diversas frentes, afinal, o preso pode vir de diversas inst\u00e2ncias e campos do direito. Os principais campos s\u00e3o:<\/p>\n\n\n\n<h3 class=\"wp-block-heading\">Minist\u00e9rios, Defensorias e Administra\u00e7\u00f5es P\u00fablicas<\/h3>\n\n\n\n<p><strong>O trabalho aqui envolve desde o julgamento at\u00e9 a promo\u00e7\u00e3o de justi\u00e7a.<\/strong> Engana-se quem pensa que os casos acabam com a senten\u00e7a: \u00e9 preciso acompanhar a execu\u00e7\u00e3o, disponibilizar assist\u00eancia jur\u00eddica e tamb\u00e9m monitorar todo o sistema penitenci\u00e1rio e os temas relacionados ao Direito Penitenci\u00e1rio.<\/p>\n\n\n\n<h3 class=\"wp-block-heading\">Advocacia privada<\/h3>\n\n\n\n<p>Da mesma forma que na administra\u00e7\u00e3o p\u00fablica, <strong>os advogados privados tamb\u00e9m podem prestar servi\u00e7os de acompanhamento de casos.<\/strong> Nesse caso, o Direito Penitenci\u00e1rio \u00e9 monitorado de forma mais espec\u00edfica e \u00e0s vezes dedicada, at\u00e9 porque costuma custar algum valor. \u00c9 o caso de um suporte jur\u00eddico mais direto.<\/p>\n\n\n\n<h3 class=\"wp-block-heading\">Seguran\u00e7a P\u00fablica<\/h3>\n\n\n\n<p>Delegados, agentes policiais, peritos e diversos outros profissionais da <a href=\"https:\/\/blog.grancursosonline.com.br\/seguranca-publica-curso-para-atuar-na-area\/\" target=\"_blank\" rel=\"noopener\">seguran\u00e7a p\u00fablica<\/a> lidam cotidianamente com o Direito Penitenci\u00e1rio. Afinal, eles s\u00e3o os <strong>respons\u00e1veis pelas investiga\u00e7\u00f5es e condu\u00e7\u00e3o dos presos.<\/strong> Por isso, \u00e9 um campo de atua\u00e7\u00e3o que pode ser interessante.<\/p>\n\n\n\n<h2 class=\"wp-block-heading\" id=\"desafios\">Quais os desafios do Direito Penitenci\u00e1rio?<\/h2>\n\n\n\n<p>A sociedade hoje v\u00ea na pris\u00e3o a melhor alternativa na preven\u00e7\u00e3o e combate ao crime. Todavia, junto com isso surgem grandes desafios, e \u00e9 a\u00ed que entra o Direito Penitenci\u00e1rio.<\/p>\n\n\n\n<p>Segundo dados do Conselho Nacional de Justi\u00e7a (CNJ):<\/p>\n\n\n\n<blockquote class=\"wp-block-quote is-layout-flow wp-block-quote-is-layout-flow\">\n<p>A busca pela responsabiliza\u00e7\u00e3o de pessoas que agiram em conflito com padr\u00f5es e normas sociais t\u00eam hoje sua principal express\u00e3o na priva\u00e7\u00e3o de liberdade.<\/p>\n<\/blockquote>\n\n\n\n<p>A Organiza\u00e7\u00e3o das Na\u00e7\u00f5es Unidas (ONU) mostrou em um de seus relat\u00f3rios que o n\u00famero de presos aumentou mais que o n\u00famero da popula\u00e7\u00e3o em geral nos \u00faltimos 20 anos.<\/p>\n\n\n\n<p><strong>Os dados da ONU apontam que em 2019 haviam quase 12 milh\u00f5es de pessoas presas, sendo 700 mil s\u00f3 no Brasil.<\/strong> Ou seja, um n\u00famero de pessoas que equivale a popula\u00e7\u00e3o de pa\u00edses inteiros.<\/p>\n\n\n\n<p>Com uma comunidade equivalente a uma na\u00e7\u00e3o, os desafios do sistema penitenci\u00e1rio s\u00e3o enormes e variados:<\/p>\n\n\n\n<ul class=\"wp-block-list\">\n<li>Superlota\u00e7\u00e3o;<\/li>\n\n\n\n<li>Viola\u00e7\u00e3o dos direitos humanos;<\/li>\n\n\n\n<li>Alto custo de manuten\u00e7\u00e3o para o governo;<\/li>\n\n\n\n<li>Profissionais qualificados para atuar na \u00e1rea;<\/li>\n\n\n\n<li>Conscientiza\u00e7\u00e3o da sociedade civil sobre o tema;<\/li>\n\n\n\n<li>Digitaliza\u00e7\u00e3o e melhoria da infraestrutura de monitoramento;<\/li>\n<\/ul>\n\n\n\n<h2 class=\"wp-block-heading\" id=\"competencias\">Compet\u00eancias para atuar com Direito Penitenci\u00e1rio<\/h2>\n\n\n\n<p>Para atuar na \u00e1rea do Direito Penitenci\u00e1rio, a pessoa n\u00e3o precisa ser exclusivamente graduada em Direito. Inclusive, <strong>um curso que conversa muito com a \u00e1rea pois busca estudar a origem e motiva\u00e7\u00f5es dos crimes \u00e9 a <\/strong><a href=\"https:\/\/faculdade.grancursosonline.com.br\/curso\/criminologia\/\" target=\"_blank\" rel=\"noopener\">gradua\u00e7\u00e3o em Criminologia<\/a><\/p>\n\n\n\n<p>Outro campo interessante, \u00e9 fazer uma <a href=\"https:\/\/pos.grancursosonline.com.br\/nossos-cursos?type=all&amp;category=direito\" target=\"_blank\" rel=\"noopener\">p\u00f3s-gradua\u00e7\u00e3o na \u00e1rea de Direito<\/a>. Os cursos da Gran Faculdade tem como objetivo formar profissionais com s\u00f3lida <strong>capacidade de an\u00e1lise dos fen\u00f4menos crimin\u00f3genos e sociais.<\/strong><\/p>\n\n\n\n<div class=\"wp-block-group has-background\" style=\"background-color:#8dd2fc7a\"><div class=\"wp-block-group__inner-container is-layout-constrained wp-block-group-is-layout-constrained\">\n<p><strong>Outras not\u00edcias em destaque:<\/strong><\/p>\n\n\n\n<ul class=\"wp-block-list\">\n<li><a href=\"https:\/\/faculdade.grancursosonline.com.br\/blog\/sistema-prisional-brasileiro\/\" target=\"_blank\" rel=\"noreferrer noopener\">Sistema Prisional Brasileiro: entenda como funciona!<\/a><\/li>\n\n\n\n<li><a href=\"https:\/\/faculdade.grancursosonline.com.br\/blog\/seguranca-publica-direito-penitenciario\/\" target=\"_blank\" rel=\"noreferrer noopener\">Seguran\u00e7a P\u00fablica e Direito Penitenci\u00e1rio, nova p\u00f3s do Gran!<\/a><\/li>\n\n\n\n<li><a href=\"https:\/\/blog.grancursosonline.com.br\/agente-penitenciario\/\" target=\"_blank\" rel=\"noreferrer noopener\">Agente Penitenci\u00e1rio: o que faz, onde atua, sal\u00e1rio<\/a><\/li>\n<\/ul>\n<\/div><\/div>\n\n\n\n<h2 class=\"wp-block-heading\" id=\"h-vem-pra-gran-faculdade\">Vem pra Gran Faculdade!<\/h2>\n\n\n\n<p>A Gran Faculdade vem mudando a vida de milhares de pessoas por meio de cursos \u00e0 dist\u00e2ncia de <a href=\"https:\/\/faculdade.grancursosonline.com.br\/\" target=\"_blank\" rel=\"noreferrer noopener\">gradua\u00e7\u00e3o<\/a>, <a href=\"https:\/\/pos.grancursosonline.com.br\/\" target=\"_blank\" rel=\"noreferrer noopener\">p\u00f3s-gradua\u00e7\u00e3o<\/a> e <a href=\"https:\/\/pos.grancursosonline.com.br\/mba\" target=\"_blank\" rel=\"noreferrer noopener\">MBA<\/a>. Seja no digital ou em nosso <a href=\"https:\/\/presencial.grancursosonline.com.br\/\" target=\"_blank\" rel=\"noreferrer noopener\">Campus Presencial em Curitiba<\/a>, a nossa miss\u00e3o \u00e9 transformar a educa\u00e7\u00e3o superior.<\/p>\n\n\n\n<p>Como parte de Sistema Gran de Ensino, que \u00e9 reconhecido como marca aprovadora h\u00e1 mais de 10 anos, constru\u00edmos uma renomada reputa\u00e7\u00e3o na \u00e1rea de educa\u00e7\u00e3o.<\/p>\n\n\n\n<p>Veja algumas de nossas conquistas:<\/p>\n\n\n\n<ul class=\"wp-block-list\">\n<li>Reconhecido pela Amazon como um dos projetos mais relevantes do mundo na \u00e1rea de Tecnologia e Educa\u00e7\u00e3o;<\/li>\n\n\n\n<li>Foi eleito pelo Project Management Institute (PMI), um dos 50 Projetos Mais Influentes do mundo;<\/li>\n\n\n\n<li>Somos o site de educa\u00e7\u00e3o mais acessado do Brasil;<\/li>\n\n\n\n<li>Somos avaliados com a nota m\u00e1xima pelo MEC;<\/li>\n\n\n\n<li>Aqui o semestre come\u00e7a quando quiser: entrada imediata e cont\u00ednua!<\/li>\n\n\n\n<li>Melhores pre\u00e7os do mercado;<\/li>\n\n\n\n<li>Mais de 500 mil alunos pagantes e mais de 1000 funcion\u00e1rios;<\/li>\n\n\n\n<li>Diversas ferramentas de estudo: PDFs, audiobooks, mapas mentais, videoaulas, quest\u00f5es, gerenciador de estudos e muito mais!<\/li>\n\n\n\n<li>Professores experientes e capacitados;<\/li>\n\n\n\n<li>Acesso imediato e 100% online.<\/li>\n<\/ul>\n\n\n\n<p class=\"has-text-align-center has-text-align-center\"><strong><a href=\"https:\/\/faculdade.grancursosonline.com.br\/\" target=\"_blank\" rel=\"noreferrer noopener\">Quero ser aluno da Gran Faculdade!<\/a><\/strong><\/p>\n","protected":false},"excerpt":{"rendered":"<p>O Direito Penitenci\u00e1rio se destaca hoje em um contexto onde a pris\u00e3o \u00e9 um desafio global. Seja no gerenciamento, como tamb\u00e9m no questionamento sobre sua efetividade no combate ao crime. Nesse sentido, o Direito Penitenci\u00e1rio \u00e9 uma disciplina que busca atender quest\u00f5es relacionadas \u00e0 pris\u00e3o, justi\u00e7a e encarceramento. \u00c9 uma \u00e1rea delicada, que envolve o&hellip;<\/p>\n","protected":false},"author":486,"featured_media":79755549,"comment_status":"open","ping_status":"open","sticky":false,"template":"","format":"standard","meta":{"_acf_changed":false,"content-type":"","footnotes":""},"categories":[209229,2],"tags":[126404,209284],"class_list":["post-79598495","post","type-post","status-publish","format-standard","has-post-thumbnail","hentry","category-pos-graduacao","category-ultimas-noticias","tag-cursos-e-pos-graduacao","tag-gran-cursos-pos-graduacao"],"acf":[],"yoast_head":"<!-- This site is optimized with the Yoast SEO Premium plugin v27.2 (Yoast SEO v27.2) - https:\/\/yoast.com\/product\/yoast-seo-premium-wordpress\/ -->\n<title>Direito Penitenci\u00e1rio: o que \u00e9 e como atuar?<\/title>\n<meta name=\"description\" content=\"O Direito Penitenci\u00e1rio \u00e9 o campo respons\u00e1vel por atuar em casos relacionados \u00e0 popula\u00e7\u00e3o carcer\u00e1ria e seus direitos.\" \/>\n<meta name=\"robots\" content=\"index, follow, max-snippet:-1, max-image-preview:large, max-video-preview:-1\" \/>\n<link rel=\"canonical\" href=\"https:\/\/faculdade.grancursosonline.com.br\/blog\/direito-penitenciario\/\" \/>\n<meta property=\"og:locale\" content=\"pt_BR\" \/>\n<meta property=\"og:type\" content=\"article\" \/>\n<meta property=\"og:title\" content=\"Direito Penitenci\u00e1rio: o que \u00e9 e como atuar?\" \/>\n<meta property=\"og:description\" content=\"O Direito Penitenci\u00e1rio \u00e9 o campo respons\u00e1vel por atuar em casos relacionados \u00e0 popula\u00e7\u00e3o carcer\u00e1ria e seus direitos.\" \/>\n<meta property=\"og:url\" content=\"https:\/\/faculdade.grancursosonline.com.br\/blog\/direito-penitenciario\/\" \/>\n<meta property=\"og:site_name\" content=\"Blog Gran Faculdade\" \/>\n<meta property=\"article:publisher\" content=\"https:\/\/www.facebook.com\/grancursosonline\/\" \/>\n<meta property=\"article:published_time\" content=\"2025-07-07T14:29:19+00:00\" \/>\n<meta property=\"article:modified_time\" content=\"2025-07-09T13:22:17+00:00\" \/>\n<meta property=\"og:image\" content=\"https:\/\/blog-es-static.infra.grancursosonline.com.br\/wp-content\/uploads\/2025\/07\/09102133\/direito-penitenciario-social.webp\" \/>\n\t<meta property=\"og:image:width\" content=\"511\" \/>\n\t<meta property=\"og:image:height\" content=\"311\" \/>\n\t<meta property=\"og:image:type\" content=\"image\/webp\" \/>\n<meta name=\"author\" content=\"Equipe Gran\" \/>\n<meta name=\"twitter:card\" content=\"summary_large_image\" \/>\n<meta name=\"twitter:creator\" content=\"@gran_online\" \/>\n<meta name=\"twitter:site\" content=\"@gran_online\" \/>\n<meta name=\"twitter:label1\" content=\"Written by\" \/>\n\t<meta name=\"twitter:data1\" content=\"Equipe Gran\" \/>\n\t<meta name=\"twitter:label2\" content=\"Est. reading time\" \/>\n\t<meta name=\"twitter:data2\" content=\"16 minutos\" \/>\n<script type=\"application\/ld+json\" class=\"yoast-schema-graph\">{\"@context\":\"https:\/\/schema.org\",\"@graph\":[{\"@type\":\"NewsArticle\",\"@id\":\"https:\/\/faculdade.grancursosonline.com.br\/blog\/direito-penitenciario\/#article\",\"isPartOf\":{\"@id\":\"https:\/\/faculdade.grancursosonline.com.br\/blog\/direito-penitenciario\/\"},\"author\":{\"name\":\"Equipe Gran\",\"@id\":\"https:\/\/faculdade.grancursosonline.com.br\/blog\/#\/schema\/person\/c05f350f8ea43a7138aaffc6a87bc5e0\"},\"headline\":\"Direito Penitenci\u00e1rio: o que \u00e9 e como atuar?\",\"datePublished\":\"2025-07-07T14:29:19+00:00\",\"dateModified\":\"2025-07-09T13:22:17+00:00\",\"mainEntityOfPage\":{\"@id\":\"https:\/\/faculdade.grancursosonline.com.br\/blog\/direito-penitenciario\/\"},\"wordCount\":1167,\"commentCount\":0,\"publisher\":{\"@id\":\"https:\/\/faculdade.grancursosonline.com.br\/blog\/#organization\"},\"image\":{\"@id\":\"https:\/\/faculdade.grancursosonline.com.br\/blog\/direito-penitenciario\/#primaryimage\"},\"thumbnailUrl\":\"https:\/\/blog-es-static.infra.grancursosonline.com.br\/wp-content\/uploads\/2025\/07\/09102129\/direito-penitenciario.webp\",\"keywords\":[\"Cursos e P\u00f3s-gradua\u00e7\u00e3o\",\"Gran Cursos P\u00f3s-Gradua\u00e7\u00e3o\"],\"articleSection\":[\"P\u00f3s-Gradua\u00e7\u00e3o Gran Faculdade\",\"\u00daltimas Not\u00edcias\"],\"inLanguage\":\"pt-BR\",\"potentialAction\":[{\"@type\":\"CommentAction\",\"name\":\"Comment\",\"target\":[\"https:\/\/faculdade.grancursosonline.com.br\/blog\/direito-penitenciario\/#respond\"]}],\"copyrightYear\":\"2025\",\"copyrightHolder\":{\"@id\":\"https:\/\/faculdade.grancursosonline.com.br\/blog\/#organization\"}},{\"@type\":\"WebPage\",\"@id\":\"https:\/\/faculdade.grancursosonline.com.br\/blog\/direito-penitenciario\/\",\"url\":\"https:\/\/faculdade.grancursosonline.com.br\/blog\/direito-penitenciario\/\",\"name\":\"Direito Penitenci\u00e1rio: o que \u00e9 e como atuar?\",\"isPartOf\":{\"@id\":\"https:\/\/faculdade.grancursosonline.com.br\/blog\/#website\"},\"primaryImageOfPage\":{\"@id\":\"https:\/\/faculdade.grancursosonline.com.br\/blog\/direito-penitenciario\/#primaryimage\"},\"image\":{\"@id\":\"https:\/\/faculdade.grancursosonline.com.br\/blog\/direito-penitenciario\/#primaryimage\"},\"thumbnailUrl\":\"https:\/\/blog-es-static.infra.grancursosonline.com.br\/wp-content\/uploads\/2025\/07\/09102129\/direito-penitenciario.webp\",\"datePublished\":\"2025-07-07T14:29:19+00:00\",\"dateModified\":\"2025-07-09T13:22:17+00:00\",\"description\":\"O Direito Penitenci\u00e1rio \u00e9 o campo respons\u00e1vel por atuar em casos relacionados \u00e0 popula\u00e7\u00e3o carcer\u00e1ria e seus direitos.\",\"breadcrumb\":{\"@id\":\"https:\/\/faculdade.grancursosonline.com.br\/blog\/direito-penitenciario\/#breadcrumb\"},\"inLanguage\":\"pt-BR\",\"potentialAction\":[{\"@type\":\"ReadAction\",\"target\":[\"https:\/\/faculdade.grancursosonline.com.br\/blog\/direito-penitenciario\/\"]}]},{\"@type\":\"ImageObject\",\"inLanguage\":\"pt-BR\",\"@id\":\"https:\/\/faculdade.grancursosonline.com.br\/blog\/direito-penitenciario\/#primaryimage\",\"url\":\"https:\/\/blog-es-static.infra.grancursosonline.com.br\/wp-content\/uploads\/2025\/07\/09102129\/direito-penitenciario.webp\",\"contentUrl\":\"https:\/\/blog-es-static.infra.grancursosonline.com.br\/wp-content\/uploads\/2025\/07\/09102129\/direito-penitenciario.webp\",\"width\":1001,\"height\":601,\"caption\":\"Direito Penitenci\u00e1rio\"},{\"@type\":\"BreadcrumbList\",\"@id\":\"https:\/\/faculdade.grancursosonline.com.br\/blog\/direito-penitenciario\/#breadcrumb\",\"itemListElement\":[{\"@type\":\"ListItem\",\"position\":1,\"name\":\"In\u00edcio\",\"item\":\"https:\/\/faculdade.grancursosonline.com.br\/blog\/\"},{\"@type\":\"ListItem\",\"position\":2,\"name\":\"P\u00f3s-Gradua\u00e7\u00e3o Gran Faculdade\",\"item\":\"https:\/\/faculdade.grancursosonline.com.br\/blog\/pos-graduacao\/\"},{\"@type\":\"ListItem\",\"position\":3,\"name\":\"Direito Penitenci\u00e1rio: o que \u00e9 e como atuar?\"}]},{\"@type\":\"WebSite\",\"@id\":\"https:\/\/faculdade.grancursosonline.com.br\/blog\/#website\",\"url\":\"https:\/\/faculdade.grancursosonline.com.br\/blog\/\",\"name\":\"Blog Gran Faculdade\",\"description\":\"Tudo sobre ensino superior, p\u00f3s-gradua\u00e7\u00e3o, enem e carreira.\",\"publisher\":{\"@id\":\"https:\/\/faculdade.grancursosonline.com.br\/blog\/#organization\"},\"potentialAction\":[{\"@type\":\"SearchAction\",\"target\":{\"@type\":\"EntryPoint\",\"urlTemplate\":\"https:\/\/faculdade.grancursosonline.com.br\/blog\/?s={search_term_string}\"},\"query-input\":{\"@type\":\"PropertyValueSpecification\",\"valueRequired\":true,\"valueName\":\"search_term_string\"}}],\"inLanguage\":\"pt-BR\"},{\"@type\":\"Organization\",\"@id\":\"https:\/\/faculdade.grancursosonline.com.br\/blog\/#organization\",\"name\":\"Gran Cursos Online\",\"url\":\"https:\/\/faculdade.grancursosonline.com.br\/blog\/\",\"logo\":{\"@type\":\"ImageObject\",\"inLanguage\":\"pt-BR\",\"@id\":\"https:\/\/faculdade.grancursosonline.com.br\/blog\/#\/schema\/logo\/image\/\",\"url\":\"https:\/\/blog-es-static.infra.grancursosonline.com.br\/wp-content\/uploads\/2019\/08\/03123934\/logo.png\",\"contentUrl\":\"https:\/\/blog-es-static.infra.grancursosonline.com.br\/wp-content\/uploads\/2019\/08\/03123934\/logo.png\",\"width\":300,\"height\":57,\"caption\":\"Gran Cursos Online\"},\"image\":{\"@id\":\"https:\/\/faculdade.grancursosonline.com.br\/blog\/#\/schema\/logo\/image\/\"},\"sameAs\":[\"https:\/\/www.facebook.com\/grancursosonline\/\",\"https:\/\/x.com\/gran_online\",\"https:\/\/www.instagram.com\/grancursosonline\/\",\"https:\/\/www.youtube.com\/user\/grancursostv\"]},{\"@type\":\"Person\",\"@id\":\"https:\/\/faculdade.grancursosonline.com.br\/blog\/#\/schema\/person\/c05f350f8ea43a7138aaffc6a87bc5e0\",\"name\":\"Equipe Gran\",\"sameAs\":[\"http:\/\/www.grancursosonline.com.br\"],\"url\":\"https:\/\/faculdade.grancursosonline.com.br\/blog\/author\/hugo-oliveira\/\"}]}<\/script>\n<!-- \/ Yoast SEO Premium plugin. -->","yoast_head_json":{"title":"Direito Penitenci\u00e1rio: o que \u00e9 e como atuar?","description":"O Direito Penitenci\u00e1rio \u00e9 o campo respons\u00e1vel por atuar em casos relacionados \u00e0 popula\u00e7\u00e3o carcer\u00e1ria e seus direitos.","robots":{"index":"index","follow":"follow","max-snippet":"max-snippet:-1","max-image-preview":"max-image-preview:large","max-video-preview":"max-video-preview:-1"},"canonical":"https:\/\/faculdade.grancursosonline.com.br\/blog\/direito-penitenciario\/","og_locale":"pt_BR","og_type":"article","og_title":"Direito Penitenci\u00e1rio: o que \u00e9 e como atuar?","og_description":"O Direito Penitenci\u00e1rio \u00e9 o campo respons\u00e1vel por atuar em casos relacionados \u00e0 popula\u00e7\u00e3o carcer\u00e1ria e seus direitos.","og_url":"https:\/\/faculdade.grancursosonline.com.br\/blog\/direito-penitenciario\/","og_site_name":"Blog Gran Faculdade","article_publisher":"https:\/\/www.facebook.com\/grancursosonline\/","article_published_time":"2025-07-07T14:29:19+00:00","article_modified_time":"2025-07-09T13:22:17+00:00","og_image":[{"width":511,"height":311,"url":"https:\/\/blog-es-static.infra.grancursosonline.com.br\/wp-content\/uploads\/2025\/07\/09102133\/direito-penitenciario-social.webp","type":"image\/webp"}],"author":"Equipe Gran","twitter_card":"summary_large_image","twitter_creator":"@gran_online","twitter_site":"@gran_online","twitter_misc":{"Written by":"Equipe Gran","Est. reading time":"16 minutos"},"schema":{"@context":"https:\/\/schema.org","@graph":[{"@type":"NewsArticle","@id":"https:\/\/faculdade.grancursosonline.com.br\/blog\/direito-penitenciario\/#article","isPartOf":{"@id":"https:\/\/faculdade.grancursosonline.com.br\/blog\/direito-penitenciario\/"},"author":{"name":"Equipe Gran","@id":"https:\/\/faculdade.grancursosonline.com.br\/blog\/#\/schema\/person\/c05f350f8ea43a7138aaffc6a87bc5e0"},"headline":"Direito Penitenci\u00e1rio: o que \u00e9 e como atuar?","datePublished":"2025-07-07T14:29:19+00:00","dateModified":"2025-07-09T13:22:17+00:00","mainEntityOfPage":{"@id":"https:\/\/faculdade.grancursosonline.com.br\/blog\/direito-penitenciario\/"},"wordCount":1167,"commentCount":0,"publisher":{"@id":"https:\/\/faculdade.grancursosonline.com.br\/blog\/#organization"},"image":{"@id":"https:\/\/faculdade.grancursosonline.com.br\/blog\/direito-penitenciario\/#primaryimage"},"thumbnailUrl":"https:\/\/blog-es-static.infra.grancursosonline.com.br\/wp-content\/uploads\/2025\/07\/09102129\/direito-penitenciario.webp","keywords":["Cursos e P\u00f3s-gradua\u00e7\u00e3o","Gran Cursos P\u00f3s-Gradua\u00e7\u00e3o"],"articleSection":["P\u00f3s-Gradua\u00e7\u00e3o Gran Faculdade","\u00daltimas Not\u00edcias"],"inLanguage":"pt-BR","potentialAction":[{"@type":"CommentAction","name":"Comment","target":["https:\/\/faculdade.grancursosonline.com.br\/blog\/direito-penitenciario\/#respond"]}],"copyrightYear":"2025","copyrightHolder":{"@id":"https:\/\/faculdade.grancursosonline.com.br\/blog\/#organization"}},{"@type":"WebPage","@id":"https:\/\/faculdade.grancursosonline.com.br\/blog\/direito-penitenciario\/","url":"https:\/\/faculdade.grancursosonline.com.br\/blog\/direito-penitenciario\/","name":"Direito Penitenci\u00e1rio: o que \u00e9 e como atuar?","isPartOf":{"@id":"https:\/\/faculdade.grancursosonline.com.br\/blog\/#website"},"primaryImageOfPage":{"@id":"https:\/\/faculdade.grancursosonline.com.br\/blog\/direito-penitenciario\/#primaryimage"},"image":{"@id":"https:\/\/faculdade.grancursosonline.com.br\/blog\/direito-penitenciario\/#primaryimage"},"thumbnailUrl":"https:\/\/blog-es-static.infra.grancursosonline.com.br\/wp-content\/uploads\/2025\/07\/09102129\/direito-penitenciario.webp","datePublished":"2025-07-07T14:29:19+00:00","dateModified":"2025-07-09T13:22:17+00:00","description":"O Direito Penitenci\u00e1rio \u00e9 o campo respons\u00e1vel por atuar em casos relacionados \u00e0 popula\u00e7\u00e3o carcer\u00e1ria e seus direitos.","breadcrumb":{"@id":"https:\/\/faculdade.grancursosonline.com.br\/blog\/direito-penitenciario\/#breadcrumb"},"inLanguage":"pt-BR","potentialAction":[{"@type":"ReadAction","target":["https:\/\/faculdade.grancursosonline.com.br\/blog\/direito-penitenciario\/"]}]},{"@type":"ImageObject","inLanguage":"pt-BR","@id":"https:\/\/faculdade.grancursosonline.com.br\/blog\/direito-penitenciario\/#primaryimage","url":"https:\/\/blog-es-static.infra.grancursosonline.com.br\/wp-content\/uploads\/2025\/07\/09102129\/direito-penitenciario.webp","contentUrl":"https:\/\/blog-es-static.infra.grancursosonline.com.br\/wp-content\/uploads\/2025\/07\/09102129\/direito-penitenciario.webp","width":1001,"height":601,"caption":"Direito Penitenci\u00e1rio"},{"@type":"BreadcrumbList","@id":"https:\/\/faculdade.grancursosonline.com.br\/blog\/direito-penitenciario\/#breadcrumb","itemListElement":[{"@type":"ListItem","position":1,"name":"In\u00edcio","item":"https:\/\/faculdade.grancursosonline.com.br\/blog\/"},{"@type":"ListItem","position":2,"name":"P\u00f3s-Gradua\u00e7\u00e3o Gran Faculdade","item":"https:\/\/faculdade.grancursosonline.com.br\/blog\/pos-graduacao\/"},{"@type":"ListItem","position":3,"name":"Direito Penitenci\u00e1rio: o que \u00e9 e como atuar?"}]},{"@type":"WebSite","@id":"https:\/\/faculdade.grancursosonline.com.br\/blog\/#website","url":"https:\/\/faculdade.grancursosonline.com.br\/blog\/","name":"Blog Gran Faculdade","description":"Tudo sobre ensino superior, p\u00f3s-gradua\u00e7\u00e3o, enem e carreira.","publisher":{"@id":"https:\/\/faculdade.grancursosonline.com.br\/blog\/#organization"},"potentialAction":[{"@type":"SearchAction","target":{"@type":"EntryPoint","urlTemplate":"https:\/\/faculdade.grancursosonline.com.br\/blog\/?s={search_term_string}"},"query-input":{"@type":"PropertyValueSpecification","valueRequired":true,"valueName":"search_term_string"}}],"inLanguage":"pt-BR"},{"@type":"Organization","@id":"https:\/\/faculdade.grancursosonline.com.br\/blog\/#organization","name":"Gran Cursos Online","url":"https:\/\/faculdade.grancursosonline.com.br\/blog\/","logo":{"@type":"ImageObject","inLanguage":"pt-BR","@id":"https:\/\/faculdade.grancursosonline.com.br\/blog\/#\/schema\/logo\/image\/","url":"https:\/\/blog-es-static.infra.grancursosonline.com.br\/wp-content\/uploads\/2019\/08\/03123934\/logo.png","contentUrl":"https:\/\/blog-es-static.infra.grancursosonline.com.br\/wp-content\/uploads\/2019\/08\/03123934\/logo.png","width":300,"height":57,"caption":"Gran Cursos Online"},"image":{"@id":"https:\/\/faculdade.grancursosonline.com.br\/blog\/#\/schema\/logo\/image\/"},"sameAs":["https:\/\/www.facebook.com\/grancursosonline\/","https:\/\/x.com\/gran_online","https:\/\/www.instagram.com\/grancursosonline\/","https:\/\/www.youtube.com\/user\/grancursostv"]},{"@type":"Person","@id":"https:\/\/faculdade.grancursosonline.com.br\/blog\/#\/schema\/person\/c05f350f8ea43a7138aaffc6a87bc5e0","name":"Equipe Gran","sameAs":["http:\/\/www.grancursosonline.com.br"],"url":"https:\/\/faculdade.grancursosonline.com.br\/blog\/author\/hugo-oliveira\/"}]}},"_links":{"self":[{"href":"https:\/\/faculdade.grancursosonline.com.br\/blog\/wp-json\/wp\/v2\/posts\/79598495","targetHints":{"allow":["GET"]}}],"collection":[{"href":"https:\/\/faculdade.grancursosonline.com.br\/blog\/wp-json\/wp\/v2\/posts"}],"about":[{"href":"https:\/\/faculdade.grancursosonline.com.br\/blog\/wp-json\/wp\/v2\/types\/post"}],"author":[{"embeddable":true,"href":"https:\/\/faculdade.grancursosonline.com.br\/blog\/wp-json\/wp\/v2\/users\/486"}],"replies":[{"embeddable":true,"href":"https:\/\/faculdade.grancursosonline.com.br\/blog\/wp-json\/wp\/v2\/comments?post=79598495"}],"version-history":[{"count":1,"href":"https:\/\/faculdade.grancursosonline.com.br\/blog\/wp-json\/wp\/v2\/posts\/79598495\/revisions"}],"predecessor-version":[{"id":79755461,"href":"https:\/\/faculdade.grancursosonline.com.br\/blog\/wp-json\/wp\/v2\/posts\/79598495\/revisions\/79755461"}],"wp:featuredmedia":[{"embeddable":true,"href":"https:\/\/faculdade.grancursosonline.com.br\/blog\/wp-json\/wp\/v2\/media\/79755549"}],"wp:attachment":[{"href":"https:\/\/faculdade.grancursosonline.com.br\/blog\/wp-json\/wp\/v2\/media?parent=79598495"}],"wp:term":[{"taxonomy":"category","embeddable":true,"href":"https:\/\/faculdade.grancursosonline.com.br\/blog\/wp-json\/wp\/v2\/categories?post=79598495"},{"taxonomy":"post_tag","embeddable":true,"href":"https:\/\/faculdade.grancursosonline.com.br\/blog\/wp-json\/wp\/v2\/tags?post=79598495"}],"curies":[{"name":"wp","href":"https:\/\/api.w.org\/{rel}","templated":true}]}}