{"id":79606417,"date":"2025-05-12T09:11:49","date_gmt":"2025-05-12T12:11:49","guid":{"rendered":"https:\/\/blog.grancursosonline.com.br\/?p=79606417"},"modified":"2025-06-09T12:06:02","modified_gmt":"2025-06-09T15:06:02","slug":"quando-comecam-as-inscricoes-do-enem","status":"publish","type":"post","link":"https:\/\/faculdade.grancursosonline.com.br\/blog\/quando-comecam-as-inscricoes-do-enem\/","title":{"rendered":"Quando come\u00e7am as inscri\u00e7\u00f5es do Enem 2025? Veja as datas!"},"content":{"rendered":"\n<p>O <a href=\"https:\/\/blog.grancursosonline.com.br\/enem-exame-nacional-do-ensino-medio\/\" target=\"_blank\" rel=\"noopener\">Enem<\/a> \u00e9 s\u00f3 em novembro, mas ao longo de todo ano precisamos ficar de olho nas datas e prazos para cada etapa, n\u00e3o \u00e9? Ent\u00e3o, confira quando come\u00e7am as inscri\u00e7\u00f5es do Enem 2025 e as principais datas j\u00e1 divulgadas para essa edi\u00e7\u00e3o!<\/p>\n\n\n\n<div class=\"wp-block-columns is-layout-flex wp-container-core-columns-is-layout-9d6595d7 wp-block-columns-is-layout-flex\">\n<div class=\"wp-block-column is-layout-flow wp-block-column-is-layout-flow\" style=\"flex-basis:100%\"><div class=\"wp-block-image\">\n<figure class=\"aligncenter size-full\"><a href=\"https:\/\/whatsapp.com\/channel\/0029VaG1sChI7Be7PNndhL43\" target=\"_blank\" rel=\"noopener\"><img decoding=\"async\" src=\"https:\/\/blog-es-static.infra.grancursosonline.com.br\/wp-content\/uploads\/2025\/09\/09112354\/banner-wp-600x142-80.webp\" alt=\"Acesse o canal do WhatsApp da Gran Faculdade\" class=\"wp-image-79751904\"\/><\/a><\/figure>\n<\/div><\/div>\n<\/div>\n\n\n\n<p>Vamos l\u00e1? Se preferir, navegue pelo \u00edndice abaixo:<\/p>\n\n\n\n<ul class=\"wp-block-list\">\n<li><a href=\"#resumo\">Resumo sobre o Enem<\/a><\/li>\n\n\n\n<li><a href=\"#datas\">Quais as datas do Enem 2025?<\/a><\/li>\n\n\n\n<li><a href=\"#horario\">Qual o hor\u00e1rio do Enem 2025?<\/a><\/li>\n\n\n\n<li><a href=\"#quando\">Quando come\u00e7am as inscri\u00e7\u00f5es para o Enem 2025?<\/a><\/li>\n\n\n\n<li><a href=\"#onde\">Onde fazer a inscri\u00e7\u00e3o do Enem 2025?<\/a><\/li>\n\n\n\n<li><a href=\"#como\">Como se inscrever no Enem 2025?<\/a><\/li>\n\n\n\n<li><a href=\"#estudar\">Por onde come\u00e7ar a estudar para o Enem 2025?<\/a><\/li>\n\n\n\n<li><a href=\"#nota\">Onde ver a nota do Enem 2024?<\/a><\/li>\n\n\n\n<li><a href=\"#gran\">Aproveite o Enem para estudar na Gran Faculdade!<\/a><\/li>\n<\/ul>\n\n\n\n<h2 class=\"wp-block-heading\" id=\"resumo\">Resumo sobre o Enem<\/h2>\n\n\n\n<p>O <a href=\"https:\/\/blog.grancursosonline.com.br\/enem-exame-nacional-do-ensino-medio\/\" target=\"_blank\" rel=\"noreferrer noopener\">Exame Nacional do Ensino M\u00e9dio (Enem)<\/a> \u00e9 uma prova que avalia o desempenho escolar de estudantes de todo o pa\u00eds, al\u00e9m de ser uma das principais formas de acesso ao ensino superior.<\/p>\n\n\n\n<p>Por meio da <a href=\"https:\/\/blog.grancursosonline.com.br\/nota-enem\/\" target=\"_blank\" rel=\"noreferrer noopener\">nota do Enem<\/a> \u00e9 poss\u00edvel conseguir participar dos programas do Governo Federal, como o <a href=\"https:\/\/blog.grancursosonline.com.br\/sisu-sistema-selecao-unificada\/\">Sisu<\/a> (para vagas em institui\u00e7\u00f5es p\u00fablicas), o <a href=\"https:\/\/blog.grancursosonline.com.br\/prouni\/\" target=\"_blank\" rel=\"noreferrer noopener\">Prouni<\/a> (para bolsas de estudo) e o <a href=\"https:\/\/blog.grancursosonline.com.br\/fies-financiamento-estudantil\/\" target=\"_blank\" rel=\"noreferrer noopener\">Fies<\/a> (para financiamento estudantil).<\/p>\n\n\n\n<p>Qualquer pessoa que esteja cursando ou tenha conclu\u00eddo o ensino m\u00e9dio pode se inscrever e realizar a prova.<\/p>\n\n\n\n<p><strong>As provas do Enem 2025 ser\u00e3o realizadas nos dias 9 e 16 de novembro<\/strong> e, apesar de parecer distante ainda, \u00e9 preciso iniciar o cronograma de estudos para conseguir organizar cada \u00e1rea do conhecimento e garantir uma boa nota.<\/p>\n\n\n\n<p>Confira a seguir mais sobre as datas e inscri\u00e7\u00f5es do Enem 2025 para n\u00e3o perder os prazos!<\/p>\n\n\n\n<h2 class=\"wp-block-heading\" id=\"datas\"><a href=\"#datas\">Quais as datas do Enem 2025?<\/a><\/h2>\n\n\n\n<p>O Minist\u00e9rio da Educa\u00e7\u00e3o (<a href=\"https:\/\/blog.grancursosonline.com.br\/mec-ministerio-educacao\/\" target=\"_blank\" rel=\"noreferrer noopener\">MEC<\/a>), por meio de entrevista do ministro Camilo Santana, divulgou as datas e informa\u00e7\u00f5es oficiais sobre o Enem. Por\u00e9m, \u00e9 preciso aguardar a publica\u00e7\u00e3o do edital para conferir os detalhes sobre o exame que vir\u00e1 a seguir.<\/p>\n\n\n\n<p>Veja abaixo as principais datas do Enem do 2025:<\/p>\n\n\n\n<ul class=\"wp-block-list\">\n<li><strong>Per\u00edodo de inscri\u00e7\u00f5es do Enem 2025: 26 de maio a 13 de junho<\/strong><\/li>\n\n\n\n<li>Divulga\u00e7\u00e3o do local de <a href=\"https:\/\/blog.grancursosonline.com.br\/prova-enem\/\" target=\"_blank\" rel=\"noopener\">prova do Enem<\/a>: geralmente, tr\u00eas semanas antes do primeiro dia de prova<\/li>\n\n\n\n<li><strong>Primeiro dia de prova Enem 2025: 9 de novembro<\/strong><\/li>\n\n\n\n<li><strong>Segundo dia de prova Enem 2025: 16 de novembro<\/strong><\/li>\n\n\n\n<li>Divulga\u00e7\u00e3o do gabarito oficial: novembro de 2025<\/li>\n\n\n\n<li><strong>Resultado Enem 2025: janeiro de 2026<\/strong><\/li>\n<\/ul>\n\n\n\n<h2 class=\"wp-block-heading\" id=\"horario\">Qual o hor\u00e1rio do Enem 2026?<\/h2>\n\n\n\n<p>O hor\u00e1rio do Enem 2025 ainda n\u00e3o foi divulgado, mas seguindo os par\u00e2metros do Enem 2024, a prova ser\u00e1 aplicada em todos os estados e no Distrito Federal, seguindo a hora oficial de Bras\u00edlia.<\/p>\n\n\n\n<ul class=\"wp-block-list\">\n<li><strong>Abertura dos port\u00f5es: 12h<\/strong><\/li>\n\n\n\n<li><strong>Fechamento dos port\u00f5es: 13h<\/strong><\/li>\n\n\n\n<li><strong>In\u00edcio das provas: 13h30<\/strong><\/li>\n\n\n\n<li><strong>T\u00e9rmino das provas no 1\u00ba dia: 19h<\/strong><\/li>\n\n\n\n<li><strong>T\u00e9rmino das provas no 2\u00ba dia: 18h30<\/strong><\/li>\n<\/ul>\n\n\n\n<p><strong>Se seu munic\u00edpio segue outro fuso hor\u00e1rio, preste aten\u00e7\u00e3o ao hor\u00e1rio de Bras\u00edlia para evitar perder o hor\u00e1rio de entrada! <\/strong><\/p>\n\n\n\n<h2 class=\"wp-block-heading\" id=\"quando\">Quando come\u00e7am as inscri\u00e7\u00f5es do Enem 2025?<\/h2>\n\n\n\n<p><strong>As inscri\u00e7\u00f5es para o Enem 2025 estar\u00e3o abertas entre dias 26 de maio e 13  de junho<\/strong>.<\/p>\n\n\n\n<p>Al\u00e9m destas datas, \u00e9 preciso se atentar ao prazo de pagamento da taxa de inscri\u00e7\u00e3o, ao cronograma completo e suas altera\u00e7\u00f5es, tudo nos canais oficiais do Minist\u00e9rio da Educa\u00e7\u00e3o ou aqui, no <a href=\"https:\/\/faculdade.grancursosonline.com.br\/blog\/\" target=\"_blank\" rel=\"noreferrer noopener\">Blog da Gran Faculdade<\/a>.<\/p>\n\n\n\n<h2 class=\"wp-block-heading\" id=\"onde\">Onde fazer a inscri\u00e7\u00e3o do Enem 2025?<\/h2>\n\n\n\n<p>A inscri\u00e7\u00e3o do Enem 2025 deve ser realizada pelo site <strong>enem.inep.gov.br\/participante<\/strong>, do dia 26 de maio de 2025, at\u00e9 \u00e0s 23h59 do dia 13 de junho de 2024 (hor\u00e1rio de Bras\u00edlia\/DF).<\/p>\n\n\n\n<h2 class=\"wp-block-heading\" id=\"como\">Como fazer inscri\u00e7\u00e3o para o Enem 2025?<\/h2>\n\n\n\n<p>No per\u00edodo de inscri\u00e7\u00f5es, de 26 de maio a 13 de junho de 2025, a pessoa pode entrar na p\u00e1gina do Inep Enem pelo Gov.BR (enem.inep.gov.br\/participante), criar o cadastro preenchendo os dados pessoais\/fazer o login e seguir as orienta\u00e7\u00f5es da pr\u00f3pria plataforma.<\/p>\n\n\n\n<p>O processo \u00e9 bem simples e a inscri\u00e7\u00e3o vai gerar a guia para pagamento da taxa de inscri\u00e7\u00e3o (para quem n\u00e3o teve a isen\u00e7\u00e3o aprovada). O pagamento validado confirma a inscri\u00e7\u00e3o para o Enem 2025.<\/p>\n\n\n\n<p>Depois disso, todo o acesso ao site para acompanhar local de prova, prazos, resultados vai ser por essa mesma plataforma. Portanto, coloque as informa\u00e7\u00f5es corretas e dados atualizados no cadastro.<\/p>\n\n\n\n<p><strong>Importante destacar que as pessoas que conseguiram a isen\u00e7\u00e3o do Enem tamb\u00e9m precisam se inscrever entre 26 de maio e 6 de junho para efetivar sua inscri\u00e7\u00e3o no Enem 2025!<\/strong><\/p>\n\n\n\n<h2 class=\"wp-block-heading\" id=\"estudar\">Por onde come\u00e7ar a estudar para o Enem 2025?<\/h2>\n\n\n\n<p>O Enem \u00e9 composto por uma reda\u00e7\u00e3o (texto dissertativo-argumentativo) e 180 quest\u00f5es divididas em 4 \u00e1reas do conhecimento. Por isso, apesar da prova ser s\u00f3 em novembro, \u00e9 importante come\u00e7ar a se preparar o quanto antes. <\/p>\n\n\n\n<p>Algumas dicas para organizar um cronograma e come\u00e7ar a estudar para o Enem 2025 s\u00e3o:<\/p>\n\n\n\n<ul class=\"wp-block-list\">\n<li>Construa refer\u00eancias para sua reda\u00e7\u00e3o: assista filmes, leia livros, se atualize com rela\u00e7\u00e3o a acontecimentos hist\u00f3ricos e atuais para criar repert\u00f3rio e poder embasar sua reda\u00e7\u00e3o com fatos e cita\u00e7\u00f5es;<\/li>\n\n\n\n<li>Treine reda\u00e7\u00e3o regularmente: a reda\u00e7\u00e3o tem um grande peso na nota final do Enem e \u00e9 crit\u00e9rio de desempate em alguns caso, por isso, vale a pena se dedicar ao estudo de gram\u00e1tica, coes\u00e3o, coer\u00eancia e formas de escrita para o estilo dissertativo-argumentativo;<\/li>\n\n\n\n<li>Identifique quais as mat\u00e9rias e conte\u00fados das \u00e1reas do conhecimento voc\u00ea tem mais dificuldade ou mais facilidade e comece pelos mais dif\u00edceis. Assim, voc\u00ea tem mais tempo para aprender os conte\u00fados em que possui mais dificuldade e pode recapitular o que voc\u00ea j\u00e1 sabe no per\u00edodo mais pr\u00f3ximo ao do Exame;<\/li>\n\n\n\n<li>Consuma materiais em diferentes formatos: assista v\u00eddeos, leia resumos, ou\u00e7a podcasts e busque aulas que reforcem os conhecimentos diversos;<\/li>\n\n\n\n<li>Explique o que voc\u00ea aprendeu para outras pessoas ou at\u00e9 para o espelho para ajudar a fixar o conhecimento e ver se voc\u00ea consegue explicar o que aprendeu. Isso pode te ajudar, inclusive, a lembrar desses momentos na hora da prova. <\/li>\n<\/ul>\n\n\n\n<h2 class=\"wp-block-heading\" id=\"h-quer-saber-mais-sobre-o-enem-preparamos-um-manual-completo-para-voce-baixar-gratuitamente\">Quer saber mais sobre o Enem? Preparamos um manual completo para voc\u00ea baixar gratuitamente!<\/h2>\n\n\n\n<p>O Manual do Enem da Gran Faculdade <strong>foi baseado no Edital publicado pelo MEC e Inep <\/strong>e conta com todas as informa\u00e7\u00f5es oficiais que foram utilizadas no programa.<\/p>\n\n\n\n<p>Neste material 100% gratuito voc\u00ea vai saber:<\/p>\n\n\n\n<ul class=\"wp-block-list\">\n<li>Hist\u00f3ria e import\u00e2ncia do Enem;<\/li>\n\n\n\n<li>Datas, prazos e taxas de inscri\u00e7\u00e3o;<\/li>\n\n\n\n<li>Como fazer o Teste Vocacional;<\/li>\n\n\n\n<li>O que estudar para o Enem;<\/li>\n\n\n\n<li>Como \u00e9 calculada a nota do Enem;<\/li>\n\n\n\n<li>E mais de 40 t\u00f3picos explicativos sobre outras d\u00favidas relacionadas ao programa.<\/li>\n<\/ul>\n\n\n\n<p>Preencha o formul\u00e1rio abaixo e receba o manual gratuitamente:<\/p>\n\n\n\n<script charset=\"utf-8\" type=\"text\/javascript\" src=\"\/\/js.hsforms.net\/forms\/embed\/v2.js\"><\/script>\n<script>\n  hbspt.forms.create({\n    region: \"na1\",\n    portalId: \"302036\",\n    formId: \"0fe5415a-ece9-4459-950a-7a8aa13baf90\"\n  });\n<\/script>\n\n\n<p><script charset=\"utf-8\" type=\"text\/javascript\" src=\"\/\/js.hsforms.net\/forms\/embed\/v2.js\"><\/script> <script><br \/>\n  hbspt.forms.create({<br \/>\n    region: \"na1\",<br \/>\n    portalId: \"302036\",<br \/>\n    formId: \"0fe5415a-ece9-4459-950a-7a8aa13baf90\"<br \/>\n  });<br \/>\n<\/script><\/p>\n\n\n<h2 class=\"wp-block-heading\" id=\"nota\">Onde ver a nota do Enem 2024?<\/h2>\n\n\n\n<p>A nota do Enem 2024 poder\u00e1 ser consultada com a divulga\u00e7\u00e3o do resultado oficial em janeiro de 2025 por meio da p\u00e1gina do participante Enem, no mesmo site com login utilizado para a inscri\u00e7\u00e3o. <\/p>\n\n\n\n<h2 class=\"wp-block-heading\" id=\"gran\">Aproveite o Enem para entrar na Gran Faculdade!<\/h2>\n\n\n\n<p>A <a href=\"https:\/\/faculdade.grancursosonline.com.br\/\" target=\"_blank\" rel=\"noopener\">Gran Faculdade<\/a> veio para democratizar a educa\u00e7\u00e3o de qualidade, por isso, nossos cursos s\u00e3o 100% online, com mensalidades que cabem no seu bolso e uma plataforma simples e acess\u00edvel.<\/p>\n\n\n\n<p>Aproveite a nota do Enem ou fa\u00e7a o vestibular simplificado para um dos nossos mais de 30 cursos de gradua\u00e7\u00e3o EAD!<\/p>\n\n\n\n<p>Se prepare para o Enem e venha construir sua carreira com a Gran Faculdade! <\/p>\n\n\n\n<div class=\"wp-block-group has-background\" style=\"background-color:#8dd2fc7a\"><div class=\"wp-block-group__inner-container is-layout-constrained wp-block-group-is-layout-constrained\">\n<p><strong>Outras not\u00edcias em destaque:<\/strong><\/p>\n\n\n\n<ul class=\"wp-block-list\">\n<li><a href=\"https:\/\/faculdade.grancursosonline.com.br\/blog\/enem-exame-nacional-do-ensino-medio\/\" target=\"_blank\" rel=\"noreferrer noopener\">ENEM: o que \u00e9, para que serve e como funciona o Exame?<\/a><\/li>\n\n\n\n<li><a href=\"https:\/\/faculdade.grancursosonline.com.br\/blog\/datas-do-enem\/\">Datas do Enem 2025: confira inscri\u00e7\u00f5es, prazos e todas as etapas!<\/a><\/li>\n\n\n\n<li><a href=\"https:\/\/faculdade.grancursosonline.com.br\/blog\/inscricao-enem\/\" target=\"_blank\" rel=\"noreferrer noopener\">Enem 2025: inscri\u00e7\u00f5es v\u00e3o de 26 de maio a 06 de junho!<\/a><\/li>\n<\/ul>\n<\/div><\/div>\n\n\n\n<div class=\"wp-block-group\"><div class=\"wp-block-group__inner-container is-layout-constrained wp-block-group-is-layout-constrained\">\n<section style=\"text-align: center;\">\n<p>Quer ficar por dentro da Faculdade Digital mais inovadora do Brasil?<\/p>\n<nav>\n<p class=\"has-background has-dark-bluish-background-color\" style=\"font-size: 25px; text-align: center; background: #f0f0f0; color: #ffffff; padding: 4px 0px 4xp 0px;\"><a style=\"color: #0d134c; text-decoration: underline;\" href=\"https:\/\/faculdade.grancursosonline.com.br\/\" target=\"_blank\" rel=\"noopener\">GRADUA\u00c7\u00c3O<\/a><\/p>\n<p class=\"has-background has-dark-bluish-background-color\" style=\"font-size: 25px; text-align: center; background: #f0f0f0; color: #ffffff; padding: 4px 0px 4xp 0px;\"><a style=\"color: #0d134c; text-decoration: underline;\" href=\"https:\/\/pos.grancursosonline.com.br\/\" target=\"_blank\" rel=\"noopener\">P\u00d3S-GRADUA\u00c7\u00c3O<\/a><\/p>\n<p class=\"has-background has-dark-bluish-background-color\" style=\"font-size: 25px; text-align: center; background: #f0f0f0; color: #ffffff; padding: 4px 0px 4xp 0px;\"><a style=\"color: #0d134c; text-decoration: underline;\" href=\"https:\/\/faculdade.grancursosonline.com.br\/nossos-cursos\/\" target=\"_blank\" rel=\"noopener\">TUDO SOBRE A GRAN FACULDADE<\/a><\/p>\n<\/nav>\n<p><strong>Receba <span style=\"color: #cf1e25;\">gratuitamente<\/span> no seu celular as principais not\u00edcias sobre a Gran Faculdade! <br \/>Clique no link abaixo e inscreva-se:<\/strong><\/p>\n<p class=\"has-background has-dark-bluish-background-color\" style=\"font-size: 25px; text-align: center; background: #f0f0f0; color: #ffffff; padding: 4px 0px 4xp 0px;\"><a style=\"color: #0d134c; text-decoration: underline;\" href=\"https:\/\/whatsapp.com\/channel\/0029VaG1sChI7Be7PNndhL43\" target=\"_blank\" rel=\"noopener noreferrer\">WHATSAPP<\/a><\/p>\n<p class=\"has-background has-dark-bluish-background-color\" style=\"font-size: 25px; text-align: center; background: #f0f0f0; color: #ffffff; padding: 4px 0px 4xp 0px;\"><a style=\"color: #0d134c; text-decoration: underline;\" href=\"https:\/\/t.me\/GranFaculdade\" target=\"_blank\" rel=\"noopener noreferrer\">TELEGRAM<\/a><\/p>\n<\/section>\n<\/div><\/div>\n","protected":false},"excerpt":{"rendered":"<p>O Enem \u00e9 s\u00f3 em novembro, mas ao longo de todo ano precisamos ficar de olho nas datas e prazos para cada etapa, n\u00e3o \u00e9? Ent\u00e3o, confira quando come\u00e7am as inscri\u00e7\u00f5es do Enem 2025 e as principais datas j\u00e1 divulgadas para essa edi\u00e7\u00e3o! Vamos l\u00e1? Se preferir, navegue pelo \u00edndice abaixo: Resumo sobre o Enem&hellip;<\/p>\n","protected":false},"author":513,"featured_media":79754009,"comment_status":"open","ping_status":"open","sticky":false,"template":"","format":"standard","meta":{"_acf_changed":false,"content-type":"","footnotes":""},"categories":[1543,218545,2],"tags":[],"class_list":["post-79606417","post","type-post","status-publish","format-standard","has-post-thumbnail","hentry","category-enem","category-graduacao","category-ultimas-noticias"],"acf":[],"yoast_head":"<!-- This site is optimized with the Yoast SEO Premium plugin v27.2 (Yoast SEO v27.2) - https:\/\/yoast.com\/product\/yoast-seo-premium-wordpress\/ -->\n<title>Quando come\u00e7am as inscri\u00e7\u00f5es do Enem 2025? Veja as datas!<\/title>\n<meta name=\"description\" content=\"Fique por dentro de quando come\u00e7am as inscri\u00e7\u00f5es do Enem 2025 e como fazer a sua! Assim, voc\u00ea d\u00e1 um passo a mais para entrar em um curso superior!\" \/>\n<meta name=\"robots\" content=\"index, follow, max-snippet:-1, max-image-preview:large, max-video-preview:-1\" \/>\n<link rel=\"canonical\" href=\"https:\/\/faculdade.grancursosonline.com.br\/blog\/quando-comecam-as-inscricoes-do-enem\/\" \/>\n<meta property=\"og:locale\" content=\"pt_BR\" \/>\n<meta property=\"og:type\" content=\"article\" \/>\n<meta property=\"og:title\" content=\"Quando come\u00e7am as inscri\u00e7\u00f5es do Enem 2025? Veja as datas!\" \/>\n<meta property=\"og:description\" content=\"Fique por dentro de quando come\u00e7am as inscri\u00e7\u00f5es do Enem 2025 e como fazer a sua! Assim, voc\u00ea d\u00e1 um passo a mais para entrar em um curso superior!\" \/>\n<meta property=\"og:url\" content=\"https:\/\/faculdade.grancursosonline.com.br\/blog\/quando-comecam-as-inscricoes-do-enem\/\" \/>\n<meta property=\"og:site_name\" content=\"Blog Gran Faculdade\" \/>\n<meta property=\"article:publisher\" content=\"https:\/\/www.facebook.com\/grancursosonline\/\" \/>\n<meta property=\"article:published_time\" content=\"2025-05-12T12:11:49+00:00\" \/>\n<meta property=\"article:modified_time\" content=\"2025-06-09T15:06:02+00:00\" \/>\n<meta property=\"og:image\" content=\"https:\/\/blog-es-static.infra.grancursosonline.com.br\/wp-content\/uploads\/2025\/05\/12090006\/quando-comecam-as-inscricoes-enem.jpg\" \/>\n\t<meta property=\"og:image:width\" content=\"1001\" \/>\n\t<meta property=\"og:image:height\" content=\"601\" \/>\n\t<meta property=\"og:image:type\" content=\"image\/jpeg\" \/>\n<meta name=\"author\" content=\"Larissa de Fran\u00e7a\" \/>\n<meta name=\"twitter:card\" content=\"summary_large_image\" \/>\n<meta name=\"twitter:creator\" content=\"@gran_online\" \/>\n<meta name=\"twitter:site\" content=\"@gran_online\" \/>\n<meta name=\"twitter:label1\" content=\"Written by\" \/>\n\t<meta name=\"twitter:data1\" content=\"Larissa de Fran\u00e7a\" \/>\n\t<meta name=\"twitter:label2\" content=\"Est. reading time\" \/>\n\t<meta name=\"twitter:data2\" content=\"8 minutos\" \/>\n<script type=\"application\/ld+json\" class=\"yoast-schema-graph\">{\"@context\":\"https:\/\/schema.org\",\"@graph\":[{\"@type\":\"NewsArticle\",\"@id\":\"https:\/\/faculdade.grancursosonline.com.br\/blog\/quando-comecam-as-inscricoes-do-enem\/#article\",\"isPartOf\":{\"@id\":\"https:\/\/faculdade.grancursosonline.com.br\/blog\/quando-comecam-as-inscricoes-do-enem\/\"},\"author\":{\"name\":\"Larissa de Fran\u00e7a\",\"@id\":\"https:\/\/faculdade.grancursosonline.com.br\/blog\/#\/schema\/person\/e41590de43e91fa2adf3cf8b740a6a34\"},\"headline\":\"Quando come\u00e7am as inscri\u00e7\u00f5es do Enem 2025? Veja as datas!\",\"datePublished\":\"2025-05-12T12:11:49+00:00\",\"dateModified\":\"2025-06-09T15:06:02+00:00\",\"mainEntityOfPage\":{\"@id\":\"https:\/\/faculdade.grancursosonline.com.br\/blog\/quando-comecam-as-inscricoes-do-enem\/\"},\"wordCount\":1163,\"commentCount\":0,\"publisher\":{\"@id\":\"https:\/\/faculdade.grancursosonline.com.br\/blog\/#organization\"},\"image\":{\"@id\":\"https:\/\/faculdade.grancursosonline.com.br\/blog\/quando-comecam-as-inscricoes-do-enem\/#primaryimage\"},\"thumbnailUrl\":\"https:\/\/blog-es-static.infra.grancursosonline.com.br\/wp-content\/uploads\/2025\/05\/12090006\/quando-comecam-as-inscricoes-enem.jpg\",\"articleSection\":[\"ENEM\",\"Gradua\u00e7\u00e3o Gran Faculdade\",\"\u00daltimas Not\u00edcias\"],\"inLanguage\":\"pt-BR\",\"potentialAction\":[{\"@type\":\"CommentAction\",\"name\":\"Comment\",\"target\":[\"https:\/\/faculdade.grancursosonline.com.br\/blog\/quando-comecam-as-inscricoes-do-enem\/#respond\"]}],\"copyrightYear\":\"2025\",\"copyrightHolder\":{\"@id\":\"https:\/\/faculdade.grancursosonline.com.br\/blog\/#organization\"}},{\"@type\":\"WebPage\",\"@id\":\"https:\/\/faculdade.grancursosonline.com.br\/blog\/quando-comecam-as-inscricoes-do-enem\/\",\"url\":\"https:\/\/faculdade.grancursosonline.com.br\/blog\/quando-comecam-as-inscricoes-do-enem\/\",\"name\":\"Quando come\u00e7am as inscri\u00e7\u00f5es do Enem 2025? Veja as datas!\",\"isPartOf\":{\"@id\":\"https:\/\/faculdade.grancursosonline.com.br\/blog\/#website\"},\"primaryImageOfPage\":{\"@id\":\"https:\/\/faculdade.grancursosonline.com.br\/blog\/quando-comecam-as-inscricoes-do-enem\/#primaryimage\"},\"image\":{\"@id\":\"https:\/\/faculdade.grancursosonline.com.br\/blog\/quando-comecam-as-inscricoes-do-enem\/#primaryimage\"},\"thumbnailUrl\":\"https:\/\/blog-es-static.infra.grancursosonline.com.br\/wp-content\/uploads\/2025\/05\/12090006\/quando-comecam-as-inscricoes-enem.jpg\",\"datePublished\":\"2025-05-12T12:11:49+00:00\",\"dateModified\":\"2025-06-09T15:06:02+00:00\",\"description\":\"Fique por dentro de quando come\u00e7am as inscri\u00e7\u00f5es do Enem 2025 e como fazer a sua! Assim, voc\u00ea d\u00e1 um passo a mais para entrar em um curso superior!\",\"breadcrumb\":{\"@id\":\"https:\/\/faculdade.grancursosonline.com.br\/blog\/quando-comecam-as-inscricoes-do-enem\/#breadcrumb\"},\"inLanguage\":\"pt-BR\",\"potentialAction\":[{\"@type\":\"ReadAction\",\"target\":[\"https:\/\/faculdade.grancursosonline.com.br\/blog\/quando-comecam-as-inscricoes-do-enem\/\"]}]},{\"@type\":\"ImageObject\",\"inLanguage\":\"pt-BR\",\"@id\":\"https:\/\/faculdade.grancursosonline.com.br\/blog\/quando-comecam-as-inscricoes-do-enem\/#primaryimage\",\"url\":\"https:\/\/blog-es-static.infra.grancursosonline.com.br\/wp-content\/uploads\/2025\/05\/12090006\/quando-comecam-as-inscricoes-enem.jpg\",\"contentUrl\":\"https:\/\/blog-es-static.infra.grancursosonline.com.br\/wp-content\/uploads\/2025\/05\/12090006\/quando-comecam-as-inscricoes-enem.jpg\",\"width\":1001,\"height\":601},{\"@type\":\"BreadcrumbList\",\"@id\":\"https:\/\/faculdade.grancursosonline.com.br\/blog\/quando-comecam-as-inscricoes-do-enem\/#breadcrumb\",\"itemListElement\":[{\"@type\":\"ListItem\",\"position\":1,\"name\":\"In\u00edcio\",\"item\":\"https:\/\/faculdade.grancursosonline.com.br\/blog\/\"},{\"@type\":\"ListItem\",\"position\":2,\"name\":\"ENEM\",\"item\":\"https:\/\/faculdade.grancursosonline.com.br\/blog\/enem\/\"},{\"@type\":\"ListItem\",\"position\":3,\"name\":\"Quando come\u00e7am as inscri\u00e7\u00f5es do Enem 2025? Veja as datas!\"}]},{\"@type\":\"WebSite\",\"@id\":\"https:\/\/faculdade.grancursosonline.com.br\/blog\/#website\",\"url\":\"https:\/\/faculdade.grancursosonline.com.br\/blog\/\",\"name\":\"Blog Gran Faculdade\",\"description\":\"Tudo sobre ensino superior, p\u00f3s-gradua\u00e7\u00e3o, enem e carreira.\",\"publisher\":{\"@id\":\"https:\/\/faculdade.grancursosonline.com.br\/blog\/#organization\"},\"potentialAction\":[{\"@type\":\"SearchAction\",\"target\":{\"@type\":\"EntryPoint\",\"urlTemplate\":\"https:\/\/faculdade.grancursosonline.com.br\/blog\/?s={search_term_string}\"},\"query-input\":{\"@type\":\"PropertyValueSpecification\",\"valueRequired\":true,\"valueName\":\"search_term_string\"}}],\"inLanguage\":\"pt-BR\"},{\"@type\":\"Organization\",\"@id\":\"https:\/\/faculdade.grancursosonline.com.br\/blog\/#organization\",\"name\":\"Gran Cursos Online\",\"url\":\"https:\/\/faculdade.grancursosonline.com.br\/blog\/\",\"logo\":{\"@type\":\"ImageObject\",\"inLanguage\":\"pt-BR\",\"@id\":\"https:\/\/faculdade.grancursosonline.com.br\/blog\/#\/schema\/logo\/image\/\",\"url\":\"https:\/\/blog-es-static.infra.grancursosonline.com.br\/wp-content\/uploads\/2019\/08\/03123934\/logo.png\",\"contentUrl\":\"https:\/\/blog-es-static.infra.grancursosonline.com.br\/wp-content\/uploads\/2019\/08\/03123934\/logo.png\",\"width\":300,\"height\":57,\"caption\":\"Gran Cursos Online\"},\"image\":{\"@id\":\"https:\/\/faculdade.grancursosonline.com.br\/blog\/#\/schema\/logo\/image\/\"},\"sameAs\":[\"https:\/\/www.facebook.com\/grancursosonline\/\",\"https:\/\/x.com\/gran_online\",\"https:\/\/www.instagram.com\/grancursosonline\/\",\"https:\/\/www.youtube.com\/user\/grancursostv\"]},{\"@type\":\"Person\",\"@id\":\"https:\/\/faculdade.grancursosonline.com.br\/blog\/#\/schema\/person\/e41590de43e91fa2adf3cf8b740a6a34\",\"name\":\"Larissa de Fran\u00e7a\",\"url\":\"https:\/\/faculdade.grancursosonline.com.br\/blog\/author\/larisa-leonardo\/\"}]}<\/script>\n<!-- \/ Yoast SEO Premium plugin. -->","yoast_head_json":{"title":"Quando come\u00e7am as inscri\u00e7\u00f5es do Enem 2025? Veja as datas!","description":"Fique por dentro de quando come\u00e7am as inscri\u00e7\u00f5es do Enem 2025 e como fazer a sua! Assim, voc\u00ea d\u00e1 um passo a mais para entrar em um curso superior!","robots":{"index":"index","follow":"follow","max-snippet":"max-snippet:-1","max-image-preview":"max-image-preview:large","max-video-preview":"max-video-preview:-1"},"canonical":"https:\/\/faculdade.grancursosonline.com.br\/blog\/quando-comecam-as-inscricoes-do-enem\/","og_locale":"pt_BR","og_type":"article","og_title":"Quando come\u00e7am as inscri\u00e7\u00f5es do Enem 2025? Veja as datas!","og_description":"Fique por dentro de quando come\u00e7am as inscri\u00e7\u00f5es do Enem 2025 e como fazer a sua! Assim, voc\u00ea d\u00e1 um passo a mais para entrar em um curso superior!","og_url":"https:\/\/faculdade.grancursosonline.com.br\/blog\/quando-comecam-as-inscricoes-do-enem\/","og_site_name":"Blog Gran Faculdade","article_publisher":"https:\/\/www.facebook.com\/grancursosonline\/","article_published_time":"2025-05-12T12:11:49+00:00","article_modified_time":"2025-06-09T15:06:02+00:00","og_image":[{"width":1001,"height":601,"url":"https:\/\/blog-es-static.infra.grancursosonline.com.br\/wp-content\/uploads\/2025\/05\/12090006\/quando-comecam-as-inscricoes-enem.jpg","type":"image\/jpeg"}],"author":"Larissa de Fran\u00e7a","twitter_card":"summary_large_image","twitter_creator":"@gran_online","twitter_site":"@gran_online","twitter_misc":{"Written by":"Larissa de Fran\u00e7a","Est. reading time":"8 minutos"},"schema":{"@context":"https:\/\/schema.org","@graph":[{"@type":"NewsArticle","@id":"https:\/\/faculdade.grancursosonline.com.br\/blog\/quando-comecam-as-inscricoes-do-enem\/#article","isPartOf":{"@id":"https:\/\/faculdade.grancursosonline.com.br\/blog\/quando-comecam-as-inscricoes-do-enem\/"},"author":{"name":"Larissa de Fran\u00e7a","@id":"https:\/\/faculdade.grancursosonline.com.br\/blog\/#\/schema\/person\/e41590de43e91fa2adf3cf8b740a6a34"},"headline":"Quando come\u00e7am as inscri\u00e7\u00f5es do Enem 2025? Veja as datas!","datePublished":"2025-05-12T12:11:49+00:00","dateModified":"2025-06-09T15:06:02+00:00","mainEntityOfPage":{"@id":"https:\/\/faculdade.grancursosonline.com.br\/blog\/quando-comecam-as-inscricoes-do-enem\/"},"wordCount":1163,"commentCount":0,"publisher":{"@id":"https:\/\/faculdade.grancursosonline.com.br\/blog\/#organization"},"image":{"@id":"https:\/\/faculdade.grancursosonline.com.br\/blog\/quando-comecam-as-inscricoes-do-enem\/#primaryimage"},"thumbnailUrl":"https:\/\/blog-es-static.infra.grancursosonline.com.br\/wp-content\/uploads\/2025\/05\/12090006\/quando-comecam-as-inscricoes-enem.jpg","articleSection":["ENEM","Gradua\u00e7\u00e3o Gran Faculdade","\u00daltimas Not\u00edcias"],"inLanguage":"pt-BR","potentialAction":[{"@type":"CommentAction","name":"Comment","target":["https:\/\/faculdade.grancursosonline.com.br\/blog\/quando-comecam-as-inscricoes-do-enem\/#respond"]}],"copyrightYear":"2025","copyrightHolder":{"@id":"https:\/\/faculdade.grancursosonline.com.br\/blog\/#organization"}},{"@type":"WebPage","@id":"https:\/\/faculdade.grancursosonline.com.br\/blog\/quando-comecam-as-inscricoes-do-enem\/","url":"https:\/\/faculdade.grancursosonline.com.br\/blog\/quando-comecam-as-inscricoes-do-enem\/","name":"Quando come\u00e7am as inscri\u00e7\u00f5es do Enem 2025? Veja as datas!","isPartOf":{"@id":"https:\/\/faculdade.grancursosonline.com.br\/blog\/#website"},"primaryImageOfPage":{"@id":"https:\/\/faculdade.grancursosonline.com.br\/blog\/quando-comecam-as-inscricoes-do-enem\/#primaryimage"},"image":{"@id":"https:\/\/faculdade.grancursosonline.com.br\/blog\/quando-comecam-as-inscricoes-do-enem\/#primaryimage"},"thumbnailUrl":"https:\/\/blog-es-static.infra.grancursosonline.com.br\/wp-content\/uploads\/2025\/05\/12090006\/quando-comecam-as-inscricoes-enem.jpg","datePublished":"2025-05-12T12:11:49+00:00","dateModified":"2025-06-09T15:06:02+00:00","description":"Fique por dentro de quando come\u00e7am as inscri\u00e7\u00f5es do Enem 2025 e como fazer a sua! Assim, voc\u00ea d\u00e1 um passo a mais para entrar em um curso superior!","breadcrumb":{"@id":"https:\/\/faculdade.grancursosonline.com.br\/blog\/quando-comecam-as-inscricoes-do-enem\/#breadcrumb"},"inLanguage":"pt-BR","potentialAction":[{"@type":"ReadAction","target":["https:\/\/faculdade.grancursosonline.com.br\/blog\/quando-comecam-as-inscricoes-do-enem\/"]}]},{"@type":"ImageObject","inLanguage":"pt-BR","@id":"https:\/\/faculdade.grancursosonline.com.br\/blog\/quando-comecam-as-inscricoes-do-enem\/#primaryimage","url":"https:\/\/blog-es-static.infra.grancursosonline.com.br\/wp-content\/uploads\/2025\/05\/12090006\/quando-comecam-as-inscricoes-enem.jpg","contentUrl":"https:\/\/blog-es-static.infra.grancursosonline.com.br\/wp-content\/uploads\/2025\/05\/12090006\/quando-comecam-as-inscricoes-enem.jpg","width":1001,"height":601},{"@type":"BreadcrumbList","@id":"https:\/\/faculdade.grancursosonline.com.br\/blog\/quando-comecam-as-inscricoes-do-enem\/#breadcrumb","itemListElement":[{"@type":"ListItem","position":1,"name":"In\u00edcio","item":"https:\/\/faculdade.grancursosonline.com.br\/blog\/"},{"@type":"ListItem","position":2,"name":"ENEM","item":"https:\/\/faculdade.grancursosonline.com.br\/blog\/enem\/"},{"@type":"ListItem","position":3,"name":"Quando come\u00e7am as inscri\u00e7\u00f5es do Enem 2025? Veja as datas!"}]},{"@type":"WebSite","@id":"https:\/\/faculdade.grancursosonline.com.br\/blog\/#website","url":"https:\/\/faculdade.grancursosonline.com.br\/blog\/","name":"Blog Gran Faculdade","description":"Tudo sobre ensino superior, p\u00f3s-gradua\u00e7\u00e3o, enem e carreira.","publisher":{"@id":"https:\/\/faculdade.grancursosonline.com.br\/blog\/#organization"},"potentialAction":[{"@type":"SearchAction","target":{"@type":"EntryPoint","urlTemplate":"https:\/\/faculdade.grancursosonline.com.br\/blog\/?s={search_term_string}"},"query-input":{"@type":"PropertyValueSpecification","valueRequired":true,"valueName":"search_term_string"}}],"inLanguage":"pt-BR"},{"@type":"Organization","@id":"https:\/\/faculdade.grancursosonline.com.br\/blog\/#organization","name":"Gran Cursos Online","url":"https:\/\/faculdade.grancursosonline.com.br\/blog\/","logo":{"@type":"ImageObject","inLanguage":"pt-BR","@id":"https:\/\/faculdade.grancursosonline.com.br\/blog\/#\/schema\/logo\/image\/","url":"https:\/\/blog-es-static.infra.grancursosonline.com.br\/wp-content\/uploads\/2019\/08\/03123934\/logo.png","contentUrl":"https:\/\/blog-es-static.infra.grancursosonline.com.br\/wp-content\/uploads\/2019\/08\/03123934\/logo.png","width":300,"height":57,"caption":"Gran Cursos Online"},"image":{"@id":"https:\/\/faculdade.grancursosonline.com.br\/blog\/#\/schema\/logo\/image\/"},"sameAs":["https:\/\/www.facebook.com\/grancursosonline\/","https:\/\/x.com\/gran_online","https:\/\/www.instagram.com\/grancursosonline\/","https:\/\/www.youtube.com\/user\/grancursostv"]},{"@type":"Person","@id":"https:\/\/faculdade.grancursosonline.com.br\/blog\/#\/schema\/person\/e41590de43e91fa2adf3cf8b740a6a34","name":"Larissa de Fran\u00e7a","url":"https:\/\/faculdade.grancursosonline.com.br\/blog\/author\/larisa-leonardo\/"}]}},"_links":{"self":[{"href":"https:\/\/faculdade.grancursosonline.com.br\/blog\/wp-json\/wp\/v2\/posts\/79606417","targetHints":{"allow":["GET"]}}],"collection":[{"href":"https:\/\/faculdade.grancursosonline.com.br\/blog\/wp-json\/wp\/v2\/posts"}],"about":[{"href":"https:\/\/faculdade.grancursosonline.com.br\/blog\/wp-json\/wp\/v2\/types\/post"}],"author":[{"embeddable":true,"href":"https:\/\/faculdade.grancursosonline.com.br\/blog\/wp-json\/wp\/v2\/users\/513"}],"replies":[{"embeddable":true,"href":"https:\/\/faculdade.grancursosonline.com.br\/blog\/wp-json\/wp\/v2\/comments?post=79606417"}],"version-history":[{"count":11,"href":"https:\/\/faculdade.grancursosonline.com.br\/blog\/wp-json\/wp\/v2\/posts\/79606417\/revisions"}],"predecessor-version":[{"id":79754672,"href":"https:\/\/faculdade.grancursosonline.com.br\/blog\/wp-json\/wp\/v2\/posts\/79606417\/revisions\/79754672"}],"wp:featuredmedia":[{"embeddable":true,"href":"https:\/\/faculdade.grancursosonline.com.br\/blog\/wp-json\/wp\/v2\/media\/79754009"}],"wp:attachment":[{"href":"https:\/\/faculdade.grancursosonline.com.br\/blog\/wp-json\/wp\/v2\/media?parent=79606417"}],"wp:term":[{"taxonomy":"category","embeddable":true,"href":"https:\/\/faculdade.grancursosonline.com.br\/blog\/wp-json\/wp\/v2\/categories?post=79606417"},{"taxonomy":"post_tag","embeddable":true,"href":"https:\/\/faculdade.grancursosonline.com.br\/blog\/wp-json\/wp\/v2\/tags?post=79606417"}],"curies":[{"name":"wp","href":"https:\/\/api.w.org\/{rel}","templated":true}]}}