{"id":79611060,"date":"2025-05-08T11:49:47","date_gmt":"2025-05-08T14:49:47","guid":{"rendered":"https:\/\/blog.grancursosonline.com.br\/?p=79611060"},"modified":"2025-05-08T11:49:49","modified_gmt":"2025-05-08T14:49:49","slug":"dia-do-enfermeiro","status":"publish","type":"post","link":"https:\/\/faculdade.grancursosonline.com.br\/blog\/dia-do-enfermeiro\/","title":{"rendered":"Dia do Enfermeiro e Dia da Enfermagem: destaque-se na \u00e1rea!"},"content":{"rendered":"\n<p>Internacionalmente, no dia 12 de maio \u00e9 comemorado o Dia da Enfermagem e o Dia do Enfermeiro. A data serve para valorizar e homenagear profissionais da \u00e1rea. Por isso, al\u00e9m do nosso parab\u00e9ns a todas e todos que se dedicam \u00e0 Enfermagem, vamos conferir dicas de como se destacar na \u00e1rea e entender um pouco mais sobre a celebra\u00e7\u00e3o!<\/p>\n\n\n\n<div class=\"wp-block-columns is-layout-flex wp-container-core-columns-is-layout-9d6595d7 wp-block-columns-is-layout-flex\">\n<div class=\"wp-block-column is-layout-flow wp-block-column-is-layout-flow\" style=\"flex-basis:100%\"><div class=\"wp-block-image\">\n<figure class=\"aligncenter size-full\"><a href=\"https:\/\/whatsapp.com\/channel\/0029VaG1sChI7Be7PNndhL43\" target=\"_blank\" rel=\"noopener\"><img decoding=\"async\" src=\"https:\/\/blog-es-static.infra.grancursosonline.com.br\/wp-content\/uploads\/2025\/09\/09112354\/banner-wp-600x142-80.webp\" alt=\"Acesse o canal do WhatsApp da Gran Faculdade\" class=\"wp-image-79751904\"\/><\/a><\/figure>\n<\/div><\/div>\n<\/div>\n\n\n\n<p>Ent\u00e3o, vamos l\u00e1, se preferir, navegue pelo \u00edndice abaixo:<\/p>\n\n\n\n<ul class=\"wp-block-list\">\n<li><a href=\"#12-de-maio\">Por que 12 de maio \u00e9 Dia do Enfermeiro e Dia da Enfermagem?<\/a><\/li>\n\n\n\n<li><a href=\"#semana\">O que \u00e9 a Semana da Enfermagem?<\/a><\/li>\n\n\n\n<li><a href=\"#destacar\">Como se destacar na Enfermagem? Veja 5 dicas!<\/a><\/li>\n\n\n\n<li><a href=\"#gran\">Aproveite as vantagens da Gran Faculdade!<\/a><\/li>\n<\/ul>\n\n\n\n<h2 class=\"wp-block-heading\" id=\"h-descubra-qual-carreira-em-saude-seguir-com-o-nosso-guia\">Descubra qual carreira em Sa\u00fade seguir com o nosso guia!<\/h2>\n\n\n\n<p>A pandemia de Covid-19 impactou o mundo recentemente, assim como tantas outras enfermidades quando surgiram ao longo da hist\u00f3ria da humanidade. Tudo o que \u00e9 novo, principalmente no campo das doen\u00e7as e riscos biol\u00f3gicos, assusta, mas gra\u00e7as aos avan\u00e7os tecnol\u00f3gicos, cient\u00edficos e \u00e0 expertise de profissionais de sa\u00fade em v\u00e1rias frentes, esses eventos rapidamente s\u00e3o controlados.<\/p>\n\n\n\n<p>O prop\u00f3sito deste material \u00e9 apresentar um panorama sobre a \u00e1rea da Sa\u00fade, as principais \u00e1reas de atua\u00e7\u00e3o, a diferen\u00e7a entre elas e como se destacar em cada carreira. Ent\u00e3o, aproveite e boa leitura!<\/p>\n\n\n\n<script charset=\"utf-8\" type=\"text\/javascript\" src=\"\/\/js.hsforms.net\/forms\/embed\/v2.js\"><\/script>\n<script>\n  hbspt.forms.create({\n    region: \"na1\",\n    portalId: \"302036\",\n    formId: \"1ca9fa00-e0ae-4170-adca-77375459b865\"\n  });\n<\/script>\n\n\n\n<h2 class=\"wp-block-heading\" id=\"12-de-maio\">Por que 12 de maio \u00e9 Dia da Enfermagem?<\/h2>\n\n\n\n<p>O dia 12 de maio \u00e9 celebrado mundialmente como Dia da Enfermagem e Dia do Enfermeiro em homenagem ao nascimento de Florence Nightingale, enfermeira tida como m\u00e3e da Enfermagem moderna.<\/p>\n\n\n\n<p>Atualmente, de acordo com dados do Conselho Federal de Enfermagem (Cofen), cerca de 60% das vagas da \u00e1rea de Sa\u00fade no mercado de trabalho s\u00e3o destinadas \u00e0 Enfermagem. Esse n\u00famero, que representa mais de 2 milh\u00f5es de profissionais, se divide entre enfermeiros, t\u00e9cnicos, auxiliares e obstetrizes.<\/p>\n\n\n\n<p>De forma muito simplista, enquanto a Medicina \u00e9 respons\u00e1vel pelo diagn\u00f3stico, tratamento e preven\u00e7\u00e3o de doen\u00e7as, a Enfermagem se destina ao cuidado e reabilita\u00e7\u00e3o do paciente em si.<\/p>\n\n\n\n<p>Por isso, \u00e9 uma \u00e1rea dedicada completamente ao cuidado e acompanhamento da melhora das pessoas atendidas. E o trabalho \u00e9 conjunto e multidisciplinar, alinhado com m\u00e9dicos, psic\u00f3logos, nutricionistas, assistentes sociais, fisioterapeutas, entre outros.<\/p>\n\n\n\n<h2 class=\"wp-block-heading\" id=\"semana\">O que \u00e9 a Semana da Enfermagem?<\/h2>\n\n\n\n<p>No Brasil, anualmente o Cofen promove, em parceria com diversas institui\u00e7\u00f5es, a Semana da Enfermagem, entre 12 e 20 de maio.<br>Al\u00e9m da data ser uma forma de celebrar o Dia do Enfermeiro e da Enfermagem, ela tamb\u00e9m destaca o dia 20 de maio, data de falecimento de Ana N\u00e9ri, pioneira da Enfermagem no Brasil.<\/p>\n\n\n\n<p>Institui\u00e7\u00f5es de sa\u00fade e de ensino voltado para a \u00e1rea promovem atividades de valoriza\u00e7\u00e3o \u00e0 Enfermagem, com exposi\u00e7\u00f5es de trabalhos, palestras, rodas de conversas, entre outras atividades.<\/p>\n\n\n\n<h2 class=\"wp-block-heading\" id=\"destacar\">Como se destacar na Enfermagem?<\/h2>\n\n\n\n<p>Como vimos, a \u00e1rea da Enfermagem \u00e9 essencial para a sa\u00fade e bem-estar na sociedade. Assim como h\u00e1 bastante demanda, h\u00e1 muitos profissionais se qualificando para atuar na \u00e1rea.<\/p>\n\n\n\n<p>Por isso, desenvolver uma carreira de sucesso na \u00e1rea exige organiza\u00e7\u00e3o, planejamento e dedica\u00e7\u00e3o.<\/p>\n\n\n\n<p>Alguns passos importantes podem te ajudar nesse processo, separamos 5 pontos de aten\u00e7\u00e3o:<\/p>\n\n\n\n<h3 class=\"wp-block-heading\">1. N\u00e3o deixe de cuidar da sua sa\u00fade f\u00edsica e mental<\/h3>\n\n\n\n<p>Negligenciar sua sa\u00fade f\u00edsica e mental vai te adoecer e, assim, voc\u00ea n\u00e3o conseguir\u00e1 cuidar de seus pacientes.<\/p>\n\n\n\n<p>Por isso, lembre-se de incluir no planejamento da sua rotina momentos de descanso, lazer e autocuidado. Evite muitos plant\u00f5es seguidos, por exemplo, para conseguir descansar e trabalhar de forma mais adequada.<\/p>\n\n\n\n<p>Se um paciente seu te falasse que vai trabalhar 36 horas seguidas, o que voc\u00ea recomendaria? Voc\u00ea sabe quais os efeitos da falta de sono adequado no organismo, ent\u00e3o, aplique seus conhecimentos para cuidar da sua sa\u00fade tamb\u00e9m!<\/p>\n\n\n\n<h3 class=\"wp-block-heading\">2. Mantenha a atualiza\u00e7\u00e3o profissional constante<\/h3>\n\n\n\n<p>Ter tempo para se manter atualizado(a) nas novas diretrizes, tecnologias e atualiza\u00e7\u00f5es da Sa\u00fade \u00e9 um grande desafio, n\u00e3o \u00e9?<br>Mas isso \u00e9 fundamental para uma boa atua\u00e7\u00e3o profissional e um curr\u00edculo de destaque!<\/p>\n\n\n\n<p>Siga perfis nas redes sociais e crie alertas para fontes oficiais como a Organiza\u00e7\u00e3o Mundial da Sa\u00fade, o Minist\u00e9rio da Sa\u00fade e o Conselho de Enfermagem.<\/p>\n\n\n\n<p>Dessa forma, voc\u00ea pode tirar um tempinho da semana para conferir um resumo das novidades e buscar as informa\u00e7\u00f5es que considerar mais relevantes para sua atua\u00e7\u00e3o.<\/p>\n\n\n\n<h3 class=\"wp-block-heading\">3. Identifique a \u00e1rea em que voc\u00ea quer atuar<\/h3>\n\n\n\n<p>N\u00e3o tem problema mudar de ideia em algum momento, mas \u00e9 importante definir em qual \u00e1rea de especializa\u00e7\u00e3o voc\u00ea deseja atuar.<\/p>\n\n\n\n<p>Dessa forma, \u00e9 mais f\u00e1cil tra\u00e7ar um plano de carreira, incluindo objetivos profissionais, habilidades que precisam ser desenvolvidas e cursos necess\u00e1rios ao longo do caminho.<\/p>\n\n\n\n<p>Estabele\u00e7a onde voc\u00ea quer chegar, procure pessoas que est\u00e3o no cargo que voc\u00ea deseja e liste: o que elas fizeram? Como chegaram l\u00e1? Cursos, conex\u00f5es, habilidades.<\/p>\n\n\n\n<p>Veja tamb\u00e9m vagas interessantes e avalie quais os requisitos solicitados. Assim, voc\u00ea consegue definir seus pr\u00f3ximos passos.<\/p>\n\n\n\n<p>Se quiser se tornar especialista, vale lembrar que o Gran conta com cursos com mensalidades que cabem no seu bolso e hor\u00e1rios que se encaixam \u00e0 sua rotina.<\/p>\n\n\n\n<p>Leia tamb\u00e9m: <a href=\"https:\/\/blog.grancursosonline.com.br\/pos-graduacao-em-enfermagem\/\" target=\"_blank\" rel=\"noopener\">P\u00f3s-gradua\u00e7\u00e3o em Enfermagem: conhe\u00e7a os cursos da Gran P\u00f3s!<\/a><\/p>\n\n\n\n<h3 class=\"wp-block-heading\">4. Participe de eventos e construa networking<\/h3>\n\n\n\n<p>Uma outra forma de manter a atualiza\u00e7\u00e3o profissional \u00e9 participar de eventos promovidos por institui\u00e7\u00f5es de sa\u00fade e \u00e1reas relacionadas.<br>Al\u00e9m disso, esse espa\u00e7o tamb\u00e9m \u00e9 excelente para conhecer pessoas que atuam na \u00e1rea e fazer contatos profissionais, o chamado networking.<\/p>\n\n\n\n<p>Essa rede \u00e9 importante para buscar novas oportunidades de trabalho, para estabelecer parcerias em projetos a curto, m\u00e9dio e longo prazo, al\u00e9m de poder partilhar quest\u00f5es relacionadas \u00e0 profiss\u00e3o.<\/p>\n\n\n\n<p>Por isso, sempre que poss\u00edvel, participe de eventos na sua \u00e1rea.<\/p>\n\n\n\n<h3 class=\"wp-block-heading\">5. Lembre-se do prop\u00f3sito da sua profiss\u00e3o<\/h3>\n\n\n\n<p>Voc\u00ea pode ser o(a) enfermeiro(a) mais qualificado do mercado de trabalho, mas se n\u00e3o souber tratar seus pacientes da forma adequada, dificilmente sua carreira ser\u00e1 pr\u00f3spera.<\/p>\n\n\n\n<p>Apesar da desvaloriza\u00e7\u00e3o profissional que ainda paira sobre a profiss\u00e3o e da precariedade de algumas institui\u00e7\u00f5es, lembre-se do prop\u00f3sito de cuidado.<\/p>\n\n\n\n<p>Al\u00e9m de toda a parte t\u00e9cnica, o cuidado com o paciente requer um exerc\u00edcio di\u00e1rio de dedica\u00e7\u00e3o, empatia, comunica\u00e7\u00e3o, etc.<\/p>\n\n\n\n<div class=\"wp-block-group has-background\" style=\"background-color:#8dd2fc7a\"><div class=\"wp-block-group__inner-container is-layout-constrained wp-block-group-is-layout-constrained\">\n<p><strong>Outras not\u00edcias em destaque:<\/strong><\/p>\n\n\n\n<ul class=\"wp-block-list\">\n<li><a href=\"https:\/\/blog.grancursosonline.com.br\/graduacao-em-2023\/\" target=\"_blank\" rel=\"noopener\">Gradua\u00e7\u00e3o em 2025: 9 dicas para voc\u00ea come\u00e7ar a faculdade<\/a><\/li>\n\n\n\n<li><a href=\"https:\/\/faculdade.grancursosonline.com.br\/blog\/gran-faculdade\/\" target=\"_blank\" rel=\"noreferrer noopener\">Gran Faculdade: chegou a t\u00e3o esperada gradua\u00e7\u00e3o do Gran!<\/a><\/li>\n\n\n\n<li><a href=\"https:\/\/faculdade.grancursosonline.com.br\/blog\/graduacao-dicas-para-comecar\/\" target=\"_blank\" rel=\"noreferrer noopener\">Gradua\u00e7\u00e3o Social da Gran Faculdade: veja como funciona!<\/a><\/li>\n<\/ul>\n<\/div><\/div>\n\n\n\n<h2 class=\"wp-block-heading\" id=\"h-vem-pra-gran-faculdade\">Vem pra Gran Faculdade!<\/h2>\n\n\n\n<p>A Gran Faculdade vem mudando a vida de milhares de pessoas por meio de cursos \u00e0 dist\u00e2ncia de <a href=\"https:\/\/faculdade.grancursosonline.com.br\/\" target=\"_blank\" rel=\"noreferrer noopener\">gradua\u00e7\u00e3o<\/a>, <a href=\"https:\/\/pos.grancursosonline.com.br\/\" target=\"_blank\" rel=\"noreferrer noopener\">p\u00f3s-gradua\u00e7\u00e3o<\/a> e <a href=\"https:\/\/pos.grancursosonline.com.br\/mba\" target=\"_blank\" rel=\"noreferrer noopener\">MBA<\/a>. Seja no digital ou em nosso <a href=\"https:\/\/presencial.grancursosonline.com.br\/\" target=\"_blank\" rel=\"noreferrer noopener\">Campus Presencial em Curitiba<\/a>, a nossa miss\u00e3o \u00e9 transformar a educa\u00e7\u00e3o superior.<\/p>\n\n\n\n<p>Como parte de Sistema Gran de Ensino, que \u00e9 reconhecido como marca aprovadora h\u00e1 mais de 10 anos, constru\u00edmos uma renomada reputa\u00e7\u00e3o na \u00e1rea de educa\u00e7\u00e3o.<\/p>\n\n\n\n<p>Veja algumas de nossas conquistas:<\/p>\n\n\n\n<ul class=\"wp-block-list\">\n<li>Reconhecido pela Amazon como um dos projetos mais relevantes do mundo na \u00e1rea de Tecnologia e Educa\u00e7\u00e3o;<\/li>\n\n\n\n<li>Foi eleito pelo Project Management Institute (PMI), um dos 50 Projetos Mais Influentes do mundo;<\/li>\n\n\n\n<li>Somos o site de educa\u00e7\u00e3o mais acessado do Brasil;<\/li>\n\n\n\n<li>Somos avaliados com a nota m\u00e1xima pelo MEC;<\/li>\n\n\n\n<li>Aqui o semestre come\u00e7a quando quiser: entrada imediata e cont\u00ednua!<\/li>\n\n\n\n<li>Melhores pre\u00e7os do mercado;<\/li>\n\n\n\n<li>Mais de 500 mil alunos pagantes e mais de 1000 funcion\u00e1rios;<\/li>\n\n\n\n<li>Diversas ferramentas de estudo: PDFs, audiobooks, mapas mentais, videoaulas, quest\u00f5es, gerenciador de estudos e muito mais!<\/li>\n\n\n\n<li>Professores experientes e capacitados;<\/li>\n\n\n\n<li>Acesso imediato e 100% online.<\/li>\n<\/ul>\n\n\n\n<p class=\"has-text-align-center has-text-align-center\"><strong><a href=\"https:\/\/faculdade.grancursosonline.com.br\/\" target=\"_blank\" rel=\"noreferrer noopener\">Quero ser aluno da Gran Faculdade!<\/a><\/strong><\/p>\n","protected":false},"excerpt":{"rendered":"<p>Internacionalmente, no dia 12 de maio \u00e9 comemorado o Dia da Enfermagem e o Dia do Enfermeiro. A data serve para valorizar e homenagear profissionais da \u00e1rea. Por isso, al\u00e9m do nosso parab\u00e9ns a todas e todos que se dedicam \u00e0 Enfermagem, vamos conferir dicas de como se destacar na \u00e1rea e entender um pouco&hellip;<\/p>\n","protected":false},"author":486,"featured_media":79753807,"comment_status":"open","ping_status":"open","sticky":false,"template":"","format":"standard","meta":{"_acf_changed":false,"content-type":"","footnotes":""},"categories":[209229,2],"tags":[],"class_list":["post-79611060","post","type-post","status-publish","format-standard","has-post-thumbnail","hentry","category-pos-graduacao","category-ultimas-noticias"],"acf":[],"yoast_head":"<!-- This site is optimized with the Yoast SEO Premium plugin v27.2 (Yoast SEO v27.2) - https:\/\/yoast.com\/product\/yoast-seo-premium-wordpress\/ -->\n<title>Dia do Enfermeiro e Dia da Enfermagem: destaque-se na \u00e1rea!<\/title>\n<meta name=\"description\" content=\"12 de maio \u00e9 Dia do Enfermeiro e Dia da Enfermagem! Veja mais sobre a data e saiba como desenvolver uma carreira de destaque na \u00e1rea!\" \/>\n<meta name=\"robots\" content=\"index, follow, max-snippet:-1, max-image-preview:large, max-video-preview:-1\" \/>\n<link rel=\"canonical\" href=\"https:\/\/faculdade.grancursosonline.com.br\/blog\/dia-do-enfermeiro\/\" \/>\n<meta property=\"og:locale\" content=\"pt_BR\" \/>\n<meta property=\"og:type\" content=\"article\" \/>\n<meta property=\"og:title\" content=\"Dia do Enfermeiro e Dia da Enfermagem: destaque-se na \u00e1rea!\" \/>\n<meta property=\"og:description\" content=\"12 de maio \u00e9 Dia do Enfermeiro e Dia da Enfermagem! Veja mais sobre a data e saiba como desenvolver uma carreira de destaque na \u00e1rea!\" \/>\n<meta property=\"og:url\" content=\"https:\/\/faculdade.grancursosonline.com.br\/blog\/dia-do-enfermeiro\/\" \/>\n<meta property=\"og:site_name\" content=\"Blog Gran Faculdade\" \/>\n<meta property=\"article:publisher\" content=\"https:\/\/www.facebook.com\/grancursosonline\/\" \/>\n<meta property=\"article:published_time\" content=\"2025-05-08T14:49:47+00:00\" \/>\n<meta property=\"article:modified_time\" content=\"2025-05-08T14:49:49+00:00\" \/>\n<meta property=\"og:image\" content=\"https:\/\/blog-es-static.infra.grancursosonline.com.br\/wp-content\/uploads\/2023\/05\/07170421\/dia-do-enfermeiro-social.jpg\" \/>\n\t<meta property=\"og:image:width\" content=\"511\" \/>\n\t<meta property=\"og:image:height\" content=\"311\" \/>\n\t<meta property=\"og:image:type\" content=\"image\/jpeg\" \/>\n<meta name=\"author\" content=\"Equipe Gran\" \/>\n<meta name=\"twitter:card\" content=\"summary_large_image\" \/>\n<meta name=\"twitter:creator\" content=\"@gran_online\" \/>\n<meta name=\"twitter:site\" content=\"@gran_online\" \/>\n<meta name=\"twitter:label1\" content=\"Written by\" \/>\n\t<meta name=\"twitter:data1\" content=\"Equipe Gran\" \/>\n\t<meta name=\"twitter:label2\" content=\"Est. reading time\" \/>\n\t<meta name=\"twitter:data2\" content=\"8 minutos\" \/>\n<script type=\"application\/ld+json\" class=\"yoast-schema-graph\">{\"@context\":\"https:\/\/schema.org\",\"@graph\":[{\"@type\":\"NewsArticle\",\"@id\":\"https:\/\/faculdade.grancursosonline.com.br\/blog\/dia-do-enfermeiro\/#article\",\"isPartOf\":{\"@id\":\"https:\/\/faculdade.grancursosonline.com.br\/blog\/dia-do-enfermeiro\/\"},\"author\":{\"name\":\"Equipe Gran\",\"@id\":\"https:\/\/faculdade.grancursosonline.com.br\/blog\/#\/schema\/person\/c05f350f8ea43a7138aaffc6a87bc5e0\"},\"headline\":\"Dia do Enfermeiro e Dia da Enfermagem: destaque-se na \u00e1rea!\",\"datePublished\":\"2025-05-08T14:49:47+00:00\",\"dateModified\":\"2025-05-08T14:49:49+00:00\",\"mainEntityOfPage\":{\"@id\":\"https:\/\/faculdade.grancursosonline.com.br\/blog\/dia-do-enfermeiro\/\"},\"wordCount\":987,\"commentCount\":0,\"publisher\":{\"@id\":\"https:\/\/faculdade.grancursosonline.com.br\/blog\/#organization\"},\"image\":{\"@id\":\"https:\/\/faculdade.grancursosonline.com.br\/blog\/dia-do-enfermeiro\/#primaryimage\"},\"thumbnailUrl\":\"https:\/\/blog-es-static.infra.grancursosonline.com.br\/wp-content\/uploads\/2023\/05\/07170415\/dia-do-enfermeiro-1.jpg\",\"articleSection\":[\"P\u00f3s-Gradua\u00e7\u00e3o Gran Faculdade\",\"\u00daltimas Not\u00edcias\"],\"inLanguage\":\"pt-BR\",\"potentialAction\":[{\"@type\":\"CommentAction\",\"name\":\"Comment\",\"target\":[\"https:\/\/faculdade.grancursosonline.com.br\/blog\/dia-do-enfermeiro\/#respond\"]}],\"copyrightYear\":\"2025\",\"copyrightHolder\":{\"@id\":\"https:\/\/faculdade.grancursosonline.com.br\/blog\/#organization\"}},{\"@type\":\"WebPage\",\"@id\":\"https:\/\/faculdade.grancursosonline.com.br\/blog\/dia-do-enfermeiro\/\",\"url\":\"https:\/\/faculdade.grancursosonline.com.br\/blog\/dia-do-enfermeiro\/\",\"name\":\"Dia do Enfermeiro e Dia da Enfermagem: destaque-se na \u00e1rea!\",\"isPartOf\":{\"@id\":\"https:\/\/faculdade.grancursosonline.com.br\/blog\/#website\"},\"primaryImageOfPage\":{\"@id\":\"https:\/\/faculdade.grancursosonline.com.br\/blog\/dia-do-enfermeiro\/#primaryimage\"},\"image\":{\"@id\":\"https:\/\/faculdade.grancursosonline.com.br\/blog\/dia-do-enfermeiro\/#primaryimage\"},\"thumbnailUrl\":\"https:\/\/blog-es-static.infra.grancursosonline.com.br\/wp-content\/uploads\/2023\/05\/07170415\/dia-do-enfermeiro-1.jpg\",\"datePublished\":\"2025-05-08T14:49:47+00:00\",\"dateModified\":\"2025-05-08T14:49:49+00:00\",\"description\":\"12 de maio \u00e9 Dia do Enfermeiro e Dia da Enfermagem! Veja mais sobre a data e saiba como desenvolver uma carreira de destaque na \u00e1rea!\",\"breadcrumb\":{\"@id\":\"https:\/\/faculdade.grancursosonline.com.br\/blog\/dia-do-enfermeiro\/#breadcrumb\"},\"inLanguage\":\"pt-BR\",\"potentialAction\":[{\"@type\":\"ReadAction\",\"target\":[\"https:\/\/faculdade.grancursosonline.com.br\/blog\/dia-do-enfermeiro\/\"]}]},{\"@type\":\"ImageObject\",\"inLanguage\":\"pt-BR\",\"@id\":\"https:\/\/faculdade.grancursosonline.com.br\/blog\/dia-do-enfermeiro\/#primaryimage\",\"url\":\"https:\/\/blog-es-static.infra.grancursosonline.com.br\/wp-content\/uploads\/2023\/05\/07170415\/dia-do-enfermeiro-1.jpg\",\"contentUrl\":\"https:\/\/blog-es-static.infra.grancursosonline.com.br\/wp-content\/uploads\/2023\/05\/07170415\/dia-do-enfermeiro-1.jpg\",\"width\":1001,\"height\":601,\"caption\":\"Dia do Enfermeiro e Dia da Enfermagem\"},{\"@type\":\"BreadcrumbList\",\"@id\":\"https:\/\/faculdade.grancursosonline.com.br\/blog\/dia-do-enfermeiro\/#breadcrumb\",\"itemListElement\":[{\"@type\":\"ListItem\",\"position\":1,\"name\":\"In\u00edcio\",\"item\":\"https:\/\/faculdade.grancursosonline.com.br\/blog\/\"},{\"@type\":\"ListItem\",\"position\":2,\"name\":\"P\u00f3s-Gradua\u00e7\u00e3o Gran Faculdade\",\"item\":\"https:\/\/faculdade.grancursosonline.com.br\/blog\/pos-graduacao\/\"},{\"@type\":\"ListItem\",\"position\":3,\"name\":\"Dia do Enfermeiro e Dia da Enfermagem: destaque-se na \u00e1rea!\"}]},{\"@type\":\"WebSite\",\"@id\":\"https:\/\/faculdade.grancursosonline.com.br\/blog\/#website\",\"url\":\"https:\/\/faculdade.grancursosonline.com.br\/blog\/\",\"name\":\"Blog Gran Faculdade\",\"description\":\"Tudo sobre ensino superior, p\u00f3s-gradua\u00e7\u00e3o, enem e carreira.\",\"publisher\":{\"@id\":\"https:\/\/faculdade.grancursosonline.com.br\/blog\/#organization\"},\"potentialAction\":[{\"@type\":\"SearchAction\",\"target\":{\"@type\":\"EntryPoint\",\"urlTemplate\":\"https:\/\/faculdade.grancursosonline.com.br\/blog\/?s={search_term_string}\"},\"query-input\":{\"@type\":\"PropertyValueSpecification\",\"valueRequired\":true,\"valueName\":\"search_term_string\"}}],\"inLanguage\":\"pt-BR\"},{\"@type\":\"Organization\",\"@id\":\"https:\/\/faculdade.grancursosonline.com.br\/blog\/#organization\",\"name\":\"Gran Cursos Online\",\"url\":\"https:\/\/faculdade.grancursosonline.com.br\/blog\/\",\"logo\":{\"@type\":\"ImageObject\",\"inLanguage\":\"pt-BR\",\"@id\":\"https:\/\/faculdade.grancursosonline.com.br\/blog\/#\/schema\/logo\/image\/\",\"url\":\"https:\/\/blog-es-static.infra.grancursosonline.com.br\/wp-content\/uploads\/2019\/08\/03123934\/logo.png\",\"contentUrl\":\"https:\/\/blog-es-static.infra.grancursosonline.com.br\/wp-content\/uploads\/2019\/08\/03123934\/logo.png\",\"width\":300,\"height\":57,\"caption\":\"Gran Cursos Online\"},\"image\":{\"@id\":\"https:\/\/faculdade.grancursosonline.com.br\/blog\/#\/schema\/logo\/image\/\"},\"sameAs\":[\"https:\/\/www.facebook.com\/grancursosonline\/\",\"https:\/\/x.com\/gran_online\",\"https:\/\/www.instagram.com\/grancursosonline\/\",\"https:\/\/www.youtube.com\/user\/grancursostv\"]},{\"@type\":\"Person\",\"@id\":\"https:\/\/faculdade.grancursosonline.com.br\/blog\/#\/schema\/person\/c05f350f8ea43a7138aaffc6a87bc5e0\",\"name\":\"Equipe Gran\",\"sameAs\":[\"http:\/\/www.grancursosonline.com.br\"],\"url\":\"https:\/\/faculdade.grancursosonline.com.br\/blog\/author\/hugo-oliveira\/\"}]}<\/script>\n<!-- \/ Yoast SEO Premium plugin. -->","yoast_head_json":{"title":"Dia do Enfermeiro e Dia da Enfermagem: destaque-se na \u00e1rea!","description":"12 de maio \u00e9 Dia do Enfermeiro e Dia da Enfermagem! Veja mais sobre a data e saiba como desenvolver uma carreira de destaque na \u00e1rea!","robots":{"index":"index","follow":"follow","max-snippet":"max-snippet:-1","max-image-preview":"max-image-preview:large","max-video-preview":"max-video-preview:-1"},"canonical":"https:\/\/faculdade.grancursosonline.com.br\/blog\/dia-do-enfermeiro\/","og_locale":"pt_BR","og_type":"article","og_title":"Dia do Enfermeiro e Dia da Enfermagem: destaque-se na \u00e1rea!","og_description":"12 de maio \u00e9 Dia do Enfermeiro e Dia da Enfermagem! Veja mais sobre a data e saiba como desenvolver uma carreira de destaque na \u00e1rea!","og_url":"https:\/\/faculdade.grancursosonline.com.br\/blog\/dia-do-enfermeiro\/","og_site_name":"Blog Gran Faculdade","article_publisher":"https:\/\/www.facebook.com\/grancursosonline\/","article_published_time":"2025-05-08T14:49:47+00:00","article_modified_time":"2025-05-08T14:49:49+00:00","og_image":[{"width":511,"height":311,"url":"https:\/\/blog-es-static.infra.grancursosonline.com.br\/wp-content\/uploads\/2023\/05\/07170421\/dia-do-enfermeiro-social.jpg","type":"image\/jpeg"}],"author":"Equipe Gran","twitter_card":"summary_large_image","twitter_creator":"@gran_online","twitter_site":"@gran_online","twitter_misc":{"Written by":"Equipe Gran","Est. reading time":"8 minutos"},"schema":{"@context":"https:\/\/schema.org","@graph":[{"@type":"NewsArticle","@id":"https:\/\/faculdade.grancursosonline.com.br\/blog\/dia-do-enfermeiro\/#article","isPartOf":{"@id":"https:\/\/faculdade.grancursosonline.com.br\/blog\/dia-do-enfermeiro\/"},"author":{"name":"Equipe Gran","@id":"https:\/\/faculdade.grancursosonline.com.br\/blog\/#\/schema\/person\/c05f350f8ea43a7138aaffc6a87bc5e0"},"headline":"Dia do Enfermeiro e Dia da Enfermagem: destaque-se na \u00e1rea!","datePublished":"2025-05-08T14:49:47+00:00","dateModified":"2025-05-08T14:49:49+00:00","mainEntityOfPage":{"@id":"https:\/\/faculdade.grancursosonline.com.br\/blog\/dia-do-enfermeiro\/"},"wordCount":987,"commentCount":0,"publisher":{"@id":"https:\/\/faculdade.grancursosonline.com.br\/blog\/#organization"},"image":{"@id":"https:\/\/faculdade.grancursosonline.com.br\/blog\/dia-do-enfermeiro\/#primaryimage"},"thumbnailUrl":"https:\/\/blog-es-static.infra.grancursosonline.com.br\/wp-content\/uploads\/2023\/05\/07170415\/dia-do-enfermeiro-1.jpg","articleSection":["P\u00f3s-Gradua\u00e7\u00e3o Gran Faculdade","\u00daltimas Not\u00edcias"],"inLanguage":"pt-BR","potentialAction":[{"@type":"CommentAction","name":"Comment","target":["https:\/\/faculdade.grancursosonline.com.br\/blog\/dia-do-enfermeiro\/#respond"]}],"copyrightYear":"2025","copyrightHolder":{"@id":"https:\/\/faculdade.grancursosonline.com.br\/blog\/#organization"}},{"@type":"WebPage","@id":"https:\/\/faculdade.grancursosonline.com.br\/blog\/dia-do-enfermeiro\/","url":"https:\/\/faculdade.grancursosonline.com.br\/blog\/dia-do-enfermeiro\/","name":"Dia do Enfermeiro e Dia da Enfermagem: destaque-se na \u00e1rea!","isPartOf":{"@id":"https:\/\/faculdade.grancursosonline.com.br\/blog\/#website"},"primaryImageOfPage":{"@id":"https:\/\/faculdade.grancursosonline.com.br\/blog\/dia-do-enfermeiro\/#primaryimage"},"image":{"@id":"https:\/\/faculdade.grancursosonline.com.br\/blog\/dia-do-enfermeiro\/#primaryimage"},"thumbnailUrl":"https:\/\/blog-es-static.infra.grancursosonline.com.br\/wp-content\/uploads\/2023\/05\/07170415\/dia-do-enfermeiro-1.jpg","datePublished":"2025-05-08T14:49:47+00:00","dateModified":"2025-05-08T14:49:49+00:00","description":"12 de maio \u00e9 Dia do Enfermeiro e Dia da Enfermagem! Veja mais sobre a data e saiba como desenvolver uma carreira de destaque na \u00e1rea!","breadcrumb":{"@id":"https:\/\/faculdade.grancursosonline.com.br\/blog\/dia-do-enfermeiro\/#breadcrumb"},"inLanguage":"pt-BR","potentialAction":[{"@type":"ReadAction","target":["https:\/\/faculdade.grancursosonline.com.br\/blog\/dia-do-enfermeiro\/"]}]},{"@type":"ImageObject","inLanguage":"pt-BR","@id":"https:\/\/faculdade.grancursosonline.com.br\/blog\/dia-do-enfermeiro\/#primaryimage","url":"https:\/\/blog-es-static.infra.grancursosonline.com.br\/wp-content\/uploads\/2023\/05\/07170415\/dia-do-enfermeiro-1.jpg","contentUrl":"https:\/\/blog-es-static.infra.grancursosonline.com.br\/wp-content\/uploads\/2023\/05\/07170415\/dia-do-enfermeiro-1.jpg","width":1001,"height":601,"caption":"Dia do Enfermeiro e Dia da Enfermagem"},{"@type":"BreadcrumbList","@id":"https:\/\/faculdade.grancursosonline.com.br\/blog\/dia-do-enfermeiro\/#breadcrumb","itemListElement":[{"@type":"ListItem","position":1,"name":"In\u00edcio","item":"https:\/\/faculdade.grancursosonline.com.br\/blog\/"},{"@type":"ListItem","position":2,"name":"P\u00f3s-Gradua\u00e7\u00e3o Gran Faculdade","item":"https:\/\/faculdade.grancursosonline.com.br\/blog\/pos-graduacao\/"},{"@type":"ListItem","position":3,"name":"Dia do Enfermeiro e Dia da Enfermagem: destaque-se na \u00e1rea!"}]},{"@type":"WebSite","@id":"https:\/\/faculdade.grancursosonline.com.br\/blog\/#website","url":"https:\/\/faculdade.grancursosonline.com.br\/blog\/","name":"Blog Gran Faculdade","description":"Tudo sobre ensino superior, p\u00f3s-gradua\u00e7\u00e3o, enem e carreira.","publisher":{"@id":"https:\/\/faculdade.grancursosonline.com.br\/blog\/#organization"},"potentialAction":[{"@type":"SearchAction","target":{"@type":"EntryPoint","urlTemplate":"https:\/\/faculdade.grancursosonline.com.br\/blog\/?s={search_term_string}"},"query-input":{"@type":"PropertyValueSpecification","valueRequired":true,"valueName":"search_term_string"}}],"inLanguage":"pt-BR"},{"@type":"Organization","@id":"https:\/\/faculdade.grancursosonline.com.br\/blog\/#organization","name":"Gran Cursos Online","url":"https:\/\/faculdade.grancursosonline.com.br\/blog\/","logo":{"@type":"ImageObject","inLanguage":"pt-BR","@id":"https:\/\/faculdade.grancursosonline.com.br\/blog\/#\/schema\/logo\/image\/","url":"https:\/\/blog-es-static.infra.grancursosonline.com.br\/wp-content\/uploads\/2019\/08\/03123934\/logo.png","contentUrl":"https:\/\/blog-es-static.infra.grancursosonline.com.br\/wp-content\/uploads\/2019\/08\/03123934\/logo.png","width":300,"height":57,"caption":"Gran Cursos Online"},"image":{"@id":"https:\/\/faculdade.grancursosonline.com.br\/blog\/#\/schema\/logo\/image\/"},"sameAs":["https:\/\/www.facebook.com\/grancursosonline\/","https:\/\/x.com\/gran_online","https:\/\/www.instagram.com\/grancursosonline\/","https:\/\/www.youtube.com\/user\/grancursostv"]},{"@type":"Person","@id":"https:\/\/faculdade.grancursosonline.com.br\/blog\/#\/schema\/person\/c05f350f8ea43a7138aaffc6a87bc5e0","name":"Equipe Gran","sameAs":["http:\/\/www.grancursosonline.com.br"],"url":"https:\/\/faculdade.grancursosonline.com.br\/blog\/author\/hugo-oliveira\/"}]}},"_links":{"self":[{"href":"https:\/\/faculdade.grancursosonline.com.br\/blog\/wp-json\/wp\/v2\/posts\/79611060","targetHints":{"allow":["GET"]}}],"collection":[{"href":"https:\/\/faculdade.grancursosonline.com.br\/blog\/wp-json\/wp\/v2\/posts"}],"about":[{"href":"https:\/\/faculdade.grancursosonline.com.br\/blog\/wp-json\/wp\/v2\/types\/post"}],"author":[{"embeddable":true,"href":"https:\/\/faculdade.grancursosonline.com.br\/blog\/wp-json\/wp\/v2\/users\/486"}],"replies":[{"embeddable":true,"href":"https:\/\/faculdade.grancursosonline.com.br\/blog\/wp-json\/wp\/v2\/comments?post=79611060"}],"version-history":[{"count":2,"href":"https:\/\/faculdade.grancursosonline.com.br\/blog\/wp-json\/wp\/v2\/posts\/79611060\/revisions"}],"predecessor-version":[{"id":79753827,"href":"https:\/\/faculdade.grancursosonline.com.br\/blog\/wp-json\/wp\/v2\/posts\/79611060\/revisions\/79753827"}],"wp:featuredmedia":[{"embeddable":true,"href":"https:\/\/faculdade.grancursosonline.com.br\/blog\/wp-json\/wp\/v2\/media\/79753807"}],"wp:attachment":[{"href":"https:\/\/faculdade.grancursosonline.com.br\/blog\/wp-json\/wp\/v2\/media?parent=79611060"}],"wp:term":[{"taxonomy":"category","embeddable":true,"href":"https:\/\/faculdade.grancursosonline.com.br\/blog\/wp-json\/wp\/v2\/categories?post=79611060"},{"taxonomy":"post_tag","embeddable":true,"href":"https:\/\/faculdade.grancursosonline.com.br\/blog\/wp-json\/wp\/v2\/tags?post=79611060"}],"curies":[{"name":"wp","href":"https:\/\/api.w.org\/{rel}","templated":true}]}}