{"id":79612978,"date":"2025-05-15T10:27:29","date_gmt":"2025-05-15T13:27:29","guid":{"rendered":"https:\/\/blog.grancursosonline.com.br\/?p=79612978"},"modified":"2025-05-15T10:38:41","modified_gmt":"2025-05-15T13:38:41","slug":"dia-do-pedagogo","status":"publish","type":"post","link":"https:\/\/faculdade.grancursosonline.com.br\/blog\/dia-do-pedagogo\/","title":{"rendered":"20 de maio \u00e9 dia do Pedagogo: veja como fazer sua carreira!"},"content":{"rendered":"\n<p>20 de maio \u00e9 Dia do Pedagogo, e vale a pena conhecermos mais sobre a data e essa carreira. Sabemos que a Educa\u00e7\u00e3o \u00e9 capaz de mudar vidas, permitindo a conquista de objetivos acad\u00eamicos, profissionais e pessoais, al\u00e9m de contribuir para toda a sociedade. <\/p>\n\n\n\n<p>Al\u00e9m de atuar em salas de aula, o pedagogo tamb\u00e9m desenvolve projetos, acompanha o desempenho escolar e prop\u00f5e melhorias. Sua atua\u00e7\u00e3o pode ocorrer em escolas, empresas, ONGs, hospitais e outras institui\u00e7\u00f5es educativas. Isso mostra como a Pedagogia \u00e9 uma \u00e1rea ampla e cheia de possibilidades.<\/p>\n\n\n\n<p>No dia 20 de maio, celebramos aqueles que se dedicam a essa miss\u00e3o com tanto compromisso e carinho. Parab\u00e9ns a todos os(as) pedagogos(as), que fazem da educa\u00e7\u00e3o um caminho de transforma\u00e7\u00e3o e esperan\u00e7a. Seu trabalho faz toda a diferen\u00e7a!<\/p>\n\n\n\n<div class=\"wp-block-columns is-layout-flex wp-container-core-columns-is-layout-9d6595d7 wp-block-columns-is-layout-flex\">\n<div class=\"wp-block-column is-layout-flow wp-block-column-is-layout-flow\" style=\"flex-basis:100%\"><div class=\"wp-block-image\">\n<figure class=\"aligncenter size-full\"><a href=\"https:\/\/whatsapp.com\/channel\/0029VaG1sChI7Be7PNndhL43\" target=\"_blank\" rel=\"noopener\"><img decoding=\"async\" src=\"https:\/\/blog-es-static.infra.grancursosonline.com.br\/wp-content\/uploads\/2025\/09\/09112354\/banner-wp-600x142-80.webp\" alt=\"Acesse o canal do WhatsApp da Gran Faculdade\" class=\"wp-image-79751904\"\/><\/a><\/figure>\n<\/div><\/div>\n<\/div>\n\n\n\n<p>Ent\u00e3o, vamos l\u00e1! Se preferir, navegue pelo \u00edndice abaixo:<\/p>\n\n\n\n<ul class=\"wp-block-list\">\n<li><a href=\"#por-que\">Por que dia 20 de maio \u00e9 Dia do Pedagogo?<\/a><\/li>\n\n\n\n<li><a href=\"#feliz\">Feliz Dia do Pedagogo!<\/a><\/li>\n\n\n\n<li><a href=\"#coordenador\">Dia do Pedagogo e Dia do Coordenador Pedag\u00f3gico \u00e9 a mesma coisa?<\/a><\/li>\n\n\n\n<li><a href=\"#papel\">Qual \u00e9 o papel principal de um pedagogo?<\/a><\/li>\n\n\n\n<li><a href=\"#concursos\">Dia Nacional do Pedagogo: como s\u00e3o os concursos da \u00e1rea?<\/a><\/li>\n\n\n\n<li><a href=\"#oportunidades\">Dia Nacional do Pedagogo: fique por dentro das oportunidades!<\/a><\/li>\n<\/ul>\n\n\n\n<h2 class=\"wp-block-heading\" id=\"por-que\">Por que dia 20 de maio \u00e9 Dia do Pedagogo?<\/h2>\n\n\n\n<p>Desde 2015, institu\u00eddo pela Lei 13.083, \u00e9 celebrado em 20 de maio o Dia do Pedagogo. A data busca melhorar a distribui\u00e7\u00e3o de responsabilidades de fam\u00edlia e escola na educa\u00e7\u00e3o e desenvolvimento de crian\u00e7as e jovens.<\/p>\n\n\n\n<p><strong>O Dia Nacional do Pedagogo \u00e9 uma data para homenagear profissionais da \u00e1rea e promover debates, a\u00e7\u00f5es, projetos e incentivar pol\u00edticas p\u00fablicas que contribuam para a melhoria da educa\u00e7\u00e3o b\u00e1sica e o desenvolvimento infanto-juvenil. <\/strong><\/p>\n\n\n\n<p>A Pedagogia \u00e9 a \u00e1rea da Educa\u00e7\u00e3o respons\u00e1vel pelo planejamento, execu\u00e7\u00e3o e coordena\u00e7\u00e3o de a\u00e7\u00f5es educativas, l\u00fadicas e pedag\u00f3gicas que visam o desenvolvimento.&nbsp;<\/p>\n\n\n\n<p>Profissionais da Pedagogia podem atuar com a parte de gest\u00e3o escolar, processos de <a href=\"https:\/\/blog.grancursosonline.com.br\/alfabetizacao-letramento\/\" target=\"_blank\" rel=\"noreferrer noopener\">alfabetiza\u00e7\u00e3o e letramento<\/a>, ensino e aprendizagem para diferentes ambientes e pessoas de idades diversas.<\/p>\n\n\n\n<p>Al\u00e9m disso, quem conclui o curso de licenciatura em Pedagogia pode dar aula para a educa\u00e7\u00e3o b\u00e1sica nas disciplinas de matem\u00e1tica, l\u00edngua portuguesa, hist\u00f3ria, geografia, ci\u00eancias e artes. Ou ainda buscar outras carreiras em projetos pedag\u00f3gicos nas esferas p\u00fablica e privada.<\/p>\n\n\n\n<h2 class=\"wp-block-heading\" id=\"feliz\">Feliz Dia do Pedagogo!<\/h2>\n\n\n\n<p>Na Gran Faculdade, contamos com diversos alunos no curso de Pedagogia e essa \u00e9 uma carreira que nos orgulha muito. <\/p>\n\n\n\n<p>Por isso, convidamos a <a href=\"https:\/\/blog.grancursosonline.com.br\/stella-silva-coordenadora\/\" target=\"_blank\" rel=\"noreferrer noopener\">professora Stella Rocha<\/a> da Gran Faculdade para deixar uma mensagem de Feliz Dia do Pedagogo para todos e todas que exercem ou sonham em exercer essa carreira:<\/p>\n\n\n\n<p><em>Em comemora\u00e7\u00e3o ao Dia Nacional da Pedagogia, busco inspira\u00e7\u00e3o em nosso patrono da educa\u00e7\u00e3o brasileira, Paulo Freire (1921-1997). O pedagogo ou a pedagoga \u00e9 o profissional que, de forma coletiva, busca construir uma sociedade mais justa, humana a partir dos princ\u00edpios da inclus\u00e3o, da diversidade, dos saberes do educando e em defesa de uma educa\u00e7\u00e3o libertadora e cr\u00edtica. <\/em><\/p>\n\n\n\n<p><em>Nosso patrono lembraria ainda dos desafios postos diariamente para a educa\u00e7\u00e3o brasileira e citaria v\u00e1rios deles. Suas palavras finais trariam a amorosidade e a esperan\u00e7a em um futuro melhor. E, na defesa da sua utopia pedag\u00f3gica, parabenizo todos os pedagogos(as) e futuros(as) pedagogos (as).<\/em><\/p>\n\n\n\n<h2 class=\"wp-block-heading\" id=\"coordenador\">Dia do Pedagogo e Dia do Coordenador Pedag\u00f3gico: \u00e9 a mesma coisa?<\/h2>\n\n\n\n<p>N\u00e3o, o Dia do Pedagogo \u00e9 comemorado no dia 20 de maio e homenageia todas as pessoas formadas em Pedagogia (ou que exercem a profiss\u00e3o). <\/p>\n\n\n\n<p>Por outro lado, no dia 22 de agosto \u00e9 celebrado o Dia do Coordenador Pedag\u00f3gico, especificamente para homenagear pessoas que atuam nesse cargo.&nbsp;Em s\u00edntese, Coordenador Pedag\u00f3gico \u00e9 a pessoa que faz a ponte entre a gest\u00e3o escolar e os professores.<\/p>\n\n\n\n<h2 class=\"wp-block-heading\" id=\"papel\">Qual \u00e9 o papel principal de um pedagogo?<\/h2>\n\n\n\n<p>O papel do pedagogo(a) \u00e9 estruturar, acompanhar, desenvolver a\u00e7\u00f5es e projetos visando \u00e0 melhoria do processo educativo, podendo atuar em diversos espa\u00e7os.<\/p>\n\n\n\n<p>Entre os poss\u00edveis caminhos profissionais, est\u00e3o:<\/p>\n\n\n\n<ul class=\"wp-block-list\">\n<li>Lecionar na Educa\u00e7\u00e3o Infantil, nos anos iniciais do Ensino Fundamental e nas disciplinas pedag\u00f3gicas do Ensino M\u00e9dio;<\/li>\n\n\n\n<li>Apoiar a inclus\u00e3o nas modalidades de Educa\u00e7\u00e3o Especial, Ind\u00edgena e Quilombola;<\/li>\n\n\n\n<li>Atuar em Educa\u00e7\u00e3o Profissional e Educa\u00e7\u00e3o \u00e0 Dist\u00e2ncia;<\/li>\n\n\n\n<li>Produzir material did\u00e1tico e curadoria de projeto;<\/li>\n\n\n\n<li>Atuar na gest\u00e3o escolar e em espa\u00e7os n\u00e3o formais de ensino, como institui\u00e7\u00f5es do terceiro setor, empresas, museus e brinquedotecas;<\/li>\n\n\n\n<li>Prestar servi\u00e7os de assessoria de projetos educacionais e de forma\u00e7\u00e3o continuada.<\/li>\n<\/ul>\n\n\n\n<p>Vale a pena ressaltar que \u00e9 poss\u00edvel encontrar curso de Pedagogia como bacharelado ou licenciatura, ambas s\u00e3o forma\u00e7\u00f5es que duram 4 anos. Mas, a principal diferen\u00e7a \u00e9 que a licenciatura forma educadores e habilita que os licenciados em Pedagogia possam dar aula para a educa\u00e7\u00e3o b\u00e1sica.<\/p>\n\n\n\n<p>Por outro lado, o bacharelado forma profissionais para a parte administrativa e de gest\u00e3o escolar.<\/p>\n\n\n\n<h2 class=\"wp-block-heading\" id=\"concursos\">Dia Nacional do Pedagogo: como s\u00e3o os concursos da \u00e1rea?<\/h2>\n\n\n\n<p>Se o seu sonho \u00e9 se tornar um pedagogo que atua no \u00e2mbito p\u00fablico, \u00e9 importante conhecer um pouco mais sobre as sele\u00e7\u00f5es da \u00e1rea!<\/p>\n\n\n\n<p>Os concursos para o cargo de pedagogo costumam apresentar 3 etapas:<\/p>\n\n\n\n<ul class=\"wp-block-list\">\n<li><strong>Provas objetivas:<\/strong> itens de certo\/errado ou m\u00faltipla escolha que abordam os diferentes temas do conte\u00fado program\u00e1tico.<\/li>\n\n\n\n<li><strong>Provas discursivas: <\/strong>costumam trazer alguma quest\u00e3o da profiss\u00e3o\/conhecimentos espec\u00edficos para avalia\u00e7\u00e3o cr\u00edtica e argumenta\u00e7\u00e3o do candidato.<\/li>\n\n\n\n<li><strong>Avalia\u00e7\u00e3o de T\u00edtulos:<\/strong> podem levar em considera\u00e7\u00e3o p\u00f3s-gradua\u00e7\u00f5es, artigos e outras conquistas acad\u00eamicas e profissionais para a cess\u00e3o de pontua\u00e7\u00e3o adicional.<\/li>\n<\/ul>\n\n\n\n<p>N\u00e3o \u00e9 uma regra, mas ao prestar muitos concursos para a \u00e1rea da educa\u00e7\u00e3o, \u00e9 poss\u00edvel perceber que as bancas Quadrix e Cebraspe t\u00eam se destacado nos \u00faltimos tempos para a organiza\u00e7\u00e3o de sele\u00e7\u00f5es desse tipo. Logo, \u00e9 importante ficar ligado ao perfil delas.<\/p>\n\n\n\n<h3 class=\"wp-block-heading\">Conte\u00fados mais cobrados em concursos de pedagogo<\/h3>\n\n\n\n<p>A base de conte\u00fados para ser aprovado na \u00e1rea, costuma englobar:<\/p>\n\n\n\n<ul class=\"wp-block-list\">\n<li>Tend\u00eancias, Avalia\u00e7\u00e3o e Planejamento Did\u00e1tico.<\/li>\n\n\n\n<li>Estatuto da Crian\u00e7a e do Adolescente (ECA).<\/li>\n\n\n\n<li>Aspectos Filos\u00f3ficos e Sociol\u00f3gicos da Educa\u00e7\u00e3o.<\/li>\n\n\n\n<li>LDB (Leis de Diretrizes e Bases da Educa\u00e7\u00e3o) e Plano Nacional de Educa\u00e7\u00e3o.<\/li>\n\n\n\n<li>Projeto Pol\u00edtico Pedag\u00f3gico.<\/li>\n\n\n\n<li>Pareceres e Resolu\u00e7\u00f5es do Minist\u00e9rio da Educa\u00e7\u00e3o, especialmente no que diz respeito \u00e0 regulamenta\u00e7\u00e3o do ensino.<\/li>\n<\/ul>\n\n\n\n<p class=\"has-text-align-left\"><strong>Saiba mais sobre <a href=\"https:\/\/blog.grancursosonline.com.br\/concursos-na-area-da-educacao-como-se-preparar\/\" target=\"_blank\" rel=\"noopener\">como se preparar para concursos da carreira de educa\u00e7\u00e3o\/pedagogia!&nbsp;<\/a><\/strong><\/p>\n\n\n\n<div class=\"wp-block-group has-background\" style=\"background-color:#8dd2fc7a\"><div class=\"wp-block-group__inner-container is-layout-constrained wp-block-group-is-layout-constrained\">\n<p><strong>Outras not\u00edcias em destaque:<\/strong><\/p>\n\n\n\n<ul class=\"wp-block-list\">\n<li><a href=\"https:\/\/blog.grancursosonline.com.br\/carreira-na-educacao\/\" target=\"_blank\" rel=\"noopener\">Carreira da Educa\u00e7\u00e3o: como se destacar e por onde come\u00e7ar?<\/a><\/li>\n\n\n\n<li><a href=\"https:\/\/blog.grancursosonline.com.br\/concursos-educacao-carreira\/\" target=\"_blank\" rel=\"noopener\">Concursos Educa\u00e7\u00e3o: veja mais detalhes sobre a carreira!<\/a><\/li>\n\n\n\n<li><a href=\"https:\/\/blog.grancursosonline.com.br\/pedagogo\/\" target=\"_blank\" rel=\"noopener\">O que faz um pedagogo?<\/a><\/li>\n<\/ul>\n<\/div><\/div>\n\n\n\n<div class=\"wp-block-group\"><div class=\"wp-block-group__inner-container is-layout-constrained wp-block-group-is-layout-constrained\">\n<section style=\"text-align: center;\">\n<p>Quer ficar por dentro da Faculdade Digital mais inovadora do Brasil?<\/p>\n<nav>\n<p class=\"has-background has-dark-bluish-background-color\" style=\"font-size: 25px; text-align: center; background: #f0f0f0; color: #ffffff; padding: 4px 0px 4xp 0px;\"><a style=\"color: #0d134c; text-decoration: underline;\" href=\"https:\/\/faculdade.grancursosonline.com.br\/\" target=\"_blank\" rel=\"noopener\">GRADUA\u00c7\u00c3O<\/a><\/p>\n<p class=\"has-background has-dark-bluish-background-color\" style=\"font-size: 25px; text-align: center; background: #f0f0f0; color: #ffffff; padding: 4px 0px 4xp 0px;\"><a style=\"color: #0d134c; text-decoration: underline;\" href=\"https:\/\/pos.grancursosonline.com.br\/\" target=\"_blank\" rel=\"noopener\">P\u00d3S-GRADUA\u00c7\u00c3O<\/a><\/p>\n<p class=\"has-background has-dark-bluish-background-color\" style=\"font-size: 25px; text-align: center; background: #f0f0f0; color: #ffffff; padding: 4px 0px 4xp 0px;\"><a style=\"color: #0d134c; text-decoration: underline;\" href=\"https:\/\/faculdade.grancursosonline.com.br\/nossos-cursos\/\" target=\"_blank\" rel=\"noopener\">TUDO SOBRE A GRAN FACULDADE<\/a><\/p>\n<\/nav>\n<p><strong>Receba <span style=\"color: #cf1e25;\">gratuitamente<\/span> no seu celular as principais not\u00edcias sobre a Gran Faculdade! <br \/>Clique no link abaixo e inscreva-se:<\/strong><\/p>\n<p class=\"has-background has-dark-bluish-background-color\" style=\"font-size: 25px; text-align: center; background: #f0f0f0; color: #ffffff; padding: 4px 0px 4xp 0px;\"><a style=\"color: #0d134c; text-decoration: underline;\" href=\"https:\/\/whatsapp.com\/channel\/0029VaG1sChI7Be7PNndhL43\" target=\"_blank\" rel=\"noopener noreferrer\">WHATSAPP<\/a><\/p>\n<p class=\"has-background has-dark-bluish-background-color\" style=\"font-size: 25px; text-align: center; background: #f0f0f0; color: #ffffff; padding: 4px 0px 4xp 0px;\"><a style=\"color: #0d134c; text-decoration: underline;\" href=\"https:\/\/t.me\/GranFaculdade\" target=\"_blank\" rel=\"noopener noreferrer\">TELEGRAM<\/a><\/p>\n<\/section>\n<\/div><\/div>\n","protected":false},"excerpt":{"rendered":"<p>20 de maio \u00e9 Dia do Pedagogo, e vale a pena conhecermos mais sobre a data e essa carreira. Sabemos que a Educa\u00e7\u00e3o \u00e9 capaz de mudar vidas, permitindo a conquista de objetivos acad\u00eamicos, profissionais e pessoais, al\u00e9m de contribuir para toda a sociedade. Al\u00e9m de atuar em salas de aula, o pedagogo tamb\u00e9m desenvolve&hellip;<\/p>\n","protected":false},"author":514,"featured_media":79754066,"comment_status":"open","ping_status":"open","sticky":false,"template":"","format":"standard","meta":{"_acf_changed":false,"content-type":"","footnotes":""},"categories":[219790,218545,2],"tags":[],"class_list":["post-79612978","post","type-post","status-publish","format-standard","has-post-thumbnail","hentry","category-graduacao-ead","category-graduacao","category-ultimas-noticias"],"acf":[],"yoast_head":"<!-- This site is optimized with the Yoast SEO Premium plugin v27.2 (Yoast SEO v27.2) - https:\/\/yoast.com\/product\/yoast-seo-premium-wordpress\/ -->\n<title>20 de maio \u00e9 dia do Pedagogo: veja como fazer sua carreira!<\/title>\n<meta name=\"description\" content=\"Comemore o 20 de maio, Dia do Pedagogo: veja oportunidades para sua carreira na Educa\u00e7\u00e3o e confira mensagens para essa data!\" \/>\n<meta name=\"robots\" content=\"index, follow, max-snippet:-1, max-image-preview:large, max-video-preview:-1\" \/>\n<link rel=\"canonical\" href=\"https:\/\/faculdade.grancursosonline.com.br\/blog\/dia-do-pedagogo\/\" \/>\n<meta property=\"og:locale\" content=\"pt_BR\" \/>\n<meta property=\"og:type\" content=\"article\" \/>\n<meta property=\"og:title\" content=\"20 de maio \u00e9 dia do Pedagogo: veja como fazer sua carreira!\" \/>\n<meta property=\"og:description\" content=\"Comemore o 20 de maio, Dia do Pedagogo: veja oportunidades para sua carreira na Educa\u00e7\u00e3o e confira mensagens para essa data!\" \/>\n<meta property=\"og:url\" content=\"https:\/\/faculdade.grancursosonline.com.br\/blog\/dia-do-pedagogo\/\" \/>\n<meta property=\"og:site_name\" content=\"Blog Gran Faculdade\" \/>\n<meta property=\"article:publisher\" content=\"https:\/\/www.facebook.com\/grancursosonline\/\" \/>\n<meta property=\"article:published_time\" content=\"2025-05-15T13:27:29+00:00\" \/>\n<meta property=\"article:modified_time\" content=\"2025-05-15T13:38:41+00:00\" \/>\n<meta property=\"og:image\" content=\"https:\/\/blog-es-static.infra.grancursosonline.com.br\/wp-content\/uploads\/2024\/05\/15101119\/dia-do-pedagogo.jpg\" \/>\n\t<meta property=\"og:image:width\" content=\"510\" \/>\n\t<meta property=\"og:image:height\" content=\"310\" \/>\n\t<meta property=\"og:image:type\" content=\"image\/jpeg\" \/>\n<meta name=\"author\" content=\"Guilherme Henrique\" \/>\n<meta name=\"twitter:card\" content=\"summary_large_image\" \/>\n<meta name=\"twitter:creator\" content=\"@gran_online\" \/>\n<meta name=\"twitter:site\" content=\"@gran_online\" \/>\n<meta name=\"twitter:label1\" content=\"Written by\" \/>\n\t<meta name=\"twitter:data1\" content=\"Guilherme Henrique\" \/>\n\t<meta name=\"twitter:label2\" content=\"Est. reading time\" \/>\n\t<meta name=\"twitter:data2\" content=\"7 minutos\" \/>\n<script type=\"application\/ld+json\" class=\"yoast-schema-graph\">{\"@context\":\"https:\/\/schema.org\",\"@graph\":[{\"@type\":\"NewsArticle\",\"@id\":\"https:\/\/faculdade.grancursosonline.com.br\/blog\/dia-do-pedagogo\/#article\",\"isPartOf\":{\"@id\":\"https:\/\/faculdade.grancursosonline.com.br\/blog\/dia-do-pedagogo\/\"},\"author\":{\"name\":\"Guilherme Henrique\",\"@id\":\"https:\/\/faculdade.grancursosonline.com.br\/blog\/#\/schema\/person\/9745f9b6db8976613c1f439dbcfe717d\"},\"headline\":\"20 de maio \u00e9 dia do Pedagogo: veja como fazer sua carreira!\",\"datePublished\":\"2025-05-15T13:27:29+00:00\",\"dateModified\":\"2025-05-15T13:38:41+00:00\",\"mainEntityOfPage\":{\"@id\":\"https:\/\/faculdade.grancursosonline.com.br\/blog\/dia-do-pedagogo\/\"},\"wordCount\":1137,\"commentCount\":0,\"publisher\":{\"@id\":\"https:\/\/faculdade.grancursosonline.com.br\/blog\/#organization\"},\"image\":{\"@id\":\"https:\/\/faculdade.grancursosonline.com.br\/blog\/dia-do-pedagogo\/#primaryimage\"},\"thumbnailUrl\":\"https:\/\/blog-es-static.infra.grancursosonline.com.br\/wp-content\/uploads\/2024\/05\/15101039\/dia-do-pedagogo-2.jpg\",\"articleSection\":[\"Gradua\u00e7\u00e3o EAD\",\"Gradua\u00e7\u00e3o Gran Faculdade\",\"\u00daltimas Not\u00edcias\"],\"inLanguage\":\"pt-BR\",\"potentialAction\":[{\"@type\":\"CommentAction\",\"name\":\"Comment\",\"target\":[\"https:\/\/faculdade.grancursosonline.com.br\/blog\/dia-do-pedagogo\/#respond\"]}],\"copyrightYear\":\"2025\",\"copyrightHolder\":{\"@id\":\"https:\/\/faculdade.grancursosonline.com.br\/blog\/#organization\"}},{\"@type\":\"WebPage\",\"@id\":\"https:\/\/faculdade.grancursosonline.com.br\/blog\/dia-do-pedagogo\/\",\"url\":\"https:\/\/faculdade.grancursosonline.com.br\/blog\/dia-do-pedagogo\/\",\"name\":\"20 de maio \u00e9 dia do Pedagogo: veja como fazer sua carreira!\",\"isPartOf\":{\"@id\":\"https:\/\/faculdade.grancursosonline.com.br\/blog\/#website\"},\"primaryImageOfPage\":{\"@id\":\"https:\/\/faculdade.grancursosonline.com.br\/blog\/dia-do-pedagogo\/#primaryimage\"},\"image\":{\"@id\":\"https:\/\/faculdade.grancursosonline.com.br\/blog\/dia-do-pedagogo\/#primaryimage\"},\"thumbnailUrl\":\"https:\/\/blog-es-static.infra.grancursosonline.com.br\/wp-content\/uploads\/2024\/05\/15101039\/dia-do-pedagogo-2.jpg\",\"datePublished\":\"2025-05-15T13:27:29+00:00\",\"dateModified\":\"2025-05-15T13:38:41+00:00\",\"description\":\"Comemore o 20 de maio, Dia do Pedagogo: veja oportunidades para sua carreira na Educa\u00e7\u00e3o e confira mensagens para essa data!\",\"breadcrumb\":{\"@id\":\"https:\/\/faculdade.grancursosonline.com.br\/blog\/dia-do-pedagogo\/#breadcrumb\"},\"inLanguage\":\"pt-BR\",\"potentialAction\":[{\"@type\":\"ReadAction\",\"target\":[\"https:\/\/faculdade.grancursosonline.com.br\/blog\/dia-do-pedagogo\/\"]}]},{\"@type\":\"ImageObject\",\"inLanguage\":\"pt-BR\",\"@id\":\"https:\/\/faculdade.grancursosonline.com.br\/blog\/dia-do-pedagogo\/#primaryimage\",\"url\":\"https:\/\/blog-es-static.infra.grancursosonline.com.br\/wp-content\/uploads\/2024\/05\/15101039\/dia-do-pedagogo-2.jpg\",\"contentUrl\":\"https:\/\/blog-es-static.infra.grancursosonline.com.br\/wp-content\/uploads\/2024\/05\/15101039\/dia-do-pedagogo-2.jpg\",\"width\":1000,\"height\":600,\"caption\":\"20 de maio \u00e9 dia do Pedagogo: veja como fazer sua carreira\"},{\"@type\":\"BreadcrumbList\",\"@id\":\"https:\/\/faculdade.grancursosonline.com.br\/blog\/dia-do-pedagogo\/#breadcrumb\",\"itemListElement\":[{\"@type\":\"ListItem\",\"position\":1,\"name\":\"In\u00edcio\",\"item\":\"https:\/\/faculdade.grancursosonline.com.br\/blog\/\"},{\"@type\":\"ListItem\",\"position\":2,\"name\":\"Gradua\u00e7\u00e3o Gran Faculdade\",\"item\":\"https:\/\/faculdade.grancursosonline.com.br\/blog\/graduacao\/\"},{\"@type\":\"ListItem\",\"position\":3,\"name\":\"Gradua\u00e7\u00e3o EAD\",\"item\":\"https:\/\/faculdade.grancursosonline.com.br\/blog\/graduacao\/graduacao-ead\/\"},{\"@type\":\"ListItem\",\"position\":4,\"name\":\"20 de maio \u00e9 dia do Pedagogo: veja como fazer sua carreira!\"}]},{\"@type\":\"WebSite\",\"@id\":\"https:\/\/faculdade.grancursosonline.com.br\/blog\/#website\",\"url\":\"https:\/\/faculdade.grancursosonline.com.br\/blog\/\",\"name\":\"Blog Gran Faculdade\",\"description\":\"Tudo sobre ensino superior, p\u00f3s-gradua\u00e7\u00e3o, enem e carreira.\",\"publisher\":{\"@id\":\"https:\/\/faculdade.grancursosonline.com.br\/blog\/#organization\"},\"potentialAction\":[{\"@type\":\"SearchAction\",\"target\":{\"@type\":\"EntryPoint\",\"urlTemplate\":\"https:\/\/faculdade.grancursosonline.com.br\/blog\/?s={search_term_string}\"},\"query-input\":{\"@type\":\"PropertyValueSpecification\",\"valueRequired\":true,\"valueName\":\"search_term_string\"}}],\"inLanguage\":\"pt-BR\"},{\"@type\":\"Organization\",\"@id\":\"https:\/\/faculdade.grancursosonline.com.br\/blog\/#organization\",\"name\":\"Gran Cursos Online\",\"url\":\"https:\/\/faculdade.grancursosonline.com.br\/blog\/\",\"logo\":{\"@type\":\"ImageObject\",\"inLanguage\":\"pt-BR\",\"@id\":\"https:\/\/faculdade.grancursosonline.com.br\/blog\/#\/schema\/logo\/image\/\",\"url\":\"https:\/\/blog-es-static.infra.grancursosonline.com.br\/wp-content\/uploads\/2019\/08\/03123934\/logo.png\",\"contentUrl\":\"https:\/\/blog-es-static.infra.grancursosonline.com.br\/wp-content\/uploads\/2019\/08\/03123934\/logo.png\",\"width\":300,\"height\":57,\"caption\":\"Gran Cursos Online\"},\"image\":{\"@id\":\"https:\/\/faculdade.grancursosonline.com.br\/blog\/#\/schema\/logo\/image\/\"},\"sameAs\":[\"https:\/\/www.facebook.com\/grancursosonline\/\",\"https:\/\/x.com\/gran_online\",\"https:\/\/www.instagram.com\/grancursosonline\/\",\"https:\/\/www.youtube.com\/user\/grancursostv\"]},{\"@type\":\"Person\",\"@id\":\"https:\/\/faculdade.grancursosonline.com.br\/blog\/#\/schema\/person\/9745f9b6db8976613c1f439dbcfe717d\",\"name\":\"Guilherme Henrique\",\"url\":\"https:\/\/faculdade.grancursosonline.com.br\/blog\/author\/guilherme-lourenco\/\"}]}<\/script>\n<!-- \/ Yoast SEO Premium plugin. -->","yoast_head_json":{"title":"20 de maio \u00e9 dia do Pedagogo: veja como fazer sua carreira!","description":"Comemore o 20 de maio, Dia do Pedagogo: veja oportunidades para sua carreira na Educa\u00e7\u00e3o e confira mensagens para essa data!","robots":{"index":"index","follow":"follow","max-snippet":"max-snippet:-1","max-image-preview":"max-image-preview:large","max-video-preview":"max-video-preview:-1"},"canonical":"https:\/\/faculdade.grancursosonline.com.br\/blog\/dia-do-pedagogo\/","og_locale":"pt_BR","og_type":"article","og_title":"20 de maio \u00e9 dia do Pedagogo: veja como fazer sua carreira!","og_description":"Comemore o 20 de maio, Dia do Pedagogo: veja oportunidades para sua carreira na Educa\u00e7\u00e3o e confira mensagens para essa data!","og_url":"https:\/\/faculdade.grancursosonline.com.br\/blog\/dia-do-pedagogo\/","og_site_name":"Blog Gran Faculdade","article_publisher":"https:\/\/www.facebook.com\/grancursosonline\/","article_published_time":"2025-05-15T13:27:29+00:00","article_modified_time":"2025-05-15T13:38:41+00:00","og_image":[{"width":510,"height":310,"url":"https:\/\/blog-es-static.infra.grancursosonline.com.br\/wp-content\/uploads\/2024\/05\/15101119\/dia-do-pedagogo.jpg","type":"image\/jpeg"}],"author":"Guilherme Henrique","twitter_card":"summary_large_image","twitter_creator":"@gran_online","twitter_site":"@gran_online","twitter_misc":{"Written by":"Guilherme Henrique","Est. reading time":"7 minutos"},"schema":{"@context":"https:\/\/schema.org","@graph":[{"@type":"NewsArticle","@id":"https:\/\/faculdade.grancursosonline.com.br\/blog\/dia-do-pedagogo\/#article","isPartOf":{"@id":"https:\/\/faculdade.grancursosonline.com.br\/blog\/dia-do-pedagogo\/"},"author":{"name":"Guilherme Henrique","@id":"https:\/\/faculdade.grancursosonline.com.br\/blog\/#\/schema\/person\/9745f9b6db8976613c1f439dbcfe717d"},"headline":"20 de maio \u00e9 dia do Pedagogo: veja como fazer sua carreira!","datePublished":"2025-05-15T13:27:29+00:00","dateModified":"2025-05-15T13:38:41+00:00","mainEntityOfPage":{"@id":"https:\/\/faculdade.grancursosonline.com.br\/blog\/dia-do-pedagogo\/"},"wordCount":1137,"commentCount":0,"publisher":{"@id":"https:\/\/faculdade.grancursosonline.com.br\/blog\/#organization"},"image":{"@id":"https:\/\/faculdade.grancursosonline.com.br\/blog\/dia-do-pedagogo\/#primaryimage"},"thumbnailUrl":"https:\/\/blog-es-static.infra.grancursosonline.com.br\/wp-content\/uploads\/2024\/05\/15101039\/dia-do-pedagogo-2.jpg","articleSection":["Gradua\u00e7\u00e3o EAD","Gradua\u00e7\u00e3o Gran Faculdade","\u00daltimas Not\u00edcias"],"inLanguage":"pt-BR","potentialAction":[{"@type":"CommentAction","name":"Comment","target":["https:\/\/faculdade.grancursosonline.com.br\/blog\/dia-do-pedagogo\/#respond"]}],"copyrightYear":"2025","copyrightHolder":{"@id":"https:\/\/faculdade.grancursosonline.com.br\/blog\/#organization"}},{"@type":"WebPage","@id":"https:\/\/faculdade.grancursosonline.com.br\/blog\/dia-do-pedagogo\/","url":"https:\/\/faculdade.grancursosonline.com.br\/blog\/dia-do-pedagogo\/","name":"20 de maio \u00e9 dia do Pedagogo: veja como fazer sua carreira!","isPartOf":{"@id":"https:\/\/faculdade.grancursosonline.com.br\/blog\/#website"},"primaryImageOfPage":{"@id":"https:\/\/faculdade.grancursosonline.com.br\/blog\/dia-do-pedagogo\/#primaryimage"},"image":{"@id":"https:\/\/faculdade.grancursosonline.com.br\/blog\/dia-do-pedagogo\/#primaryimage"},"thumbnailUrl":"https:\/\/blog-es-static.infra.grancursosonline.com.br\/wp-content\/uploads\/2024\/05\/15101039\/dia-do-pedagogo-2.jpg","datePublished":"2025-05-15T13:27:29+00:00","dateModified":"2025-05-15T13:38:41+00:00","description":"Comemore o 20 de maio, Dia do Pedagogo: veja oportunidades para sua carreira na Educa\u00e7\u00e3o e confira mensagens para essa data!","breadcrumb":{"@id":"https:\/\/faculdade.grancursosonline.com.br\/blog\/dia-do-pedagogo\/#breadcrumb"},"inLanguage":"pt-BR","potentialAction":[{"@type":"ReadAction","target":["https:\/\/faculdade.grancursosonline.com.br\/blog\/dia-do-pedagogo\/"]}]},{"@type":"ImageObject","inLanguage":"pt-BR","@id":"https:\/\/faculdade.grancursosonline.com.br\/blog\/dia-do-pedagogo\/#primaryimage","url":"https:\/\/blog-es-static.infra.grancursosonline.com.br\/wp-content\/uploads\/2024\/05\/15101039\/dia-do-pedagogo-2.jpg","contentUrl":"https:\/\/blog-es-static.infra.grancursosonline.com.br\/wp-content\/uploads\/2024\/05\/15101039\/dia-do-pedagogo-2.jpg","width":1000,"height":600,"caption":"20 de maio \u00e9 dia do Pedagogo: veja como fazer sua carreira"},{"@type":"BreadcrumbList","@id":"https:\/\/faculdade.grancursosonline.com.br\/blog\/dia-do-pedagogo\/#breadcrumb","itemListElement":[{"@type":"ListItem","position":1,"name":"In\u00edcio","item":"https:\/\/faculdade.grancursosonline.com.br\/blog\/"},{"@type":"ListItem","position":2,"name":"Gradua\u00e7\u00e3o Gran Faculdade","item":"https:\/\/faculdade.grancursosonline.com.br\/blog\/graduacao\/"},{"@type":"ListItem","position":3,"name":"Gradua\u00e7\u00e3o EAD","item":"https:\/\/faculdade.grancursosonline.com.br\/blog\/graduacao\/graduacao-ead\/"},{"@type":"ListItem","position":4,"name":"20 de maio \u00e9 dia do Pedagogo: veja como fazer sua carreira!"}]},{"@type":"WebSite","@id":"https:\/\/faculdade.grancursosonline.com.br\/blog\/#website","url":"https:\/\/faculdade.grancursosonline.com.br\/blog\/","name":"Blog Gran Faculdade","description":"Tudo sobre ensino superior, p\u00f3s-gradua\u00e7\u00e3o, enem e carreira.","publisher":{"@id":"https:\/\/faculdade.grancursosonline.com.br\/blog\/#organization"},"potentialAction":[{"@type":"SearchAction","target":{"@type":"EntryPoint","urlTemplate":"https:\/\/faculdade.grancursosonline.com.br\/blog\/?s={search_term_string}"},"query-input":{"@type":"PropertyValueSpecification","valueRequired":true,"valueName":"search_term_string"}}],"inLanguage":"pt-BR"},{"@type":"Organization","@id":"https:\/\/faculdade.grancursosonline.com.br\/blog\/#organization","name":"Gran Cursos Online","url":"https:\/\/faculdade.grancursosonline.com.br\/blog\/","logo":{"@type":"ImageObject","inLanguage":"pt-BR","@id":"https:\/\/faculdade.grancursosonline.com.br\/blog\/#\/schema\/logo\/image\/","url":"https:\/\/blog-es-static.infra.grancursosonline.com.br\/wp-content\/uploads\/2019\/08\/03123934\/logo.png","contentUrl":"https:\/\/blog-es-static.infra.grancursosonline.com.br\/wp-content\/uploads\/2019\/08\/03123934\/logo.png","width":300,"height":57,"caption":"Gran Cursos Online"},"image":{"@id":"https:\/\/faculdade.grancursosonline.com.br\/blog\/#\/schema\/logo\/image\/"},"sameAs":["https:\/\/www.facebook.com\/grancursosonline\/","https:\/\/x.com\/gran_online","https:\/\/www.instagram.com\/grancursosonline\/","https:\/\/www.youtube.com\/user\/grancursostv"]},{"@type":"Person","@id":"https:\/\/faculdade.grancursosonline.com.br\/blog\/#\/schema\/person\/9745f9b6db8976613c1f439dbcfe717d","name":"Guilherme Henrique","url":"https:\/\/faculdade.grancursosonline.com.br\/blog\/author\/guilherme-lourenco\/"}]}},"_links":{"self":[{"href":"https:\/\/faculdade.grancursosonline.com.br\/blog\/wp-json\/wp\/v2\/posts\/79612978","targetHints":{"allow":["GET"]}}],"collection":[{"href":"https:\/\/faculdade.grancursosonline.com.br\/blog\/wp-json\/wp\/v2\/posts"}],"about":[{"href":"https:\/\/faculdade.grancursosonline.com.br\/blog\/wp-json\/wp\/v2\/types\/post"}],"author":[{"embeddable":true,"href":"https:\/\/faculdade.grancursosonline.com.br\/blog\/wp-json\/wp\/v2\/users\/514"}],"replies":[{"embeddable":true,"href":"https:\/\/faculdade.grancursosonline.com.br\/blog\/wp-json\/wp\/v2\/comments?post=79612978"}],"version-history":[{"count":8,"href":"https:\/\/faculdade.grancursosonline.com.br\/blog\/wp-json\/wp\/v2\/posts\/79612978\/revisions"}],"predecessor-version":[{"id":79754071,"href":"https:\/\/faculdade.grancursosonline.com.br\/blog\/wp-json\/wp\/v2\/posts\/79612978\/revisions\/79754071"}],"wp:featuredmedia":[{"embeddable":true,"href":"https:\/\/faculdade.grancursosonline.com.br\/blog\/wp-json\/wp\/v2\/media\/79754066"}],"wp:attachment":[{"href":"https:\/\/faculdade.grancursosonline.com.br\/blog\/wp-json\/wp\/v2\/media?parent=79612978"}],"wp:term":[{"taxonomy":"category","embeddable":true,"href":"https:\/\/faculdade.grancursosonline.com.br\/blog\/wp-json\/wp\/v2\/categories?post=79612978"},{"taxonomy":"post_tag","embeddable":true,"href":"https:\/\/faculdade.grancursosonline.com.br\/blog\/wp-json\/wp\/v2\/tags?post=79612978"}],"curies":[{"name":"wp","href":"https:\/\/api.w.org\/{rel}","templated":true}]}}