{"id":79619527,"date":"2026-01-08T17:20:23","date_gmt":"2026-01-08T20:20:23","guid":{"rendered":"https:\/\/blog.grancursosonline.com.br\/?p=79619527"},"modified":"2026-01-08T17:50:43","modified_gmt":"2026-01-08T20:50:43","slug":"edital-prouni","status":"publish","type":"post","link":"https:\/\/faculdade.grancursosonline.com.br\/blog\/edital-prouni\/","title":{"rendered":"Prouni 2026: edital publicado! Confira datas e como participar"},"content":{"rendered":"\n<p>O edital Prouni 2026 foi publicado nesta tarde pelo <a href=\"https:\/\/blog.grancursosonline.com.br\/mec-ministerio-educacao\/\" target=\"_blank\" rel=\"noopener\">Minist\u00e9rio da Educa\u00e7\u00e3o (MEC)<\/a>. O edital \u00e9 o documento oficial com todas as informa\u00e7\u00f5es sobre a atual edi\u00e7\u00e3o do Programa Universidade para Todos.<\/p>\n\n\n\n<p>Confira todos os detalhes divulgados at\u00e9 agora, entenda como funciona o programa e como fazer <a href=\"https:\/\/blog.grancursosonline.com.br\/inscricao-prouni\/\" target=\"_blank\" rel=\"noopener\">inscri\u00e7\u00e3o Prouni<\/a>.<\/p>\n\n\n\n<p>Se preferir, navegue pelo \u00edndice abaixo:<\/p>\n\n\n\n<ul class=\"wp-block-list\">\n<li><a href=\"#significa\">O que significa Prouni?<\/a><\/li>\n\n\n\n<li><a href=\"#o-que\">O que \u00e9 o Prouni?<\/a><\/li>\n\n\n\n<li><a href=\"#como-funciona\">Como funciona e quem pode participar do Prouni?<\/a><\/li>\n\n\n\n<li><a href=\"#quem-criou\">Quem criou o Prouni?<\/a><\/li>\n\n\n\n<li><a href=\"#edital-2025\">Edital Prouni 2026<\/a><\/li>\n\n\n\n<li><a href=\"#anos-anteriores\">Posso usar nota do Enem de anos anteriores no Prouni?<\/a><\/li>\n\n\n\n<li><a href=\"#quando-abre\">Inscri\u00e7\u00e3o Prouni 2026: quando abre?<\/a><\/li>\n\n\n\n<li><a href=\"#calendario\">Calend\u00e1rio Prouni 2026<\/a><\/li>\n\n\n\n<li><a href=\"#como-se-inscrever\">Como se inscrever no Prouni?<\/a><\/li>\n\n\n\n<li><a href=\"#classificacao\">Como ver a classifica\u00e7\u00e3o no Prouni?<\/a><\/li>\n\n\n\n<li><a href=\"#resultado\">Resultado Prouni 2026<\/a><\/li>\n\n\n\n<li><a href=\"#documentacao\">Documenta\u00e7\u00e3o Prouni<\/a><\/li>\n\n\n\n<li><a href=\"#aceita\">Como saber se minha documenta\u00e7\u00e3o foi aceita pelo Prouni?<\/a><\/li>\n\n\n\n<li><a href=\"#gran\">Matricule-se na Gran Faculdade com o Prouni<\/a><\/li>\n<\/ul>\n\n\n\n<div class=\"wp-block-columns is-layout-flex wp-container-core-columns-is-layout-9d6595d7 wp-block-columns-is-layout-flex\">\n<div class=\"wp-block-column is-layout-flow wp-block-column-is-layout-flow\" style=\"flex-basis:100%\"><div class=\"wp-block-image\">\n<figure class=\"aligncenter size-full\"><a href=\"https:\/\/whatsapp.com\/channel\/0029VaG1sChI7Be7PNndhL43\" target=\"_blank\" rel=\"noopener\"><img decoding=\"async\" src=\"https:\/\/blog-es-static.infra.grancursosonline.com.br\/wp-content\/uploads\/2025\/09\/09112354\/banner-wp-600x142-80.webp\" alt=\"Acesse o canal do WhatsApp da Gran Faculdade\" class=\"wp-image-79751904\"\/><\/a><\/figure>\n<\/div><\/div>\n<\/div>\n\n\n\n<h2 class=\"wp-block-heading\" id=\"h-tem-duvidas-de-como-o-prouni-2024-funciona\">Tem d\u00favidas sobre como funciona o Prouni?<\/h2>\n\n\n\n<p>Preparamos um <strong>Guia b\u00e1sico sobre o Prouni<\/strong> com as respostas para as principais d\u00favidas sobre o programa.<\/p>\n\n\n\n<p>Neste e-book, n\u00f3s falamos sobre como o Prouni surgiu, como funcionam as bolsas, o c\u00e1lculo de renda per capita e muito mais!<\/p>\n\n\n\n<p>Fa\u00e7a o <strong>download gratuito<\/strong> do e-book Guia B\u00e1sico sobre o Prouni preenchendo o formul\u00e1rio abaixo:<\/p>\n\n\n<p><script charset=\"utf-8\" type=\"text\/javascript\" src=\"\/\/js.hsforms.net\/forms\/embed\/v2.js\"><\/script> <script>\n  hbspt.forms.create({\n    region: \"na1\",\n    portalId: \"302036\",\n    formId: \"ab231718-8bb6-498f-a994-aeb510d61d90\"\n  });\n<\/script><\/p>\n\n\n<h2 class=\"wp-block-heading\" id=\"significa\">O que significa Prouni?<\/h2>\n\n\n\n<p><strong>Prouni <\/strong>\u00e9 o acr\u00f4nimo* do <strong>Pro<\/strong>grama <strong>Uni<\/strong>versidade para Todos.<\/p>\n\n\n\n<p>*Acr\u00f4nimo \u00e9 o nome dado \u00e0 sigla que forma uma palavra com uma ou mais letras de cada palavra a ser abreviada, diferentemente de quando precisamos falar cada letra de uma sigla, como em <a href=\"https:\/\/blog.grancursosonline.com.br\/concurso-ibge\/\" target=\"_blank\" rel=\"noopener\">IBGE<\/a>.<\/p>\n\n\n\n<h2 class=\"wp-block-heading\" id=\"o-que\">O que \u00e9 o Prouni? <\/h2>\n\n\n\n<p>Em s\u00edntese, o <a href=\"https:\/\/blog.grancursosonline.com.br\/prouni\/\" target=\"_blank\" rel=\"noopener\">Programa Universidade para Todos (Prouni)<\/a> \u00e9 um programa federal desenvolvido pelo Minist\u00e9rio da Educa\u00e7\u00e3o (MEC) que oferta bolsas de estudo parciais (50%) ou integrais (100%) para estudantes que querem cursar o ensino superior em institui\u00e7\u00f5es privadas e se enquadram nos crit\u00e9rios de renda.<\/p>\n\n\n\n<h2 class=\"wp-block-heading\" id=\"como-funciona\">Como funciona e quem pode participar do Prouni 2026?<\/h2>\n\n\n<div class=\"wp-block-image\">\n<figure class=\"aligncenter size-full\"><img loading=\"lazy\" decoding=\"async\" width=\"650\" height=\"366\" src=\"https:\/\/blog-static.infra.grancursosonline.com.br\/wp-content\/uploads\/2024\/03\/27204707\/edital-prouni.webp\" alt=\"edital prouni\" class=\"wp-image-79712917\"\/><\/figure>\n<\/div>\n\n\n<p>Al\u00e9m de precisar ter renda familiar bruta de at\u00e9 3 sal\u00e1rios m\u00ednimos por pessoa, a sele\u00e7\u00e3o e classifica\u00e7\u00e3o ocorre por meio da nota das edi\u00e7\u00f5es mais recentes do <a href=\"https:\/\/blog.grancursosonline.com.br\/enem-exame-nacional-do-ensino-medio\/\" target=\"_blank\" rel=\"noopener\">Exame Nacional do Ensino M\u00e9dio (Enem)<\/a>, com base nos seguintes crit\u00e9rios:<\/p>\n\n\n\n<ul class=\"wp-block-list\">\n<li>No m\u00ednimo 450 pontos de m\u00e9dia nas cinco provas do Exame;<\/li>\n\n\n\n<li>Nota maior que zero na prova de <a href=\"https:\/\/blog.grancursosonline.com.br\/tema-redacao-enem\/\">reda\u00e7\u00e3o do Enem<\/a>;<\/li>\n\n\n\n<li>N\u00e3o ter participado do exame na condi\u00e7\u00e3o de treineiro (comumente feito por pessoas que ainda n\u00e3o conclu\u00edram o exame e querem apenas praticar a prova, mas n\u00e3o podem utilizar seu resultado).<\/li>\n<\/ul>\n\n\n\n<p>Outros requisitos do Prouni incluem quest\u00f5es relacionadas \u00e0 forma\u00e7\u00e3o durante o ensino m\u00e9dio (em escolas p\u00fablicas e\/ou particulares) e especificidades para professores da rede p\u00fablica de ensino que desejem cursar licenciatura.&nbsp;<\/p>\n\n\n\n<p>Para vagas afirmativas, \u00e9 preciso validar as informa\u00e7\u00f5es prestadas, com autodeclara\u00e7\u00e3o para pessoas pretas, pardas e ind\u00edgenas, e laudo m\u00e9dico para Pessoas com Defici\u00eancia.<\/p>\n\n\n\n<h2 class=\"wp-block-heading\" id=\"h-como-comprovar-renda-no-prouni\">Como comprovar renda no Prouni?<\/h2>\n\n\n\n<p>Podem se candidatar no programa, estudantes com renda familiar bruta de at\u00e9 3 sal\u00e1rios m\u00ednimos por pessoa.&nbsp;<\/p>\n\n\n\n<p>Ou seja, ao somar a renda bruta de todas as pessoas&nbsp; e dividir pelo valor total de pessoas que residem na mesma casa, voc\u00ea deve dividir esse valor pelo sal\u00e1rio-m\u00ednimo vigente.&nbsp;<\/p>\n\n\n\n<p>Por exemplo, Jo\u00e3o mora com dois irm\u00e3os menores de idade, a m\u00e3e e o pai, para calcular far\u00edamos a seguinte conta:<\/p>\n\n\n\n<p>Renda bruta da m\u00e3e + renda bruta do pai\/5 (total de pessoas na resid\u00eancia) = X e X\/1.412 (sal\u00e1rio-m\u00ednimo vigente desde janeiro de 2024)<\/p>\n\n\n\n<p>Caso o resultado seja de at\u00e9 1,5, Jo\u00e3o seria eleg\u00edvel \u00e0 bolsa integral (100%) e, caso fique entre 1,5 e 3,0, \u00e0 bolsa parcial de 50%.<\/p>\n\n\n\n<h2 class=\"wp-block-heading\" id=\"quem-criou\">Quem criou o Prouni?<\/h2>\n\n\n\n<p>O projeto que deu in\u00edcio ao <a href=\"https:\/\/blog.grancursosonline.com.br\/prouni\/\" target=\"_blank\" rel=\"noopener\">Prouni<\/a> foi lan\u00e7ado em 2004, durante o mandato do presidente Luiz In\u00e1cio Lula da Silva. O Projeto de Lei 3.582\/2004 foi o pioneiro, e no ano seguinte, foi formalizado pela Lei 11.096\/2005, datada de 13 de janeiro de 2005. <\/p>\n\n\n\n<p>Posteriormente, o programa foi regulamentado pelo Decreto n. 5.493, de 18 de julho de 2005 e teve a primeira edi\u00e7\u00e3o naquele mesmo ano.<\/p>\n\n\n\n<h2 class=\"wp-block-heading\" id=\"edital-2025\">Edital Prouni 2026<\/h2>\n\n\n\n<p>O <a href=\"https:\/\/blog-es-static.infra.grancursosonline.com.br\/wp-content\/uploads\/2026\/01\/08172951\/edital-prouni-2026.pdf\" target=\"_blank\" rel=\"noopener\">edital Prouni 2026<\/a> do primeiro semestre foi divulgado. Por meio dele \u00e9 poss\u00edvel confirmar as principais datas, processos e documenta\u00e7\u00f5es relacionadas ao programa e como conseguir uma bolsa de estudos.<\/p>\n\n\n\n<h2 class=\"wp-block-heading\" id=\"anos-anteriores\">Posso usar nota do Enem de anos anteriores no Prouni?<\/h2>\n\n\n\n<p>Sim! As <a href=\"https:\/\/blog.grancursosonline.com.br\/nota-enem\/\" target=\"_blank\" rel=\"noopener\">notas do Enem<\/a> de 2024 ou de 2025 podem ser pr\u00e9-requisitos para a inscri\u00e7\u00e3o Prouni 2026 e tamb\u00e9m para o preenchimento das vagas ofertadas por institui\u00e7\u00f5es credenciadas e vinculadas ao programa em todo o pa\u00eds. Edi\u00e7\u00f5es anteriores do <a href=\"https:\/\/blog.grancursosonline.com.br\/enem-exame-nacional-do-ensino-medio\/\" target=\"_blank\" rel=\"noopener\">Enem<\/a> n\u00e3o previstas no edital Prouni 2026 n\u00e3o podem ser utilizadas.<\/p>\n\n\n\n<h2 class=\"wp-block-heading\" id=\"quando-abre\">Inscri\u00e7\u00e3o Prouni 2026: quando abre?<\/h2>\n\n\n\n<p><strong>De acordo com o edital do Prouni divulgado pelo MEC hoje, as inscri\u00e7\u00f5es para o Prouni v\u00e3o acontecer no per\u00edodo de 26 de janeiro de 2026 at\u00e9 as 23 horas e 59 minutos de 29 de janeiro de 2026.<\/strong><\/p>\n\n\n\n<h2 class=\"wp-block-heading\" id=\"calendario\">Calend\u00e1rio Prouni 2026<\/h2>\n\n\n\n<p>O cronograma Prouni 2026 do primeiro semestre foi divulgado. As etapas que voc\u00ea precisa se atentar s\u00e3o:<\/p>\n\n\n\n<ul class=\"wp-block-list\">\n<li><strong>Per\u00edodo de Inscri\u00e7\u00f5es<\/strong>: 26 a 29 de janeiro de 2026;<\/li>\n\n\n\n<li><strong>Resultado 1\u00aa chamada<\/strong>: 3 de fevereiro de 2026;<\/li>\n\n\n\n<li><strong>Resultado 2\u00aa chamada<\/strong>: 2 de mar\u00e7o de 2026;<\/li>\n\n\n\n<li><strong>Manifesta\u00e7\u00e3o de Interesse na Lista de Espera: <\/strong>25 a 26 de mar\u00e7o de 2026;<\/li>\n\n\n\n<li><strong>Resultado Lista de Espera:<\/strong> 31 de mar\u00e7o de 2026.<\/li>\n<\/ul>\n\n\n\n<h2 class=\"wp-block-heading\" id=\"como-se-inscrever\">Como se inscrever no Prouni?<\/h2>\n\n\n\n<p>Para fazer a sua inscri\u00e7\u00e3o, acesse o <a href=\"https:\/\/blog.grancursosonline.com.br\/site-prouni\/\" target=\"_blank\" rel=\"noopener\">site do Prouni<\/a> (por meio do <a href=\"https:\/\/blog.grancursosonline.com.br\/portal-unico-acesso-ensino-superior\/\" target=\"_blank\" rel=\"noopener\">Portal \u00danico de Acesso ao Ensino Superior<\/a>) e siga o passo a passo:<\/p>\n\n\n\n<ul class=\"wp-block-list\">\n<li>Fa\u00e7a o login\/cadastro na sua conta (acessounico.mec.gov.br\/prouni) com CPF e senha;<\/li>\n\n\n\n<li>Preencha seus dados;<\/li>\n\n\n\n<li>Escolha suas <strong>duas<\/strong> op\u00e7\u00f5es de curso\/institui\u00e7\u00e3o e modalidade de concorr\u00eancia (ampla concorr\u00eancia ou cotas);<\/li>\n\n\n\n<li>Acompanhe sua inscri\u00e7\u00e3o e fa\u00e7a os ajustes enquanto o per\u00edodo de inscri\u00e7\u00f5es Prouni estiver aberto.&nbsp;&nbsp;&nbsp;&nbsp;<\/li>\n<\/ul>\n\n\n\n<p><strong>Aten\u00e7\u00e3o<\/strong>: o Portal \u00danico de Acesso ao Ensino Superior \u00e9 conectado ao gov.br. Caso n\u00e3o tenha acesso \u00e0 plataforma, ser\u00e1 necess\u00e1rio criar uma conta.<\/p>\n\n\n\n<h2 class=\"wp-block-heading\" id=\"classificacao\">Como ver a classifica\u00e7\u00e3o no Prouni 2026?<\/h2>\n\n\n\n<p>Tanto as inscri\u00e7\u00f5es quanto o <a href=\"https:\/\/blog.grancursosonline.com.br\/resultado-prouni\/\" target=\"_blank\" rel=\"noopener\">resultado do Prouni<\/a> 2026 poder\u00e3o ser consultadas no site do Prouni por meio do Portal de Acesso \u00danico (prouniportal.mec.gov.br). Portanto, os estudantes devem se atentar ao cronograma oficial e consultar frequentemente a plataforma.\u00a0<\/p>\n\n\n\n<p>Durante o per\u00edodo de inscri\u00e7\u00e3o, \u00e9 poss\u00edvel acompanhar seu desempenho em rela\u00e7\u00e3o \u00e0 nota de corte e trocar suas op\u00e7\u00f5es, caso ache necess\u00e1rio.&nbsp;<\/p>\n\n\n\n<p>No entanto, a nota de corte n\u00e3o \u00e9 atualizada em tempo real e muitos candidatos deixam a inscri\u00e7\u00e3o para a \u00faltima hora. Por isso, estar classificado no per\u00edodo de inscri\u00e7\u00f5es n\u00e3o quer dizer que sua vaga est\u00e1 garantida, \u00e9 preciso aguardar o resultado Prouni ser divulgado oficialmente.&nbsp;<\/p>\n\n\n\n<h2 class=\"wp-block-heading\" id=\"resultado\">Resultado Prouni 2026: quais as datas de divulga\u00e7\u00e3o?<\/h2>\n\n\n\n<p>O resultado Prouni 2026 do primeiro semestre deve ser divulgado no 3 de fevereiro de 2026.<\/p>\n\n\n\n<p>Vale destacar que o Minist\u00e9rio da Educa\u00e7\u00e3o n\u00e3o envia nenhum comunicado via e-mail, telefone ou qualquer outro meio de contato comunicando o resultado ou outras notifica\u00e7\u00f5es sobre o processo, nem faz cobran\u00e7a de nenhum valor para o programa. Portanto, cuidado com golpes!<\/p>\n\n\n\n<h2 class=\"wp-block-heading\" id=\"documentacao\">Documenta\u00e7\u00e3o Prouni: o que precisa?<\/h2>\n\n\n<div class=\"wp-block-image\">\n<figure class=\"aligncenter size-full\"><img loading=\"lazy\" decoding=\"async\" width=\"650\" height=\"366\" src=\"https:\/\/blog-static.infra.grancursosonline.com.br\/wp-content\/uploads\/2024\/03\/27205800\/prouni-edital.webp\" alt=\"prouni edital\" class=\"wp-image-79712920\"\/><\/figure>\n<\/div>\n\n\n<p>Seja para quem vai ser aprovado na chamada regular ou na lista de espera, se voc\u00ea quer se inscrever, precisa ver a documenta\u00e7\u00e3o do Prouni para ter certeza que poder\u00e1 usufruir da bolsa de estudos.&nbsp;<\/p>\n\n\n\n<p>Basicamente, a documenta\u00e7\u00e3o exigida consiste em vias originais e c\u00f3pias de documentos de identifica\u00e7\u00e3o, comprovante de resid\u00eancia e renda de todas as pessoas que residem com o(a) estudante.&nbsp;<\/p>\n\n\n\n<p>Por isso, vale a pena j\u00e1 ir levantando toda a documenta\u00e7\u00e3o poss\u00edvel para evitar perder o prazo de matr\u00edcula quando for chamado(a).&nbsp;<\/p>\n\n\n\n<p>Lembre-se que voc\u00ea dever\u00e1 enviar\/entregar a documenta\u00e7\u00e3o, de acordo com as orienta\u00e7\u00f5es da Institui\u00e7\u00e3o de Ensino Superior (IES). <\/p>\n\n\n\n<p>Confira exemplos de documentos Prouni nos t\u00f3picos a seguir.<\/p>\n\n\n\n<h3 class=\"wp-block-heading\" id=\"h-comprovante-de-conclusao-do-ensino-medio\">Comprovante de conclus\u00e3o do ensino m\u00e9dio<\/h3>\n\n\n\n<p>Para realizar matr\u00edcula no ensino superior, \u00e9 preciso apresentar certificado de conclus\u00e3o de ensino m\u00e9dio regular ou por meio do <a href=\"https:\/\/blog.grancursosonline.com.br\/encceja\/\" target=\"_blank\" rel=\"noopener\">Exame Nacional de Certifica\u00e7\u00e3o de Jovens e Adultos (Encceja)<\/a>.<\/p>\n\n\n\n<h3 class=\"wp-block-heading\" id=\"h-documentos-de-identificacao-com-foto-do-candidato-e-das-demais-pessoas-da-mesma-residencia\">Documentos de identifica\u00e7\u00e3o com foto do candidato e das demais pessoas da mesma resid\u00eancia<\/h3>\n\n\n\n<p>Podendo ser aceitos um dos seguintes documentos nesta categoria:<\/p>\n\n\n\n<ul class=\"wp-block-list\">\n<li>Carteira de Identidade emitida por \u00f3rg\u00e3os de seguran\u00e7a p\u00fablica das unidades da Federa\u00e7\u00e3o;<\/li>\n\n\n\n<li>Carteira Nacional de Habilita\u00e7\u00e3o, novo modelo, no prazo de validade;<\/li>\n\n\n\n<li>Carteira funcional emitida por reparti\u00e7\u00e3o p\u00fablica ou por \u00f3rg\u00e3os de classe de profissionais liberais, com f\u00e9 p\u00fablica reconhecida por decreto;<\/li>\n\n\n\n<li>Identidade militar, expedida pelas For\u00e7as Armadas ou for\u00e7as auxiliares para membros ou dependentes;<\/li>\n\n\n\n<li>Registro Nacional de Estrangeiros (RNE), quando for o caso;<\/li>\n\n\n\n<li>Passaporte emitido no Brasil;<\/li>\n\n\n\n<li>Carteira do Trabalho e Previd\u00eancia Social (CTPS).<\/li>\n<\/ul>\n\n\n\n<h3 class=\"wp-block-heading\" id=\"h-comprovante-de-residencia-nbsp\">Comprovante de resid\u00eancia&nbsp;<\/h3>\n\n\n\n<p>Sendo aceita uma das seguintes op\u00e7\u00f5es de comprovante de resid\u00eancia:<\/p>\n\n\n\n<ul class=\"wp-block-list\">\n<li>Contas de \u00e1gua, g\u00e1s, energia el\u00e9trica ou telefone (fixo ou m\u00f3vel);<\/li>\n\n\n\n<li>Contrato de aluguel em vigor, com firma do propriet\u00e1rio do im\u00f3vel reconhecida em cart\u00f3rio, acompanhado de um dos comprovantes de conta de \u00e1gua, g\u00e1s, energia el\u00e9trica ou telefone em nome do propriet\u00e1rio do im\u00f3vel;<\/li>\n\n\n\n<li>Declara\u00e7\u00e3o do propriet\u00e1rio do im\u00f3vel que confirme a resid\u00eancia, com firma reconhecida em cart\u00f3rio, acompanhada de um dos comprovantes de conta de \u00e1gua, g\u00e1s, energia el\u00e9trica ou telefone em nome do propriet\u00e1rio do im\u00f3vel;<\/li>\n\n\n\n<li>Declara\u00e7\u00e3o anual do Imposto de Renda Pessoa F\u00edsica (IRPF);<\/li>\n\n\n\n<li>Demonstrativo ou comunicado do Instituto Nacional do Seguro Social (INSS) ou da Receita Federal do Brasil (RFB);<\/li>\n\n\n\n<li>Contracheque emitido por \u00f3rg\u00e3o p\u00fablico;<\/li>\n\n\n\n<li>Boleto banc\u00e1rio de mensalidade escolar, de mensalidade de plano de sa\u00fade, de condom\u00ednio ou de financiamento habitacional;<\/li>\n\n\n\n<li>Fatura de cart\u00e3o de cr\u00e9dito;<\/li>\n\n\n\n<li>Extrato ou demonstrativo banc\u00e1rio de outras contas, correntes ou de poupan\u00e7a, bem como extrato ou demonstrativo banc\u00e1rio de empr\u00e9stimo ou aplica\u00e7\u00e3o financeira;<\/li>\n\n\n\n<li>Extrato do Fundo de Garantia do Tempo de Servi\u00e7o (FGTS);<\/li>\n\n\n\n<li>Guia ou carn\u00ea do Imposto Predial e Territorial Urbano (IPTU) ou do Imposto sobre a Propriedade de Ve\u00edculos Automotores (IPVA).<\/li>\n<\/ul>\n\n\n\n<h3 class=\"wp-block-heading\" id=\"h-comprovante-de-renda\">Comprovante de renda<\/h3>\n\n\n\n<p>A <a href=\"https:\/\/blog.grancursosonline.com.br\/documentos-prouni\/\" target=\"_blank\" rel=\"noopener\">documenta\u00e7\u00e3o Prouni<\/a> exige comprova\u00e7\u00e3o de renda aceitando diversas op\u00e7\u00f5es de documentos para 7 diferentes grupos de atividades:<\/p>\n\n\n\n<ul class=\"wp-block-list\">\n<li>Assalariados;<\/li>\n\n\n\n<li>Trabalhadores de atividade rural;<\/li>\n\n\n\n<li>Aposentados e pensionistas;<\/li>\n\n\n\n<li>Aut\u00f4nomos;<\/li>\n\n\n\n<li>Profissionais liberais;<\/li>\n\n\n\n<li>S\u00f3cios e dirigentes de empresas;<\/li>\n\n\n\n<li>Rendimentos de aluguel ou arrendamento de bens.<\/li>\n<\/ul>\n\n\n\n<p>Voc\u00ea pode consultar as op\u00e7\u00f5es de comprovantes no site do Prouni (prouniportal.mec.gov.br).<\/p>\n\n\n\n<h3 class=\"wp-block-heading\" id=\"h-outros-documentos-exigidos-eventualmente-pelo-prouni\">Outros documentos exigidos eventualmente pelo Prouni<\/h3>\n\n\n\n<p>Al\u00e9m disso, a documenta\u00e7\u00e3o Prouni pode solicitar documentos complementares e espec\u00edficos. Por exemplo:<\/p>\n\n\n\n<p>Pessoas com Defici\u00eancia devem entregar laudo m\u00e9dico que ateste a esp\u00e9cie e o grau da defici\u00eancia, nos termos do artigo 4\u00ba do Decreto n\u00ba 3.298, de 20 de dezembro de 1999, com expressa refer\u00eancia ao c\u00f3digo correspondente da Classifica\u00e7\u00e3o Internacional de Doen\u00e7a (CID).<\/p>\n\n\n\n<p>Caso um dos pais do estudante n\u00e3o more na mesma casa, ser\u00e1 preciso apresentar comprovante de separa\u00e7\u00e3o, div\u00f3rcio ou \u00f3bito. Caso n\u00e3o resida por outro dos motivos apresentados, ser\u00e1 preciso apresentar declara\u00e7\u00e3o, sob as penas da lei, de duas pessoas que atestem a situa\u00e7\u00e3o, a crit\u00e9rio do coordenador do Prouni.<\/p>\n\n\n\n<p>Professores da rede p\u00fablica de ensino, que desejam cursar licenciatura por meio do Prouni precisam apresentar comprovante de efetivo exerc\u00edcio do magist\u00e9rio na educa\u00e7\u00e3o b\u00e1sica p\u00fablica como integrante de quadro de pessoal permanente da institui\u00e7\u00e3o.<\/p>\n\n\n\n<h2 class=\"wp-block-heading\" id=\"aceita\">Edital Prouni 2026: como saber se minha documenta\u00e7\u00e3o foi aceita?<\/h2>\n\n\n\n<p>Ap\u00f3s a divulga\u00e7\u00e3o do <a href=\"https:\/\/faculdade.grancursosonline.com.br\/blog\/edital-prouni-2026\/\" target=\"_blank\" rel=\"noopener\">edital Prouni<\/a>, \u00e9 preciso fazer a matr\u00edcula na institui\u00e7\u00e3o de ensino e comprovar as informa\u00e7\u00f5es fornecidas no cadastro. Cada institui\u00e7\u00e3o possui sua pr\u00f3pria lista de documentos exigidos e avalia se aceita ou n\u00e3o o que foi entregue.\u00a0<\/p>\n\n\n\n<p>Nesse caso, \u00e9 preciso validar a documenta\u00e7\u00e3o do Prouni 2026 na pr\u00f3pria institui\u00e7\u00e3o de ensino, juntamente \u00e0 pessoa coordenadora do Prouni na institui\u00e7\u00e3o. Essa pessoa, pode ainda pedir outros documentos eventualmente, caso julgar necess\u00e1rio para comprovar as informa\u00e7\u00f5es prestadas pelo candidato, referentes ao pr\u00f3prio candidato ou a membros do grupo familiar.<\/p>\n\n\n\n<p>Al\u00e9m disso, no momento da matr\u00edcula, aproveite para perguntar como funciona a atualiza\u00e7\u00e3o regular (semestral) para a manuten\u00e7\u00e3o da bolsa de estudos ao longo de todo o curso naquela institui\u00e7\u00e3o.&nbsp;<\/p>\n\n\n\n<h2 class=\"wp-block-heading\" id=\"gran\">Matricule-se na Gran Faculdade com o Prouni<\/h2>\n\n\n\n<p>Que tal come\u00e7ar 2026 cursando a faculdade dos seus sonhos? Aqui na <a href=\"https:\/\/faculdade.grancursosonline.com.br\/\" target=\"_blank\" rel=\"noopener\">Gran Faculdade<\/a> estamos prontos para te receber!<\/p>\n\n\n\n<p>Nossos <a href=\"https:\/\/faculdade.grancursosonline.com.br\/nossos-cursos\/\" target=\"_blank\" rel=\"noopener\">cursos de Gradua\u00e7\u00e3o<\/a> foram reconhecidos com nota m\u00e1xima no <a href=\"https:\/\/blog.grancursosonline.com.br\/mec-ministerio-educacao\/\" target=\"_blank\" rel=\"noopener\">MEC<\/a>, pois possuem a qualidade Gran que voc\u00ea conhece! E o mais importante: <strong>voc\u00ea poder\u00e1 estudar com a gente atrav\u00e9s de uma bolsa 100% do Prouni<\/strong> ou com mensalidades que cabem no seu bolso!<\/p>\n\n\n\n<p>N\u00e3o perca tempo! Nossos cursos s\u00e3o de in\u00edcio imediato, confira as op\u00e7\u00f5es de gradua\u00e7\u00e3o EAD da Gran Faculdade:<\/p>\n\n\n\n<p class=\"has-text-align-center\"><strong><a href=\"https:\/\/faculdade.grancursosonline.com.br\/\" target=\"_blank\" rel=\"noopener\">Quero conhecer a Gran Faculdade<\/a><\/strong><\/p>\n\n\n\n<div class=\"wp-block-group has-background\" style=\"background-color:#8dd2fc7a\"><div class=\"wp-block-group__inner-container is-layout-constrained wp-block-group-is-layout-constrained\">\n<p><strong>Outras not\u00edcias em destaque:<\/strong><\/p>\n\n\n\n<ul class=\"wp-block-list\">\n<li><a href=\"https:\/\/faculdade.grancursosonline.com.br\/blog\/edital-prouni-2026\/\" target=\"_blank\" rel=\"noopener\">Prouni 2026: edital publicado! Confira o cronograma e mais informa\u00e7\u00f5es<\/a><\/li>\n\n\n\n<li><a href=\"https:\/\/blog.grancursosonline.com.br\/prouni\/\" target=\"_blank\" rel=\"noopener\">Prouni: saiba tudo sobre o Programa Universidade para Todos!<\/a><\/li>\n\n\n\n<li><a href=\"https:\/\/blog.grancursosonline.com.br\/enem-exame-nacional-do-ensino-medio\/\" target=\"_blank\" rel=\"noopener\">ENEM: o que \u00e9, para que serve e como funciona o Exame?<\/a><\/li>\n<\/ul>\n<\/div><\/div>\n\n\n\n<div class=\"wp-block-group\"><div class=\"wp-block-group__inner-container is-layout-constrained wp-block-group-is-layout-constrained\">\n<section style=\"text-align: center;\">\n<p>Quer ficar por dentro da Faculdade Digital mais inovadora do Brasil?<\/p>\n<nav>\n<p class=\"has-background has-dark-bluish-background-color\" style=\"font-size: 25px; text-align: center; background: #f0f0f0; color: #ffffff; padding: 4px 0px 4xp 0px;\"><a style=\"color: #0d134c; text-decoration: underline;\" href=\"https:\/\/faculdade.grancursosonline.com.br\/\" target=\"_blank\" rel=\"noopener\">GRADUA\u00c7\u00c3O<\/a><\/p>\n<p class=\"has-background has-dark-bluish-background-color\" style=\"font-size: 25px; text-align: center; background: #f0f0f0; color: #ffffff; padding: 4px 0px 4xp 0px;\"><a style=\"color: #0d134c; text-decoration: underline;\" href=\"https:\/\/pos.grancursosonline.com.br\/\" target=\"_blank\" rel=\"noopener\">P\u00d3S-GRADUA\u00c7\u00c3O<\/a><\/p>\n<p class=\"has-background has-dark-bluish-background-color\" style=\"font-size: 25px; text-align: center; background: #f0f0f0; color: #ffffff; padding: 4px 0px 4xp 0px;\"><a style=\"color: #0d134c; text-decoration: underline;\" href=\"https:\/\/faculdade.grancursosonline.com.br\/nossos-cursos\/\" target=\"_blank\" rel=\"noopener\">TUDO SOBRE A GRAN FACULDADE<\/a><\/p>\n<\/nav>\n<p><strong>Receba <span style=\"color: #cf1e25;\">gratuitamente<\/span> no seu celular as principais not\u00edcias sobre a Gran Faculdade! <br \/>Clique no link abaixo e inscreva-se:<\/strong><\/p>\n<p class=\"has-background has-dark-bluish-background-color\" style=\"font-size: 25px; text-align: center; background: #f0f0f0; color: #ffffff; padding: 4px 0px 4xp 0px;\"><a style=\"color: #0d134c; text-decoration: underline;\" href=\"https:\/\/whatsapp.com\/channel\/0029VaG1sChI7Be7PNndhL43\" target=\"_blank\" rel=\"noopener noreferrer\">WHATSAPP<\/a><\/p>\n<p class=\"has-background has-dark-bluish-background-color\" style=\"font-size: 25px; text-align: center; background: #f0f0f0; color: #ffffff; padding: 4px 0px 4xp 0px;\"><a style=\"color: #0d134c; text-decoration: underline;\" href=\"https:\/\/t.me\/GranFaculdade\" target=\"_blank\" rel=\"noopener noreferrer\">TELEGRAM<\/a><\/p>\n<\/section>\n<\/div><\/div>\n","protected":false},"excerpt":{"rendered":"<p>O edital Prouni 2026 foi publicado nesta tarde pelo Minist\u00e9rio da Educa\u00e7\u00e3o (MEC). O edital \u00e9 o documento oficial com todas as informa\u00e7\u00f5es sobre a atual edi\u00e7\u00e3o do Programa Universidade para Todos. Confira todos os detalhes divulgados at\u00e9 agora, entenda como funciona o programa e como fazer inscri\u00e7\u00e3o Prouni. Se preferir, navegue pelo \u00edndice abaixo:&hellip;<\/p>\n","protected":false},"author":513,"featured_media":79760403,"comment_status":"open","ping_status":"open","sticky":false,"template":"","format":"standard","meta":{"_acf_changed":false,"content-type":"","footnotes":""},"categories":[218668],"tags":[],"class_list":["post-79619527","post","type-post","status-publish","format-standard","has-post-thumbnail","hentry","category-prouni"],"acf":[],"yoast_head":"<!-- This site is optimized with the Yoast SEO Premium plugin v27.2 (Yoast SEO v27.2) - https:\/\/yoast.com\/product\/yoast-seo-premium-wordpress\/ -->\n<title>Prouni 2026: edital publicado! Confira datas e como participar<\/title>\n<meta name=\"description\" content=\"O edital Prouni foi divulgado, saiba tudo sobre o cronograma, inscri\u00e7\u00f5es, documentos e etapas para se preparar!\" \/>\n<meta name=\"robots\" content=\"index, follow, max-snippet:-1, max-image-preview:large, max-video-preview:-1\" \/>\n<link rel=\"canonical\" href=\"https:\/\/faculdade.grancursosonline.com.br\/blog\/edital-prouni\/\" \/>\n<meta property=\"og:locale\" content=\"pt_BR\" \/>\n<meta property=\"og:type\" content=\"article\" \/>\n<meta property=\"og:title\" content=\"Prouni 2026: edital publicado! Confira datas e como participar\" \/>\n<meta property=\"og:description\" content=\"O edital Prouni foi divulgado, saiba tudo sobre o cronograma, inscri\u00e7\u00f5es, documentos e etapas para se preparar!\" \/>\n<meta property=\"og:url\" content=\"https:\/\/faculdade.grancursosonline.com.br\/blog\/edital-prouni\/\" \/>\n<meta property=\"og:site_name\" content=\"Blog Gran Faculdade\" \/>\n<meta property=\"article:publisher\" content=\"https:\/\/www.facebook.com\/grancursosonline\/\" \/>\n<meta property=\"article:published_time\" content=\"2026-01-08T20:20:23+00:00\" \/>\n<meta property=\"article:modified_time\" content=\"2026-01-08T20:50:43+00:00\" \/>\n<meta property=\"og:image\" content=\"https:\/\/blog-es-static.infra.grancursosonline.com.br\/wp-content\/uploads\/2025\/06\/08171914\/edital_prouni.jpg\" \/>\n\t<meta property=\"og:image:width\" content=\"1001\" \/>\n\t<meta property=\"og:image:height\" content=\"601\" \/>\n\t<meta property=\"og:image:type\" content=\"image\/jpeg\" \/>\n<meta name=\"author\" content=\"Larissa de Fran\u00e7a\" \/>\n<meta name=\"twitter:card\" content=\"summary_large_image\" \/>\n<meta name=\"twitter:creator\" content=\"@gran_online\" \/>\n<meta name=\"twitter:site\" content=\"@gran_online\" \/>\n<meta name=\"twitter:label1\" content=\"Written by\" \/>\n\t<meta name=\"twitter:data1\" content=\"Larissa de Fran\u00e7a\" \/>\n\t<meta name=\"twitter:label2\" content=\"Est. reading time\" \/>\n\t<meta name=\"twitter:data2\" content=\"13 minutos\" \/>\n<script type=\"application\/ld+json\" class=\"yoast-schema-graph\">{\"@context\":\"https:\/\/schema.org\",\"@graph\":[{\"@type\":\"NewsArticle\",\"@id\":\"https:\/\/faculdade.grancursosonline.com.br\/blog\/edital-prouni\/#article\",\"isPartOf\":{\"@id\":\"https:\/\/faculdade.grancursosonline.com.br\/blog\/edital-prouni\/\"},\"author\":{\"name\":\"Larissa de Fran\u00e7a\",\"@id\":\"https:\/\/faculdade.grancursosonline.com.br\/blog\/#\/schema\/person\/e41590de43e91fa2adf3cf8b740a6a34\"},\"headline\":\"Prouni 2026: edital publicado! Confira datas e como participar\",\"datePublished\":\"2026-01-08T20:20:23+00:00\",\"dateModified\":\"2026-01-08T20:50:43+00:00\",\"mainEntityOfPage\":{\"@id\":\"https:\/\/faculdade.grancursosonline.com.br\/blog\/edital-prouni\/\"},\"wordCount\":2172,\"commentCount\":0,\"publisher\":{\"@id\":\"https:\/\/faculdade.grancursosonline.com.br\/blog\/#organization\"},\"image\":{\"@id\":\"https:\/\/faculdade.grancursosonline.com.br\/blog\/edital-prouni\/#primaryimage\"},\"thumbnailUrl\":\"https:\/\/blog-es-static.infra.grancursosonline.com.br\/wp-content\/uploads\/2025\/06\/08171914\/edital_prouni.jpg\",\"articleSection\":[\"PROUNI\"],\"inLanguage\":\"pt-BR\",\"potentialAction\":[{\"@type\":\"CommentAction\",\"name\":\"Comment\",\"target\":[\"https:\/\/faculdade.grancursosonline.com.br\/blog\/edital-prouni\/#respond\"]}],\"copyrightYear\":\"2026\",\"copyrightHolder\":{\"@id\":\"https:\/\/faculdade.grancursosonline.com.br\/blog\/#organization\"}},{\"@type\":\"WebPage\",\"@id\":\"https:\/\/faculdade.grancursosonline.com.br\/blog\/edital-prouni\/\",\"url\":\"https:\/\/faculdade.grancursosonline.com.br\/blog\/edital-prouni\/\",\"name\":\"Prouni 2026: edital publicado! Confira datas e como participar\",\"isPartOf\":{\"@id\":\"https:\/\/faculdade.grancursosonline.com.br\/blog\/#website\"},\"primaryImageOfPage\":{\"@id\":\"https:\/\/faculdade.grancursosonline.com.br\/blog\/edital-prouni\/#primaryimage\"},\"image\":{\"@id\":\"https:\/\/faculdade.grancursosonline.com.br\/blog\/edital-prouni\/#primaryimage\"},\"thumbnailUrl\":\"https:\/\/blog-es-static.infra.grancursosonline.com.br\/wp-content\/uploads\/2025\/06\/08171914\/edital_prouni.jpg\",\"datePublished\":\"2026-01-08T20:20:23+00:00\",\"dateModified\":\"2026-01-08T20:50:43+00:00\",\"description\":\"O edital Prouni foi divulgado, saiba tudo sobre o cronograma, inscri\u00e7\u00f5es, documentos e etapas para se preparar!\",\"breadcrumb\":{\"@id\":\"https:\/\/faculdade.grancursosonline.com.br\/blog\/edital-prouni\/#breadcrumb\"},\"inLanguage\":\"pt-BR\",\"potentialAction\":[{\"@type\":\"ReadAction\",\"target\":[\"https:\/\/faculdade.grancursosonline.com.br\/blog\/edital-prouni\/\"]}]},{\"@type\":\"ImageObject\",\"inLanguage\":\"pt-BR\",\"@id\":\"https:\/\/faculdade.grancursosonline.com.br\/blog\/edital-prouni\/#primaryimage\",\"url\":\"https:\/\/blog-es-static.infra.grancursosonline.com.br\/wp-content\/uploads\/2025\/06\/08171914\/edital_prouni.jpg\",\"contentUrl\":\"https:\/\/blog-es-static.infra.grancursosonline.com.br\/wp-content\/uploads\/2025\/06\/08171914\/edital_prouni.jpg\",\"width\":1001,\"height\":601},{\"@type\":\"BreadcrumbList\",\"@id\":\"https:\/\/faculdade.grancursosonline.com.br\/blog\/edital-prouni\/#breadcrumb\",\"itemListElement\":[{\"@type\":\"ListItem\",\"position\":1,\"name\":\"In\u00edcio\",\"item\":\"https:\/\/faculdade.grancursosonline.com.br\/blog\/\"},{\"@type\":\"ListItem\",\"position\":2,\"name\":\"PROUNI\",\"item\":\"https:\/\/faculdade.grancursosonline.com.br\/blog\/categoria\/prouni\/\"},{\"@type\":\"ListItem\",\"position\":3,\"name\":\"Prouni 2026: edital publicado! Confira datas e como participar\"}]},{\"@type\":\"WebSite\",\"@id\":\"https:\/\/faculdade.grancursosonline.com.br\/blog\/#website\",\"url\":\"https:\/\/faculdade.grancursosonline.com.br\/blog\/\",\"name\":\"Blog Gran Faculdade\",\"description\":\"Tudo sobre ensino superior, p\u00f3s-gradua\u00e7\u00e3o, enem e carreira.\",\"publisher\":{\"@id\":\"https:\/\/faculdade.grancursosonline.com.br\/blog\/#organization\"},\"potentialAction\":[{\"@type\":\"SearchAction\",\"target\":{\"@type\":\"EntryPoint\",\"urlTemplate\":\"https:\/\/faculdade.grancursosonline.com.br\/blog\/?s={search_term_string}\"},\"query-input\":{\"@type\":\"PropertyValueSpecification\",\"valueRequired\":true,\"valueName\":\"search_term_string\"}}],\"inLanguage\":\"pt-BR\"},{\"@type\":\"Organization\",\"@id\":\"https:\/\/faculdade.grancursosonline.com.br\/blog\/#organization\",\"name\":\"Gran Cursos Online\",\"url\":\"https:\/\/faculdade.grancursosonline.com.br\/blog\/\",\"logo\":{\"@type\":\"ImageObject\",\"inLanguage\":\"pt-BR\",\"@id\":\"https:\/\/faculdade.grancursosonline.com.br\/blog\/#\/schema\/logo\/image\/\",\"url\":\"https:\/\/blog-es-static.infra.grancursosonline.com.br\/wp-content\/uploads\/2019\/08\/03123934\/logo.png\",\"contentUrl\":\"https:\/\/blog-es-static.infra.grancursosonline.com.br\/wp-content\/uploads\/2019\/08\/03123934\/logo.png\",\"width\":300,\"height\":57,\"caption\":\"Gran Cursos Online\"},\"image\":{\"@id\":\"https:\/\/faculdade.grancursosonline.com.br\/blog\/#\/schema\/logo\/image\/\"},\"sameAs\":[\"https:\/\/www.facebook.com\/grancursosonline\/\",\"https:\/\/x.com\/gran_online\",\"https:\/\/www.instagram.com\/grancursosonline\/\",\"https:\/\/www.youtube.com\/user\/grancursostv\"]},{\"@type\":\"Person\",\"@id\":\"https:\/\/faculdade.grancursosonline.com.br\/blog\/#\/schema\/person\/e41590de43e91fa2adf3cf8b740a6a34\",\"name\":\"Larissa de Fran\u00e7a\",\"url\":\"https:\/\/faculdade.grancursosonline.com.br\/blog\/author\/larisa-leonardo\/\"}]}<\/script>\n<!-- \/ Yoast SEO Premium plugin. -->","yoast_head_json":{"title":"Prouni 2026: edital publicado! Confira datas e como participar","description":"O edital Prouni foi divulgado, saiba tudo sobre o cronograma, inscri\u00e7\u00f5es, documentos e etapas para se preparar!","robots":{"index":"index","follow":"follow","max-snippet":"max-snippet:-1","max-image-preview":"max-image-preview:large","max-video-preview":"max-video-preview:-1"},"canonical":"https:\/\/faculdade.grancursosonline.com.br\/blog\/edital-prouni\/","og_locale":"pt_BR","og_type":"article","og_title":"Prouni 2026: edital publicado! Confira datas e como participar","og_description":"O edital Prouni foi divulgado, saiba tudo sobre o cronograma, inscri\u00e7\u00f5es, documentos e etapas para se preparar!","og_url":"https:\/\/faculdade.grancursosonline.com.br\/blog\/edital-prouni\/","og_site_name":"Blog Gran Faculdade","article_publisher":"https:\/\/www.facebook.com\/grancursosonline\/","article_published_time":"2026-01-08T20:20:23+00:00","article_modified_time":"2026-01-08T20:50:43+00:00","og_image":[{"width":1001,"height":601,"url":"https:\/\/blog-es-static.infra.grancursosonline.com.br\/wp-content\/uploads\/2025\/06\/08171914\/edital_prouni.jpg","type":"image\/jpeg"}],"author":"Larissa de Fran\u00e7a","twitter_card":"summary_large_image","twitter_creator":"@gran_online","twitter_site":"@gran_online","twitter_misc":{"Written by":"Larissa de Fran\u00e7a","Est. reading time":"13 minutos"},"schema":{"@context":"https:\/\/schema.org","@graph":[{"@type":"NewsArticle","@id":"https:\/\/faculdade.grancursosonline.com.br\/blog\/edital-prouni\/#article","isPartOf":{"@id":"https:\/\/faculdade.grancursosonline.com.br\/blog\/edital-prouni\/"},"author":{"name":"Larissa de Fran\u00e7a","@id":"https:\/\/faculdade.grancursosonline.com.br\/blog\/#\/schema\/person\/e41590de43e91fa2adf3cf8b740a6a34"},"headline":"Prouni 2026: edital publicado! Confira datas e como participar","datePublished":"2026-01-08T20:20:23+00:00","dateModified":"2026-01-08T20:50:43+00:00","mainEntityOfPage":{"@id":"https:\/\/faculdade.grancursosonline.com.br\/blog\/edital-prouni\/"},"wordCount":2172,"commentCount":0,"publisher":{"@id":"https:\/\/faculdade.grancursosonline.com.br\/blog\/#organization"},"image":{"@id":"https:\/\/faculdade.grancursosonline.com.br\/blog\/edital-prouni\/#primaryimage"},"thumbnailUrl":"https:\/\/blog-es-static.infra.grancursosonline.com.br\/wp-content\/uploads\/2025\/06\/08171914\/edital_prouni.jpg","articleSection":["PROUNI"],"inLanguage":"pt-BR","potentialAction":[{"@type":"CommentAction","name":"Comment","target":["https:\/\/faculdade.grancursosonline.com.br\/blog\/edital-prouni\/#respond"]}],"copyrightYear":"2026","copyrightHolder":{"@id":"https:\/\/faculdade.grancursosonline.com.br\/blog\/#organization"}},{"@type":"WebPage","@id":"https:\/\/faculdade.grancursosonline.com.br\/blog\/edital-prouni\/","url":"https:\/\/faculdade.grancursosonline.com.br\/blog\/edital-prouni\/","name":"Prouni 2026: edital publicado! Confira datas e como participar","isPartOf":{"@id":"https:\/\/faculdade.grancursosonline.com.br\/blog\/#website"},"primaryImageOfPage":{"@id":"https:\/\/faculdade.grancursosonline.com.br\/blog\/edital-prouni\/#primaryimage"},"image":{"@id":"https:\/\/faculdade.grancursosonline.com.br\/blog\/edital-prouni\/#primaryimage"},"thumbnailUrl":"https:\/\/blog-es-static.infra.grancursosonline.com.br\/wp-content\/uploads\/2025\/06\/08171914\/edital_prouni.jpg","datePublished":"2026-01-08T20:20:23+00:00","dateModified":"2026-01-08T20:50:43+00:00","description":"O edital Prouni foi divulgado, saiba tudo sobre o cronograma, inscri\u00e7\u00f5es, documentos e etapas para se preparar!","breadcrumb":{"@id":"https:\/\/faculdade.grancursosonline.com.br\/blog\/edital-prouni\/#breadcrumb"},"inLanguage":"pt-BR","potentialAction":[{"@type":"ReadAction","target":["https:\/\/faculdade.grancursosonline.com.br\/blog\/edital-prouni\/"]}]},{"@type":"ImageObject","inLanguage":"pt-BR","@id":"https:\/\/faculdade.grancursosonline.com.br\/blog\/edital-prouni\/#primaryimage","url":"https:\/\/blog-es-static.infra.grancursosonline.com.br\/wp-content\/uploads\/2025\/06\/08171914\/edital_prouni.jpg","contentUrl":"https:\/\/blog-es-static.infra.grancursosonline.com.br\/wp-content\/uploads\/2025\/06\/08171914\/edital_prouni.jpg","width":1001,"height":601},{"@type":"BreadcrumbList","@id":"https:\/\/faculdade.grancursosonline.com.br\/blog\/edital-prouni\/#breadcrumb","itemListElement":[{"@type":"ListItem","position":1,"name":"In\u00edcio","item":"https:\/\/faculdade.grancursosonline.com.br\/blog\/"},{"@type":"ListItem","position":2,"name":"PROUNI","item":"https:\/\/faculdade.grancursosonline.com.br\/blog\/categoria\/prouni\/"},{"@type":"ListItem","position":3,"name":"Prouni 2026: edital publicado! Confira datas e como participar"}]},{"@type":"WebSite","@id":"https:\/\/faculdade.grancursosonline.com.br\/blog\/#website","url":"https:\/\/faculdade.grancursosonline.com.br\/blog\/","name":"Blog Gran Faculdade","description":"Tudo sobre ensino superior, p\u00f3s-gradua\u00e7\u00e3o, enem e carreira.","publisher":{"@id":"https:\/\/faculdade.grancursosonline.com.br\/blog\/#organization"},"potentialAction":[{"@type":"SearchAction","target":{"@type":"EntryPoint","urlTemplate":"https:\/\/faculdade.grancursosonline.com.br\/blog\/?s={search_term_string}"},"query-input":{"@type":"PropertyValueSpecification","valueRequired":true,"valueName":"search_term_string"}}],"inLanguage":"pt-BR"},{"@type":"Organization","@id":"https:\/\/faculdade.grancursosonline.com.br\/blog\/#organization","name":"Gran Cursos Online","url":"https:\/\/faculdade.grancursosonline.com.br\/blog\/","logo":{"@type":"ImageObject","inLanguage":"pt-BR","@id":"https:\/\/faculdade.grancursosonline.com.br\/blog\/#\/schema\/logo\/image\/","url":"https:\/\/blog-es-static.infra.grancursosonline.com.br\/wp-content\/uploads\/2019\/08\/03123934\/logo.png","contentUrl":"https:\/\/blog-es-static.infra.grancursosonline.com.br\/wp-content\/uploads\/2019\/08\/03123934\/logo.png","width":300,"height":57,"caption":"Gran Cursos Online"},"image":{"@id":"https:\/\/faculdade.grancursosonline.com.br\/blog\/#\/schema\/logo\/image\/"},"sameAs":["https:\/\/www.facebook.com\/grancursosonline\/","https:\/\/x.com\/gran_online","https:\/\/www.instagram.com\/grancursosonline\/","https:\/\/www.youtube.com\/user\/grancursostv"]},{"@type":"Person","@id":"https:\/\/faculdade.grancursosonline.com.br\/blog\/#\/schema\/person\/e41590de43e91fa2adf3cf8b740a6a34","name":"Larissa de Fran\u00e7a","url":"https:\/\/faculdade.grancursosonline.com.br\/blog\/author\/larisa-leonardo\/"}]}},"_links":{"self":[{"href":"https:\/\/faculdade.grancursosonline.com.br\/blog\/wp-json\/wp\/v2\/posts\/79619527","targetHints":{"allow":["GET"]}}],"collection":[{"href":"https:\/\/faculdade.grancursosonline.com.br\/blog\/wp-json\/wp\/v2\/posts"}],"about":[{"href":"https:\/\/faculdade.grancursosonline.com.br\/blog\/wp-json\/wp\/v2\/types\/post"}],"author":[{"embeddable":true,"href":"https:\/\/faculdade.grancursosonline.com.br\/blog\/wp-json\/wp\/v2\/users\/513"}],"replies":[{"embeddable":true,"href":"https:\/\/faculdade.grancursosonline.com.br\/blog\/wp-json\/wp\/v2\/comments?post=79619527"}],"version-history":[{"count":80,"href":"https:\/\/faculdade.grancursosonline.com.br\/blog\/wp-json\/wp\/v2\/posts\/79619527\/revisions"}],"predecessor-version":[{"id":79760427,"href":"https:\/\/faculdade.grancursosonline.com.br\/blog\/wp-json\/wp\/v2\/posts\/79619527\/revisions\/79760427"}],"wp:featuredmedia":[{"embeddable":true,"href":"https:\/\/faculdade.grancursosonline.com.br\/blog\/wp-json\/wp\/v2\/media\/79760403"}],"wp:attachment":[{"href":"https:\/\/faculdade.grancursosonline.com.br\/blog\/wp-json\/wp\/v2\/media?parent=79619527"}],"wp:term":[{"taxonomy":"category","embeddable":true,"href":"https:\/\/faculdade.grancursosonline.com.br\/blog\/wp-json\/wp\/v2\/categories?post=79619527"},{"taxonomy":"post_tag","embeddable":true,"href":"https:\/\/faculdade.grancursosonline.com.br\/blog\/wp-json\/wp\/v2\/tags?post=79619527"}],"curies":[{"name":"wp","href":"https:\/\/api.w.org\/{rel}","templated":true}]}}