{"id":79627387,"date":"2025-08-18T10:19:32","date_gmt":"2025-08-18T13:19:32","guid":{"rendered":"https:\/\/blog.grancursosonline.com.br\/?p=79627387"},"modified":"2025-08-18T10:19:34","modified_gmt":"2025-08-18T13:19:34","slug":"inovacao-transformacao-digital","status":"publish","type":"post","link":"https:\/\/faculdade.grancursosonline.com.br\/blog\/inovacao-transformacao-digital\/","title":{"rendered":"Inova\u00e7\u00e3o e Transforma\u00e7\u00e3o Digital: entenda o que \u00e9!"},"content":{"rendered":"\n<p>O mundo est\u00e1 cada vez mais conectado, digital e tecnol\u00f3gico. Esse movimento \u00e9 conhecido como transforma\u00e7\u00e3o digital. O impacto \u00e9 t\u00e3o grande, principalmente depois da pandemia, que diversas \u00e1reas e neg\u00f3cios t\u00eam se dedicado a buscar profissionais especialistas nessa \u00e1rea.<\/p>\n\n\n\n<div class=\"wp-block-columns is-layout-flex wp-container-core-columns-is-layout-9d6595d7 wp-block-columns-is-layout-flex\">\n<div class=\"wp-block-column is-layout-flow wp-block-column-is-layout-flow\" style=\"flex-basis:100%\"><div class=\"wp-block-image\">\n<figure class=\"aligncenter size-full\"><a href=\"https:\/\/whatsapp.com\/channel\/0029VaG1sChI7Be7PNndhL43\" target=\"_blank\" rel=\"noopener\"><img decoding=\"async\" src=\"https:\/\/blog-es-static.infra.grancursosonline.com.br\/wp-content\/uploads\/2025\/09\/09112354\/banner-wp-600x142-80.webp\" alt=\"Acesse o canal do WhatsApp da Gran Faculdade\" class=\"wp-image-79751904\"\/><\/a><\/figure>\n<\/div><\/div>\n<\/div>\n\n\n\n<p>Acompanhe o artigo para saber mais ou navegue pelo <span id=\"indice\">indice<\/span>:<\/p>\n\n\n\n<ul class=\"wp-block-list\">\n<li><a href=\"#conceito\">O que \u00e9 inova\u00e7\u00e3o e transforma\u00e7\u00e3o digital?<\/a><\/li>\n\n\n\n<li><a href=\"#diferenca\">Qual a diferen\u00e7a entre inova\u00e7\u00e3o e transforma\u00e7\u00e3o digital?<\/a><\/li>\n\n\n\n<li><a href=\"#pilares\">Quais s\u00e3o os pilares da transforma\u00e7\u00e3o digital?<\/a><\/li>\n\n\n\n<li><a href=\"#principios\">Quais s\u00e3o os principais desafios da transforma\u00e7\u00e3o digital?<\/a><\/li>\n\n\n\n<li><a href=\"#tendencias\">Quais s\u00e3o as tend\u00eancias atuais em inova\u00e7\u00e3o e transforma\u00e7\u00e3o digital?<\/a><\/li>\n\n\n\n<li><a href=\"#profissional\">O que faz um profissional de transforma\u00e7\u00e3o digital?<\/a><\/li>\n\n\n\n<li><a href=\"#curso\">Tudo sobre a P\u00f3s-Gradua\u00e7\u00e3o em Inova\u00e7\u00e3o e Transforma\u00e7\u00e3o Digital do Gran!<\/a><\/li>\n<\/ul>\n\n\n\n<h2 class=\"wp-block-heading\" id=\"h-saiba-como-e-quando-comecar-na-carreira-em-ti\">Saiba como e quando come\u00e7ar na Carreira em TI!<\/h2>\n\n\n\n<p>De acordo com dados do Governo Federal, a \u00e1rea de tecnologia gera em m\u00e9dia 150 mil empregos anualmente no Brasil, com remunera\u00e7\u00e3o 2,9 vezes maior que a m\u00e9dia de outros setores. A previs\u00e3o \u00e9 que o mercado de tecnologia crie 797 mil vagas at\u00e9 2025, o que impulsiona a busca por capacita\u00e7\u00e3o nesse campo.<\/p>\n\n\n\n<p>Como podemos ver, a demanda por profissionais em \u00e1reas como Tecnologia \u00e9 crescente. Por isso, preparamos o Guia da Carreira em TI, onde voc\u00ea fica por dentro das principais informa\u00e7\u00f5es sobre o mercado, principais carreiras e como come\u00e7ar!<\/p>\n\n\n\n<p>Inscreva-se no formul\u00e1rio abaixo para receber gratuitamente o seu Guia da Carreira em TI:<\/p>\n\n\n\n<script charset=\"utf-8\" type=\"text\/javascript\" src=\"\/\/js.hsforms.net\/forms\/embed\/v2.js\"><\/script>\n<script>\n  hbspt.forms.create({\n    region: \"na1\",\n    portalId: \"302036\",\n    formId: \"73130aa4-5703-4c79-b7a2-54b0991df184\"\n  });\n<\/script>\n\n\n\n<h2 class=\"wp-block-heading\" id=\"conceito\">O que \u00e9 inova\u00e7\u00e3o e transforma\u00e7\u00e3o digital?<\/h2>\n\n\n\n<p><strong>Desde a revolu\u00e7\u00e3o industrial o mundo vem se transformando de maneira cada vez mais r\u00e1pida.<\/strong> Depois, com a chegada dos computadores, isso s\u00f3 se fortaleceu e, mais recentemente, com a pandemia, tudo parece mudar a cada segundo.<\/p>\n\n\n\n<p>O principal impacto de todas essas mudan\u00e7as t\u00eam sido, principalmente, na tecnologia e nos meios digitais. <strong>Estamos cada vez mais conectados e buscando solu\u00e7\u00f5es criativas para diferentes problemas.<\/strong><\/p>\n\n\n\n<p>Segundo a professora Gl\u00e1ucia Guarcello, para a revista Exame:<\/p>\n\n\n\n<blockquote class=\"wp-block-quote is-layout-flow wp-block-quote-is-layout-flow\">\n<p>A transforma\u00e7\u00e3o digital nada mais \u00e9 do que a materializa\u00e7\u00e3o (ou digitaliza\u00e7\u00e3o) do desenvolvimento de solu\u00e7\u00f5es e tecnologias que possibilitar\u00e3o \u00e0 empresa criar novos valores para os seus usu\u00e1rios. Em outras palavras, gerar inova\u00e7\u00e3o atrav\u00e9s do uso de solu\u00e7\u00f5es digitais aplicadas.<\/p>\n<\/blockquote>\n\n\n\n<p>\u00c9 preciso entender que a tecnologia \u00e9 meio e n\u00e3o fim. Ou seja, <strong>antes de pensar a inova\u00e7\u00e3o e a transforma\u00e7\u00e3o digital, \u00e9 preciso pensar em problemas, pessoas e solu\u00e7\u00f5es.<\/strong> Dessa forma, uma s\u00e9rie de habilidades e princ\u00edpios s\u00e3o levados em conta. A professora Gl\u00e1ucia completa:<\/p>\n\n\n\n<blockquote class=\"wp-block-quote is-layout-flow wp-block-quote-is-layout-flow\">\n<p>Capacidades de design, vis\u00e3o estrat\u00e9gia e futurismo nunca tiveram tanta relev\u00e2ncia quanto neste contexto. Precisamos aumentar o espectro de cen\u00e1rios futuros que as organiza\u00e7\u00f5es utilizam em suas decis\u00f5es estrat\u00e9gicas e trazer para a equa\u00e7\u00e3o a possibilidade real de disrup\u00e7\u00f5es emergirem. Neste mundo tecnol\u00f3gico, exponencial e acess\u00edvel o segredo para o crescimento ser\u00e1 aprender a desaprender a antiga forma de fazer as coisas e trazer a experimenta\u00e7\u00e3o e o desconhecido como grandes aliados e n\u00e3o inimigos.<\/p>\n<\/blockquote>\n\n\n\n<h2 class=\"wp-block-heading\" id=\"diferenca\">Qual a diferen\u00e7a entre inova\u00e7\u00e3o e transforma\u00e7\u00e3o digital?<\/h2>\n\n\n\n<p><strong>A transforma\u00e7\u00e3o digital est\u00e1 voltada para pr\u00e1ticas que busquem mudar um ambiente para o digital.<\/strong> Dessa forma, \u00e9 a busca por desenvolver e aplicar tecnologias que envolvem a conectividade, inova\u00e7\u00e3o e a globaliza\u00e7\u00e3o.<\/p>\n\n\n\n<p>Esse processo \u00e9 muito comum em neg\u00f3cios e institui\u00e7\u00f5es que n\u00e3o estavam presentes online e, agora, precisam estar. <strong>Desenvolver novas ferramentas, fazer pesquisas e construir autoridade em meio a transforma\u00e7\u00e3o digital \u00e9 preciso.<\/strong><\/p>\n\n\n\n<p>J\u00e1 a inova\u00e7\u00e3o em si surge na forma diferenciada em como voc\u00ea faz uso dessas habilidades. Ou seja, a criatividade com a qual voc\u00ea resolve e atende demandas. <strong>Ela est\u00e1 mais ligada a maneira como as coisas acontecem na empresa na vida do cliente.<\/strong><\/p>\n\n\n\n<h2 class=\"wp-block-heading\" id=\"pilares\">Quais s\u00e3o os pilares da transforma\u00e7\u00e3o digital?<\/h2>\n\n\n\n<p>Os pilares da transforma\u00e7\u00e3o digital s\u00e3o:<\/p>\n\n\n\n<ul class=\"wp-block-list\">\n<li><strong>Consumidor no centro,<\/strong> buscando entender as necessidades e gostos de quem vai adquirir ou se beneficiar do seu produto ou servi\u00e7o;<\/li>\n\n\n\n<li><strong>Avalia\u00e7\u00f5es constantes,<\/strong> com o objetivo de prevenir, corrigir e minimizar erros;<\/li>\n\n\n\n<li><strong>Agilidade<\/strong> nos processos de produ\u00e7\u00e3o e gest\u00e3o;<\/li>\n\n\n\n<li><strong>Flexibilidade<\/strong> para lidar com mudan\u00e7as, diferentes pessoas e contextos;<\/li>\n\n\n\n<li><strong>An\u00e1lise de dados<\/strong> para garantir que os resultados est\u00e3o sendo alcan\u00e7ados.<\/li>\n<\/ul>\n\n\n\n<h2 class=\"wp-block-heading\" id=\"principios\">Quais s\u00e3o os principais desafios da transforma\u00e7\u00e3o digital?<\/h2>\n\n\n\n<p>O principal desafio da transforma\u00e7\u00e3o digital \u00e9 encontrar profissionais capacitados na \u00e1rea. S<strong>egundo o G1, a \u00e1rea de TI deve gerar quase meio milh\u00e3o de vagas at\u00e9 2025, mas faltam profissionais capacitados.<\/strong> Ricardo Gazoli, especialista em transforma\u00e7\u00e3o digital confirma:<\/p>\n\n\n\n<blockquote class=\"wp-block-quote is-layout-flow wp-block-quote-is-layout-flow\">\n<p>Existe um gap digital que mostra a falta de talentos\u2026 As pessoas precisam acompanhar essa evolu\u00e7\u00e3o e ter um prop\u00f3sito<\/p>\n<\/blockquote>\n\n\n\n<p><strong>Al\u00e9m disso, outro desafio \u00e9 a conscientiza\u00e7\u00e3o de empresas e o alto investimento.<\/strong> Por serem profissionais requisitados e ferramentas potentes, o custo para garantir o andamento de projetos e a manuten\u00e7\u00e3o de profissionais pode ser alto. Dessa forma, \u00e9 preciso estar preparado para isso, mas tamb\u00e9m para os grandes retornos.<\/p>\n\n\n\n<h2 class=\"wp-block-heading\" id=\"tendencias\">Quais s\u00e3o as tend\u00eancias atuais em inova\u00e7\u00e3o e transforma\u00e7\u00e3o digital?<\/h2>\n\n\n\n<p>Frequentemente nos surpreendemos com a atualiza\u00e7\u00e3o ou surgimento de um novo produto. <strong>\u00c9 uma viv\u00eancia constante de transforma\u00e7\u00e3o digital e inova\u00e7\u00e3o.<\/strong> Cada vez mais temos visto ferramentas como Chat GPT, internet 5G, intelig\u00eancia artificial, bancos digitais e muito mais iniciativas. Dessa forma, podemos destacar algumas tend\u00eancias na \u00e1rea:<\/p>\n\n\n\n<ul class=\"wp-block-list\">\n<li>Conectividade<\/li>\n\n\n\n<li>Novas tecnologias<\/li>\n\n\n\n<li>Agilidade e Organiza\u00e7\u00e3o<\/li>\n\n\n\n<li>Inova\u00e7\u00e3o e Criatividade<\/li>\n\n\n\n<li>Administra\u00e7\u00e3o de Conflitos<\/li>\n\n\n\n<li>Seguran\u00e7a da Informa\u00e7\u00e3o<\/li>\n\n\n\n<li>An\u00e1lise de Dados<\/li>\n\n\n\n<li>Direito Digital<\/li>\n<\/ul>\n\n\n\n<h2 class=\"wp-block-heading\" id=\"profissional\">O que faz um profissional de transforma\u00e7\u00e3o digital?<\/h2>\n\n\n\n<p>Em geral, o profissional de transforma\u00e7\u00e3o digital est\u00e1 envolvido em atividades de <strong>inova\u00e7\u00e3o, implementa\u00e7\u00e3o e manuten\u00e7\u00e3o de atividades relacionadas \u00e0 tecnologia.<\/strong> Dessa forma, podemos considerar que o cargo est\u00e1 muito ligado tamb\u00e9m a gest\u00e3o e administra\u00e7\u00e3o:<\/p>\n\n\n\n<ul class=\"wp-block-list\">\n<li>Mapear melhorias;<\/li>\n\n\n\n<li>Atuar na experi\u00eancia do usu\u00e1rio;<\/li>\n\n\n\n<li>Otimizar opera\u00e7\u00f5es;<\/li>\n\n\n\n<li>Garantir que o cliente esteja no centro do processo;<\/li>\n\n\n\n<li>Gerir pessoas, equipes, processos e projetos;<\/li>\n\n\n\n<li>Garantir um bom funcionamento digital do neg\u00f3cio;<\/li>\n\n\n\n<li>Garantir a seguran\u00e7a de informa\u00e7\u00e3o e de dados;<\/li>\n<\/ul>\n\n\n\n<h3 class=\"wp-block-heading\">Qual \u00e9 o impacto da transforma\u00e7\u00e3o digital no mercado de trabalho?<\/h3>\n\n\n\n<p>A transforma\u00e7\u00e3o digital tem impactado o mercado principalmente de duas formas.<strong> A primeira delas, como vimos, \u00e9 a alta demanda de profissionais de tecnologia e especialistas na \u00e1rea.<\/strong> Isso tem gerado diversos debates e a busca constante por capacita\u00e7\u00e3o na \u00e1rea.<\/p>\n\n\n\n<p>A outra forma que a transforma\u00e7\u00e3o digital tem impactado no mercado de trabalho \u00e9 na sua pr\u00f3pria implementa\u00e7\u00e3o. <strong>Pensar em atividades, ferramentas e formas de desenvolver atividades no meio digital<\/strong> \u00e9 um grande desafio e tem causado grande impacto nas rela\u00e7\u00f5es de trabalho.<\/p>\n\n\n\n<p><strong>Dessa forma, o trabalho remoto, programas de computadores, remunera\u00e7\u00f5es e sal\u00e1rios<\/strong> s\u00e3o pontos que chamam aten\u00e7\u00e3o nessa \u00e1rea. Al\u00e9m disso, garantir a manuten\u00e7\u00e3o e implementa\u00e7\u00e3o de solu\u00e7\u00f5es, produtos e servi\u00e7os \u00e9 um desafio.<\/p>\n\n\n\n<h3 class=\"wp-block-heading\">Quanto ganha um especialista em transforma\u00e7\u00e3o digital?<\/h3>\n\n\n\n<p>Os sal\u00e1rios podem variar de acordo com a experi\u00eancia e a forma como o profissional desenvolve e une teoria e pr\u00e1tica. <strong>Em geral os sal\u00e1rios t\u00eam uma faixa inicial entre R$ 6 e 8 mil reais.<\/strong><\/p>\n\n\n\n<h3 class=\"wp-block-heading\">Como come\u00e7ar o primeiro est\u00e1gio de transforma\u00e7\u00e3o digital?<\/h3>\n\n\n\n<p>Geralmente o est\u00e1gio em transforma\u00e7\u00e3o digital \u00e9 para alunos de gradua\u00e7\u00e3o ou p\u00f3s-gradua\u00e7\u00e3o em tecnologia. Dessa forma, o primeiro passo \u00e9 estar estudando formalmente para formalizar a contrata\u00e7\u00e3o e mostrar que voc\u00ea est\u00e1 se capacitando na \u00e1rea de maneira regular.<\/p>\n\n\n\n<p class=\"has-text-align-center\"><a href=\"https:\/\/faculdade.grancursosonline.com.br\/nossos-cursos\/\" target=\"_blank\" rel=\"noopener\"><strong>Conhe\u00e7a os cursos de gradua\u00e7\u00e3o em tecnologia da Gran Faculdade!<\/strong><\/a><\/p>\n\n\n\n<h3 class=\"wp-block-heading\">Como trabalhar com transforma\u00e7\u00e3o digital?<\/h3>\n\n\n\n<p>Assim como no est\u00e1gio, para trabalhar com transforma\u00e7\u00e3o digital <strong>\u00e9 ideal que o profissional tenha uma gradua\u00e7\u00e3o e p\u00f3s-gradua\u00e7\u00e3o na \u00e1rea de tecnologia.<\/strong> Pensando nessa demanda do mercado de trabalho, a Gran Faculdade acaba de lan\u00e7ar a p\u00f3s-gradua\u00e7\u00e3o em Inova\u00e7\u00e3o e Transforma\u00e7\u00e3o Digital.<\/p>\n\n\n\n<h2 class=\"wp-block-heading\" id=\"curso\">Tudo sobre a P\u00f3s-Gradua\u00e7\u00e3o em Inova\u00e7\u00e3o e Transforma\u00e7\u00e3o Digital do Gran!<\/h2>\n\n\n\n<p>O Curso de <a href=\"https:\/\/pos.grancursosonline.com.br\/curso\/inovacao-e-transformacao-digital\" target=\"_blank\" rel=\"noreferrer noopener\">P\u00f3s-Gradua\u00e7\u00e3o em Inova\u00e7\u00e3o e Transforma\u00e7\u00e3o Digital<\/a> permite o <strong>desenvolvimento de compet\u00eancias, habilidades acad\u00eamicas e pr\u00e1ticas aplicadas \u00e0s atividades de desenvolvimento de sistemas nas organiza\u00e7\u00f5es.<\/strong><\/p>\n\n\n\n<p>Hoje todas as empresas s\u00e3o impactadas pelo uso da tecnologia. Por isso, o objetivo do curso \u00e9 oferecer uma exposi\u00e7\u00e3o abrangente e multidisciplinar, focando na aplica\u00e7\u00e3o do uso da tecnologia como um diferencial em qualquer tipo de neg\u00f3cio.<\/p>\n\n\n\n<p>Ao longo do curso, os estudantes ser\u00e3o capacitados com <strong>conhecimentos te\u00f3ricos e pr\u00e1ticos<\/strong> para compreender como apoiar modelos de neg\u00f3cios inovadores com uso da tecnologia.<\/p>\n\n\n\n<p>Al\u00e9m disso, ser\u00e3o abordadas quest\u00f5es relevantes, como seguran\u00e7a, escalabilidade e desempenho, visando capacitar os alunos a lidar com os desafios enfrentados com a constante evolu\u00e7\u00e3o tecnol\u00f3gica e na \u00e1rea de desenvolvimento de sistemas.<\/p>\n\n\n\n<p><strong>Com uma abordagem pr\u00e1tica e orientada para o mercado<\/strong>, os discentes ter\u00e3o a oportunidade de aplicar os conceitos aprendidos em situa\u00e7\u00f5es reais, desenvolvendo estrat\u00e9gias eficazes e inovadoras<\/p>\n\n\n\n<h2 class=\"wp-block-heading\" id=\"h-vem-pra-gran-faculdade\">Vem pra Gran Faculdade!<\/h2>\n\n\n\n<p>A Gran Faculdade vem mudando a vida de milhares de pessoas por meio de cursos \u00e0 dist\u00e2ncia de <a href=\"https:\/\/faculdade.grancursosonline.com.br\/\" target=\"_blank\" rel=\"noreferrer noopener\">gradua\u00e7\u00e3o<\/a>, <a href=\"https:\/\/pos.grancursosonline.com.br\/\" target=\"_blank\" rel=\"noreferrer noopener\">p\u00f3s-gradua\u00e7\u00e3o<\/a> e <a href=\"https:\/\/pos.grancursosonline.com.br\/mba\" target=\"_blank\" rel=\"noreferrer noopener\">MBA<\/a>. Seja no digital ou em nosso <a href=\"https:\/\/presencial.grancursosonline.com.br\/\" target=\"_blank\" rel=\"noreferrer noopener\">Campus Presencial em Curitiba<\/a>, a nossa miss\u00e3o \u00e9 transformar a educa\u00e7\u00e3o superior.<\/p>\n\n\n\n<p>Como parte de Sistema Gran de Ensino, que \u00e9 reconhecido como marca aprovadora h\u00e1 mais de 10 anos, constru\u00edmos uma renomada reputa\u00e7\u00e3o na \u00e1rea de educa\u00e7\u00e3o.<\/p>\n\n\n\n<p>Veja algumas de nossas conquistas:<\/p>\n\n\n\n<ul class=\"wp-block-list\">\n<li>Reconhecido pela Amazon como um dos projetos mais relevantes do mundo na \u00e1rea de Tecnologia e Educa\u00e7\u00e3o;<\/li>\n\n\n\n<li>Foi eleito pelo Project Management Institute (PMI), um dos 50 Projetos Mais Influentes do mundo;<\/li>\n\n\n\n<li>Somos o site de educa\u00e7\u00e3o mais acessado do Brasil;<\/li>\n\n\n\n<li>Somos avaliados com a nota m\u00e1xima pelo MEC;<\/li>\n\n\n\n<li>Aqui o semestre come\u00e7a quando quiser: entrada imediata e cont\u00ednua!<\/li>\n\n\n\n<li>Melhores pre\u00e7os do mercado;<\/li>\n\n\n\n<li>Mais de 500 mil alunos pagantes e mais de 1000 funcion\u00e1rios;<\/li>\n\n\n\n<li>Diversas ferramentas de estudo: PDFs, audiobooks, mapas mentais, videoaulas, quest\u00f5es, gerenciador de estudos e muito mais!<\/li>\n\n\n\n<li>Professores experientes e capacitados;<\/li>\n\n\n\n<li>Acesso imediato e 100% online.<\/li>\n<\/ul>\n\n\n\n<p class=\"has-text-align-center has-text-align-center\"><strong><a href=\"https:\/\/faculdade.grancursosonline.com.br\/\" target=\"_blank\" rel=\"noreferrer noopener\">Quero ser aluno da Gran Faculdade!<\/a><\/strong><\/p>\n\n\n\n<div class=\"wp-block-group has-background\" style=\"background-color:#8dd2fc7a\"><div class=\"wp-block-group__inner-container is-layout-constrained wp-block-group-is-layout-constrained\">\n<p><strong>Outras not\u00edcias em destaque:<\/strong><\/p>\n\n\n\n<ul class=\"wp-block-list\">\n<li><a href=\"https:\/\/faculdade.grancursosonline.com.br\/blog\/tecnologia-da-informacao-carreira\/\" target=\"_blank\" rel=\"noreferrer noopener\">Tecnologia da Informa\u00e7\u00e3o: 7 passos para come\u00e7ar sua carreira<\/a><\/li>\n\n\n\n<li><a href=\"https:\/\/faculdade.grancursosonline.com.br\/blog\/cursos-de-ti\/\" target=\"_blank\" rel=\"noreferrer noopener\">Cursos de TI: quais os melhores para sua carreira p\u00fablica?<\/a><\/li>\n\n\n\n<li><a href=\"https:\/\/faculdade.grancursosonline.com.br\/blog\/habilidade-profissional\/\" target=\"_blank\" rel=\"noreferrer noopener\">Habilidades profissionais do futuro segundo a ONU<\/a><\/li>\n\n\n\n<li><a href=\"https:\/\/blog.grancursosonline.com.br\/concursos-ti\/\" target=\"_blank\" rel=\"noopener\">Concursos TI: 19 editais publicados. Iniciais at\u00e9 R$ 10 mil<\/a><\/li>\n<\/ul>\n<\/div><\/div>\n\n\n\n<div class=\"wp-block-group\"><div class=\"wp-block-group__inner-container is-layout-constrained wp-block-group-is-layout-constrained\">\n<div class=\"wp-block-group\"><div class=\"wp-block-group__inner-container is-layout-constrained wp-block-group-is-layout-constrained\">\n<section style=\"text-align: center;\">\n<p>Quer ficar por dentro da Faculdade Digital mais inovadora do Brasil?<\/p>\n<nav>\n<p class=\"has-background has-dark-bluish-background-color\" style=\"font-size: 25px; text-align: center; background: #f0f0f0; color: #ffffff; padding: 4px 0px 4xp 0px;\"><a style=\"color: #0d134c; text-decoration: underline;\" href=\"https:\/\/faculdade.grancursosonline.com.br\/\" target=\"_blank\" rel=\"noopener\">GRADUA\u00c7\u00c3O<\/a><\/p>\n<p class=\"has-background has-dark-bluish-background-color\" style=\"font-size: 25px; text-align: center; background: #f0f0f0; color: #ffffff; padding: 4px 0px 4xp 0px;\"><a style=\"color: #0d134c; text-decoration: underline;\" href=\"https:\/\/pos.grancursosonline.com.br\/\" target=\"_blank\" rel=\"noopener\">P\u00d3S-GRADUA\u00c7\u00c3O<\/a><\/p>\n<p class=\"has-background has-dark-bluish-background-color\" style=\"font-size: 25px; text-align: center; background: #f0f0f0; color: #ffffff; padding: 4px 0px 4xp 0px;\"><a style=\"color: #0d134c; text-decoration: underline;\" href=\"https:\/\/faculdade.grancursosonline.com.br\/nossos-cursos\/\" target=\"_blank\" rel=\"noopener\">TUDO SOBRE A GRAN FACULDADE<\/a><\/p>\n<\/nav>\n<p><strong>Receba <span style=\"color: #cf1e25;\">gratuitamente<\/span> no seu celular as principais not\u00edcias sobre a Gran Faculdade! <br \/>Clique no link abaixo e inscreva-se:<\/strong><\/p>\n<p class=\"has-background has-dark-bluish-background-color\" style=\"font-size: 25px; text-align: center; background: #f0f0f0; color: #ffffff; padding: 4px 0px 4xp 0px;\"><a style=\"color: #0d134c; text-decoration: underline;\" href=\"https:\/\/whatsapp.com\/channel\/0029VaG1sChI7Be7PNndhL43\" target=\"_blank\" rel=\"noopener noreferrer\">WHATSAPP<\/a><\/p>\n<p class=\"has-background has-dark-bluish-background-color\" style=\"font-size: 25px; text-align: center; background: #f0f0f0; color: #ffffff; padding: 4px 0px 4xp 0px;\"><a style=\"color: #0d134c; text-decoration: underline;\" href=\"https:\/\/t.me\/GranFaculdade\" target=\"_blank\" rel=\"noopener noreferrer\">TELEGRAM<\/a><\/p>\n<\/section>\n<\/div><\/div>\n<\/div><\/div>\n","protected":false},"excerpt":{"rendered":"<p>O mundo est\u00e1 cada vez mais conectado, digital e tecnol\u00f3gico. Esse movimento \u00e9 conhecido como transforma\u00e7\u00e3o digital. O impacto \u00e9 t\u00e3o grande, principalmente depois da pandemia, que diversas \u00e1reas e neg\u00f3cios t\u00eam se dedicado a buscar profissionais especialistas nessa \u00e1rea. Acompanhe o artigo para saber mais ou navegue pelo indice: O que \u00e9 inova\u00e7\u00e3o e&hellip;<\/p>\n","protected":false},"author":486,"featured_media":79752255,"comment_status":"open","ping_status":"open","sticky":false,"template":"","format":"standard","meta":{"_acf_changed":false,"content-type":"","footnotes":""},"categories":[209229,2],"tags":[126404,209284],"class_list":["post-79627387","post","type-post","status-publish","format-standard","has-post-thumbnail","hentry","category-pos-graduacao","category-ultimas-noticias","tag-cursos-e-pos-graduacao","tag-gran-cursos-pos-graduacao"],"acf":[],"yoast_head":"<!-- This site is optimized with the Yoast SEO Premium plugin v27.2 (Yoast SEO v27.2) - https:\/\/yoast.com\/product\/yoast-seo-premium-wordpress\/ -->\n<title>Inova\u00e7\u00e3o e Transforma\u00e7\u00e3o Digital: entenda o que \u00e9!<\/title>\n<meta name=\"description\" content=\"Saiba tudo sobre Inova\u00e7\u00e3o e Transforma\u00e7\u00e3o Digital e como essa \u00e1rea importante para o mercado de trabalho atual pode impulsionar sua carreira\" \/>\n<meta name=\"robots\" content=\"index, follow, max-snippet:-1, max-image-preview:large, max-video-preview:-1\" \/>\n<link rel=\"canonical\" href=\"https:\/\/faculdade.grancursosonline.com.br\/blog\/inovacao-transformacao-digital\/\" \/>\n<meta property=\"og:locale\" content=\"pt_BR\" \/>\n<meta property=\"og:type\" content=\"article\" \/>\n<meta property=\"og:title\" content=\"Inova\u00e7\u00e3o e Transforma\u00e7\u00e3o Digital: entenda o que \u00e9!\" \/>\n<meta property=\"og:description\" content=\"Saiba tudo sobre Inova\u00e7\u00e3o e Transforma\u00e7\u00e3o Digital e como essa \u00e1rea importante para o mercado de trabalho atual pode impulsionar sua carreira\" \/>\n<meta property=\"og:url\" content=\"https:\/\/faculdade.grancursosonline.com.br\/blog\/inovacao-transformacao-digital\/\" \/>\n<meta property=\"og:site_name\" content=\"Blog Gran Faculdade\" \/>\n<meta property=\"article:publisher\" content=\"https:\/\/www.facebook.com\/grancursosonline\/\" \/>\n<meta property=\"article:published_time\" content=\"2025-08-18T13:19:32+00:00\" \/>\n<meta property=\"article:modified_time\" content=\"2025-08-18T13:19:34+00:00\" \/>\n<meta property=\"og:image\" content=\"https:\/\/blog-es-static.infra.grancursosonline.com.br\/wp-content\/uploads\/2025\/02\/10141340\/inovacao-transformacao-digital-social.jpg\" \/>\n\t<meta property=\"og:image:width\" content=\"511\" \/>\n\t<meta property=\"og:image:height\" content=\"311\" \/>\n\t<meta property=\"og:image:type\" content=\"image\/jpeg\" \/>\n<meta name=\"author\" content=\"Equipe Gran\" \/>\n<meta name=\"twitter:card\" content=\"summary_large_image\" \/>\n<meta name=\"twitter:creator\" content=\"@gran_online\" \/>\n<meta name=\"twitter:site\" content=\"@gran_online\" \/>\n<meta name=\"twitter:label1\" content=\"Written by\" \/>\n\t<meta name=\"twitter:data1\" content=\"Equipe Gran\" \/>\n\t<meta name=\"twitter:label2\" content=\"Est. reading time\" \/>\n\t<meta name=\"twitter:data2\" content=\"9 minutos\" \/>\n<script type=\"application\/ld+json\" class=\"yoast-schema-graph\">{\"@context\":\"https:\/\/schema.org\",\"@graph\":[{\"@type\":\"NewsArticle\",\"@id\":\"https:\/\/faculdade.grancursosonline.com.br\/blog\/inovacao-transformacao-digital\/#article\",\"isPartOf\":{\"@id\":\"https:\/\/faculdade.grancursosonline.com.br\/blog\/inovacao-transformacao-digital\/\"},\"author\":{\"name\":\"Equipe Gran\",\"@id\":\"https:\/\/faculdade.grancursosonline.com.br\/blog\/#\/schema\/person\/c05f350f8ea43a7138aaffc6a87bc5e0\"},\"headline\":\"Inova\u00e7\u00e3o e Transforma\u00e7\u00e3o Digital: entenda o que \u00e9!\",\"datePublished\":\"2025-08-18T13:19:32+00:00\",\"dateModified\":\"2025-08-18T13:19:34+00:00\",\"mainEntityOfPage\":{\"@id\":\"https:\/\/faculdade.grancursosonline.com.br\/blog\/inovacao-transformacao-digital\/\"},\"wordCount\":1479,\"commentCount\":0,\"publisher\":{\"@id\":\"https:\/\/faculdade.grancursosonline.com.br\/blog\/#organization\"},\"image\":{\"@id\":\"https:\/\/faculdade.grancursosonline.com.br\/blog\/inovacao-transformacao-digital\/#primaryimage\"},\"thumbnailUrl\":\"https:\/\/blog-es-static.infra.grancursosonline.com.br\/wp-content\/uploads\/2025\/02\/10141423\/inovacao-transformacao-digital.jpg\",\"keywords\":[\"Cursos e P\u00f3s-gradua\u00e7\u00e3o\",\"Gran Cursos P\u00f3s-Gradua\u00e7\u00e3o\"],\"articleSection\":[\"P\u00f3s-Gradua\u00e7\u00e3o Gran Faculdade\",\"\u00daltimas Not\u00edcias\"],\"inLanguage\":\"pt-BR\",\"potentialAction\":[{\"@type\":\"CommentAction\",\"name\":\"Comment\",\"target\":[\"https:\/\/faculdade.grancursosonline.com.br\/blog\/inovacao-transformacao-digital\/#respond\"]}],\"copyrightYear\":\"2025\",\"copyrightHolder\":{\"@id\":\"https:\/\/faculdade.grancursosonline.com.br\/blog\/#organization\"}},{\"@type\":\"WebPage\",\"@id\":\"https:\/\/faculdade.grancursosonline.com.br\/blog\/inovacao-transformacao-digital\/\",\"url\":\"https:\/\/faculdade.grancursosonline.com.br\/blog\/inovacao-transformacao-digital\/\",\"name\":\"Inova\u00e7\u00e3o e Transforma\u00e7\u00e3o Digital: entenda o que \u00e9!\",\"isPartOf\":{\"@id\":\"https:\/\/faculdade.grancursosonline.com.br\/blog\/#website\"},\"primaryImageOfPage\":{\"@id\":\"https:\/\/faculdade.grancursosonline.com.br\/blog\/inovacao-transformacao-digital\/#primaryimage\"},\"image\":{\"@id\":\"https:\/\/faculdade.grancursosonline.com.br\/blog\/inovacao-transformacao-digital\/#primaryimage\"},\"thumbnailUrl\":\"https:\/\/blog-es-static.infra.grancursosonline.com.br\/wp-content\/uploads\/2025\/02\/10141423\/inovacao-transformacao-digital.jpg\",\"datePublished\":\"2025-08-18T13:19:32+00:00\",\"dateModified\":\"2025-08-18T13:19:34+00:00\",\"description\":\"Saiba tudo sobre Inova\u00e7\u00e3o e Transforma\u00e7\u00e3o Digital e como essa \u00e1rea importante para o mercado de trabalho atual pode impulsionar sua carreira\",\"breadcrumb\":{\"@id\":\"https:\/\/faculdade.grancursosonline.com.br\/blog\/inovacao-transformacao-digital\/#breadcrumb\"},\"inLanguage\":\"pt-BR\",\"potentialAction\":[{\"@type\":\"ReadAction\",\"target\":[\"https:\/\/faculdade.grancursosonline.com.br\/blog\/inovacao-transformacao-digital\/\"]}]},{\"@type\":\"ImageObject\",\"inLanguage\":\"pt-BR\",\"@id\":\"https:\/\/faculdade.grancursosonline.com.br\/blog\/inovacao-transformacao-digital\/#primaryimage\",\"url\":\"https:\/\/blog-es-static.infra.grancursosonline.com.br\/wp-content\/uploads\/2025\/02\/10141423\/inovacao-transformacao-digital.jpg\",\"contentUrl\":\"https:\/\/blog-es-static.infra.grancursosonline.com.br\/wp-content\/uploads\/2025\/02\/10141423\/inovacao-transformacao-digital.jpg\",\"width\":1001,\"height\":601,\"caption\":\"Inova\u00e7\u00e3o e Transforma\u00e7\u00e3o Digital\"},{\"@type\":\"BreadcrumbList\",\"@id\":\"https:\/\/faculdade.grancursosonline.com.br\/blog\/inovacao-transformacao-digital\/#breadcrumb\",\"itemListElement\":[{\"@type\":\"ListItem\",\"position\":1,\"name\":\"In\u00edcio\",\"item\":\"https:\/\/faculdade.grancursosonline.com.br\/blog\/\"},{\"@type\":\"ListItem\",\"position\":2,\"name\":\"P\u00f3s-Gradua\u00e7\u00e3o Gran Faculdade\",\"item\":\"https:\/\/faculdade.grancursosonline.com.br\/blog\/pos-graduacao\/\"},{\"@type\":\"ListItem\",\"position\":3,\"name\":\"Inova\u00e7\u00e3o e Transforma\u00e7\u00e3o Digital: entenda o que \u00e9!\"}]},{\"@type\":\"WebSite\",\"@id\":\"https:\/\/faculdade.grancursosonline.com.br\/blog\/#website\",\"url\":\"https:\/\/faculdade.grancursosonline.com.br\/blog\/\",\"name\":\"Blog Gran Faculdade\",\"description\":\"Tudo sobre ensino superior, p\u00f3s-gradua\u00e7\u00e3o, enem e carreira.\",\"publisher\":{\"@id\":\"https:\/\/faculdade.grancursosonline.com.br\/blog\/#organization\"},\"potentialAction\":[{\"@type\":\"SearchAction\",\"target\":{\"@type\":\"EntryPoint\",\"urlTemplate\":\"https:\/\/faculdade.grancursosonline.com.br\/blog\/?s={search_term_string}\"},\"query-input\":{\"@type\":\"PropertyValueSpecification\",\"valueRequired\":true,\"valueName\":\"search_term_string\"}}],\"inLanguage\":\"pt-BR\"},{\"@type\":\"Organization\",\"@id\":\"https:\/\/faculdade.grancursosonline.com.br\/blog\/#organization\",\"name\":\"Gran Cursos Online\",\"url\":\"https:\/\/faculdade.grancursosonline.com.br\/blog\/\",\"logo\":{\"@type\":\"ImageObject\",\"inLanguage\":\"pt-BR\",\"@id\":\"https:\/\/faculdade.grancursosonline.com.br\/blog\/#\/schema\/logo\/image\/\",\"url\":\"https:\/\/blog-es-static.infra.grancursosonline.com.br\/wp-content\/uploads\/2019\/08\/03123934\/logo.png\",\"contentUrl\":\"https:\/\/blog-es-static.infra.grancursosonline.com.br\/wp-content\/uploads\/2019\/08\/03123934\/logo.png\",\"width\":300,\"height\":57,\"caption\":\"Gran Cursos Online\"},\"image\":{\"@id\":\"https:\/\/faculdade.grancursosonline.com.br\/blog\/#\/schema\/logo\/image\/\"},\"sameAs\":[\"https:\/\/www.facebook.com\/grancursosonline\/\",\"https:\/\/x.com\/gran_online\",\"https:\/\/www.instagram.com\/grancursosonline\/\",\"https:\/\/www.youtube.com\/user\/grancursostv\"]},{\"@type\":\"Person\",\"@id\":\"https:\/\/faculdade.grancursosonline.com.br\/blog\/#\/schema\/person\/c05f350f8ea43a7138aaffc6a87bc5e0\",\"name\":\"Equipe Gran\",\"sameAs\":[\"http:\/\/www.grancursosonline.com.br\"],\"url\":\"https:\/\/faculdade.grancursosonline.com.br\/blog\/author\/hugo-oliveira\/\"}]}<\/script>\n<!-- \/ Yoast SEO Premium plugin. -->","yoast_head_json":{"title":"Inova\u00e7\u00e3o e Transforma\u00e7\u00e3o Digital: entenda o que \u00e9!","description":"Saiba tudo sobre Inova\u00e7\u00e3o e Transforma\u00e7\u00e3o Digital e como essa \u00e1rea importante para o mercado de trabalho atual pode impulsionar sua carreira","robots":{"index":"index","follow":"follow","max-snippet":"max-snippet:-1","max-image-preview":"max-image-preview:large","max-video-preview":"max-video-preview:-1"},"canonical":"https:\/\/faculdade.grancursosonline.com.br\/blog\/inovacao-transformacao-digital\/","og_locale":"pt_BR","og_type":"article","og_title":"Inova\u00e7\u00e3o e Transforma\u00e7\u00e3o Digital: entenda o que \u00e9!","og_description":"Saiba tudo sobre Inova\u00e7\u00e3o e Transforma\u00e7\u00e3o Digital e como essa \u00e1rea importante para o mercado de trabalho atual pode impulsionar sua carreira","og_url":"https:\/\/faculdade.grancursosonline.com.br\/blog\/inovacao-transformacao-digital\/","og_site_name":"Blog Gran Faculdade","article_publisher":"https:\/\/www.facebook.com\/grancursosonline\/","article_published_time":"2025-08-18T13:19:32+00:00","article_modified_time":"2025-08-18T13:19:34+00:00","og_image":[{"width":511,"height":311,"url":"https:\/\/blog-es-static.infra.grancursosonline.com.br\/wp-content\/uploads\/2025\/02\/10141340\/inovacao-transformacao-digital-social.jpg","type":"image\/jpeg"}],"author":"Equipe Gran","twitter_card":"summary_large_image","twitter_creator":"@gran_online","twitter_site":"@gran_online","twitter_misc":{"Written by":"Equipe Gran","Est. reading time":"9 minutos"},"schema":{"@context":"https:\/\/schema.org","@graph":[{"@type":"NewsArticle","@id":"https:\/\/faculdade.grancursosonline.com.br\/blog\/inovacao-transformacao-digital\/#article","isPartOf":{"@id":"https:\/\/faculdade.grancursosonline.com.br\/blog\/inovacao-transformacao-digital\/"},"author":{"name":"Equipe Gran","@id":"https:\/\/faculdade.grancursosonline.com.br\/blog\/#\/schema\/person\/c05f350f8ea43a7138aaffc6a87bc5e0"},"headline":"Inova\u00e7\u00e3o e Transforma\u00e7\u00e3o Digital: entenda o que \u00e9!","datePublished":"2025-08-18T13:19:32+00:00","dateModified":"2025-08-18T13:19:34+00:00","mainEntityOfPage":{"@id":"https:\/\/faculdade.grancursosonline.com.br\/blog\/inovacao-transformacao-digital\/"},"wordCount":1479,"commentCount":0,"publisher":{"@id":"https:\/\/faculdade.grancursosonline.com.br\/blog\/#organization"},"image":{"@id":"https:\/\/faculdade.grancursosonline.com.br\/blog\/inovacao-transformacao-digital\/#primaryimage"},"thumbnailUrl":"https:\/\/blog-es-static.infra.grancursosonline.com.br\/wp-content\/uploads\/2025\/02\/10141423\/inovacao-transformacao-digital.jpg","keywords":["Cursos e P\u00f3s-gradua\u00e7\u00e3o","Gran Cursos P\u00f3s-Gradua\u00e7\u00e3o"],"articleSection":["P\u00f3s-Gradua\u00e7\u00e3o Gran Faculdade","\u00daltimas Not\u00edcias"],"inLanguage":"pt-BR","potentialAction":[{"@type":"CommentAction","name":"Comment","target":["https:\/\/faculdade.grancursosonline.com.br\/blog\/inovacao-transformacao-digital\/#respond"]}],"copyrightYear":"2025","copyrightHolder":{"@id":"https:\/\/faculdade.grancursosonline.com.br\/blog\/#organization"}},{"@type":"WebPage","@id":"https:\/\/faculdade.grancursosonline.com.br\/blog\/inovacao-transformacao-digital\/","url":"https:\/\/faculdade.grancursosonline.com.br\/blog\/inovacao-transformacao-digital\/","name":"Inova\u00e7\u00e3o e Transforma\u00e7\u00e3o Digital: entenda o que \u00e9!","isPartOf":{"@id":"https:\/\/faculdade.grancursosonline.com.br\/blog\/#website"},"primaryImageOfPage":{"@id":"https:\/\/faculdade.grancursosonline.com.br\/blog\/inovacao-transformacao-digital\/#primaryimage"},"image":{"@id":"https:\/\/faculdade.grancursosonline.com.br\/blog\/inovacao-transformacao-digital\/#primaryimage"},"thumbnailUrl":"https:\/\/blog-es-static.infra.grancursosonline.com.br\/wp-content\/uploads\/2025\/02\/10141423\/inovacao-transformacao-digital.jpg","datePublished":"2025-08-18T13:19:32+00:00","dateModified":"2025-08-18T13:19:34+00:00","description":"Saiba tudo sobre Inova\u00e7\u00e3o e Transforma\u00e7\u00e3o Digital e como essa \u00e1rea importante para o mercado de trabalho atual pode impulsionar sua carreira","breadcrumb":{"@id":"https:\/\/faculdade.grancursosonline.com.br\/blog\/inovacao-transformacao-digital\/#breadcrumb"},"inLanguage":"pt-BR","potentialAction":[{"@type":"ReadAction","target":["https:\/\/faculdade.grancursosonline.com.br\/blog\/inovacao-transformacao-digital\/"]}]},{"@type":"ImageObject","inLanguage":"pt-BR","@id":"https:\/\/faculdade.grancursosonline.com.br\/blog\/inovacao-transformacao-digital\/#primaryimage","url":"https:\/\/blog-es-static.infra.grancursosonline.com.br\/wp-content\/uploads\/2025\/02\/10141423\/inovacao-transformacao-digital.jpg","contentUrl":"https:\/\/blog-es-static.infra.grancursosonline.com.br\/wp-content\/uploads\/2025\/02\/10141423\/inovacao-transformacao-digital.jpg","width":1001,"height":601,"caption":"Inova\u00e7\u00e3o e Transforma\u00e7\u00e3o Digital"},{"@type":"BreadcrumbList","@id":"https:\/\/faculdade.grancursosonline.com.br\/blog\/inovacao-transformacao-digital\/#breadcrumb","itemListElement":[{"@type":"ListItem","position":1,"name":"In\u00edcio","item":"https:\/\/faculdade.grancursosonline.com.br\/blog\/"},{"@type":"ListItem","position":2,"name":"P\u00f3s-Gradua\u00e7\u00e3o Gran Faculdade","item":"https:\/\/faculdade.grancursosonline.com.br\/blog\/pos-graduacao\/"},{"@type":"ListItem","position":3,"name":"Inova\u00e7\u00e3o e Transforma\u00e7\u00e3o Digital: entenda o que \u00e9!"}]},{"@type":"WebSite","@id":"https:\/\/faculdade.grancursosonline.com.br\/blog\/#website","url":"https:\/\/faculdade.grancursosonline.com.br\/blog\/","name":"Blog Gran Faculdade","description":"Tudo sobre ensino superior, p\u00f3s-gradua\u00e7\u00e3o, enem e carreira.","publisher":{"@id":"https:\/\/faculdade.grancursosonline.com.br\/blog\/#organization"},"potentialAction":[{"@type":"SearchAction","target":{"@type":"EntryPoint","urlTemplate":"https:\/\/faculdade.grancursosonline.com.br\/blog\/?s={search_term_string}"},"query-input":{"@type":"PropertyValueSpecification","valueRequired":true,"valueName":"search_term_string"}}],"inLanguage":"pt-BR"},{"@type":"Organization","@id":"https:\/\/faculdade.grancursosonline.com.br\/blog\/#organization","name":"Gran Cursos Online","url":"https:\/\/faculdade.grancursosonline.com.br\/blog\/","logo":{"@type":"ImageObject","inLanguage":"pt-BR","@id":"https:\/\/faculdade.grancursosonline.com.br\/blog\/#\/schema\/logo\/image\/","url":"https:\/\/blog-es-static.infra.grancursosonline.com.br\/wp-content\/uploads\/2019\/08\/03123934\/logo.png","contentUrl":"https:\/\/blog-es-static.infra.grancursosonline.com.br\/wp-content\/uploads\/2019\/08\/03123934\/logo.png","width":300,"height":57,"caption":"Gran Cursos Online"},"image":{"@id":"https:\/\/faculdade.grancursosonline.com.br\/blog\/#\/schema\/logo\/image\/"},"sameAs":["https:\/\/www.facebook.com\/grancursosonline\/","https:\/\/x.com\/gran_online","https:\/\/www.instagram.com\/grancursosonline\/","https:\/\/www.youtube.com\/user\/grancursostv"]},{"@type":"Person","@id":"https:\/\/faculdade.grancursosonline.com.br\/blog\/#\/schema\/person\/c05f350f8ea43a7138aaffc6a87bc5e0","name":"Equipe Gran","sameAs":["http:\/\/www.grancursosonline.com.br"],"url":"https:\/\/faculdade.grancursosonline.com.br\/blog\/author\/hugo-oliveira\/"}]}},"_links":{"self":[{"href":"https:\/\/faculdade.grancursosonline.com.br\/blog\/wp-json\/wp\/v2\/posts\/79627387","targetHints":{"allow":["GET"]}}],"collection":[{"href":"https:\/\/faculdade.grancursosonline.com.br\/blog\/wp-json\/wp\/v2\/posts"}],"about":[{"href":"https:\/\/faculdade.grancursosonline.com.br\/blog\/wp-json\/wp\/v2\/types\/post"}],"author":[{"embeddable":true,"href":"https:\/\/faculdade.grancursosonline.com.br\/blog\/wp-json\/wp\/v2\/users\/486"}],"replies":[{"embeddable":true,"href":"https:\/\/faculdade.grancursosonline.com.br\/blog\/wp-json\/wp\/v2\/comments?post=79627387"}],"version-history":[{"count":4,"href":"https:\/\/faculdade.grancursosonline.com.br\/blog\/wp-json\/wp\/v2\/posts\/79627387\/revisions"}],"predecessor-version":[{"id":79756921,"href":"https:\/\/faculdade.grancursosonline.com.br\/blog\/wp-json\/wp\/v2\/posts\/79627387\/revisions\/79756921"}],"wp:featuredmedia":[{"embeddable":true,"href":"https:\/\/faculdade.grancursosonline.com.br\/blog\/wp-json\/wp\/v2\/media\/79752255"}],"wp:attachment":[{"href":"https:\/\/faculdade.grancursosonline.com.br\/blog\/wp-json\/wp\/v2\/media?parent=79627387"}],"wp:term":[{"taxonomy":"category","embeddable":true,"href":"https:\/\/faculdade.grancursosonline.com.br\/blog\/wp-json\/wp\/v2\/categories?post=79627387"},{"taxonomy":"post_tag","embeddable":true,"href":"https:\/\/faculdade.grancursosonline.com.br\/blog\/wp-json\/wp\/v2\/tags?post=79627387"}],"curies":[{"name":"wp","href":"https:\/\/api.w.org\/{rel}","templated":true}]}}