{"id":79631263,"date":"2024-06-03T17:37:58","date_gmt":"2024-06-03T20:37:58","guid":{"rendered":"https:\/\/blog.grancursosonline.com.br\/?p=79631263"},"modified":"2025-01-15T15:50:44","modified_gmt":"2025-01-15T18:50:44","slug":"faculdade-direito-gran","status":"publish","type":"post","link":"https:\/\/faculdade.grancursosonline.com.br\/blog\/faculdade-direito-gran\/","title":{"rendered":"Faculdade de Direito: como \u00e9 o curso e a \u00e1rea de atua\u00e7\u00e3o?"},"content":{"rendered":"\n<p>Uma das forma\u00e7\u00f5es mais tradicionais do pa\u00eds, a Faculdade de Direito \u00e9 a principal gradua\u00e7\u00e3o para as carreiras jur\u00eddicas. Por isso, leia a seguir tudo sobre a Faculdade de Direito!<\/p>\n\n\n\n<p>Agora, vamos l\u00e1, se preferir, navegue pelo \u00edndice abaixo:<\/p>\n\n\n\n<ul class=\"wp-block-list\">\n<li><a href=\"#comecar\">Quero fazer faculdade de direito por onde come\u00e7ar?<\/a><\/li>\n\n\n\n<li><a href=\"#ead\">Por que n\u00e3o existe curso de Direito EAD?<\/a><\/li>\n\n\n\n<li><a href=\"#precisa\">O que precisa para fazer Faculdade de Direito?<\/a><\/li>\n\n\n\n<li><a href=\"#como\">Como \u00e9 a Faculdade de Direito?<\/a><\/li>\n\n\n\n<li><a href=\"#materias\">Quais mat\u00e9rias tem na Faculdade de Direito?<\/a><\/li>\n\n\n\n<li><a href=\"#tempo\">Quanto tempo dura a Faculdade de Direito?<\/a><\/li>\n\n\n\n<li><a href=\"#quanto\">Quanto custa uma Faculdade de Direito?<\/a><\/li>\n\n\n\n<li><a href=\"#vantagens\">Quais as vantagens de fazer Faculdade de Direito?<\/a><\/li>\n\n\n\n<li><a href=\"#depois\">O que fazer depois da Faculdade de Direito?<\/a><\/li>\n\n\n\n<li><a href=\"#curitiba\">Faculdade de Direito em Curitiba \u00e9 no Gran!<\/a><\/li>\n<\/ul>\n\n\n\n<div class=\"wp-block-group has-background\" style=\"background-color:#8dd2fc7a\"><div class=\"wp-block-group__inner-container is-layout-constrained wp-block-group-is-layout-constrained\">\n<p><strong>Outras not\u00edcias em destaque:<\/strong><\/p>\n\n\n\n<ul class=\"wp-block-list\">\n<li><a href=\"https:\/\/blog.grancursosonline.com.br\/unibagozzi-gran-faculdade\/\" target=\"_blank\" rel=\"noopener\">UniBagozzi agora \u00e9 Gran Faculdade Campus Curitiba! Entenda<\/a> <\/li>\n\n\n\n<li><a href=\"https:\/\/blog.grancursosonline.com.br\/direito-ead\/\" target=\"_blank\" rel=\"noreferrer noopener\">Existe curso de Direito EAD reconhecido pelo MEC? Veja!<\/a><\/li>\n\n\n\n<li><a href=\"https:\/\/blog.grancursosonline.com.br\/me-formei-em-direito-e-agora\/\" target=\"_blank\" rel=\"noreferrer noopener\">Me formei em Direito e agora? OAB, p\u00f3s ou concurso p\u00fablico?<\/a><\/li>\n<\/ul>\n<\/div><\/div>\n\n\n\n<h2 class=\"wp-block-heading\" id=\"comecar\">Quero fazer Faculdade de Direito por onde come\u00e7ar?<\/h2>\n\n\n\n<p>O primeiro passo para quem quer fazer Faculdade de Direito \u00e9 conhecer mais do curso e escolher a faculdade ou universidade em que quer estudar. Assim, voc\u00ea descobre como \u00e9 a forma de ingresso e pode se preparar para o processo seletivo.<\/p>\n\n\n\n<p>Al\u00e9m do vestibular pr\u00f3prio, que pode ser tradicional ou agendado, \u00e9 preciso entender se a institui\u00e7\u00e3o aceita as notas do Exame Nacional do Ensino M\u00e9dio (<a href=\"https:\/\/blog.grancursosonline.com.br\/enem-exame-nacional-do-ensino-medio\/\" target=\"_blank\" rel=\"noopener\">Enem<\/a>) ou do Exame Nacional para Certifica\u00e7\u00e3o de Compet\u00eancias de Jovens e Adultos (<a href=\"https:\/\/blog.grancursosonline.com.br\/o-que-e-encceja\/\" target=\"_blank\" rel=\"noopener\">Encceja<\/a>).<\/p>\n\n\n\n<p>Se h\u00e1 pol\u00edticas de vagas pelo Sistema de Solu\u00e7\u00e3o Unificada (<a href=\"https:\/\/blog.grancursosonline.com.br\/sisu-sistema-de-selecao-unificada\/\" target=\"_blank\" rel=\"noopener\">Sisu<\/a>) e de bolsas pelo Programa Universidade para Todos (<a href=\"https:\/\/blog.grancursosonline.com.br\/prouni\/\" target=\"_blank\" rel=\"noopener\">Prouni<\/a>) ou outras formas de ingresso e desconto.<\/p>\n\n\n\n<p>Com isso, voc\u00ea consegue definir metas de estudo e organiza\u00e7\u00e3o para buscar sua aprova\u00e7\u00e3o.<\/p>\n\n\n\n<p>Os principais itens que podem te ajudar na escolha da institui\u00e7\u00e3o de ensino:<\/p>\n\n\n\n<ul class=\"wp-block-list\">\n<li>Nota do Minist\u00e9rio da Educa\u00e7\u00e3o (MEC)<\/li>\n\n\n\n<li>Depoimento de alunos e ex-alunos;<\/li>\n\n\n\n<li>Estrutura da institui\u00e7\u00e3o;<\/li>\n\n\n\n<li>Log\u00edstica que se encaixe \u00e0 sua rotina.<\/li>\n<\/ul>\n\n\n\n<p>Como <strong>n\u00e3o existe curso de <a href=\"https:\/\/blog.grancursosonline.com.br\/direito-ead\/\" target=\"_blank\" rel=\"noopener\">Direito EAD<\/a> no Brasil<\/strong>, voc\u00ea dever\u00e1 avaliar tamb\u00e9m a log\u00edstica para assistir \u00e0s aulas presenciais e incluir no or\u00e7amento o investimento com transporte e materiais, mesmo para institui\u00e7\u00f5es p\u00fablicas.<\/p>\n\n\n\n<p>A Gran Faculdade possui curso de Direito na modalidade presencial no Campus Curitiba, que fica localizado no bairro Port\u00e3o, uma regi\u00e3o centralizada com f\u00e1cil acesso para toda a cidade e Regi\u00e3o Metropolitana (RMC).<\/p>\n\n\n\n<p>Por isso, \u00e9 uma excelente op\u00e7\u00e3o para quem quer fazer sua Faculdade de Direito com qualidade no ensino e uma boa localiza\u00e7\u00e3o.<\/p>\n\n\n\n<h2 class=\"wp-block-heading\" id=\"ead\">Por que n\u00e3o existe curso de Direito EAD?<\/h2>\n\n\n\n<p>A decis\u00e3o de oferecer um curso na modalidade EAD passa por diversas quest\u00f5es e, no caso do Direito, a Ordem dos Advogados do Brasil se posiciona contr\u00e1ria ao ensino online.&nbsp;<\/p>\n\n\n\n<p>Durante a pandemia, diversos cursos de Direito foram ofertados na modalidade EAD, com o respaldo do Instituto Nacional de Estudos e Pesquisas Educacionais An\u00edsio Teixeira (Inep).<\/p>\n\n\n\n<p>O \u00f3rg\u00e3o fez uma s\u00e9rie de visitas virtuais nas institui\u00e7\u00f5es. Isso embasou a possibilidade de autoriza\u00e7\u00e3o do curso de Direito EAD na \u00e9poca.&nbsp;<\/p>\n\n\n\n<p>Todavia, em 2022 uma portaria suspendeu esses processos e travou a avalia\u00e7\u00e3o, autoriza\u00e7\u00e3o e reconhecimento dos cursos.<\/p>\n\n\n\n<p>Ou seja, o curso de Direito EAD foi permitido como medida emergencial durante a pandemia. Hoje em dia, a autoriza\u00e7\u00e3o segue em negocia\u00e7\u00e3o, mas ainda n\u00e3o \u00e9 permitido.&nbsp;<\/p>\n\n\n\n<h3 class=\"wp-block-heading\" id=\"h-quantas-faculdades-de-direito-existem-no-brasil\">Quantas faculdades de Direito existem no Brasil?<\/h3>\n\n\n\n<p>De acordo com o Minist\u00e9rio da Educa\u00e7\u00e3o, atualmente, h\u00e1 mais de 1.900 cursos de Direito no Brasil. <\/p>\n\n\n\n<h2 class=\"wp-block-heading\" id=\"precisa\">O que precisa para fazer Faculdade de Direito?<\/h2>\n\n\n\n<p>Para fazer Faculdade de Direito voc\u00ea precisa ser aprovado(a) para ingressar em alguma institui\u00e7\u00e3o de ensino superior. Os conhecimentos necess\u00e1rios para o curso ser\u00e3o abordados ao longo da pr\u00f3pria gradua\u00e7\u00e3o.<\/p>\n\n\n\n<p>Al\u00e9m disso, \u00e9 importante se organizar com rela\u00e7\u00e3o \u00e0s finan\u00e7as e \u00e0 log\u00edstica para os 5 anos de curso. Vale a pena, conferir qual o valor da faculdade de Direito e como voc\u00ea vai se deslocar para o Campus nos dias de aula, por exemplo. <\/p>\n\n\n\n<h2 class=\"wp-block-heading\" id=\"como\">Como \u00e9 a Faculdade de Direito?<\/h2>\n\n\n\n<p>A Faculdade de Direito \u00e9 uma forma\u00e7\u00e3o ampla, a t\u00edtulo de bacharelado, com dura\u00e7\u00e3o de 5 anos, que alia teoria e pr\u00e1tica para atua\u00e7\u00e3o em ramos diversos para carreiras jur\u00eddicas.<\/p>\n\n\n\n<p>De forma resumida, o curso de Direito \u00e9 uma forma\u00e7\u00e3o dentro das ci\u00eancias sociais e humanas, que busca compreender conflitos, analisar limites e possibilidades do Direito com base na \u00e9tica e na justi\u00e7a social.<\/p>\n\n\n\n<p>A seguir, confira tudo sobre a Faculdade de Direito de forma resumida para te ajudar a entender o caminho at\u00e9 o diploma!<\/p>\n\n\n\n<h2 class=\"wp-block-heading\" id=\"materias\">Quais mat\u00e9rias tem na Faculdade de Direito?<\/h2>\n\n\n\n<p>A Faculdade de Direito \u00e9 uma forma\u00e7\u00e3o ampla com uma base te\u00f3rica e pr\u00e1tica para que o(a) estudante possa definir os pr\u00f3ximos passos de sua carreira, seja advogando, se especializando, buscando aprova\u00e7\u00e3o em concurso p\u00fablico, etc.<\/p>\n\n\n\n<p>As mat\u00e9rias da Faculdade de Direito abordam os ramos mais importantes do Direito Contempor\u00e2neo fundamentadas na Constitui\u00e7\u00e3o Federal para formar profissionais \u00e9ticos e capacitados tanto na teoria quanto na pr\u00e1tica.<\/p>\n\n\n\n<p>Por isso, a grade curricular da Faculdade de Direito da Gran Faculdade Campus Curitiba conta com disciplinas como:<\/p>\n\n\n\n<ul class=\"wp-block-list\">\n<li>Teoria do Direito<\/li>\n\n\n\n<li>Psicologia Jur\u00eddica<\/li>\n\n\n\n<li>Ci\u00eancia Pol\u00edtica<\/li>\n\n\n\n<li>\u00c9tica e Direitos Humanos<\/li>\n\n\n\n<li>Filosofia, Sociologia e antropologia<\/li>\n\n\n\n<li>Constitui\u00e7\u00e3o e direitos fundamentais<\/li>\n\n\n\n<li>Responsabilidade Socioambiental<\/li>\n\n\n\n<li>Legisla\u00e7\u00e3o Penal Especial<\/li>\n\n\n\n<li>Media\u00e7\u00e3o de rela\u00e7\u00f5es<\/li>\n\n\n\n<li>Enfrentamento \u00e0 viol\u00eancia de g\u00eanero<\/li>\n\n\n\n<li>Economia e empreendedorismo<\/li>\n\n\n\n<li>E espec\u00edficas das \u00e1reas do Direito:\n<ul class=\"wp-block-list\">\n<li>Civil e Processual Civil<\/li>\n\n\n\n<li>Penal e Processual Penal<\/li>\n\n\n\n<li>Constitucional<\/li>\n\n\n\n<li>Direito do Trabalho<\/li>\n\n\n\n<li>Empresarial<\/li>\n\n\n\n<li>Previdenci\u00e1rio<\/li>\n\n\n\n<li>Tribut\u00e1rio e Finan\u00e7as P\u00fablicas<\/li>\n\n\n\n<li>Direito do Consumidor<\/li>\n\n\n\n<li>Administrativo<\/li>\n\n\n\n<li>Regional<\/li>\n\n\n\n<li>Ambiental<\/li>\n\n\n\n<li>Internacional p\u00fablico e privado, etc.<\/li>\n<\/ul>\n<\/li>\n<\/ul>\n\n\n\n<p>No Gran, os estudantes tamb\u00e9m podem optar pela disciplina de L\u00edngua Brasileira de Sinais (Libras). E os alunos de Direito da Gran Faculdade Campus Curitiba contam com projetos integradores e atividades de extens\u00e3o.<\/p>\n\n\n\n<p>Al\u00e9m do suporte necess\u00e1rio para concluir a Faculdade de Direito tanto na realiza\u00e7\u00e3o do est\u00e1gio obrigat\u00f3rio quanto no Trabalho de Conclus\u00e3o de Curso (TCC).<\/p>\n\n\n\n<h2 class=\"wp-block-heading\" id=\"tempo\">Quanto tempo dura a Faculdade de Direito?<\/h2>\n\n\n\n<p>De acordo com a regulamenta\u00e7\u00e3o do MEC, a Faculdade de Direito possui dura\u00e7\u00e3o m\u00ednima de 5 anos ou 10 semestres.<\/p>\n\n\n\n<p>Agora que voc\u00ea j\u00e1 sabe quanto tempo dura a Faculdade de Direito, confira tamb\u00e9m o qual o valor da faculdade de Direito. Afinal, essa informa\u00e7\u00e3o \u00e9 fundamental para sua organiza\u00e7\u00e3o ao longo dos 5 anos de curso.<\/p>\n\n\n\n<h3 class=\"wp-block-heading\" id=\"h-quantos-periodos-tem-a-faculdade-de-direito\">Quantos per\u00edodos tem a faculdade de Direito?<\/h3>\n\n\n\n<p>A faculdade de Direito dura 10 per\u00edodos (ou seja, 5 anos, no m\u00ednimo). <\/p>\n\n\n\n<h2 class=\"wp-block-heading\" id=\"quanto\">Quanto custa uma Faculdade de Direito?<\/h2>\n\n\n\n<p>No Brasil, \u00e9 poss\u00edvel encontrar Faculdades de Direito com mensalidades de at\u00e9 R$5 mil. Mas na Gran Faculdade, nosso objetivo \u00e9 que voc\u00ea consiga se graduar com qualidade, sem precisar se endividar para isso.&nbsp;<\/p>\n\n\n\n<p>Por isso, aproveitando os programas de descontos da Gran Faculdade Campus Curitiba, \u00e9 poss\u00edvel estudar com mensalidade a partir de R$752,40.&nbsp;Confira as <a href=\"https:\/\/presencial.grancursosonline.com.br\/cursos\/direito\/\" target=\"_blank\" rel=\"noopener\">condi\u00e7\u00f5es<\/a> e valores.<\/p>\n\n\n\n<h2 class=\"wp-block-heading\" id=\"vantagens\">Quais as vantagens de fazer Faculdade de Direito?<\/h2>\n\n\n\n<p>A Faculdade de Direito \u00e9 uma das principais forma\u00e7\u00f5es para quem quer seguir carreira nas \u00e1reas jur\u00eddicas, policiais e legislativas.&nbsp;<\/p>\n\n\n\n<p>Segundo dados da OAB, o Brasil conta com cerca de 1,3 milh\u00e3o de advogados exercendo regularmente a profiss\u00e3o. Mas por ser uma gradua\u00e7\u00e3o completa e robusta, os campos de atua\u00e7\u00e3o profissional s\u00e3o diversos, o que garante boas oportunidades de carreira.&nbsp;<\/p>\n\n\n\n<p>Dessa forma, se voc\u00ea se interessa pela \u00e1rea, pode encontrar diversas vantagens neste curso!&nbsp;<\/p>\n\n\n\n<h2 class=\"wp-block-heading\" id=\"depois\">O que fazer depois de Direito?<\/h2>\n\n\n\n<p>Ap\u00f3s a Faculdade de Direito, caso voc\u00ea queira advogar, ser\u00e1 preciso conquistar a aprova\u00e7\u00e3o no exame da Ordem dos Advogados do Brasil (OAB).<\/p>\n\n\n\n<p>Por outro lado, caso seu objetivo n\u00e3o seja a advocacia, \u00e9 poss\u00edvel atuar em outros cargos como: assessor jur\u00eddico, perito criminal ou civil, escriv\u00e3o, etc.<\/p>\n\n\n\n<p>Tamb\u00e9m \u00e9 poss\u00edvel buscar uma p\u00f3s-gradua\u00e7\u00e3o para se tornar especialista em uma \u00e1rea, podendo prestar servi\u00e7os de consultoria jur\u00eddica. Seguir a carreira de docente ou de pesquisador.<\/p>\n\n\n\n<p>Ou ainda, prestar concurso p\u00fablico para \u00f3rg\u00e3os como Minist\u00e9rio P\u00fablico Federal e Estadual, Procuradoria Estadual e Municipal, Advocacia Geral da Uni\u00e3o, Defensoria P\u00fablica, Corpora\u00e7\u00f5es de Pol\u00edcia Civil, Federal, Rodovi\u00e1ria Federal, entre outras.<\/p>\n\n\n\n<h2 class=\"wp-block-heading\" id=\"curitiba\">Faculdade de Direito em Curitiba \u00e9 no Gran!<\/h2>\n\n\n\n<p>Quer fazer sua Faculdade de Direito em Curitiba? Ent\u00e3o, aproveite as vantagens de ser Gran para estudar em uma institui\u00e7\u00e3o reconhecida com nota m\u00e1xima pelo MEC e mensalidades acess\u00edveis:<\/p>\n\n\n\n<ul class=\"wp-block-list\">\n<li>Capacita\u00e7\u00e3o para o mercado de trabalho de forma cr\u00edtica e interdisciplinar;<\/li>\n\n\n\n<li>Professores qualificados, especialistas, mestres e doutores;<\/li>\n\n\n\n<li>Oportunidades de est\u00e1gios em escrit\u00f3rios e \u00f3rg\u00e3os p\u00fablicos conveniados com a Gran Faculdade Campus Curitiba;<\/li>\n\n\n\n<li>Oportunidade de viv\u00eancia de pr\u00e1tica jur\u00eddica no nosso N\u00facleo de Pr\u00e1tica Jur\u00eddica, atuando em casos reais que envolvem diversas \u00e1reas do Direito;<\/li>\n\n\n\n<li>Pr\u00e1tica Simulada em sala de aula;<\/li>\n\n\n\n<li>Biblioteca f\u00edsica com acervo diversificado para empr\u00e9stimos e consultas, al\u00e9m da disponibilidade de computadores para pesquisa e amplo espa\u00e7o para estudo individual ou em grupo, bem como disponibiliza acesso gratuito \u00e0 Biblioteca Virtual nas plataformas digitais Pearson e Saraiva, com acervo variado e atualizado;<\/li>\n\n\n\n<li>Incentivo \u00e0 pesquisa cient\u00edfica, desenvolvimento de trabalhos e projetos integrados com a comunidade, a\u00e7\u00f5es sociais, metodologias ativas de aprendizagem.<\/li>\n<\/ul>\n\n\n\n<p>Ent\u00e3o, n\u00e3o perca tempo, o <a href=\"https:\/\/presencial.grancursosonline.com.br\/inscricao\/vestibular\/\" target=\"_blank\" rel=\"noopener\">vestibular<\/a> de ver\u00e3o da Gran Faculdade Campus Curitiba \u00e9 gratuito e online e est\u00e1 com inscri\u00e7\u00f5es abertas. Venha estudar em uma das melhores Faculdades de Direito do Brasil!<\/p>\n\n\n\n<div class=\"wp-block-group\"><div class=\"wp-block-group__inner-container is-layout-constrained wp-block-group-is-layout-constrained\">\n<section style=\"text-align: center;\">\n<p>Quer ficar por dentro da Faculdade Digital mais inovadora do Brasil?<\/p>\n<nav>\n<p class=\"has-background has-dark-bluish-background-color\" style=\"font-size: 25px; text-align: center; background: #f0f0f0; color: #ffffff; padding: 4px 0px 4xp 0px;\"><a style=\"color: #0d134c; text-decoration: underline;\" href=\"https:\/\/faculdade.grancursosonline.com.br\/\" target=\"_blank\" rel=\"noopener\">GRADUA\u00c7\u00c3O<\/a><\/p>\n<p class=\"has-background has-dark-bluish-background-color\" style=\"font-size: 25px; text-align: center; background: #f0f0f0; color: #ffffff; padding: 4px 0px 4xp 0px;\"><a style=\"color: #0d134c; text-decoration: underline;\" href=\"https:\/\/pos.grancursosonline.com.br\/\" target=\"_blank\" rel=\"noopener\">P\u00d3S-GRADUA\u00c7\u00c3O<\/a><\/p>\n<p class=\"has-background has-dark-bluish-background-color\" style=\"font-size: 25px; text-align: center; background: #f0f0f0; color: #ffffff; padding: 4px 0px 4xp 0px;\"><a style=\"color: #0d134c; text-decoration: underline;\" href=\"https:\/\/faculdade.grancursosonline.com.br\/nossos-cursos\/\" target=\"_blank\" rel=\"noopener\">TUDO SOBRE A GRAN FACULDADE<\/a><\/p>\n<\/nav>\n<p><strong>Receba <span style=\"color: #cf1e25;\">gratuitamente<\/span> no seu celular as principais not\u00edcias sobre a Gran Faculdade! <br \/>Clique no link abaixo e inscreva-se:<\/strong><\/p>\n<p class=\"has-background has-dark-bluish-background-color\" style=\"font-size: 25px; text-align: center; background: #f0f0f0; color: #ffffff; padding: 4px 0px 4xp 0px;\"><a style=\"color: #0d134c; text-decoration: underline;\" href=\"https:\/\/whatsapp.com\/channel\/0029VaG1sChI7Be7PNndhL43\" target=\"_blank\" rel=\"noopener noreferrer\">WHATSAPP<\/a><\/p>\n<p class=\"has-background has-dark-bluish-background-color\" style=\"font-size: 25px; text-align: center; background: #f0f0f0; color: #ffffff; padding: 4px 0px 4xp 0px;\"><a style=\"color: #0d134c; text-decoration: underline;\" href=\"https:\/\/t.me\/GranFaculdade\" target=\"_blank\" rel=\"noopener noreferrer\">TELEGRAM<\/a><\/p>\n<\/section>\n<\/div><\/div>\n\n\n\n<p class=\"has-text-align-left\"><\/p>\n","protected":false},"excerpt":{"rendered":"<p>Uma das forma\u00e7\u00f5es mais tradicionais do pa\u00eds, a Faculdade de Direito \u00e9 a principal gradua\u00e7\u00e3o para as carreiras jur\u00eddicas. Por isso, leia a seguir tudo sobre a Faculdade de Direito! Agora, vamos l\u00e1, se preferir, navegue pelo \u00edndice abaixo: Outras not\u00edcias em destaque: Quero fazer Faculdade de Direito por onde come\u00e7ar? O primeiro passo para&hellip;<\/p>\n","protected":false},"author":487,"featured_media":79631266,"comment_status":"open","ping_status":"open","sticky":false,"template":"","format":"standard","meta":{"_acf_changed":false,"content-type":"","footnotes":""},"categories":[218545,219791,2],"tags":[],"class_list":["post-79631263","post","type-post","status-publish","format-standard","has-post-thumbnail","hentry","category-graduacao","category-gran-faculdade-campus-curitiba","category-ultimas-noticias"],"acf":[],"yoast_head":"<!-- This site is optimized with the Yoast SEO Premium plugin v27.2 (Yoast SEO v27.2) - https:\/\/yoast.com\/product\/yoast-seo-premium-wordpress\/ -->\n<title>Faculdade de Direito: como \u00e9 o curso e a \u00e1rea de atua\u00e7\u00e3o?<\/title>\n<meta name=\"description\" content=\"A Faculdade de Direito \u00e9 uma das mais relevantes para carreiras jur\u00eddicas, entenda mais sobre o curso e a \u00e1rea de atua\u00e7\u00e3o profissional!\" \/>\n<meta name=\"robots\" content=\"index, follow, max-snippet:-1, max-image-preview:large, max-video-preview:-1\" \/>\n<link rel=\"canonical\" href=\"https:\/\/faculdade.grancursosonline.com.br\/blog\/faculdade-direito-gran\/\" \/>\n<meta property=\"og:locale\" content=\"pt_BR\" \/>\n<meta property=\"og:type\" content=\"article\" \/>\n<meta property=\"og:title\" content=\"Faculdade de Direito: como \u00e9 o curso e a \u00e1rea de atua\u00e7\u00e3o?\" \/>\n<meta property=\"og:description\" content=\"A Faculdade de Direito \u00e9 uma das mais relevantes para carreiras jur\u00eddicas, entenda mais sobre o curso e a \u00e1rea de atua\u00e7\u00e3o profissional!\" \/>\n<meta property=\"og:url\" content=\"https:\/\/faculdade.grancursosonline.com.br\/blog\/faculdade-direito-gran\/\" \/>\n<meta property=\"og:site_name\" content=\"Blog Gran Faculdade\" \/>\n<meta property=\"article:publisher\" content=\"https:\/\/www.facebook.com\/grancursosonline\/\" \/>\n<meta property=\"article:published_time\" content=\"2024-06-03T20:37:58+00:00\" \/>\n<meta property=\"article:modified_time\" content=\"2025-01-15T18:50:44+00:00\" \/>\n<meta property=\"og:image\" content=\"https:\/\/blog-es-static.infra.grancursosonline.com.br\/wp-content\/uploads\/2023\/07\/26192210\/faculdade-direito-gran.jpg\" \/>\n\t<meta property=\"og:image:width\" content=\"1000\" \/>\n\t<meta property=\"og:image:height\" content=\"600\" \/>\n\t<meta property=\"og:image:type\" content=\"image\/jpeg\" \/>\n<meta name=\"author\" content=\"Equipe Gran\" \/>\n<meta name=\"twitter:card\" content=\"summary_large_image\" \/>\n<meta name=\"twitter:creator\" content=\"@gran_online\" \/>\n<meta name=\"twitter:site\" content=\"@gran_online\" \/>\n<meta name=\"twitter:label1\" content=\"Written by\" \/>\n\t<meta name=\"twitter:data1\" content=\"Equipe Gran\" \/>\n\t<meta name=\"twitter:label2\" content=\"Est. reading time\" \/>\n\t<meta name=\"twitter:data2\" content=\"9 minutos\" \/>\n<script type=\"application\/ld+json\" class=\"yoast-schema-graph\">{\"@context\":\"https:\/\/schema.org\",\"@graph\":[{\"@type\":\"NewsArticle\",\"@id\":\"https:\/\/faculdade.grancursosonline.com.br\/blog\/faculdade-direito-gran\/#article\",\"isPartOf\":{\"@id\":\"https:\/\/faculdade.grancursosonline.com.br\/blog\/faculdade-direito-gran\/\"},\"author\":{\"name\":\"Equipe Gran\",\"@id\":\"https:\/\/faculdade.grancursosonline.com.br\/blog\/#\/schema\/person\/92cc8eebdedc10b3078fe6aff8fc09f4\"},\"headline\":\"Faculdade de Direito: como \u00e9 o curso e a \u00e1rea de atua\u00e7\u00e3o?\",\"datePublished\":\"2024-06-03T20:37:58+00:00\",\"dateModified\":\"2025-01-15T18:50:44+00:00\",\"mainEntityOfPage\":{\"@id\":\"https:\/\/faculdade.grancursosonline.com.br\/blog\/faculdade-direito-gran\/\"},\"wordCount\":1643,\"commentCount\":0,\"publisher\":{\"@id\":\"https:\/\/faculdade.grancursosonline.com.br\/blog\/#organization\"},\"image\":{\"@id\":\"https:\/\/faculdade.grancursosonline.com.br\/blog\/faculdade-direito-gran\/#primaryimage\"},\"thumbnailUrl\":\"https:\/\/blog-es-static.infra.grancursosonline.com.br\/wp-content\/uploads\/2023\/07\/26192210\/faculdade-direito-gran.jpg\",\"articleSection\":[\"Gradua\u00e7\u00e3o Gran Faculdade\",\"Gran Faculdade Campus Curitiba\",\"\u00daltimas Not\u00edcias\"],\"inLanguage\":\"pt-BR\",\"potentialAction\":[{\"@type\":\"CommentAction\",\"name\":\"Comment\",\"target\":[\"https:\/\/faculdade.grancursosonline.com.br\/blog\/faculdade-direito-gran\/#respond\"]}],\"copyrightYear\":\"2024\",\"copyrightHolder\":{\"@id\":\"https:\/\/faculdade.grancursosonline.com.br\/blog\/#organization\"}},{\"@type\":\"WebPage\",\"@id\":\"https:\/\/faculdade.grancursosonline.com.br\/blog\/faculdade-direito-gran\/\",\"url\":\"https:\/\/faculdade.grancursosonline.com.br\/blog\/faculdade-direito-gran\/\",\"name\":\"Faculdade de Direito: como \u00e9 o curso e a \u00e1rea de atua\u00e7\u00e3o?\",\"isPartOf\":{\"@id\":\"https:\/\/faculdade.grancursosonline.com.br\/blog\/#website\"},\"primaryImageOfPage\":{\"@id\":\"https:\/\/faculdade.grancursosonline.com.br\/blog\/faculdade-direito-gran\/#primaryimage\"},\"image\":{\"@id\":\"https:\/\/faculdade.grancursosonline.com.br\/blog\/faculdade-direito-gran\/#primaryimage\"},\"thumbnailUrl\":\"https:\/\/blog-es-static.infra.grancursosonline.com.br\/wp-content\/uploads\/2023\/07\/26192210\/faculdade-direito-gran.jpg\",\"datePublished\":\"2024-06-03T20:37:58+00:00\",\"dateModified\":\"2025-01-15T18:50:44+00:00\",\"description\":\"A Faculdade de Direito \u00e9 uma das mais relevantes para carreiras jur\u00eddicas, entenda mais sobre o curso e a \u00e1rea de atua\u00e7\u00e3o profissional!\",\"breadcrumb\":{\"@id\":\"https:\/\/faculdade.grancursosonline.com.br\/blog\/faculdade-direito-gran\/#breadcrumb\"},\"inLanguage\":\"pt-BR\",\"potentialAction\":[{\"@type\":\"ReadAction\",\"target\":[\"https:\/\/faculdade.grancursosonline.com.br\/blog\/faculdade-direito-gran\/\"]}]},{\"@type\":\"ImageObject\",\"inLanguage\":\"pt-BR\",\"@id\":\"https:\/\/faculdade.grancursosonline.com.br\/blog\/faculdade-direito-gran\/#primaryimage\",\"url\":\"https:\/\/blog-es-static.infra.grancursosonline.com.br\/wp-content\/uploads\/2023\/07\/26192210\/faculdade-direito-gran.jpg\",\"contentUrl\":\"https:\/\/blog-es-static.infra.grancursosonline.com.br\/wp-content\/uploads\/2023\/07\/26192210\/faculdade-direito-gran.jpg\",\"width\":1000,\"height\":600,\"caption\":\"Faculdade de Direito\"},{\"@type\":\"BreadcrumbList\",\"@id\":\"https:\/\/faculdade.grancursosonline.com.br\/blog\/faculdade-direito-gran\/#breadcrumb\",\"itemListElement\":[{\"@type\":\"ListItem\",\"position\":1,\"name\":\"In\u00edcio\",\"item\":\"https:\/\/faculdade.grancursosonline.com.br\/blog\/\"},{\"@type\":\"ListItem\",\"position\":2,\"name\":\"Gran Faculdade Campus Curitiba\",\"item\":\"https:\/\/faculdade.grancursosonline.com.br\/blog\/categoria\/gran-faculdade-campus-curitiba\/\"},{\"@type\":\"ListItem\",\"position\":3,\"name\":\"Faculdade de Direito: como \u00e9 o curso e a \u00e1rea de atua\u00e7\u00e3o?\"}]},{\"@type\":\"WebSite\",\"@id\":\"https:\/\/faculdade.grancursosonline.com.br\/blog\/#website\",\"url\":\"https:\/\/faculdade.grancursosonline.com.br\/blog\/\",\"name\":\"Blog Gran Faculdade\",\"description\":\"Tudo sobre ensino superior, p\u00f3s-gradua\u00e7\u00e3o, enem e carreira.\",\"publisher\":{\"@id\":\"https:\/\/faculdade.grancursosonline.com.br\/blog\/#organization\"},\"potentialAction\":[{\"@type\":\"SearchAction\",\"target\":{\"@type\":\"EntryPoint\",\"urlTemplate\":\"https:\/\/faculdade.grancursosonline.com.br\/blog\/?s={search_term_string}\"},\"query-input\":{\"@type\":\"PropertyValueSpecification\",\"valueRequired\":true,\"valueName\":\"search_term_string\"}}],\"inLanguage\":\"pt-BR\"},{\"@type\":\"Organization\",\"@id\":\"https:\/\/faculdade.grancursosonline.com.br\/blog\/#organization\",\"name\":\"Gran Cursos Online\",\"url\":\"https:\/\/faculdade.grancursosonline.com.br\/blog\/\",\"logo\":{\"@type\":\"ImageObject\",\"inLanguage\":\"pt-BR\",\"@id\":\"https:\/\/faculdade.grancursosonline.com.br\/blog\/#\/schema\/logo\/image\/\",\"url\":\"https:\/\/blog-es-static.infra.grancursosonline.com.br\/wp-content\/uploads\/2019\/08\/03123934\/logo.png\",\"contentUrl\":\"https:\/\/blog-es-static.infra.grancursosonline.com.br\/wp-content\/uploads\/2019\/08\/03123934\/logo.png\",\"width\":300,\"height\":57,\"caption\":\"Gran Cursos Online\"},\"image\":{\"@id\":\"https:\/\/faculdade.grancursosonline.com.br\/blog\/#\/schema\/logo\/image\/\"},\"sameAs\":[\"https:\/\/www.facebook.com\/grancursosonline\/\",\"https:\/\/x.com\/gran_online\",\"https:\/\/www.instagram.com\/grancursosonline\/\",\"https:\/\/www.youtube.com\/user\/grancursostv\"]},{\"@type\":\"Person\",\"@id\":\"https:\/\/faculdade.grancursosonline.com.br\/blog\/#\/schema\/person\/92cc8eebdedc10b3078fe6aff8fc09f4\",\"name\":\"Equipe Gran\",\"description\":\"Produtora de Conte\u00fados da Gran Faculdade\",\"sameAs\":[\"http:\/\/www.grancursosonline.com.br\"],\"url\":\"https:\/\/faculdade.grancursosonline.com.br\/blog\/author\/bruna-carvalho\/\"}]}<\/script>\n<!-- \/ Yoast SEO Premium plugin. -->","yoast_head_json":{"title":"Faculdade de Direito: como \u00e9 o curso e a \u00e1rea de atua\u00e7\u00e3o?","description":"A Faculdade de Direito \u00e9 uma das mais relevantes para carreiras jur\u00eddicas, entenda mais sobre o curso e a \u00e1rea de atua\u00e7\u00e3o profissional!","robots":{"index":"index","follow":"follow","max-snippet":"max-snippet:-1","max-image-preview":"max-image-preview:large","max-video-preview":"max-video-preview:-1"},"canonical":"https:\/\/faculdade.grancursosonline.com.br\/blog\/faculdade-direito-gran\/","og_locale":"pt_BR","og_type":"article","og_title":"Faculdade de Direito: como \u00e9 o curso e a \u00e1rea de atua\u00e7\u00e3o?","og_description":"A Faculdade de Direito \u00e9 uma das mais relevantes para carreiras jur\u00eddicas, entenda mais sobre o curso e a \u00e1rea de atua\u00e7\u00e3o profissional!","og_url":"https:\/\/faculdade.grancursosonline.com.br\/blog\/faculdade-direito-gran\/","og_site_name":"Blog Gran Faculdade","article_publisher":"https:\/\/www.facebook.com\/grancursosonline\/","article_published_time":"2024-06-03T20:37:58+00:00","article_modified_time":"2025-01-15T18:50:44+00:00","og_image":[{"width":1000,"height":600,"url":"https:\/\/blog-es-static.infra.grancursosonline.com.br\/wp-content\/uploads\/2023\/07\/26192210\/faculdade-direito-gran.jpg","type":"image\/jpeg"}],"author":"Equipe Gran","twitter_card":"summary_large_image","twitter_creator":"@gran_online","twitter_site":"@gran_online","twitter_misc":{"Written by":"Equipe Gran","Est. reading time":"9 minutos"},"schema":{"@context":"https:\/\/schema.org","@graph":[{"@type":"NewsArticle","@id":"https:\/\/faculdade.grancursosonline.com.br\/blog\/faculdade-direito-gran\/#article","isPartOf":{"@id":"https:\/\/faculdade.grancursosonline.com.br\/blog\/faculdade-direito-gran\/"},"author":{"name":"Equipe Gran","@id":"https:\/\/faculdade.grancursosonline.com.br\/blog\/#\/schema\/person\/92cc8eebdedc10b3078fe6aff8fc09f4"},"headline":"Faculdade de Direito: como \u00e9 o curso e a \u00e1rea de atua\u00e7\u00e3o?","datePublished":"2024-06-03T20:37:58+00:00","dateModified":"2025-01-15T18:50:44+00:00","mainEntityOfPage":{"@id":"https:\/\/faculdade.grancursosonline.com.br\/blog\/faculdade-direito-gran\/"},"wordCount":1643,"commentCount":0,"publisher":{"@id":"https:\/\/faculdade.grancursosonline.com.br\/blog\/#organization"},"image":{"@id":"https:\/\/faculdade.grancursosonline.com.br\/blog\/faculdade-direito-gran\/#primaryimage"},"thumbnailUrl":"https:\/\/blog-es-static.infra.grancursosonline.com.br\/wp-content\/uploads\/2023\/07\/26192210\/faculdade-direito-gran.jpg","articleSection":["Gradua\u00e7\u00e3o Gran Faculdade","Gran Faculdade Campus Curitiba","\u00daltimas Not\u00edcias"],"inLanguage":"pt-BR","potentialAction":[{"@type":"CommentAction","name":"Comment","target":["https:\/\/faculdade.grancursosonline.com.br\/blog\/faculdade-direito-gran\/#respond"]}],"copyrightYear":"2024","copyrightHolder":{"@id":"https:\/\/faculdade.grancursosonline.com.br\/blog\/#organization"}},{"@type":"WebPage","@id":"https:\/\/faculdade.grancursosonline.com.br\/blog\/faculdade-direito-gran\/","url":"https:\/\/faculdade.grancursosonline.com.br\/blog\/faculdade-direito-gran\/","name":"Faculdade de Direito: como \u00e9 o curso e a \u00e1rea de atua\u00e7\u00e3o?","isPartOf":{"@id":"https:\/\/faculdade.grancursosonline.com.br\/blog\/#website"},"primaryImageOfPage":{"@id":"https:\/\/faculdade.grancursosonline.com.br\/blog\/faculdade-direito-gran\/#primaryimage"},"image":{"@id":"https:\/\/faculdade.grancursosonline.com.br\/blog\/faculdade-direito-gran\/#primaryimage"},"thumbnailUrl":"https:\/\/blog-es-static.infra.grancursosonline.com.br\/wp-content\/uploads\/2023\/07\/26192210\/faculdade-direito-gran.jpg","datePublished":"2024-06-03T20:37:58+00:00","dateModified":"2025-01-15T18:50:44+00:00","description":"A Faculdade de Direito \u00e9 uma das mais relevantes para carreiras jur\u00eddicas, entenda mais sobre o curso e a \u00e1rea de atua\u00e7\u00e3o profissional!","breadcrumb":{"@id":"https:\/\/faculdade.grancursosonline.com.br\/blog\/faculdade-direito-gran\/#breadcrumb"},"inLanguage":"pt-BR","potentialAction":[{"@type":"ReadAction","target":["https:\/\/faculdade.grancursosonline.com.br\/blog\/faculdade-direito-gran\/"]}]},{"@type":"ImageObject","inLanguage":"pt-BR","@id":"https:\/\/faculdade.grancursosonline.com.br\/blog\/faculdade-direito-gran\/#primaryimage","url":"https:\/\/blog-es-static.infra.grancursosonline.com.br\/wp-content\/uploads\/2023\/07\/26192210\/faculdade-direito-gran.jpg","contentUrl":"https:\/\/blog-es-static.infra.grancursosonline.com.br\/wp-content\/uploads\/2023\/07\/26192210\/faculdade-direito-gran.jpg","width":1000,"height":600,"caption":"Faculdade de Direito"},{"@type":"BreadcrumbList","@id":"https:\/\/faculdade.grancursosonline.com.br\/blog\/faculdade-direito-gran\/#breadcrumb","itemListElement":[{"@type":"ListItem","position":1,"name":"In\u00edcio","item":"https:\/\/faculdade.grancursosonline.com.br\/blog\/"},{"@type":"ListItem","position":2,"name":"Gran Faculdade Campus Curitiba","item":"https:\/\/faculdade.grancursosonline.com.br\/blog\/categoria\/gran-faculdade-campus-curitiba\/"},{"@type":"ListItem","position":3,"name":"Faculdade de Direito: como \u00e9 o curso e a \u00e1rea de atua\u00e7\u00e3o?"}]},{"@type":"WebSite","@id":"https:\/\/faculdade.grancursosonline.com.br\/blog\/#website","url":"https:\/\/faculdade.grancursosonline.com.br\/blog\/","name":"Blog Gran Faculdade","description":"Tudo sobre ensino superior, p\u00f3s-gradua\u00e7\u00e3o, enem e carreira.","publisher":{"@id":"https:\/\/faculdade.grancursosonline.com.br\/blog\/#organization"},"potentialAction":[{"@type":"SearchAction","target":{"@type":"EntryPoint","urlTemplate":"https:\/\/faculdade.grancursosonline.com.br\/blog\/?s={search_term_string}"},"query-input":{"@type":"PropertyValueSpecification","valueRequired":true,"valueName":"search_term_string"}}],"inLanguage":"pt-BR"},{"@type":"Organization","@id":"https:\/\/faculdade.grancursosonline.com.br\/blog\/#organization","name":"Gran Cursos Online","url":"https:\/\/faculdade.grancursosonline.com.br\/blog\/","logo":{"@type":"ImageObject","inLanguage":"pt-BR","@id":"https:\/\/faculdade.grancursosonline.com.br\/blog\/#\/schema\/logo\/image\/","url":"https:\/\/blog-es-static.infra.grancursosonline.com.br\/wp-content\/uploads\/2019\/08\/03123934\/logo.png","contentUrl":"https:\/\/blog-es-static.infra.grancursosonline.com.br\/wp-content\/uploads\/2019\/08\/03123934\/logo.png","width":300,"height":57,"caption":"Gran Cursos Online"},"image":{"@id":"https:\/\/faculdade.grancursosonline.com.br\/blog\/#\/schema\/logo\/image\/"},"sameAs":["https:\/\/www.facebook.com\/grancursosonline\/","https:\/\/x.com\/gran_online","https:\/\/www.instagram.com\/grancursosonline\/","https:\/\/www.youtube.com\/user\/grancursostv"]},{"@type":"Person","@id":"https:\/\/faculdade.grancursosonline.com.br\/blog\/#\/schema\/person\/92cc8eebdedc10b3078fe6aff8fc09f4","name":"Equipe Gran","description":"Produtora de Conte\u00fados da Gran Faculdade","sameAs":["http:\/\/www.grancursosonline.com.br"],"url":"https:\/\/faculdade.grancursosonline.com.br\/blog\/author\/bruna-carvalho\/"}]}},"_links":{"self":[{"href":"https:\/\/faculdade.grancursosonline.com.br\/blog\/wp-json\/wp\/v2\/posts\/79631263","targetHints":{"allow":["GET"]}}],"collection":[{"href":"https:\/\/faculdade.grancursosonline.com.br\/blog\/wp-json\/wp\/v2\/posts"}],"about":[{"href":"https:\/\/faculdade.grancursosonline.com.br\/blog\/wp-json\/wp\/v2\/types\/post"}],"author":[{"embeddable":true,"href":"https:\/\/faculdade.grancursosonline.com.br\/blog\/wp-json\/wp\/v2\/users\/487"}],"replies":[{"embeddable":true,"href":"https:\/\/faculdade.grancursosonline.com.br\/blog\/wp-json\/wp\/v2\/comments?post=79631263"}],"version-history":[{"count":9,"href":"https:\/\/faculdade.grancursosonline.com.br\/blog\/wp-json\/wp\/v2\/posts\/79631263\/revisions"}],"predecessor-version":[{"id":79751108,"href":"https:\/\/faculdade.grancursosonline.com.br\/blog\/wp-json\/wp\/v2\/posts\/79631263\/revisions\/79751108"}],"wp:featuredmedia":[{"embeddable":true,"href":"https:\/\/faculdade.grancursosonline.com.br\/blog\/wp-json\/wp\/v2\/media\/79631266"}],"wp:attachment":[{"href":"https:\/\/faculdade.grancursosonline.com.br\/blog\/wp-json\/wp\/v2\/media?parent=79631263"}],"wp:term":[{"taxonomy":"category","embeddable":true,"href":"https:\/\/faculdade.grancursosonline.com.br\/blog\/wp-json\/wp\/v2\/categories?post=79631263"},{"taxonomy":"post_tag","embeddable":true,"href":"https:\/\/faculdade.grancursosonline.com.br\/blog\/wp-json\/wp\/v2\/tags?post=79631263"}],"curies":[{"name":"wp","href":"https:\/\/api.w.org\/{rel}","templated":true}]}}