{"id":79632951,"date":"2025-11-25T16:50:22","date_gmt":"2025-11-25T19:50:22","guid":{"rendered":"https:\/\/blog.grancursosonline.com.br\/?p=79632951"},"modified":"2025-11-25T16:50:27","modified_gmt":"2025-11-25T19:50:27","slug":"como-comecar-redacao","status":"publish","type":"post","link":"https:\/\/faculdade.grancursosonline.com.br\/blog\/como-comecar-redacao\/","title":{"rendered":"Como come\u00e7ar uma reda\u00e7\u00e3o: t\u00e9cnicas, frases e modelos prontos"},"content":{"rendered":"\n<p>Saber <strong>como come\u00e7ar reda\u00e7\u00e3o<\/strong> \u00e9 uma das principais inseguran\u00e7as de quem est\u00e1 prestes a encarar o Enem, vestibulares ou concursos. Afinal, o primeiro par\u00e1grafo \u00e9 o cart\u00e3o de visitas: \u00e9 ali que voc\u00ea prende a aten\u00e7\u00e3o do corretor e mostra que domina o tema.<\/p>\n\n\n\n<p>Uma boa <strong>introdu\u00e7\u00e3o na reda\u00e7\u00e3o<\/strong> n\u00e3o precisa ser complicada, mas, sim, estrat\u00e9gica. O segredo est\u00e1 em abrir o texto com clareza, fluidez e repert\u00f3rio, de forma a situar o leitor no assunto desde o in\u00edcio.<\/p>\n\n\n\n<p>Pensando nisso, separamos <strong>t\u00e9cnicas de introdu\u00e7\u00e3o de texto<\/strong>, exemplos pr\u00e1ticos e at\u00e9 <strong>frases para come\u00e7ar reda\u00e7\u00e3o<\/strong>. Tudo para facilitar sua vida e seus estudos.<\/p>\n\n\n\n<p>Voc\u00ea tamb\u00e9m descobrir\u00e1 <strong>como come\u00e7ar o primeiro par\u00e1grafo da reda\u00e7\u00e3o<\/strong>, cita\u00e7\u00f5es inspiradoras e mais dicas para alcan\u00e7ar a t\u00e3o sonhada reda\u00e7\u00e3o nota 1000!<\/p>\n\n\n\n<div class=\"wp-block-yoast-seo-table-of-contents yoast-table-of-contents\"><ul><li><a href=\"#h-veja-dicas-e-exemplos-para-usar-na-hora-de-comecar-sua-redacao\" data-level=\"2\">Veja dicas e exemplos para usar na hora de come\u00e7ar sua reda\u00e7\u00e3o<\/a><\/li><li><a href=\"#h-15-frases-para-comecar-uma-redacao\" data-level=\"2\">15 frases para come\u00e7ar uma reda\u00e7\u00e3o<\/a><ul><li><a href=\"#h-1-ao-longo-da-historia-da-humanidade\" data-level=\"3\">1. \u201cAo longo da hist\u00f3ria da humanidade\u2026\u201d<\/a><\/li><li><a href=\"#h-2-na-contemporaneidade\" data-level=\"3\">2. \u201cNa contemporaneidade\u2026\u201d<\/a><\/li><li><a href=\"#h-3-desde-a-antiguidade\" data-level=\"3\">3. \u201cDesde a antiguidade\u2026\u201d<\/a><\/li><li><a href=\"#h-4-no-brasil-atualmente\" data-level=\"3\">4. \u201cNo Brasil, atualmente\u2026\u201d<\/a><\/li><li><a href=\"#h-5-segundo-dados-de\" data-level=\"3\">5. \u201cSegundo dados de\u2026\u201d<\/a><\/li><li><a href=\"#h-6-de-acordo-com\" data-level=\"3\">6. \u201cDe acordo com\u2026\u201d<\/a><\/li><li><a href=\"#h-7-e-notorio-que\" data-level=\"3\">7. \u201c\u00c9 not\u00f3rio que\u2026\u201d<\/a><\/li><li><a href=\"#h-8-com-o-avanco-da-tecnologia\" data-level=\"3\">8. \u201cCom o avan\u00e7o da tecnologia\u2026\u201d<\/a><\/li><li><a href=\"#h-9-em-pleno-seculo-xxi\" data-level=\"3\">9. \u201cEm pleno s\u00e9culo XXI\u2026\u201d<\/a><\/li><li><a href=\"#h-10-nao-se-pode-negar-que\" data-level=\"3\">10. \u201cN\u00e3o se pode negar que\u2026\u201d<\/a><\/li><li><a href=\"#h-11-muito-se-discute-sobre\" data-level=\"3\">11. \u201cMuito se discute sobre\u2026\u201d<\/a><\/li><li><a href=\"#h-12-ao-considerar-o-cenario-atual\" data-level=\"3\">12. \u201cAo considerar o cen\u00e1rio atual\u2026\u201d<\/a><\/li><li><a href=\"#h-13-a-constituicao-federal-de-1988-assegura\" data-level=\"3\">13. \u201cA Constitui\u00e7\u00e3o Federal de 1988 assegura\u2026\u201d<\/a><\/li><li><a href=\"#h-14-o-filosofo-nome-ja-afirmava-que\" data-level=\"3\">14. \u201cO fil\u00f3sofo (nome) j\u00e1 afirmava que\u2026\u201d<\/a><\/li><li><a href=\"#h-15-a-cultura-popular-brasileira-revela\" data-level=\"3\">15. \u201cA cultura popular brasileira revela\u2026\u201d<\/a><\/li><\/ul><\/li><li><a href=\"#h-como-comecar-o-primeiro-paragrafo-da-redacao\" data-level=\"2\">Como come\u00e7ar o primeiro par\u00e1grafo da reda\u00e7\u00e3o?<\/a><ul><li><a href=\"#h-coesao\" data-level=\"3\">Coes\u00e3o<\/a><\/li><li><a href=\"#h-coerencia\" data-level=\"3\">Coer\u00eancia<\/a><\/li><li><a href=\"#h-contextualizacao\" data-level=\"3\">Contextualiza\u00e7\u00e3o<\/a><\/li><li><a href=\"#h-apresentacao-da-tese\" data-level=\"3\">Apresenta\u00e7\u00e3o da tese<\/a><\/li><li><a href=\"#h-uso-de-repertorio-sociocultural-no-inicio\" data-level=\"3\">Uso de repert\u00f3rio sociocultural no in\u00edcio<\/a><\/li><\/ul><\/li><li><a href=\"#h-como-comecar-o-segundo-paragrafo-de-uma-redacao\" data-level=\"2\">Como come\u00e7ar o segundo par\u00e1grafo de uma reda\u00e7\u00e3o?<\/a><\/li><li><a href=\"#h-como-comecar-uma-redacao-dissertativo-argumentativa\" data-level=\"2\">Como come\u00e7ar uma reda\u00e7\u00e3o dissertativo-argumentativa?<\/a><\/li><li><a href=\"#h-como-comecar-uma-redacao-nota-1-000\" data-level=\"2\">Como come\u00e7ar uma reda\u00e7\u00e3o nota 1.000?<\/a><ul><li><a href=\"#h-1-fuja-da-redacao-nota-zero\" data-level=\"3\">1. Fuja da reda\u00e7\u00e3o nota zero<\/a><\/li><li><a href=\"#h-2-estude-atualidades-e-possiveis-temas\" data-level=\"3\">2. Estude atualidades e poss\u00edveis temas<\/a><\/li><li><a href=\"#h-3-pratique-sua-argumentacao\" data-level=\"3\">3. Pratique sua argumenta\u00e7\u00e3o<\/a><\/li><li><a href=\"#h-4-estude-a-lingua-portuguesa\" data-level=\"3\">4. Estude a L\u00edngua Portuguesa<\/a><\/li><li><a href=\"#h-5-reserve-tempo-na-prova-para-planejar-como-comecar-sua-redacao\" data-level=\"3\">5. Reserve tempo na prova para planejar como come\u00e7ar sua reda\u00e7\u00e3o<\/a><\/li><li><a href=\"#h-6-use-uma-citacao-conhecida\" data-level=\"3\">6. Use uma cita\u00e7\u00e3o conhecida<\/a><\/li><li><a href=\"#h-7-relacione-o-tema-com-areas-do-conhecimento\" data-level=\"3\">7. Relacione o tema com \u00e1reas do conhecimento<\/a><\/li><li><a href=\"#h-8-utilize-conectivos-para-introduzir-ideias\" data-level=\"3\">8. Utilize conectivos para introduzir ideias<\/a><\/li><li><a href=\"#h-9-apresente-uma-situacao-problema\" data-level=\"3\">9. Apresente uma situa\u00e7\u00e3o-problema<\/a><\/li><li><a href=\"#h-10-inicie-com-uma-descricao-visual-marcante\" data-level=\"3\">10. Inicie com uma descri\u00e7\u00e3o visual marcante<\/a><\/li><\/ul><\/li><li><a href=\"#h-quais-erros-evitar-ao-comecar-uma-redacao\" data-level=\"2\">Quais erros evitar ao come\u00e7ar uma reda\u00e7\u00e3o?<\/a><ul><li><a href=\"#h-quantos-paragrafos-deve-ter-uma-redacao-do-enem\" data-level=\"3\">Quantos par\u00e1grafos deve ter uma reda\u00e7\u00e3o do Enem?<\/a><\/li><\/ul><\/li><li><a href=\"#h-como-comecar-um-desenvolvimento\" data-level=\"2\">Como come\u00e7ar um desenvolvimento?<\/a><ul><li><a href=\"#h-frases-e-palavras-para-usar-no-desenvolvimento-da-redacao\" data-level=\"3\">Frases e palavras para usar no desenvolvimento da reda\u00e7\u00e3o<\/a><\/li><\/ul><\/li><li><a href=\"#h-como-comecar-a-conclusao-de-uma-redacao\" data-level=\"2\">Como come\u00e7ar a conclus\u00e3o de uma reda\u00e7\u00e3o?<\/a><ul><li><a href=\"#h-frases-e-palavras-para-usar-na-conclusao-da-redacao\" data-level=\"3\">Frases e palavras para usar na conclus\u00e3o da reda\u00e7\u00e3o<\/a><\/li><\/ul><\/li><li><a href=\"#h-conquiste-sua-vaga-na-gran-faculdade-com-a-nota-do-enem\" data-level=\"2\">Conquiste sua vaga na Gran Faculdade com a nota do Enem<\/a><\/li><li><a href=\"#h-cadastre-se-e-receba-noticias-dicas-novidades-e-conteudos-da-semana\" data-level=\"2\">Cadastre-se e receba not\u00edcias, dicas, novidades e conte\u00fados da semana<\/a><\/li><\/ul><\/div>\n\n\n\n<h2 class=\"wp-block-heading\" id=\"h-veja-dicas-e-exemplos-para-usar-na-hora-de-comecar-sua-redacao\">Veja dicas e exemplos para usar na hora de come\u00e7ar sua reda\u00e7\u00e3o<\/h2>\n\n\n\n<h2 class=\"wp-block-heading\" id=\"h-15-frases-para-comecar-uma-redacao\">15 frases para come\u00e7ar uma reda\u00e7\u00e3o<\/h2>\n\n\n\n<p>Muitos estudantes pesquisam: \u201c<strong>Quais s\u00e3o as palavras para come\u00e7ar uma reda\u00e7\u00e3o?<\/strong>\u201d. E n\u00e3o \u00e9 para menos. O in\u00edcio do texto \u00e9 decisivo para definir a impress\u00e3o do avaliador.&nbsp;<\/p>\n\n\n\n<p>A seguir, separamos 15 frases que podem ser usadas conforme o tema da prova, acompanhadas de exemplos pr\u00e1ticos.<\/p>\n\n\n\n<h3 class=\"wp-block-heading\" id=\"h-1-ao-longo-da-historia-da-humanidade\">1. \u201cAo longo da hist\u00f3ria da humanidade\u2026\u201d<\/h3>\n\n\n\n<p>Funciona para temas de vi\u00e9s hist\u00f3rico.<\/p>\n\n\n\n<p>Exemplo: \u201cAo longo da hist\u00f3ria da humanidade, as desigualdades sociais sempre representaram um desafio para o progresso coletivo.\u201d<\/p>\n\n\n\n<h3 class=\"wp-block-heading\" id=\"h-2-na-contemporaneidade\">2. \u201cNa contemporaneidade\u2026\u201d<\/h3>\n\n\n\n<p>Boa para dar tom de atualidade.<\/p>\n\n\n\n<p>Exemplo: \u201cNa contemporaneidade, a sa\u00fade mental se tornou pauta central nos debates sobre qualidade de vida.\u201d<\/p>\n\n\n\n<h3 class=\"wp-block-heading\" id=\"h-3-desde-a-antiguidade\">3. \u201cDesde a antiguidade\u2026\u201d<\/h3>\n\n\n\n<p>\u00d3tima para contextualiza\u00e7\u00f5es hist\u00f3ricas.<\/p>\n\n\n\n<p>Exemplo: \u201cDesde a antiguidade, a busca pelo conhecimento tem sido um fator essencial para o desenvolvimento humano.\u201d<\/p>\n\n\n\n<h3 class=\"wp-block-heading\" id=\"h-4-no-brasil-atualmente\">4. \u201cNo Brasil, atualmente\u2026\u201d<\/h3>\n\n\n\n<p>Indicado para aproximar o tema da realidade nacional.<\/p>\n\n\n\n<p>Exemplo: \u201cNo Brasil, atualmente, a viol\u00eancia urbana desafia a efetividade das pol\u00edticas p\u00fablicas de seguran\u00e7a.\u201d<\/p>\n\n\n\n<h3 class=\"wp-block-heading\" id=\"h-5-segundo-dados-de\">5. \u201cSegundo dados de\u2026\u201d<\/h3>\n\n\n\n<p>Mostra credibilidade ao trazer uma fonte.<\/p>\n\n\n\n<p>Exemplo: \u201cSegundo dados da ONU, a fome ainda atinge milh\u00f5es de pessoas em todo o mundo.\u201d<\/p>\n\n\n\n<h3 class=\"wp-block-heading\" id=\"h-6-de-acordo-com\">6. \u201cDe acordo com\u2026\u201d<\/h3>\n\n\n\n<p>Abre espa\u00e7o para cita\u00e7\u00f5es diretas.<\/p>\n\n\n\n<p>Exemplo: \u201cDe acordo com Paulo Freire, a educa\u00e7\u00e3o \u00e9 uma ferramenta de transforma\u00e7\u00e3o social.\u201d<\/p>\n\n\n\n<h3 class=\"wp-block-heading\" id=\"h-7-e-notorio-que\">7. \u201c\u00c9 not\u00f3rio que\u2026\u201d<\/h3>\n\n\n\n<p>Simples e enf\u00e1tica.<\/p>\n\n\n\n<p>Exemplo: \u201c\u00c9 not\u00f3rio que o preconceito racial ainda \u00e9 uma barreira para a igualdade no mercado de trabalho.\u201d<\/p>\n\n\n\n<h3 class=\"wp-block-heading\" id=\"h-8-com-o-avanco-da-tecnologia\">8. \u201cCom o avan\u00e7o da tecnologia\u2026\u201d<\/h3>\n\n\n\n<p>Excelente para temas sobre inova\u00e7\u00e3o.<\/p>\n\n\n\n<p>Exemplo: \u201cCom o avan\u00e7o da tecnologia, a privacidade digital tornou-se um dos maiores desafios da sociedade contempor\u00e2nea.\u201d<\/p>\n\n\n\n<h3 class=\"wp-block-heading\" id=\"h-9-em-pleno-seculo-xxi\">9. \u201cEm pleno s\u00e9culo XXI\u2026\u201d<\/h3>\n\n\n\n<p>Bom para contrastar avan\u00e7os e problemas persistentes.<\/p>\n\n\n\n<p>Exemplo: \u201cEm pleno s\u00e9culo XXI, a fome continua sendo um problema estrutural em diversas regi\u00f5es do planeta.\u201d<\/p>\n\n\n\n<h3 class=\"wp-block-heading\" id=\"h-10-nao-se-pode-negar-que\">10. \u201cN\u00e3o se pode negar que\u2026\u201d<\/h3>\n\n\n\n<p>\u00datil para apresentar fatos indiscut\u00edveis.<\/p>\n\n\n\n<p>Exemplo: \u201cN\u00e3o se pode negar que a desigualdade educacional limita o desenvolvimento de milh\u00f5es de jovens brasileiros.\u201d<\/p>\n\n\n\n<h3 class=\"wp-block-heading\" id=\"h-11-muito-se-discute-sobre\">11. \u201cMuito se discute sobre\u2026\u201d<\/h3>\n\n\n\n<p>Funciona bem em temas de debate social.<\/p>\n\n\n\n<p>Exemplo: \u201cMuito se discute sobre os impactos das redes sociais na forma\u00e7\u00e3o da identidade dos adolescentes.\u201d<\/p>\n\n\n\n<h3 class=\"wp-block-heading\" id=\"h-12-ao-considerar-o-cenario-atual\">12. \u201cAo considerar o cen\u00e1rio atual\u2026\u201d<\/h3>\n\n\n\n<p>Cria um contexto amplo.<\/p>\n\n\n\n<p>Exemplo: \u201cAo considerar o cen\u00e1rio atual, \u00e9 urgente refletir sobre os efeitos da crise clim\u00e1tica global.\u201d<\/p>\n\n\n\n<h3 class=\"wp-block-heading\" id=\"h-13-a-constituicao-federal-de-1988-assegura\">13. \u201cA Constitui\u00e7\u00e3o Federal de 1988 assegura\u2026\u201d<\/h3>\n\n\n\n<p>Boa para embasar em leis.<\/p>\n\n\n\n<p>Exemplo: \u201cA Constitui\u00e7\u00e3o Federal de 1988 assegura direitos fundamentais, mas ainda h\u00e1 entraves para sua efetiva aplica\u00e7\u00e3o.\u201d<\/p>\n\n\n\n<h3 class=\"wp-block-heading\" id=\"h-14-o-filosofo-nome-ja-afirmava-que\">14. \u201cO fil\u00f3sofo (nome) j\u00e1 afirmava que\u2026\u201d<\/h3>\n\n\n\n<p>Perfeita para introduzir repert\u00f3rio filos\u00f3fico.<\/p>\n\n\n\n<p>Exemplo: \u201cO fil\u00f3sofo Arist\u00f3teles j\u00e1 afirmava que a pol\u00edtica deveria buscar o bem comum da sociedade.\u201d<\/p>\n\n\n\n<h3 class=\"wp-block-heading\" id=\"h-15-a-cultura-popular-brasileira-revela\">15. \u201cA cultura popular brasileira revela\u2026\u201d<\/h3>\n\n\n\n<p>\u00d3tima para temas ligados \u00e0 identidade cultural.<\/p>\n\n\n\n<p>Exemplo: \u201cA cultura popular brasileira revela a diversidade e a riqueza das tradi\u00e7\u00f5es regionais.\u201d<\/p>\n\n\n\n<h2 class=\"wp-block-heading\" id=\"h-como-comecar-o-primeiro-paragrafo-da-redacao\">Como come\u00e7ar o primeiro par\u00e1grafo da reda\u00e7\u00e3o?<\/h2>\n\n\n\n<p>O primeiro par\u00e1grafo precisa <strong>capturar o interesse do avaliador e apresentar o tema com clareza<\/strong>.<\/p>\n\n\n\n<h3 class=\"wp-block-heading\" id=\"h-coesao\">Coes\u00e3o<\/h3>\n\n\n\n<p><strong>A coes\u00e3o traz harmonia ao texto<\/strong>. Isso acontece quando s\u00e3o usadas as palavras adequadas para a constru\u00e7\u00e3o das frases, bem como h\u00e1 liga\u00e7\u00e3o entre par\u00e1grafos.<\/p>\n\n\n\n<p>Se voc\u00ea disser: \u201cn\u00e3o gosto de alface como\u201d, por exemplo, faltam elementos de coes\u00e3o. Nesse caso, o uso da pontua\u00e7\u00e3o e do mas, j\u00e1 resolveria a coes\u00e3o: \u201cn\u00e3o gosto de alface, mas como!\u201d.<\/p>\n\n\n\n<p>Palavras e express\u00f5es conectivas s\u00e3o fundamentais para um texto coeso. Confira alguns dos principais exemplos:<\/p>\n\n\n\n<ul class=\"wp-block-list\">\n<li>e;<\/li>\n\n\n\n<li>nem;<\/li>\n\n\n\n<li>al\u00e9m disso;<\/li>\n\n\n\n<li>tamb\u00e9m;<\/li>\n\n\n\n<li>bem como;<\/li>\n\n\n\n<li>contudo;<\/li>\n\n\n\n<li>por\u00e9m;<\/li>\n\n\n\n<li>todavia;<\/li>\n\n\n\n<li>mas;<\/li>\n\n\n\n<li>entretanto;<\/li>\n\n\n\n<li>por outro lado;<\/li>\n\n\n\n<li>assim como;<\/li>\n\n\n\n<li>tanto quanto ou tal qual;<\/li>\n\n\n\n<li>da mesma forma ou da mesma maneira;<\/li>\n\n\n\n<li>primeiramente;<\/li>\n\n\n\n<li>em outras palavras;<\/li>\n\n\n\n<li>por exemplo;<\/li>\n\n\n\n<li>visto que;<\/li>\n\n\n\n<li>tampouco;<\/li>\n\n\n\n<li>provavelmente<\/li>\n\n\n\n<li>qui\u00e7\u00e1;<\/li>\n\n\n\n<li>certamente;<\/li>\n\n\n\n<li>apesar de;<\/li>\n\n\n\n<li>mesmo que;<\/li>\n\n\n\n<li>ainda assim;<\/li>\n\n\n\n<li>contanto que;<\/li>\n\n\n\n<li>a fim de que;<\/li>\n\n\n\n<li>por isso;<\/li>\n\n\n\n<li>portanto;<\/li>\n\n\n\n<li>assim;<\/li>\n\n\n\n<li>ent\u00e3o;<\/li>\n\n\n\n<li>em suma.<\/li>\n<\/ul>\n\n\n\n<p>A lista \u00e9 bem extensa e n\u00e3o caberia aqui, mas com as principais palavras conectivas voc\u00ea j\u00e1 consegue desenvolver um bom texto. Elas podem ser boas op\u00e7\u00f5es para inici\u00e1-lo e para serem usadas entre as frases.<\/p>\n\n\n\n<h3 class=\"wp-block-heading\" id=\"h-coerencia\">Coer\u00eancia<\/h3>\n\n\n\n<p>Por outro lado, <strong>a coer\u00eancia \u00e9 o que define se um texto tem sentido ou n\u00e3o<\/strong>. Esse \u00e9 um dos primeiros pontos ensinados para quem deseja aprender <a href=\"https:\/\/faculdade.grancursosonline.com.br\/blog\/como-fazer-uma-redacao\/\" target=\"_blank\" rel=\"noopener\">como fazer uma reda\u00e7\u00e3o<\/a>.\u00a0<\/p>\n\n\n\n<p>\u00c9 poss\u00edvel fazer um texto coeso, mas sem coer\u00eancia. No entanto, voc\u00ea pode trazer coer\u00eancia substituindo o conectivo ou a pr\u00f3pria ideia:<\/p>\n\n\n\n<p>\u201cN\u00e3o gosto de alface, por isso, n\u00e3o como\u201d ou \u201cn\u00e3o gosto de alface, mas como por ser saud\u00e1vel e nutritivo\u201d.<\/p>\n\n\n\n<p>Deu para entender um pouco mais? Ent\u00e3o, vamos adiante!<\/p>\n\n\n\n<h3 class=\"wp-block-heading\" id=\"h-contextualizacao\">Contextualiza\u00e7\u00e3o<\/h3>\n\n\n\n<p>Agora, vamos a outro ponto valioso de uma reda\u00e7\u00e3o: a contextualiza\u00e7\u00e3o. Antes de apresentar a sua tese, \u00e9 <strong>importante situar o leitor sobre o <\/strong><a href=\"https:\/\/faculdade.grancursosonline.com.br\/blog\/tema-redacao-enem\/\" target=\"_blank\" rel=\"noopener\"><strong>tema da reda\u00e7\u00e3o do Enem<\/strong><\/a>, por exemplo.\u00a0<\/p>\n\n\n\n<p>Isso pode ser feito por meio de um dado, uma refer\u00eancia hist\u00f3rica, uma cita\u00e7\u00e3o ou at\u00e9 um exemplo do dia a dia.<\/p>\n\n\n\n<p>Por exemplo, em uma reda\u00e7\u00e3o sobre meio ambiente, voc\u00ea pode mencionar o aumento do desmatamento ou uma recente trag\u00e9dia ambiental.&nbsp;<\/p>\n\n\n\n<p>Dessa forma, <strong>seu texto ganha mais profundidade<\/strong> e mostra que voc\u00ea domina o assunto.&nbsp;<\/p>\n\n\n\n<p>O segredo \u00e9 manter a contextualiza\u00e7\u00e3o clara, objetiva e conectada ao tema principal!<\/p>\n\n\n\n<h3 class=\"wp-block-heading\" id=\"h-apresentacao-da-tese\">Apresenta\u00e7\u00e3o da tese<\/h3>\n\n\n\n<p>Depois de contextualizar o tema, \u00e9 hora de apresentar a tese, ou seja, o seu ponto de vista sobre a tem\u00e1tica.&nbsp;<\/p>\n\n\n\n<p>Esse \u00e9 o momento em que <strong>voc\u00ea deixa claro qual ser\u00e1 a sua linha de argumenta\u00e7\u00e3o ao longo do texto<\/strong>.<\/p>\n\n\n\n<p>Para isso, basta responder \u00e0 seguinte pergunta: qual \u00e9 a ideia principal que voc\u00ea defender\u00e1?&nbsp;<\/p>\n\n\n\n<p>Em uma reda\u00e7\u00e3o sobre educa\u00e7\u00e3o, por exemplo, voc\u00ea pode afirmar que o acesso desigual \u00e0 tecnologia compromete a qualidade do aprendizado.<\/p>\n\n\n\n<p>Assim, seu leitor j\u00e1 sabe o que esperar dos pr\u00f3ximos par\u00e1grafos e sua reda\u00e7\u00e3o ganha mais direcionamento!<\/p>\n\n\n\n<h3 class=\"wp-block-heading\" id=\"h-uso-de-repertorio-sociocultural-no-inicio\">Uso de repert\u00f3rio sociocultural no in\u00edcio<\/h3>\n\n\n\n<p>Que tal come\u00e7ar sua reda\u00e7\u00e3o usando todo o seu <a href=\"https:\/\/faculdade.grancursosonline.com.br\/blog\/repertorio-sociocultural\/\" target=\"_blank\" rel=\"noopener\">repert\u00f3rio sociocultural<\/a>? Al\u00e9m de chamar a aten\u00e7\u00e3o do leitor, essa estrat\u00e9gia <strong>mostra que voc\u00ea domina o assunto e enriquece a argumenta\u00e7\u00e3o<\/strong>.<\/p>\n\n\n\n<p>Vale usar refer\u00eancias hist\u00f3ricas, dados, obras liter\u00e1rias, filmes ou at\u00e9 acontecimentos atuais que tenham rela\u00e7\u00e3o com o tema.&nbsp;<\/p>\n\n\n\n<p>Por exemplo, voltando ao assunto sobre desigualdade social, voc\u00ea pode mencionar o filme \u201cParasita\u201d, do diretor coreano Bong Joon-Ho, e vencedor do Oscar em 2020.<\/p>\n\n\n\n<p>Ele retrata as disparidades entre classes ao mostrar a realidade de uma fam\u00edlia pobre que se infiltra na casa de uma fam\u00edlia rica.&nbsp;<\/p>\n\n\n\n<p>O segredo \u00e9 <strong>escolher algo relevante e que se conecte bem com sua tese<\/strong>!<\/p>\n\n\n\n<h2 class=\"wp-block-heading\" id=\"h-como-comecar-o-segundo-paragrafo-de-uma-redacao\">Como come\u00e7ar o segundo par\u00e1grafo de uma reda\u00e7\u00e3o?<\/h2>\n\n\n\n<p>O segundo par\u00e1grafo marca o in\u00edcio do desenvolvimento. Aqui, a recomenda\u00e7\u00e3o \u00e9 ser direto: <strong>apresente seu primeiro argumento e sustente-o com repert\u00f3rio<\/strong>.<\/p>\n\n\n\n<p><strong>Dica de ouro<\/strong>: use frases estrat\u00e9gicas para iniciar a abordagem do assunto e, ao mesmo tempo, relacionar com o contexto apresentado na introdu\u00e7\u00e3o.<\/p>\n\n\n\n<p>Por exemplo: \u201cEm primeiro lugar\u2026\u201d, \u201cPrimeiramente\u2026\u201d, \u201cNesse contexto\u2026\u201d.<\/p>\n\n\n\n<h2 class=\"wp-block-heading\" id=\"h-como-comecar-uma-redacao-dissertativo-argumentativa\">Como come\u00e7ar uma reda\u00e7\u00e3o dissertativo-argumentativa?<\/h2>\n\n\n\n<p>O formato mais comum no Enem, Encceja e vestibulares \u00e9 o dissertativo-argumentativo. Ele exige:<\/p>\n\n\n\n<ul class=\"wp-block-list\">\n<li><strong>exposi\u00e7\u00e3o clara do tema<\/strong> \u2014 \u00e9 preciso apresentar o assunto de forma objetiva, demonstrando que voc\u00ea compreendeu a proposta da reda\u00e7\u00e3o;<\/li>\n\n\n\n<li><strong>defesa de uma tese<\/strong> \u2014 a tese \u00e9 o ponto de vista que ser\u00e1 defendido ao longo do texto. Ela deve ser definida j\u00e1 na introdu\u00e7\u00e3o;<\/li>\n\n\n\n<li><strong>argumentos consistentes<\/strong> \u2014 s\u00e3o os fundamentos que sustentam sua opini\u00e3o, com base em dados, exemplos ou \u00e1reas do conhecimento;<\/li>\n\n\n\n<li><strong>conclus\u00e3o com proposta de interven\u00e7\u00e3o<\/strong> \u2014 o texto deve terminar com uma solu\u00e7\u00e3o vi\u00e1vel para o problema discutido, respeitando os direitos humanos.<\/li>\n<\/ul>\n\n\n\n<h2 class=\"wp-block-heading\" id=\"h-como-comecar-uma-redacao-nota-1-000\">Como come\u00e7ar uma reda\u00e7\u00e3o nota 1.000?<\/h2>\n\n\n\n<p>Para alcan\u00e7ar a nota m\u00e1xima na reda\u00e7\u00e3o, \u00e9 essencial <strong>dominar a estrutura do texto e se destacar logo na introdu\u00e7\u00e3o<\/strong>.&nbsp;<\/p>\n\n\n\n<p>Um bom come\u00e7o pode <strong>prender a aten\u00e7\u00e3o do corretor<\/strong> e mostrar <strong>dom\u00ednio do tema<\/strong>.&nbsp;<\/p>\n\n\n\n<p>Abaixo est\u00e3o 10 estrat\u00e9gias fundamentais para alcan\u00e7ar esse objetivo.<\/p>\n\n\n\n<h3 class=\"wp-block-heading\" id=\"h-1-fuja-da-redacao-nota-zero\">1. Fuja da reda\u00e7\u00e3o nota zero<\/h3>\n\n\n\n<p>Evite erros que anulam sua reda\u00e7\u00e3o, como fugir completamente ao tema, copiar trechos da proposta (pl\u00e1gio), usar linguagem inadequada (como g\u00edrias ou palavr\u00f5es) ou fazer desenhos e recados ao corretor.<\/p>\n\n\n\n<h3 class=\"wp-block-heading\" id=\"h-2-estude-atualidades-e-possiveis-temas\">2. Estude atualidades e poss\u00edveis temas<\/h3>\n\n\n\n<p>Provas como o Enem costumam trazer temas ligados a quest\u00f5es sociais, ambientais, culturais ou pol\u00edticas.&nbsp;<\/p>\n\n\n\n<p><strong>Acompanhar jornais, podcasts e document\u00e1rios pode ajudar<\/strong>.<\/p>\n\n\n\n<h3 class=\"wp-block-heading\" id=\"h-3-pratique-sua-argumentacao\">3. Pratique sua argumenta\u00e7\u00e3o<\/h3>\n\n\n\n<p>Treinar reda\u00e7\u00f5es com diferentes temas ajuda a escrever com mais fluidez, clareza e rapidez. <strong>Quanto mais voc\u00ea escreve, melhor organiza suas ideias<\/strong>.<\/p>\n\n\n\n<h3 class=\"wp-block-heading\" id=\"h-4-estude-a-lingua-portuguesa\">4. Estude a L\u00edngua Portuguesa<\/h3>\n\n\n\n<p>Erros de gram\u00e1tica, acentua\u00e7\u00e3o e concord\u00e2ncia prejudicam a coes\u00e3o e podem tirar muitos pontos, por isso, foque nas aulas de L\u00edngua Portuguesa para garantir que nenhum erro passar\u00e1.<\/p>\n\n\n\n<h3 class=\"wp-block-heading\" id=\"h-5-reserve-tempo-na-prova-para-planejar-como-comecar-sua-redacao\">5. Reserve tempo na prova para planejar como come\u00e7ar sua reda\u00e7\u00e3o<\/h3>\n\n\n\n<p>Antes de come\u00e7ar a escrever, <strong>fa\u00e7a um rascunho das ideias principais<\/strong> e organize a estrutura do texto.<\/p>\n\n\n\n<h3 class=\"wp-block-heading\" id=\"h-6-use-uma-citacao-conhecida\">6. Use uma cita\u00e7\u00e3o conhecida<\/h3>\n\n\n\n<p>Iniciar com uma frase de impacto de pensadores, autores ou fil\u00f3sofos confere <strong>autoridade <\/strong>ao texto e <strong>mostra repert\u00f3rio<\/strong>.<\/p>\n\n\n\n<h3 class=\"wp-block-heading\" id=\"h-7-relacione-o-tema-com-areas-do-conhecimento\">7. Relacione o tema com \u00e1reas do conhecimento<\/h3>\n\n\n\n<p>Trazer refer\u00eancias de sociologia, hist\u00f3ria, filosofia, biologia, entre outras, <strong>enriquece sua argumenta\u00e7\u00e3o<\/strong>.<\/p>\n\n\n\n<h3 class=\"wp-block-heading\" id=\"h-8-utilize-conectivos-para-introduzir-ideias\">8. Utilize conectivos para introduzir ideias<\/h3>\n\n\n\n<p>Conectivos garantem<strong> coes\u00e3o textual e evitam repeti\u00e7\u00f5es desnecess\u00e1rias<\/strong>. Use express\u00f5es como \u201cal\u00e9m disso\u201d, \u201cpor outro lado\u201d, \u201cem contrapartida\u201d.<\/p>\n\n\n\n<h3 class=\"wp-block-heading\" id=\"h-9-apresente-uma-situacao-problema\">9. Apresente uma situa\u00e7\u00e3o-problema<\/h3>\n\n\n\n<p>Come\u00e7ar com um problema real, atual ou hipot\u00e9tico <strong>desperta o interesse do leitor<\/strong> e contextualiza o tema.<\/p>\n\n\n\n<h3 class=\"wp-block-heading\" id=\"h-10-inicie-com-uma-descricao-visual-marcante\">10. Inicie com uma descri\u00e7\u00e3o visual marcante<\/h3>\n\n\n\n<p>Criar uma imagem mental no in\u00edcio do texto <strong>envolve emocionalmente o leitor<\/strong> e refor\u00e7a a gravidade do tema.<\/p>\n\n\n\n<h2 class=\"wp-block-heading\" id=\"h-quais-erros-evitar-ao-comecar-uma-redacao\">Quais erros evitar ao come\u00e7ar uma reda\u00e7\u00e3o?<\/h2>\n\n\n\n<p>Quando come\u00e7amos uma reda\u00e7\u00e3o \u00e9 f\u00e1cil cair em algumas armadilhas que comprometem a qualidade do texto.&nbsp;<\/p>\n\n\n\n<p>Para que isso n\u00e3o aconte\u00e7a, atente-se a alguns erros comuns que podem prejudicar a sua introdu\u00e7\u00e3o e, consequentemente, o desenvolvimento do texto.<\/p>\n\n\n\n<p>Evite:<\/p>\n\n\n\n<ul class=\"wp-block-list\">\n<li>iniciar de forma vaga, sem contexto;<\/li>\n\n\n\n<li>uso excessivo de clich\u00eas;<\/li>\n\n\n\n<li>ideias desorganizadas e sem forma;<\/li>\n\n\n\n<li>ignorar a proposta de interven\u00e7\u00e3o;<\/li>\n\n\n\n<li>utilizar uma abordagem rasa e sem criatividade.<\/li>\n<\/ul>\n\n\n\n<p>Lembre-se: <strong>um bom come\u00e7o \u00e9 essencial para construir uma reda\u00e7\u00e3o que se destaque entre as demais<\/strong>. Preste aten\u00e7\u00e3o aos detalhes para arrasar na nota final!<\/p>\n\n\n\n<h3 class=\"wp-block-heading\" id=\"h-quantos-paragrafos-deve-ter-uma-redacao-do-enem\">Quantos par\u00e1grafos deve ter uma reda\u00e7\u00e3o do Enem?<\/h3>\n\n\n\n<p>N\u00e3o existe uma resposta pronta para a quantidade ideal de par\u00e1grafos para a reda\u00e7\u00e3o do Enem.&nbsp;<\/p>\n\n\n\n<p>Seu foco maior deve ser em <strong>construir uma boa linha de racioc\u00ednio<\/strong>, com <strong>coes\u00e3o<\/strong>, <strong>coer\u00eancia<\/strong>, <strong>adequa\u00e7\u00e3o <\/strong>ao tema e \u00e0 L\u00edngua Portuguesa.<\/p>\n\n\n\n<h2 class=\"wp-block-heading\" id=\"h-como-comecar-um-desenvolvimento\">Como come\u00e7ar um desenvolvimento?<\/h2>\n\n\n\n<p>A parte do desenvolvimento \u00e9 um dos pontos mais importantes quando o assunto \u00e9 <a href=\"https:\/\/faculdade.grancursosonline.com.br\/blog\/como-fazer-uma-redacao\/\" target=\"_blank\" rel=\"noopener\">como fazer uma reda\u00e7\u00e3o<\/a>.\u00a0<\/p>\n\n\n\n<p>Isso porque \u00e9 ele que <strong>sustenta a sua tese<\/strong>. Um bom caminho para seguir aqui \u00e9:<\/p>\n\n\n\n<ol class=\"wp-block-list\">\n<li>introduzir a ideia principal;<\/li>\n\n\n\n<li>explic\u00e1-la com clareza;<\/li>\n\n\n\n<li>usar repert\u00f3rio para fundamentar;<\/li>\n\n\n\n<li>relacionar com o tema da prova;<\/li>\n\n\n\n<li>conectar ao par\u00e1grafo seguinte.<\/li>\n<\/ol>\n\n\n\n<h3 class=\"wp-block-heading\" id=\"h-frases-e-palavras-para-usar-no-desenvolvimento-da-redacao\">Frases e palavras para usar no desenvolvimento da reda\u00e7\u00e3o<\/h3>\n\n\n\n<ul class=\"wp-block-list\">\n<li>\u201cEm primeiro lugar\u2026\u201d;<\/li>\n\n\n\n<li>\u201cAl\u00e9m disso\u2026\u201d;<\/li>\n\n\n\n<li>\u201cNesse sentido\u2026\u201d;<\/li>\n\n\n\n<li>\u201cNa medida em que\u2026\u201d;<\/li>\n<\/ul>\n\n\n\n<ul class=\"wp-block-list\">\n<li>\u201cPor conseguinte\u2026\u201d;<\/li>\n\n\n\n<li>\u201cDessa forma\u2026\u201d;<\/li>\n\n\n\n<li>\u201cPortanto\u2026\u201d.<\/li>\n<\/ul>\n\n\n\n<h2 class=\"wp-block-heading\" id=\"h-como-comecar-a-conclusao-de-uma-redacao\">Como come\u00e7ar a conclus\u00e3o de uma reda\u00e7\u00e3o?<\/h2>\n\n\n\n<p>Uma das piores sensa\u00e7\u00f5es na \u00e1rea cultural \u00e9 quando um filme, s\u00e9rie, programa \u00e9 muito bom e tem um final ruim, n\u00e3o \u00e9?&nbsp;<\/p>\n\n\n\n<p>Ent\u00e3o, para n\u00e3o decepcionar seu leitor, vale a pena se dedicar para desenvolver uma boa conclus\u00e3o!&nbsp;<\/p>\n\n\n\n<p>Alguns pontos s\u00e3o fundamentais para isso:<\/p>\n\n\n\n<ul class=\"wp-block-list\">\n<li><strong>use frases e palavras de conclus\u00e3o<\/strong>, como: \u201cdesse modo, pode se observar que\u2026\u201d, \u201cportanto, \u2026\u201d, \u201cconstata-se assim\u2026\u201d;<\/li>\n\n\n\n<li>certifique-se de que <strong>todas as perguntas<\/strong> que deveriam ser <strong>respondidas <\/strong>ao longo do texto, de fato, foram;<\/li>\n\n\n\n<li>caso tenha espa\u00e7o e ache necess\u00e1rio,<strong> fa\u00e7a um resumo<\/strong> que sintetize os principais pontos abordados na sua reda\u00e7\u00e3o;<\/li>\n\n\n\n<li><strong>se atente ao \u201ctom de voz\u201d de encerramento<\/strong>, nada de abrir novas ideias ou quest\u00f5es;<\/li>\n\n\n\n<li>no caso da reda\u00e7\u00e3o do Enem, por exemplo, a conclus\u00e3o \u00e9 o espa\u00e7o para fechar sua proposta de interven\u00e7\u00e3o sobre o tema apresentado. Ent\u00e3o, capriche!<\/li>\n<\/ul>\n\n\n\n<h3 class=\"wp-block-heading\" id=\"h-frases-e-palavras-para-usar-na-conclusao-da-redacao\">Frases e palavras para usar na conclus\u00e3o da reda\u00e7\u00e3o<\/h3>\n\n\n\n<ul class=\"wp-block-list\">\n<li>\u201cDiante do exposto\u2026\u201d;<\/li>\n\n\n\n<li>\u201cLogo\u2026\u201d;<\/li>\n\n\n\n<li>\u201cAssim\u2026\u201d;<\/li>\n\n\n\n<li>\u201cPortanto\u2026\u201d;<\/li>\n\n\n\n<li>\u201cDito isso\u2026\u201d;<\/li>\n\n\n\n<li>\u201cConclui-se que\u2026\u201d.<\/li>\n<\/ul>\n\n\n\n<h2 class=\"wp-block-heading\" id=\"h-conquiste-sua-vaga-na-gran-faculdade-com-a-nota-do-enem\">Conquiste sua vaga na Gran Faculdade com a nota do Enem<\/h2>\n\n\n\n<p>A Gran Faculdade, junto ao Gran Cursos Online, acredita que a educa\u00e7\u00e3o transforma realidades.&nbsp;<\/p>\n\n\n\n<p>Com cursos de gradua\u00e7\u00e3o, forma\u00e7\u00f5es livres e um ambiente inovador, voc\u00ea pode usar sua nota do Enem para conquistar sua vaga e acelerar sua carreira.&nbsp;<\/p>\n\n\n\n<p>Al\u00e9m disso, voc\u00ea conta com<strong> suporte personalizado<\/strong> e <strong>recursos pr\u00e1ticos para estudar de forma flex\u00edvel e eficiente<\/strong>.<\/p>\n\n\n\n<p>Agora que voc\u00ea j\u00e1 sabe como come\u00e7ar uma reda\u00e7\u00e3o, acesse tamb\u00e9m o blog da <a href=\"https:\/\/faculdade.grancursosonline.com.br\/blog\/enem\/\" target=\"_blank\" rel=\"noopener\">Gran Faculdade<\/a>, e confira mais dicas para arrasar na reda\u00e7\u00e3o do Enem.<\/p>\n\n\n\n<h2 class=\"wp-block-heading\" id=\"h-cadastre-se-e-receba-noticias-dicas-novidades-e-conteudos-da-semana\">Cadastre-se e receba not\u00edcias, dicas, novidades e conte\u00fados da semana<\/h2>\n\n\n\n<div style=\"height:100px\" aria-hidden=\"true\" class=\"wp-block-spacer\"><\/div>\n\n\n\n<div class=\"wp-block-group\"><div class=\"wp-block-group__inner-container is-layout-constrained wp-block-group-is-layout-constrained\">\n<section style=\"text-align: center;\">\n<p>Quer ficar por dentro da Faculdade Digital mais inovadora do Brasil?<\/p>\n<nav>\n<p class=\"has-background has-dark-bluish-background-color\" style=\"font-size: 25px; text-align: center; background: #f0f0f0; color: #ffffff; padding: 4px 0px 4xp 0px;\"><a style=\"color: #0d134c; text-decoration: underline;\" href=\"https:\/\/faculdade.grancursosonline.com.br\/\" target=\"_blank\" rel=\"noopener\">GRADUA\u00c7\u00c3O<\/a><\/p>\n<p class=\"has-background has-dark-bluish-background-color\" style=\"font-size: 25px; text-align: center; background: #f0f0f0; color: #ffffff; padding: 4px 0px 4xp 0px;\"><a style=\"color: #0d134c; text-decoration: underline;\" href=\"https:\/\/pos.grancursosonline.com.br\/\" target=\"_blank\" rel=\"noopener\">P\u00d3S-GRADUA\u00c7\u00c3O<\/a><\/p>\n<p class=\"has-background has-dark-bluish-background-color\" style=\"font-size: 25px; text-align: center; background: #f0f0f0; color: #ffffff; padding: 4px 0px 4xp 0px;\"><a style=\"color: #0d134c; text-decoration: underline;\" href=\"https:\/\/faculdade.grancursosonline.com.br\/nossos-cursos\/\" target=\"_blank\" rel=\"noopener\">TUDO SOBRE A GRAN FACULDADE<\/a><\/p>\n<\/nav>\n<p><strong>Receba <span style=\"color: #cf1e25;\">gratuitamente<\/span> no seu celular as principais not\u00edcias sobre a Gran Faculdade! <br \/>Clique no link abaixo e inscreva-se:<\/strong><\/p>\n<p class=\"has-background has-dark-bluish-background-color\" style=\"font-size: 25px; text-align: center; background: #f0f0f0; color: #ffffff; padding: 4px 0px 4xp 0px;\"><a style=\"color: #0d134c; text-decoration: underline;\" href=\"https:\/\/whatsapp.com\/channel\/0029VaG1sChI7Be7PNndhL43\" target=\"_blank\" rel=\"noopener noreferrer\">WHATSAPP<\/a><\/p>\n<p class=\"has-background has-dark-bluish-background-color\" style=\"font-size: 25px; text-align: center; background: #f0f0f0; color: #ffffff; padding: 4px 0px 4xp 0px;\"><a style=\"color: #0d134c; text-decoration: underline;\" href=\"https:\/\/t.me\/GranFaculdade\" target=\"_blank\" rel=\"noopener noreferrer\">TELEGRAM<\/a><\/p>\n<\/section>\n<\/div><\/div>\n","protected":false},"excerpt":{"rendered":"<p>Saber como come\u00e7ar reda\u00e7\u00e3o \u00e9 uma das principais inseguran\u00e7as de quem est\u00e1 prestes a encarar o Enem, vestibulares ou concursos. Afinal, o primeiro par\u00e1grafo \u00e9 o cart\u00e3o de visitas: \u00e9 ali que voc\u00ea prende a aten\u00e7\u00e3o do corretor e mostra que domina o tema. Uma boa introdu\u00e7\u00e3o na reda\u00e7\u00e3o n\u00e3o precisa ser complicada, mas, sim,&hellip;<\/p>\n","protected":false},"author":515,"featured_media":79759440,"comment_status":"open","ping_status":"open","sticky":false,"template":"","format":"standard","meta":{"_acf_changed":false,"content-type":"","footnotes":""},"categories":[218667,1543,218545],"tags":[],"class_list":["post-79632951","post","type-post","status-publish","format-standard","has-post-thumbnail","hentry","category-encceja","category-enem","category-graduacao"],"acf":[],"yoast_head":"<!-- This site is optimized with the Yoast SEO Premium plugin v27.2 (Yoast SEO v27.2) - https:\/\/yoast.com\/product\/yoast-seo-premium-wordpress\/ -->\n<title>Como come\u00e7ar reda\u00e7\u00e3o? Confira 15 frases com exemplos<\/title>\n<meta name=\"description\" content=\"Descubra como come\u00e7ar uma reda\u00e7\u00e3o de forma clara e objetiva. Veja dicas, exemplos e estrat\u00e9gias para um bom desempenho. Confira!\" \/>\n<meta name=\"robots\" content=\"index, follow, max-snippet:-1, max-image-preview:large, max-video-preview:-1\" \/>\n<link rel=\"canonical\" href=\"https:\/\/faculdade.grancursosonline.com.br\/blog\/como-comecar-redacao\/\" \/>\n<meta property=\"og:locale\" content=\"pt_BR\" \/>\n<meta property=\"og:type\" content=\"article\" \/>\n<meta property=\"og:title\" content=\"Como come\u00e7ar uma reda\u00e7\u00e3o: t\u00e9cnicas, frases e modelos prontos\" \/>\n<meta property=\"og:description\" content=\"Descubra como come\u00e7ar uma reda\u00e7\u00e3o de forma clara e objetiva. Veja dicas, exemplos e estrat\u00e9gias para um bom desempenho. Confira!\" \/>\n<meta property=\"og:url\" content=\"https:\/\/faculdade.grancursosonline.com.br\/blog\/como-comecar-redacao\/\" \/>\n<meta property=\"og:site_name\" content=\"Blog Gran Faculdade\" \/>\n<meta property=\"article:publisher\" content=\"https:\/\/www.facebook.com\/grancursosonline\/\" \/>\n<meta property=\"article:published_time\" content=\"2025-11-25T19:50:22+00:00\" \/>\n<meta property=\"article:modified_time\" content=\"2025-11-25T19:50:27+00:00\" \/>\n<meta property=\"og:image\" content=\"https:\/\/blog-es-static.infra.grancursosonline.com.br\/wp-content\/uploads\/2025\/03\/25164947\/como-comecar-uma-redacao-tecnicas-frases-modelos-prontos.webp\" \/>\n\t<meta property=\"og:image:width\" content=\"1201\" \/>\n\t<meta property=\"og:image:height\" content=\"631\" \/>\n\t<meta property=\"og:image:type\" content=\"image\/webp\" \/>\n<meta name=\"author\" content=\"Equipe Gran\" \/>\n<meta name=\"twitter:card\" content=\"summary_large_image\" \/>\n<meta name=\"twitter:creator\" content=\"@gran_online\" \/>\n<meta name=\"twitter:site\" content=\"@gran_online\" \/>\n<meta name=\"twitter:label1\" content=\"Written by\" \/>\n\t<meta name=\"twitter:data1\" content=\"Equipe Gran\" \/>\n\t<meta name=\"twitter:label2\" content=\"Est. reading time\" \/>\n\t<meta name=\"twitter:data2\" content=\"13 minutos\" \/>\n<script type=\"application\/ld+json\" class=\"yoast-schema-graph\">{\"@context\":\"https:\/\/schema.org\",\"@graph\":[{\"@type\":\"NewsArticle\",\"@id\":\"https:\/\/faculdade.grancursosonline.com.br\/blog\/como-comecar-redacao\/#article\",\"isPartOf\":{\"@id\":\"https:\/\/faculdade.grancursosonline.com.br\/blog\/como-comecar-redacao\/\"},\"author\":{\"name\":\"Equipe Gran\",\"@id\":\"https:\/\/faculdade.grancursosonline.com.br\/blog\/#\/schema\/person\/3a789976f55b81ab3d3064e7d7a9ca13\"},\"headline\":\"Como come\u00e7ar uma reda\u00e7\u00e3o: t\u00e9cnicas, frases e modelos prontos\",\"datePublished\":\"2025-11-25T19:50:22+00:00\",\"dateModified\":\"2025-11-25T19:50:27+00:00\",\"mainEntityOfPage\":{\"@id\":\"https:\/\/faculdade.grancursosonline.com.br\/blog\/como-comecar-redacao\/\"},\"wordCount\":2678,\"commentCount\":0,\"publisher\":{\"@id\":\"https:\/\/faculdade.grancursosonline.com.br\/blog\/#organization\"},\"image\":{\"@id\":\"https:\/\/faculdade.grancursosonline.com.br\/blog\/como-comecar-redacao\/#primaryimage\"},\"thumbnailUrl\":\"https:\/\/blog-es-static.infra.grancursosonline.com.br\/wp-content\/uploads\/2025\/03\/25164947\/como-comecar-uma-redacao-tecnicas-frases-modelos-prontos.webp\",\"articleSection\":[\"ENCCEJA\",\"ENEM\",\"Gradua\u00e7\u00e3o Gran Faculdade\"],\"inLanguage\":\"pt-BR\",\"potentialAction\":[{\"@type\":\"CommentAction\",\"name\":\"Comment\",\"target\":[\"https:\/\/faculdade.grancursosonline.com.br\/blog\/como-comecar-redacao\/#respond\"]}],\"copyrightYear\":\"2025\",\"copyrightHolder\":{\"@id\":\"https:\/\/faculdade.grancursosonline.com.br\/blog\/#organization\"},\"accessibilityFeature\":[\"tableOfContents\"]},{\"@type\":\"WebPage\",\"@id\":\"https:\/\/faculdade.grancursosonline.com.br\/blog\/como-comecar-redacao\/\",\"url\":\"https:\/\/faculdade.grancursosonline.com.br\/blog\/como-comecar-redacao\/\",\"name\":\"Como come\u00e7ar reda\u00e7\u00e3o? Confira 15 frases com exemplos\",\"isPartOf\":{\"@id\":\"https:\/\/faculdade.grancursosonline.com.br\/blog\/#website\"},\"primaryImageOfPage\":{\"@id\":\"https:\/\/faculdade.grancursosonline.com.br\/blog\/como-comecar-redacao\/#primaryimage\"},\"image\":{\"@id\":\"https:\/\/faculdade.grancursosonline.com.br\/blog\/como-comecar-redacao\/#primaryimage\"},\"thumbnailUrl\":\"https:\/\/blog-es-static.infra.grancursosonline.com.br\/wp-content\/uploads\/2025\/03\/25164947\/como-comecar-uma-redacao-tecnicas-frases-modelos-prontos.webp\",\"datePublished\":\"2025-11-25T19:50:22+00:00\",\"dateModified\":\"2025-11-25T19:50:27+00:00\",\"description\":\"Descubra como come\u00e7ar uma reda\u00e7\u00e3o de forma clara e objetiva. Veja dicas, exemplos e estrat\u00e9gias para um bom desempenho. Confira!\",\"breadcrumb\":{\"@id\":\"https:\/\/faculdade.grancursosonline.com.br\/blog\/como-comecar-redacao\/#breadcrumb\"},\"inLanguage\":\"pt-BR\",\"potentialAction\":[{\"@type\":\"ReadAction\",\"target\":[\"https:\/\/faculdade.grancursosonline.com.br\/blog\/como-comecar-redacao\/\"]}]},{\"@type\":\"ImageObject\",\"inLanguage\":\"pt-BR\",\"@id\":\"https:\/\/faculdade.grancursosonline.com.br\/blog\/como-comecar-redacao\/#primaryimage\",\"url\":\"https:\/\/blog-es-static.infra.grancursosonline.com.br\/wp-content\/uploads\/2025\/03\/25164947\/como-comecar-uma-redacao-tecnicas-frases-modelos-prontos.webp\",\"contentUrl\":\"https:\/\/blog-es-static.infra.grancursosonline.com.br\/wp-content\/uploads\/2025\/03\/25164947\/como-comecar-uma-redacao-tecnicas-frases-modelos-prontos.webp\",\"width\":1201,\"height\":631,\"caption\":\"Mulher sorrindo em um banner com Como come\u00e7ar uma reda\u00e7\u00e3o: t\u00e9cnicas, frases e modelos prontos\"},{\"@type\":\"BreadcrumbList\",\"@id\":\"https:\/\/faculdade.grancursosonline.com.br\/blog\/como-comecar-redacao\/#breadcrumb\",\"itemListElement\":[{\"@type\":\"ListItem\",\"position\":1,\"name\":\"In\u00edcio\",\"item\":\"https:\/\/faculdade.grancursosonline.com.br\/blog\/\"},{\"@type\":\"ListItem\",\"position\":2,\"name\":\"Gradua\u00e7\u00e3o Gran Faculdade\",\"item\":\"https:\/\/faculdade.grancursosonline.com.br\/blog\/graduacao\/\"},{\"@type\":\"ListItem\",\"position\":3,\"name\":\"Como come\u00e7ar uma reda\u00e7\u00e3o: t\u00e9cnicas, frases e modelos prontos\"}]},{\"@type\":\"WebSite\",\"@id\":\"https:\/\/faculdade.grancursosonline.com.br\/blog\/#website\",\"url\":\"https:\/\/faculdade.grancursosonline.com.br\/blog\/\",\"name\":\"Blog Gran Faculdade\",\"description\":\"Tudo sobre ensino superior, p\u00f3s-gradua\u00e7\u00e3o, enem e carreira.\",\"publisher\":{\"@id\":\"https:\/\/faculdade.grancursosonline.com.br\/blog\/#organization\"},\"potentialAction\":[{\"@type\":\"SearchAction\",\"target\":{\"@type\":\"EntryPoint\",\"urlTemplate\":\"https:\/\/faculdade.grancursosonline.com.br\/blog\/?s={search_term_string}\"},\"query-input\":{\"@type\":\"PropertyValueSpecification\",\"valueRequired\":true,\"valueName\":\"search_term_string\"}}],\"inLanguage\":\"pt-BR\"},{\"@type\":\"Organization\",\"@id\":\"https:\/\/faculdade.grancursosonline.com.br\/blog\/#organization\",\"name\":\"Gran Cursos Online\",\"url\":\"https:\/\/faculdade.grancursosonline.com.br\/blog\/\",\"logo\":{\"@type\":\"ImageObject\",\"inLanguage\":\"pt-BR\",\"@id\":\"https:\/\/faculdade.grancursosonline.com.br\/blog\/#\/schema\/logo\/image\/\",\"url\":\"https:\/\/blog-es-static.infra.grancursosonline.com.br\/wp-content\/uploads\/2019\/08\/03123934\/logo.png\",\"contentUrl\":\"https:\/\/blog-es-static.infra.grancursosonline.com.br\/wp-content\/uploads\/2019\/08\/03123934\/logo.png\",\"width\":300,\"height\":57,\"caption\":\"Gran Cursos Online\"},\"image\":{\"@id\":\"https:\/\/faculdade.grancursosonline.com.br\/blog\/#\/schema\/logo\/image\/\"},\"sameAs\":[\"https:\/\/www.facebook.com\/grancursosonline\/\",\"https:\/\/x.com\/gran_online\",\"https:\/\/www.instagram.com\/grancursosonline\/\",\"https:\/\/www.youtube.com\/user\/grancursostv\"]},{\"@type\":\"Person\",\"@id\":\"https:\/\/faculdade.grancursosonline.com.br\/blog\/#\/schema\/person\/3a789976f55b81ab3d3064e7d7a9ca13\",\"name\":\"Equipe Gran\",\"url\":\"https:\/\/faculdade.grancursosonline.com.br\/blog\/author\/squad5conversionseo\/\"}]}<\/script>\n<!-- \/ Yoast SEO Premium plugin. -->","yoast_head_json":{"title":"Como come\u00e7ar reda\u00e7\u00e3o? Confira 15 frases com exemplos","description":"Descubra como come\u00e7ar uma reda\u00e7\u00e3o de forma clara e objetiva. Veja dicas, exemplos e estrat\u00e9gias para um bom desempenho. Confira!","robots":{"index":"index","follow":"follow","max-snippet":"max-snippet:-1","max-image-preview":"max-image-preview:large","max-video-preview":"max-video-preview:-1"},"canonical":"https:\/\/faculdade.grancursosonline.com.br\/blog\/como-comecar-redacao\/","og_locale":"pt_BR","og_type":"article","og_title":"Como come\u00e7ar uma reda\u00e7\u00e3o: t\u00e9cnicas, frases e modelos prontos","og_description":"Descubra como come\u00e7ar uma reda\u00e7\u00e3o de forma clara e objetiva. Veja dicas, exemplos e estrat\u00e9gias para um bom desempenho. Confira!","og_url":"https:\/\/faculdade.grancursosonline.com.br\/blog\/como-comecar-redacao\/","og_site_name":"Blog Gran Faculdade","article_publisher":"https:\/\/www.facebook.com\/grancursosonline\/","article_published_time":"2025-11-25T19:50:22+00:00","article_modified_time":"2025-11-25T19:50:27+00:00","og_image":[{"width":1201,"height":631,"url":"https:\/\/blog-es-static.infra.grancursosonline.com.br\/wp-content\/uploads\/2025\/03\/25164947\/como-comecar-uma-redacao-tecnicas-frases-modelos-prontos.webp","type":"image\/webp"}],"author":"Equipe Gran","twitter_card":"summary_large_image","twitter_creator":"@gran_online","twitter_site":"@gran_online","twitter_misc":{"Written by":"Equipe Gran","Est. reading time":"13 minutos"},"schema":{"@context":"https:\/\/schema.org","@graph":[{"@type":"NewsArticle","@id":"https:\/\/faculdade.grancursosonline.com.br\/blog\/como-comecar-redacao\/#article","isPartOf":{"@id":"https:\/\/faculdade.grancursosonline.com.br\/blog\/como-comecar-redacao\/"},"author":{"name":"Equipe Gran","@id":"https:\/\/faculdade.grancursosonline.com.br\/blog\/#\/schema\/person\/3a789976f55b81ab3d3064e7d7a9ca13"},"headline":"Como come\u00e7ar uma reda\u00e7\u00e3o: t\u00e9cnicas, frases e modelos prontos","datePublished":"2025-11-25T19:50:22+00:00","dateModified":"2025-11-25T19:50:27+00:00","mainEntityOfPage":{"@id":"https:\/\/faculdade.grancursosonline.com.br\/blog\/como-comecar-redacao\/"},"wordCount":2678,"commentCount":0,"publisher":{"@id":"https:\/\/faculdade.grancursosonline.com.br\/blog\/#organization"},"image":{"@id":"https:\/\/faculdade.grancursosonline.com.br\/blog\/como-comecar-redacao\/#primaryimage"},"thumbnailUrl":"https:\/\/blog-es-static.infra.grancursosonline.com.br\/wp-content\/uploads\/2025\/03\/25164947\/como-comecar-uma-redacao-tecnicas-frases-modelos-prontos.webp","articleSection":["ENCCEJA","ENEM","Gradua\u00e7\u00e3o Gran Faculdade"],"inLanguage":"pt-BR","potentialAction":[{"@type":"CommentAction","name":"Comment","target":["https:\/\/faculdade.grancursosonline.com.br\/blog\/como-comecar-redacao\/#respond"]}],"copyrightYear":"2025","copyrightHolder":{"@id":"https:\/\/faculdade.grancursosonline.com.br\/blog\/#organization"},"accessibilityFeature":["tableOfContents"]},{"@type":"WebPage","@id":"https:\/\/faculdade.grancursosonline.com.br\/blog\/como-comecar-redacao\/","url":"https:\/\/faculdade.grancursosonline.com.br\/blog\/como-comecar-redacao\/","name":"Como come\u00e7ar reda\u00e7\u00e3o? Confira 15 frases com exemplos","isPartOf":{"@id":"https:\/\/faculdade.grancursosonline.com.br\/blog\/#website"},"primaryImageOfPage":{"@id":"https:\/\/faculdade.grancursosonline.com.br\/blog\/como-comecar-redacao\/#primaryimage"},"image":{"@id":"https:\/\/faculdade.grancursosonline.com.br\/blog\/como-comecar-redacao\/#primaryimage"},"thumbnailUrl":"https:\/\/blog-es-static.infra.grancursosonline.com.br\/wp-content\/uploads\/2025\/03\/25164947\/como-comecar-uma-redacao-tecnicas-frases-modelos-prontos.webp","datePublished":"2025-11-25T19:50:22+00:00","dateModified":"2025-11-25T19:50:27+00:00","description":"Descubra como come\u00e7ar uma reda\u00e7\u00e3o de forma clara e objetiva. Veja dicas, exemplos e estrat\u00e9gias para um bom desempenho. Confira!","breadcrumb":{"@id":"https:\/\/faculdade.grancursosonline.com.br\/blog\/como-comecar-redacao\/#breadcrumb"},"inLanguage":"pt-BR","potentialAction":[{"@type":"ReadAction","target":["https:\/\/faculdade.grancursosonline.com.br\/blog\/como-comecar-redacao\/"]}]},{"@type":"ImageObject","inLanguage":"pt-BR","@id":"https:\/\/faculdade.grancursosonline.com.br\/blog\/como-comecar-redacao\/#primaryimage","url":"https:\/\/blog-es-static.infra.grancursosonline.com.br\/wp-content\/uploads\/2025\/03\/25164947\/como-comecar-uma-redacao-tecnicas-frases-modelos-prontos.webp","contentUrl":"https:\/\/blog-es-static.infra.grancursosonline.com.br\/wp-content\/uploads\/2025\/03\/25164947\/como-comecar-uma-redacao-tecnicas-frases-modelos-prontos.webp","width":1201,"height":631,"caption":"Mulher sorrindo em um banner com Como come\u00e7ar uma reda\u00e7\u00e3o: t\u00e9cnicas, frases e modelos prontos"},{"@type":"BreadcrumbList","@id":"https:\/\/faculdade.grancursosonline.com.br\/blog\/como-comecar-redacao\/#breadcrumb","itemListElement":[{"@type":"ListItem","position":1,"name":"In\u00edcio","item":"https:\/\/faculdade.grancursosonline.com.br\/blog\/"},{"@type":"ListItem","position":2,"name":"Gradua\u00e7\u00e3o Gran Faculdade","item":"https:\/\/faculdade.grancursosonline.com.br\/blog\/graduacao\/"},{"@type":"ListItem","position":3,"name":"Como come\u00e7ar uma reda\u00e7\u00e3o: t\u00e9cnicas, frases e modelos prontos"}]},{"@type":"WebSite","@id":"https:\/\/faculdade.grancursosonline.com.br\/blog\/#website","url":"https:\/\/faculdade.grancursosonline.com.br\/blog\/","name":"Blog Gran Faculdade","description":"Tudo sobre ensino superior, p\u00f3s-gradua\u00e7\u00e3o, enem e carreira.","publisher":{"@id":"https:\/\/faculdade.grancursosonline.com.br\/blog\/#organization"},"potentialAction":[{"@type":"SearchAction","target":{"@type":"EntryPoint","urlTemplate":"https:\/\/faculdade.grancursosonline.com.br\/blog\/?s={search_term_string}"},"query-input":{"@type":"PropertyValueSpecification","valueRequired":true,"valueName":"search_term_string"}}],"inLanguage":"pt-BR"},{"@type":"Organization","@id":"https:\/\/faculdade.grancursosonline.com.br\/blog\/#organization","name":"Gran Cursos Online","url":"https:\/\/faculdade.grancursosonline.com.br\/blog\/","logo":{"@type":"ImageObject","inLanguage":"pt-BR","@id":"https:\/\/faculdade.grancursosonline.com.br\/blog\/#\/schema\/logo\/image\/","url":"https:\/\/blog-es-static.infra.grancursosonline.com.br\/wp-content\/uploads\/2019\/08\/03123934\/logo.png","contentUrl":"https:\/\/blog-es-static.infra.grancursosonline.com.br\/wp-content\/uploads\/2019\/08\/03123934\/logo.png","width":300,"height":57,"caption":"Gran Cursos Online"},"image":{"@id":"https:\/\/faculdade.grancursosonline.com.br\/blog\/#\/schema\/logo\/image\/"},"sameAs":["https:\/\/www.facebook.com\/grancursosonline\/","https:\/\/x.com\/gran_online","https:\/\/www.instagram.com\/grancursosonline\/","https:\/\/www.youtube.com\/user\/grancursostv"]},{"@type":"Person","@id":"https:\/\/faculdade.grancursosonline.com.br\/blog\/#\/schema\/person\/3a789976f55b81ab3d3064e7d7a9ca13","name":"Equipe Gran","url":"https:\/\/faculdade.grancursosonline.com.br\/blog\/author\/squad5conversionseo\/"}]}},"_links":{"self":[{"href":"https:\/\/faculdade.grancursosonline.com.br\/blog\/wp-json\/wp\/v2\/posts\/79632951","targetHints":{"allow":["GET"]}}],"collection":[{"href":"https:\/\/faculdade.grancursosonline.com.br\/blog\/wp-json\/wp\/v2\/posts"}],"about":[{"href":"https:\/\/faculdade.grancursosonline.com.br\/blog\/wp-json\/wp\/v2\/types\/post"}],"author":[{"embeddable":true,"href":"https:\/\/faculdade.grancursosonline.com.br\/blog\/wp-json\/wp\/v2\/users\/515"}],"replies":[{"embeddable":true,"href":"https:\/\/faculdade.grancursosonline.com.br\/blog\/wp-json\/wp\/v2\/comments?post=79632951"}],"version-history":[{"count":8,"href":"https:\/\/faculdade.grancursosonline.com.br\/blog\/wp-json\/wp\/v2\/posts\/79632951\/revisions"}],"predecessor-version":[{"id":79759441,"href":"https:\/\/faculdade.grancursosonline.com.br\/blog\/wp-json\/wp\/v2\/posts\/79632951\/revisions\/79759441"}],"wp:featuredmedia":[{"embeddable":true,"href":"https:\/\/faculdade.grancursosonline.com.br\/blog\/wp-json\/wp\/v2\/media\/79759440"}],"wp:attachment":[{"href":"https:\/\/faculdade.grancursosonline.com.br\/blog\/wp-json\/wp\/v2\/media?parent=79632951"}],"wp:term":[{"taxonomy":"category","embeddable":true,"href":"https:\/\/faculdade.grancursosonline.com.br\/blog\/wp-json\/wp\/v2\/categories?post=79632951"},{"taxonomy":"post_tag","embeddable":true,"href":"https:\/\/faculdade.grancursosonline.com.br\/blog\/wp-json\/wp\/v2\/tags?post=79632951"}],"curies":[{"name":"wp","href":"https:\/\/api.w.org\/{rel}","templated":true}]}}