{"id":79636186,"date":"2025-10-31T11:34:43","date_gmt":"2025-10-31T14:34:43","guid":{"rendered":"https:\/\/blog.grancursosonline.com.br\/?p=79636186"},"modified":"2025-10-31T11:36:59","modified_gmt":"2025-10-31T14:36:59","slug":"praticas-pedagogicas","status":"publish","type":"post","link":"https:\/\/faculdade.grancursosonline.com.br\/blog\/praticas-pedagogicas\/","title":{"rendered":"Pr\u00e1ticas Pedag\u00f3gicas: 5 exemplos para al\u00e9m da sala de aula"},"content":{"rendered":"\n<p>Engana-se quem pensa que pr\u00e1ticas pedag\u00f3gicas s\u00f3 existem dentro de sala de aula ou que toda aula \u00e9 uma pr\u00e1tica pedag\u00f3gica. A seguir, vamos entender melhor sobre os conceitos e exemplos de pr\u00e1ticas pedag\u00f3gicas!<\/p>\n\n\n\n<p>Se preferir, navegue pelo \u00edndice abaixo:<\/p>\n\n\n\n<ul class=\"wp-block-list\">\n<li><a href=\"#o-que\">O que \u00e9 pr\u00e1tica pedag\u00f3gica?<\/a><\/li>\n\n\n\n<li><a href=\"#diferenca\">Diferen\u00e7a entre pr\u00e1tica docente e pr\u00e1tica pedag\u00f3gica<\/a><\/li>\n\n\n\n<li><a href=\"#importancia\">Qual a import\u00e2ncia das pr\u00e1ticas pedag\u00f3gicas?<\/a><\/li>\n\n\n\n<li><a href=\"#exemplos\">5 exemplos de pr\u00e1ticas pedag\u00f3gicas (dentro e fora da sala de aula)<\/a><\/li>\n<\/ul>\n\n\n\n<div class=\"wp-block-columns is-layout-flex wp-container-core-columns-is-layout-9d6595d7 wp-block-columns-is-layout-flex\">\n<div class=\"wp-block-column is-layout-flow wp-block-column-is-layout-flow\" style=\"flex-basis:100%\"><div class=\"wp-block-image\">\n<figure class=\"aligncenter size-full\"><a href=\"https:\/\/whatsapp.com\/channel\/0029VaG1sChI7Be7PNndhL43\" target=\"_blank\" rel=\"noopener\"><img decoding=\"async\" src=\"https:\/\/blog-es-static.infra.grancursosonline.com.br\/wp-content\/uploads\/2025\/09\/09112354\/banner-wp-600x142-80.webp\" alt=\"Acesse o canal do WhatsApp da Gran Faculdade\" class=\"wp-image-79751904\"\/><\/a><\/figure>\n<\/div><\/div>\n<\/div>\n\n\n\n<h2 class=\"wp-block-heading\" id=\"o-que\">O que \u00e9 pr\u00e1tica pedag\u00f3gica?<\/h2>\n\n\n\n<p>A pr\u00e1tica pedag\u00f3gica \u00e9 um dos principais conceitos-base da <a href=\"https:\/\/faculdade.grancursosonline.com.br\/curso\/pedagogia\/\" target=\"_blank\" rel=\"noopener\">Pedagogia<\/a>. H\u00e1 diversos autores que conceituam pr\u00e1ticas pedag\u00f3gicas de formas diversas. Mas em linhas gerais, uma pr\u00e1tica pedag\u00f3gica \u00e9 uma a\u00e7\u00e3o ou conjunto de a\u00e7\u00f5es e elementos que visa contribuir para o processo educacional, estimulando o desenvolvimento.<\/p>\n\n\n\n<p>Esse desenvolvimento pode ser de um conhecimento, da criatividade, da autopercep\u00e7\u00e3o, de uma reflex\u00e3o ou outras fun\u00e7\u00f5es sociais necess\u00e1rias.<\/p>\n\n\n\n<p>Dessa forma, as pr\u00e1ticas pedag\u00f3gicas contribuem para o protagonismo do aluno em um processo de aprendizagem ativo, que explora suas potencialidades e estimula a amplia\u00e7\u00e3o do seu conhecimento e de outras habilidades fundamentais para sua vida.<\/p>\n\n\n\n<p>Com o passar dos anos e os avan\u00e7os tecnol\u00f3gicos, as pr\u00e1ticas pedag\u00f3gicas tamb\u00e9m precisaram passar por inova\u00e7\u00f5es constantes e passar a considerar ferramentas tecnol\u00f3gicas, dispositivos e possibilidades digitais, por exemplo.<\/p>\n\n\n\n<p>Por isso, \u00e9 importante levar em considera\u00e7\u00e3o que as pr\u00e1ticas pedag\u00f3gicas tamb\u00e9m envolvem o contexto das pessoas participantes do processo educativo (professor e aluno\/educador e educando).<\/p>\n\n\n\n<p>Boas pr\u00e1ticas pedag\u00f3gicas s\u00e3o aquelas que os alunos conseguem fazer (\u00e9 poss\u00edvel), mas ainda s\u00e3o estimulantes e ensinam algo (s\u00e3o desafiadoras no n\u00edvel adequado).<\/p>\n\n\n\n<p>Por exemplo, para uma crian\u00e7a que j\u00e1 sabe somar 1+1, \u00e9 preciso que a pr\u00f3xima pr\u00e1tica pedag\u00f3gica tenha um n\u00edvel de dificuldade poss\u00edvel, mas desafiante. N\u00e3o adianta colocar como pr\u00f3xima etapa somar 374+229 ou s\u00f3 se manter no 1+1 por muito tempo.<\/p>\n\n\n\n<h2 class=\"wp-block-heading\" id=\"diferenca\">Diferen\u00e7a entre pr\u00e1tica docente e pr\u00e1tica pedag\u00f3gica<\/h2>\n\n\n\n<p>Pr\u00e1tica docente \u00e9 toda atividade destinada ao processo de ensino de professor para aluno. Enquanto a pr\u00e1tica pedag\u00f3gica inclui a participa\u00e7\u00e3o ativa e as compet\u00eancias do aluno no processo de aprendizagem.<\/p>\n\n\n\n<p>Utopicamente, pr\u00e1tica docente e pr\u00e1tica pedag\u00f3gica s\u00e3o conceitos que deveriam estar sempre juntos. Mas nem sempre \u00e9 assim e isso pode comprometer o processo de ensino\/aprendizagem e o v\u00ednculo entre educador e educando.<\/p>\n\n\n\n<p>Toda pr\u00e1tica docente deveria levar em considera\u00e7\u00e3o o contexto individual e coletivo daquela a\u00e7\u00e3o, al\u00e9m de ter intencionalidade pedag\u00f3gica voltada para um objetivo espec\u00edfico.<br>Por exemplo, n\u00e3o faz sentido chegar para dar aula nos anos iniciais e exigir que crian\u00e7as de 3 a 4 anos se sentem e fiquem por 50 minutos parados recebendo conte\u00fados de forma oral (mesmo que seja um assunto muito interessante).<\/p>\n\n\n\n<p>Da mesma forma, que em uma aula de <a href=\"https:\/\/faculdade.grancursosonline.com.br\/curso\/analise-e-desenvolvimento-de-sistemas\/\" target=\"_blank\" rel=\"noopener\">An\u00e1lise e Desenvolvimento de Sistemas<\/a> sugerir que os estudantes fa\u00e7am um trabalho manual de colagem pode n\u00e3o ser a melhor pr\u00e1tica docente para passar a informa\u00e7\u00e3o. A menos que exista uma pr\u00e1tica pedag\u00f3gica muito bem definida na proposta.<\/p>\n\n\n\n<p>Pr\u00e1tica docente, pr\u00e1tica educativa e pr\u00e1tica pedag\u00f3gica s\u00e3o conceitos pr\u00f3ximos, mas distintos que devem ser levadas em considera\u00e7\u00e3o, mas o aprofundamento dessas especificidades, bem como do debate sobre educa\u00e7\u00e3o e pedagogia serem ou n\u00e3o sin\u00f4nimos \u00e9 muito mais profundo e n\u00e3o cabe nesse espa\u00e7o. Certo?<\/p>\n\n\n\n<p>Ent\u00e3o, voltando ao artigo, a seguir vamos conferir mais sobre a import\u00e2ncia das pr\u00e1ticas pedag\u00f3gicas e conferir exemplos para implementar dentro e fora da sala de aula.<\/p>\n\n\n\n<h2 class=\"wp-block-heading\" id=\"importancia\">Qual a import\u00e2ncia das pr\u00e1ticas pedag\u00f3gicas?<\/h2>\n\n\n\n<p>Boas pr\u00e1ticas pedag\u00f3gicas s\u00e3o fundamentais para o processo de aprendizagem e para as intera\u00e7\u00f5es sociais e habilidades socioemocionais na forma\u00e7\u00e3o do indiv\u00edduo, independentemente da idade e contexto.<\/p>\n\n\n\n<p>De acordo com as diretrizes nacionais da <a href=\"https:\/\/blog.grancursosonline.com.br\/base-nacional-comum-curricular\/\" target=\"_blank\" rel=\"noopener\">Base Nacional Comum Curricular (BNCC)<\/a>, as pr\u00e1ticas pedag\u00f3gicas devem desenvolver compet\u00eancias como conhecimento, pensamento cr\u00edtico, repert\u00f3rio cultural, autoconhecimento, coopera\u00e7\u00e3o, etc.<\/p>\n\n\n\n<p>Por isso, \u00e9 importante que profissionais qualificados desenvolvam as pr\u00e1ticas pedag\u00f3gicas em ambientes escolares, ao mesmo tempo que tamb\u00e9m \u00e9 poss\u00edvel aplic\u00e1-las em outros contextos e espa\u00e7os.<\/p>\n\n\n\n<p>Confira a seguir alguns exemplos de pr\u00e1ticas pedag\u00f3gicas para colocar em a\u00e7\u00e3o para contribuir com o desenvolvimento infantil.<\/p>\n\n\n\n<h2 class=\"wp-block-heading\" id=\"exemplos\">5 exemplos de pr\u00e1ticas pedag\u00f3gicas (dentro e fora da sala de aula)<\/h2>\n\n\n\n<p>Toda atividade com intencionalidade pedag\u00f3gica pode se tornar uma pr\u00e1tica pedag\u00f3gica, desde que aplicada da forma adequada, permitindo o desenvolvimento de forma segura.<\/p>\n\n\n\n<p>Assim, as crian\u00e7as (ou adultos, pois isso se aplica a todas as idades) passam tamb\u00e9m ao papel de protagonismo no seu aprendizado, construindo junto com os educadores\/facilitadores de aprendizagem, seu pr\u00f3prio conhecimento e desenvolvimento social.<\/p>\n\n\n\n<p>A seguir, confira 5 exemplos de pr\u00e1ticas pedag\u00f3gicas para dentro e fora da sala de aula<\/p>\n\n\n\n<h3 class=\"wp-block-heading\" id=\"h-1-atividades-coletivas-como-praticas-pedagogicas\">1. Atividades coletivas como pr\u00e1ticas pedag\u00f3gicas<\/h3>\n\n\n\n<p>O aprendizado individual \u00e9 importante para o processo de aprendizagem, mas vale lembrar que a intera\u00e7\u00e3o social \u00e9 fundamental para o desenvolvimento da crian\u00e7a. Por isso, estimular atividades coletivas que sejam baseadas nos princ\u00edpios de pr\u00e1ticas pedag\u00f3gicas \u00e9 uma \u00f3tima ideia para dentro e fora da sala de aula.<\/p>\n\n\n\n<p>Gincanas com atividades em equipe como corrida de revezamento ou labirinto em grupo, por exemplo. Mas vale destacar que as atividades propostas podem ser voltadas para atividade f\u00edsica, mental e\/ou cognitiva e s\u00e3o excelentes op\u00e7\u00f5es.<\/p>\n\n\n\n<h3 class=\"wp-block-heading\" id=\"h-2-convidar-a-crianca-para-inventar-a-brincadeira\">2. Convidar a crian\u00e7a para inventar a brincadeira<\/h3>\n\n\n\n<p>O l\u00fadico faz parte do processo de aprendizagem e ativa diversos sentidos nas crian\u00e7as (e adultos tamb\u00e9m). Por isso, tudo que permite que a crian\u00e7a tenha autonomia para usar a imagina\u00e7\u00e3o e a criatividade pode ser estimulado atendendo a uma pr\u00e1tica pedag\u00f3gica.<\/p>\n\n\n\n<p>Permita que a crian\u00e7a invente a pr\u00f3pria brincadeira, participe respeitando a autonomia e conduzindo quando necess\u00e1rio.<\/p>\n\n\n\n<h3 class=\"wp-block-heading\" id=\"h-3-brincar-de-professor\">3. Brincar de professor<\/h3>\n\n\n\n<p>O ensino tradicional de anos atr\u00e1s acreditava que a melhor forma de ensino era ter a figura de um professor transmitindo seu conhecimento para que os estudantes o replicassem.<\/p>\n\n\n\n<p>Hoje, sabemos que o conhecimento \u00e9 uma constru\u00e7\u00e3o coletiva e constante. Ent\u00e3o, ao repassar uma informa\u00e7\u00e3o, cada aluno absorve, soma com seus conhecimentos e cria um novo conhecimento, ao mesmo tempo que o professor tamb\u00e9m aprende com seus alunos.<\/p>\n\n\n\n<p>Convidar a crian\u00e7a para brincar de professor ajuda a entender como a crian\u00e7a v\u00ea o papel desse profissional e como ela compartilha seu pr\u00f3prio conhecimento.<\/p>\n\n\n\n<h3 class=\"wp-block-heading\" id=\"h-4-ferramentas-tecnologicas\">4. Ferramentas tecnol\u00f3gicas<\/h3>\n\n\n\n<p>Explore ferramentas tecnol\u00f3gicas que as crian\u00e7as t\u00eam acesso como objetos que permitem pr\u00e1ticas pedag\u00f3gicas. Construa din\u00e2micas e a\u00e7\u00f5es junto \u00e0s crian\u00e7as com base no que elas usam de tecnologia ou assistem, por exemplo.<\/p>\n\n\n\n<p>Uma ideia bacana \u00e9 fazer com que elas coloquem a m\u00e3o na massa. Que tal assistir um v\u00eddeo de receita e colocar em pr\u00e1tica? Isso colabora com no\u00e7\u00f5es de matem\u00e1tica, ci\u00eancias e experimenta\u00e7\u00f5es, linguagens e tecnologias.<\/p>\n\n\n\n<p>Al\u00e9m do resultado poder ser um bom est\u00edmulo. Afinal, comer algo que ela mesmo preparou tem um sabor \u00fanico.<\/p>\n\n\n\n<h3 class=\"wp-block-heading\" id=\"h-5-gamification-praticas-pedagogicas-em-jogos\">5. Gamification: pr\u00e1ticas pedag\u00f3gicas em jogos<\/h3>\n\n\n\n<p>Jogos costumam engajar e despertar habilidades sociais muito importantes em diversas etapas da vida. Por isso, criar jogos para pr\u00e1ticas pedag\u00f3gicas \u00e9 uma \u00f3tima op\u00e7\u00e3o para dentro e fora da sala de aula.<\/p>\n\n\n\n<p>Com isso, \u00e9 poss\u00edvel estimular a competitividade de forma saud\u00e1vel, incentivar a criatividade, a autonomia, o senso de equipe, o racioc\u00ednio l\u00f3gico e a resolu\u00e7\u00e3o de problemas.<\/p>\n\n\n\n<h3 class=\"wp-block-heading\" id=\"h-o-que-nao-fazer-nas-praticas-pedagogicas\">O que n\u00e3o fazer nas pr\u00e1ticas pedag\u00f3gicas<\/h3>\n\n\n\n<p>As pr\u00e1ticas pedag\u00f3gicas s\u00e3o aliadas no processo de constru\u00e7\u00e3o de indiv\u00edduos conscientes, emocionalmente mais saud\u00e1veis, que valorizam suas potencialidades e respeitam a si e ao outro.<\/p>\n\n\n\n<p>Mas quando uma pr\u00e1tica pedag\u00f3gica \u00e9 feita sem um espa\u00e7o seguro e uma pessoa consciente conduzindo, \u00e9 poss\u00edvel que isso acabe prejudicando o desenvolvimento e gerando traumas.<\/p>\n\n\n\n<p>Por isso, caso voc\u00ea n\u00e3o tenha forma\u00e7\u00e3o na \u00e1rea, pe\u00e7a apoio a profissionais devidamente qualificados.<\/p>\n\n\n\n<h2 class=\"wp-block-heading\" id=\"h-vem-pra-gran-faculdade\">Vem pra Gran Faculdade!<\/h2>\n\n\n\n<p>A Gran Faculdade vem mudando a vida de milhares de pessoas por meio de cursos \u00e0 dist\u00e2ncia de <a href=\"https:\/\/faculdade.grancursosonline.com.br\/\" target=\"_blank\" rel=\"noreferrer noopener\">gradua\u00e7\u00e3o<\/a>, <a href=\"https:\/\/pos.grancursosonline.com.br\/\" target=\"_blank\" rel=\"noreferrer noopener\">p\u00f3s-gradua\u00e7\u00e3o<\/a> e <a href=\"https:\/\/pos.grancursosonline.com.br\/mba\" target=\"_blank\" rel=\"noreferrer noopener\">MBA<\/a>. Seja no digital ou em nosso <a href=\"https:\/\/presencial.grancursosonline.com.br\/\" target=\"_blank\" rel=\"noreferrer noopener\">Campus Presencial em Curitiba<\/a>, a nossa miss\u00e3o \u00e9 transformar a educa\u00e7\u00e3o superior.<\/p>\n\n\n\n<p>Como parte de Sistema Gran de Ensino, que \u00e9 reconhecido como marca aprovadora h\u00e1 mais de 10 anos, constru\u00edmos uma renomada reputa\u00e7\u00e3o na \u00e1rea de educa\u00e7\u00e3o.<\/p>\n\n\n\n<p>Veja algumas de nossas conquistas:<\/p>\n\n\n\n<ul class=\"wp-block-list\">\n<li>Reconhecido pela Amazon como um dos projetos mais relevantes do mundo na \u00e1rea de Tecnologia e Educa\u00e7\u00e3o;<\/li>\n\n\n\n<li>Foi eleito pelo Project Management Institute (PMI), um dos 50 Projetos Mais Influentes do mundo;<\/li>\n\n\n\n<li>Somos o site de educa\u00e7\u00e3o mais acessado do Brasil;<\/li>\n\n\n\n<li>Somos avaliados com a nota m\u00e1xima pelo MEC;<\/li>\n\n\n\n<li>Aqui o semestre come\u00e7a quando quiser: entrada imediata e cont\u00ednua!<\/li>\n\n\n\n<li>Melhores pre\u00e7os do mercado;<\/li>\n\n\n\n<li>Mais de 800 mil alunos pagantes e mais de 1000 funcion\u00e1rios;<\/li>\n\n\n\n<li>Diversas ferramentas de estudo: PDFs, audiobooks, mapas mentais, videoaulas, quest\u00f5es, gerenciador de estudos e muito mais!<\/li>\n\n\n\n<li>Professores experientes e capacitados;<\/li>\n\n\n\n<li>Acesso imediato e 100% online.<\/li>\n<\/ul>\n\n\n\n<p class=\"has-text-align-center has-text-align-center\"><strong><a href=\"https:\/\/faculdade.grancursosonline.com.br\/\">Quero ser aluno da Gran Faculdade<\/a><\/strong><\/p>\n\n\n\n<h2 class=\"wp-block-heading\" id=\"h-participe-de-uma-imersao-exclusiva-com-especialistas-em-ia-e-transforme-sua-carreira\">Participe de uma imers\u00e3o exclusiva com especialistas em IA e transforme sua carreira<\/h2>\n\n\n<div class=\"wp-block-image\">\n<figure class=\"aligncenter size-large is-resized\"><a href=\"https:\/\/lp.grancursosonline.com.br\/imersao-em-ia\/?utm_source=Wordpress&amp;utm_medium=sidebar&amp;utm_campaign=Capta%C3%A7%C3%A3o+Imers%C3%A3o+em+IA+-+Abril%2F2026+-+Blog+Ensino+Superior+-+Conte%C3%BAdo+e+SEO&amp;utm_id=Capta%C3%A7%C3%A3o+Imers%C3%A3o+em+IA+-+Abril%2F2026+-+Blog+Ensino+Superior+-+Conte%C3%BAdo+e+SEO\" target=\"_blank\" rel=\" noreferrer noopener\"><img loading=\"lazy\" decoding=\"async\" width=\"1024\" height=\"576\" src=\"https:\/\/blog-es-static.infra.grancursosonline.com.br\/wp-content\/uploads\/2026\/03\/31105919\/imersao_em_ia-1024x576.webp\" alt=\"\" class=\"wp-image-79763836\" style=\"width:488px;height:auto\"\/><\/a><\/figure>\n<\/div>\n\n\n<p><strong>Se voc\u00ea quer sair do b\u00e1sico e entender, na pr\u00e1tica, como a Intelig\u00eancia Artificial (IA) est\u00e1 moldando o mercado, esta \u00e9 a sua oportunidade.<\/strong> <\/p>\n\n\n\n<p>A Imers\u00e3o em IA re\u00fane especialistas renomados do mercado, incluindo profissionais com experi\u00eancia em grandes empresas de tecnologia como Google e Amazon, que v\u00e3o compartilhar<strong> insights estrat\u00e9gicos e aplica\u00e7\u00f5es reais<\/strong> para acelerar sua evolu\u00e7\u00e3o profissional.<\/p>\n\n\n\n<p>O evento acontecer\u00e1 em <strong>tr\u00eas encontros ao vivo, a partir do dia 13 de abril, sempre \u00e0s 20h<\/strong> (hor\u00e1rio de Bras\u00edlia), com uma programa\u00e7\u00e3o estruturada para levar voc\u00ea do entendimento dos conceitos at\u00e9 a aplica\u00e7\u00e3o pr\u00e1tica de agentes de IA.<\/p>\n\n\n\n<p>Clique no link abaixo e garanta sua participa\u00e7\u00e3o nesta experi\u00eancia <strong>gratuita, ao vivo e com potencial real de impacto na sua carreira<\/strong>.<\/p>\n\n\n\n<p class=\"has-text-align-center\"><strong><a href=\"https:\/\/lp.grancursosonline.com.br\/imersao-em-ia\/?utm_source=Wordpress&amp;utm_medium=sidebar&amp;utm_campaign=Capta%C3%A7%C3%A3o+Imers%C3%A3o+em+IA+-+Abril%2F2026+-+Blog+Ensino+Superior+-+Conte%C3%BAdo+e+SEO&amp;utm_id=Capta%C3%A7%C3%A3o+Imers%C3%A3o+em+IA+-+Abril%2F2026+-+Blog+Ensino+Superior+-+Conte%C3%BAdo+e+SEO\" target=\"_blank\" rel=\"noreferrer noopener\">Quero participar da Imers\u00e3o para aprender mais sobre IA<\/a><\/strong><\/p>\n\n\n\n<div class=\"wp-block-group has-background\" style=\"background-color:#8dd2fc7a\"><div class=\"wp-block-group__inner-container is-layout-constrained wp-block-group-is-layout-constrained\">\n<p><strong>Outras not\u00edcias em destaque:<\/strong><\/p>\n\n\n\n<ul class=\"wp-block-list\">\n<li><a href=\"https:\/\/blog.grancursosonline.com.br\/formacao-pedagogica\/\" target=\"_blank\" rel=\"noopener\">Forma\u00e7\u00e3o Pedag\u00f3gica: o que \u00e9, curso e quem pode fazer?<\/a><\/li>\n\n\n\n<li><a href=\"https:\/\/blog.grancursosonline.com.br\/psicopedagogia\/\" target=\"_blank\" rel=\"noopener\">Psicopedagogia: o que \u00e9, como \u00e9 o curso, a \u00e1rea e o sal\u00e1rio?<\/a><\/li>\n\n\n\n<li><a href=\"https:\/\/blog.grancursosonline.com.br\/carreira-na-educacao\/\" target=\"_blank\" rel=\"noopener\">Carreira na Educa\u00e7\u00e3o: como se destacar e por onde come\u00e7ar?<\/a><\/li>\n<\/ul>\n<\/div><\/div>\n\n\n\n<div class=\"wp-block-group\"><div class=\"wp-block-group__inner-container is-layout-constrained wp-block-group-is-layout-constrained\">\n<section style=\"text-align: center;\">\n<p>Quer ficar por dentro da Faculdade Digital mais inovadora do Brasil?<\/p>\n<nav>\n<p class=\"has-background has-dark-bluish-background-color\" style=\"font-size: 25px; text-align: center; background: #f0f0f0; color: #ffffff; padding: 4px 0px 4xp 0px;\"><a style=\"color: #0d134c; text-decoration: underline;\" href=\"https:\/\/faculdade.grancursosonline.com.br\/\" target=\"_blank\" rel=\"noopener\">GRADUA\u00c7\u00c3O<\/a><\/p>\n<p class=\"has-background has-dark-bluish-background-color\" style=\"font-size: 25px; text-align: center; background: #f0f0f0; color: #ffffff; padding: 4px 0px 4xp 0px;\"><a style=\"color: #0d134c; text-decoration: underline;\" href=\"https:\/\/pos.grancursosonline.com.br\/\" target=\"_blank\" rel=\"noopener\">P\u00d3S-GRADUA\u00c7\u00c3O<\/a><\/p>\n<p class=\"has-background has-dark-bluish-background-color\" style=\"font-size: 25px; text-align: center; background: #f0f0f0; color: #ffffff; padding: 4px 0px 4xp 0px;\"><a style=\"color: #0d134c; text-decoration: underline;\" href=\"https:\/\/faculdade.grancursosonline.com.br\/nossos-cursos\/\" target=\"_blank\" rel=\"noopener\">TUDO SOBRE A GRAN FACULDADE<\/a><\/p>\n<\/nav>\n<p><strong>Receba <span style=\"color: #cf1e25;\">gratuitamente<\/span> no seu celular as principais not\u00edcias sobre a Gran Faculdade! <br \/>Clique no link abaixo e inscreva-se:<\/strong><\/p>\n<p class=\"has-background has-dark-bluish-background-color\" style=\"font-size: 25px; text-align: center; background: #f0f0f0; color: #ffffff; padding: 4px 0px 4xp 0px;\"><a style=\"color: #0d134c; text-decoration: underline;\" href=\"https:\/\/whatsapp.com\/channel\/0029VaG1sChI7Be7PNndhL43\" target=\"_blank\" rel=\"noopener noreferrer\">WHATSAPP<\/a><\/p>\n<p class=\"has-background has-dark-bluish-background-color\" style=\"font-size: 25px; text-align: center; background: #f0f0f0; color: #ffffff; padding: 4px 0px 4xp 0px;\"><a style=\"color: #0d134c; text-decoration: underline;\" href=\"https:\/\/t.me\/GranFaculdade\" target=\"_blank\" rel=\"noopener noreferrer\">TELEGRAM<\/a><\/p>\n<\/section>\n<\/div><\/div>\n","protected":false},"excerpt":{"rendered":"<p>Engana-se quem pensa que pr\u00e1ticas pedag\u00f3gicas s\u00f3 existem dentro de sala de aula ou que toda aula \u00e9 uma pr\u00e1tica pedag\u00f3gica. A seguir, vamos entender melhor sobre os conceitos e exemplos de pr\u00e1ticas pedag\u00f3gicas! Se preferir, navegue pelo \u00edndice abaixo: O que \u00e9 pr\u00e1tica pedag\u00f3gica? A pr\u00e1tica pedag\u00f3gica \u00e9 um dos principais conceitos-base da Pedagogia.&hellip;<\/p>\n","protected":false},"author":514,"featured_media":79759020,"comment_status":"open","ping_status":"open","sticky":false,"template":"","format":"standard","meta":{"_acf_changed":false,"content-type":"","footnotes":""},"categories":[219790,218545,2],"tags":[],"class_list":["post-79636186","post","type-post","status-publish","format-standard","has-post-thumbnail","hentry","category-graduacao-ead","category-graduacao","category-ultimas-noticias"],"acf":[],"yoast_head":"<!-- This site is optimized with the Yoast SEO Premium plugin v27.2 (Yoast SEO v27.2) - https:\/\/yoast.com\/product\/yoast-seo-premium-wordpress\/ -->\n<title>Pr\u00e1ticas Pedag\u00f3gicas: 5 exemplos para al\u00e9m da sala de aula<\/title>\n<meta name=\"description\" content=\"Entenda o que \u00e9 pr\u00e1tica pedag\u00f3gica e 5 exemplos de pr\u00e1ticas pedag\u00f3gicas para aplicar dentro e fora da sala de aula com diferentes idades!\" \/>\n<meta name=\"robots\" content=\"index, follow, max-snippet:-1, max-image-preview:large, max-video-preview:-1\" \/>\n<link rel=\"canonical\" href=\"https:\/\/faculdade.grancursosonline.com.br\/blog\/praticas-pedagogicas\/\" \/>\n<meta property=\"og:locale\" content=\"pt_BR\" \/>\n<meta property=\"og:type\" content=\"article\" \/>\n<meta property=\"og:title\" content=\"Pr\u00e1ticas Pedag\u00f3gicas: 5 exemplos para al\u00e9m da sala de aula\" \/>\n<meta property=\"og:description\" content=\"Entenda o que \u00e9 pr\u00e1tica pedag\u00f3gica e 5 exemplos de pr\u00e1ticas pedag\u00f3gicas para aplicar dentro e fora da sala de aula com diferentes idades!\" \/>\n<meta property=\"og:url\" content=\"https:\/\/faculdade.grancursosonline.com.br\/blog\/praticas-pedagogicas\/\" \/>\n<meta property=\"og:site_name\" content=\"Blog Gran Faculdade\" \/>\n<meta property=\"article:publisher\" content=\"https:\/\/www.facebook.com\/grancursosonline\/\" \/>\n<meta property=\"article:published_time\" content=\"2025-10-31T14:34:43+00:00\" \/>\n<meta property=\"article:modified_time\" content=\"2025-10-31T14:36:59+00:00\" \/>\n<meta property=\"og:image\" content=\"https:\/\/blog-es-static.infra.grancursosonline.com.br\/wp-content\/uploads\/2024\/05\/31113434\/praticas-pedagogicas-2.webp\" \/>\n\t<meta property=\"og:image:width\" content=\"511\" \/>\n\t<meta property=\"og:image:height\" content=\"311\" \/>\n\t<meta property=\"og:image:type\" content=\"image\/webp\" \/>\n<meta name=\"author\" content=\"Guilherme Henrique\" \/>\n<meta name=\"twitter:card\" content=\"summary_large_image\" \/>\n<meta name=\"twitter:creator\" content=\"@gran_online\" \/>\n<meta name=\"twitter:site\" content=\"@gran_online\" \/>\n<meta name=\"twitter:label1\" content=\"Written by\" \/>\n\t<meta name=\"twitter:data1\" content=\"Guilherme Henrique\" \/>\n\t<meta name=\"twitter:label2\" content=\"Est. reading time\" \/>\n\t<meta name=\"twitter:data2\" content=\"10 minutos\" \/>\n<script type=\"application\/ld+json\" class=\"yoast-schema-graph\">{\"@context\":\"https:\/\/schema.org\",\"@graph\":[{\"@type\":\"NewsArticle\",\"@id\":\"https:\/\/faculdade.grancursosonline.com.br\/blog\/praticas-pedagogicas\/#article\",\"isPartOf\":{\"@id\":\"https:\/\/faculdade.grancursosonline.com.br\/blog\/praticas-pedagogicas\/\"},\"author\":{\"name\":\"Guilherme Henrique\",\"@id\":\"https:\/\/faculdade.grancursosonline.com.br\/blog\/#\/schema\/person\/9745f9b6db8976613c1f439dbcfe717d\"},\"headline\":\"Pr\u00e1ticas Pedag\u00f3gicas: 5 exemplos para al\u00e9m da sala de aula\",\"datePublished\":\"2025-10-31T14:34:43+00:00\",\"dateModified\":\"2025-10-31T14:36:59+00:00\",\"mainEntityOfPage\":{\"@id\":\"https:\/\/faculdade.grancursosonline.com.br\/blog\/praticas-pedagogicas\/\"},\"wordCount\":1465,\"commentCount\":0,\"publisher\":{\"@id\":\"https:\/\/faculdade.grancursosonline.com.br\/blog\/#organization\"},\"image\":{\"@id\":\"https:\/\/faculdade.grancursosonline.com.br\/blog\/praticas-pedagogicas\/#primaryimage\"},\"thumbnailUrl\":\"https:\/\/blog-es-static.infra.grancursosonline.com.br\/wp-content\/uploads\/2024\/05\/31113157\/praticas-pedagogicas.webp\",\"articleSection\":[\"Gradua\u00e7\u00e3o EAD\",\"Gradua\u00e7\u00e3o Gran Faculdade\",\"\u00daltimas Not\u00edcias\"],\"inLanguage\":\"pt-BR\",\"potentialAction\":[{\"@type\":\"CommentAction\",\"name\":\"Comment\",\"target\":[\"https:\/\/faculdade.grancursosonline.com.br\/blog\/praticas-pedagogicas\/#respond\"]}],\"copyrightYear\":\"2025\",\"copyrightHolder\":{\"@id\":\"https:\/\/faculdade.grancursosonline.com.br\/blog\/#organization\"}},{\"@type\":\"WebPage\",\"@id\":\"https:\/\/faculdade.grancursosonline.com.br\/blog\/praticas-pedagogicas\/\",\"url\":\"https:\/\/faculdade.grancursosonline.com.br\/blog\/praticas-pedagogicas\/\",\"name\":\"Pr\u00e1ticas Pedag\u00f3gicas: 5 exemplos para al\u00e9m da sala de aula\",\"isPartOf\":{\"@id\":\"https:\/\/faculdade.grancursosonline.com.br\/blog\/#website\"},\"primaryImageOfPage\":{\"@id\":\"https:\/\/faculdade.grancursosonline.com.br\/blog\/praticas-pedagogicas\/#primaryimage\"},\"image\":{\"@id\":\"https:\/\/faculdade.grancursosonline.com.br\/blog\/praticas-pedagogicas\/#primaryimage\"},\"thumbnailUrl\":\"https:\/\/blog-es-static.infra.grancursosonline.com.br\/wp-content\/uploads\/2024\/05\/31113157\/praticas-pedagogicas.webp\",\"datePublished\":\"2025-10-31T14:34:43+00:00\",\"dateModified\":\"2025-10-31T14:36:59+00:00\",\"description\":\"Entenda o que \u00e9 pr\u00e1tica pedag\u00f3gica e 5 exemplos de pr\u00e1ticas pedag\u00f3gicas para aplicar dentro e fora da sala de aula com diferentes idades!\",\"breadcrumb\":{\"@id\":\"https:\/\/faculdade.grancursosonline.com.br\/blog\/praticas-pedagogicas\/#breadcrumb\"},\"inLanguage\":\"pt-BR\",\"potentialAction\":[{\"@type\":\"ReadAction\",\"target\":[\"https:\/\/faculdade.grancursosonline.com.br\/blog\/praticas-pedagogicas\/\"]}]},{\"@type\":\"ImageObject\",\"inLanguage\":\"pt-BR\",\"@id\":\"https:\/\/faculdade.grancursosonline.com.br\/blog\/praticas-pedagogicas\/#primaryimage\",\"url\":\"https:\/\/blog-es-static.infra.grancursosonline.com.br\/wp-content\/uploads\/2024\/05\/31113157\/praticas-pedagogicas.webp\",\"contentUrl\":\"https:\/\/blog-es-static.infra.grancursosonline.com.br\/wp-content\/uploads\/2024\/05\/31113157\/praticas-pedagogicas.webp\",\"width\":1001,\"height\":601,\"caption\":\"Pr\u00e1ticas Pedag\u00f3gicas: 5 exemplos para al\u00e9m da sala de aula\"},{\"@type\":\"BreadcrumbList\",\"@id\":\"https:\/\/faculdade.grancursosonline.com.br\/blog\/praticas-pedagogicas\/#breadcrumb\",\"itemListElement\":[{\"@type\":\"ListItem\",\"position\":1,\"name\":\"In\u00edcio\",\"item\":\"https:\/\/faculdade.grancursosonline.com.br\/blog\/\"},{\"@type\":\"ListItem\",\"position\":2,\"name\":\"Gradua\u00e7\u00e3o Gran Faculdade\",\"item\":\"https:\/\/faculdade.grancursosonline.com.br\/blog\/graduacao\/\"},{\"@type\":\"ListItem\",\"position\":3,\"name\":\"Pr\u00e1ticas Pedag\u00f3gicas: 5 exemplos para al\u00e9m da sala de aula\"}]},{\"@type\":\"WebSite\",\"@id\":\"https:\/\/faculdade.grancursosonline.com.br\/blog\/#website\",\"url\":\"https:\/\/faculdade.grancursosonline.com.br\/blog\/\",\"name\":\"Blog Gran Faculdade\",\"description\":\"Tudo sobre ensino superior, p\u00f3s-gradua\u00e7\u00e3o, enem e carreira.\",\"publisher\":{\"@id\":\"https:\/\/faculdade.grancursosonline.com.br\/blog\/#organization\"},\"potentialAction\":[{\"@type\":\"SearchAction\",\"target\":{\"@type\":\"EntryPoint\",\"urlTemplate\":\"https:\/\/faculdade.grancursosonline.com.br\/blog\/?s={search_term_string}\"},\"query-input\":{\"@type\":\"PropertyValueSpecification\",\"valueRequired\":true,\"valueName\":\"search_term_string\"}}],\"inLanguage\":\"pt-BR\"},{\"@type\":\"Organization\",\"@id\":\"https:\/\/faculdade.grancursosonline.com.br\/blog\/#organization\",\"name\":\"Gran Cursos Online\",\"url\":\"https:\/\/faculdade.grancursosonline.com.br\/blog\/\",\"logo\":{\"@type\":\"ImageObject\",\"inLanguage\":\"pt-BR\",\"@id\":\"https:\/\/faculdade.grancursosonline.com.br\/blog\/#\/schema\/logo\/image\/\",\"url\":\"https:\/\/blog-es-static.infra.grancursosonline.com.br\/wp-content\/uploads\/2019\/08\/03123934\/logo.png\",\"contentUrl\":\"https:\/\/blog-es-static.infra.grancursosonline.com.br\/wp-content\/uploads\/2019\/08\/03123934\/logo.png\",\"width\":300,\"height\":57,\"caption\":\"Gran Cursos Online\"},\"image\":{\"@id\":\"https:\/\/faculdade.grancursosonline.com.br\/blog\/#\/schema\/logo\/image\/\"},\"sameAs\":[\"https:\/\/www.facebook.com\/grancursosonline\/\",\"https:\/\/x.com\/gran_online\",\"https:\/\/www.instagram.com\/grancursosonline\/\",\"https:\/\/www.youtube.com\/user\/grancursostv\"]},{\"@type\":\"Person\",\"@id\":\"https:\/\/faculdade.grancursosonline.com.br\/blog\/#\/schema\/person\/9745f9b6db8976613c1f439dbcfe717d\",\"name\":\"Guilherme Henrique\",\"url\":\"https:\/\/faculdade.grancursosonline.com.br\/blog\/author\/guilherme-lourenco\/\"}]}<\/script>\n<!-- \/ Yoast SEO Premium plugin. -->","yoast_head_json":{"title":"Pr\u00e1ticas Pedag\u00f3gicas: 5 exemplos para al\u00e9m da sala de aula","description":"Entenda o que \u00e9 pr\u00e1tica pedag\u00f3gica e 5 exemplos de pr\u00e1ticas pedag\u00f3gicas para aplicar dentro e fora da sala de aula com diferentes idades!","robots":{"index":"index","follow":"follow","max-snippet":"max-snippet:-1","max-image-preview":"max-image-preview:large","max-video-preview":"max-video-preview:-1"},"canonical":"https:\/\/faculdade.grancursosonline.com.br\/blog\/praticas-pedagogicas\/","og_locale":"pt_BR","og_type":"article","og_title":"Pr\u00e1ticas Pedag\u00f3gicas: 5 exemplos para al\u00e9m da sala de aula","og_description":"Entenda o que \u00e9 pr\u00e1tica pedag\u00f3gica e 5 exemplos de pr\u00e1ticas pedag\u00f3gicas para aplicar dentro e fora da sala de aula com diferentes idades!","og_url":"https:\/\/faculdade.grancursosonline.com.br\/blog\/praticas-pedagogicas\/","og_site_name":"Blog Gran Faculdade","article_publisher":"https:\/\/www.facebook.com\/grancursosonline\/","article_published_time":"2025-10-31T14:34:43+00:00","article_modified_time":"2025-10-31T14:36:59+00:00","og_image":[{"width":511,"height":311,"url":"https:\/\/blog-es-static.infra.grancursosonline.com.br\/wp-content\/uploads\/2024\/05\/31113434\/praticas-pedagogicas-2.webp","type":"image\/webp"}],"author":"Guilherme Henrique","twitter_card":"summary_large_image","twitter_creator":"@gran_online","twitter_site":"@gran_online","twitter_misc":{"Written by":"Guilherme Henrique","Est. reading time":"10 minutos"},"schema":{"@context":"https:\/\/schema.org","@graph":[{"@type":"NewsArticle","@id":"https:\/\/faculdade.grancursosonline.com.br\/blog\/praticas-pedagogicas\/#article","isPartOf":{"@id":"https:\/\/faculdade.grancursosonline.com.br\/blog\/praticas-pedagogicas\/"},"author":{"name":"Guilherme Henrique","@id":"https:\/\/faculdade.grancursosonline.com.br\/blog\/#\/schema\/person\/9745f9b6db8976613c1f439dbcfe717d"},"headline":"Pr\u00e1ticas Pedag\u00f3gicas: 5 exemplos para al\u00e9m da sala de aula","datePublished":"2025-10-31T14:34:43+00:00","dateModified":"2025-10-31T14:36:59+00:00","mainEntityOfPage":{"@id":"https:\/\/faculdade.grancursosonline.com.br\/blog\/praticas-pedagogicas\/"},"wordCount":1465,"commentCount":0,"publisher":{"@id":"https:\/\/faculdade.grancursosonline.com.br\/blog\/#organization"},"image":{"@id":"https:\/\/faculdade.grancursosonline.com.br\/blog\/praticas-pedagogicas\/#primaryimage"},"thumbnailUrl":"https:\/\/blog-es-static.infra.grancursosonline.com.br\/wp-content\/uploads\/2024\/05\/31113157\/praticas-pedagogicas.webp","articleSection":["Gradua\u00e7\u00e3o EAD","Gradua\u00e7\u00e3o Gran Faculdade","\u00daltimas Not\u00edcias"],"inLanguage":"pt-BR","potentialAction":[{"@type":"CommentAction","name":"Comment","target":["https:\/\/faculdade.grancursosonline.com.br\/blog\/praticas-pedagogicas\/#respond"]}],"copyrightYear":"2025","copyrightHolder":{"@id":"https:\/\/faculdade.grancursosonline.com.br\/blog\/#organization"}},{"@type":"WebPage","@id":"https:\/\/faculdade.grancursosonline.com.br\/blog\/praticas-pedagogicas\/","url":"https:\/\/faculdade.grancursosonline.com.br\/blog\/praticas-pedagogicas\/","name":"Pr\u00e1ticas Pedag\u00f3gicas: 5 exemplos para al\u00e9m da sala de aula","isPartOf":{"@id":"https:\/\/faculdade.grancursosonline.com.br\/blog\/#website"},"primaryImageOfPage":{"@id":"https:\/\/faculdade.grancursosonline.com.br\/blog\/praticas-pedagogicas\/#primaryimage"},"image":{"@id":"https:\/\/faculdade.grancursosonline.com.br\/blog\/praticas-pedagogicas\/#primaryimage"},"thumbnailUrl":"https:\/\/blog-es-static.infra.grancursosonline.com.br\/wp-content\/uploads\/2024\/05\/31113157\/praticas-pedagogicas.webp","datePublished":"2025-10-31T14:34:43+00:00","dateModified":"2025-10-31T14:36:59+00:00","description":"Entenda o que \u00e9 pr\u00e1tica pedag\u00f3gica e 5 exemplos de pr\u00e1ticas pedag\u00f3gicas para aplicar dentro e fora da sala de aula com diferentes idades!","breadcrumb":{"@id":"https:\/\/faculdade.grancursosonline.com.br\/blog\/praticas-pedagogicas\/#breadcrumb"},"inLanguage":"pt-BR","potentialAction":[{"@type":"ReadAction","target":["https:\/\/faculdade.grancursosonline.com.br\/blog\/praticas-pedagogicas\/"]}]},{"@type":"ImageObject","inLanguage":"pt-BR","@id":"https:\/\/faculdade.grancursosonline.com.br\/blog\/praticas-pedagogicas\/#primaryimage","url":"https:\/\/blog-es-static.infra.grancursosonline.com.br\/wp-content\/uploads\/2024\/05\/31113157\/praticas-pedagogicas.webp","contentUrl":"https:\/\/blog-es-static.infra.grancursosonline.com.br\/wp-content\/uploads\/2024\/05\/31113157\/praticas-pedagogicas.webp","width":1001,"height":601,"caption":"Pr\u00e1ticas Pedag\u00f3gicas: 5 exemplos para al\u00e9m da sala de aula"},{"@type":"BreadcrumbList","@id":"https:\/\/faculdade.grancursosonline.com.br\/blog\/praticas-pedagogicas\/#breadcrumb","itemListElement":[{"@type":"ListItem","position":1,"name":"In\u00edcio","item":"https:\/\/faculdade.grancursosonline.com.br\/blog\/"},{"@type":"ListItem","position":2,"name":"Gradua\u00e7\u00e3o Gran Faculdade","item":"https:\/\/faculdade.grancursosonline.com.br\/blog\/graduacao\/"},{"@type":"ListItem","position":3,"name":"Pr\u00e1ticas Pedag\u00f3gicas: 5 exemplos para al\u00e9m da sala de aula"}]},{"@type":"WebSite","@id":"https:\/\/faculdade.grancursosonline.com.br\/blog\/#website","url":"https:\/\/faculdade.grancursosonline.com.br\/blog\/","name":"Blog Gran Faculdade","description":"Tudo sobre ensino superior, p\u00f3s-gradua\u00e7\u00e3o, enem e carreira.","publisher":{"@id":"https:\/\/faculdade.grancursosonline.com.br\/blog\/#organization"},"potentialAction":[{"@type":"SearchAction","target":{"@type":"EntryPoint","urlTemplate":"https:\/\/faculdade.grancursosonline.com.br\/blog\/?s={search_term_string}"},"query-input":{"@type":"PropertyValueSpecification","valueRequired":true,"valueName":"search_term_string"}}],"inLanguage":"pt-BR"},{"@type":"Organization","@id":"https:\/\/faculdade.grancursosonline.com.br\/blog\/#organization","name":"Gran Cursos Online","url":"https:\/\/faculdade.grancursosonline.com.br\/blog\/","logo":{"@type":"ImageObject","inLanguage":"pt-BR","@id":"https:\/\/faculdade.grancursosonline.com.br\/blog\/#\/schema\/logo\/image\/","url":"https:\/\/blog-es-static.infra.grancursosonline.com.br\/wp-content\/uploads\/2019\/08\/03123934\/logo.png","contentUrl":"https:\/\/blog-es-static.infra.grancursosonline.com.br\/wp-content\/uploads\/2019\/08\/03123934\/logo.png","width":300,"height":57,"caption":"Gran Cursos Online"},"image":{"@id":"https:\/\/faculdade.grancursosonline.com.br\/blog\/#\/schema\/logo\/image\/"},"sameAs":["https:\/\/www.facebook.com\/grancursosonline\/","https:\/\/x.com\/gran_online","https:\/\/www.instagram.com\/grancursosonline\/","https:\/\/www.youtube.com\/user\/grancursostv"]},{"@type":"Person","@id":"https:\/\/faculdade.grancursosonline.com.br\/blog\/#\/schema\/person\/9745f9b6db8976613c1f439dbcfe717d","name":"Guilherme Henrique","url":"https:\/\/faculdade.grancursosonline.com.br\/blog\/author\/guilherme-lourenco\/"}]}},"_links":{"self":[{"href":"https:\/\/faculdade.grancursosonline.com.br\/blog\/wp-json\/wp\/v2\/posts\/79636186","targetHints":{"allow":["GET"]}}],"collection":[{"href":"https:\/\/faculdade.grancursosonline.com.br\/blog\/wp-json\/wp\/v2\/posts"}],"about":[{"href":"https:\/\/faculdade.grancursosonline.com.br\/blog\/wp-json\/wp\/v2\/types\/post"}],"author":[{"embeddable":true,"href":"https:\/\/faculdade.grancursosonline.com.br\/blog\/wp-json\/wp\/v2\/users\/514"}],"replies":[{"embeddable":true,"href":"https:\/\/faculdade.grancursosonline.com.br\/blog\/wp-json\/wp\/v2\/comments?post=79636186"}],"version-history":[{"count":5,"href":"https:\/\/faculdade.grancursosonline.com.br\/blog\/wp-json\/wp\/v2\/posts\/79636186\/revisions"}],"predecessor-version":[{"id":79759022,"href":"https:\/\/faculdade.grancursosonline.com.br\/blog\/wp-json\/wp\/v2\/posts\/79636186\/revisions\/79759022"}],"wp:featuredmedia":[{"embeddable":true,"href":"https:\/\/faculdade.grancursosonline.com.br\/blog\/wp-json\/wp\/v2\/media\/79759020"}],"wp:attachment":[{"href":"https:\/\/faculdade.grancursosonline.com.br\/blog\/wp-json\/wp\/v2\/media?parent=79636186"}],"wp:term":[{"taxonomy":"category","embeddable":true,"href":"https:\/\/faculdade.grancursosonline.com.br\/blog\/wp-json\/wp\/v2\/categories?post=79636186"},{"taxonomy":"post_tag","embeddable":true,"href":"https:\/\/faculdade.grancursosonline.com.br\/blog\/wp-json\/wp\/v2\/tags?post=79636186"}],"curies":[{"name":"wp","href":"https:\/\/api.w.org\/{rel}","templated":true}]}}