{"id":79642427,"date":"2025-11-10T14:56:59","date_gmt":"2025-11-10T17:56:59","guid":{"rendered":"https:\/\/blog.grancursosonline.com.br\/?p=79642427"},"modified":"2025-11-10T15:07:32","modified_gmt":"2025-11-10T18:07:32","slug":"primeiro-dia-enem","status":"publish","type":"post","link":"https:\/\/faculdade.grancursosonline.com.br\/blog\/primeiro-dia-enem\/","title":{"rendered":"Primeiro dia Enem: tudo sobre como foi a prova e a reda\u00e7\u00e3o!"},"content":{"rendered":"\n<p><span style=\"font-weight: 400;\">No \u00fatlimo domingo, 9 de novembro, mais de 3,5 milh\u00f5es de estudantes compareceram ao primeiro dia Enem para fazer as provas de Ci\u00eancias Humanas, Linguagens, C\u00f3digos e suas Tecnologias e a reda\u00e7\u00e3o do Enem 2025.<\/span><\/p>\n\n\n\n<p><span style=\"font-weight: 400;\">A seguir, confira mais detalhes sobre como foi o primeiro dia do <a href=\"https:\/\/blog.grancursosonline.com.br\/enem-exame-nacional-do-ensino-medio\/\" target=\"_blank\" rel=\"noopener\">Exame Nacional do Ensino M\u00e9dio (Enem)<\/a> e a expectativa para o segundo dia de provas, no dia 16\/11.<\/span><\/p>\n\n\n\n<p>Saiba mais, acompanhando o artigo na \u00edntegra, ou navegando pelo \u00edndice:<\/p>\n\n\n\n<ul class=\"wp-block-list\">\n<li><a href=\"#funciona-enem\">Como funciona o primeiro e o segundo dia do Enem?<\/a><\/li>\n\n\n\n<li><a href=\"#como\">Primeiro dia Enem: como foram as provas?<\/a><\/li>\n\n\n\n<li><a href=\"#tempo\">Quanto tempo \u00e9 o primeiro dia do Enem? Confira os hor\u00e1rios!<\/a><\/li>\n\n\n\n<li><a href=\"#levar\">O que levar para o primeiro dia do Enem?<\/a><\/li>\n\n\n\n<li><a href=\"#imprimir\">Como imprimir seu cart\u00e3o de inscri\u00e7\u00e3o para primeiro dia Enem<\/a><\/li>\n\n\n\n<li><a href=\"#redacao\">A reda\u00e7\u00e3o do Enem \u00e9 no primeiro ou segundo dia?<\/a><\/li>\n\n\n\n<li><a href=\"#preparar\">Reda\u00e7\u00e3o do Enem: como se preparar?<\/a><\/li>\n\n\n\n<li><a href=\"#materias\">Quais as mat\u00e9rias do primeiro dia de Enem?<\/a><\/li>\n\n\n\n<li><a href=\"#questoes\">Quantas quest\u00f5es tem o primeiro dia do Enem?<\/a><\/li>\n\n\n\n<li><a href=\"#cai\">O que cai no primeiro dia do Enem?<\/a><\/li>\n\n\n\n<li><a href=\"#falta\">Quem falta no primeiro dia do Enem pode ir no segundo?<\/a><\/li>\n\n\n\n<li><a href=\"#faltei\">Faltei o primeiro dia Enem, posso ir no segundo?<\/a><\/li>\n\n\n\n<li><a href=\"#faculdade\">Vem para a Gran Faculdade!<\/a><\/li>\n<\/ul>\n\n\n\n<div class=\"wp-block-columns is-layout-flex wp-container-core-columns-is-layout-9d6595d7 wp-block-columns-is-layout-flex\">\n<div class=\"wp-block-column is-layout-flow wp-block-column-is-layout-flow\" style=\"flex-basis:100%\"><div class=\"wp-block-image\">\n<figure class=\"aligncenter size-full\"><a href=\"https:\/\/whatsapp.com\/channel\/0029VaG1sChI7Be7PNndhL43\" target=\"_blank\" rel=\"noopener\"><img decoding=\"async\" src=\"https:\/\/blog-es-static.infra.grancursosonline.com.br\/wp-content\/uploads\/2025\/09\/09112354\/banner-wp-600x142-80.webp\" alt=\"Acesse o canal do WhatsApp da Gran Faculdade\" class=\"wp-image-79751904\"\/><\/a><\/figure>\n<\/div><\/div>\n<\/div>\n\n\n\n<h2 class=\"wp-block-heading\" id=\"funciona-enem\">Como funciona o primeiro e o segundo dia do Enem?<\/h2>\n\n\n\n<p>O <a href=\"https:\/\/blog.grancursosonline.com.br\/enem-exame-nacional-do-ensino-medio\/\" target=\"_blank\" rel=\"noopener\">Exame Nacional do Ensino M\u00e9dio<\/a> (<a href=\"https:\/\/blog.grancursosonline.com.br\/enem-exame-nacional-do-ensino-medio\/\" target=\"_blank\" rel=\"noopener\">Enem<\/a>) acontece em dois domingos seguidos, sendo ao todo 180 quest\u00f5es divididas em 4 \u00e1reas do conhecimento e uma reda\u00e7\u00e3o.&nbsp;<\/p>\n\n\n\n<p>Em s\u00edntese, o primeiro dia do Enem \u00e9 voltado para as \u00e1reas de Linguagens e Ci\u00eancias Humanas, al\u00e9m da reda\u00e7\u00e3o. Enquanto o segundo (16 de novembro) \u00e9 para as \u00e1reas de Ci\u00eancias da Natureza e Matem\u00e1tica e suas tecnologias.&nbsp;<\/p>\n\n\n\n<p>Al\u00e9m de avaliar o desempenho de estudantes do n\u00edvel m\u00e9dio de todo o pa\u00eds, o Enem possibilita ingresso ao ensino superior em institui\u00e7\u00f5es p\u00fablicas e privadas.&nbsp;<\/p>\n\n\n\n<h2 class=\"wp-block-heading\" id=\"como\">Primeiro dia Enem: como foram as provas?<\/h2>\n\n\n\n<p>No dia 9 de novembro, foram aplicadas a reda\u00e7\u00e3o e as provas do primeiro dia do Enem 2025 das Ci\u00eancias Humanas e Linguagens. De acordo com dados divulgados pelo <a href=\"https:\/\/blog.grancursosonline.com.br\/mec-ministerio-educacao\/\" target=\"_blank\" rel=\"noopener\">Minist\u00e9rio da Educa\u00e7\u00e3o<\/a>, 73% dos inscritos compareceram aos locais de provas.&nbsp;<\/p>\n\n\n\n<p>Foram aplicados 4 modelos de provas: rosa, branca, azul e amarela. Com varia\u00e7\u00f5es para a l\u00edngua estrangeira selecionada por cada participante (ingl\u00eas ou espanhol).&nbsp;<\/p>\n\n\n\n<p>Apesar da grande procura pelo gabarito, de acordo com o cronograma oficial, o gabarito oficial do primeiro dia do Enem 2025 deve ser disponibilizado j\u00e1 no dia 13 de novembro.&nbsp;<\/p>\n\n\n\n<p>Al\u00e9m disso, vale lembrar que o c\u00e1lculo da nota do Enem \u00e9 feito pela <a href=\"https:\/\/faculdade.grancursosonline.com.br\/blog\/teoria-de-resposta-ao-item\/\" target=\"_blank\" rel=\"noopener\">Teoria de Resposta ao Item<\/a> (TRI), que atribui pontua\u00e7\u00f5es diferentes de acordo com n\u00edveis de dificuldade e avalia a coer\u00eancia entre perguntas de um mesmo tema.&nbsp;<\/p>\n\n\n\n<p>Por isso, n\u00e3o h\u00e1 como saber sua nota somente a partir da quantidade de erros e acertos nas provas objetivas. Portanto, o resultado oficial, j\u00e1 com a nota da reda\u00e7\u00e3o tamb\u00e9m, s\u00f3 ser\u00e1 definitivo em de janeiro de 2025.<\/p>\n\n\n\n<p>E, falando em reda\u00e7\u00e3o, o tema da reda\u00e7\u00e3o do Enem 2025 foi: \u201cPerspectivas acerca do envelhecimento na sociedade brasileira\u201d.&nbsp;<\/p>\n\n\n\n<p>Outro ponto de destaque do primeiro dia do Enem 2025 foi o aumento no n\u00famero de inscritos em rela\u00e7\u00e3o ao ano passado. Este ano, houve um aumento de 11% em compara\u00e7\u00e3o ao ano anterior, por exemplo.<\/p>\n\n\n\n<p>A aplica\u00e7\u00e3o segue no pr\u00f3ximo domingo (16), com quest\u00f5es das \u00e1reas de conhecimento pendentes: Ci\u00eancias da Natureza e Matem\u00e1tica.<\/p>\n\n\n\n<h2 class=\"wp-block-heading\" id=\"tempo\">Quanto tempo \u00e9 o primeiro dia do Enem? Confira os hor\u00e1rios!<\/h2>\n\n\n\n<p>O primeiro dia do Enem \u00e9 o dia mais longo de prova, com dura\u00e7\u00e3o de at\u00e9 5h30, para o <a href=\"https:\/\/blog.grancursosonline.com.br\/enem-segundo-dia\/\">segundo dia do Enem<\/a>, o tempo de prova m\u00e1ximo \u00e9 de 5h. Apesar das provas come\u00e7arem \u00e0s 13h30, vale destacar que os port\u00f5es ficam abertos pontualmente entre 12h e 13h (hor\u00e1rio de Bras\u00edlia).&nbsp;<\/p>\n\n\n\n<p>Ent\u00e3o, se organize para almo\u00e7ar cedo, coma algo leve, mas n\u00e3o fique sem comer. Se programe para chegar ao local de prova por volta das 12h e inclua em seu planejamento o tr\u00e2nsito complicado na regi\u00e3o de aplica\u00e7\u00e3o do Exame, pelo alto fluxo de pessoas e ve\u00edculos.&nbsp;<\/p>\n\n\n\n<p>Apesar de parecer um longo tempo de prova, o primeiro dia do Enem possui 90 quest\u00f5es das \u00e1reas de Linguagens e Ci\u00eancias Humanas, al\u00e9m da reda\u00e7\u00e3o. No segundo dia, s\u00e3o 5 horas para 90 quest\u00f5es das Ci\u00eancias da Natureza e Matem\u00e1tica.&nbsp;<\/p>\n\n\n\n<p>Por isso, \u00e9 importante se atentar ao tempo para n\u00e3o deixar nada incompleto ou acabar tendo que se apressar.&nbsp;<\/p>\n\n\n\n<h3 class=\"wp-block-heading\" id=\"h-check-list-horarios\">Check-list hor\u00e1rios<\/h3>\n\n\n\n<p>De forma mais objetiva, para voc\u00ea n\u00e3o se esquecer, confira um check-list dos hor\u00e1rios do primeiro e do segundo dia do Enem:<\/p>\n\n\n\n<ul class=\"wp-block-list\">\n<li>Quando vai ser o Enem 2025? <strong>9 e 16 de novembro<\/strong>.<\/li>\n\n\n\n<li>Que horas tenho que chegar para o Enem? <strong>Entre 12h e 12h59 (hor\u00e1rio de Bras\u00edlia), os port\u00f5es fecham pontualmente \u00e0s 13h!&nbsp;<\/strong><\/li>\n\n\n\n<li>Quantas horas tem o Enem?<strong> O primeiro dia do Enem dura entre 2h e 5h30<\/strong>, ou seja, \u00e9 poss\u00edvel sair entre 15h30 e 19h. J\u00e1 <strong>o segundo dia, dura entre 2h e 5h, sendo que o(a) participante pode deixar a sala de aplica\u00e7\u00e3o entre 15h30 e 18h30<\/strong>.<\/li>\n\n\n\n<li>Qual o tempo m\u00ednimo para sair do Enem?<strong> 2 horas \u00e9 o tempo m\u00ednimo para poder sair da sala de aplica\u00e7\u00e3o do Enem<\/strong>, mas s\u00f3 \u00e9 poss\u00edvel levar seu caderno de prova ao deixar a sala 30 minutos antes do fim da aplica\u00e7\u00e3o (a partir das 18h30).&nbsp;<\/li>\n<\/ul>\n\n\n\n<p>O caderno de provas \u00e9 uma forma de voc\u00ea conferir seu desempenho no Exame com a divulga\u00e7\u00e3o do gabarito oficial ou at\u00e9 mesmo com professores das disciplinas em quest\u00e3o. Por isso, muitas pessoas acabam aguardando at\u00e9 poderem levar seus cadernos de prova embora.&nbsp;<\/p>\n\n\n\n<h2 class=\"wp-block-heading\" id=\"levar\">O que levar para o primeiro dia do Enem?<\/h2>\n\n\n\n<p>Tanto no primeiro, quanto no <a href=\"https:\/\/blog.grancursosonline.com.br\/enem-segundo-dia\/\" target=\"_blank\" rel=\"noopener\">segundo dia<\/a>, \u00e9 importante saber o que levar para o Enem. Por isso, confira uma lista com os principais itens:<\/p>\n\n\n\n<ul class=\"wp-block-list\">\n<li>Cart\u00e3o de inscri\u00e7\u00e3o (nele, constam, inclusive os detalhes sobre seu local de prova);<\/li>\n\n\n\n<li>Documento de identifica\u00e7\u00e3o oficial com foto (RG, CNH, Passaporte, Carteira de Trabalho, etc.)<\/li>\n\n\n\n<li>Caneta esferogr\u00e1fica preta com tubo transparente (leve mais de uma por precau\u00e7\u00e3o);<\/li>\n\n\n\n<li>Garrafa de \u00e1gua sem r\u00f3tulo;<\/li>\n\n\n\n<li>\u00d3culos de grau, caso use (sim, no nervosismo, voc\u00ea pode acabar esquecendo, ent\u00e3o anote em seu check-list);<\/li>\n\n\n\n<li>Lanches saud\u00e1veis para 5h30 de prova: barrinhas de cereal, frutas, etc. se atentando \u00e0s embalagens transparentes ou originais, que poder\u00e3o ser vistoriadas pelos aplicadores e fiscais de provas;<\/li>\n\n\n\n<li>Caso tenha algum medicamento para tomar durante a prova, leve a receita m\u00e9dica para apresentar e o medicamento e converse previamente com os fiscais de prova para n\u00e3o ter nenhum problema durante o exame.<\/li>\n<\/ul>\n\n\n\n<p>Al\u00e9m disso, n\u00e3o se esque\u00e7a de se vestir de forma confort\u00e1vel e de acordo com o clima da sua regi\u00e3o. Neste primeiro dia de Enem, algumas pessoas passaram mal pelo calor, por exemplo. Ent\u00e3o, quanto menos intercorr\u00eancias puderem ser evitadas, melhor.<\/p>\n\n\n\n<h3 class=\"wp-block-heading\" id=\"imprimir\">Como imprimir seu cart\u00e3o de inscri\u00e7\u00e3o para primeiro dia Enem<\/h3>\n\n\n\n<p>Para imprimir seu cart\u00e3o de inscri\u00e7\u00e3o, com os dados sobre local de prova, hor\u00e1rios e orienta\u00e7\u00f5es, acesse a p\u00e1gina do participante do Enem e fa\u00e7a seu login. A p\u00e1gina do participante do Enem \u00e9 o site para consultar todas as informa\u00e7\u00f5es oficiais do Inep.<\/p>\n\n\n\n<h2 class=\"wp-block-heading\" id=\"redacao\">A reda\u00e7\u00e3o do Enem \u00e9 no primeiro ou segundo dia?<\/h2>\n\n\n\n<p>A reda\u00e7\u00e3o \u00e9 aplicada no primeiro dia do Enem, por isso, o tempo de prova \u00e9 um pouco maior do que no segundo dia, inclusive.&nbsp;<\/p>\n\n\n\n<p>Caso voc\u00ea pretenda fazer o Enem novamente na pr\u00f3xima edi\u00e7\u00e3o, ficam as mesmas dicas j\u00e1 listadas anteriormente aqui no blog: ao longo da sua prepara\u00e7\u00e3o para o Enem, \u00e9 interessante que voc\u00ea fa\u00e7a testes de quanto tempo leva para fazer uma reda\u00e7\u00e3o dissertativo-argumentativa.&nbsp;<\/p>\n\n\n\n<p>Assim, voc\u00ea consegue ter uma maior no\u00e7\u00e3o de como dividir seu tempo entre a reda\u00e7\u00e3o (rascunho e vers\u00e3o definitiva) e as 90 quest\u00f5es das provas objetivas das \u00e1reas de Linguagens e Ci\u00eancias Humanas.&nbsp;<\/p>\n\n\n\n<p>Uma dica importante \u00e9 n\u00e3o deixar a reda\u00e7\u00e3o para o final do dia, pois voc\u00ea j\u00e1 estar\u00e1 cansado(a) e pode estar com pouco tempo, o que dificulta a constru\u00e7\u00e3o do texto com clareza, objetividade, coes\u00e3o e coer\u00eancia.&nbsp;<\/p>\n\n\n\n<h2 class=\"wp-block-heading\" id=\"preparar\">Reda\u00e7\u00e3o do Enem: como se preparar?<\/h2>\n\n\n\n<p>A reda\u00e7\u00e3o do Enem \u00e9 um texto dissertativo-argumentativo em que voc\u00ea precisar\u00e1 falar sobre o tema proposto e trazer uma solu\u00e7\u00e3o para o problema social levantado.<\/p>\n\n\n\n<p>Por isso, voc\u00ea precisa estudar atualidades e poss\u00edveis temas para ter conhecimento suficiente para argumentar sobre o tema.<\/p>\n\n\n\n<p>Al\u00e9m disso, de acordo com o <a href=\"https:\/\/blog.grancursosonline.com.br\/o-que-e-inep\/\" target=\"_blank\" rel=\"noopener\">Inep<\/a>, as compet\u00eancias avaliadas na reda\u00e7\u00e3o do Enem incluem:<\/p>\n\n\n\n<ol class=\"wp-block-list\">\n<li>Demonstrar dom\u00ednio da escrita formal da l\u00edngua portuguesa;<\/li>\n\n\n\n<li>Compreender a proposta de reda\u00e7\u00e3o e aplicar conceitos das v\u00e1rias \u00e1reas de conhecimento para desenvolver o tema, dentro dos limites estruturais do texto dissertativo-argumentativo;<\/li>\n\n\n\n<li>Selecionar, relacionar, organizar e interpretar informa\u00e7\u00f5es, fatos, opini\u00f5es e argumentos em defesa de um ponto de vista;<\/li>\n\n\n\n<li>Demonstrar conhecimento dos mecanismos lingu\u00edsticos necess\u00e1rios para a constru\u00e7\u00e3o da argumenta\u00e7\u00e3o;<\/li>\n\n\n\n<li>Elaborar proposta de interven\u00e7\u00e3o para o problema abordado, respeitando os direitos humanos.<\/li>\n<\/ol>\n\n\n\n<p>Durante o primeiro dia do Enem, voc\u00ea ter\u00e1 um espa\u00e7o para fazer seu rascunho antes de passar sua vers\u00e3o para o espa\u00e7o adequado (definitivo).<\/p>\n\n\n\n<p>A reda\u00e7\u00e3o do Enem \u00e9 corrigida por dois professores avaliadores, que d\u00e3o nota de 0 a 200 para cada compet\u00eancia. Caso n\u00e3o haja muita discrep\u00e2ncia nas notas, \u00e9 feita uma m\u00e9dia aritm\u00e9tica que resulta na nota final (de 0 a 1.000 pontos).<\/p>\n\n\n\n<h2 class=\"wp-block-heading\" id=\"materias\">Quais as mat\u00e9rias do primeiro dia de Enem?<\/h2>\n\n\n\n<p>Al\u00e9m da reda\u00e7\u00e3o no primeiro dia do Enem, a prova conta com as mat\u00e9rias de:<\/p>\n\n\n\n<ul class=\"wp-block-list\">\n<li><strong>Linguagens, c\u00f3digos e suas tecnologias<\/strong>: incluindo as mat\u00e9rias de L\u00edngua Portuguesa e Literatura, l\u00edngua estrangeira (Ingl\u00eas ou Espanhol), Artes e Educa\u00e7\u00e3o F\u00edsica;<\/li>\n\n\n\n<li><strong>Ci\u00eancias Humanas e suas tecnologias<\/strong>: com as mat\u00e9rias de Hist\u00f3ria, Geografia, Filosofia e Sociologia.<\/li>\n<\/ul>\n\n\n\n<h2 class=\"wp-block-heading\" id=\"questoes\">Quantas quest\u00f5es tem o primeiro dia do Enem?<\/h2>\n\n\n\n<p>S\u00e3o <strong>90 quest\u00f5es no primeiro dia do Enem<\/strong>, sendo 45 para cada \u00e1rea do conhecimento, al\u00e9m da reda\u00e7\u00e3o. Para o segundo dia do Enem s\u00e3o mais 90 quest\u00f5es, totalizando 180 quest\u00f5es do Exame.<\/p>\n\n\n\n<h2 class=\"wp-block-heading\" id=\"cai\">O que cai no primeiro dia do Enem?<\/h2>\n\n\n\n<p>Como vimos acima, as \u00e1reas do conhecimento do primeiro dia do Enem s\u00e3o: Linguagens, c\u00f3digos e suas tecnologias e Ci\u00eancias Humanas e suas tecnologias, al\u00e9m da reda\u00e7\u00e3o. Mas, o que cai no primeiro dia do Enem, de fato?<\/p>\n\n\n\n<p>Confira mais detalhes sobre as mat\u00e9rias que caem no primeiro dia do Enem:<\/p>\n\n\n\n<p>A prova de <strong>Linguagens, c\u00f3digos e suas tecnologias<\/strong> conta com 45 quest\u00f5es das disciplinas de:<\/p>\n\n\n\n<ul class=\"wp-block-list\">\n<li><strong>L\u00edngua Portuguesa<\/strong>: incluindo interpreta\u00e7\u00e3o de texto, g\u00eaneros textuais, gram\u00e1tica, fun\u00e7\u00f5es e figuras de linguagem, Literatura, etc.;<\/li>\n\n\n\n<li><strong>L\u00edngua estrangeira<\/strong> selecionada na inscri\u00e7\u00e3o: Ingl\u00eas ou Espanhol;<\/li>\n\n\n\n<li><strong>Artes e movimentos art\u00edsticos<\/strong>;<\/li>\n\n\n\n<li><strong>Educa\u00e7\u00e3o F\u00edsica<\/strong>;<\/li>\n\n\n\n<li><strong>Tecnologias da informa\u00e7\u00e3o<\/strong>.<\/li>\n<\/ul>\n\n\n\n<p>J\u00e1 a prova de <strong>Ci\u00eancias Humanas e suas tecnologias<\/strong> \u00e9 composta por 45 quest\u00f5es objetivas das disciplinas de <strong>Filosofia, Sociologia, Hist\u00f3ria e Geografia.<\/strong><\/p>\n\n\n\n<h2 class=\"wp-block-heading\" id=\"falta\">Quem falta no primeiro dia do Enem pode ir no segundo?<\/h2>\n\n\n\n<p>Quem perdeu o primeiro dia de prova do Enem pode ir no segundo sim (e em alguns casos, deve)! Principalmente se voc\u00ea est\u00e1 fazendo o Exame na condi\u00e7\u00e3o de treineiro, se obteve isen\u00e7\u00e3o da taxa de inscri\u00e7\u00e3o ou se possui justificativa de aus\u00eancia prevista no<a href=\"https:\/\/faculdade.grancursosonline.com.br\/blog\/edital-enem\/\" target=\"_blank\" rel=\"noopener\"> edital do Enem 2025<\/a>.<\/p>\n\n\n\n<p>Se voc\u00ea possuir justificativa, como atestado m\u00e9dico para alguma doen\u00e7a infectocontagiosa, poder\u00e1 solicitar a reaplica\u00e7\u00e3o da prova.&nbsp;<\/p>\n\n\n\n<p>A solicita\u00e7\u00e3o de reaplica\u00e7\u00e3o pode ser feita na P\u00e1gina do Participante, entre 17 a 21 de novembro. Nesse caso, as pessoas que faltaram por problemas log\u00edsticos ou doen\u00e7as infectocontagiosas, como prev\u00ea o edital, podem pedir para fazer as provas nos dias 16 e 17 de dezembro.&nbsp;<\/p>\n\n\n\n<p>Participantes de cidades que foram afetadas por desastres naturais tamb\u00e9m ter\u00e3o reaplica\u00e7\u00e3o garantida.<\/p>\n\n\n\n<h3 class=\"wp-block-heading\" id=\"faltei\">Faltei o primeiro dia do Enem pode ir no segundo?<\/h3>\n\n\n\n<p>Mas e caso voc\u00ea tenha chegado atrasado(a) ou at\u00e9 mesmo n\u00e3o ido \u00e0 prova no primeiro dia sem justificativa?&nbsp;<\/p>\n\n\n\n<p>O que acontece quando voc\u00ea falta o primeiro dia do Enem \u00e9 que ter\u00e1 nota zero na reda\u00e7\u00e3o e nas mat\u00e9rias do primeiro dia. Com isso, dificilmente conseguir\u00e1 usar a <a href=\"https:\/\/blog.grancursosonline.com.br\/nota-enem\/\" target=\"_blank\" rel=\"noopener\">nota do Enem<\/a> para ingresso ao ensino superior ou aos programas do Governo Federal como <a href=\"https:\/\/blog.grancursosonline.com.br\/prouni\/\" target=\"_blank\" rel=\"noopener\">Prouni<\/a> e <a href=\"https:\/\/blog.grancursosonline.com.br\/sisu-sistema-de-selecao-unificada\/\" target=\"_blank\" rel=\"noopener\">Sisu<\/a>.&nbsp;<\/p>\n\n\n\n<p>Mas ent\u00e3o, vale a pena ir? Sim, n\u00e3o desanime e use o segundo dia para enfrentar o nervosismo de ter perdido a primeira data. Assim, voc\u00ea j\u00e1 se organiza para chegar no hor\u00e1rio, v\u00ea como funciona a prova na pr\u00e1tica e j\u00e1 come\u00e7a a se preparar para a pr\u00f3xima edi\u00e7\u00e3o.&nbsp;<\/p>\n\n\n\n<h2 class=\"wp-block-heading\" id=\"faculdade\">Vem para a Gran Faculdade!<\/h2>\n\n\n\n<p>A<a href=\"https:\/\/faculdade.grancursosonline.com.br\/\" target=\"_blank\" rel=\"noopener\"> Gran Faculdade<\/a> aceita a nota do Enem como forma de ingresso para todos os <a href=\"https:\/\/faculdade.grancursosonline.com.br\/nossos-cursos\/\" target=\"_blank\" rel=\"noopener\">nossos cursos de gradua\u00e7\u00e3o EAD<\/a> nas modalidades tecn\u00f3logo e bacharelado. Confira as op\u00e7\u00f5es e encontre o seu!<\/p>\n\n\n\n<p>Aqui, voc\u00ea encontra mensalidades que cabem no seu bolso sem abrir m\u00e3o da qualidade no ensino. Estude de onde estiver com o dispositivo que possuir, em uma institui\u00e7\u00e3o reconhecida com nota m\u00e1xima pelo MEC! Vem ser Gran!<\/p>\n\n\n\n<div class=\"wp-block-group has-background\" style=\"background-color:#8dd2fc7a\"><div class=\"wp-block-group__inner-container is-layout-constrained wp-block-group-is-layout-constrained\">\n<p><strong>Outras not\u00edcias em destaque:<\/strong><\/p>\n\n\n\n<ul class=\"wp-block-list\">\n<li><a href=\"https:\/\/faculdade.grancursosonline.com.br\/blog\/o-que-levar-para-o-enem-2024\/\" target=\"_blank\" rel=\"noopener\"><a href=\"https:\/\/faculdade.grancursosonline.com.br\/blog\/mec-enem\/\">MEC Enem: conhe\u00e7a o mais novo aplicativo que vai turbinar a sua prepara\u00e7\u00e3o para a prova!<\/a><\/a><\/li>\n\n\n\n<li><a href=\"https:\/\/faculdade.grancursosonline.com.br\/blog\/enem-2025\/\" target=\"_blank\" rel=\"noopener\">Enem 2025: datas confirmadas! Confira o que esperar da edi\u00e7\u00e3o<\/a><\/li>\n\n\n\n<li><a href=\"https:\/\/faculdade.grancursosonline.com.br\/blog\/como-estudar-para-enem\/\"><a href=\"https:\/\/faculdade.grancursosonline.com.br\/blog\/enem-segundo-dia\/\">Enem segundo dia: como foi a prova?<\/a><\/a><\/li>\n<\/ul>\n<\/div><\/div>\n\n\n\n<div class=\"wp-block-group\"><div class=\"wp-block-group__inner-container is-layout-constrained wp-block-group-is-layout-constrained\">\n<div class=\"wp-block-group\"><div class=\"wp-block-group__inner-container is-layout-constrained wp-block-group-is-layout-constrained\">\n<section style=\"text-align: center;\">\n<p>Quer ficar por dentro da Faculdade Digital mais inovadora do Brasil?<\/p>\n<nav>\n<p class=\"has-background has-dark-bluish-background-color\" style=\"font-size: 25px; text-align: center; background: #f0f0f0; color: #ffffff; padding: 4px 0px 4xp 0px;\"><a style=\"color: #0d134c; text-decoration: underline;\" href=\"https:\/\/faculdade.grancursosonline.com.br\/\" target=\"_blank\" rel=\"noopener\">GRADUA\u00c7\u00c3O<\/a><\/p>\n<p class=\"has-background has-dark-bluish-background-color\" style=\"font-size: 25px; text-align: center; background: #f0f0f0; color: #ffffff; padding: 4px 0px 4xp 0px;\"><a style=\"color: #0d134c; text-decoration: underline;\" href=\"https:\/\/pos.grancursosonline.com.br\/\" target=\"_blank\" rel=\"noopener\">P\u00d3S-GRADUA\u00c7\u00c3O<\/a><\/p>\n<p class=\"has-background has-dark-bluish-background-color\" style=\"font-size: 25px; text-align: center; background: #f0f0f0; color: #ffffff; padding: 4px 0px 4xp 0px;\"><a style=\"color: #0d134c; text-decoration: underline;\" href=\"https:\/\/faculdade.grancursosonline.com.br\/nossos-cursos\/\" target=\"_blank\" rel=\"noopener\">TUDO SOBRE A GRAN FACULDADE<\/a><\/p>\n<\/nav>\n<p><strong>Receba <span style=\"color: #cf1e25;\">gratuitamente<\/span> no seu celular as principais not\u00edcias sobre a Gran Faculdade! <br \/>Clique no link abaixo e inscreva-se:<\/strong><\/p>\n<p class=\"has-background has-dark-bluish-background-color\" style=\"font-size: 25px; text-align: center; background: #f0f0f0; color: #ffffff; padding: 4px 0px 4xp 0px;\"><a style=\"color: #0d134c; text-decoration: underline;\" href=\"https:\/\/whatsapp.com\/channel\/0029VaG1sChI7Be7PNndhL43\" target=\"_blank\" rel=\"noopener noreferrer\">WHATSAPP<\/a><\/p>\n<p class=\"has-background has-dark-bluish-background-color\" style=\"font-size: 25px; text-align: center; background: #f0f0f0; color: #ffffff; padding: 4px 0px 4xp 0px;\"><a style=\"color: #0d134c; text-decoration: underline;\" href=\"https:\/\/t.me\/GranFaculdade\" target=\"_blank\" rel=\"noopener noreferrer\">TELEGRAM<\/a><\/p>\n<\/section>\n<\/div><\/div>\n<\/div><\/div>\n","protected":false},"excerpt":{"rendered":"<p>No \u00fatlimo domingo, 9 de novembro, mais de 3,5 milh\u00f5es de estudantes compareceram ao primeiro dia Enem para fazer as provas de Ci\u00eancias Humanas, Linguagens, C\u00f3digos e suas Tecnologias e a reda\u00e7\u00e3o do Enem 2025. A seguir, confira mais detalhes sobre como foi o primeiro dia do Exame Nacional do Ensino M\u00e9dio (Enem) e a&hellip;<\/p>\n","protected":false},"author":514,"featured_media":79759133,"comment_status":"open","ping_status":"open","sticky":true,"template":"","format":"standard","meta":{"_acf_changed":false,"content-type":"","footnotes":""},"categories":[1543,218545,2],"tags":[],"class_list":["post-79642427","post","type-post","status-publish","format-standard","has-post-thumbnail","hentry","category-enem","category-graduacao","category-ultimas-noticias"],"acf":[],"yoast_head":"<!-- This site is optimized with the Yoast SEO Premium plugin v27.2 (Yoast SEO v27.2) - https:\/\/yoast.com\/product\/yoast-seo-premium-wordpress\/ -->\n<title>Primeiro dia Enem: tudo sobre como foi a prova e a reda\u00e7\u00e3o!<\/title>\n<meta name=\"description\" content=\"Confira tudo sobre o primeiro dia Enem. Veja tamb\u00e9m como se preparar para o dia de prova!\" \/>\n<meta name=\"robots\" content=\"index, follow, max-snippet:-1, max-image-preview:large, max-video-preview:-1\" \/>\n<link rel=\"canonical\" href=\"https:\/\/faculdade.grancursosonline.com.br\/blog\/primeiro-dia-enem\/\" \/>\n<meta property=\"og:locale\" content=\"pt_BR\" \/>\n<meta property=\"og:type\" content=\"article\" \/>\n<meta property=\"og:title\" content=\"Primeiro dia Enem: tudo sobre como foi a prova e a reda\u00e7\u00e3o!\" \/>\n<meta property=\"og:description\" content=\"Confira tudo sobre o primeiro dia Enem. Veja tamb\u00e9m como se preparar para o dia de prova!\" \/>\n<meta property=\"og:url\" content=\"https:\/\/faculdade.grancursosonline.com.br\/blog\/primeiro-dia-enem\/\" \/>\n<meta property=\"og:site_name\" content=\"Blog Gran Faculdade\" \/>\n<meta property=\"article:publisher\" content=\"https:\/\/www.facebook.com\/grancursosonline\/\" \/>\n<meta property=\"article:published_time\" content=\"2025-11-10T17:56:59+00:00\" \/>\n<meta property=\"article:modified_time\" content=\"2025-11-10T18:07:32+00:00\" \/>\n<meta property=\"og:image\" content=\"https:\/\/blog-es-static.infra.grancursosonline.com.br\/wp-content\/uploads\/2025\/11\/10145539\/primeiro-dia-enem-2.jpg\" \/>\n\t<meta property=\"og:image:width\" content=\"511\" \/>\n\t<meta property=\"og:image:height\" content=\"311\" \/>\n\t<meta property=\"og:image:type\" content=\"image\/jpeg\" \/>\n<meta name=\"author\" content=\"Guilherme Henrique\" \/>\n<meta name=\"twitter:card\" content=\"summary_large_image\" \/>\n<meta name=\"twitter:creator\" content=\"@gran_online\" \/>\n<meta name=\"twitter:site\" content=\"@gran_online\" \/>\n<meta name=\"twitter:label1\" content=\"Written by\" \/>\n\t<meta name=\"twitter:data1\" content=\"Guilherme Henrique\" \/>\n\t<meta name=\"twitter:label2\" content=\"Est. reading time\" \/>\n\t<meta name=\"twitter:data2\" content=\"13 minutos\" \/>\n<script type=\"application\/ld+json\" class=\"yoast-schema-graph\">{\"@context\":\"https:\/\/schema.org\",\"@graph\":[{\"@type\":\"NewsArticle\",\"@id\":\"https:\/\/faculdade.grancursosonline.com.br\/blog\/primeiro-dia-enem\/#article\",\"isPartOf\":{\"@id\":\"https:\/\/faculdade.grancursosonline.com.br\/blog\/primeiro-dia-enem\/\"},\"author\":{\"name\":\"Guilherme Henrique\",\"@id\":\"https:\/\/faculdade.grancursosonline.com.br\/blog\/#\/schema\/person\/9745f9b6db8976613c1f439dbcfe717d\"},\"headline\":\"Primeiro dia Enem: tudo sobre como foi a prova e a reda\u00e7\u00e3o!\",\"datePublished\":\"2025-11-10T17:56:59+00:00\",\"dateModified\":\"2025-11-10T18:07:32+00:00\",\"mainEntityOfPage\":{\"@id\":\"https:\/\/faculdade.grancursosonline.com.br\/blog\/primeiro-dia-enem\/\"},\"wordCount\":2326,\"commentCount\":0,\"publisher\":{\"@id\":\"https:\/\/faculdade.grancursosonline.com.br\/blog\/#organization\"},\"image\":{\"@id\":\"https:\/\/faculdade.grancursosonline.com.br\/blog\/primeiro-dia-enem\/#primaryimage\"},\"thumbnailUrl\":\"https:\/\/blog-es-static.infra.grancursosonline.com.br\/wp-content\/uploads\/2025\/11\/10145502\/primeiro-dia-enem.jpg\",\"articleSection\":[\"ENEM\",\"Gradua\u00e7\u00e3o Gran Faculdade\",\"\u00daltimas Not\u00edcias\"],\"inLanguage\":\"pt-BR\",\"potentialAction\":[{\"@type\":\"CommentAction\",\"name\":\"Comment\",\"target\":[\"https:\/\/faculdade.grancursosonline.com.br\/blog\/primeiro-dia-enem\/#respond\"]}],\"copyrightYear\":\"2025\",\"copyrightHolder\":{\"@id\":\"https:\/\/faculdade.grancursosonline.com.br\/blog\/#organization\"}},{\"@type\":\"WebPage\",\"@id\":\"https:\/\/faculdade.grancursosonline.com.br\/blog\/primeiro-dia-enem\/\",\"url\":\"https:\/\/faculdade.grancursosonline.com.br\/blog\/primeiro-dia-enem\/\",\"name\":\"Primeiro dia Enem: tudo sobre como foi a prova e a reda\u00e7\u00e3o!\",\"isPartOf\":{\"@id\":\"https:\/\/faculdade.grancursosonline.com.br\/blog\/#website\"},\"primaryImageOfPage\":{\"@id\":\"https:\/\/faculdade.grancursosonline.com.br\/blog\/primeiro-dia-enem\/#primaryimage\"},\"image\":{\"@id\":\"https:\/\/faculdade.grancursosonline.com.br\/blog\/primeiro-dia-enem\/#primaryimage\"},\"thumbnailUrl\":\"https:\/\/blog-es-static.infra.grancursosonline.com.br\/wp-content\/uploads\/2025\/11\/10145502\/primeiro-dia-enem.jpg\",\"datePublished\":\"2025-11-10T17:56:59+00:00\",\"dateModified\":\"2025-11-10T18:07:32+00:00\",\"description\":\"Confira tudo sobre o primeiro dia Enem. Veja tamb\u00e9m como se preparar para o dia de prova!\",\"breadcrumb\":{\"@id\":\"https:\/\/faculdade.grancursosonline.com.br\/blog\/primeiro-dia-enem\/#breadcrumb\"},\"inLanguage\":\"pt-BR\",\"potentialAction\":[{\"@type\":\"ReadAction\",\"target\":[\"https:\/\/faculdade.grancursosonline.com.br\/blog\/primeiro-dia-enem\/\"]}]},{\"@type\":\"ImageObject\",\"inLanguage\":\"pt-BR\",\"@id\":\"https:\/\/faculdade.grancursosonline.com.br\/blog\/primeiro-dia-enem\/#primaryimage\",\"url\":\"https:\/\/blog-es-static.infra.grancursosonline.com.br\/wp-content\/uploads\/2025\/11\/10145502\/primeiro-dia-enem.jpg\",\"contentUrl\":\"https:\/\/blog-es-static.infra.grancursosonline.com.br\/wp-content\/uploads\/2025\/11\/10145502\/primeiro-dia-enem.jpg\",\"width\":1001,\"height\":601,\"caption\":\"primeiro dia enem: tudo sobre como foi a prova e a reda\u00e7\u00e3o\"},{\"@type\":\"BreadcrumbList\",\"@id\":\"https:\/\/faculdade.grancursosonline.com.br\/blog\/primeiro-dia-enem\/#breadcrumb\",\"itemListElement\":[{\"@type\":\"ListItem\",\"position\":1,\"name\":\"In\u00edcio\",\"item\":\"https:\/\/faculdade.grancursosonline.com.br\/blog\/\"},{\"@type\":\"ListItem\",\"position\":2,\"name\":\"ENEM\",\"item\":\"https:\/\/faculdade.grancursosonline.com.br\/blog\/enem\/\"},{\"@type\":\"ListItem\",\"position\":3,\"name\":\"Primeiro dia Enem: tudo sobre como foi a prova e a reda\u00e7\u00e3o!\"}]},{\"@type\":\"WebSite\",\"@id\":\"https:\/\/faculdade.grancursosonline.com.br\/blog\/#website\",\"url\":\"https:\/\/faculdade.grancursosonline.com.br\/blog\/\",\"name\":\"Blog Gran Faculdade\",\"description\":\"Tudo sobre ensino superior, p\u00f3s-gradua\u00e7\u00e3o, enem e carreira.\",\"publisher\":{\"@id\":\"https:\/\/faculdade.grancursosonline.com.br\/blog\/#organization\"},\"potentialAction\":[{\"@type\":\"SearchAction\",\"target\":{\"@type\":\"EntryPoint\",\"urlTemplate\":\"https:\/\/faculdade.grancursosonline.com.br\/blog\/?s={search_term_string}\"},\"query-input\":{\"@type\":\"PropertyValueSpecification\",\"valueRequired\":true,\"valueName\":\"search_term_string\"}}],\"inLanguage\":\"pt-BR\"},{\"@type\":\"Organization\",\"@id\":\"https:\/\/faculdade.grancursosonline.com.br\/blog\/#organization\",\"name\":\"Gran Cursos Online\",\"url\":\"https:\/\/faculdade.grancursosonline.com.br\/blog\/\",\"logo\":{\"@type\":\"ImageObject\",\"inLanguage\":\"pt-BR\",\"@id\":\"https:\/\/faculdade.grancursosonline.com.br\/blog\/#\/schema\/logo\/image\/\",\"url\":\"https:\/\/blog-es-static.infra.grancursosonline.com.br\/wp-content\/uploads\/2019\/08\/03123934\/logo.png\",\"contentUrl\":\"https:\/\/blog-es-static.infra.grancursosonline.com.br\/wp-content\/uploads\/2019\/08\/03123934\/logo.png\",\"width\":300,\"height\":57,\"caption\":\"Gran Cursos Online\"},\"image\":{\"@id\":\"https:\/\/faculdade.grancursosonline.com.br\/blog\/#\/schema\/logo\/image\/\"},\"sameAs\":[\"https:\/\/www.facebook.com\/grancursosonline\/\",\"https:\/\/x.com\/gran_online\",\"https:\/\/www.instagram.com\/grancursosonline\/\",\"https:\/\/www.youtube.com\/user\/grancursostv\"]},{\"@type\":\"Person\",\"@id\":\"https:\/\/faculdade.grancursosonline.com.br\/blog\/#\/schema\/person\/9745f9b6db8976613c1f439dbcfe717d\",\"name\":\"Guilherme Henrique\",\"url\":\"https:\/\/faculdade.grancursosonline.com.br\/blog\/author\/guilherme-lourenco\/\"}]}<\/script>\n<!-- \/ Yoast SEO Premium plugin. -->","yoast_head_json":{"title":"Primeiro dia Enem: tudo sobre como foi a prova e a reda\u00e7\u00e3o!","description":"Confira tudo sobre o primeiro dia Enem. Veja tamb\u00e9m como se preparar para o dia de prova!","robots":{"index":"index","follow":"follow","max-snippet":"max-snippet:-1","max-image-preview":"max-image-preview:large","max-video-preview":"max-video-preview:-1"},"canonical":"https:\/\/faculdade.grancursosonline.com.br\/blog\/primeiro-dia-enem\/","og_locale":"pt_BR","og_type":"article","og_title":"Primeiro dia Enem: tudo sobre como foi a prova e a reda\u00e7\u00e3o!","og_description":"Confira tudo sobre o primeiro dia Enem. Veja tamb\u00e9m como se preparar para o dia de prova!","og_url":"https:\/\/faculdade.grancursosonline.com.br\/blog\/primeiro-dia-enem\/","og_site_name":"Blog Gran Faculdade","article_publisher":"https:\/\/www.facebook.com\/grancursosonline\/","article_published_time":"2025-11-10T17:56:59+00:00","article_modified_time":"2025-11-10T18:07:32+00:00","og_image":[{"width":511,"height":311,"url":"https:\/\/blog-es-static.infra.grancursosonline.com.br\/wp-content\/uploads\/2025\/11\/10145539\/primeiro-dia-enem-2.jpg","type":"image\/jpeg"}],"author":"Guilherme Henrique","twitter_card":"summary_large_image","twitter_creator":"@gran_online","twitter_site":"@gran_online","twitter_misc":{"Written by":"Guilherme Henrique","Est. reading time":"13 minutos"},"schema":{"@context":"https:\/\/schema.org","@graph":[{"@type":"NewsArticle","@id":"https:\/\/faculdade.grancursosonline.com.br\/blog\/primeiro-dia-enem\/#article","isPartOf":{"@id":"https:\/\/faculdade.grancursosonline.com.br\/blog\/primeiro-dia-enem\/"},"author":{"name":"Guilherme Henrique","@id":"https:\/\/faculdade.grancursosonline.com.br\/blog\/#\/schema\/person\/9745f9b6db8976613c1f439dbcfe717d"},"headline":"Primeiro dia Enem: tudo sobre como foi a prova e a reda\u00e7\u00e3o!","datePublished":"2025-11-10T17:56:59+00:00","dateModified":"2025-11-10T18:07:32+00:00","mainEntityOfPage":{"@id":"https:\/\/faculdade.grancursosonline.com.br\/blog\/primeiro-dia-enem\/"},"wordCount":2326,"commentCount":0,"publisher":{"@id":"https:\/\/faculdade.grancursosonline.com.br\/blog\/#organization"},"image":{"@id":"https:\/\/faculdade.grancursosonline.com.br\/blog\/primeiro-dia-enem\/#primaryimage"},"thumbnailUrl":"https:\/\/blog-es-static.infra.grancursosonline.com.br\/wp-content\/uploads\/2025\/11\/10145502\/primeiro-dia-enem.jpg","articleSection":["ENEM","Gradua\u00e7\u00e3o Gran Faculdade","\u00daltimas Not\u00edcias"],"inLanguage":"pt-BR","potentialAction":[{"@type":"CommentAction","name":"Comment","target":["https:\/\/faculdade.grancursosonline.com.br\/blog\/primeiro-dia-enem\/#respond"]}],"copyrightYear":"2025","copyrightHolder":{"@id":"https:\/\/faculdade.grancursosonline.com.br\/blog\/#organization"}},{"@type":"WebPage","@id":"https:\/\/faculdade.grancursosonline.com.br\/blog\/primeiro-dia-enem\/","url":"https:\/\/faculdade.grancursosonline.com.br\/blog\/primeiro-dia-enem\/","name":"Primeiro dia Enem: tudo sobre como foi a prova e a reda\u00e7\u00e3o!","isPartOf":{"@id":"https:\/\/faculdade.grancursosonline.com.br\/blog\/#website"},"primaryImageOfPage":{"@id":"https:\/\/faculdade.grancursosonline.com.br\/blog\/primeiro-dia-enem\/#primaryimage"},"image":{"@id":"https:\/\/faculdade.grancursosonline.com.br\/blog\/primeiro-dia-enem\/#primaryimage"},"thumbnailUrl":"https:\/\/blog-es-static.infra.grancursosonline.com.br\/wp-content\/uploads\/2025\/11\/10145502\/primeiro-dia-enem.jpg","datePublished":"2025-11-10T17:56:59+00:00","dateModified":"2025-11-10T18:07:32+00:00","description":"Confira tudo sobre o primeiro dia Enem. Veja tamb\u00e9m como se preparar para o dia de prova!","breadcrumb":{"@id":"https:\/\/faculdade.grancursosonline.com.br\/blog\/primeiro-dia-enem\/#breadcrumb"},"inLanguage":"pt-BR","potentialAction":[{"@type":"ReadAction","target":["https:\/\/faculdade.grancursosonline.com.br\/blog\/primeiro-dia-enem\/"]}]},{"@type":"ImageObject","inLanguage":"pt-BR","@id":"https:\/\/faculdade.grancursosonline.com.br\/blog\/primeiro-dia-enem\/#primaryimage","url":"https:\/\/blog-es-static.infra.grancursosonline.com.br\/wp-content\/uploads\/2025\/11\/10145502\/primeiro-dia-enem.jpg","contentUrl":"https:\/\/blog-es-static.infra.grancursosonline.com.br\/wp-content\/uploads\/2025\/11\/10145502\/primeiro-dia-enem.jpg","width":1001,"height":601,"caption":"primeiro dia enem: tudo sobre como foi a prova e a reda\u00e7\u00e3o"},{"@type":"BreadcrumbList","@id":"https:\/\/faculdade.grancursosonline.com.br\/blog\/primeiro-dia-enem\/#breadcrumb","itemListElement":[{"@type":"ListItem","position":1,"name":"In\u00edcio","item":"https:\/\/faculdade.grancursosonline.com.br\/blog\/"},{"@type":"ListItem","position":2,"name":"ENEM","item":"https:\/\/faculdade.grancursosonline.com.br\/blog\/enem\/"},{"@type":"ListItem","position":3,"name":"Primeiro dia Enem: tudo sobre como foi a prova e a reda\u00e7\u00e3o!"}]},{"@type":"WebSite","@id":"https:\/\/faculdade.grancursosonline.com.br\/blog\/#website","url":"https:\/\/faculdade.grancursosonline.com.br\/blog\/","name":"Blog Gran Faculdade","description":"Tudo sobre ensino superior, p\u00f3s-gradua\u00e7\u00e3o, enem e carreira.","publisher":{"@id":"https:\/\/faculdade.grancursosonline.com.br\/blog\/#organization"},"potentialAction":[{"@type":"SearchAction","target":{"@type":"EntryPoint","urlTemplate":"https:\/\/faculdade.grancursosonline.com.br\/blog\/?s={search_term_string}"},"query-input":{"@type":"PropertyValueSpecification","valueRequired":true,"valueName":"search_term_string"}}],"inLanguage":"pt-BR"},{"@type":"Organization","@id":"https:\/\/faculdade.grancursosonline.com.br\/blog\/#organization","name":"Gran Cursos Online","url":"https:\/\/faculdade.grancursosonline.com.br\/blog\/","logo":{"@type":"ImageObject","inLanguage":"pt-BR","@id":"https:\/\/faculdade.grancursosonline.com.br\/blog\/#\/schema\/logo\/image\/","url":"https:\/\/blog-es-static.infra.grancursosonline.com.br\/wp-content\/uploads\/2019\/08\/03123934\/logo.png","contentUrl":"https:\/\/blog-es-static.infra.grancursosonline.com.br\/wp-content\/uploads\/2019\/08\/03123934\/logo.png","width":300,"height":57,"caption":"Gran Cursos Online"},"image":{"@id":"https:\/\/faculdade.grancursosonline.com.br\/blog\/#\/schema\/logo\/image\/"},"sameAs":["https:\/\/www.facebook.com\/grancursosonline\/","https:\/\/x.com\/gran_online","https:\/\/www.instagram.com\/grancursosonline\/","https:\/\/www.youtube.com\/user\/grancursostv"]},{"@type":"Person","@id":"https:\/\/faculdade.grancursosonline.com.br\/blog\/#\/schema\/person\/9745f9b6db8976613c1f439dbcfe717d","name":"Guilherme Henrique","url":"https:\/\/faculdade.grancursosonline.com.br\/blog\/author\/guilherme-lourenco\/"}]}},"_links":{"self":[{"href":"https:\/\/faculdade.grancursosonline.com.br\/blog\/wp-json\/wp\/v2\/posts\/79642427","targetHints":{"allow":["GET"]}}],"collection":[{"href":"https:\/\/faculdade.grancursosonline.com.br\/blog\/wp-json\/wp\/v2\/posts"}],"about":[{"href":"https:\/\/faculdade.grancursosonline.com.br\/blog\/wp-json\/wp\/v2\/types\/post"}],"author":[{"embeddable":true,"href":"https:\/\/faculdade.grancursosonline.com.br\/blog\/wp-json\/wp\/v2\/users\/514"}],"replies":[{"embeddable":true,"href":"https:\/\/faculdade.grancursosonline.com.br\/blog\/wp-json\/wp\/v2\/comments?post=79642427"}],"version-history":[{"count":21,"href":"https:\/\/faculdade.grancursosonline.com.br\/blog\/wp-json\/wp\/v2\/posts\/79642427\/revisions"}],"predecessor-version":[{"id":79759139,"href":"https:\/\/faculdade.grancursosonline.com.br\/blog\/wp-json\/wp\/v2\/posts\/79642427\/revisions\/79759139"}],"wp:featuredmedia":[{"embeddable":true,"href":"https:\/\/faculdade.grancursosonline.com.br\/blog\/wp-json\/wp\/v2\/media\/79759133"}],"wp:attachment":[{"href":"https:\/\/faculdade.grancursosonline.com.br\/blog\/wp-json\/wp\/v2\/media?parent=79642427"}],"wp:term":[{"taxonomy":"category","embeddable":true,"href":"https:\/\/faculdade.grancursosonline.com.br\/blog\/wp-json\/wp\/v2\/categories?post=79642427"},{"taxonomy":"post_tag","embeddable":true,"href":"https:\/\/faculdade.grancursosonline.com.br\/blog\/wp-json\/wp\/v2\/tags?post=79642427"}],"curies":[{"name":"wp","href":"https:\/\/api.w.org\/{rel}","templated":true}]}}