{"id":79649623,"date":"2025-03-27T18:00:38","date_gmt":"2025-03-27T21:00:38","guid":{"rendered":"https:\/\/blog.grancursosonline.com.br\/?p=79649623"},"modified":"2025-03-27T18:00:40","modified_gmt":"2025-03-27T21:00:40","slug":"educacao-basica","status":"publish","type":"post","link":"https:\/\/faculdade.grancursosonline.com.br\/blog\/educacao-basica\/","title":{"rendered":"Educa\u00e7\u00e3o b\u00e1sica: o que \u00e9, etapas e como trabalhar na \u00e1rea?"},"content":{"rendered":"\n<p>A educa\u00e7\u00e3o b\u00e1sica no Brasil \u00e9 a etapa escolar da pr\u00e9-escola ao ensino m\u00e9dio. Compreenda a seguir mais sobre as etapas da educa\u00e7\u00e3o b\u00e1sica e como trabalhar na \u00e1rea sendo professor da educa\u00e7\u00e3o b\u00e1sica.<\/p>\n\n\n\n<p>A educa\u00e7\u00e3o b\u00e1sica no Brasil abrange a educa\u00e7\u00e3o infantil, o ensino fundamental e o ensino m\u00e9dio. Essas etapas s\u00e3o essenciais para o desenvolvimento acad\u00eamico e social dos alunos. O professor da educa\u00e7\u00e3o b\u00e1sica tem um papel fundamental em preparar os estudantes para os desafios futuros.<\/p>\n\n\n\n<div class=\"wp-block-columns is-layout-flex wp-container-core-columns-is-layout-9d6595d7 wp-block-columns-is-layout-flex\">\n<div class=\"wp-block-column is-layout-flow wp-block-column-is-layout-flow\" style=\"flex-basis:100%\"><div class=\"wp-block-image\">\n<figure class=\"aligncenter size-full\"><a href=\"https:\/\/whatsapp.com\/channel\/0029VaG1sChI7Be7PNndhL43\" target=\"_blank\" rel=\"noopener\"><img decoding=\"async\" src=\"https:\/\/blog-es-static.infra.grancursosonline.com.br\/wp-content\/uploads\/2025\/09\/09112354\/banner-wp-600x142-80.webp\" alt=\"Acesse o canal do WhatsApp da Gran Faculdade\" class=\"wp-image-79751904\"\/><\/a><\/figure>\n<\/div><\/div>\n<\/div>\n\n\n\n<p>Se preferir, navegue pelo \u00edndice abaixo:<\/p>\n\n\n\n<ul class=\"wp-block-list\">\n<li><a href=\"#o-que\">O que \u00e9 educa\u00e7\u00e3o b\u00e1sica?<\/a><\/li>\n\n\n\n<li><a href=\"#como\">Como \u00e9 formada a educa\u00e7\u00e3o b\u00e1sica? Veja as etapas da educa\u00e7\u00e3o b\u00e1sica<\/a><\/li>\n\n\n\n<li><a href=\"#anos\">Quantos anos tem a educa\u00e7\u00e3o b\u00e1sica do Brasil?<\/a><\/li>\n\n\n\n<li><a href=\"#professor\">Como ser professor de educa\u00e7\u00e3o b\u00e1sica?<\/a><\/li>\n\n\n\n<li><a href=\"#licenciatura\">Licenciatura em Pedagogia na Gran Faculdade: aproveite as vantagens!<\/a><\/li>\n<\/ul>\n\n\n\n<h2 class=\"wp-block-heading\" id=\"o-que\">O que \u00e9 educa\u00e7\u00e3o b\u00e1sica?<\/h2>\n\n\n\n<p>Educa\u00e7\u00e3o b\u00e1sica \u00e9 o per\u00edodo que corresponde ao ensino obrigat\u00f3rio na faixa et\u00e1ria dos 4 aos 17 anos de idade de crian\u00e7as e adolescentes. Em s\u00edntese, a educa\u00e7\u00e3o b\u00e1sica \u00e9 a fase inicial do ensino escolar e se divide em tr\u00eas etapas:<\/p>\n\n\n\n<ul class=\"wp-block-list\">\n<li>Educa\u00e7\u00e3o infantil;<\/li>\n\n\n\n<li>Ensino fundamental;<\/li>\n\n\n\n<li>Ensino M\u00e9dio.<\/li>\n<\/ul>\n\n\n\n<p>Todas as etapas, tanto na rede p\u00fablica quanto na particular seguem as diretrizes, Leis e normativas da educa\u00e7\u00e3o b\u00e1sica nacional.<\/p>\n\n\n\n<p>Al\u00e9m disso, apesar de ser obrigat\u00f3ria na faixa et\u00e1ria dos 4 aos 17 anos, o \u00edndice de abandono escolar e evas\u00e3o ainda \u00e9 muito alto no pa\u00eds.<\/p>\n\n\n\n<p>Para quem n\u00e3o concluiu essas etapas no tempo escolar tradicional \u00e9 poss\u00edvel retomar os estudos a partir da Educa\u00e7\u00e3o de Jovens e Adultos (EJA). Assim, \u00e9 poss\u00edvel obter certificado de conclus\u00e3o de ensino m\u00e9dio e fundamental com a aprova\u00e7\u00e3o na <a href=\"https:\/\/blog.grancursosonline.com.br\/prova-encceja\/\" target=\"_blank\" rel=\"noopener\">prova Encceja<\/a>.<\/p>\n\n\n\n<h2 class=\"wp-block-heading\" id=\"como\">Como \u00e9 formada a educa\u00e7\u00e3o b\u00e1sica? Veja as etapas da educa\u00e7\u00e3o b\u00e1sica<\/h2>\n\n\n\n<p>Como vimos no t\u00f3pico anterior, a educa\u00e7\u00e3o b\u00e1sica se divide em tr\u00eas principais etapas: educa\u00e7\u00e3o infantil, ensino fundamental e ensino m\u00e9dio. Em s\u00edntese, ela se baseia nos seguintes documentos:<\/p>\n\n\n\n<ul class=\"wp-block-list\">\n<li>Lei n\u00ba 9.394, Diretrizes e Bases da Educa\u00e7\u00e3o Nacional (LDB);<\/li>\n\n\n\n<li>Diretrizes Curriculares Nacionais para a Educa\u00e7\u00e3o B\u00e1sica;<\/li>\n\n\n\n<li>Plano Nacional de Educa\u00e7\u00e3o;<\/li>\n\n\n\n<li>Constitui\u00e7\u00e3o da Rep\u00fablica Federativa do Brasil;<\/li>\n\n\n\n<li>Estatuto da Crian\u00e7a e do Adolescente.<\/li>\n<\/ul>\n\n\n\n<p>A seguir, entenda um pouco mais sobre as etapas da educa\u00e7\u00e3o b\u00e1sica:<\/p>\n\n\n\n<h3 class=\"wp-block-heading\">Educa\u00e7\u00e3o infantil<\/h3>\n\n\n\n<p>Compreende o per\u00edodo pr\u00e9-escolar, em que as crian\u00e7as dos 4 aos 6 anos desenvolvem a aprendizagem por meio de atividades l\u00fadicas, culturais e de socializa\u00e7\u00e3o. Esse per\u00edodo forma uma base inicial para o correto desenvolvimento na etapa seguinte.<\/p>\n\n\n\n<h3 class=\"wp-block-heading\">Ensino fundamental<\/h3>\n\n\n\n<p>\u00c9 a fase mais longa da educa\u00e7\u00e3o b\u00e1sica, por isso, se subdivide em duas etapas &#8211; ensino fundamental I para anos iniciais e ensino fundamental II para os anos finais.<\/p>\n\n\n\n<p>No fundamental I, do primeiro ao quinto ano, \u00e9 feita a alfabetiza\u00e7\u00e3o e dado in\u00edcio a toda a base curricular das disciplinas que ser\u00e3o aprofundadas no fundamental II, do sexto ao nono ano, que tamb\u00e9m faz uma prepara\u00e7\u00e3o para o ensino m\u00e9dio.<\/p>\n\n\n\n<h3 class=\"wp-block-heading\">Ensino m\u00e9dio<\/h3>\n\n\n\n<p>O ensino m\u00e9dio \u00e9 a \u00faltima etapa da educa\u00e7\u00e3o b\u00e1sica e inclui 3 s\u00e9ries para complementar os conhecimentos nas \u00e1reas b\u00e1sicas e aprofundar conhecimentos espec\u00edficos. Por isso, nessa etapa, entram disciplinas como Biologia, Qu\u00edmica e F\u00edsica.<\/p>\n\n\n\n<p>Em algumas institui\u00e7\u00f5es de ensino \u00e9 poss\u00edvel j\u00e1 cursar o ensino m\u00e9dio junto a um curso t\u00e9cnico profissionalizante e em outras h\u00e1 um foco maior em encaminhar o(a) estudante para o ensino superior (a faculdade).<\/p>\n\n\n\n<h2 class=\"wp-block-heading\" id=\"anos\">Quantos anos tem a educa\u00e7\u00e3o b\u00e1sica do Brasil?<\/h2>\n\n\n\n<p>A educa\u00e7\u00e3o b\u00e1sica no Brasil dura em m\u00e9dia 13 anos, mas pode variar de acordo com a idade de ingresso e de sa\u00edda dos estudantes de cada etapa escolar.<\/p>\n\n\n\n<h2 class=\"wp-block-heading\" id=\"professor\">Como ser professor de educa\u00e7\u00e3o b\u00e1sica?<\/h2>\n\n\n\n<p>Para ser professor de educa\u00e7\u00e3o b\u00e1sica o primeiro passo \u00e9 fazer uma forma\u00e7\u00e3o que te habilite, preferencialmente a licenciatura em Pedagogia ou em \u00e1reas do conhecimento espec\u00edficas (Letras, Biologia, Matem\u00e1tica, Qu\u00edmica, Educa\u00e7\u00e3o F\u00edsica, etc.).<\/p>\n\n\n\n<p>Al\u00e9m disso, caso queira atuar na rede p\u00fablica de ensino b\u00e1sico, \u00e9 comum que seja necess\u00e1rio obter aprova\u00e7\u00e3o em concurso p\u00fablico do munic\u00edpio e\/ou estado.<\/p>\n\n\n\n<p>Ainda com o objetivo de formar educadores para os anos iniciais, h\u00e1 o curso profissionalizante em Magist\u00e9rio, mas diferentemente da gradua\u00e7\u00e3o em Pedagogia, essa \u00e9 uma forma\u00e7\u00e3o de n\u00edvel m\u00e9dio.<\/p>\n\n\n\n<p>Desde 1996, essa forma\u00e7\u00e3o n\u00e3o \u00e9 mais priorizada pela Lei das Diretrizes Nacionais da Educa\u00e7\u00e3o, por isso, h\u00e1 uma demanda pela forma\u00e7\u00e3o de n\u00edvel superior para profissionais da rede b\u00e1sica.<\/p>\n\n\n\n<p>Em alguns estados, ainda \u00e9 feita contrata\u00e7\u00e3o de profissionais do magist\u00e9rio para atuarem. Mas a tend\u00eancia \u00e9 pela qualifica\u00e7\u00e3o profissional de n\u00edvel superior cada vez maior.<\/p>\n\n\n\n<h2 class=\"wp-block-heading\" id=\"licenciatura\">Licenciatura em Pedagogia na Gran Faculdade: aproveite as vantagens!<\/h2>\n\n\n\n<p>Na <a href=\"https:\/\/faculdade.grancursosonline.com.br\/\" target=\"_blank\" rel=\"noopener\">Gran Faculdade<\/a>, voc\u00ea pode encontrar o curso de licenciatura em Pedagogia  reconhecido com nota m\u00e1xima pelo MEC, com dura\u00e7\u00e3o de 4 anos (8 semestres), para a modalidade presencial no Campus Curitiba. <\/p>\n\n\n\n<p>Formamos profissionais capazes de atuar na doc\u00eancia, na gest\u00e3o, nos espa\u00e7os n\u00e3o formais de ensino e em assessorias com foco no conhecimento, pr\u00e1tica e engajamento profissional.<\/p>\n\n\n\n<p>Al\u00e9m disso, ao longo do curso, o(a) estudante passa pelas disciplinas de pr\u00e1tica pedag\u00f3gica e de metodologia de ensino das diferentes \u00e1reas do conhecimento da educa\u00e7\u00e3o b\u00e1sica (hist\u00f3ria, geografia, ci\u00eancias, matem\u00e1tica, l\u00edngua portuguesa, artes e movimentos culturais) e conta tamb\u00e9m com o suporte para realizar o <a href=\"https:\/\/blog.grancursosonline.com.br\/estagio-obrigatorio\/\" target=\"_blank\" rel=\"noopener\">est\u00e1gio obrigat\u00f3rio<\/a>.<\/p>\n\n\n\n<p>Cursando Pedagogia \u00e9 poss\u00edvel lecionar todas as mat\u00e9rias para a educa\u00e7\u00e3o b\u00e1sica, especialmente, para educa\u00e7\u00e3o infantil e anos iniciais do ensino fundamental. Por isso, essa \u00e9 uma das principais forma\u00e7\u00f5es para quem quer atuar na educa\u00e7\u00e3o b\u00e1sica. <\/p>\n\n\n\n<div class=\"wp-block-group has-background\" style=\"background-color:#8dd2fc7a\"><div class=\"wp-block-group__inner-container is-layout-constrained wp-block-group-is-layout-constrained\">\n<p><strong>Outras not\u00edcias em destaque:<\/strong><\/p>\n\n\n\n<ul class=\"wp-block-list\">\n<li><a href=\"https:\/\/blog.grancursosonline.com.br\/carreira-na-educacao\/\" target=\"_blank\" rel=\"noopener\">Carreira na Educa\u00e7\u00e3o: como se destacar e por onde come\u00e7ar?<\/a><\/li>\n\n\n\n<li><a href=\"https:\/\/blog.grancursosonline.com.br\/historia-educacao\/\" target=\"_blank\" rel=\"noopener\">Hist\u00f3ria da Educa\u00e7\u00e3o: origem, evolu\u00e7\u00e3o e import\u00e2ncia!<\/a><\/li>\n\n\n\n<li><a href=\"https:\/\/blog.grancursosonline.com.br\/dicas-livros-educacao\/\" target=\"_blank\" rel=\"noopener\">6 dicas de livros para quem quer seguir na \u00e1rea da Educa\u00e7\u00e3o<\/a><\/li>\n<\/ul>\n<\/div><\/div>\n\n\n\n<div class=\"wp-block-group\"><div class=\"wp-block-group__inner-container is-layout-constrained wp-block-group-is-layout-constrained\">\n<section style=\"text-align: center;\">\n<p>Quer ficar por dentro da Faculdade Digital mais inovadora do Brasil?<\/p>\n<nav>\n<p class=\"has-background has-dark-bluish-background-color\" style=\"font-size: 25px; text-align: center; background: #f0f0f0; color: #ffffff; padding: 4px 0px 4xp 0px;\"><a style=\"color: #0d134c; text-decoration: underline;\" href=\"https:\/\/faculdade.grancursosonline.com.br\/\" target=\"_blank\" rel=\"noopener\">GRADUA\u00c7\u00c3O<\/a><\/p>\n<p class=\"has-background has-dark-bluish-background-color\" style=\"font-size: 25px; text-align: center; background: #f0f0f0; color: #ffffff; padding: 4px 0px 4xp 0px;\"><a style=\"color: #0d134c; text-decoration: underline;\" href=\"https:\/\/pos.grancursosonline.com.br\/\" target=\"_blank\" rel=\"noopener\">P\u00d3S-GRADUA\u00c7\u00c3O<\/a><\/p>\n<p class=\"has-background has-dark-bluish-background-color\" style=\"font-size: 25px; text-align: center; background: #f0f0f0; color: #ffffff; padding: 4px 0px 4xp 0px;\"><a style=\"color: #0d134c; text-decoration: underline;\" href=\"https:\/\/faculdade.grancursosonline.com.br\/nossos-cursos\/\" target=\"_blank\" rel=\"noopener\">TUDO SOBRE A GRAN FACULDADE<\/a><\/p>\n<\/nav>\n<p><strong>Receba <span style=\"color: #cf1e25;\">gratuitamente<\/span> no seu celular as principais not\u00edcias sobre a Gran Faculdade! <br \/>Clique no link abaixo e inscreva-se:<\/strong><\/p>\n<p class=\"has-background has-dark-bluish-background-color\" style=\"font-size: 25px; text-align: center; background: #f0f0f0; color: #ffffff; padding: 4px 0px 4xp 0px;\"><a style=\"color: #0d134c; text-decoration: underline;\" href=\"https:\/\/whatsapp.com\/channel\/0029VaG1sChI7Be7PNndhL43\" target=\"_blank\" rel=\"noopener noreferrer\">WHATSAPP<\/a><\/p>\n<p class=\"has-background has-dark-bluish-background-color\" style=\"font-size: 25px; text-align: center; background: #f0f0f0; color: #ffffff; padding: 4px 0px 4xp 0px;\"><a style=\"color: #0d134c; text-decoration: underline;\" href=\"https:\/\/t.me\/GranFaculdade\" target=\"_blank\" rel=\"noopener noreferrer\">TELEGRAM<\/a><\/p>\n<\/section>\n<\/div><\/div>\n","protected":false},"excerpt":{"rendered":"<p>A educa\u00e7\u00e3o b\u00e1sica no Brasil \u00e9 a etapa escolar da pr\u00e9-escola ao ensino m\u00e9dio. Compreenda a seguir mais sobre as etapas da educa\u00e7\u00e3o b\u00e1sica e como trabalhar na \u00e1rea sendo professor da educa\u00e7\u00e3o b\u00e1sica. A educa\u00e7\u00e3o b\u00e1sica no Brasil abrange a educa\u00e7\u00e3o infantil, o ensino fundamental e o ensino m\u00e9dio. Essas etapas s\u00e3o essenciais para&hellip;<\/p>\n","protected":false},"author":514,"featured_media":79752701,"comment_status":"open","ping_status":"open","sticky":false,"template":"","format":"standard","meta":{"_acf_changed":false,"content-type":"","footnotes":""},"categories":[218545,219791,2],"tags":[],"class_list":["post-79649623","post","type-post","status-publish","format-standard","has-post-thumbnail","hentry","category-graduacao","category-gran-faculdade-campus-curitiba","category-ultimas-noticias"],"acf":[],"yoast_head":"<!-- This site is optimized with the Yoast SEO Premium plugin v27.2 (Yoast SEO v27.2) - https:\/\/yoast.com\/product\/yoast-seo-premium-wordpress\/ -->\n<title>Educa\u00e7\u00e3o b\u00e1sica: o que \u00e9, etapas e como trabalhar na \u00e1rea?<\/title>\n<meta name=\"description\" content=\"A educa\u00e7\u00e3o b\u00e1sica \u00e9 dividida em tr\u00eas etapas fundamentais do ensino. Entenda mais sobre a educa\u00e7\u00e3o b\u00e1sica no Brasil e como trabalhar com ela!\" \/>\n<meta name=\"robots\" content=\"index, follow, max-snippet:-1, max-image-preview:large, max-video-preview:-1\" \/>\n<link rel=\"canonical\" href=\"https:\/\/faculdade.grancursosonline.com.br\/blog\/educacao-basica\/\" \/>\n<meta property=\"og:locale\" content=\"pt_BR\" \/>\n<meta property=\"og:type\" content=\"article\" \/>\n<meta property=\"og:title\" content=\"Educa\u00e7\u00e3o b\u00e1sica: o que \u00e9, etapas e como trabalhar na \u00e1rea?\" \/>\n<meta property=\"og:description\" content=\"A educa\u00e7\u00e3o b\u00e1sica \u00e9 dividida em tr\u00eas etapas fundamentais do ensino. Entenda mais sobre a educa\u00e7\u00e3o b\u00e1sica no Brasil e como trabalhar com ela!\" \/>\n<meta property=\"og:url\" content=\"https:\/\/faculdade.grancursosonline.com.br\/blog\/educacao-basica\/\" \/>\n<meta property=\"og:site_name\" content=\"Blog Gran Faculdade\" \/>\n<meta property=\"article:publisher\" content=\"https:\/\/www.facebook.com\/grancursosonline\/\" \/>\n<meta property=\"article:published_time\" content=\"2025-03-27T21:00:38+00:00\" \/>\n<meta property=\"article:modified_time\" content=\"2025-03-27T21:00:40+00:00\" \/>\n<meta property=\"og:image\" content=\"https:\/\/blog-es-static.infra.grancursosonline.com.br\/wp-content\/uploads\/2024\/07\/27175821\/educacao-basica.jpg\" \/>\n\t<meta property=\"og:image:width\" content=\"511\" \/>\n\t<meta property=\"og:image:height\" content=\"311\" \/>\n\t<meta property=\"og:image:type\" content=\"image\/jpeg\" \/>\n<meta name=\"author\" content=\"Guilherme Henrique\" \/>\n<meta name=\"twitter:card\" content=\"summary_large_image\" \/>\n<meta name=\"twitter:creator\" content=\"@gran_online\" \/>\n<meta name=\"twitter:site\" content=\"@gran_online\" \/>\n<meta name=\"twitter:label1\" content=\"Written by\" \/>\n\t<meta name=\"twitter:data1\" content=\"Guilherme Henrique\" \/>\n\t<meta name=\"twitter:label2\" content=\"Est. reading time\" \/>\n\t<meta name=\"twitter:data2\" content=\"6 minutos\" \/>\n<script type=\"application\/ld+json\" class=\"yoast-schema-graph\">{\"@context\":\"https:\/\/schema.org\",\"@graph\":[{\"@type\":\"NewsArticle\",\"@id\":\"https:\/\/faculdade.grancursosonline.com.br\/blog\/educacao-basica\/#article\",\"isPartOf\":{\"@id\":\"https:\/\/faculdade.grancursosonline.com.br\/blog\/educacao-basica\/\"},\"author\":{\"name\":\"Guilherme Henrique\",\"@id\":\"https:\/\/faculdade.grancursosonline.com.br\/blog\/#\/schema\/person\/9745f9b6db8976613c1f439dbcfe717d\"},\"headline\":\"Educa\u00e7\u00e3o b\u00e1sica: o que \u00e9, etapas e como trabalhar na \u00e1rea?\",\"datePublished\":\"2025-03-27T21:00:38+00:00\",\"dateModified\":\"2025-03-27T21:00:40+00:00\",\"mainEntityOfPage\":{\"@id\":\"https:\/\/faculdade.grancursosonline.com.br\/blog\/educacao-basica\/\"},\"wordCount\":1070,\"commentCount\":0,\"publisher\":{\"@id\":\"https:\/\/faculdade.grancursosonline.com.br\/blog\/#organization\"},\"image\":{\"@id\":\"https:\/\/faculdade.grancursosonline.com.br\/blog\/educacao-basica\/#primaryimage\"},\"thumbnailUrl\":\"https:\/\/blog-es-static.infra.grancursosonline.com.br\/wp-content\/uploads\/2024\/07\/27175643\/educacao-basica-2.jpg\",\"articleSection\":[\"Gradua\u00e7\u00e3o Gran Faculdade\",\"Gran Faculdade Campus Curitiba\",\"\u00daltimas Not\u00edcias\"],\"inLanguage\":\"pt-BR\",\"potentialAction\":[{\"@type\":\"CommentAction\",\"name\":\"Comment\",\"target\":[\"https:\/\/faculdade.grancursosonline.com.br\/blog\/educacao-basica\/#respond\"]}],\"copyrightYear\":\"2025\",\"copyrightHolder\":{\"@id\":\"https:\/\/faculdade.grancursosonline.com.br\/blog\/#organization\"}},{\"@type\":\"WebPage\",\"@id\":\"https:\/\/faculdade.grancursosonline.com.br\/blog\/educacao-basica\/\",\"url\":\"https:\/\/faculdade.grancursosonline.com.br\/blog\/educacao-basica\/\",\"name\":\"Educa\u00e7\u00e3o b\u00e1sica: o que \u00e9, etapas e como trabalhar na \u00e1rea?\",\"isPartOf\":{\"@id\":\"https:\/\/faculdade.grancursosonline.com.br\/blog\/#website\"},\"primaryImageOfPage\":{\"@id\":\"https:\/\/faculdade.grancursosonline.com.br\/blog\/educacao-basica\/#primaryimage\"},\"image\":{\"@id\":\"https:\/\/faculdade.grancursosonline.com.br\/blog\/educacao-basica\/#primaryimage\"},\"thumbnailUrl\":\"https:\/\/blog-es-static.infra.grancursosonline.com.br\/wp-content\/uploads\/2024\/07\/27175643\/educacao-basica-2.jpg\",\"datePublished\":\"2025-03-27T21:00:38+00:00\",\"dateModified\":\"2025-03-27T21:00:40+00:00\",\"description\":\"A educa\u00e7\u00e3o b\u00e1sica \u00e9 dividida em tr\u00eas etapas fundamentais do ensino. Entenda mais sobre a educa\u00e7\u00e3o b\u00e1sica no Brasil e como trabalhar com ela!\",\"breadcrumb\":{\"@id\":\"https:\/\/faculdade.grancursosonline.com.br\/blog\/educacao-basica\/#breadcrumb\"},\"inLanguage\":\"pt-BR\",\"potentialAction\":[{\"@type\":\"ReadAction\",\"target\":[\"https:\/\/faculdade.grancursosonline.com.br\/blog\/educacao-basica\/\"]}]},{\"@type\":\"ImageObject\",\"inLanguage\":\"pt-BR\",\"@id\":\"https:\/\/faculdade.grancursosonline.com.br\/blog\/educacao-basica\/#primaryimage\",\"url\":\"https:\/\/blog-es-static.infra.grancursosonline.com.br\/wp-content\/uploads\/2024\/07\/27175643\/educacao-basica-2.jpg\",\"contentUrl\":\"https:\/\/blog-es-static.infra.grancursosonline.com.br\/wp-content\/uploads\/2024\/07\/27175643\/educacao-basica-2.jpg\",\"width\":1001,\"height\":601,\"caption\":\"Educa\u00e7\u00e3o b\u00e1sica: o que \u00e9, etapas e como trabalhar na \u00e1rea?\"},{\"@type\":\"BreadcrumbList\",\"@id\":\"https:\/\/faculdade.grancursosonline.com.br\/blog\/educacao-basica\/#breadcrumb\",\"itemListElement\":[{\"@type\":\"ListItem\",\"position\":1,\"name\":\"In\u00edcio\",\"item\":\"https:\/\/faculdade.grancursosonline.com.br\/blog\/\"},{\"@type\":\"ListItem\",\"position\":2,\"name\":\"Gradua\u00e7\u00e3o Gran Faculdade\",\"item\":\"https:\/\/faculdade.grancursosonline.com.br\/blog\/graduacao\/\"},{\"@type\":\"ListItem\",\"position\":3,\"name\":\"Educa\u00e7\u00e3o b\u00e1sica: o que \u00e9, etapas e como trabalhar na \u00e1rea?\"}]},{\"@type\":\"WebSite\",\"@id\":\"https:\/\/faculdade.grancursosonline.com.br\/blog\/#website\",\"url\":\"https:\/\/faculdade.grancursosonline.com.br\/blog\/\",\"name\":\"Blog Gran Faculdade\",\"description\":\"Tudo sobre ensino superior, p\u00f3s-gradua\u00e7\u00e3o, enem e carreira.\",\"publisher\":{\"@id\":\"https:\/\/faculdade.grancursosonline.com.br\/blog\/#organization\"},\"potentialAction\":[{\"@type\":\"SearchAction\",\"target\":{\"@type\":\"EntryPoint\",\"urlTemplate\":\"https:\/\/faculdade.grancursosonline.com.br\/blog\/?s={search_term_string}\"},\"query-input\":{\"@type\":\"PropertyValueSpecification\",\"valueRequired\":true,\"valueName\":\"search_term_string\"}}],\"inLanguage\":\"pt-BR\"},{\"@type\":\"Organization\",\"@id\":\"https:\/\/faculdade.grancursosonline.com.br\/blog\/#organization\",\"name\":\"Gran Cursos Online\",\"url\":\"https:\/\/faculdade.grancursosonline.com.br\/blog\/\",\"logo\":{\"@type\":\"ImageObject\",\"inLanguage\":\"pt-BR\",\"@id\":\"https:\/\/faculdade.grancursosonline.com.br\/blog\/#\/schema\/logo\/image\/\",\"url\":\"https:\/\/blog-es-static.infra.grancursosonline.com.br\/wp-content\/uploads\/2019\/08\/03123934\/logo.png\",\"contentUrl\":\"https:\/\/blog-es-static.infra.grancursosonline.com.br\/wp-content\/uploads\/2019\/08\/03123934\/logo.png\",\"width\":300,\"height\":57,\"caption\":\"Gran Cursos Online\"},\"image\":{\"@id\":\"https:\/\/faculdade.grancursosonline.com.br\/blog\/#\/schema\/logo\/image\/\"},\"sameAs\":[\"https:\/\/www.facebook.com\/grancursosonline\/\",\"https:\/\/x.com\/gran_online\",\"https:\/\/www.instagram.com\/grancursosonline\/\",\"https:\/\/www.youtube.com\/user\/grancursostv\"]},{\"@type\":\"Person\",\"@id\":\"https:\/\/faculdade.grancursosonline.com.br\/blog\/#\/schema\/person\/9745f9b6db8976613c1f439dbcfe717d\",\"name\":\"Guilherme Henrique\",\"url\":\"https:\/\/faculdade.grancursosonline.com.br\/blog\/author\/guilherme-lourenco\/\"}]}<\/script>\n<!-- \/ Yoast SEO Premium plugin. -->","yoast_head_json":{"title":"Educa\u00e7\u00e3o b\u00e1sica: o que \u00e9, etapas e como trabalhar na \u00e1rea?","description":"A educa\u00e7\u00e3o b\u00e1sica \u00e9 dividida em tr\u00eas etapas fundamentais do ensino. Entenda mais sobre a educa\u00e7\u00e3o b\u00e1sica no Brasil e como trabalhar com ela!","robots":{"index":"index","follow":"follow","max-snippet":"max-snippet:-1","max-image-preview":"max-image-preview:large","max-video-preview":"max-video-preview:-1"},"canonical":"https:\/\/faculdade.grancursosonline.com.br\/blog\/educacao-basica\/","og_locale":"pt_BR","og_type":"article","og_title":"Educa\u00e7\u00e3o b\u00e1sica: o que \u00e9, etapas e como trabalhar na \u00e1rea?","og_description":"A educa\u00e7\u00e3o b\u00e1sica \u00e9 dividida em tr\u00eas etapas fundamentais do ensino. Entenda mais sobre a educa\u00e7\u00e3o b\u00e1sica no Brasil e como trabalhar com ela!","og_url":"https:\/\/faculdade.grancursosonline.com.br\/blog\/educacao-basica\/","og_site_name":"Blog Gran Faculdade","article_publisher":"https:\/\/www.facebook.com\/grancursosonline\/","article_published_time":"2025-03-27T21:00:38+00:00","article_modified_time":"2025-03-27T21:00:40+00:00","og_image":[{"width":511,"height":311,"url":"https:\/\/blog-es-static.infra.grancursosonline.com.br\/wp-content\/uploads\/2024\/07\/27175821\/educacao-basica.jpg","type":"image\/jpeg"}],"author":"Guilherme Henrique","twitter_card":"summary_large_image","twitter_creator":"@gran_online","twitter_site":"@gran_online","twitter_misc":{"Written by":"Guilherme Henrique","Est. reading time":"6 minutos"},"schema":{"@context":"https:\/\/schema.org","@graph":[{"@type":"NewsArticle","@id":"https:\/\/faculdade.grancursosonline.com.br\/blog\/educacao-basica\/#article","isPartOf":{"@id":"https:\/\/faculdade.grancursosonline.com.br\/blog\/educacao-basica\/"},"author":{"name":"Guilherme Henrique","@id":"https:\/\/faculdade.grancursosonline.com.br\/blog\/#\/schema\/person\/9745f9b6db8976613c1f439dbcfe717d"},"headline":"Educa\u00e7\u00e3o b\u00e1sica: o que \u00e9, etapas e como trabalhar na \u00e1rea?","datePublished":"2025-03-27T21:00:38+00:00","dateModified":"2025-03-27T21:00:40+00:00","mainEntityOfPage":{"@id":"https:\/\/faculdade.grancursosonline.com.br\/blog\/educacao-basica\/"},"wordCount":1070,"commentCount":0,"publisher":{"@id":"https:\/\/faculdade.grancursosonline.com.br\/blog\/#organization"},"image":{"@id":"https:\/\/faculdade.grancursosonline.com.br\/blog\/educacao-basica\/#primaryimage"},"thumbnailUrl":"https:\/\/blog-es-static.infra.grancursosonline.com.br\/wp-content\/uploads\/2024\/07\/27175643\/educacao-basica-2.jpg","articleSection":["Gradua\u00e7\u00e3o Gran Faculdade","Gran Faculdade Campus Curitiba","\u00daltimas Not\u00edcias"],"inLanguage":"pt-BR","potentialAction":[{"@type":"CommentAction","name":"Comment","target":["https:\/\/faculdade.grancursosonline.com.br\/blog\/educacao-basica\/#respond"]}],"copyrightYear":"2025","copyrightHolder":{"@id":"https:\/\/faculdade.grancursosonline.com.br\/blog\/#organization"}},{"@type":"WebPage","@id":"https:\/\/faculdade.grancursosonline.com.br\/blog\/educacao-basica\/","url":"https:\/\/faculdade.grancursosonline.com.br\/blog\/educacao-basica\/","name":"Educa\u00e7\u00e3o b\u00e1sica: o que \u00e9, etapas e como trabalhar na \u00e1rea?","isPartOf":{"@id":"https:\/\/faculdade.grancursosonline.com.br\/blog\/#website"},"primaryImageOfPage":{"@id":"https:\/\/faculdade.grancursosonline.com.br\/blog\/educacao-basica\/#primaryimage"},"image":{"@id":"https:\/\/faculdade.grancursosonline.com.br\/blog\/educacao-basica\/#primaryimage"},"thumbnailUrl":"https:\/\/blog-es-static.infra.grancursosonline.com.br\/wp-content\/uploads\/2024\/07\/27175643\/educacao-basica-2.jpg","datePublished":"2025-03-27T21:00:38+00:00","dateModified":"2025-03-27T21:00:40+00:00","description":"A educa\u00e7\u00e3o b\u00e1sica \u00e9 dividida em tr\u00eas etapas fundamentais do ensino. Entenda mais sobre a educa\u00e7\u00e3o b\u00e1sica no Brasil e como trabalhar com ela!","breadcrumb":{"@id":"https:\/\/faculdade.grancursosonline.com.br\/blog\/educacao-basica\/#breadcrumb"},"inLanguage":"pt-BR","potentialAction":[{"@type":"ReadAction","target":["https:\/\/faculdade.grancursosonline.com.br\/blog\/educacao-basica\/"]}]},{"@type":"ImageObject","inLanguage":"pt-BR","@id":"https:\/\/faculdade.grancursosonline.com.br\/blog\/educacao-basica\/#primaryimage","url":"https:\/\/blog-es-static.infra.grancursosonline.com.br\/wp-content\/uploads\/2024\/07\/27175643\/educacao-basica-2.jpg","contentUrl":"https:\/\/blog-es-static.infra.grancursosonline.com.br\/wp-content\/uploads\/2024\/07\/27175643\/educacao-basica-2.jpg","width":1001,"height":601,"caption":"Educa\u00e7\u00e3o b\u00e1sica: o que \u00e9, etapas e como trabalhar na \u00e1rea?"},{"@type":"BreadcrumbList","@id":"https:\/\/faculdade.grancursosonline.com.br\/blog\/educacao-basica\/#breadcrumb","itemListElement":[{"@type":"ListItem","position":1,"name":"In\u00edcio","item":"https:\/\/faculdade.grancursosonline.com.br\/blog\/"},{"@type":"ListItem","position":2,"name":"Gradua\u00e7\u00e3o Gran Faculdade","item":"https:\/\/faculdade.grancursosonline.com.br\/blog\/graduacao\/"},{"@type":"ListItem","position":3,"name":"Educa\u00e7\u00e3o b\u00e1sica: o que \u00e9, etapas e como trabalhar na \u00e1rea?"}]},{"@type":"WebSite","@id":"https:\/\/faculdade.grancursosonline.com.br\/blog\/#website","url":"https:\/\/faculdade.grancursosonline.com.br\/blog\/","name":"Blog Gran Faculdade","description":"Tudo sobre ensino superior, p\u00f3s-gradua\u00e7\u00e3o, enem e carreira.","publisher":{"@id":"https:\/\/faculdade.grancursosonline.com.br\/blog\/#organization"},"potentialAction":[{"@type":"SearchAction","target":{"@type":"EntryPoint","urlTemplate":"https:\/\/faculdade.grancursosonline.com.br\/blog\/?s={search_term_string}"},"query-input":{"@type":"PropertyValueSpecification","valueRequired":true,"valueName":"search_term_string"}}],"inLanguage":"pt-BR"},{"@type":"Organization","@id":"https:\/\/faculdade.grancursosonline.com.br\/blog\/#organization","name":"Gran Cursos Online","url":"https:\/\/faculdade.grancursosonline.com.br\/blog\/","logo":{"@type":"ImageObject","inLanguage":"pt-BR","@id":"https:\/\/faculdade.grancursosonline.com.br\/blog\/#\/schema\/logo\/image\/","url":"https:\/\/blog-es-static.infra.grancursosonline.com.br\/wp-content\/uploads\/2019\/08\/03123934\/logo.png","contentUrl":"https:\/\/blog-es-static.infra.grancursosonline.com.br\/wp-content\/uploads\/2019\/08\/03123934\/logo.png","width":300,"height":57,"caption":"Gran Cursos Online"},"image":{"@id":"https:\/\/faculdade.grancursosonline.com.br\/blog\/#\/schema\/logo\/image\/"},"sameAs":["https:\/\/www.facebook.com\/grancursosonline\/","https:\/\/x.com\/gran_online","https:\/\/www.instagram.com\/grancursosonline\/","https:\/\/www.youtube.com\/user\/grancursostv"]},{"@type":"Person","@id":"https:\/\/faculdade.grancursosonline.com.br\/blog\/#\/schema\/person\/9745f9b6db8976613c1f439dbcfe717d","name":"Guilherme Henrique","url":"https:\/\/faculdade.grancursosonline.com.br\/blog\/author\/guilherme-lourenco\/"}]}},"_links":{"self":[{"href":"https:\/\/faculdade.grancursosonline.com.br\/blog\/wp-json\/wp\/v2\/posts\/79649623","targetHints":{"allow":["GET"]}}],"collection":[{"href":"https:\/\/faculdade.grancursosonline.com.br\/blog\/wp-json\/wp\/v2\/posts"}],"about":[{"href":"https:\/\/faculdade.grancursosonline.com.br\/blog\/wp-json\/wp\/v2\/types\/post"}],"author":[{"embeddable":true,"href":"https:\/\/faculdade.grancursosonline.com.br\/blog\/wp-json\/wp\/v2\/users\/514"}],"replies":[{"embeddable":true,"href":"https:\/\/faculdade.grancursosonline.com.br\/blog\/wp-json\/wp\/v2\/comments?post=79649623"}],"version-history":[{"count":3,"href":"https:\/\/faculdade.grancursosonline.com.br\/blog\/wp-json\/wp\/v2\/posts\/79649623\/revisions"}],"predecessor-version":[{"id":79752703,"href":"https:\/\/faculdade.grancursosonline.com.br\/blog\/wp-json\/wp\/v2\/posts\/79649623\/revisions\/79752703"}],"wp:featuredmedia":[{"embeddable":true,"href":"https:\/\/faculdade.grancursosonline.com.br\/blog\/wp-json\/wp\/v2\/media\/79752701"}],"wp:attachment":[{"href":"https:\/\/faculdade.grancursosonline.com.br\/blog\/wp-json\/wp\/v2\/media?parent=79649623"}],"wp:term":[{"taxonomy":"category","embeddable":true,"href":"https:\/\/faculdade.grancursosonline.com.br\/blog\/wp-json\/wp\/v2\/categories?post=79649623"},{"taxonomy":"post_tag","embeddable":true,"href":"https:\/\/faculdade.grancursosonline.com.br\/blog\/wp-json\/wp\/v2\/tags?post=79649623"}],"curies":[{"name":"wp","href":"https:\/\/api.w.org\/{rel}","templated":true}]}}