{"id":79651299,"date":"2025-10-07T18:12:52","date_gmt":"2025-10-07T21:12:52","guid":{"rendered":"https:\/\/blog.grancursosonline.com.br\/?p=79651299"},"modified":"2025-10-07T18:15:24","modified_gmt":"2025-10-07T21:15:24","slug":"dia-dos-professores","status":"publish","type":"post","link":"https:\/\/faculdade.grancursosonline.com.br\/blog\/dia-dos-professores\/","title":{"rendered":"Dia dos professores 2025: ideias e mensagens para a data"},"content":{"rendered":"\n<p>No dia 15 de outubro se comemora o Dia dos Professores no Brasil. Confira a seguir mais sobre a data, a profiss\u00e3o e ideias para homenagens.<\/p>\n\n\n\n<p>Se preferir, navegue pelo \u00edndice abaixo:<\/p>\n\n\n\n<ul class=\"wp-block-list\">\n<li><a href=\"#qual\">Qual \u00e9 o Dia do Professor no Brasil?<\/a><\/li>\n\n\n\n<li><a href=\"#como\">Como surgiu o Dia do Professor no Brasil?<\/a><\/li>\n\n\n\n<li><a href=\"#fazer\">O que fazer no Dia do Professor?<\/a><\/li>\n\n\n\n<li><a href=\"#ideias\">Dia dos Professores 2025: ideias de presentes<\/a><\/li>\n\n\n\n<li><a href=\"#mensagem\">Ideias de mensagem para o dia dos professores<\/a><\/li>\n<\/ul>\n\n\n\n<div class=\"wp-block-columns is-layout-flex wp-container-core-columns-is-layout-9d6595d7 wp-block-columns-is-layout-flex\">\n<div class=\"wp-block-column is-layout-flow wp-block-column-is-layout-flow\" style=\"flex-basis:100%\"><div class=\"wp-block-image\">\n<figure class=\"aligncenter size-full\"><a href=\"https:\/\/whatsapp.com\/channel\/0029VaG1sChI7Be7PNndhL43\" target=\"_blank\" rel=\"noopener\"><img decoding=\"async\" src=\"https:\/\/blog-es-static.infra.grancursosonline.com.br\/wp-content\/uploads\/2025\/09\/09112354\/banner-wp-600x142-80.webp\" alt=\"Acesse o canal do WhatsApp da Gran Faculdade\" class=\"wp-image-79751904\"\/><\/a><\/figure>\n<\/div><\/div>\n<\/div>\n\n\n\n<h2 class=\"wp-block-heading\" id=\"qual\">Qual \u00e9 o Dia do Professor no Brasil?<\/h2>\n\n\n\n<p>Desde 1963, anualmente, em 15 de outubro se comemora o Dia dos Professores no Brasil.<\/p>\n\n\n\n<p>Internacionalmente, desde 1994, a Organiza\u00e7\u00e3o das Na\u00e7\u00f5es Unidas para a Educa\u00e7\u00e3o, a Ci\u00eancia e a Cultura (Unesco) define o Dia dos Professores como dia 5 de outubro. Al\u00e9m disso, outros pa\u00edses possuem seu pr\u00f3prio cronograma de celebra\u00e7\u00f5es e homenagens.<\/p>\n\n\n\n<h2 class=\"wp-block-heading\" id=\"como\">Como surgiu o Dia do Professor no Brasil?<\/h2>\n\n\n\n<p>O Dia do Professor \u00e9 comemorado em 15 de outubro desde 1963, quando o ent\u00e3o presidente, Jo\u00e3o Goulart, decretou a data alusiva como um feriado escolar com celebra\u00e7\u00f5es em homenagem aos professores.<\/p>\n\n\n\n<p>Apesar de ter sido estabelecida em 1963, a origem da celebra\u00e7\u00e3o vem da primeira lei emitida por Dom Pedro I sobre o Ensino Elementar, em 15 de outubro de 1827.<\/p>\n\n\n\n<p>De l\u00e1 pra c\u00e1, o cen\u00e1rio da educa\u00e7\u00e3o no Brasil passou por diversas mudan\u00e7as e atualiza\u00e7\u00f5es, mas a figura do professor segue sendo uma das mais importantes no processo de ensino\/aprendizagem em todos os campos do conhecimento.<\/p>\n\n\n\n<h2 class=\"wp-block-heading\" id=\"fazer\">O que fazer no Dia dos Professores?<\/h2>\n\n\n\n<p>Confira a seguir atividades de comemora\u00e7\u00e3o ao Dia dos Professores que podem ser desenvolvidas nos ambientes escolares ou como forma de presentear e homenagear esses profissionais.<\/p>\n\n\n\n<p>Atividades comemorativas para Dia dos Professores na escola:<\/p>\n\n\n\n<ul class=\"wp-block-list\">\n<li>Apresenta\u00e7\u00f5es culturais como dan\u00e7a, recitar poesias, exibir desenhos em homenagem aos professores;<\/li>\n\n\n\n<li>Promover lanches coletivos;<\/li>\n\n\n\n<li>Presentear com lembran\u00e7as, cartas, presentes, etc.<\/li>\n<\/ul>\n\n\n\n<p>Mas, claro, que as melhores formas de homenagear profissionais da Educa\u00e7\u00e3o \u00e9 mantendo o respeito nos ambientes escolares e n\u00e3o-escolares, bem como promover a valoriza\u00e7\u00e3o profissional.<\/p>\n\n\n\n<p>Por isso, estudantes, familiares e demais profissionais da Educa\u00e7\u00e3o podem cumprir seus pap\u00e9is em prol de um dia a dia mais saud\u00e1vel e digno para todos e todas.<\/p>\n\n\n\n<p>Al\u00e9m disso, \u00e9 poss\u00edvel dar presentes pelo Dia dos Professores, confira algumas ideias a seguir.<\/p>\n\n\n\n<h2 class=\"wp-block-heading\" id=\"ideias\">Dia dos Professores 2025: ideias de presentes<\/h2>\n\n\n\n<p>O Dia dos Professores 2025 est\u00e1 chegando, mas ainda d\u00e1 tempo de pensar em presentes criativos e bacanas para celebrar a data. Confira a seguir algumas ideias de presentes para todos os bolsos:<\/p>\n\n\n\n<ol class=\"wp-block-list\">\n<li>Canetas, agendas e outros itens de papelaria (queridinhos dos professores);<\/li>\n\n\n\n<li>Chocolates, cestas de caf\u00e9 ou itens comest\u00edveis que voc\u00ea saiba que a pessoa gosta;<\/li>\n\n\n\n<li>Flores e itens de floricultura;<\/li>\n\n\n\n<li>Roupas (n\u00e3o muito pessoais, caso n\u00e3o tenha intimidade) como len\u00e7os ou acess\u00f3rios (bolsas, mochilas, bon\u00e9s, colares, etc.);<\/li>\n\n\n\n<li>Hidratantes corporais, sabonetes ou produtos de higiene presente\u00e1veis;<\/li>\n\n\n\n<li>Massageadores, vales-massagem ou kits com produtos relaxantes para um mini spa;<\/li>\n\n\n\n<li>Garrafas de \u00e1gua ou canecas bonitas;<\/li>\n\n\n\n<li>Presentes personalizados com o nome da pessoa, seja uma bolacha, uma toalha de m\u00e3o, um chaveiro ou o que for, quando voc\u00ea personaliza o nome da pessoa, ela j\u00e1 sente um carinho especial, ent\u00e3o, essa sempre \u00e9 uma boa op\u00e7\u00e3o de presente;<\/li>\n\n\n\n<li>Itens alusivos \u00e0 profiss\u00e3o: bonequinhos, im\u00e3s de geladeira ou outros itens que celebram a profiss\u00e3o de professor.<\/li>\n<\/ol>\n\n\n\n<p>Al\u00e9m disso, conhecendo a pessoa que quer homenagear, \u00e9 poss\u00edvel pensar em presentes mais assertivos: o que a pessoa gosta? O que ela est\u00e1 precisando? Avalie as possibilidades.<\/p>\n\n\n\n<p>N\u00e3o se esque\u00e7a de adicionar ao presente uma carta ou cart\u00e3o escrito \u00e0 m\u00e3o para tornar o presente ainda mais significativo e personalizado. Para se inspirar, confira algumas ideias de mensagem para o Dia do Professor.<\/p>\n\n\n\n<h2 class=\"wp-block-heading\" id=\"mensagem\">Ideias de mensagem para o dia dos professores<\/h2>\n\n\n\n<p>Escrever uma carta de feliz dia do professor \u00e9 uma das formas mais bonitas de homenagear esses profissionais. Confira algumas ideias de como escrever:<\/p>\n\n\n\n<p>Mensagem dia do professor, frases inspiradoras e significativas na Educa\u00e7\u00e3o:<\/p>\n\n\n\n<ul class=\"wp-block-list\">\n<li><em>\u201cSe a educa\u00e7\u00e3o sozinha n\u00e3o transforma a sociedade, sem ela tampouco a sociedade muda\u201d, Paulo Freire.<\/em><\/li>\n\n\n\n<li><em>\u201cEnsinar n\u00e3o \u00e9 transferir conhecimento, mas criar as possibilidades para a sua pr\u00f3pria produ\u00e7\u00e3o ou a sua constru\u00e7\u00e3o\u201d, Paulo Freire.<\/em><\/li>\n\n\n\n<li><em>\u201cA melhor maneira de aprender \u00e9 ensinar\u201d, Maria Montessori.<\/em><\/li>\n\n\n\n<li><em>\u201cEducar \u00e9 crescer. E crescer \u00e9 viver. Educa\u00e7\u00e3o \u00e9, assim, vida no sentido mais aut\u00eantico da palavra\u201d, An\u00edsio Teixeira.<\/em><\/li>\n\n\n\n<li><em>\u201cSe n\u00e3o fosse imperador, desejaria ser professor. N\u00e3o conhe\u00e7o miss\u00e3o maior e mais nobre que a de dirigir as intelig\u00eancias jovens e preparar os homens do futuro\u201d, Dom Pedro II.<\/em><\/li>\n\n\n\n<li><em>&#8220;O que se aprende com prazer nunca se esquece&#8221;, Alfred Mercier<\/em>.<\/li>\n\n\n\n<li><em>&#8220;Professor \u00e9 aquele que faz com que o imposs\u00edvel pare\u00e7a poss\u00edvel todos os dias&#8221; autor desconhecido.<\/em><\/li>\n<\/ul>\n\n\n\n<p><strong>Al\u00e9m da mensagem, \u00e9 poss\u00edvel escrever na carta de Feliz Dia do Professor, algo assim:<\/strong><\/p>\n\n\n\n<p><em>Querida ou querido (nome do professor), <\/em><\/p>\n\n\n\n<p><em>Parab\u00e9ns pela sua dedica\u00e7\u00e3o para desenvolver o que h\u00e1 de melhor em seus alunos e alunas. Seu trabalho \u00e9 a base para uma sociedade mais saud\u00e1vel, justa e feliz. <\/em><\/p>\n\n\n\n<p><em>Que seu dia seja especial e que sua voca\u00e7\u00e3o seja renovada nesta data. <\/em><\/p>\n\n\n\n<p><em>Obrigado(a) pela jornada at\u00e9 aqui. Com carinho, (sua assinatura).<\/em><\/p>\n\n\n\n<p><strong>Ou assim:<\/strong><\/p>\n\n\n\n<p><em>Professor(a), <\/em><\/p>\n\n\n\n<p><em>N\u00f3s amamos sua aula e como voc\u00ea ensina. Com certeza, \u00e9 muito importante para nossa forma\u00e7\u00e3o profissional no futuro. Obrigado pela paci\u00eancia, dedica\u00e7\u00e3o e cuidado. <\/em><\/p>\n\n\n\n<p><em>Feliz Dia do Professor, dos seus alunos da s\u00e9rie X \/ da sua equipe da Escola Y.<\/em><\/p>\n\n\n\n<p><strong>Ou se preferir uma terceira op\u00e7\u00e3o:<br><\/strong><br><em>Professor(a),<\/em><\/p>\n\n\n\n<p><em>Queremos agradecer por todo o esfor\u00e7o e dedica\u00e7\u00e3o que voc\u00ea coloca em cada aula. Seu compromisso faz diferen\u00e7a na vida de cada aluno, inspirando-nos a aprender e crescer todos os dias.<\/em><\/p>\n\n\n\n<p><em>Feliz Dia do Professor! Que seu trabalho continue iluminando caminhos e despertando curiosidade em todos n\u00f3s.<\/em><\/p>\n\n\n\n<p>Ser professor(a) no Brasil passa por diversos desafios, mas \u00e9 a principal forma\u00e7\u00e3o profissional. Afinal, \u00e9 por meio dos professores que \u00e9 poss\u00edvel formar e qualificar todas as outras profiss\u00f5es.<\/p>\n\n\n\n<p>O Gran deseja a todos os nossos professores e alunos, futuros professores, um Feliz Dia do Professor!<\/p>\n\n\n\n<h2 class=\"wp-block-heading\" id=\"h-vem-pra-gran-faculdade\">Vem pra Gran Faculdade!<\/h2>\n\n\n\n<p>A Gran Faculdade vem mudando a vida de milhares de pessoas por meio de cursos \u00e0 dist\u00e2ncia de <a href=\"https:\/\/faculdade.grancursosonline.com.br\/\" target=\"_blank\" rel=\"noreferrer noopener\">gradua\u00e7\u00e3o<\/a>, <a href=\"https:\/\/pos.grancursosonline.com.br\/\" target=\"_blank\" rel=\"noreferrer noopener\">p\u00f3s-gradua\u00e7\u00e3o<\/a> e <a href=\"https:\/\/pos.grancursosonline.com.br\/mba\" target=\"_blank\" rel=\"noreferrer noopener\">MBA<\/a>. Seja no digital ou em nosso <a href=\"https:\/\/presencial.grancursosonline.com.br\/\" target=\"_blank\" rel=\"noreferrer noopener\">Campus Presencial em Curitiba<\/a>, a nossa miss\u00e3o \u00e9 transformar a educa\u00e7\u00e3o superior.<\/p>\n\n\n\n<p>Como parte de Sistema Gran de Ensino, que \u00e9 reconhecido como marca aprovadora h\u00e1 mais de 10 anos, constru\u00edmos uma renomada reputa\u00e7\u00e3o na \u00e1rea de educa\u00e7\u00e3o.<\/p>\n\n\n\n<p>Veja algumas de nossas conquistas:<\/p>\n\n\n\n<ul class=\"wp-block-list\">\n<li>Reconhecido pela Amazon como um dos projetos mais relevantes do mundo na \u00e1rea de Tecnologia e Educa\u00e7\u00e3o;<\/li>\n\n\n\n<li>Foi eleito pelo Project Management Institute (PMI), um dos 50 Projetos Mais Influentes do mundo;<\/li>\n\n\n\n<li>Somos o site de educa\u00e7\u00e3o mais acessado do Brasil;<\/li>\n\n\n\n<li>Somos avaliados com a nota m\u00e1xima pelo MEC;<\/li>\n\n\n\n<li>Aqui o semestre come\u00e7a quando quiser: entrada imediata e cont\u00ednua!<\/li>\n\n\n\n<li>Melhores pre\u00e7os do mercado;<\/li>\n\n\n\n<li>Mais de 800 mil alunos pagantes e mais de 1000 funcion\u00e1rios;<\/li>\n\n\n\n<li>Diversas ferramentas de estudo: PDFs, audiobooks, mapas mentais, videoaulas, quest\u00f5es, gerenciador de estudos e muito mais!<\/li>\n\n\n\n<li>Professores experientes e capacitados;<\/li>\n\n\n\n<li>Acesso imediato e 100% online.<\/li>\n<\/ul>\n\n\n\n<p class=\"has-text-align-center has-text-align-center\"><strong><a href=\"https:\/\/faculdade.grancursosonline.com.br\/\">Quero ser aluno da Gran Faculdade<\/a><\/strong><\/p>\n\n\n\n<h2 class=\"wp-block-heading\" id=\"h-participe-de-uma-imersao-exclusiva-com-especialistas-em-ia-e-transforme-sua-carreira\">Participe de uma imers\u00e3o exclusiva com especialistas em IA e transforme sua carreira<\/h2>\n\n\n<div class=\"wp-block-image\">\n<figure class=\"aligncenter size-large is-resized\"><a href=\"https:\/\/lp.grancursosonline.com.br\/imersao-em-ia\/?utm_source=Wordpress&amp;utm_medium=sidebar&amp;utm_campaign=Capta%C3%A7%C3%A3o+Imers%C3%A3o+em+IA+-+Abril%2F2026+-+Blog+Ensino+Superior+-+Conte%C3%BAdo+e+SEO&amp;utm_id=Capta%C3%A7%C3%A3o+Imers%C3%A3o+em+IA+-+Abril%2F2026+-+Blog+Ensino+Superior+-+Conte%C3%BAdo+e+SEO\" target=\"_blank\" rel=\" noreferrer noopener\"><img loading=\"lazy\" decoding=\"async\" width=\"1024\" height=\"576\" src=\"https:\/\/blog-es-static.infra.grancursosonline.com.br\/wp-content\/uploads\/2026\/03\/31105919\/imersao_em_ia-1024x576.webp\" alt=\"\" class=\"wp-image-79763836\" style=\"width:488px;height:auto\"\/><\/a><\/figure>\n<\/div>\n\n\n<p><strong>Se voc\u00ea quer sair do b\u00e1sico e entender, na pr\u00e1tica, como a Intelig\u00eancia Artificial (IA) est\u00e1 moldando o mercado, esta \u00e9 a sua oportunidade.<\/strong> <\/p>\n\n\n\n<p>A Imers\u00e3o em IA re\u00fane especialistas renomados do mercado, incluindo profissionais com experi\u00eancia em grandes empresas de tecnologia como Google e Amazon, que v\u00e3o compartilhar<strong> insights estrat\u00e9gicos e aplica\u00e7\u00f5es reais<\/strong> para acelerar sua evolu\u00e7\u00e3o profissional.<\/p>\n\n\n\n<p>O evento acontecer\u00e1 em <strong>tr\u00eas encontros ao vivo, a partir do dia 13 de abril, sempre \u00e0s 20h<\/strong> (hor\u00e1rio de Bras\u00edlia), com uma programa\u00e7\u00e3o estruturada para levar voc\u00ea do entendimento dos conceitos at\u00e9 a aplica\u00e7\u00e3o pr\u00e1tica de agentes de IA.<\/p>\n\n\n\n<p>Clique no link abaixo e garanta sua participa\u00e7\u00e3o nesta experi\u00eancia <strong>gratuita, ao vivo e com potencial real de impacto na sua carreira<\/strong>.<\/p>\n\n\n\n<p class=\"has-text-align-center\"><strong><a href=\"https:\/\/lp.grancursosonline.com.br\/imersao-em-ia\/?utm_source=Wordpress&amp;utm_medium=sidebar&amp;utm_campaign=Capta%C3%A7%C3%A3o+Imers%C3%A3o+em+IA+-+Abril%2F2026+-+Blog+Ensino+Superior+-+Conte%C3%BAdo+e+SEO&amp;utm_id=Capta%C3%A7%C3%A3o+Imers%C3%A3o+em+IA+-+Abril%2F2026+-+Blog+Ensino+Superior+-+Conte%C3%BAdo+e+SEO\" target=\"_blank\" rel=\"noreferrer noopener\">Quero participar da Imers\u00e3o para aprender mais sobre IA<\/a><\/strong><\/p>\n\n\n\n<div class=\"wp-block-group has-background\" style=\"background-color:#8dd2fc7a\"><div class=\"wp-block-group__inner-container is-layout-constrained wp-block-group-is-layout-constrained\">\n<div class=\"wp-block-group\"><div class=\"wp-block-group__inner-container is-layout-constrained wp-block-group-is-layout-constrained\">\n<p><strong>Outras not\u00edcias em destaque:<\/strong><\/p>\n\n\n\n<ul class=\"wp-block-list\">\n<li><a href=\"https:\/\/faculdade.grancursosonline.com.br\/blog\/base-nacional-comum-de-formacao-de-professores\/\" target=\"_blank\" rel=\"noreferrer noopener\">Base Nacional Comum de Forma\u00e7\u00e3o de Professores: o que \u00e9 e para que serve?<\/a><\/li>\n\n\n\n<li><a href=\"https:\/\/faculdade.grancursosonline.com.br\/blog\/magisterio\/\" target=\"_blank\" rel=\"noreferrer noopener\">Magist\u00e9rio ainda existe? Como \u00e9 a forma\u00e7\u00e3o para professores?<\/a><\/li>\n\n\n\n<li><a href=\"https:\/\/faculdade.grancursosonline.com.br\/blog\/quanto-ganha-professor\/\" target=\"_blank\" rel=\"noreferrer noopener\">Quanto ganha um professor? Confira!<\/a><\/li>\n<\/ul>\n<\/div><\/div>\n<\/div><\/div>\n\n\n\n<div class=\"wp-block-group\"><div class=\"wp-block-group__inner-container is-layout-constrained wp-block-group-is-layout-constrained\">\n<div class=\"wp-block-group\"><div class=\"wp-block-group__inner-container is-layout-constrained wp-block-group-is-layout-constrained\">\n<section style=\"text-align: center;\">\n<p>Quer ficar por dentro da Faculdade Digital mais inovadora do Brasil?<\/p>\n<nav>\n<p class=\"has-background has-dark-bluish-background-color\" style=\"font-size: 25px; text-align: center; background: #f0f0f0; color: #ffffff; padding: 4px 0px 4xp 0px;\"><a style=\"color: #0d134c; text-decoration: underline;\" href=\"https:\/\/faculdade.grancursosonline.com.br\/\" target=\"_blank\" rel=\"noopener\">GRADUA\u00c7\u00c3O<\/a><\/p>\n<p class=\"has-background has-dark-bluish-background-color\" style=\"font-size: 25px; text-align: center; background: #f0f0f0; color: #ffffff; padding: 4px 0px 4xp 0px;\"><a style=\"color: #0d134c; text-decoration: underline;\" href=\"https:\/\/pos.grancursosonline.com.br\/\" target=\"_blank\" rel=\"noopener\">P\u00d3S-GRADUA\u00c7\u00c3O<\/a><\/p>\n<p class=\"has-background has-dark-bluish-background-color\" style=\"font-size: 25px; text-align: center; background: #f0f0f0; color: #ffffff; padding: 4px 0px 4xp 0px;\"><a style=\"color: #0d134c; text-decoration: underline;\" href=\"https:\/\/faculdade.grancursosonline.com.br\/nossos-cursos\/\" target=\"_blank\" rel=\"noopener\">TUDO SOBRE A GRAN FACULDADE<\/a><\/p>\n<\/nav>\n<p><strong>Receba <span style=\"color: #cf1e25;\">gratuitamente<\/span> no seu celular as principais not\u00edcias sobre a Gran Faculdade! <br \/>Clique no link abaixo e inscreva-se:<\/strong><\/p>\n<p class=\"has-background has-dark-bluish-background-color\" style=\"font-size: 25px; text-align: center; background: #f0f0f0; color: #ffffff; padding: 4px 0px 4xp 0px;\"><a style=\"color: #0d134c; text-decoration: underline;\" href=\"https:\/\/whatsapp.com\/channel\/0029VaG1sChI7Be7PNndhL43\" target=\"_blank\" rel=\"noopener noreferrer\">WHATSAPP<\/a><\/p>\n<p class=\"has-background has-dark-bluish-background-color\" style=\"font-size: 25px; text-align: center; background: #f0f0f0; color: #ffffff; padding: 4px 0px 4xp 0px;\"><a style=\"color: #0d134c; text-decoration: underline;\" href=\"https:\/\/t.me\/GranFaculdade\" target=\"_blank\" rel=\"noopener noreferrer\">TELEGRAM<\/a><\/p>\n<\/section>\n<\/div><\/div>\n<\/div><\/div>\n","protected":false},"excerpt":{"rendered":"<p>No dia 15 de outubro se comemora o Dia dos Professores no Brasil. Confira a seguir mais sobre a data, a profiss\u00e3o e ideias para homenagens. Se preferir, navegue pelo \u00edndice abaixo: Qual \u00e9 o Dia do Professor no Brasil? Desde 1963, anualmente, em 15 de outubro se comemora o Dia dos Professores no Brasil.&hellip;<\/p>\n","protected":false},"author":514,"featured_media":79758458,"comment_status":"open","ping_status":"open","sticky":false,"template":"","format":"standard","meta":{"_acf_changed":false,"content-type":"","footnotes":""},"categories":[219790,218545,2],"tags":[],"class_list":["post-79651299","post","type-post","status-publish","format-standard","has-post-thumbnail","hentry","category-graduacao-ead","category-graduacao","category-ultimas-noticias"],"acf":[],"yoast_head":"<!-- This site is optimized with the Yoast SEO Premium plugin v27.2 (Yoast SEO v27.2) - https:\/\/yoast.com\/product\/yoast-seo-premium-wordpress\/ -->\n<title>Dia dos professores 2025: ideias e mensagens para a data<\/title>\n<meta name=\"description\" content=\"Quer celebrar o Dia dos Professores 2025 de uma forma mais criativa? Confira ideias de presente, homenagens e mensagem para o dia dos professores.\" \/>\n<meta name=\"robots\" content=\"index, follow, max-snippet:-1, max-image-preview:large, max-video-preview:-1\" \/>\n<link rel=\"canonical\" href=\"https:\/\/faculdade.grancursosonline.com.br\/blog\/dia-dos-professores\/\" \/>\n<meta property=\"og:locale\" content=\"pt_BR\" \/>\n<meta property=\"og:type\" content=\"article\" \/>\n<meta property=\"og:title\" content=\"Dia dos professores 2025: ideias e mensagens para a data\" \/>\n<meta property=\"og:description\" content=\"Quer celebrar o Dia dos Professores 2025 de uma forma mais criativa? Confira ideias de presente, homenagens e mensagem para o dia dos professores.\" \/>\n<meta property=\"og:url\" content=\"https:\/\/faculdade.grancursosonline.com.br\/blog\/dia-dos-professores\/\" \/>\n<meta property=\"og:site_name\" content=\"Blog Gran Faculdade\" \/>\n<meta property=\"article:publisher\" content=\"https:\/\/www.facebook.com\/grancursosonline\/\" \/>\n<meta property=\"article:published_time\" content=\"2025-10-07T21:12:52+00:00\" \/>\n<meta property=\"article:modified_time\" content=\"2025-10-07T21:15:24+00:00\" \/>\n<meta property=\"og:image\" content=\"https:\/\/blog-es-static.infra.grancursosonline.com.br\/wp-content\/uploads\/2023\/10\/07175725\/Dia-dos-professores-2.webp\" \/>\n\t<meta property=\"og:image:width\" content=\"511\" \/>\n\t<meta property=\"og:image:height\" content=\"311\" \/>\n\t<meta property=\"og:image:type\" content=\"image\/webp\" \/>\n<meta name=\"author\" content=\"Guilherme Henrique\" \/>\n<meta name=\"twitter:card\" content=\"summary_large_image\" \/>\n<meta name=\"twitter:creator\" content=\"@gran_online\" \/>\n<meta name=\"twitter:site\" content=\"@gran_online\" \/>\n<meta name=\"twitter:label1\" content=\"Written by\" \/>\n\t<meta name=\"twitter:data1\" content=\"Guilherme Henrique\" \/>\n\t<meta name=\"twitter:label2\" content=\"Est. reading time\" \/>\n\t<meta name=\"twitter:data2\" content=\"9 minutos\" \/>\n<script type=\"application\/ld+json\" class=\"yoast-schema-graph\">{\"@context\":\"https:\/\/schema.org\",\"@graph\":[{\"@type\":\"NewsArticle\",\"@id\":\"https:\/\/faculdade.grancursosonline.com.br\/blog\/dia-dos-professores\/#article\",\"isPartOf\":{\"@id\":\"https:\/\/faculdade.grancursosonline.com.br\/blog\/dia-dos-professores\/\"},\"author\":{\"name\":\"Guilherme Henrique\",\"@id\":\"https:\/\/faculdade.grancursosonline.com.br\/blog\/#\/schema\/person\/9745f9b6db8976613c1f439dbcfe717d\"},\"headline\":\"Dia dos professores 2025: ideias e mensagens para a data\",\"datePublished\":\"2025-10-07T21:12:52+00:00\",\"dateModified\":\"2025-10-07T21:15:24+00:00\",\"mainEntityOfPage\":{\"@id\":\"https:\/\/faculdade.grancursosonline.com.br\/blog\/dia-dos-professores\/\"},\"wordCount\":1086,\"commentCount\":1,\"publisher\":{\"@id\":\"https:\/\/faculdade.grancursosonline.com.br\/blog\/#organization\"},\"image\":{\"@id\":\"https:\/\/faculdade.grancursosonline.com.br\/blog\/dia-dos-professores\/#primaryimage\"},\"thumbnailUrl\":\"https:\/\/blog-es-static.infra.grancursosonline.com.br\/wp-content\/uploads\/2023\/10\/07175603\/Dia-dos-professores.webp\",\"articleSection\":[\"Gradua\u00e7\u00e3o EAD\",\"Gradua\u00e7\u00e3o Gran Faculdade\",\"\u00daltimas Not\u00edcias\"],\"inLanguage\":\"pt-BR\",\"potentialAction\":[{\"@type\":\"CommentAction\",\"name\":\"Comment\",\"target\":[\"https:\/\/faculdade.grancursosonline.com.br\/blog\/dia-dos-professores\/#respond\"]}],\"copyrightYear\":\"2025\",\"copyrightHolder\":{\"@id\":\"https:\/\/faculdade.grancursosonline.com.br\/blog\/#organization\"}},{\"@type\":\"WebPage\",\"@id\":\"https:\/\/faculdade.grancursosonline.com.br\/blog\/dia-dos-professores\/\",\"url\":\"https:\/\/faculdade.grancursosonline.com.br\/blog\/dia-dos-professores\/\",\"name\":\"Dia dos professores 2025: ideias e mensagens para a data\",\"isPartOf\":{\"@id\":\"https:\/\/faculdade.grancursosonline.com.br\/blog\/#website\"},\"primaryImageOfPage\":{\"@id\":\"https:\/\/faculdade.grancursosonline.com.br\/blog\/dia-dos-professores\/#primaryimage\"},\"image\":{\"@id\":\"https:\/\/faculdade.grancursosonline.com.br\/blog\/dia-dos-professores\/#primaryimage\"},\"thumbnailUrl\":\"https:\/\/blog-es-static.infra.grancursosonline.com.br\/wp-content\/uploads\/2023\/10\/07175603\/Dia-dos-professores.webp\",\"datePublished\":\"2025-10-07T21:12:52+00:00\",\"dateModified\":\"2025-10-07T21:15:24+00:00\",\"description\":\"Quer celebrar o Dia dos Professores 2025 de uma forma mais criativa? Confira ideias de presente, homenagens e mensagem para o dia dos professores.\",\"breadcrumb\":{\"@id\":\"https:\/\/faculdade.grancursosonline.com.br\/blog\/dia-dos-professores\/#breadcrumb\"},\"inLanguage\":\"pt-BR\",\"potentialAction\":[{\"@type\":\"ReadAction\",\"target\":[\"https:\/\/faculdade.grancursosonline.com.br\/blog\/dia-dos-professores\/\"]}]},{\"@type\":\"ImageObject\",\"inLanguage\":\"pt-BR\",\"@id\":\"https:\/\/faculdade.grancursosonline.com.br\/blog\/dia-dos-professores\/#primaryimage\",\"url\":\"https:\/\/blog-es-static.infra.grancursosonline.com.br\/wp-content\/uploads\/2023\/10\/07175603\/Dia-dos-professores.webp\",\"contentUrl\":\"https:\/\/blog-es-static.infra.grancursosonline.com.br\/wp-content\/uploads\/2023\/10\/07175603\/Dia-dos-professores.webp\",\"width\":1001,\"height\":601,\"caption\":\"Dia dos professores 2025: ideias e mensagens para a data\"},{\"@type\":\"BreadcrumbList\",\"@id\":\"https:\/\/faculdade.grancursosonline.com.br\/blog\/dia-dos-professores\/#breadcrumb\",\"itemListElement\":[{\"@type\":\"ListItem\",\"position\":1,\"name\":\"In\u00edcio\",\"item\":\"https:\/\/faculdade.grancursosonline.com.br\/blog\/\"},{\"@type\":\"ListItem\",\"position\":2,\"name\":\"Gradua\u00e7\u00e3o Gran Faculdade\",\"item\":\"https:\/\/faculdade.grancursosonline.com.br\/blog\/graduacao\/\"},{\"@type\":\"ListItem\",\"position\":3,\"name\":\"Dia dos professores 2025: ideias e mensagens para a data\"}]},{\"@type\":\"WebSite\",\"@id\":\"https:\/\/faculdade.grancursosonline.com.br\/blog\/#website\",\"url\":\"https:\/\/faculdade.grancursosonline.com.br\/blog\/\",\"name\":\"Blog Gran Faculdade\",\"description\":\"Tudo sobre ensino superior, p\u00f3s-gradua\u00e7\u00e3o, enem e carreira.\",\"publisher\":{\"@id\":\"https:\/\/faculdade.grancursosonline.com.br\/blog\/#organization\"},\"potentialAction\":[{\"@type\":\"SearchAction\",\"target\":{\"@type\":\"EntryPoint\",\"urlTemplate\":\"https:\/\/faculdade.grancursosonline.com.br\/blog\/?s={search_term_string}\"},\"query-input\":{\"@type\":\"PropertyValueSpecification\",\"valueRequired\":true,\"valueName\":\"search_term_string\"}}],\"inLanguage\":\"pt-BR\"},{\"@type\":\"Organization\",\"@id\":\"https:\/\/faculdade.grancursosonline.com.br\/blog\/#organization\",\"name\":\"Gran Cursos Online\",\"url\":\"https:\/\/faculdade.grancursosonline.com.br\/blog\/\",\"logo\":{\"@type\":\"ImageObject\",\"inLanguage\":\"pt-BR\",\"@id\":\"https:\/\/faculdade.grancursosonline.com.br\/blog\/#\/schema\/logo\/image\/\",\"url\":\"https:\/\/blog-es-static.infra.grancursosonline.com.br\/wp-content\/uploads\/2019\/08\/03123934\/logo.png\",\"contentUrl\":\"https:\/\/blog-es-static.infra.grancursosonline.com.br\/wp-content\/uploads\/2019\/08\/03123934\/logo.png\",\"width\":300,\"height\":57,\"caption\":\"Gran Cursos Online\"},\"image\":{\"@id\":\"https:\/\/faculdade.grancursosonline.com.br\/blog\/#\/schema\/logo\/image\/\"},\"sameAs\":[\"https:\/\/www.facebook.com\/grancursosonline\/\",\"https:\/\/x.com\/gran_online\",\"https:\/\/www.instagram.com\/grancursosonline\/\",\"https:\/\/www.youtube.com\/user\/grancursostv\"]},{\"@type\":\"Person\",\"@id\":\"https:\/\/faculdade.grancursosonline.com.br\/blog\/#\/schema\/person\/9745f9b6db8976613c1f439dbcfe717d\",\"name\":\"Guilherme Henrique\",\"url\":\"https:\/\/faculdade.grancursosonline.com.br\/blog\/author\/guilherme-lourenco\/\"}]}<\/script>\n<!-- \/ Yoast SEO Premium plugin. -->","yoast_head_json":{"title":"Dia dos professores 2025: ideias e mensagens para a data","description":"Quer celebrar o Dia dos Professores 2025 de uma forma mais criativa? Confira ideias de presente, homenagens e mensagem para o dia dos professores.","robots":{"index":"index","follow":"follow","max-snippet":"max-snippet:-1","max-image-preview":"max-image-preview:large","max-video-preview":"max-video-preview:-1"},"canonical":"https:\/\/faculdade.grancursosonline.com.br\/blog\/dia-dos-professores\/","og_locale":"pt_BR","og_type":"article","og_title":"Dia dos professores 2025: ideias e mensagens para a data","og_description":"Quer celebrar o Dia dos Professores 2025 de uma forma mais criativa? Confira ideias de presente, homenagens e mensagem para o dia dos professores.","og_url":"https:\/\/faculdade.grancursosonline.com.br\/blog\/dia-dos-professores\/","og_site_name":"Blog Gran Faculdade","article_publisher":"https:\/\/www.facebook.com\/grancursosonline\/","article_published_time":"2025-10-07T21:12:52+00:00","article_modified_time":"2025-10-07T21:15:24+00:00","og_image":[{"width":511,"height":311,"url":"https:\/\/blog-es-static.infra.grancursosonline.com.br\/wp-content\/uploads\/2023\/10\/07175725\/Dia-dos-professores-2.webp","type":"image\/webp"}],"author":"Guilherme Henrique","twitter_card":"summary_large_image","twitter_creator":"@gran_online","twitter_site":"@gran_online","twitter_misc":{"Written by":"Guilherme Henrique","Est. reading time":"9 minutos"},"schema":{"@context":"https:\/\/schema.org","@graph":[{"@type":"NewsArticle","@id":"https:\/\/faculdade.grancursosonline.com.br\/blog\/dia-dos-professores\/#article","isPartOf":{"@id":"https:\/\/faculdade.grancursosonline.com.br\/blog\/dia-dos-professores\/"},"author":{"name":"Guilherme Henrique","@id":"https:\/\/faculdade.grancursosonline.com.br\/blog\/#\/schema\/person\/9745f9b6db8976613c1f439dbcfe717d"},"headline":"Dia dos professores 2025: ideias e mensagens para a data","datePublished":"2025-10-07T21:12:52+00:00","dateModified":"2025-10-07T21:15:24+00:00","mainEntityOfPage":{"@id":"https:\/\/faculdade.grancursosonline.com.br\/blog\/dia-dos-professores\/"},"wordCount":1086,"commentCount":1,"publisher":{"@id":"https:\/\/faculdade.grancursosonline.com.br\/blog\/#organization"},"image":{"@id":"https:\/\/faculdade.grancursosonline.com.br\/blog\/dia-dos-professores\/#primaryimage"},"thumbnailUrl":"https:\/\/blog-es-static.infra.grancursosonline.com.br\/wp-content\/uploads\/2023\/10\/07175603\/Dia-dos-professores.webp","articleSection":["Gradua\u00e7\u00e3o EAD","Gradua\u00e7\u00e3o Gran Faculdade","\u00daltimas Not\u00edcias"],"inLanguage":"pt-BR","potentialAction":[{"@type":"CommentAction","name":"Comment","target":["https:\/\/faculdade.grancursosonline.com.br\/blog\/dia-dos-professores\/#respond"]}],"copyrightYear":"2025","copyrightHolder":{"@id":"https:\/\/faculdade.grancursosonline.com.br\/blog\/#organization"}},{"@type":"WebPage","@id":"https:\/\/faculdade.grancursosonline.com.br\/blog\/dia-dos-professores\/","url":"https:\/\/faculdade.grancursosonline.com.br\/blog\/dia-dos-professores\/","name":"Dia dos professores 2025: ideias e mensagens para a data","isPartOf":{"@id":"https:\/\/faculdade.grancursosonline.com.br\/blog\/#website"},"primaryImageOfPage":{"@id":"https:\/\/faculdade.grancursosonline.com.br\/blog\/dia-dos-professores\/#primaryimage"},"image":{"@id":"https:\/\/faculdade.grancursosonline.com.br\/blog\/dia-dos-professores\/#primaryimage"},"thumbnailUrl":"https:\/\/blog-es-static.infra.grancursosonline.com.br\/wp-content\/uploads\/2023\/10\/07175603\/Dia-dos-professores.webp","datePublished":"2025-10-07T21:12:52+00:00","dateModified":"2025-10-07T21:15:24+00:00","description":"Quer celebrar o Dia dos Professores 2025 de uma forma mais criativa? Confira ideias de presente, homenagens e mensagem para o dia dos professores.","breadcrumb":{"@id":"https:\/\/faculdade.grancursosonline.com.br\/blog\/dia-dos-professores\/#breadcrumb"},"inLanguage":"pt-BR","potentialAction":[{"@type":"ReadAction","target":["https:\/\/faculdade.grancursosonline.com.br\/blog\/dia-dos-professores\/"]}]},{"@type":"ImageObject","inLanguage":"pt-BR","@id":"https:\/\/faculdade.grancursosonline.com.br\/blog\/dia-dos-professores\/#primaryimage","url":"https:\/\/blog-es-static.infra.grancursosonline.com.br\/wp-content\/uploads\/2023\/10\/07175603\/Dia-dos-professores.webp","contentUrl":"https:\/\/blog-es-static.infra.grancursosonline.com.br\/wp-content\/uploads\/2023\/10\/07175603\/Dia-dos-professores.webp","width":1001,"height":601,"caption":"Dia dos professores 2025: ideias e mensagens para a data"},{"@type":"BreadcrumbList","@id":"https:\/\/faculdade.grancursosonline.com.br\/blog\/dia-dos-professores\/#breadcrumb","itemListElement":[{"@type":"ListItem","position":1,"name":"In\u00edcio","item":"https:\/\/faculdade.grancursosonline.com.br\/blog\/"},{"@type":"ListItem","position":2,"name":"Gradua\u00e7\u00e3o Gran Faculdade","item":"https:\/\/faculdade.grancursosonline.com.br\/blog\/graduacao\/"},{"@type":"ListItem","position":3,"name":"Dia dos professores 2025: ideias e mensagens para a data"}]},{"@type":"WebSite","@id":"https:\/\/faculdade.grancursosonline.com.br\/blog\/#website","url":"https:\/\/faculdade.grancursosonline.com.br\/blog\/","name":"Blog Gran Faculdade","description":"Tudo sobre ensino superior, p\u00f3s-gradua\u00e7\u00e3o, enem e carreira.","publisher":{"@id":"https:\/\/faculdade.grancursosonline.com.br\/blog\/#organization"},"potentialAction":[{"@type":"SearchAction","target":{"@type":"EntryPoint","urlTemplate":"https:\/\/faculdade.grancursosonline.com.br\/blog\/?s={search_term_string}"},"query-input":{"@type":"PropertyValueSpecification","valueRequired":true,"valueName":"search_term_string"}}],"inLanguage":"pt-BR"},{"@type":"Organization","@id":"https:\/\/faculdade.grancursosonline.com.br\/blog\/#organization","name":"Gran Cursos Online","url":"https:\/\/faculdade.grancursosonline.com.br\/blog\/","logo":{"@type":"ImageObject","inLanguage":"pt-BR","@id":"https:\/\/faculdade.grancursosonline.com.br\/blog\/#\/schema\/logo\/image\/","url":"https:\/\/blog-es-static.infra.grancursosonline.com.br\/wp-content\/uploads\/2019\/08\/03123934\/logo.png","contentUrl":"https:\/\/blog-es-static.infra.grancursosonline.com.br\/wp-content\/uploads\/2019\/08\/03123934\/logo.png","width":300,"height":57,"caption":"Gran Cursos Online"},"image":{"@id":"https:\/\/faculdade.grancursosonline.com.br\/blog\/#\/schema\/logo\/image\/"},"sameAs":["https:\/\/www.facebook.com\/grancursosonline\/","https:\/\/x.com\/gran_online","https:\/\/www.instagram.com\/grancursosonline\/","https:\/\/www.youtube.com\/user\/grancursostv"]},{"@type":"Person","@id":"https:\/\/faculdade.grancursosonline.com.br\/blog\/#\/schema\/person\/9745f9b6db8976613c1f439dbcfe717d","name":"Guilherme Henrique","url":"https:\/\/faculdade.grancursosonline.com.br\/blog\/author\/guilherme-lourenco\/"}]}},"_links":{"self":[{"href":"https:\/\/faculdade.grancursosonline.com.br\/blog\/wp-json\/wp\/v2\/posts\/79651299","targetHints":{"allow":["GET"]}}],"collection":[{"href":"https:\/\/faculdade.grancursosonline.com.br\/blog\/wp-json\/wp\/v2\/posts"}],"about":[{"href":"https:\/\/faculdade.grancursosonline.com.br\/blog\/wp-json\/wp\/v2\/types\/post"}],"author":[{"embeddable":true,"href":"https:\/\/faculdade.grancursosonline.com.br\/blog\/wp-json\/wp\/v2\/users\/514"}],"replies":[{"embeddable":true,"href":"https:\/\/faculdade.grancursosonline.com.br\/blog\/wp-json\/wp\/v2\/comments?post=79651299"}],"version-history":[{"count":6,"href":"https:\/\/faculdade.grancursosonline.com.br\/blog\/wp-json\/wp\/v2\/posts\/79651299\/revisions"}],"predecessor-version":[{"id":79758515,"href":"https:\/\/faculdade.grancursosonline.com.br\/blog\/wp-json\/wp\/v2\/posts\/79651299\/revisions\/79758515"}],"wp:featuredmedia":[{"embeddable":true,"href":"https:\/\/faculdade.grancursosonline.com.br\/blog\/wp-json\/wp\/v2\/media\/79758458"}],"wp:attachment":[{"href":"https:\/\/faculdade.grancursosonline.com.br\/blog\/wp-json\/wp\/v2\/media?parent=79651299"}],"wp:term":[{"taxonomy":"category","embeddable":true,"href":"https:\/\/faculdade.grancursosonline.com.br\/blog\/wp-json\/wp\/v2\/categories?post=79651299"},{"taxonomy":"post_tag","embeddable":true,"href":"https:\/\/faculdade.grancursosonline.com.br\/blog\/wp-json\/wp\/v2\/tags?post=79651299"}],"curies":[{"name":"wp","href":"https:\/\/api.w.org\/{rel}","templated":true}]}}