{"id":79656950,"date":"2024-10-28T11:14:49","date_gmt":"2024-10-28T14:14:49","guid":{"rendered":"https:\/\/blog.grancursosonline.com.br\/?p=79656950"},"modified":"2024-12-03T10:36:28","modified_gmt":"2024-12-03T13:36:28","slug":"black-friday-graduacao-ead","status":"publish","type":"post","link":"https:\/\/faculdade.grancursosonline.com.br\/blog\/black-friday-graduacao-ead\/","title":{"rendered":"Black Friday Gradua\u00e7\u00e3o EAD: conquiste seu diploma!"},"content":{"rendered":"\n<p>Saiba tudo sobre a promo\u00e7\u00e3o de Black Friday gradua\u00e7\u00e3o EAD da <a href=\"https:\/\/faculdade.grancursosonline.com.br\/\" target=\"_blank\" rel=\"noreferrer noopener\">Gran Faculdade<\/a> e aproveite para conquistar seu diploma com mensalidades que cabem no seu bolso! <\/p>\n\n\n\n<p>Hoje \u00e9 dia de Black Friday, mas os descontos s\u00e3o v\u00e1lidos para toda a sua gradua\u00e7\u00e3o!&nbsp;<\/p>\n\n\n\n<div class=\"wp-block-columns is-layout-flex wp-container-core-columns-is-layout-9d6595d7 wp-block-columns-is-layout-flex\">\n<div class=\"wp-block-column is-layout-flow wp-block-column-is-layout-flow\" style=\"flex-basis:100%\"><div class=\"wp-block-image\">\n<figure class=\"aligncenter size-full\"><a href=\"https:\/\/whatsapp.com\/channel\/0029VaG1sChI7Be7PNndhL43\" target=\"_blank\" rel=\"noopener\"><img decoding=\"async\" src=\"https:\/\/blog-es-static.infra.grancursosonline.com.br\/wp-content\/uploads\/2025\/09\/09112354\/banner-wp-600x142-80.webp\" alt=\"Acesse o canal do WhatsApp da Gran Faculdade\" class=\"wp-image-79751904\"\/><\/a><\/figure>\n<\/div><\/div>\n<\/div>\n\n\n\n<p>Ent\u00e3o, vamos l\u00e1, se preferir, navegue pelo \u00edndice abaixo:<\/p>\n\n\n\n<ul class=\"wp-block-list\">\n<li><a href=\"#o-que\">O que \u00e9 a Black Friday gradua\u00e7\u00e3o EAD da Gran Faculdade?<\/a><\/li>\n\n\n\n<li><a href=\"#cursos\">Quais os cursos de gradua\u00e7\u00e3o EAD da Gran Faculdade?<\/a><\/li>\n\n\n\n<li><a href=\"#porcentagem\">Qual \u00e9 a porcentagem de desconto na Black Friday?<\/a><\/li>\n\n\n\n<li><a href=\"#comeca\">Quando come\u00e7a e quando termina a Black Friday gradua\u00e7\u00e3o EAD da Gran Faculdade?<\/a><\/li>\n\n\n\n<li><a href=\"#vantagens\">Quais as vantagens de comprar na Black Friday?<\/a><\/li>\n\n\n\n<li><a href=\"#funciona\">Como funciona o desconto da Black Friday gradua\u00e7\u00e3o EAD?<\/a><\/li>\n\n\n\n<li><a href=\"#ultimas\">Como aproveitar a Black Friday do Gran?<\/a><\/li>\n<\/ul>\n\n\n\n<figure class=\"wp-block-table\"><div class=\"container-tabela\"><table><tbody><tr><td><strong>Destaques:<\/strong> <br><a href=\"https:\/\/blog.grancursosonline.com.br\/assinatura-ilimitada-com-desconto\/\" target=\"_blank\" rel=\"noreferrer noopener\">Assinatura Ilimitada com desconto: a Black Friday chegou!<\/a><br><a href=\"https:\/\/blog.grancursosonline.com.br\/assinatura-oab-ate-passar\/\" target=\"_blank\" rel=\"noreferrer noopener\">Assinatura OAB At\u00e9 Passar: prepara\u00e7\u00e3o completa para o Exame!<\/a><br><a href=\"https:\/\/blog.grancursosonline.com.br\/black-friday-pos-graduacao\/\" target=\"_blank\" rel=\"noreferrer noopener\">Black P\u00f3s-gradua\u00e7\u00e3o: fa\u00e7a seu curso no Gran com desconto!<\/a><\/td><\/tr><\/tbody><\/table><\/div><\/figure>\n\n\n\n<h2 class=\"wp-block-heading\" id=\"o-que\">O que \u00e9 a Black Friday gradua\u00e7\u00e3o EAD da Gran Faculdade?<\/h2>\n\n\n\n<p>A Black Friday \u00e9 uma campanha promocional que vem ganhando for\u00e7a no varejo e atacado em diversos nichos. Diversos produtos e servi\u00e7os ganham descontos e condi\u00e7\u00f5es especiais.<\/p>\n\n\n\n<p>Mas o Gran quis ir al\u00e9m e fazer a \u00fanica Black Friday que vai mudar a sua vida. Por isso, s\u00e3o descontos imperd\u00edveis nos de gradua\u00e7\u00e3o e <a href=\"https:\/\/faculdade.grancursosonline.com.br\/blog\/black-friday-pos-graduacao\/\" target=\"_blank\" rel=\"noreferrer noopener\">p\u00f3s-gradua\u00e7\u00e3o<\/a>.<\/p>\n\n\n\n<h2 class=\"wp-block-heading\" id=\"cursos\">Quais os cursos de gradua\u00e7\u00e3o EAD da Gran Faculdade?<\/h2>\n\n\n\n<p>Atualmente, a Gran Faculdade conta com mais de 30 cursos de <a href=\"https:\/\/blog.grancursosonline.com.br\/graduacao-ead\/\" target=\"_blank\" rel=\"noopener\">gradua\u00e7\u00e3o EAD<\/a> para voc\u00ea estudar de onde estiver, de acordo com seu tempo e rotina! Confira as op\u00e7\u00f5es em <a href=\"https:\/\/faculdade.grancursosonline.com.br\/nossos-cursos\/\" target=\"_blank\" rel=\"noreferrer noopener\">nossos cursos<\/a> e escolha o seu.<\/p>\n\n\n\n<h2 class=\"wp-block-heading\" id=\"porcentagem\">Qual \u00e9 a porcentagem de desconto na Black Friday?<\/h2>\n\n\n\n<p>A porcentagem de desconto na Black Friday Gradua\u00e7\u00e3o EAD da Gran Faculdade chega a 64% dos valores.<\/p>\n\n\n\n<p>Confira os descontos abaixo e selecione a op\u00e7\u00e3o que melhor se encaixa para voc\u00ea (<strong>cupons v\u00e1lidos at\u00e9 o preenchimento das vagas<\/strong>):<\/p>\n\n\n\n<figure class=\"wp-block-table\"><div class=\"container-tabela\"><table><tbody><tr><td>Categoria<\/td><td>Valor mensal<\/td><td>Cupom<\/td><\/tr><tr><td>Gradua\u00e7\u00e3o Social<\/td><td>R$ 84,90<\/td><td>GRADSOCIALGRAN<\/td><\/tr><tr><td>Gradua\u00e7\u00e3o Alunos e Ex-alunos Gran<\/td><td>R$ 84,90<\/td><td>GRADALUNOGRAN<\/td><\/tr><tr><td>Novos Alunos<\/td><td>R$ 99,90<\/td><td>NOVOGRADGRAN<\/td><\/tr><\/tbody><\/table><\/div><\/figure>\n\n\n\n<p>Al\u00e9m disso, voc\u00ea pode obter 10% de desconto fazendo o pagamento \u00e0 vista. Ou, se n\u00e3o tiver limite do valor semestral no cart\u00e3o de cr\u00e9dito, se matricular com pagamento recorrente (o valor da mensalidade \u00e9 descontado a cada m\u00eas, sem comprometer o limite).<\/p>\n\n\n\n<p class=\"has-text-align-center\"><strong><a href=\"https:\/\/faculdade.grancursosonline.com.br\/\" target=\"_blank\" rel=\"noopener\">Garanta sua matr\u00edcula com desconto!<\/a><\/strong><\/p>\n\n\n\n<h2 class=\"wp-block-heading\" id=\"comeca\">Quando come\u00e7a e quando termina a Black Friday gradua\u00e7\u00e3o EAD da Gran Faculdade?<\/h2>\n\n\n\n<p>As ofertas da Black Friday gradua\u00e7\u00e3o EAD da <a href=\"https:\/\/faculdade.grancursosonline.com.br\/\" target=\"_blank\" rel=\"noopener\">Gran Faculdade<\/a> ser\u00e3o v\u00e1lidas a partir do dia 28 de outubro e vai at\u00e9 novembro! Ent\u00e3o, n\u00e3o perca tempo e comece seu curso hoje mesmo com descontos!<\/p>\n\n\n\n<h2 class=\"wp-block-heading\" id=\"vantagens\">Quais as vantagens de comprar na Black Friday?<\/h2>\n\n\n\n<p>Al\u00e9m de pagar menos ao longo de todo o seu curso, comprando na Black Friday gradua\u00e7\u00e3o EAD da Gran Faculdade voc\u00ea pode come\u00e7ar a conquistar seu diploma de n\u00edvel superior j\u00e1 em novembro!<\/p>\n\n\n\n<p>Isso mesmo, voc\u00ea n\u00e3o precisa esperar o in\u00edcio do semestre letivo para come\u00e7ar a estudar.<\/p>\n\n\n\n<p>Assim, voc\u00ea aproveita toda a qualidade de ensino do Gran e as diversas vantagens de ser aluno, com mensalidades mais baratas ao longo de toda a gradua\u00e7\u00e3o. <\/p>\n\n\n\n<h2 class=\"wp-block-heading\" id=\"funciona\">Como funciona o desconto da Black Friday gradua\u00e7\u00e3o EAD?<\/h2>\n\n\n\n<p>Voc\u00ea escolhe seu curso desejado e seleciona o cupom que melhor se encaixa ao seu perfil. Depois disso, voc\u00ea ir\u00e1 para a p\u00e1gina do carrinho para finalizar a compra. Os descontos costumam entrar de forma autom\u00e1tica, mas se necess\u00e1rio, digite o cupom de desconto da categoria selecionada.<\/p>\n\n\n\n<p>O pagamento \u00e9 feito para o valor do semestre, caso n\u00e3o tenha o valor dispon\u00edvel no cart\u00e3o de cr\u00e9dito, \u00e9 feito o pagamento recorrente. Ou seja, a cada m\u00eas, uma mensalidade \u00e9 debitada no cart\u00e3o de cr\u00e9dito.<\/p>\n\n\n\n<p>Para pagamentos \u00e0 vista no PIX ou boleto, o(a) estudante recebe ainda um desconto de 10% do valor.<\/p>\n\n\n\n<p>A porcentagem de desconto \u00e9 v\u00e1lida para todo o curso e n\u00e3o apenas o primeiro semestre.<\/p>\n\n\n\n<p>Entenda um pouco mais sobre cada categoria de desconto:<\/p>\n\n\n\n<h3 class=\"wp-block-heading\" id=\"h-graduacao-social\">Gradua\u00e7\u00e3o Social<\/h3>\n\n\n\n<p>Pessoas com baixa renda, com aux\u00edlio do governo ou desempregadas contam com valores mais acess\u00edveis para cursar sua gradua\u00e7\u00e3o e, assim, terem mais chance de conquistar uma boa oportunidade de emprego.<\/p>\n\n\n\n<p>A gradua\u00e7\u00e3o social estende-se tamb\u00e9m para o desconto mulher, que \u00e9 v\u00e1lido para todas as mulheres (cis e transg\u00eanero), como forma de incentivar a equidade de g\u00eanero.<br>Para comprovar o direito ao benef\u00edcio, \u00e9 preciso preencher a autodeclara\u00e7\u00e3o de g\u00eanero. <\/p>\n\n\n\n<h3 class=\"wp-block-heading\" id=\"h-alunos-e-ex-alunos-gran\">Alunos e ex-alunos Gran<\/h3>\n\n\n\n<p>Se voc\u00ea \u00e9 ou j\u00e1 foi aluno(a) Gran, seja para a Gran Faculdade, os cursos preparat\u00f3rios para concursos, resid\u00eancias, OAB ou outros, voc\u00ea j\u00e1 conhece nossa qualidade.<\/p>\n\n\n\n<p>Mas um incentivo a mais \u00e9 sempre v\u00e1lido, n\u00e3o \u00e9? Queremos voc\u00ea com a gente sempre conquistando novos sonhos e objetivos. Ent\u00e3o, que tal aproveitar a Black Friday gradua\u00e7\u00e3o EAD para conquistar um diploma?<\/p>\n\n\n\n<h3 class=\"wp-block-heading\" id=\"h-novos-alunos\">Novos alunos<\/h3>\n\n\n\n<p>Essa \u00e9 a sua oportunidade de aproveitar todas as vantagens de ser aluno(a) Gran e mudar sua vida por meio da educa\u00e7\u00e3o e da tecnologia com a gente! Aproveite os descontos e vantagens como:<\/p>\n\n\n\n<ul class=\"wp-block-list\">\n<li>Faculdade EAD com curso 100% digital que possibilita conciliar a rotina do dia a dia com os estudos;<\/li>\n\n\n\n<li>Plataforma simples e intuitiva, assim, voc\u00ea estuda de onde estiver, em qualquer dispositivo;<\/li>\n\n\n\n<li>Professores renomados, did\u00e1ticos e que preparam os alunos para a pr\u00e1tica profissional;<\/li>\n\n\n\n<li>Mensalidades que cabem no seu bolso para que voc\u00ea possa realizar seus sonhos;<\/li>\n\n\n\n<li>Acessibilidade e ferramentas de inclus\u00e3o, afinal, aqui, todo mundo pode! E muito mais.<\/li>\n<\/ul>\n\n\n\n<p>Bacana, n\u00e3o \u00e9? Ent\u00e3o, aproveite a Black Friday gradua\u00e7\u00e3o EAD do Gran para conquistar seu diploma e mudar sua vida!<\/p>\n\n\n\n<h2 class=\"wp-block-heading\" id=\"ultimas\">Como aproveitar as \u00faltimas horas da Black Friday do Gran?<\/h2>\n\n\n\n<p>A Black Friday do <a href=\"https:\/\/www.grancursosonline.com.br\/\" target=\"_blank\" rel=\"noreferrer noopener\">Gran<\/a> \u00e9 a \u00fanica que vai mudar a sua vida! Aproveite as vantagens Gran que voc\u00ea j\u00e1 conhece e os valores promocionais imperd\u00edveis da Black Friday para:<\/p>\n\n\n\n<p>Conquistar seu diploma de n\u00edvel superior com a <a href=\"https:\/\/faculdade.grancursosonline.com.br\/\" target=\"_blank\" rel=\"noreferrer noopener\">Gran Faculdade<\/a> para cursos EAD (100% online) ou presencial (<a href=\"https:\/\/presencial.grancursosonline.com.br\/\" target=\"_blank\" rel=\"noreferrer noopener\">Gran Faculdade Campus Curitiba<\/a>);<\/p>\n\n\n\n<p>Fazer uma especializa\u00e7\u00e3o e destacar seu curr\u00edculo para carreira p\u00fablica ou privada: s\u00e3o mais de 80 op\u00e7\u00f5es de p\u00f3s-gradua\u00e7\u00e3o com at\u00e9 77% de desconto;<\/p>\n\n\n\n<p>Estudar para concursos p\u00fablicos de todo o pa\u00eds e aproveitar as condi\u00e7\u00f5es especiais da assinatura ilimitada para conquistar seu t\u00e3o sonhado cargo p\u00fablico.&nbsp;<\/p>\n\n\n\n<p>Seja l\u00e1 qual for seu objetivo para sua carreira, conte com o Gran para conquist\u00e1-lo! Aproveite as ofertas da Black Friday que vai mudar sua vida!&nbsp;<\/p>\n\n\n\n<div class=\"wp-block-group\"><div class=\"wp-block-group__inner-container is-layout-constrained wp-block-group-is-layout-constrained\">\n<section style=\"text-align: center;\">\n<p>Quer ficar por dentro da Faculdade Digital mais inovadora do Brasil?<\/p>\n<nav>\n<p class=\"has-background has-dark-bluish-background-color\" style=\"font-size: 25px; text-align: center; background: #f0f0f0; color: #ffffff; padding: 4px 0px 4xp 0px;\"><a style=\"color: #0d134c; text-decoration: underline;\" href=\"https:\/\/faculdade.grancursosonline.com.br\/\" target=\"_blank\" rel=\"noopener\">GRADUA\u00c7\u00c3O<\/a><\/p>\n<p class=\"has-background has-dark-bluish-background-color\" style=\"font-size: 25px; text-align: center; background: #f0f0f0; color: #ffffff; padding: 4px 0px 4xp 0px;\"><a style=\"color: #0d134c; text-decoration: underline;\" href=\"https:\/\/pos.grancursosonline.com.br\/\" target=\"_blank\" rel=\"noopener\">P\u00d3S-GRADUA\u00c7\u00c3O<\/a><\/p>\n<p class=\"has-background has-dark-bluish-background-color\" style=\"font-size: 25px; text-align: center; background: #f0f0f0; color: #ffffff; padding: 4px 0px 4xp 0px;\"><a style=\"color: #0d134c; text-decoration: underline;\" href=\"https:\/\/faculdade.grancursosonline.com.br\/nossos-cursos\/\" target=\"_blank\" rel=\"noopener\">TUDO SOBRE A GRAN FACULDADE<\/a><\/p>\n<\/nav>\n<p><strong>Receba <span style=\"color: #cf1e25;\">gratuitamente<\/span> no seu celular as principais not\u00edcias sobre a Gran Faculdade! <br \/>Clique no link abaixo e inscreva-se:<\/strong><\/p>\n<p class=\"has-background has-dark-bluish-background-color\" style=\"font-size: 25px; text-align: center; background: #f0f0f0; color: #ffffff; padding: 4px 0px 4xp 0px;\"><a style=\"color: #0d134c; text-decoration: underline;\" href=\"https:\/\/whatsapp.com\/channel\/0029VaG1sChI7Be7PNndhL43\" target=\"_blank\" rel=\"noopener noreferrer\">WHATSAPP<\/a><\/p>\n<p class=\"has-background has-dark-bluish-background-color\" style=\"font-size: 25px; text-align: center; background: #f0f0f0; color: #ffffff; padding: 4px 0px 4xp 0px;\"><a style=\"color: #0d134c; text-decoration: underline;\" href=\"https:\/\/t.me\/GranFaculdade\" target=\"_blank\" rel=\"noopener noreferrer\">TELEGRAM<\/a><\/p>\n<\/section>\n<\/div><\/div>\n","protected":false},"excerpt":{"rendered":"<p>Saiba tudo sobre a promo\u00e7\u00e3o de Black Friday gradua\u00e7\u00e3o EAD da Gran Faculdade e aproveite para conquistar seu diploma com mensalidades que cabem no seu bolso! Hoje \u00e9 dia de Black Friday, mas os descontos s\u00e3o v\u00e1lidos para toda a sua gradua\u00e7\u00e3o!&nbsp; Ent\u00e3o, vamos l\u00e1, se preferir, navegue pelo \u00edndice abaixo: Destaques: Assinatura Ilimitada com&hellip;<\/p>\n","protected":false},"author":513,"featured_media":79749416,"comment_status":"open","ping_status":"open","sticky":false,"template":"","format":"standard","meta":{"_acf_changed":false,"content-type":"","footnotes":""},"categories":[219790,218545,2],"tags":[],"class_list":["post-79656950","post","type-post","status-publish","format-standard","has-post-thumbnail","hentry","category-graduacao-ead","category-graduacao","category-ultimas-noticias"],"acf":[],"yoast_head":"<!-- This site is optimized with the Yoast SEO Premium plugin v27.2 (Yoast SEO v27.2) - https:\/\/yoast.com\/product\/yoast-seo-premium-wordpress\/ -->\n<title>Black Friday Gradua\u00e7\u00e3o EAD: conquiste seu diploma!<\/title>\n<meta name=\"description\" content=\"Aproveite os pre\u00e7os especiais da Black Friday Gradua\u00e7\u00e3o EAD para conquistar seu diploma de n\u00edvel superior com desconto!\" \/>\n<meta name=\"robots\" content=\"index, follow, max-snippet:-1, max-image-preview:large, max-video-preview:-1\" \/>\n<link rel=\"canonical\" href=\"https:\/\/faculdade.grancursosonline.com.br\/blog\/black-friday-graduacao-ead\/\" \/>\n<meta property=\"og:locale\" content=\"pt_BR\" \/>\n<meta property=\"og:type\" content=\"article\" \/>\n<meta property=\"og:title\" content=\"Black Friday Gradua\u00e7\u00e3o EAD: conquiste seu diploma!\" \/>\n<meta property=\"og:description\" content=\"Aproveite os pre\u00e7os especiais da Black Friday Gradua\u00e7\u00e3o EAD para conquistar seu diploma de n\u00edvel superior com desconto!\" \/>\n<meta property=\"og:url\" content=\"https:\/\/faculdade.grancursosonline.com.br\/blog\/black-friday-graduacao-ead\/\" \/>\n<meta property=\"og:site_name\" content=\"Blog Gran Faculdade\" \/>\n<meta property=\"article:publisher\" content=\"https:\/\/www.facebook.com\/grancursosonline\/\" \/>\n<meta property=\"article:published_time\" content=\"2024-10-28T14:14:49+00:00\" \/>\n<meta property=\"article:modified_time\" content=\"2024-12-03T13:36:28+00:00\" \/>\n<meta property=\"og:image\" content=\"https:\/\/blog-es-static.infra.grancursosonline.com.br\/wp-content\/uploads\/2024\/10\/28111808\/Black-Friday-Graduacao-Post.jpg\" \/>\n\t<meta property=\"og:image:width\" content=\"1000\" \/>\n\t<meta property=\"og:image:height\" content=\"600\" \/>\n\t<meta property=\"og:image:type\" content=\"image\/jpeg\" \/>\n<meta name=\"author\" content=\"Larissa de Fran\u00e7a\" \/>\n<meta name=\"twitter:card\" content=\"summary_large_image\" \/>\n<meta name=\"twitter:creator\" content=\"@gran_online\" \/>\n<meta name=\"twitter:site\" content=\"@gran_online\" \/>\n<meta name=\"twitter:label1\" content=\"Written by\" \/>\n\t<meta name=\"twitter:data1\" content=\"Larissa de Fran\u00e7a\" \/>\n\t<meta name=\"twitter:label2\" content=\"Est. reading time\" \/>\n\t<meta name=\"twitter:data2\" content=\"18 minutos\" \/>\n<script type=\"application\/ld+json\" class=\"yoast-schema-graph\">{\"@context\":\"https:\/\/schema.org\",\"@graph\":[{\"@type\":\"NewsArticle\",\"@id\":\"https:\/\/faculdade.grancursosonline.com.br\/blog\/black-friday-graduacao-ead\/#article\",\"isPartOf\":{\"@id\":\"https:\/\/faculdade.grancursosonline.com.br\/blog\/black-friday-graduacao-ead\/\"},\"author\":{\"name\":\"Larissa de Fran\u00e7a\",\"@id\":\"https:\/\/faculdade.grancursosonline.com.br\/blog\/#\/schema\/person\/e41590de43e91fa2adf3cf8b740a6a34\"},\"headline\":\"Black Friday Gradua\u00e7\u00e3o EAD: conquiste seu diploma!\",\"datePublished\":\"2024-10-28T14:14:49+00:00\",\"dateModified\":\"2024-12-03T13:36:28+00:00\",\"mainEntityOfPage\":{\"@id\":\"https:\/\/faculdade.grancursosonline.com.br\/blog\/black-friday-graduacao-ead\/\"},\"wordCount\":1125,\"commentCount\":0,\"publisher\":{\"@id\":\"https:\/\/faculdade.grancursosonline.com.br\/blog\/#organization\"},\"image\":{\"@id\":\"https:\/\/faculdade.grancursosonline.com.br\/blog\/black-friday-graduacao-ead\/#primaryimage\"},\"thumbnailUrl\":\"https:\/\/blog-es-static.infra.grancursosonline.com.br\/wp-content\/uploads\/2024\/10\/28111808\/Black-Friday-Graduacao-Post.jpg\",\"articleSection\":[\"Gradua\u00e7\u00e3o EAD\",\"Gradua\u00e7\u00e3o Gran Faculdade\",\"\u00daltimas Not\u00edcias\"],\"inLanguage\":\"pt-BR\",\"potentialAction\":[{\"@type\":\"CommentAction\",\"name\":\"Comment\",\"target\":[\"https:\/\/faculdade.grancursosonline.com.br\/blog\/black-friday-graduacao-ead\/#respond\"]}],\"copyrightYear\":\"2024\",\"copyrightHolder\":{\"@id\":\"https:\/\/faculdade.grancursosonline.com.br\/blog\/#organization\"}},{\"@type\":\"WebPage\",\"@id\":\"https:\/\/faculdade.grancursosonline.com.br\/blog\/black-friday-graduacao-ead\/\",\"url\":\"https:\/\/faculdade.grancursosonline.com.br\/blog\/black-friday-graduacao-ead\/\",\"name\":\"Black Friday Gradua\u00e7\u00e3o EAD: conquiste seu diploma!\",\"isPartOf\":{\"@id\":\"https:\/\/faculdade.grancursosonline.com.br\/blog\/#website\"},\"primaryImageOfPage\":{\"@id\":\"https:\/\/faculdade.grancursosonline.com.br\/blog\/black-friday-graduacao-ead\/#primaryimage\"},\"image\":{\"@id\":\"https:\/\/faculdade.grancursosonline.com.br\/blog\/black-friday-graduacao-ead\/#primaryimage\"},\"thumbnailUrl\":\"https:\/\/blog-es-static.infra.grancursosonline.com.br\/wp-content\/uploads\/2024\/10\/28111808\/Black-Friday-Graduacao-Post.jpg\",\"datePublished\":\"2024-10-28T14:14:49+00:00\",\"dateModified\":\"2024-12-03T13:36:28+00:00\",\"description\":\"Aproveite os pre\u00e7os especiais da Black Friday Gradua\u00e7\u00e3o EAD para conquistar seu diploma de n\u00edvel superior com desconto!\",\"breadcrumb\":{\"@id\":\"https:\/\/faculdade.grancursosonline.com.br\/blog\/black-friday-graduacao-ead\/#breadcrumb\"},\"inLanguage\":\"pt-BR\",\"potentialAction\":[{\"@type\":\"ReadAction\",\"target\":[\"https:\/\/faculdade.grancursosonline.com.br\/blog\/black-friday-graduacao-ead\/\"]}]},{\"@type\":\"ImageObject\",\"inLanguage\":\"pt-BR\",\"@id\":\"https:\/\/faculdade.grancursosonline.com.br\/blog\/black-friday-graduacao-ead\/#primaryimage\",\"url\":\"https:\/\/blog-es-static.infra.grancursosonline.com.br\/wp-content\/uploads\/2024\/10\/28111808\/Black-Friday-Graduacao-Post.jpg\",\"contentUrl\":\"https:\/\/blog-es-static.infra.grancursosonline.com.br\/wp-content\/uploads\/2024\/10\/28111808\/Black-Friday-Graduacao-Post.jpg\",\"width\":1000,\"height\":600},{\"@type\":\"BreadcrumbList\",\"@id\":\"https:\/\/faculdade.grancursosonline.com.br\/blog\/black-friday-graduacao-ead\/#breadcrumb\",\"itemListElement\":[{\"@type\":\"ListItem\",\"position\":1,\"name\":\"In\u00edcio\",\"item\":\"https:\/\/faculdade.grancursosonline.com.br\/blog\/\"},{\"@type\":\"ListItem\",\"position\":2,\"name\":\"Gradua\u00e7\u00e3o Gran Faculdade\",\"item\":\"https:\/\/faculdade.grancursosonline.com.br\/blog\/graduacao\/\"},{\"@type\":\"ListItem\",\"position\":3,\"name\":\"Gradua\u00e7\u00e3o EAD\",\"item\":\"https:\/\/faculdade.grancursosonline.com.br\/blog\/graduacao\/graduacao-ead\/\"},{\"@type\":\"ListItem\",\"position\":4,\"name\":\"Black Friday Gradua\u00e7\u00e3o EAD: conquiste seu diploma!\"}]},{\"@type\":\"WebSite\",\"@id\":\"https:\/\/faculdade.grancursosonline.com.br\/blog\/#website\",\"url\":\"https:\/\/faculdade.grancursosonline.com.br\/blog\/\",\"name\":\"Blog Gran Faculdade\",\"description\":\"Tudo sobre ensino superior, p\u00f3s-gradua\u00e7\u00e3o, enem e carreira.\",\"publisher\":{\"@id\":\"https:\/\/faculdade.grancursosonline.com.br\/blog\/#organization\"},\"potentialAction\":[{\"@type\":\"SearchAction\",\"target\":{\"@type\":\"EntryPoint\",\"urlTemplate\":\"https:\/\/faculdade.grancursosonline.com.br\/blog\/?s={search_term_string}\"},\"query-input\":{\"@type\":\"PropertyValueSpecification\",\"valueRequired\":true,\"valueName\":\"search_term_string\"}}],\"inLanguage\":\"pt-BR\"},{\"@type\":\"Organization\",\"@id\":\"https:\/\/faculdade.grancursosonline.com.br\/blog\/#organization\",\"name\":\"Gran Cursos Online\",\"url\":\"https:\/\/faculdade.grancursosonline.com.br\/blog\/\",\"logo\":{\"@type\":\"ImageObject\",\"inLanguage\":\"pt-BR\",\"@id\":\"https:\/\/faculdade.grancursosonline.com.br\/blog\/#\/schema\/logo\/image\/\",\"url\":\"https:\/\/blog-es-static.infra.grancursosonline.com.br\/wp-content\/uploads\/2019\/08\/03123934\/logo.png\",\"contentUrl\":\"https:\/\/blog-es-static.infra.grancursosonline.com.br\/wp-content\/uploads\/2019\/08\/03123934\/logo.png\",\"width\":300,\"height\":57,\"caption\":\"Gran Cursos Online\"},\"image\":{\"@id\":\"https:\/\/faculdade.grancursosonline.com.br\/blog\/#\/schema\/logo\/image\/\"},\"sameAs\":[\"https:\/\/www.facebook.com\/grancursosonline\/\",\"https:\/\/x.com\/gran_online\",\"https:\/\/www.instagram.com\/grancursosonline\/\",\"https:\/\/www.youtube.com\/user\/grancursostv\"]},{\"@type\":\"Person\",\"@id\":\"https:\/\/faculdade.grancursosonline.com.br\/blog\/#\/schema\/person\/e41590de43e91fa2adf3cf8b740a6a34\",\"name\":\"Larissa de Fran\u00e7a\",\"url\":\"https:\/\/faculdade.grancursosonline.com.br\/blog\/author\/larisa-leonardo\/\"}]}<\/script>\n<!-- \/ Yoast SEO Premium plugin. -->","yoast_head_json":{"title":"Black Friday Gradua\u00e7\u00e3o EAD: conquiste seu diploma!","description":"Aproveite os pre\u00e7os especiais da Black Friday Gradua\u00e7\u00e3o EAD para conquistar seu diploma de n\u00edvel superior com desconto!","robots":{"index":"index","follow":"follow","max-snippet":"max-snippet:-1","max-image-preview":"max-image-preview:large","max-video-preview":"max-video-preview:-1"},"canonical":"https:\/\/faculdade.grancursosonline.com.br\/blog\/black-friday-graduacao-ead\/","og_locale":"pt_BR","og_type":"article","og_title":"Black Friday Gradua\u00e7\u00e3o EAD: conquiste seu diploma!","og_description":"Aproveite os pre\u00e7os especiais da Black Friday Gradua\u00e7\u00e3o EAD para conquistar seu diploma de n\u00edvel superior com desconto!","og_url":"https:\/\/faculdade.grancursosonline.com.br\/blog\/black-friday-graduacao-ead\/","og_site_name":"Blog Gran Faculdade","article_publisher":"https:\/\/www.facebook.com\/grancursosonline\/","article_published_time":"2024-10-28T14:14:49+00:00","article_modified_time":"2024-12-03T13:36:28+00:00","og_image":[{"width":1000,"height":600,"url":"https:\/\/blog-es-static.infra.grancursosonline.com.br\/wp-content\/uploads\/2024\/10\/28111808\/Black-Friday-Graduacao-Post.jpg","type":"image\/jpeg"}],"author":"Larissa de Fran\u00e7a","twitter_card":"summary_large_image","twitter_creator":"@gran_online","twitter_site":"@gran_online","twitter_misc":{"Written by":"Larissa de Fran\u00e7a","Est. reading time":"18 minutos"},"schema":{"@context":"https:\/\/schema.org","@graph":[{"@type":"NewsArticle","@id":"https:\/\/faculdade.grancursosonline.com.br\/blog\/black-friday-graduacao-ead\/#article","isPartOf":{"@id":"https:\/\/faculdade.grancursosonline.com.br\/blog\/black-friday-graduacao-ead\/"},"author":{"name":"Larissa de Fran\u00e7a","@id":"https:\/\/faculdade.grancursosonline.com.br\/blog\/#\/schema\/person\/e41590de43e91fa2adf3cf8b740a6a34"},"headline":"Black Friday Gradua\u00e7\u00e3o EAD: conquiste seu diploma!","datePublished":"2024-10-28T14:14:49+00:00","dateModified":"2024-12-03T13:36:28+00:00","mainEntityOfPage":{"@id":"https:\/\/faculdade.grancursosonline.com.br\/blog\/black-friday-graduacao-ead\/"},"wordCount":1125,"commentCount":0,"publisher":{"@id":"https:\/\/faculdade.grancursosonline.com.br\/blog\/#organization"},"image":{"@id":"https:\/\/faculdade.grancursosonline.com.br\/blog\/black-friday-graduacao-ead\/#primaryimage"},"thumbnailUrl":"https:\/\/blog-es-static.infra.grancursosonline.com.br\/wp-content\/uploads\/2024\/10\/28111808\/Black-Friday-Graduacao-Post.jpg","articleSection":["Gradua\u00e7\u00e3o EAD","Gradua\u00e7\u00e3o Gran Faculdade","\u00daltimas Not\u00edcias"],"inLanguage":"pt-BR","potentialAction":[{"@type":"CommentAction","name":"Comment","target":["https:\/\/faculdade.grancursosonline.com.br\/blog\/black-friday-graduacao-ead\/#respond"]}],"copyrightYear":"2024","copyrightHolder":{"@id":"https:\/\/faculdade.grancursosonline.com.br\/blog\/#organization"}},{"@type":"WebPage","@id":"https:\/\/faculdade.grancursosonline.com.br\/blog\/black-friday-graduacao-ead\/","url":"https:\/\/faculdade.grancursosonline.com.br\/blog\/black-friday-graduacao-ead\/","name":"Black Friday Gradua\u00e7\u00e3o EAD: conquiste seu diploma!","isPartOf":{"@id":"https:\/\/faculdade.grancursosonline.com.br\/blog\/#website"},"primaryImageOfPage":{"@id":"https:\/\/faculdade.grancursosonline.com.br\/blog\/black-friday-graduacao-ead\/#primaryimage"},"image":{"@id":"https:\/\/faculdade.grancursosonline.com.br\/blog\/black-friday-graduacao-ead\/#primaryimage"},"thumbnailUrl":"https:\/\/blog-es-static.infra.grancursosonline.com.br\/wp-content\/uploads\/2024\/10\/28111808\/Black-Friday-Graduacao-Post.jpg","datePublished":"2024-10-28T14:14:49+00:00","dateModified":"2024-12-03T13:36:28+00:00","description":"Aproveite os pre\u00e7os especiais da Black Friday Gradua\u00e7\u00e3o EAD para conquistar seu diploma de n\u00edvel superior com desconto!","breadcrumb":{"@id":"https:\/\/faculdade.grancursosonline.com.br\/blog\/black-friday-graduacao-ead\/#breadcrumb"},"inLanguage":"pt-BR","potentialAction":[{"@type":"ReadAction","target":["https:\/\/faculdade.grancursosonline.com.br\/blog\/black-friday-graduacao-ead\/"]}]},{"@type":"ImageObject","inLanguage":"pt-BR","@id":"https:\/\/faculdade.grancursosonline.com.br\/blog\/black-friday-graduacao-ead\/#primaryimage","url":"https:\/\/blog-es-static.infra.grancursosonline.com.br\/wp-content\/uploads\/2024\/10\/28111808\/Black-Friday-Graduacao-Post.jpg","contentUrl":"https:\/\/blog-es-static.infra.grancursosonline.com.br\/wp-content\/uploads\/2024\/10\/28111808\/Black-Friday-Graduacao-Post.jpg","width":1000,"height":600},{"@type":"BreadcrumbList","@id":"https:\/\/faculdade.grancursosonline.com.br\/blog\/black-friday-graduacao-ead\/#breadcrumb","itemListElement":[{"@type":"ListItem","position":1,"name":"In\u00edcio","item":"https:\/\/faculdade.grancursosonline.com.br\/blog\/"},{"@type":"ListItem","position":2,"name":"Gradua\u00e7\u00e3o Gran Faculdade","item":"https:\/\/faculdade.grancursosonline.com.br\/blog\/graduacao\/"},{"@type":"ListItem","position":3,"name":"Gradua\u00e7\u00e3o EAD","item":"https:\/\/faculdade.grancursosonline.com.br\/blog\/graduacao\/graduacao-ead\/"},{"@type":"ListItem","position":4,"name":"Black Friday Gradua\u00e7\u00e3o EAD: conquiste seu diploma!"}]},{"@type":"WebSite","@id":"https:\/\/faculdade.grancursosonline.com.br\/blog\/#website","url":"https:\/\/faculdade.grancursosonline.com.br\/blog\/","name":"Blog Gran Faculdade","description":"Tudo sobre ensino superior, p\u00f3s-gradua\u00e7\u00e3o, enem e carreira.","publisher":{"@id":"https:\/\/faculdade.grancursosonline.com.br\/blog\/#organization"},"potentialAction":[{"@type":"SearchAction","target":{"@type":"EntryPoint","urlTemplate":"https:\/\/faculdade.grancursosonline.com.br\/blog\/?s={search_term_string}"},"query-input":{"@type":"PropertyValueSpecification","valueRequired":true,"valueName":"search_term_string"}}],"inLanguage":"pt-BR"},{"@type":"Organization","@id":"https:\/\/faculdade.grancursosonline.com.br\/blog\/#organization","name":"Gran Cursos Online","url":"https:\/\/faculdade.grancursosonline.com.br\/blog\/","logo":{"@type":"ImageObject","inLanguage":"pt-BR","@id":"https:\/\/faculdade.grancursosonline.com.br\/blog\/#\/schema\/logo\/image\/","url":"https:\/\/blog-es-static.infra.grancursosonline.com.br\/wp-content\/uploads\/2019\/08\/03123934\/logo.png","contentUrl":"https:\/\/blog-es-static.infra.grancursosonline.com.br\/wp-content\/uploads\/2019\/08\/03123934\/logo.png","width":300,"height":57,"caption":"Gran Cursos Online"},"image":{"@id":"https:\/\/faculdade.grancursosonline.com.br\/blog\/#\/schema\/logo\/image\/"},"sameAs":["https:\/\/www.facebook.com\/grancursosonline\/","https:\/\/x.com\/gran_online","https:\/\/www.instagram.com\/grancursosonline\/","https:\/\/www.youtube.com\/user\/grancursostv"]},{"@type":"Person","@id":"https:\/\/faculdade.grancursosonline.com.br\/blog\/#\/schema\/person\/e41590de43e91fa2adf3cf8b740a6a34","name":"Larissa de Fran\u00e7a","url":"https:\/\/faculdade.grancursosonline.com.br\/blog\/author\/larisa-leonardo\/"}]}},"_links":{"self":[{"href":"https:\/\/faculdade.grancursosonline.com.br\/blog\/wp-json\/wp\/v2\/posts\/79656950","targetHints":{"allow":["GET"]}}],"collection":[{"href":"https:\/\/faculdade.grancursosonline.com.br\/blog\/wp-json\/wp\/v2\/posts"}],"about":[{"href":"https:\/\/faculdade.grancursosonline.com.br\/blog\/wp-json\/wp\/v2\/types\/post"}],"author":[{"embeddable":true,"href":"https:\/\/faculdade.grancursosonline.com.br\/blog\/wp-json\/wp\/v2\/users\/513"}],"replies":[{"embeddable":true,"href":"https:\/\/faculdade.grancursosonline.com.br\/blog\/wp-json\/wp\/v2\/comments?post=79656950"}],"version-history":[{"count":8,"href":"https:\/\/faculdade.grancursosonline.com.br\/blog\/wp-json\/wp\/v2\/posts\/79656950\/revisions"}],"predecessor-version":[{"id":79758911,"href":"https:\/\/faculdade.grancursosonline.com.br\/blog\/wp-json\/wp\/v2\/posts\/79656950\/revisions\/79758911"}],"wp:featuredmedia":[{"embeddable":true,"href":"https:\/\/faculdade.grancursosonline.com.br\/blog\/wp-json\/wp\/v2\/media\/79749416"}],"wp:attachment":[{"href":"https:\/\/faculdade.grancursosonline.com.br\/blog\/wp-json\/wp\/v2\/media?parent=79656950"}],"wp:term":[{"taxonomy":"category","embeddable":true,"href":"https:\/\/faculdade.grancursosonline.com.br\/blog\/wp-json\/wp\/v2\/categories?post=79656950"},{"taxonomy":"post_tag","embeddable":true,"href":"https:\/\/faculdade.grancursosonline.com.br\/blog\/wp-json\/wp\/v2\/tags?post=79656950"}],"curies":[{"name":"wp","href":"https:\/\/api.w.org\/{rel}","templated":true}]}}