{"id":79665448,"date":"2025-07-23T10:14:46","date_gmt":"2025-07-23T13:14:46","guid":{"rendered":"https:\/\/blog.grancursosonline.com.br\/?p=79665448"},"modified":"2025-07-23T10:39:14","modified_gmt":"2025-07-23T13:39:14","slug":"qualidade-vida-trabalho","status":"publish","type":"post","link":"https:\/\/faculdade.grancursosonline.com.br\/blog\/qualidade-vida-trabalho\/","title":{"rendered":"Qualidade de vida no trabalho: Guia Completo, estrat\u00e9gias e como aplicar"},"content":{"rendered":"\n<p>Ter qualidade de vida no trabalho \u00e9 um sonho para muitas pessoas, mas ser\u00e1 que \u00e9 poss\u00edvel conseguir? Confira a seguir o que \u00e9 qualidade de vida no trabalho (QVT) e como conquistar a sua!&nbsp;<\/p>\n\n\n\n<p>Ent\u00e3o, vamos l\u00e1, se preferir, navegue pelo \u00edndice abaixo:<\/p>\n\n\n\n<ul class=\"wp-block-list\">\n<li><a href=\"#o-que\">O que \u00e9 qualidade de vida no trabalho?<\/a><\/li>\n\n\n\n<li><a href=\"#qvt\">O que \u00e9 QVT?<\/a><\/li>\n\n\n\n<li><a href=\"#importancia\">Qual a import\u00e2ncia da qualidade de vida no trabalho?<\/a><\/li>\n\n\n\n<li><a href=\"#h-como-medir-a-qvt-nas-organizacoes-indicadores-e-ferramentas\">Como medir a QVT nas organiza\u00e7\u00f5es: indicadores e ferramentas<\/a><\/li>\n\n\n\n<li><a href=\"#melhorar\">Como melhorar a qualidade de vida no trabalho?<\/a><\/li>\n\n\n\n<li><a href=\"#programa\">Programa de qualidade de vida no trabalho: como fazer?<\/a><\/li>\n\n\n\n<li><a href=\"#trabalhar\">Como trabalhar com QVT nas empresas?&nbsp;<\/a><\/li>\n\n\n\n<li><a href=\"#gran\">Aproveite as vantagens da Gran Faculdade!<\/a><\/li>\n<\/ul>\n\n\n\n<div class=\"wp-block-columns is-layout-flex wp-container-core-columns-is-layout-9d6595d7 wp-block-columns-is-layout-flex\">\n<div class=\"wp-block-column is-layout-flow wp-block-column-is-layout-flow\" style=\"flex-basis:100%\"><div class=\"wp-block-image\">\n<figure class=\"aligncenter size-full\"><a href=\"https:\/\/whatsapp.com\/channel\/0029VaG1sChI7Be7PNndhL43\" target=\"_blank\" rel=\"noopener\"><img decoding=\"async\" src=\"https:\/\/blog-es-static.infra.grancursosonline.com.br\/wp-content\/uploads\/2025\/09\/09112354\/banner-wp-600x142-80.webp\" alt=\"Acesse o canal do WhatsApp da Gran Faculdade\" class=\"wp-image-79751904\"\/><\/a><\/figure>\n<\/div><\/div>\n<\/div>\n\n\n\n<h2 class=\"wp-block-heading\" id=\"o-que\">O que \u00e9 qualidade de vida no trabalho?<\/h2>\n\n\n\n<p>O conceito de qualidade de vida no trabalho tem se popularizado nos \u00faltimos anos, mas ainda n\u00e3o possui uma defini\u00e7\u00e3o exata.&nbsp;<\/p>\n\n\n\n<p>Basicamente, a qualidade de vida \u00e9 essencial para que uma pessoa possa viver com plenitude e realiza\u00e7\u00e3o, mais sa\u00fade, disposi\u00e7\u00e3o e equil\u00edbrio.&nbsp;<\/p>\n\n\n\n<p>Mas por muito tempo isso n\u00e3o foi aplicado ao ambiente de trabalho, o que contribui para pessoas com diversos problemas de sa\u00fade mental e f\u00edsica, dificuldade para equilibrar a vida pessoal e profissional, problemas de socializa\u00e7\u00e3o, falta de lazer e hobbies, baixa produtividade no trabalho e insatisfa\u00e7\u00e3o.&nbsp;<\/p>\n\n\n\n<p>Esses exemplos s\u00e3o s\u00f3 para ilustrar alguns dos problemas causados pela falta da qualidade de vida no trabalho.&nbsp;<\/p>\n\n\n\n<p>Dessa forma, podemos entender que qualidade de vida no trabalho \u00e9 uma forma de garantir mais sa\u00fade e bem-estar para funcion\u00e1rios e gestores.&nbsp;<\/p>\n\n\n\n<p>Consequentemente, isso traz diversos benef\u00edcios para os diferentes p\u00fablicos de relacionamento (stakeholders) das empresas.&nbsp;<\/p>\n\n\n\n<h2 class=\"wp-block-heading\" id=\"qvt\">O que \u00e9 QVT?<\/h2>\n\n\n\n<p>QVT \u00e9 a sigla de Qualidade de Vida no Trabalho usada no meio corporativo. Dessa forma, institui\u00e7\u00f5es engajadas com um ambiente de trabalho saud\u00e1vel e assertivo buscam desenvolver programas de QVT em diversas frentes.&nbsp;<\/p>\n\n\n\n<p>Confira um pouco do hist\u00f3rico da QVT:<\/p>\n\n\n\n<ul class=\"wp-block-list\">\n<li>1940: Surgimento da preocupa\u00e7\u00e3o com o bem-estar no trabalho ap\u00f3s a Segunda Guerra<\/li>\n\n\n\n<li>1950: Eric Trist prop\u00f5e abordagem humanista para o ambiente de trabalho<\/li>\n\n\n\n<li>1970: Termo QVT come\u00e7a a ganhar for\u00e7a nas empresas<\/li>\n\n\n\n<li>2020: QVT entra como pauta estrat\u00e9gica no RH<\/li>\n<\/ul>\n\n\n\n<h2 class=\"wp-block-heading\" id=\"importancia\">Qual a import\u00e2ncia da qualidade de vida no trabalho?<\/h2>\n\n\n\n<p>Na maioria das vezes, o trabalho ocupa grande parte da nossa rotina e ter qualidade de vida no trabalho \u00e9 fundamental para ter equil\u00edbrio entre a vida profissional e pessoal, al\u00e9m de ter mais sa\u00fade f\u00edsica, mental e social.&nbsp;<\/p>\n\n\n\n<p>Al\u00e9m disso, h\u00e1 diversos movimentos e estudos que demonstram que um ambiente de trabalho saud\u00e1vel e digno garante melhores resultados e mais produtividade.&nbsp;<\/p>\n\n\n\n<p>Por isso, a qualidade de vida no trabalho \u00e9 extremamente importante tanto para gestores e funcion\u00e1rios quanto para atividades al\u00e9m da laboral.&nbsp;<\/p>\n\n\n\n<p>Alguns fatores que melhoram com uma boa qualidade de vida no trabalho:<\/p>\n\n\n\n<ul class=\"wp-block-list\">\n<li>Mais produtividade e motiva\u00e7\u00e3o entre funcion\u00e1rios;<\/li>\n\n\n\n<li>Melhores resultados para as empresas;<\/li>\n\n\n\n<li>Clientes mais satisfeitos;<\/li>\n\n\n\n<li>Diminui\u00e7\u00e3o de despesas com afastamentos e tratamentos m\u00e9dicos de funcion\u00e1rios;<\/li>\n\n\n\n<li>Queda na taxa de rotatividade de funcion\u00e1rios e reten\u00e7\u00e3o de talentos;<\/li>\n\n\n\n<li>Clima organizacional mais saud\u00e1vel e agrad\u00e1vel, etc.&nbsp;<\/li>\n<\/ul>\n\n\n\n<h2 class=\"wp-block-heading\" id=\"h-como-medir-a-qvt-nas-organizacoes-indicadores-e-ferramentas\">Como medir a QVT nas organiza\u00e7\u00f5es: indicadores e ferramentas<\/h2>\n\n\n\n<p>Medir a Qualidade de Vida no Trabalho (QVT) \u00e9 fundamental para entender o que funciona e o que precisa ser melhorado em uma empresa. Essa medi\u00e7\u00e3o n\u00e3o se baseia em &#8220;achismos&#8221;, mas sim em dados concretos coletados por meio de indicadores e ferramentas espec\u00edficas.<\/p>\n\n\n\n<h4 class=\"wp-block-heading\"><strong>1. Pesquisas de Clima Organizacional<\/strong><\/h4>\n\n\n\n<p>A ferramenta mais comum e eficaz \u00e9 a pesquisa de clima. Ela funciona como um question\u00e1rio (geralmente an\u00f4nimo) onde os funcion\u00e1rios d\u00e3o sua opini\u00e3o sobre diversos aspectos do dia a dia, como o relacionamento com o chefe, a clareza das tarefas e o esp\u00edrito de equipe.<\/p>\n\n\n\n<p>Essas pesquisas revelam a percep\u00e7\u00e3o coletiva sobre o ambiente de trabalho e s\u00e3o o ponto de partida para identificar os principais problemas e pontos fortes da organiza\u00e7\u00e3o.<\/p>\n\n\n\n<h4 class=\"wp-block-heading\"><strong>2. Question\u00e1rios Espec\u00edficos de QVT<\/strong><\/h4>\n\n\n\n<p>Al\u00e9m da pesquisa de clima, existem question\u00e1rios focados exclusivamente em QVT. Eles utilizam modelos validados por especialistas, como o WHOQOL-bref (da pr\u00f3pria OMS) ou o modelo de Walton, que avaliam dimens\u00f5es espec\u00edficas como compensa\u00e7\u00e3o justa, condi\u00e7\u00f5es de seguran\u00e7a, uso de habilidades e integra\u00e7\u00e3o social.<\/p>\n\n\n\n<p>Essas ferramentas s\u00e3o mais aprofundadas e ajudam a medir de forma t\u00e9cnica o n\u00edvel de bem-estar, permitindo compara\u00e7\u00f5es ao longo do tempo para ver se as a\u00e7\u00f5es implementadas est\u00e3o surtindo efeito.<\/p>\n\n\n\n<h4 class=\"wp-block-heading\"><strong>3. Indicadores de RH (KPIs)<\/strong><\/h4>\n\n\n\n<p>Os pr\u00f3prios n\u00fameros do setor de Recursos Humanos (RH) s\u00e3o \u00f3timos indicadores de QVT. Os principais s\u00e3o:<\/p>\n\n\n\n<ul class=\"wp-block-list\">\n<li><strong>Taxa de Rotatividade (Turnover):<\/strong>\u00a0Se muitas pessoas est\u00e3o pedindo demiss\u00e3o, \u00e9 um forte sinal de que a qualidade de vida no trabalho est\u00e1 baixa;<\/li>\n\n\n\n<li><strong>Taxa de Absente\u00edsmo:<\/strong>\u00a0Um alto n\u00famero de faltas e atestados m\u00e9dicos pode indicar problemas como estresse, esgotamento (burnout) ou um ambiente de trabalho t\u00f3xico;<\/li>\n\n\n\n<li><strong>Produtividade:<\/strong>\u00a0Equipes felizes e saud\u00e1veis tendem a produzir mais e com melhor qualidade. Quedas na produtividade podem ser um alerta.<\/li>\n<\/ul>\n\n\n\n<h4 class=\"wp-block-heading\"><strong>4. Conversas e Entrevistas de Desligamento<\/strong><\/h4>\n\n\n\n<p>Por fim, uma ferramenta qualitativa muito importante s\u00e3o as conversas. Realizar reuni\u00f5es peri\u00f3dicas entre l\u00edderes e equipes para falar abertamente sobre o bem-estar pode trazer insights valiosos.<\/p>\n\n\n\n<p>Al\u00e9m disso, a entrevista de desligamento \u00e9 bastante \u00fatil. Quando um funcion\u00e1rio est\u00e1 de sa\u00edda, ele geralmente se sente mais \u00e0 vontade para apontar os verdadeiros motivos de sua insatisfa\u00e7\u00e3o, fornecendo informa\u00e7\u00f5es honestas sobre o que precisa ser melhorado na empresa.<\/p>\n\n\n\n<h2 class=\"wp-block-heading\" id=\"melhorar\">Como melhorar a qualidade de vida no trabalho?<\/h2>\n\n\n\n<p>Antes de falar sobre como melhorar a qualidade de vida no trabalho, vamos listar fatores que pioram o ambiente organizacional. Para isso, algumas a\u00e7\u00f5es podem ser:<\/p>\n\n\n\n<ol class=\"wp-block-list\">\n<li>Evitar fazer ou participar de fofocas sobre colegas de trabalho;<\/li>\n\n\n\n<li>Assumir que voc\u00ea n\u00e3o sabe alguma coisa e aprender a pedir ajuda (assim como, prestar ajuda para quem precisa, evitando julgamentos);<\/li>\n\n\n\n<li>Organizar sua rotina de trabalho, priorizando tarefas mais relevantes e evitando a procrastina\u00e7\u00e3o.<\/li>\n<\/ol>\n\n\n\n<p>Por outro lado, para melhorar a qualidade de vida no trabalho, voc\u00ea deve buscar \u00e1reas profissionais em que voc\u00ea realmente goste de atuar, empresas preocupadas com QVT, remunera\u00e7\u00e3o justa e adequada e a\u00e7\u00f5es como:<\/p>\n\n\n\n<ul class=\"wp-block-list\">\n<li>Cuidar da sua sa\u00fade de forma preventiva: mantendo consultas e exames regularmente de acordo com a periodicidade indicada para sua idade;<\/li>\n\n\n\n<li>Cultivar seus v\u00ednculos interpessoais, passando tempo com amigos, familiares, rela\u00e7\u00f5es amorosas, etc.;<\/li>\n\n\n\n<li>Desenvolver hobbies e atividades de lazer no seu tempo livre tamb\u00e9m ajuda a melhorar sua qualidade de vida;<\/li>\n\n\n\n<li>Se comprometer a trabalhar com qualidade e dedica\u00e7\u00e3o.<\/li>\n<\/ul>\n\n\n\n<p>Al\u00e9m disso, os benef\u00edcios de h\u00e1bitos saud\u00e1veis como atividade f\u00edsica regularmente, boa ingest\u00e3o de \u00e1gua, sono de qualidade e alimenta\u00e7\u00e3o equilibrada contribuem para a melhora da sua sa\u00fade e bem-estar.&nbsp;<\/p>\n\n\n\n<p>Por consequ\u00eancia, pessoas mais felizes e saud\u00e1veis contribuem mais para um ambiente de trabalho mais agrad\u00e1vel.&nbsp;<\/p>\n\n\n\n<h2 class=\"wp-block-heading\" id=\"programa\">Programa de qualidade de vida no trabalho: como fazer?<\/h2>\n\n\n\n<p>Se voc\u00ea quer implementar um programa de qualidade de vida no trabalho, uma boa op\u00e7\u00e3o para come\u00e7ar \u00e9 estruturar uma consultoria ou time interno para desenvolver a\u00e7\u00f5es de QVT.&nbsp;<\/p>\n\n\n\n<p>Com isso, \u00e9 poss\u00edvel incentivar h\u00e1bitos saud\u00e1veis para as pessoas, tanto melhorando a qualidade de vida, quanto para melhores resultados e desempenho no trabalho.&nbsp;<\/p>\n\n\n\n<p>Algumas a\u00e7\u00f5es de qualidade de vida no trabalho que podem ser implementadas gradualmente incluem:<\/p>\n\n\n\n<ul class=\"wp-block-list\">\n<li>Planos de aprendizagem cont\u00ednua para habilidades t\u00e9cnicas;<\/li>\n\n\n\n<li>Desenvolvimento de habilidades comportamentais, especialmente: comunica\u00e7\u00e3o, negocia\u00e7\u00e3o, empatia, gest\u00e3o de conflitos, diversidade e inclus\u00e3o;<\/li>\n\n\n\n<li>An\u00e1lise de plano de carreira, cargos e sal\u00e1rios avaliando a compatibilidade com remunera\u00e7\u00e3o digna e de acordo com as forma\u00e7\u00f5es dos funcion\u00e1rios e gestores;<\/li>\n\n\n\n<li>Metas e objetivos claros para a empresa;<\/li>\n\n\n\n<li>Promovendo equil\u00edbrio entre vida pessoal e profissional (hor\u00e1rios de trabalho respeitados e, quando poss\u00edvel, flex\u00edveis); entre outras.<\/li>\n<\/ul>\n\n\n\n<p>Apesar dessas a\u00e7\u00f5es comumente serem desenvolvidas pelos <a href=\"https:\/\/faculdade.grancursosonline.com.br\/curso\/gestao-de-recursos-humanos\/\" target=\"_blank\" rel=\"noreferrer noopener\">Recursos Humanos<\/a> (<a href=\"https:\/\/faculdade.grancursosonline.com.br\/curso\/gestao-de-recursos-humanos\/\" target=\"_blank\" rel=\"noreferrer noopener\">RH<\/a>) ou ger\u00eancia, vale ressaltar que colaborar para qualidade de vida no trabalho \u00e9 uma tarefa de todas as pessoas que trabalham no local.&nbsp;<\/p>\n\n\n\n<p>Um ambiente de trabalho saud\u00e1vel \u00e9 positivo para todas as pessoas envolvidas.&nbsp;<\/p>\n\n\n\n<h2 class=\"wp-block-heading\" id=\"trabalhar\">Como trabalhar com QVT nas empresas?&nbsp;<\/h2>\n\n\n\n<p>Como vimos, a qualidade de vida no trabalho muitas vezes exige um esfor\u00e7o coletivo para um ambiente saud\u00e1vel. Mas de forma geral, o setor respons\u00e1vel pela implementa\u00e7\u00e3o de programas QVT nas empresas \u00e9 o de <a href=\"https:\/\/pos.grancursosonline.com.br\/curso\/pos-graduacao-em-gestao-de-pessoas-lato-sensu\" target=\"_blank\" rel=\"noreferrer noopener\">Gest\u00e3o de Pessoas<\/a>.&nbsp;<\/p>\n\n\n\n<p>Por isso, se voc\u00ea quer trabalhar com QVT, a <a href=\"https:\/\/faculdade.grancursosonline.com.br\/curso\/gestao-de-recursos-humanos\/\" target=\"_blank\" rel=\"noreferrer noopener\">gradua\u00e7\u00e3o em Recursos Humanos<\/a> pode ser uma boa op\u00e7\u00e3o para sua carreira.&nbsp;<\/p>\n\n\n\n<p>O <a href=\"https:\/\/blog.grancursosonline.com.br\/curso-tecnologo\/\" target=\"_blank\" rel=\"noreferrer noopener\">curso tecn\u00f3logo<\/a> \u00e9 voltado para a pr\u00e1tica profissional e possui alta empregabilidade, com uma curta dura\u00e7\u00e3o para conquistar seu diploma de n\u00edvel superior.&nbsp;<\/p>\n\n\n\n<h3 class=\"wp-block-heading\" id=\"h-o-que-e-qvt-segundo-o-oms\">O que \u00e9 QVT segundo o OMS?<\/h3>\n\n\n\n<p>Segundo a Organiza\u00e7\u00e3o Mundial da Sa\u00fade (OMS), QVT (Qualidade de Vida no Trabalho) \u00e9 o bem-estar completo do funcion\u00e1rio. Isso inclui n\u00e3o apenas a sa\u00fade f\u00edsica, mas tamb\u00e9m a sa\u00fade mental e a satisfa\u00e7\u00e3o dentro do ambiente de trabalho.<\/p>\n\n\n\n<h3 class=\"wp-block-heading\" id=\"h-como-medir-a-qualidade-de-vida-no-ambiente-de-trabalho\">Como medir a qualidade de vida no ambiente de trabalho?<\/h3>\n\n\n\n<p>A qualidade de vida no trabalho \u00e9 medida por meio de <strong>pesquisas de clima organizacional<\/strong> e <strong>question\u00e1rios de satisfa\u00e7\u00e3o<\/strong>. As empresas perguntam aos funcion\u00e1rios sobre o ambiente, relacionamento com a lideran\u00e7a, equil\u00edbrio entre vida pessoal e profissional, e oportunidades de crescimento para avaliar o bem-estar geral.<\/p>\n\n\n\n<h3 class=\"wp-block-heading\" id=\"h-quais-os-beneficios-de-investir-em-qvt\">Quais os benef\u00edcios de investir em QVT?<\/h3>\n\n\n\n<p>Investir em QVT aumenta a <strong>produtividade<\/strong> e a <strong>motiva\u00e7\u00e3o<\/strong> dos funcion\u00e1rios. Al\u00e9m disso, ajuda a <strong>reduzir o estresse<\/strong>, diminuir o n\u00famero de faltas e reter talentos, criando um ambiente de trabalho mais positivo e saud\u00e1vel para todos.<\/p>\n\n\n\n<h3 class=\"wp-block-heading\" id=\"h-como-implementar-um-programa-de-qvt-na-empresa\">Como implementar um programa de QVT na empresa?<\/h3>\n\n\n\n<p>Para implementar um programa de QVT, a empresa deve seguir 4 passos:<\/p>\n\n\n\n<ol class=\"wp-block-list\">\n<li><strong>Diagn\u00f3stico:<\/strong>\u00a0Fazer uma pesquisa para entender o que os funcion\u00e1rios mais precisam;<\/li>\n\n\n\n<li><strong>Planejamento:<\/strong>\u00a0Criar um plano de a\u00e7\u00e3o com base nos resultados (ex: hor\u00e1rios flex\u00edveis, gin\u00e1stica laboral, etc.);<\/li>\n\n\n\n<li><strong>Execu\u00e7\u00e3o:<\/strong>\u00a0Colocar as a\u00e7\u00f5es em pr\u00e1tica;<\/li>\n\n\n\n<li><strong>Avalia\u00e7\u00e3o:<\/strong>\u00a0Medir os resultados para ver o que funcionou e o que pode melhorar.<\/li>\n<\/ol>\n\n\n\n<h2 class=\"wp-block-heading\" id=\"gran\">Aproveite as vantagens da Gran Faculdade!<\/h2>\n\n\n\n<p>A <a href=\"https:\/\/faculdade.grancursosonline.com.br\/\" target=\"_blank\" rel=\"noreferrer noopener\">Gran Faculdade<\/a> nasceu com o prop\u00f3sito de mudar vidas por meio da educa\u00e7\u00e3o e da tecnologia. Por isso, oferece cursos de <a href=\"https:\/\/blog.grancursosonline.com.br\/qual-e-a-diferenca-entre-graduacao-e-pos-graduacao\/\" target=\"_blank\" rel=\"noreferrer noopener\">gradua\u00e7\u00e3o e p\u00f3s-gradua\u00e7\u00e3o<\/a> com qualidade, sem abrir m\u00e3o de mensalidades que cabem no seu bolso.<\/p>\n\n\n\n<p>Al\u00e9m disso, aproveite vantagens como:<\/p>\n\n\n\n<ul class=\"wp-block-list\">\n<li>Entrada imediata para voc\u00ea n\u00e3o precisar aguardar o in\u00edcio de um novo semestre letivo para come\u00e7ar a conquistar seu diploma &#8211; voc\u00ea se matricula e pode come\u00e7ar o curso no mesmo dia;<\/li>\n\n\n\n<li>Faculdade EAD com curso 100% digital que possibilita conciliar a rotina do dia a dia com os estudos;<\/li>\n\n\n\n<li>Plataforma simples e intuitiva, assim, voc\u00ea estuda de onde estiver, em qualquer dispositivo;<\/li>\n\n\n\n<li>Professores renomados, did\u00e1ticos e que preparam os alunos para a pr\u00e1tica profissional;<\/li>\n\n\n\n<li>Mensalidades que cabem no seu bolso para que voc\u00ea possa realizar seus sonhos, com valores fixos ao longo de todo o curso, sem pegadinhas ou letras mi\u00fadas;<\/li>\n\n\n\n<li>Acessibilidade e ferramentas de inclus\u00e3o, afinal, aqui, todo mundo pode! E muito mais.<\/li>\n<\/ul>\n\n\n\n<p>Fa\u00e7a sua gradua\u00e7\u00e3o EAD em <a href=\"https:\/\/faculdade.grancursosonline.com.br\/curso\/gestao-de-recursos-humanos\/\" target=\"_blank\" rel=\"noreferrer noopener\">Gest\u00e3o de Recursos Humanos<\/a> ou alguma outra op\u00e7\u00e3o entre os mais de 20 cursos dispon\u00edveis na Gran Faculdade e d\u00ea um passo a mais na busca pela sua qualidade de vida no trabalho:<\/p>\n\n\n\n<div class=\"wp-block-group\"><div class=\"wp-block-group__inner-container is-layout-constrained wp-block-group-is-layout-constrained\">\n<h3 class=\"wp-block-heading\" id=\"h-cursos-de-graduacao-ead\">Cursos de gradua\u00e7\u00e3o EAD<\/h3>\n\n\n\n<p>S\u00e3o <a href=\"https:\/\/faculdade.grancursosonline.com.br\/nossos-cursos\/\" target=\"_blank\" rel=\"noreferrer noopener\">mais de 30 op\u00e7\u00f5es de cursos de gradua\u00e7\u00e3o EAD<\/a> com dura\u00e7\u00e3o a partir de 2 anos na Gran Faculdade, ideais para quem quer se destacar em uma carreira no setor p\u00fablico ou privado. Escolha o seu e aproveite a entrada imediata para come\u00e7ar a conquistar seu diploma hoje mesmo! <\/p>\n<\/div><\/div>\n\n\n\n<div class=\"wp-block-group has-background\" style=\"background-color:#8dd2fc63\"><div class=\"wp-block-group__inner-container is-layout-constrained wp-block-group-is-layout-constrained\">\n<p><strong>Destaques<\/strong><\/p>\n\n\n\n<ul class=\"wp-block-list\">\n<li><a href=\"https:\/\/blog.grancursosonline.com.br\/gestao-pessoas-recursos-humanos-diferenca\/\">Gest\u00e3o de Pessoas e Recursos Humanos: qual a diferen\u00e7a?<\/a><\/li>\n\n\n\n<li><a href=\"https:\/\/blog.grancursosonline.com.br\/gestao-de-recursos-humanos-gran-faculdade\/\">Gest\u00e3o de Recursos Humanos: como \u00e9 o curso do Gran?<\/a><\/li>\n\n\n\n<li><a href=\"https:\/\/blog.grancursosonline.com.br\/educacao-corporativa\/\">Educa\u00e7\u00e3o corporativa: o que \u00e9 e sua import\u00e2ncia nas empresas<\/a>&nbsp;<\/li>\n<\/ul>\n<\/div><\/div>\n\n\n\n<div class=\"wp-block-group\"><div class=\"wp-block-group__inner-container is-layout-constrained wp-block-group-is-layout-constrained\">\n<section style=\"text-align: center;\">\n<p>Quer ficar por dentro da Faculdade Digital mais inovadora do Brasil?<\/p>\n<nav>\n<p class=\"has-background has-dark-bluish-background-color\" style=\"font-size: 25px; text-align: center; background: #f0f0f0; color: #ffffff; padding: 4px 0px 4xp 0px;\"><a style=\"color: #0d134c; text-decoration: underline;\" href=\"https:\/\/faculdade.grancursosonline.com.br\/\" target=\"_blank\" rel=\"noopener\">GRADUA\u00c7\u00c3O<\/a><\/p>\n<p class=\"has-background has-dark-bluish-background-color\" style=\"font-size: 25px; text-align: center; background: #f0f0f0; color: #ffffff; padding: 4px 0px 4xp 0px;\"><a style=\"color: #0d134c; text-decoration: underline;\" href=\"https:\/\/pos.grancursosonline.com.br\/\" target=\"_blank\" rel=\"noopener\">P\u00d3S-GRADUA\u00c7\u00c3O<\/a><\/p>\n<p class=\"has-background has-dark-bluish-background-color\" style=\"font-size: 25px; text-align: center; background: #f0f0f0; color: #ffffff; padding: 4px 0px 4xp 0px;\"><a style=\"color: #0d134c; text-decoration: underline;\" href=\"https:\/\/faculdade.grancursosonline.com.br\/nossos-cursos\/\" target=\"_blank\" rel=\"noopener\">TUDO SOBRE A GRAN FACULDADE<\/a><\/p>\n<\/nav>\n<p><strong>Receba <span style=\"color: #cf1e25;\">gratuitamente<\/span> no seu celular as principais not\u00edcias sobre a Gran Faculdade! <br \/>Clique no link abaixo e inscreva-se:<\/strong><\/p>\n<p class=\"has-background has-dark-bluish-background-color\" style=\"font-size: 25px; text-align: center; background: #f0f0f0; color: #ffffff; padding: 4px 0px 4xp 0px;\"><a style=\"color: #0d134c; text-decoration: underline;\" href=\"https:\/\/whatsapp.com\/channel\/0029VaG1sChI7Be7PNndhL43\" target=\"_blank\" rel=\"noopener noreferrer\">WHATSAPP<\/a><\/p>\n<p class=\"has-background has-dark-bluish-background-color\" style=\"font-size: 25px; text-align: center; background: #f0f0f0; color: #ffffff; padding: 4px 0px 4xp 0px;\"><a style=\"color: #0d134c; text-decoration: underline;\" href=\"https:\/\/t.me\/GranFaculdade\" target=\"_blank\" rel=\"noopener noreferrer\">TELEGRAM<\/a><\/p>\n<\/section>\n<\/div><\/div>\n","protected":false},"excerpt":{"rendered":"<p>Ter qualidade de vida no trabalho \u00e9 um sonho para muitas pessoas, mas ser\u00e1 que \u00e9 poss\u00edvel conseguir? Confira a seguir o que \u00e9 qualidade de vida no trabalho (QVT) e como conquistar a sua!&nbsp; Ent\u00e3o, vamos l\u00e1, se preferir, navegue pelo \u00edndice abaixo: O que \u00e9 qualidade de vida no trabalho? O conceito de&hellip;<\/p>\n","protected":false},"author":514,"featured_media":79756130,"comment_status":"open","ping_status":"open","sticky":false,"template":"","format":"standard","meta":{"_acf_changed":false,"content-type":"","footnotes":""},"categories":[218669,219790,218545,2],"tags":[],"class_list":["post-79665448","post","type-post","status-publish","format-standard","has-post-thumbnail","hentry","category-empregabilidade","category-graduacao-ead","category-graduacao","category-ultimas-noticias"],"acf":[],"yoast_head":"<!-- This site is optimized with the Yoast SEO Premium plugin v27.2 (Yoast SEO v27.2) - https:\/\/yoast.com\/product\/yoast-seo-premium-wordpress\/ -->\n<title>Qualidade de vida no trabalho: Guia Completo, estrat\u00e9gias e como aplicar<\/title>\n<meta name=\"description\" content=\"A qualidade de vida no trabalho (QVT) \u00e9 essencial para uma carreira com mais equil\u00edbrio e sucesso. Ent\u00e3o, veja o que \u00e9 qualidade de vida no trabalho!\" \/>\n<meta name=\"robots\" content=\"index, follow, max-snippet:-1, max-image-preview:large, max-video-preview:-1\" \/>\n<link rel=\"canonical\" href=\"https:\/\/faculdade.grancursosonline.com.br\/blog\/qualidade-vida-trabalho\/\" \/>\n<meta property=\"og:locale\" content=\"pt_BR\" \/>\n<meta property=\"og:type\" content=\"article\" \/>\n<meta property=\"og:title\" content=\"Qualidade de vida no trabalho: Guia Completo, estrat\u00e9gias e como aplicar\" \/>\n<meta property=\"og:description\" content=\"A qualidade de vida no trabalho (QVT) \u00e9 essencial para uma carreira com mais equil\u00edbrio e sucesso. Ent\u00e3o, veja o que \u00e9 qualidade de vida no trabalho!\" \/>\n<meta property=\"og:url\" content=\"https:\/\/faculdade.grancursosonline.com.br\/blog\/qualidade-vida-trabalho\/\" \/>\n<meta property=\"og:site_name\" content=\"Blog Gran Faculdade\" \/>\n<meta property=\"article:publisher\" content=\"https:\/\/www.facebook.com\/grancursosonline\/\" \/>\n<meta property=\"article:published_time\" content=\"2025-07-23T13:14:46+00:00\" \/>\n<meta property=\"article:modified_time\" content=\"2025-07-23T13:39:14+00:00\" \/>\n<meta property=\"og:image\" content=\"https:\/\/blog-es-static.infra.grancursosonline.com.br\/wp-content\/uploads\/2025\/07\/23103904\/qualidade-de-vida-no-trabalho-1.webp\" \/>\n\t<meta property=\"og:image:width\" content=\"1001\" \/>\n\t<meta property=\"og:image:height\" content=\"601\" \/>\n\t<meta property=\"og:image:type\" content=\"image\/webp\" \/>\n<meta name=\"author\" content=\"Guilherme Henrique\" \/>\n<meta name=\"twitter:card\" content=\"summary_large_image\" \/>\n<meta name=\"twitter:creator\" content=\"@gran_online\" \/>\n<meta name=\"twitter:site\" content=\"@gran_online\" \/>\n<meta name=\"twitter:label1\" content=\"Written by\" \/>\n\t<meta name=\"twitter:data1\" content=\"Guilherme Henrique\" \/>\n\t<meta name=\"twitter:label2\" content=\"Est. reading time\" \/>\n\t<meta name=\"twitter:data2\" content=\"47 minutos\" \/>\n<script type=\"application\/ld+json\" class=\"yoast-schema-graph\">{\"@context\":\"https:\/\/schema.org\",\"@graph\":[{\"@type\":\"NewsArticle\",\"@id\":\"https:\/\/faculdade.grancursosonline.com.br\/blog\/qualidade-vida-trabalho\/#article\",\"isPartOf\":{\"@id\":\"https:\/\/faculdade.grancursosonline.com.br\/blog\/qualidade-vida-trabalho\/\"},\"author\":{\"name\":\"Guilherme Henrique\",\"@id\":\"https:\/\/faculdade.grancursosonline.com.br\/blog\/#\/schema\/person\/9745f9b6db8976613c1f439dbcfe717d\"},\"headline\":\"Qualidade de vida no trabalho: Guia Completo, estrat\u00e9gias e como aplicar\",\"datePublished\":\"2025-07-23T13:14:46+00:00\",\"dateModified\":\"2025-07-23T13:39:14+00:00\",\"mainEntityOfPage\":{\"@id\":\"https:\/\/faculdade.grancursosonline.com.br\/blog\/qualidade-vida-trabalho\/\"},\"wordCount\":1889,\"commentCount\":0,\"publisher\":{\"@id\":\"https:\/\/faculdade.grancursosonline.com.br\/blog\/#organization\"},\"image\":{\"@id\":\"https:\/\/faculdade.grancursosonline.com.br\/blog\/qualidade-vida-trabalho\/#primaryimage\"},\"thumbnailUrl\":\"https:\/\/blog-es-static.infra.grancursosonline.com.br\/wp-content\/uploads\/2025\/07\/23103837\/qualidade-de-vida-no-trabalho.webp\",\"articleSection\":[\"Empregabilidade\",\"Gradua\u00e7\u00e3o EAD\",\"Gradua\u00e7\u00e3o Gran Faculdade\",\"\u00daltimas Not\u00edcias\"],\"inLanguage\":\"pt-BR\",\"potentialAction\":[{\"@type\":\"CommentAction\",\"name\":\"Comment\",\"target\":[\"https:\/\/faculdade.grancursosonline.com.br\/blog\/qualidade-vida-trabalho\/#respond\"]}],\"copyrightYear\":\"2025\",\"copyrightHolder\":{\"@id\":\"https:\/\/faculdade.grancursosonline.com.br\/blog\/#organization\"}},{\"@type\":\"WebPage\",\"@id\":\"https:\/\/faculdade.grancursosonline.com.br\/blog\/qualidade-vida-trabalho\/\",\"url\":\"https:\/\/faculdade.grancursosonline.com.br\/blog\/qualidade-vida-trabalho\/\",\"name\":\"Qualidade de vida no trabalho: Guia Completo, estrat\u00e9gias e como aplicar\",\"isPartOf\":{\"@id\":\"https:\/\/faculdade.grancursosonline.com.br\/blog\/#website\"},\"primaryImageOfPage\":{\"@id\":\"https:\/\/faculdade.grancursosonline.com.br\/blog\/qualidade-vida-trabalho\/#primaryimage\"},\"image\":{\"@id\":\"https:\/\/faculdade.grancursosonline.com.br\/blog\/qualidade-vida-trabalho\/#primaryimage\"},\"thumbnailUrl\":\"https:\/\/blog-es-static.infra.grancursosonline.com.br\/wp-content\/uploads\/2025\/07\/23103837\/qualidade-de-vida-no-trabalho.webp\",\"datePublished\":\"2025-07-23T13:14:46+00:00\",\"dateModified\":\"2025-07-23T13:39:14+00:00\",\"description\":\"A qualidade de vida no trabalho (QVT) \u00e9 essencial para uma carreira com mais equil\u00edbrio e sucesso. Ent\u00e3o, veja o que \u00e9 qualidade de vida no trabalho!\",\"breadcrumb\":{\"@id\":\"https:\/\/faculdade.grancursosonline.com.br\/blog\/qualidade-vida-trabalho\/#breadcrumb\"},\"inLanguage\":\"pt-BR\",\"potentialAction\":[{\"@type\":\"ReadAction\",\"target\":[\"https:\/\/faculdade.grancursosonline.com.br\/blog\/qualidade-vida-trabalho\/\"]}]},{\"@type\":\"ImageObject\",\"inLanguage\":\"pt-BR\",\"@id\":\"https:\/\/faculdade.grancursosonline.com.br\/blog\/qualidade-vida-trabalho\/#primaryimage\",\"url\":\"https:\/\/blog-es-static.infra.grancursosonline.com.br\/wp-content\/uploads\/2025\/07\/23103837\/qualidade-de-vida-no-trabalho.webp\",\"contentUrl\":\"https:\/\/blog-es-static.infra.grancursosonline.com.br\/wp-content\/uploads\/2025\/07\/23103837\/qualidade-de-vida-no-trabalho.webp\",\"width\":1001,\"height\":601,\"caption\":\"Qualidade de vida no trabalho: Guia Completo, estrat\u00e9gias e como aplicar\"},{\"@type\":\"BreadcrumbList\",\"@id\":\"https:\/\/faculdade.grancursosonline.com.br\/blog\/qualidade-vida-trabalho\/#breadcrumb\",\"itemListElement\":[{\"@type\":\"ListItem\",\"position\":1,\"name\":\"In\u00edcio\",\"item\":\"https:\/\/faculdade.grancursosonline.com.br\/blog\/\"},{\"@type\":\"ListItem\",\"position\":2,\"name\":\"Gradua\u00e7\u00e3o Gran Faculdade\",\"item\":\"https:\/\/faculdade.grancursosonline.com.br\/blog\/graduacao\/\"},{\"@type\":\"ListItem\",\"position\":3,\"name\":\"Qualidade de vida no trabalho: Guia Completo, estrat\u00e9gias e como aplicar\"}]},{\"@type\":\"WebSite\",\"@id\":\"https:\/\/faculdade.grancursosonline.com.br\/blog\/#website\",\"url\":\"https:\/\/faculdade.grancursosonline.com.br\/blog\/\",\"name\":\"Blog Gran Faculdade\",\"description\":\"Tudo sobre ensino superior, p\u00f3s-gradua\u00e7\u00e3o, enem e carreira.\",\"publisher\":{\"@id\":\"https:\/\/faculdade.grancursosonline.com.br\/blog\/#organization\"},\"potentialAction\":[{\"@type\":\"SearchAction\",\"target\":{\"@type\":\"EntryPoint\",\"urlTemplate\":\"https:\/\/faculdade.grancursosonline.com.br\/blog\/?s={search_term_string}\"},\"query-input\":{\"@type\":\"PropertyValueSpecification\",\"valueRequired\":true,\"valueName\":\"search_term_string\"}}],\"inLanguage\":\"pt-BR\"},{\"@type\":\"Organization\",\"@id\":\"https:\/\/faculdade.grancursosonline.com.br\/blog\/#organization\",\"name\":\"Gran Cursos Online\",\"url\":\"https:\/\/faculdade.grancursosonline.com.br\/blog\/\",\"logo\":{\"@type\":\"ImageObject\",\"inLanguage\":\"pt-BR\",\"@id\":\"https:\/\/faculdade.grancursosonline.com.br\/blog\/#\/schema\/logo\/image\/\",\"url\":\"https:\/\/blog-es-static.infra.grancursosonline.com.br\/wp-content\/uploads\/2019\/08\/03123934\/logo.png\",\"contentUrl\":\"https:\/\/blog-es-static.infra.grancursosonline.com.br\/wp-content\/uploads\/2019\/08\/03123934\/logo.png\",\"width\":300,\"height\":57,\"caption\":\"Gran Cursos Online\"},\"image\":{\"@id\":\"https:\/\/faculdade.grancursosonline.com.br\/blog\/#\/schema\/logo\/image\/\"},\"sameAs\":[\"https:\/\/www.facebook.com\/grancursosonline\/\",\"https:\/\/x.com\/gran_online\",\"https:\/\/www.instagram.com\/grancursosonline\/\",\"https:\/\/www.youtube.com\/user\/grancursostv\"]},{\"@type\":\"Person\",\"@id\":\"https:\/\/faculdade.grancursosonline.com.br\/blog\/#\/schema\/person\/9745f9b6db8976613c1f439dbcfe717d\",\"name\":\"Guilherme Henrique\",\"url\":\"https:\/\/faculdade.grancursosonline.com.br\/blog\/author\/guilherme-lourenco\/\"}]}<\/script>\n<!-- \/ Yoast SEO Premium plugin. -->","yoast_head_json":{"title":"Qualidade de vida no trabalho: Guia Completo, estrat\u00e9gias e como aplicar","description":"A qualidade de vida no trabalho (QVT) \u00e9 essencial para uma carreira com mais equil\u00edbrio e sucesso. Ent\u00e3o, veja o que \u00e9 qualidade de vida no trabalho!","robots":{"index":"index","follow":"follow","max-snippet":"max-snippet:-1","max-image-preview":"max-image-preview:large","max-video-preview":"max-video-preview:-1"},"canonical":"https:\/\/faculdade.grancursosonline.com.br\/blog\/qualidade-vida-trabalho\/","og_locale":"pt_BR","og_type":"article","og_title":"Qualidade de vida no trabalho: Guia Completo, estrat\u00e9gias e como aplicar","og_description":"A qualidade de vida no trabalho (QVT) \u00e9 essencial para uma carreira com mais equil\u00edbrio e sucesso. Ent\u00e3o, veja o que \u00e9 qualidade de vida no trabalho!","og_url":"https:\/\/faculdade.grancursosonline.com.br\/blog\/qualidade-vida-trabalho\/","og_site_name":"Blog Gran Faculdade","article_publisher":"https:\/\/www.facebook.com\/grancursosonline\/","article_published_time":"2025-07-23T13:14:46+00:00","article_modified_time":"2025-07-23T13:39:14+00:00","og_image":[{"width":1001,"height":601,"url":"https:\/\/blog-es-static.infra.grancursosonline.com.br\/wp-content\/uploads\/2025\/07\/23103904\/qualidade-de-vida-no-trabalho-1.webp","type":"image\/webp"}],"author":"Guilherme Henrique","twitter_card":"summary_large_image","twitter_creator":"@gran_online","twitter_site":"@gran_online","twitter_misc":{"Written by":"Guilherme Henrique","Est. reading time":"47 minutos"},"schema":{"@context":"https:\/\/schema.org","@graph":[{"@type":"NewsArticle","@id":"https:\/\/faculdade.grancursosonline.com.br\/blog\/qualidade-vida-trabalho\/#article","isPartOf":{"@id":"https:\/\/faculdade.grancursosonline.com.br\/blog\/qualidade-vida-trabalho\/"},"author":{"name":"Guilherme Henrique","@id":"https:\/\/faculdade.grancursosonline.com.br\/blog\/#\/schema\/person\/9745f9b6db8976613c1f439dbcfe717d"},"headline":"Qualidade de vida no trabalho: Guia Completo, estrat\u00e9gias e como aplicar","datePublished":"2025-07-23T13:14:46+00:00","dateModified":"2025-07-23T13:39:14+00:00","mainEntityOfPage":{"@id":"https:\/\/faculdade.grancursosonline.com.br\/blog\/qualidade-vida-trabalho\/"},"wordCount":1889,"commentCount":0,"publisher":{"@id":"https:\/\/faculdade.grancursosonline.com.br\/blog\/#organization"},"image":{"@id":"https:\/\/faculdade.grancursosonline.com.br\/blog\/qualidade-vida-trabalho\/#primaryimage"},"thumbnailUrl":"https:\/\/blog-es-static.infra.grancursosonline.com.br\/wp-content\/uploads\/2025\/07\/23103837\/qualidade-de-vida-no-trabalho.webp","articleSection":["Empregabilidade","Gradua\u00e7\u00e3o EAD","Gradua\u00e7\u00e3o Gran Faculdade","\u00daltimas Not\u00edcias"],"inLanguage":"pt-BR","potentialAction":[{"@type":"CommentAction","name":"Comment","target":["https:\/\/faculdade.grancursosonline.com.br\/blog\/qualidade-vida-trabalho\/#respond"]}],"copyrightYear":"2025","copyrightHolder":{"@id":"https:\/\/faculdade.grancursosonline.com.br\/blog\/#organization"}},{"@type":"WebPage","@id":"https:\/\/faculdade.grancursosonline.com.br\/blog\/qualidade-vida-trabalho\/","url":"https:\/\/faculdade.grancursosonline.com.br\/blog\/qualidade-vida-trabalho\/","name":"Qualidade de vida no trabalho: Guia Completo, estrat\u00e9gias e como aplicar","isPartOf":{"@id":"https:\/\/faculdade.grancursosonline.com.br\/blog\/#website"},"primaryImageOfPage":{"@id":"https:\/\/faculdade.grancursosonline.com.br\/blog\/qualidade-vida-trabalho\/#primaryimage"},"image":{"@id":"https:\/\/faculdade.grancursosonline.com.br\/blog\/qualidade-vida-trabalho\/#primaryimage"},"thumbnailUrl":"https:\/\/blog-es-static.infra.grancursosonline.com.br\/wp-content\/uploads\/2025\/07\/23103837\/qualidade-de-vida-no-trabalho.webp","datePublished":"2025-07-23T13:14:46+00:00","dateModified":"2025-07-23T13:39:14+00:00","description":"A qualidade de vida no trabalho (QVT) \u00e9 essencial para uma carreira com mais equil\u00edbrio e sucesso. Ent\u00e3o, veja o que \u00e9 qualidade de vida no trabalho!","breadcrumb":{"@id":"https:\/\/faculdade.grancursosonline.com.br\/blog\/qualidade-vida-trabalho\/#breadcrumb"},"inLanguage":"pt-BR","potentialAction":[{"@type":"ReadAction","target":["https:\/\/faculdade.grancursosonline.com.br\/blog\/qualidade-vida-trabalho\/"]}]},{"@type":"ImageObject","inLanguage":"pt-BR","@id":"https:\/\/faculdade.grancursosonline.com.br\/blog\/qualidade-vida-trabalho\/#primaryimage","url":"https:\/\/blog-es-static.infra.grancursosonline.com.br\/wp-content\/uploads\/2025\/07\/23103837\/qualidade-de-vida-no-trabalho.webp","contentUrl":"https:\/\/blog-es-static.infra.grancursosonline.com.br\/wp-content\/uploads\/2025\/07\/23103837\/qualidade-de-vida-no-trabalho.webp","width":1001,"height":601,"caption":"Qualidade de vida no trabalho: Guia Completo, estrat\u00e9gias e como aplicar"},{"@type":"BreadcrumbList","@id":"https:\/\/faculdade.grancursosonline.com.br\/blog\/qualidade-vida-trabalho\/#breadcrumb","itemListElement":[{"@type":"ListItem","position":1,"name":"In\u00edcio","item":"https:\/\/faculdade.grancursosonline.com.br\/blog\/"},{"@type":"ListItem","position":2,"name":"Gradua\u00e7\u00e3o Gran Faculdade","item":"https:\/\/faculdade.grancursosonline.com.br\/blog\/graduacao\/"},{"@type":"ListItem","position":3,"name":"Qualidade de vida no trabalho: Guia Completo, estrat\u00e9gias e como aplicar"}]},{"@type":"WebSite","@id":"https:\/\/faculdade.grancursosonline.com.br\/blog\/#website","url":"https:\/\/faculdade.grancursosonline.com.br\/blog\/","name":"Blog Gran Faculdade","description":"Tudo sobre ensino superior, p\u00f3s-gradua\u00e7\u00e3o, enem e carreira.","publisher":{"@id":"https:\/\/faculdade.grancursosonline.com.br\/blog\/#organization"},"potentialAction":[{"@type":"SearchAction","target":{"@type":"EntryPoint","urlTemplate":"https:\/\/faculdade.grancursosonline.com.br\/blog\/?s={search_term_string}"},"query-input":{"@type":"PropertyValueSpecification","valueRequired":true,"valueName":"search_term_string"}}],"inLanguage":"pt-BR"},{"@type":"Organization","@id":"https:\/\/faculdade.grancursosonline.com.br\/blog\/#organization","name":"Gran Cursos Online","url":"https:\/\/faculdade.grancursosonline.com.br\/blog\/","logo":{"@type":"ImageObject","inLanguage":"pt-BR","@id":"https:\/\/faculdade.grancursosonline.com.br\/blog\/#\/schema\/logo\/image\/","url":"https:\/\/blog-es-static.infra.grancursosonline.com.br\/wp-content\/uploads\/2019\/08\/03123934\/logo.png","contentUrl":"https:\/\/blog-es-static.infra.grancursosonline.com.br\/wp-content\/uploads\/2019\/08\/03123934\/logo.png","width":300,"height":57,"caption":"Gran Cursos Online"},"image":{"@id":"https:\/\/faculdade.grancursosonline.com.br\/blog\/#\/schema\/logo\/image\/"},"sameAs":["https:\/\/www.facebook.com\/grancursosonline\/","https:\/\/x.com\/gran_online","https:\/\/www.instagram.com\/grancursosonline\/","https:\/\/www.youtube.com\/user\/grancursostv"]},{"@type":"Person","@id":"https:\/\/faculdade.grancursosonline.com.br\/blog\/#\/schema\/person\/9745f9b6db8976613c1f439dbcfe717d","name":"Guilherme Henrique","url":"https:\/\/faculdade.grancursosonline.com.br\/blog\/author\/guilherme-lourenco\/"}]}},"_links":{"self":[{"href":"https:\/\/faculdade.grancursosonline.com.br\/blog\/wp-json\/wp\/v2\/posts\/79665448","targetHints":{"allow":["GET"]}}],"collection":[{"href":"https:\/\/faculdade.grancursosonline.com.br\/blog\/wp-json\/wp\/v2\/posts"}],"about":[{"href":"https:\/\/faculdade.grancursosonline.com.br\/blog\/wp-json\/wp\/v2\/types\/post"}],"author":[{"embeddable":true,"href":"https:\/\/faculdade.grancursosonline.com.br\/blog\/wp-json\/wp\/v2\/users\/514"}],"replies":[{"embeddable":true,"href":"https:\/\/faculdade.grancursosonline.com.br\/blog\/wp-json\/wp\/v2\/comments?post=79665448"}],"version-history":[{"count":3,"href":"https:\/\/faculdade.grancursosonline.com.br\/blog\/wp-json\/wp\/v2\/posts\/79665448\/revisions"}],"predecessor-version":[{"id":79756127,"href":"https:\/\/faculdade.grancursosonline.com.br\/blog\/wp-json\/wp\/v2\/posts\/79665448\/revisions\/79756127"}],"wp:featuredmedia":[{"embeddable":true,"href":"https:\/\/faculdade.grancursosonline.com.br\/blog\/wp-json\/wp\/v2\/media\/79756130"}],"wp:attachment":[{"href":"https:\/\/faculdade.grancursosonline.com.br\/blog\/wp-json\/wp\/v2\/media?parent=79665448"}],"wp:term":[{"taxonomy":"category","embeddable":true,"href":"https:\/\/faculdade.grancursosonline.com.br\/blog\/wp-json\/wp\/v2\/categories?post=79665448"},{"taxonomy":"post_tag","embeddable":true,"href":"https:\/\/faculdade.grancursosonline.com.br\/blog\/wp-json\/wp\/v2\/tags?post=79665448"}],"curies":[{"name":"wp","href":"https:\/\/api.w.org\/{rel}","templated":true}]}}