{"id":79687355,"date":"2024-01-15T18:18:00","date_gmt":"2024-01-15T21:18:00","guid":{"rendered":"https:\/\/blog.grancursosonline.com.br\/?p=79687355"},"modified":"2024-02-01T09:39:42","modified_gmt":"2024-02-01T12:39:42","slug":"estagio-trt-rj","status":"publish","type":"post","link":"https:\/\/faculdade.grancursosonline.com.br\/blog\/estagio-trt-rj\/","title":{"rendered":"Est\u00e1gio TRT RJ: Inscri\u00e7\u00f5es abertas!"},"content":{"rendered":"\n<p>O programa de est\u00e1gio TRT RJ (Tribunal Regional do Trabalho) est\u00e1 com inscri\u00e7\u00f5es abertas para seu novo programa de est\u00e1gio para o in\u00edcio de 2024. A Escola Judicial (Ejud1) oferece est\u00e1gio remunerado, de n\u00edvel superior em Direito, nas unidades do TRT-1 localizadas na capital do Rio de Janeiro.<\/p>\n\n\n\n<p>A seguir, confira os detalhes sobre o est\u00e1gio no TRT RJ e como se inscrever para concorrer a uma das vagas.&nbsp;<\/p>\n\n\n\n<p>Se preferir, navegue pelo \u00edndice abaixo:<\/p>\n\n\n\n<ul class=\"wp-block-list\">\n<li><a href=\"#o-que-e\">O que \u00e9 o TRT do Rio de Janeiro?<\/a><\/li>\n\n\n\n<li><a href=\"#por-que\">Por que fazer est\u00e1gio TRT RJ?<\/a><\/li>\n\n\n\n<li><a href=\"#bolsa\">Qual o valor da bolsa do est\u00e1gio?<\/a><\/li>\n\n\n\n<li><a href=\"#jornada\">Qual a jornada de trabalho?<\/a><\/li>\n\n\n\n<li><a href=\"#inscri\u00e7\u00e3o\">Quando fazer inscri\u00e7\u00e3o para o est\u00e1gio TRT RJ?<\/a><\/li>\n\n\n\n<li><a href=\"#curriculo\">Como enviar curr\u00edculo para est\u00e1gio TRT RJ?<\/a><\/li>\n\n\n\n<li><a href=\"#gran-faculdade\">Est\u00e1gio TRT RJ e Gran Faculdade: como come\u00e7ar?<\/a><\/li>\n<\/ul>\n\n\n<div class=\"container-tabela\"><table border=\"1\" bgcolor=\"aliceblue\">\n<tbody>\n<tr>\n<td><strong>Destaques:<\/strong><\/p>\n<ul>\n<li style=\"font-weight: 400;\" aria-level=\"1\"><a href=\"https:\/\/blog.grancursosonline.com.br\/oportunidade-emprego\/\"><span style=\"font-weight: 400;\">Oportunidade de emprego: como encontrar vagas? Dicas e sites<\/span><\/a><span style=\"font-weight: 400;\">\u00a0<\/span><\/li>\n<li style=\"font-weight: 400;\" aria-level=\"1\"><a href=\"https:\/\/blog.grancursosonline.com.br\/estagio-obrigatorio\/\"><span style=\"font-weight: 400;\">Est\u00e1gio obrigat\u00f3rio e n\u00e3o obrigat\u00f3rio: quais as diferen\u00e7as?<\/span><\/a><span style=\"font-weight: 400;\">\u00a0<\/span><\/li>\n<li style=\"font-weight: 400;\" aria-level=\"1\"><a href=\"https:\/\/blog.grancursosonline.com.br\/graduacao-ead\/\"><span style=\"font-weight: 400;\">Gradua\u00e7\u00e3o EAD: o que \u00e9 e como fazer? Veja op\u00e7\u00f5es de cursos!<\/span><\/a><\/li>\n<\/ul>\n<\/td>\n<\/tr>\n<\/tbody>\n<\/table><\/div>\n\n\n<h2 class=\"wp-block-heading\" id=\"o-que-e\">O que \u00e9 o TRT do Rio de Janeiro?<\/h2>\n\n\n\n<p>O Tribunal Regional do Trabalho do Rio de Janeiro (TRT RJ) \u00e9 uma institui\u00e7\u00e3o judici\u00e1ria brasileira especializada em quest\u00f5es trabalhistas na regi\u00e3o fluminense. Respons\u00e1vel por julgar processos relacionados ao direito do trabalho, o TRT RJ desempenha um papel crucial na administra\u00e7\u00e3o da justi\u00e7a no Estado.<\/p>\n\n\n\n<p>Com compet\u00eancia para julgar casos envolvendo rela\u00e7\u00f5es de trabalho, como conflitos entre empregadores e empregados, o TRT RJ busca promover a equidade e a justi\u00e7a no \u00e2mbito laboral. Seja para a resolu\u00e7\u00e3o de lit\u00edgios, a concess\u00e3o de benef\u00edcios ou a aplica\u00e7\u00e3o das leis trabalhistas, o tribunal atua como um \u00f3rg\u00e3o fundamental na garantia dos direitos e deveres no ambiente de trabalho.<\/p>\n\n\n\n<h2 class=\"wp-block-heading\" id=\"por-que\">Por que fazer est\u00e1gio TRT RJ?<\/h2>\n\n\n\n<p>O programa de est\u00e1gio do TRT RJ oferece a oportunidade para 60 estudantes se envolverem e aprenderem mais sobre o funcionamento do sistema judici\u00e1rio trabalhista. Ao participar do programa, os estagi\u00e1rios t\u00eam a chance de compreender como \u00e9 o dia a dia da profiss\u00e3o e como ganhar experi\u00eancia no campo do direito do trabalho.<\/p>\n\n\n\n<h3 class=\"wp-block-heading\" id=\"bolsa\">Qual o valor da bolsa do est\u00e1gio?<\/h3>\n\n\n\n<p>A bolsa mensal tem valor de R$1.035,44, al\u00e9m do aux\u00edlio transporte no valor de R$10,00 por dia trabalhado.<\/p>\n\n\n\n<h3 class=\"wp-block-heading\" id=\"jornada\">Qual a jornada de trabalho?<\/h3>\n\n\n\n<p>O est\u00e1gio compreender\u00e1 uma carga hor\u00e1ria de 20 horas semanais, distribu\u00eddas ao longo de quatro horas di\u00e1rias. Os hor\u00e1rios e turnos ser\u00e3o estabelecidos pelo TRT-1, visando compatibilidade com a agenda do estudante na sua Institui\u00e7\u00e3o de Ensino Superior e com os hor\u00e1rios de funcionamento do tribunal. <\/p>\n\n\n\n<p>A oportunidade \u00e9 para modalidade de trabalho presencial e ter\u00e1 dura\u00e7\u00e3o m\u00ednima de seis meses e m\u00e1xima de 24 meses.<\/p>\n\n\n\n<h3 class=\"wp-block-heading\" id=\"inscri\u00e7\u00e3o\">Quando fazer inscri\u00e7\u00e3o para o est\u00e1gio TRT RJ?<\/h3>\n\n\n\n<p>As inscri\u00e7\u00f5es ficam abertas de 08\/01\/2024 a 28\/01\/2024.<\/p>\n\n\n\n<h3 class=\"wp-block-heading\" id=\"curriculo\">Como enviar curr\u00edculo para est\u00e1gio TRT RJ?<\/h3>\n\n\n\n<p>Os interessados devem enviar curr\u00edculo para <a href=\"mailto:selecao.estagio@trt1.jus.br\">selecao.estagio@trt1.jus.br<\/a>. Ser\u00e3o disponibilizadas 60 vagas mais cadastro reserva.<\/p>\n\n\n\n<h2 class=\"wp-block-heading\" id=\"gran-faculdade\">Est\u00e1gio TRT RJ e Gran Faculdade: como come\u00e7ar?<\/h2>\n\n\n\n<p>Na <a href=\"https:\/\/faculdade.grancursosonline.com.br\/\">Gran Faculdade<\/a> voc\u00ea que j\u00e1 \u00e9 graduado em Direito pode come\u00e7ar uma especializa\u00e7\u00e3o e conciliar com o est\u00e1gio.<\/p>\n\n\n\n<p>Assim, voc\u00ea pode enriquecer seus conhecimentos atrav\u00e9s de uma plataforma democr\u00e1tica e que cabe no seu bolso.<\/p>\n\n\n\n<p>S\u00e3o mais de 30 cursos de p\u00f3s-gradua\u00e7\u00e3o em Direto e voc\u00ea pode conhec\u00ea-los clicando no link abaixo:<\/p>\n\n\n\n<p class=\"has-text-align-center\"><a href=\"https:\/\/pos.grancursosonline.com.br\/\"><strong>Quero conhecer os cursos de P\u00f3s em Direito da Gran Faculdad<\/strong><\/a><a href=\"https:\/\/pos.grancursosonline.com.br\/\" target=\"_blank\" rel=\"noreferrer noopener\"><strong>e<\/strong><\/a><\/p>\n\n\n\n<div class=\"wp-block-group\"><div class=\"wp-block-group__inner-container is-layout-constrained wp-block-group-is-layout-constrained\">\n<section style=\"text-align: center;\">\n<p>Quer ficar por dentro da Faculdade Digital mais inovadora do Brasil?<\/p>\n<nav>\n<p class=\"has-background has-dark-bluish-background-color\" style=\"font-size: 25px; text-align: center; background: #f0f0f0; color: #ffffff; padding: 4px 0px 4xp 0px;\"><a style=\"color: #0d134c; text-decoration: underline;\" href=\"https:\/\/faculdade.grancursosonline.com.br\/\" target=\"_blank\" rel=\"noopener\">GRADUA\u00c7\u00c3O<\/a><\/p>\n<p class=\"has-background has-dark-bluish-background-color\" style=\"font-size: 25px; text-align: center; background: #f0f0f0; color: #ffffff; padding: 4px 0px 4xp 0px;\"><a style=\"color: #0d134c; text-decoration: underline;\" href=\"https:\/\/pos.grancursosonline.com.br\/\" target=\"_blank\" rel=\"noopener\">P\u00d3S-GRADUA\u00c7\u00c3O<\/a><\/p>\n<p class=\"has-background has-dark-bluish-background-color\" style=\"font-size: 25px; text-align: center; background: #f0f0f0; color: #ffffff; padding: 4px 0px 4xp 0px;\"><a style=\"color: #0d134c; text-decoration: underline;\" href=\"https:\/\/faculdade.grancursosonline.com.br\/nossos-cursos\/\" target=\"_blank\" rel=\"noopener\">TUDO SOBRE A GRAN FACULDADE<\/a><\/p>\n<\/nav>\n<p><strong>Receba <span style=\"color: #cf1e25;\">gratuitamente<\/span> no seu celular as principais not\u00edcias sobre a Gran Faculdade! <br \/>Clique no link abaixo e inscreva-se:<\/strong><\/p>\n<p class=\"has-background has-dark-bluish-background-color\" style=\"font-size: 25px; text-align: center; background: #f0f0f0; color: #ffffff; padding: 4px 0px 4xp 0px;\"><a style=\"color: #0d134c; text-decoration: underline;\" href=\"https:\/\/whatsapp.com\/channel\/0029VaG1sChI7Be7PNndhL43\" target=\"_blank\" rel=\"noopener noreferrer\">WHATSAPP<\/a><\/p>\n<p class=\"has-background has-dark-bluish-background-color\" style=\"font-size: 25px; text-align: center; background: #f0f0f0; color: #ffffff; padding: 4px 0px 4xp 0px;\"><a style=\"color: #0d134c; text-decoration: underline;\" href=\"https:\/\/t.me\/GranFaculdade\" target=\"_blank\" rel=\"noopener noreferrer\">TELEGRAM<\/a><\/p>\n<\/section>\n<\/div><\/div>\n","protected":false},"excerpt":{"rendered":"<p>O programa de est\u00e1gio TRT RJ (Tribunal Regional do Trabalho) est\u00e1 com inscri\u00e7\u00f5es abertas para seu novo programa de est\u00e1gio para o in\u00edcio de 2024. A Escola Judicial (Ejud1) oferece est\u00e1gio remunerado, de n\u00edvel superior em Direito, nas unidades do TRT-1 localizadas na capital do Rio de Janeiro. A seguir, confira os detalhes sobre o&hellip;<\/p>\n","protected":false},"author":487,"featured_media":79694695,"comment_status":"open","ping_status":"open","sticky":false,"template":"","format":"standard","meta":{"_acf_changed":false,"content-type":"","footnotes":""},"categories":[219790,218545,219791,209229,2],"tags":[126404,209248],"class_list":["post-79687355","post","type-post","status-publish","format-standard","has-post-thumbnail","hentry","category-graduacao-ead","category-graduacao","category-gran-faculdade-campus-curitiba","category-pos-graduacao","category-ultimas-noticias","tag-cursos-e-pos-graduacao","tag-pos-graduacao-gran-cursos"],"acf":[],"yoast_head":"<!-- This site is optimized with the Yoast SEO Premium plugin v27.2 (Yoast SEO v27.2) - https:\/\/yoast.com\/product\/yoast-seo-premium-wordpress\/ -->\n<title>Est\u00e1gio TRT RJ: Inscri\u00e7\u00f5es abertas!<\/title>\n<meta name=\"description\" content=\"At\u00e9 dia 28 de janeiro as inscri\u00e7\u00f5es para Est\u00e1gio TRT RJ est\u00e3o abertas para n\u00edvel superior. Clique e veja sal\u00e1rio e dura\u00e7\u00e3o!\" \/>\n<meta name=\"robots\" content=\"index, follow, max-snippet:-1, max-image-preview:large, max-video-preview:-1\" \/>\n<link rel=\"canonical\" href=\"https:\/\/faculdade.grancursosonline.com.br\/blog\/estagio-trt-rj\/\" \/>\n<meta property=\"og:locale\" content=\"pt_BR\" \/>\n<meta property=\"og:type\" content=\"article\" \/>\n<meta property=\"og:title\" content=\"Est\u00e1gio TRT RJ: Inscri\u00e7\u00f5es abertas!\" \/>\n<meta property=\"og:description\" content=\"At\u00e9 dia 28 de janeiro as inscri\u00e7\u00f5es para Est\u00e1gio TRT RJ est\u00e3o abertas para n\u00edvel superior. Clique e veja sal\u00e1rio e dura\u00e7\u00e3o!\" \/>\n<meta property=\"og:url\" content=\"https:\/\/faculdade.grancursosonline.com.br\/blog\/estagio-trt-rj\/\" \/>\n<meta property=\"og:site_name\" content=\"Blog Gran Faculdade\" \/>\n<meta property=\"article:publisher\" content=\"https:\/\/www.facebook.com\/grancursosonline\/\" \/>\n<meta property=\"article:published_time\" content=\"2024-01-15T21:18:00+00:00\" \/>\n<meta property=\"article:modified_time\" content=\"2024-02-01T12:39:42+00:00\" \/>\n<meta property=\"og:image\" content=\"https:\/\/blog-es-static.infra.grancursosonline.com.br\/wp-content\/uploads\/2024\/01\/01093910\/estagio-trt-rj.jpg\" \/>\n\t<meta property=\"og:image:width\" content=\"511\" \/>\n\t<meta property=\"og:image:height\" content=\"311\" \/>\n\t<meta property=\"og:image:type\" content=\"image\/jpeg\" \/>\n<meta name=\"author\" content=\"Equipe Gran\" \/>\n<meta name=\"twitter:card\" content=\"summary_large_image\" \/>\n<meta name=\"twitter:creator\" content=\"@gran_online\" \/>\n<meta name=\"twitter:site\" content=\"@gran_online\" \/>\n<meta name=\"twitter:label1\" content=\"Written by\" \/>\n\t<meta name=\"twitter:data1\" content=\"Equipe Gran\" \/>\n\t<meta name=\"twitter:label2\" content=\"Est. reading time\" \/>\n\t<meta name=\"twitter:data2\" content=\"3 minutos\" \/>\n<script type=\"application\/ld+json\" class=\"yoast-schema-graph\">{\"@context\":\"https:\/\/schema.org\",\"@graph\":[{\"@type\":\"NewsArticle\",\"@id\":\"https:\/\/faculdade.grancursosonline.com.br\/blog\/estagio-trt-rj\/#article\",\"isPartOf\":{\"@id\":\"https:\/\/faculdade.grancursosonline.com.br\/blog\/estagio-trt-rj\/\"},\"author\":{\"name\":\"Equipe Gran\",\"@id\":\"https:\/\/faculdade.grancursosonline.com.br\/blog\/#\/schema\/person\/92cc8eebdedc10b3078fe6aff8fc09f4\"},\"headline\":\"Est\u00e1gio TRT RJ: Inscri\u00e7\u00f5es abertas!\",\"datePublished\":\"2024-01-15T21:18:00+00:00\",\"dateModified\":\"2024-02-01T12:39:42+00:00\",\"mainEntityOfPage\":{\"@id\":\"https:\/\/faculdade.grancursosonline.com.br\/blog\/estagio-trt-rj\/\"},\"wordCount\":611,\"commentCount\":0,\"publisher\":{\"@id\":\"https:\/\/faculdade.grancursosonline.com.br\/blog\/#organization\"},\"image\":{\"@id\":\"https:\/\/faculdade.grancursosonline.com.br\/blog\/estagio-trt-rj\/#primaryimage\"},\"thumbnailUrl\":\"https:\/\/blog-es-static.infra.grancursosonline.com.br\/wp-content\/uploads\/2024\/01\/01093910\/estagio-trt-rj.jpg\",\"keywords\":[\"Cursos e P\u00f3s-gradua\u00e7\u00e3o\",\"P\u00f3s-Gradua\u00e7\u00e3o Gran Cursos\"],\"articleSection\":[\"Gradua\u00e7\u00e3o EAD\",\"Gradua\u00e7\u00e3o Gran Faculdade\",\"Gran Faculdade Campus Curitiba\",\"P\u00f3s-Gradua\u00e7\u00e3o Gran Faculdade\",\"\u00daltimas Not\u00edcias\"],\"inLanguage\":\"pt-BR\",\"potentialAction\":[{\"@type\":\"CommentAction\",\"name\":\"Comment\",\"target\":[\"https:\/\/faculdade.grancursosonline.com.br\/blog\/estagio-trt-rj\/#respond\"]}],\"copyrightYear\":\"2024\",\"copyrightHolder\":{\"@id\":\"https:\/\/faculdade.grancursosonline.com.br\/blog\/#organization\"}},{\"@type\":\"WebPage\",\"@id\":\"https:\/\/faculdade.grancursosonline.com.br\/blog\/estagio-trt-rj\/\",\"url\":\"https:\/\/faculdade.grancursosonline.com.br\/blog\/estagio-trt-rj\/\",\"name\":\"Est\u00e1gio TRT RJ: Inscri\u00e7\u00f5es abertas!\",\"isPartOf\":{\"@id\":\"https:\/\/faculdade.grancursosonline.com.br\/blog\/#website\"},\"primaryImageOfPage\":{\"@id\":\"https:\/\/faculdade.grancursosonline.com.br\/blog\/estagio-trt-rj\/#primaryimage\"},\"image\":{\"@id\":\"https:\/\/faculdade.grancursosonline.com.br\/blog\/estagio-trt-rj\/#primaryimage\"},\"thumbnailUrl\":\"https:\/\/blog-es-static.infra.grancursosonline.com.br\/wp-content\/uploads\/2024\/01\/01093910\/estagio-trt-rj.jpg\",\"datePublished\":\"2024-01-15T21:18:00+00:00\",\"dateModified\":\"2024-02-01T12:39:42+00:00\",\"description\":\"At\u00e9 dia 28 de janeiro as inscri\u00e7\u00f5es para Est\u00e1gio TRT RJ est\u00e3o abertas para n\u00edvel superior. Clique e veja sal\u00e1rio e dura\u00e7\u00e3o!\",\"breadcrumb\":{\"@id\":\"https:\/\/faculdade.grancursosonline.com.br\/blog\/estagio-trt-rj\/#breadcrumb\"},\"inLanguage\":\"pt-BR\",\"potentialAction\":[{\"@type\":\"ReadAction\",\"target\":[\"https:\/\/faculdade.grancursosonline.com.br\/blog\/estagio-trt-rj\/\"]}]},{\"@type\":\"ImageObject\",\"inLanguage\":\"pt-BR\",\"@id\":\"https:\/\/faculdade.grancursosonline.com.br\/blog\/estagio-trt-rj\/#primaryimage\",\"url\":\"https:\/\/blog-es-static.infra.grancursosonline.com.br\/wp-content\/uploads\/2024\/01\/01093910\/estagio-trt-rj.jpg\",\"contentUrl\":\"https:\/\/blog-es-static.infra.grancursosonline.com.br\/wp-content\/uploads\/2024\/01\/01093910\/estagio-trt-rj.jpg\",\"width\":511,\"height\":311},{\"@type\":\"BreadcrumbList\",\"@id\":\"https:\/\/faculdade.grancursosonline.com.br\/blog\/estagio-trt-rj\/#breadcrumb\",\"itemListElement\":[{\"@type\":\"ListItem\",\"position\":1,\"name\":\"In\u00edcio\",\"item\":\"https:\/\/faculdade.grancursosonline.com.br\/blog\/\"},{\"@type\":\"ListItem\",\"position\":2,\"name\":\"P\u00f3s-Gradua\u00e7\u00e3o Gran Faculdade\",\"item\":\"https:\/\/faculdade.grancursosonline.com.br\/blog\/pos-graduacao\/\"},{\"@type\":\"ListItem\",\"position\":3,\"name\":\"Est\u00e1gio TRT RJ: Inscri\u00e7\u00f5es abertas!\"}]},{\"@type\":\"WebSite\",\"@id\":\"https:\/\/faculdade.grancursosonline.com.br\/blog\/#website\",\"url\":\"https:\/\/faculdade.grancursosonline.com.br\/blog\/\",\"name\":\"Blog Gran Faculdade\",\"description\":\"Tudo sobre ensino superior, p\u00f3s-gradua\u00e7\u00e3o, enem e carreira.\",\"publisher\":{\"@id\":\"https:\/\/faculdade.grancursosonline.com.br\/blog\/#organization\"},\"potentialAction\":[{\"@type\":\"SearchAction\",\"target\":{\"@type\":\"EntryPoint\",\"urlTemplate\":\"https:\/\/faculdade.grancursosonline.com.br\/blog\/?s={search_term_string}\"},\"query-input\":{\"@type\":\"PropertyValueSpecification\",\"valueRequired\":true,\"valueName\":\"search_term_string\"}}],\"inLanguage\":\"pt-BR\"},{\"@type\":\"Organization\",\"@id\":\"https:\/\/faculdade.grancursosonline.com.br\/blog\/#organization\",\"name\":\"Gran Cursos Online\",\"url\":\"https:\/\/faculdade.grancursosonline.com.br\/blog\/\",\"logo\":{\"@type\":\"ImageObject\",\"inLanguage\":\"pt-BR\",\"@id\":\"https:\/\/faculdade.grancursosonline.com.br\/blog\/#\/schema\/logo\/image\/\",\"url\":\"https:\/\/blog-es-static.infra.grancursosonline.com.br\/wp-content\/uploads\/2019\/08\/03123934\/logo.png\",\"contentUrl\":\"https:\/\/blog-es-static.infra.grancursosonline.com.br\/wp-content\/uploads\/2019\/08\/03123934\/logo.png\",\"width\":300,\"height\":57,\"caption\":\"Gran Cursos Online\"},\"image\":{\"@id\":\"https:\/\/faculdade.grancursosonline.com.br\/blog\/#\/schema\/logo\/image\/\"},\"sameAs\":[\"https:\/\/www.facebook.com\/grancursosonline\/\",\"https:\/\/x.com\/gran_online\",\"https:\/\/www.instagram.com\/grancursosonline\/\",\"https:\/\/www.youtube.com\/user\/grancursostv\"]},{\"@type\":\"Person\",\"@id\":\"https:\/\/faculdade.grancursosonline.com.br\/blog\/#\/schema\/person\/92cc8eebdedc10b3078fe6aff8fc09f4\",\"name\":\"Equipe Gran\",\"description\":\"Produtora de Conte\u00fados da Gran Faculdade\",\"sameAs\":[\"http:\/\/www.grancursosonline.com.br\"],\"url\":\"https:\/\/faculdade.grancursosonline.com.br\/blog\/author\/bruna-carvalho\/\"}]}<\/script>\n<!-- \/ Yoast SEO Premium plugin. -->","yoast_head_json":{"title":"Est\u00e1gio TRT RJ: Inscri\u00e7\u00f5es abertas!","description":"At\u00e9 dia 28 de janeiro as inscri\u00e7\u00f5es para Est\u00e1gio TRT RJ est\u00e3o abertas para n\u00edvel superior. Clique e veja sal\u00e1rio e dura\u00e7\u00e3o!","robots":{"index":"index","follow":"follow","max-snippet":"max-snippet:-1","max-image-preview":"max-image-preview:large","max-video-preview":"max-video-preview:-1"},"canonical":"https:\/\/faculdade.grancursosonline.com.br\/blog\/estagio-trt-rj\/","og_locale":"pt_BR","og_type":"article","og_title":"Est\u00e1gio TRT RJ: Inscri\u00e7\u00f5es abertas!","og_description":"At\u00e9 dia 28 de janeiro as inscri\u00e7\u00f5es para Est\u00e1gio TRT RJ est\u00e3o abertas para n\u00edvel superior. Clique e veja sal\u00e1rio e dura\u00e7\u00e3o!","og_url":"https:\/\/faculdade.grancursosonline.com.br\/blog\/estagio-trt-rj\/","og_site_name":"Blog Gran Faculdade","article_publisher":"https:\/\/www.facebook.com\/grancursosonline\/","article_published_time":"2024-01-15T21:18:00+00:00","article_modified_time":"2024-02-01T12:39:42+00:00","og_image":[{"width":511,"height":311,"url":"https:\/\/blog-es-static.infra.grancursosonline.com.br\/wp-content\/uploads\/2024\/01\/01093910\/estagio-trt-rj.jpg","type":"image\/jpeg"}],"author":"Equipe Gran","twitter_card":"summary_large_image","twitter_creator":"@gran_online","twitter_site":"@gran_online","twitter_misc":{"Written by":"Equipe Gran","Est. reading time":"3 minutos"},"schema":{"@context":"https:\/\/schema.org","@graph":[{"@type":"NewsArticle","@id":"https:\/\/faculdade.grancursosonline.com.br\/blog\/estagio-trt-rj\/#article","isPartOf":{"@id":"https:\/\/faculdade.grancursosonline.com.br\/blog\/estagio-trt-rj\/"},"author":{"name":"Equipe Gran","@id":"https:\/\/faculdade.grancursosonline.com.br\/blog\/#\/schema\/person\/92cc8eebdedc10b3078fe6aff8fc09f4"},"headline":"Est\u00e1gio TRT RJ: Inscri\u00e7\u00f5es abertas!","datePublished":"2024-01-15T21:18:00+00:00","dateModified":"2024-02-01T12:39:42+00:00","mainEntityOfPage":{"@id":"https:\/\/faculdade.grancursosonline.com.br\/blog\/estagio-trt-rj\/"},"wordCount":611,"commentCount":0,"publisher":{"@id":"https:\/\/faculdade.grancursosonline.com.br\/blog\/#organization"},"image":{"@id":"https:\/\/faculdade.grancursosonline.com.br\/blog\/estagio-trt-rj\/#primaryimage"},"thumbnailUrl":"https:\/\/blog-es-static.infra.grancursosonline.com.br\/wp-content\/uploads\/2024\/01\/01093910\/estagio-trt-rj.jpg","keywords":["Cursos e P\u00f3s-gradua\u00e7\u00e3o","P\u00f3s-Gradua\u00e7\u00e3o Gran Cursos"],"articleSection":["Gradua\u00e7\u00e3o EAD","Gradua\u00e7\u00e3o Gran Faculdade","Gran Faculdade Campus Curitiba","P\u00f3s-Gradua\u00e7\u00e3o Gran Faculdade","\u00daltimas Not\u00edcias"],"inLanguage":"pt-BR","potentialAction":[{"@type":"CommentAction","name":"Comment","target":["https:\/\/faculdade.grancursosonline.com.br\/blog\/estagio-trt-rj\/#respond"]}],"copyrightYear":"2024","copyrightHolder":{"@id":"https:\/\/faculdade.grancursosonline.com.br\/blog\/#organization"}},{"@type":"WebPage","@id":"https:\/\/faculdade.grancursosonline.com.br\/blog\/estagio-trt-rj\/","url":"https:\/\/faculdade.grancursosonline.com.br\/blog\/estagio-trt-rj\/","name":"Est\u00e1gio TRT RJ: Inscri\u00e7\u00f5es abertas!","isPartOf":{"@id":"https:\/\/faculdade.grancursosonline.com.br\/blog\/#website"},"primaryImageOfPage":{"@id":"https:\/\/faculdade.grancursosonline.com.br\/blog\/estagio-trt-rj\/#primaryimage"},"image":{"@id":"https:\/\/faculdade.grancursosonline.com.br\/blog\/estagio-trt-rj\/#primaryimage"},"thumbnailUrl":"https:\/\/blog-es-static.infra.grancursosonline.com.br\/wp-content\/uploads\/2024\/01\/01093910\/estagio-trt-rj.jpg","datePublished":"2024-01-15T21:18:00+00:00","dateModified":"2024-02-01T12:39:42+00:00","description":"At\u00e9 dia 28 de janeiro as inscri\u00e7\u00f5es para Est\u00e1gio TRT RJ est\u00e3o abertas para n\u00edvel superior. Clique e veja sal\u00e1rio e dura\u00e7\u00e3o!","breadcrumb":{"@id":"https:\/\/faculdade.grancursosonline.com.br\/blog\/estagio-trt-rj\/#breadcrumb"},"inLanguage":"pt-BR","potentialAction":[{"@type":"ReadAction","target":["https:\/\/faculdade.grancursosonline.com.br\/blog\/estagio-trt-rj\/"]}]},{"@type":"ImageObject","inLanguage":"pt-BR","@id":"https:\/\/faculdade.grancursosonline.com.br\/blog\/estagio-trt-rj\/#primaryimage","url":"https:\/\/blog-es-static.infra.grancursosonline.com.br\/wp-content\/uploads\/2024\/01\/01093910\/estagio-trt-rj.jpg","contentUrl":"https:\/\/blog-es-static.infra.grancursosonline.com.br\/wp-content\/uploads\/2024\/01\/01093910\/estagio-trt-rj.jpg","width":511,"height":311},{"@type":"BreadcrumbList","@id":"https:\/\/faculdade.grancursosonline.com.br\/blog\/estagio-trt-rj\/#breadcrumb","itemListElement":[{"@type":"ListItem","position":1,"name":"In\u00edcio","item":"https:\/\/faculdade.grancursosonline.com.br\/blog\/"},{"@type":"ListItem","position":2,"name":"P\u00f3s-Gradua\u00e7\u00e3o Gran Faculdade","item":"https:\/\/faculdade.grancursosonline.com.br\/blog\/pos-graduacao\/"},{"@type":"ListItem","position":3,"name":"Est\u00e1gio TRT RJ: Inscri\u00e7\u00f5es abertas!"}]},{"@type":"WebSite","@id":"https:\/\/faculdade.grancursosonline.com.br\/blog\/#website","url":"https:\/\/faculdade.grancursosonline.com.br\/blog\/","name":"Blog Gran Faculdade","description":"Tudo sobre ensino superior, p\u00f3s-gradua\u00e7\u00e3o, enem e carreira.","publisher":{"@id":"https:\/\/faculdade.grancursosonline.com.br\/blog\/#organization"},"potentialAction":[{"@type":"SearchAction","target":{"@type":"EntryPoint","urlTemplate":"https:\/\/faculdade.grancursosonline.com.br\/blog\/?s={search_term_string}"},"query-input":{"@type":"PropertyValueSpecification","valueRequired":true,"valueName":"search_term_string"}}],"inLanguage":"pt-BR"},{"@type":"Organization","@id":"https:\/\/faculdade.grancursosonline.com.br\/blog\/#organization","name":"Gran Cursos Online","url":"https:\/\/faculdade.grancursosonline.com.br\/blog\/","logo":{"@type":"ImageObject","inLanguage":"pt-BR","@id":"https:\/\/faculdade.grancursosonline.com.br\/blog\/#\/schema\/logo\/image\/","url":"https:\/\/blog-es-static.infra.grancursosonline.com.br\/wp-content\/uploads\/2019\/08\/03123934\/logo.png","contentUrl":"https:\/\/blog-es-static.infra.grancursosonline.com.br\/wp-content\/uploads\/2019\/08\/03123934\/logo.png","width":300,"height":57,"caption":"Gran Cursos Online"},"image":{"@id":"https:\/\/faculdade.grancursosonline.com.br\/blog\/#\/schema\/logo\/image\/"},"sameAs":["https:\/\/www.facebook.com\/grancursosonline\/","https:\/\/x.com\/gran_online","https:\/\/www.instagram.com\/grancursosonline\/","https:\/\/www.youtube.com\/user\/grancursostv"]},{"@type":"Person","@id":"https:\/\/faculdade.grancursosonline.com.br\/blog\/#\/schema\/person\/92cc8eebdedc10b3078fe6aff8fc09f4","name":"Equipe Gran","description":"Produtora de Conte\u00fados da Gran Faculdade","sameAs":["http:\/\/www.grancursosonline.com.br"],"url":"https:\/\/faculdade.grancursosonline.com.br\/blog\/author\/bruna-carvalho\/"}]}},"_links":{"self":[{"href":"https:\/\/faculdade.grancursosonline.com.br\/blog\/wp-json\/wp\/v2\/posts\/79687355","targetHints":{"allow":["GET"]}}],"collection":[{"href":"https:\/\/faculdade.grancursosonline.com.br\/blog\/wp-json\/wp\/v2\/posts"}],"about":[{"href":"https:\/\/faculdade.grancursosonline.com.br\/blog\/wp-json\/wp\/v2\/types\/post"}],"author":[{"embeddable":true,"href":"https:\/\/faculdade.grancursosonline.com.br\/blog\/wp-json\/wp\/v2\/users\/487"}],"replies":[{"embeddable":true,"href":"https:\/\/faculdade.grancursosonline.com.br\/blog\/wp-json\/wp\/v2\/comments?post=79687355"}],"version-history":[{"count":7,"href":"https:\/\/faculdade.grancursosonline.com.br\/blog\/wp-json\/wp\/v2\/posts\/79687355\/revisions"}],"predecessor-version":[{"id":79687369,"href":"https:\/\/faculdade.grancursosonline.com.br\/blog\/wp-json\/wp\/v2\/posts\/79687355\/revisions\/79687369"}],"wp:featuredmedia":[{"embeddable":true,"href":"https:\/\/faculdade.grancursosonline.com.br\/blog\/wp-json\/wp\/v2\/media\/79694695"}],"wp:attachment":[{"href":"https:\/\/faculdade.grancursosonline.com.br\/blog\/wp-json\/wp\/v2\/media?parent=79687355"}],"wp:term":[{"taxonomy":"category","embeddable":true,"href":"https:\/\/faculdade.grancursosonline.com.br\/blog\/wp-json\/wp\/v2\/categories?post=79687355"},{"taxonomy":"post_tag","embeddable":true,"href":"https:\/\/faculdade.grancursosonline.com.br\/blog\/wp-json\/wp\/v2\/tags?post=79687355"}],"curies":[{"name":"wp","href":"https:\/\/api.w.org\/{rel}","templated":true}]}}