{"id":79687800,"date":"2025-10-13T17:53:04","date_gmt":"2025-10-13T20:53:04","guid":{"rendered":"https:\/\/blog.grancursosonline.com.br\/?p=79687800"},"modified":"2025-10-13T17:53:09","modified_gmt":"2025-10-13T20:53:09","slug":"reforma-ortografica","status":"publish","type":"post","link":"https:\/\/faculdade.grancursosonline.com.br\/blog\/reforma-ortografica\/","title":{"rendered":"Reforma Ortogr\u00e1fica: o que \u00e9 e quando foi a \u00faltima? Veja!"},"content":{"rendered":"\n<p>Voc\u00ea j\u00e1 deve ter ouvido falar em reforma ortogr\u00e1fica, principalmente quando surgem as d\u00favidas sobre a grafia correta das palavras compostas, certo?<\/p>\n\n\n\n<p>Mas voc\u00ea sabe o que \u00e9 e qual o objetivo da reforma ortogr\u00e1fica? <\/p>\n\n\n\n<p>Estudantes e profissionais que buscam atuar em \u00e1reas que demandam um alto conhecimento de gram\u00e1tica ou tem interesse na \u00e1rea de Letras, precisa estar por dentro do assunto. Por isso, fizemos este artigo para esclarecer as suas d\u00favidas. Vamos l\u00e1?<\/p>\n\n\n\n<div class=\"wp-block-columns is-layout-flex wp-container-core-columns-is-layout-9d6595d7 wp-block-columns-is-layout-flex\">\n<div class=\"wp-block-column is-layout-flow wp-block-column-is-layout-flow\" style=\"flex-basis:100%\"><div class=\"wp-block-image\">\n<figure class=\"aligncenter size-full\"><a href=\"https:\/\/whatsapp.com\/channel\/0029VaG1sChI7Be7PNndhL43\" target=\"_blank\" rel=\"noopener\"><img decoding=\"async\" src=\"https:\/\/blog-es-static.infra.grancursosonline.com.br\/wp-content\/uploads\/2025\/09\/09112354\/banner-wp-600x142-80.webp\" alt=\"Acesse o canal do WhatsApp da Gran Faculdade\" class=\"wp-image-79751904\"\/><\/a><\/figure>\n<\/div><\/div>\n<\/div>\n\n\n\n<p>Saiba mais ao longo do post ou navegue pelo \u00edndice:<\/p>\n\n\n\n<ul class=\"wp-block-list\">\n<li><a href=\"#conceito\">O que \u00e9 reforma ortogr\u00e1fica?<\/a><\/li>\n\n\n\n<li><a href=\"#objetivo\">Qual \u00e9 o objetivo da reforma ortogr\u00e1fica?<\/a><\/li>\n\n\n\n<li><a href=\"#ultima\">Quando foi a \u00faltima reforma ortogr\u00e1fica?<\/a><\/li>\n\n\n\n<li><a href=\"#quantidade\">Quantas reformas ortogr\u00e1ficas o Brasil j\u00e1 teve?<\/a><\/li>\n\n\n\n<li><a href=\"#vigente\">Sistema ortogr\u00e1fico vigente<\/a><\/li>\n\n\n\n<li><a href=\"#2023\">Reforma ortogr\u00e1fica 2023<\/a><\/li>\n\n\n\n<li><a href=\"#h-exemplos-reforma-ortografica\">Exemplos reforma ortogr\u00e1fica<\/a><\/li>\n<\/ul>\n\n\n\n<h2 class=\"wp-block-heading\" id=\"conceito\">O que \u00e9 reforma ortogr\u00e1fica?<\/h2>\n\n\n\n<p>Uma reforma ortogr\u00e1fica consiste em atualizar as normas relacionadas a mudan\u00e7as em um idioma.<strong> <\/strong>Ou seja, o seu objetivo \u00e9 corrigir, mudar ou renovar padr\u00f5es de escrita e interpreta\u00e7\u00e3o em uma determinada l\u00edngua. Confira as principais reformas ortogr\u00e1ficas no mundo:<\/p>\n\n\n\n<ul class=\"wp-block-list\">\n<li>Reforma Ortogr\u00e1fica da L\u00edngua Portuguesa (1990);<\/li>\n\n\n\n<li>Reforma Ortogr\u00e1fica da L\u00edngua Francesa (1990);<\/li>\n\n\n\n<li>Reforma Ortogr\u00e1fica do Alem\u00e3o (1996);<\/li>\n\n\n\n<li>Reforma Ortogr\u00e1fica do Russo (1918);<\/li>\n\n\n\n<li>Reforma Ortogr\u00e1fica do Turco (1928).<\/li>\n<\/ul>\n\n\n\n<h2 class=\"wp-block-heading\" id=\"objetivo\">Qual \u00e9 o objetivo da reforma ortogr\u00e1fica?<\/h2>\n\n\n\n<p>O objetivo de uma reforma ortogr\u00e1fica \u00e9 garantir que a l\u00edngua escrita esteja de acordo com o que \u00e9 falado e tamb\u00e9m com as conven\u00e7\u00f5es sociais vigentes. Ou seja, \u00e9 comum que conforme o tempo passe, algumas coisas passem a mudar de sentido ou mesmo t\u00f3picos gramaticais se atualizem.<\/p>\n\n\n\n<p>Com isso, a reforma ortogr\u00e1fica busca atualizar regras e normas. Al\u00e9m disso, no caso da reforma ortogr\u00e1fica mais recente no Brasil, seu objetivo era unificar e aproximar as regras gramaticais do idioma entre diferentes pa\u00edses que falam a l\u00edngua portuguesa.<\/p>\n\n\n\n<h2 class=\"wp-block-heading\" id=\"ultima\">Quando foi a \u00faltima reforma ortogr\u00e1fica?<\/h2>\n\n\n\n<p>A \u00faltima reforma ortogr\u00e1fica do Brasil<strong> foi em 2009 e \u00e9 a mais atualizada.<\/strong> Ela aconteceu de diferentes formas em diferentes pa\u00edses que falam portugu\u00eas.<\/p>\n\n\n\n<h2 class=\"wp-block-heading\" id=\"quantidade\">Quantas reformas ortogr\u00e1ficas o Brasil j\u00e1 teve?<\/h2>\n\n\n\n<p>O Brasil contou at\u00e9 hoje com duas reformas ortogr\u00e1ficas:<\/p>\n\n\n\n<ul class=\"wp-block-list\">\n<li><strong>1943<\/strong>: foi institu\u00eddo pela Academia Brasileira de Letras o primeiro formul\u00e1rio de normas e instru\u00e7\u00f5es sobre a L\u00edngua Portuguesa;<\/li>\n\n\n\n<li><strong>2009<\/strong>: a reforma ortogr\u00e1fica mais recente, onde foram inclu\u00eddas novas letras no alfabeto e algumas mudan\u00e7as com rela\u00e7\u00e3o \u00e0 gram\u00e1tica.<\/li>\n<\/ul>\n\n\n\n<h2 class=\"wp-block-heading\" id=\"vigente\">Sistema ortogr\u00e1fico vigente<\/h2>\n\n\n\n<p><strong>O sistema ortogr\u00e1fico vigente no Brasil surge a partir do Acordo Ortogr\u00e1fico da L\u00edngua Portuguesa de 2009, a reforma ortogr\u00e1fica mais recente.<\/strong> O objetivo foi promover a unifica\u00e7\u00e3o das regras ortogr\u00e1ficas entre os pa\u00edses lus\u00f3fonos (Portugal, Brasil, Angola, Mo\u00e7ambique, Cabo Verde, Guin\u00e9-Bissau, S\u00e3o Tom\u00e9 e Pr\u00edncipe, e Timor-Leste).<\/p>\n\n\n\n<h2 class=\"wp-block-heading\" id=\"2023\">Reforma ortogr\u00e1fica 2023<\/h2>\n\n\n\n<p><strong>N\u00e3o houve nenhuma reforma ortogr\u00e1fica em 2023,<\/strong> apenas uma atualiza\u00e7\u00e3o no acordo vigente que foi feita em 2022. No mais, o sistema ortogr\u00e1fico vigente segue em vigor.<\/p>\n\n\n\n<h2 class=\"wp-block-heading\" id=\"h-exemplos-reforma-ortografica\">Exemplos reforma ortogr\u00e1fica<\/h2>\n\n\n\n<p>Como vimos ao longo do texto, a reforma ortogr\u00e1fica instaurada em 2009 e vigente nos dias atuais, tem por objetivo unificar as normas gramaticais nos pa\u00edses lus\u00f3fonos.<\/p>\n\n\n\n<p>Para compreender melhor as altera\u00e7\u00f5es, confira abaixo alguns exemplos da reforma ortogr\u00e1fica e como os padr\u00f5es mudaram:<\/p>\n\n\n\n<ul class=\"wp-block-list\">\n<li><strong>1. Fim do trema (\u00a8)<\/strong><\/li>\n<\/ul>\n\n\n\n<p>Antes: lingui\u00e7a, ag\u00fcentar, cinquenta<\/p>\n\n\n\n<p>Depois: lingui\u00e7a, aguentar, cinquenta<\/p>\n\n\n\n<p>Regra: o trema deixou de ser usado em palavras portuguesas ou aportuguesadas. A pron\u00fancia do \u201cu\u201d continua a mesma, mas o sinal gr\u00e1fico foi eliminado;<\/p>\n\n\n\n<ul class=\"wp-block-list\">\n<li><strong>2. Uso do h\u00edfen com prefixos<\/strong><\/li>\n<\/ul>\n\n\n\n<p>Antes: anti-inflamat\u00f3rio, micro-ondas, auto-escola, contra-regra<\/p>\n\n\n\n<p>Depois: anti-inflamat\u00f3rio, micro-ondas, autoescola, contrarregra<\/p>\n\n\n\n<p>Regra: usa-se h\u00edfen quando o segundo elemento come\u00e7a com h ou com a mesma vogal com que o prefixo termina (ex.: anti-inflamat\u00f3rio).<\/p>\n\n\n\n<p>N\u00e3o se usa h\u00edfen quando o prefixo termina com vogal diferente da inicial do segundo elemento (autoescola, contrarregra).<\/p>\n\n\n\n<ul class=\"wp-block-list\">\n<li><strong>3. Supress\u00e3o de consoantes mudas<\/strong><\/li>\n<\/ul>\n\n\n\n<p>Antes: ac\u00e7\u00e3o, \u00f3ptimo, baptismo, recep\u00e7\u00e3o<\/p>\n\n\n\n<p>Depois: a\u00e7\u00e3o, \u00f3timo, batismo, recep\u00e7\u00e3o<\/p>\n\n\n\n<p>Regra: as consoantes que n\u00e3o s\u00e3o pronunciadas (como o \u201cc\u201d e o \u201cp\u201d mudos) foram eliminadas da grafia;<\/p>\n\n\n\n<ul class=\"wp-block-list\">\n<li><strong>4. Acento diferencial<\/strong><\/li>\n<\/ul>\n\n\n\n<p>Antes: p\u00e1ra (verbo), para (preposi\u00e7\u00e3o); p\u00ealo, pelo; p\u00f3lo, polo<\/p>\n\n\n\n<p>Depois: para (verbo e preposi\u00e7\u00e3o), pelo, polo<\/p>\n\n\n\n<p>Regra: o acento diferencial deixou de ser usado em palavras que se tornaram hom\u00f4nimas (mesma forma escrita, significados distintos);<\/p>\n\n\n\n<ul class=\"wp-block-list\">\n<li><strong>5. Acento em hiatos \u201coo\u201d e \u201cee\u201d<\/strong><\/li>\n<\/ul>\n\n\n\n<p>Antes: enj\u00f4o, l\u00eaem, cr\u00eaem<\/p>\n\n\n\n<p>Depois: enjoo, leem, creem<\/p>\n\n\n\n<p>Regra: caiu o acento nas palavras com hiato formado por vogais iguais seguidas (oo e ee);<\/p>\n\n\n\n<ul class=\"wp-block-list\">\n<li><strong>6. Acento em ditongos abertos nas palavras parox\u00edtonas<\/strong><\/li>\n<\/ul>\n\n\n\n<p>Antes: id\u00e9ia, assembl\u00e9ia, her\u00f3ico, j\u00f3ia<\/p>\n\n\n\n<p>Depois: ideia, assembleia, heroico, joia<\/p>\n\n\n\n<p>Regra: n\u00e3o se usa mais acento em ditongos abertos \u201c\u00e9i\u201d e \u201c\u00f3i\u201d nas palavras parox\u00edtonas;<\/p>\n\n\n\n<ul class=\"wp-block-list\">\n<li><strong>7. Inclus\u00e3o das letras \u201ck\u201d, \u201cw\u201d e \u201cy\u201d no alfabeto<\/strong><\/li>\n<\/ul>\n\n\n\n<p>Antes: alfabeto tinha 23 letras<\/p>\n\n\n\n<p>Depois: alfabeto passou a ter 26 letras (inclus\u00e3o de k, w e y)<\/p>\n\n\n\n<p>Regra: reconhecimento oficial dessas letras, j\u00e1 usadas em s\u00edmbolos, nomes pr\u00f3prios e unidades de medida (ex.: kil\u00f4metro segue como quil\u00f4metro, mas kg, William, Wyoming continuam v\u00e1lidos).<\/p>\n\n\n\n<h2 class=\"wp-block-heading\" id=\"h-vem-pra-gran-faculdade\">Vem pra Gran Faculdade!<\/h2>\n\n\n\n<p>A Gran Faculdade vem mudando a vida de milhares de pessoas por meio de cursos \u00e0 dist\u00e2ncia de <a href=\"https:\/\/faculdade.grancursosonline.com.br\/\" target=\"_blank\" rel=\"noreferrer noopener\">gradua\u00e7\u00e3o<\/a>, <a href=\"https:\/\/pos.grancursosonline.com.br\/\" target=\"_blank\" rel=\"noreferrer noopener\">p\u00f3s-gradua\u00e7\u00e3o<\/a> e <a href=\"https:\/\/pos.grancursosonline.com.br\/mba\" target=\"_blank\" rel=\"noreferrer noopener\">MBA<\/a>. Seja no digital ou em nosso <a href=\"https:\/\/presencial.grancursosonline.com.br\/\" target=\"_blank\" rel=\"noreferrer noopener\">Campus Presencial em Curitiba<\/a>, a nossa miss\u00e3o \u00e9 transformar a educa\u00e7\u00e3o superior.<\/p>\n\n\n\n<p>Como parte de Sistema Gran de Ensino, que \u00e9 reconhecido como marca aprovadora h\u00e1 mais de 10 anos, constru\u00edmos uma renomada reputa\u00e7\u00e3o na \u00e1rea de educa\u00e7\u00e3o.<\/p>\n\n\n\n<p>Veja algumas de nossas conquistas:<\/p>\n\n\n\n<ul class=\"wp-block-list\">\n<li>Reconhecido pela Amazon como um dos projetos mais relevantes do mundo na \u00e1rea de Tecnologia e Educa\u00e7\u00e3o;<\/li>\n\n\n\n<li>Foi eleito pelo Project Management Institute (PMI), um dos 50 Projetos Mais Influentes do mundo;<\/li>\n\n\n\n<li>Somos o site de educa\u00e7\u00e3o mais acessado do Brasil;<\/li>\n\n\n\n<li>Somos avaliados com a nota m\u00e1xima pelo MEC;<\/li>\n\n\n\n<li>Aqui o semestre come\u00e7a quando quiser: entrada imediata e cont\u00ednua!<\/li>\n\n\n\n<li>Melhores pre\u00e7os do mercado;<\/li>\n\n\n\n<li>Mais de 500 mil alunos pagantes e mais de 1000 funcion\u00e1rios;<\/li>\n\n\n\n<li>Diversas ferramentas de estudo: PDFs, audiobooks, mapas mentais, videoaulas, quest\u00f5es, gerenciador de estudos e muito mais!<\/li>\n\n\n\n<li>Professores experientes e capacitados;<\/li>\n\n\n\n<li>Acesso imediato e 100% online.<\/li>\n<\/ul>\n\n\n\n<p class=\"has-text-align-center has-text-align-center\"><strong><a href=\"https:\/\/faculdade.grancursosonline.com.br\/\" target=\"_blank\" rel=\"noreferrer noopener\">Quero ser aluno da Gran Faculdade!<\/a><\/strong><\/p>\n\n\n\n<h2 class=\"wp-block-heading\" id=\"h-participe-de-uma-imersao-exclusiva-com-especialistas-em-ia-e-transforme-sua-carreira\">Participe de uma imers\u00e3o exclusiva com especialistas em IA e transforme sua carreira<\/h2>\n\n\n<div class=\"wp-block-image\">\n<figure class=\"aligncenter size-large is-resized\"><a href=\"https:\/\/lp.grancursosonline.com.br\/imersao-em-ia\/?utm_source=Wordpress&amp;utm_medium=sidebar&amp;utm_campaign=Capta%C3%A7%C3%A3o+Imers%C3%A3o+em+IA+-+Abril%2F2026+-+Blog+Ensino+Superior+-+Conte%C3%BAdo+e+SEO&amp;utm_id=Capta%C3%A7%C3%A3o+Imers%C3%A3o+em+IA+-+Abril%2F2026+-+Blog+Ensino+Superior+-+Conte%C3%BAdo+e+SEO\" target=\"_blank\" rel=\" noreferrer noopener\"><img loading=\"lazy\" decoding=\"async\" width=\"1024\" height=\"576\" src=\"https:\/\/blog-es-static.infra.grancursosonline.com.br\/wp-content\/uploads\/2026\/03\/31105919\/imersao_em_ia-1024x576.webp\" alt=\"\" class=\"wp-image-79763836\" style=\"width:488px;height:auto\"\/><\/a><\/figure>\n<\/div>\n\n\n<p><strong>Se voc\u00ea quer sair do b\u00e1sico e entender, na pr\u00e1tica, como a Intelig\u00eancia Artificial (IA) est\u00e1 moldando o mercado, esta \u00e9 a sua oportunidade.<\/strong> <\/p>\n\n\n\n<p>A Imers\u00e3o em IA re\u00fane especialistas renomados do mercado, incluindo profissionais com experi\u00eancia em grandes empresas de tecnologia como Google e Amazon, que v\u00e3o compartilhar<strong> insights estrat\u00e9gicos e aplica\u00e7\u00f5es reais<\/strong> para acelerar sua evolu\u00e7\u00e3o profissional.<\/p>\n\n\n\n<p>O evento acontecer\u00e1 em <strong>tr\u00eas encontros ao vivo, a partir do dia 13 de abril, sempre \u00e0s 20h<\/strong> (hor\u00e1rio de Bras\u00edlia), com uma programa\u00e7\u00e3o estruturada para levar voc\u00ea do entendimento dos conceitos at\u00e9 a aplica\u00e7\u00e3o pr\u00e1tica de agentes de IA.<\/p>\n\n\n\n<p>Clique no link abaixo e garanta sua participa\u00e7\u00e3o nesta experi\u00eancia <strong>gratuita, ao vivo e com potencial real de impacto na sua carreira<\/strong>.<\/p>\n\n\n\n<p class=\"has-text-align-center\"><strong><a href=\"https:\/\/lp.grancursosonline.com.br\/imersao-em-ia\/?utm_source=Wordpress&amp;utm_medium=sidebar&amp;utm_campaign=Capta%C3%A7%C3%A3o+Imers%C3%A3o+em+IA+-+Abril%2F2026+-+Blog+Ensino+Superior+-+Conte%C3%BAdo+e+SEO&amp;utm_id=Capta%C3%A7%C3%A3o+Imers%C3%A3o+em+IA+-+Abril%2F2026+-+Blog+Ensino+Superior+-+Conte%C3%BAdo+e+SEO\" target=\"_blank\" rel=\"noreferrer noopener\">Quero participar da Imers\u00e3o para aprender mais sobre IA<\/a><\/strong><\/p>\n\n\n\n<div class=\"wp-block-group has-background\" style=\"background-color:#8dd2fc7a\"><div class=\"wp-block-group__inner-container is-layout-constrained wp-block-group-is-layout-constrained\">\n<div class=\"wp-block-group\"><div class=\"wp-block-group__inner-container is-layout-constrained wp-block-group-is-layout-constrained\">\n<p><strong>Outras not\u00edcias em destaque:<\/strong><\/p>\n\n\n\n<ul class=\"wp-block-list\">\n<li><a href=\"https:\/\/faculdade.grancursosonline.com.br\/blog\/magisterio\/\" target=\"_blank\" rel=\"noreferrer noopener\">Magist\u00e9rio ainda existe? Como \u00e9 a forma\u00e7\u00e3o para professores?<\/a><\/li>\n\n\n\n<li><a href=\"https:\/\/faculdade.grancursosonline.com.br\/blog\/pos-graduacao-em-docencia-do-ensino-superior\/\" target=\"_blank\" rel=\"noreferrer noopener\">P\u00f3s em Doc\u00eancia do Ensino Superior: conhe\u00e7a o curso!<\/a><\/li>\n\n\n\n<li><a href=\"https:\/\/faculdade.grancursosonline.com.br\/blog\/mais-professores-programa\/\" target=\"_blank\" rel=\"noreferrer noopener\">Mais Professores: saiba tudo sobre o programa!<\/a><\/li>\n<\/ul>\n<\/div><\/div>\n<\/div><\/div>\n\n\n\n<div class=\"wp-block-group\"><div class=\"wp-block-group__inner-container is-layout-constrained wp-block-group-is-layout-constrained\">\n<div class=\"wp-block-group\"><div class=\"wp-block-group__inner-container is-layout-constrained wp-block-group-is-layout-constrained\">\n<section style=\"text-align: center;\">\n<p>Quer ficar por dentro da Faculdade Digital mais inovadora do Brasil?<\/p>\n<nav>\n<p class=\"has-background has-dark-bluish-background-color\" style=\"font-size: 25px; text-align: center; background: #f0f0f0; color: #ffffff; padding: 4px 0px 4xp 0px;\"><a style=\"color: #0d134c; text-decoration: underline;\" href=\"https:\/\/faculdade.grancursosonline.com.br\/\" target=\"_blank\" rel=\"noopener\">GRADUA\u00c7\u00c3O<\/a><\/p>\n<p class=\"has-background has-dark-bluish-background-color\" style=\"font-size: 25px; text-align: center; background: #f0f0f0; color: #ffffff; padding: 4px 0px 4xp 0px;\"><a style=\"color: #0d134c; text-decoration: underline;\" href=\"https:\/\/pos.grancursosonline.com.br\/\" target=\"_blank\" rel=\"noopener\">P\u00d3S-GRADUA\u00c7\u00c3O<\/a><\/p>\n<p class=\"has-background has-dark-bluish-background-color\" style=\"font-size: 25px; text-align: center; background: #f0f0f0; color: #ffffff; padding: 4px 0px 4xp 0px;\"><a style=\"color: #0d134c; text-decoration: underline;\" href=\"https:\/\/faculdade.grancursosonline.com.br\/nossos-cursos\/\" target=\"_blank\" rel=\"noopener\">TUDO SOBRE A GRAN FACULDADE<\/a><\/p>\n<\/nav>\n<p><strong>Receba <span style=\"color: #cf1e25;\">gratuitamente<\/span> no seu celular as principais not\u00edcias sobre a Gran Faculdade! <br \/>Clique no link abaixo e inscreva-se:<\/strong><\/p>\n<p class=\"has-background has-dark-bluish-background-color\" style=\"font-size: 25px; text-align: center; background: #f0f0f0; color: #ffffff; padding: 4px 0px 4xp 0px;\"><a style=\"color: #0d134c; text-decoration: underline;\" href=\"https:\/\/whatsapp.com\/channel\/0029VaG1sChI7Be7PNndhL43\" target=\"_blank\" rel=\"noopener noreferrer\">WHATSAPP<\/a><\/p>\n<p class=\"has-background has-dark-bluish-background-color\" style=\"font-size: 25px; text-align: center; background: #f0f0f0; color: #ffffff; padding: 4px 0px 4xp 0px;\"><a style=\"color: #0d134c; text-decoration: underline;\" href=\"https:\/\/t.me\/GranFaculdade\" target=\"_blank\" rel=\"noopener noreferrer\">TELEGRAM<\/a><\/p>\n<\/section>\n<\/div><\/div>\n<\/div><\/div>\n","protected":false},"excerpt":{"rendered":"<p>Voc\u00ea j\u00e1 deve ter ouvido falar em reforma ortogr\u00e1fica, principalmente quando surgem as d\u00favidas sobre a grafia correta das palavras compostas, certo? Mas voc\u00ea sabe o que \u00e9 e qual o objetivo da reforma ortogr\u00e1fica? Estudantes e profissionais que buscam atuar em \u00e1reas que demandam um alto conhecimento de gram\u00e1tica ou tem interesse na \u00e1rea&hellip;<\/p>\n","protected":false},"author":513,"featured_media":79758560,"comment_status":"open","ping_status":"open","sticky":false,"template":"","format":"standard","meta":{"_acf_changed":false,"content-type":"","footnotes":""},"categories":[218545,209229,2],"tags":[126404,209248],"class_list":["post-79687800","post","type-post","status-publish","format-standard","has-post-thumbnail","hentry","category-graduacao","category-pos-graduacao","category-ultimas-noticias","tag-cursos-e-pos-graduacao","tag-pos-graduacao-gran-cursos"],"acf":[],"yoast_head":"<!-- This site is optimized with the Yoast SEO Premium plugin v27.2 (Yoast SEO v27.2) - https:\/\/yoast.com\/product\/yoast-seo-premium-wordpress\/ -->\n<title>Reforma Ortogr\u00e1fica: o que \u00e9 e quando foi a \u00faltima? Veja!<\/title>\n<meta name=\"description\" content=\"Saiba tudo sobre a \u00faltima reforma ortogr\u00e1fica, o que mudou e como funcionam as novas regras. Isso e muito mais aqui!\" \/>\n<meta name=\"robots\" content=\"index, follow, max-snippet:-1, max-image-preview:large, max-video-preview:-1\" \/>\n<link rel=\"canonical\" href=\"https:\/\/faculdade.grancursosonline.com.br\/blog\/reforma-ortografica\/\" \/>\n<meta property=\"og:locale\" content=\"pt_BR\" \/>\n<meta property=\"og:type\" content=\"article\" \/>\n<meta property=\"og:title\" content=\"Reforma Ortogr\u00e1fica: o que \u00e9 e quando foi a \u00faltima? Veja!\" \/>\n<meta property=\"og:description\" content=\"Saiba tudo sobre a \u00faltima reforma ortogr\u00e1fica, o que mudou e como funcionam as novas regras. Isso e muito mais aqui!\" \/>\n<meta property=\"og:url\" content=\"https:\/\/faculdade.grancursosonline.com.br\/blog\/reforma-ortografica\/\" \/>\n<meta property=\"og:site_name\" content=\"Blog Gran Faculdade\" \/>\n<meta property=\"article:publisher\" content=\"https:\/\/www.facebook.com\/grancursosonline\/\" \/>\n<meta property=\"article:published_time\" content=\"2025-10-13T20:53:04+00:00\" \/>\n<meta property=\"article:modified_time\" content=\"2025-10-13T20:53:09+00:00\" \/>\n<meta property=\"og:image\" content=\"https:\/\/blog-es-static.infra.grancursosonline.com.br\/wp-content\/uploads\/2024\/01\/10111927\/reforma-ortografica-2.jpg\" \/>\n\t<meta property=\"og:image:width\" content=\"1001\" \/>\n\t<meta property=\"og:image:height\" content=\"601\" \/>\n\t<meta property=\"og:image:type\" content=\"image\/jpeg\" \/>\n<meta name=\"author\" content=\"Larissa de Fran\u00e7a\" \/>\n<meta name=\"twitter:card\" content=\"summary_large_image\" \/>\n<meta name=\"twitter:creator\" content=\"@gran_online\" \/>\n<meta name=\"twitter:site\" content=\"@gran_online\" \/>\n<meta name=\"twitter:label1\" content=\"Written by\" \/>\n\t<meta name=\"twitter:data1\" content=\"Larissa de Fran\u00e7a\" \/>\n\t<meta name=\"twitter:label2\" content=\"Est. reading time\" \/>\n\t<meta name=\"twitter:data2\" content=\"7 minutos\" \/>\n<script type=\"application\/ld+json\" class=\"yoast-schema-graph\">{\"@context\":\"https:\/\/schema.org\",\"@graph\":[{\"@type\":\"NewsArticle\",\"@id\":\"https:\/\/faculdade.grancursosonline.com.br\/blog\/reforma-ortografica\/#article\",\"isPartOf\":{\"@id\":\"https:\/\/faculdade.grancursosonline.com.br\/blog\/reforma-ortografica\/\"},\"author\":{\"name\":\"Larissa de Fran\u00e7a\",\"@id\":\"https:\/\/faculdade.grancursosonline.com.br\/blog\/#\/schema\/person\/e41590de43e91fa2adf3cf8b740a6a34\"},\"headline\":\"Reforma Ortogr\u00e1fica: o que \u00e9 e quando foi a \u00faltima? Veja!\",\"datePublished\":\"2025-10-13T20:53:04+00:00\",\"dateModified\":\"2025-10-13T20:53:09+00:00\",\"mainEntityOfPage\":{\"@id\":\"https:\/\/faculdade.grancursosonline.com.br\/blog\/reforma-ortografica\/\"},\"wordCount\":915,\"commentCount\":0,\"publisher\":{\"@id\":\"https:\/\/faculdade.grancursosonline.com.br\/blog\/#organization\"},\"image\":{\"@id\":\"https:\/\/faculdade.grancursosonline.com.br\/blog\/reforma-ortografica\/#primaryimage\"},\"thumbnailUrl\":\"https:\/\/blog-es-static.infra.grancursosonline.com.br\/wp-content\/uploads\/2024\/01\/10111927\/reforma-ortografica-2.jpg\",\"keywords\":[\"Cursos e P\u00f3s-gradua\u00e7\u00e3o\",\"P\u00f3s-Gradua\u00e7\u00e3o Gran Cursos\"],\"articleSection\":[\"Gradua\u00e7\u00e3o Gran Faculdade\",\"P\u00f3s-Gradua\u00e7\u00e3o Gran Faculdade\",\"\u00daltimas Not\u00edcias\"],\"inLanguage\":\"pt-BR\",\"potentialAction\":[{\"@type\":\"CommentAction\",\"name\":\"Comment\",\"target\":[\"https:\/\/faculdade.grancursosonline.com.br\/blog\/reforma-ortografica\/#respond\"]}],\"copyrightYear\":\"2025\",\"copyrightHolder\":{\"@id\":\"https:\/\/faculdade.grancursosonline.com.br\/blog\/#organization\"}},{\"@type\":\"WebPage\",\"@id\":\"https:\/\/faculdade.grancursosonline.com.br\/blog\/reforma-ortografica\/\",\"url\":\"https:\/\/faculdade.grancursosonline.com.br\/blog\/reforma-ortografica\/\",\"name\":\"Reforma Ortogr\u00e1fica: o que \u00e9 e quando foi a \u00faltima? Veja!\",\"isPartOf\":{\"@id\":\"https:\/\/faculdade.grancursosonline.com.br\/blog\/#website\"},\"primaryImageOfPage\":{\"@id\":\"https:\/\/faculdade.grancursosonline.com.br\/blog\/reforma-ortografica\/#primaryimage\"},\"image\":{\"@id\":\"https:\/\/faculdade.grancursosonline.com.br\/blog\/reforma-ortografica\/#primaryimage\"},\"thumbnailUrl\":\"https:\/\/blog-es-static.infra.grancursosonline.com.br\/wp-content\/uploads\/2024\/01\/10111927\/reforma-ortografica-2.jpg\",\"datePublished\":\"2025-10-13T20:53:04+00:00\",\"dateModified\":\"2025-10-13T20:53:09+00:00\",\"description\":\"Saiba tudo sobre a \u00faltima reforma ortogr\u00e1fica, o que mudou e como funcionam as novas regras. Isso e muito mais aqui!\",\"breadcrumb\":{\"@id\":\"https:\/\/faculdade.grancursosonline.com.br\/blog\/reforma-ortografica\/#breadcrumb\"},\"inLanguage\":\"pt-BR\",\"potentialAction\":[{\"@type\":\"ReadAction\",\"target\":[\"https:\/\/faculdade.grancursosonline.com.br\/blog\/reforma-ortografica\/\"]}]},{\"@type\":\"ImageObject\",\"inLanguage\":\"pt-BR\",\"@id\":\"https:\/\/faculdade.grancursosonline.com.br\/blog\/reforma-ortografica\/#primaryimage\",\"url\":\"https:\/\/blog-es-static.infra.grancursosonline.com.br\/wp-content\/uploads\/2024\/01\/10111927\/reforma-ortografica-2.jpg\",\"contentUrl\":\"https:\/\/blog-es-static.infra.grancursosonline.com.br\/wp-content\/uploads\/2024\/01\/10111927\/reforma-ortografica-2.jpg\",\"width\":1001,\"height\":601},{\"@type\":\"BreadcrumbList\",\"@id\":\"https:\/\/faculdade.grancursosonline.com.br\/blog\/reforma-ortografica\/#breadcrumb\",\"itemListElement\":[{\"@type\":\"ListItem\",\"position\":1,\"name\":\"In\u00edcio\",\"item\":\"https:\/\/faculdade.grancursosonline.com.br\/blog\/\"},{\"@type\":\"ListItem\",\"position\":2,\"name\":\"Gradua\u00e7\u00e3o Gran Faculdade\",\"item\":\"https:\/\/faculdade.grancursosonline.com.br\/blog\/graduacao\/\"},{\"@type\":\"ListItem\",\"position\":3,\"name\":\"Reforma Ortogr\u00e1fica: o que \u00e9 e quando foi a \u00faltima? Veja!\"}]},{\"@type\":\"WebSite\",\"@id\":\"https:\/\/faculdade.grancursosonline.com.br\/blog\/#website\",\"url\":\"https:\/\/faculdade.grancursosonline.com.br\/blog\/\",\"name\":\"Blog Gran Faculdade\",\"description\":\"Tudo sobre ensino superior, p\u00f3s-gradua\u00e7\u00e3o, enem e carreira.\",\"publisher\":{\"@id\":\"https:\/\/faculdade.grancursosonline.com.br\/blog\/#organization\"},\"potentialAction\":[{\"@type\":\"SearchAction\",\"target\":{\"@type\":\"EntryPoint\",\"urlTemplate\":\"https:\/\/faculdade.grancursosonline.com.br\/blog\/?s={search_term_string}\"},\"query-input\":{\"@type\":\"PropertyValueSpecification\",\"valueRequired\":true,\"valueName\":\"search_term_string\"}}],\"inLanguage\":\"pt-BR\"},{\"@type\":\"Organization\",\"@id\":\"https:\/\/faculdade.grancursosonline.com.br\/blog\/#organization\",\"name\":\"Gran Cursos Online\",\"url\":\"https:\/\/faculdade.grancursosonline.com.br\/blog\/\",\"logo\":{\"@type\":\"ImageObject\",\"inLanguage\":\"pt-BR\",\"@id\":\"https:\/\/faculdade.grancursosonline.com.br\/blog\/#\/schema\/logo\/image\/\",\"url\":\"https:\/\/blog-es-static.infra.grancursosonline.com.br\/wp-content\/uploads\/2019\/08\/03123934\/logo.png\",\"contentUrl\":\"https:\/\/blog-es-static.infra.grancursosonline.com.br\/wp-content\/uploads\/2019\/08\/03123934\/logo.png\",\"width\":300,\"height\":57,\"caption\":\"Gran Cursos Online\"},\"image\":{\"@id\":\"https:\/\/faculdade.grancursosonline.com.br\/blog\/#\/schema\/logo\/image\/\"},\"sameAs\":[\"https:\/\/www.facebook.com\/grancursosonline\/\",\"https:\/\/x.com\/gran_online\",\"https:\/\/www.instagram.com\/grancursosonline\/\",\"https:\/\/www.youtube.com\/user\/grancursostv\"]},{\"@type\":\"Person\",\"@id\":\"https:\/\/faculdade.grancursosonline.com.br\/blog\/#\/schema\/person\/e41590de43e91fa2adf3cf8b740a6a34\",\"name\":\"Larissa de Fran\u00e7a\",\"url\":\"https:\/\/faculdade.grancursosonline.com.br\/blog\/author\/larisa-leonardo\/\"}]}<\/script>\n<!-- \/ Yoast SEO Premium plugin. -->","yoast_head_json":{"title":"Reforma Ortogr\u00e1fica: o que \u00e9 e quando foi a \u00faltima? Veja!","description":"Saiba tudo sobre a \u00faltima reforma ortogr\u00e1fica, o que mudou e como funcionam as novas regras. Isso e muito mais aqui!","robots":{"index":"index","follow":"follow","max-snippet":"max-snippet:-1","max-image-preview":"max-image-preview:large","max-video-preview":"max-video-preview:-1"},"canonical":"https:\/\/faculdade.grancursosonline.com.br\/blog\/reforma-ortografica\/","og_locale":"pt_BR","og_type":"article","og_title":"Reforma Ortogr\u00e1fica: o que \u00e9 e quando foi a \u00faltima? Veja!","og_description":"Saiba tudo sobre a \u00faltima reforma ortogr\u00e1fica, o que mudou e como funcionam as novas regras. Isso e muito mais aqui!","og_url":"https:\/\/faculdade.grancursosonline.com.br\/blog\/reforma-ortografica\/","og_site_name":"Blog Gran Faculdade","article_publisher":"https:\/\/www.facebook.com\/grancursosonline\/","article_published_time":"2025-10-13T20:53:04+00:00","article_modified_time":"2025-10-13T20:53:09+00:00","og_image":[{"width":1001,"height":601,"url":"https:\/\/blog-es-static.infra.grancursosonline.com.br\/wp-content\/uploads\/2024\/01\/10111927\/reforma-ortografica-2.jpg","type":"image\/jpeg"}],"author":"Larissa de Fran\u00e7a","twitter_card":"summary_large_image","twitter_creator":"@gran_online","twitter_site":"@gran_online","twitter_misc":{"Written by":"Larissa de Fran\u00e7a","Est. reading time":"7 minutos"},"schema":{"@context":"https:\/\/schema.org","@graph":[{"@type":"NewsArticle","@id":"https:\/\/faculdade.grancursosonline.com.br\/blog\/reforma-ortografica\/#article","isPartOf":{"@id":"https:\/\/faculdade.grancursosonline.com.br\/blog\/reforma-ortografica\/"},"author":{"name":"Larissa de Fran\u00e7a","@id":"https:\/\/faculdade.grancursosonline.com.br\/blog\/#\/schema\/person\/e41590de43e91fa2adf3cf8b740a6a34"},"headline":"Reforma Ortogr\u00e1fica: o que \u00e9 e quando foi a \u00faltima? Veja!","datePublished":"2025-10-13T20:53:04+00:00","dateModified":"2025-10-13T20:53:09+00:00","mainEntityOfPage":{"@id":"https:\/\/faculdade.grancursosonline.com.br\/blog\/reforma-ortografica\/"},"wordCount":915,"commentCount":0,"publisher":{"@id":"https:\/\/faculdade.grancursosonline.com.br\/blog\/#organization"},"image":{"@id":"https:\/\/faculdade.grancursosonline.com.br\/blog\/reforma-ortografica\/#primaryimage"},"thumbnailUrl":"https:\/\/blog-es-static.infra.grancursosonline.com.br\/wp-content\/uploads\/2024\/01\/10111927\/reforma-ortografica-2.jpg","keywords":["Cursos e P\u00f3s-gradua\u00e7\u00e3o","P\u00f3s-Gradua\u00e7\u00e3o Gran Cursos"],"articleSection":["Gradua\u00e7\u00e3o Gran Faculdade","P\u00f3s-Gradua\u00e7\u00e3o Gran Faculdade","\u00daltimas Not\u00edcias"],"inLanguage":"pt-BR","potentialAction":[{"@type":"CommentAction","name":"Comment","target":["https:\/\/faculdade.grancursosonline.com.br\/blog\/reforma-ortografica\/#respond"]}],"copyrightYear":"2025","copyrightHolder":{"@id":"https:\/\/faculdade.grancursosonline.com.br\/blog\/#organization"}},{"@type":"WebPage","@id":"https:\/\/faculdade.grancursosonline.com.br\/blog\/reforma-ortografica\/","url":"https:\/\/faculdade.grancursosonline.com.br\/blog\/reforma-ortografica\/","name":"Reforma Ortogr\u00e1fica: o que \u00e9 e quando foi a \u00faltima? Veja!","isPartOf":{"@id":"https:\/\/faculdade.grancursosonline.com.br\/blog\/#website"},"primaryImageOfPage":{"@id":"https:\/\/faculdade.grancursosonline.com.br\/blog\/reforma-ortografica\/#primaryimage"},"image":{"@id":"https:\/\/faculdade.grancursosonline.com.br\/blog\/reforma-ortografica\/#primaryimage"},"thumbnailUrl":"https:\/\/blog-es-static.infra.grancursosonline.com.br\/wp-content\/uploads\/2024\/01\/10111927\/reforma-ortografica-2.jpg","datePublished":"2025-10-13T20:53:04+00:00","dateModified":"2025-10-13T20:53:09+00:00","description":"Saiba tudo sobre a \u00faltima reforma ortogr\u00e1fica, o que mudou e como funcionam as novas regras. Isso e muito mais aqui!","breadcrumb":{"@id":"https:\/\/faculdade.grancursosonline.com.br\/blog\/reforma-ortografica\/#breadcrumb"},"inLanguage":"pt-BR","potentialAction":[{"@type":"ReadAction","target":["https:\/\/faculdade.grancursosonline.com.br\/blog\/reforma-ortografica\/"]}]},{"@type":"ImageObject","inLanguage":"pt-BR","@id":"https:\/\/faculdade.grancursosonline.com.br\/blog\/reforma-ortografica\/#primaryimage","url":"https:\/\/blog-es-static.infra.grancursosonline.com.br\/wp-content\/uploads\/2024\/01\/10111927\/reforma-ortografica-2.jpg","contentUrl":"https:\/\/blog-es-static.infra.grancursosonline.com.br\/wp-content\/uploads\/2024\/01\/10111927\/reforma-ortografica-2.jpg","width":1001,"height":601},{"@type":"BreadcrumbList","@id":"https:\/\/faculdade.grancursosonline.com.br\/blog\/reforma-ortografica\/#breadcrumb","itemListElement":[{"@type":"ListItem","position":1,"name":"In\u00edcio","item":"https:\/\/faculdade.grancursosonline.com.br\/blog\/"},{"@type":"ListItem","position":2,"name":"Gradua\u00e7\u00e3o Gran Faculdade","item":"https:\/\/faculdade.grancursosonline.com.br\/blog\/graduacao\/"},{"@type":"ListItem","position":3,"name":"Reforma Ortogr\u00e1fica: o que \u00e9 e quando foi a \u00faltima? Veja!"}]},{"@type":"WebSite","@id":"https:\/\/faculdade.grancursosonline.com.br\/blog\/#website","url":"https:\/\/faculdade.grancursosonline.com.br\/blog\/","name":"Blog Gran Faculdade","description":"Tudo sobre ensino superior, p\u00f3s-gradua\u00e7\u00e3o, enem e carreira.","publisher":{"@id":"https:\/\/faculdade.grancursosonline.com.br\/blog\/#organization"},"potentialAction":[{"@type":"SearchAction","target":{"@type":"EntryPoint","urlTemplate":"https:\/\/faculdade.grancursosonline.com.br\/blog\/?s={search_term_string}"},"query-input":{"@type":"PropertyValueSpecification","valueRequired":true,"valueName":"search_term_string"}}],"inLanguage":"pt-BR"},{"@type":"Organization","@id":"https:\/\/faculdade.grancursosonline.com.br\/blog\/#organization","name":"Gran Cursos Online","url":"https:\/\/faculdade.grancursosonline.com.br\/blog\/","logo":{"@type":"ImageObject","inLanguage":"pt-BR","@id":"https:\/\/faculdade.grancursosonline.com.br\/blog\/#\/schema\/logo\/image\/","url":"https:\/\/blog-es-static.infra.grancursosonline.com.br\/wp-content\/uploads\/2019\/08\/03123934\/logo.png","contentUrl":"https:\/\/blog-es-static.infra.grancursosonline.com.br\/wp-content\/uploads\/2019\/08\/03123934\/logo.png","width":300,"height":57,"caption":"Gran Cursos Online"},"image":{"@id":"https:\/\/faculdade.grancursosonline.com.br\/blog\/#\/schema\/logo\/image\/"},"sameAs":["https:\/\/www.facebook.com\/grancursosonline\/","https:\/\/x.com\/gran_online","https:\/\/www.instagram.com\/grancursosonline\/","https:\/\/www.youtube.com\/user\/grancursostv"]},{"@type":"Person","@id":"https:\/\/faculdade.grancursosonline.com.br\/blog\/#\/schema\/person\/e41590de43e91fa2adf3cf8b740a6a34","name":"Larissa de Fran\u00e7a","url":"https:\/\/faculdade.grancursosonline.com.br\/blog\/author\/larisa-leonardo\/"}]}},"_links":{"self":[{"href":"https:\/\/faculdade.grancursosonline.com.br\/blog\/wp-json\/wp\/v2\/posts\/79687800","targetHints":{"allow":["GET"]}}],"collection":[{"href":"https:\/\/faculdade.grancursosonline.com.br\/blog\/wp-json\/wp\/v2\/posts"}],"about":[{"href":"https:\/\/faculdade.grancursosonline.com.br\/blog\/wp-json\/wp\/v2\/types\/post"}],"author":[{"embeddable":true,"href":"https:\/\/faculdade.grancursosonline.com.br\/blog\/wp-json\/wp\/v2\/users\/513"}],"replies":[{"embeddable":true,"href":"https:\/\/faculdade.grancursosonline.com.br\/blog\/wp-json\/wp\/v2\/comments?post=79687800"}],"version-history":[{"count":5,"href":"https:\/\/faculdade.grancursosonline.com.br\/blog\/wp-json\/wp\/v2\/posts\/79687800\/revisions"}],"predecessor-version":[{"id":79758637,"href":"https:\/\/faculdade.grancursosonline.com.br\/blog\/wp-json\/wp\/v2\/posts\/79687800\/revisions\/79758637"}],"wp:featuredmedia":[{"embeddable":true,"href":"https:\/\/faculdade.grancursosonline.com.br\/blog\/wp-json\/wp\/v2\/media\/79758560"}],"wp:attachment":[{"href":"https:\/\/faculdade.grancursosonline.com.br\/blog\/wp-json\/wp\/v2\/media?parent=79687800"}],"wp:term":[{"taxonomy":"category","embeddable":true,"href":"https:\/\/faculdade.grancursosonline.com.br\/blog\/wp-json\/wp\/v2\/categories?post=79687800"},{"taxonomy":"post_tag","embeddable":true,"href":"https:\/\/faculdade.grancursosonline.com.br\/blog\/wp-json\/wp\/v2\/tags?post=79687800"}],"curies":[{"name":"wp","href":"https:\/\/api.w.org\/{rel}","templated":true}]}}