{"id":79696078,"date":"2024-02-05T17:34:19","date_gmt":"2024-02-05T20:34:19","guid":{"rendered":"https:\/\/blog.grancursosonline.com.br\/?p=79696078"},"modified":"2024-02-05T17:34:21","modified_gmt":"2024-02-05T20:34:21","slug":"paulo-sousa-gran-faculdade","status":"publish","type":"post","link":"https:\/\/faculdade.grancursosonline.com.br\/blog\/paulo-sousa-gran-faculdade\/","title":{"rendered":"Paulo estuda An\u00e1lise e Desenvolvimento de Sistemas no Gran!"},"content":{"rendered":"\n<p>O anivers\u00e1rio da <a href=\"https:\/\/faculdade.grancursosonline.com.br\/\" target=\"_blank\" rel=\"noreferrer noopener\">Gran Faculdade<\/a> chegou e estamos contando a trajet\u00f3ria de alguns estudantes que confiam, comprovam e acreditam na excel\u00eancia de nossos <a href=\"https:\/\/faculdade.grancursosonline.com.br\/nossos-cursos\/\" target=\"_blank\" rel=\"noreferrer noopener\">cursos de gradua\u00e7\u00e3o<\/a> e est\u00e3o mudando de vida.<\/p>\n\n\n\n<p>Nesse artigo vamos contar um pouco da hist\u00f3ria do Paulo Renan, aluno do curso de gradua\u00e7\u00e3o em <a href=\"https:\/\/faculdade.grancursosonline.com.br\/curso\/analise-e-desenvolvimento-de-sistemas\/\" target=\"_blank\" rel=\"noreferrer noopener\">An\u00e1lise e Desenvolvimento de Sistemas<\/a>.<\/p>\n\n\n\n<p>Acompanhando o artigo para saber mais ou navegue pelo \u00edndice:<\/p>\n\n\n\n<ul class=\"wp-block-list\">\n<li><a href=\"#paulo\">Quem \u00e9 Paulo de Sousa?<\/a><\/li>\n\n\n\n<li><a href=\"#pontos-positivos\">O que voc\u00ea mais gosta como aluno da Gran Faculdade?<\/a><\/li>\n\n\n\n<li><a href=\"#vida-profissional\">Quais os seus planos para a vida profissional?<\/a><\/li>\n\n\n\n<li><a href=\"#dica\">Que dica voc\u00ea daria para si mesmo quando come\u00e7ou?<\/a><\/li>\n<\/ul>\n\n\n<div class=\"container-tabela\"><table border=\"1\" bgcolor=\"aliceblue\">\n<tbody>\n<tr>\n<td><strong>Destaques:<\/strong><\/p>\n<ul>\n<li><a href=\"https:\/\/blog.grancursosonline.com.br\/ivalda-oliveira-administracao-gran-faculdade\/\" target=\"_blank\" rel=\"noopener\">Ivalda persistiu e hoje faz Administra\u00e7\u00e3o na Gran Faculdade!<\/a><\/li>\n<li><a href=\"https:\/\/blog.grancursosonline.com.br\/rodrigo-alves-gran-faculdade\/\" target=\"_blank\" rel=\"noopener\">F\u00e3 de TI, Rodrigo estuda Ci\u00eancia de Dados na Gran Faculdade!<\/a> <\/li>\n<li><a href=\"https:\/\/blog.grancursosonline.com.br\/priscila-souza-gran-faculdade\/\" target=\"_blank\" rel=\"noopener\">Priscila faz An\u00e1lise e Desenvolvimento de Sistemas no Gran!<\/a><\/li>\n<\/ul>\n<\/td>\n<\/tr>\n<\/tbody>\n<\/table><\/div>\n\n\n<h2 class=\"wp-block-heading\" id=\"h-tem-duvidas-sobre-como-comecar-uma-faculdade-baixe-gratuitamente-o-nosso-guia-da-graduacao\">Tem d\u00favidas sobre como come\u00e7ar uma faculdade? Baixe gratuitamente o nosso Guia da Gradua\u00e7\u00e3o!<\/h2>\n\n\n\n<div class=\"wp-block-group\"><div class=\"wp-block-group__inner-container is-layout-constrained wp-block-group-is-layout-constrained\">\n<p><strong>Enfrentar novos desafios por vezes vem acompanhado de muitas d\u00favidas,<\/strong> e \u00e9 por isso que a equipe da Gran Faculdade preparou um material completo e gratuito que vai te ajudar a compreender melhor como funciona uma Gradua\u00e7\u00e3o.<\/p>\n\n\n\n<p>No e-book que criamos para voc\u00ea, respondemos perguntas como:<\/p>\n\n\n\n<ul class=\"wp-block-list\">\n<li>O que \u00e9 Gradua\u00e7\u00e3o?<\/li>\n\n\n\n<li>Quais os tipos de Gradua\u00e7\u00e3o?<\/li>\n\n\n\n<li>Como escolher meu curso de Gradua\u00e7\u00e3o?<\/li>\n\n\n\n<li>Como come\u00e7ar uma Gradua\u00e7\u00e3o?<\/li>\n<\/ul>\n\n\n\n<p>Al\u00e9m de te dar estas respostas, tamb\u00e9m <strong>te explicamos de forma simplificada outras quest\u00f5es relacionadas ao universo acad\u00eamico. <\/strong>N\u00e3o deixe de conferir!<\/p>\n\n\n\n<p>Para receber o material gratuitamente, basta preencher o formul\u00e1rio abaixo:<\/p>\n\n\n\n<script src=\"https:\/\/mkt-forms.grancursosonline.com.br\/ef5c255d33bcf026715e3670a4595fac.js\"><\/script>\n<script>\n\u00a0\u00a0marketingcloudForm.renderForm({\n\u00a0\u00a0\u00a0\u00a0externalKey: 'ef5c255d33bcf026715e3670a4595fac'\n\u00a0\u00a0});\n<\/script>\n<\/div><\/div>\n\n\n<p><script charset=\"utf-8\" type=\"text\/javascript\" src=\"\/\/js.hsforms.net\/forms\/embed\/v2.js\"><\/script> <script><br \/>\nhbspt.forms.create({<br \/>\nregion: \"na1\",<br \/>\nportalId: \"302036\",<br \/>\nformId: \"69778604-e262-48f2-942a-61e60ed568c2\"<br \/>\n});<br \/>\n<\/script><\/p>\n\n\n<h2 class=\"wp-block-heading\" id=\"paulo\">Quem \u00e9 Paulo de Sousa?<\/h2>\n\n\n\n<p>Paulo Renan atuou 10 anos como advogado e durante a pandemia percebeu que n\u00e3o se sentia totalmente realizado profissionalmente. Sempre nutriu uma paix\u00e3o pela tecnologia que s\u00f3 cresceu durante os anos at\u00e9 que come\u00e7ou a sua transi\u00e7\u00e3o de carreira para a \u00e1rea de TI. Inspirado por amigos nessa \u00e1rea, suas experi\u00eancias foram encorajadoras.<\/p>\n\n\n<p style=\"padding-left: 80px;\"><em><span style=\"font-weight: 400;\">A perspectiva de unir minha paix\u00e3o pela tecnologia com suas hist\u00f3rias solidificou minha decis\u00e3o. Ao fazer essa transi\u00e7\u00e3o, estou entusiasmado com as possibilidades que a tecnologia oferece, vendo-a como uma oportunidade de crescimento pessoal e profissional no campo da TI.<\/span><\/em><\/p>\n\n\n<p>Paulo \u00e9 filho de m\u00e3e solo e sempre buscou o equil\u00edbrio entre estudo, est\u00e1gio e advocacia. Al\u00e9m disso, durante 10 anos ele teve que lidar e cuidar de uma depress\u00e3o:\/cla<\/p>\n\n\n<p style=\"padding-left: 80px;\"><em><span style=\"font-weight: 400;\">A hist\u00f3ria dos \u00faltimos anos inclui um cap\u00edtulo desafiador, no qual enfrentei a depress\u00e3o. Superar essa batalha foi uma jornada \u00e1rdua, mas tamb\u00e9m transformadora. Cada passo na minha rotina di\u00e1ria, cada compromisso cumprido, \u00e9 uma pequena vit\u00f3ria que destaca meu progresso na recupera\u00e7\u00e3o e na constru\u00e7\u00e3o de uma vida mais equilibrada.<\/span><\/em><\/p>\n\n\n<p>Ele faz est\u00e1gio na Infraero,\u00a0 atua com a advocacia geralmente no per\u00edodo da manh\u00e3 e estuda o seu curso de gradua\u00e7\u00e3o na Gran Faculdade a noite. Procura sempre ser muito organizado com sua rotina que, com as ferramentas do Gran, facilitam a flexibiliza\u00e7\u00e3o dos estudos.<\/p>\n\n\n<p style=\"padding-left: 80px;\"><em><span style=\"font-weight: 400;\">O meu dia a dia \u00e9 estruturado com cuidado para incorporar elementos que promovam meu bem-estar mental e emocional. Come\u00e7o cada manh\u00e3 com um ritual simples, mas significativo: um copo de caf\u00e9 sem a\u00e7\u00facar. Essa pausa matinal se tornou um momento para a reflex\u00e3o e para preparar-me para os desafios do dia.<\/span><\/em><\/p>\n\n\n<h2 class=\"wp-block-heading\" id=\"pontos-positivos\">O que voc\u00ea mais gosta como aluno da Gran Faculdade?<\/h2>\n\n\n\n<p>Para Paulo, estudar na Gran Faculdade tem sido transformador. Ele conta que a flexibilidade do Gran permitiu que ele conciliasse os seus estudos e tamb\u00e9m sua atua\u00e7\u00e3o no campo jur\u00eddico enquanto conclui os estudos:<\/p>\n\n\n<p style=\"padding-left: 80px;\"><em><span style=\"font-weight: 400;\">A flexibilidade oferecida pela Gran Faculdade n\u00e3o apenas facilitou minha imers\u00e3o na tecnologia, mas tamb\u00e9m possibilitou que eu mantivesse meu compromisso profissional no campo jur\u00eddico. Essa dualidade tem sido fundamental para meu crescimento pessoal e profissional, evidenciando a versatilidade proporcionada pela educa\u00e7\u00e3o a dist\u00e2ncia aliada \u00e0 minha dedica\u00e7\u00e3o. Estou entusiasmado em aplicar as habilidades adquiridas para construir uma carreira integrada que une conhecimento jur\u00eddico e tecnol\u00f3gico, uma combina\u00e7\u00e3o cada vez mais relevante nos dias de hoje.<\/span><\/em><\/p>\n\n\n<p>O que foi crucial para que Paulo fizesse sua matr\u00edcula no Gran foi justamente o lan\u00e7amento da faculdade e a sua decis\u00e3o de ir pra tecnologia.<\/p>\n\n\n<p style=\"padding-left: 80px;\"><em><span style=\"font-weight: 400;\">Foi como se a oportunidade certa surgisse no momento certo. A hist\u00f3ria em constru\u00e7\u00e3o pela institui\u00e7\u00e3o, combinada com minha decis\u00e3o de abra\u00e7ar a tecnologia, criou uma conex\u00e3o instant\u00e2nea. Querer fazer parte dessa jornada \u00fanica e inovadora da Gran foi o impulso que solidificou minha decis\u00e3o de me matricular e contribuir para essa hist\u00f3ria.<\/span><\/em><\/p>\n\n\n<h2 class=\"wp-block-heading\" id=\"vida-profissional\">Quais os seus planos para a vida profissional?<\/h2>\n\n\n\n<p>Os rumos profissionais da vida de Paulo come\u00e7aram a mudar logo que se matriculou na Gran Faculdade: ele conseguiu um est\u00e1gio na Infraero na \u00e1rea de <a href=\"https:\/\/faculdade.grancursosonline.com.br\/curso\/gestao-de-recursos-humanos\/\" target=\"_blank\" rel=\"noreferrer noopener\">Gest\u00e3o de RH<\/a> e atualmente na \u00e1rea de Tecnologia:<\/p>\n\n\n<p style=\"padding-left: 80px;\"><em><span style=\"font-weight: 400;\">A combina\u00e7\u00e3o entre os estudos na Gran e a pr\u00e1tica na INFRAERO tem sido enriquecedora, permitindo-me aplicar os conhecimentos adquiridos na faculdade diretamente no meu trabalho e vice-versa. Estou empolgado com o crescimento cont\u00ednuo nessa trajet\u00f3ria que envolve aprendizado pr\u00e1tico e acad\u00eamico.<\/span><\/em><\/p>\n\n\n<p>Considera que o seu desenvolvimento profissional e acad\u00eamico tem sido promissores. Ele acredita que a faculdade est\u00e1 sendo um desafio estimulante e fundamental no crescimento da sua carreira.<\/p>\n\n\n<p style=\"padding-left: 80px;\"><em>Sinto-me bastante esperan\u00e7oso em rela\u00e7\u00e3o ao futuro, pois percebo que a gradua\u00e7\u00e3o est\u00e1 proporcionando uma base s\u00f3lida de conhecimento e compet\u00eancias que s\u00e3o diretamente aplic\u00e1veis ao meu trabalho na \u00e1rea de tecnologia. Essa combina\u00e7\u00e3o de teoria e pr\u00e1tica est\u00e1 ampliando minhas perspectivas e me capacitando para enfrentar desafios mais complexos.<\/em> <\/p>\n\n\n<p>Al\u00e9m disso, Paulo nos conta que antes de fazer sua transi\u00e7\u00e3o de carreira enfrentou alguns desafios financeiros atuando como advogado. Hoje ele considera que evoluiu nessa quest\u00e3o e se sente mais seguro e est\u00e1vel financeiramente.<\/p>\n\n\n\n<h2 class=\"wp-block-heading\" id=\"Acompanhando-o-artigo-para-saber-mais-ou-navegue-pelo-\u00edndice:--Quem-\u00e9-Benedita-Esp\u00edndola?--O-que-voc\u00ea-mais-gosta-como-aluna-da-Gran-Faculdade?--Quais-os-seus-planos-para-a-vida-profissional?--Que-dica-voc\u00ea-daria-para-si-mesmo-quando-come\u00e7ou?--Destaques:--Ivalda-persistiu-e-hoje-faz-Administra\u00e7\u00e3o-na-Gran-Faculdade!-F\u00e3-de-TI,-Rodrigo-estuda-Ci\u00eancia-de-Dados-na-Gran-Faculdade!--Priscila-faz-An\u00e1lise-e-Desenvolvimento-de-Sistemas-no-Gran!--Quem-\u00e9-Benedita-Esp\u00edndola?--Benedita-tem-uma-hist\u00f3ria-com-idas-e-vindas:-foi-professora-no-estado-de-Goi\u00e1s,-mas-deixou-de-dar-aulas-quando-se-casou-e-mudou-para-o-Distrito-Federal.-Se-tornou-dona-de-casa-e-passou,-se-divorciou-e-passou-a-investir-apenas-na-carreira-das-filhas-que-a-enchem-de-orgulho:-uma-\u00e9-Qu\u00edmica-e-a-outra-fez-Direito-e-Pedagogia.--No-seu-tempo-livre-gosta-de-assistir-s\u00e9ries-e-ver-filmes-baseados-em-hist\u00f3rias-reais.-\u00c9-uma-pessoa-religiosa-e-seu-sorvete-favorito-\u00e9-de-Graviola.-\u00c9-considerada-a-mais-engra\u00e7ada-no-grupo-de-amigas-e-adora-interagir-com-pessoas-divertidas-e-ver-filmes-de-com\u00e9dia.--O-que-voc\u00ea-mais-gosta-como-aluna-da-Gran-Faculdade?--Uma-das-coisas-que-Benedita-mais-gosta-na-Gran-Faculdade-s\u00e3o-nossos-professores.-Todos-s\u00e3o-especialistas-em-suas-\u00e1reas-de-atua\u00e7\u00e3o,-atuantes-no-mercado-de-trabalho,-unindo-o-que-h\u00e1-de-melhor-e-essencial-entre-teoria-e-pr\u00e1tica:--Gosto-muito-das-aulas-e-dos-conte\u00fados,-os-professores-s\u00e3o-\u00f3timos.--Al\u00e9m-disso,-a-flexibilidade-de-uma-faculdade-digital-\u00e9-essencial-para-Benedita.-Ela-conta-que-trabalha-um-per\u00edodo-e-no-outro-se-dedica-\u00e0s-aulas.-Afinal,-com-a-Gran-Faculdade,-o-estudante-tem-autonomia-para-definir-o-seu-pr\u00f3prio-ritmo-de-estudos.--Quais-os-seus-planos-para-a-vida-profissional?--Uma-de-suas-filhas-\u00e9-aluna-de-gradua\u00e7\u00e3o-da-Gran-Faculdade-e-a-incentivou-a-voltar-a-estudar-depois-de-um-tempo-parada.--S\u00f3-agora-estou-investindo-na-minha-carreira.-Hoje-trabalho-como-cozinheira-em-uma-escola,-e-no-turno-contr\u00e1rio-estou-me-dedicando-nos-meus-estudos.-Tenho-crescido-bastante-e-gosto-muito-dessa-\u00e1rea-que-escolhi.--Benedita-conta-que-fez-curso-de-Magist\u00e9rio-anos-atr\u00e1s-e-atuou-por-algum-tempo,-mas-s\u00f3-agora-voltou-a-estudar,-depois-que-as-filhas-se-formaram.-Hoje-o-seu-objetivo-\u00e9-se-dedicar-\u00e0-alfabetiza\u00e7\u00e3o-de-idosos.--Meu-alvo-atual-\u00e9-me-dedicar-a-alfabetiza\u00e7\u00e3o-de-idosos,-esse-\u00e9-meu-alvo,-espero-conseguir-atingi-lo.-Anos-antes,-meu-curso-foi-de-Magist\u00e9rio,-atuei-por-algum-tempo,-e-agora-resolvi-voltar-a-estudar-depois-que-minhas-filhas-se-formaram.--Que-dica-voc\u00ea-daria-para-si-mesmo-quando-come\u00e7ou?---Pedimos-para-a-Benedita-deixar-uma-dica-para-quem-est\u00e1-pensando-em-retomar-os-estudos-e-tem-uma-hist\u00f3ria-parecida-com-a-sua.-Sua-principal-dificuldade-no-in\u00edcio-foi-com-o-computador,-mas-hoje-em-dia-j\u00e1-est\u00e1-acostumada-e-acredita-que-um-bom-conselho-\u00e9:--Se-esfor\u00e7ar-mais-com-as-m\u00eddias-e-conhecer-mais-sobre-a-internet.--Aqui-na-Gran-Faculdade-o-aluno-conta-com-diversas-ferramentas-para-otimizar-os-seus-estudos.-Unimos-o-que-h\u00e1-de-melhor-entre-teoria-e-pr\u00e1tica,-tudo-de-acordo-com-os-seus-objetivos.--S\u00e3o-diversas-\u00e1reas-de-forma\u00e7\u00e3o-100%-digitais,-pagando-mensalidades-que-cabem-no-seu-bolso.-Confira:\">Que dica voc\u00ea daria para si mesmo quando come\u00e7ou?&nbsp;<\/h2>\n\n\n\n<p>Paulo perdeu a m\u00e3e em 2014 e foi um momento muito dif\u00edcil. Essa perda significativa fez com que ele questionasse muitas coisas e por muito tempo pensou em desistir. Ainda assim, encontrou for\u00e7as para recome\u00e7ar.<\/p>\n\n\n\n<p>Paulo deixa uma dica para quem est\u00e1 passando por um momento dif\u00edcil e quer come\u00e7ar a estudar:<\/p>\n\n\n<p style=\"padding-left: 80px;\"><em><span style=\"font-weight: 400;\">Lembre-se, nem tudo que voc\u00ea sente est\u00e1 acontecendo. A maior parte das coisas que passam pela sua cabe\u00e7a ficam apenas l\u00e1, e est\u00e1 tudo bem. Valorize o presente; 99% das preocupa\u00e7\u00f5es que voc\u00ea tem s\u00e3o passageiras. Viva o agora, aceite a imperfei\u00e7\u00e3o e confie no seu potencial. Construa sua jornada um tijolo por vez, arrisque-se e abrace cada momento, pois \u00e9 no presente que a verdadeira vida acontece.<\/span><\/em><\/p>\n\n\n<p>Aqui na <a href=\"https:\/\/faculdade.grancursosonline.com.br\/\" target=\"_blank\" rel=\"noreferrer noopener\">Gran Faculdade<\/a> o aluno conta com diversas ferramentas para otimizar os seus estudos. Unimos o que h\u00e1 de melhor entre teoria e pr\u00e1tica, tudo de acordo com os seus objetivos.<\/p>\n\n\n\n<p>S\u00e3o diversas \u00e1reas de forma\u00e7\u00e3o 100% digitais, pagando mensalidades que cabem no seu bolso. Confira:<\/p>\n\n\n\n<div class=\"wp-block-group\"><div class=\"wp-block-group__inner-container is-layout-constrained wp-block-group-is-layout-constrained\">\n<h3 class=\"wp-block-heading\" id=\"h-cursos-de-graduacao-ead\">Cursos de gradua\u00e7\u00e3o EAD<\/h3>\n\n\n\n<p>S\u00e3o <a href=\"https:\/\/faculdade.grancursosonline.com.br\/nossos-cursos\/\" target=\"_blank\" rel=\"noreferrer noopener\">mais de 30 op\u00e7\u00f5es de cursos de gradua\u00e7\u00e3o EAD<\/a> com dura\u00e7\u00e3o a partir de 2 anos na Gran Faculdade, ideais para quem quer se destacar em uma carreira no setor p\u00fablico ou privado. Escolha o seu e aproveite a entrada imediata para come\u00e7ar a conquistar seu diploma hoje mesmo! <\/p>\n<\/div><\/div>\n\n\n\n\n\n<h2 class=\"wp-block-heading\" id=\"h-vem-pra-gran-faculdade\">Vem pra Gran Faculdade!<\/h2>\n\n\n\n<p>A Gran Faculdade vem mudando a vida de milhares de pessoas por meio de cursos \u00e0 dist\u00e2ncia de <a href=\"https:\/\/faculdade.grancursosonline.com.br\/\" target=\"_blank\" rel=\"noreferrer noopener\">gradua\u00e7\u00e3o<\/a>, <a href=\"https:\/\/pos.grancursosonline.com.br\/\" target=\"_blank\" rel=\"noreferrer noopener\">p\u00f3s-gradua\u00e7\u00e3o<\/a> e <a href=\"https:\/\/pos.grancursosonline.com.br\/mba\" target=\"_blank\" rel=\"noreferrer noopener\">MBA<\/a>. Seja no digital ou em nosso <a href=\"https:\/\/presencial.grancursosonline.com.br\/\" target=\"_blank\" rel=\"noreferrer noopener\">Campus Presencial em Curitiba<\/a>, a nossa miss\u00e3o \u00e9 transformar a educa\u00e7\u00e3o superior.<\/p>\n\n\n\n<p>Como parte de Sistema Gran de Ensino, que \u00e9 reconhecido como marca aprovadora h\u00e1 mais de 10 anos, constru\u00edmos uma renomada reputa\u00e7\u00e3o na \u00e1rea de educa\u00e7\u00e3o.<\/p>\n\n\n\n<p>Veja algumas de nossas conquistas:<\/p>\n\n\n\n<ul class=\"wp-block-list\">\n<li>Reconhecido pela Amazon como um dos projetos mais relevantes do mundo na \u00e1rea de Tecnologia e Educa\u00e7\u00e3o;<\/li>\n\n\n\n<li>Foi eleito pelo Project Management Institute (PMI), um dos 50 Projetos Mais Influentes do mundo;<\/li>\n\n\n\n<li>Somos o site de educa\u00e7\u00e3o mais acessado do Brasil;<\/li>\n\n\n\n<li>Somos avaliados com a nota m\u00e1xima pelo MEC;<\/li>\n\n\n\n<li>Aqui o semestre come\u00e7a quando quiser: entrada imediata e cont\u00ednua!<\/li>\n\n\n\n<li>Melhores pre\u00e7os do mercado;<\/li>\n\n\n\n<li>Mais de 500 mil alunos pagantes e mais de 1000 funcion\u00e1rios;<\/li>\n\n\n\n<li>Diversas ferramentas de estudo: PDFs, audiobooks, mapas mentais, videoaulas, quest\u00f5es, gerenciador de estudos e muito mais!<\/li>\n\n\n\n<li>Professores experientes e capacitados;<\/li>\n\n\n\n<li>Acesso imediato e 100% online.<\/li>\n<\/ul>\n\n\n\n<p class=\"has-text-align-center has-text-align-center\"><strong><a href=\"https:\/\/faculdade.grancursosonline.com.br\/\" target=\"_blank\" rel=\"noreferrer noopener\">Quero ser aluno da Gran Faculdade!<\/a><\/strong><\/p>\n","protected":false},"excerpt":{"rendered":"<p>O anivers\u00e1rio da Gran Faculdade chegou e estamos contando a trajet\u00f3ria de alguns estudantes que confiam, comprovam e acreditam na excel\u00eancia de nossos cursos de gradua\u00e7\u00e3o e est\u00e3o mudando de vida. Nesse artigo vamos contar um pouco da hist\u00f3ria do Paulo Renan, aluno do curso de gradua\u00e7\u00e3o em An\u00e1lise e Desenvolvimento de Sistemas. Acompanhando o&hellip;<\/p>\n","protected":false},"author":486,"featured_media":79696080,"comment_status":"open","ping_status":"open","sticky":false,"template":"","format":"standard","meta":{"_acf_changed":false,"content-type":"","footnotes":""},"categories":[218545,2],"tags":[],"class_list":["post-79696078","post","type-post","status-publish","format-standard","has-post-thumbnail","hentry","category-graduacao","category-ultimas-noticias"],"acf":[],"yoast_head":"<!-- This site is optimized with the Yoast SEO Premium plugin v27.2 (Yoast SEO v27.2) - https:\/\/yoast.com\/product\/yoast-seo-premium-wordpress\/ -->\n<title>Paulo estuda An\u00e1lise e Desenvolvimento de Sistemas no Gran!<\/title>\n<meta name=\"description\" content=\"Conhe\u00e7a a hist\u00f3ria de Paulo Renan, aluno do curso de An\u00e1lise e Desenvolvimento de Sistemas EAD na Gran Faculdade. Acesse e confira!\" \/>\n<meta name=\"robots\" content=\"index, follow, max-snippet:-1, max-image-preview:large, max-video-preview:-1\" \/>\n<link rel=\"canonical\" href=\"https:\/\/faculdade.grancursosonline.com.br\/blog\/paulo-sousa-gran-faculdade\/\" \/>\n<meta property=\"og:locale\" content=\"pt_BR\" \/>\n<meta property=\"og:type\" content=\"article\" \/>\n<meta property=\"og:title\" content=\"Paulo estuda An\u00e1lise e Desenvolvimento de Sistemas no Gran!\" \/>\n<meta property=\"og:description\" content=\"Conhe\u00e7a a hist\u00f3ria de Paulo Renan, aluno do curso de An\u00e1lise e Desenvolvimento de Sistemas EAD na Gran Faculdade. Acesse e confira!\" \/>\n<meta property=\"og:url\" content=\"https:\/\/faculdade.grancursosonline.com.br\/blog\/paulo-sousa-gran-faculdade\/\" \/>\n<meta property=\"og:site_name\" content=\"Blog Gran Faculdade\" \/>\n<meta property=\"article:publisher\" content=\"https:\/\/www.facebook.com\/grancursosonline\/\" \/>\n<meta property=\"article:published_time\" content=\"2024-02-05T20:34:19+00:00\" \/>\n<meta property=\"article:modified_time\" content=\"2024-02-05T20:34:21+00:00\" \/>\n<meta property=\"og:image\" content=\"https:\/\/blog-es-static.infra.grancursosonline.com.br\/wp-content\/uploads\/2024\/02\/05173237\/paulo-sousa.jpg\" \/>\n\t<meta property=\"og:image:width\" content=\"511\" \/>\n\t<meta property=\"og:image:height\" content=\"311\" \/>\n\t<meta property=\"og:image:type\" content=\"image\/jpeg\" \/>\n<meta name=\"author\" content=\"Equipe Gran\" \/>\n<meta name=\"twitter:card\" content=\"summary_large_image\" \/>\n<meta name=\"twitter:creator\" content=\"@gran_online\" \/>\n<meta name=\"twitter:site\" content=\"@gran_online\" \/>\n<meta name=\"twitter:label1\" content=\"Written by\" \/>\n\t<meta name=\"twitter:data1\" content=\"Equipe Gran\" \/>\n\t<meta name=\"twitter:label2\" content=\"Est. reading time\" \/>\n\t<meta name=\"twitter:data2\" content=\"6 minutos\" \/>\n<script type=\"application\/ld+json\" class=\"yoast-schema-graph\">{\"@context\":\"https:\/\/schema.org\",\"@graph\":[{\"@type\":\"NewsArticle\",\"@id\":\"https:\/\/faculdade.grancursosonline.com.br\/blog\/paulo-sousa-gran-faculdade\/#article\",\"isPartOf\":{\"@id\":\"https:\/\/faculdade.grancursosonline.com.br\/blog\/paulo-sousa-gran-faculdade\/\"},\"author\":{\"name\":\"Equipe Gran\",\"@id\":\"https:\/\/faculdade.grancursosonline.com.br\/blog\/#\/schema\/person\/c05f350f8ea43a7138aaffc6a87bc5e0\"},\"headline\":\"Paulo estuda An\u00e1lise e Desenvolvimento de Sistemas no Gran!\",\"datePublished\":\"2024-02-05T20:34:19+00:00\",\"dateModified\":\"2024-02-05T20:34:21+00:00\",\"mainEntityOfPage\":{\"@id\":\"https:\/\/faculdade.grancursosonline.com.br\/blog\/paulo-sousa-gran-faculdade\/\"},\"wordCount\":1077,\"commentCount\":0,\"publisher\":{\"@id\":\"https:\/\/faculdade.grancursosonline.com.br\/blog\/#organization\"},\"image\":{\"@id\":\"https:\/\/faculdade.grancursosonline.com.br\/blog\/paulo-sousa-gran-faculdade\/#primaryimage\"},\"thumbnailUrl\":\"https:\/\/blog-es-static.infra.grancursosonline.com.br\/wp-content\/uploads\/2024\/02\/05173237\/paulo-sousa.jpg\",\"articleSection\":[\"Gradua\u00e7\u00e3o Gran Faculdade\",\"\u00daltimas Not\u00edcias\"],\"inLanguage\":\"pt-BR\",\"potentialAction\":[{\"@type\":\"CommentAction\",\"name\":\"Comment\",\"target\":[\"https:\/\/faculdade.grancursosonline.com.br\/blog\/paulo-sousa-gran-faculdade\/#respond\"]}],\"copyrightYear\":\"2024\",\"copyrightHolder\":{\"@id\":\"https:\/\/faculdade.grancursosonline.com.br\/blog\/#organization\"}},{\"@type\":\"WebPage\",\"@id\":\"https:\/\/faculdade.grancursosonline.com.br\/blog\/paulo-sousa-gran-faculdade\/\",\"url\":\"https:\/\/faculdade.grancursosonline.com.br\/blog\/paulo-sousa-gran-faculdade\/\",\"name\":\"Paulo estuda An\u00e1lise e Desenvolvimento de Sistemas no Gran!\",\"isPartOf\":{\"@id\":\"https:\/\/faculdade.grancursosonline.com.br\/blog\/#website\"},\"primaryImageOfPage\":{\"@id\":\"https:\/\/faculdade.grancursosonline.com.br\/blog\/paulo-sousa-gran-faculdade\/#primaryimage\"},\"image\":{\"@id\":\"https:\/\/faculdade.grancursosonline.com.br\/blog\/paulo-sousa-gran-faculdade\/#primaryimage\"},\"thumbnailUrl\":\"https:\/\/blog-es-static.infra.grancursosonline.com.br\/wp-content\/uploads\/2024\/02\/05173237\/paulo-sousa.jpg\",\"datePublished\":\"2024-02-05T20:34:19+00:00\",\"dateModified\":\"2024-02-05T20:34:21+00:00\",\"description\":\"Conhe\u00e7a a hist\u00f3ria de Paulo Renan, aluno do curso de An\u00e1lise e Desenvolvimento de Sistemas EAD na Gran Faculdade. Acesse e confira!\",\"breadcrumb\":{\"@id\":\"https:\/\/faculdade.grancursosonline.com.br\/blog\/paulo-sousa-gran-faculdade\/#breadcrumb\"},\"inLanguage\":\"pt-BR\",\"potentialAction\":[{\"@type\":\"ReadAction\",\"target\":[\"https:\/\/faculdade.grancursosonline.com.br\/blog\/paulo-sousa-gran-faculdade\/\"]}]},{\"@type\":\"ImageObject\",\"inLanguage\":\"pt-BR\",\"@id\":\"https:\/\/faculdade.grancursosonline.com.br\/blog\/paulo-sousa-gran-faculdade\/#primaryimage\",\"url\":\"https:\/\/blog-es-static.infra.grancursosonline.com.br\/wp-content\/uploads\/2024\/02\/05173237\/paulo-sousa.jpg\",\"contentUrl\":\"https:\/\/blog-es-static.infra.grancursosonline.com.br\/wp-content\/uploads\/2024\/02\/05173237\/paulo-sousa.jpg\",\"width\":511,\"height\":311,\"caption\":\"Paulo estuda An\u00e1lise e Desenvolvimento de Sistemas no Gran!\"},{\"@type\":\"BreadcrumbList\",\"@id\":\"https:\/\/faculdade.grancursosonline.com.br\/blog\/paulo-sousa-gran-faculdade\/#breadcrumb\",\"itemListElement\":[{\"@type\":\"ListItem\",\"position\":1,\"name\":\"In\u00edcio\",\"item\":\"https:\/\/faculdade.grancursosonline.com.br\/blog\/\"},{\"@type\":\"ListItem\",\"position\":2,\"name\":\"\u00daltimas Not\u00edcias\",\"item\":\"https:\/\/faculdade.grancursosonline.com.br\/blog\/ultimas-noticias\/\"},{\"@type\":\"ListItem\",\"position\":3,\"name\":\"Paulo estuda An\u00e1lise e Desenvolvimento de Sistemas no Gran!\"}]},{\"@type\":\"WebSite\",\"@id\":\"https:\/\/faculdade.grancursosonline.com.br\/blog\/#website\",\"url\":\"https:\/\/faculdade.grancursosonline.com.br\/blog\/\",\"name\":\"Blog Gran Faculdade\",\"description\":\"Tudo sobre ensino superior, p\u00f3s-gradua\u00e7\u00e3o, enem e carreira.\",\"publisher\":{\"@id\":\"https:\/\/faculdade.grancursosonline.com.br\/blog\/#organization\"},\"potentialAction\":[{\"@type\":\"SearchAction\",\"target\":{\"@type\":\"EntryPoint\",\"urlTemplate\":\"https:\/\/faculdade.grancursosonline.com.br\/blog\/?s={search_term_string}\"},\"query-input\":{\"@type\":\"PropertyValueSpecification\",\"valueRequired\":true,\"valueName\":\"search_term_string\"}}],\"inLanguage\":\"pt-BR\"},{\"@type\":\"Organization\",\"@id\":\"https:\/\/faculdade.grancursosonline.com.br\/blog\/#organization\",\"name\":\"Gran Cursos Online\",\"url\":\"https:\/\/faculdade.grancursosonline.com.br\/blog\/\",\"logo\":{\"@type\":\"ImageObject\",\"inLanguage\":\"pt-BR\",\"@id\":\"https:\/\/faculdade.grancursosonline.com.br\/blog\/#\/schema\/logo\/image\/\",\"url\":\"https:\/\/blog-es-static.infra.grancursosonline.com.br\/wp-content\/uploads\/2019\/08\/03123934\/logo.png\",\"contentUrl\":\"https:\/\/blog-es-static.infra.grancursosonline.com.br\/wp-content\/uploads\/2019\/08\/03123934\/logo.png\",\"width\":300,\"height\":57,\"caption\":\"Gran Cursos Online\"},\"image\":{\"@id\":\"https:\/\/faculdade.grancursosonline.com.br\/blog\/#\/schema\/logo\/image\/\"},\"sameAs\":[\"https:\/\/www.facebook.com\/grancursosonline\/\",\"https:\/\/x.com\/gran_online\",\"https:\/\/www.instagram.com\/grancursosonline\/\",\"https:\/\/www.youtube.com\/user\/grancursostv\"]},{\"@type\":\"Person\",\"@id\":\"https:\/\/faculdade.grancursosonline.com.br\/blog\/#\/schema\/person\/c05f350f8ea43a7138aaffc6a87bc5e0\",\"name\":\"Equipe Gran\",\"sameAs\":[\"http:\/\/www.grancursosonline.com.br\"],\"url\":\"https:\/\/faculdade.grancursosonline.com.br\/blog\/author\/hugo-oliveira\/\"}]}<\/script>\n<!-- \/ Yoast SEO Premium plugin. -->","yoast_head_json":{"title":"Paulo estuda An\u00e1lise e Desenvolvimento de Sistemas no Gran!","description":"Conhe\u00e7a a hist\u00f3ria de Paulo Renan, aluno do curso de An\u00e1lise e Desenvolvimento de Sistemas EAD na Gran Faculdade. Acesse e confira!","robots":{"index":"index","follow":"follow","max-snippet":"max-snippet:-1","max-image-preview":"max-image-preview:large","max-video-preview":"max-video-preview:-1"},"canonical":"https:\/\/faculdade.grancursosonline.com.br\/blog\/paulo-sousa-gran-faculdade\/","og_locale":"pt_BR","og_type":"article","og_title":"Paulo estuda An\u00e1lise e Desenvolvimento de Sistemas no Gran!","og_description":"Conhe\u00e7a a hist\u00f3ria de Paulo Renan, aluno do curso de An\u00e1lise e Desenvolvimento de Sistemas EAD na Gran Faculdade. Acesse e confira!","og_url":"https:\/\/faculdade.grancursosonline.com.br\/blog\/paulo-sousa-gran-faculdade\/","og_site_name":"Blog Gran Faculdade","article_publisher":"https:\/\/www.facebook.com\/grancursosonline\/","article_published_time":"2024-02-05T20:34:19+00:00","article_modified_time":"2024-02-05T20:34:21+00:00","og_image":[{"width":511,"height":311,"url":"https:\/\/blog-es-static.infra.grancursosonline.com.br\/wp-content\/uploads\/2024\/02\/05173237\/paulo-sousa.jpg","type":"image\/jpeg"}],"author":"Equipe Gran","twitter_card":"summary_large_image","twitter_creator":"@gran_online","twitter_site":"@gran_online","twitter_misc":{"Written by":"Equipe Gran","Est. reading time":"6 minutos"},"schema":{"@context":"https:\/\/schema.org","@graph":[{"@type":"NewsArticle","@id":"https:\/\/faculdade.grancursosonline.com.br\/blog\/paulo-sousa-gran-faculdade\/#article","isPartOf":{"@id":"https:\/\/faculdade.grancursosonline.com.br\/blog\/paulo-sousa-gran-faculdade\/"},"author":{"name":"Equipe Gran","@id":"https:\/\/faculdade.grancursosonline.com.br\/blog\/#\/schema\/person\/c05f350f8ea43a7138aaffc6a87bc5e0"},"headline":"Paulo estuda An\u00e1lise e Desenvolvimento de Sistemas no Gran!","datePublished":"2024-02-05T20:34:19+00:00","dateModified":"2024-02-05T20:34:21+00:00","mainEntityOfPage":{"@id":"https:\/\/faculdade.grancursosonline.com.br\/blog\/paulo-sousa-gran-faculdade\/"},"wordCount":1077,"commentCount":0,"publisher":{"@id":"https:\/\/faculdade.grancursosonline.com.br\/blog\/#organization"},"image":{"@id":"https:\/\/faculdade.grancursosonline.com.br\/blog\/paulo-sousa-gran-faculdade\/#primaryimage"},"thumbnailUrl":"https:\/\/blog-es-static.infra.grancursosonline.com.br\/wp-content\/uploads\/2024\/02\/05173237\/paulo-sousa.jpg","articleSection":["Gradua\u00e7\u00e3o Gran Faculdade","\u00daltimas Not\u00edcias"],"inLanguage":"pt-BR","potentialAction":[{"@type":"CommentAction","name":"Comment","target":["https:\/\/faculdade.grancursosonline.com.br\/blog\/paulo-sousa-gran-faculdade\/#respond"]}],"copyrightYear":"2024","copyrightHolder":{"@id":"https:\/\/faculdade.grancursosonline.com.br\/blog\/#organization"}},{"@type":"WebPage","@id":"https:\/\/faculdade.grancursosonline.com.br\/blog\/paulo-sousa-gran-faculdade\/","url":"https:\/\/faculdade.grancursosonline.com.br\/blog\/paulo-sousa-gran-faculdade\/","name":"Paulo estuda An\u00e1lise e Desenvolvimento de Sistemas no Gran!","isPartOf":{"@id":"https:\/\/faculdade.grancursosonline.com.br\/blog\/#website"},"primaryImageOfPage":{"@id":"https:\/\/faculdade.grancursosonline.com.br\/blog\/paulo-sousa-gran-faculdade\/#primaryimage"},"image":{"@id":"https:\/\/faculdade.grancursosonline.com.br\/blog\/paulo-sousa-gran-faculdade\/#primaryimage"},"thumbnailUrl":"https:\/\/blog-es-static.infra.grancursosonline.com.br\/wp-content\/uploads\/2024\/02\/05173237\/paulo-sousa.jpg","datePublished":"2024-02-05T20:34:19+00:00","dateModified":"2024-02-05T20:34:21+00:00","description":"Conhe\u00e7a a hist\u00f3ria de Paulo Renan, aluno do curso de An\u00e1lise e Desenvolvimento de Sistemas EAD na Gran Faculdade. Acesse e confira!","breadcrumb":{"@id":"https:\/\/faculdade.grancursosonline.com.br\/blog\/paulo-sousa-gran-faculdade\/#breadcrumb"},"inLanguage":"pt-BR","potentialAction":[{"@type":"ReadAction","target":["https:\/\/faculdade.grancursosonline.com.br\/blog\/paulo-sousa-gran-faculdade\/"]}]},{"@type":"ImageObject","inLanguage":"pt-BR","@id":"https:\/\/faculdade.grancursosonline.com.br\/blog\/paulo-sousa-gran-faculdade\/#primaryimage","url":"https:\/\/blog-es-static.infra.grancursosonline.com.br\/wp-content\/uploads\/2024\/02\/05173237\/paulo-sousa.jpg","contentUrl":"https:\/\/blog-es-static.infra.grancursosonline.com.br\/wp-content\/uploads\/2024\/02\/05173237\/paulo-sousa.jpg","width":511,"height":311,"caption":"Paulo estuda An\u00e1lise e Desenvolvimento de Sistemas no Gran!"},{"@type":"BreadcrumbList","@id":"https:\/\/faculdade.grancursosonline.com.br\/blog\/paulo-sousa-gran-faculdade\/#breadcrumb","itemListElement":[{"@type":"ListItem","position":1,"name":"In\u00edcio","item":"https:\/\/faculdade.grancursosonline.com.br\/blog\/"},{"@type":"ListItem","position":2,"name":"\u00daltimas Not\u00edcias","item":"https:\/\/faculdade.grancursosonline.com.br\/blog\/ultimas-noticias\/"},{"@type":"ListItem","position":3,"name":"Paulo estuda An\u00e1lise e Desenvolvimento de Sistemas no Gran!"}]},{"@type":"WebSite","@id":"https:\/\/faculdade.grancursosonline.com.br\/blog\/#website","url":"https:\/\/faculdade.grancursosonline.com.br\/blog\/","name":"Blog Gran Faculdade","description":"Tudo sobre ensino superior, p\u00f3s-gradua\u00e7\u00e3o, enem e carreira.","publisher":{"@id":"https:\/\/faculdade.grancursosonline.com.br\/blog\/#organization"},"potentialAction":[{"@type":"SearchAction","target":{"@type":"EntryPoint","urlTemplate":"https:\/\/faculdade.grancursosonline.com.br\/blog\/?s={search_term_string}"},"query-input":{"@type":"PropertyValueSpecification","valueRequired":true,"valueName":"search_term_string"}}],"inLanguage":"pt-BR"},{"@type":"Organization","@id":"https:\/\/faculdade.grancursosonline.com.br\/blog\/#organization","name":"Gran Cursos Online","url":"https:\/\/faculdade.grancursosonline.com.br\/blog\/","logo":{"@type":"ImageObject","inLanguage":"pt-BR","@id":"https:\/\/faculdade.grancursosonline.com.br\/blog\/#\/schema\/logo\/image\/","url":"https:\/\/blog-es-static.infra.grancursosonline.com.br\/wp-content\/uploads\/2019\/08\/03123934\/logo.png","contentUrl":"https:\/\/blog-es-static.infra.grancursosonline.com.br\/wp-content\/uploads\/2019\/08\/03123934\/logo.png","width":300,"height":57,"caption":"Gran Cursos Online"},"image":{"@id":"https:\/\/faculdade.grancursosonline.com.br\/blog\/#\/schema\/logo\/image\/"},"sameAs":["https:\/\/www.facebook.com\/grancursosonline\/","https:\/\/x.com\/gran_online","https:\/\/www.instagram.com\/grancursosonline\/","https:\/\/www.youtube.com\/user\/grancursostv"]},{"@type":"Person","@id":"https:\/\/faculdade.grancursosonline.com.br\/blog\/#\/schema\/person\/c05f350f8ea43a7138aaffc6a87bc5e0","name":"Equipe Gran","sameAs":["http:\/\/www.grancursosonline.com.br"],"url":"https:\/\/faculdade.grancursosonline.com.br\/blog\/author\/hugo-oliveira\/"}]}},"_links":{"self":[{"href":"https:\/\/faculdade.grancursosonline.com.br\/blog\/wp-json\/wp\/v2\/posts\/79696078","targetHints":{"allow":["GET"]}}],"collection":[{"href":"https:\/\/faculdade.grancursosonline.com.br\/blog\/wp-json\/wp\/v2\/posts"}],"about":[{"href":"https:\/\/faculdade.grancursosonline.com.br\/blog\/wp-json\/wp\/v2\/types\/post"}],"author":[{"embeddable":true,"href":"https:\/\/faculdade.grancursosonline.com.br\/blog\/wp-json\/wp\/v2\/users\/486"}],"replies":[{"embeddable":true,"href":"https:\/\/faculdade.grancursosonline.com.br\/blog\/wp-json\/wp\/v2\/comments?post=79696078"}],"version-history":[{"count":3,"href":"https:\/\/faculdade.grancursosonline.com.br\/blog\/wp-json\/wp\/v2\/posts\/79696078\/revisions"}],"predecessor-version":[{"id":79696083,"href":"https:\/\/faculdade.grancursosonline.com.br\/blog\/wp-json\/wp\/v2\/posts\/79696078\/revisions\/79696083"}],"wp:featuredmedia":[{"embeddable":true,"href":"https:\/\/faculdade.grancursosonline.com.br\/blog\/wp-json\/wp\/v2\/media\/79696080"}],"wp:attachment":[{"href":"https:\/\/faculdade.grancursosonline.com.br\/blog\/wp-json\/wp\/v2\/media?parent=79696078"}],"wp:term":[{"taxonomy":"category","embeddable":true,"href":"https:\/\/faculdade.grancursosonline.com.br\/blog\/wp-json\/wp\/v2\/categories?post=79696078"},{"taxonomy":"post_tag","embeddable":true,"href":"https:\/\/faculdade.grancursosonline.com.br\/blog\/wp-json\/wp\/v2\/tags?post=79696078"}],"curies":[{"name":"wp","href":"https:\/\/api.w.org\/{rel}","templated":true}]}}