{"id":79700600,"date":"2024-02-20T16:45:28","date_gmt":"2024-02-20T19:45:28","guid":{"rendered":"https:\/\/blog.grancursosonline.com.br\/?p=79700600"},"modified":"2024-06-26T17:42:53","modified_gmt":"2024-06-26T20:42:53","slug":"professor-sergio-rafael-gran-faculdade","status":"publish","type":"post","link":"https:\/\/faculdade.grancursosonline.com.br\/blog\/professor-sergio-rafael-gran-faculdade\/","title":{"rendered":"Conhe\u00e7a o professor S\u00e9rgio Rafael da Gran Faculdade!"},"content":{"rendered":"\n<p>Tivemos uma conversa com o professor S\u00e9rgio Rafael, que compartilhou conosco alguns aspectos de sua carreira e interesses pessoais.&nbsp;<\/p>\n\n\n\n<p>Estamos comemorando o anivers\u00e1rio de um ano da <a href=\"https:\/\/faculdade.grancursosonline.com.br\/\" target=\"_blank\" rel=\"noreferrer noopener\">Gran Faculdade<\/a> apresentando relatos inspiradores que encorajam a busca cont\u00ednua e a realiza\u00e7\u00e3o de sonhos em diferentes campos do conhecimento.<\/p>\n\n\n\n<p>Acompanhe o artigo para saber mais ou navegue pelo \u00edndice:<\/p>\n\n\n\n<ul class=\"wp-block-list\">\n<li><a href=\"#sergio\">Quem \u00e9 S\u00e9rgio Rafael?<\/a><\/li>\n\n\n\n<li><a href=\"#carreira\">Carreira e Doc\u00eancia<\/a><\/li>\n\n\n\n<li><a href=\"#importancia\">A import\u00e2ncia e os desafios da educa\u00e7\u00e3o<\/a><\/li>\n<\/ul>\n\n\n<div class=\"container-tabela\"><table border=\"1\" bgcolor=\"aliceblue\">\n<tbody>\n<tr>\n<td><strong>Destaques:<\/strong><\/p>\n<ul>\n<li><a href=\"https:\/\/blog.grancursosonline.com.br\/conheca-o-seu-professor-aragone-fernandes\/\" target=\"_blank\" rel=\"noopener\">Conhe\u00e7a o seu professor: Aragon\u00ea Fernandes, Juiz do TJDFT!<\/a><\/li>\n<li><a href=\"https:\/\/blog.grancursosonline.com.br\/professor-jose-nogueira-gran-faculdade\/\" target=\"_blank\" rel=\"noopener\">Conhe\u00e7a o professor Jos\u00e9 Nogueira da Gran Faculdade!<\/a><\/li>\n<li><a href=\"https:\/\/blog.grancursosonline.com.br\/conheca-o-seu-professor-alexandre-meirelles\/\" target=\"_blank\" rel=\"noopener\">Conhe\u00e7a o seu professor: Alexandre Meirelles, Auditor Fiscal!<\/a><\/li>\n<\/ul>\n<\/td>\n<\/tr>\n<\/tbody>\n<\/table><\/div>\n\n\n<h2 class=\"wp-block-heading\" id=\"h-tem-duvidas-sobre-como-comecar-uma-faculdade-baixe-gratuitamente-o-nosso-guia-da-graduacao\">Tem d\u00favidas sobre como come\u00e7ar uma faculdade? Baixe gratuitamente o nosso Guia da Gradua\u00e7\u00e3o!<\/h2>\n\n\n\n<div class=\"wp-block-group\"><div class=\"wp-block-group__inner-container is-layout-constrained wp-block-group-is-layout-constrained\">\n<p><strong>Enfrentar novos desafios por vezes vem acompanhado de muitas d\u00favidas,<\/strong> e \u00e9 por isso que a equipe da Gran Faculdade preparou um material completo e gratuito que vai te ajudar a compreender melhor como funciona uma Gradua\u00e7\u00e3o.<\/p>\n\n\n\n<p>No e-book que criamos para voc\u00ea, respondemos perguntas como:<\/p>\n\n\n\n<ul class=\"wp-block-list\">\n<li>O que \u00e9 Gradua\u00e7\u00e3o?<\/li>\n\n\n\n<li>Quais os tipos de Gradua\u00e7\u00e3o?<\/li>\n\n\n\n<li>Como escolher meu curso de Gradua\u00e7\u00e3o?<\/li>\n\n\n\n<li>Como come\u00e7ar uma Gradua\u00e7\u00e3o?<\/li>\n<\/ul>\n\n\n\n<p>Al\u00e9m de te dar estas respostas, tamb\u00e9m <strong>te explicamos de forma simplificada outras quest\u00f5es relacionadas ao universo acad\u00eamico. <\/strong>N\u00e3o deixe de conferir!<\/p>\n\n\n\n<p>Para receber o material gratuitamente, basta preencher o formul\u00e1rio abaixo:<\/p>\n\n\n\n<script src=\"https:\/\/mkt-forms.grancursosonline.com.br\/ef5c255d33bcf026715e3670a4595fac.js\"><\/script>\n<script>\n\u00a0\u00a0marketingcloudForm.renderForm({\n\u00a0\u00a0\u00a0\u00a0externalKey: 'ef5c255d33bcf026715e3670a4595fac'\n\u00a0\u00a0});\n<\/script>\n<\/div><\/div>\n\n\n<p><script charset=\"utf-8\" type=\"text\/javascript\" src=\"\/\/js.hsforms.net\/forms\/embed\/v2.js\"><\/script> <script><br \/>\nhbspt.forms.create({<br \/>\nregion: \"na1\",<br \/>\nportalId: \"302036\",<br \/>\nformId: \"69778604-e262-48f2-942a-61e60ed568c2\"<br \/>\n});<br \/>\n<\/script><\/p>\n\n\n<h2 class=\"wp-block-heading\" id=\"sergio\">Quem \u00e9 S\u00e9rgio Rafael?<\/h2>\n\n\n\n<p>O professor S\u00e9rgio Rafael \u00e9 amante da natureza: adora caminhar ao ar livre, especialmente na beira do mar e contemplar o p\u00f4r do sol \u00e9 um dos seus hobbies prediletos.<\/p>\n\n\n\n<p>Ele \u00e9 graduado em Pedagogia pela\u00a0 Universidade do Estado do Rio de Janeiro (UERJ) em 2007. L\u00e1 ele cursou tamb\u00e9m mestrado e doutorado em educa\u00e7\u00e3o no Programa de P\u00f3s-gradua\u00e7\u00e3o em Educa\u00e7\u00e3o (ProPEd\/UERJ).\u00a0<\/p>\n\n\n<p style=\"padding-left: 80px;\"><em>Possuo experi\u00eancia com pesquisa educacional desde 2004, quando comecei a atuar como bolsista de inicia\u00e7\u00e3o cient\u00edfica. Nos cursos de mestrado e doutorado aprofundei a forma\u00e7\u00e3o de pesquisador e a atua\u00e7\u00e3o como docente. Temas que estudo e pesquiso atualmente: pesquisa em educa\u00e7\u00e3o, curr\u00edculo e alfabetiza\u00e7\u00e3o.<\/em><\/p>\n\n\n<h2 class=\"wp-block-heading\" id=\"carreira\">Carreira e Doc\u00eancia<\/h2>\n\n\n\n<p>Para S\u00e9rgio entrar no mercado de trabalho foi um desafio e \u00e9 grato por ter se formado e conseguido emprego no mesmo ano na rede privada de ensino b\u00e1sico carioca.<\/p>\n\n\n<p style=\"padding-left: 80px;\"><em><span style=\"font-weight: 400;\">Avalio que o meu desempenho no primeiro emprego foi bom porque a postura de conhecer mais, aprender a aprender, ter uma escuta sens\u00edvel, dialogar com os pares procurando aprender novas pr\u00e1ticas educativas foi uma marca da minha trajet\u00f3ria. Sai dessa rede para dar aula em universidade gra\u00e7as a essa postura e atitude.\u00a0<\/span><\/em><\/p>\n\n\n<p>Sua primeira experi\u00eancia docente foi como monitor de disciplina na \u00e1rea de Hist\u00f3ria e Geografia em um curso pr\u00e9-vestibular. Tamb\u00e9m foi volunt\u00e1rio na igreja e desde ent\u00e3o descobriu seu talento e interesse pela doc\u00eancia.<\/p>\n\n\n<p style=\"padding-left: 80px;\"><em><span style=\"font-weight: 400;\">Amo o desafio que cada aula imp\u00f5e, ou seja, lecionar \u00e9 voar junto e orientar o v\u00f4o. Estudar, planejar, executar s\u00e3o um desafio quando adotamos a perspectiva de que a pr\u00e1tica educativa \u00e9 fundamental para a forma\u00e7\u00e3o humana. Interagir reconhecendo o outro \u00e9 um desafio que exige responsabilidade e di\u00e1logo.\u00a0<\/span><\/em><\/p>\n\n\n<h2 class=\"wp-block-heading\" id=\"importancia\">A import\u00e2ncia e os desafios da educa\u00e7\u00e3o<\/h2>\n\n\n\n<p>Segundo o professor S\u00e9rgio Rafael, o principal desafio na educa\u00e7\u00e3o \u00e9 a pr\u00f3pria carreira de <a href=\"https:\/\/blog.grancursosonline.com.br\/pedagogo\/\" target=\"_blank\" rel=\"noreferrer noopener\">pedagogo<\/a>. Al\u00e9m de professor universit\u00e1rio, tamb\u00e9m atua como pedagogo em Niter\u00f3i e diversos temas relacionados a par\u00e2metros da educa\u00e7\u00e3o s\u00e3o desafiadores:<\/p>\n\n\n<p style=\"padding-left: 80px;\"><em><span style=\"font-weight: 400;\">Os cursos de Pedagogia no Brasil, desde a LDBEN 4.024\/ de 1961 at\u00e9 os dias atuais, sofreram muitas mudan\u00e7as que no meu entendimento n\u00e3o contribu\u00edram para fortalecer a import\u00e2ncia do pedagogo e da profiss\u00e3o docente.\u00a0<\/span><\/em><\/p>\n\n\n<p>Em meio a todas as mudan\u00e7as e conflitos, ele deixa uma dica para quem busca atuar na \u00e1rea de Pedagogia ou da doc\u00eancia em geral:<\/p>\n\n\n<p style=\"padding-left: 80px;\"><em>Por mais dif\u00edcil que seja a vida nunca desista dos seus sonhos.<\/em> <\/p>\n\n\n<p>Na <a href=\"https:\/\/faculdade.grancursosonline.com.br\/\">Gran Faculdade<\/a>, os estudantes t\u00eam \u00e0 disposi\u00e7\u00e3o uma variedade de recursos para aprimorar seus estudos e personalizar sua jornada de aprendizado.&nbsp;<\/p>\n\n\n\n<p>Oferecemos uma gama de cursos totalmente digitais, ministrados por professores experientes e acompanhados por materiais diversos, visando facilitar o acesso ao conhecimento.<\/p>\n\n\n\n<p>Nosso compromisso \u00e9 integrar teoria e pr\u00e1tica de forma eficaz, alinhada com os objetivos individuais de cada aluno. Contamos com uma ampla diversidade de \u00e1reas de forma\u00e7\u00e3o totalmente digitais, com mensalidades acess\u00edveis, adaptadas \u00e0s necessidades de cada um. Explore nossos cursos e aproveite nossos cupons exclusivos!<\/p>\n\n\n\n<div class=\"wp-block-group\"><div class=\"wp-block-group__inner-container is-layout-constrained wp-block-group-is-layout-constrained\">\n<h3 class=\"wp-block-heading\" id=\"h-cursos-de-graduacao-ead\">Cursos de gradua\u00e7\u00e3o EAD<\/h3>\n\n\n\n<p>S\u00e3o <a href=\"https:\/\/faculdade.grancursosonline.com.br\/nossos-cursos\/\" target=\"_blank\" rel=\"noreferrer noopener\">mais de 30 op\u00e7\u00f5es de cursos de gradua\u00e7\u00e3o EAD<\/a> com dura\u00e7\u00e3o a partir de 2 anos na Gran Faculdade, ideais para quem quer se destacar em uma carreira no setor p\u00fablico ou privado. Escolha o seu e aproveite a entrada imediata para come\u00e7ar a conquistar seu diploma hoje mesmo! <\/p>\n<\/div><\/div>\n\n\n\n<h2 class=\"wp-block-heading\" id=\"h-vem-pra-gran-faculdade\">Vem pra Gran Faculdade!<\/h2>\n\n\n\n<p>A Gran Faculdade vem mudando a vida de milhares de pessoas por meio de cursos \u00e0 dist\u00e2ncia de <a href=\"https:\/\/faculdade.grancursosonline.com.br\/\" target=\"_blank\" rel=\"noreferrer noopener\">gradua\u00e7\u00e3o<\/a>, <a href=\"https:\/\/pos.grancursosonline.com.br\/\" target=\"_blank\" rel=\"noreferrer noopener\">p\u00f3s-gradua\u00e7\u00e3o<\/a> e <a href=\"https:\/\/pos.grancursosonline.com.br\/mba\" target=\"_blank\" rel=\"noreferrer noopener\">MBA<\/a>. Seja no digital ou em nosso <a href=\"https:\/\/presencial.grancursosonline.com.br\/\" target=\"_blank\" rel=\"noreferrer noopener\">Campus Presencial em Curitiba<\/a>, a nossa miss\u00e3o \u00e9 transformar a educa\u00e7\u00e3o superior.<\/p>\n\n\n\n<p>Como parte de Sistema Gran de Ensino, que \u00e9 reconhecido como marca aprovadora h\u00e1 mais de 10 anos, constru\u00edmos uma renomada reputa\u00e7\u00e3o na \u00e1rea de educa\u00e7\u00e3o.<\/p>\n\n\n\n<p>Veja algumas de nossas conquistas:<\/p>\n\n\n\n<ul class=\"wp-block-list\">\n<li>Reconhecido pela Amazon como um dos projetos mais relevantes do mundo na \u00e1rea de Tecnologia e Educa\u00e7\u00e3o;<\/li>\n\n\n\n<li>Foi eleito pelo Project Management Institute (PMI), um dos 50 Projetos Mais Influentes do mundo;<\/li>\n\n\n\n<li>Somos o site de educa\u00e7\u00e3o mais acessado do Brasil;<\/li>\n\n\n\n<li>Somos avaliados com a nota m\u00e1xima pelo MEC;<\/li>\n\n\n\n<li>Aqui o semestre come\u00e7a quando quiser: entrada imediata e cont\u00ednua!<\/li>\n\n\n\n<li>Melhores pre\u00e7os do mercado;<\/li>\n\n\n\n<li>Mais de 500 mil alunos pagantes e mais de 1000 funcion\u00e1rios;<\/li>\n\n\n\n<li>Diversas ferramentas de estudo: PDFs, audiobooks, mapas mentais, videoaulas, quest\u00f5es, gerenciador de estudos e muito mais!<\/li>\n\n\n\n<li>Professores experientes e capacitados;<\/li>\n\n\n\n<li>Acesso imediato e 100% online.<\/li>\n<\/ul>\n\n\n\n<p class=\"has-text-align-center has-text-align-center\"><strong><a href=\"https:\/\/faculdade.grancursosonline.com.br\/\" target=\"_blank\" rel=\"noreferrer noopener\">Quero ser aluno da Gran Faculdade!<\/a><\/strong><\/p>\n","protected":false},"excerpt":{"rendered":"<p>Tivemos uma conversa com o professor S\u00e9rgio Rafael, que compartilhou conosco alguns aspectos de sua carreira e interesses pessoais.&nbsp; Estamos comemorando o anivers\u00e1rio de um ano da Gran Faculdade apresentando relatos inspiradores que encorajam a busca cont\u00ednua e a realiza\u00e7\u00e3o de sonhos em diferentes campos do conhecimento. Acompanhe o artigo para saber mais ou navegue&hellip;<\/p>\n","protected":false},"author":486,"featured_media":79700614,"comment_status":"open","ping_status":"open","sticky":false,"template":"","format":"standard","meta":{"_acf_changed":false,"content-type":"","footnotes":""},"categories":[218545,219791,209229],"tags":[126404,209248],"class_list":["post-79700600","post","type-post","status-publish","format-standard","has-post-thumbnail","hentry","category-graduacao","category-gran-faculdade-campus-curitiba","category-pos-graduacao","tag-cursos-e-pos-graduacao","tag-pos-graduacao-gran-cursos"],"acf":[],"yoast_head":"<!-- This site is optimized with the Yoast SEO Premium plugin v27.2 (Yoast SEO v27.2) - https:\/\/yoast.com\/product\/yoast-seo-premium-wordpress\/ -->\n<title>Conhe\u00e7a o professor S\u00e9rgio Rafael da Gran Faculdade!<\/title>\n<meta name=\"description\" content=\"Conhe\u00e7a um pouco mais sobre a trajet\u00f3ria pessoal e profissional do professor S\u00e9rgio Rafael da Gran Faculdade. Acesse e confira!\" \/>\n<meta name=\"robots\" content=\"index, follow, max-snippet:-1, max-image-preview:large, max-video-preview:-1\" \/>\n<link rel=\"canonical\" href=\"https:\/\/faculdade.grancursosonline.com.br\/blog\/professor-sergio-rafael-gran-faculdade\/\" \/>\n<meta property=\"og:locale\" content=\"pt_BR\" \/>\n<meta property=\"og:type\" content=\"article\" \/>\n<meta property=\"og:title\" content=\"Conhe\u00e7a o professor S\u00e9rgio Rafael da Gran Faculdade!\" \/>\n<meta property=\"og:description\" content=\"Conhe\u00e7a um pouco mais sobre a trajet\u00f3ria pessoal e profissional do professor S\u00e9rgio Rafael da Gran Faculdade. Acesse e confira!\" \/>\n<meta property=\"og:url\" content=\"https:\/\/faculdade.grancursosonline.com.br\/blog\/professor-sergio-rafael-gran-faculdade\/\" \/>\n<meta property=\"og:site_name\" content=\"Blog Gran Faculdade\" \/>\n<meta property=\"article:publisher\" content=\"https:\/\/www.facebook.com\/grancursosonline\/\" \/>\n<meta property=\"article:published_time\" content=\"2024-02-20T19:45:28+00:00\" \/>\n<meta property=\"article:modified_time\" content=\"2024-06-26T20:42:53+00:00\" \/>\n<meta property=\"og:image\" content=\"https:\/\/blog-es-static.infra.grancursosonline.com.br\/wp-content\/uploads\/2024\/02\/20164502\/professor-sergio-rafael-gran-faculdade.jpg\" \/>\n\t<meta property=\"og:image:width\" content=\"511\" \/>\n\t<meta property=\"og:image:height\" content=\"311\" \/>\n\t<meta property=\"og:image:type\" content=\"image\/jpeg\" \/>\n<meta name=\"author\" content=\"Equipe Gran\" \/>\n<meta name=\"twitter:card\" content=\"summary_large_image\" \/>\n<meta name=\"twitter:creator\" content=\"@gran_online\" \/>\n<meta name=\"twitter:site\" content=\"@gran_online\" \/>\n<meta name=\"twitter:label1\" content=\"Written by\" \/>\n\t<meta name=\"twitter:data1\" content=\"Equipe Gran\" \/>\n\t<meta name=\"twitter:label2\" content=\"Est. reading time\" \/>\n\t<meta name=\"twitter:data2\" content=\"6 minutos\" \/>\n<script type=\"application\/ld+json\" class=\"yoast-schema-graph\">{\"@context\":\"https:\/\/schema.org\",\"@graph\":[{\"@type\":\"NewsArticle\",\"@id\":\"https:\/\/faculdade.grancursosonline.com.br\/blog\/professor-sergio-rafael-gran-faculdade\/#article\",\"isPartOf\":{\"@id\":\"https:\/\/faculdade.grancursosonline.com.br\/blog\/professor-sergio-rafael-gran-faculdade\/\"},\"author\":{\"name\":\"Equipe Gran\",\"@id\":\"https:\/\/faculdade.grancursosonline.com.br\/blog\/#\/schema\/person\/c05f350f8ea43a7138aaffc6a87bc5e0\"},\"headline\":\"Conhe\u00e7a o professor S\u00e9rgio Rafael da Gran Faculdade!\",\"datePublished\":\"2024-02-20T19:45:28+00:00\",\"dateModified\":\"2024-06-26T20:42:53+00:00\",\"mainEntityOfPage\":{\"@id\":\"https:\/\/faculdade.grancursosonline.com.br\/blog\/professor-sergio-rafael-gran-faculdade\/\"},\"wordCount\":650,\"commentCount\":0,\"publisher\":{\"@id\":\"https:\/\/faculdade.grancursosonline.com.br\/blog\/#organization\"},\"image\":{\"@id\":\"https:\/\/faculdade.grancursosonline.com.br\/blog\/professor-sergio-rafael-gran-faculdade\/#primaryimage\"},\"thumbnailUrl\":\"https:\/\/blog-es-static.infra.grancursosonline.com.br\/wp-content\/uploads\/2024\/02\/20164502\/professor-sergio-rafael-gran-faculdade.jpg\",\"keywords\":[\"Cursos e P\u00f3s-gradua\u00e7\u00e3o\",\"P\u00f3s-Gradua\u00e7\u00e3o Gran Cursos\"],\"articleSection\":[\"Gradua\u00e7\u00e3o Gran Faculdade\",\"Gran Faculdade Campus Curitiba\",\"P\u00f3s-Gradua\u00e7\u00e3o Gran Faculdade\"],\"inLanguage\":\"pt-BR\",\"potentialAction\":[{\"@type\":\"CommentAction\",\"name\":\"Comment\",\"target\":[\"https:\/\/faculdade.grancursosonline.com.br\/blog\/professor-sergio-rafael-gran-faculdade\/#respond\"]}],\"copyrightYear\":\"2024\",\"copyrightHolder\":{\"@id\":\"https:\/\/faculdade.grancursosonline.com.br\/blog\/#organization\"}},{\"@type\":\"WebPage\",\"@id\":\"https:\/\/faculdade.grancursosonline.com.br\/blog\/professor-sergio-rafael-gran-faculdade\/\",\"url\":\"https:\/\/faculdade.grancursosonline.com.br\/blog\/professor-sergio-rafael-gran-faculdade\/\",\"name\":\"Conhe\u00e7a o professor S\u00e9rgio Rafael da Gran Faculdade!\",\"isPartOf\":{\"@id\":\"https:\/\/faculdade.grancursosonline.com.br\/blog\/#website\"},\"primaryImageOfPage\":{\"@id\":\"https:\/\/faculdade.grancursosonline.com.br\/blog\/professor-sergio-rafael-gran-faculdade\/#primaryimage\"},\"image\":{\"@id\":\"https:\/\/faculdade.grancursosonline.com.br\/blog\/professor-sergio-rafael-gran-faculdade\/#primaryimage\"},\"thumbnailUrl\":\"https:\/\/blog-es-static.infra.grancursosonline.com.br\/wp-content\/uploads\/2024\/02\/20164502\/professor-sergio-rafael-gran-faculdade.jpg\",\"datePublished\":\"2024-02-20T19:45:28+00:00\",\"dateModified\":\"2024-06-26T20:42:53+00:00\",\"description\":\"Conhe\u00e7a um pouco mais sobre a trajet\u00f3ria pessoal e profissional do professor S\u00e9rgio Rafael da Gran Faculdade. Acesse e confira!\",\"breadcrumb\":{\"@id\":\"https:\/\/faculdade.grancursosonline.com.br\/blog\/professor-sergio-rafael-gran-faculdade\/#breadcrumb\"},\"inLanguage\":\"pt-BR\",\"potentialAction\":[{\"@type\":\"ReadAction\",\"target\":[\"https:\/\/faculdade.grancursosonline.com.br\/blog\/professor-sergio-rafael-gran-faculdade\/\"]}]},{\"@type\":\"ImageObject\",\"inLanguage\":\"pt-BR\",\"@id\":\"https:\/\/faculdade.grancursosonline.com.br\/blog\/professor-sergio-rafael-gran-faculdade\/#primaryimage\",\"url\":\"https:\/\/blog-es-static.infra.grancursosonline.com.br\/wp-content\/uploads\/2024\/02\/20164502\/professor-sergio-rafael-gran-faculdade.jpg\",\"contentUrl\":\"https:\/\/blog-es-static.infra.grancursosonline.com.br\/wp-content\/uploads\/2024\/02\/20164502\/professor-sergio-rafael-gran-faculdade.jpg\",\"width\":511,\"height\":311,\"caption\":\"S\u00e9rgio Rafael\"},{\"@type\":\"BreadcrumbList\",\"@id\":\"https:\/\/faculdade.grancursosonline.com.br\/blog\/professor-sergio-rafael-gran-faculdade\/#breadcrumb\",\"itemListElement\":[{\"@type\":\"ListItem\",\"position\":1,\"name\":\"In\u00edcio\",\"item\":\"https:\/\/faculdade.grancursosonline.com.br\/blog\/\"},{\"@type\":\"ListItem\",\"position\":2,\"name\":\"P\u00f3s-Gradua\u00e7\u00e3o Gran Faculdade\",\"item\":\"https:\/\/faculdade.grancursosonline.com.br\/blog\/pos-graduacao\/\"},{\"@type\":\"ListItem\",\"position\":3,\"name\":\"Conhe\u00e7a o professor S\u00e9rgio Rafael da Gran Faculdade!\"}]},{\"@type\":\"WebSite\",\"@id\":\"https:\/\/faculdade.grancursosonline.com.br\/blog\/#website\",\"url\":\"https:\/\/faculdade.grancursosonline.com.br\/blog\/\",\"name\":\"Blog Gran Faculdade\",\"description\":\"Tudo sobre ensino superior, p\u00f3s-gradua\u00e7\u00e3o, enem e carreira.\",\"publisher\":{\"@id\":\"https:\/\/faculdade.grancursosonline.com.br\/blog\/#organization\"},\"potentialAction\":[{\"@type\":\"SearchAction\",\"target\":{\"@type\":\"EntryPoint\",\"urlTemplate\":\"https:\/\/faculdade.grancursosonline.com.br\/blog\/?s={search_term_string}\"},\"query-input\":{\"@type\":\"PropertyValueSpecification\",\"valueRequired\":true,\"valueName\":\"search_term_string\"}}],\"inLanguage\":\"pt-BR\"},{\"@type\":\"Organization\",\"@id\":\"https:\/\/faculdade.grancursosonline.com.br\/blog\/#organization\",\"name\":\"Gran Cursos Online\",\"url\":\"https:\/\/faculdade.grancursosonline.com.br\/blog\/\",\"logo\":{\"@type\":\"ImageObject\",\"inLanguage\":\"pt-BR\",\"@id\":\"https:\/\/faculdade.grancursosonline.com.br\/blog\/#\/schema\/logo\/image\/\",\"url\":\"https:\/\/blog-es-static.infra.grancursosonline.com.br\/wp-content\/uploads\/2019\/08\/03123934\/logo.png\",\"contentUrl\":\"https:\/\/blog-es-static.infra.grancursosonline.com.br\/wp-content\/uploads\/2019\/08\/03123934\/logo.png\",\"width\":300,\"height\":57,\"caption\":\"Gran Cursos Online\"},\"image\":{\"@id\":\"https:\/\/faculdade.grancursosonline.com.br\/blog\/#\/schema\/logo\/image\/\"},\"sameAs\":[\"https:\/\/www.facebook.com\/grancursosonline\/\",\"https:\/\/x.com\/gran_online\",\"https:\/\/www.instagram.com\/grancursosonline\/\",\"https:\/\/www.youtube.com\/user\/grancursostv\"]},{\"@type\":\"Person\",\"@id\":\"https:\/\/faculdade.grancursosonline.com.br\/blog\/#\/schema\/person\/c05f350f8ea43a7138aaffc6a87bc5e0\",\"name\":\"Equipe Gran\",\"sameAs\":[\"http:\/\/www.grancursosonline.com.br\"],\"url\":\"https:\/\/faculdade.grancursosonline.com.br\/blog\/author\/hugo-oliveira\/\"}]}<\/script>\n<!-- \/ Yoast SEO Premium plugin. -->","yoast_head_json":{"title":"Conhe\u00e7a o professor S\u00e9rgio Rafael da Gran Faculdade!","description":"Conhe\u00e7a um pouco mais sobre a trajet\u00f3ria pessoal e profissional do professor S\u00e9rgio Rafael da Gran Faculdade. Acesse e confira!","robots":{"index":"index","follow":"follow","max-snippet":"max-snippet:-1","max-image-preview":"max-image-preview:large","max-video-preview":"max-video-preview:-1"},"canonical":"https:\/\/faculdade.grancursosonline.com.br\/blog\/professor-sergio-rafael-gran-faculdade\/","og_locale":"pt_BR","og_type":"article","og_title":"Conhe\u00e7a o professor S\u00e9rgio Rafael da Gran Faculdade!","og_description":"Conhe\u00e7a um pouco mais sobre a trajet\u00f3ria pessoal e profissional do professor S\u00e9rgio Rafael da Gran Faculdade. Acesse e confira!","og_url":"https:\/\/faculdade.grancursosonline.com.br\/blog\/professor-sergio-rafael-gran-faculdade\/","og_site_name":"Blog Gran Faculdade","article_publisher":"https:\/\/www.facebook.com\/grancursosonline\/","article_published_time":"2024-02-20T19:45:28+00:00","article_modified_time":"2024-06-26T20:42:53+00:00","og_image":[{"width":511,"height":311,"url":"https:\/\/blog-es-static.infra.grancursosonline.com.br\/wp-content\/uploads\/2024\/02\/20164502\/professor-sergio-rafael-gran-faculdade.jpg","type":"image\/jpeg"}],"author":"Equipe Gran","twitter_card":"summary_large_image","twitter_creator":"@gran_online","twitter_site":"@gran_online","twitter_misc":{"Written by":"Equipe Gran","Est. reading time":"6 minutos"},"schema":{"@context":"https:\/\/schema.org","@graph":[{"@type":"NewsArticle","@id":"https:\/\/faculdade.grancursosonline.com.br\/blog\/professor-sergio-rafael-gran-faculdade\/#article","isPartOf":{"@id":"https:\/\/faculdade.grancursosonline.com.br\/blog\/professor-sergio-rafael-gran-faculdade\/"},"author":{"name":"Equipe Gran","@id":"https:\/\/faculdade.grancursosonline.com.br\/blog\/#\/schema\/person\/c05f350f8ea43a7138aaffc6a87bc5e0"},"headline":"Conhe\u00e7a o professor S\u00e9rgio Rafael da Gran Faculdade!","datePublished":"2024-02-20T19:45:28+00:00","dateModified":"2024-06-26T20:42:53+00:00","mainEntityOfPage":{"@id":"https:\/\/faculdade.grancursosonline.com.br\/blog\/professor-sergio-rafael-gran-faculdade\/"},"wordCount":650,"commentCount":0,"publisher":{"@id":"https:\/\/faculdade.grancursosonline.com.br\/blog\/#organization"},"image":{"@id":"https:\/\/faculdade.grancursosonline.com.br\/blog\/professor-sergio-rafael-gran-faculdade\/#primaryimage"},"thumbnailUrl":"https:\/\/blog-es-static.infra.grancursosonline.com.br\/wp-content\/uploads\/2024\/02\/20164502\/professor-sergio-rafael-gran-faculdade.jpg","keywords":["Cursos e P\u00f3s-gradua\u00e7\u00e3o","P\u00f3s-Gradua\u00e7\u00e3o Gran Cursos"],"articleSection":["Gradua\u00e7\u00e3o Gran Faculdade","Gran Faculdade Campus Curitiba","P\u00f3s-Gradua\u00e7\u00e3o Gran Faculdade"],"inLanguage":"pt-BR","potentialAction":[{"@type":"CommentAction","name":"Comment","target":["https:\/\/faculdade.grancursosonline.com.br\/blog\/professor-sergio-rafael-gran-faculdade\/#respond"]}],"copyrightYear":"2024","copyrightHolder":{"@id":"https:\/\/faculdade.grancursosonline.com.br\/blog\/#organization"}},{"@type":"WebPage","@id":"https:\/\/faculdade.grancursosonline.com.br\/blog\/professor-sergio-rafael-gran-faculdade\/","url":"https:\/\/faculdade.grancursosonline.com.br\/blog\/professor-sergio-rafael-gran-faculdade\/","name":"Conhe\u00e7a o professor S\u00e9rgio Rafael da Gran Faculdade!","isPartOf":{"@id":"https:\/\/faculdade.grancursosonline.com.br\/blog\/#website"},"primaryImageOfPage":{"@id":"https:\/\/faculdade.grancursosonline.com.br\/blog\/professor-sergio-rafael-gran-faculdade\/#primaryimage"},"image":{"@id":"https:\/\/faculdade.grancursosonline.com.br\/blog\/professor-sergio-rafael-gran-faculdade\/#primaryimage"},"thumbnailUrl":"https:\/\/blog-es-static.infra.grancursosonline.com.br\/wp-content\/uploads\/2024\/02\/20164502\/professor-sergio-rafael-gran-faculdade.jpg","datePublished":"2024-02-20T19:45:28+00:00","dateModified":"2024-06-26T20:42:53+00:00","description":"Conhe\u00e7a um pouco mais sobre a trajet\u00f3ria pessoal e profissional do professor S\u00e9rgio Rafael da Gran Faculdade. Acesse e confira!","breadcrumb":{"@id":"https:\/\/faculdade.grancursosonline.com.br\/blog\/professor-sergio-rafael-gran-faculdade\/#breadcrumb"},"inLanguage":"pt-BR","potentialAction":[{"@type":"ReadAction","target":["https:\/\/faculdade.grancursosonline.com.br\/blog\/professor-sergio-rafael-gran-faculdade\/"]}]},{"@type":"ImageObject","inLanguage":"pt-BR","@id":"https:\/\/faculdade.grancursosonline.com.br\/blog\/professor-sergio-rafael-gran-faculdade\/#primaryimage","url":"https:\/\/blog-es-static.infra.grancursosonline.com.br\/wp-content\/uploads\/2024\/02\/20164502\/professor-sergio-rafael-gran-faculdade.jpg","contentUrl":"https:\/\/blog-es-static.infra.grancursosonline.com.br\/wp-content\/uploads\/2024\/02\/20164502\/professor-sergio-rafael-gran-faculdade.jpg","width":511,"height":311,"caption":"S\u00e9rgio Rafael"},{"@type":"BreadcrumbList","@id":"https:\/\/faculdade.grancursosonline.com.br\/blog\/professor-sergio-rafael-gran-faculdade\/#breadcrumb","itemListElement":[{"@type":"ListItem","position":1,"name":"In\u00edcio","item":"https:\/\/faculdade.grancursosonline.com.br\/blog\/"},{"@type":"ListItem","position":2,"name":"P\u00f3s-Gradua\u00e7\u00e3o Gran Faculdade","item":"https:\/\/faculdade.grancursosonline.com.br\/blog\/pos-graduacao\/"},{"@type":"ListItem","position":3,"name":"Conhe\u00e7a o professor S\u00e9rgio Rafael da Gran Faculdade!"}]},{"@type":"WebSite","@id":"https:\/\/faculdade.grancursosonline.com.br\/blog\/#website","url":"https:\/\/faculdade.grancursosonline.com.br\/blog\/","name":"Blog Gran Faculdade","description":"Tudo sobre ensino superior, p\u00f3s-gradua\u00e7\u00e3o, enem e carreira.","publisher":{"@id":"https:\/\/faculdade.grancursosonline.com.br\/blog\/#organization"},"potentialAction":[{"@type":"SearchAction","target":{"@type":"EntryPoint","urlTemplate":"https:\/\/faculdade.grancursosonline.com.br\/blog\/?s={search_term_string}"},"query-input":{"@type":"PropertyValueSpecification","valueRequired":true,"valueName":"search_term_string"}}],"inLanguage":"pt-BR"},{"@type":"Organization","@id":"https:\/\/faculdade.grancursosonline.com.br\/blog\/#organization","name":"Gran Cursos Online","url":"https:\/\/faculdade.grancursosonline.com.br\/blog\/","logo":{"@type":"ImageObject","inLanguage":"pt-BR","@id":"https:\/\/faculdade.grancursosonline.com.br\/blog\/#\/schema\/logo\/image\/","url":"https:\/\/blog-es-static.infra.grancursosonline.com.br\/wp-content\/uploads\/2019\/08\/03123934\/logo.png","contentUrl":"https:\/\/blog-es-static.infra.grancursosonline.com.br\/wp-content\/uploads\/2019\/08\/03123934\/logo.png","width":300,"height":57,"caption":"Gran Cursos Online"},"image":{"@id":"https:\/\/faculdade.grancursosonline.com.br\/blog\/#\/schema\/logo\/image\/"},"sameAs":["https:\/\/www.facebook.com\/grancursosonline\/","https:\/\/x.com\/gran_online","https:\/\/www.instagram.com\/grancursosonline\/","https:\/\/www.youtube.com\/user\/grancursostv"]},{"@type":"Person","@id":"https:\/\/faculdade.grancursosonline.com.br\/blog\/#\/schema\/person\/c05f350f8ea43a7138aaffc6a87bc5e0","name":"Equipe Gran","sameAs":["http:\/\/www.grancursosonline.com.br"],"url":"https:\/\/faculdade.grancursosonline.com.br\/blog\/author\/hugo-oliveira\/"}]}},"_links":{"self":[{"href":"https:\/\/faculdade.grancursosonline.com.br\/blog\/wp-json\/wp\/v2\/posts\/79700600","targetHints":{"allow":["GET"]}}],"collection":[{"href":"https:\/\/faculdade.grancursosonline.com.br\/blog\/wp-json\/wp\/v2\/posts"}],"about":[{"href":"https:\/\/faculdade.grancursosonline.com.br\/blog\/wp-json\/wp\/v2\/types\/post"}],"author":[{"embeddable":true,"href":"https:\/\/faculdade.grancursosonline.com.br\/blog\/wp-json\/wp\/v2\/users\/486"}],"replies":[{"embeddable":true,"href":"https:\/\/faculdade.grancursosonline.com.br\/blog\/wp-json\/wp\/v2\/comments?post=79700600"}],"version-history":[{"count":5,"href":"https:\/\/faculdade.grancursosonline.com.br\/blog\/wp-json\/wp\/v2\/posts\/79700600\/revisions"}],"predecessor-version":[{"id":79739191,"href":"https:\/\/faculdade.grancursosonline.com.br\/blog\/wp-json\/wp\/v2\/posts\/79700600\/revisions\/79739191"}],"wp:featuredmedia":[{"embeddable":true,"href":"https:\/\/faculdade.grancursosonline.com.br\/blog\/wp-json\/wp\/v2\/media\/79700614"}],"wp:attachment":[{"href":"https:\/\/faculdade.grancursosonline.com.br\/blog\/wp-json\/wp\/v2\/media?parent=79700600"}],"wp:term":[{"taxonomy":"category","embeddable":true,"href":"https:\/\/faculdade.grancursosonline.com.br\/blog\/wp-json\/wp\/v2\/categories?post=79700600"},{"taxonomy":"post_tag","embeddable":true,"href":"https:\/\/faculdade.grancursosonline.com.br\/blog\/wp-json\/wp\/v2\/tags?post=79700600"}],"curies":[{"name":"wp","href":"https:\/\/api.w.org\/{rel}","templated":true}]}}