{"id":79721092,"date":"2026-04-06T18:13:56","date_gmt":"2026-04-06T21:13:56","guid":{"rendered":"https:\/\/blog.grancursosonline.com.br\/?p=79721092"},"modified":"2026-04-06T18:14:57","modified_gmt":"2026-04-06T21:14:57","slug":"como-se-inscrevem-enem-de-graca","status":"publish","type":"post","link":"https:\/\/faculdade.grancursosonline.com.br\/blog\/como-se-inscrevem-enem-de-graca\/","title":{"rendered":"Como se inscrever no Enem de gra\u00e7a? Entenda a isen\u00e7\u00e3o Enem"},"content":{"rendered":"\n<p>Se voc\u00ea quer entender como se inscrever no Enem de gra\u00e7a, esse texto \u00e9 para voc\u00ea! Confira o que \u00e9 a isen\u00e7\u00e3o Enem, quem tem direito e como pedir sua isen\u00e7\u00e3o para o Enem 2026.<\/p>\n\n\n\n<div class=\"wp-block-columns is-layout-flex wp-container-core-columns-is-layout-9d6595d7 wp-block-columns-is-layout-flex\">\n<div class=\"wp-block-column is-layout-flow wp-block-column-is-layout-flow\" style=\"flex-basis:100%\"><div class=\"wp-block-image\">\n<figure class=\"aligncenter size-full\"><a href=\"https:\/\/whatsapp.com\/channel\/0029VaG1sChI7Be7PNndhL43\" target=\"_blank\" rel=\"noopener\"><img decoding=\"async\" src=\"https:\/\/blog-es-static.infra.grancursosonline.com.br\/wp-content\/uploads\/2025\/09\/09112354\/banner-wp-600x142-80.webp\" alt=\"Acesse o canal do WhatsApp da Gran Faculdade\" class=\"wp-image-79751904\"\/><\/a><\/figure>\n<\/div><\/div>\n<\/div>\n\n\n\n<p>Vamos l\u00e1? Se preferir, navegue pelo \u00edndice abaixo:<\/p>\n\n\n\n<ul class=\"wp-block-list\">\n<li><a href=\"#o-que\">O que \u00e9 isen\u00e7\u00e3o do Enem?<\/a><\/li>\n\n\n\n<li><a href=\"#para\">Para que serve taxa de isen\u00e7\u00e3o Enem?<\/a><\/li>\n\n\n\n<li><a href=\"#quem\">Quem tem direito \u00e0 isen\u00e7\u00e3o do Enem?<\/a><\/li>\n\n\n\n<li><a href=\"#pe-de-meia\">P\u00e9-de-Meia pode fazer pedido isen\u00e7\u00e3o Enem 2026?<\/a><\/li>\n\n\n\n<li><a href=\"#treineiro\">Treineiro Enem pode pedir isen\u00e7\u00e3o?<\/a><\/li>\n\n\n\n<li><a href=\"#como\">Como pedir isen\u00e7\u00e3o do Enem?<\/a><\/li>\n\n\n\n<li><a href=\"#documentos\">Quais documentos precisa para pedir isen\u00e7\u00e3o do Enem?<\/a><\/li>\n\n\n\n<li><a href=\"#qual\">Qual a data para pedir isen\u00e7\u00e3o do Enem 2026?<\/a><\/li>\n\n\n\n<li><a href=\"#datas\">Datas isen\u00e7\u00e3o do Enem <\/a><\/li>\n\n\n\n<li><a href=\"#resultado\">Quando sai o resultado da isen\u00e7\u00e3o do Enem?<\/a><\/li>\n\n\n\n<li><a href=\"#valor\">Qual o valor da taxa de inscri\u00e7\u00e3o Enem?<\/a><\/li>\n\n\n\n<li><a href=\"#inscricoes\">Quando abrem as inscri\u00e7\u00f5es para o Enem 2026?<\/a><\/li>\n\n\n\n<li><a href=\"#calendario\">Calend\u00e1rio Enem 2026<\/a><\/li>\n\n\n\n<li><a href=\"#precisa-inscricao\">Quem fez isen\u00e7\u00e3o do Enem precisa fazer inscri\u00e7\u00e3o?<\/a><\/li>\n\n\n\n<li><a href=\"#como-inscrever\">Como se inscrever no Enem 2026?<\/a><\/li>\n\n\n\n<li><a href=\"#gran\">Aproveite as vantagens e valores da Gran Faculdade<\/a><\/li>\n<\/ul>\n\n\n\n<h2 class=\"wp-block-heading\" id=\"o-que\">O que \u00e9 isen\u00e7\u00e3o do Enem?<\/h2>\n\n\n\n<p>A isen\u00e7\u00e3o da taxa de inscri\u00e7\u00e3o do <a href=\"https:\/\/blog.grancursosonline.com.br\/enem-exame-nacional-do-ensino-medio\/\" target=\"_blank\" rel=\"noopener\">Exame Nacional do Ensino M\u00e9dio (Enem)<\/a> \u00e9 uma forma de garantir a gratuidade para quem quer fazer a prova e atende aos requisitos de renda listados pelo Minist\u00e9rio da Educa\u00e7\u00e3o.<\/p>\n\n\n\n<h2 class=\"wp-block-heading\" id=\"para\">Para que serve taxa de isen\u00e7\u00e3o Enem?<\/h2>\n\n\n\n<p>O pedido de isen\u00e7\u00e3o do Enem visa garantir que estudantes que n\u00e3o t\u00eam condi\u00e7\u00f5es financeiras possam se inscrever no Exame Nacional do Ensino M\u00e9dio (Enem) sem precisar pagar a taxa, que atualmente est\u00e1 em torno de R$ 85.&nbsp;<\/p>\n\n\n\n<p>Dessa forma, a isen\u00e7\u00e3o do <a href=\"https:\/\/blog.grancursosonline.com.br\/enem-exame-nacional-do-ensino-medio\/\" target=\"_blank\" rel=\"noopener\">Enem<\/a> visa democratizar o acesso ao Exame para estudantes sem condi\u00e7\u00f5es financeiras para custear a inscri\u00e7\u00e3o.&nbsp;<\/p>\n\n\n\n<h2 class=\"wp-block-heading\" id=\"quem\">Isen\u00e7\u00e3o Enem: quem tem direito?<\/h2>\n\n\n\n<p>T\u00eam direito \u00e0 isen\u00e7\u00e3o do Enem pessoas que:<\/p>\n\n\n\n<ul class=\"wp-block-list\">\n<li>Est\u00e3o cursando o \u00faltimo ano do ensino m\u00e9dio em escola p\u00fablica ou em institui\u00e7\u00e3o particular com bolsa de estudo integral (100%), desde que possuam renda familiar por pessoa de at\u00e9 1 sal\u00e1rio m\u00ednimo e meio;<\/li>\n\n\n\n<li>Estudantes em vulnerabilidade socioecon\u00f4mica inscritas no Cadastro \u00danico para Programas Sociais do Governo Federal (Cad\u00danico);<\/li>\n\n\n\n<li>Estudantes participantes do Programa P\u00e9-de-Meia, do Governo Federal.<\/li>\n<\/ul>\n\n\n\n<p>O <a href=\"https:\/\/blog.grancursosonline.com.br\/mec-ministerio-educacao\/\" target=\"_blank\" rel=\"noopener\">Minist\u00e9rio da Educa\u00e7\u00e3o<\/a> exige <strong>documentos que comprovem<\/strong> que o(a) candidato(a) se encaixa em um desses crit\u00e9rios. Seja atestado de matr\u00edcula, hist\u00f3rico escolar ou N\u00famero de Identifica\u00e7\u00e3o Social (NIS Enem) \u00fanico e v\u00e1lido, etc.<\/p>\n\n\n\n<p>Caso a solicita\u00e7\u00e3o n\u00e3o seja aprovada por alguma raz\u00e3o, \u00e9 poss\u00edvel entrar com recurso para pedir nova avalia\u00e7\u00e3o, no prazo divulgado para isso.<\/p>\n\n\n\n<h3 class=\"wp-block-heading\" id=\"pe-de-meia\">P\u00e9-de-Meia pode fazer pedido isen\u00e7\u00e3o Enem 2026?<\/h3>\n\n\n\n<p>Sim! O P\u00e9-de-Meia \u00e9 um programa do Governo Federal para promover a perman\u00eancia e a conclus\u00e3o escolar, com incentivos financeiros que motivam os estudantes a seguirem adiante.\u00a0<\/p>\n\n\n\n<p>Com rela\u00e7\u00e3o ao Enem, al\u00e9m da isen\u00e7\u00e3o da taxa de inscri\u00e7\u00e3o, os alunos do 3\u00ba ano que participarem do Enem 2026 e conclu\u00edrem o ensino m\u00e9dio t\u00eam direito, ainda, ao recebimento de um pagamento adicional de R$ 200.\u00a0<\/p>\n\n\n\n<p>O valor ser\u00e1 depositado, ap\u00f3s a conclus\u00e3o dessa etapa educacional, na conta poupan\u00e7a em que o(a) aluno(a) recebe os demais incentivos do programa.<\/p>\n\n\n\n<h3 class=\"wp-block-heading\" id=\"treineiro\">Treineiro Enem pode pedir isen\u00e7\u00e3o?<\/h3>\n\n\n\n<p>Sim, mas em poucos casos. Como vimos acima, s\u00e3o tr\u00eas grupos que possuem direito \u00e0 isen\u00e7\u00e3o da taxa do Enem. <a href=\"https:\/\/blog.grancursosonline.com.br\/enem-treineiro\/\" target=\"_blank\" rel=\"noopener\">Treineiros<\/a> n\u00e3o s\u00e3o alunos concluintes de ensino m\u00e9dio, ent\u00e3o, n\u00e3o se encaixam nesse requisito. Por\u00e9m, estudantes pertencentes ao Cad\u00danico podem tentar solicitar a isen\u00e7\u00e3o, mesmo que ainda n\u00e3o estejam finalizando o ensino m\u00e9dio. <\/p>\n\n\n\n<p>Ap\u00f3s a solicita\u00e7\u00e3o, \u00e9 feita uma an\u00e1lise para aprova\u00e7\u00e3o ou negativa do pedido de isen\u00e7\u00e3o Enem. Por isso, vale a pena acompanhar sua solicita\u00e7\u00e3o.  <\/p>\n\n\n\n<p>O <a href=\"https:\/\/blog.grancursosonline.com.br\/o-que-e-inep\/\" target=\"_blank\" rel=\"noopener\">Inep<\/a>, respons\u00e1vel pela realiza\u00e7\u00e3o do Enem, n\u00e3o faz distin\u00e7\u00e3o entre candidatos regulares e treineiros Enem, ent\u00e3o, todos devem se inscrever normalmente, conseguindo ou n\u00e3o a isen\u00e7\u00e3o da taxa. <\/p>\n\n\n\n<h2 class=\"wp-block-heading\" id=\"como\">Isen\u00e7\u00e3o Enem: como pedir?<\/h2>\n\n\n\n<p>Para solicitar a isen\u00e7\u00e3o do Enem, \u00e9 preciso <strong>acessar o site do Participante<\/strong> <strong>Enem<\/strong> (www.enem.inep.gov.br\/participante\/), com CPF, Data de nascimento, e-mail e telefone.<\/p>\n\n\n\n<p>Ap\u00f3s o acesso, \u00e9 preciso entrar no sistema, <strong>preencher os dados solicitados e<\/strong> <strong>enviar os documentos exigidos no formato adequado<\/strong> (PDF, PNG ou JPG, com o tamanho m\u00e1ximo de 2MB).<\/p>\n\n\n\n<p>Al\u00e9m disso, pessoas que n\u00e3o compareceram em um ou nos dois dias de prova da edi\u00e7\u00e3o anterior e querem solicitar a isen\u00e7\u00e3o para 2026, devem justificar a aus\u00eancia por meio de documentos v\u00e1lidos, como atestado m\u00e9dico, para as condi\u00e7\u00f5es previstas em edital.<\/p>\n\n\n\n<p>Caso contr\u00e1rio, essas pessoas n\u00e3o poder\u00e3o solicitar a isen\u00e7\u00e3o da taxa do Enem em 2026, podendo se inscrever somente pagando a taxa.<\/p>\n\n\n\n<h2 class=\"wp-block-heading\" id=\"documentos\">Quais documentos precisa para pedir isen\u00e7\u00e3o do Enem?<\/h2>\n\n\n\n<p>Documentos solicitados para o pedido de isen\u00e7\u00e3o Enem:<\/p>\n\n\n\n<ul class=\"wp-block-list\">\n<li>Documento de identifica\u00e7\u00e3o (identidade) do(a) participante e dos demais membros que comp\u00f5em o n\u00facleo familiar;<\/li>\n\n\n\n<li>Declara\u00e7\u00e3o que comprove a realiza\u00e7\u00e3o de todo o ensino m\u00e9dio em escola p\u00fablica ou hist\u00f3rico escolar do ensino m\u00e9dio, com assinatura e carimbo da escola. No caso de bolsista, deve ser inclu\u00edda declara\u00e7\u00e3o da escola que comprove a condi\u00e7\u00e3o de bolsista integral em todo o ensino m\u00e9dio;<\/li>\n\n\n\n<li>Comprovante da renda declarada referente ao m\u00eas corrente ou at\u00e9 tr\u00eas meses anteriores:\n<ul class=\"wp-block-list\">\n<li>Comprovante de pagamento, como holerite ou contracheque, recibo de pagamento por servi\u00e7os prestados, envelope de pagamento ou declara\u00e7\u00e3o do empregador;<\/li>\n\n\n\n<li>Declara\u00e7\u00e3o original, assinada pelo pr\u00f3prio interessado, para os aut\u00f4nomos e trabalhadores em atividades informais, contendo as seguintes informa\u00e7\u00f5es: nome, atividade que desenvolve, local onde a executa, telefone, h\u00e1 quanto tempo a exerce e renda bruta mensal em reais;<\/li>\n\n\n\n<li>Extrato de rendimentos fornecido pelo INSS ou por outras fontes, referente \u00e0 aposentadoria, aux\u00edlio-doen\u00e7a, pens\u00e3o, pec\u00falio, aux\u00edlio-reclus\u00e3o e previd\u00eancia privada. Na falta destes, extrato banc\u00e1rio identificado, com o valor do cr\u00e9dito do benef\u00edcio; <\/li>\n\n\n\n<li>Recibo de comiss\u00f5es, alugu\u00e9is, pr\u00f3-labores e outros;<\/li>\n\n\n\n<li>Recibo de seguro-desemprego e do FGTS;<\/li>\n\n\n\n<li>Rescis\u00e3o do \u00faltimo contrato de trabalho;<\/li>\n\n\n\n<li>Comprovante do valor da pens\u00e3o aliment\u00edcia (na falta deste, extrato ou declara\u00e7\u00e3o de quem a concede, especificando o valor);<\/li>\n\n\n\n<li>Comprovantes de benef\u00edcios concedidos por programas sociais, como bolsa-fam\u00edlia;<\/li>\n\n\n\n<li>Declara\u00e7\u00e3o original da pessoa que concede ajuda financeira ao interessado, pagamento de despesas com escola ou de outras despesas, contendo as seguintes informa\u00e7\u00f5es: nome, endere\u00e7o, telefone, valor concedido e finalidade;<\/li>\n\n\n\n<li>Comprovante de resid\u00eancia: conta de \u00e1gua, energia el\u00e9trica, g\u00e1s, telefone, carn\u00ea de IPTU, correspond\u00eancias oficiais ou banc\u00e1rias.<\/li>\n<\/ul>\n<\/li>\n\n\n\n<li>Benefici\u00e1rios Cad\u00danico: c\u00f3pia do cart\u00e3o com o NIS v\u00e1lido que contenha nome completo e CPF da m\u00e3e do participante.<\/li>\n<\/ul>\n\n\n\n<h2 class=\"wp-block-heading\" id=\"qual\">Qual a data para pedir isen\u00e7\u00e3o do Enem 2026?<\/h2>\n\n\n\n<p>De 13 a 24 de abril de 2026.<\/p>\n\n\n\n<h2 class=\"wp-block-heading\" id=\"datas\">Datas isen\u00e7\u00e3o do Enem<\/h2>\n\n\n\n<p>De acordo com as informa\u00e7\u00f5es divulgadas pelo Inep no dia 1 de abril, <strong>o prazo para solicita\u00e7\u00e3o da isen\u00e7\u00e3o Enem 2026<\/strong> ser\u00e1 de 13 a 24 de abril.<\/p>\n\n\n\n<p>\u00c9 tamb\u00e9m durante este per\u00edodo que pessoas que faltaram a edi\u00e7\u00e3o anterior e querem a isen\u00e7\u00e3o de taxa, devem justificar a aus\u00eancia do Enem 2025 por meio de algum dos documentos aceitos.<\/p>\n\n\n\n<p>Outras datas relevantes para o pedido de isen\u00e7\u00e3o do Enem s\u00e3o:<\/p>\n\n\n\n<ul class=\"wp-block-list\">\n<li>Pedido de isen\u00e7\u00e3o da taxa do Enem 2026 e justificativa de aus\u00eancia Enem 2025: 13 a 24 de abril de 2026;<\/li>\n\n\n\n<li>Resultado das solicita\u00e7\u00f5es: 8 de maio de 2026;<\/li>\n\n\n\n<li>Per\u00edodo para solicita\u00e7\u00e3o de recursos quanto ao resultado: 11 a 15 de maio de 2026;<\/li>\n\n\n\n<li>Resultado dos recursos: 22 de maio de 2026.<\/li>\n<\/ul>\n\n\n\n<p>Para consultar o resultado da solicita\u00e7\u00e3o de isen\u00e7\u00e3o Enem 2026, \u00e9 preciso acessar o site do participante Enem, pois o Inep n\u00e3o envia e-mail ou nenhum outro tipo de comunicado com o resultado.<\/p>\n\n\n\n<p>No edital, inclusive, \u00e9 evidenciado que essa responsabilidade de conferir e acompanhar o resultado, os prazos e documentos necess\u00e1rios \u00e9 do(a) estudante. Por isso, fique atento(a)!<\/p>\n\n\n\n<p><strong>Vale destacar que todas as pessoas, mesmo as que conseguiram a isen\u00e7\u00e3o da taxa do Enem, devem fazer a inscri\u00e7\u00e3o para o Exame no per\u00edodo em que abrirem as inscri\u00e7\u00f5es!<\/strong><\/p>\n\n\n\n<h2 class=\"wp-block-heading\" id=\"resultado\">Quando sai o resultado da isen\u00e7\u00e3o do Enem?<\/h2>\n\n\n\n<p>O resultado preliminar do pedido de isen\u00e7\u00e3o Enem 2026 est\u00e1 previsto para ser divulgado no dia 8 de maio e o resultado final (considerando as respostas aos recursos), em 22 de maio de 2026.\u00a0<\/p>\n\n\n\n<p>Para conferir os resultados da isen\u00e7\u00e3o do Enem, os estudantes dever\u00e3o acessar novamente o site do participante Enem e fazer o login.&nbsp;<\/p>\n\n\n\n<h2 class=\"wp-block-heading\" id=\"valor\">Qual o valor da taxa de inscri\u00e7\u00e3o Enem?<\/h2>\n\n\n\n<p><strong>O valor da taxa de inscri\u00e7\u00e3o do Enem 2025 ainda n\u00e3o foi confirmado pelo Inep, mas a princ\u00edpio a expectativa \u00e9 que seja o mesmo valor da edi\u00e7\u00e3o anterior: R$85.<\/strong><\/p>\n\n\n\n<h2 class=\"wp-block-heading\" id=\"inscricoes\">Quando abrem as inscri\u00e7\u00f5es para o Enem 2026?<\/h2>\n\n\n\n<p>Ainda n\u00e3o h\u00e1 estimativa do in\u00edcio da inscri\u00e7\u00e3o para o Enem 2026, pois o edital ainda n\u00e3o foi divulgado. Mas, se as datas permanecerem pr\u00f3ximas, \u00e9 esperado que as inscri\u00e7\u00f5es comecem em maio.<\/p>\n\n\n\n<p>Vale lembrar que <strong>todas as pessoas<\/strong>, mesmo as que conseguiram a isen\u00e7\u00e3o da taxa do Enem, <strong>devem fazer a inscri\u00e7\u00e3o para o Exame<\/strong> no per\u00edodo de inscri\u00e7\u00e3o do Enem 2026.\u00a0<\/p>\n\n\n\n<p>Somente a isen\u00e7\u00e3o da taxa n\u00e3o efetiva a inscri\u00e7\u00e3o e pessoas que tiverem a solicita\u00e7\u00e3o negada, ainda podem se inscrever no Exame, pagando o valor cobrado.<\/p>\n\n\n\n<h2 class=\"wp-block-heading\" id=\"calendario\">Calend\u00e1rio Enem 2026<\/h2>\n\n\n\n<p>At\u00e9 esta data, o calend\u00e1rio do Enem 2026 ainda n\u00e3o foi divulgado (e s\u00f3 costuma ser publicado em maio), mas seguindo o padr\u00e3o dos \u00faltimos anos, confira as estimativas dos meses e etapas:<\/p>\n\n\n\n<figure class=\"wp-block-table is-style-stripes\"><div class=\"container-tabela\"><table><thead><tr><th>Calend\u00e1rio Enem 2026 por etapas<\/th><th>Previs\u00f5es datas Enem 2026<\/th><\/tr><\/thead><tbody><tr><td>Isen\u00e7\u00e3o Enem e Justificativa de Aus\u00eancia<\/td><td>13 a 24 de abril<\/td><\/tr><tr><td>Resultado isen\u00e7\u00e3o Enem<\/td><td>8 de maio resultado preliminar<br>22 de maio resultado definitivo<\/td><\/tr><tr><td>Per\u00edodo de <a href=\"https:\/\/blog.grancursosonline.com.br\/inscricao-enem\/\" target=\"_blank\" rel=\"noopener\">inscri\u00e7\u00f5es Enem<\/a><\/td><td>ainda n\u00e3o divulgado, mas estima-se que seja em maio<\/td><\/tr><tr><td>Divulga\u00e7\u00e3o do <a href=\"https:\/\/blog.grancursosonline.com.br\/local-prova-enem\/\" target=\"_blank\" rel=\"noopener\">local de prova Enem<\/a><\/td><td>at\u00e9 o fim de outubro<\/td><\/tr><tr><td><a href=\"https:\/\/blog.grancursosonline.com.br\/prova-enem\/\" target=\"_blank\" rel=\"noopener\">Prova Enem<\/a> 2026<\/td><td>estima-se que seja nos dois primeiros finais de semana de novembro<\/td><\/tr><tr><td>Divulga\u00e7\u00e3o do gabarito oficial<\/td><td>at\u00e9 o fim de novembro<\/td><\/tr><tr><td>Divulga\u00e7\u00e3o do resultado final<\/td><td>janeiro de 2027<\/td><\/tr><\/tbody><\/table><\/div><\/figure>\n\n\n\n<h2 class=\"wp-block-heading\" id=\"precisa-inscricao\">Quem fez isen\u00e7\u00e3o do Enem precisa fazer inscri\u00e7\u00e3o?<\/h2>\n\n\n\n<p>Sim, quem fez o pedido de isen\u00e7\u00e3o do Enem, independentemente do resultado da solicita\u00e7\u00e3o, vai precisar fazer a <a href=\"https:\/\/blog.grancursosonline.com.br\/inscricao-enem\/\" target=\"_blank\" rel=\"noopener\">inscri\u00e7\u00e3o para o Enem<\/a> quando abrir o per\u00edodo de inscri\u00e7\u00f5es, que deve acontecer no in\u00edcio de junho. <\/p>\n\n\n\n<p><strong>Somente a isen\u00e7\u00e3o n\u00e3o garante a inscri\u00e7\u00e3o no exame. <\/strong><\/p>\n\n\n\n<h2 class=\"wp-block-heading\" id=\"como-inscrever\">Como se inscrever no Enem?<\/h2>\n\n\n\n<p>No per\u00edodo de inscri\u00e7\u00f5es abertas, qualquer pessoa pode fazer o login no site do participante Enem e se inscrever para o Exame. Ap\u00f3s preencher os dados, \u00e9 preciso emitir a guia para pagamento da taxa de inscri\u00e7\u00e3o (excetos participantes com isen\u00e7\u00e3o aprovada). <\/p>\n\n\n\n<p>Depois disso, todas as demais etapas podem ser acompanhadas diretamente pela p\u00e1gina do participante Enem, por meio deste mesmo login.<\/p>\n\n\n\n<h2 class=\"wp-block-heading\" id=\"prepare-se\">Prepare-se para o Enem 2026<\/h2>\n\n\n\n<p>O Enem 2026 \u00e9 uma prova que avalia os conhecimentos de estudantes do ensino m\u00e9dio de todo o pa\u00eds e \u00e9 uma excelente oportunidade para facilitar o acesso ao ensino superior em institui\u00e7\u00f5es p\u00fablicas e privadas.\u00a0<\/p>\n\n\n\n<p>Entre as vantagens de se sair bem no Enem, podemos destacar:&nbsp;<\/p>\n\n\n\n<ul class=\"wp-block-list\">\n<li>Mais chance de garantir uma vaga em institui\u00e7\u00f5es de ensino superior p\u00fablicas de todo o pa\u00eds (Universidades Federais, Estaduais, Municipais e Institutos);<\/li>\n\n\n\n<li>Conseguir bolsas de estudos parciais ou integrais para institui\u00e7\u00f5es particulares em todo o pa\u00eds (Universidades, Centros Universit\u00e1rios e Faculdades);<\/li>\n\n\n\n<li>Ter acesso a programas de financiamento estudantil, linhas de cr\u00e9dito e condi\u00e7\u00f5es facilitadas;<\/li>\n\n\n\n<li>Poder se candidatar a institui\u00e7\u00f5es de ensino de Portugal com a nota do Enem;&nbsp;<\/li>\n\n\n\n<li>Aproveitar as notas do Enem para vagas de emprego e <a href=\"https:\/\/blog.grancursosonline.com.br\/concursos-abertos\/\" target=\"_blank\" rel=\"noopener\">concursos p\u00fablicos<\/a>, al\u00e9m de outras aplica\u00e7\u00f5es.&nbsp;<\/li>\n<\/ul>\n\n\n\n<h2 class=\"wp-block-heading\" id=\"gran\">Aproveite as vantagens e valores da Gran Faculdade<\/h2>\n\n\n\n<p>A <a href=\"https:\/\/faculdade.grancursosonline.com.br\/\" target=\"_blank\" rel=\"noopener\">Gran Faculdade<\/a> nasceu com o prop\u00f3sito de mudar vidas por meio da educa\u00e7\u00e3o e da tecnologia. Por isso, aqui voc\u00ea encontra:<\/p>\n\n\n\n<ul class=\"wp-block-list\">\n<li>Entrada imediata para voc\u00ea n\u00e3o precisar aguardar o in\u00edcio de um novo semestre letivo para come\u00e7ar a conquistar seu diploma &#8211; voc\u00ea se matricula e pode come\u00e7ar o curso no mesmo dia;<\/li>\n\n\n\n<li>Faculdade EAD com curso 100% digital que possibilita conciliar a rotina do dia a dia com os estudos;<\/li>\n\n\n\n<li>Plataforma simples e intuitiva, assim, voc\u00ea estuda de onde estiver, em qualquer dispositivo;<\/li>\n\n\n\n<li>Professores renomados, did\u00e1ticos e que preparam os alunos para a pr\u00e1tica profissional;<\/li>\n\n\n\n<li>Mensalidades que cabem no seu bolso para que voc\u00ea possa realizar seus sonhos, com valores fixos ao longo de todo o curso, sem pegadinhas ou letras mi\u00fadas;<\/li>\n\n\n\n<li>Acessibilidade e ferramentas de inclus\u00e3o, afinal, aqui, todo mundo pode! E muito mais.<\/li>\n<\/ul>\n\n\n\n<p>Aceitamos ingresso por meio da <a href=\"https:\/\/blog.grancursosonline.com.br\/nota-enem\/\" target=\"_blank\" rel=\"noopener\">nota do Enem<\/a>, de vestibular simplificado. Tudo com entrada imediata, assim, voc\u00ea n\u00e3o precisa esperar o in\u00edcio de um novo semestre para come\u00e7ar a conquistar seu diploma. <\/p>\n\n\n\n<p>Estude em um Centro Universit\u00e1rio reconhecido com nota m\u00e1xima pelo MEC sem precisar se endividar para isso. Confira os descontos e escolha seu curso! <\/p>\n\n\n\n<div class=\"wp-block-group\"><div class=\"wp-block-group__inner-container is-layout-constrained wp-block-group-is-layout-constrained\">\n<h3 class=\"wp-block-heading\" id=\"h-cupons-de-desconto-graduacao-ead\">Cupons de desconto Gradua\u00e7\u00e3o EAD<\/h3>\n\n\n\n<p>Confira os descontos abaixo e selecione a op\u00e7\u00e3o que melhor se encaixa para voc\u00ea (<strong>valores v\u00e1lidos at\u00e9 o preenchimento das vagas<\/strong> <strong>dispon\u00edveis<\/strong>, os valores para sua matr\u00edcula ser\u00e3o os exibidos no site de compra na hora de fazer sua matr\u00edcula):<\/p>\n\n\n\n<figure class=\"wp-block-table\"><div class=\"container-tabela\"><table><tbody><tr><td>Categoria<\/td><td>Valor mensal<\/td><td>Cupom<\/td><\/tr><tr><td>Gradua\u00e7\u00e3o Social + Mulher<\/td><td>a partir de 12x de <strong><strong><strong><strong>R$ 89,90<\/strong><\/strong><\/strong><\/strong> <\/td><td>GRADSOCIALGRAN<\/td><\/tr><tr><td>Gradua\u00e7\u00e3o Alunos e Ex-alunos Gran<\/td><td>a partir de 12x de <strong><strong><strong><strong>R$ 89,90<\/strong><\/strong><\/strong><\/strong> <\/td><td>GRADALUNOGRAN<\/td><\/tr><tr><td>Gradua\u00e7\u00e3o Novos Alunos<\/td><td>a partir de 12x de <strong><strong><strong><strong>R$ 99,90<\/strong><\/strong><\/strong><\/strong><\/td><td>NOVOGRADGRAN<\/td><\/tr><\/tbody><\/table><\/div><\/figure>\n\n\n\n<p>Al\u00e9m disso, voc\u00ea pode obter 5% de desconto fazendo o pagamento \u00e0 vista!<\/p>\n\n\n\n<p class=\"has-text-align-center\"><strong><a href=\"https:\/\/faculdade.grancursosonline.com.br\/\" target=\"_blank\" rel=\"noopener\">Garanta sua matr\u00edcula com desconto!<\/a><\/strong><\/p>\n<\/div><\/div>\n\n\n\n<p>Bacana, n\u00e3o \u00e9? Ent\u00e3o, aproveite os prazos de isen\u00e7\u00e3o Enem, se prepare para o Exame e aproveite sua nota para conseguir bolsas de estudo de 100% na Gran Faculdade. <\/p>\n\n\n\n<p>Confira nossos cursos de gradua\u00e7\u00e3o EAD:<\/p>\n\n\n\n<div class=\"wp-block-group\"><div class=\"wp-block-group__inner-container is-layout-constrained wp-block-group-is-layout-constrained\">\n<h3 class=\"wp-block-heading\" id=\"h-cursos-de-graduacao-ead\">Cursos de gradua\u00e7\u00e3o EAD<\/h3>\n\n\n\n<p>S\u00e3o <a href=\"https:\/\/faculdade.grancursosonline.com.br\/nossos-cursos\/\" target=\"_blank\" rel=\"noreferrer noopener\">mais de 30 op\u00e7\u00f5es de cursos de gradua\u00e7\u00e3o EAD<\/a> com dura\u00e7\u00e3o a partir de 2 anos na Gran Faculdade, ideais para quem quer se destacar em uma carreira no setor p\u00fablico ou privado. Escolha o seu e aproveite a entrada imediata para come\u00e7ar a conquistar seu diploma hoje mesmo! <\/p>\n<\/div><\/div>\n\n\n\n<div class=\"wp-block-group has-background\" style=\"background-color:#8dd2fc7a\"><div class=\"wp-block-group__inner-container is-layout-constrained wp-block-group-is-layout-constrained\">\n<div class=\"wp-block-group\"><div class=\"wp-block-group__inner-container is-layout-constrained wp-block-group-is-layout-constrained\">\n<p><strong>Outras not\u00edcias em destaque:<\/strong><\/p>\n\n\n\n<ul class=\"wp-block-list\">\n<li><a href=\"https:\/\/blog.grancursosonline.com.br\/enem-exame-nacional-do-ensino-medio\/\" target=\"_blank\" rel=\"noopener\">ENEM: o que \u00e9, para que serve e como funciona o Exame?<\/a><\/li>\n\n\n\n<li><a href=\"https:\/\/blog.grancursosonline.com.br\/edital-enem\/\" target=\"_blank\" rel=\"noopener\">Edital do Enem: o que \u00e9 e quando sai? Confira!<\/a><\/li>\n\n\n\n<li><a href=\"https:\/\/faculdade.grancursosonline.com.br\/blog\/inscricoes-enem-2026\/\" target=\"_blank\" rel=\"noopener\">Que dia abre as inscri\u00e7\u00f5es para o Enem 2026? Confira o calend\u00e1rio oficial<\/a><\/li>\n<\/ul>\n<\/div><\/div>\n<\/div><\/div>\n\n\n\n<div class=\"wp-block-group\"><div class=\"wp-block-group__inner-container is-layout-constrained wp-block-group-is-layout-constrained\">\n<section style=\"text-align: center;\">\n<p>Quer ficar por dentro da Faculdade Digital mais inovadora do Brasil?<\/p>\n<nav>\n<p class=\"has-background has-dark-bluish-background-color\" style=\"font-size: 25px; text-align: center; background: #f0f0f0; color: #ffffff; padding: 4px 0px 4xp 0px;\"><a style=\"color: #0d134c; text-decoration: underline;\" href=\"https:\/\/faculdade.grancursosonline.com.br\/\" target=\"_blank\" rel=\"noopener\">GRADUA\u00c7\u00c3O<\/a><\/p>\n<p class=\"has-background has-dark-bluish-background-color\" style=\"font-size: 25px; text-align: center; background: #f0f0f0; color: #ffffff; padding: 4px 0px 4xp 0px;\"><a style=\"color: #0d134c; text-decoration: underline;\" href=\"https:\/\/pos.grancursosonline.com.br\/\" target=\"_blank\" rel=\"noopener\">P\u00d3S-GRADUA\u00c7\u00c3O<\/a><\/p>\n<p class=\"has-background has-dark-bluish-background-color\" style=\"font-size: 25px; text-align: center; background: #f0f0f0; color: #ffffff; padding: 4px 0px 4xp 0px;\"><a style=\"color: #0d134c; text-decoration: underline;\" href=\"https:\/\/faculdade.grancursosonline.com.br\/nossos-cursos\/\" target=\"_blank\" rel=\"noopener\">TUDO SOBRE A GRAN FACULDADE<\/a><\/p>\n<\/nav>\n<p><strong>Receba <span style=\"color: #cf1e25;\">gratuitamente<\/span> no seu celular as principais not\u00edcias sobre a Gran Faculdade! <br \/>Clique no link abaixo e inscreva-se:<\/strong><\/p>\n<p class=\"has-background has-dark-bluish-background-color\" style=\"font-size: 25px; text-align: center; background: #f0f0f0; color: #ffffff; padding: 4px 0px 4xp 0px;\"><a style=\"color: #0d134c; text-decoration: underline;\" href=\"https:\/\/whatsapp.com\/channel\/0029VaG1sChI7Be7PNndhL43\" target=\"_blank\" rel=\"noopener noreferrer\">WHATSAPP<\/a><\/p>\n<p class=\"has-background has-dark-bluish-background-color\" style=\"font-size: 25px; text-align: center; background: #f0f0f0; color: #ffffff; padding: 4px 0px 4xp 0px;\"><a style=\"color: #0d134c; text-decoration: underline;\" href=\"https:\/\/t.me\/GranFaculdade\" target=\"_blank\" rel=\"noopener noreferrer\">TELEGRAM<\/a><\/p>\n<\/section>\n<\/div><\/div>\n","protected":false},"excerpt":{"rendered":"<p>Se voc\u00ea quer entender como se inscrever no Enem de gra\u00e7a, esse texto \u00e9 para voc\u00ea! Confira o que \u00e9 a isen\u00e7\u00e3o Enem, quem tem direito e como pedir sua isen\u00e7\u00e3o para o Enem 2026. Vamos l\u00e1? Se preferir, navegue pelo \u00edndice abaixo: O que \u00e9 isen\u00e7\u00e3o do Enem? A isen\u00e7\u00e3o da taxa de inscri\u00e7\u00e3o&hellip;<\/p>\n","protected":false},"author":513,"featured_media":79721093,"comment_status":"open","ping_status":"open","sticky":false,"template":"","format":"standard","meta":{"_acf_changed":false,"content-type":"","footnotes":""},"categories":[1543],"tags":[],"class_list":["post-79721092","post","type-post","status-publish","format-standard","has-post-thumbnail","hentry","category-enem"],"acf":[],"yoast_head":"<!-- This site is optimized with the Yoast SEO Premium plugin v27.2 (Yoast SEO v27.2) - https:\/\/yoast.com\/product\/yoast-seo-premium-wordpress\/ -->\n<title>Como se inscrever no Enem de gra\u00e7a? Entenda a isen\u00e7\u00e3o Enem<\/title>\n<meta name=\"description\" content=\"O per\u00edodo de solicita\u00e7\u00e3o de isen\u00e7\u00e3o no Enem 2026 come\u00e7a dia 13 de abril. Saiba como se inscrever no Enem de gra\u00e7a e se voc\u00ea tem direito.\" \/>\n<meta name=\"robots\" content=\"index, follow, max-snippet:-1, max-image-preview:large, max-video-preview:-1\" \/>\n<link rel=\"canonical\" href=\"https:\/\/faculdade.grancursosonline.com.br\/blog\/como-se-inscrevem-enem-de-graca\/\" \/>\n<meta property=\"og:locale\" content=\"pt_BR\" \/>\n<meta property=\"og:type\" content=\"article\" \/>\n<meta property=\"og:title\" content=\"Como se inscrever no Enem de gra\u00e7a? Entenda a isen\u00e7\u00e3o Enem\" \/>\n<meta property=\"og:description\" content=\"O per\u00edodo de solicita\u00e7\u00e3o de isen\u00e7\u00e3o no Enem 2026 come\u00e7a dia 13 de abril. Saiba como se inscrever no Enem de gra\u00e7a e se voc\u00ea tem direito.\" \/>\n<meta property=\"og:url\" content=\"https:\/\/faculdade.grancursosonline.com.br\/blog\/como-se-inscrevem-enem-de-graca\/\" \/>\n<meta property=\"og:site_name\" content=\"Blog Gran Faculdade\" \/>\n<meta property=\"article:publisher\" content=\"https:\/\/www.facebook.com\/grancursosonline\/\" \/>\n<meta property=\"article:published_time\" content=\"2026-04-06T21:13:56+00:00\" \/>\n<meta property=\"article:modified_time\" content=\"2026-04-06T21:14:57+00:00\" \/>\n<meta property=\"og:image\" content=\"https:\/\/blog-es-static.infra.grancursosonline.com.br\/wp-content\/uploads\/2024\/04\/26182258\/como-se-inscrevem-enem-de-graca.jpg\" \/>\n\t<meta property=\"og:image:width\" content=\"1001\" \/>\n\t<meta property=\"og:image:height\" content=\"601\" \/>\n\t<meta property=\"og:image:type\" content=\"image\/jpeg\" \/>\n<meta name=\"author\" content=\"Larissa de Fran\u00e7a\" \/>\n<meta name=\"twitter:card\" content=\"summary_large_image\" \/>\n<meta name=\"twitter:creator\" content=\"@gran_online\" \/>\n<meta name=\"twitter:site\" content=\"@gran_online\" \/>\n<meta name=\"twitter:label1\" content=\"Written by\" \/>\n\t<meta name=\"twitter:data1\" content=\"Larissa de Fran\u00e7a\" \/>\n\t<meta name=\"twitter:label2\" content=\"Est. reading time\" \/>\n\t<meta name=\"twitter:data2\" content=\"14 minutos\" \/>\n<script type=\"application\/ld+json\" class=\"yoast-schema-graph\">{\"@context\":\"https:\/\/schema.org\",\"@graph\":[{\"@type\":\"NewsArticle\",\"@id\":\"https:\/\/faculdade.grancursosonline.com.br\/blog\/como-se-inscrevem-enem-de-graca\/#article\",\"isPartOf\":{\"@id\":\"https:\/\/faculdade.grancursosonline.com.br\/blog\/como-se-inscrevem-enem-de-graca\/\"},\"author\":{\"name\":\"Larissa de Fran\u00e7a\",\"@id\":\"https:\/\/faculdade.grancursosonline.com.br\/blog\/#\/schema\/person\/e41590de43e91fa2adf3cf8b740a6a34\"},\"headline\":\"Como se inscrever no Enem de gra\u00e7a? Entenda a isen\u00e7\u00e3o Enem\",\"datePublished\":\"2026-04-06T21:13:56+00:00\",\"dateModified\":\"2026-04-06T21:14:57+00:00\",\"mainEntityOfPage\":{\"@id\":\"https:\/\/faculdade.grancursosonline.com.br\/blog\/como-se-inscrevem-enem-de-graca\/\"},\"wordCount\":2209,\"commentCount\":0,\"publisher\":{\"@id\":\"https:\/\/faculdade.grancursosonline.com.br\/blog\/#organization\"},\"image\":{\"@id\":\"https:\/\/faculdade.grancursosonline.com.br\/blog\/como-se-inscrevem-enem-de-graca\/#primaryimage\"},\"thumbnailUrl\":\"https:\/\/blog-es-static.infra.grancursosonline.com.br\/wp-content\/uploads\/2024\/04\/26182258\/como-se-inscrevem-enem-de-graca.jpg\",\"articleSection\":[\"ENEM\"],\"inLanguage\":\"pt-BR\",\"potentialAction\":[{\"@type\":\"CommentAction\",\"name\":\"Comment\",\"target\":[\"https:\/\/faculdade.grancursosonline.com.br\/blog\/como-se-inscrevem-enem-de-graca\/#respond\"]}],\"copyrightYear\":\"2026\",\"copyrightHolder\":{\"@id\":\"https:\/\/faculdade.grancursosonline.com.br\/blog\/#organization\"}},{\"@type\":\"WebPage\",\"@id\":\"https:\/\/faculdade.grancursosonline.com.br\/blog\/como-se-inscrevem-enem-de-graca\/\",\"url\":\"https:\/\/faculdade.grancursosonline.com.br\/blog\/como-se-inscrevem-enem-de-graca\/\",\"name\":\"Como se inscrever no Enem de gra\u00e7a? Entenda a isen\u00e7\u00e3o Enem\",\"isPartOf\":{\"@id\":\"https:\/\/faculdade.grancursosonline.com.br\/blog\/#website\"},\"primaryImageOfPage\":{\"@id\":\"https:\/\/faculdade.grancursosonline.com.br\/blog\/como-se-inscrevem-enem-de-graca\/#primaryimage\"},\"image\":{\"@id\":\"https:\/\/faculdade.grancursosonline.com.br\/blog\/como-se-inscrevem-enem-de-graca\/#primaryimage\"},\"thumbnailUrl\":\"https:\/\/blog-es-static.infra.grancursosonline.com.br\/wp-content\/uploads\/2024\/04\/26182258\/como-se-inscrevem-enem-de-graca.jpg\",\"datePublished\":\"2026-04-06T21:13:56+00:00\",\"dateModified\":\"2026-04-06T21:14:57+00:00\",\"description\":\"O per\u00edodo de solicita\u00e7\u00e3o de isen\u00e7\u00e3o no Enem 2026 come\u00e7a dia 13 de abril. Saiba como se inscrever no Enem de gra\u00e7a e se voc\u00ea tem direito.\",\"breadcrumb\":{\"@id\":\"https:\/\/faculdade.grancursosonline.com.br\/blog\/como-se-inscrevem-enem-de-graca\/#breadcrumb\"},\"inLanguage\":\"pt-BR\",\"potentialAction\":[{\"@type\":\"ReadAction\",\"target\":[\"https:\/\/faculdade.grancursosonline.com.br\/blog\/como-se-inscrevem-enem-de-graca\/\"]}]},{\"@type\":\"ImageObject\",\"inLanguage\":\"pt-BR\",\"@id\":\"https:\/\/faculdade.grancursosonline.com.br\/blog\/como-se-inscrevem-enem-de-graca\/#primaryimage\",\"url\":\"https:\/\/blog-es-static.infra.grancursosonline.com.br\/wp-content\/uploads\/2024\/04\/26182258\/como-se-inscrevem-enem-de-graca.jpg\",\"contentUrl\":\"https:\/\/blog-es-static.infra.grancursosonline.com.br\/wp-content\/uploads\/2024\/04\/26182258\/como-se-inscrevem-enem-de-graca.jpg\",\"width\":1001,\"height\":601,\"caption\":\"Como se inscrever no Enem de gra\u00e7a? Entenda a isen\u00e7\u00e3o Enem\"},{\"@type\":\"BreadcrumbList\",\"@id\":\"https:\/\/faculdade.grancursosonline.com.br\/blog\/como-se-inscrevem-enem-de-graca\/#breadcrumb\",\"itemListElement\":[{\"@type\":\"ListItem\",\"position\":1,\"name\":\"In\u00edcio\",\"item\":\"https:\/\/faculdade.grancursosonline.com.br\/blog\/\"},{\"@type\":\"ListItem\",\"position\":2,\"name\":\"ENEM\",\"item\":\"https:\/\/faculdade.grancursosonline.com.br\/blog\/enem\/\"},{\"@type\":\"ListItem\",\"position\":3,\"name\":\"Como se inscrever no Enem de gra\u00e7a? Entenda a isen\u00e7\u00e3o Enem\"}]},{\"@type\":\"WebSite\",\"@id\":\"https:\/\/faculdade.grancursosonline.com.br\/blog\/#website\",\"url\":\"https:\/\/faculdade.grancursosonline.com.br\/blog\/\",\"name\":\"Blog Gran Faculdade\",\"description\":\"Tudo sobre ensino superior, p\u00f3s-gradua\u00e7\u00e3o, enem e carreira.\",\"publisher\":{\"@id\":\"https:\/\/faculdade.grancursosonline.com.br\/blog\/#organization\"},\"potentialAction\":[{\"@type\":\"SearchAction\",\"target\":{\"@type\":\"EntryPoint\",\"urlTemplate\":\"https:\/\/faculdade.grancursosonline.com.br\/blog\/?s={search_term_string}\"},\"query-input\":{\"@type\":\"PropertyValueSpecification\",\"valueRequired\":true,\"valueName\":\"search_term_string\"}}],\"inLanguage\":\"pt-BR\"},{\"@type\":\"Organization\",\"@id\":\"https:\/\/faculdade.grancursosonline.com.br\/blog\/#organization\",\"name\":\"Gran Cursos Online\",\"url\":\"https:\/\/faculdade.grancursosonline.com.br\/blog\/\",\"logo\":{\"@type\":\"ImageObject\",\"inLanguage\":\"pt-BR\",\"@id\":\"https:\/\/faculdade.grancursosonline.com.br\/blog\/#\/schema\/logo\/image\/\",\"url\":\"https:\/\/blog-es-static.infra.grancursosonline.com.br\/wp-content\/uploads\/2019\/08\/03123934\/logo.png\",\"contentUrl\":\"https:\/\/blog-es-static.infra.grancursosonline.com.br\/wp-content\/uploads\/2019\/08\/03123934\/logo.png\",\"width\":300,\"height\":57,\"caption\":\"Gran Cursos Online\"},\"image\":{\"@id\":\"https:\/\/faculdade.grancursosonline.com.br\/blog\/#\/schema\/logo\/image\/\"},\"sameAs\":[\"https:\/\/www.facebook.com\/grancursosonline\/\",\"https:\/\/x.com\/gran_online\",\"https:\/\/www.instagram.com\/grancursosonline\/\",\"https:\/\/www.youtube.com\/user\/grancursostv\"]},{\"@type\":\"Person\",\"@id\":\"https:\/\/faculdade.grancursosonline.com.br\/blog\/#\/schema\/person\/e41590de43e91fa2adf3cf8b740a6a34\",\"name\":\"Larissa de Fran\u00e7a\",\"url\":\"https:\/\/faculdade.grancursosonline.com.br\/blog\/author\/larisa-leonardo\/\"}]}<\/script>\n<!-- \/ Yoast SEO Premium plugin. -->","yoast_head_json":{"title":"Como se inscrever no Enem de gra\u00e7a? Entenda a isen\u00e7\u00e3o Enem","description":"O per\u00edodo de solicita\u00e7\u00e3o de isen\u00e7\u00e3o no Enem 2026 come\u00e7a dia 13 de abril. Saiba como se inscrever no Enem de gra\u00e7a e se voc\u00ea tem direito.","robots":{"index":"index","follow":"follow","max-snippet":"max-snippet:-1","max-image-preview":"max-image-preview:large","max-video-preview":"max-video-preview:-1"},"canonical":"https:\/\/faculdade.grancursosonline.com.br\/blog\/como-se-inscrevem-enem-de-graca\/","og_locale":"pt_BR","og_type":"article","og_title":"Como se inscrever no Enem de gra\u00e7a? Entenda a isen\u00e7\u00e3o Enem","og_description":"O per\u00edodo de solicita\u00e7\u00e3o de isen\u00e7\u00e3o no Enem 2026 come\u00e7a dia 13 de abril. Saiba como se inscrever no Enem de gra\u00e7a e se voc\u00ea tem direito.","og_url":"https:\/\/faculdade.grancursosonline.com.br\/blog\/como-se-inscrevem-enem-de-graca\/","og_site_name":"Blog Gran Faculdade","article_publisher":"https:\/\/www.facebook.com\/grancursosonline\/","article_published_time":"2026-04-06T21:13:56+00:00","article_modified_time":"2026-04-06T21:14:57+00:00","og_image":[{"width":1001,"height":601,"url":"https:\/\/blog-es-static.infra.grancursosonline.com.br\/wp-content\/uploads\/2024\/04\/26182258\/como-se-inscrevem-enem-de-graca.jpg","type":"image\/jpeg"}],"author":"Larissa de Fran\u00e7a","twitter_card":"summary_large_image","twitter_creator":"@gran_online","twitter_site":"@gran_online","twitter_misc":{"Written by":"Larissa de Fran\u00e7a","Est. reading time":"14 minutos"},"schema":{"@context":"https:\/\/schema.org","@graph":[{"@type":"NewsArticle","@id":"https:\/\/faculdade.grancursosonline.com.br\/blog\/como-se-inscrevem-enem-de-graca\/#article","isPartOf":{"@id":"https:\/\/faculdade.grancursosonline.com.br\/blog\/como-se-inscrevem-enem-de-graca\/"},"author":{"name":"Larissa de Fran\u00e7a","@id":"https:\/\/faculdade.grancursosonline.com.br\/blog\/#\/schema\/person\/e41590de43e91fa2adf3cf8b740a6a34"},"headline":"Como se inscrever no Enem de gra\u00e7a? Entenda a isen\u00e7\u00e3o Enem","datePublished":"2026-04-06T21:13:56+00:00","dateModified":"2026-04-06T21:14:57+00:00","mainEntityOfPage":{"@id":"https:\/\/faculdade.grancursosonline.com.br\/blog\/como-se-inscrevem-enem-de-graca\/"},"wordCount":2209,"commentCount":0,"publisher":{"@id":"https:\/\/faculdade.grancursosonline.com.br\/blog\/#organization"},"image":{"@id":"https:\/\/faculdade.grancursosonline.com.br\/blog\/como-se-inscrevem-enem-de-graca\/#primaryimage"},"thumbnailUrl":"https:\/\/blog-es-static.infra.grancursosonline.com.br\/wp-content\/uploads\/2024\/04\/26182258\/como-se-inscrevem-enem-de-graca.jpg","articleSection":["ENEM"],"inLanguage":"pt-BR","potentialAction":[{"@type":"CommentAction","name":"Comment","target":["https:\/\/faculdade.grancursosonline.com.br\/blog\/como-se-inscrevem-enem-de-graca\/#respond"]}],"copyrightYear":"2026","copyrightHolder":{"@id":"https:\/\/faculdade.grancursosonline.com.br\/blog\/#organization"}},{"@type":"WebPage","@id":"https:\/\/faculdade.grancursosonline.com.br\/blog\/como-se-inscrevem-enem-de-graca\/","url":"https:\/\/faculdade.grancursosonline.com.br\/blog\/como-se-inscrevem-enem-de-graca\/","name":"Como se inscrever no Enem de gra\u00e7a? Entenda a isen\u00e7\u00e3o Enem","isPartOf":{"@id":"https:\/\/faculdade.grancursosonline.com.br\/blog\/#website"},"primaryImageOfPage":{"@id":"https:\/\/faculdade.grancursosonline.com.br\/blog\/como-se-inscrevem-enem-de-graca\/#primaryimage"},"image":{"@id":"https:\/\/faculdade.grancursosonline.com.br\/blog\/como-se-inscrevem-enem-de-graca\/#primaryimage"},"thumbnailUrl":"https:\/\/blog-es-static.infra.grancursosonline.com.br\/wp-content\/uploads\/2024\/04\/26182258\/como-se-inscrevem-enem-de-graca.jpg","datePublished":"2026-04-06T21:13:56+00:00","dateModified":"2026-04-06T21:14:57+00:00","description":"O per\u00edodo de solicita\u00e7\u00e3o de isen\u00e7\u00e3o no Enem 2026 come\u00e7a dia 13 de abril. Saiba como se inscrever no Enem de gra\u00e7a e se voc\u00ea tem direito.","breadcrumb":{"@id":"https:\/\/faculdade.grancursosonline.com.br\/blog\/como-se-inscrevem-enem-de-graca\/#breadcrumb"},"inLanguage":"pt-BR","potentialAction":[{"@type":"ReadAction","target":["https:\/\/faculdade.grancursosonline.com.br\/blog\/como-se-inscrevem-enem-de-graca\/"]}]},{"@type":"ImageObject","inLanguage":"pt-BR","@id":"https:\/\/faculdade.grancursosonline.com.br\/blog\/como-se-inscrevem-enem-de-graca\/#primaryimage","url":"https:\/\/blog-es-static.infra.grancursosonline.com.br\/wp-content\/uploads\/2024\/04\/26182258\/como-se-inscrevem-enem-de-graca.jpg","contentUrl":"https:\/\/blog-es-static.infra.grancursosonline.com.br\/wp-content\/uploads\/2024\/04\/26182258\/como-se-inscrevem-enem-de-graca.jpg","width":1001,"height":601,"caption":"Como se inscrever no Enem de gra\u00e7a? Entenda a isen\u00e7\u00e3o Enem"},{"@type":"BreadcrumbList","@id":"https:\/\/faculdade.grancursosonline.com.br\/blog\/como-se-inscrevem-enem-de-graca\/#breadcrumb","itemListElement":[{"@type":"ListItem","position":1,"name":"In\u00edcio","item":"https:\/\/faculdade.grancursosonline.com.br\/blog\/"},{"@type":"ListItem","position":2,"name":"ENEM","item":"https:\/\/faculdade.grancursosonline.com.br\/blog\/enem\/"},{"@type":"ListItem","position":3,"name":"Como se inscrever no Enem de gra\u00e7a? Entenda a isen\u00e7\u00e3o Enem"}]},{"@type":"WebSite","@id":"https:\/\/faculdade.grancursosonline.com.br\/blog\/#website","url":"https:\/\/faculdade.grancursosonline.com.br\/blog\/","name":"Blog Gran Faculdade","description":"Tudo sobre ensino superior, p\u00f3s-gradua\u00e7\u00e3o, enem e carreira.","publisher":{"@id":"https:\/\/faculdade.grancursosonline.com.br\/blog\/#organization"},"potentialAction":[{"@type":"SearchAction","target":{"@type":"EntryPoint","urlTemplate":"https:\/\/faculdade.grancursosonline.com.br\/blog\/?s={search_term_string}"},"query-input":{"@type":"PropertyValueSpecification","valueRequired":true,"valueName":"search_term_string"}}],"inLanguage":"pt-BR"},{"@type":"Organization","@id":"https:\/\/faculdade.grancursosonline.com.br\/blog\/#organization","name":"Gran Cursos Online","url":"https:\/\/faculdade.grancursosonline.com.br\/blog\/","logo":{"@type":"ImageObject","inLanguage":"pt-BR","@id":"https:\/\/faculdade.grancursosonline.com.br\/blog\/#\/schema\/logo\/image\/","url":"https:\/\/blog-es-static.infra.grancursosonline.com.br\/wp-content\/uploads\/2019\/08\/03123934\/logo.png","contentUrl":"https:\/\/blog-es-static.infra.grancursosonline.com.br\/wp-content\/uploads\/2019\/08\/03123934\/logo.png","width":300,"height":57,"caption":"Gran Cursos Online"},"image":{"@id":"https:\/\/faculdade.grancursosonline.com.br\/blog\/#\/schema\/logo\/image\/"},"sameAs":["https:\/\/www.facebook.com\/grancursosonline\/","https:\/\/x.com\/gran_online","https:\/\/www.instagram.com\/grancursosonline\/","https:\/\/www.youtube.com\/user\/grancursostv"]},{"@type":"Person","@id":"https:\/\/faculdade.grancursosonline.com.br\/blog\/#\/schema\/person\/e41590de43e91fa2adf3cf8b740a6a34","name":"Larissa de Fran\u00e7a","url":"https:\/\/faculdade.grancursosonline.com.br\/blog\/author\/larisa-leonardo\/"}]}},"_links":{"self":[{"href":"https:\/\/faculdade.grancursosonline.com.br\/blog\/wp-json\/wp\/v2\/posts\/79721092","targetHints":{"allow":["GET"]}}],"collection":[{"href":"https:\/\/faculdade.grancursosonline.com.br\/blog\/wp-json\/wp\/v2\/posts"}],"about":[{"href":"https:\/\/faculdade.grancursosonline.com.br\/blog\/wp-json\/wp\/v2\/types\/post"}],"author":[{"embeddable":true,"href":"https:\/\/faculdade.grancursosonline.com.br\/blog\/wp-json\/wp\/v2\/users\/513"}],"replies":[{"embeddable":true,"href":"https:\/\/faculdade.grancursosonline.com.br\/blog\/wp-json\/wp\/v2\/comments?post=79721092"}],"version-history":[{"count":9,"href":"https:\/\/faculdade.grancursosonline.com.br\/blog\/wp-json\/wp\/v2\/posts\/79721092\/revisions"}],"predecessor-version":[{"id":79764112,"href":"https:\/\/faculdade.grancursosonline.com.br\/blog\/wp-json\/wp\/v2\/posts\/79721092\/revisions\/79764112"}],"wp:featuredmedia":[{"embeddable":true,"href":"https:\/\/faculdade.grancursosonline.com.br\/blog\/wp-json\/wp\/v2\/media\/79721093"}],"wp:attachment":[{"href":"https:\/\/faculdade.grancursosonline.com.br\/blog\/wp-json\/wp\/v2\/media?parent=79721092"}],"wp:term":[{"taxonomy":"category","embeddable":true,"href":"https:\/\/faculdade.grancursosonline.com.br\/blog\/wp-json\/wp\/v2\/categories?post=79721092"},{"taxonomy":"post_tag","embeddable":true,"href":"https:\/\/faculdade.grancursosonline.com.br\/blog\/wp-json\/wp\/v2\/tags?post=79721092"}],"curies":[{"name":"wp","href":"https:\/\/api.w.org\/{rel}","templated":true}]}}