{"id":79722762,"date":"2024-05-03T20:48:50","date_gmt":"2024-05-03T23:48:50","guid":{"rendered":"https:\/\/blog.grancursosonline.com.br\/?p=79722762"},"modified":"2024-05-03T20:48:53","modified_gmt":"2024-05-03T23:48:53","slug":"ciencias-sociais-aplicadas","status":"publish","type":"post","link":"https:\/\/faculdade.grancursosonline.com.br\/blog\/ciencias-sociais-aplicadas\/","title":{"rendered":"Ci\u00eancias Sociais Aplicadas: quais s\u00e3o os cursos dessa \u00e1rea?"},"content":{"rendered":"\n<p>As Ci\u00eancias Sociais Aplicadas s\u00e3o uma das 8 \u00e1reas do conhecimento para cursos e carreiras. Entenda mais sobre as possibilidades e caracter\u00edsticas dessa \u00e1rea e veja se seu perfil \u00e9 compat\u00edvel com alguma dessas carreiras. <\/p>\n\n\n\n<p>Ent\u00e3o, vamos l\u00e1, se preferir, navegue pelo \u00edndice abaixo:<\/p>\n\n\n\n<ul class=\"wp-block-list\">\n<li><a href=\"#o-que\">O que s\u00e3o Ci\u00eancias Sociais?<\/a><\/li>\n\n\n\n<li><a href=\"#cursos\">Quais s\u00e3o os cursos de Ci\u00eancias Sociais Aplicadas?<\/a><\/li>\n\n\n\n<li><a href=\"#juridicas\">Conhe\u00e7a o curso de Ci\u00eancias Jur\u00eddicas e Sociais EAD<\/a><\/li>\n\n\n\n<li><a href=\"#quanto\">Quanto ganha um profissional de Ci\u00eancias Sociais?<\/a><\/li>\n\n\n\n<li><a href=\"#naturais\">Qual a diferen\u00e7a entre Ci\u00eancias Naturais e Ci\u00eancias Sociais?<\/a><\/li>\n\n\n\n<li><a href=\"#profissao\">Qual a profiss\u00e3o de quem faz Ci\u00eancias Sociais?<\/a><\/li>\n\n\n\n<li><a href=\"#gran\">Aproveite as vantagens e valores da Gran Faculdade!<\/a><\/li>\n<\/ul>\n\n\n\n<div class=\"wp-block-group has-background\" style=\"background-color:#8dd2fc7a\"><div class=\"wp-block-group__inner-container is-layout-constrained wp-block-group-is-layout-constrained\">\n<p><strong>Outras not\u00edcias em destaque:<\/strong><\/p>\n\n\n\n<ul class=\"wp-block-list\">\n<li><a href=\"https:\/\/blog.grancursosonline.com.br\/ciencias-exatas-e-da-terra-cursos\/\" target=\"_blank\" rel=\"noreferrer noopener\">Ci\u00eancias Exatas e da Terra: essa \u00e9 sua \u00e1rea? Veja os cursos<\/a><\/li>\n\n\n\n<li><a href=\"https:\/\/blog.grancursosonline.com.br\/teste-vocacional-gran\/\" target=\"_blank\" rel=\"noreferrer noopener\">Teste vocacional: qual curso mais combina comigo?<\/a><\/li>\n\n\n\n<li><a href=\"https:\/\/blog.grancursosonline.com.br\/melhores-cursos-faculdade\/\" target=\"_blank\" rel=\"noreferrer noopener\">Melhores cursos de faculdade: quais s\u00e3o e como escolher?<\/a><\/li>\n<\/ul>\n<\/div><\/div>\n\n\n\n<h2 class=\"wp-block-heading\" id=\"o-que\">O que s\u00e3o Ci\u00eancias Sociais?<\/h2>\n\n\n\n<p>Ci\u00eancias Sociais Aplicadas \u00e9 a \u00e1rea do conhecimento referente aos estudos sobre a vida humana e suas intera\u00e7\u00f5es humanas entre pessoas e considerando os contextos social, econ\u00f4mico, pol\u00edtico, cultural e ambiental.\u00a0<\/p>\n\n\n\n<p>As principais disciplinas ao longo da educa\u00e7\u00e3o b\u00e1sica que se aprofundam em quest\u00f5es das Ci\u00eancias Sociais s\u00e3o Hist\u00f3ria, Geografia, Sociologia e Filosofia, al\u00e9m da l\u00edngua portuguesa e express\u00f5es art\u00edsticas. <\/p>\n\n\n\n<p>De acordo com a classifica\u00e7\u00e3o do <a href=\"https:\/\/blog.grancursosonline.com.br\/mec-ministerio-educacao\/\" target=\"_blank\" rel=\"noreferrer noopener\">Minist\u00e9rio da Educa\u00e7\u00e3o (MEC)<\/a>, existem 8 principais \u00e1reas do conhecimento, sendo que as Ci\u00eancias Humanas e Sociais Aplicadas s\u00e3o divididas em 3 blocos:&nbsp;<\/p>\n\n\n\n<ul class=\"wp-block-list\">\n<li><strong>Ci\u00eancias Sociais Aplicadas<\/strong>;<\/li>\n\n\n\n<li><strong>Ci\u00eancias Humanas<\/strong>;<\/li>\n\n\n\n<li><strong>Lingu\u00edstica, letras e artes<\/strong>.<\/li>\n<\/ul>\n\n\n\n<p>Ao longo do texto, vamos entender melhor como isso se aplica no ensino superior e quais s\u00e3o os cursos e carreiras das Ci\u00eancias Sociais Aplicadas. <\/p>\n\n\n\n<h3 class=\"wp-block-heading\" id=\"significado\">O que significa Ci\u00eancias Humanas e Sociais Aplicadas?<\/h3>\n\n\n\n<p>Basicamente, a \u00e1rea de Ci\u00eancias Humanas e Sociais Aplicadas, como o nome sugere, \u00e9 voltada para o estudo do ser humano, com seus contextos, caracter\u00edsticas e tudo que o envolve.\u00a0<\/p>\n\n\n\n<p>Por isso, em s\u00edntese, pessoas dessa \u00e1rea costumam ter mais sensibilidade, empatia e linhas de racioc\u00ednio mais subjetivas.&nbsp;<\/p>\n\n\n\n<p>Nesse campo, h\u00e1 mais espa\u00e7o para express\u00f5es de arte e cultura, al\u00e9m de profiss\u00f5es que abordam as rela\u00e7\u00f5es humanas consigo, com o outro, com o ambiente e com o mundo de maneira geral.&nbsp;<\/p>\n\n\n\n<p>Ao contr\u00e1rio da \u00e1rea de <a href=\"https:\/\/blog.grancursosonline.com.br\/ciencias-exatas-e-da-terra-cursos\/\" target=\"_blank\" rel=\"noreferrer noopener\">Ci\u00eancias Exatas<\/a> que se fundamenta no <a href=\"https:\/\/blog.grancursosonline.com.br\/raciocinio-logico\/\" target=\"_blank\" rel=\"noreferrer noopener\">racioc\u00ednio l\u00f3gico<\/a> e em f\u00f3rmulas matem\u00e1ticas, por exemplo.<\/p>\n\n\n\n<h2 class=\"wp-block-heading\" id=\"cursos\">Quais s\u00e3o os cursos de Ci\u00eancias Sociais Aplicadas?<\/h2>\n\n\n\n<p>Entre os cursos de Ci\u00eancias Sociais Aplicadas, podemos listar:<\/p>\n\n\n\n<ul class=\"wp-block-list\">\n<li>Administra\u00e7\u00e3o (P\u00fablica e de Empresas);<\/li>\n\n\n\n<li>Ci\u00eancias Cont\u00e1beis;<\/li>\n\n\n\n<li>Turismo;<\/li>\n\n\n\n<li>Arquitetura e Urbanismo;<\/li>\n\n\n\n<li>Design;<\/li>\n\n\n\n<li>Desenho Industrial;<\/li>\n\n\n\n<li>Museologia;<\/li>\n\n\n\n<li>Direito;<\/li>\n\n\n\n<li>Economia e Ci\u00eancias Econ\u00f4micas; <\/li>\n\n\n\n<li>Comunica\u00e7\u00e3o;<\/li>\n\n\n\n<li>Ci\u00eancias Sociais;<\/li>\n\n\n\n<li>Servi\u00e7o Social.<\/li>\n<\/ul>\n\n\n\n<p>Apesar de uma ou outra caracter\u00edstica em comum, cada curso possui seus objetivos e \u00e1reas de estudo espec\u00edficas. Ent\u00e3o, vamos entender um pouco mais sobre os principais cursos dessas \u00e1reas.<\/p>\n\n\n\n<h3 class=\"wp-block-heading\" id=\"direito\">Direito<\/h3>\n\n\n\n<p>Um dos mais concorridos cursos da \u00e1rea de Ci\u00eancias Sociais \u00e9 o Direito. O curso de bacharelado tem dura\u00e7\u00e3o de 5 anos aliando teorias e pr\u00e1ticas para a forma\u00e7\u00e3o de profissionais que possam atuar em alguma esfera da \u00e1rea jur\u00eddica. <\/p>\n\n\n\n<p>Cada frente de atua\u00e7\u00e3o exige especializa\u00e7\u00f5es espec\u00edficas. Por exemplo, al\u00e9m da gradua\u00e7\u00e3o, para poder atuar como advogado, \u00e9 preciso ser aprovado no <a href=\"https:\/\/blog.grancursosonline.com.br\/mentoria-oab\/\" target=\"_blank\" rel=\"noreferrer noopener\">Exame da Ordem (OAB)<\/a>. J\u00e1 para se tornar juiz ou delegado, \u00e9 necess\u00e1ria a aprova\u00e7\u00e3o em um concurso p\u00fablico.<\/p>\n\n\n\n<p>A m\u00e9dia salarial de um advogado no Brasil \u00e9 de R$4.500,00. Entretanto, para ju\u00edzes esse valor sobe para uma m\u00e9dia de R$30 mil. Sendo uma das \u00e1reas com maiores remunera\u00e7\u00f5es entre as Ci\u00eancias Sociais Aplicadas. <\/p>\n\n\n\n<p>Este curso s\u00f3 pode ser feito na modalidade presencial, n\u00e3o existe <a href=\"https:\/\/blog.grancursosonline.com.br\/direito-ead\/\" target=\"_blank\" rel=\"noreferrer noopener\">Direito EAD<\/a> no Brasil. <\/p>\n\n\n\n<h3 class=\"wp-block-heading\" id=\"adoministracao\">Administra\u00e7\u00e3o<\/h3>\n\n\n\n<p>Carreiras administrativas tamb\u00e9m fazem parte da \u00e1rea de Ci\u00eancias Sociais Aplicadas. O <a href=\"https:\/\/faculdade.grancursosonline.com.br\/curso\/administracao\/\" target=\"_blank\" rel=\"noreferrer noopener\">bacharelado em Administra\u00e7\u00e3o<\/a> possui dura\u00e7\u00e3o de 4 anos e \u00e9 um curso amplo que forma profissionais para atuarem na administra\u00e7\u00e3o de empresas e \u00e1reas de gest\u00e3o no setor p\u00fablico e privado.<\/p>\n\n\n\n<p>Tamb\u00e9m nessa frente, h\u00e1 a op\u00e7\u00e3o de cursar um tecn\u00f3logo em Gest\u00e3o P\u00fablica, que possui dura\u00e7\u00e3o de 2 anos e \u00e9 mais focada, como o pr\u00f3prio nome sugere, nos <a href=\"https:\/\/blog.grancursosonline.com.br\/principios-administracao-publica\/\" target=\"_blank\" rel=\"noreferrer noopener\">princ\u00edpios da administra\u00e7\u00e3o p\u00fablica<\/a>. <\/p>\n\n\n\n<p>Dependendo do porte da empresa, da regi\u00e3o do pa\u00eds e da forma\u00e7\u00e3o profissional, a m\u00e9dia salarial pode variar entre R$3 mil e R$10 mil reais.<\/p>\n\n\n\n<h3 class=\"wp-block-heading\" id=\"arquitetura\">Arquitetura e Urbanismo<\/h3>\n\n\n\n<p>Tamb\u00e9m entre os cursos mais concorridos da \u00e1rea de Ci\u00eancias Humanas e Sociais Aplicadas, o bacharelado em Arquitetura e Urbanismo tem dura\u00e7\u00e3o de 4 anos. <\/p>\n\n\n\n<p>Esses profissionais atuam diretamente no planejamento urbano da cidade e ao final do curso s\u00e3o capazes de projetar espa\u00e7os e constru\u00e7\u00f5es, trabalhar em restaura\u00e7\u00f5es, edifica\u00e7\u00f5es e outras \u00e1reas espec\u00edficas. A m\u00e9dia salarial inicial gira em torno de R$4.400,00.<\/p>\n\n\n\n<h3 class=\"wp-block-heading\" id=\"comunicacao\">Comunica\u00e7\u00e3o social<\/h3>\n\n\n\n<p>Dividido em v\u00e1rias forma\u00e7\u00f5es diferentes, como R\u00e1dio e TV, Rela\u00e7\u00f5es P\u00fablicas, Jornalismo, Publicidade e Propaganda e <a href=\"https:\/\/faculdade.grancursosonline.com.br\/curso\/marketing\/\" target=\"_blank\" rel=\"noreferrer noopener\">Marketing<\/a>, os cursos de gradua\u00e7\u00e3o em Comunica\u00e7\u00e3o Social duram 4 anos.<\/p>\n\n\n\n<p>Com um mercado de trabalho migrando principalmente para os meios digitais, \u00e9 poss\u00edvel encontrar diferentes \u00e1reas de atua\u00e7\u00e3o. A m\u00e9dia salarial inicial de comunic\u00f3logos gira em torno de R$3 mil.<\/p>\n\n\n\n<h3 class=\"wp-block-heading\" id=\"servico\">Servi\u00e7o Social<\/h3>\n\n\n\n<p>Com um curso de gradua\u00e7\u00e3o tamb\u00e9m com dura\u00e7\u00e3o de 4 anos, o(a) assistente social \u00e9 habilitado para atuar em quest\u00f5es sociais com pessoas e institui\u00e7\u00f5es em diversos segmentos. <\/p>\n\n\n\n<p>\u00c9 poss\u00edvel, por exemplo, atuar com pessoas em vulnerabilidade social, crian\u00e7as e adolescentes, idosos, ambientes hospitalares, empresariais, entre outros.<\/p>\n\n\n\n<p>Para o cargo de assistente social, a m\u00e9dia salarial inicial \u00e9 de R$2.500,00.<\/p>\n\n\n\n<h3 class=\"wp-block-heading\" id=\"design\">Design<\/h3>\n\n\n\n<p>Apesar de n\u00e3o ser uma profiss\u00e3o regulamentada que exija diploma para atua\u00e7\u00e3o, o mercado de trabalho absorve melhor pessoas com forma\u00e7\u00e3o superior nos cursos de bacharelado (4 anos de forma\u00e7\u00e3o) ou tecn\u00f3logo (a partir de 2 anos) em design e suas forma\u00e7\u00f5es.<\/p>\n\n\n\n<p>\u00c9 poss\u00edvel se tornar designer gr\u00e1fico, designer industrial, designer de produto, entre outras forma\u00e7\u00f5es mais espec\u00edficas. Apesar de variar conforme a \u00e1rea de atua\u00e7\u00e3o, a m\u00e9dia salarial costuma ser em torno de R$2.800,00.<\/p>\n\n\n\n<h3 class=\"wp-block-heading\" id=\"turismo\">Turismo<\/h3>\n\n\n\n<p>Para quem quer desenvolver projetos tur\u00edsticos e atuar profissionalmente nessa \u00e1rea, \u00e9 preciso fazer cursos (de n\u00edvel m\u00e9dio e\/ou superior) e se cadastrar no \u00f3rg\u00e3o que regula a fun\u00e7\u00e3o (Cadastur).<\/p>\n\n\n\n<p>Al\u00e9m do curso t\u00e9cnico (de n\u00edvel m\u00e9dio), existem duas op\u00e7\u00f5es de gradua\u00e7\u00e3o em Turismo, o bacharelado que leva 4 anos para ser conclu\u00eddo e o tecn\u00f3logo, de Tecnologia em Gest\u00e3o de Turismo, que pode ser conclu\u00eddo em 2 anos.<\/p>\n\n\n\n<p>O campo de atua\u00e7\u00e3o do turism\u00f3logo no Brasil possui bastante espa\u00e7o, mas a remunera\u00e7\u00e3o inicial n\u00e3o costuma ser muito alta e a m\u00e9dia salarial \u00e9 de cerca de R$2 mil.<\/p>\n\n\n\n<p>Por isso, muitas pessoas acabam seguindo carreira como agente de viagens de forma aut\u00f4noma com maiores remunera\u00e7\u00f5es e menos estabilidade. <\/p>\n\n\n\n<h3 class=\"wp-block-heading\" id=\"psicologia\">Psicologia<\/h3>\n\n\n\n<p>Em um misto da \u00e1rea de Ci\u00eancias Humanas e Sociais Aplicadas e de Ci\u00eancias da Sa\u00fade, est\u00e1 a Psicologia. O curso de gradua\u00e7\u00e3o dura 5 anos e forma profissionais capazes de atuar no acompanhamento psicol\u00f3gico de pessoas em diversas \u00e1reas e contextos e pode ser feito apenas de maneira presencial.<\/p>\n\n\n\n<p>Al\u00e9m da psicologia cl\u00ednica (atendimento em consult\u00f3rio), o campo de atua\u00e7\u00e3o \u00e9 amplo e possui especializa\u00e7\u00f5es espec\u00edficas para diferentes frentes nos setores p\u00fablico e privado. <\/p>\n\n\n\n<p>A m\u00e9dia salarial de psicologia \u00e9 de aproximadamente R$2.500,00, mas esse valor varia de acordo com a regi\u00e3o do pa\u00eds e a \u00e1rea de atua\u00e7\u00e3o do(a) psic\u00f3logo(a).<\/p>\n\n\n\n<h2 class=\"wp-block-heading\" id=\"juridicas\">Conhe\u00e7a o curso de Ci\u00eancias Jur\u00eddicas e Sociais EAD<\/h2>\n\n\n\n<p>O<a href=\"https:\/\/faculdade.grancursosonline.com.br\/curso\/ciencias-juridicas-e-sociais\/\" target=\"_blank\" rel=\"noreferrer noopener\">\u00a0curso de Ci\u00eancias Jur\u00eddicas e Sociais<\/a>\u00a0EAD da Gran Faculdade desenvolve habilidades essenciais para carreiras relacionadas ao sistema jur\u00eddico e \u00e0s Ci\u00eancias Sociais.<\/p>\n\n\n\n<p>A forma\u00e7\u00e3o de n\u00edvel superior dura cerca de 2,5 anos (5 semestres) e traz o embasamento te\u00f3rico e pr\u00e1tico necess\u00e1rio ao profissional da \u00e1rea.<\/p>\n\n\n\n<p>Confira algumas das disciplinas da grade curricular do curso de Ci\u00eancias Jur\u00eddicas e Sociais da Gran Faculdade:<\/p>\n\n\n\n<ul class=\"wp-block-list\">\n<li>Teoria Geral do Direito P\u00fablico;<\/li>\n\n\n\n<li>Ci\u00eancia Pol\u00edtica e Teoria Geral do Estado;<\/li>\n\n\n\n<li>Filosofia e Sociologia Pol\u00edtica;<\/li>\n\n\n\n<li>Pol\u00edticas P\u00fablicas Brasileiras;<\/li>\n\n\n\n<li>Direito Pol\u00edtico e Eleitoral;<\/li>\n\n\n\n<li>M\u00eddia e Democracia;<\/li>\n\n\n\n<li>Comunica\u00e7\u00e3o e Pol\u00edtica;<\/li>\n\n\n\n<li>No\u00e7\u00f5es de Direitos Humanos;<\/li>\n\n\n\n<li>Pol\u00edticas de Inclus\u00e3o e A\u00e7\u00f5es Afirmativas;<\/li>\n\n\n\n<li>Direito Internacional e os Mecanismos de Coopera\u00e7\u00e3o Internacional;<\/li>\n\n\n\n<li><a href=\"https:\/\/blog.grancursosonline.com.br\/direito-processual-penal\/\" target=\"_blank\" rel=\"noreferrer noopener\">Direito Processual Penal<\/a>;<\/li>\n\n\n\n<li>Pol\u00edtica Criminal e Processos de Criminaliza\u00e7\u00e3o;<\/li>\n\n\n\n<li>Viol\u00eancia e Vulnerabilidades Sociais;<\/li>\n\n\n\n<li>Gest\u00e3o de Conflitos;<\/li>\n\n\n\n<li>Institui\u00e7\u00f5es de\u00a0<a href=\"https:\/\/blog.grancursosonline.com.br\/direito-civil\/\" target=\"_blank\" rel=\"noreferrer noopener\">Direito Civil<\/a>;<\/li>\n\n\n\n<li>No\u00e7\u00f5es de\u00a0<a href=\"https:\/\/blog.grancursosonline.com.br\/direito-do-trabalho\/\" target=\"_blank\" rel=\"noreferrer noopener\">Direito do Trabalho<\/a>\u00a0e de\u00a0<a href=\"https:\/\/blog.grancursosonline.com.br\/direito-previdenciario\/\" target=\"_blank\" rel=\"noreferrer noopener\">Direito Previdenci\u00e1rio<\/a>;<\/li>\n\n\n\n<li>Direito Digital;<\/li>\n\n\n\n<li><a href=\"https:\/\/blog.grancursosonline.com.br\/lingua-sinais-libras\/\" target=\"_blank\" rel=\"noreferrer noopener\">Libras<\/a>\u00a0(optativa), entre outras.<\/li>\n<\/ul>\n\n\n\n<h3 class=\"wp-block-heading\" id=\"h-certificacoes-do-curso-de-ciencias-juridicas-e-sociais\">Certifica\u00e7\u00f5es do curso de Ci\u00eancias Jur\u00eddicas e Sociais<\/h3>\n\n\n\n<p>Na Gran Faculdade, a cada m\u00f3dulo\/semestre conclu\u00eddo, o estudante recebe uma\u00a0<a href=\"https:\/\/blog.grancursosonline.com.br\/certificacao-intermediaria\/\" target=\"_blank\" rel=\"noreferrer noopener\">certifica\u00e7\u00e3o intermedi\u00e1ria<\/a>\u00a0para j\u00e1 se destacar no mercado de trabalho antes mesmo de concluir o curso.<\/p>\n\n\n\n<p>As certifica\u00e7\u00f5es da gradua\u00e7\u00e3o em ci\u00eancias Jur\u00eddicas e Sociais EAD s\u00e3o:<\/p>\n\n\n\n<ul class=\"wp-block-list\">\n<li>Analista de Ci\u00eancias Pol\u00edticas;<\/li>\n\n\n\n<li>Comunicador Pol\u00edtico midi\u00e1tico;<\/li>\n\n\n\n<li>Agente de Direitos Humanos;<\/li>\n\n\n\n<li>Gerenciador de Conflitos;<\/li>\n\n\n\n<li>Analista de Novas Tecnologias.<\/li>\n<\/ul>\n\n\n\n<h3 class=\"wp-block-heading\" id=\"h-enfases-do-curso-de-ciencias-juridicas-e-sociais\">\u00canfases do curso de Ci\u00eancias Jur\u00eddicas e Sociais<\/h3>\n\n\n\n<p>Aqui, nossos estudantes possuem autonomia para montar seu cronograma de estudos personalizado. Inclusive, ao longo do curso de Ci\u00eancias Jur\u00eddicas e Sociais \u00e9 poss\u00edvel escolher qual a \u00eanfase que deseja seguir de acordo com seus objetivos de carreira.<\/p>\n\n\n\n<ul class=\"wp-block-list\">\n<li><strong>\u00canfase em Assessoria Jur\u00eddica e Pol\u00edticas P\u00fablicas<\/strong>: para atua\u00e7\u00e3o como consultor de organiza\u00e7\u00f5es n\u00e3o governamentais, organismos internacionais e \u00f3rg\u00e3os do governo no campo da gest\u00e3o, planejamento e avalia\u00e7\u00e3o de pol\u00edticas p\u00fablicas;<\/li>\n\n\n\n<li><strong>\u00canfase em Estudos Jur\u00eddicos e Pesquisas Sociais<\/strong>: mais voltado para a atua\u00e7\u00e3o como consultor jur\u00eddico e de projetos de pesquisa, diagn\u00f3sticos jur\u00eddicos, sociais e territoriais, e de estudos de avalia\u00e7\u00e3o de projetos sociais.<\/li>\n<\/ul>\n\n\n\n<h2 class=\"wp-block-heading\" id=\"quanto\">Quanto ganha um profissional de Ci\u00eancias Sociais?<\/h2>\n\n\n\n<p>A remunera\u00e7\u00e3o para profissionais de Ci\u00eancias Sociais Aplicadas varia de acordo com o cargo, institui\u00e7\u00e3o, regi\u00e3o do pa\u00eds e qualifica\u00e7\u00e3o profissional, podendo ir inicialmente de R$2 mil a R$10 mil. <\/p>\n\n\n\n<h2 class=\"wp-block-heading\" id=\"naturais\">Qual a diferen\u00e7a entre Ci\u00eancias Naturais e Ci\u00eancias Sociais?<\/h2>\n\n\n\n<p>Ao longo do texto vimos algumas caracter\u00edsticas e forma\u00e7\u00f5es das Ci\u00eancias Sociais, que s\u00e3o voltadas para o estudo do ser humano e seus contextos. <\/p>\n\n\n\n<p>Por outro lado, as Ci\u00eancias Naturais ou Ci\u00eancias da Natureza s\u00e3o a \u00e1rea do conhecimento voltada para estudar quest\u00f5es do meio ambiente, de recursos naturais e contexto ambiental. Suas mat\u00e9rias principais se baseiam em Biologia e Qu\u00edmica. <\/p>\n\n\n\n<p>No entanto, essas Ci\u00eancias tamb\u00e9m mesclam conhecimentos das \u00e1reas de Ci\u00eancias Humanas e Sociais Aplicadas e Ci\u00eancias Exatas, tudo depende do curso e \u00e1rea de atua\u00e7\u00e3o espec\u00edfica. <\/p>\n\n\n\n<h2 class=\"wp-block-heading\" id=\"profissao\">Qual a profiss\u00e3o de quem faz Ci\u00eancias Sociais?<\/h2>\n\n\n\n<p>A profiss\u00e3o de quem faz Ci\u00eancias Sociais varia de acordo com sua forma\u00e7\u00e3o e <a href=\"https:\/\/blog.grancursosonline.com.br\/plano-de-carreira\/\" target=\"_blank\" rel=\"noreferrer noopener\">plano de carreira<\/a>. Para cada curso, h\u00e1 diversas possibilidades profissionais, por exemplo:<\/p>\n\n\n\n<ul class=\"wp-block-list\">\n<li>Em cargos corporativos no setor privado ou em cargos p\u00fablicos;<\/li>\n\n\n\n<li>Prestando servi\u00e7os\/fazendo produtos para comercializar;<\/li>\n\n\n\n<li>Se tornando especialista em determinada \u00e1rea podendo atuar com consultoria ou auditoria;<\/li>\n\n\n\n<li>Seguindo carreira em doc\u00eancia e ensino;<\/li>\n\n\n\n<li>Desenvolvendo pesquisa cient\u00edfica; etc.<\/li>\n<\/ul>\n\n\n\n<p>Al\u00e9m disso, quem faz a faculdade de Ci\u00eancias Sociais \u00e9 chamado(a) de Cientista Social. <\/p>\n\n\n\n<h2 class=\"wp-block-heading\" id=\"gran\">Aproveite as vantagens da Gran Faculdade<\/h2>\n\n\n\n<p>Na <a href=\"https:\/\/faculdade.grancursosonline.com.br\/\" target=\"_blank\" rel=\"noreferrer noopener\">Gran Faculdade<\/a> voc\u00ea encontra cursos de diversas carreiras em Ci\u00eancias Humanas e Sociais Aplicadas e outras \u00e1reas, tanto para gradua\u00e7\u00e3o, quanto para p\u00f3s-gradua\u00e7\u00e3o.\u00a0<\/p>\n\n\n\n<p>Aqui, voc\u00ea encontra:<\/p>\n\n\n\n<ul class=\"wp-block-list\">\n<li>Entrada imediata para voc\u00ea n\u00e3o precisar aguardar o in\u00edcio de um novo semestre letivo para come\u00e7ar a conquistar seu diploma &#8211; voc\u00ea se matricula e pode come\u00e7ar o curso no mesmo dia;<\/li>\n\n\n\n<li>Faculdade EAD com curso 100% digital que possibilita conciliar a rotina do dia a dia com os estudos;<\/li>\n\n\n\n<li>Plataforma simples e intuitiva, assim, voc\u00ea estuda de onde estiver, em qualquer dispositivo;<\/li>\n\n\n\n<li>Professores renomados, did\u00e1ticos e que preparam os alunos para a pr\u00e1tica profissional;<\/li>\n\n\n\n<li>Mensalidades que cabem no seu bolso para que voc\u00ea possa realizar seus sonhos, com valores fixos ao longo de todo o curso, sem pegadinhas ou letras mi\u00fadas;<\/li>\n\n\n\n<li>Acessibilidade e ferramentas de inclus\u00e3o, afinal, aqui, todo mundo pode! E muito mais.<\/li>\n<\/ul>\n\n\n\n<p>Escolha seu curso superior, fa\u00e7a sua matr\u00edcula com descontos e comece hoje mesmo a conquistar seu diploma!<\/p>\n\n\n\n<div class=\"wp-block-group\"><div class=\"wp-block-group__inner-container is-layout-constrained wp-block-group-is-layout-constrained\">\n<h3 class=\"wp-block-heading\" id=\"h-cursos-de-graduacao-ead\">Cursos de gradua\u00e7\u00e3o EAD<\/h3>\n\n\n\n<p>S\u00e3o <a href=\"https:\/\/faculdade.grancursosonline.com.br\/nossos-cursos\/\" target=\"_blank\" rel=\"noreferrer noopener\">mais de 30 op\u00e7\u00f5es de cursos de gradua\u00e7\u00e3o EAD<\/a> com dura\u00e7\u00e3o a partir de 2 anos na Gran Faculdade, ideais para quem quer se destacar em uma carreira no setor p\u00fablico ou privado. Escolha o seu e aproveite a entrada imediata para come\u00e7ar a conquistar seu diploma hoje mesmo! <\/p>\n<\/div><\/div>\n\n\n\n<div class=\"wp-block-group\"><div class=\"wp-block-group__inner-container is-layout-constrained wp-block-group-is-layout-constrained\">\n<section style=\"text-align: center;\">\n<p>Quer ficar por dentro da Faculdade Digital mais inovadora do Brasil?<\/p>\n<nav>\n<p class=\"has-background has-dark-bluish-background-color\" style=\"font-size: 25px; text-align: center; background: #f0f0f0; color: #ffffff; padding: 4px 0px 4xp 0px;\"><a style=\"color: #0d134c; text-decoration: underline;\" href=\"https:\/\/faculdade.grancursosonline.com.br\/\" target=\"_blank\" rel=\"noopener\">GRADUA\u00c7\u00c3O<\/a><\/p>\n<p class=\"has-background has-dark-bluish-background-color\" style=\"font-size: 25px; text-align: center; background: #f0f0f0; color: #ffffff; padding: 4px 0px 4xp 0px;\"><a style=\"color: #0d134c; text-decoration: underline;\" href=\"https:\/\/pos.grancursosonline.com.br\/\" target=\"_blank\" rel=\"noopener\">P\u00d3S-GRADUA\u00c7\u00c3O<\/a><\/p>\n<p class=\"has-background has-dark-bluish-background-color\" style=\"font-size: 25px; text-align: center; background: #f0f0f0; color: #ffffff; padding: 4px 0px 4xp 0px;\"><a style=\"color: #0d134c; text-decoration: underline;\" href=\"https:\/\/faculdade.grancursosonline.com.br\/nossos-cursos\/\" target=\"_blank\" rel=\"noopener\">TUDO SOBRE A GRAN FACULDADE<\/a><\/p>\n<\/nav>\n<p><strong>Receba <span style=\"color: #cf1e25;\">gratuitamente<\/span> no seu celular as principais not\u00edcias sobre a Gran Faculdade! <br \/>Clique no link abaixo e inscreva-se:<\/strong><\/p>\n<p class=\"has-background has-dark-bluish-background-color\" style=\"font-size: 25px; text-align: center; background: #f0f0f0; color: #ffffff; padding: 4px 0px 4xp 0px;\"><a style=\"color: #0d134c; text-decoration: underline;\" href=\"https:\/\/whatsapp.com\/channel\/0029VaG1sChI7Be7PNndhL43\" target=\"_blank\" rel=\"noopener noreferrer\">WHATSAPP<\/a><\/p>\n<p class=\"has-background has-dark-bluish-background-color\" style=\"font-size: 25px; text-align: center; background: #f0f0f0; color: #ffffff; padding: 4px 0px 4xp 0px;\"><a style=\"color: #0d134c; text-decoration: underline;\" href=\"https:\/\/t.me\/GranFaculdade\" target=\"_blank\" rel=\"noopener noreferrer\">TELEGRAM<\/a><\/p>\n<\/section>\n<\/div><\/div>\n","protected":false},"excerpt":{"rendered":"<p>As Ci\u00eancias Sociais Aplicadas s\u00e3o uma das 8 \u00e1reas do conhecimento para cursos e carreiras. Entenda mais sobre as possibilidades e caracter\u00edsticas dessa \u00e1rea e veja se seu perfil \u00e9 compat\u00edvel com alguma dessas carreiras. Ent\u00e3o, vamos l\u00e1, se preferir, navegue pelo \u00edndice abaixo: Outras not\u00edcias em destaque: O que s\u00e3o Ci\u00eancias Sociais? Ci\u00eancias Sociais&hellip;<\/p>\n","protected":false},"author":487,"featured_media":79722781,"comment_status":"open","ping_status":"open","sticky":false,"template":"","format":"standard","meta":{"_acf_changed":false,"content-type":"","footnotes":""},"categories":[219790,218545,2],"tags":[],"class_list":["post-79722762","post","type-post","status-publish","format-standard","has-post-thumbnail","hentry","category-graduacao-ead","category-graduacao","category-ultimas-noticias"],"acf":[],"yoast_head":"<!-- This site is optimized with the Yoast SEO Premium plugin v27.2 (Yoast SEO v27.2) - https:\/\/yoast.com\/product\/yoast-seo-premium-wordpress\/ -->\n<title>Ci\u00eancias Sociais Aplicadas: quais s\u00e3o os cursos dessa \u00e1rea?<\/title>\n<meta name=\"description\" content=\"Conhe\u00e7a mais sobre as Ci\u00eancias Sociais Aplicadas e seus cursos. Confira as caracter\u00edsticas das pessoas dessa \u00e1rea e as poss\u00edveis profiss\u00f5es!\" \/>\n<meta name=\"robots\" content=\"index, follow, max-snippet:-1, max-image-preview:large, max-video-preview:-1\" \/>\n<link rel=\"canonical\" href=\"https:\/\/faculdade.grancursosonline.com.br\/blog\/ciencias-sociais-aplicadas\/\" \/>\n<meta property=\"og:locale\" content=\"pt_BR\" \/>\n<meta property=\"og:type\" content=\"article\" \/>\n<meta property=\"og:title\" content=\"Ci\u00eancias Sociais Aplicadas: quais s\u00e3o os cursos dessa \u00e1rea?\" \/>\n<meta property=\"og:description\" content=\"Conhe\u00e7a mais sobre as Ci\u00eancias Sociais Aplicadas e seus cursos. Confira as caracter\u00edsticas das pessoas dessa \u00e1rea e as poss\u00edveis profiss\u00f5es!\" \/>\n<meta property=\"og:url\" content=\"https:\/\/faculdade.grancursosonline.com.br\/blog\/ciencias-sociais-aplicadas\/\" \/>\n<meta property=\"og:site_name\" content=\"Blog Gran Faculdade\" \/>\n<meta property=\"article:publisher\" content=\"https:\/\/www.facebook.com\/grancursosonline\/\" \/>\n<meta property=\"article:published_time\" content=\"2024-05-03T23:48:50+00:00\" \/>\n<meta property=\"article:modified_time\" content=\"2024-05-03T23:48:53+00:00\" \/>\n<meta property=\"og:image\" content=\"https:\/\/blog-es-static.infra.grancursosonline.com.br\/wp-content\/uploads\/2024\/05\/03204704\/ciencias-sociais-aplicadas.jpg\" \/>\n\t<meta property=\"og:image:width\" content=\"1001\" \/>\n\t<meta property=\"og:image:height\" content=\"601\" \/>\n\t<meta property=\"og:image:type\" content=\"image\/jpeg\" \/>\n<meta name=\"author\" content=\"Equipe Gran\" \/>\n<meta name=\"twitter:card\" content=\"summary_large_image\" \/>\n<meta name=\"twitter:creator\" content=\"@gran_online\" \/>\n<meta name=\"twitter:site\" content=\"@gran_online\" \/>\n<meta name=\"twitter:label1\" content=\"Written by\" \/>\n\t<meta name=\"twitter:data1\" content=\"Equipe Gran\" \/>\n\t<meta name=\"twitter:label2\" content=\"Est. reading time\" \/>\n\t<meta name=\"twitter:data2\" content=\"12 minutos\" \/>\n<script type=\"application\/ld+json\" class=\"yoast-schema-graph\">{\"@context\":\"https:\/\/schema.org\",\"@graph\":[{\"@type\":\"NewsArticle\",\"@id\":\"https:\/\/faculdade.grancursosonline.com.br\/blog\/ciencias-sociais-aplicadas\/#article\",\"isPartOf\":{\"@id\":\"https:\/\/faculdade.grancursosonline.com.br\/blog\/ciencias-sociais-aplicadas\/\"},\"author\":{\"name\":\"Equipe Gran\",\"@id\":\"https:\/\/faculdade.grancursosonline.com.br\/blog\/#\/schema\/person\/92cc8eebdedc10b3078fe6aff8fc09f4\"},\"headline\":\"Ci\u00eancias Sociais Aplicadas: quais s\u00e3o os cursos dessa \u00e1rea?\",\"datePublished\":\"2024-05-03T23:48:50+00:00\",\"dateModified\":\"2024-05-03T23:48:53+00:00\",\"mainEntityOfPage\":{\"@id\":\"https:\/\/faculdade.grancursosonline.com.br\/blog\/ciencias-sociais-aplicadas\/\"},\"wordCount\":2061,\"commentCount\":0,\"publisher\":{\"@id\":\"https:\/\/faculdade.grancursosonline.com.br\/blog\/#organization\"},\"image\":{\"@id\":\"https:\/\/faculdade.grancursosonline.com.br\/blog\/ciencias-sociais-aplicadas\/#primaryimage\"},\"thumbnailUrl\":\"https:\/\/blog-es-static.infra.grancursosonline.com.br\/wp-content\/uploads\/2024\/05\/03204704\/ciencias-sociais-aplicadas.jpg\",\"articleSection\":[\"Gradua\u00e7\u00e3o EAD\",\"Gradua\u00e7\u00e3o Gran Faculdade\",\"\u00daltimas Not\u00edcias\"],\"inLanguage\":\"pt-BR\",\"potentialAction\":[{\"@type\":\"CommentAction\",\"name\":\"Comment\",\"target\":[\"https:\/\/faculdade.grancursosonline.com.br\/blog\/ciencias-sociais-aplicadas\/#respond\"]}],\"copyrightYear\":\"2024\",\"copyrightHolder\":{\"@id\":\"https:\/\/faculdade.grancursosonline.com.br\/blog\/#organization\"}},{\"@type\":\"WebPage\",\"@id\":\"https:\/\/faculdade.grancursosonline.com.br\/blog\/ciencias-sociais-aplicadas\/\",\"url\":\"https:\/\/faculdade.grancursosonline.com.br\/blog\/ciencias-sociais-aplicadas\/\",\"name\":\"Ci\u00eancias Sociais Aplicadas: quais s\u00e3o os cursos dessa \u00e1rea?\",\"isPartOf\":{\"@id\":\"https:\/\/faculdade.grancursosonline.com.br\/blog\/#website\"},\"primaryImageOfPage\":{\"@id\":\"https:\/\/faculdade.grancursosonline.com.br\/blog\/ciencias-sociais-aplicadas\/#primaryimage\"},\"image\":{\"@id\":\"https:\/\/faculdade.grancursosonline.com.br\/blog\/ciencias-sociais-aplicadas\/#primaryimage\"},\"thumbnailUrl\":\"https:\/\/blog-es-static.infra.grancursosonline.com.br\/wp-content\/uploads\/2024\/05\/03204704\/ciencias-sociais-aplicadas.jpg\",\"datePublished\":\"2024-05-03T23:48:50+00:00\",\"dateModified\":\"2024-05-03T23:48:53+00:00\",\"description\":\"Conhe\u00e7a mais sobre as Ci\u00eancias Sociais Aplicadas e seus cursos. Confira as caracter\u00edsticas das pessoas dessa \u00e1rea e as poss\u00edveis profiss\u00f5es!\",\"breadcrumb\":{\"@id\":\"https:\/\/faculdade.grancursosonline.com.br\/blog\/ciencias-sociais-aplicadas\/#breadcrumb\"},\"inLanguage\":\"pt-BR\",\"potentialAction\":[{\"@type\":\"ReadAction\",\"target\":[\"https:\/\/faculdade.grancursosonline.com.br\/blog\/ciencias-sociais-aplicadas\/\"]}]},{\"@type\":\"ImageObject\",\"inLanguage\":\"pt-BR\",\"@id\":\"https:\/\/faculdade.grancursosonline.com.br\/blog\/ciencias-sociais-aplicadas\/#primaryimage\",\"url\":\"https:\/\/blog-es-static.infra.grancursosonline.com.br\/wp-content\/uploads\/2024\/05\/03204704\/ciencias-sociais-aplicadas.jpg\",\"contentUrl\":\"https:\/\/blog-es-static.infra.grancursosonline.com.br\/wp-content\/uploads\/2024\/05\/03204704\/ciencias-sociais-aplicadas.jpg\",\"width\":1001,\"height\":601},{\"@type\":\"BreadcrumbList\",\"@id\":\"https:\/\/faculdade.grancursosonline.com.br\/blog\/ciencias-sociais-aplicadas\/#breadcrumb\",\"itemListElement\":[{\"@type\":\"ListItem\",\"position\":1,\"name\":\"In\u00edcio\",\"item\":\"https:\/\/faculdade.grancursosonline.com.br\/blog\/\"},{\"@type\":\"ListItem\",\"position\":2,\"name\":\"Gradua\u00e7\u00e3o Gran Faculdade\",\"item\":\"https:\/\/faculdade.grancursosonline.com.br\/blog\/graduacao\/\"},{\"@type\":\"ListItem\",\"position\":3,\"name\":\"Gradua\u00e7\u00e3o EAD\",\"item\":\"https:\/\/faculdade.grancursosonline.com.br\/blog\/graduacao\/graduacao-ead\/\"},{\"@type\":\"ListItem\",\"position\":4,\"name\":\"Ci\u00eancias Sociais Aplicadas: quais s\u00e3o os cursos dessa \u00e1rea?\"}]},{\"@type\":\"WebSite\",\"@id\":\"https:\/\/faculdade.grancursosonline.com.br\/blog\/#website\",\"url\":\"https:\/\/faculdade.grancursosonline.com.br\/blog\/\",\"name\":\"Blog Gran Faculdade\",\"description\":\"Tudo sobre ensino superior, p\u00f3s-gradua\u00e7\u00e3o, enem e carreira.\",\"publisher\":{\"@id\":\"https:\/\/faculdade.grancursosonline.com.br\/blog\/#organization\"},\"potentialAction\":[{\"@type\":\"SearchAction\",\"target\":{\"@type\":\"EntryPoint\",\"urlTemplate\":\"https:\/\/faculdade.grancursosonline.com.br\/blog\/?s={search_term_string}\"},\"query-input\":{\"@type\":\"PropertyValueSpecification\",\"valueRequired\":true,\"valueName\":\"search_term_string\"}}],\"inLanguage\":\"pt-BR\"},{\"@type\":\"Organization\",\"@id\":\"https:\/\/faculdade.grancursosonline.com.br\/blog\/#organization\",\"name\":\"Gran Cursos Online\",\"url\":\"https:\/\/faculdade.grancursosonline.com.br\/blog\/\",\"logo\":{\"@type\":\"ImageObject\",\"inLanguage\":\"pt-BR\",\"@id\":\"https:\/\/faculdade.grancursosonline.com.br\/blog\/#\/schema\/logo\/image\/\",\"url\":\"https:\/\/blog-es-static.infra.grancursosonline.com.br\/wp-content\/uploads\/2019\/08\/03123934\/logo.png\",\"contentUrl\":\"https:\/\/blog-es-static.infra.grancursosonline.com.br\/wp-content\/uploads\/2019\/08\/03123934\/logo.png\",\"width\":300,\"height\":57,\"caption\":\"Gran Cursos Online\"},\"image\":{\"@id\":\"https:\/\/faculdade.grancursosonline.com.br\/blog\/#\/schema\/logo\/image\/\"},\"sameAs\":[\"https:\/\/www.facebook.com\/grancursosonline\/\",\"https:\/\/x.com\/gran_online\",\"https:\/\/www.instagram.com\/grancursosonline\/\",\"https:\/\/www.youtube.com\/user\/grancursostv\"]},{\"@type\":\"Person\",\"@id\":\"https:\/\/faculdade.grancursosonline.com.br\/blog\/#\/schema\/person\/92cc8eebdedc10b3078fe6aff8fc09f4\",\"name\":\"Equipe Gran\",\"description\":\"Produtora de Conte\u00fados da Gran Faculdade\",\"sameAs\":[\"http:\/\/www.grancursosonline.com.br\"],\"url\":\"https:\/\/faculdade.grancursosonline.com.br\/blog\/author\/bruna-carvalho\/\"}]}<\/script>\n<!-- \/ Yoast SEO Premium plugin. -->","yoast_head_json":{"title":"Ci\u00eancias Sociais Aplicadas: quais s\u00e3o os cursos dessa \u00e1rea?","description":"Conhe\u00e7a mais sobre as Ci\u00eancias Sociais Aplicadas e seus cursos. Confira as caracter\u00edsticas das pessoas dessa \u00e1rea e as poss\u00edveis profiss\u00f5es!","robots":{"index":"index","follow":"follow","max-snippet":"max-snippet:-1","max-image-preview":"max-image-preview:large","max-video-preview":"max-video-preview:-1"},"canonical":"https:\/\/faculdade.grancursosonline.com.br\/blog\/ciencias-sociais-aplicadas\/","og_locale":"pt_BR","og_type":"article","og_title":"Ci\u00eancias Sociais Aplicadas: quais s\u00e3o os cursos dessa \u00e1rea?","og_description":"Conhe\u00e7a mais sobre as Ci\u00eancias Sociais Aplicadas e seus cursos. Confira as caracter\u00edsticas das pessoas dessa \u00e1rea e as poss\u00edveis profiss\u00f5es!","og_url":"https:\/\/faculdade.grancursosonline.com.br\/blog\/ciencias-sociais-aplicadas\/","og_site_name":"Blog Gran Faculdade","article_publisher":"https:\/\/www.facebook.com\/grancursosonline\/","article_published_time":"2024-05-03T23:48:50+00:00","article_modified_time":"2024-05-03T23:48:53+00:00","og_image":[{"width":1001,"height":601,"url":"https:\/\/blog-es-static.infra.grancursosonline.com.br\/wp-content\/uploads\/2024\/05\/03204704\/ciencias-sociais-aplicadas.jpg","type":"image\/jpeg"}],"author":"Equipe Gran","twitter_card":"summary_large_image","twitter_creator":"@gran_online","twitter_site":"@gran_online","twitter_misc":{"Written by":"Equipe Gran","Est. reading time":"12 minutos"},"schema":{"@context":"https:\/\/schema.org","@graph":[{"@type":"NewsArticle","@id":"https:\/\/faculdade.grancursosonline.com.br\/blog\/ciencias-sociais-aplicadas\/#article","isPartOf":{"@id":"https:\/\/faculdade.grancursosonline.com.br\/blog\/ciencias-sociais-aplicadas\/"},"author":{"name":"Equipe Gran","@id":"https:\/\/faculdade.grancursosonline.com.br\/blog\/#\/schema\/person\/92cc8eebdedc10b3078fe6aff8fc09f4"},"headline":"Ci\u00eancias Sociais Aplicadas: quais s\u00e3o os cursos dessa \u00e1rea?","datePublished":"2024-05-03T23:48:50+00:00","dateModified":"2024-05-03T23:48:53+00:00","mainEntityOfPage":{"@id":"https:\/\/faculdade.grancursosonline.com.br\/blog\/ciencias-sociais-aplicadas\/"},"wordCount":2061,"commentCount":0,"publisher":{"@id":"https:\/\/faculdade.grancursosonline.com.br\/blog\/#organization"},"image":{"@id":"https:\/\/faculdade.grancursosonline.com.br\/blog\/ciencias-sociais-aplicadas\/#primaryimage"},"thumbnailUrl":"https:\/\/blog-es-static.infra.grancursosonline.com.br\/wp-content\/uploads\/2024\/05\/03204704\/ciencias-sociais-aplicadas.jpg","articleSection":["Gradua\u00e7\u00e3o EAD","Gradua\u00e7\u00e3o Gran Faculdade","\u00daltimas Not\u00edcias"],"inLanguage":"pt-BR","potentialAction":[{"@type":"CommentAction","name":"Comment","target":["https:\/\/faculdade.grancursosonline.com.br\/blog\/ciencias-sociais-aplicadas\/#respond"]}],"copyrightYear":"2024","copyrightHolder":{"@id":"https:\/\/faculdade.grancursosonline.com.br\/blog\/#organization"}},{"@type":"WebPage","@id":"https:\/\/faculdade.grancursosonline.com.br\/blog\/ciencias-sociais-aplicadas\/","url":"https:\/\/faculdade.grancursosonline.com.br\/blog\/ciencias-sociais-aplicadas\/","name":"Ci\u00eancias Sociais Aplicadas: quais s\u00e3o os cursos dessa \u00e1rea?","isPartOf":{"@id":"https:\/\/faculdade.grancursosonline.com.br\/blog\/#website"},"primaryImageOfPage":{"@id":"https:\/\/faculdade.grancursosonline.com.br\/blog\/ciencias-sociais-aplicadas\/#primaryimage"},"image":{"@id":"https:\/\/faculdade.grancursosonline.com.br\/blog\/ciencias-sociais-aplicadas\/#primaryimage"},"thumbnailUrl":"https:\/\/blog-es-static.infra.grancursosonline.com.br\/wp-content\/uploads\/2024\/05\/03204704\/ciencias-sociais-aplicadas.jpg","datePublished":"2024-05-03T23:48:50+00:00","dateModified":"2024-05-03T23:48:53+00:00","description":"Conhe\u00e7a mais sobre as Ci\u00eancias Sociais Aplicadas e seus cursos. Confira as caracter\u00edsticas das pessoas dessa \u00e1rea e as poss\u00edveis profiss\u00f5es!","breadcrumb":{"@id":"https:\/\/faculdade.grancursosonline.com.br\/blog\/ciencias-sociais-aplicadas\/#breadcrumb"},"inLanguage":"pt-BR","potentialAction":[{"@type":"ReadAction","target":["https:\/\/faculdade.grancursosonline.com.br\/blog\/ciencias-sociais-aplicadas\/"]}]},{"@type":"ImageObject","inLanguage":"pt-BR","@id":"https:\/\/faculdade.grancursosonline.com.br\/blog\/ciencias-sociais-aplicadas\/#primaryimage","url":"https:\/\/blog-es-static.infra.grancursosonline.com.br\/wp-content\/uploads\/2024\/05\/03204704\/ciencias-sociais-aplicadas.jpg","contentUrl":"https:\/\/blog-es-static.infra.grancursosonline.com.br\/wp-content\/uploads\/2024\/05\/03204704\/ciencias-sociais-aplicadas.jpg","width":1001,"height":601},{"@type":"BreadcrumbList","@id":"https:\/\/faculdade.grancursosonline.com.br\/blog\/ciencias-sociais-aplicadas\/#breadcrumb","itemListElement":[{"@type":"ListItem","position":1,"name":"In\u00edcio","item":"https:\/\/faculdade.grancursosonline.com.br\/blog\/"},{"@type":"ListItem","position":2,"name":"Gradua\u00e7\u00e3o Gran Faculdade","item":"https:\/\/faculdade.grancursosonline.com.br\/blog\/graduacao\/"},{"@type":"ListItem","position":3,"name":"Gradua\u00e7\u00e3o EAD","item":"https:\/\/faculdade.grancursosonline.com.br\/blog\/graduacao\/graduacao-ead\/"},{"@type":"ListItem","position":4,"name":"Ci\u00eancias Sociais Aplicadas: quais s\u00e3o os cursos dessa \u00e1rea?"}]},{"@type":"WebSite","@id":"https:\/\/faculdade.grancursosonline.com.br\/blog\/#website","url":"https:\/\/faculdade.grancursosonline.com.br\/blog\/","name":"Blog Gran Faculdade","description":"Tudo sobre ensino superior, p\u00f3s-gradua\u00e7\u00e3o, enem e carreira.","publisher":{"@id":"https:\/\/faculdade.grancursosonline.com.br\/blog\/#organization"},"potentialAction":[{"@type":"SearchAction","target":{"@type":"EntryPoint","urlTemplate":"https:\/\/faculdade.grancursosonline.com.br\/blog\/?s={search_term_string}"},"query-input":{"@type":"PropertyValueSpecification","valueRequired":true,"valueName":"search_term_string"}}],"inLanguage":"pt-BR"},{"@type":"Organization","@id":"https:\/\/faculdade.grancursosonline.com.br\/blog\/#organization","name":"Gran Cursos Online","url":"https:\/\/faculdade.grancursosonline.com.br\/blog\/","logo":{"@type":"ImageObject","inLanguage":"pt-BR","@id":"https:\/\/faculdade.grancursosonline.com.br\/blog\/#\/schema\/logo\/image\/","url":"https:\/\/blog-es-static.infra.grancursosonline.com.br\/wp-content\/uploads\/2019\/08\/03123934\/logo.png","contentUrl":"https:\/\/blog-es-static.infra.grancursosonline.com.br\/wp-content\/uploads\/2019\/08\/03123934\/logo.png","width":300,"height":57,"caption":"Gran Cursos Online"},"image":{"@id":"https:\/\/faculdade.grancursosonline.com.br\/blog\/#\/schema\/logo\/image\/"},"sameAs":["https:\/\/www.facebook.com\/grancursosonline\/","https:\/\/x.com\/gran_online","https:\/\/www.instagram.com\/grancursosonline\/","https:\/\/www.youtube.com\/user\/grancursostv"]},{"@type":"Person","@id":"https:\/\/faculdade.grancursosonline.com.br\/blog\/#\/schema\/person\/92cc8eebdedc10b3078fe6aff8fc09f4","name":"Equipe Gran","description":"Produtora de Conte\u00fados da Gran Faculdade","sameAs":["http:\/\/www.grancursosonline.com.br"],"url":"https:\/\/faculdade.grancursosonline.com.br\/blog\/author\/bruna-carvalho\/"}]}},"_links":{"self":[{"href":"https:\/\/faculdade.grancursosonline.com.br\/blog\/wp-json\/wp\/v2\/posts\/79722762","targetHints":{"allow":["GET"]}}],"collection":[{"href":"https:\/\/faculdade.grancursosonline.com.br\/blog\/wp-json\/wp\/v2\/posts"}],"about":[{"href":"https:\/\/faculdade.grancursosonline.com.br\/blog\/wp-json\/wp\/v2\/types\/post"}],"author":[{"embeddable":true,"href":"https:\/\/faculdade.grancursosonline.com.br\/blog\/wp-json\/wp\/v2\/users\/487"}],"replies":[{"embeddable":true,"href":"https:\/\/faculdade.grancursosonline.com.br\/blog\/wp-json\/wp\/v2\/comments?post=79722762"}],"version-history":[{"count":2,"href":"https:\/\/faculdade.grancursosonline.com.br\/blog\/wp-json\/wp\/v2\/posts\/79722762\/revisions"}],"predecessor-version":[{"id":79722783,"href":"https:\/\/faculdade.grancursosonline.com.br\/blog\/wp-json\/wp\/v2\/posts\/79722762\/revisions\/79722783"}],"wp:featuredmedia":[{"embeddable":true,"href":"https:\/\/faculdade.grancursosonline.com.br\/blog\/wp-json\/wp\/v2\/media\/79722781"}],"wp:attachment":[{"href":"https:\/\/faculdade.grancursosonline.com.br\/blog\/wp-json\/wp\/v2\/media?parent=79722762"}],"wp:term":[{"taxonomy":"category","embeddable":true,"href":"https:\/\/faculdade.grancursosonline.com.br\/blog\/wp-json\/wp\/v2\/categories?post=79722762"},{"taxonomy":"post_tag","embeddable":true,"href":"https:\/\/faculdade.grancursosonline.com.br\/blog\/wp-json\/wp\/v2\/tags?post=79722762"}],"curies":[{"name":"wp","href":"https:\/\/api.w.org\/{rel}","templated":true}]}}