{"id":79722782,"date":"2025-06-17T18:31:14","date_gmt":"2025-06-17T21:31:14","guid":{"rendered":"https:\/\/blog.grancursosonline.com.br\/?p=79722782"},"modified":"2025-06-17T18:31:16","modified_gmt":"2025-06-17T21:31:16","slug":"formacao-pedagogica","status":"publish","type":"post","link":"https:\/\/faculdade.grancursosonline.com.br\/blog\/formacao-pedagogica\/","title":{"rendered":"Forma\u00e7\u00e3o Pedag\u00f3gica: o que \u00e9, curso e quem pode fazer?"},"content":{"rendered":"\n<p>A forma\u00e7\u00e3o pedag\u00f3gica \u00e9 uma forma de come\u00e7ar a dar aula sem necessariamente ter um diploma em licenciatura, mas como funciona? Ser\u00e1 que vale a pena? Vamos entender melhor ao longo deste artigo!&nbsp;<\/p>\n\n\n\n<p>Ent\u00e3o, vamos l\u00e1, se preferir, navegue pelo \u00edndice abaixo:<\/p>\n\n\n\n<ul class=\"wp-block-list\">\n<li><a href=\"#o-que\">O que \u00e9 Forma\u00e7\u00e3o Pedag\u00f3gica?<\/a><\/li>\n\n\n\n<li><a href=\"#para-que\">Para que serve a Forma\u00e7\u00e3o Pedag\u00f3gica?<\/a><\/li>\n\n\n\n<li><a href=\"#tempo\">Qual a dura\u00e7\u00e3o da forma\u00e7\u00e3o pedag\u00f3gica?<\/a><\/li>\n\n\n\n<li><a href=\"#aula\">Quem faz forma\u00e7\u00e3o pedag\u00f3gica pode dar aula?<\/a><\/li>\n\n\n\n<li><a href=\"#h-quem-pode-fazer-formacao-pedagogica\">Quem pode fazer forma\u00e7\u00e3o pedag\u00f3gica?<\/a><\/li>\n\n\n\n<li><a href=\"#licenciatura\">Forma\u00e7\u00e3o Pedag\u00f3gica vale como licenciatura?<\/a><\/li>\n\n\n\n<li><a href=\"#segunda\">Qual a diferen\u00e7a entre Segunda Licenciatura e Forma\u00e7\u00e3o Pedag\u00f3gica?<\/a><\/li>\n\n\n\n<li><a href=\"#concurso\">Forma\u00e7\u00e3o Pedag\u00f3gica \u00e9 aceita em concurso p\u00fablico?<\/a><\/li>\n\n\n\n<li><a href=\"#pedagogia\">Curso de Pedagogia vale a pena?&nbsp;<\/a><\/li>\n\n\n\n<li><a href=\"#gran\">Fa\u00e7a sua licenciatura EAD na Gran Faculdade!<\/a><\/li>\n<\/ul>\n\n\n\n<div class=\"wp-block-group\"><div class=\"wp-block-group__inner-container is-layout-constrained wp-block-group-is-layout-constrained\">\n<div class=\"wp-block-columns is-layout-flex wp-container-core-columns-is-layout-9d6595d7 wp-block-columns-is-layout-flex\">\n<div class=\"wp-block-column is-layout-flow wp-block-column-is-layout-flow\" style=\"flex-basis:100%\"><div class=\"wp-block-image\">\n<figure class=\"aligncenter size-full\"><a href=\"https:\/\/whatsapp.com\/channel\/0029VaG1sChI7Be7PNndhL43\" target=\"_blank\" rel=\"noopener\"><img decoding=\"async\" src=\"https:\/\/blog-es-static.infra.grancursosonline.com.br\/wp-content\/uploads\/2025\/09\/09112354\/banner-wp-600x142-80.webp\" alt=\"Acesse o canal do WhatsApp da Gran Faculdade\" class=\"wp-image-79751904\"\/><\/a><\/figure>\n<\/div><\/div>\n<\/div>\n<\/div><\/div>\n\n\n\n<h2 class=\"wp-block-heading\" id=\"o-que\">O que \u00e9 Forma\u00e7\u00e3o Pedag\u00f3gica?<\/h2>\n\n\n\n<p>De acordo com a resolu\u00e7\u00e3o normativa n\u00ba 2 de 1997 do Conselho Nacional de Educa\u00e7\u00e3o (CNE), popularmente chamada de Forma\u00e7\u00e3o Pedag\u00f3gica R2:<\/p>\n\n\n\n<blockquote class=\"wp-block-quote is-layout-flow wp-block-quote-is-layout-flow\">\n<p>Art. 1\u00ba A <strong>forma\u00e7\u00e3o de docentes<\/strong> no n\u00edvel superior para as disciplinas que integram as quatro s\u00e9ries finais do ensino fundamental, o ensino m\u00e9dio e a educa\u00e7\u00e3o profissional em n\u00edvel m\u00e9dio, <strong>ser\u00e1 feita em cursos regulares de licenciatura, em cursos regulares para portadores de diplomas de educa\u00e7\u00e3o superior e, bem assim, em programas especiais de forma\u00e7\u00e3o pedag\u00f3gica <\/strong>estabelecidos por esta Resolu\u00e7\u00e3o.<br>Par\u00e1grafo \u00fanico &#8211; Estes programas destinam-se a <strong>suprir a falta nas escolas de professores habilitados, em determinadas disciplinas e localidades, em car\u00e1ter especial<\/strong>.<br>Art. 2\u00ba O programa especial a que se refere o art. 1\u00ba \u00e9 destinado a <strong>portadores de diploma de n\u00edvel superior, em cursos relacionados \u00e0 habilita\u00e7\u00e3o pretendida<\/strong>, que ofere\u00e7am s\u00f3lida base de conhecimentos na \u00e1rea de estudos ligada a essa habilita\u00e7\u00e3o.<\/p>\n<\/blockquote>\n\n\n\n<p>Ou seja, se voc\u00ea se formou em algum bacharelado ou tecn\u00f3logo em uma \u00e1rea espec\u00edfica, mas decidiu que quer se tornar professor(a), \u00e9 poss\u00edvel seguir caminhos como:<\/p>\n\n\n\n<ul class=\"wp-block-list\">\n<li><a href=\"https:\/\/blog.grancursosonline.com.br\/segunda-graduacao\/\" target=\"_blank\" rel=\"noreferrer noopener\">Segunda gradua\u00e7\u00e3o<\/a> em Licenciatura;<\/li>\n\n\n\n<li>P\u00f3s-gradua\u00e7\u00e3o em doc\u00eancia (especializa\u00e7\u00e3o, mestrado ou doutorado);<\/li>\n\n\n\n<li>Forma\u00e7\u00e3o Pedag\u00f3gica (complementa\u00e7\u00e3o pedag\u00f3gica).<\/li>\n<\/ul>\n\n\n\n<p>A melhor op\u00e7\u00e3o vai depender dos seus objetivos de atua\u00e7\u00e3o e carreira. Mas vale destacar inicialmente que <strong>a forma\u00e7\u00e3o pedag\u00f3gica possui car\u00e1ter especial<\/strong> para atender situa\u00e7\u00f5es espec\u00edficas para a educa\u00e7\u00e3o. <\/p>\n\n\n\n<p>Nesse sentido, a melhor op\u00e7\u00e3o ainda \u00e9 buscar uma qualifica\u00e7\u00e3o profissional completa para construir uma carreira mais s\u00f3lida. Tanto para oferecer experi\u00eancias mais embasadas e assertivas para os alunos, quanto para ter acesso a mais oportunidades de emprego. <\/p>\n\n\n\n<p>Mas nos t\u00f3picos a seguir vamos entender mais sobre a forma\u00e7\u00e3o pedag\u00f3gica. <\/p>\n\n\n\n<h2 class=\"wp-block-heading\" id=\"para-que\">Para que serve a Forma\u00e7\u00e3o Pedag\u00f3gica?<\/h2>\n\n\n\n<p>A Forma\u00e7\u00e3o Pedag\u00f3gica \u00e9 um curso complementar para pessoas formadas em n\u00edvel superior em cursos de bacharelado ou tecn\u00f3logo que querem lecionar mesmo sem licenciatura ou p\u00f3s-gradua\u00e7\u00e3o para este fim, em car\u00e1ter especial para lugares que carecem de profissionais devidamente licenciados. <\/p>\n\n\n\n<p>Em s\u00edntese, ela serve para aumentar a quantidade de profissionais qualificados para lecionar disciplinas da <a href=\"https:\/\/blog.grancursosonline.com.br\/educacao-basica\/\" target=\"_blank\" rel=\"noreferrer noopener\">educa\u00e7\u00e3o b\u00e1sica<\/a> (especialmente anos finais do ensino fundamental e ensino m\u00e9dio) que tenham rela\u00e7\u00e3o com a \u00e1rea de forma\u00e7\u00e3o inicial de cada profissional. <\/p>\n\n\n\n<h2 class=\"wp-block-heading\" id=\"tempo\">Qual a dura\u00e7\u00e3o da forma\u00e7\u00e3o pedag\u00f3gica?<\/h2>\n\n\n\n<p>Ainda de acordo com a normativa, a Forma\u00e7\u00e3o Pedag\u00f3gica precisa ser desenvolvida em, pelo menos, 540 horas, incluindo a parte te\u00f3rica e pr\u00e1tica (esta com dura\u00e7\u00e3o m\u00ednima de 300 horas). Em grande parte das institui\u00e7\u00f5es que oferecem este curso, a dura\u00e7\u00e3o varia entre 1 e 2 anos. <\/p>\n\n\n\n<h2 class=\"wp-block-heading\" id=\"aula\">Quem faz forma\u00e7\u00e3o pedag\u00f3gica pode dar aula?<\/h2>\n\n\n\n<p>Sim, quem faz forma\u00e7\u00e3o pedag\u00f3gica pode dar aula para a educa\u00e7\u00e3o b\u00e1sica e para cursos profissionalizantes de n\u00edvel m\u00e9dio, para isso, o curso desenvolve conhecimentos de acordo com os 3 n\u00facleos previstos na regulamenta\u00e7\u00e3o do MEC:<\/p>\n\n\n\n<ul class=\"wp-block-list\">\n<li><strong>Contextual<\/strong>: para promover compreens\u00e3o do processo de ensino-aprendizagem, considerando o contexto escolar, social e geral de onde est\u00e1 inserido(a);<\/li>\n\n\n\n<li><strong>Estrutural<\/strong>: abordando conte\u00fados curriculares, organiza\u00e7\u00e3o sequencial, avalia\u00e7\u00e3o e integra\u00e7\u00e3o multidisciplinar, m\u00e9todos adequados para o desenvolvimento do conhecimento;<\/li>\n\n\n\n<li><strong>Integrador<\/strong>: centrado nos problemas concretos enfrentados pelos alunos na pr\u00e1tica de ensino, com planejamento e reorganiza\u00e7\u00e3o do trabalho escolar, discutidos a partir de diferentes perspectivas te\u00f3ricas, por meio de projetos multidisciplinares, com a participa\u00e7\u00e3o articulada de toda a equipe educacional. <\/li>\n<\/ul>\n\n\n\n<p>\u00c9 poss\u00edvel encontrar forma\u00e7\u00f5es pedag\u00f3gicas em Letras, Matem\u00e1tica, Hist\u00f3ria, Qu\u00edmica, Biologia, F\u00edsica, Geografia, Artes Visuais, <a href=\"https:\/\/blog.grancursosonline.com.br\/ciencias-sociais-aplicadas\/\" target=\"_blank\" rel=\"noreferrer noopener\">Ci\u00eancias Sociais<\/a>, Educa\u00e7\u00e3o Especial,  Filosofia, etc. <\/p>\n\n\n\n<p>Al\u00e9m disso, vale ressaltar que s\u00f3 pode fazer a forma\u00e7\u00e3o pedag\u00f3gica o(a) profissional que tiver gradua\u00e7\u00e3o em \u00e1rea relacionada \u00e0 \u00e1rea de interesse em doc\u00eancia, pois \u00e9 preciso apresentar dom\u00ednio t\u00e9cnico da \u00e1rea da disciplina. <\/p>\n\n\n\n<p>A forma\u00e7\u00e3o pedag\u00f3gica \u00e9 para ensinar quest\u00f5es de ensino-aprendizagem e doc\u00eancia de modo geral. <\/p>\n\n\n\n<h2 class=\"wp-block-heading\" id=\"h-quem-pode-fazer-formacao-pedagogica\">Quem pode fazer forma\u00e7\u00e3o pedag\u00f3gica?<\/h2>\n\n\n\n<p>Podem fazer forma\u00e7\u00e3o pedag\u00f3gica, profissionais que j\u00e1 possuem gradua\u00e7\u00e3o em outras \u00e1reas espec\u00edficas, mas que desejam atuar como professores na educa\u00e7\u00e3o b\u00e1sica, de forma especial no ensino m\u00e9dio. <\/p>\n\n\n\n<p>Confira quem pode fazer a forma\u00e7\u00e3o:<\/p>\n\n\n\n<ul class=\"wp-block-list\">\n<li>Graduados em cursos de licenciatura curta (antigos);<\/li>\n\n\n\n<li>Graduados em bacharelado ou tecnologia que desejam obter a habilita\u00e7\u00e3o pedag\u00f3gica para dar aulas;<\/li>\n\n\n\n<li>Profissionais que desejam atuar como docentes em \u00e1reas compat\u00edveis com sua forma\u00e7\u00e3o de origem. <\/li>\n<\/ul>\n\n\n\n<h2 class=\"wp-block-heading\" id=\"licenciatura\">Forma\u00e7\u00e3o Pedag\u00f3gica vale como licenciatura?<\/h2>\n\n\n\n<p>Sim, mas em car\u00e1ter especial. Inclusive, \u00e9 comum encontrar casos de judicializa\u00e7\u00e3o de pedidos para reconhecimento da forma\u00e7\u00e3o pedag\u00f3gica como licenciatura plena para cargos na esfera privada e p\u00fablica. <\/p>\n\n\n\n<h2 class=\"wp-block-heading\" id=\"segunda\">Qual a diferen\u00e7a entre Segunda Licenciatura e Forma\u00e7\u00e3o Pedag\u00f3gica?<\/h2>\n\n\n\n<p>De modo geral, com o curso de licenciatura em Pedagogia, voc\u00ea pode dar aula da pr\u00e9-escola at\u00e9 o 5\u00ba ano.&nbsp;Caso queira lecionar para s\u00e9ries do 6\u00ba ano do ensino fundamental, \u00e9 preciso cursar uma segunda licenciatura ou forma\u00e7\u00e3o pedag\u00f3gica na \u00e1rea desejada.&nbsp;<\/p>\n\n\n\n<p>J\u00e1 para dar aula no ensino superior, voc\u00ea precisar\u00e1 de ao menos uma p\u00f3s-gradua\u00e7\u00e3o lato-sensu em <a href=\"https:\/\/pos.grancursosonline.com.br\/curso\/pos-graduacao-em-docencia-do-ensino-superior-lato-sensu\" target=\"_blank\" rel=\"noreferrer noopener\">Doc\u00eancia do Ensino Superior<\/a> ou uma <a href=\"https:\/\/blog.grancursosonline.com.br\/pos-graduacao-stricto-sensu-ead\/\" target=\"_blank\" rel=\"noreferrer noopener\">p\u00f3s-gradua\u00e7\u00e3o stricto-sensu<\/a> (mestrado ou doutorado).<\/p>\n\n\n\n<p>Ou seja, tanto a segunda licenciatura quanto a forma\u00e7\u00e3o pedag\u00f3gica t\u00eam o objetivo de qualificar professores para os anos finais do ensino fundamental, ensino m\u00e9dio e cursos de n\u00edvel m\u00e9dio.<\/p>\n\n\n\n<p>No entanto, enquanto a segunda licenciatura \u00e9 o caminho mais &#8220;formal e adequado&#8221;, a  forma\u00e7\u00e3o pedag\u00f3gica serve especialmente para habilitar profissionais em regi\u00f5es sem professores. <\/p>\n\n\n\n<p>Por exemplo, uma pessoa formada em Engenharia Civil pode fazer uma segunda licenciatura em matem\u00e1tica para se tornar professora em uma cidade grande. Isso pode levar entre 2 e 4 anos, com todo o conhecimento necess\u00e1rio sobre a disciplina e as pr\u00e1ticas de doc\u00eancia. <\/p>\n\n\n\n<p>Mas se essa pessoa engenheira mora em uma cidade pequena sem professores licenciados em matem\u00e1tica, ela pode cursar a forma\u00e7\u00e3o pedag\u00f3gica e, em 1 a 2 anos, passar a lecionar a disciplina. <\/p>\n\n\n\n<h2 class=\"wp-block-heading\" id=\"concurso\">Forma\u00e7\u00e3o Pedag\u00f3gica \u00e9 aceita em concurso p\u00fablico?<\/h2>\n\n\n\n<p>Dependendo do edital, a forma\u00e7\u00e3o pedag\u00f3gica pode ser aceita por concursos p\u00fablicos, mas \u00e9 preciso conferir cada caso de forma espec\u00edfica. <\/p>\n\n\n\n<h2 class=\"wp-block-heading\" id=\"pedagogia\">Curso de Pedagogia vale a pena?&nbsp;<\/h2>\n\n\n\n<p>Se voc\u00ea quer desenvolver uma carreira em doc\u00eancia na educa\u00e7\u00e3o b\u00e1sica ou atuar com projetos pedag\u00f3gicos, a licenciatura em Pedagogia pode ser uma forma\u00e7\u00e3o mais indicada.<\/p>\n\n\n\n<p>Apesar da dura\u00e7\u00e3o um pouco mais longa (4 anos), a forma\u00e7\u00e3o \u00e9 completa abordando disciplinas como:<\/p>\n\n\n\n<ul class=\"wp-block-list\">\n<li>Hist\u00f3ria da Educa\u00e7\u00e3o Brasileira;<\/li>\n\n\n\n<li>Psicologia do Desenvolvimento e Aprendizagem;<\/li>\n\n\n\n<li>Did\u00e1tica e estrat\u00e9gias l\u00fadicas de ensino;<\/li>\n\n\n\n<li><a href=\"https:\/\/blog.grancursosonline.com.br\/alfabetizacao-letramento\/\" target=\"_blank\" rel=\"noreferrer noopener\">Alfabetiza\u00e7\u00e3o e letramento<\/a>;<\/li>\n\n\n\n<li>Educa\u00e7\u00e3o especial e inclusiva;<\/li>\n\n\n\n<li>Fundamentos da Educa\u00e7\u00e3o Infantil;<\/li>\n\n\n\n<li>Pol\u00edticas P\u00fablicas em Educa\u00e7\u00e3o;<\/li>\n\n\n\n<li>Educa\u00e7\u00e3o de Pessoas Jovens e Adultas;<\/li>\n\n\n\n<li>Gest\u00e3o Pedag\u00f3gica;<\/li>\n\n\n\n<li>Orienta\u00e7\u00e3o, supervis\u00e3o e inspe\u00e7\u00e3o escolar;<\/li>\n\n\n\n<li>Processos de Ensino e Aprendizagem;<\/li>\n\n\n\n<li>Jogos, Corpo e Movimento;<\/li>\n\n\n\n<li>Legisla\u00e7\u00e3o Educacional;<\/li>\n\n\n\n<li>L\u00edngua Brasileira de Sinais (<a href=\"https:\/\/blog.grancursosonline.com.br\/lingua-sinais-libras\/\" target=\"_blank\" rel=\"noreferrer noopener\">Libras<\/a>);<\/li>\n\n\n\n<li>Literatura na Forma\u00e7\u00e3o do Leitor;<\/li>\n\n\n\n<li>Pedagogia nos Espa\u00e7os N\u00e3o Escolares;<\/li>\n\n\n\n<li>Estudos Socio-filos\u00f3ficos e Socioantropol\u00f3gicos da Educa\u00e7\u00e3o; etc.<\/li>\n<\/ul>\n\n\n\n<h3 class=\"wp-block-heading\" id=\"onde\">Quem \u00e9 licenciado em Pedagogia pode trabalhar em que?<\/h3>\n\n\n\n<p>A pessoa licenciada em Pedagogia (<a href=\"https:\/\/blog.grancursosonline.com.br\/pedagogo\/\" target=\"_blank\" rel=\"noopener\">pedagogo<\/a>) pode atuar em espa\u00e7os diversos. Entre os poss\u00edveis caminhos profissionais, est\u00e3o:<\/p>\n\n\n\n<ul class=\"wp-block-list\">\n<li>Lecionar na Educa\u00e7\u00e3o Infantil, nos anos iniciais do Ensino Fundamental e nas disciplinas pedag\u00f3gicas do Ensino M\u00e9dio;<\/li>\n\n\n\n<li>Apoiar a inclus\u00e3o nas modalidades de Educa\u00e7\u00e3o Especial, Ind\u00edgena e Quilombola;<\/li>\n\n\n\n<li>Atuar em Educa\u00e7\u00e3o Profissional e Educa\u00e7\u00e3o \u00e0 Dist\u00e2ncia;<\/li>\n\n\n\n<li>Produzir material did\u00e1tico e curadoria de projeto;<\/li>\n\n\n\n<li>Atuar na gest\u00e3o escolar e em espa\u00e7os n\u00e3o formais de ensino, como institui\u00e7\u00f5es do terceiro setor, empresas, museus e brinquedotecas;<\/li>\n\n\n\n<li>Prestar servi\u00e7os de assessoria de projetos educacionais e de forma\u00e7\u00e3o continuada.<\/li>\n<\/ul>\n\n\n\n<h3 class=\"wp-block-heading\" id=\"h-quem-conclui-o-curso-de-licenciatura-em-pedagogia-pode-dar-aula-em-quais-areas\">Quem conclui o curso de licenciatura em Pedagogia pode dar aula em quais \u00e1reas?<\/h3>\n\n\n\n<p> O(a) concluinte no curso de licenciatura em Pedagogia pode dar aula nas seguintes \u00e1reas:<\/p>\n\n\n\n<ul class=\"wp-block-list\">\n<li>Matem\u00e1tica;<\/li>\n\n\n\n<li>L\u00edngua portuguesa;<\/li>\n\n\n\n<li>Hist\u00f3ria;<\/li>\n\n\n\n<li>Geografia;<\/li>\n\n\n\n<li>Ci\u00eancias;<\/li>\n\n\n\n<li>Artes e cultura;<\/li>\n\n\n\n<li>Bem como em outras nomenclaturas\/disciplinas correlatas.&nbsp;<\/li>\n<\/ul>\n\n\n\n<p>Por isso, independentemente de fazer ou n\u00e3o uma forma\u00e7\u00e3o pedag\u00f3gica, vale a pena avaliar seus objetivos e planos de carreira.<\/p>\n\n\n\n<div class=\"wp-block-group has-background\" style=\"background-color:#8dd2fc7a\"><div class=\"wp-block-group__inner-container is-layout-constrained wp-block-group-is-layout-constrained\">\n<p><strong>Outras not\u00edcias em destaque:<\/strong><\/p>\n\n\n\n<ul class=\"wp-block-list\">\n<li><a href=\"https:\/\/blog.grancursosonline.com.br\/bacharelado-licenciatura-diferenca\/\" target=\"_blank\" rel=\"noreferrer noopener\">Qual a diferen\u00e7a entre Bacharelado e Licenciatura? Entenda!<\/a><\/li>\n\n\n\n<li><a href=\"https:\/\/blog.grancursosonline.com.br\/carreira-na-educacao\/\" target=\"_blank\" rel=\"noreferrer noopener\">Carreira na Educa\u00e7\u00e3o: como se destacar e por onde come\u00e7ar?<\/a><\/li>\n\n\n\n<li><a href=\"https:\/\/blog.grancursosonline.com.br\/concursos-educacao\/\" target=\"_blank\" rel=\"noreferrer noopener\">Concursos Educa\u00e7\u00e3o: veja os editais previstos para 2024<\/a><\/li>\n<\/ul>\n<\/div><\/div>\n\n\n\n<div class=\"wp-block-group\"><div class=\"wp-block-group__inner-container is-layout-constrained wp-block-group-is-layout-constrained\">\n<section style=\"text-align: center;\">\n<p>Quer ficar por dentro da Faculdade Digital mais inovadora do Brasil?<\/p>\n<nav>\n<p class=\"has-background has-dark-bluish-background-color\" style=\"font-size: 25px; text-align: center; background: #f0f0f0; color: #ffffff; padding: 4px 0px 4xp 0px;\"><a style=\"color: #0d134c; text-decoration: underline;\" href=\"https:\/\/faculdade.grancursosonline.com.br\/\" target=\"_blank\" rel=\"noopener\">GRADUA\u00c7\u00c3O<\/a><\/p>\n<p class=\"has-background has-dark-bluish-background-color\" style=\"font-size: 25px; text-align: center; background: #f0f0f0; color: #ffffff; padding: 4px 0px 4xp 0px;\"><a style=\"color: #0d134c; text-decoration: underline;\" href=\"https:\/\/pos.grancursosonline.com.br\/\" target=\"_blank\" rel=\"noopener\">P\u00d3S-GRADUA\u00c7\u00c3O<\/a><\/p>\n<p class=\"has-background has-dark-bluish-background-color\" style=\"font-size: 25px; text-align: center; background: #f0f0f0; color: #ffffff; padding: 4px 0px 4xp 0px;\"><a style=\"color: #0d134c; text-decoration: underline;\" href=\"https:\/\/faculdade.grancursosonline.com.br\/nossos-cursos\/\" target=\"_blank\" rel=\"noopener\">TUDO SOBRE A GRAN FACULDADE<\/a><\/p>\n<\/nav>\n<p><strong>Receba <span style=\"color: #cf1e25;\">gratuitamente<\/span> no seu celular as principais not\u00edcias sobre a Gran Faculdade! <br \/>Clique no link abaixo e inscreva-se:<\/strong><\/p>\n<p class=\"has-background has-dark-bluish-background-color\" style=\"font-size: 25px; text-align: center; background: #f0f0f0; color: #ffffff; padding: 4px 0px 4xp 0px;\"><a style=\"color: #0d134c; text-decoration: underline;\" href=\"https:\/\/whatsapp.com\/channel\/0029VaG1sChI7Be7PNndhL43\" target=\"_blank\" rel=\"noopener noreferrer\">WHATSAPP<\/a><\/p>\n<p class=\"has-background has-dark-bluish-background-color\" style=\"font-size: 25px; text-align: center; background: #f0f0f0; color: #ffffff; padding: 4px 0px 4xp 0px;\"><a style=\"color: #0d134c; text-decoration: underline;\" href=\"https:\/\/t.me\/GranFaculdade\" target=\"_blank\" rel=\"noopener noreferrer\">TELEGRAM<\/a><\/p>\n<\/section>\n<\/div><\/div>\n","protected":false},"excerpt":{"rendered":"<p>A forma\u00e7\u00e3o pedag\u00f3gica \u00e9 uma forma de come\u00e7ar a dar aula sem necessariamente ter um diploma em licenciatura, mas como funciona? Ser\u00e1 que vale a pena? Vamos entender melhor ao longo deste artigo!&nbsp; Ent\u00e3o, vamos l\u00e1, se preferir, navegue pelo \u00edndice abaixo: O que \u00e9 Forma\u00e7\u00e3o Pedag\u00f3gica? De acordo com a resolu\u00e7\u00e3o normativa n\u00ba 2&hellip;<\/p>\n","protected":false},"author":514,"featured_media":79754967,"comment_status":"open","ping_status":"open","sticky":false,"template":"","format":"standard","meta":{"_acf_changed":false,"content-type":"","footnotes":""},"categories":[219790,218545,2],"tags":[],"class_list":["post-79722782","post","type-post","status-publish","format-standard","has-post-thumbnail","hentry","category-graduacao-ead","category-graduacao","category-ultimas-noticias"],"acf":[],"yoast_head":"<!-- This site is optimized with the Yoast SEO Premium plugin v27.2 (Yoast SEO v27.2) - https:\/\/yoast.com\/product\/yoast-seo-premium-wordpress\/ -->\n<title>Forma\u00e7\u00e3o Pedag\u00f3gica: o que \u00e9, curso e quem pode fazer?<\/title>\n<meta name=\"description\" content=\"Entenda melhor o que \u00e9 e como funciona o curso de forma\u00e7\u00e3o pedag\u00f3gica. Saiba se vale mais a pena fazer forma\u00e7\u00e3o pedag\u00f3gica ou licenciatura!\" \/>\n<meta name=\"robots\" content=\"index, follow, max-snippet:-1, max-image-preview:large, max-video-preview:-1\" \/>\n<link rel=\"canonical\" href=\"https:\/\/faculdade.grancursosonline.com.br\/blog\/formacao-pedagogica\/\" \/>\n<meta property=\"og:locale\" content=\"pt_BR\" \/>\n<meta property=\"og:type\" content=\"article\" \/>\n<meta property=\"og:title\" content=\"Forma\u00e7\u00e3o Pedag\u00f3gica: o que \u00e9, curso e quem pode fazer?\" \/>\n<meta property=\"og:description\" content=\"Entenda melhor o que \u00e9 e como funciona o curso de forma\u00e7\u00e3o pedag\u00f3gica. Saiba se vale mais a pena fazer forma\u00e7\u00e3o pedag\u00f3gica ou licenciatura!\" \/>\n<meta property=\"og:url\" content=\"https:\/\/faculdade.grancursosonline.com.br\/blog\/formacao-pedagogica\/\" \/>\n<meta property=\"og:site_name\" content=\"Blog Gran Faculdade\" \/>\n<meta property=\"article:publisher\" content=\"https:\/\/www.facebook.com\/grancursosonline\/\" \/>\n<meta property=\"article:published_time\" content=\"2025-06-17T21:31:14+00:00\" \/>\n<meta property=\"article:modified_time\" content=\"2025-06-17T21:31:16+00:00\" \/>\n<meta property=\"og:image\" content=\"https:\/\/blog-es-static.infra.grancursosonline.com.br\/wp-content\/uploads\/2024\/07\/17182003\/formacao-pedagogica.jpg\" \/>\n\t<meta property=\"og:image:width\" content=\"511\" \/>\n\t<meta property=\"og:image:height\" content=\"311\" \/>\n\t<meta property=\"og:image:type\" content=\"image\/jpeg\" \/>\n<meta name=\"author\" content=\"Guilherme Henrique\" \/>\n<meta name=\"twitter:card\" content=\"summary_large_image\" \/>\n<meta name=\"twitter:creator\" content=\"@gran_online\" \/>\n<meta name=\"twitter:site\" content=\"@gran_online\" \/>\n<meta name=\"twitter:label1\" content=\"Written by\" \/>\n\t<meta name=\"twitter:data1\" content=\"Guilherme Henrique\" \/>\n\t<meta name=\"twitter:label2\" content=\"Est. reading time\" \/>\n\t<meta name=\"twitter:data2\" content=\"8 minutos\" \/>\n<script type=\"application\/ld+json\" class=\"yoast-schema-graph\">{\"@context\":\"https:\/\/schema.org\",\"@graph\":[{\"@type\":\"NewsArticle\",\"@id\":\"https:\/\/faculdade.grancursosonline.com.br\/blog\/formacao-pedagogica\/#article\",\"isPartOf\":{\"@id\":\"https:\/\/faculdade.grancursosonline.com.br\/blog\/formacao-pedagogica\/\"},\"author\":{\"name\":\"Guilherme Henrique\",\"@id\":\"https:\/\/faculdade.grancursosonline.com.br\/blog\/#\/schema\/person\/9745f9b6db8976613c1f439dbcfe717d\"},\"headline\":\"Forma\u00e7\u00e3o Pedag\u00f3gica: o que \u00e9, curso e quem pode fazer?\",\"datePublished\":\"2025-06-17T21:31:14+00:00\",\"dateModified\":\"2025-06-17T21:31:16+00:00\",\"mainEntityOfPage\":{\"@id\":\"https:\/\/faculdade.grancursosonline.com.br\/blog\/formacao-pedagogica\/\"},\"wordCount\":1612,\"commentCount\":0,\"publisher\":{\"@id\":\"https:\/\/faculdade.grancursosonline.com.br\/blog\/#organization\"},\"image\":{\"@id\":\"https:\/\/faculdade.grancursosonline.com.br\/blog\/formacao-pedagogica\/#primaryimage\"},\"thumbnailUrl\":\"https:\/\/blog-es-static.infra.grancursosonline.com.br\/wp-content\/uploads\/2024\/07\/17181935\/formacao-pedagogica-2.jpg\",\"articleSection\":[\"Gradua\u00e7\u00e3o EAD\",\"Gradua\u00e7\u00e3o Gran Faculdade\",\"\u00daltimas Not\u00edcias\"],\"inLanguage\":\"pt-BR\",\"potentialAction\":[{\"@type\":\"CommentAction\",\"name\":\"Comment\",\"target\":[\"https:\/\/faculdade.grancursosonline.com.br\/blog\/formacao-pedagogica\/#respond\"]}],\"copyrightYear\":\"2025\",\"copyrightHolder\":{\"@id\":\"https:\/\/faculdade.grancursosonline.com.br\/blog\/#organization\"}},{\"@type\":\"WebPage\",\"@id\":\"https:\/\/faculdade.grancursosonline.com.br\/blog\/formacao-pedagogica\/\",\"url\":\"https:\/\/faculdade.grancursosonline.com.br\/blog\/formacao-pedagogica\/\",\"name\":\"Forma\u00e7\u00e3o Pedag\u00f3gica: o que \u00e9, curso e quem pode fazer?\",\"isPartOf\":{\"@id\":\"https:\/\/faculdade.grancursosonline.com.br\/blog\/#website\"},\"primaryImageOfPage\":{\"@id\":\"https:\/\/faculdade.grancursosonline.com.br\/blog\/formacao-pedagogica\/#primaryimage\"},\"image\":{\"@id\":\"https:\/\/faculdade.grancursosonline.com.br\/blog\/formacao-pedagogica\/#primaryimage\"},\"thumbnailUrl\":\"https:\/\/blog-es-static.infra.grancursosonline.com.br\/wp-content\/uploads\/2024\/07\/17181935\/formacao-pedagogica-2.jpg\",\"datePublished\":\"2025-06-17T21:31:14+00:00\",\"dateModified\":\"2025-06-17T21:31:16+00:00\",\"description\":\"Entenda melhor o que \u00e9 e como funciona o curso de forma\u00e7\u00e3o pedag\u00f3gica. Saiba se vale mais a pena fazer forma\u00e7\u00e3o pedag\u00f3gica ou licenciatura!\",\"breadcrumb\":{\"@id\":\"https:\/\/faculdade.grancursosonline.com.br\/blog\/formacao-pedagogica\/#breadcrumb\"},\"inLanguage\":\"pt-BR\",\"potentialAction\":[{\"@type\":\"ReadAction\",\"target\":[\"https:\/\/faculdade.grancursosonline.com.br\/blog\/formacao-pedagogica\/\"]}]},{\"@type\":\"ImageObject\",\"inLanguage\":\"pt-BR\",\"@id\":\"https:\/\/faculdade.grancursosonline.com.br\/blog\/formacao-pedagogica\/#primaryimage\",\"url\":\"https:\/\/blog-es-static.infra.grancursosonline.com.br\/wp-content\/uploads\/2024\/07\/17181935\/formacao-pedagogica-2.jpg\",\"contentUrl\":\"https:\/\/blog-es-static.infra.grancursosonline.com.br\/wp-content\/uploads\/2024\/07\/17181935\/formacao-pedagogica-2.jpg\",\"width\":1001,\"height\":601},{\"@type\":\"BreadcrumbList\",\"@id\":\"https:\/\/faculdade.grancursosonline.com.br\/blog\/formacao-pedagogica\/#breadcrumb\",\"itemListElement\":[{\"@type\":\"ListItem\",\"position\":1,\"name\":\"In\u00edcio\",\"item\":\"https:\/\/faculdade.grancursosonline.com.br\/blog\/\"},{\"@type\":\"ListItem\",\"position\":2,\"name\":\"Gradua\u00e7\u00e3o Gran Faculdade\",\"item\":\"https:\/\/faculdade.grancursosonline.com.br\/blog\/graduacao\/\"},{\"@type\":\"ListItem\",\"position\":3,\"name\":\"Gradua\u00e7\u00e3o EAD\",\"item\":\"https:\/\/faculdade.grancursosonline.com.br\/blog\/graduacao\/graduacao-ead\/\"},{\"@type\":\"ListItem\",\"position\":4,\"name\":\"Forma\u00e7\u00e3o Pedag\u00f3gica: o que \u00e9, curso e quem pode fazer?\"}]},{\"@type\":\"WebSite\",\"@id\":\"https:\/\/faculdade.grancursosonline.com.br\/blog\/#website\",\"url\":\"https:\/\/faculdade.grancursosonline.com.br\/blog\/\",\"name\":\"Blog Gran Faculdade\",\"description\":\"Tudo sobre ensino superior, p\u00f3s-gradua\u00e7\u00e3o, enem e carreira.\",\"publisher\":{\"@id\":\"https:\/\/faculdade.grancursosonline.com.br\/blog\/#organization\"},\"potentialAction\":[{\"@type\":\"SearchAction\",\"target\":{\"@type\":\"EntryPoint\",\"urlTemplate\":\"https:\/\/faculdade.grancursosonline.com.br\/blog\/?s={search_term_string}\"},\"query-input\":{\"@type\":\"PropertyValueSpecification\",\"valueRequired\":true,\"valueName\":\"search_term_string\"}}],\"inLanguage\":\"pt-BR\"},{\"@type\":\"Organization\",\"@id\":\"https:\/\/faculdade.grancursosonline.com.br\/blog\/#organization\",\"name\":\"Gran Cursos Online\",\"url\":\"https:\/\/faculdade.grancursosonline.com.br\/blog\/\",\"logo\":{\"@type\":\"ImageObject\",\"inLanguage\":\"pt-BR\",\"@id\":\"https:\/\/faculdade.grancursosonline.com.br\/blog\/#\/schema\/logo\/image\/\",\"url\":\"https:\/\/blog-es-static.infra.grancursosonline.com.br\/wp-content\/uploads\/2019\/08\/03123934\/logo.png\",\"contentUrl\":\"https:\/\/blog-es-static.infra.grancursosonline.com.br\/wp-content\/uploads\/2019\/08\/03123934\/logo.png\",\"width\":300,\"height\":57,\"caption\":\"Gran Cursos Online\"},\"image\":{\"@id\":\"https:\/\/faculdade.grancursosonline.com.br\/blog\/#\/schema\/logo\/image\/\"},\"sameAs\":[\"https:\/\/www.facebook.com\/grancursosonline\/\",\"https:\/\/x.com\/gran_online\",\"https:\/\/www.instagram.com\/grancursosonline\/\",\"https:\/\/www.youtube.com\/user\/grancursostv\"]},{\"@type\":\"Person\",\"@id\":\"https:\/\/faculdade.grancursosonline.com.br\/blog\/#\/schema\/person\/9745f9b6db8976613c1f439dbcfe717d\",\"name\":\"Guilherme Henrique\",\"url\":\"https:\/\/faculdade.grancursosonline.com.br\/blog\/author\/guilherme-lourenco\/\"}]}<\/script>\n<!-- \/ Yoast SEO Premium plugin. -->","yoast_head_json":{"title":"Forma\u00e7\u00e3o Pedag\u00f3gica: o que \u00e9, curso e quem pode fazer?","description":"Entenda melhor o que \u00e9 e como funciona o curso de forma\u00e7\u00e3o pedag\u00f3gica. Saiba se vale mais a pena fazer forma\u00e7\u00e3o pedag\u00f3gica ou licenciatura!","robots":{"index":"index","follow":"follow","max-snippet":"max-snippet:-1","max-image-preview":"max-image-preview:large","max-video-preview":"max-video-preview:-1"},"canonical":"https:\/\/faculdade.grancursosonline.com.br\/blog\/formacao-pedagogica\/","og_locale":"pt_BR","og_type":"article","og_title":"Forma\u00e7\u00e3o Pedag\u00f3gica: o que \u00e9, curso e quem pode fazer?","og_description":"Entenda melhor o que \u00e9 e como funciona o curso de forma\u00e7\u00e3o pedag\u00f3gica. Saiba se vale mais a pena fazer forma\u00e7\u00e3o pedag\u00f3gica ou licenciatura!","og_url":"https:\/\/faculdade.grancursosonline.com.br\/blog\/formacao-pedagogica\/","og_site_name":"Blog Gran Faculdade","article_publisher":"https:\/\/www.facebook.com\/grancursosonline\/","article_published_time":"2025-06-17T21:31:14+00:00","article_modified_time":"2025-06-17T21:31:16+00:00","og_image":[{"width":511,"height":311,"url":"https:\/\/blog-es-static.infra.grancursosonline.com.br\/wp-content\/uploads\/2024\/07\/17182003\/formacao-pedagogica.jpg","type":"image\/jpeg"}],"author":"Guilherme Henrique","twitter_card":"summary_large_image","twitter_creator":"@gran_online","twitter_site":"@gran_online","twitter_misc":{"Written by":"Guilherme Henrique","Est. reading time":"8 minutos"},"schema":{"@context":"https:\/\/schema.org","@graph":[{"@type":"NewsArticle","@id":"https:\/\/faculdade.grancursosonline.com.br\/blog\/formacao-pedagogica\/#article","isPartOf":{"@id":"https:\/\/faculdade.grancursosonline.com.br\/blog\/formacao-pedagogica\/"},"author":{"name":"Guilherme Henrique","@id":"https:\/\/faculdade.grancursosonline.com.br\/blog\/#\/schema\/person\/9745f9b6db8976613c1f439dbcfe717d"},"headline":"Forma\u00e7\u00e3o Pedag\u00f3gica: o que \u00e9, curso e quem pode fazer?","datePublished":"2025-06-17T21:31:14+00:00","dateModified":"2025-06-17T21:31:16+00:00","mainEntityOfPage":{"@id":"https:\/\/faculdade.grancursosonline.com.br\/blog\/formacao-pedagogica\/"},"wordCount":1612,"commentCount":0,"publisher":{"@id":"https:\/\/faculdade.grancursosonline.com.br\/blog\/#organization"},"image":{"@id":"https:\/\/faculdade.grancursosonline.com.br\/blog\/formacao-pedagogica\/#primaryimage"},"thumbnailUrl":"https:\/\/blog-es-static.infra.grancursosonline.com.br\/wp-content\/uploads\/2024\/07\/17181935\/formacao-pedagogica-2.jpg","articleSection":["Gradua\u00e7\u00e3o EAD","Gradua\u00e7\u00e3o Gran Faculdade","\u00daltimas Not\u00edcias"],"inLanguage":"pt-BR","potentialAction":[{"@type":"CommentAction","name":"Comment","target":["https:\/\/faculdade.grancursosonline.com.br\/blog\/formacao-pedagogica\/#respond"]}],"copyrightYear":"2025","copyrightHolder":{"@id":"https:\/\/faculdade.grancursosonline.com.br\/blog\/#organization"}},{"@type":"WebPage","@id":"https:\/\/faculdade.grancursosonline.com.br\/blog\/formacao-pedagogica\/","url":"https:\/\/faculdade.grancursosonline.com.br\/blog\/formacao-pedagogica\/","name":"Forma\u00e7\u00e3o Pedag\u00f3gica: o que \u00e9, curso e quem pode fazer?","isPartOf":{"@id":"https:\/\/faculdade.grancursosonline.com.br\/blog\/#website"},"primaryImageOfPage":{"@id":"https:\/\/faculdade.grancursosonline.com.br\/blog\/formacao-pedagogica\/#primaryimage"},"image":{"@id":"https:\/\/faculdade.grancursosonline.com.br\/blog\/formacao-pedagogica\/#primaryimage"},"thumbnailUrl":"https:\/\/blog-es-static.infra.grancursosonline.com.br\/wp-content\/uploads\/2024\/07\/17181935\/formacao-pedagogica-2.jpg","datePublished":"2025-06-17T21:31:14+00:00","dateModified":"2025-06-17T21:31:16+00:00","description":"Entenda melhor o que \u00e9 e como funciona o curso de forma\u00e7\u00e3o pedag\u00f3gica. Saiba se vale mais a pena fazer forma\u00e7\u00e3o pedag\u00f3gica ou licenciatura!","breadcrumb":{"@id":"https:\/\/faculdade.grancursosonline.com.br\/blog\/formacao-pedagogica\/#breadcrumb"},"inLanguage":"pt-BR","potentialAction":[{"@type":"ReadAction","target":["https:\/\/faculdade.grancursosonline.com.br\/blog\/formacao-pedagogica\/"]}]},{"@type":"ImageObject","inLanguage":"pt-BR","@id":"https:\/\/faculdade.grancursosonline.com.br\/blog\/formacao-pedagogica\/#primaryimage","url":"https:\/\/blog-es-static.infra.grancursosonline.com.br\/wp-content\/uploads\/2024\/07\/17181935\/formacao-pedagogica-2.jpg","contentUrl":"https:\/\/blog-es-static.infra.grancursosonline.com.br\/wp-content\/uploads\/2024\/07\/17181935\/formacao-pedagogica-2.jpg","width":1001,"height":601},{"@type":"BreadcrumbList","@id":"https:\/\/faculdade.grancursosonline.com.br\/blog\/formacao-pedagogica\/#breadcrumb","itemListElement":[{"@type":"ListItem","position":1,"name":"In\u00edcio","item":"https:\/\/faculdade.grancursosonline.com.br\/blog\/"},{"@type":"ListItem","position":2,"name":"Gradua\u00e7\u00e3o Gran Faculdade","item":"https:\/\/faculdade.grancursosonline.com.br\/blog\/graduacao\/"},{"@type":"ListItem","position":3,"name":"Gradua\u00e7\u00e3o EAD","item":"https:\/\/faculdade.grancursosonline.com.br\/blog\/graduacao\/graduacao-ead\/"},{"@type":"ListItem","position":4,"name":"Forma\u00e7\u00e3o Pedag\u00f3gica: o que \u00e9, curso e quem pode fazer?"}]},{"@type":"WebSite","@id":"https:\/\/faculdade.grancursosonline.com.br\/blog\/#website","url":"https:\/\/faculdade.grancursosonline.com.br\/blog\/","name":"Blog Gran Faculdade","description":"Tudo sobre ensino superior, p\u00f3s-gradua\u00e7\u00e3o, enem e carreira.","publisher":{"@id":"https:\/\/faculdade.grancursosonline.com.br\/blog\/#organization"},"potentialAction":[{"@type":"SearchAction","target":{"@type":"EntryPoint","urlTemplate":"https:\/\/faculdade.grancursosonline.com.br\/blog\/?s={search_term_string}"},"query-input":{"@type":"PropertyValueSpecification","valueRequired":true,"valueName":"search_term_string"}}],"inLanguage":"pt-BR"},{"@type":"Organization","@id":"https:\/\/faculdade.grancursosonline.com.br\/blog\/#organization","name":"Gran Cursos Online","url":"https:\/\/faculdade.grancursosonline.com.br\/blog\/","logo":{"@type":"ImageObject","inLanguage":"pt-BR","@id":"https:\/\/faculdade.grancursosonline.com.br\/blog\/#\/schema\/logo\/image\/","url":"https:\/\/blog-es-static.infra.grancursosonline.com.br\/wp-content\/uploads\/2019\/08\/03123934\/logo.png","contentUrl":"https:\/\/blog-es-static.infra.grancursosonline.com.br\/wp-content\/uploads\/2019\/08\/03123934\/logo.png","width":300,"height":57,"caption":"Gran Cursos Online"},"image":{"@id":"https:\/\/faculdade.grancursosonline.com.br\/blog\/#\/schema\/logo\/image\/"},"sameAs":["https:\/\/www.facebook.com\/grancursosonline\/","https:\/\/x.com\/gran_online","https:\/\/www.instagram.com\/grancursosonline\/","https:\/\/www.youtube.com\/user\/grancursostv"]},{"@type":"Person","@id":"https:\/\/faculdade.grancursosonline.com.br\/blog\/#\/schema\/person\/9745f9b6db8976613c1f439dbcfe717d","name":"Guilherme Henrique","url":"https:\/\/faculdade.grancursosonline.com.br\/blog\/author\/guilherme-lourenco\/"}]}},"_links":{"self":[{"href":"https:\/\/faculdade.grancursosonline.com.br\/blog\/wp-json\/wp\/v2\/posts\/79722782","targetHints":{"allow":["GET"]}}],"collection":[{"href":"https:\/\/faculdade.grancursosonline.com.br\/blog\/wp-json\/wp\/v2\/posts"}],"about":[{"href":"https:\/\/faculdade.grancursosonline.com.br\/blog\/wp-json\/wp\/v2\/types\/post"}],"author":[{"embeddable":true,"href":"https:\/\/faculdade.grancursosonline.com.br\/blog\/wp-json\/wp\/v2\/users\/514"}],"replies":[{"embeddable":true,"href":"https:\/\/faculdade.grancursosonline.com.br\/blog\/wp-json\/wp\/v2\/comments?post=79722782"}],"version-history":[{"count":7,"href":"https:\/\/faculdade.grancursosonline.com.br\/blog\/wp-json\/wp\/v2\/posts\/79722782\/revisions"}],"predecessor-version":[{"id":79754969,"href":"https:\/\/faculdade.grancursosonline.com.br\/blog\/wp-json\/wp\/v2\/posts\/79722782\/revisions\/79754969"}],"wp:featuredmedia":[{"embeddable":true,"href":"https:\/\/faculdade.grancursosonline.com.br\/blog\/wp-json\/wp\/v2\/media\/79754967"}],"wp:attachment":[{"href":"https:\/\/faculdade.grancursosonline.com.br\/blog\/wp-json\/wp\/v2\/media?parent=79722782"}],"wp:term":[{"taxonomy":"category","embeddable":true,"href":"https:\/\/faculdade.grancursosonline.com.br\/blog\/wp-json\/wp\/v2\/categories?post=79722782"},{"taxonomy":"post_tag","embeddable":true,"href":"https:\/\/faculdade.grancursosonline.com.br\/blog\/wp-json\/wp\/v2\/tags?post=79722782"}],"curies":[{"name":"wp","href":"https:\/\/api.w.org\/{rel}","templated":true}]}}