{"id":79739002,"date":"2024-06-26T15:29:27","date_gmt":"2024-06-26T18:29:27","guid":{"rendered":"https:\/\/blog.grancursosonline.com.br\/?p=79739002"},"modified":"2024-06-26T15:29:36","modified_gmt":"2024-06-26T18:29:36","slug":"especializacao-em-gestao-de-pessoas","status":"publish","type":"post","link":"https:\/\/faculdade.grancursosonline.com.br\/blog\/especializacao-em-gestao-de-pessoas\/","title":{"rendered":"Especializa\u00e7\u00e3o em gest\u00e3o de pessoas: veja!"},"content":{"rendered":"\n<p>Fazer uma especializa\u00e7\u00e3o em Gest\u00e3o de Pessoas pode ser uma excelente forma de se tornar um bom l\u00edder. Todavia, engana-se quem pensa que o foco desse tipo de curso \u00e9 apenas para cargoss de chefia. Um gestor de pessoas \u00e9 tamb\u00e9m respons\u00e1vel por uma s\u00e9rie de iniciativas que mantenham equipes engajadas em suas fun\u00e7\u00f5es e cuida de quest\u00f5es administrativas.<\/p>\n\n\n\n<div class=\"wp-block-columns is-layout-flex wp-container-core-columns-is-layout-9d6595d7 wp-block-columns-is-layout-flex\">\n<div class=\"wp-block-column is-layout-flow wp-block-column-is-layout-flow\" style=\"flex-basis:100%\"><div class=\"wp-block-image\">\n<figure class=\"aligncenter size-full\"><a href=\"https:\/\/whatsapp.com\/channel\/0029VaG1sChI7Be7PNndhL43\" target=\"_blank\" rel=\"noopener\"><img decoding=\"async\" src=\"https:\/\/blog-es-static.infra.grancursosonline.com.br\/wp-content\/uploads\/2025\/09\/09112354\/banner-wp-600x142-80.webp\" alt=\"Acesse o canal do WhatsApp da Gran Faculdade\" class=\"wp-image-79751904\"\/><\/a><\/figure>\n<\/div><\/div>\n<\/div>\n\n\n\n<p>Acompanhe o artigo para saber mais ou navegue pelo \u00edndice:<\/p>\n\n\n\n<ul class=\"wp-block-list\">\n<li><a href=\"#o-que-e\">O que \u00e9 uma especializa\u00e7\u00e3o em gest\u00e3o de pessoas?<\/a><\/li>\n\n\n\n<li><a href=\"#para-que-serve\">Para que serve a especializa\u00e7\u00e3o em gest\u00e3o de pessoas?<\/a><\/li>\n\n\n\n<li><a href=\"#o-que-se-estuda\">O que se estuda em uma especializa\u00e7\u00e3o em gest\u00e3o de pessoas?<\/a><\/li>\n\n\n\n<li><a href=\"#carreira\">Quais s\u00e3o as oportunidades de carreira ap\u00f3s uma especializa\u00e7\u00e3o em gest\u00e3o de pessoas?<\/a><\/li>\n\n\n\n<li><a href=\"#beneficios\">Quais s\u00e3o os benef\u00edcios de fazer uma especializa\u00e7\u00e3o em gest\u00e3o de pessoas?<\/a><\/li>\n\n\n\n<li><a href=\"#vale-a-pena\">Especializa\u00e7\u00e3o em gest\u00e3o de pessoas: vale a pena?<\/a><\/li>\n\n\n\n<li><a href=\"#curso\">Curso de gest\u00e3o de pessoas<\/a><\/li>\n<\/ul>\n\n\n<div class=\"container-tabela\"><table border=\"1\" bgcolor=\"aliceblue\">\n<tbody>\n<tr>\n<td><strong>Destaques:<\/strong>\n<ul>\n<li><a href=\"https:\/\/blog.grancursosonline.com.br\/por-que-estudar-na-gran-faculdade\/\" target=\"_blank\" rel=\"noopener\">Por que fazer gradua\u00e7\u00e3o na Gran Faculdade? Saiba tudo!<\/a><\/li>\n<li><a href=\"https:\/\/blog.grancursosonline.com.br\/gestao-pessoas-recursos-humanos-diferenca\/\" target=\"_blank\" rel=\"noopener\">Gest\u00e3o de Pessoas e Recursos Humanos: qual a diferen\u00e7a?<\/a><\/li>\n<li><a href=\"https:\/\/blog.grancursosonline.com.br\/gestao-de-recursos-humanos-gran-faculdade\/\" target=\"_blank\" rel=\"noopener\">Gest\u00e3o de Recursos Humanos: como \u00e9 o curso do Gran?<\/a><\/li>\n<\/ul>\n<\/td>\n<\/tr>\n<\/tbody>\n<\/table><\/div>\n\n\n<h2 class=\"wp-block-heading\" id=\"o-que-e\">O que \u00e9 uma especializa\u00e7\u00e3o em gest\u00e3o de pessoas?<\/h2>\n\n\n\n<p>Um curso de especializa\u00e7\u00e3o em Gest\u00e3o de Pessoas \u00e9 uma p\u00f3s-gradua\u00e7\u00e3o para quem busca atuar na \u00e1rea.<\/p>\n\n\n\n<p>Na Gran Faculdade, por exemplo, o objetivo do curso \u00e9 capacitar profissionais graduados em qualquer \u00e1rea, que buscam desenvolver compet\u00eancias em Gest\u00e3o de pessoas para atuarem em organiza\u00e7\u00f5es p\u00fablicas ou privadas.<\/p>\n\n\n\n<p>Aliamos teoria e pr\u00e1tica a uma metodologia ativa de conhecimento, com base na solu\u00e7\u00e3o de problemas, na interdisciplinaridade e na interconex\u00e3o de temas.<\/p>\n\n\n\n<h2 class=\"wp-block-heading\" id=\"para-que-serve\">Para que serve a especializa\u00e7\u00e3o em gest\u00e3o de pessoas?<\/h2>\n\n\n\n<p>Um curso de especializa\u00e7\u00e3o em Gest\u00e3o de Pessoas buca capacitar profissionais a lidar com colaboradores e envolvidos em projetos profissionais. Ou seja, o foco \u00e9 saber gerenciar rela\u00e7\u00f5es interpessoais e profissionais ao mesmo tempo em que uma atividade \u00e9 desenvolvida em um contexto institucional.<\/p>\n\n\n\n<p>O objetivo desse tipo de curso, como podemos observar, \u00e9 formar pessoas que saibam lidar com pessoas. Como sabemos, o ambiente de trabalho muitas vezes pode ser conflituoso devido a diversidade social e cultural entre os colaboradores. <\/p>\n\n\n\n<p>Desse modo, al\u00e9m de l\u00edderes, \u00e9 preciso contar com pessoas que estejam aptas a lidar com gest\u00e3o de crises e outros assuntos mais espec\u00edficos. Tudo para garantir que uma opera\u00e7\u00e3o ou o andamento de atividades n\u00e3o parem. Com isso, esse tipo de curso visa desenvolver algumas habilidades como:<\/p>\n\n\n\n<ul class=\"wp-block-list\">\n<li>Lideran\u00e7a;<\/li>\n\n\n\n<li>Administra\u00e7\u00e3o de Conflitos;<\/li>\n\n\n\n<li>Legisla\u00e7\u00e3o Trabalhista;<\/li>\n\n\n\n<li>Clima e Cultura Organizacional;<\/li>\n\n\n\n<li>Remunera\u00e7\u00e3o, entre outros t\u00f3picos.<\/li>\n<\/ul>\n\n\n\n<h2 class=\"wp-block-heading\" id=\"o-que-se-estuda\">O que se estuda em uma especializa\u00e7\u00e3o em gest\u00e3o de pessoas?<\/h2>\n\n\n\n<p>As disciplinas da especializa\u00e7\u00e3o em Gest\u00e3o de Pessoas da Gran Faculdade est\u00e3o organizadas em 3 m\u00f3dulos. Veja:<\/p>\n\n\n\n<p><strong>M\u00f3dulo I<\/strong><\/p>\n\n\n\n<ul class=\"wp-block-list\">\n<li>Gest\u00e3o de Pessoas<\/li>\n\n\n\n<li>Administra\u00e7\u00e3o Geral<\/li>\n\n\n\n<li>Gest\u00e3o P\u00fablica<\/li>\n<\/ul>\n\n\n\n<p><strong>M\u00f3dulo II<\/strong><\/p>\n\n\n\n<ul class=\"wp-block-list\">\n<li>Gest\u00e3o de Processos<\/li>\n\n\n\n<li>Gest\u00e3o de Projetos<\/li>\n\n\n\n<li>Gest\u00e3o Estrat\u00e9gica nas Organiza\u00e7\u00f5es<\/li>\n\n\n\n<li>Gest\u00e3o da Informa\u00e7\u00e3o<\/li>\n<\/ul>\n\n\n\n<p><strong>M\u00f3dulo III<\/strong><\/p>\n\n\n\n<ul class=\"wp-block-list\">\n<li>People Analytics: Transformando a Gest\u00e3o de Pessoas<\/li>\n\n\n\n<li>Lideran\u00e7a<\/li>\n\n\n\n<li>Gest\u00e3o por Compet\u00eancias<\/li>\n\n\n\n<li>Gest\u00e3o do Desempenho<\/li>\n\n\n\n<li>Cultura, Clima Organizacional e Gest\u00e3o de Mudan\u00e7as<\/li>\n\n\n\n<li>Gest\u00e3o de Conflitos<\/li>\n\n\n\n<li>Governan\u00e7a, Risco e Compliance<\/li>\n\n\n\n<li>Gamifica\u00e7\u00e3o Aplicada a Gest\u00e3o de Pessoas<\/li>\n<\/ul>\n\n\n\n<h2 class=\"wp-block-heading\" id=\"carreira\">Quais s\u00e3o as oportunidades de carreira ap\u00f3s uma especializa\u00e7\u00e3o em gest\u00e3o de pessoas?<\/h2>\n\n\n\n<p>Algumas oportunidades de carreira para um profissional com especializa\u00e7\u00e3o em Gest\u00e3o de Pessoas s\u00e3o:<\/p>\n\n\n\n<ul class=\"wp-block-list\">\n<li>Diretor de RH;<\/li>\n\n\n\n<li>Analista de RH;<\/li>\n\n\n\n<li>Consultor de Gest\u00e3o de Pessoas;<\/li>\n\n\n\n<li>Treinamento e Desenvolvimento profissional;<\/li>\n\n\n\n<li>Departamento Pessoal;<\/li>\n\n\n\n<li>ESG, e outras.<\/li>\n<\/ul>\n\n\n\n<h3 class=\"wp-block-heading\" id=\"h-qual-e-o-salario-medio-de-um-profissional-com-especializacao-em-gestao-de-pessoas\">Qual \u00e9 o sal\u00e1rio m\u00e9dio de um profissional com especializa\u00e7\u00e3o em gest\u00e3o de pessoas?<\/h3>\n\n\n\n<p>O sal\u00e1rio m\u00e9dio de um profissional com especializa\u00e7\u00e3o em Gest\u00e3o de Pessoas varia entre R$3 mil e mais de R$10 mil reais. Tudo depende da sua experi\u00eancia na \u00e1rea e do seu desenvolvimento profissional.<\/p>\n\n\n\n<h2 class=\"wp-block-heading\" id=\"beneficios\">Quais s\u00e3o os benef\u00edcios de fazer uma especializa\u00e7\u00e3o em gest\u00e3o de pessoas?<\/h2>\n\n\n\n<p>Os benef\u00edcios de um profissional com especializa\u00e7\u00e3o em Gest\u00e3o de Pessoas s\u00e3o:<\/p>\n\n\n\n<ul class=\"wp-block-list\">\n<li>Melhor lideran\u00e7a;<\/li>\n\n\n\n<li>Time mais engajado;<\/li>\n\n\n\n<li>Melhora do clima e cultura organizacional;<\/li>\n\n\n\n<li>Incentivo ao desenvolvimento profissional;<\/li>\n\n\n\n<li>Melhor gest\u00e3o de recursos financeiros, materiais e humanos;<\/li>\n\n\n\n<li>Valoriza\u00e7\u00e3o profissional;<\/li>\n\n\n\n<li>Atra\u00e7\u00e3o e reten\u00e7\u00e3o de talentos, entre outros.<\/li>\n<\/ul>\n\n\n\n<h2 class=\"wp-block-heading\" id=\"vale-a-pena\">Especializa\u00e7\u00e3o em gest\u00e3o de pessoas: vale a pena?<\/h2>\n\n\n\n<p>Sim! Sem d\u00favidas uma especializa\u00e7\u00e3o em Gest\u00e3o de Pessoas vale a pena: trata-se de uma carreira extremamente valorizada e cada vez mais buscada no mercado. A necessidade de profissionais que saibam trabalhar aspectos culturais dentro de uma institui\u00e7\u00e3o que valorizem os colaboradores \u00e9 emergente.<\/p>\n\n\n\n<p>Al\u00e9m disso, trabalhar quest\u00f5es de atra\u00e7\u00e3o e reten\u00e7\u00e3o de talentos, remunera\u00e7\u00e3o e desenvolvimento profissional tamb\u00e9m s\u00e3o essenciais. Isso tudo com o intuito de proporcionar um ambiente de trabalho seguro, respeitoso e flu\u00eddo para que nada atrapalhe o andamento das atividades e impacte negativamente a organiza\u00e7\u00e3o.<\/p>\n\n\n\n<h2 class=\"wp-block-heading\" id=\"curso\">Curso de gest\u00e3o de pessoas<\/h2>\n\n\n\n<p>Al\u00e9m do curso de p\u00f3s-gradua\u00e7\u00e3o em Gest\u00e3o de Pessoas da Gran Faculdade, contamos tamb\u00e9m com outras duas especializa\u00e7\u00f5es na \u00e1rea que podem ser interessantes:<\/p>\n\n\n\n<ul class=\"wp-block-list\">\n<li><strong><a href=\"https:\/\/pos.grancursosonline.com.br\/curso\/gestao-estrategica\" target=\"_blank\" rel=\"noreferrer noopener\">P\u00f3s-gradua\u00e7\u00e3o em Gest\u00e3o Estrat\u00e9gica<\/a><\/strong>: Capacitar profissionais para atuarem em gest\u00e3o estrat\u00e9gica em organiza\u00e7\u00f5es p\u00fablicas e privadas.<\/li>\n\n\n\n<li><strong><a href=\"https:\/\/pos.grancursosonline.com.br\/curso\/psicologia-organizacional\" target=\"_blank\" rel=\"noreferrer noopener\">P\u00f3s-gradua\u00e7\u00e3o em Psicologia Organizacional<\/a><\/strong>: Capacitar profissionais para compreender, analisar e intervir de forma eficaz nos processos psicossociais que ocorrem nas organiza\u00e7\u00f5es.<\/li>\n\n\n\n<li><strong><a href=\"https:\/\/pos.grancursosonline.com.br\/curso\/mba-em-ciencias-comportamentais-aplicadas-a-organizacao\" target=\"_blank\" rel=\"noreferrer noopener\">MBA em Ci\u00eancias Comportamentais Aplicadas \u00e0 Organiza\u00e7\u00e3o<\/a><\/strong>: Capacitar profissionais a compreenderem, analisarem e influenciarem o comportamento humano nas organiza\u00e7\u00f5es.<\/li>\n<\/ul>\n\n\n\n<h3 class=\"wp-block-heading\" id=\"h-onde-fazer-especializacao-em-gestao-de-pessoas\">Onde fazer especializa\u00e7\u00e3o em gest\u00e3o de pessoas?<\/h3>\n\n\n\n<p>Aqui na Gran Faculdade voc\u00ea encontra um curso 100% digital, com professores gabaritados no mercado e pagando mensalidades que cabem no seu bolso.<\/p>\n\n\n\n<p>Al\u00e9m disso, voc\u00ea tamb\u00e9m pode aproveitar diversas ferramentas para otimizar os seus estudos como aplicativo para diferentes dispositivos, gerenciador de estudos e um banco de quest\u00f5es para praticar os seus conhecimentos.<\/p>\n\n\n\n<h3 class=\"wp-block-heading\" id=\"h-quem-pode-fazer-pos-em-gestao-de-pessoas\">Quem pode fazer p\u00f3s em gest\u00e3o de pessoas?<\/h3>\n\n\n\n<p>O curso \u00e9 ideal para profissionais com diploma de curso superior em qualquer \u00e1rea. O curso n\u00e3o \u00e9 somente para quem j\u00e1 \u00e9 gestor ou tem um cargo de lideran\u00e7a, mas para quem tamb\u00e9m deseja ocupar uma posi\u00e7\u00e3o de lideran\u00e7a ou desenvolver t\u00e9cnicas gerenciais para seus pr\u00f3prios neg\u00f3cios ou para a organiza\u00e7\u00e3o em que estiver atuando<\/p>\n\n\n\n<h3 class=\"wp-block-heading\" id=\"h-quanto-tempo-dura-pos-em-gestao-de-pessoas\">Quanto tempo dura p\u00f3s em gest\u00e3o de pessoas?<\/h3>\n\n\n\n<p>Os cursos de p\u00f3s em Gest\u00e3o de Pessoas do Gran duram entre 6 e 18 meses.<\/p>\n\n\n\n<h3 class=\"wp-block-heading\" id=\"h-quanto-custa-uma-especializacao-em-gestao-de-pessoas\">Quanto custa uma especializa\u00e7\u00e3o em gest\u00e3o de pessoas?<\/h3>\n\n\n\n<p>Com a Gran Faculdade, queremos te ajudar a conquistar todos seus objetivos acad\u00eamicos e profissionais. Por isso, disponibilizamos uma s\u00e9rie de promo\u00e7\u00f5es que facilitam os seus estudos. Afinal, a educa\u00e7\u00e3o deve e pode ser para todos! <\/p>\n\n\n\n<p><strong>Veja quais s\u00e3o os cupons v\u00e1lidos at\u00e9 o preenchimento das vagas dispon\u00edveis:<\/strong><\/p>\n\n\n\n<figure class=\"wp-block-table\"><div class=\"container-tabela\"><table class=\"has-fixed-layout\"><thead><tr><th>Tipo de Desconto<\/th><th>Curso<\/th><th>Valores<\/th><th>Cupons<\/th><\/tr><\/thead><tbody><tr><td rowspan=\"2\">SOCIAL<\/td><td>P\u00f3s-Gradua\u00e7\u00e3o<\/td><td>12x de R$ 89,90<\/td><td>POSGRANSOCIAL<\/td><\/tr><tr><td>MBA<\/td><td>12x de R$ 89,90<\/td><td>MBAGRANSOCIAL<\/td><\/tr><tr><td rowspan=\"2\">ALUNOS GRAN<\/td><td>P\u00f3s-Gradua\u00e7\u00e3o<\/td><td>12x de R$ 89,90<\/td><td>SOUALUNOGRAN<\/td><\/tr><tr><td>MBA<\/td><td>12x de R$ 89,90<\/td><td>MBAALUNOGRAN<\/td><\/tr><tr><td rowspan=\"2\">EX-ALUNOS<\/td><td>P\u00f3s-Gradua\u00e7\u00e3o<\/td><td>12x de R$ 89,90<\/td><td>VOLTEIPROGRAN<\/td><\/tr><tr><td>MBA<\/td><td>12x de R$ 89,90<\/td><td>MBAVOLTEIPROGRAN<\/td><\/tr><tr><td rowspan=\"2\">NOVOS ALUNOS <\/td><td>P\u00f3s-Gradua\u00e7\u00e3o<\/td><td>12x de R$ 109,90<\/td><td>NOVONOGRAN<\/td><\/tr><tr><td>MBA<\/td><td>12x de R$ 109,90<\/td><td>MBANOVONOGRAN<\/td><\/tr><tr><td>COMBO CARREIRA<\/td><td>P\u00f3s-gradua\u00e7\u00e3o<\/td><td>12x de R$ 109,90<\/td><td>COMBOCARREIRA<\/td><\/tr><tr><td>COMBO P\u00d3S*<\/td><td>P\u00f3s-Gradua\u00e7\u00e3o e\/ou MBA<\/td><td>12x de R$ 109,90<\/td><td>COMBOPOS<\/td><\/tr><\/tbody><\/table><\/div><figcaption class=\"wp-element-caption\">*A condi\u00e7\u00e3o de 2 cursos pelo pre\u00e7o de inclui os cursos de MBA<\/figcaption><\/figure>\n\n\n\n<p><strong>\u00c0 vista no PIX ou Boleto voc\u00ea ainda adquire MAIS 5% DE DESCONTO!<\/strong><\/p>\n\n\n\n<p>Para garantir os pre\u00e7os promocionais, basta acessar a p\u00e1gina da sua especializa\u00e7\u00e3o de prefer\u00eancia e visualizar todos os cupons ao lado do pre\u00e7o final! <\/p>\n\n\n\n<p>Se, por acaso, o desconto n\u00e3o for aplicado imediatamente, voc\u00ea tamb\u00e9m poder\u00e1 digitar o c\u00f3digo do cupom informado na tabela acima!<\/p>\n\n\n\n<p class=\"has-text-align-center has-text-align-center\"><a href=\"https:\/\/pos.grancursosonline.com.br\/\" target=\"_blank\" rel=\"noreferrer noopener\"><strong>Garanta sua matr\u00edcula com desconto!<\/strong><\/a><\/p>\n\n\n\n<h3 class=\"wp-block-heading\" id=\"h-especializacao-em-gestao-de-pessoas-e-reconhecida-pelo-mec\">Especializa\u00e7\u00e3o em gest\u00e3o de pessoas \u00e9 reconhecida pelo MEC?<\/h3>\n\n\n\n<p>Sim! Todos os nossos cursos de especializa\u00e7\u00e3o s\u00e3o autorizados pelo MEC.<\/p>\n\n\n\n<h2 class=\"wp-block-heading\" id=\"h-vem-pra-gran-faculdade\">Vem pra Gran Faculdade!<\/h2>\n\n\n\n<p>A Gran Faculdade vem mudando a vida de milhares de pessoas por meio de cursos \u00e0 dist\u00e2ncia de <a href=\"https:\/\/faculdade.grancursosonline.com.br\/\" target=\"_blank\" rel=\"noreferrer noopener\">gradua\u00e7\u00e3o<\/a>, <a href=\"https:\/\/pos.grancursosonline.com.br\/\" target=\"_blank\" rel=\"noreferrer noopener\">p\u00f3s-gradua\u00e7\u00e3o<\/a> e <a href=\"https:\/\/pos.grancursosonline.com.br\/mba\" target=\"_blank\" rel=\"noreferrer noopener\">MBA<\/a>. Seja no digital ou em nosso <a href=\"https:\/\/presencial.grancursosonline.com.br\/\" target=\"_blank\" rel=\"noreferrer noopener\">Campus Presencial em Curitiba<\/a>, a nossa miss\u00e3o \u00e9 transformar a educa\u00e7\u00e3o superior.<\/p>\n\n\n\n<p>Como parte de Sistema Gran de Ensino, que \u00e9 reconhecido como marca aprovadora h\u00e1 mais de 10 anos, constru\u00edmos uma renomada reputa\u00e7\u00e3o na \u00e1rea de educa\u00e7\u00e3o.<\/p>\n\n\n\n<p>Veja algumas de nossas conquistas:<\/p>\n\n\n\n<ul class=\"wp-block-list\">\n<li>Reconhecido pela Amazon como um dos projetos mais relevantes do mundo na \u00e1rea de Tecnologia e Educa\u00e7\u00e3o;<\/li>\n\n\n\n<li>Foi eleito pelo Project Management Institute (PMI), um dos 50 Projetos Mais Influentes do mundo;<\/li>\n\n\n\n<li>Somos o site de educa\u00e7\u00e3o mais acessado do Brasil;<\/li>\n\n\n\n<li>Somos avaliados com a nota m\u00e1xima pelo MEC;<\/li>\n\n\n\n<li>Aqui o semestre come\u00e7a quando quiser: entrada imediata e cont\u00ednua!<\/li>\n\n\n\n<li>Melhores pre\u00e7os do mercado;<\/li>\n\n\n\n<li>Mais de 500 mil alunos pagantes e mais de 1000 funcion\u00e1rios;<\/li>\n\n\n\n<li>Diversas ferramentas de estudo: PDFs, audiobooks, mapas mentais, videoaulas, quest\u00f5es, gerenciador de estudos e muito mais!<\/li>\n\n\n\n<li>Professores experientes e capacitados;<\/li>\n\n\n\n<li>Acesso imediato e 100% online.<\/li>\n<\/ul>\n\n\n\n<p class=\"has-text-align-center has-text-align-center\"><strong><a href=\"https:\/\/faculdade.grancursosonline.com.br\/\" target=\"_blank\" rel=\"noreferrer noopener\">Quero ser aluno da Gran Faculdade!<\/a><\/strong><\/p>\n","protected":false},"excerpt":{"rendered":"<p>Fazer uma especializa\u00e7\u00e3o em Gest\u00e3o de Pessoas pode ser uma excelente forma de se tornar um bom l\u00edder. Todavia, engana-se quem pensa que o foco desse tipo de curso \u00e9 apenas para cargoss de chefia. Um gestor de pessoas \u00e9 tamb\u00e9m respons\u00e1vel por uma s\u00e9rie de iniciativas que mantenham equipes engajadas em suas fun\u00e7\u00f5es e&hellip;<\/p>\n","protected":false},"author":486,"featured_media":79739004,"comment_status":"open","ping_status":"open","sticky":false,"template":"","format":"standard","meta":{"_acf_changed":false,"content-type":"","footnotes":""},"categories":[209229,2],"tags":[126404,209248],"class_list":["post-79739002","post","type-post","status-publish","format-standard","has-post-thumbnail","hentry","category-pos-graduacao","category-ultimas-noticias","tag-cursos-e-pos-graduacao","tag-pos-graduacao-gran-cursos"],"acf":[],"yoast_head":"<!-- This site is optimized with the Yoast SEO Premium plugin v27.2 (Yoast SEO v27.2) - https:\/\/yoast.com\/product\/yoast-seo-premium-wordpress\/ -->\n<title>Especializa\u00e7\u00e3o em gest\u00e3o de pessoas: veja!<\/title>\n<meta name=\"description\" content=\"Especializa\u00e7\u00e3o em gest\u00e3o de pessoas: vale a pena? Para que serve a especializa\u00e7\u00e3o em gest\u00e3o de pessoas? Saiba tudo!\" \/>\n<meta name=\"robots\" content=\"index, follow, max-snippet:-1, max-image-preview:large, max-video-preview:-1\" \/>\n<link rel=\"canonical\" href=\"https:\/\/faculdade.grancursosonline.com.br\/blog\/especializacao-em-gestao-de-pessoas\/\" \/>\n<meta property=\"og:locale\" content=\"pt_BR\" \/>\n<meta property=\"og:type\" content=\"article\" \/>\n<meta property=\"og:title\" content=\"Especializa\u00e7\u00e3o em gest\u00e3o de pessoas: veja!\" \/>\n<meta property=\"og:description\" content=\"Especializa\u00e7\u00e3o em gest\u00e3o de pessoas: vale a pena? Para que serve a especializa\u00e7\u00e3o em gest\u00e3o de pessoas? Saiba tudo!\" \/>\n<meta property=\"og:url\" content=\"https:\/\/faculdade.grancursosonline.com.br\/blog\/especializacao-em-gestao-de-pessoas\/\" \/>\n<meta property=\"og:site_name\" content=\"Blog Gran Faculdade\" \/>\n<meta property=\"article:publisher\" content=\"https:\/\/www.facebook.com\/grancursosonline\/\" \/>\n<meta property=\"article:published_time\" content=\"2024-06-26T18:29:27+00:00\" \/>\n<meta property=\"article:modified_time\" content=\"2024-06-26T18:29:36+00:00\" \/>\n<meta property=\"og:image\" content=\"https:\/\/blog-es-static.infra.grancursosonline.com.br\/wp-content\/uploads\/2024\/06\/26123243\/especializacao-em-gestao-de-pessoas.jpg\" \/>\n\t<meta property=\"og:image:width\" content=\"511\" \/>\n\t<meta property=\"og:image:height\" content=\"311\" \/>\n\t<meta property=\"og:image:type\" content=\"image\/jpeg\" \/>\n<meta name=\"author\" content=\"Equipe Gran\" \/>\n<meta name=\"twitter:card\" content=\"summary_large_image\" \/>\n<meta name=\"twitter:creator\" content=\"@gran_online\" \/>\n<meta name=\"twitter:site\" content=\"@gran_online\" \/>\n<meta name=\"twitter:label1\" content=\"Written by\" \/>\n\t<meta name=\"twitter:data1\" content=\"Equipe Gran\" \/>\n\t<meta name=\"twitter:label2\" content=\"Est. reading time\" \/>\n\t<meta name=\"twitter:data2\" content=\"8 minutos\" \/>\n<script type=\"application\/ld+json\" class=\"yoast-schema-graph\">{\"@context\":\"https:\/\/schema.org\",\"@graph\":[{\"@type\":\"NewsArticle\",\"@id\":\"https:\/\/faculdade.grancursosonline.com.br\/blog\/especializacao-em-gestao-de-pessoas\/#article\",\"isPartOf\":{\"@id\":\"https:\/\/faculdade.grancursosonline.com.br\/blog\/especializacao-em-gestao-de-pessoas\/\"},\"author\":{\"name\":\"Equipe Gran\",\"@id\":\"https:\/\/faculdade.grancursosonline.com.br\/blog\/#\/schema\/person\/c05f350f8ea43a7138aaffc6a87bc5e0\"},\"headline\":\"Especializa\u00e7\u00e3o em gest\u00e3o de pessoas: veja!\",\"datePublished\":\"2024-06-26T18:29:27+00:00\",\"dateModified\":\"2024-06-26T18:29:36+00:00\",\"mainEntityOfPage\":{\"@id\":\"https:\/\/faculdade.grancursosonline.com.br\/blog\/especializacao-em-gestao-de-pessoas\/\"},\"wordCount\":1162,\"commentCount\":0,\"publisher\":{\"@id\":\"https:\/\/faculdade.grancursosonline.com.br\/blog\/#organization\"},\"image\":{\"@id\":\"https:\/\/faculdade.grancursosonline.com.br\/blog\/especializacao-em-gestao-de-pessoas\/#primaryimage\"},\"thumbnailUrl\":\"https:\/\/blog-es-static.infra.grancursosonline.com.br\/wp-content\/uploads\/2024\/06\/26123243\/especializacao-em-gestao-de-pessoas.jpg\",\"keywords\":[\"Cursos e P\u00f3s-gradua\u00e7\u00e3o\",\"P\u00f3s-Gradua\u00e7\u00e3o Gran Cursos\"],\"articleSection\":[\"P\u00f3s-Gradua\u00e7\u00e3o Gran Faculdade\",\"\u00daltimas Not\u00edcias\"],\"inLanguage\":\"pt-BR\",\"potentialAction\":[{\"@type\":\"CommentAction\",\"name\":\"Comment\",\"target\":[\"https:\/\/faculdade.grancursosonline.com.br\/blog\/especializacao-em-gestao-de-pessoas\/#respond\"]}],\"copyrightYear\":\"2024\",\"copyrightHolder\":{\"@id\":\"https:\/\/faculdade.grancursosonline.com.br\/blog\/#organization\"}},{\"@type\":\"WebPage\",\"@id\":\"https:\/\/faculdade.grancursosonline.com.br\/blog\/especializacao-em-gestao-de-pessoas\/\",\"url\":\"https:\/\/faculdade.grancursosonline.com.br\/blog\/especializacao-em-gestao-de-pessoas\/\",\"name\":\"Especializa\u00e7\u00e3o em gest\u00e3o de pessoas: veja!\",\"isPartOf\":{\"@id\":\"https:\/\/faculdade.grancursosonline.com.br\/blog\/#website\"},\"primaryImageOfPage\":{\"@id\":\"https:\/\/faculdade.grancursosonline.com.br\/blog\/especializacao-em-gestao-de-pessoas\/#primaryimage\"},\"image\":{\"@id\":\"https:\/\/faculdade.grancursosonline.com.br\/blog\/especializacao-em-gestao-de-pessoas\/#primaryimage\"},\"thumbnailUrl\":\"https:\/\/blog-es-static.infra.grancursosonline.com.br\/wp-content\/uploads\/2024\/06\/26123243\/especializacao-em-gestao-de-pessoas.jpg\",\"datePublished\":\"2024-06-26T18:29:27+00:00\",\"dateModified\":\"2024-06-26T18:29:36+00:00\",\"description\":\"Especializa\u00e7\u00e3o em gest\u00e3o de pessoas: vale a pena? Para que serve a especializa\u00e7\u00e3o em gest\u00e3o de pessoas? Saiba tudo!\",\"breadcrumb\":{\"@id\":\"https:\/\/faculdade.grancursosonline.com.br\/blog\/especializacao-em-gestao-de-pessoas\/#breadcrumb\"},\"inLanguage\":\"pt-BR\",\"potentialAction\":[{\"@type\":\"ReadAction\",\"target\":[\"https:\/\/faculdade.grancursosonline.com.br\/blog\/especializacao-em-gestao-de-pessoas\/\"]}]},{\"@type\":\"ImageObject\",\"inLanguage\":\"pt-BR\",\"@id\":\"https:\/\/faculdade.grancursosonline.com.br\/blog\/especializacao-em-gestao-de-pessoas\/#primaryimage\",\"url\":\"https:\/\/blog-es-static.infra.grancursosonline.com.br\/wp-content\/uploads\/2024\/06\/26123243\/especializacao-em-gestao-de-pessoas.jpg\",\"contentUrl\":\"https:\/\/blog-es-static.infra.grancursosonline.com.br\/wp-content\/uploads\/2024\/06\/26123243\/especializacao-em-gestao-de-pessoas.jpg\",\"width\":511,\"height\":311,\"caption\":\"Especializa\u00e7\u00e3o em gest\u00e3o de pessoas\"},{\"@type\":\"BreadcrumbList\",\"@id\":\"https:\/\/faculdade.grancursosonline.com.br\/blog\/especializacao-em-gestao-de-pessoas\/#breadcrumb\",\"itemListElement\":[{\"@type\":\"ListItem\",\"position\":1,\"name\":\"In\u00edcio\",\"item\":\"https:\/\/faculdade.grancursosonline.com.br\/blog\/\"},{\"@type\":\"ListItem\",\"position\":2,\"name\":\"P\u00f3s-Gradua\u00e7\u00e3o Gran Faculdade\",\"item\":\"https:\/\/faculdade.grancursosonline.com.br\/blog\/pos-graduacao\/\"},{\"@type\":\"ListItem\",\"position\":3,\"name\":\"Especializa\u00e7\u00e3o em gest\u00e3o de pessoas: veja!\"}]},{\"@type\":\"WebSite\",\"@id\":\"https:\/\/faculdade.grancursosonline.com.br\/blog\/#website\",\"url\":\"https:\/\/faculdade.grancursosonline.com.br\/blog\/\",\"name\":\"Blog Gran Faculdade\",\"description\":\"Tudo sobre ensino superior, p\u00f3s-gradua\u00e7\u00e3o, enem e carreira.\",\"publisher\":{\"@id\":\"https:\/\/faculdade.grancursosonline.com.br\/blog\/#organization\"},\"potentialAction\":[{\"@type\":\"SearchAction\",\"target\":{\"@type\":\"EntryPoint\",\"urlTemplate\":\"https:\/\/faculdade.grancursosonline.com.br\/blog\/?s={search_term_string}\"},\"query-input\":{\"@type\":\"PropertyValueSpecification\",\"valueRequired\":true,\"valueName\":\"search_term_string\"}}],\"inLanguage\":\"pt-BR\"},{\"@type\":\"Organization\",\"@id\":\"https:\/\/faculdade.grancursosonline.com.br\/blog\/#organization\",\"name\":\"Gran Cursos Online\",\"url\":\"https:\/\/faculdade.grancursosonline.com.br\/blog\/\",\"logo\":{\"@type\":\"ImageObject\",\"inLanguage\":\"pt-BR\",\"@id\":\"https:\/\/faculdade.grancursosonline.com.br\/blog\/#\/schema\/logo\/image\/\",\"url\":\"https:\/\/blog-es-static.infra.grancursosonline.com.br\/wp-content\/uploads\/2019\/08\/03123934\/logo.png\",\"contentUrl\":\"https:\/\/blog-es-static.infra.grancursosonline.com.br\/wp-content\/uploads\/2019\/08\/03123934\/logo.png\",\"width\":300,\"height\":57,\"caption\":\"Gran Cursos Online\"},\"image\":{\"@id\":\"https:\/\/faculdade.grancursosonline.com.br\/blog\/#\/schema\/logo\/image\/\"},\"sameAs\":[\"https:\/\/www.facebook.com\/grancursosonline\/\",\"https:\/\/x.com\/gran_online\",\"https:\/\/www.instagram.com\/grancursosonline\/\",\"https:\/\/www.youtube.com\/user\/grancursostv\"]},{\"@type\":\"Person\",\"@id\":\"https:\/\/faculdade.grancursosonline.com.br\/blog\/#\/schema\/person\/c05f350f8ea43a7138aaffc6a87bc5e0\",\"name\":\"Equipe Gran\",\"sameAs\":[\"http:\/\/www.grancursosonline.com.br\"],\"url\":\"https:\/\/faculdade.grancursosonline.com.br\/blog\/author\/hugo-oliveira\/\"}]}<\/script>\n<!-- \/ Yoast SEO Premium plugin. -->","yoast_head_json":{"title":"Especializa\u00e7\u00e3o em gest\u00e3o de pessoas: veja!","description":"Especializa\u00e7\u00e3o em gest\u00e3o de pessoas: vale a pena? Para que serve a especializa\u00e7\u00e3o em gest\u00e3o de pessoas? Saiba tudo!","robots":{"index":"index","follow":"follow","max-snippet":"max-snippet:-1","max-image-preview":"max-image-preview:large","max-video-preview":"max-video-preview:-1"},"canonical":"https:\/\/faculdade.grancursosonline.com.br\/blog\/especializacao-em-gestao-de-pessoas\/","og_locale":"pt_BR","og_type":"article","og_title":"Especializa\u00e7\u00e3o em gest\u00e3o de pessoas: veja!","og_description":"Especializa\u00e7\u00e3o em gest\u00e3o de pessoas: vale a pena? Para que serve a especializa\u00e7\u00e3o em gest\u00e3o de pessoas? Saiba tudo!","og_url":"https:\/\/faculdade.grancursosonline.com.br\/blog\/especializacao-em-gestao-de-pessoas\/","og_site_name":"Blog Gran Faculdade","article_publisher":"https:\/\/www.facebook.com\/grancursosonline\/","article_published_time":"2024-06-26T18:29:27+00:00","article_modified_time":"2024-06-26T18:29:36+00:00","og_image":[{"width":511,"height":311,"url":"https:\/\/blog-es-static.infra.grancursosonline.com.br\/wp-content\/uploads\/2024\/06\/26123243\/especializacao-em-gestao-de-pessoas.jpg","type":"image\/jpeg"}],"author":"Equipe Gran","twitter_card":"summary_large_image","twitter_creator":"@gran_online","twitter_site":"@gran_online","twitter_misc":{"Written by":"Equipe Gran","Est. reading time":"8 minutos"},"schema":{"@context":"https:\/\/schema.org","@graph":[{"@type":"NewsArticle","@id":"https:\/\/faculdade.grancursosonline.com.br\/blog\/especializacao-em-gestao-de-pessoas\/#article","isPartOf":{"@id":"https:\/\/faculdade.grancursosonline.com.br\/blog\/especializacao-em-gestao-de-pessoas\/"},"author":{"name":"Equipe Gran","@id":"https:\/\/faculdade.grancursosonline.com.br\/blog\/#\/schema\/person\/c05f350f8ea43a7138aaffc6a87bc5e0"},"headline":"Especializa\u00e7\u00e3o em gest\u00e3o de pessoas: veja!","datePublished":"2024-06-26T18:29:27+00:00","dateModified":"2024-06-26T18:29:36+00:00","mainEntityOfPage":{"@id":"https:\/\/faculdade.grancursosonline.com.br\/blog\/especializacao-em-gestao-de-pessoas\/"},"wordCount":1162,"commentCount":0,"publisher":{"@id":"https:\/\/faculdade.grancursosonline.com.br\/blog\/#organization"},"image":{"@id":"https:\/\/faculdade.grancursosonline.com.br\/blog\/especializacao-em-gestao-de-pessoas\/#primaryimage"},"thumbnailUrl":"https:\/\/blog-es-static.infra.grancursosonline.com.br\/wp-content\/uploads\/2024\/06\/26123243\/especializacao-em-gestao-de-pessoas.jpg","keywords":["Cursos e P\u00f3s-gradua\u00e7\u00e3o","P\u00f3s-Gradua\u00e7\u00e3o Gran Cursos"],"articleSection":["P\u00f3s-Gradua\u00e7\u00e3o Gran Faculdade","\u00daltimas Not\u00edcias"],"inLanguage":"pt-BR","potentialAction":[{"@type":"CommentAction","name":"Comment","target":["https:\/\/faculdade.grancursosonline.com.br\/blog\/especializacao-em-gestao-de-pessoas\/#respond"]}],"copyrightYear":"2024","copyrightHolder":{"@id":"https:\/\/faculdade.grancursosonline.com.br\/blog\/#organization"}},{"@type":"WebPage","@id":"https:\/\/faculdade.grancursosonline.com.br\/blog\/especializacao-em-gestao-de-pessoas\/","url":"https:\/\/faculdade.grancursosonline.com.br\/blog\/especializacao-em-gestao-de-pessoas\/","name":"Especializa\u00e7\u00e3o em gest\u00e3o de pessoas: veja!","isPartOf":{"@id":"https:\/\/faculdade.grancursosonline.com.br\/blog\/#website"},"primaryImageOfPage":{"@id":"https:\/\/faculdade.grancursosonline.com.br\/blog\/especializacao-em-gestao-de-pessoas\/#primaryimage"},"image":{"@id":"https:\/\/faculdade.grancursosonline.com.br\/blog\/especializacao-em-gestao-de-pessoas\/#primaryimage"},"thumbnailUrl":"https:\/\/blog-es-static.infra.grancursosonline.com.br\/wp-content\/uploads\/2024\/06\/26123243\/especializacao-em-gestao-de-pessoas.jpg","datePublished":"2024-06-26T18:29:27+00:00","dateModified":"2024-06-26T18:29:36+00:00","description":"Especializa\u00e7\u00e3o em gest\u00e3o de pessoas: vale a pena? Para que serve a especializa\u00e7\u00e3o em gest\u00e3o de pessoas? Saiba tudo!","breadcrumb":{"@id":"https:\/\/faculdade.grancursosonline.com.br\/blog\/especializacao-em-gestao-de-pessoas\/#breadcrumb"},"inLanguage":"pt-BR","potentialAction":[{"@type":"ReadAction","target":["https:\/\/faculdade.grancursosonline.com.br\/blog\/especializacao-em-gestao-de-pessoas\/"]}]},{"@type":"ImageObject","inLanguage":"pt-BR","@id":"https:\/\/faculdade.grancursosonline.com.br\/blog\/especializacao-em-gestao-de-pessoas\/#primaryimage","url":"https:\/\/blog-es-static.infra.grancursosonline.com.br\/wp-content\/uploads\/2024\/06\/26123243\/especializacao-em-gestao-de-pessoas.jpg","contentUrl":"https:\/\/blog-es-static.infra.grancursosonline.com.br\/wp-content\/uploads\/2024\/06\/26123243\/especializacao-em-gestao-de-pessoas.jpg","width":511,"height":311,"caption":"Especializa\u00e7\u00e3o em gest\u00e3o de pessoas"},{"@type":"BreadcrumbList","@id":"https:\/\/faculdade.grancursosonline.com.br\/blog\/especializacao-em-gestao-de-pessoas\/#breadcrumb","itemListElement":[{"@type":"ListItem","position":1,"name":"In\u00edcio","item":"https:\/\/faculdade.grancursosonline.com.br\/blog\/"},{"@type":"ListItem","position":2,"name":"P\u00f3s-Gradua\u00e7\u00e3o Gran Faculdade","item":"https:\/\/faculdade.grancursosonline.com.br\/blog\/pos-graduacao\/"},{"@type":"ListItem","position":3,"name":"Especializa\u00e7\u00e3o em gest\u00e3o de pessoas: veja!"}]},{"@type":"WebSite","@id":"https:\/\/faculdade.grancursosonline.com.br\/blog\/#website","url":"https:\/\/faculdade.grancursosonline.com.br\/blog\/","name":"Blog Gran Faculdade","description":"Tudo sobre ensino superior, p\u00f3s-gradua\u00e7\u00e3o, enem e carreira.","publisher":{"@id":"https:\/\/faculdade.grancursosonline.com.br\/blog\/#organization"},"potentialAction":[{"@type":"SearchAction","target":{"@type":"EntryPoint","urlTemplate":"https:\/\/faculdade.grancursosonline.com.br\/blog\/?s={search_term_string}"},"query-input":{"@type":"PropertyValueSpecification","valueRequired":true,"valueName":"search_term_string"}}],"inLanguage":"pt-BR"},{"@type":"Organization","@id":"https:\/\/faculdade.grancursosonline.com.br\/blog\/#organization","name":"Gran Cursos Online","url":"https:\/\/faculdade.grancursosonline.com.br\/blog\/","logo":{"@type":"ImageObject","inLanguage":"pt-BR","@id":"https:\/\/faculdade.grancursosonline.com.br\/blog\/#\/schema\/logo\/image\/","url":"https:\/\/blog-es-static.infra.grancursosonline.com.br\/wp-content\/uploads\/2019\/08\/03123934\/logo.png","contentUrl":"https:\/\/blog-es-static.infra.grancursosonline.com.br\/wp-content\/uploads\/2019\/08\/03123934\/logo.png","width":300,"height":57,"caption":"Gran Cursos Online"},"image":{"@id":"https:\/\/faculdade.grancursosonline.com.br\/blog\/#\/schema\/logo\/image\/"},"sameAs":["https:\/\/www.facebook.com\/grancursosonline\/","https:\/\/x.com\/gran_online","https:\/\/www.instagram.com\/grancursosonline\/","https:\/\/www.youtube.com\/user\/grancursostv"]},{"@type":"Person","@id":"https:\/\/faculdade.grancursosonline.com.br\/blog\/#\/schema\/person\/c05f350f8ea43a7138aaffc6a87bc5e0","name":"Equipe Gran","sameAs":["http:\/\/www.grancursosonline.com.br"],"url":"https:\/\/faculdade.grancursosonline.com.br\/blog\/author\/hugo-oliveira\/"}]}},"_links":{"self":[{"href":"https:\/\/faculdade.grancursosonline.com.br\/blog\/wp-json\/wp\/v2\/posts\/79739002","targetHints":{"allow":["GET"]}}],"collection":[{"href":"https:\/\/faculdade.grancursosonline.com.br\/blog\/wp-json\/wp\/v2\/posts"}],"about":[{"href":"https:\/\/faculdade.grancursosonline.com.br\/blog\/wp-json\/wp\/v2\/types\/post"}],"author":[{"embeddable":true,"href":"https:\/\/faculdade.grancursosonline.com.br\/blog\/wp-json\/wp\/v2\/users\/486"}],"replies":[{"embeddable":true,"href":"https:\/\/faculdade.grancursosonline.com.br\/blog\/wp-json\/wp\/v2\/comments?post=79739002"}],"version-history":[{"count":4,"href":"https:\/\/faculdade.grancursosonline.com.br\/blog\/wp-json\/wp\/v2\/posts\/79739002\/revisions"}],"predecessor-version":[{"id":79742713,"href":"https:\/\/faculdade.grancursosonline.com.br\/blog\/wp-json\/wp\/v2\/posts\/79739002\/revisions\/79742713"}],"wp:featuredmedia":[{"embeddable":true,"href":"https:\/\/faculdade.grancursosonline.com.br\/blog\/wp-json\/wp\/v2\/media\/79739004"}],"wp:attachment":[{"href":"https:\/\/faculdade.grancursosonline.com.br\/blog\/wp-json\/wp\/v2\/media?parent=79739002"}],"wp:term":[{"taxonomy":"category","embeddable":true,"href":"https:\/\/faculdade.grancursosonline.com.br\/blog\/wp-json\/wp\/v2\/categories?post=79739002"},{"taxonomy":"post_tag","embeddable":true,"href":"https:\/\/faculdade.grancursosonline.com.br\/blog\/wp-json\/wp\/v2\/tags?post=79739002"}],"curies":[{"name":"wp","href":"https:\/\/api.w.org\/{rel}","templated":true}]}}