{"id":79747220,"date":"2024-07-29T17:53:31","date_gmt":"2024-07-29T20:53:31","guid":{"rendered":"https:\/\/blog.grancursosonline.com.br\/?p=79747220"},"modified":"2024-07-30T16:05:58","modified_gmt":"2024-07-30T19:05:58","slug":"gestao-de-pessoas","status":"publish","type":"post","link":"https:\/\/faculdade.grancursosonline.com.br\/blog\/gestao-de-pessoas\/","title":{"rendered":"Gest\u00e3o de Pessoas: o que \u00e9 e como fazer? Veja!"},"content":{"rendered":"\n<p>A Gest\u00e3o de Pessoas \u00e9 um campo de estudo e de carreira que busca atuar sobre aspectos que envolvam o cuidado, a organiza\u00e7\u00e3o e o gerenciamento dos colaboradores de uma institui\u00e7\u00e3o. Ou seja, tudo que est\u00e1 relacionado ao cuidado com os funcion\u00e1rios e pessoas que estejam relacionadas as atividades de uma organiza\u00e7\u00e3o passam e envolvem profissionais da \u00e1rea.<\/p>\n\n\n\n<p>O foco da Gest\u00e3o de Pessoas \u00e9 garantir que o cadastro, benef\u00edcios, condi\u00e7\u00f5es de trabalho, motiva\u00e7\u00e3o e tudo que garante o bom andamento dos processos e projetos corra bem no que envolve recursos humanos. Isso significa muita organiza\u00e7\u00e3o, planejamento e transpar\u00eancia.<\/p>\n\n\n\n<div class=\"wp-block-columns is-layout-flex wp-container-core-columns-is-layout-9d6595d7 wp-block-columns-is-layout-flex\">\n<div class=\"wp-block-column is-layout-flow wp-block-column-is-layout-flow\" style=\"flex-basis:100%\"><div class=\"wp-block-image\">\n<figure class=\"aligncenter size-full\"><a href=\"https:\/\/whatsapp.com\/channel\/0029VaG1sChI7Be7PNndhL43\" target=\"_blank\" rel=\"noopener\"><img decoding=\"async\" src=\"https:\/\/blog-es-static.infra.grancursosonline.com.br\/wp-content\/uploads\/2025\/09\/09112354\/banner-wp-600x142-80.webp\" alt=\"Acesse o canal do WhatsApp da Gran Faculdade\" class=\"wp-image-79751904\"\/><\/a><\/figure>\n<\/div><\/div>\n<\/div>\n\n\n\n<p>Acompanhe o artigo para saber mais ou navegue pelo \u00edndice:<\/p>\n\n\n\n<ul class=\"wp-block-list\">\n<li><a href=\"#o-que-e\">O que \u00e9 gest\u00e3o de pessoas?<\/a><\/li>\n\n\n\n<li><a href=\"#objetivo\">Qual o objetivo da gest\u00e3o de pessoas?<\/a><\/li>\n\n\n\n<li><a href=\"#o-que-faz\">O que faz gest\u00e3o de pessoas?<\/a><\/li>\n\n\n\n<li><a href=\"#onde-atua\">Onde atua um profissional de gest\u00e3o de pessoas?<\/a><\/li>\n\n\n\n<li><a href=\"#como-fazer\">Como fazer gest\u00e3o de pessoas?<\/a><\/li>\n\n\n\n<li><a href=\"#desafios\">Quais s\u00e3o os principais desafios da gest\u00e3o de pessoas?<\/a><\/li>\n\n\n\n<li><a href=\"#tendencias\">Quais s\u00e3o as tend\u00eancias atuais em gest\u00e3o de pessoas?<\/a><\/li>\n\n\n\n<li><a href=\"#importancia\">Qual a import\u00e2ncia da gest\u00e3o de pessoas?<\/a><\/li>\n\n\n\n<li><a href=\"#curso\">Curso de gest\u00e3o de pessoas<\/a><\/li>\n<\/ul>\n\n\n\n<figure class=\"wp-block-table\"><div class=\"container-tabela\"><table><tbody><tr><td><strong>Destaques:<\/strong> <ul><br><li><a href=\"https:\/\/blog.grancursosonline.com.br\/pos-graduacao-em-gestao\/\" target=\"_blank\" rel=\"noopener\">Vantagens de fazer uma P\u00f3s-Gradua\u00e7\u00e3o em Gest\u00e3o. Saiba mais!<\/a><\/li><br><li><a href=\"https:\/\/blog.grancursosonline.com.br\/gran-cursos-pos-graduacao-por-que-fazer-com-o-gran\/\" target=\"_blank\" rel=\"noopener\">Gran Cursos P\u00f3s-Gradua\u00e7\u00e3o: por que fazer p\u00f3s com o Gran?<\/a><\/li><br><li><a href=\"https:\/\/blog.grancursosonline.com.br\/pos-graduacao-novos-cursos-gran-pos\/\" target=\"_blank\" rel=\"noopener\">P\u00f3s-Gradua\u00e7\u00e3o: conhe\u00e7a os 10 novos cursos da Gran P\u00f3s!<\/a><\/li><br><\/ul><\/td><\/tr><\/tbody><\/table><\/div><\/figure>\n\n\n\n<h2 class=\"wp-block-heading\" id=\"h-participe-de-uma-imersao-exclusiva-com-especialistas-em-ia-e-transforme-sua-carreira\">Participe de uma imers\u00e3o exclusiva com especialistas em IA e transforme sua carreira<\/h2>\n\n\n<div class=\"wp-block-image\">\n<figure class=\"aligncenter size-large is-resized\"><a href=\"https:\/\/lp.grancursosonline.com.br\/imersao-em-ia\/?utm_source=Wordpress&amp;utm_medium=sidebar&amp;utm_campaign=Capta%C3%A7%C3%A3o+Imers%C3%A3o+em+IA+-+Abril%2F2026+-+Blog+Ensino+Superior+-+Conte%C3%BAdo+e+SEO&amp;utm_id=Capta%C3%A7%C3%A3o+Imers%C3%A3o+em+IA+-+Abril%2F2026+-+Blog+Ensino+Superior+-+Conte%C3%BAdo+e+SEO\" target=\"_blank\" rel=\" noreferrer noopener\"><img loading=\"lazy\" decoding=\"async\" width=\"1024\" height=\"576\" src=\"https:\/\/blog-es-static.infra.grancursosonline.com.br\/wp-content\/uploads\/2026\/03\/31105919\/imersao_em_ia-1024x576.webp\" alt=\"\" class=\"wp-image-79763836\" style=\"width:488px;height:auto\"\/><\/a><\/figure>\n<\/div>\n\n\n<p><strong>Se voc\u00ea quer sair do b\u00e1sico e entender, na pr\u00e1tica, como a Intelig\u00eancia Artificial (IA) est\u00e1 moldando o mercado, esta \u00e9 a sua oportunidade.<\/strong> <\/p>\n\n\n\n<p>A Imers\u00e3o em IA re\u00fane especialistas renomados do mercado, incluindo profissionais com experi\u00eancia em grandes empresas de tecnologia como Google e Amazon, que v\u00e3o compartilhar<strong> insights estrat\u00e9gicos e aplica\u00e7\u00f5es reais<\/strong> para acelerar sua evolu\u00e7\u00e3o profissional.<\/p>\n\n\n\n<p>O evento acontecer\u00e1 em <strong>tr\u00eas encontros ao vivo, a partir do dia 13 de abril, sempre \u00e0s 20h<\/strong> (hor\u00e1rio de Bras\u00edlia), com uma programa\u00e7\u00e3o estruturada para levar voc\u00ea do entendimento dos conceitos at\u00e9 a aplica\u00e7\u00e3o pr\u00e1tica de agentes de IA.<\/p>\n\n\n\n<p>Clique no link abaixo e garanta sua participa\u00e7\u00e3o nesta experi\u00eancia <strong>gratuita, ao vivo e com potencial real de impacto na sua carreira<\/strong>.<\/p>\n\n\n\n<p class=\"has-text-align-center\"><strong><a href=\"https:\/\/lp.grancursosonline.com.br\/imersao-em-ia\/?utm_source=Wordpress&amp;utm_medium=sidebar&amp;utm_campaign=Capta%C3%A7%C3%A3o+Imers%C3%A3o+em+IA+-+Abril%2F2026+-+Blog+Ensino+Superior+-+Conte%C3%BAdo+e+SEO&amp;utm_id=Capta%C3%A7%C3%A3o+Imers%C3%A3o+em+IA+-+Abril%2F2026+-+Blog+Ensino+Superior+-+Conte%C3%BAdo+e+SEO\" target=\"_blank\" rel=\"noreferrer noopener\">Quero participar da Imers\u00e3o para aprender mais sobre IA<\/a><\/strong><\/p>\n\n\n\n<h2 class=\"wp-block-heading\" id=\"o-que-e\">O que \u00e9 gest\u00e3o de pessoas?<\/h2>\n\n\n\n<p>A gest\u00e3o de pessoas envolve a aplica\u00e7\u00e3o de uma variedade de t\u00e9cnicas de recursos humanos e administra\u00e7\u00e3o com o objetivo de criar um ambiente de trabalho justo e produtivo para colaboradores e organiza\u00e7\u00f5es.<\/p>\n\n\n\n<p>Essa abordagem considera as expectativas dos funcion\u00e1rios em rela\u00e7\u00e3o aos objetivos da institui\u00e7\u00e3o. Todo o trabaho desenvolvido vai al\u00e9m de oferecer lanches e videogames na sala de descanso; mas sim envolve a escuta ativa dos colaboradores e o seu reconhecimento como indiv\u00edduos com pontos fortes e fracos.<\/p>\n\n\n\n<p>Com essa perspectiva, os profissionais de gest\u00e3o de pessoas podem implementar medidas de desenvolvimento mais eficazes, adaptadas \u00e0s necessidades espec\u00edficas de cada grupo de colaboradores. O resultado \u00e9 um aumento significativo na produtividade e motiva\u00e7\u00e3o.<\/p>\n\n\n\n<h3 class=\"wp-block-heading\" id=\"h-como-surgiu-a-gestao-de-pessoas\">Como surgiu a gest\u00e3o de pessoas?<\/h3>\n\n\n\n<p>A Gest\u00e3o de Pessoas surgiu principalmente a partir da Revolu\u00e7\u00e3o Industrial. Com o grande crescimento de organiza\u00e7oes sindicais e reivindica\u00e7ao de direitos trabalhistas, a necessidade de profissionais que buscassem negociar, implementar e monitorar essas atividades s\u00f3 aumentou e veio se desenvolvendo a forma como vivemos hoje.<\/p>\n\n\n\n<h3 class=\"wp-block-heading\" id=\"h-qual-a-diferenca-entre-gestao-de-pessoas-e-recursos-humanos\">Qual a diferen\u00e7a entre gest\u00e3o de pessoas e recursos humanos?<\/h3>\n\n\n\n<p>A diferen\u00e7a entre gest\u00e3o de pessoas e recursos humanos \u00e9 muito sutil. A Gest\u00e3o de Pessoas, uma \u00e1rea que engloba de forma ampla os cuidados com colaboradores de uma organiza\u00e7\u00e3o, pode ser considerada uma evolu\u00e7\u00e3o dos Recursos Humanos, que hoje consiste no que se refere as pessoas de um time em si.<\/p>\n\n\n\n<h2 class=\"wp-block-heading\" id=\"objetivo\">Qual o objetivo da gest\u00e3o de pessoas?<\/h2>\n\n\n\n<p>A \u00e1rea de Gest\u00e3o de Pessoas busca gerenciar rela\u00e7\u00f5es interpessoais e profissionais em um contexto institucional. O objetivo \u00e9 administrar o ambiente de trabalho, frequentemente marcado por conflitos decorrentes da diversidade social e cultural.<\/p>\n\n\n\n<p>Al\u00e9m disso, a \u00e1rea busca gerenciar crises e quest\u00f5es espec\u00edficas, assegurando a continuidade das opera\u00e7\u00f5es e atividades. Isso inclui lideran\u00e7a, administra\u00e7\u00e3o de conflitos, conhecimento da legisla\u00e7\u00e3o trabalhista, compreens\u00e3o do clima e cultura organizacional, e gest\u00e3o de remunera\u00e7\u00e3o, entre outros t\u00f3picos.<\/p>\n\n\n\n<h2 class=\"wp-block-heading\" id=\"o-que-faz\">O que faz gest\u00e3o de pessoas?<\/h2>\n\n\n\n<p>A gest\u00e3o de pessoas \u00e9 respons\u00e1vel por:<\/p>\n\n\n\n<ul class=\"wp-block-list\">\n<li>Cuida de remunera\u00e7\u00e3o e benef\u00edcios;<\/li>\n\n\n\n<li>Respons\u00e1vel pela sele\u00e7\u00e3o, atra\u00e7\u00e3o e reten\u00e7\u00e3o de talentos;<\/li>\n\n\n\n<li>Admite e desliga funcion\u00e1rios;<\/li>\n\n\n\n<li>Promove a\u00e7\u00f5es de desenvolvimento profissional;<\/li>\n\n\n\n<li>Gere aspectos cadastrais e registros de pessoas;<\/li>\n\n\n\n<li>Aten\u00e7\u00e3o a normas reguladoras e legisla\u00e7\u00e3o trabalhista, entre outras.<\/li>\n<\/ul>\n\n\n\n<h2 class=\"wp-block-heading\" id=\"onde-atua\">Onde atua um profissional de gest\u00e3o de pessoas?<\/h2>\n\n\n\n<p>Um profissional de gest\u00e3o de pessoas pode atuar em qualquer tipo de organiza\u00e7\u00e3o ou institui\u00e7\u00e3o que envolva equipes de funcion\u00e1rios. Sua atua\u00e7\u00e3o envolve desde atividades espec\u00edficas at\u00e9 quest\u00f5es mais amplas e generalistas da \u00e1rea. Tudo depende da necessidade e preocupa\u00e7\u00e3o da empresa em cuidar dos seus colaboradores para al\u00e9m de aspectos apenas t\u00e9cnicos ou operacionais.<\/p>\n\n\n\n<h2 class=\"wp-block-heading\" id=\"como-fazer\">Como fazer gest\u00e3o de pessoas?<\/h2>\n\n\n\n<p>Veja alguns detalhes sobre como acontece o trabalho nessa \u00e1rea:<\/p>\n\n\n\n<h3 class=\"wp-block-heading\" id=\"h-pilares-da-gestao-de-pessoas\">Pilares da gest\u00e3o de pessoas<\/h3>\n\n\n\n<p>Os pilares da \u00e1rea s\u00e3o:<\/p>\n\n\n\n<ol class=\"wp-block-list\">\n<li>Motiva\u00e7\u00e3o;<\/li>\n\n\n\n<li>Treinamento e Desenvolvimento;<\/li>\n\n\n\n<li>Comunica\u00e7\u00e3o;<\/li>\n\n\n\n<li>Trabalho em Equipe;<\/li>\n\n\n\n<li>Conhecimentos e Compet\u00eancias<\/li>\n<\/ol>\n\n\n\n<h3 class=\"wp-block-heading\" id=\"h-como-melhorar-a-gestao-de-pessoas\">Como melhorar a gest\u00e3o de pessoas?<\/h3>\n\n\n\n<p>Algumas formas de melhorar as pr\u00e1ticas de recursos humanos s\u00e3o:<\/p>\n\n\n\n<ul class=\"wp-block-list\">\n<li>Promo\u00e7\u00e3o de treinamentos e capacita\u00e7\u00f5es;<\/li>\n\n\n\n<li>Realiza\u00e7\u00e3o de confraterniza\u00e7\u00f5es;<\/li>\n\n\n\n<li>Incentivos para estudo e desenvolvimento;<\/li>\n\n\n\n<li>Valoriza\u00e7\u00e3o e acolhimento de demandas pessoais;<\/li>\n\n\n\n<li>Proporcionar bons equipamentos de trabalho;<\/li>\n\n\n\n<li>Promover atividades de acolhimento, diversidade e inclus\u00e3o, entre outras pr\u00e1ticas.<\/li>\n<\/ul>\n\n\n\n<h3 class=\"wp-block-heading\" id=\"h-quais-sao-os-principais-indicadores-de-gestao-de-pessoas\">Quais s\u00e3o os principais indicadores de gest\u00e3o de pessoas?<\/h3>\n\n\n\n<p>Alguns indicadores de gest\u00e3o de recursos humanos s\u00e3o:<\/p>\n\n\n\n<ul class=\"wp-block-list\">\n<li>\u00cdndice de Felicidade no Trabalho;<\/li>\n\n\n\n<li>Pesquisas de clima;<\/li>\n\n\n\n<li>Feedbacks entre colaboradores;<\/li>\n\n\n\n<li>Clima e cultura organizacional;<\/li>\n\n\n\n<li>N\u00famero e tipos de casos em canais de comunica\u00e7\u00e3o interno, entre outros.<\/li>\n<\/ul>\n\n\n\n<h2 class=\"wp-block-heading\" id=\"desafios\">Quais s\u00e3o os principais desafios da gest\u00e3o de pessoas?<\/h2>\n\n\n\n<p>Os principais desafios do campo de gest\u00e3o e cuidado com os colaboradores s\u00e3o:<\/p>\n\n\n\n<ul class=\"wp-block-list\">\n<li>Equipes que resistem a novas rotinas e m\u00e9todos de trabalho;<\/li>\n\n\n\n<li>Falta de clareza na comunica\u00e7\u00e3o;<\/li>\n\n\n\n<li>Recursos insuficientes ou mal utilizados;<\/li>\n\n\n\n<li>Atrair, desenvolver e reter bons talentos;<\/li>\n\n\n\n<li>Gerir riscos e administrar conflitos;<\/li>\n\n\n\n<li>Motiva\u00e7\u00e3o e engajamento dos colaboradores;<\/li>\n\n\n\n<li>Diferenciais, benef\u00edcios e remunera\u00e7\u00f5es atrativos, entre outros.<\/li>\n<\/ul>\n\n\n\n<h2 class=\"wp-block-heading\" id=\"tendencias\">Quais s\u00e3o as tend\u00eancias atuais em gest\u00e3o de pessoas?<\/h2>\n\n\n\n<p>Algumas tend\u00eancias da \u00e1rea s\u00e3o:<\/p>\n\n\n\n<ul class=\"wp-block-list\">\n<li>Fortalecer o engajamento do time;<\/li>\n\n\n\n<li>Melhora das habilidades de lideran\u00e7a;<\/li>\n\n\n\n<li>Melhora do clima e cultura organizacional;<\/li>\n\n\n\n<li>Incentivo ao desenvolvimento profissional;<\/li>\n\n\n\n<li>Melhor gest\u00e3o de recursos financeiros, materiais e humanos;<\/li>\n\n\n\n<li>Atra\u00e7\u00e3o e reten\u00e7\u00e3o de talentos, entre outros.<\/li>\n<\/ul>\n\n\n\n<h2 class=\"wp-block-heading\" id=\"importancia\">Qual a import\u00e2ncia da gest\u00e3o de pessoas?<\/h2>\n\n\n\n<p>A gest\u00e3o de pessoas \u00e9 essencial para criar um ambiente de trabalho mais saud\u00e1vel. Esse setor desempenha um papel vital ao implementar pr\u00e1ticas que promovem uma conviv\u00eancia positiva entre colaboradores, l\u00edderes e a empresa. <\/p>\n\n\n\n<p>Por isso, a \u00e1rea \u00e9 muito importante para garantir aspectos como:<\/p>\n\n\n\n<ul class=\"wp-block-list\">\n<li>Um ambiente de trabalho mais feliz para os funcion\u00e1rios;<\/li>\n\n\n\n<li>Aumento da produtividade e, consequentemente, dos lucros;<\/li>\n\n\n\n<li>Melhoria nas rela\u00e7\u00f5es interpessoais entre colegas de trabalho;<\/li>\n\n\n\n<li>Manuten\u00e7\u00e3o da sa\u00fade mental dos colaboradores;<\/li>\n\n\n\n<li>Cria\u00e7\u00e3o de um ambiente inovador que estimula a criatividade;<\/li>\n\n\n\n<li>Desenvolvimento de profissionais mais capacitados e proativos, entre muitos outros!<\/li>\n<\/ul>\n\n\n\n<h2 class=\"wp-block-heading\" id=\"curso\">Curso de gest\u00e3o de pessoas<\/h2>\n\n\n\n<p>Saiba todos os detalhes sobre os cursos de Gest\u00e3o de Pessoas do Gran:<\/p>\n\n\n\n<h3 class=\"wp-block-heading\" id=\"h-o-que-estuda-gestao-de-pessoas\">O que estuda gest\u00e3o de pessoas?<\/h3>\n\n\n\n<p>Confira alguns temas abordados em cursos de gest\u00e3o de pessoas:<\/p>\n\n\n\n<ul class=\"wp-block-list\">\n<li>Administra\u00e7\u00e3o Geral<\/li>\n\n\n\n<li>Gest\u00e3o P\u00fablica<\/li>\n\n\n\n<li>Gest\u00e3o de Processos<\/li>\n\n\n\n<li>Gest\u00e3o de Projetos<\/li>\n\n\n\n<li>Gest\u00e3o Estrat\u00e9gica nas Organiza\u00e7\u00f5es<\/li>\n\n\n\n<li>Gest\u00e3o da Informa\u00e7\u00e3o<\/li>\n\n\n\n<li>People Analytics: Transformando a Gest\u00e3o de Pessoas<\/li>\n\n\n\n<li>Lideran\u00e7a<\/li>\n\n\n\n<li>Gest\u00e3o por Compet\u00eancias<\/li>\n\n\n\n<li>Gest\u00e3o do Desempenho<\/li>\n\n\n\n<li>Cultura, Clima Organizacional e Gest\u00e3o de Mudan\u00e7as<\/li>\n\n\n\n<li>Gest\u00e3o de Conflitos<\/li>\n\n\n\n<li>Governan\u00e7a, Risco e Compliance<\/li>\n<\/ul>\n\n\n\n<h3 class=\"wp-block-heading\" id=\"h-quanto-ganha-uma-pessoa-formada-em-gestao-de-recursos-humanos\">Quanto ganha uma pessoa formada em gest\u00e3o de recursos humanos?<\/h3>\n\n\n\n<p>O sal\u00e1rio m\u00e9dio de um profissional da Gest\u00e3o de Pessoas varia entre R$3 mil e mais de R$10 mil reais. Tudo depende da sua experi\u00eancia na \u00e1rea e do seu desenvolvimento profissional.<\/p>\n\n\n\n<h3 class=\"wp-block-heading\" id=\"h-quanto-tempo-dura-o-curso-de-gestao-de-pessoas\">Quanto tempo dura o curso de gest\u00e3o de pessoas?<\/h3>\n\n\n\n<p>Os cursos de especializa\u00e7\u00e3o em Gest\u00e3o de Pessoas do Gran duram entre 6 e 18 meses. J\u00e1 os cursos de gradua\u00e7\u00e3o na \u00e1rea podem variar entre 2 e 4 anos, dependendo da institui\u00e7\u00e3o.<\/p>\n\n\n\n<h3 class=\"wp-block-heading\" id=\"h-quem-pode-fazer-pos-graduacao-em-gestao-de-pessoas\">Quem pode fazer p\u00f3s-gradua\u00e7\u00e3o em gest\u00e3o de pessoas?<\/h3>\n\n\n\n<p>Para fazer um curso de p\u00f3s-gradua\u00e7\u00e3o em Gest\u00e3o de Pessoas \u00e9 preciso ser graduado em algum curso de n\u00edvel superior bacharelado, licenciatura ou tecn\u00f3logo.<\/p>\n\n\n\n<h3 class=\"wp-block-heading\" id=\"h-pos-graduacao-em-gestao-de-pessoas\">P\u00f3s-gradua\u00e7\u00e3o em gest\u00e3o de pessoas<\/h3>\n\n\n\n<p>Aqui na Gran Faculdade voc\u00ea encotnra diversos cursos de especializa\u00e7\u00e3o em Gest\u00e3o para se aperfei\u00e7oar profissionalmente. <\/p>\n\n\n\n<p>S\u00e3o op\u00e7\u00f5es 100% digitais, com professores experts no mercado e com mensalidades que cabem no seu bolso. Isso tudo sem falar nas diversas ferramentar para otimizar e potencializar seus estudos. Veja:<\/p>\n\n\n\n<ol class=\"wp-block-list\">\n<li><a href=\"https:\/\/pos.grancursosonline.com.br\/curso\/gestao-estrategica\" target=\"_blank\" rel=\"noreferrer noopener\">P\u00f3s-Gradua\u00e7\u00e3o em Gest\u00e3o Estrat\u00e9gica<\/a><\/li>\n\n\n\n<li><a href=\"https:\/\/pos.grancursosonline.com.br\/curso\/gestao-por-processos-e-projetos\" target=\"_blank\" rel=\"noreferrer noopener\">P\u00f3s-Gradua\u00e7\u00e3o em Gest\u00e3o por Processos e Projetos<\/a><\/li>\n\n\n\n<li><a href=\"https:\/\/pos.grancursosonline.com.br\/curso\/gestao-publica\" target=\"_blank\" rel=\"noreferrer noopener\">P\u00f3s-Gradua\u00e7\u00e3o em Gest\u00e3o P\u00fablica<\/a><\/li>\n\n\n\n<li><a href=\"https:\/\/pos.grancursosonline.com.br\/curso\/pos-graduacao-em-gestao-estrategica-em-saude-lato-sensu\" target=\"_blank\" rel=\"noreferrer noopener\">P\u00f3s-Gradua\u00e7\u00e3o em Gest\u00e3o Estrat\u00e9gica em Sa\u00fade<\/a><\/li>\n\n\n\n<li><a href=\"https:\/\/pos.grancursosonline.com.br\/curso\/gestao-escolar\" target=\"_blank\" rel=\"noreferrer noopener\">P\u00f3s-Gradua\u00e7\u00e3o em Gest\u00e3o Escolar<\/a><\/li>\n\n\n\n<li><a href=\"https:\/\/pos.grancursosonline.com.br\/curso\/gestao-bancaria\" target=\"_blank\" rel=\"noreferrer noopener\">P\u00f3s-Gradua\u00e7\u00e3o em Gest\u00e3o Banc\u00e1ria<\/a><\/li>\n\n\n\n<li><a href=\"https:\/\/pos.grancursosonline.com.br\/curso\/gestao-de-documentos\" target=\"_blank\" rel=\"noreferrer noopener\">P\u00f3s-Gradua\u00e7\u00e3o em Gest\u00e3o de Documentos<\/a><\/li>\n\n\n\n<li><a href=\"https:\/\/pos.grancursosonline.com.br\/curso\/pos-graduacao-em-gestao-de-pessoas-lato-sensu\" target=\"_blank\" rel=\"noreferrer noopener\">P\u00f3s-Gradua\u00e7\u00e3o em Gest\u00e3o de Pessoas<\/a><\/li>\n\n\n\n<li><a href=\"https:\/\/pos.grancursosonline.com.br\/curso\/pos-graduacao-em-gestao-estrategica-em-saude-lato-sensu\" target=\"_blank\" rel=\"noreferrer noopener\">P\u00f3s-gradua\u00e7\u00e3o em Gest\u00e3o Estrat\u00e9gica em Sa\u00fade<\/a><\/li>\n\n\n\n<li><a href=\"https:\/\/pos.grancursosonline.com.br\/curso\/gestao-escolar\" target=\"_blank\" rel=\"noreferrer noopener\">P\u00f3s-gradua\u00e7\u00e3o em Gest\u00e3o Escolar<\/a><\/li>\n\n\n\n<li><a href=\"https:\/\/pos.grancursosonline.com.br\/curso\/mba-em-ciencias-comportamentais-aplicadas-a-organizacao\" target=\"_blank\" rel=\"noreferrer noopener\">MBA em Ci\u00eancias Comportamentais Aplicadas \u00e0 Organiza\u00e7\u00e3o<\/a><\/li>\n\n\n\n<li><a href=\"https:\/\/pos.grancursosonline.com.br\/curso\/mba-em-ciencias-comportamentais-aplicadas-a-organizacao\" target=\"_blank\" rel=\"noreferrer noopener\">MBA em Gest\u00e3o e Administra\u00e7\u00e3o de Organiza\u00e7\u00f5es P\u00fablicas<\/a><\/li>\n<\/ol>\n\n\n\n<h2 class=\"wp-block-heading\" id=\"h-pos-graduacao-faca-sua-especializacao-com-desconto\">P\u00f3s-Gradua\u00e7\u00e3o: fa\u00e7a sua especializa\u00e7\u00e3o com desconto!<\/h2>\n\n\n\n<p>Garanta sua matr\u00edcula em um dos novos cursos de p\u00f3s-gradua\u00e7\u00e3o da Gran P\u00f3s ou em&nbsp;<strong>qualquer uma das outras mais de 100 especializa\u00e7\u00f5es dispon\u00edveis na plataforma com at\u00e9 77% de desconto!<\/strong><\/p>\n\n\n\n<p>Queremos te ajudar a conquistar todos seus objetivos acad\u00eamicos e profissionais! Por isso, o Gran disponibiliza uma s\u00e9rie de promo\u00e7\u00f5es. Afinal, a educa\u00e7\u00e3o deve e pode ser para todos! <strong>Veja quais cupons s\u00e3o v\u00e1lidos at\u00e9 o preenchimento das vagas dispon\u00edveis:<\/strong><\/p>\n\n\n\n<figure class=\"wp-block-table\"><div class=\"container-tabela\"><table class=\"has-fixed-layout\"><thead><tr><th>Tipo de Desconto<\/th><th>Curso<\/th><th>Valores<\/th><th>Cupons<\/th><\/tr><\/thead><tbody><tr><td rowspan=\"2\">SOCIAL<\/td><td>P\u00f3s-Gradua\u00e7\u00e3o<\/td><td>12x de R$ 89,90<\/td><td>POSGRANSOCIAL<\/td><\/tr><tr><td>MBA<\/td><td>12x de R$ 89,90<\/td><td>MBAGRANSOCIAL<\/td><\/tr><tr><td rowspan=\"2\">ALUNOS GRAN<\/td><td>P\u00f3s-Gradua\u00e7\u00e3o<\/td><td>12x de R$ 89,90<\/td><td>SOUALUNOGRAN<\/td><\/tr><tr><td>MBA<\/td><td>12x de R$ 89,90<\/td><td>MBAALUNOGRAN<\/td><\/tr><tr><td rowspan=\"2\">EX-ALUNOS<\/td><td>P\u00f3s-Gradua\u00e7\u00e3o<\/td><td>12x de R$ 89,90<\/td><td>VOLTEIPROGRAN<\/td><\/tr><tr><td>MBA<\/td><td>12x de R$ 89,90<\/td><td>MBAVOLTEIPROGRAN<\/td><\/tr><tr><td rowspan=\"2\">NOVOS ALUNOS <\/td><td>P\u00f3s-Gradua\u00e7\u00e3o<\/td><td>12x de R$ 109,90<\/td><td>NOVONOGRAN<\/td><\/tr><tr><td>MBA<\/td><td>12x de R$ 109,90<\/td><td>MBANOVONOGRAN<\/td><\/tr><tr><td><strong>COMBO P\u00d3S*<\/strong><\/td><td><strong>P\u00f3s-Gradua\u00e7\u00e3o<\/strong><\/td><td><strong>12x de R$ 109,90<\/strong><\/td><td><strong>COMBOPOS<\/strong><\/td><\/tr><\/tbody><\/table><\/div><figcaption class=\"wp-element-caption\">* A condi\u00e7\u00e3o de 2 cursos pelo pre\u00e7o de 1 n\u00e3o inclui os cursos de MBA<\/figcaption><\/figure>\n\n\n\n<p><strong>\u00c0 vista no PIX ou Boleto voc\u00ea ainda adquire MAIS 5% DE DESCONTO!<\/strong><\/p>\n\n\n\n<p>Para garantir os pre\u00e7os promocionais, basta acessar a p\u00e1gina da sua especializa\u00e7\u00e3o de prefer\u00eancia e visualizar todos os cupons ao lado do pre\u00e7o final!<\/p>\n\n\n\n<p>Se, por acaso, o desconto n\u00e3o for aplicado imediatamente, voc\u00ea tamb\u00e9m poder\u00e1 digitar o c\u00f3digo do cupom informado na tabela acima!<\/p>\n\n\n\n<p class=\"has-text-align-center has-text-align-center\"><a href=\"https:\/\/pos.grancursosonline.com.br\/\" target=\"_blank\" rel=\"noreferrer noopener\"><strong>Garanta sua matr\u00edcula com desconto!<\/strong><\/a><\/p>\n\n\n\n<h2 class=\"wp-block-heading\" id=\"h-vem-pra-gran-faculdade\">Vem pra Gran Faculdade!<\/h2>\n\n\n\n<p>A Gran Faculdade vem mudando a vida de milhares de pessoas por meio de cursos \u00e0 dist\u00e2ncia de <a href=\"https:\/\/faculdade.grancursosonline.com.br\/\" target=\"_blank\" rel=\"noreferrer noopener\">gradua\u00e7\u00e3o<\/a>, <a href=\"https:\/\/pos.grancursosonline.com.br\/\" target=\"_blank\" rel=\"noreferrer noopener\">p\u00f3s-gradua\u00e7\u00e3o<\/a> e <a href=\"https:\/\/pos.grancursosonline.com.br\/mba\" target=\"_blank\" rel=\"noreferrer noopener\">MBA<\/a>. Seja no digital ou em nosso <a href=\"https:\/\/presencial.grancursosonline.com.br\/\" target=\"_blank\" rel=\"noreferrer noopener\">Campus Presencial em Curitiba<\/a>, a nossa miss\u00e3o \u00e9 transformar a educa\u00e7\u00e3o superior.<\/p>\n\n\n\n<p>Como parte de Sistema Gran de Ensino, que \u00e9 reconhecido como marca aprovadora h\u00e1 mais de 10 anos, constru\u00edmos uma renomada reputa\u00e7\u00e3o na \u00e1rea de educa\u00e7\u00e3o.<\/p>\n\n\n\n<p>Veja algumas de nossas conquistas:<\/p>\n\n\n\n<ul class=\"wp-block-list\">\n<li>Reconhecido pela Amazon como um dos projetos mais relevantes do mundo na \u00e1rea de Tecnologia e Educa\u00e7\u00e3o;<\/li>\n\n\n\n<li>Foi eleito pelo Project Management Institute (PMI), um dos 50 Projetos Mais Influentes do mundo;<\/li>\n\n\n\n<li>Somos o site de educa\u00e7\u00e3o mais acessado do Brasil;<\/li>\n\n\n\n<li>Somos avaliados com a nota m\u00e1xima pelo MEC;<\/li>\n\n\n\n<li>Aqui o semestre come\u00e7a quando quiser: entrada imediata e cont\u00ednua!<\/li>\n\n\n\n<li>Melhores pre\u00e7os do mercado;<\/li>\n\n\n\n<li>Mais de 500 mil alunos pagantes e mais de 1000 funcion\u00e1rios;<\/li>\n\n\n\n<li>Diversas ferramentas de estudo: PDFs, audiobooks, mapas mentais, videoaulas, quest\u00f5es, gerenciador de estudos e muito mais!<\/li>\n\n\n\n<li>Professores experientes e capacitados;<\/li>\n\n\n\n<li>Acesso imediato e 100% online.<\/li>\n<\/ul>\n\n\n\n<p class=\"has-text-align-center has-text-align-center\"><strong><a href=\"https:\/\/faculdade.grancursosonline.com.br\/\" target=\"_blank\" rel=\"noreferrer noopener\">Quero ser aluno da Gran Faculdade!<\/a><\/strong><\/p>\n","protected":false},"excerpt":{"rendered":"<p>A Gest\u00e3o de Pessoas \u00e9 um campo de estudo e de carreira que busca atuar sobre aspectos que envolvam o cuidado, a organiza\u00e7\u00e3o e o gerenciamento dos colaboradores de uma institui\u00e7\u00e3o. Ou seja, tudo que est\u00e1 relacionado ao cuidado com os funcion\u00e1rios e pessoas que estejam relacionadas as atividades de uma organiza\u00e7\u00e3o passam e envolvem&hellip;<\/p>\n","protected":false},"author":486,"featured_media":79747555,"comment_status":"closed","ping_status":"closed","sticky":false,"template":"","format":"standard","meta":{"_acf_changed":false,"content-type":"","footnotes":""},"categories":[209229,2],"tags":[126404,209248],"class_list":["post-79747220","post","type-post","status-publish","format-standard","has-post-thumbnail","hentry","category-pos-graduacao","category-ultimas-noticias","tag-cursos-e-pos-graduacao","tag-pos-graduacao-gran-cursos"],"acf":[],"yoast_head":"<!-- This site is optimized with the Yoast SEO Premium plugin v27.2 (Yoast SEO v27.2) - https:\/\/yoast.com\/product\/yoast-seo-premium-wordpress\/ -->\n<title>Gest\u00e3o de Pessoas: o que \u00e9 e como fazer? Veja!<\/title>\n<meta name=\"description\" content=\"O que \u00e9 gest\u00e3o de pessoas? Qual o objetivo da gest\u00e3o de pessoas? Conhe\u00e7a os cursos MBA, p\u00f3s-gradua\u00e7\u00e3o e faculdade na \u00e1rea!\" \/>\n<meta name=\"robots\" content=\"index, follow, max-snippet:-1, max-image-preview:large, max-video-preview:-1\" \/>\n<link rel=\"canonical\" href=\"https:\/\/faculdade.grancursosonline.com.br\/blog\/gestao-de-pessoas\/\" \/>\n<meta property=\"og:locale\" content=\"pt_BR\" \/>\n<meta property=\"og:type\" content=\"article\" \/>\n<meta property=\"og:title\" content=\"Gest\u00e3o de Pessoas: o que \u00e9 e como fazer? Veja!\" \/>\n<meta property=\"og:description\" content=\"O que \u00e9 gest\u00e3o de pessoas? Qual o objetivo da gest\u00e3o de pessoas? Conhe\u00e7a os cursos MBA, p\u00f3s-gradua\u00e7\u00e3o e faculdade na \u00e1rea!\" \/>\n<meta property=\"og:url\" content=\"https:\/\/faculdade.grancursosonline.com.br\/blog\/gestao-de-pessoas\/\" \/>\n<meta property=\"og:site_name\" content=\"Blog Gran Faculdade\" \/>\n<meta property=\"article:publisher\" content=\"https:\/\/www.facebook.com\/grancursosonline\/\" \/>\n<meta property=\"article:published_time\" content=\"2024-07-29T20:53:31+00:00\" \/>\n<meta property=\"article:modified_time\" content=\"2024-07-30T19:05:58+00:00\" \/>\n<meta property=\"og:image\" content=\"https:\/\/blog-es-static.infra.grancursosonline.com.br\/wp-content\/uploads\/2024\/07\/30160521\/gestao-de-pessoas.jpg\" \/>\n\t<meta property=\"og:image:width\" content=\"510\" \/>\n\t<meta property=\"og:image:height\" content=\"310\" \/>\n\t<meta property=\"og:image:type\" content=\"image\/jpeg\" \/>\n<meta name=\"author\" content=\"Equipe Gran\" \/>\n<meta name=\"twitter:card\" content=\"summary_large_image\" \/>\n<meta name=\"twitter:creator\" content=\"@gran_online\" \/>\n<meta name=\"twitter:site\" content=\"@gran_online\" \/>\n<meta name=\"twitter:label1\" content=\"Written by\" \/>\n\t<meta name=\"twitter:data1\" content=\"Equipe Gran\" \/>\n\t<meta name=\"twitter:label2\" content=\"Est. reading time\" \/>\n\t<meta name=\"twitter:data2\" content=\"10 minutos\" \/>\n<script type=\"application\/ld+json\" class=\"yoast-schema-graph\">{\"@context\":\"https:\/\/schema.org\",\"@graph\":[{\"@type\":\"NewsArticle\",\"@id\":\"https:\/\/faculdade.grancursosonline.com.br\/blog\/gestao-de-pessoas\/#article\",\"isPartOf\":{\"@id\":\"https:\/\/faculdade.grancursosonline.com.br\/blog\/gestao-de-pessoas\/\"},\"author\":{\"name\":\"Equipe Gran\",\"@id\":\"https:\/\/faculdade.grancursosonline.com.br\/blog\/#\/schema\/person\/c05f350f8ea43a7138aaffc6a87bc5e0\"},\"headline\":\"Gest\u00e3o de Pessoas: o que \u00e9 e como fazer? Veja!\",\"datePublished\":\"2024-07-29T20:53:31+00:00\",\"dateModified\":\"2024-07-30T19:05:58+00:00\",\"mainEntityOfPage\":{\"@id\":\"https:\/\/faculdade.grancursosonline.com.br\/blog\/gestao-de-pessoas\/\"},\"wordCount\":1520,\"publisher\":{\"@id\":\"https:\/\/faculdade.grancursosonline.com.br\/blog\/#organization\"},\"image\":{\"@id\":\"https:\/\/faculdade.grancursosonline.com.br\/blog\/gestao-de-pessoas\/#primaryimage\"},\"thumbnailUrl\":\"https:\/\/blog-es-static.infra.grancursosonline.com.br\/wp-content\/uploads\/2024\/07\/30160521\/gestao-de-pessoas.jpg\",\"keywords\":[\"Cursos e P\u00f3s-gradua\u00e7\u00e3o\",\"P\u00f3s-Gradua\u00e7\u00e3o Gran Cursos\"],\"articleSection\":[\"P\u00f3s-Gradua\u00e7\u00e3o Gran Faculdade\",\"\u00daltimas Not\u00edcias\"],\"inLanguage\":\"pt-BR\",\"copyrightYear\":\"2024\",\"copyrightHolder\":{\"@id\":\"https:\/\/faculdade.grancursosonline.com.br\/blog\/#organization\"}},{\"@type\":\"WebPage\",\"@id\":\"https:\/\/faculdade.grancursosonline.com.br\/blog\/gestao-de-pessoas\/\",\"url\":\"https:\/\/faculdade.grancursosonline.com.br\/blog\/gestao-de-pessoas\/\",\"name\":\"Gest\u00e3o de Pessoas: o que \u00e9 e como fazer? Veja!\",\"isPartOf\":{\"@id\":\"https:\/\/faculdade.grancursosonline.com.br\/blog\/#website\"},\"primaryImageOfPage\":{\"@id\":\"https:\/\/faculdade.grancursosonline.com.br\/blog\/gestao-de-pessoas\/#primaryimage\"},\"image\":{\"@id\":\"https:\/\/faculdade.grancursosonline.com.br\/blog\/gestao-de-pessoas\/#primaryimage\"},\"thumbnailUrl\":\"https:\/\/blog-es-static.infra.grancursosonline.com.br\/wp-content\/uploads\/2024\/07\/30160521\/gestao-de-pessoas.jpg\",\"datePublished\":\"2024-07-29T20:53:31+00:00\",\"dateModified\":\"2024-07-30T19:05:58+00:00\",\"description\":\"O que \u00e9 gest\u00e3o de pessoas? Qual o objetivo da gest\u00e3o de pessoas? Conhe\u00e7a os cursos MBA, p\u00f3s-gradua\u00e7\u00e3o e faculdade na \u00e1rea!\",\"breadcrumb\":{\"@id\":\"https:\/\/faculdade.grancursosonline.com.br\/blog\/gestao-de-pessoas\/#breadcrumb\"},\"inLanguage\":\"pt-BR\",\"potentialAction\":[{\"@type\":\"ReadAction\",\"target\":[\"https:\/\/faculdade.grancursosonline.com.br\/blog\/gestao-de-pessoas\/\"]}]},{\"@type\":\"ImageObject\",\"inLanguage\":\"pt-BR\",\"@id\":\"https:\/\/faculdade.grancursosonline.com.br\/blog\/gestao-de-pessoas\/#primaryimage\",\"url\":\"https:\/\/blog-es-static.infra.grancursosonline.com.br\/wp-content\/uploads\/2024\/07\/30160521\/gestao-de-pessoas.jpg\",\"contentUrl\":\"https:\/\/blog-es-static.infra.grancursosonline.com.br\/wp-content\/uploads\/2024\/07\/30160521\/gestao-de-pessoas.jpg\",\"width\":510,\"height\":310},{\"@type\":\"BreadcrumbList\",\"@id\":\"https:\/\/faculdade.grancursosonline.com.br\/blog\/gestao-de-pessoas\/#breadcrumb\",\"itemListElement\":[{\"@type\":\"ListItem\",\"position\":1,\"name\":\"In\u00edcio\",\"item\":\"https:\/\/faculdade.grancursosonline.com.br\/blog\/\"},{\"@type\":\"ListItem\",\"position\":2,\"name\":\"P\u00f3s-Gradua\u00e7\u00e3o Gran Faculdade\",\"item\":\"https:\/\/faculdade.grancursosonline.com.br\/blog\/pos-graduacao\/\"},{\"@type\":\"ListItem\",\"position\":3,\"name\":\"Gest\u00e3o de Pessoas: o que \u00e9 e como fazer? Veja!\"}]},{\"@type\":\"WebSite\",\"@id\":\"https:\/\/faculdade.grancursosonline.com.br\/blog\/#website\",\"url\":\"https:\/\/faculdade.grancursosonline.com.br\/blog\/\",\"name\":\"Blog Gran Faculdade\",\"description\":\"Tudo sobre ensino superior, p\u00f3s-gradua\u00e7\u00e3o, enem e carreira.\",\"publisher\":{\"@id\":\"https:\/\/faculdade.grancursosonline.com.br\/blog\/#organization\"},\"potentialAction\":[{\"@type\":\"SearchAction\",\"target\":{\"@type\":\"EntryPoint\",\"urlTemplate\":\"https:\/\/faculdade.grancursosonline.com.br\/blog\/?s={search_term_string}\"},\"query-input\":{\"@type\":\"PropertyValueSpecification\",\"valueRequired\":true,\"valueName\":\"search_term_string\"}}],\"inLanguage\":\"pt-BR\"},{\"@type\":\"Organization\",\"@id\":\"https:\/\/faculdade.grancursosonline.com.br\/blog\/#organization\",\"name\":\"Gran Cursos Online\",\"url\":\"https:\/\/faculdade.grancursosonline.com.br\/blog\/\",\"logo\":{\"@type\":\"ImageObject\",\"inLanguage\":\"pt-BR\",\"@id\":\"https:\/\/faculdade.grancursosonline.com.br\/blog\/#\/schema\/logo\/image\/\",\"url\":\"https:\/\/blog-es-static.infra.grancursosonline.com.br\/wp-content\/uploads\/2019\/08\/03123934\/logo.png\",\"contentUrl\":\"https:\/\/blog-es-static.infra.grancursosonline.com.br\/wp-content\/uploads\/2019\/08\/03123934\/logo.png\",\"width\":300,\"height\":57,\"caption\":\"Gran Cursos Online\"},\"image\":{\"@id\":\"https:\/\/faculdade.grancursosonline.com.br\/blog\/#\/schema\/logo\/image\/\"},\"sameAs\":[\"https:\/\/www.facebook.com\/grancursosonline\/\",\"https:\/\/x.com\/gran_online\",\"https:\/\/www.instagram.com\/grancursosonline\/\",\"https:\/\/www.youtube.com\/user\/grancursostv\"]},{\"@type\":\"Person\",\"@id\":\"https:\/\/faculdade.grancursosonline.com.br\/blog\/#\/schema\/person\/c05f350f8ea43a7138aaffc6a87bc5e0\",\"name\":\"Equipe Gran\",\"sameAs\":[\"http:\/\/www.grancursosonline.com.br\"],\"url\":\"https:\/\/faculdade.grancursosonline.com.br\/blog\/author\/hugo-oliveira\/\"}]}<\/script>\n<!-- \/ Yoast SEO Premium plugin. -->","yoast_head_json":{"title":"Gest\u00e3o de Pessoas: o que \u00e9 e como fazer? Veja!","description":"O que \u00e9 gest\u00e3o de pessoas? Qual o objetivo da gest\u00e3o de pessoas? Conhe\u00e7a os cursos MBA, p\u00f3s-gradua\u00e7\u00e3o e faculdade na \u00e1rea!","robots":{"index":"index","follow":"follow","max-snippet":"max-snippet:-1","max-image-preview":"max-image-preview:large","max-video-preview":"max-video-preview:-1"},"canonical":"https:\/\/faculdade.grancursosonline.com.br\/blog\/gestao-de-pessoas\/","og_locale":"pt_BR","og_type":"article","og_title":"Gest\u00e3o de Pessoas: o que \u00e9 e como fazer? Veja!","og_description":"O que \u00e9 gest\u00e3o de pessoas? Qual o objetivo da gest\u00e3o de pessoas? Conhe\u00e7a os cursos MBA, p\u00f3s-gradua\u00e7\u00e3o e faculdade na \u00e1rea!","og_url":"https:\/\/faculdade.grancursosonline.com.br\/blog\/gestao-de-pessoas\/","og_site_name":"Blog Gran Faculdade","article_publisher":"https:\/\/www.facebook.com\/grancursosonline\/","article_published_time":"2024-07-29T20:53:31+00:00","article_modified_time":"2024-07-30T19:05:58+00:00","og_image":[{"width":510,"height":310,"url":"https:\/\/blog-es-static.infra.grancursosonline.com.br\/wp-content\/uploads\/2024\/07\/30160521\/gestao-de-pessoas.jpg","type":"image\/jpeg"}],"author":"Equipe Gran","twitter_card":"summary_large_image","twitter_creator":"@gran_online","twitter_site":"@gran_online","twitter_misc":{"Written by":"Equipe Gran","Est. reading time":"10 minutos"},"schema":{"@context":"https:\/\/schema.org","@graph":[{"@type":"NewsArticle","@id":"https:\/\/faculdade.grancursosonline.com.br\/blog\/gestao-de-pessoas\/#article","isPartOf":{"@id":"https:\/\/faculdade.grancursosonline.com.br\/blog\/gestao-de-pessoas\/"},"author":{"name":"Equipe Gran","@id":"https:\/\/faculdade.grancursosonline.com.br\/blog\/#\/schema\/person\/c05f350f8ea43a7138aaffc6a87bc5e0"},"headline":"Gest\u00e3o de Pessoas: o que \u00e9 e como fazer? Veja!","datePublished":"2024-07-29T20:53:31+00:00","dateModified":"2024-07-30T19:05:58+00:00","mainEntityOfPage":{"@id":"https:\/\/faculdade.grancursosonline.com.br\/blog\/gestao-de-pessoas\/"},"wordCount":1520,"publisher":{"@id":"https:\/\/faculdade.grancursosonline.com.br\/blog\/#organization"},"image":{"@id":"https:\/\/faculdade.grancursosonline.com.br\/blog\/gestao-de-pessoas\/#primaryimage"},"thumbnailUrl":"https:\/\/blog-es-static.infra.grancursosonline.com.br\/wp-content\/uploads\/2024\/07\/30160521\/gestao-de-pessoas.jpg","keywords":["Cursos e P\u00f3s-gradua\u00e7\u00e3o","P\u00f3s-Gradua\u00e7\u00e3o Gran Cursos"],"articleSection":["P\u00f3s-Gradua\u00e7\u00e3o Gran Faculdade","\u00daltimas Not\u00edcias"],"inLanguage":"pt-BR","copyrightYear":"2024","copyrightHolder":{"@id":"https:\/\/faculdade.grancursosonline.com.br\/blog\/#organization"}},{"@type":"WebPage","@id":"https:\/\/faculdade.grancursosonline.com.br\/blog\/gestao-de-pessoas\/","url":"https:\/\/faculdade.grancursosonline.com.br\/blog\/gestao-de-pessoas\/","name":"Gest\u00e3o de Pessoas: o que \u00e9 e como fazer? Veja!","isPartOf":{"@id":"https:\/\/faculdade.grancursosonline.com.br\/blog\/#website"},"primaryImageOfPage":{"@id":"https:\/\/faculdade.grancursosonline.com.br\/blog\/gestao-de-pessoas\/#primaryimage"},"image":{"@id":"https:\/\/faculdade.grancursosonline.com.br\/blog\/gestao-de-pessoas\/#primaryimage"},"thumbnailUrl":"https:\/\/blog-es-static.infra.grancursosonline.com.br\/wp-content\/uploads\/2024\/07\/30160521\/gestao-de-pessoas.jpg","datePublished":"2024-07-29T20:53:31+00:00","dateModified":"2024-07-30T19:05:58+00:00","description":"O que \u00e9 gest\u00e3o de pessoas? Qual o objetivo da gest\u00e3o de pessoas? Conhe\u00e7a os cursos MBA, p\u00f3s-gradua\u00e7\u00e3o e faculdade na \u00e1rea!","breadcrumb":{"@id":"https:\/\/faculdade.grancursosonline.com.br\/blog\/gestao-de-pessoas\/#breadcrumb"},"inLanguage":"pt-BR","potentialAction":[{"@type":"ReadAction","target":["https:\/\/faculdade.grancursosonline.com.br\/blog\/gestao-de-pessoas\/"]}]},{"@type":"ImageObject","inLanguage":"pt-BR","@id":"https:\/\/faculdade.grancursosonline.com.br\/blog\/gestao-de-pessoas\/#primaryimage","url":"https:\/\/blog-es-static.infra.grancursosonline.com.br\/wp-content\/uploads\/2024\/07\/30160521\/gestao-de-pessoas.jpg","contentUrl":"https:\/\/blog-es-static.infra.grancursosonline.com.br\/wp-content\/uploads\/2024\/07\/30160521\/gestao-de-pessoas.jpg","width":510,"height":310},{"@type":"BreadcrumbList","@id":"https:\/\/faculdade.grancursosonline.com.br\/blog\/gestao-de-pessoas\/#breadcrumb","itemListElement":[{"@type":"ListItem","position":1,"name":"In\u00edcio","item":"https:\/\/faculdade.grancursosonline.com.br\/blog\/"},{"@type":"ListItem","position":2,"name":"P\u00f3s-Gradua\u00e7\u00e3o Gran Faculdade","item":"https:\/\/faculdade.grancursosonline.com.br\/blog\/pos-graduacao\/"},{"@type":"ListItem","position":3,"name":"Gest\u00e3o de Pessoas: o que \u00e9 e como fazer? Veja!"}]},{"@type":"WebSite","@id":"https:\/\/faculdade.grancursosonline.com.br\/blog\/#website","url":"https:\/\/faculdade.grancursosonline.com.br\/blog\/","name":"Blog Gran Faculdade","description":"Tudo sobre ensino superior, p\u00f3s-gradua\u00e7\u00e3o, enem e carreira.","publisher":{"@id":"https:\/\/faculdade.grancursosonline.com.br\/blog\/#organization"},"potentialAction":[{"@type":"SearchAction","target":{"@type":"EntryPoint","urlTemplate":"https:\/\/faculdade.grancursosonline.com.br\/blog\/?s={search_term_string}"},"query-input":{"@type":"PropertyValueSpecification","valueRequired":true,"valueName":"search_term_string"}}],"inLanguage":"pt-BR"},{"@type":"Organization","@id":"https:\/\/faculdade.grancursosonline.com.br\/blog\/#organization","name":"Gran Cursos Online","url":"https:\/\/faculdade.grancursosonline.com.br\/blog\/","logo":{"@type":"ImageObject","inLanguage":"pt-BR","@id":"https:\/\/faculdade.grancursosonline.com.br\/blog\/#\/schema\/logo\/image\/","url":"https:\/\/blog-es-static.infra.grancursosonline.com.br\/wp-content\/uploads\/2019\/08\/03123934\/logo.png","contentUrl":"https:\/\/blog-es-static.infra.grancursosonline.com.br\/wp-content\/uploads\/2019\/08\/03123934\/logo.png","width":300,"height":57,"caption":"Gran Cursos Online"},"image":{"@id":"https:\/\/faculdade.grancursosonline.com.br\/blog\/#\/schema\/logo\/image\/"},"sameAs":["https:\/\/www.facebook.com\/grancursosonline\/","https:\/\/x.com\/gran_online","https:\/\/www.instagram.com\/grancursosonline\/","https:\/\/www.youtube.com\/user\/grancursostv"]},{"@type":"Person","@id":"https:\/\/faculdade.grancursosonline.com.br\/blog\/#\/schema\/person\/c05f350f8ea43a7138aaffc6a87bc5e0","name":"Equipe Gran","sameAs":["http:\/\/www.grancursosonline.com.br"],"url":"https:\/\/faculdade.grancursosonline.com.br\/blog\/author\/hugo-oliveira\/"}]}},"_links":{"self":[{"href":"https:\/\/faculdade.grancursosonline.com.br\/blog\/wp-json\/wp\/v2\/posts\/79747220","targetHints":{"allow":["GET"]}}],"collection":[{"href":"https:\/\/faculdade.grancursosonline.com.br\/blog\/wp-json\/wp\/v2\/posts"}],"about":[{"href":"https:\/\/faculdade.grancursosonline.com.br\/blog\/wp-json\/wp\/v2\/types\/post"}],"author":[{"embeddable":true,"href":"https:\/\/faculdade.grancursosonline.com.br\/blog\/wp-json\/wp\/v2\/users\/486"}],"replies":[{"embeddable":true,"href":"https:\/\/faculdade.grancursosonline.com.br\/blog\/wp-json\/wp\/v2\/comments?post=79747220"}],"version-history":[{"count":3,"href":"https:\/\/faculdade.grancursosonline.com.br\/blog\/wp-json\/wp\/v2\/posts\/79747220\/revisions"}],"predecessor-version":[{"id":79747478,"href":"https:\/\/faculdade.grancursosonline.com.br\/blog\/wp-json\/wp\/v2\/posts\/79747220\/revisions\/79747478"}],"wp:featuredmedia":[{"embeddable":true,"href":"https:\/\/faculdade.grancursosonline.com.br\/blog\/wp-json\/wp\/v2\/media\/79747555"}],"wp:attachment":[{"href":"https:\/\/faculdade.grancursosonline.com.br\/blog\/wp-json\/wp\/v2\/media?parent=79747220"}],"wp:term":[{"taxonomy":"category","embeddable":true,"href":"https:\/\/faculdade.grancursosonline.com.br\/blog\/wp-json\/wp\/v2\/categories?post=79747220"},{"taxonomy":"post_tag","embeddable":true,"href":"https:\/\/faculdade.grancursosonline.com.br\/blog\/wp-json\/wp\/v2\/tags?post=79747220"}],"curies":[{"name":"wp","href":"https:\/\/api.w.org\/{rel}","templated":true}]}}