{"id":79747844,"date":"2024-07-31T17:11:13","date_gmt":"2024-07-31T20:11:13","guid":{"rendered":"https:\/\/blog.grancursosonline.com.br\/?p=79747844"},"modified":"2024-07-31T17:11:23","modified_gmt":"2024-07-31T20:11:23","slug":"dano-moral","status":"publish","type":"post","link":"https:\/\/faculdade.grancursosonline.com.br\/blog\/dano-moral\/","title":{"rendered":"Dano Moral: o que \u00e9 e como funciona o processo?"},"content":{"rendered":"\n<p>Voc\u00ea j\u00e1 deve ter ouvido falar em dano moral. Esse tipo de situa\u00e7\u00e3o geralmente envolve algum conflito que ofenda a honra, a imagem ou outros aspectos que envolvam a identidade de uma pessoa e sua reputa\u00e7\u00e3o. Desse modo, \u00e9 essencial entender esse tipo de a\u00e7\u00e3o, principalmente se voc\u00ea atua no campo jur\u00eddico ou gest\u00e3o de pessoas.<\/p>\n\n\n\n<div class=\"wp-block-columns is-layout-flex wp-container-core-columns-is-layout-9d6595d7 wp-block-columns-is-layout-flex\">\n<div class=\"wp-block-column is-layout-flow wp-block-column-is-layout-flow\" style=\"flex-basis:100%\"><div class=\"wp-block-image\">\n<figure class=\"aligncenter size-full\"><a href=\"https:\/\/whatsapp.com\/channel\/0029VaG1sChI7Be7PNndhL43\" target=\"_blank\" rel=\"noopener\"><img decoding=\"async\" src=\"https:\/\/blog-es-static.infra.grancursosonline.com.br\/wp-content\/uploads\/2025\/09\/09112354\/banner-wp-600x142-80.webp\" alt=\"Acesse o canal do WhatsApp da Gran Faculdade\" class=\"wp-image-79751904\"\/><\/a><\/figure>\n<\/div><\/div>\n<\/div>\n\n\n\n<p>Acompanhe o artigo para saber mais ou navegue pelo \u00edndice:<\/p>\n\n\n\n<ul class=\"wp-block-list\">\n<li><a href=\"#o-que-e\">O que \u00e9 dano moral?<\/a><\/li>\n\n\n\n<li><a href=\"#caracteriza\">O que caracteriza o dano moral?<\/a><\/li>\n\n\n\n<li><a href=\"#tipos\">Tipos de dano moral<\/a><\/li>\n\n\n\n<li><a href=\"#quando-entrar\">Quando \u00e9 poss\u00edvel entrar com uma a\u00e7\u00e3o de dano moral?<\/a><\/li>\n\n\n\n<li><a href=\"#quanto-tempo\">Quanto tempo demora um processo por dano moral?<\/a><\/li>\n\n\n\n<li><a href=\"#assedio-moral\">Diferen\u00e7a entre ass\u00e9dio moral e dano moral<\/a><\/li>\n\n\n\n<li><a href=\"#dano-material\">Qual a diferen\u00e7a de dano moral e dano material?<\/a><\/li>\n<\/ul>\n\n\n\n<div class=\"wp-block-group has-background is-content-justification-center is-layout-flex wp-container-core-group-is-layout-64b26803 wp-block-group-is-layout-flex\" style=\"background-color:#f0f8ff\">\n<div class=\"wp-block-columns are-vertically-aligned-center is-layout-flex wp-container-core-columns-is-layout-9d6595d7 wp-block-columns-is-layout-flex\">\n<div class=\"wp-block-column is-vertically-aligned-center is-layout-flow wp-block-column-is-layout-flow\" style=\"flex-basis:100%\">\n<div class=\"wp-block-group\"><div class=\"wp-block-group__inner-container is-layout-constrained wp-block-group-is-layout-constrained\">\n<div class=\"wp-block-group is-content-justification-space-between is-nowrap is-layout-flex wp-container-core-group-is-layout-0dfbf163 wp-block-group-is-layout-flex\">\n<div class=\"wp-block-columns is-layout-flex wp-container-core-columns-is-layout-9d6595d7 wp-block-columns-is-layout-flex\">\n<div class=\"wp-block-column has-background is-layout-flow wp-block-column-is-layout-flow\" style=\"background-color:#f0f8ff\">\n<p><strong>Destaques<\/strong><\/p>\n\n\n\n<ul class=\"wp-block-list\">\n<li><a href=\"https:\/\/blog.grancursosonline.com.br\/pratica-juridica-e-concursos-publicos-importancia\/\" target=\"_blank\" rel=\"noreferrer noopener\">Pr\u00e1tica Jur\u00eddica e concursos p\u00fablicos: saiba a import\u00e2ncia!<\/a><\/li>\n\n\n\n<li><a href=\"https:\/\/blog.grancursosonline.com.br\/pos-graduacao-ead-principais-perguntas-e-respostas\/\" target=\"_blank\" rel=\"noreferrer noopener\">P\u00f3s-gradua\u00e7\u00e3o EAD: principais perguntas e respostas. Veja!<\/a><\/li>\n\n\n\n<li><a href=\"https:\/\/blog.grancursosonline.com.br\/direito-para-concurseiros-melhores-areas\/\" target=\"_blank\" rel=\"noreferrer noopener\">Direito para concurseiros: quais s\u00e3o as melhores \u00e1reas?<\/a><\/li>\n<\/ul>\n<\/div>\n<\/div>\n<\/div>\n<\/div><\/div>\n<\/div>\n<\/div>\n<\/div>\n\n\n\n<h2 class=\"wp-block-heading\" id=\"h-participe-de-uma-imersao-exclusiva-com-especialistas-em-ia-e-transforme-sua-carreira\">Participe de uma imers\u00e3o exclusiva com especialistas em IA e transforme sua carreira<\/h2>\n\n\n<div class=\"wp-block-image\">\n<figure class=\"aligncenter size-large is-resized\"><a href=\"https:\/\/lp.grancursosonline.com.br\/imersao-em-ia\/?utm_source=Wordpress&amp;utm_medium=sidebar&amp;utm_campaign=Capta%C3%A7%C3%A3o+Imers%C3%A3o+em+IA+-+Abril%2F2026+-+Blog+Ensino+Superior+-+Conte%C3%BAdo+e+SEO&amp;utm_id=Capta%C3%A7%C3%A3o+Imers%C3%A3o+em+IA+-+Abril%2F2026+-+Blog+Ensino+Superior+-+Conte%C3%BAdo+e+SEO\" target=\"_blank\" rel=\" noreferrer noopener\"><img loading=\"lazy\" decoding=\"async\" width=\"1024\" height=\"576\" src=\"https:\/\/blog-es-static.infra.grancursosonline.com.br\/wp-content\/uploads\/2026\/03\/31105919\/imersao_em_ia-1024x576.webp\" alt=\"\" class=\"wp-image-79763836\" style=\"width:488px;height:auto\"\/><\/a><\/figure>\n<\/div>\n\n\n<p><strong>Se voc\u00ea quer sair do b\u00e1sico e entender, na pr\u00e1tica, como a Intelig\u00eancia Artificial (IA) est\u00e1 moldando o mercado, esta \u00e9 a sua oportunidade.<\/strong> <\/p>\n\n\n\n<p>A Imers\u00e3o em IA re\u00fane especialistas renomados do mercado, incluindo profissionais com experi\u00eancia em grandes empresas de tecnologia como Google e Amazon, que v\u00e3o compartilhar<strong> insights estrat\u00e9gicos e aplica\u00e7\u00f5es reais<\/strong> para acelerar sua evolu\u00e7\u00e3o profissional.<\/p>\n\n\n\n<p>O evento acontecer\u00e1 em <strong>tr\u00eas encontros ao vivo, a partir do dia 13 de abril, sempre \u00e0s 20h<\/strong> (hor\u00e1rio de Bras\u00edlia), com uma programa\u00e7\u00e3o estruturada para levar voc\u00ea do entendimento dos conceitos at\u00e9 a aplica\u00e7\u00e3o pr\u00e1tica de agentes de IA.<\/p>\n\n\n\n<p>Clique no link abaixo e garanta sua participa\u00e7\u00e3o nesta experi\u00eancia <strong>gratuita, ao vivo e com potencial real de impacto na sua carreira<\/strong>.<\/p>\n\n\n\n<p class=\"has-text-align-center\"><strong><a href=\"https:\/\/lp.grancursosonline.com.br\/imersao-em-ia\/?utm_source=Wordpress&amp;utm_medium=sidebar&amp;utm_campaign=Capta%C3%A7%C3%A3o+Imers%C3%A3o+em+IA+-+Abril%2F2026+-+Blog+Ensino+Superior+-+Conte%C3%BAdo+e+SEO&amp;utm_id=Capta%C3%A7%C3%A3o+Imers%C3%A3o+em+IA+-+Abril%2F2026+-+Blog+Ensino+Superior+-+Conte%C3%BAdo+e+SEO\" target=\"_blank\" rel=\"noreferrer noopener\">Quero participar da Imers\u00e3o para aprender mais sobre IA<\/a><\/strong><\/p>\n\n\n\n<h2 class=\"wp-block-heading\" id=\"o-que-e\">O que \u00e9 dano moral?<\/h2>\n\n\n\n<p>Dano moral \u00e9 qualquer tipo de ataque aos direitos da personalidade de um indiv\u00edduo que ocasione sofrimento, dor, ang\u00fastia, humilha\u00e7\u00e3o ou qualquer outro tipo de afli\u00e7\u00e3o emocional. <\/p>\n\n\n\n<p>Geralmente, esse tipo de dano n\u00e3o envolve perda material ou financeira direta, mas a depender do tipo de situa\u00e7\u00e3o isso pode ser uma consequ\u00eancia. <\/p>\n\n\n\n<p>O que acontece aqui \u00e9 a viola\u00e7\u00e3o de aspectos imateriais da pessoa, como sua honra, imagem, dignidade, privacidade e bem-estar psicol\u00f3gico. Todavia, um vazamento de fotos \u00edntimas, por exemplo, pode levar a pessoa a ser demitida e trazer preju\u00edzos materiais.<\/p>\n\n\n\n<h2 class=\"wp-block-heading\" id=\"caracteriza\">O que caracteriza o dano moral?<\/h2>\n\n\n\n<p>Segundo o Tribunal de Justi\u00e7a do Distrito Federal e Territ\u00f3rios (TJDFT), o que caracteriza dano moral \u00e9 qualquer tipo de &#8220;ofensa aos direitos da personalidade intimidade, privacidade, honra e imagem&#8221;. Ou seja, o dano moral \u00e9 todo tipo de atitude contra os direitos relacionados a identidade e integridade de algu\u00e9m.<\/p>\n\n\n\n<h2 class=\"wp-block-heading\" id=\"tipos\">Tipos de dano moral<\/h2>\n\n\n\n<p>Alguns tipos comuns de dano moral s\u00e3o:<\/p>\n\n\n\n<ul class=\"wp-block-list\">\n<li>Protesto ou cobran\u00e7a indevidos;<\/li>\n\n\n\n<li>Degrada\u00e7\u00e3o p\u00fablica<\/li>\n\n\n\n<li>Infidelidade conjugal<\/li>\n\n\n\n<li>Inclus\u00e3o indevida de nome em listas de prote\u00e7\u00e3o ao cr\u00e9dito<\/li>\n\n\n\n<li>Insultos verbais<\/li>\n\n\n\n<li>Insultos em p\u00fablico<\/li>\n\n\n\n<li>Pris\u00e3o indevida<\/li>\n\n\n\n<li>Discrimina\u00e7\u00e3o racial<\/li>\n\n\n\n<li>Conflitos com vizinhos<\/li>\n\n\n\n<li>Acusa\u00e7\u00f5es falsas e difama\u00e7\u00f5es<\/li>\n\n\n\n<li>Fotografias tiradas sem consentimento<\/li>\n\n\n\n<li>Demoras em voos<\/li>\n\n\n\n<li>Perda de bagagem<\/li>\n\n\n\n<li>Divulga\u00e7\u00e3o n\u00e3o autorizada de n\u00famero de telefone<\/li>\n<\/ul>\n\n\n\n<h2 class=\"wp-block-heading\" id=\"quando-entrar\">Quando \u00e9 poss\u00edvel entrar com uma a\u00e7\u00e3o de dano moral?<\/h2>\n\n\n\n<p>\u00c9 poss\u00edvel entrar com uma a\u00e7\u00e3o de dano moral logo em seguida que a situa\u00e7\u00e3o acontece, mas o prazo m\u00e1ximo para que voc\u00ea busque seus direitos vai depender do tipo de dano moral: se foi algo relacionado ao trabalho, consumo, situa\u00e7\u00e3o civil ou afins. Confira alguns detalhes:<\/p>\n\n\n\n<h3 class=\"wp-block-heading\" id=\"h-dano-moral-e-crime\">Dano moral \u00e9 crime?<\/h3>\n\n\n\n<p>N\u00e3o, o dano moral n\u00e3o \u00e9 crime, mas sim um tipo de conflito civil. Isso n\u00e3o significa que n\u00e3o possa ser penalizado, visto que trata-se de um tipo de ataque contra algu\u00e9m. <\/p>\n\n\n\n<p>O que acontece \u00e9 que certos comportamentos que causam dano moral podem envolver atos que s\u00e3o crimes: cal\u00fania, difama\u00e7\u00e3o, inj\u00faria ou ass\u00e9dio moral. Nesses casos, al\u00e9m da a\u00e7\u00e3o civil por dano moral, pode haver tamb\u00e9m uma a\u00e7\u00e3o penal contra o autor do crime.<\/p>\n\n\n\n<h3 class=\"wp-block-heading\" id=\"h-como-comprovar-dano-moral\">Como comprovar dano moral?<\/h3>\n\n\n\n<p>Alguns itens que podem contribuir na comprova\u00e7\u00e3o do dano moral s\u00e3o:<\/p>\n\n\n\n<ul class=\"wp-block-list\">\n<li>Testemunhas;<\/li>\n\n\n\n<li>Registro de boletim de ocorr\u00eancia;<\/li>\n\n\n\n<li>Laudos m\u00e9dicos;<\/li>\n\n\n\n<li>Documentos e outros tipos de registro;<\/li>\n\n\n\n<li>M\u00eddias sociais e prints da internet;<\/li>\n\n\n\n<li>Depoimento dos envolvidos, e afins.<\/li>\n<\/ul>\n\n\n\n<h3 class=\"wp-block-heading\" id=\"consequencias\">Quais s\u00e3o as consequ\u00eancias legais de um dano moral?<\/h3>\n\n\n\n<p>Algumas consequ\u00eancias legais para quem comete algum tipo de dano moral s\u00e3o:<\/p>\n\n\n\n<ul class=\"wp-block-list\">\n<li>Pagamento de indeniza\u00e7\u00e3o;<\/li>\n\n\n\n<li>Retrata\u00e7\u00e3o p\u00fablica;<\/li>\n\n\n\n<li>Deten\u00e7\u00e3o;<\/li>\n\n\n\n<li>San\u00e7\u00f5es;<\/li>\n\n\n\n<li>Medidas corretivas, entre outras.<\/li>\n<\/ul>\n\n\n\n<h3 class=\"wp-block-heading\" id=\"h-quais-sao-os-prazos-para-reclamar-dano-moral\">Quais s\u00e3o os prazos para reclamar dano moral?<\/h3>\n\n\n\n<p>Geralmente, o prazo para procurar seus direitos relacionados a um dano moral \u00e9 em m\u00e9dia de 3 a 5 anos de acordo com o tipo de situa\u00e7\u00e3o: consumo, civil, trabalhista ou outros.<\/p>\n\n\n\n<h2 class=\"wp-block-heading\" id=\"quanto-tempo\">Quanto tempo demora um processo por dano moral?<\/h2>\n\n\n\n<p>Assim como qualquer tipo de processo litigioso, o tempo que demora o andamento de processo por dano moral varia de acordo com a compplexidade do caso, volume de provas, fluxo de trabalho do judici\u00e1rio e outros fatores. Em m\u00e9dia, esses processos podem levar desde alguns meses a alguns anos.<\/p>\n\n\n\n<h2 class=\"wp-block-heading\" id=\"assedio-moral\">Diferen\u00e7a entre ass\u00e9dio moral e dano moral<\/h2>\n\n\n\n<p>O Ass\u00e9dio Moral \u00e9 uma forma espec\u00edfica de dano moral. Essa situa\u00e7\u00e3o envolve ocasi\u00f5es repetidas de comportamentos humilhantes ou constrangedores. J\u00e1 o dano moral \u00e9 o conceito amplo que envolve ofensas a personalidade da pessoa. Essa \u00e9 a diferen\u00e7a entre ass\u00e9dio moral e dano moral.<\/p>\n\n\n\n<h2 class=\"wp-block-heading\" id=\"dano-material\">Qual a diferen\u00e7a de dano moral e dano material?<\/h2>\n\n\n\n<p>J\u00e1 com rela\u00e7\u00e3o a diferen\u00e7a entre dano moral e dano material, o foco est\u00e1 em rela\u00e7\u00e3o ao tipo de consequ\u00eancia e de dano devido a uma atitude. O dano moral, como vimos, se refere a aspectos que ofendam a identidade, j\u00e1 o dano material se refere a aspectos patrimoniais<\/p>\n\n\n\n<h2 class=\"wp-block-heading\" id=\"vale-a-pena\">Especializa\u00e7\u00e3o em Direito vale a pena?<\/h2>\n\n\n\n<p>Sem d\u00favidas uma especializa\u00e7\u00e3o em Direito vale a pena, tanto para aspectos de carreira no mercado privado, como para concursos p\u00fablicos. Veja:<\/p>\n\n\n\n<ul class=\"wp-block-list\">\n<li>Maior pontua\u00e7\u00e3o em concursos p\u00fablicos na\u00a0<a href=\"https:\/\/blog.grancursosonline.com.br\/concursos-abertos\/\" target=\"_blank\" rel=\"noreferrer noopener\">prova de t\u00edtulos<\/a>;<\/li>\n\n\n\n<li>Adicional de qualifica\u00e7\u00e3o em cargos p\u00fablicos;<\/li>\n\n\n\n<li>Otimizar seus estudos para concurso;<\/li>\n\n\n\n<li>Se tornar refer\u00eancia em uma \u00e1rea;<\/li>\n\n\n\n<li>Conquistar melhores oportunidades profissionais no setor p\u00fablico ou privada;<\/li>\n\n\n\n<li>Conhecer e se conectar com outros profissionais na \u00e1rea, entre outros.<\/li>\n<\/ul>\n\n\n\n<p>Al\u00e9m disso, todos os cursos de p\u00f3s-gradua\u00e7\u00e3o da Gran Faculdade s\u00e3o reconhecidos pelo&nbsp;<a href=\"https:\/\/blog.grancursosonline.com.br\/mec-ministerio-educacao\/\" target=\"_blank\" rel=\"noreferrer noopener\">MEC<\/a>, v\u00e1lidos em todo territ\u00f3rio brasileiro e podem ser conclu\u00eddos no prazo de 6 a 18 meses!<\/p>\n\n\n\n<p>Aqui, voc\u00ea decide quando acessar os conte\u00fados e realizar as avalia\u00e7\u00f5es e a realiza\u00e7\u00e3o do Trabalho de Conclus\u00e3o de Curso (TCC) \u00e9 opcional, possibilitando mais flexibilidade na sua rotina. Veja:<\/p>\n\n\n\n<ul class=\"wp-block-list\">\n<li><a href=\"https:\/\/pos.grancursosonline.com.br\/curso\/ciencias-juridicas-aplicadas-a-advocacia-privada\">P\u00f3s-Gradua\u00e7\u00e3o em Ci\u00eancias Jur\u00eddicas aplicadas \u00e0 Advocacia Privada<\/a><\/li>\n\n\n\n<li><a href=\"https:\/\/pos.grancursosonline.com.br\/curso\/ciencias-juridicas-aplicadas-a-advocacia-publica\">P\u00f3s-Gradua\u00e7\u00e3o em Ci\u00eancias Jur\u00eddicas Aplicadas \u00e0 Advocacia P\u00fablica<\/a><\/li>\n\n\n\n<li><a href=\"https:\/\/pos.grancursosonline.com.br\/curso\/compliance-penal-com-enfase-na-advocacia-criminal\">P\u00f3s-Gradua\u00e7\u00e3o em Compliance Penal com \u00eanfase na Advocacia Criminal<\/a><\/li>\n\n\n\n<li><a href=\"https:\/\/pos.grancursosonline.com.br\/curso\/processo-penal-aplicado-a-advocacia-criminal\">P\u00f3s-Gradua\u00e7\u00e3o em Processo Penal Aplicado \u00e0 Advocacia Criminal<\/a>\u00a0\u00a0<\/li>\n\n\n\n<li><a href=\"https:\/\/pos.grancursosonline.com.br\/curso\/analise-e-consultoria-legislativa\">P\u00f3s-Gradua\u00e7\u00e3o em An\u00e1lise e Consultoria Legislativa<\/a><\/li>\n\n\n\n<li><a href=\"https:\/\/pos.grancursosonline.com.br\/curso\/ciencias-juridicas-aplicadas-aos-tribunais-do-trabalho\">P\u00f3s-Gradua\u00e7\u00e3o em Ci\u00eancias Jur\u00eddicas Aplicadas aos Tribunais do Trabalho<\/a><\/li>\n\n\n\n<li><a href=\"https:\/\/pos.grancursosonline.com.br\/curso\/ciencias-juridicas-aplicadas-aos-tribunais-estaduais\">P\u00f3s-Gradua\u00e7\u00e3o em Ci\u00eancias Jur\u00eddicas Aplicadas aos Tribunais Estaduais<\/a>\u00a0<\/li>\n\n\n\n<li><a href=\"https:\/\/pos.grancursosonline.com.br\/curso\/ciencias-juridicas-aplicadas-as-atividades-do-ministerio-publico\">P\u00f3s-Gradua\u00e7\u00e3o em Ci\u00eancias Jur\u00eddicas aplicadas \u00e0s Atividades do Minist\u00e9rio P\u00fablico<\/a><\/li>\n\n\n\n<li><a href=\"https:\/\/pos.grancursosonline.com.br\/curso\/ciencias-juridicas-aplicadas-as-funcoes-essenciais-a-justica\">P\u00f3s-Gradua\u00e7\u00e3o em Ci\u00eancias Jur\u00eddicas aplicadas \u00e0s Fun\u00e7\u00f5es Essenciais \u00e0 Justi\u00e7a<\/a><\/li>\n\n\n\n<li><a href=\"https:\/\/pos.grancursosonline.com.br\/curso\/criminologia\">P\u00f3s-Gradua\u00e7\u00e3o em Criminologia<\/a><\/li>\n\n\n\n<li><a href=\"https:\/\/pos.grancursosonline.com.br\/curso\/direito-administrativo-\">P\u00f3s-Gradua\u00e7\u00e3o em Direito Administrativo<\/a><\/li>\n\n\n\n<li><a href=\"https:\/\/pos.grancursosonline.com.br\/curso\/direito-administrativo-com-enfase-em-processos-sancionatorios\">P\u00f3s-Gradua\u00e7\u00e3o em Direito Administrativo com \u00eanfase em Processos Sancionat\u00f3rios<\/a><\/li>\n\n\n\n<li><a href=\"https:\/\/pos.grancursosonline.com.br\/curso\/direito-ambiental-e-urbanistico\">P\u00f3s-Gradua\u00e7\u00e3o em Direito Ambiental e Urban\u00edstico<\/a><\/li>\n\n\n\n<li><a href=\"https:\/\/pos.grancursosonline.com.br\/curso\/direito-civil-e-processo-civil-\">P\u00f3s-gradua\u00e7\u00e3o em Direito Civil e Processo Civil<\/a><\/li>\n\n\n\n<li><a href=\"https:\/\/pos.grancursosonline.com.br\/curso\/direito-constitucional-\">P\u00f3s-Gradua\u00e7\u00e3o em Direito Constitucional<\/a><\/li>\n\n\n\n<li><a href=\"https:\/\/pos.grancursosonline.com.br\/curso\/direito-das-familias-e-sucessoes\">P\u00f3s-Gradua\u00e7\u00e3o em Direito das Fam\u00edlias e Sucess\u00f5es<\/a><\/li>\n\n\n\n<li><a href=\"https:\/\/pos.grancursosonline.com.br\/curso\/direito-digital-e-protecao-de-dados\">P\u00f3s-gradua\u00e7\u00e3o em Direito Digital e Prote\u00e7\u00e3o de Dados<\/a><\/li>\n\n\n\n<li><a href=\"https:\/\/pos.grancursosonline.com.br\/curso\/direito-do-consumidor\">P\u00f3s-Gradua\u00e7\u00e3o em Direito do Consumidor<\/a><\/li>\n\n\n\n<li><a href=\"https:\/\/pos.grancursosonline.com.br\/curso\/direito-do-trabalho-e-processo-do-trabalho-\">P\u00f3s-Gradua\u00e7\u00e3o em Direito do Trabalho e Processo do Trabalho<\/a><\/li>\n\n\n\n<li><a href=\"https:\/\/pos.grancursosonline.com.br\/curso\/direito-e-defesa-das-garantias-fundamentais-aplicada-a-defensoria-publica\">P\u00f3s-Gradua\u00e7\u00e3o em Direito e Defesa das Garantias Fundamentais \u2013 Aplicada \u00e0 Defensoria P\u00fablica<\/a><\/li>\n\n\n\n<li><a href=\"https:\/\/pos.grancursosonline.com.br\/curso\/direito-e-jurisdicao-aplicada-a-magistratura\">P\u00f3s-Gradua\u00e7\u00e3o em Direito e Jurisdi\u00e7\u00e3o Aplicada \u00e0 Magistratura<\/a><\/li>\n\n\n\n<li><a href=\"https:\/\/pos.grancursosonline.com.br\/curso\/direito-e-processo-previdenciario-\">P\u00f3s-Gradua\u00e7\u00e3o em Direito e Processo Previdenci\u00e1rio<\/a>\u00a0\u00a0\u00a0\u00a0\u00a0\u00a0\u00a0\u00a0\u00a0<\/li>\n\n\n\n<li><a href=\"https:\/\/pos.grancursosonline.com.br\/curso\/direito-eleitoral\">P\u00f3s-Gradua\u00e7\u00e3o em Direito Eleitoral<\/a><\/li>\n\n\n\n<li><a href=\"https:\/\/pos.grancursosonline.com.br\/curso\/direito-imobiliario-e-condominial\">P\u00f3s-Gradua\u00e7\u00e3o em Direito Imobili\u00e1rio e Condominial<\/a><\/li>\n\n\n\n<li><a href=\"https:\/\/pos.grancursosonline.com.br\/curso\/direito-medico-e-saude\">P\u00f3s-Gradua\u00e7\u00e3o em Direito M\u00e9dico e Sa\u00fade<\/a><\/li>\n\n\n\n<li><a href=\"https:\/\/pos.grancursosonline.com.br\/curso\/pos-graduacao-em-direito-militar-lato-sensu\">P\u00f3s-Gradua\u00e7\u00e3o em Direito Militar<\/a><\/li>\n\n\n\n<li><a href=\"https:\/\/pos.grancursosonline.com.br\/curso\/direito-municipal\">P\u00f3s-Gradua\u00e7\u00e3o em Direito Municipal<\/a><\/li>\n\n\n\n<li><a href=\"https:\/\/pos.grancursosonline.com.br\/curso\/direito-penal-e-processo-penal-\">P\u00f3s-Gradua\u00e7\u00e3o em Direito Penal e Processo Penal<\/a><\/li>\n\n\n\n<li><a href=\"https:\/\/pos.grancursosonline.com.br\/curso\/direito-publico-\">P\u00f3s-Gradua\u00e7\u00e3o em Direito P\u00fablico<\/a><\/li>\n\n\n\n<li><a href=\"https:\/\/pos.grancursosonline.com.br\/curso\/licitacoes-publicas-e-contratos-administrativos\">P\u00f3s-Gradua\u00e7\u00e3o em Licita\u00e7\u00f5es P\u00fablicas e Contratos Administrativos<\/a><\/li>\n\n\n\n<li><a href=\"https:\/\/pos.grancursosonline.com.br\/curso\/processo-legislativo\">P\u00f3s-Gradua\u00e7\u00e3o em Processo Legislativo<\/a><\/li>\n\n\n\n<li><a href=\"https:\/\/pos.grancursosonline.com.br\/curso\/regulacao-e-agencias-reguladoras\">P\u00f3s-Gradua\u00e7\u00e3o em Regula\u00e7\u00e3o e Ag\u00eancias Reguladora<\/a><\/li>\n<\/ul>\n\n\n\n<h2 class=\"wp-block-heading\" id=\"h-vem-pra-gran-faculdade\">Vem pra Gran Faculdade!<\/h2>\n\n\n\n<p>A Gran Faculdade vem mudando a vida de milhares de pessoas por meio de cursos \u00e0 dist\u00e2ncia de <a href=\"https:\/\/faculdade.grancursosonline.com.br\/\" target=\"_blank\" rel=\"noreferrer noopener\">gradua\u00e7\u00e3o<\/a>, <a href=\"https:\/\/pos.grancursosonline.com.br\/\" target=\"_blank\" rel=\"noreferrer noopener\">p\u00f3s-gradua\u00e7\u00e3o<\/a> e <a href=\"https:\/\/pos.grancursosonline.com.br\/mba\" target=\"_blank\" rel=\"noreferrer noopener\">MBA<\/a>. Seja no digital ou em nosso <a href=\"https:\/\/presencial.grancursosonline.com.br\/\" target=\"_blank\" rel=\"noreferrer noopener\">Campus Presencial em Curitiba<\/a>, a nossa miss\u00e3o \u00e9 transformar a educa\u00e7\u00e3o superior.<\/p>\n\n\n\n<p>Como parte de Sistema Gran de Ensino, que \u00e9 reconhecido como marca aprovadora h\u00e1 mais de 10 anos, constru\u00edmos uma renomada reputa\u00e7\u00e3o na \u00e1rea de educa\u00e7\u00e3o.<\/p>\n\n\n\n<p>Veja algumas de nossas conquistas:<\/p>\n\n\n\n<ul class=\"wp-block-list\">\n<li>Reconhecido pela Amazon como um dos projetos mais relevantes do mundo na \u00e1rea de Tecnologia e Educa\u00e7\u00e3o;<\/li>\n\n\n\n<li>Foi eleito pelo Project Management Institute (PMI), um dos 50 Projetos Mais Influentes do mundo;<\/li>\n\n\n\n<li>Somos o site de educa\u00e7\u00e3o mais acessado do Brasil;<\/li>\n\n\n\n<li>Somos avaliados com a nota m\u00e1xima pelo MEC;<\/li>\n\n\n\n<li>Aqui o semestre come\u00e7a quando quiser: entrada imediata e cont\u00ednua!<\/li>\n\n\n\n<li>Melhores pre\u00e7os do mercado;<\/li>\n\n\n\n<li>Mais de 500 mil alunos pagantes e mais de 1000 funcion\u00e1rios;<\/li>\n\n\n\n<li>Diversas ferramentas de estudo: PDFs, audiobooks, mapas mentais, videoaulas, quest\u00f5es, gerenciador de estudos e muito mais!<\/li>\n\n\n\n<li>Professores experientes e capacitados;<\/li>\n\n\n\n<li>Acesso imediato e 100% online.<\/li>\n<\/ul>\n\n\n\n<p class=\"has-text-align-center has-text-align-center\"><strong><a href=\"https:\/\/faculdade.grancursosonline.com.br\/\" target=\"_blank\" rel=\"noreferrer noopener\">Quero ser aluno da Gran Faculdade!<\/a><\/strong><\/p>\n","protected":false},"excerpt":{"rendered":"<p>Voc\u00ea j\u00e1 deve ter ouvido falar em dano moral. Esse tipo de situa\u00e7\u00e3o geralmente envolve algum conflito que ofenda a honra, a imagem ou outros aspectos que envolvam a identidade de uma pessoa e sua reputa\u00e7\u00e3o. Desse modo, \u00e9 essencial entender esse tipo de a\u00e7\u00e3o, principalmente se voc\u00ea atua no campo jur\u00eddico ou gest\u00e3o de&hellip;<\/p>\n","protected":false},"author":486,"featured_media":79747872,"comment_status":"open","ping_status":"open","sticky":false,"template":"","format":"standard","meta":{"_acf_changed":false,"content-type":"","footnotes":""},"categories":[209229,2],"tags":[126404,209248],"class_list":["post-79747844","post","type-post","status-publish","format-standard","has-post-thumbnail","hentry","category-pos-graduacao","category-ultimas-noticias","tag-cursos-e-pos-graduacao","tag-pos-graduacao-gran-cursos"],"acf":[],"yoast_head":"<!-- This site is optimized with the Yoast SEO Premium plugin v27.2 (Yoast SEO v27.2) - https:\/\/yoast.com\/product\/yoast-seo-premium-wordpress\/ -->\n<title>Dano Moral: o que \u00e9 e como funciona o processo?<\/title>\n<meta name=\"description\" content=\"O que \u00e9 dano moral? O que caracteriza o dano moral? Entenda esse tipo de processo e quais as consequ\u00eancias legais para ele\" \/>\n<meta name=\"robots\" content=\"index, follow, max-snippet:-1, max-image-preview:large, max-video-preview:-1\" \/>\n<link rel=\"canonical\" href=\"https:\/\/faculdade.grancursosonline.com.br\/blog\/dano-moral\/\" \/>\n<meta property=\"og:locale\" content=\"pt_BR\" \/>\n<meta property=\"og:type\" content=\"article\" \/>\n<meta property=\"og:title\" content=\"Dano Moral: o que \u00e9 e como funciona o processo?\" \/>\n<meta property=\"og:description\" content=\"O que \u00e9 dano moral? O que caracteriza o dano moral? Entenda esse tipo de processo e quais as consequ\u00eancias legais para ele\" \/>\n<meta property=\"og:url\" content=\"https:\/\/faculdade.grancursosonline.com.br\/blog\/dano-moral\/\" \/>\n<meta property=\"og:site_name\" content=\"Blog Gran Faculdade\" \/>\n<meta property=\"article:publisher\" content=\"https:\/\/www.facebook.com\/grancursosonline\/\" \/>\n<meta property=\"article:published_time\" content=\"2024-07-31T20:11:13+00:00\" \/>\n<meta property=\"article:modified_time\" content=\"2024-07-31T20:11:23+00:00\" \/>\n<meta property=\"og:image\" content=\"https:\/\/blog-es-static.infra.grancursosonline.com.br\/wp-content\/uploads\/2024\/07\/31154220\/dano-moral.jpg\" \/>\n\t<meta property=\"og:image:width\" content=\"510\" \/>\n\t<meta property=\"og:image:height\" content=\"310\" \/>\n\t<meta property=\"og:image:type\" content=\"image\/jpeg\" \/>\n<meta name=\"author\" content=\"Equipe Gran\" \/>\n<meta name=\"twitter:card\" content=\"summary_large_image\" \/>\n<meta name=\"twitter:creator\" content=\"@gran_online\" \/>\n<meta name=\"twitter:site\" content=\"@gran_online\" \/>\n<meta name=\"twitter:label1\" content=\"Written by\" \/>\n\t<meta name=\"twitter:data1\" content=\"Equipe Gran\" \/>\n\t<meta name=\"twitter:label2\" content=\"Est. reading time\" \/>\n\t<meta name=\"twitter:data2\" content=\"8 minutos\" \/>\n<script type=\"application\/ld+json\" class=\"yoast-schema-graph\">{\"@context\":\"https:\/\/schema.org\",\"@graph\":[{\"@type\":\"NewsArticle\",\"@id\":\"https:\/\/faculdade.grancursosonline.com.br\/blog\/dano-moral\/#article\",\"isPartOf\":{\"@id\":\"https:\/\/faculdade.grancursosonline.com.br\/blog\/dano-moral\/\"},\"author\":{\"name\":\"Equipe Gran\",\"@id\":\"https:\/\/faculdade.grancursosonline.com.br\/blog\/#\/schema\/person\/c05f350f8ea43a7138aaffc6a87bc5e0\"},\"headline\":\"Dano Moral: o que \u00e9 e como funciona o processo?\",\"datePublished\":\"2024-07-31T20:11:13+00:00\",\"dateModified\":\"2024-07-31T20:11:23+00:00\",\"mainEntityOfPage\":{\"@id\":\"https:\/\/faculdade.grancursosonline.com.br\/blog\/dano-moral\/\"},\"wordCount\":1318,\"commentCount\":0,\"publisher\":{\"@id\":\"https:\/\/faculdade.grancursosonline.com.br\/blog\/#organization\"},\"image\":{\"@id\":\"https:\/\/faculdade.grancursosonline.com.br\/blog\/dano-moral\/#primaryimage\"},\"thumbnailUrl\":\"https:\/\/blog-es-static.infra.grancursosonline.com.br\/wp-content\/uploads\/2024\/07\/31154220\/dano-moral.jpg\",\"keywords\":[\"Cursos e P\u00f3s-gradua\u00e7\u00e3o\",\"P\u00f3s-Gradua\u00e7\u00e3o Gran Cursos\"],\"articleSection\":[\"P\u00f3s-Gradua\u00e7\u00e3o Gran Faculdade\",\"\u00daltimas Not\u00edcias\"],\"inLanguage\":\"pt-BR\",\"potentialAction\":[{\"@type\":\"CommentAction\",\"name\":\"Comment\",\"target\":[\"https:\/\/faculdade.grancursosonline.com.br\/blog\/dano-moral\/#respond\"]}],\"copyrightYear\":\"2024\",\"copyrightHolder\":{\"@id\":\"https:\/\/faculdade.grancursosonline.com.br\/blog\/#organization\"}},{\"@type\":\"WebPage\",\"@id\":\"https:\/\/faculdade.grancursosonline.com.br\/blog\/dano-moral\/\",\"url\":\"https:\/\/faculdade.grancursosonline.com.br\/blog\/dano-moral\/\",\"name\":\"Dano Moral: o que \u00e9 e como funciona o processo?\",\"isPartOf\":{\"@id\":\"https:\/\/faculdade.grancursosonline.com.br\/blog\/#website\"},\"primaryImageOfPage\":{\"@id\":\"https:\/\/faculdade.grancursosonline.com.br\/blog\/dano-moral\/#primaryimage\"},\"image\":{\"@id\":\"https:\/\/faculdade.grancursosonline.com.br\/blog\/dano-moral\/#primaryimage\"},\"thumbnailUrl\":\"https:\/\/blog-es-static.infra.grancursosonline.com.br\/wp-content\/uploads\/2024\/07\/31154220\/dano-moral.jpg\",\"datePublished\":\"2024-07-31T20:11:13+00:00\",\"dateModified\":\"2024-07-31T20:11:23+00:00\",\"description\":\"O que \u00e9 dano moral? O que caracteriza o dano moral? Entenda esse tipo de processo e quais as consequ\u00eancias legais para ele\",\"breadcrumb\":{\"@id\":\"https:\/\/faculdade.grancursosonline.com.br\/blog\/dano-moral\/#breadcrumb\"},\"inLanguage\":\"pt-BR\",\"potentialAction\":[{\"@type\":\"ReadAction\",\"target\":[\"https:\/\/faculdade.grancursosonline.com.br\/blog\/dano-moral\/\"]}]},{\"@type\":\"ImageObject\",\"inLanguage\":\"pt-BR\",\"@id\":\"https:\/\/faculdade.grancursosonline.com.br\/blog\/dano-moral\/#primaryimage\",\"url\":\"https:\/\/blog-es-static.infra.grancursosonline.com.br\/wp-content\/uploads\/2024\/07\/31154220\/dano-moral.jpg\",\"contentUrl\":\"https:\/\/blog-es-static.infra.grancursosonline.com.br\/wp-content\/uploads\/2024\/07\/31154220\/dano-moral.jpg\",\"width\":510,\"height\":310,\"caption\":\"Dano Moral\"},{\"@type\":\"BreadcrumbList\",\"@id\":\"https:\/\/faculdade.grancursosonline.com.br\/blog\/dano-moral\/#breadcrumb\",\"itemListElement\":[{\"@type\":\"ListItem\",\"position\":1,\"name\":\"In\u00edcio\",\"item\":\"https:\/\/faculdade.grancursosonline.com.br\/blog\/\"},{\"@type\":\"ListItem\",\"position\":2,\"name\":\"P\u00f3s-Gradua\u00e7\u00e3o Gran Faculdade\",\"item\":\"https:\/\/faculdade.grancursosonline.com.br\/blog\/pos-graduacao\/\"},{\"@type\":\"ListItem\",\"position\":3,\"name\":\"Dano Moral: o que \u00e9 e como funciona o processo?\"}]},{\"@type\":\"WebSite\",\"@id\":\"https:\/\/faculdade.grancursosonline.com.br\/blog\/#website\",\"url\":\"https:\/\/faculdade.grancursosonline.com.br\/blog\/\",\"name\":\"Blog Gran Faculdade\",\"description\":\"Tudo sobre ensino superior, p\u00f3s-gradua\u00e7\u00e3o, enem e carreira.\",\"publisher\":{\"@id\":\"https:\/\/faculdade.grancursosonline.com.br\/blog\/#organization\"},\"potentialAction\":[{\"@type\":\"SearchAction\",\"target\":{\"@type\":\"EntryPoint\",\"urlTemplate\":\"https:\/\/faculdade.grancursosonline.com.br\/blog\/?s={search_term_string}\"},\"query-input\":{\"@type\":\"PropertyValueSpecification\",\"valueRequired\":true,\"valueName\":\"search_term_string\"}}],\"inLanguage\":\"pt-BR\"},{\"@type\":\"Organization\",\"@id\":\"https:\/\/faculdade.grancursosonline.com.br\/blog\/#organization\",\"name\":\"Gran Cursos Online\",\"url\":\"https:\/\/faculdade.grancursosonline.com.br\/blog\/\",\"logo\":{\"@type\":\"ImageObject\",\"inLanguage\":\"pt-BR\",\"@id\":\"https:\/\/faculdade.grancursosonline.com.br\/blog\/#\/schema\/logo\/image\/\",\"url\":\"https:\/\/blog-es-static.infra.grancursosonline.com.br\/wp-content\/uploads\/2019\/08\/03123934\/logo.png\",\"contentUrl\":\"https:\/\/blog-es-static.infra.grancursosonline.com.br\/wp-content\/uploads\/2019\/08\/03123934\/logo.png\",\"width\":300,\"height\":57,\"caption\":\"Gran Cursos Online\"},\"image\":{\"@id\":\"https:\/\/faculdade.grancursosonline.com.br\/blog\/#\/schema\/logo\/image\/\"},\"sameAs\":[\"https:\/\/www.facebook.com\/grancursosonline\/\",\"https:\/\/x.com\/gran_online\",\"https:\/\/www.instagram.com\/grancursosonline\/\",\"https:\/\/www.youtube.com\/user\/grancursostv\"]},{\"@type\":\"Person\",\"@id\":\"https:\/\/faculdade.grancursosonline.com.br\/blog\/#\/schema\/person\/c05f350f8ea43a7138aaffc6a87bc5e0\",\"name\":\"Equipe Gran\",\"sameAs\":[\"http:\/\/www.grancursosonline.com.br\"],\"url\":\"https:\/\/faculdade.grancursosonline.com.br\/blog\/author\/hugo-oliveira\/\"}]}<\/script>\n<!-- \/ Yoast SEO Premium plugin. -->","yoast_head_json":{"title":"Dano Moral: o que \u00e9 e como funciona o processo?","description":"O que \u00e9 dano moral? O que caracteriza o dano moral? Entenda esse tipo de processo e quais as consequ\u00eancias legais para ele","robots":{"index":"index","follow":"follow","max-snippet":"max-snippet:-1","max-image-preview":"max-image-preview:large","max-video-preview":"max-video-preview:-1"},"canonical":"https:\/\/faculdade.grancursosonline.com.br\/blog\/dano-moral\/","og_locale":"pt_BR","og_type":"article","og_title":"Dano Moral: o que \u00e9 e como funciona o processo?","og_description":"O que \u00e9 dano moral? O que caracteriza o dano moral? Entenda esse tipo de processo e quais as consequ\u00eancias legais para ele","og_url":"https:\/\/faculdade.grancursosonline.com.br\/blog\/dano-moral\/","og_site_name":"Blog Gran Faculdade","article_publisher":"https:\/\/www.facebook.com\/grancursosonline\/","article_published_time":"2024-07-31T20:11:13+00:00","article_modified_time":"2024-07-31T20:11:23+00:00","og_image":[{"width":510,"height":310,"url":"https:\/\/blog-es-static.infra.grancursosonline.com.br\/wp-content\/uploads\/2024\/07\/31154220\/dano-moral.jpg","type":"image\/jpeg"}],"author":"Equipe Gran","twitter_card":"summary_large_image","twitter_creator":"@gran_online","twitter_site":"@gran_online","twitter_misc":{"Written by":"Equipe Gran","Est. reading time":"8 minutos"},"schema":{"@context":"https:\/\/schema.org","@graph":[{"@type":"NewsArticle","@id":"https:\/\/faculdade.grancursosonline.com.br\/blog\/dano-moral\/#article","isPartOf":{"@id":"https:\/\/faculdade.grancursosonline.com.br\/blog\/dano-moral\/"},"author":{"name":"Equipe Gran","@id":"https:\/\/faculdade.grancursosonline.com.br\/blog\/#\/schema\/person\/c05f350f8ea43a7138aaffc6a87bc5e0"},"headline":"Dano Moral: o que \u00e9 e como funciona o processo?","datePublished":"2024-07-31T20:11:13+00:00","dateModified":"2024-07-31T20:11:23+00:00","mainEntityOfPage":{"@id":"https:\/\/faculdade.grancursosonline.com.br\/blog\/dano-moral\/"},"wordCount":1318,"commentCount":0,"publisher":{"@id":"https:\/\/faculdade.grancursosonline.com.br\/blog\/#organization"},"image":{"@id":"https:\/\/faculdade.grancursosonline.com.br\/blog\/dano-moral\/#primaryimage"},"thumbnailUrl":"https:\/\/blog-es-static.infra.grancursosonline.com.br\/wp-content\/uploads\/2024\/07\/31154220\/dano-moral.jpg","keywords":["Cursos e P\u00f3s-gradua\u00e7\u00e3o","P\u00f3s-Gradua\u00e7\u00e3o Gran Cursos"],"articleSection":["P\u00f3s-Gradua\u00e7\u00e3o Gran Faculdade","\u00daltimas Not\u00edcias"],"inLanguage":"pt-BR","potentialAction":[{"@type":"CommentAction","name":"Comment","target":["https:\/\/faculdade.grancursosonline.com.br\/blog\/dano-moral\/#respond"]}],"copyrightYear":"2024","copyrightHolder":{"@id":"https:\/\/faculdade.grancursosonline.com.br\/blog\/#organization"}},{"@type":"WebPage","@id":"https:\/\/faculdade.grancursosonline.com.br\/blog\/dano-moral\/","url":"https:\/\/faculdade.grancursosonline.com.br\/blog\/dano-moral\/","name":"Dano Moral: o que \u00e9 e como funciona o processo?","isPartOf":{"@id":"https:\/\/faculdade.grancursosonline.com.br\/blog\/#website"},"primaryImageOfPage":{"@id":"https:\/\/faculdade.grancursosonline.com.br\/blog\/dano-moral\/#primaryimage"},"image":{"@id":"https:\/\/faculdade.grancursosonline.com.br\/blog\/dano-moral\/#primaryimage"},"thumbnailUrl":"https:\/\/blog-es-static.infra.grancursosonline.com.br\/wp-content\/uploads\/2024\/07\/31154220\/dano-moral.jpg","datePublished":"2024-07-31T20:11:13+00:00","dateModified":"2024-07-31T20:11:23+00:00","description":"O que \u00e9 dano moral? O que caracteriza o dano moral? Entenda esse tipo de processo e quais as consequ\u00eancias legais para ele","breadcrumb":{"@id":"https:\/\/faculdade.grancursosonline.com.br\/blog\/dano-moral\/#breadcrumb"},"inLanguage":"pt-BR","potentialAction":[{"@type":"ReadAction","target":["https:\/\/faculdade.grancursosonline.com.br\/blog\/dano-moral\/"]}]},{"@type":"ImageObject","inLanguage":"pt-BR","@id":"https:\/\/faculdade.grancursosonline.com.br\/blog\/dano-moral\/#primaryimage","url":"https:\/\/blog-es-static.infra.grancursosonline.com.br\/wp-content\/uploads\/2024\/07\/31154220\/dano-moral.jpg","contentUrl":"https:\/\/blog-es-static.infra.grancursosonline.com.br\/wp-content\/uploads\/2024\/07\/31154220\/dano-moral.jpg","width":510,"height":310,"caption":"Dano Moral"},{"@type":"BreadcrumbList","@id":"https:\/\/faculdade.grancursosonline.com.br\/blog\/dano-moral\/#breadcrumb","itemListElement":[{"@type":"ListItem","position":1,"name":"In\u00edcio","item":"https:\/\/faculdade.grancursosonline.com.br\/blog\/"},{"@type":"ListItem","position":2,"name":"P\u00f3s-Gradua\u00e7\u00e3o Gran Faculdade","item":"https:\/\/faculdade.grancursosonline.com.br\/blog\/pos-graduacao\/"},{"@type":"ListItem","position":3,"name":"Dano Moral: o que \u00e9 e como funciona o processo?"}]},{"@type":"WebSite","@id":"https:\/\/faculdade.grancursosonline.com.br\/blog\/#website","url":"https:\/\/faculdade.grancursosonline.com.br\/blog\/","name":"Blog Gran Faculdade","description":"Tudo sobre ensino superior, p\u00f3s-gradua\u00e7\u00e3o, enem e carreira.","publisher":{"@id":"https:\/\/faculdade.grancursosonline.com.br\/blog\/#organization"},"potentialAction":[{"@type":"SearchAction","target":{"@type":"EntryPoint","urlTemplate":"https:\/\/faculdade.grancursosonline.com.br\/blog\/?s={search_term_string}"},"query-input":{"@type":"PropertyValueSpecification","valueRequired":true,"valueName":"search_term_string"}}],"inLanguage":"pt-BR"},{"@type":"Organization","@id":"https:\/\/faculdade.grancursosonline.com.br\/blog\/#organization","name":"Gran Cursos Online","url":"https:\/\/faculdade.grancursosonline.com.br\/blog\/","logo":{"@type":"ImageObject","inLanguage":"pt-BR","@id":"https:\/\/faculdade.grancursosonline.com.br\/blog\/#\/schema\/logo\/image\/","url":"https:\/\/blog-es-static.infra.grancursosonline.com.br\/wp-content\/uploads\/2019\/08\/03123934\/logo.png","contentUrl":"https:\/\/blog-es-static.infra.grancursosonline.com.br\/wp-content\/uploads\/2019\/08\/03123934\/logo.png","width":300,"height":57,"caption":"Gran Cursos Online"},"image":{"@id":"https:\/\/faculdade.grancursosonline.com.br\/blog\/#\/schema\/logo\/image\/"},"sameAs":["https:\/\/www.facebook.com\/grancursosonline\/","https:\/\/x.com\/gran_online","https:\/\/www.instagram.com\/grancursosonline\/","https:\/\/www.youtube.com\/user\/grancursostv"]},{"@type":"Person","@id":"https:\/\/faculdade.grancursosonline.com.br\/blog\/#\/schema\/person\/c05f350f8ea43a7138aaffc6a87bc5e0","name":"Equipe Gran","sameAs":["http:\/\/www.grancursosonline.com.br"],"url":"https:\/\/faculdade.grancursosonline.com.br\/blog\/author\/hugo-oliveira\/"}]}},"_links":{"self":[{"href":"https:\/\/faculdade.grancursosonline.com.br\/blog\/wp-json\/wp\/v2\/posts\/79747844","targetHints":{"allow":["GET"]}}],"collection":[{"href":"https:\/\/faculdade.grancursosonline.com.br\/blog\/wp-json\/wp\/v2\/posts"}],"about":[{"href":"https:\/\/faculdade.grancursosonline.com.br\/blog\/wp-json\/wp\/v2\/types\/post"}],"author":[{"embeddable":true,"href":"https:\/\/faculdade.grancursosonline.com.br\/blog\/wp-json\/wp\/v2\/users\/486"}],"replies":[{"embeddable":true,"href":"https:\/\/faculdade.grancursosonline.com.br\/blog\/wp-json\/wp\/v2\/comments?post=79747844"}],"version-history":[{"count":2,"href":"https:\/\/faculdade.grancursosonline.com.br\/blog\/wp-json\/wp\/v2\/posts\/79747844\/revisions"}],"predecessor-version":[{"id":79747899,"href":"https:\/\/faculdade.grancursosonline.com.br\/blog\/wp-json\/wp\/v2\/posts\/79747844\/revisions\/79747899"}],"wp:featuredmedia":[{"embeddable":true,"href":"https:\/\/faculdade.grancursosonline.com.br\/blog\/wp-json\/wp\/v2\/media\/79747872"}],"wp:attachment":[{"href":"https:\/\/faculdade.grancursosonline.com.br\/blog\/wp-json\/wp\/v2\/media?parent=79747844"}],"wp:term":[{"taxonomy":"category","embeddable":true,"href":"https:\/\/faculdade.grancursosonline.com.br\/blog\/wp-json\/wp\/v2\/categories?post=79747844"},{"taxonomy":"post_tag","embeddable":true,"href":"https:\/\/faculdade.grancursosonline.com.br\/blog\/wp-json\/wp\/v2\/tags?post=79747844"}],"curies":[{"name":"wp","href":"https:\/\/api.w.org\/{rel}","templated":true}]}}