{"id":79747918,"date":"2024-08-01T08:08:00","date_gmt":"2024-08-01T11:08:00","guid":{"rendered":"https:\/\/blog.grancursosonline.com.br\/?p=79747918"},"modified":"2024-07-31T23:59:14","modified_gmt":"2024-08-01T02:59:14","slug":"faculdade-processos-gerenciais","status":"publish","type":"post","link":"https:\/\/faculdade.grancursosonline.com.br\/blog\/faculdade-processos-gerenciais\/","title":{"rendered":"Faculdade de Processos Gerenciais: como \u00e9 e onde atuar?"},"content":{"rendered":"\n<p>Com r\u00e1pida forma\u00e7\u00e3o e diversas possibilidades de carreira tanto na esfera p\u00fablica, quanto na \u00e1rea privada, a faculdade de <a href=\"https:\/\/faculdade.grancursosonline.com.br\/curso\/processos-gerenciais\/\" target=\"_blank\" rel=\"noreferrer noopener\">Processos Gerenciais<\/a> \u00e9 ideal para quem quer atuar em \u00e1reas administrativas, de log\u00edstica, gest\u00e3o ou outras posi\u00e7\u00f5es estrat\u00e9gicas para neg\u00f3cios.<\/p>\n\n\n\n<p>Por isso, a seguir vamos entender mais sobre o curso e a \u00e1rea de atua\u00e7\u00e3o depois da <a href=\"https:\/\/faculdade.grancursosonline.com.br\/curso\/processos-gerenciais\/\" target=\"_blank\" rel=\"noreferrer noopener\">gradua\u00e7\u00e3o em Processos Gerenciais<\/a>.\u00a0<\/p>\n\n\n\n<div class=\"wp-block-columns is-layout-flex wp-container-core-columns-is-layout-9d6595d7 wp-block-columns-is-layout-flex\">\n<div class=\"wp-block-column is-layout-flow wp-block-column-is-layout-flow\" style=\"flex-basis:100%\"><div class=\"wp-block-image\">\n<figure class=\"aligncenter size-full\"><a href=\"https:\/\/whatsapp.com\/channel\/0029VaG1sChI7Be7PNndhL43\" target=\"_blank\" rel=\"noopener\"><img decoding=\"async\" src=\"https:\/\/blog-es-static.infra.grancursosonline.com.br\/wp-content\/uploads\/2025\/09\/09112354\/banner-wp-600x142-80.webp\" alt=\"Acesse o canal do WhatsApp da Gran Faculdade\" class=\"wp-image-79751904\"\/><\/a><\/figure>\n<\/div><\/div>\n<\/div>\n\n\n\n<p>Ent\u00e3o, vamos l\u00e1. Se preferir, navegue pelo \u00edndice abaixo:<\/p>\n\n\n\n<ul class=\"wp-block-list\">\n<li><a href=\"#o-que\">O que s\u00e3o Processos Gerenciais?<\/a><\/li>\n\n\n\n<li><a href=\"#e\">Por que Tecnologia em Processos Gerenciais?<\/a><\/li>\n\n\n\n<li><a href=\"#tempo\">Quanto tempo \u00e9 a faculdade de Processos Gerenciais?<\/a><\/li>\n\n\n\n<li><a href=\"#faz\"><\/a><a href=\"#curso\">Como \u00e9 a faculdade de Processos Gerenciais do Gran?<\/a><\/li>\n\n\n\n<li><a href=\"#faz\">O que faz quem se forma em Processos Gerenciais?<\/a><\/li>\n\n\n\n<li><a href=\"#salario\">Qual o sal\u00e1rio de um tecn\u00f3logo em Processos Gerenciais?<\/a><\/li>\n\n\n\n<li><a href=\"#gran\">Aproveite os descontos e a entrada imediata da Gran Faculdade!<\/a><\/li>\n<\/ul>\n\n\n\n<div class=\"wp-block-group has-background\" style=\"background-color:#8dd2fc7a\"><div class=\"wp-block-group__inner-container is-layout-constrained wp-block-group-is-layout-constrained\">\n<p><strong>Outras not\u00edcias em destaque:<\/strong><\/p>\n\n\n\n<ul class=\"wp-block-list\">\n<li><a href=\"https:\/\/blog.grancursosonline.com.br\/gestao-processos-projetos\/\" target=\"_blank\" rel=\"noreferrer noopener\">Gest\u00e3o por Processos e Projetos: nova p\u00f3s da Gran Faculdade!<\/a><\/li>\n\n\n\n<li><a href=\"https:\/\/blog.grancursosonline.com.br\/sistemas-operacionais-gerencia-de-memoria\/\" target=\"_blank\" rel=\"noreferrer noopener\">Sistemas Operacionais \u2013 Ger\u00eancia de Mem\u00f3ria<\/a><\/li>\n\n\n\n<li><a href=\"https:\/\/blog.grancursosonline.com.br\/sistemas-operacionais-gerenciamento-de-processos\/\" target=\"_blank\" rel=\"noreferrer noopener\">Sistemas Operacionais \u2013 Gerenciamento de processos<\/a><\/li>\n<\/ul>\n<\/div><\/div>\n\n\n\n<h2 class=\"wp-block-heading\" id=\"o-que\">O que s\u00e3o Processos Gerenciais?<\/h2>\n\n\n\n<p>Basicamente, como o pr\u00f3prio nome sugere, essa \u00e1rea se dedica ao estudo e \u00e0 gest\u00e3o de processos dos mais diversos.<\/p>\n\n\n\n<p>De forma bem resumida, ao longo de todo o processo de idealiza\u00e7\u00e3o, planejamento, execu\u00e7\u00e3o, testes, comercializa\u00e7\u00e3o, distribui\u00e7\u00e3o, etc. de um produto, h\u00e1 uma s\u00e9rie de processos para garantir a qualidade, o bom funcionamento e outras quest\u00f5es essenciais.<\/p>\n\n\n\n<p>E em cada etapa, existem processos pr\u00e9-definidos pela empresa\/institui\u00e7\u00e3o. Uma boa gest\u00e3o dos processos \u00e9 fundamental para garantir o bom funcionamento da empresa, coordenando as atividades de forma assertiva e seguindo um fluxo adequado.<\/p>\n\n\n\n<h2 class=\"wp-block-heading\" id=\"e\">Por que Tecnologia em Processos Gerenciais?<\/h2>\n\n\n\n<p>A faculdade de Processos Gerenciais \u00e9 um <a href=\"https:\/\/faculdade.grancursosonline.com.br\/curso\/processos-gerenciais\/\">curso superior de tecnologia em processos gerenciais<\/a>. Isso quer dizer que a forma\u00e7\u00e3o \u00e9 de n\u00edvel superior, mas possui uma r\u00e1pida forma\u00e7\u00e3o, que preparar profissionais para o mercado de trabalho. <\/p>\n\n\n\n<p>Assim, a faculdade de Processos Gerenciais \u00e9 uma forma\u00e7\u00e3o para profissionais que querem atuar com gest\u00e3o empresarial e administra\u00e7\u00e3o p\u00fablica e\/ou privada, de forma mais focada em uma parte pr\u00e1tica e estrat\u00e9gica da gest\u00e3o: os processos organizacionais.\u00a0<\/p>\n\n\n\n<p>Por isso, a \u00e1rea demanda habilidades como:<\/p>\n\n\n\n<ul class=\"wp-block-list\">\n<li>Gest\u00e3o<\/li>\n\n\n\n<li>Comunica\u00e7\u00e3o<\/li>\n\n\n\n<li>An\u00e1lise de dados e de mercado<\/li>\n\n\n\n<li>Planejamento estrat\u00e9gico<\/li>\n\n\n\n<li>Lideran\u00e7a, entre outras.\u00a0<\/li>\n<\/ul>\n\n\n\n<h2 class=\"wp-block-heading\" id=\"tempo\">Quanto tempo \u00e9 a faculdade de Processos Gerenciais?<\/h2>\n\n\n\n<p>A faculdade de Processos Gerenciais possui dura\u00e7\u00e3o de 2 anos (4 semestres) e pode ser feito de forma totalmente online (EAD). Assim, voc\u00ea consegue conquistar seu diploma e alavancar sua carreira.<\/p>\n\n\n\n<h2 class=\"wp-block-heading\" id=\"curso\">Como \u00e9 a faculdade de Processos Gerenciais do Gran?<\/h2>\n\n\n\n<p>O curso de Tecnologia em Processos Gerenciais do Gran \u00e9 <strong>totalmente online e possui dura\u00e7\u00e3o de 4 semestres<\/strong>, com carga hor\u00e1ria de 1.660h.<\/p>\n\n\n\n<p>A gradua\u00e7\u00e3o fornece aos alunos habilidades e conhecimentos importantes para atua\u00e7\u00e3o em cargos de gest\u00e3o em diversos setores e tipos de empresas, desde pequenas empresas e startups at\u00e9 grandes corpora\u00e7\u00f5es multinacionais.<\/p>\n\n\n\n<p>No curso superior de Tecnologia em Processos Gerenciais EAD do Gran, s\u00e3o promovidas <strong>experi\u00eancias de trabalho que permitem aos alunos aplicar o que est\u00e3o aprendendo em um ambiente real<\/strong>, tornando o aprendizado mais relevante para a vida profissional.<\/p>\n\n\n\n<p>Al\u00e9m disso, o primeiro semestre \u00e9 comum aos demais cursos de Gest\u00e3o e Neg\u00f3cios, o que efetiva e eleva a conex\u00e3o entre as \u00e1reas. E ao longo do curso \u00e9 poss\u00edvel optar entre duas \u00eanfases:<\/p>\n\n\n\n<h3 class=\"wp-block-heading\">Gerenciamento de Processos de Neg\u00f3cios (BPMN)<\/h3>\n\n\n\n<p>Utilizando o BPMN, \u00e9 poss\u00edvel criar modelos de processos de neg\u00f3cios que incluem informa\u00e7\u00f5es detalhadas sobre as atividades, eventos, decis\u00f5es, fluxos e responsabilidades envolvidas em um processo. Esses modelos podem ser usados para comunicar como um processo deve ser executado com clareza e precis\u00e3o.<\/p>\n\n\n\n<p>Por isso, essa \u00eanfase \u00e9 uma excelente op\u00e7\u00e3o para fomentar um perfil anal\u00edtico, detalhista e muito buscado pelo mercado de trabalho.<\/p>\n\n\n\n<h3 class=\"wp-block-heading\">Qualidade dos Processos de Neg\u00f3cios<\/h3>\n\n\n\n<p>Uma outra op\u00e7\u00e3o de \u00eanfase para os alunos de Processos Gerenciais do Gran \u00e9 a de Qualidade dos Processos e Neg\u00f3cios. Aqui, o objetivo \u00e9 garantir que os processos de neg\u00f3cios de uma organiza\u00e7\u00e3o atendam \u00e0s expectativas dos stakeholders (principais p\u00fablicos de interesse) e forne\u00e7am resultados consistentes e confi\u00e1veis.<\/p>\n\n\n\n<p>A qualidade dos processos pode melhorar a satisfa\u00e7\u00e3o do cliente, aumentar a efici\u00eancia operacional, reduzir custos, minimizar riscos e melhorar a imagem da empresa. Ou seja, tamb\u00e9m \u00e9 uma \u00e1rea essencial e bem quista pelo mercado.<\/p>\n\n\n\n<h2 class=\"wp-block-heading\" id=\"grade\">Grade curricular da faculdade de Processos Gerenciais<\/h2>\n\n\n\n<p>Bom, como a fun\u00e7\u00e3o do tecn\u00f3logo em Processos Gerenciais \u00e9 ampla e esse(a) profissional pode atuar no setor administrativo, na gest\u00e3o, nas \u00e1reas de <a href=\"https:\/\/faculdade.grancursosonline.com.br\/curso\/gestao-de-recursos-humanos\/\" target=\"_blank\" rel=\"noreferrer noopener\">recursos humanos<\/a>, <a href=\"https:\/\/faculdade.grancursosonline.com.br\/curso\/logistica\/\" target=\"_blank\" rel=\"noreferrer noopener\">log\u00edstica<\/a>, marketing, etc., fica a d\u00favida: o que se estuda em Processos Gerenciais?&nbsp;<\/p>\n\n\n\n<p>Apesar da curta dura\u00e7\u00e3o, a faculdade de Processos Gerenciais conta com disciplinas estrat\u00e9gicas para que o estudante tenha o embasamento te\u00f3rico e o preparo para a pr\u00e1tica da profiss\u00e3o.\u00a0<\/p>\n\n\n\n<p>Algumas das disciplinas do tecn\u00f3logo em processos gerenciais EAD do Gran s\u00e3o:<\/p>\n\n\n\n<ul class=\"wp-block-list\">\n<li>Design Organizacional;<\/li>\n\n\n\n<li>Comunica\u00e7\u00e3o Integrada;<\/li>\n\n\n\n<li>Gente e Gest\u00e3o;<\/li>\n\n\n\n<li>Design e Cultura Organizacional;<\/li>\n\n\n\n<li>Decis\u00f5es \u00c1geis;<\/li>\n\n\n\n<li>Gest\u00e3o da Qualidade;<\/li>\n\n\n\n<li>L\u00f3gica e Tomada de Decis\u00e3o;<\/li>\n\n\n\n<li>Gest\u00e3o de Projetos e Metodologias \u00c1geis;<\/li>\n\n\n\n<li>Marketing e M\u00eddias Sociais;<\/li>\n\n\n\n<li>Processos e Tecnologia;<\/li>\n\n\n\n<li>Gest\u00e3o Inteligente da Tecnologia;<\/li>\n\n\n\n<li>Administra\u00e7\u00e3o da Tecnologia da Informa\u00e7\u00e3o;<\/li>\n\n\n\n<li>Contabilidade Gerencial;<\/li>\n\n\n\n<li>Modelagem e Gerenciamento de Processos de Neg\u00f3cios;<\/li>\n\n\n\n<li>Gest\u00e3o da Produ\u00e7\u00e3o;<\/li>\n\n\n\n<li>Diagn\u00f3stico e Planejamento de Processos;<\/li>\n\n\n\n<li><strong>Sustentabilidade Empresarial;<\/strong><\/li>\n\n\n\n<li>Finan\u00e7as Corporativas;<\/li>\n\n\n\n<li><em>Supply Chain<\/em>.<\/li>\n<\/ul>\n\n\n\n<p>Al\u00e9m disso, no Gran voc\u00ea conta com disciplinas voltadas para o <a href=\"https:\/\/blog.grancursosonline.com.br\/plano-de-carreira\/\" target=\"_blank\" rel=\"noopener\">desenvolvimento da sua carreira<\/a>, como \u00e9tica e responsabilidade, sa\u00fade mental e comportamento, projeto de carreira, empreendedorismo e inova\u00e7\u00e3o, Libras e muito mais.<\/p>\n\n\n\n<h2 class=\"wp-block-heading\" id=\"faz\">O que faz quem se forma em Processos Gerenciais?<\/h2>\n\n\n\n<p>Basicamente, o tecn\u00f3logo em Processos Gerenciais possui diversas possibilidades de atua\u00e7\u00e3o em v\u00e1rios setores, segmentos e empresas. Por isso, o mercado de trabalho pode ser considerado bem aquecido e amplo.&nbsp;<\/p>\n\n\n\n<p>Entre outras atua\u00e7\u00f5es poss\u00edveis, o tecn\u00f3logo em Processos Gerenciais faz o planejamento, gerenciamento e desenho de processos organizacionais. Assim, o(a) tecn\u00f3logo em Processos Gerenciais pode atuar:\u00a0<\/p>\n\n\n\n<ul class=\"wp-block-list\">\n<li>Em empresas de diversos segmentos e portes nas \u00e1reas de: Administra\u00e7\u00e3o, Recursos Humanos (RH), Log\u00edstica, Marketing, Opera\u00e7\u00f5es, entre outras;<\/li>\n\n\n\n<li>Como servidor(a) p\u00fablico prestando concursos de n\u00edvel superior para vagas em Administra\u00e7\u00e3o, Gest\u00e3o e outras;<\/li>\n\n\n\n<li>Empreendendo, em qualquer \u00e1rea, utilizando seus conhecimentos em gest\u00e3o de neg\u00f3cios;<\/li>\n\n\n\n<li>Fazendo consultorias e prestando servi\u00e7os de forma aut\u00f4noma, etc.<\/li>\n<\/ul>\n\n\n\n<h2 class=\"wp-block-heading\" id=\"salario\">Quanto ganha um profissional de Tecnologia em Processos Gerenciais?<\/h2>\n\n\n\n<p>O mercado de trabalho para tecn\u00f3logo em Processos Gerenciais \u00e9 extremamente amplo e diverso, mas \u00e9 poss\u00edvel encontrar sal\u00e1rios iniciais entre R$2 mil e R$7 mil, dependendo do cargo, regi\u00e3o do pa\u00eds e institui\u00e7\u00e3o\/empresa.<\/p>\n\n\n\n<h2 class=\"wp-block-heading\" id=\"gran\">Aproveite a entrada imediata da Gran Faculdade!<\/h2>\n\n\n\n<p>Quer come\u00e7ar sua faculdade de <a href=\"https:\/\/faculdade.grancursosonline.com.br\/curso\/processos-gerenciais\/\" target=\"_blank\" rel=\"noopener\">Processos Gerenciais<\/a> EAD ainda hoje? Na <a href=\"https:\/\/faculdade.grancursosonline.com.br\/\" target=\"_blank\" rel=\"noreferrer noopener\">Gran Faculdade<\/a> voc\u00ea pode come\u00e7ar assim que se matricula, por meio da entrada imediata. Al\u00e9m disso, aproveite vantagens como:<\/p>\n\n\n\n<ul class=\"wp-block-list\">\n<li>Mensalidades que cabem no seu bolso e cupom de desconto que se estende por todo o curso;<\/li>\n\n\n\n<li>Flexibiliza\u00e7\u00e3o de hor\u00e1rios para estudar de acordo com a sua rotina;<\/li>\n\n\n\n<li>Professores qualificados e did\u00e1ticos que te preparam tanto para a teoria, quanto para a pr\u00e1tica profissional;<\/li>\n\n\n\n<li>Plataforma simples e intuitiva que pode ser acessada de qualquer dispositivo, para voc\u00ea estudar de onde estiver;<\/li>\n\n\n\n<li>Recursos de acessibilidade e inclus\u00e3o para que todos possam estudar com qualidade;<\/li>\n\n\n\n<li>Recursos tecnol\u00f3gicos que melhoram seu desempenho nos estudos e otimizam seu tempo e conhecimento; e muito mais!<\/li>\n<\/ul>\n\n\n\n<p>S\u00e3o <a href=\"https:\/\/faculdade.grancursosonline.com.br\/nossos-cursos\/\" target=\"_blank\" rel=\"noopener\">mais de 30 cursos de gradua\u00e7\u00e3o<\/a> e mais de <a href=\"https:\/\/pos.grancursosonline.com.br\/nossos-cursos\" target=\"_blank\" rel=\"noopener\">90 cursos de p\u00f3s-gradua\u00e7\u00e3o<\/a> EAD, encontre o seu e aproveite os descontos por todo o curso!<\/p>\n\n\n\n<div class=\"wp-block-group\"><div class=\"wp-block-group__inner-container is-layout-constrained wp-block-group-is-layout-constrained\">\n<section style=\"text-align: center;\">\n<p>Quer ficar por dentro da Faculdade Digital mais inovadora do Brasil?<\/p>\n<nav>\n<p class=\"has-background has-dark-bluish-background-color\" style=\"font-size: 25px; text-align: center; background: #f0f0f0; color: #ffffff; padding: 4px 0px 4xp 0px;\"><a style=\"color: #0d134c; text-decoration: underline;\" href=\"https:\/\/faculdade.grancursosonline.com.br\/\" target=\"_blank\" rel=\"noopener\">GRADUA\u00c7\u00c3O<\/a><\/p>\n<p class=\"has-background has-dark-bluish-background-color\" style=\"font-size: 25px; text-align: center; background: #f0f0f0; color: #ffffff; padding: 4px 0px 4xp 0px;\"><a style=\"color: #0d134c; text-decoration: underline;\" href=\"https:\/\/pos.grancursosonline.com.br\/\" target=\"_blank\" rel=\"noopener\">P\u00d3S-GRADUA\u00c7\u00c3O<\/a><\/p>\n<p class=\"has-background has-dark-bluish-background-color\" style=\"font-size: 25px; text-align: center; background: #f0f0f0; color: #ffffff; padding: 4px 0px 4xp 0px;\"><a style=\"color: #0d134c; text-decoration: underline;\" href=\"https:\/\/faculdade.grancursosonline.com.br\/nossos-cursos\/\" target=\"_blank\" rel=\"noopener\">TUDO SOBRE A GRAN FACULDADE<\/a><\/p>\n<\/nav>\n<p><strong>Receba <span style=\"color: #cf1e25;\">gratuitamente<\/span> no seu celular as principais not\u00edcias sobre a Gran Faculdade! <br \/>Clique no link abaixo e inscreva-se:<\/strong><\/p>\n<p class=\"has-background has-dark-bluish-background-color\" style=\"font-size: 25px; text-align: center; background: #f0f0f0; color: #ffffff; padding: 4px 0px 4xp 0px;\"><a style=\"color: #0d134c; text-decoration: underline;\" href=\"https:\/\/whatsapp.com\/channel\/0029VaG1sChI7Be7PNndhL43\" target=\"_blank\" rel=\"noopener noreferrer\">WHATSAPP<\/a><\/p>\n<p class=\"has-background has-dark-bluish-background-color\" style=\"font-size: 25px; text-align: center; background: #f0f0f0; color: #ffffff; padding: 4px 0px 4xp 0px;\"><a style=\"color: #0d134c; text-decoration: underline;\" href=\"https:\/\/t.me\/GranFaculdade\" target=\"_blank\" rel=\"noopener noreferrer\">TELEGRAM<\/a><\/p>\n<\/section>\n<\/div><\/div>\n","protected":false},"excerpt":{"rendered":"<p>Com r\u00e1pida forma\u00e7\u00e3o e diversas possibilidades de carreira tanto na esfera p\u00fablica, quanto na \u00e1rea privada, a faculdade de Processos Gerenciais \u00e9 ideal para quem quer atuar em \u00e1reas administrativas, de log\u00edstica, gest\u00e3o ou outras posi\u00e7\u00f5es estrat\u00e9gicas para neg\u00f3cios. Por isso, a seguir vamos entender mais sobre o curso e a \u00e1rea de atua\u00e7\u00e3o depois&hellip;<\/p>\n","protected":false},"author":487,"featured_media":79747932,"comment_status":"open","ping_status":"open","sticky":false,"template":"","format":"standard","meta":{"_acf_changed":false,"content-type":"","footnotes":""},"categories":[219790,218545,2],"tags":[],"class_list":["post-79747918","post","type-post","status-publish","format-standard","has-post-thumbnail","hentry","category-graduacao-ead","category-graduacao","category-ultimas-noticias"],"acf":[],"yoast_head":"<!-- This site is optimized with the Yoast SEO Premium plugin v27.2 (Yoast SEO v27.2) - https:\/\/yoast.com\/product\/yoast-seo-premium-wordpress\/ -->\n<title>Faculdade de Processos Gerenciais: como \u00e9 e onde atuar?<\/title>\n<meta name=\"description\" content=\"A faculdade de Processos Gerenciais \u00e9 uma forma\u00e7\u00e3o r\u00e1pida com diversas possibilidades de carreira. Confira como \u00e9 o curso e a profiss\u00e3o!\" \/>\n<meta name=\"robots\" content=\"index, follow, max-snippet:-1, max-image-preview:large, max-video-preview:-1\" \/>\n<link rel=\"canonical\" href=\"https:\/\/faculdade.grancursosonline.com.br\/blog\/faculdade-processos-gerenciais\/\" \/>\n<meta property=\"og:locale\" content=\"pt_BR\" \/>\n<meta property=\"og:type\" content=\"article\" \/>\n<meta property=\"og:title\" content=\"Faculdade de Processos Gerenciais: como \u00e9 e onde atuar?\" \/>\n<meta property=\"og:description\" content=\"A faculdade de Processos Gerenciais \u00e9 uma forma\u00e7\u00e3o r\u00e1pida com diversas possibilidades de carreira. Confira como \u00e9 o curso e a profiss\u00e3o!\" \/>\n<meta property=\"og:url\" content=\"https:\/\/faculdade.grancursosonline.com.br\/blog\/faculdade-processos-gerenciais\/\" \/>\n<meta property=\"og:site_name\" content=\"Blog Gran Faculdade\" \/>\n<meta property=\"article:publisher\" content=\"https:\/\/www.facebook.com\/grancursosonline\/\" \/>\n<meta property=\"article:published_time\" content=\"2024-08-01T11:08:00+00:00\" \/>\n<meta property=\"og:image\" content=\"https:\/\/blog-es-static.infra.grancursosonline.com.br\/wp-content\/uploads\/2024\/07\/31231308\/faculdade-processos-gerenciais.jpg\" \/>\n\t<meta property=\"og:image:width\" content=\"1001\" \/>\n\t<meta property=\"og:image:height\" content=\"601\" \/>\n\t<meta property=\"og:image:type\" content=\"image\/jpeg\" \/>\n<meta name=\"author\" content=\"Equipe Gran\" \/>\n<meta name=\"twitter:card\" content=\"summary_large_image\" \/>\n<meta name=\"twitter:creator\" content=\"@gran_online\" \/>\n<meta name=\"twitter:site\" content=\"@gran_online\" \/>\n<meta name=\"twitter:label1\" content=\"Written by\" \/>\n\t<meta name=\"twitter:data1\" content=\"Equipe Gran\" \/>\n\t<meta name=\"twitter:label2\" content=\"Est. reading time\" \/>\n\t<meta name=\"twitter:data2\" content=\"8 minutos\" \/>\n<script type=\"application\/ld+json\" class=\"yoast-schema-graph\">{\"@context\":\"https:\/\/schema.org\",\"@graph\":[{\"@type\":\"NewsArticle\",\"@id\":\"https:\/\/faculdade.grancursosonline.com.br\/blog\/faculdade-processos-gerenciais\/#article\",\"isPartOf\":{\"@id\":\"https:\/\/faculdade.grancursosonline.com.br\/blog\/faculdade-processos-gerenciais\/\"},\"author\":{\"name\":\"Equipe Gran\",\"@id\":\"https:\/\/faculdade.grancursosonline.com.br\/blog\/#\/schema\/person\/92cc8eebdedc10b3078fe6aff8fc09f4\"},\"headline\":\"Faculdade de Processos Gerenciais: como \u00e9 e onde atuar?\",\"datePublished\":\"2024-08-01T11:08:00+00:00\",\"mainEntityOfPage\":{\"@id\":\"https:\/\/faculdade.grancursosonline.com.br\/blog\/faculdade-processos-gerenciais\/\"},\"wordCount\":1321,\"commentCount\":0,\"publisher\":{\"@id\":\"https:\/\/faculdade.grancursosonline.com.br\/blog\/#organization\"},\"image\":{\"@id\":\"https:\/\/faculdade.grancursosonline.com.br\/blog\/faculdade-processos-gerenciais\/#primaryimage\"},\"thumbnailUrl\":\"https:\/\/blog-es-static.infra.grancursosonline.com.br\/wp-content\/uploads\/2024\/07\/31231308\/faculdade-processos-gerenciais.jpg\",\"articleSection\":[\"Gradua\u00e7\u00e3o EAD\",\"Gradua\u00e7\u00e3o Gran Faculdade\",\"\u00daltimas Not\u00edcias\"],\"inLanguage\":\"pt-BR\",\"potentialAction\":[{\"@type\":\"CommentAction\",\"name\":\"Comment\",\"target\":[\"https:\/\/faculdade.grancursosonline.com.br\/blog\/faculdade-processos-gerenciais\/#respond\"]}],\"copyrightYear\":\"2024\",\"copyrightHolder\":{\"@id\":\"https:\/\/faculdade.grancursosonline.com.br\/blog\/#organization\"}},{\"@type\":\"WebPage\",\"@id\":\"https:\/\/faculdade.grancursosonline.com.br\/blog\/faculdade-processos-gerenciais\/\",\"url\":\"https:\/\/faculdade.grancursosonline.com.br\/blog\/faculdade-processos-gerenciais\/\",\"name\":\"Faculdade de Processos Gerenciais: como \u00e9 e onde atuar?\",\"isPartOf\":{\"@id\":\"https:\/\/faculdade.grancursosonline.com.br\/blog\/#website\"},\"primaryImageOfPage\":{\"@id\":\"https:\/\/faculdade.grancursosonline.com.br\/blog\/faculdade-processos-gerenciais\/#primaryimage\"},\"image\":{\"@id\":\"https:\/\/faculdade.grancursosonline.com.br\/blog\/faculdade-processos-gerenciais\/#primaryimage\"},\"thumbnailUrl\":\"https:\/\/blog-es-static.infra.grancursosonline.com.br\/wp-content\/uploads\/2024\/07\/31231308\/faculdade-processos-gerenciais.jpg\",\"datePublished\":\"2024-08-01T11:08:00+00:00\",\"description\":\"A faculdade de Processos Gerenciais \u00e9 uma forma\u00e7\u00e3o r\u00e1pida com diversas possibilidades de carreira. Confira como \u00e9 o curso e a profiss\u00e3o!\",\"breadcrumb\":{\"@id\":\"https:\/\/faculdade.grancursosonline.com.br\/blog\/faculdade-processos-gerenciais\/#breadcrumb\"},\"inLanguage\":\"pt-BR\",\"potentialAction\":[{\"@type\":\"ReadAction\",\"target\":[\"https:\/\/faculdade.grancursosonline.com.br\/blog\/faculdade-processos-gerenciais\/\"]}]},{\"@type\":\"ImageObject\",\"inLanguage\":\"pt-BR\",\"@id\":\"https:\/\/faculdade.grancursosonline.com.br\/blog\/faculdade-processos-gerenciais\/#primaryimage\",\"url\":\"https:\/\/blog-es-static.infra.grancursosonline.com.br\/wp-content\/uploads\/2024\/07\/31231308\/faculdade-processos-gerenciais.jpg\",\"contentUrl\":\"https:\/\/blog-es-static.infra.grancursosonline.com.br\/wp-content\/uploads\/2024\/07\/31231308\/faculdade-processos-gerenciais.jpg\",\"width\":1001,\"height\":601},{\"@type\":\"BreadcrumbList\",\"@id\":\"https:\/\/faculdade.grancursosonline.com.br\/blog\/faculdade-processos-gerenciais\/#breadcrumb\",\"itemListElement\":[{\"@type\":\"ListItem\",\"position\":1,\"name\":\"In\u00edcio\",\"item\":\"https:\/\/faculdade.grancursosonline.com.br\/blog\/\"},{\"@type\":\"ListItem\",\"position\":2,\"name\":\"Gradua\u00e7\u00e3o Gran Faculdade\",\"item\":\"https:\/\/faculdade.grancursosonline.com.br\/blog\/graduacao\/\"},{\"@type\":\"ListItem\",\"position\":3,\"name\":\"Gradua\u00e7\u00e3o EAD\",\"item\":\"https:\/\/faculdade.grancursosonline.com.br\/blog\/graduacao\/graduacao-ead\/\"},{\"@type\":\"ListItem\",\"position\":4,\"name\":\"Faculdade de Processos Gerenciais: como \u00e9 e onde atuar?\"}]},{\"@type\":\"WebSite\",\"@id\":\"https:\/\/faculdade.grancursosonline.com.br\/blog\/#website\",\"url\":\"https:\/\/faculdade.grancursosonline.com.br\/blog\/\",\"name\":\"Blog Gran Faculdade\",\"description\":\"Tudo sobre ensino superior, p\u00f3s-gradua\u00e7\u00e3o, enem e carreira.\",\"publisher\":{\"@id\":\"https:\/\/faculdade.grancursosonline.com.br\/blog\/#organization\"},\"potentialAction\":[{\"@type\":\"SearchAction\",\"target\":{\"@type\":\"EntryPoint\",\"urlTemplate\":\"https:\/\/faculdade.grancursosonline.com.br\/blog\/?s={search_term_string}\"},\"query-input\":{\"@type\":\"PropertyValueSpecification\",\"valueRequired\":true,\"valueName\":\"search_term_string\"}}],\"inLanguage\":\"pt-BR\"},{\"@type\":\"Organization\",\"@id\":\"https:\/\/faculdade.grancursosonline.com.br\/blog\/#organization\",\"name\":\"Gran Cursos Online\",\"url\":\"https:\/\/faculdade.grancursosonline.com.br\/blog\/\",\"logo\":{\"@type\":\"ImageObject\",\"inLanguage\":\"pt-BR\",\"@id\":\"https:\/\/faculdade.grancursosonline.com.br\/blog\/#\/schema\/logo\/image\/\",\"url\":\"https:\/\/blog-es-static.infra.grancursosonline.com.br\/wp-content\/uploads\/2019\/08\/03123934\/logo.png\",\"contentUrl\":\"https:\/\/blog-es-static.infra.grancursosonline.com.br\/wp-content\/uploads\/2019\/08\/03123934\/logo.png\",\"width\":300,\"height\":57,\"caption\":\"Gran Cursos Online\"},\"image\":{\"@id\":\"https:\/\/faculdade.grancursosonline.com.br\/blog\/#\/schema\/logo\/image\/\"},\"sameAs\":[\"https:\/\/www.facebook.com\/grancursosonline\/\",\"https:\/\/x.com\/gran_online\",\"https:\/\/www.instagram.com\/grancursosonline\/\",\"https:\/\/www.youtube.com\/user\/grancursostv\"]},{\"@type\":\"Person\",\"@id\":\"https:\/\/faculdade.grancursosonline.com.br\/blog\/#\/schema\/person\/92cc8eebdedc10b3078fe6aff8fc09f4\",\"name\":\"Equipe Gran\",\"description\":\"Produtora de Conte\u00fados da Gran Faculdade\",\"sameAs\":[\"http:\/\/www.grancursosonline.com.br\"],\"url\":\"https:\/\/faculdade.grancursosonline.com.br\/blog\/author\/bruna-carvalho\/\"}]}<\/script>\n<!-- \/ Yoast SEO Premium plugin. -->","yoast_head_json":{"title":"Faculdade de Processos Gerenciais: como \u00e9 e onde atuar?","description":"A faculdade de Processos Gerenciais \u00e9 uma forma\u00e7\u00e3o r\u00e1pida com diversas possibilidades de carreira. Confira como \u00e9 o curso e a profiss\u00e3o!","robots":{"index":"index","follow":"follow","max-snippet":"max-snippet:-1","max-image-preview":"max-image-preview:large","max-video-preview":"max-video-preview:-1"},"canonical":"https:\/\/faculdade.grancursosonline.com.br\/blog\/faculdade-processos-gerenciais\/","og_locale":"pt_BR","og_type":"article","og_title":"Faculdade de Processos Gerenciais: como \u00e9 e onde atuar?","og_description":"A faculdade de Processos Gerenciais \u00e9 uma forma\u00e7\u00e3o r\u00e1pida com diversas possibilidades de carreira. Confira como \u00e9 o curso e a profiss\u00e3o!","og_url":"https:\/\/faculdade.grancursosonline.com.br\/blog\/faculdade-processos-gerenciais\/","og_site_name":"Blog Gran Faculdade","article_publisher":"https:\/\/www.facebook.com\/grancursosonline\/","article_published_time":"2024-08-01T11:08:00+00:00","og_image":[{"width":1001,"height":601,"url":"https:\/\/blog-es-static.infra.grancursosonline.com.br\/wp-content\/uploads\/2024\/07\/31231308\/faculdade-processos-gerenciais.jpg","type":"image\/jpeg"}],"author":"Equipe Gran","twitter_card":"summary_large_image","twitter_creator":"@gran_online","twitter_site":"@gran_online","twitter_misc":{"Written by":"Equipe Gran","Est. reading time":"8 minutos"},"schema":{"@context":"https:\/\/schema.org","@graph":[{"@type":"NewsArticle","@id":"https:\/\/faculdade.grancursosonline.com.br\/blog\/faculdade-processos-gerenciais\/#article","isPartOf":{"@id":"https:\/\/faculdade.grancursosonline.com.br\/blog\/faculdade-processos-gerenciais\/"},"author":{"name":"Equipe Gran","@id":"https:\/\/faculdade.grancursosonline.com.br\/blog\/#\/schema\/person\/92cc8eebdedc10b3078fe6aff8fc09f4"},"headline":"Faculdade de Processos Gerenciais: como \u00e9 e onde atuar?","datePublished":"2024-08-01T11:08:00+00:00","mainEntityOfPage":{"@id":"https:\/\/faculdade.grancursosonline.com.br\/blog\/faculdade-processos-gerenciais\/"},"wordCount":1321,"commentCount":0,"publisher":{"@id":"https:\/\/faculdade.grancursosonline.com.br\/blog\/#organization"},"image":{"@id":"https:\/\/faculdade.grancursosonline.com.br\/blog\/faculdade-processos-gerenciais\/#primaryimage"},"thumbnailUrl":"https:\/\/blog-es-static.infra.grancursosonline.com.br\/wp-content\/uploads\/2024\/07\/31231308\/faculdade-processos-gerenciais.jpg","articleSection":["Gradua\u00e7\u00e3o EAD","Gradua\u00e7\u00e3o Gran Faculdade","\u00daltimas Not\u00edcias"],"inLanguage":"pt-BR","potentialAction":[{"@type":"CommentAction","name":"Comment","target":["https:\/\/faculdade.grancursosonline.com.br\/blog\/faculdade-processos-gerenciais\/#respond"]}],"copyrightYear":"2024","copyrightHolder":{"@id":"https:\/\/faculdade.grancursosonline.com.br\/blog\/#organization"}},{"@type":"WebPage","@id":"https:\/\/faculdade.grancursosonline.com.br\/blog\/faculdade-processos-gerenciais\/","url":"https:\/\/faculdade.grancursosonline.com.br\/blog\/faculdade-processos-gerenciais\/","name":"Faculdade de Processos Gerenciais: como \u00e9 e onde atuar?","isPartOf":{"@id":"https:\/\/faculdade.grancursosonline.com.br\/blog\/#website"},"primaryImageOfPage":{"@id":"https:\/\/faculdade.grancursosonline.com.br\/blog\/faculdade-processos-gerenciais\/#primaryimage"},"image":{"@id":"https:\/\/faculdade.grancursosonline.com.br\/blog\/faculdade-processos-gerenciais\/#primaryimage"},"thumbnailUrl":"https:\/\/blog-es-static.infra.grancursosonline.com.br\/wp-content\/uploads\/2024\/07\/31231308\/faculdade-processos-gerenciais.jpg","datePublished":"2024-08-01T11:08:00+00:00","description":"A faculdade de Processos Gerenciais \u00e9 uma forma\u00e7\u00e3o r\u00e1pida com diversas possibilidades de carreira. Confira como \u00e9 o curso e a profiss\u00e3o!","breadcrumb":{"@id":"https:\/\/faculdade.grancursosonline.com.br\/blog\/faculdade-processos-gerenciais\/#breadcrumb"},"inLanguage":"pt-BR","potentialAction":[{"@type":"ReadAction","target":["https:\/\/faculdade.grancursosonline.com.br\/blog\/faculdade-processos-gerenciais\/"]}]},{"@type":"ImageObject","inLanguage":"pt-BR","@id":"https:\/\/faculdade.grancursosonline.com.br\/blog\/faculdade-processos-gerenciais\/#primaryimage","url":"https:\/\/blog-es-static.infra.grancursosonline.com.br\/wp-content\/uploads\/2024\/07\/31231308\/faculdade-processos-gerenciais.jpg","contentUrl":"https:\/\/blog-es-static.infra.grancursosonline.com.br\/wp-content\/uploads\/2024\/07\/31231308\/faculdade-processos-gerenciais.jpg","width":1001,"height":601},{"@type":"BreadcrumbList","@id":"https:\/\/faculdade.grancursosonline.com.br\/blog\/faculdade-processos-gerenciais\/#breadcrumb","itemListElement":[{"@type":"ListItem","position":1,"name":"In\u00edcio","item":"https:\/\/faculdade.grancursosonline.com.br\/blog\/"},{"@type":"ListItem","position":2,"name":"Gradua\u00e7\u00e3o Gran Faculdade","item":"https:\/\/faculdade.grancursosonline.com.br\/blog\/graduacao\/"},{"@type":"ListItem","position":3,"name":"Gradua\u00e7\u00e3o EAD","item":"https:\/\/faculdade.grancursosonline.com.br\/blog\/graduacao\/graduacao-ead\/"},{"@type":"ListItem","position":4,"name":"Faculdade de Processos Gerenciais: como \u00e9 e onde atuar?"}]},{"@type":"WebSite","@id":"https:\/\/faculdade.grancursosonline.com.br\/blog\/#website","url":"https:\/\/faculdade.grancursosonline.com.br\/blog\/","name":"Blog Gran Faculdade","description":"Tudo sobre ensino superior, p\u00f3s-gradua\u00e7\u00e3o, enem e carreira.","publisher":{"@id":"https:\/\/faculdade.grancursosonline.com.br\/blog\/#organization"},"potentialAction":[{"@type":"SearchAction","target":{"@type":"EntryPoint","urlTemplate":"https:\/\/faculdade.grancursosonline.com.br\/blog\/?s={search_term_string}"},"query-input":{"@type":"PropertyValueSpecification","valueRequired":true,"valueName":"search_term_string"}}],"inLanguage":"pt-BR"},{"@type":"Organization","@id":"https:\/\/faculdade.grancursosonline.com.br\/blog\/#organization","name":"Gran Cursos Online","url":"https:\/\/faculdade.grancursosonline.com.br\/blog\/","logo":{"@type":"ImageObject","inLanguage":"pt-BR","@id":"https:\/\/faculdade.grancursosonline.com.br\/blog\/#\/schema\/logo\/image\/","url":"https:\/\/blog-es-static.infra.grancursosonline.com.br\/wp-content\/uploads\/2019\/08\/03123934\/logo.png","contentUrl":"https:\/\/blog-es-static.infra.grancursosonline.com.br\/wp-content\/uploads\/2019\/08\/03123934\/logo.png","width":300,"height":57,"caption":"Gran Cursos Online"},"image":{"@id":"https:\/\/faculdade.grancursosonline.com.br\/blog\/#\/schema\/logo\/image\/"},"sameAs":["https:\/\/www.facebook.com\/grancursosonline\/","https:\/\/x.com\/gran_online","https:\/\/www.instagram.com\/grancursosonline\/","https:\/\/www.youtube.com\/user\/grancursostv"]},{"@type":"Person","@id":"https:\/\/faculdade.grancursosonline.com.br\/blog\/#\/schema\/person\/92cc8eebdedc10b3078fe6aff8fc09f4","name":"Equipe Gran","description":"Produtora de Conte\u00fados da Gran Faculdade","sameAs":["http:\/\/www.grancursosonline.com.br"],"url":"https:\/\/faculdade.grancursosonline.com.br\/blog\/author\/bruna-carvalho\/"}]}},"_links":{"self":[{"href":"https:\/\/faculdade.grancursosonline.com.br\/blog\/wp-json\/wp\/v2\/posts\/79747918","targetHints":{"allow":["GET"]}}],"collection":[{"href":"https:\/\/faculdade.grancursosonline.com.br\/blog\/wp-json\/wp\/v2\/posts"}],"about":[{"href":"https:\/\/faculdade.grancursosonline.com.br\/blog\/wp-json\/wp\/v2\/types\/post"}],"author":[{"embeddable":true,"href":"https:\/\/faculdade.grancursosonline.com.br\/blog\/wp-json\/wp\/v2\/users\/487"}],"replies":[{"embeddable":true,"href":"https:\/\/faculdade.grancursosonline.com.br\/blog\/wp-json\/wp\/v2\/comments?post=79747918"}],"version-history":[{"count":1,"href":"https:\/\/faculdade.grancursosonline.com.br\/blog\/wp-json\/wp\/v2\/posts\/79747918\/revisions"}],"predecessor-version":[{"id":79747934,"href":"https:\/\/faculdade.grancursosonline.com.br\/blog\/wp-json\/wp\/v2\/posts\/79747918\/revisions\/79747934"}],"wp:featuredmedia":[{"embeddable":true,"href":"https:\/\/faculdade.grancursosonline.com.br\/blog\/wp-json\/wp\/v2\/media\/79747932"}],"wp:attachment":[{"href":"https:\/\/faculdade.grancursosonline.com.br\/blog\/wp-json\/wp\/v2\/media?parent=79747918"}],"wp:term":[{"taxonomy":"category","embeddable":true,"href":"https:\/\/faculdade.grancursosonline.com.br\/blog\/wp-json\/wp\/v2\/categories?post=79747918"},{"taxonomy":"post_tag","embeddable":true,"href":"https:\/\/faculdade.grancursosonline.com.br\/blog\/wp-json\/wp\/v2\/tags?post=79747918"}],"curies":[{"name":"wp","href":"https:\/\/api.w.org\/{rel}","templated":true}]}}