{"id":79748234,"date":"2024-08-21T17:51:00","date_gmt":"2024-08-21T20:51:00","guid":{"rendered":"https:\/\/faculdade.grancursosonline.com.br\/blog\/?p=79748234"},"modified":"2024-08-26T17:22:40","modified_gmt":"2024-08-26T20:22:40","slug":"missao-visao-e-valores","status":"publish","type":"post","link":"https:\/\/faculdade.grancursosonline.com.br\/blog\/missao-visao-e-valores\/","title":{"rendered":"Miss\u00e3o, vis\u00e3o e valores: saiba o que significa"},"content":{"rendered":"\n<p>Miss\u00e3o, Vis\u00e3o e Valores s\u00e3o componentes essenciais de uma declara\u00e7\u00e3o estrat\u00e9gica que descreve a identidade e os princ\u00edpios orientadores de uma organiza\u00e7\u00e3o, podendo ser uma empresa, uma ONG, uma institui\u00e7\u00e3o educacional ou outra entidade.<\/p>\n\n\n\n<p>Esses componentes incentivam uma gest\u00e3o de performance mais assertiva, j\u00e1 que mostram a ess\u00eancia do neg\u00f3cio e possibilitam uma maior clareza do caminho que a organiza\u00e7\u00e3o deve seguir para alcan\u00e7ar melhores resultados.<\/p>\n\n\n\n<p>A Miss\u00e3o, Vis\u00e3o e Valores de uma empresa tamb\u00e9m se tornou algo determinante para a contrata\u00e7\u00e3o de novos colaboradores tendo em vista que as institui\u00e7\u00f5es buscam profissionais que se enca<\/p>\n\n\n\n<div class=\"wp-block-columns is-layout-flex wp-container-core-columns-is-layout-9d6595d7 wp-block-columns-is-layout-flex\">\n<div class=\"wp-block-column is-layout-flow wp-block-column-is-layout-flow\" style=\"flex-basis:100%\"><div class=\"wp-block-image\">\n<figure class=\"aligncenter size-full\"><a href=\"https:\/\/whatsapp.com\/channel\/0029VaG1sChI7Be7PNndhL43\" target=\"_blank\" rel=\"noopener\"><img decoding=\"async\" src=\"https:\/\/blog-es-static.infra.grancursosonline.com.br\/wp-content\/uploads\/2025\/09\/09112354\/banner-wp-600x142-80.webp\" alt=\"Acesse o canal do WhatsApp da Gran Faculdade\" class=\"wp-image-79751904\"\/><\/a><\/figure>\n<\/div><\/div>\n<\/div>\n\n\n\n<p>Acompanhe o post at\u00e9 o final para saber mais ou navegue pelo \u00edndice:&nbsp;<\/p>\n\n\n\n<ul class=\"wp-block-list\">\n<li><a href=\"#h-o-que-e-missao-visao-e-valores\">O que \u00e9 Miss\u00e3o, Vis\u00e3o e Valores?<\/a><\/li>\n\n\n\n<li><a href=\"#h-definicao-de-missao-visao-e-valores\">Defini\u00e7\u00e3o de Miss\u00e3o, Vis\u00e3o e Valores<\/a><\/li>\n\n\n\n<li><a href=\"#h-para-que-serve-a-missao-visao-e-valores\">Para qu\u00ea serve a Miss\u00e3o, Vis\u00e3o e Valores?<\/a><\/li>\n\n\n\n<li><a href=\"#h-qual-a-importancia-da-missao-visao-e-valores\">Qual a import\u00e2ncia da Miss\u00e3o, Vis\u00e3o e Valores?<\/a><\/li>\n\n\n\n<li><a href=\"#h-como-definir-a-missao-visao-e-valores-de-uma-empresa\">Como definir a Miss\u00e3o, Vis\u00e3o e Valores de uma empresa?<\/a><\/li>\n\n\n\n<li><a href=\"#h-exemplos-de-missao-visao-e-valores-de-uma-empresa\">Exemplos de Miss\u00e3o, Vis\u00e3o e Valores de uma empresa<\/a><\/li>\n\n\n\n<li><a href=\"#h-missao-visao-e-valores-da-gran-faculdade\">Miss\u00e3o, Vis\u00e3o e Valores da Gran Faculdade<\/a><\/li>\n\n\n\n<li><a href=\"#h-conheca-os-cursos-da-gran-faculdade\">Conhe\u00e7a os Cursos da Gran Faculdade<\/a><\/li>\n<\/ul>\n\n\n<div class=\"container-tabela\"><table border=\"1\" bgcolor=\"aliceblue\">\n<tbody>\n<tr>\n<td><strong>Destaques:<\/strong><\/p>\n<ul>\n<li><a href=\"https:\/\/blog.grancursosonline.com.br\/missao-gran-faculdade\/\">Miss\u00e3o da Gran Faculdade, vis\u00e3o e valores: saiba quais s\u00e3o!<\/a><\/li>\n<li><a href=\"https:\/\/blog.grancursosonline.com.br\/faculdade-de-marketing\/\">Faculdade de Marketing: como \u00e9 o curso e a carreira na \u00e1rea?<\/a>\u00a0<\/li>\n<li><a href=\"https:\/\/blog.grancursosonline.com.br\/marketing-comunicacao-digital-mba-gran\/\">Marketing e Comunica\u00e7\u00e3o Digital: o novo MBA do GRAN!<\/a><\/li>\n<\/ul>\n<\/td>\n<\/tr>\n<\/tbody>\n<\/table><\/div>\n\n\n<h2 class=\"wp-block-heading\" id=\"h-o-que-e-missao-visao-e-valores\">O que \u00e9 Miss\u00e3o, Vis\u00e3o e Valores?<br><\/h2>\n\n\n\n<p>Miss\u00e3o, Vis\u00e3o e Valores (MVV) de uma empresa s\u00e3o representa\u00e7\u00f5es estrat\u00e9gicas que servem para definir um caminho a ser seguido pela institui\u00e7\u00e3o e guiar todas as decis\u00f5es da organiza\u00e7\u00e3o.&nbsp;<\/p>\n\n\n\n<p>Uma vez definidos, eles servem como uma b\u00fassola para as tomadas de decis\u00e3o. Al\u00e9m do mais, quando unidas, essas declara\u00e7\u00f5es estrat\u00e9gicas comp\u00f5em a base da identidade e da cultura organizacional de uma empresa e proporcionam orienta\u00e7\u00e3o para seus futuros objetivos.<\/p>\n\n\n\n<p>A Miss\u00e3o, Vis\u00e3o e Valores da empresa ajudam tamb\u00e9m a alinhar a equipe, garantindo que todos os colaboradores compartilhem dos mesmos prop\u00f3sitos e trabalhem em dire\u00e7\u00e3o ao cumprimento dos objetivos da institui\u00e7\u00e3o.<\/p>\n\n\n\n<h2 class=\"wp-block-heading\" id=\"h-definicao-de-missao-visao-e-valores\">&nbsp;Defini\u00e7\u00e3o de Miss\u00e3o, Vis\u00e3o e Valores<br><\/h2>\n\n\n\n<p>Como vimos anteriormente, a MVV de uma empresa s\u00e3o componentes essenciais na cultura organizacional de uma institui\u00e7\u00e3o. Vejamos agora a defini\u00e7\u00e3o exata de cada uma:<\/p>\n\n\n\n<ul class=\"wp-block-list\">\n<li><strong>Miss\u00e3o<\/strong>: A Miss\u00e3o de uma empresa, \u00e9 uma declara\u00e7\u00e3o resumida que descreve o prop\u00f3sito fundamental da empresa, ou, o porqu\u00ea ela existe. O objetivo da Miss\u00e3o \u00e9 responder \u00e0 pergunta: \u201cQual \u00e9 o nosso neg\u00f3cio?\u201d definindo a raz\u00e3o de ser da empresa, e qual problema a empresa soluciona na sociedade ou no mercado.Portanto, o tempo verbal da Miss\u00e3o \u00e9 o presente. Mas para defini-la bem, o gestor precisa ter uma boa vis\u00e3o de futuro;&nbsp;<\/li>\n\n\n\n<li><strong>Vis\u00e3o<\/strong>:A Vis\u00e3o \u00e9 uma declara\u00e7\u00e3o de longo prazo que resume o que a empresa planeja alcan\u00e7ar no futuro. Ela oferece uma imagem n\u00edtida e inspiradora do destino desejado da institui\u00e7\u00e3o. A vis\u00e3o responde ao questionamento de: \u201cO que queremos nos tornar?\u201d&nbsp;Serve tamb\u00e9m como um guia para defini\u00e7\u00e3o de metas e para direcionar os planejamentos estrat\u00e9gicos;<\/li>\n\n\n\n<li><strong>Valores<\/strong>: Os valores s\u00e3o um grupo de princ\u00edpios morais e \u00e9ticos que definem de que forma a empresa conduz os seus neg\u00f3cios. Atrav\u00e9s dos valores, a empresa determina o que \u00e9 aceit\u00e1vel ou n\u00e3o em suas opera\u00e7\u00f5es. Desse modo, os valores moldam a cultura corporativa e determinam padr\u00f5es para o comportamento \u00e9tico e a tomada de decis\u00f5es.<\/li>\n<\/ul>\n\n\n\n<h2 class=\"wp-block-heading\" id=\"h-para-que-serve-a-missao-visao-e-valores\">Para qu\u00ea serve a Miss\u00e3o, Vis\u00e3o e Valores?<br><\/h2>\n\n\n\n<p>De maneira geral, a Miss\u00e3o, Vis\u00e3o e Valores estabelecem a identidade e o prop\u00f3sito de uma empresa. Sem esses pilares, pode ser que esse planejamento falhe. At\u00e9 mesmo, porque antes de definir esses componentes, \u00e9 preciso entender a personalidade do neg\u00f3cio.<\/p>\n\n\n\n<p>A Miss\u00e3o atua no presente questionando a raz\u00e3o de ser da empresa, a Vis\u00e3o vai de encontro ao longo prazo, mostrando o que a empresa quer se tornar, e os Valores mostram a forma como as duas outras identidades ser\u00e3o conduzidas.Sendo assim, a MVV tem papel fundamental na organiza\u00e7\u00e3o, de modo que na falta dessas defini\u00e7\u00f5es, o empreendimento pode n\u00e3o sair do lugar, ou at\u00e9 mesmo ir \u00e0 ru\u00edna. \u00c9 importante saber aonde quer chegar antes de partir, e esses pilares t\u00eam essa serventia.&nbsp;<\/p>\n\n\n\n<h2 class=\"wp-block-heading\" id=\"h-qual-a-importancia-da-missao-visao-e-valores\">Qual a import\u00e2ncia da Miss\u00e3o, Vis\u00e3o e Valores?<\/h2>\n\n\n\n<p>\u00c9 fundamental para uma empresa ter a sua Miss\u00e3o, Vis\u00e3o e Valores bem definidos, para que possa guiar a organiza\u00e7\u00e3o e conduzi-la at\u00e9 os seus objetivos. Contudo, \u00e9 poss\u00edvel destacar mais algumas vantagens, como:<\/p>\n\n\n\n<ol class=\"wp-block-list\">\n<li><strong>Orienta\u00e7\u00e3o Estrat\u00e9gica: <\/strong>A MVV serve como um guia estrat\u00e9gico para a organiza\u00e7\u00e3o. A miss\u00e3o \u00e9 respons\u00e1vel por definir o prop\u00f3sito atual, a vis\u00e3o atua com um guia para o futuro e os valores estabelecem os princ\u00edpios que conduzem a empresa. Esses pilares ajudam a institui\u00e7\u00e3o a se manter focada em seus objetivos e a tomar decis\u00f5es baseadas em sua dire\u00e7\u00e3o estrat\u00e9gica.<\/li>\n\n\n\n<li><strong>Alinhamento Interno<\/strong>: A Miss\u00e3o, Vis\u00e3o e Valores ajudam a fazer com que os colaboradores falem a mesma l\u00edngua, e os re\u00fana em torno do mesmo prop\u00f3sito. Criando dentro da empresa uma coes\u00e3o, e promovendo um ambiente de trabalho mais harmonioso.<\/li>\n\n\n\n<li><strong>Cultura Organizacional: <\/strong>Os valores da MVV atuam de forma crucial na forma\u00e7\u00e3o da cultura da empresa. Definindo as expectativas de comportamento e \u00e9tica dos funcion\u00e1rios e influenciam a maneira com que a empresa se relaciona com seu p\u00fablico e fornecedores.<\/li>\n<\/ol>\n\n\n\n<p><strong>Atra\u00e7\u00e3o e Reten\u00e7\u00e3o de Talento:<\/strong> Com a Miss\u00e3o, Vis\u00e3o e Valores bem definidos, a expectativa \u00e9 de atrair e reter talentos que compartilham dos princ\u00edpios da empresa, contribuindo para a forma\u00e7\u00e3o de um time mais comprometido e engajado.<\/p>\n\n\n\n<h2 class=\"wp-block-heading\" id=\"h-como-definir-a-missao-visao-e-valores-de-uma-empresa\">Como definir a Miss\u00e3o, Vis\u00e3o e Valores de uma empresa?<\/h2>\n\n\n\n<p>Definir a Miss\u00e3o, Vis\u00e3o e Valores de empresas n\u00e3o \u00e9 uma tarefa f\u00e1cil. \u00c9 necess\u00e1rio um trabalho de reflex\u00e3o para analisar o motivo pelo qual a empresa foi criada e onde ela pretende chegar.<\/p>\n\n\n\n<p>A MVV deve ser algo realmente levado em considera\u00e7\u00e3o em todas as decis\u00f5es a serem tomadas no neg\u00f3cio. Confira as dicas de como definir a Miss\u00e3o, Vis\u00e3o e Valores do seu neg\u00f3cio:<\/p>\n\n\n\n<ul class=\"wp-block-list\">\n<li><strong>Como definir a Miss\u00e3o:<\/strong>A Miss\u00e3o ser\u00e1 o pilar menos dif\u00edcil de ser definido. Basta saber por que a empresa foi fundada, o que ela faz e o p\u00fablico que atende. Leve em considera\u00e7\u00e3o n\u00e3o s\u00f3 o produto oferecido, mas a vantagem que ela oferece ao p\u00fablico. Al\u00e9m disso, \u00e9 fundamental que a Miss\u00e3o seja clara e efetiva, tenha foco no p\u00fablico e possa servir como uma dire\u00e7\u00e3o para todas as estrat\u00e9gias e objetivos da institui\u00e7\u00e3o.<\/li>\n<\/ul>\n\n\n\n<ul class=\"wp-block-list\">\n<li><strong>Como definir a Vis\u00e3o:<\/strong> Ao definir a Vis\u00e3o da institui\u00e7\u00e3o, \u00e9 preciso pensar nos objetivos do neg\u00f3cio a curto, m\u00e9dio e longo prazo. Ela deve refletir mais do que metas organizacionais, precisa mostrar o que a empresa espera de si mesma e onde gostaria de chegar no futuro. \u00c9 importante estabelecer objetivos realistas e que possam ser realizados, pois metas muito distantes acabam desmotivando a equipe<\/li>\n\n\n\n<li><strong>Como definir os Valores:<\/strong> Os Valores devem ser definidos tendo como base os princ\u00edpios e posturas pelos quais deve ser regida a empresa, e deve representar a forma como todos trabalham na organiza\u00e7\u00e3o. A gest\u00e3o deve entender quais condutas e filosofias v\u00e3o compor a cultura da institui\u00e7\u00e3o para que assim o neg\u00f3cio obtenha sucesso.<\/li>\n<\/ul>\n\n\n\n<h2 class=\"wp-block-heading\" id=\"h-exemplos-de-missao-visao-e-valores-de-uma-empresa\">Exemplos de Miss\u00e3o, Vis\u00e3o e Valores de uma empresa<\/h2>\n\n\n\n<p>Como visto anteriormente, a MVV ocupa um papel fundamental na organiza\u00e7\u00e3o, no futuro e no presente de uma institui\u00e7\u00e3o. Mas como seria o exemplo perfeito de um quadro de Miss\u00e3o, Vis\u00e3o e Valores de uma empresa?&nbsp;<\/p>\n\n\n\n<p>Criamos ent\u00e3o uma empresa fict\u00edcia chamada GC Viol\u00f5es, que ir\u00e1 atuar com a fabrica\u00e7\u00e3o e comercializa\u00e7\u00e3o de viol\u00f5es. Essa empresa surgiu a partir da ideia do seu Fundador, de fazer um instrumento de qualidade, a um pre\u00e7o acess\u00edvel e utilizando material sustent\u00e1vel e recicl\u00e1vel.&nbsp;<\/p>\n\n\n\n<ul class=\"wp-block-list\">\n<li>A GC Viol\u00f5es LTDA , teria como <strong>Miss\u00e3o<\/strong>: Fabricar viol\u00f5es de alta qualidade, utilizando materiais recicl\u00e1veis e processos sustent\u00e1veis, oferecendo instrumentos acess\u00edveis e promovendo a m\u00fasica como um meio de conex\u00e3o e express\u00e3o;<\/li>\n\n\n\n<li>Sua <strong>Vis\u00e3o<\/strong>, seria: Ser reconhecida globalmente como a marca l\u00edder em inova\u00e7\u00e3o sustent\u00e1vel na produ\u00e7\u00e3o de viol\u00f5es, inspirando m\u00fasicos de todos o mundo a criar e compartilhar sua arte com instrumentos que respeitam o planeta;<\/li>\n\n\n\n<li>E poder\u00edamos definir 5 <strong>Valores<\/strong>, sendo esses:&nbsp;<\/li>\n<\/ul>\n\n\n\n<ol class=\"wp-block-list\">\n<li><strong>Sustentabilidade<\/strong>: Compromisso com a utiliza\u00e7\u00e3o de materiais recicl\u00e1veis e pr\u00e1ticas que minimizem o impacto ambiental;<\/li>\n\n\n\n<li><strong>Qualidade<\/strong>: Garantir que cada viol\u00e3o seja produzido com excel\u00eancia, proporcionando o melhor som e durabilidade;<\/li>\n\n\n\n<li><strong>Acessibilidade<\/strong>: Oferecer pre\u00e7os justos, tornando a m\u00fasica acess\u00edvel para todos;<\/li>\n\n\n\n<li><strong>Inova\u00e7\u00e3o<\/strong>: Buscar constantemente novas maneiras de aprimorar a produ\u00e7\u00e3o e os produtos, mantendo-se sempre a frente na fabrica\u00e7\u00e3o com sustentabilidade e tecnologia;<\/li>\n\n\n\n<li><strong>Paix\u00e3o pela M\u00fasica<\/strong>: Valorizar a m\u00fasica como uma forma de express\u00e3o universal, apoiando m\u00fasicos de todos os estilos.<\/li>\n<\/ol>\n\n\n\n<h2 class=\"wp-block-heading\" id=\"h-missao-visao-e-valores-da-gran-faculdade\">Miss\u00e3o, Vis\u00e3o e Valores da Gran Faculdade<\/h2>\n\n\n\n<p>Em resumo, a Miss\u00e3o, Vis\u00e3o e Valores s\u00e3o pilares do planejamento estrat\u00e9gico de uma institui\u00e7\u00e3o. A miss\u00e3o \u00e9 o prop\u00f3sito de existir daquela empresa, a vis\u00e3o \u00e9 aonde ela quer chegar e os valores s\u00e3o o que vai guiar esse processo.<\/p>\n\n\n\n<p>Confira a Miss\u00e3o, Vis\u00e3o e os Valores da Gran Faculdade:<\/p>\n\n\n\n<p><strong>Miss\u00e3o:<\/strong> Mudar vidas por meio da Educa\u00e7\u00e3o e da Tecnologia.<\/p>\n\n\n\n<p><strong>Vis\u00e3o:<\/strong> Ser a plataforma tecnol\u00f3gica que mais impacta a educa\u00e7\u00e3o brasileira.<\/p>\n\n\n\n<p><strong>Valores:<\/strong><\/p>\n\n\n\n<ul class=\"wp-block-list\">\n<li>Tudo se resume a pessoas servindo outras pessoas;<\/li>\n\n\n\n<li>Somos obcecados pelos nossos alunos;<\/li>\n\n\n\n<li>Inova\u00e7\u00e3o \u00e9 obriga\u00e7\u00e3o;<\/li>\n\n\n\n<li>Integridade n\u00e3o tem pre\u00e7o;<\/li>\n\n\n\n<li>Aqui, estamos sempre no 1\u00ba dia.<\/li>\n<\/ul>\n\n\n\n<p>Mas como isso \u00e9 retratado na forma\u00e7\u00e3o de nossos alunos? Toda nossa atua\u00e7\u00e3o se baseia nesses pilares, por exemplo:<\/p>\n\n\n\n<ul class=\"wp-block-list\">\n<li>No planejamento, escolha e ementa dos cursos;<\/li>\n\n\n\n<li>Na escolha dos profissionais que comp\u00f5em o time da Gran Faculdade tanto na parte administrativa, quanto com os professores e coordenadores;<\/li>\n\n\n\n<li>Em ferramentas e metodologias simples, intuitivas e acess\u00edveis para que todas as pessoas possam, como costumamos dizer, somos para todos e para cada um;<\/li>\n\n\n\n<li>No respeito ao tempo dos nossos alunos, permitindo que eles tenham autonomia para serem protagonistas de suas carreiras, de acordo com suas rotinas e demandas;<\/li>\n\n\n\n<li>Na qualidade entregue em cada a\u00e7\u00e3o e realiza\u00e7\u00e3o do Gran como um todo.<\/li>\n<\/ul>\n\n\n\n<h2 class=\"wp-block-heading\" id=\"h-conheca-os-cursos-da-gran-faculdade\">Conhe\u00e7a os cursos da Gran Faculdade<\/h2>\n\n\n\n<p>A <a href=\"https:\/\/faculdade.grancursosonline.com.br\/\" target=\"_blank\" rel=\"noreferrer noopener nofollow\">Gran Faculdade<\/a> oferece cursos de gradua\u00e7\u00e3o e p\u00f3s-gradua\u00e7\u00e3o nas modalidades presencial e \u00e0 dist\u00e2ncia(EAD). Agora que voc\u00ea j\u00e1 conhece a Miss\u00e3o, Vis\u00e3o e Valores da Gran Faculdade, confira algumas de nossas gradua\u00e7\u00f5es que s\u00e3o direcionadas para a gest\u00e3o e administra\u00e7\u00e3o de empresas:&nbsp;<\/p>\n\n\n\n<ul class=\"wp-block-list\">\n<li><a href=\"https:\/\/faculdade.grancursosonline.com.br\/curso\/administracao\/\" target=\"_blank\" rel=\"noreferrer noopener nofollow\">Administra\u00e7\u00e3o<\/a><\/li>\n\n\n\n<li><a href=\"https:\/\/faculdade.grancursosonline.com.br\/curso\/ciencias-contabeis\/\" target=\"_blank\" rel=\"noreferrer noopener nofollow\">Ci\u00eancias Cont\u00e1beis<\/a><\/li>\n\n\n\n<li><a href=\"https:\/\/faculdade.grancursosonline.com.br\/curso\/gestao-comercial\/\" target=\"_blank\" rel=\"noreferrer noopener nofollow\">Gest\u00e3o Comercial<\/a><\/li>\n\n\n\n<li><a href=\"https:\/\/faculdade.grancursosonline.com.br\/curso\/gestao-financeira\/\" target=\"_blank\" rel=\"noreferrer noopener nofollow\">Gest\u00e3o Financeira<\/a><\/li>\n\n\n\n<li><a href=\"https:\/\/faculdade.grancursosonline.com.br\/curso\/marketing\/\" target=\"_blank\" rel=\"noreferrer noopener nofollow\">Marketing<\/a><\/li>\n<\/ul>\n\n\n\n<p>E <a href=\"https:\/\/faculdade.grancursosonline.com.br\/nossos-cursos\/\" target=\"_blank\" rel=\"noreferrer noopener nofollow\">mais de 30 cursos<\/a> em diversas \u00e1reas de atua\u00e7\u00e3o.<\/p>\n\n\n\n<p>Quer conhecer mais algumas vantagens da Gran Faculdade? Confira:<\/p>\n\n\n\n<ul class=\"wp-block-list\">\n<li>Entrada imediata para voc\u00ea n\u00e3o precisar aguardar o in\u00edcio de um novo semestre letivo para come\u00e7ar a conquistar seu diploma &#8211; voc\u00ea se matricula e pode come\u00e7ar o curso no mesmo dia;<\/li>\n\n\n\n<li>Faculdade EAD com curso 100% digital que possibilita conciliar a rotina do dia a dia com os estudos;<\/li>\n\n\n\n<li>Plataforma simples e intuitiva, assim, voc\u00ea estuda de onde estiver, em qualquer dispositivo;<\/li>\n\n\n\n<li>Professores renomados, did\u00e1ticos e que preparam os alunos para a pr\u00e1tica profissional;<\/li>\n\n\n\n<li>Mensalidades que cabem no seu bolso para que voc\u00ea possa realizar seus sonhos, com valores fixos ao longo de todo o curso, sem pegadinhas ou letras mi\u00fadas;<\/li>\n\n\n\n<li>Acessibilidade e ferramentas de inclus\u00e3o, afinal, aqui, todo mundo pode! E muito mais.<\/li>\n<\/ul>\n\n\n\n<div class=\"wp-block-group\"><div class=\"wp-block-group__inner-container is-layout-constrained wp-block-group-is-layout-constrained\">\n<section style=\"text-align: center;\">\n<p>Quer ficar por dentro da Faculdade Digital mais inovadora do Brasil?<\/p>\n<nav>\n<p class=\"has-background has-dark-bluish-background-color\" style=\"font-size: 25px; text-align: center; background: #f0f0f0; color: #ffffff; padding: 4px 0px 4xp 0px;\"><a style=\"color: #0d134c; text-decoration: underline;\" href=\"https:\/\/faculdade.grancursosonline.com.br\/\" target=\"_blank\" rel=\"noopener\">GRADUA\u00c7\u00c3O<\/a><\/p>\n<p class=\"has-background has-dark-bluish-background-color\" style=\"font-size: 25px; text-align: center; background: #f0f0f0; color: #ffffff; padding: 4px 0px 4xp 0px;\"><a style=\"color: #0d134c; text-decoration: underline;\" href=\"https:\/\/pos.grancursosonline.com.br\/\" target=\"_blank\" rel=\"noopener\">P\u00d3S-GRADUA\u00c7\u00c3O<\/a><\/p>\n<p class=\"has-background has-dark-bluish-background-color\" style=\"font-size: 25px; text-align: center; background: #f0f0f0; color: #ffffff; padding: 4px 0px 4xp 0px;\"><a style=\"color: #0d134c; text-decoration: underline;\" href=\"https:\/\/faculdade.grancursosonline.com.br\/nossos-cursos\/\" target=\"_blank\" rel=\"noopener\">TUDO SOBRE A GRAN FACULDADE<\/a><\/p>\n<\/nav>\n<p><strong>Receba <span style=\"color: #cf1e25;\">gratuitamente<\/span> no seu celular as principais not\u00edcias sobre a Gran Faculdade! <br \/>Clique no link abaixo e inscreva-se:<\/strong><\/p>\n<p class=\"has-background has-dark-bluish-background-color\" style=\"font-size: 25px; text-align: center; background: #f0f0f0; color: #ffffff; padding: 4px 0px 4xp 0px;\"><a style=\"color: #0d134c; text-decoration: underline;\" href=\"https:\/\/whatsapp.com\/channel\/0029VaG1sChI7Be7PNndhL43\" target=\"_blank\" rel=\"noopener noreferrer\">WHATSAPP<\/a><\/p>\n<p class=\"has-background has-dark-bluish-background-color\" style=\"font-size: 25px; text-align: center; background: #f0f0f0; color: #ffffff; padding: 4px 0px 4xp 0px;\"><a style=\"color: #0d134c; text-decoration: underline;\" href=\"https:\/\/t.me\/GranFaculdade\" target=\"_blank\" rel=\"noopener noreferrer\">TELEGRAM<\/a><\/p>\n<\/section>\n<\/div><\/div>\n","protected":false},"excerpt":{"rendered":"<p>Miss\u00e3o, Vis\u00e3o e Valores s\u00e3o componentes essenciais de uma declara\u00e7\u00e3o estrat\u00e9gica que descreve a identidade e os princ\u00edpios orientadores de uma organiza\u00e7\u00e3o, podendo ser uma empresa, uma ONG, uma institui\u00e7\u00e3o educacional ou outra entidade. Esses componentes incentivam uma gest\u00e3o de performance mais assertiva, j\u00e1 que mostram a ess\u00eancia do neg\u00f3cio e possibilitam uma maior clareza&hellip;<\/p>\n","protected":false},"author":514,"featured_media":79748236,"comment_status":"open","ping_status":"open","sticky":false,"template":"","format":"standard","meta":{"_acf_changed":false,"content-type":"","footnotes":""},"categories":[218545],"tags":[],"class_list":["post-79748234","post","type-post","status-publish","format-standard","has-post-thumbnail","hentry","category-graduacao"],"acf":[],"yoast_head":"<!-- This site is optimized with the Yoast SEO Premium plugin v27.2 (Yoast SEO v27.2) - https:\/\/yoast.com\/product\/yoast-seo-premium-wordpress\/ -->\n<title>Miss\u00e3o, vis\u00e3o e valores: saiba o que significa<\/title>\n<meta name=\"description\" content=\"Entenda o que \u00e9, para que serve e como definir a miss\u00e3o, vis\u00e3o e valores de uma empresa. Qual a import\u00e2ncia e como criar as suas!\" \/>\n<meta name=\"robots\" content=\"index, follow, max-snippet:-1, max-image-preview:large, max-video-preview:-1\" \/>\n<link rel=\"canonical\" href=\"https:\/\/faculdade.grancursosonline.com.br\/blog\/missao-visao-e-valores\/\" \/>\n<meta property=\"og:locale\" content=\"pt_BR\" \/>\n<meta property=\"og:type\" content=\"article\" \/>\n<meta property=\"og:title\" content=\"Miss\u00e3o, vis\u00e3o e valores: saiba o que significa\" \/>\n<meta property=\"og:description\" content=\"Entenda o que \u00e9, para que serve e como definir a miss\u00e3o, vis\u00e3o e valores de uma empresa. Qual a import\u00e2ncia e como criar as suas!\" \/>\n<meta property=\"og:url\" content=\"https:\/\/faculdade.grancursosonline.com.br\/blog\/missao-visao-e-valores\/\" \/>\n<meta property=\"og:site_name\" content=\"Blog Gran Faculdade\" \/>\n<meta property=\"article:publisher\" content=\"https:\/\/www.facebook.com\/grancursosonline\/\" \/>\n<meta property=\"article:published_time\" content=\"2024-08-21T20:51:00+00:00\" \/>\n<meta property=\"article:modified_time\" content=\"2024-08-26T20:22:40+00:00\" \/>\n<meta property=\"og:image\" content=\"https:\/\/faculdade.grancursosonline.com.br\/blog\/wp-content\/uploads\/2024\/08\/Artes-genericas-Gran-Faculdade-Graduacao-4-1000x600-1.jpg\" \/>\n\t<meta property=\"og:image:width\" content=\"1000\" \/>\n\t<meta property=\"og:image:height\" content=\"600\" \/>\n\t<meta property=\"og:image:type\" content=\"image\/jpeg\" \/>\n<meta name=\"author\" content=\"Guilherme Henrique\" \/>\n<meta name=\"twitter:card\" content=\"summary_large_image\" \/>\n<meta name=\"twitter:creator\" content=\"@gran_online\" \/>\n<meta name=\"twitter:site\" content=\"@gran_online\" \/>\n<meta name=\"twitter:label1\" content=\"Written by\" \/>\n\t<meta name=\"twitter:data1\" content=\"Guilherme Henrique\" \/>\n\t<meta name=\"twitter:label2\" content=\"Est. reading time\" \/>\n\t<meta name=\"twitter:data2\" content=\"11 minutos\" \/>\n<script type=\"application\/ld+json\" class=\"yoast-schema-graph\">{\"@context\":\"https:\/\/schema.org\",\"@graph\":[{\"@type\":\"NewsArticle\",\"@id\":\"https:\/\/faculdade.grancursosonline.com.br\/blog\/missao-visao-e-valores\/#article\",\"isPartOf\":{\"@id\":\"https:\/\/faculdade.grancursosonline.com.br\/blog\/missao-visao-e-valores\/\"},\"author\":{\"name\":\"Guilherme Henrique\",\"@id\":\"https:\/\/faculdade.grancursosonline.com.br\/blog\/#\/schema\/person\/9745f9b6db8976613c1f439dbcfe717d\"},\"headline\":\"Miss\u00e3o, vis\u00e3o e valores: saiba o que significa\",\"datePublished\":\"2024-08-21T20:51:00+00:00\",\"dateModified\":\"2024-08-26T20:22:40+00:00\",\"mainEntityOfPage\":{\"@id\":\"https:\/\/faculdade.grancursosonline.com.br\/blog\/missao-visao-e-valores\/\"},\"wordCount\":1960,\"commentCount\":0,\"publisher\":{\"@id\":\"https:\/\/faculdade.grancursosonline.com.br\/blog\/#organization\"},\"image\":{\"@id\":\"https:\/\/faculdade.grancursosonline.com.br\/blog\/missao-visao-e-valores\/#primaryimage\"},\"thumbnailUrl\":\"https:\/\/faculdade.grancursosonline.com.br\/blog\/wp-content\/uploads\/2024\/08\/Artes-genericas-Gran-Faculdade-Graduacao-4-1000x600-1.jpg\",\"articleSection\":[\"Gradua\u00e7\u00e3o Gran Faculdade\"],\"inLanguage\":\"pt-BR\",\"potentialAction\":[{\"@type\":\"CommentAction\",\"name\":\"Comment\",\"target\":[\"https:\/\/faculdade.grancursosonline.com.br\/blog\/missao-visao-e-valores\/#respond\"]}],\"copyrightYear\":\"2024\",\"copyrightHolder\":{\"@id\":\"https:\/\/faculdade.grancursosonline.com.br\/blog\/#organization\"}},{\"@type\":\"WebPage\",\"@id\":\"https:\/\/faculdade.grancursosonline.com.br\/blog\/missao-visao-e-valores\/\",\"url\":\"https:\/\/faculdade.grancursosonline.com.br\/blog\/missao-visao-e-valores\/\",\"name\":\"Miss\u00e3o, vis\u00e3o e valores: saiba o que significa\",\"isPartOf\":{\"@id\":\"https:\/\/faculdade.grancursosonline.com.br\/blog\/#website\"},\"primaryImageOfPage\":{\"@id\":\"https:\/\/faculdade.grancursosonline.com.br\/blog\/missao-visao-e-valores\/#primaryimage\"},\"image\":{\"@id\":\"https:\/\/faculdade.grancursosonline.com.br\/blog\/missao-visao-e-valores\/#primaryimage\"},\"thumbnailUrl\":\"https:\/\/faculdade.grancursosonline.com.br\/blog\/wp-content\/uploads\/2024\/08\/Artes-genericas-Gran-Faculdade-Graduacao-4-1000x600-1.jpg\",\"datePublished\":\"2024-08-21T20:51:00+00:00\",\"dateModified\":\"2024-08-26T20:22:40+00:00\",\"description\":\"Entenda o que \u00e9, para que serve e como definir a miss\u00e3o, vis\u00e3o e valores de uma empresa. Qual a import\u00e2ncia e como criar as suas!\",\"breadcrumb\":{\"@id\":\"https:\/\/faculdade.grancursosonline.com.br\/blog\/missao-visao-e-valores\/#breadcrumb\"},\"inLanguage\":\"pt-BR\",\"potentialAction\":[{\"@type\":\"ReadAction\",\"target\":[\"https:\/\/faculdade.grancursosonline.com.br\/blog\/missao-visao-e-valores\/\"]}]},{\"@type\":\"ImageObject\",\"inLanguage\":\"pt-BR\",\"@id\":\"https:\/\/faculdade.grancursosonline.com.br\/blog\/missao-visao-e-valores\/#primaryimage\",\"url\":\"https:\/\/faculdade.grancursosonline.com.br\/blog\/wp-content\/uploads\/2024\/08\/Artes-genericas-Gran-Faculdade-Graduacao-4-1000x600-1.jpg\",\"contentUrl\":\"https:\/\/faculdade.grancursosonline.com.br\/blog\/wp-content\/uploads\/2024\/08\/Artes-genericas-Gran-Faculdade-Graduacao-4-1000x600-1.jpg\",\"width\":1000,\"height\":600},{\"@type\":\"BreadcrumbList\",\"@id\":\"https:\/\/faculdade.grancursosonline.com.br\/blog\/missao-visao-e-valores\/#breadcrumb\",\"itemListElement\":[{\"@type\":\"ListItem\",\"position\":1,\"name\":\"In\u00edcio\",\"item\":\"https:\/\/faculdade.grancursosonline.com.br\/blog\/\"},{\"@type\":\"ListItem\",\"position\":2,\"name\":\"Gradua\u00e7\u00e3o Gran Faculdade\",\"item\":\"https:\/\/faculdade.grancursosonline.com.br\/blog\/graduacao\/\"},{\"@type\":\"ListItem\",\"position\":3,\"name\":\"Miss\u00e3o, vis\u00e3o e valores: saiba o que significa\"}]},{\"@type\":\"WebSite\",\"@id\":\"https:\/\/faculdade.grancursosonline.com.br\/blog\/#website\",\"url\":\"https:\/\/faculdade.grancursosonline.com.br\/blog\/\",\"name\":\"Blog Gran Faculdade\",\"description\":\"Tudo sobre ensino superior, p\u00f3s-gradua\u00e7\u00e3o, enem e carreira.\",\"publisher\":{\"@id\":\"https:\/\/faculdade.grancursosonline.com.br\/blog\/#organization\"},\"potentialAction\":[{\"@type\":\"SearchAction\",\"target\":{\"@type\":\"EntryPoint\",\"urlTemplate\":\"https:\/\/faculdade.grancursosonline.com.br\/blog\/?s={search_term_string}\"},\"query-input\":{\"@type\":\"PropertyValueSpecification\",\"valueRequired\":true,\"valueName\":\"search_term_string\"}}],\"inLanguage\":\"pt-BR\"},{\"@type\":\"Organization\",\"@id\":\"https:\/\/faculdade.grancursosonline.com.br\/blog\/#organization\",\"name\":\"Gran Cursos Online\",\"url\":\"https:\/\/faculdade.grancursosonline.com.br\/blog\/\",\"logo\":{\"@type\":\"ImageObject\",\"inLanguage\":\"pt-BR\",\"@id\":\"https:\/\/faculdade.grancursosonline.com.br\/blog\/#\/schema\/logo\/image\/\",\"url\":\"https:\/\/blog-es-static.infra.grancursosonline.com.br\/wp-content\/uploads\/2019\/08\/03123934\/logo.png\",\"contentUrl\":\"https:\/\/blog-es-static.infra.grancursosonline.com.br\/wp-content\/uploads\/2019\/08\/03123934\/logo.png\",\"width\":300,\"height\":57,\"caption\":\"Gran Cursos Online\"},\"image\":{\"@id\":\"https:\/\/faculdade.grancursosonline.com.br\/blog\/#\/schema\/logo\/image\/\"},\"sameAs\":[\"https:\/\/www.facebook.com\/grancursosonline\/\",\"https:\/\/x.com\/gran_online\",\"https:\/\/www.instagram.com\/grancursosonline\/\",\"https:\/\/www.youtube.com\/user\/grancursostv\"]},{\"@type\":\"Person\",\"@id\":\"https:\/\/faculdade.grancursosonline.com.br\/blog\/#\/schema\/person\/9745f9b6db8976613c1f439dbcfe717d\",\"name\":\"Guilherme Henrique\",\"url\":\"https:\/\/faculdade.grancursosonline.com.br\/blog\/author\/guilherme-lourenco\/\"}]}<\/script>\n<!-- \/ Yoast SEO Premium plugin. -->","yoast_head_json":{"title":"Miss\u00e3o, vis\u00e3o e valores: saiba o que significa","description":"Entenda o que \u00e9, para que serve e como definir a miss\u00e3o, vis\u00e3o e valores de uma empresa. Qual a import\u00e2ncia e como criar as suas!","robots":{"index":"index","follow":"follow","max-snippet":"max-snippet:-1","max-image-preview":"max-image-preview:large","max-video-preview":"max-video-preview:-1"},"canonical":"https:\/\/faculdade.grancursosonline.com.br\/blog\/missao-visao-e-valores\/","og_locale":"pt_BR","og_type":"article","og_title":"Miss\u00e3o, vis\u00e3o e valores: saiba o que significa","og_description":"Entenda o que \u00e9, para que serve e como definir a miss\u00e3o, vis\u00e3o e valores de uma empresa. Qual a import\u00e2ncia e como criar as suas!","og_url":"https:\/\/faculdade.grancursosonline.com.br\/blog\/missao-visao-e-valores\/","og_site_name":"Blog Gran Faculdade","article_publisher":"https:\/\/www.facebook.com\/grancursosonline\/","article_published_time":"2024-08-21T20:51:00+00:00","article_modified_time":"2024-08-26T20:22:40+00:00","og_image":[{"width":1000,"height":600,"url":"https:\/\/faculdade.grancursosonline.com.br\/blog\/wp-content\/uploads\/2024\/08\/Artes-genericas-Gran-Faculdade-Graduacao-4-1000x600-1.jpg","type":"image\/jpeg"}],"author":"Guilherme Henrique","twitter_card":"summary_large_image","twitter_creator":"@gran_online","twitter_site":"@gran_online","twitter_misc":{"Written by":"Guilherme Henrique","Est. reading time":"11 minutos"},"schema":{"@context":"https:\/\/schema.org","@graph":[{"@type":"NewsArticle","@id":"https:\/\/faculdade.grancursosonline.com.br\/blog\/missao-visao-e-valores\/#article","isPartOf":{"@id":"https:\/\/faculdade.grancursosonline.com.br\/blog\/missao-visao-e-valores\/"},"author":{"name":"Guilherme Henrique","@id":"https:\/\/faculdade.grancursosonline.com.br\/blog\/#\/schema\/person\/9745f9b6db8976613c1f439dbcfe717d"},"headline":"Miss\u00e3o, vis\u00e3o e valores: saiba o que significa","datePublished":"2024-08-21T20:51:00+00:00","dateModified":"2024-08-26T20:22:40+00:00","mainEntityOfPage":{"@id":"https:\/\/faculdade.grancursosonline.com.br\/blog\/missao-visao-e-valores\/"},"wordCount":1960,"commentCount":0,"publisher":{"@id":"https:\/\/faculdade.grancursosonline.com.br\/blog\/#organization"},"image":{"@id":"https:\/\/faculdade.grancursosonline.com.br\/blog\/missao-visao-e-valores\/#primaryimage"},"thumbnailUrl":"https:\/\/faculdade.grancursosonline.com.br\/blog\/wp-content\/uploads\/2024\/08\/Artes-genericas-Gran-Faculdade-Graduacao-4-1000x600-1.jpg","articleSection":["Gradua\u00e7\u00e3o Gran Faculdade"],"inLanguage":"pt-BR","potentialAction":[{"@type":"CommentAction","name":"Comment","target":["https:\/\/faculdade.grancursosonline.com.br\/blog\/missao-visao-e-valores\/#respond"]}],"copyrightYear":"2024","copyrightHolder":{"@id":"https:\/\/faculdade.grancursosonline.com.br\/blog\/#organization"}},{"@type":"WebPage","@id":"https:\/\/faculdade.grancursosonline.com.br\/blog\/missao-visao-e-valores\/","url":"https:\/\/faculdade.grancursosonline.com.br\/blog\/missao-visao-e-valores\/","name":"Miss\u00e3o, vis\u00e3o e valores: saiba o que significa","isPartOf":{"@id":"https:\/\/faculdade.grancursosonline.com.br\/blog\/#website"},"primaryImageOfPage":{"@id":"https:\/\/faculdade.grancursosonline.com.br\/blog\/missao-visao-e-valores\/#primaryimage"},"image":{"@id":"https:\/\/faculdade.grancursosonline.com.br\/blog\/missao-visao-e-valores\/#primaryimage"},"thumbnailUrl":"https:\/\/faculdade.grancursosonline.com.br\/blog\/wp-content\/uploads\/2024\/08\/Artes-genericas-Gran-Faculdade-Graduacao-4-1000x600-1.jpg","datePublished":"2024-08-21T20:51:00+00:00","dateModified":"2024-08-26T20:22:40+00:00","description":"Entenda o que \u00e9, para que serve e como definir a miss\u00e3o, vis\u00e3o e valores de uma empresa. Qual a import\u00e2ncia e como criar as suas!","breadcrumb":{"@id":"https:\/\/faculdade.grancursosonline.com.br\/blog\/missao-visao-e-valores\/#breadcrumb"},"inLanguage":"pt-BR","potentialAction":[{"@type":"ReadAction","target":["https:\/\/faculdade.grancursosonline.com.br\/blog\/missao-visao-e-valores\/"]}]},{"@type":"ImageObject","inLanguage":"pt-BR","@id":"https:\/\/faculdade.grancursosonline.com.br\/blog\/missao-visao-e-valores\/#primaryimage","url":"https:\/\/faculdade.grancursosonline.com.br\/blog\/wp-content\/uploads\/2024\/08\/Artes-genericas-Gran-Faculdade-Graduacao-4-1000x600-1.jpg","contentUrl":"https:\/\/faculdade.grancursosonline.com.br\/blog\/wp-content\/uploads\/2024\/08\/Artes-genericas-Gran-Faculdade-Graduacao-4-1000x600-1.jpg","width":1000,"height":600},{"@type":"BreadcrumbList","@id":"https:\/\/faculdade.grancursosonline.com.br\/blog\/missao-visao-e-valores\/#breadcrumb","itemListElement":[{"@type":"ListItem","position":1,"name":"In\u00edcio","item":"https:\/\/faculdade.grancursosonline.com.br\/blog\/"},{"@type":"ListItem","position":2,"name":"Gradua\u00e7\u00e3o Gran Faculdade","item":"https:\/\/faculdade.grancursosonline.com.br\/blog\/graduacao\/"},{"@type":"ListItem","position":3,"name":"Miss\u00e3o, vis\u00e3o e valores: saiba o que significa"}]},{"@type":"WebSite","@id":"https:\/\/faculdade.grancursosonline.com.br\/blog\/#website","url":"https:\/\/faculdade.grancursosonline.com.br\/blog\/","name":"Blog Gran Faculdade","description":"Tudo sobre ensino superior, p\u00f3s-gradua\u00e7\u00e3o, enem e carreira.","publisher":{"@id":"https:\/\/faculdade.grancursosonline.com.br\/blog\/#organization"},"potentialAction":[{"@type":"SearchAction","target":{"@type":"EntryPoint","urlTemplate":"https:\/\/faculdade.grancursosonline.com.br\/blog\/?s={search_term_string}"},"query-input":{"@type":"PropertyValueSpecification","valueRequired":true,"valueName":"search_term_string"}}],"inLanguage":"pt-BR"},{"@type":"Organization","@id":"https:\/\/faculdade.grancursosonline.com.br\/blog\/#organization","name":"Gran Cursos Online","url":"https:\/\/faculdade.grancursosonline.com.br\/blog\/","logo":{"@type":"ImageObject","inLanguage":"pt-BR","@id":"https:\/\/faculdade.grancursosonline.com.br\/blog\/#\/schema\/logo\/image\/","url":"https:\/\/blog-es-static.infra.grancursosonline.com.br\/wp-content\/uploads\/2019\/08\/03123934\/logo.png","contentUrl":"https:\/\/blog-es-static.infra.grancursosonline.com.br\/wp-content\/uploads\/2019\/08\/03123934\/logo.png","width":300,"height":57,"caption":"Gran Cursos Online"},"image":{"@id":"https:\/\/faculdade.grancursosonline.com.br\/blog\/#\/schema\/logo\/image\/"},"sameAs":["https:\/\/www.facebook.com\/grancursosonline\/","https:\/\/x.com\/gran_online","https:\/\/www.instagram.com\/grancursosonline\/","https:\/\/www.youtube.com\/user\/grancursostv"]},{"@type":"Person","@id":"https:\/\/faculdade.grancursosonline.com.br\/blog\/#\/schema\/person\/9745f9b6db8976613c1f439dbcfe717d","name":"Guilherme Henrique","url":"https:\/\/faculdade.grancursosonline.com.br\/blog\/author\/guilherme-lourenco\/"}]}},"_links":{"self":[{"href":"https:\/\/faculdade.grancursosonline.com.br\/blog\/wp-json\/wp\/v2\/posts\/79748234","targetHints":{"allow":["GET"]}}],"collection":[{"href":"https:\/\/faculdade.grancursosonline.com.br\/blog\/wp-json\/wp\/v2\/posts"}],"about":[{"href":"https:\/\/faculdade.grancursosonline.com.br\/blog\/wp-json\/wp\/v2\/types\/post"}],"author":[{"embeddable":true,"href":"https:\/\/faculdade.grancursosonline.com.br\/blog\/wp-json\/wp\/v2\/users\/514"}],"replies":[{"embeddable":true,"href":"https:\/\/faculdade.grancursosonline.com.br\/blog\/wp-json\/wp\/v2\/comments?post=79748234"}],"version-history":[{"count":2,"href":"https:\/\/faculdade.grancursosonline.com.br\/blog\/wp-json\/wp\/v2\/posts\/79748234\/revisions"}],"predecessor-version":[{"id":79748239,"href":"https:\/\/faculdade.grancursosonline.com.br\/blog\/wp-json\/wp\/v2\/posts\/79748234\/revisions\/79748239"}],"wp:featuredmedia":[{"embeddable":true,"href":"https:\/\/faculdade.grancursosonline.com.br\/blog\/wp-json\/wp\/v2\/media\/79748236"}],"wp:attachment":[{"href":"https:\/\/faculdade.grancursosonline.com.br\/blog\/wp-json\/wp\/v2\/media?parent=79748234"}],"wp:term":[{"taxonomy":"category","embeddable":true,"href":"https:\/\/faculdade.grancursosonline.com.br\/blog\/wp-json\/wp\/v2\/categories?post=79748234"},{"taxonomy":"post_tag","embeddable":true,"href":"https:\/\/faculdade.grancursosonline.com.br\/blog\/wp-json\/wp\/v2\/tags?post=79748234"}],"curies":[{"name":"wp","href":"https:\/\/api.w.org\/{rel}","templated":true}]}}