{"id":79748363,"date":"2024-08-09T16:03:00","date_gmt":"2024-08-09T19:03:00","guid":{"rendered":"https:\/\/faculdade.grancursosonline.com.br\/blog\/?p=79748363"},"modified":"2024-08-26T21:28:23","modified_gmt":"2024-08-27T00:28:23","slug":"politicas-publicas","status":"publish","type":"post","link":"https:\/\/faculdade.grancursosonline.com.br\/blog\/politicas-publicas\/","title":{"rendered":"Pol\u00edticas P\u00fablicas: o que s\u00e3o? Saiba tudo!"},"content":{"rendered":"\n<p>As Pol\u00edticas P\u00fablicas s\u00e3o iniciativas, projetos, eventos e atividades que busquem atender e suprir demandas sociais, sejam problemas ou mesmo inova\u00e7\u00f5es que beneficiem a sociedade de forma geral. <\/p>\n\n\n\n<p>Isto \u00e9, esses projetos envolvem uma s\u00e9rie de legisla\u00e7\u00f5es, regulamenta\u00e7\u00f5es e tamb\u00e9m aten\u00e7\u00e3o aos interesses p\u00fablicos e que busquem trazer impacto positivo.<\/p>\n\n\n\n<div class=\"wp-block-columns is-layout-flex wp-container-core-columns-is-layout-9d6595d7 wp-block-columns-is-layout-flex\">\n<div class=\"wp-block-column is-layout-flow wp-block-column-is-layout-flow\" style=\"flex-basis:100%\"><div class=\"wp-block-image\">\n<figure class=\"aligncenter size-full\"><a href=\"https:\/\/whatsapp.com\/channel\/0029VaG1sChI7Be7PNndhL43\" target=\"_blank\" rel=\"noopener\"><img decoding=\"async\" src=\"https:\/\/blog-es-static.infra.grancursosonline.com.br\/wp-content\/uploads\/2025\/09\/09112354\/banner-wp-600x142-80.webp\" alt=\"Acesse o canal do WhatsApp da Gran Faculdade\" class=\"wp-image-79751904\"\/><\/a><\/figure>\n<\/div><\/div>\n<\/div>\n\n\n\n<p>Acompanhe o artigo para saber mais ou navegue pelo \u00edndice:<\/p>\n\n\n\n<ul class=\"wp-block-list\">\n<li><a href=\"#o-que-sao\">O que s\u00e3o pol\u00edticas p\u00fablicas?<\/a><\/li>\n\n\n\n<li><a href=\"#para-que-servem\">Para que servem as pol\u00edticas p\u00fablicas?<\/a><\/li>\n\n\n\n<li><a href=\"#tipos\">Tipos de pol\u00edticas p\u00fablicas<\/a><\/li>\n\n\n\n<li><a href=\"#formuladas\">Como s\u00e3o formuladas as pol\u00edticas p\u00fablicas?<\/a><\/li>\n\n\n\n<li><a href=\"#exemplos\">Quais s\u00e3o os principais exemplos de pol\u00edticas p\u00fablicas no Brasil?<\/a><\/li>\n\n\n\n<li><a href=\"#importancia\">Qual a import\u00e2ncia das pol\u00edticas p\u00fablicas?<\/a><\/li>\n\n\n\n<li><a href=\"#especializacao\">Especializa\u00e7\u00e3o em pol\u00edticas p\u00fablicas<\/a><\/li>\n<\/ul>\n\n\n\n<div class=\"container-tabela\"><table border=\"1\" bgcolor=\"aliceblue\">\n<tbody>\n<tr>\n<td><strong>Destaques:<\/strong>\n<ul>\n<li><a href=\"https:\/\/blog.grancursosonline.com.br\/gestor-publico\/\" target=\"_blank\" rel=\"noopener\">Gestor P\u00fablico: confira tudo sobre a profiss\u00e3o<\/a><\/li>\n<li><a href=\"https:\/\/blog.grancursosonline.com.br\/administracao-publica-tendencias\/\" target=\"_blank\" rel=\"noopener\">Administra\u00e7\u00e3o p\u00fablica: tend\u00eancias para ficar de olho<\/a><\/li>\n<li><a href=\"https:\/\/blog.grancursosonline.com.br\/principios-administracao-publica\/\" target=\"_blank\" rel=\"noopener\">Princ\u00edpios da Administra\u00e7\u00e3o P\u00fablica: quais s\u00e3o e como usar?<\/a><\/li>\n<\/ul>\n<\/td>\n<\/tr>\n<\/tbody>\n<\/table><\/div>\n\n\n\n<h2 class=\"wp-block-heading\" id=\"h-participe-de-uma-imersao-exclusiva-com-especialistas-em-ia-e-transforme-sua-carreira\">Participe de uma imers\u00e3o exclusiva com especialistas em IA e transforme sua carreira<\/h2>\n\n\n<div class=\"wp-block-image\">\n<figure class=\"aligncenter size-large is-resized\"><a href=\"https:\/\/lp.grancursosonline.com.br\/imersao-em-ia\/?utm_source=Wordpress&amp;utm_medium=sidebar&amp;utm_campaign=Capta%C3%A7%C3%A3o+Imers%C3%A3o+em+IA+-+Abril%2F2026+-+Blog+Ensino+Superior+-+Conte%C3%BAdo+e+SEO&amp;utm_id=Capta%C3%A7%C3%A3o+Imers%C3%A3o+em+IA+-+Abril%2F2026+-+Blog+Ensino+Superior+-+Conte%C3%BAdo+e+SEO\" target=\"_blank\" rel=\" noreferrer noopener\"><img loading=\"lazy\" decoding=\"async\" width=\"1024\" height=\"576\" src=\"https:\/\/blog-es-static.infra.grancursosonline.com.br\/wp-content\/uploads\/2026\/03\/31105919\/imersao_em_ia-1024x576.webp\" alt=\"\" class=\"wp-image-79763836\" style=\"width:488px;height:auto\"\/><\/a><\/figure>\n<\/div>\n\n\n<p><strong>Se voc\u00ea quer sair do b\u00e1sico e entender, na pr\u00e1tica, como a Intelig\u00eancia Artificial (IA) est\u00e1 moldando o mercado, esta \u00e9 a sua oportunidade.<\/strong> <\/p>\n\n\n\n<p>A Imers\u00e3o em IA re\u00fane especialistas renomados do mercado, incluindo profissionais com experi\u00eancia em grandes empresas de tecnologia como Google e Amazon, que v\u00e3o compartilhar<strong> insights estrat\u00e9gicos e aplica\u00e7\u00f5es reais<\/strong> para acelerar sua evolu\u00e7\u00e3o profissional.<\/p>\n\n\n\n<p>O evento acontecer\u00e1 em <strong>tr\u00eas encontros ao vivo, a partir do dia 13 de abril, sempre \u00e0s 20h<\/strong> (hor\u00e1rio de Bras\u00edlia), com uma programa\u00e7\u00e3o estruturada para levar voc\u00ea do entendimento dos conceitos at\u00e9 a aplica\u00e7\u00e3o pr\u00e1tica de agentes de IA.<\/p>\n\n\n\n<p>Clique no link abaixo e garanta sua participa\u00e7\u00e3o nesta experi\u00eancia <strong>gratuita, ao vivo e com potencial real de impacto na sua carreira<\/strong>.<\/p>\n\n\n\n<p class=\"has-text-align-center\"><strong><a href=\"https:\/\/lp.grancursosonline.com.br\/imersao-em-ia\/?utm_source=Wordpress&amp;utm_medium=sidebar&amp;utm_campaign=Capta%C3%A7%C3%A3o+Imers%C3%A3o+em+IA+-+Abril%2F2026+-+Blog+Ensino+Superior+-+Conte%C3%BAdo+e+SEO&amp;utm_id=Capta%C3%A7%C3%A3o+Imers%C3%A3o+em+IA+-+Abril%2F2026+-+Blog+Ensino+Superior+-+Conte%C3%BAdo+e+SEO\" target=\"_blank\" rel=\"noreferrer noopener\">Quero participar da Imers\u00e3o para aprender mais sobre IA<\/a><\/strong><\/p>\n\n\n\n<h2 class=\"wp-block-heading\" id=\"o-que-sao\">O que s\u00e3o pol\u00edticas p\u00fablicas?<\/h2>\n\n\n\n<p>Pol\u00edticas p\u00fablicas s\u00e3o a\u00e7\u00f5es e diretrizes estabelecidas por governos que buscam atender \u00e0s necessidades da sociedade e promover o bem-estar social. Ademais, elas atuam como um instrumento de equil\u00edbrio social, buscando reduzir desigualdades e promover a inclus\u00e3o social.<\/p>\n\n\n\n<p>A efic\u00e1cia de uma pol\u00edtica p\u00fablica depende de sua capacidade de atender \u00e0s necessidades da popula\u00e7\u00e3o e de se adaptar \u00e0s mudan\u00e7as sociais e econ\u00f4micas. Por isso, esse processo \u00e9 din\u00e2mico e requer a participa\u00e7\u00e3o de diversos atores, incluindo governos, organiza\u00e7\u00f5es n\u00e3o governamentais, setor privado, e a pr\u00f3pria sociedade civil. <\/p>\n\n\n\n<p>Desse modo, podemos ver que essas pol\u00edticas s\u00e3o fundamentais para garantir que os direitos e deveres dos cidad\u00e3os sejam respeitados e promovidos. O sucesso das pol\u00edticas p\u00fablicas depende da transpar\u00eancia, da participa\u00e7\u00e3o social, e da capacidade do governo de gerir recursos e implementar a\u00e7\u00f5es eficazes.<\/p>\n\n\n\n<h3 class=\"wp-block-heading\" id=\"h-conceito-de-politicas-publicas\">Conceito de pol\u00edticas p\u00fablicas<\/h3>\n\n\n\n<p>Em geral, o conceito de pol\u00edticas p\u00fablicas envolve ser uma esp\u00e9cie de resposta a problemas sociais ou defesa e promo\u00e7\u00e3o de aspectos de interesse p\u00fablico, especialmente da sociedade de forma mais espec\u00edfica.<\/p>\n\n\n\n<p>Segundo a Assembl\u00e9ia Legislativa de Sergipe, s\u00f3 para ilustrar:<\/p>\n\n\n<p style=\"padding-left: 80px;\"><em>Pol\u00edticas p\u00fablicas s\u00e3o a\u00e7\u00f5es e programas que s\u00e3o desenvolvidos pelo Estado para garantir e colocar em pr\u00e1tica direitos que s\u00e3o previstos na Constitui\u00e7\u00e3o Federal e em outras leis. S\u00e3o medidas e programas criados pelos governos dedicados a garantir o bem estar da popula\u00e7\u00e3o.<\/em><\/p>\n\n\n<h3 class=\"wp-block-heading\" id=\"h-quais-sao-os-assuntos-que-devem-ser-temas-das-politicas-publicas\">Quais s\u00e3o os assuntos que devem ser temas das pol\u00edticas p\u00fablicas?<\/h3>\n\n\n\n<p>Em geral, qualquer assunto pode ser tema das pol\u00edticas p\u00fablicas desde que sejam de relev\u00e2ncia e interesse p\u00fablico: sa\u00fade, educa\u00e7\u00e3o, seguran\u00e7a, meio ambiente, e economia, entre outras, e s\u00e3o fundamentais para garantir o desenvolvimento e a justi\u00e7a social.<\/p>\n\n\n\n<p>O foco \u00e9 beneficiar e contemplar a popula\u00e7\u00e3o em assuntos que sejam essenciais para o desenvolvimento econ\u00f4mico e social em diferentes inst\u00e2ncias.<\/p>\n\n\n\n<h2 class=\"wp-block-heading\" id=\"para-que-servem\">Para que servem as pol\u00edticas p\u00fablicas?<\/h2>\n\n\n\n<p>As pol\u00edticas p\u00fablicas s\u00e3o essenciais para a constru\u00e7\u00e3o de uma sociedade mais justa e equilibrada. Por exemplo:<\/p>\n\n\n\n<ul class=\"wp-block-list\">\n<li>Promover o bem-estar social;<\/li>\n\n\n\n<li>Reduzir desigualdades;<\/li>\n\n\n\n<li>Proteger direitos;<\/li>\n\n\n\n<li>Fomentar o desenvolvimento econ\u00f4mico e social;<\/li>\n\n\n\n<li>Garantir acesso a servi\u00e7os essenciais;<\/li>\n\n\n\n<li>Estimular a participa\u00e7\u00e3o cidad\u00e3 e afins<\/li>\n<\/ul>\n\n\n\n<h2 class=\"wp-block-heading\" id=\"tipos\">Tipos de pol\u00edticas p\u00fablicas<\/h2>\n\n\n\n<p>Alguns tipos comuns de pol\u00edticas p\u00fablicas s\u00e3o, s\u00f3 para ilustrar:<\/p>\n\n\n\n<ul class=\"wp-block-list\">\n<li><strong>Pol\u00edticas p\u00fablicas regulat\u00f3rias<\/strong>: que estabelecem regras para a popula\u00e7\u00e3o;<\/li>\n\n\n\n<li><strong>Pol\u00edticas p\u00fablicas distributivas<\/strong>: que buscam atender a um grupo espec\u00edfico da sociedade;<\/li>\n\n\n\n<li><strong>Pol\u00edticas p\u00fablicas redistributivas<\/strong>: que procuram atender a grupos sociais em geral e o sem bem-estar;<\/li>\n\n\n\n<li><strong>Pol\u00edticas p\u00fablicas constitutivas<\/strong>:que norteiam o funcionamento das pol\u00edticas;<\/li>\n<\/ul>\n\n\n\n<h2 class=\"wp-block-heading\" id=\"formuladas\">Como s\u00e3o formuladas as pol\u00edticas p\u00fablicas?<\/h2>\n\n\n\n<p>As pol\u00edticas p\u00fablicas s\u00e3o formuladas a partir de um processo que envolve a identifica\u00e7\u00e3o de problemas, a defini\u00e7\u00e3o de objetivos, a cria\u00e7\u00e3o de estrat\u00e9gias, e a aloca\u00e7\u00e3o de recursos para a implementa\u00e7\u00e3o dessas estrat\u00e9gias. <\/p>\n\n\n\n<p>Em geral, elas envolvem a cria\u00e7\u00e3o e implementa\u00e7\u00e3o de programas, projetos e regulamentos que buscam solucionar problemas espec\u00edficos ou melhorar a qualidade de vida da popula\u00e7\u00e3o. Confira mais alguns detalhes:<\/p>\n\n\n\n<h3 class=\"wp-block-heading\" id=\"h-quem-deve-promover-as-politicas-publicas\">Quem deve promover as pol\u00edticas p\u00fablicas?<\/h3>\n\n\n\n<p>Diversos agentes est\u00e3o envolvidos na promo\u00e7\u00e3o das pol\u00edticas p\u00fablicas, mas dentre eles destacam-se principalmente a administra\u00e7\u00e3o p\u00fablica. \u00c9 ela quem gerencia e organiza a\u00e7\u00f5es que impactem de forma positiva a popula\u00e7\u00e3o a partir de projetos, atividades, eventos e outros tipos de iniciativas que busquem o bem estar da sociedade.<\/p>\n\n\n\n<h3 class=\"wp-block-heading\" id=\"h-qual-e-a-lei-das-politicas-publicas\">Qual \u00e9 a lei das pol\u00edticas p\u00fablicas?<\/h3>\n\n\n\n<p>No Brasil n\u00e3o existem leis espec\u00edficas para pol\u00edticas p\u00fablicas. Tudo depende a \u00e1rea onde ela ser\u00e1 desenvolvida pois podem haver regula\u00e7\u00f5es e normatiza\u00e7\u00f5es espec\u00edficas, como \u00e9 o cado de setores como a sa\u00fade, jur\u00eddico e educa\u00e7\u00e3o, por exemplo.<\/p>\n\n\n\n<h3 class=\"wp-block-heading\" id=\"h-o-que-e-ciclo-de-politicas-publicas\">O que \u00e9 ciclo de pol\u00edticas p\u00fablicas?<\/h3>\n\n\n\n<p>O ciclo de pol\u00edticas p\u00fablicas envolve as seguintes etapas:<\/p>\n\n\n\n<ul class=\"wp-block-list\">\n<li><strong>Identifica\u00e7\u00e3o de problemas<\/strong>: surge a demanda relacionada a sociedade;<\/li>\n\n\n\n<li><strong>Formula\u00e7\u00e3o de pol\u00edticas<\/strong>: elaboram-se estudos e atividades a serem desenvolvidas;<\/li>\n\n\n\n<li><strong>Implementa\u00e7\u00e3o<\/strong>: desenvolvimento e execu\u00e7\u00e3o dos processo e processos;<\/li>\n\n\n\n<li><strong>Avalia\u00e7\u00e3o<\/strong>: monitoram-se e avaliam-se os resultados e impactos do projeto;<\/li>\n\n\n\n<li><strong>Revis\u00e3o e ajustes<\/strong>: aqui s\u00e3o corrigidos erros e evoluem-se das pol\u00edticas p\u00fablicas.<\/li>\n<\/ul>\n\n\n\n<h3 class=\"wp-block-heading\" id=\"h-o-que-estuda-em-politicas-publicas\">O que estuda em pol\u00edticas p\u00fablicas?<\/h3>\n\n\n\n<p>Alguns temas estudados na \u00e1reas pol\u00edticas p\u00fablicas s\u00e3o, por exemplo:<\/p>\n\n\n\n<ul class=\"wp-block-list\">\n<li>Servi\u00e7o Social;<\/li>\n\n\n\n<li>Direito P\u00fablico;<\/li>\n\n\n\n<li>Gest\u00e3o de Projetos e Processos;<\/li>\n\n\n\n<li>Economia, Finan\u00e7as e Capta\u00e7\u00e3o de Recursos;<\/li>\n\n\n\n<li>Gest\u00e3o P\u00fablica, entre outros temas.<\/li>\n<\/ul>\n\n\n\n<h3 class=\"wp-block-heading\" id=\"h-qual-e-a-diferenca-entre-politicas-publicas-e-politicas-governamentais\">Qual \u00e9 a diferen\u00e7a entre pol\u00edticas p\u00fablicas e pol\u00edticas governamentais?<\/h3>\n\n\n\n<p>A principal diferen\u00e7a entre pol\u00edticas p\u00fablicas e pol\u00edticas governamentais e o campo de aplica\u00e7\u00e3o de cada uma delas. <\/p>\n\n\n\n<p>Enquanto as pol\u00edticas p\u00fablicas buscam atender interesses muitas vezes mais sociais e que impactem a popula\u00e7\u00e3o de forma ampla, as pol\u00edticas governamentais costumam ter um car\u00e1ter mais administrativo e gerencial. Ou seja, um \u00e9 mais pr\u00f3ximo da sociedade e o outro busca defender os interesses p\u00fabicos enquanto administra\u00e7\u00e3o.<\/p>\n\n\n\n<h2 class=\"wp-block-heading\" id=\"exemplos\">Quais s\u00e3o os principais exemplos de pol\u00edticas p\u00fablicas no Brasil?<\/h2>\n\n\n\n<p>Alguns exemplos de pol\u00edticas p\u00fablicas brasileiras s\u00e3o:<\/p>\n\n\n\n<ul class=\"wp-block-list\">\n<li>Sistema \u00danico de Sa\u00fade (SUS);<\/li>\n\n\n\n<li>Programa Nacional de Educa\u00e7\u00e3o (PNE);<\/li>\n\n\n\n<li>Pol\u00edtica Nacional de Assist\u00eancia Social (PNAS);<\/li>\n\n\n\n<li>Minha Casa, Minha Vida, e outros.<\/li>\n<\/ul>\n\n\n\n<h2 class=\"wp-block-heading\" id=\"importancia\">Qual a import\u00e2ncia das pol\u00edticas p\u00fablicas?<\/h2>\n\n\n\n<p>As pol\u00edticas p\u00fablicas desempenham um papel crucial na garantia e defesa dos direitos da popula\u00e7\u00e3o, para que sejam respeitados e que as necessidades b\u00e1sicas sejam atendidas. Por meio delas, o governo pode reduzir desigualdades sociais e econ\u00f4micas, promovendo a inclus\u00e3o e a justi\u00e7a social.<\/p>\n\n\n\n<p>Isto \u00e9, as pol\u00edticas p\u00fablicas s\u00e3o essenciais para o desenvolvimento sustent\u00e1vel de um pa\u00eds. Elas ajudam a estabelecer um ambiente favor\u00e1vel ao crescimento econ\u00f4mico, ao mesmo tempo que protegem o meio ambiente e garantem a qualidade de vida das futuras gera\u00e7\u00f5es. <\/p>\n\n\n\n<p>Al\u00e9m disso, a formula\u00e7\u00e3o de pol\u00edticas p\u00fablicas eficazes requer planejamento, participa\u00e7\u00e3o social, e uma abordagem baseada em evid\u00eancias. Elas permitem que o governo responda de maneira organizada e eficaz aos desafios e crises que surgem, como desastres naturais, epidemias, ou crises econ\u00f4micas. <\/p>\n\n\n\n<p>Em resumo, as pol\u00edticas p\u00fablicas proporcionam uma estrutura para a a\u00e7\u00e3o governamental e ajudam a coordenar os esfor\u00e7os entre diferentes setores e n\u00edveis de governo, garantindo uma resposta eficiente \u00e0s necessidades da popula\u00e7\u00e3o. Tudo isso em di\u00e1logo com empresas privadas e tamb\u00e9m organiza\u00e7\u00f5es civis.<\/p>\n\n\n\n<h2 class=\"wp-block-heading\" id=\"especializacao\">Especializa\u00e7\u00e3o em pol\u00edticas p\u00fablicas<\/h2>\n\n\n\n<p>Se voc\u00ea j\u00e1 \u00e9 graduado, talvez se interesse pelo nosso curso de <a href=\"https:\/\/pos.grancursosonline.com.br\/curso\/gestao-publica\" target=\"_blank\" rel=\"noreferrer noopener\">P\u00f3s-Gradua\u00e7\u00e3o em Gest\u00e3o P\u00fablica<\/a>. O objetivo \u00e9 capacitar profissionais para atua\u00e7\u00e3o como gestores, executivos, profissionais de alta performance e consultores em \u00f3rg\u00e3os p\u00fablicos e em institui\u00e7\u00f5es privadas que atuem em parceria com o Poder P\u00fablico.<\/p>\n\n\n\n<p>Os principais objetivos do curso s\u00e3o:<\/p>\n\n\n\n<ul class=\"wp-block-list\">\n<li>Oferecer capacita\u00e7\u00e3o aos profissionais da \u00e1rea a intervirem na gest\u00e3o organizacional da administra\u00e7\u00e3o p\u00fablica.<\/li>\n\n\n\n<li>Fornecer ao gestor p\u00fablico o desenvolvimento de vis\u00e3o estrat\u00e9gica na gest\u00e3o p\u00fablica.<\/li>\n\n\n\n<li>Otimizar, a partir de t\u00e9cnicas pautadas na efici\u00eancia, a gest\u00e3o de atividades do poder p\u00fablico<\/li>\n<\/ul>\n\n\n\n<h3 class=\"wp-block-heading\" id=\"h-qual-a-melhor-pos-graduacao-para-quem-fez-gestao-publica\">Qual a melhor p\u00f3s-gradua\u00e7\u00e3o para quem fez Gest\u00e3o P\u00fablica?<\/h3>\n\n\n\n<p>Al\u00e9m desse curso, outras op\u00e7\u00f5es para quem busca se aprofundar em \u00e1reas espec\u00edficas da gest\u00e3o p\u00fablica s\u00e3o:<\/p>\n\n\n\n<ul class=\"wp-block-list\">\n<li><strong><a href=\"https:\/\/pos.grancursosonline.com.br\/curso\/gestao-estrategica\" target=\"_blank\" rel=\"noreferrer noopener\">P\u00f3s-Gradua\u00e7\u00e3o em Gest\u00e3o Estrat\u00e9gica<\/a>:&nbsp;<\/strong>Capacitar profissionais para atuarem em gest\u00e3o estrat\u00e9gica em organiza\u00e7\u00f5es p\u00fablicas e privadas.<\/li>\n\n\n\n<li><strong><a href=\"https:\/\/pos.grancursosonline.com.br\/curso\/gestao-por-processos-e-projetos\" target=\"_blank\" rel=\"noreferrer noopener\">P\u00f3s-Gradua\u00e7\u00e3o em Gest\u00e3o por Processos e Projetos<\/a><\/strong>: Capacitar para atuarem de forma estrat\u00e9gica e integrada na gest\u00e3o de processos e projetos, desenvolvendo compet\u00eancias que promovam efici\u00eancia, inova\u00e7\u00e3o e competitividade nas organiza\u00e7\u00f5es.<\/li>\n\n\n\n<li><strong><a href=\"https:\/\/pos.grancursosonline.com.br\/curso\/pos-graduacao-em-gestao-de-pessoas-lato-sensu\" target=\"_blank\" rel=\"noreferrer noopener\">P\u00f3s-Gradua\u00e7\u00e3o em Gest\u00e3o de Pessoas<\/a><\/strong>: Capacitar profissionais graduados em qualquer \u00e1rea, que buscam desenvolver compet\u00eancias em Gest\u00e3o de pessoas para atuarem em organiza\u00e7\u00f5es p\u00fablicas ou privadas.<\/li>\n\n\n\n<li><strong><a href=\"https:\/\/pos.grancursosonline.com.br\/curso\/economia-e-financas\" target=\"_blank\" rel=\"noreferrer noopener\">P\u00f3s-Gradua\u00e7\u00e3o em Economia e Finan\u00e7as<\/a><\/strong>: O curso ser\u00e1 essencial para o desenvolvimento de compet\u00eancias, de habilidades acad\u00eamicas e de pr\u00e1ticas aplicadas \u00e0s atividades de economia e finan\u00e7as das organiza\u00e7\u00f5es.<\/li>\n<\/ul>\n\n\n\n<h2 class=\"wp-block-heading\" id=\"h-pos-graduacao-faca-sua-especializacao-com-desconto\">P\u00f3s-Gradua\u00e7\u00e3o: fa\u00e7a sua especializa\u00e7\u00e3o com desconto!<\/h2>\n\n\n\n<p>Garanta sua matr\u00edcula em um dos novos cursos de p\u00f3s-gradua\u00e7\u00e3o da Gran P\u00f3s ou em&nbsp;<strong>qualquer uma das outras mais de 100 especializa\u00e7\u00f5es dispon\u00edveis na plataforma com at\u00e9 77% de desconto!<\/strong><\/p>\n\n\n\n<p>Queremos te ajudar a conquistar todos seus objetivos acad\u00eamicos e profissionais! Por isso, o Gran disponibiliza uma s\u00e9rie de promo\u00e7\u00f5es. Afinal, a educa\u00e7\u00e3o deve e pode ser para todos! <strong>Veja quais cupons s\u00e3o v\u00e1lidos at\u00e9 o preenchimento das vagas dispon\u00edveis:<\/strong><\/p>\n\n\n\n<figure class=\"wp-block-table\"><div class=\"container-tabela\"><table class=\"has-fixed-layout\"><thead><tr><th>Tipo de Desconto<\/th><th>Curso<\/th><th>Valores<\/th><th>Cupons<\/th><\/tr><\/thead><tbody><tr><td rowspan=\"2\">SOCIAL<\/td><td>P\u00f3s-Gradua\u00e7\u00e3o<\/td><td>12x de R$ 89,90<\/td><td>POSGRANSOCIAL<\/td><\/tr><tr><td>MBA<\/td><td>12x de R$ 89,90<\/td><td>MBAGRANSOCIAL<\/td><\/tr><tr><td rowspan=\"2\">ALUNOS GRAN<\/td><td>P\u00f3s-Gradua\u00e7\u00e3o<\/td><td>12x de R$ 89,90<\/td><td>SOUALUNOGRAN<\/td><\/tr><tr><td>MBA<\/td><td>12x de R$ 89,90<\/td><td>MBAALUNOGRAN<\/td><\/tr><tr><td rowspan=\"2\">EX-ALUNOS<\/td><td>P\u00f3s-Gradua\u00e7\u00e3o<\/td><td>12x de R$ 89,90<\/td><td>VOLTEIPROGRAN<\/td><\/tr><tr><td>MBA<\/td><td>12x de R$ 89,90<\/td><td>MBAVOLTEIPROGRAN<\/td><\/tr><tr><td rowspan=\"2\">NOVOS ALUNOS <\/td><td>P\u00f3s-Gradua\u00e7\u00e3o<\/td><td>12x de R$ 109,90<\/td><td>NOVONOGRAN<\/td><\/tr><tr><td>MBA<\/td><td>12x de R$ 109,90<\/td><td>MBANOVONOGRAN<\/td><\/tr><tr><td><strong>COMBO P\u00d3S*<\/strong><\/td><td><strong>P\u00f3s-Gradua\u00e7\u00e3o<\/strong><\/td><td><strong>12x de R$ 109,90<\/strong><\/td><td><strong>COMBOPOS<\/strong><\/td><\/tr><\/tbody><\/table><\/div><figcaption class=\"wp-element-caption\">* A condi\u00e7\u00e3o de 2 cursos pelo pre\u00e7o de 1 n\u00e3o inclui os cursos de MBA<\/figcaption><\/figure>\n\n\n\n<p><strong>\u00c0 vista no PIX ou Boleto voc\u00ea ainda adquire MAIS 5% DE DESCONTO!<\/strong><\/p>\n\n\n\n<p>Para garantir os pre\u00e7os promocionais, basta acessar a p\u00e1gina da sua especializa\u00e7\u00e3o de prefer\u00eancia e visualizar todos os cupons ao lado do pre\u00e7o final!<\/p>\n\n\n\n<p>Se, por acaso, o desconto n\u00e3o for aplicado imediatamente, voc\u00ea tamb\u00e9m poder\u00e1 digitar o c\u00f3digo do cupom informado na tabela acima!<\/p>\n\n\n\n<p class=\"has-text-align-center has-text-align-center\"><a href=\"https:\/\/pos.grancursosonline.com.br\/\" target=\"_blank\" rel=\"noreferrer noopener\"><strong>Garanta sua matr\u00edcula com desconto!<\/strong><\/a><\/p>\n\n\n\n<h2 class=\"wp-block-heading\" id=\"h-vem-pra-gran-faculdade\">Vem pra Gran Faculdade!<\/h2>\n\n\n\n<p>A Gran Faculdade vem mudando a vida de milhares de pessoas por meio de cursos \u00e0 dist\u00e2ncia de <a href=\"https:\/\/faculdade.grancursosonline.com.br\/\" target=\"_blank\" rel=\"noreferrer noopener\">gradua\u00e7\u00e3o<\/a>, <a href=\"https:\/\/pos.grancursosonline.com.br\/\" target=\"_blank\" rel=\"noreferrer noopener\">p\u00f3s-gradua\u00e7\u00e3o<\/a> e <a href=\"https:\/\/pos.grancursosonline.com.br\/mba\" target=\"_blank\" rel=\"noreferrer noopener\">MBA<\/a>. Seja no digital ou em nosso <a href=\"https:\/\/presencial.grancursosonline.com.br\/\" target=\"_blank\" rel=\"noreferrer noopener\">Campus Presencial em Curitiba<\/a>, a nossa miss\u00e3o \u00e9 transformar a educa\u00e7\u00e3o superior.<\/p>\n\n\n\n<p>Como parte de Sistema Gran de Ensino, que \u00e9 reconhecido como marca aprovadora h\u00e1 mais de 10 anos, constru\u00edmos uma renomada reputa\u00e7\u00e3o na \u00e1rea de educa\u00e7\u00e3o.<\/p>\n\n\n\n<p>Veja algumas de nossas conquistas:<\/p>\n\n\n\n<ul class=\"wp-block-list\">\n<li>Reconhecido pela Amazon como um dos projetos mais relevantes do mundo na \u00e1rea de Tecnologia e Educa\u00e7\u00e3o;<\/li>\n\n\n\n<li>Foi eleito pelo Project Management Institute (PMI), um dos 50 Projetos Mais Influentes do mundo;<\/li>\n\n\n\n<li>Somos o site de educa\u00e7\u00e3o mais acessado do Brasil;<\/li>\n\n\n\n<li>Somos avaliados com a nota m\u00e1xima pelo MEC;<\/li>\n\n\n\n<li>Aqui o semestre come\u00e7a quando quiser: entrada imediata e cont\u00ednua!<\/li>\n\n\n\n<li>Melhores pre\u00e7os do mercado;<\/li>\n\n\n\n<li>Mais de 500 mil alunos pagantes e mais de 1000 funcion\u00e1rios;<\/li>\n\n\n\n<li>Diversas ferramentas de estudo: PDFs, audiobooks, mapas mentais, videoaulas, quest\u00f5es, gerenciador de estudos e muito mais!<\/li>\n\n\n\n<li>Professores experientes e capacitados;<\/li>\n\n\n\n<li>Acesso imediato e 100% online.<\/li>\n<\/ul>\n\n\n\n<p class=\"has-text-align-center has-text-align-center\"><strong><a href=\"https:\/\/faculdade.grancursosonline.com.br\/\" target=\"_blank\" rel=\"noreferrer noopener\">Quero ser aluno da Gran Faculdade!<\/a><\/strong><\/p>\n","protected":false},"excerpt":{"rendered":"<p>As Pol\u00edticas P\u00fablicas s\u00e3o iniciativas, projetos, eventos e atividades que busquem atender e suprir demandas sociais, sejam problemas ou mesmo inova\u00e7\u00f5es que beneficiem a sociedade de forma geral. Isto \u00e9, esses projetos envolvem uma s\u00e9rie de legisla\u00e7\u00f5es, regulamenta\u00e7\u00f5es e tamb\u00e9m aten\u00e7\u00e3o aos interesses p\u00fablicos e que busquem trazer impacto positivo. Acompanhe o artigo para saber&hellip;<\/p>\n","protected":false},"author":486,"featured_media":79748367,"comment_status":"open","ping_status":"open","sticky":false,"template":"","format":"standard","meta":{"_acf_changed":false,"content-type":"","footnotes":""},"categories":[209229,2],"tags":[],"class_list":["post-79748363","post","type-post","status-publish","format-standard","has-post-thumbnail","hentry","category-pos-graduacao","category-ultimas-noticias"],"acf":[],"yoast_head":"<!-- This site is optimized with the Yoast SEO Premium plugin v27.2 (Yoast SEO v27.2) - https:\/\/yoast.com\/product\/yoast-seo-premium-wordpress\/ -->\n<title>Pol\u00edticas P\u00fablicas: o que s\u00e3o? Saiba tudo!<\/title>\n<meta name=\"description\" content=\"O que s\u00e3o pol\u00edticas p\u00fablicas? Para que servem as pol\u00edticas p\u00fablicas? Conhe\u00e7a os principais tipos, exemplos e import\u00e2ncia!\" \/>\n<meta name=\"robots\" content=\"index, follow, max-snippet:-1, max-image-preview:large, max-video-preview:-1\" \/>\n<link rel=\"canonical\" href=\"https:\/\/faculdade.grancursosonline.com.br\/blog\/politicas-publicas\/\" \/>\n<meta property=\"og:locale\" content=\"pt_BR\" \/>\n<meta property=\"og:type\" content=\"article\" \/>\n<meta property=\"og:title\" content=\"Pol\u00edticas P\u00fablicas: o que s\u00e3o? Saiba tudo!\" \/>\n<meta property=\"og:description\" content=\"O que s\u00e3o pol\u00edticas p\u00fablicas? Para que servem as pol\u00edticas p\u00fablicas? Conhe\u00e7a os principais tipos, exemplos e import\u00e2ncia!\" \/>\n<meta property=\"og:url\" content=\"https:\/\/faculdade.grancursosonline.com.br\/blog\/politicas-publicas\/\" \/>\n<meta property=\"og:site_name\" content=\"Blog Gran Faculdade\" \/>\n<meta property=\"article:publisher\" content=\"https:\/\/www.facebook.com\/grancursosonline\/\" \/>\n<meta property=\"article:published_time\" content=\"2024-08-09T19:03:00+00:00\" \/>\n<meta property=\"article:modified_time\" content=\"2024-08-27T00:28:23+00:00\" \/>\n<meta property=\"og:image\" content=\"https:\/\/faculdade.grancursosonline.com.br\/blog\/wp-content\/uploads\/2024\/08\/Politicas-Publicas.jpg\" \/>\n\t<meta property=\"og:image:width\" content=\"1001\" \/>\n\t<meta property=\"og:image:height\" content=\"601\" \/>\n\t<meta property=\"og:image:type\" content=\"image\/jpeg\" \/>\n<meta name=\"author\" content=\"Equipe Gran\" \/>\n<meta name=\"twitter:card\" content=\"summary_large_image\" \/>\n<meta name=\"twitter:creator\" content=\"@gran_online\" \/>\n<meta name=\"twitter:site\" content=\"@gran_online\" \/>\n<meta name=\"twitter:label1\" content=\"Written by\" \/>\n\t<meta name=\"twitter:data1\" content=\"Equipe Gran\" \/>\n\t<meta name=\"twitter:label2\" content=\"Est. reading time\" \/>\n\t<meta name=\"twitter:data2\" content=\"10 minutos\" \/>\n<script type=\"application\/ld+json\" class=\"yoast-schema-graph\">{\"@context\":\"https:\/\/schema.org\",\"@graph\":[{\"@type\":\"NewsArticle\",\"@id\":\"https:\/\/faculdade.grancursosonline.com.br\/blog\/politicas-publicas\/#article\",\"isPartOf\":{\"@id\":\"https:\/\/faculdade.grancursosonline.com.br\/blog\/politicas-publicas\/\"},\"author\":{\"name\":\"Equipe Gran\",\"@id\":\"https:\/\/faculdade.grancursosonline.com.br\/blog\/#\/schema\/person\/c05f350f8ea43a7138aaffc6a87bc5e0\"},\"headline\":\"Pol\u00edticas P\u00fablicas: o que s\u00e3o? Saiba tudo!\",\"datePublished\":\"2024-08-09T19:03:00+00:00\",\"dateModified\":\"2024-08-27T00:28:23+00:00\",\"mainEntityOfPage\":{\"@id\":\"https:\/\/faculdade.grancursosonline.com.br\/blog\/politicas-publicas\/\"},\"wordCount\":1637,\"commentCount\":0,\"publisher\":{\"@id\":\"https:\/\/faculdade.grancursosonline.com.br\/blog\/#organization\"},\"image\":{\"@id\":\"https:\/\/faculdade.grancursosonline.com.br\/blog\/politicas-publicas\/#primaryimage\"},\"thumbnailUrl\":\"https:\/\/faculdade.grancursosonline.com.br\/blog\/wp-content\/uploads\/2024\/08\/Politicas-Publicas.jpg\",\"articleSection\":[\"P\u00f3s-Gradua\u00e7\u00e3o Gran Faculdade\",\"\u00daltimas Not\u00edcias\"],\"inLanguage\":\"pt-BR\",\"potentialAction\":[{\"@type\":\"CommentAction\",\"name\":\"Comment\",\"target\":[\"https:\/\/faculdade.grancursosonline.com.br\/blog\/politicas-publicas\/#respond\"]}],\"copyrightYear\":\"2024\",\"copyrightHolder\":{\"@id\":\"https:\/\/faculdade.grancursosonline.com.br\/blog\/#organization\"}},{\"@type\":\"WebPage\",\"@id\":\"https:\/\/faculdade.grancursosonline.com.br\/blog\/politicas-publicas\/\",\"url\":\"https:\/\/faculdade.grancursosonline.com.br\/blog\/politicas-publicas\/\",\"name\":\"Pol\u00edticas P\u00fablicas: o que s\u00e3o? Saiba tudo!\",\"isPartOf\":{\"@id\":\"https:\/\/faculdade.grancursosonline.com.br\/blog\/#website\"},\"primaryImageOfPage\":{\"@id\":\"https:\/\/faculdade.grancursosonline.com.br\/blog\/politicas-publicas\/#primaryimage\"},\"image\":{\"@id\":\"https:\/\/faculdade.grancursosonline.com.br\/blog\/politicas-publicas\/#primaryimage\"},\"thumbnailUrl\":\"https:\/\/faculdade.grancursosonline.com.br\/blog\/wp-content\/uploads\/2024\/08\/Politicas-Publicas.jpg\",\"datePublished\":\"2024-08-09T19:03:00+00:00\",\"dateModified\":\"2024-08-27T00:28:23+00:00\",\"description\":\"O que s\u00e3o pol\u00edticas p\u00fablicas? Para que servem as pol\u00edticas p\u00fablicas? Conhe\u00e7a os principais tipos, exemplos e import\u00e2ncia!\",\"breadcrumb\":{\"@id\":\"https:\/\/faculdade.grancursosonline.com.br\/blog\/politicas-publicas\/#breadcrumb\"},\"inLanguage\":\"pt-BR\",\"potentialAction\":[{\"@type\":\"ReadAction\",\"target\":[\"https:\/\/faculdade.grancursosonline.com.br\/blog\/politicas-publicas\/\"]}]},{\"@type\":\"ImageObject\",\"inLanguage\":\"pt-BR\",\"@id\":\"https:\/\/faculdade.grancursosonline.com.br\/blog\/politicas-publicas\/#primaryimage\",\"url\":\"https:\/\/faculdade.grancursosonline.com.br\/blog\/wp-content\/uploads\/2024\/08\/Politicas-Publicas.jpg\",\"contentUrl\":\"https:\/\/faculdade.grancursosonline.com.br\/blog\/wp-content\/uploads\/2024\/08\/Politicas-Publicas.jpg\",\"width\":1001,\"height\":601},{\"@type\":\"BreadcrumbList\",\"@id\":\"https:\/\/faculdade.grancursosonline.com.br\/blog\/politicas-publicas\/#breadcrumb\",\"itemListElement\":[{\"@type\":\"ListItem\",\"position\":1,\"name\":\"In\u00edcio\",\"item\":\"https:\/\/faculdade.grancursosonline.com.br\/blog\/\"},{\"@type\":\"ListItem\",\"position\":2,\"name\":\"\u00daltimas Not\u00edcias\",\"item\":\"https:\/\/faculdade.grancursosonline.com.br\/blog\/ultimas-noticias\/\"},{\"@type\":\"ListItem\",\"position\":3,\"name\":\"Pol\u00edticas P\u00fablicas: o que s\u00e3o? Saiba tudo!\"}]},{\"@type\":\"WebSite\",\"@id\":\"https:\/\/faculdade.grancursosonline.com.br\/blog\/#website\",\"url\":\"https:\/\/faculdade.grancursosonline.com.br\/blog\/\",\"name\":\"Blog Gran Faculdade\",\"description\":\"Tudo sobre ensino superior, p\u00f3s-gradua\u00e7\u00e3o, enem e carreira.\",\"publisher\":{\"@id\":\"https:\/\/faculdade.grancursosonline.com.br\/blog\/#organization\"},\"potentialAction\":[{\"@type\":\"SearchAction\",\"target\":{\"@type\":\"EntryPoint\",\"urlTemplate\":\"https:\/\/faculdade.grancursosonline.com.br\/blog\/?s={search_term_string}\"},\"query-input\":{\"@type\":\"PropertyValueSpecification\",\"valueRequired\":true,\"valueName\":\"search_term_string\"}}],\"inLanguage\":\"pt-BR\"},{\"@type\":\"Organization\",\"@id\":\"https:\/\/faculdade.grancursosonline.com.br\/blog\/#organization\",\"name\":\"Gran Cursos Online\",\"url\":\"https:\/\/faculdade.grancursosonline.com.br\/blog\/\",\"logo\":{\"@type\":\"ImageObject\",\"inLanguage\":\"pt-BR\",\"@id\":\"https:\/\/faculdade.grancursosonline.com.br\/blog\/#\/schema\/logo\/image\/\",\"url\":\"https:\/\/blog-es-static.infra.grancursosonline.com.br\/wp-content\/uploads\/2019\/08\/03123934\/logo.png\",\"contentUrl\":\"https:\/\/blog-es-static.infra.grancursosonline.com.br\/wp-content\/uploads\/2019\/08\/03123934\/logo.png\",\"width\":300,\"height\":57,\"caption\":\"Gran Cursos Online\"},\"image\":{\"@id\":\"https:\/\/faculdade.grancursosonline.com.br\/blog\/#\/schema\/logo\/image\/\"},\"sameAs\":[\"https:\/\/www.facebook.com\/grancursosonline\/\",\"https:\/\/x.com\/gran_online\",\"https:\/\/www.instagram.com\/grancursosonline\/\",\"https:\/\/www.youtube.com\/user\/grancursostv\"]},{\"@type\":\"Person\",\"@id\":\"https:\/\/faculdade.grancursosonline.com.br\/blog\/#\/schema\/person\/c05f350f8ea43a7138aaffc6a87bc5e0\",\"name\":\"Equipe Gran\",\"sameAs\":[\"http:\/\/www.grancursosonline.com.br\"],\"url\":\"https:\/\/faculdade.grancursosonline.com.br\/blog\/author\/hugo-oliveira\/\"}]}<\/script>\n<!-- \/ Yoast SEO Premium plugin. -->","yoast_head_json":{"title":"Pol\u00edticas P\u00fablicas: o que s\u00e3o? Saiba tudo!","description":"O que s\u00e3o pol\u00edticas p\u00fablicas? Para que servem as pol\u00edticas p\u00fablicas? Conhe\u00e7a os principais tipos, exemplos e import\u00e2ncia!","robots":{"index":"index","follow":"follow","max-snippet":"max-snippet:-1","max-image-preview":"max-image-preview:large","max-video-preview":"max-video-preview:-1"},"canonical":"https:\/\/faculdade.grancursosonline.com.br\/blog\/politicas-publicas\/","og_locale":"pt_BR","og_type":"article","og_title":"Pol\u00edticas P\u00fablicas: o que s\u00e3o? Saiba tudo!","og_description":"O que s\u00e3o pol\u00edticas p\u00fablicas? Para que servem as pol\u00edticas p\u00fablicas? Conhe\u00e7a os principais tipos, exemplos e import\u00e2ncia!","og_url":"https:\/\/faculdade.grancursosonline.com.br\/blog\/politicas-publicas\/","og_site_name":"Blog Gran Faculdade","article_publisher":"https:\/\/www.facebook.com\/grancursosonline\/","article_published_time":"2024-08-09T19:03:00+00:00","article_modified_time":"2024-08-27T00:28:23+00:00","og_image":[{"width":1001,"height":601,"url":"https:\/\/faculdade.grancursosonline.com.br\/blog\/wp-content\/uploads\/2024\/08\/Politicas-Publicas.jpg","type":"image\/jpeg"}],"author":"Equipe Gran","twitter_card":"summary_large_image","twitter_creator":"@gran_online","twitter_site":"@gran_online","twitter_misc":{"Written by":"Equipe Gran","Est. reading time":"10 minutos"},"schema":{"@context":"https:\/\/schema.org","@graph":[{"@type":"NewsArticle","@id":"https:\/\/faculdade.grancursosonline.com.br\/blog\/politicas-publicas\/#article","isPartOf":{"@id":"https:\/\/faculdade.grancursosonline.com.br\/blog\/politicas-publicas\/"},"author":{"name":"Equipe Gran","@id":"https:\/\/faculdade.grancursosonline.com.br\/blog\/#\/schema\/person\/c05f350f8ea43a7138aaffc6a87bc5e0"},"headline":"Pol\u00edticas P\u00fablicas: o que s\u00e3o? Saiba tudo!","datePublished":"2024-08-09T19:03:00+00:00","dateModified":"2024-08-27T00:28:23+00:00","mainEntityOfPage":{"@id":"https:\/\/faculdade.grancursosonline.com.br\/blog\/politicas-publicas\/"},"wordCount":1637,"commentCount":0,"publisher":{"@id":"https:\/\/faculdade.grancursosonline.com.br\/blog\/#organization"},"image":{"@id":"https:\/\/faculdade.grancursosonline.com.br\/blog\/politicas-publicas\/#primaryimage"},"thumbnailUrl":"https:\/\/faculdade.grancursosonline.com.br\/blog\/wp-content\/uploads\/2024\/08\/Politicas-Publicas.jpg","articleSection":["P\u00f3s-Gradua\u00e7\u00e3o Gran Faculdade","\u00daltimas Not\u00edcias"],"inLanguage":"pt-BR","potentialAction":[{"@type":"CommentAction","name":"Comment","target":["https:\/\/faculdade.grancursosonline.com.br\/blog\/politicas-publicas\/#respond"]}],"copyrightYear":"2024","copyrightHolder":{"@id":"https:\/\/faculdade.grancursosonline.com.br\/blog\/#organization"}},{"@type":"WebPage","@id":"https:\/\/faculdade.grancursosonline.com.br\/blog\/politicas-publicas\/","url":"https:\/\/faculdade.grancursosonline.com.br\/blog\/politicas-publicas\/","name":"Pol\u00edticas P\u00fablicas: o que s\u00e3o? Saiba tudo!","isPartOf":{"@id":"https:\/\/faculdade.grancursosonline.com.br\/blog\/#website"},"primaryImageOfPage":{"@id":"https:\/\/faculdade.grancursosonline.com.br\/blog\/politicas-publicas\/#primaryimage"},"image":{"@id":"https:\/\/faculdade.grancursosonline.com.br\/blog\/politicas-publicas\/#primaryimage"},"thumbnailUrl":"https:\/\/faculdade.grancursosonline.com.br\/blog\/wp-content\/uploads\/2024\/08\/Politicas-Publicas.jpg","datePublished":"2024-08-09T19:03:00+00:00","dateModified":"2024-08-27T00:28:23+00:00","description":"O que s\u00e3o pol\u00edticas p\u00fablicas? Para que servem as pol\u00edticas p\u00fablicas? Conhe\u00e7a os principais tipos, exemplos e import\u00e2ncia!","breadcrumb":{"@id":"https:\/\/faculdade.grancursosonline.com.br\/blog\/politicas-publicas\/#breadcrumb"},"inLanguage":"pt-BR","potentialAction":[{"@type":"ReadAction","target":["https:\/\/faculdade.grancursosonline.com.br\/blog\/politicas-publicas\/"]}]},{"@type":"ImageObject","inLanguage":"pt-BR","@id":"https:\/\/faculdade.grancursosonline.com.br\/blog\/politicas-publicas\/#primaryimage","url":"https:\/\/faculdade.grancursosonline.com.br\/blog\/wp-content\/uploads\/2024\/08\/Politicas-Publicas.jpg","contentUrl":"https:\/\/faculdade.grancursosonline.com.br\/blog\/wp-content\/uploads\/2024\/08\/Politicas-Publicas.jpg","width":1001,"height":601},{"@type":"BreadcrumbList","@id":"https:\/\/faculdade.grancursosonline.com.br\/blog\/politicas-publicas\/#breadcrumb","itemListElement":[{"@type":"ListItem","position":1,"name":"In\u00edcio","item":"https:\/\/faculdade.grancursosonline.com.br\/blog\/"},{"@type":"ListItem","position":2,"name":"\u00daltimas Not\u00edcias","item":"https:\/\/faculdade.grancursosonline.com.br\/blog\/ultimas-noticias\/"},{"@type":"ListItem","position":3,"name":"Pol\u00edticas P\u00fablicas: o que s\u00e3o? Saiba tudo!"}]},{"@type":"WebSite","@id":"https:\/\/faculdade.grancursosonline.com.br\/blog\/#website","url":"https:\/\/faculdade.grancursosonline.com.br\/blog\/","name":"Blog Gran Faculdade","description":"Tudo sobre ensino superior, p\u00f3s-gradua\u00e7\u00e3o, enem e carreira.","publisher":{"@id":"https:\/\/faculdade.grancursosonline.com.br\/blog\/#organization"},"potentialAction":[{"@type":"SearchAction","target":{"@type":"EntryPoint","urlTemplate":"https:\/\/faculdade.grancursosonline.com.br\/blog\/?s={search_term_string}"},"query-input":{"@type":"PropertyValueSpecification","valueRequired":true,"valueName":"search_term_string"}}],"inLanguage":"pt-BR"},{"@type":"Organization","@id":"https:\/\/faculdade.grancursosonline.com.br\/blog\/#organization","name":"Gran Cursos Online","url":"https:\/\/faculdade.grancursosonline.com.br\/blog\/","logo":{"@type":"ImageObject","inLanguage":"pt-BR","@id":"https:\/\/faculdade.grancursosonline.com.br\/blog\/#\/schema\/logo\/image\/","url":"https:\/\/blog-es-static.infra.grancursosonline.com.br\/wp-content\/uploads\/2019\/08\/03123934\/logo.png","contentUrl":"https:\/\/blog-es-static.infra.grancursosonline.com.br\/wp-content\/uploads\/2019\/08\/03123934\/logo.png","width":300,"height":57,"caption":"Gran Cursos Online"},"image":{"@id":"https:\/\/faculdade.grancursosonline.com.br\/blog\/#\/schema\/logo\/image\/"},"sameAs":["https:\/\/www.facebook.com\/grancursosonline\/","https:\/\/x.com\/gran_online","https:\/\/www.instagram.com\/grancursosonline\/","https:\/\/www.youtube.com\/user\/grancursostv"]},{"@type":"Person","@id":"https:\/\/faculdade.grancursosonline.com.br\/blog\/#\/schema\/person\/c05f350f8ea43a7138aaffc6a87bc5e0","name":"Equipe Gran","sameAs":["http:\/\/www.grancursosonline.com.br"],"url":"https:\/\/faculdade.grancursosonline.com.br\/blog\/author\/hugo-oliveira\/"}]}},"_links":{"self":[{"href":"https:\/\/faculdade.grancursosonline.com.br\/blog\/wp-json\/wp\/v2\/posts\/79748363","targetHints":{"allow":["GET"]}}],"collection":[{"href":"https:\/\/faculdade.grancursosonline.com.br\/blog\/wp-json\/wp\/v2\/posts"}],"about":[{"href":"https:\/\/faculdade.grancursosonline.com.br\/blog\/wp-json\/wp\/v2\/types\/post"}],"author":[{"embeddable":true,"href":"https:\/\/faculdade.grancursosonline.com.br\/blog\/wp-json\/wp\/v2\/users\/486"}],"replies":[{"embeddable":true,"href":"https:\/\/faculdade.grancursosonline.com.br\/blog\/wp-json\/wp\/v2\/comments?post=79748363"}],"version-history":[{"count":1,"href":"https:\/\/faculdade.grancursosonline.com.br\/blog\/wp-json\/wp\/v2\/posts\/79748363\/revisions"}],"predecessor-version":[{"id":79748369,"href":"https:\/\/faculdade.grancursosonline.com.br\/blog\/wp-json\/wp\/v2\/posts\/79748363\/revisions\/79748369"}],"wp:featuredmedia":[{"embeddable":true,"href":"https:\/\/faculdade.grancursosonline.com.br\/blog\/wp-json\/wp\/v2\/media\/79748367"}],"wp:attachment":[{"href":"https:\/\/faculdade.grancursosonline.com.br\/blog\/wp-json\/wp\/v2\/media?parent=79748363"}],"wp:term":[{"taxonomy":"category","embeddable":true,"href":"https:\/\/faculdade.grancursosonline.com.br\/blog\/wp-json\/wp\/v2\/categories?post=79748363"},{"taxonomy":"post_tag","embeddable":true,"href":"https:\/\/faculdade.grancursosonline.com.br\/blog\/wp-json\/wp\/v2\/tags?post=79748363"}],"curies":[{"name":"wp","href":"https:\/\/api.w.org\/{rel}","templated":true}]}}