{"id":79748464,"date":"2024-08-28T18:48:56","date_gmt":"2024-08-28T21:48:56","guid":{"rendered":"https:\/\/faculdade.grancursosonline.com.br\/blog\/?p=79748464"},"modified":"2024-08-28T18:51:02","modified_gmt":"2024-08-28T21:51:02","slug":"politica-externa","status":"publish","type":"post","link":"https:\/\/faculdade.grancursosonline.com.br\/blog\/politica-externa\/","title":{"rendered":"Pol\u00edtica Externa: o que \u00e9 e como funciona? Entenda melhor!"},"content":{"rendered":"\n<p>A pol\u00edtica externa define um conjunto de objetivos pol\u00edticos que um determinado pa\u00eds almeja atingir em suas rela\u00e7\u00f5es com os demais pa\u00edses do mundo. A pol\u00edtica externa caracteriza-se como&nbsp; uma pol\u00edtica p\u00fablica, ou seja, um conjunto definido de medidas, decis\u00f5es e programas utilizados pelo governo de um pa\u00eds.<\/p>\n\n\n\n<p>Se voc\u00ea tem interesse em atuar na \u00e1rea, o(a) profissional formado(a) em Rela\u00e7\u00f5es Internacionais pode se tornar Diplomata e ocupar cargos como embaixador, c\u00f4nsul e outro ligados diretamente \u00e0 pol\u00edtica externa. A remunera\u00e7\u00e3o \u00e9 atrativa e atualmente, \u00e9 uma carreira crescente no Brasil.<\/p>\n\n\n\n<p>O bacharel em Rela\u00e7\u00f5es Internacionais tem atua\u00e7\u00e3o na formula\u00e7\u00e3o de pol\u00edticas externas e tamb\u00e9m em outras, como: geopol\u00edtica, rela\u00e7\u00f5es comerciais entre pa\u00edses, economia mundial e outros.<\/p>\n\n\n\n<div class=\"wp-block-columns is-layout-flex wp-container-core-columns-is-layout-9d6595d7 wp-block-columns-is-layout-flex\">\n<div class=\"wp-block-column is-layout-flow wp-block-column-is-layout-flow\" style=\"flex-basis:100%\"><div class=\"wp-block-image\">\n<figure class=\"aligncenter size-full\"><a href=\"https:\/\/whatsapp.com\/channel\/0029VaG1sChI7Be7PNndhL43\" target=\"_blank\" rel=\"noopener\"><img decoding=\"async\" src=\"https:\/\/blog-es-static.infra.grancursosonline.com.br\/wp-content\/uploads\/2025\/09\/09112354\/banner-wp-600x142-80.webp\" alt=\"Acesse o canal do WhatsApp da Gran Faculdade\" class=\"wp-image-79751904\"\/><\/a><\/figure>\n<\/div><\/div>\n<\/div>\n\n\n\n<p>Acompanhe o post para saber mais ou navegue pelo \u00edndice:<br><\/p>\n\n\n\n<ul class=\"wp-block-list\">\n<li><a href=\"#h-o-que-e-politica-externa\">O que \u00e9 Pol\u00edtica Externa?\u00a0<\/a><\/li>\n\n\n\n<li><a href=\"#h-qual-a-importancia-da-politica-externa\">Qual a import\u00e2ncia da Pol\u00edtica Externa?<\/a><\/li>\n\n\n\n<li><a href=\"#h-politica-externa-brasileira\">Pol\u00edtica Externa Brasileira<\/a><\/li>\n\n\n\n<li><a href=\"#h-desafios-da-politica-externa-brasileira\">Desafios da Pol\u00edtica Externa Brasileira<\/a><\/li>\n\n\n\n<li><a href=\"#h-como-o-brasil-desenvolve-suas-relacoes-internacionais\">Como o Brasil desenvolve suas Rela\u00e7\u00f5es Internacionais?\u00a0<\/a><\/li>\n\n\n\n<li><a href=\"#h-politica-externa-independente-o-que-e\">Pol\u00edtica Externa Independente: o que \u00e9?<\/a><\/li>\n\n\n\n<li><a href=\"#h-quais-sao-os-tipos-de-relacoes-internacionais\">Quais s\u00e3o os tipos de rela\u00e7\u00f5es internacionais?<\/a><\/li>\n\n\n\n<li><a href=\"#h-quais-sao-os-principais-objetivos-das-organizacoes-internacionais\">Quais s\u00e3o os principais objetivos das organiza\u00e7\u00f5es internacionais?\u00a0<\/a><\/li>\n\n\n\n<li><a href=\"#h-quem-participa-das-relacoes-internacionais\">Quem participa das rela\u00e7\u00f5es internacionais?<\/a><\/li>\n\n\n\n<li><a href=\"#h-como-trabalhar-com-politica-externa\">Como trabalhar com Pol\u00edtica Externa?<\/a><\/li>\n\n\n\n<li><a href=\"#h-relacoes-internacionais-salario\">Rela\u00e7\u00f5es Internacionais Sal\u00e1rio<\/a><\/li>\n\n\n\n<li><a href=\"#h-faculdade-de-relacoes-internacionais\">Faculdade de Rela\u00e7\u00f5es Internacionais<\/a><\/li>\n<\/ul>\n\n\n\n<p><\/p>\n\n\n<div class=\"container-tabela\"><table border=\"1\" bgcolor=\"aliceblue\">\n<tbody>\n<tr>\n<td><strong>Destaques:<\/strong>\n<ul>\n<li><a href=\"https:\/\/faculdade.grancursosonline.com.br\/blog\/geopolitica\/\">Geopol\u00edtica: entenda o que \u00e9 e como funciona<\/a><\/li>\n<li><a href=\"https:\/\/blog.grancursosonline.com.br\/faculdade-de-relacoes-internacionais\/\">Faculdade de Rela\u00e7\u00f5es Internacionais: conhe\u00e7a o curso!<\/a><\/li>\n<li><a href=\"https:\/\/blog.grancursosonline.com.br\/politica-de-imigracao\/\">Pol\u00edtica de Imigra\u00e7\u00e3o: entenda como funciona!<\/a><\/li>\n<\/ul>\n<\/td>\n<\/tr>\n<\/tbody>\n<\/table><\/div>\n\n\n<h2 class=\"wp-block-heading\" id=\"h-o-que-e-politica-externa\"><strong>O que \u00e9 pol\u00edtica Externa?<\/strong><\/h2>\n\n\n\n<p>O mundo hoje conta mais de 190 pa\u00edses que se relacionam de forma planejada e pensada, de acordo com seus objetivos e interesses. Tal planejamento \u00e9 chamado de Pol\u00edtica Externa, que cria um conjunto definido de medidas, decis\u00f5es e programas utilizados pelo governo de um pa\u00eds.<\/p>\n\n\n\n<p>&nbsp;Sendo assim, a Pol\u00edtica Externa pode ter objetivos concretos, por exemplo, visando negocia\u00e7\u00f5es ou acordos comerciais. Mas, pode tamb\u00e9m visar objetivos abstratos, como uma aproxima\u00e7\u00e3o pol\u00edtica e cultural, atrav\u00e9s de f\u00f3runs de di\u00e1logo e encontros simb\u00f3licos.<\/p>\n\n\n\n<p>Se voc\u00ea tem interesse em atuar na \u00e1rea, tenha em mente que os principais respons\u00e1veis por trabalhar com quest\u00f5es e media\u00e7\u00f5es externas no Brasil s\u00e3o os Diplomatas e o Minist\u00e9rio das Rela\u00e7\u00f5es Exteriores. Eles(as) s\u00e3o os(as) profissionais que pensam, planejam e executam as a\u00e7\u00f5es do pa\u00eds no plano internacional.\u00a0<\/p>\n\n\n\n<h2 class=\"wp-block-heading\" id=\"h-qual-a-importancia-da-politica-externa\">Qual a import\u00e2ncia da Pol\u00edtica Externa?<\/h2>\n\n\n\n<p>A Pol\u00edtica Externa desempenha um papel crucial no mundo,sendo essencial para promover os interesses nacionais, garantir a seguran\u00e7a e o bem-estar de um pa\u00eds e moldar sua posi\u00e7\u00e3o no cen\u00e1rio global.<\/p>\n\n\n\n<p>\u00c9 por meio dela que os pa\u00edses estabelecem rela\u00e7\u00f5es diplom\u00e1ticas, criam parcerias estrat\u00e9gicas, participam de negocia\u00e7\u00f5es comerciais e exercem influ\u00eancia em quest\u00f5es de import\u00e2ncia internacional.<\/p>\n\n\n\n<p>Outros aspectos que refletem a influ\u00eancia da Pol\u00edtica Externa no pa\u00eds, s\u00e3o:<\/p>\n\n\n\n<ul class=\"wp-block-list\">\n<li>Defesa da soberania: incentivam a garantia da seguran\u00e7a nacional e a preven\u00e7\u00e3o de conflitos, atrav\u00e9s da busca de concilia\u00e7\u00e3o pac\u00edfica e da constru\u00e7\u00e3o de alian\u00e7as estrat\u00e9gicas;<\/li>\n<\/ul>\n\n\n\n<ul class=\"wp-block-list\">\n<li>Prote\u00e7\u00e3o de interesses econ\u00f4micos: permite que um pa\u00eds resguarde seus interesses econ\u00f4micos e\u00a0 aumente suas oportunidades de com\u00e9rcio e investimento;<\/li>\n<\/ul>\n\n\n\n<ul class=\"wp-block-list\">\n<li>Abordagem de desafios global: pa\u00edses podem se envolver e buscar solu\u00e7\u00f5es para quest\u00f5es como as mudan\u00e7as clim\u00e1ticas, a seguran\u00e7a cibern\u00e9tica e gest\u00e3o de crises humanit\u00e1rias.<\/li>\n<\/ul>\n\n\n\n<p>A Pol\u00edtica Externa \u00e9 essencial para promover a ajuda entre os pa\u00edses e os estimularem a trabalhar em conjunto para enfrentar esses desafios complexos que ultrapassam fronteiras.&nbsp;<\/p>\n\n\n\n<p>Em suma, essa pol\u00edtica \u00e9 de extrema import\u00e2ncia para os pa\u00edses, permitindo defender seus interesses, promover valores fundamentais, al\u00e9m de tratar desafios que afetam a humanidade como um todo.\u00a0<\/p>\n\n\n\n<h2 class=\"wp-block-heading\" id=\"h-politica-externa-brasileira\"><strong>Pol\u00edtica Externa Brasileira<\/strong><\/h2>\n\n\n\n<p>Abordando agora a quest\u00e3o nacional, a Pol\u00edtica Externa Brasileira \u00e9 guiada por princ\u00edpios inegoci\u00e1veis como a defesa da paz, a n\u00e3o interven\u00e7\u00e3o e a autodetermina\u00e7\u00e3o dos povos.<\/p>\n\n\n\n<p>Tradicionalmente, o Brasil busca fortalecer sua posi\u00e7\u00e3o como um pa\u00eds relevante no cen\u00e1rio mundial, promovendo o di\u00e1logo entre diferentes na\u00e7\u00f5es e o multilateralismo. O objetivo \u00e9 fortalecer alian\u00e7as e parcerias estrat\u00e9gicas.<\/p>\n\n\n\n<p>O pa\u00eds tamb\u00e9m tem como prioridade a integra\u00e7\u00e3o regional, participando de maneira ativa em organiza\u00e7\u00f5es como o MERCOSUL e a UNASUL. A coopera\u00e7\u00e3o com pa\u00edses do Caribe e da Am\u00e9rica Latina \u00e9 vista tamb\u00e9m como essencial para o desenvolvimento econ\u00f4mico e social da regi\u00e3o.<\/p>\n\n\n\n<p>Al\u00e9m disso, a Pol\u00edtica Externa Brasileira se mostra empenhada em ampliar sua influ\u00eancia em institui\u00e7\u00f5es globais e defender interesses econ\u00f4micos e ambientais em negocia\u00e7\u00f5es internacionais.&nbsp;<\/p>\n\n\n\n<p>N\u00e3o \u00e0 toa, todos esses valores refletem o compromisso hist\u00f3rico do nosso pa\u00eds, e sua fama de pacificador e respeitador da soberania das na\u00e7\u00f5es s\u00e3o reconhecidos em grandes eventos de coopera\u00e7\u00e3o internacional, como o discurso de abertura da Assembleia Geral das Na\u00e7\u00f5es Unidas (ONU).<\/p>\n\n\n\n<h2 class=\"wp-block-heading\" id=\"h-desafios-da-politica-externa-brasileira\"><strong>Desafios da Pol\u00edtica Externa Brasileira<\/strong><\/h2>\n\n\n\n<p>Em um cen\u00e1rio global cada vez mais complexo, o Brasil encontra como desafio articular posi\u00e7\u00f5es que atendam tanto aos seus interesses quanto \u00e0s expectativas da comunidade internacional, sobretudo nos assuntos que envolvem a Am\u00e9rica do Sul.&nbsp;<\/p>\n\n\n\n<p>A Pol\u00edtica Externa Brasileira enfrenta tamb\u00e9m o desafio de equilibrar seus interesses econ\u00f4micos com sua hist\u00f3rica posi\u00e7\u00e3o de defensor de valores universais, como a paz e os direitos humanos, pois em um cen\u00e1rio cada vez mais permeado por conflitos violentos e uma consequente polariza\u00e7\u00e3o, o poder de media\u00e7\u00e3o exercido pelo Brasil pode ser comprometido&nbsp;<\/p>\n\n\n\n<p>Em resposta a esses desafios, o Brasil tem buscado, atualmente, conciliar seu desenvolvimento com diplomacia e sustentabilidade n\u00e3o apenas com a prote\u00e7\u00e3o dos seus recursos naturais,, mas tamb\u00e9m com uma postura amig\u00e1vel que ofere\u00e7a benef\u00edcios para os envolvidos. O desafio \u00e9 alcan\u00e7ar esse objetivo sem comprometer sua soberania ou seu crescimento econ\u00f4mico, mas h\u00e1 caminhos poss\u00edveis de super\u00e1-lo.<\/p>\n\n\n\n<h2 class=\"wp-block-heading\" id=\"h-como-o-brasil-desenvolve-suas-relacoes-internacionais\">Como o Brasil desenvolve suas Rela\u00e7\u00f5es Internacionais<\/h2>\n\n\n\n<p>Vimos at\u00e9 agora o que \u00e9 a Pol\u00edtica Externa e como a exercemos no Brasil. Agora, vamos saber um pouco mais sobre como essas iniciativas podem ser colocadas em pr\u00e1tica!<\/p>\n\n\n\n<p>Em suma, a Pol\u00edtica Externa do Brasil reflete a posi\u00e7\u00e3o do pa\u00eds como pot\u00eancia emergente, detentora de amplo territ\u00f3rio, com uma grande quantidade de recursos naturais e biodiversidade, economia pujante e popula\u00e7\u00e3o numerosa.<\/p>\n\n\n\n<p>Para aumentar seus la\u00e7os com os pa\u00edses em desenvolvimento na \u00c1frica, por exemplo, o Brasil se engaja tamb\u00e9m na diplomacia multilateral por meio da Organiza\u00e7\u00e3o dos Estados Americanos (OEA) e das Na\u00e7\u00f5es Unidas.&nbsp;<\/p>\n\n\n\n<p>O Brasil\u00a0 foi tamb\u00e9m um dos protagonistas\u00a0 numa for\u00e7a multinacional de estabiliza\u00e7\u00e3o liderada pela ONU no Haiti em 2004. A miss\u00e3o foi amplamente reconhecida em territ\u00f3rio nacional e no \u00e2mbito internacional, e ajudou a promover a controle das tens\u00f5es que aconteciam no pa\u00eds caribenho.\u00a0<br><br>Como visto anteriormente, o Brasil desenvolve suas Rela\u00e7\u00f5es Internacionais sempre buscando resolu\u00e7\u00f5es de conflitos e optando pela paz, e soberania das na\u00e7\u00f5es, o que faz com que o pa\u00eds seja conhecido como forte elemento mediador em quest\u00f5es mundiais.<\/p>\n\n\n\n<h2 class=\"wp-block-heading\" id=\"h-politica-externa-independente-o-que-e\"><strong>Pol\u00edtica Externa Independente: o que \u00e9?<\/strong><\/h2>\n\n\n\n<p>Abordando agora uma tem\u00e1tica num contexto mais hist\u00f3rico do nosso pa\u00eds, vamos entender o que foi a Pol\u00edtica Independente (PEI)?&nbsp;<\/p>\n\n\n\n<p>A PEI foi uma pol\u00edtica estabelecida pelo Presidente J\u00e2nio Quadros no ano de 1961, que buscava a independ\u00eancia do Brasil frente aos blocos econ\u00f4micos da Guerra Fria.<br><br>Assim, o intuito da PEI era enfraquecer a depend\u00eancia do Brasil com os Estados Unidos (um dos blocos l\u00edderes da guerra), e criar rela\u00e7\u00f5es com outros pa\u00edses para o desenvolvimento industrial nacional.<br><br>Os principais temas da Pol\u00edtica Externa Independente eram:&nbsp;<\/p>\n\n\n\n<ul class=\"wp-block-list\">\n<li>Universalismo: o Brasil procuraria la\u00e7os com qualquer pa\u00eds, independente de ideologia;<\/li>\n\n\n\n<li>Autodetermina\u00e7\u00e3o dos povos: isto \u00e9, o Brasil apoiava que cada povo tivesse o direito de realizar suas pr\u00f3prias escolhas sem interven\u00e7\u00e3o externa.<\/li>\n\n\n\n<li>Independ\u00eancia: ou seja, o Brasil deixaria de ser dependente do bloco capitalista, em especial dos Estados Unidos.<\/li>\n<\/ul>\n\n\n\n<p>A partir da PEI, o Brasil passou a estreitar la\u00e7os com pa\u00edses vizinhos da Am\u00e9rica Latina e pa\u00edses do bloco sovi\u00e9tico &#8211; incluindo a Uni\u00e3o Sovi\u00e9tica, bloco oposto aos Estados Unidos.<\/p>\n\n\n\n<p>Essa iniciativa foi importante para o pa\u00eds, pois sua economia se viu diante de novas oportunidades de negocia\u00e7\u00e3o, fugindo de uma posi\u00e7\u00e3o centralizadora que poderia ter sido incitada por um dos dois blocos l\u00edderes da Guerra Fria.&nbsp;<\/p>\n\n\n\n<p>E o resultado \u00e9, que nesse per\u00edodo, houve uma crescente na industrializa\u00e7\u00e3o brasileira, colocando-nos \u00e0 frente de nossos vizinhos sul americanos.<\/p>\n\n\n\n<p>A Pol\u00edtica Externa Independente tamb\u00e9m teve participa\u00e7\u00e3o importante na Constitui\u00e7\u00e3o Federal de 1988, com itens como a autodetermina\u00e7\u00e3o dos povos, n\u00e3o interven\u00e7\u00e3o e defesa da paz, como consta no artigo 4\u00b0 da Constitui\u00e7\u00e3o.<\/p>\n\n\n\n<h2 class=\"wp-block-heading\" id=\"h-quais-sao-os-tipos-de-relacoes-internacionais\"><strong>Quais s\u00e3o os tipos de Rela\u00e7\u00f5es Internacionais?\u00a0<\/strong><\/h2>\n\n\n\n<p>Como vimos ao longo do texto, as Rela\u00e7\u00f5es Internacionais s\u00e3o o principal caminho para as pessoas que querem atuar no campo da Pol\u00edtica Externa. Essas rela\u00e7\u00f5es, por vezes, podem ser complexas e apresentar diversas faces de estudos, visto que existem diferentes teorias que buscam explicar as intera\u00e7\u00f5es entre os Pa\u00edses no globo.&nbsp;<\/p>\n\n\n\n<p>Para compreender melhor os tipos de Rela\u00e7\u00f5es Internacionais, conhe\u00e7a as tr\u00eas principais a seguir<\/p>\n\n\n\n<ul class=\"wp-block-list\">\n<li>Realismo: O Realismo \u00e9 uma das teorias mais antigas e influentes, considera o Estado como o ator principal nas rela\u00e7\u00f5es internacionais;<\/li>\n<\/ul>\n\n\n\n<ul class=\"wp-block-list\">\n<li>Liberalismo:<strong> <\/strong>Diferente do Realismo, o Liberalismo enfatiza a coopera\u00e7\u00e3o entre os Estados e a import\u00e2ncia de institui\u00e7\u00f5es internacionais, para promover a paz e a prosperidade, intermediar conflitos e unir as empresas nesse papel tamb\u00e9m;<\/li>\n<\/ul>\n\n\n\n<ul class=\"wp-block-list\">\n<li>Construtivismo: O Construtivismo \u00e9 uma teoria mais recente, argumenta que a realidade internacional n\u00e3o \u00e9 fixa, e sim socialmente constru\u00edda. As normas e as ideias moldam as a\u00e7\u00f5es dos Estados e os outros participantes da Pol\u00edtica Exterior.<\/li>\n<\/ul>\n\n\n\n<p>Estas\u00a0 3 teorias oferecem perspectivas distintas sobre a natureza da pol\u00edtica internacional. Cada um desses pensamentos contribui para uma melhor compreens\u00e3o sobre as Rela\u00e7\u00f5es Internacionais e o comportamento dos pa\u00edses.\u00a0<\/p>\n\n\n\n<h2 class=\"wp-block-heading\" id=\"h-quais-sao-os-principais-objetivos-das-organizacoes-internacionais\"><strong>Quais s\u00e3o os principais objetivos das Organiza\u00e7\u00f5es Internacionais?<\/strong><\/h2>\n\n\n\n<p>As organiza\u00e7\u00f5es internacionais s\u00e3o formadas por pa\u00edses para promover a colabora\u00e7\u00e3o em diversas \u00e1reas, englobando com\u00e9rcio, seguran\u00e7a, sa\u00fade e direitos humanos. Os principais objetivos s\u00e3o:<\/p>\n\n\n\n<ul class=\"wp-block-list\">\n<li>Estabelecer pol\u00edticas de colabora\u00e7\u00e3o t\u00e9cnica e cient\u00edfica;<\/li>\n\n\n\n<li>Buscar solu\u00e7\u00f5es em comum para resolver conflitos e a implementa\u00e7\u00e3o de pol\u00edticas globais;<\/li>\n\n\n\n<li>Promover a colabora\u00e7\u00e3o entre os pa\u00edses membros para resolver problemas comuns;<\/li>\n\n\n\n<li>Facilitar a negocia\u00e7\u00e3o de tratados, a resolu\u00e7\u00e3o de conflitos e a implementa\u00e7\u00e3o de pol\u00edticas globais;<\/li>\n\n\n\n<li>Obter e sustentar a paz.<\/li>\n<\/ul>\n\n\n\n<p>Alguns exemplos de organiza\u00e7\u00f5es internacionais s\u00e3o a Organiza\u00e7\u00e3o das Na\u00e7\u00f5es Unidas(ONU), a Organiza\u00e7\u00e3o Mundial da Sa\u00fade (OMS) e Organiza\u00e7\u00e3o Mundial do Com\u00e9rcio (OMC).<\/p>\n\n\n\n<h2 class=\"wp-block-heading\" id=\"h-quem-participa-das-relacoes-internacionais\"><strong>Quem participa das Rela\u00e7\u00f5es Internacionais?<\/strong><\/h2>\n\n\n\n<p>Como vimos anteriormente,um dos principais&nbsp; \u00f3rg\u00e3os respons\u00e1veis pela Pol\u00edtica Externa e as Rela\u00e7\u00f5es Internacionais de um pa\u00eds, \u00e9 o Minist\u00e9rio das Rela\u00e7\u00f5es Exteriores (MRE). <strong><br><\/strong><\/p>\n\n\n\n<p>J\u00e1 entre os atores internacionais, se destacam os Estados, as empresas transnacionais, as organiza\u00e7\u00f5es internacionais e as organiza\u00e7\u00f5es n\u00e3o-governamentais.&nbsp;<\/p>\n\n\n\n<p>O Diplomata \u00e9 o principal mediador dessas rela\u00e7\u00f5es, defendendo o interesse de seu pa\u00eds, mas sem ferir os direitos dos demais territ\u00f3rios. Podendo atuar em embaixadas, consulados\u00a0 e no MRE.<\/p>\n\n\n\n<h2 class=\"wp-block-heading\" id=\"h-como-trabalhar-com-politica-externa\"><strong>Como trabalhar com Pol\u00edtica Externa?<\/strong><\/h2>\n\n\n\n<p>Atualmente, a maioria dos empregadores dos profissionais de Rela\u00e7\u00f5es Internacionais s\u00e3o organiza\u00e7\u00f5es privadas, podendo ser nacionais, internacionais ou multinacionais. Nessas, o profissional pode atuar:<\/p>\n\n\n\n<ul class=\"wp-block-list\">\n<li>No com\u00e9rcio exterior;<\/li>\n\n\n\n<li>Em atividades de importa\u00e7\u00e3o e exporta\u00e7\u00e3o;<\/li>\n\n\n\n<li>Direito Internacional;<\/li>\n\n\n\n<li>Na defesa de direitos e deveres de governos e empresas e outros.<\/li>\n<\/ul>\n\n\n\n<p>Para quem tem interesse em atuar na \u00e1rea de Direitos Humanos e Educa\u00e7\u00e3o, tamb\u00e9m h\u00e1 oportunidades em organismos internacionais de atua\u00e7\u00e3o global, como a ONU e a Unesco.&nbsp;<\/p>\n\n\n\n<p>Importante ressaltar que para atuar na esfera p\u00fablica, o ingresso se d\u00e1 por concurso p\u00fablico. O profissional pode atuar em fun\u00e7\u00f5es de n\u00edveis operacionais e t\u00e1ticos em:<\/p>\n\n\n\n<ul class=\"wp-block-list\">\n<li>Governos;<\/li>\n\n\n\n<li>Embaixadas e consulados;<\/li>\n\n\n\n<li>Minist\u00e9rios de Rela\u00e7\u00f5es Internacionais e em seus escrit\u00f3rios regionais, tanto no Brasil quanto ao redor do mundo.<\/li>\n<\/ul>\n\n\n\n<h2 class=\"wp-block-heading\" id=\"h-relacoes-internacionais-salario\"><strong>Rela\u00e7\u00f5es Internacionais Sal\u00e1rio<\/strong><\/h2>\n\n\n\n<p>No que se refere \u00e0 remunera\u00e7\u00e3o, a carreira nas Rela\u00e7\u00f5es Internacionais \u00e9 bastante atrativa. Os sal\u00e1rios variam de acordo com alguns fatores, como o porte do empregador, n\u00edvel hier\u00e1rquico da vaga e outros.&nbsp;<\/p>\n\n\n\n<p>A m\u00e9dia salarial \u00e9 de R$4 mil e os cargos mais t\u00e1ticos como os relacionados ao Com\u00e9rcio Exterior podem chegar a R$9 mil. H\u00e1 dados que informam remunera\u00e7\u00f5es de R$12 mil para fun\u00e7\u00f5es governamentais estrat\u00e9gicas e R$19 mil para atua\u00e7\u00e3o inicial na diplomacia nacional.<\/p>\n\n\n\n<h2 class=\"wp-block-heading\" id=\"h-faculdade-de-relacoes-internacionais\"><strong>Faculdade de Rela\u00e7\u00f5es Internacionais<\/strong><\/h2>\n\n\n\n<p>A <a href=\"https:\/\/faculdade.grancursosonline.com.br\/curso\/relacoes-internacionais\/\" target=\"_blank\" rel=\"noreferrer noopener nofollow\">gradua\u00e7\u00e3o em Rela\u00e7\u00f5es Internacionais<\/a> da Gran Faculdade \u00e9 um curso com 4 anos e aborda, principalmente, a compreens\u00e3o de quest\u00f5es pol\u00edticas, econ\u00f4micas e sociais, planejamento estrat\u00e9gico e tomada de decis\u00f5es.\u00a0<\/p>\n\n\n\n<p>Ao formar-se no curso de Rela\u00e7\u00f5es Internacionais da Gran Faculdade, voc\u00ea ter\u00e1 um perfil multidisciplinar capaz de prestar consultoria e assessoria em organiza\u00e7\u00f5es privadas, p\u00fablicas, multilaterais, internacionais e entre outros!<\/p>\n\n\n\n<p>O curso ainda oferece ferramentas e suporte te\u00f3rico-pr\u00e1tico para a forma\u00e7\u00e3o e a adequa\u00e7\u00e3o do perfil profissional esperado nas rela\u00e7\u00f5es internacionais amplas e no com\u00e9rcio exterior.<\/p>\n\n\n\n<h2 class=\"wp-block-heading\" id=\"h-aproveite-as-vantagens-e-comece-a-estudar-na-gran-faculdade\">Aproveite as vantagens e comece a estudar na Gran Faculdade<\/h2>\n\n\n\n<div class=\"wp-block-group\"><div class=\"wp-block-group__inner-container is-layout-constrained wp-block-group-is-layout-constrained\">\n<h3 class=\"wp-block-heading\" id=\"h-cupons-de-desconto-graduacao-ead\">Cupons de desconto Gradua\u00e7\u00e3o EAD<\/h3>\n\n\n\n<p>Confira os descontos abaixo e selecione a op\u00e7\u00e3o que melhor se encaixa para voc\u00ea (<strong>valores v\u00e1lidos at\u00e9 o preenchimento das vagas<\/strong> <strong>dispon\u00edveis<\/strong>, os valores para sua matr\u00edcula ser\u00e3o os exibidos no site de compra na hora de fazer sua matr\u00edcula):<\/p>\n\n\n\n<figure class=\"wp-block-table\"><div class=\"container-tabela\"><table><tbody><tr><td>Categoria<\/td><td>Valor mensal<\/td><td>Cupom<\/td><\/tr><tr><td>Gradua\u00e7\u00e3o Social + Mulher<\/td><td>a partir de 12x de <strong><strong><strong><strong>R$ 89,90<\/strong><\/strong><\/strong><\/strong> <\/td><td>GRADSOCIALGRAN<\/td><\/tr><tr><td>Gradua\u00e7\u00e3o Alunos e Ex-alunos Gran<\/td><td>a partir de 12x de <strong><strong><strong><strong>R$ 89,90<\/strong><\/strong><\/strong><\/strong> <\/td><td>GRADALUNOGRAN<\/td><\/tr><tr><td>Gradua\u00e7\u00e3o Novos Alunos<\/td><td>a partir de 12x de <strong><strong><strong><strong>R$ 99,90<\/strong><\/strong><\/strong><\/strong><\/td><td>NOVOGRADGRAN<\/td><\/tr><\/tbody><\/table><\/div><\/figure>\n\n\n\n<p>Al\u00e9m disso, voc\u00ea pode obter 5% de desconto fazendo o pagamento \u00e0 vista!<\/p>\n\n\n\n<p class=\"has-text-align-center\"><strong><a href=\"https:\/\/faculdade.grancursosonline.com.br\/\" target=\"_blank\" rel=\"noopener\">Garanta sua matr\u00edcula com desconto!<\/a><\/strong><\/p>\n<\/div><\/div>\n\n\n\n<div class=\"wp-block-group\"><div class=\"wp-block-group__inner-container is-layout-constrained wp-block-group-is-layout-constrained\">\n<section style=\"text-align: center;\">\n<p>Quer ficar por dentro da Faculdade Digital mais inovadora do Brasil?<\/p>\n<nav>\n<p class=\"has-background has-dark-bluish-background-color\" style=\"font-size: 25px; text-align: center; background: #f0f0f0; color: #ffffff; padding: 4px 0px 4xp 0px;\"><a style=\"color: #0d134c; text-decoration: underline;\" href=\"https:\/\/faculdade.grancursosonline.com.br\/\" target=\"_blank\" rel=\"noopener\">GRADUA\u00c7\u00c3O<\/a><\/p>\n<p class=\"has-background has-dark-bluish-background-color\" style=\"font-size: 25px; text-align: center; background: #f0f0f0; color: #ffffff; padding: 4px 0px 4xp 0px;\"><a style=\"color: #0d134c; text-decoration: underline;\" href=\"https:\/\/pos.grancursosonline.com.br\/\" target=\"_blank\" rel=\"noopener\">P\u00d3S-GRADUA\u00c7\u00c3O<\/a><\/p>\n<p class=\"has-background has-dark-bluish-background-color\" style=\"font-size: 25px; text-align: center; background: #f0f0f0; color: #ffffff; padding: 4px 0px 4xp 0px;\"><a style=\"color: #0d134c; text-decoration: underline;\" href=\"https:\/\/faculdade.grancursosonline.com.br\/nossos-cursos\/\" target=\"_blank\" rel=\"noopener\">TUDO SOBRE A GRAN FACULDADE<\/a><\/p>\n<\/nav>\n<p><strong>Receba <span style=\"color: #cf1e25;\">gratuitamente<\/span> no seu celular as principais not\u00edcias sobre a Gran Faculdade! <br \/>Clique no link abaixo e inscreva-se:<\/strong><\/p>\n<p class=\"has-background has-dark-bluish-background-color\" style=\"font-size: 25px; text-align: center; background: #f0f0f0; color: #ffffff; padding: 4px 0px 4xp 0px;\"><a style=\"color: #0d134c; text-decoration: underline;\" href=\"https:\/\/whatsapp.com\/channel\/0029VaG1sChI7Be7PNndhL43\" target=\"_blank\" rel=\"noopener noreferrer\">WHATSAPP<\/a><\/p>\n<p class=\"has-background has-dark-bluish-background-color\" style=\"font-size: 25px; text-align: center; background: #f0f0f0; color: #ffffff; padding: 4px 0px 4xp 0px;\"><a style=\"color: #0d134c; text-decoration: underline;\" href=\"https:\/\/t.me\/GranFaculdade\" target=\"_blank\" rel=\"noopener noreferrer\">TELEGRAM<\/a><\/p>\n<\/section>\n<\/div><\/div>\n","protected":false},"excerpt":{"rendered":"<p>A pol\u00edtica externa define um conjunto de objetivos pol\u00edticos que um determinado pa\u00eds almeja atingir em suas rela\u00e7\u00f5es com os demais pa\u00edses do mundo. A pol\u00edtica externa caracteriza-se como&nbsp; uma pol\u00edtica p\u00fablica, ou seja, um conjunto definido de medidas, decis\u00f5es e programas utilizados pelo governo de um pa\u00eds. Se voc\u00ea tem interesse em atuar na&hellip;<\/p>\n","protected":false},"author":514,"featured_media":79748178,"comment_status":"open","ping_status":"open","sticky":false,"template":"","format":"standard","meta":{"_acf_changed":false,"content-type":"","footnotes":""},"categories":[218545,2],"tags":[],"class_list":["post-79748464","post","type-post","status-publish","format-standard","has-post-thumbnail","hentry","category-graduacao","category-ultimas-noticias"],"acf":[],"yoast_head":"<!-- This site is optimized with the Yoast SEO Premium plugin v27.2 (Yoast SEO v27.2) - https:\/\/yoast.com\/product\/yoast-seo-premium-wordpress\/ -->\n<title>Pol\u00edtica Externa: o que \u00e9 e como funciona? Entenda melhor!<\/title>\n<meta name=\"description\" content=\"A Pol\u00edtica Externa \u00e9 um assunto influente e bastante presente em nossos dias, entenda melhor sobre o assunto aqui!\" \/>\n<meta name=\"robots\" content=\"index, follow, max-snippet:-1, max-image-preview:large, max-video-preview:-1\" \/>\n<link rel=\"canonical\" href=\"https:\/\/faculdade.grancursosonline.com.br\/blog\/politica-externa\/\" \/>\n<meta property=\"og:locale\" content=\"pt_BR\" \/>\n<meta property=\"og:type\" content=\"article\" \/>\n<meta property=\"og:title\" content=\"Pol\u00edtica Externa: o que \u00e9 e como funciona? Entenda melhor!\" \/>\n<meta property=\"og:description\" content=\"A Pol\u00edtica Externa \u00e9 um assunto influente e bastante presente em nossos dias, entenda melhor sobre o assunto aqui!\" \/>\n<meta property=\"og:url\" content=\"https:\/\/faculdade.grancursosonline.com.br\/blog\/politica-externa\/\" \/>\n<meta property=\"og:site_name\" content=\"Blog Gran Faculdade\" \/>\n<meta property=\"article:publisher\" content=\"https:\/\/www.facebook.com\/grancursosonline\/\" \/>\n<meta property=\"article:published_time\" content=\"2024-08-28T21:48:56+00:00\" \/>\n<meta property=\"article:modified_time\" content=\"2024-08-28T21:51:02+00:00\" \/>\n<meta property=\"og:image\" content=\"https:\/\/faculdade.grancursosonline.com.br\/blog\/wp-content\/uploads\/2024\/08\/gran-faculdade-geral.jpg\" \/>\n\t<meta property=\"og:image:width\" content=\"1000\" \/>\n\t<meta property=\"og:image:height\" content=\"600\" \/>\n\t<meta property=\"og:image:type\" content=\"image\/jpeg\" \/>\n<meta name=\"author\" content=\"Guilherme Henrique\" \/>\n<meta name=\"twitter:card\" content=\"summary_large_image\" \/>\n<meta name=\"twitter:creator\" content=\"@gran_online\" \/>\n<meta name=\"twitter:site\" content=\"@gran_online\" \/>\n<meta name=\"twitter:label1\" content=\"Written by\" \/>\n\t<meta name=\"twitter:data1\" content=\"Guilherme Henrique\" \/>\n\t<meta name=\"twitter:label2\" content=\"Est. reading time\" \/>\n\t<meta name=\"twitter:data2\" content=\"13 minutos\" \/>\n<script type=\"application\/ld+json\" class=\"yoast-schema-graph\">{\"@context\":\"https:\/\/schema.org\",\"@graph\":[{\"@type\":\"NewsArticle\",\"@id\":\"https:\/\/faculdade.grancursosonline.com.br\/blog\/politica-externa\/#article\",\"isPartOf\":{\"@id\":\"https:\/\/faculdade.grancursosonline.com.br\/blog\/politica-externa\/\"},\"author\":{\"name\":\"Guilherme Henrique\",\"@id\":\"https:\/\/faculdade.grancursosonline.com.br\/blog\/#\/schema\/person\/9745f9b6db8976613c1f439dbcfe717d\"},\"headline\":\"Pol\u00edtica Externa: o que \u00e9 e como funciona? Entenda melhor!\",\"datePublished\":\"2024-08-28T21:48:56+00:00\",\"dateModified\":\"2024-08-28T21:51:02+00:00\",\"mainEntityOfPage\":{\"@id\":\"https:\/\/faculdade.grancursosonline.com.br\/blog\/politica-externa\/\"},\"wordCount\":2370,\"commentCount\":0,\"publisher\":{\"@id\":\"https:\/\/faculdade.grancursosonline.com.br\/blog\/#organization\"},\"image\":{\"@id\":\"https:\/\/faculdade.grancursosonline.com.br\/blog\/politica-externa\/#primaryimage\"},\"thumbnailUrl\":\"https:\/\/faculdade.grancursosonline.com.br\/blog\/wp-content\/uploads\/2024\/08\/gran-faculdade-geral.jpg\",\"articleSection\":[\"Gradua\u00e7\u00e3o Gran Faculdade\",\"\u00daltimas Not\u00edcias\"],\"inLanguage\":\"pt-BR\",\"potentialAction\":[{\"@type\":\"CommentAction\",\"name\":\"Comment\",\"target\":[\"https:\/\/faculdade.grancursosonline.com.br\/blog\/politica-externa\/#respond\"]}],\"copyrightYear\":\"2024\",\"copyrightHolder\":{\"@id\":\"https:\/\/faculdade.grancursosonline.com.br\/blog\/#organization\"}},{\"@type\":\"WebPage\",\"@id\":\"https:\/\/faculdade.grancursosonline.com.br\/blog\/politica-externa\/\",\"url\":\"https:\/\/faculdade.grancursosonline.com.br\/blog\/politica-externa\/\",\"name\":\"Pol\u00edtica Externa: o que \u00e9 e como funciona? Entenda melhor!\",\"isPartOf\":{\"@id\":\"https:\/\/faculdade.grancursosonline.com.br\/blog\/#website\"},\"primaryImageOfPage\":{\"@id\":\"https:\/\/faculdade.grancursosonline.com.br\/blog\/politica-externa\/#primaryimage\"},\"image\":{\"@id\":\"https:\/\/faculdade.grancursosonline.com.br\/blog\/politica-externa\/#primaryimage\"},\"thumbnailUrl\":\"https:\/\/faculdade.grancursosonline.com.br\/blog\/wp-content\/uploads\/2024\/08\/gran-faculdade-geral.jpg\",\"datePublished\":\"2024-08-28T21:48:56+00:00\",\"dateModified\":\"2024-08-28T21:51:02+00:00\",\"description\":\"A Pol\u00edtica Externa \u00e9 um assunto influente e bastante presente em nossos dias, entenda melhor sobre o assunto aqui!\",\"breadcrumb\":{\"@id\":\"https:\/\/faculdade.grancursosonline.com.br\/blog\/politica-externa\/#breadcrumb\"},\"inLanguage\":\"pt-BR\",\"potentialAction\":[{\"@type\":\"ReadAction\",\"target\":[\"https:\/\/faculdade.grancursosonline.com.br\/blog\/politica-externa\/\"]}]},{\"@type\":\"ImageObject\",\"inLanguage\":\"pt-BR\",\"@id\":\"https:\/\/faculdade.grancursosonline.com.br\/blog\/politica-externa\/#primaryimage\",\"url\":\"https:\/\/faculdade.grancursosonline.com.br\/blog\/wp-content\/uploads\/2024\/08\/gran-faculdade-geral.jpg\",\"contentUrl\":\"https:\/\/faculdade.grancursosonline.com.br\/blog\/wp-content\/uploads\/2024\/08\/gran-faculdade-geral.jpg\",\"width\":1000,\"height\":600},{\"@type\":\"BreadcrumbList\",\"@id\":\"https:\/\/faculdade.grancursosonline.com.br\/blog\/politica-externa\/#breadcrumb\",\"itemListElement\":[{\"@type\":\"ListItem\",\"position\":1,\"name\":\"In\u00edcio\",\"item\":\"https:\/\/faculdade.grancursosonline.com.br\/blog\/\"},{\"@type\":\"ListItem\",\"position\":2,\"name\":\"\u00daltimas Not\u00edcias\",\"item\":\"https:\/\/faculdade.grancursosonline.com.br\/blog\/ultimas-noticias\/\"},{\"@type\":\"ListItem\",\"position\":3,\"name\":\"Pol\u00edtica Externa: o que \u00e9 e como funciona? Entenda melhor!\"}]},{\"@type\":\"WebSite\",\"@id\":\"https:\/\/faculdade.grancursosonline.com.br\/blog\/#website\",\"url\":\"https:\/\/faculdade.grancursosonline.com.br\/blog\/\",\"name\":\"Blog Gran Faculdade\",\"description\":\"Tudo sobre ensino superior, p\u00f3s-gradua\u00e7\u00e3o, enem e carreira.\",\"publisher\":{\"@id\":\"https:\/\/faculdade.grancursosonline.com.br\/blog\/#organization\"},\"potentialAction\":[{\"@type\":\"SearchAction\",\"target\":{\"@type\":\"EntryPoint\",\"urlTemplate\":\"https:\/\/faculdade.grancursosonline.com.br\/blog\/?s={search_term_string}\"},\"query-input\":{\"@type\":\"PropertyValueSpecification\",\"valueRequired\":true,\"valueName\":\"search_term_string\"}}],\"inLanguage\":\"pt-BR\"},{\"@type\":\"Organization\",\"@id\":\"https:\/\/faculdade.grancursosonline.com.br\/blog\/#organization\",\"name\":\"Gran Cursos Online\",\"url\":\"https:\/\/faculdade.grancursosonline.com.br\/blog\/\",\"logo\":{\"@type\":\"ImageObject\",\"inLanguage\":\"pt-BR\",\"@id\":\"https:\/\/faculdade.grancursosonline.com.br\/blog\/#\/schema\/logo\/image\/\",\"url\":\"https:\/\/blog-es-static.infra.grancursosonline.com.br\/wp-content\/uploads\/2019\/08\/03123934\/logo.png\",\"contentUrl\":\"https:\/\/blog-es-static.infra.grancursosonline.com.br\/wp-content\/uploads\/2019\/08\/03123934\/logo.png\",\"width\":300,\"height\":57,\"caption\":\"Gran Cursos Online\"},\"image\":{\"@id\":\"https:\/\/faculdade.grancursosonline.com.br\/blog\/#\/schema\/logo\/image\/\"},\"sameAs\":[\"https:\/\/www.facebook.com\/grancursosonline\/\",\"https:\/\/x.com\/gran_online\",\"https:\/\/www.instagram.com\/grancursosonline\/\",\"https:\/\/www.youtube.com\/user\/grancursostv\"]},{\"@type\":\"Person\",\"@id\":\"https:\/\/faculdade.grancursosonline.com.br\/blog\/#\/schema\/person\/9745f9b6db8976613c1f439dbcfe717d\",\"name\":\"Guilherme Henrique\",\"url\":\"https:\/\/faculdade.grancursosonline.com.br\/blog\/author\/guilherme-lourenco\/\"}]}<\/script>\n<!-- \/ Yoast SEO Premium plugin. -->","yoast_head_json":{"title":"Pol\u00edtica Externa: o que \u00e9 e como funciona? Entenda melhor!","description":"A Pol\u00edtica Externa \u00e9 um assunto influente e bastante presente em nossos dias, entenda melhor sobre o assunto aqui!","robots":{"index":"index","follow":"follow","max-snippet":"max-snippet:-1","max-image-preview":"max-image-preview:large","max-video-preview":"max-video-preview:-1"},"canonical":"https:\/\/faculdade.grancursosonline.com.br\/blog\/politica-externa\/","og_locale":"pt_BR","og_type":"article","og_title":"Pol\u00edtica Externa: o que \u00e9 e como funciona? Entenda melhor!","og_description":"A Pol\u00edtica Externa \u00e9 um assunto influente e bastante presente em nossos dias, entenda melhor sobre o assunto aqui!","og_url":"https:\/\/faculdade.grancursosonline.com.br\/blog\/politica-externa\/","og_site_name":"Blog Gran Faculdade","article_publisher":"https:\/\/www.facebook.com\/grancursosonline\/","article_published_time":"2024-08-28T21:48:56+00:00","article_modified_time":"2024-08-28T21:51:02+00:00","og_image":[{"width":1000,"height":600,"url":"https:\/\/faculdade.grancursosonline.com.br\/blog\/wp-content\/uploads\/2024\/08\/gran-faculdade-geral.jpg","type":"image\/jpeg"}],"author":"Guilherme Henrique","twitter_card":"summary_large_image","twitter_creator":"@gran_online","twitter_site":"@gran_online","twitter_misc":{"Written by":"Guilherme Henrique","Est. reading time":"13 minutos"},"schema":{"@context":"https:\/\/schema.org","@graph":[{"@type":"NewsArticle","@id":"https:\/\/faculdade.grancursosonline.com.br\/blog\/politica-externa\/#article","isPartOf":{"@id":"https:\/\/faculdade.grancursosonline.com.br\/blog\/politica-externa\/"},"author":{"name":"Guilherme Henrique","@id":"https:\/\/faculdade.grancursosonline.com.br\/blog\/#\/schema\/person\/9745f9b6db8976613c1f439dbcfe717d"},"headline":"Pol\u00edtica Externa: o que \u00e9 e como funciona? Entenda melhor!","datePublished":"2024-08-28T21:48:56+00:00","dateModified":"2024-08-28T21:51:02+00:00","mainEntityOfPage":{"@id":"https:\/\/faculdade.grancursosonline.com.br\/blog\/politica-externa\/"},"wordCount":2370,"commentCount":0,"publisher":{"@id":"https:\/\/faculdade.grancursosonline.com.br\/blog\/#organization"},"image":{"@id":"https:\/\/faculdade.grancursosonline.com.br\/blog\/politica-externa\/#primaryimage"},"thumbnailUrl":"https:\/\/faculdade.grancursosonline.com.br\/blog\/wp-content\/uploads\/2024\/08\/gran-faculdade-geral.jpg","articleSection":["Gradua\u00e7\u00e3o Gran Faculdade","\u00daltimas Not\u00edcias"],"inLanguage":"pt-BR","potentialAction":[{"@type":"CommentAction","name":"Comment","target":["https:\/\/faculdade.grancursosonline.com.br\/blog\/politica-externa\/#respond"]}],"copyrightYear":"2024","copyrightHolder":{"@id":"https:\/\/faculdade.grancursosonline.com.br\/blog\/#organization"}},{"@type":"WebPage","@id":"https:\/\/faculdade.grancursosonline.com.br\/blog\/politica-externa\/","url":"https:\/\/faculdade.grancursosonline.com.br\/blog\/politica-externa\/","name":"Pol\u00edtica Externa: o que \u00e9 e como funciona? Entenda melhor!","isPartOf":{"@id":"https:\/\/faculdade.grancursosonline.com.br\/blog\/#website"},"primaryImageOfPage":{"@id":"https:\/\/faculdade.grancursosonline.com.br\/blog\/politica-externa\/#primaryimage"},"image":{"@id":"https:\/\/faculdade.grancursosonline.com.br\/blog\/politica-externa\/#primaryimage"},"thumbnailUrl":"https:\/\/faculdade.grancursosonline.com.br\/blog\/wp-content\/uploads\/2024\/08\/gran-faculdade-geral.jpg","datePublished":"2024-08-28T21:48:56+00:00","dateModified":"2024-08-28T21:51:02+00:00","description":"A Pol\u00edtica Externa \u00e9 um assunto influente e bastante presente em nossos dias, entenda melhor sobre o assunto aqui!","breadcrumb":{"@id":"https:\/\/faculdade.grancursosonline.com.br\/blog\/politica-externa\/#breadcrumb"},"inLanguage":"pt-BR","potentialAction":[{"@type":"ReadAction","target":["https:\/\/faculdade.grancursosonline.com.br\/blog\/politica-externa\/"]}]},{"@type":"ImageObject","inLanguage":"pt-BR","@id":"https:\/\/faculdade.grancursosonline.com.br\/blog\/politica-externa\/#primaryimage","url":"https:\/\/faculdade.grancursosonline.com.br\/blog\/wp-content\/uploads\/2024\/08\/gran-faculdade-geral.jpg","contentUrl":"https:\/\/faculdade.grancursosonline.com.br\/blog\/wp-content\/uploads\/2024\/08\/gran-faculdade-geral.jpg","width":1000,"height":600},{"@type":"BreadcrumbList","@id":"https:\/\/faculdade.grancursosonline.com.br\/blog\/politica-externa\/#breadcrumb","itemListElement":[{"@type":"ListItem","position":1,"name":"In\u00edcio","item":"https:\/\/faculdade.grancursosonline.com.br\/blog\/"},{"@type":"ListItem","position":2,"name":"\u00daltimas Not\u00edcias","item":"https:\/\/faculdade.grancursosonline.com.br\/blog\/ultimas-noticias\/"},{"@type":"ListItem","position":3,"name":"Pol\u00edtica Externa: o que \u00e9 e como funciona? Entenda melhor!"}]},{"@type":"WebSite","@id":"https:\/\/faculdade.grancursosonline.com.br\/blog\/#website","url":"https:\/\/faculdade.grancursosonline.com.br\/blog\/","name":"Blog Gran Faculdade","description":"Tudo sobre ensino superior, p\u00f3s-gradua\u00e7\u00e3o, enem e carreira.","publisher":{"@id":"https:\/\/faculdade.grancursosonline.com.br\/blog\/#organization"},"potentialAction":[{"@type":"SearchAction","target":{"@type":"EntryPoint","urlTemplate":"https:\/\/faculdade.grancursosonline.com.br\/blog\/?s={search_term_string}"},"query-input":{"@type":"PropertyValueSpecification","valueRequired":true,"valueName":"search_term_string"}}],"inLanguage":"pt-BR"},{"@type":"Organization","@id":"https:\/\/faculdade.grancursosonline.com.br\/blog\/#organization","name":"Gran Cursos Online","url":"https:\/\/faculdade.grancursosonline.com.br\/blog\/","logo":{"@type":"ImageObject","inLanguage":"pt-BR","@id":"https:\/\/faculdade.grancursosonline.com.br\/blog\/#\/schema\/logo\/image\/","url":"https:\/\/blog-es-static.infra.grancursosonline.com.br\/wp-content\/uploads\/2019\/08\/03123934\/logo.png","contentUrl":"https:\/\/blog-es-static.infra.grancursosonline.com.br\/wp-content\/uploads\/2019\/08\/03123934\/logo.png","width":300,"height":57,"caption":"Gran Cursos Online"},"image":{"@id":"https:\/\/faculdade.grancursosonline.com.br\/blog\/#\/schema\/logo\/image\/"},"sameAs":["https:\/\/www.facebook.com\/grancursosonline\/","https:\/\/x.com\/gran_online","https:\/\/www.instagram.com\/grancursosonline\/","https:\/\/www.youtube.com\/user\/grancursostv"]},{"@type":"Person","@id":"https:\/\/faculdade.grancursosonline.com.br\/blog\/#\/schema\/person\/9745f9b6db8976613c1f439dbcfe717d","name":"Guilherme Henrique","url":"https:\/\/faculdade.grancursosonline.com.br\/blog\/author\/guilherme-lourenco\/"}]}},"_links":{"self":[{"href":"https:\/\/faculdade.grancursosonline.com.br\/blog\/wp-json\/wp\/v2\/posts\/79748464","targetHints":{"allow":["GET"]}}],"collection":[{"href":"https:\/\/faculdade.grancursosonline.com.br\/blog\/wp-json\/wp\/v2\/posts"}],"about":[{"href":"https:\/\/faculdade.grancursosonline.com.br\/blog\/wp-json\/wp\/v2\/types\/post"}],"author":[{"embeddable":true,"href":"https:\/\/faculdade.grancursosonline.com.br\/blog\/wp-json\/wp\/v2\/users\/514"}],"replies":[{"embeddable":true,"href":"https:\/\/faculdade.grancursosonline.com.br\/blog\/wp-json\/wp\/v2\/comments?post=79748464"}],"version-history":[{"count":1,"href":"https:\/\/faculdade.grancursosonline.com.br\/blog\/wp-json\/wp\/v2\/posts\/79748464\/revisions"}],"predecessor-version":[{"id":79748471,"href":"https:\/\/faculdade.grancursosonline.com.br\/blog\/wp-json\/wp\/v2\/posts\/79748464\/revisions\/79748471"}],"wp:featuredmedia":[{"embeddable":true,"href":"https:\/\/faculdade.grancursosonline.com.br\/blog\/wp-json\/wp\/v2\/media\/79748178"}],"wp:attachment":[{"href":"https:\/\/faculdade.grancursosonline.com.br\/blog\/wp-json\/wp\/v2\/media?parent=79748464"}],"wp:term":[{"taxonomy":"category","embeddable":true,"href":"https:\/\/faculdade.grancursosonline.com.br\/blog\/wp-json\/wp\/v2\/categories?post=79748464"},{"taxonomy":"post_tag","embeddable":true,"href":"https:\/\/faculdade.grancursosonline.com.br\/blog\/wp-json\/wp\/v2\/tags?post=79748464"}],"curies":[{"name":"wp","href":"https:\/\/api.w.org\/{rel}","templated":true}]}}