{"id":79748612,"date":"2026-08-03T17:14:40","date_gmt":"2026-08-03T20:14:40","guid":{"rendered":"https:\/\/faculdade.grancursosonline.com.br\/blog\/?p=79748612"},"modified":"2026-08-10T09:59:51","modified_gmt":"2026-08-10T12:59:51","slug":"cursos-que-mais-empregam","status":"publish","type":"post","link":"https:\/\/faculdade.grancursosonline.com.br\/blog\/cursos-que-mais-empregam\/","title":{"rendered":"Os 10 cursos que mais empregam em 2026: saiba ranking e sal\u00e1rios"},"content":{"rendered":"\n<p class=\"wp-block-paragraph\">Entre os <strong>cursos que mais empregam<\/strong>, destacam-se as \u00e1reas de <strong>Tecnologia<\/strong>, <strong>Sa\u00fade<\/strong> e <strong>Gest\u00e3o<\/strong>, que lideram o ranking, como an\u00e1lise e desenvolvimento de sistemas (TI), gest\u00e3o de recursos humanos e administra\u00e7\u00e3o.<\/p>\n\n\n\n<p class=\"wp-block-paragraph\">Um dos principais pontos para a escolha do curso \u00e9 aliar <strong>afinidade pessoal \u00e0 demanda do mercado<\/strong>. Isso permite que o estudante tenha bom desempenho e amplie as oportunidades ao longo da carreira.<\/p>\n\n\n\n<p class=\"wp-block-paragraph\">Para saber quais s\u00e3o todos os cursos com maior empregabilidade, as melhores remunera\u00e7\u00f5es e uma vis\u00e3o ampla do mercado de trabalho, continue a leitura!<\/p>\n\n\n\n<div class=\"wp-block-yoast-seo-table-of-contents yoast-table-of-contents\"><ul><li><a href=\"#h-quais-os-cursos-de-graduacao-que-mais-empregam\" data-level=\"2\">Quais os cursos de gradua\u00e7\u00e3o que mais empregam?<\/a><ul><li><a href=\"#h-1-analise-e-desenvolvimento-de-sistemas-ti\" data-level=\"3\">1. An\u00e1lise e desenvolvimento de sistemas (TI)<\/a><\/li><li><a href=\"#h-2-ciencia-de-dados-e-inteligencia-artificial\" data-level=\"3\">2. Ci\u00eancia de dados e intelig\u00eancia artificial<\/a><\/li><li><a href=\"#h-3-enfermagem-e-gestao-hospitalar\" data-level=\"3\">3. Enfermagem e gest\u00e3o hospitalar<\/a><\/li><li><a href=\"#h-4-logistica\" data-level=\"3\">4. Log\u00edstica<\/a><\/li><li><a href=\"#h-5-gestao-de-recursos-humanos\" data-level=\"3\">5. Gest\u00e3o de recursos humanos<\/a><\/li><li><a href=\"#h-6-administracao\" data-level=\"3\">6. Administra\u00e7\u00e3o<\/a><\/li><li><a href=\"#h-7-engenharia-de-software\" data-level=\"3\">7. Engenharia de software<\/a><\/li><li><a href=\"#h-8-marketing-digital-e-e-commerce\" data-level=\"3\">8. Marketing digital e e-commerce<\/a><\/li><li><a href=\"#h-9-direito-foco-em-compliance-e-digital\" data-level=\"3\">9. Direito (foco em compliance e digital)<\/a><\/li><li><a href=\"#h-10-processos-gerenciais\" data-level=\"3\">10. Processos gerenciais<\/a><\/li><\/ul><\/li><li><a href=\"#h-quais-sao-os-cursos-mais-promissores-para-o-futuro-do-emprego\" data-level=\"2\">Quais s\u00e3o os cursos mais promissores para o futuro do emprego?<\/a><\/li><li><a href=\"#h-qual-e-o-melhor-curso-para-arrumar-emprego-rapido\" data-level=\"2\">Qual \u00e9 o melhor curso para arrumar emprego r\u00e1pido?<\/a><\/li><li><a href=\"#h-quais-sao-as-profissoes-que-nunca-faltam-empregos\" data-level=\"2\">Quais s\u00e3o as profiss\u00f5es que nunca faltam empregos?<\/a><\/li><li><a href=\"#h-quais-sao-os-cursos-tecnologos-que-mais-empregam\" data-level=\"2\">Quais s\u00e3o os cursos tecn\u00f3logos que mais empregam?<\/a><\/li><li><a href=\"#h-cursos-com-as-melhores-remuneracoes\" data-level=\"2\">Cursos com as melhores remunera\u00e7\u00f5es<\/a><\/li><li><a href=\"#h-cursos-ead-que-tambem-tem-alta-empregabilidade\" data-level=\"2\">Cursos EAD que tamb\u00e9m t\u00eam alta empregabilidade<\/a><\/li><li><a href=\"#h-o-mercado-de-trabalho-nao-espera-comece-hoje-na-gran-faculdade\" data-level=\"2\">O mercado de trabalho n\u00e3o espera: comece hoje na Gran Faculdade!<\/a><\/li><li><a href=\"#h-vem-pra-gran-faculdade\" data-level=\"2\">Vem pra Gran Faculdade!<\/a><\/li><\/ul><\/div>\n\n\n\n<h2 id=\"h-quais-os-cursos-de-graduacao-que-mais-empregam\" class=\"wp-block-heading\">Quais os cursos de gradua\u00e7\u00e3o que mais empregam?<\/h2>\n\n\n\n<p class=\"wp-block-paragraph\"><strong>An\u00e1lise e desenvolvimento de sistemas, administra\u00e7\u00e3o, enfermagem, log\u00edstica e processos gerenciais<\/strong> s\u00e3o alguns dos cursos com melhor mercado de trabalho. As op\u00e7\u00f5es s\u00e3o diversas e contemplam diferentes perfis de profissionais, taxas de empregabilidade e m\u00e9dias salariais. Confira!<\/p>\n\n\n\n<h3 id=\"h-1-analise-e-desenvolvimento-de-sistemas-ti\" class=\"wp-block-heading\">1. An\u00e1lise e desenvolvimento de sistemas (TI)<\/h3>\n\n\n\n<p class=\"wp-block-paragraph\">Com o<strong> <\/strong>avan\u00e7o tecnol\u00f3gico, o mercado de trabalho est\u00e1 cada vez mais voltado para solu\u00e7\u00f5es digitais, o que impulsiona a busca por profissionais da \u00e1rea de TI.<\/p>\n\n\n\n<p class=\"wp-block-paragraph\">Segundo a <a href=\"https:\/\/brasscom.org.br\/\" target=\"_blank\" rel=\"noreferrer noopener\">Brasscom<\/a> (Associa\u00e7\u00e3o das Empresas de Tecnologia da Informa\u00e7\u00e3o e Comunica\u00e7\u00e3o), atualmente, no Brasil, h\u00e1 um <strong>d\u00e9ficit anual de 106 mil talentos<\/strong> \u2014 <strong>530 mil em cinco anos<\/strong> \u2014 entre a demanda do mercado e a quantidade de profissionais formados.<\/p>\n\n\n\n<ul class=\"wp-block-list\">\n<li><strong>Taxa de empregabilidade<\/strong>: a taxa de empregabilidade para profissionais de TI est\u00e1 em torno de 78,4%, segundo a <a href=\"https:\/\/www.semesp.org.br\/pesquisas\/iv-pesquisa-de-empregabilidade\/\" target=\"_blank\" rel=\"noreferrer noopener\">4\u00aa Pesquisa de Empregabilidade do Instituto SEMESP<\/a>;<\/li>\n\n\n\n<li><strong>M\u00e9dia salarial<\/strong>: de acordo com Gran, de R$ 6.000 a R$ 15.110, al\u00e9m de benef\u00edcios como a flexibilidade do trabalho remoto;<\/li>\n\n\n\n<li><strong>Curso<\/strong>: conhe\u00e7a a <a href=\"https:\/\/faculdade.grancursosonline.com.br\/curso\/analise-e-desenvolvimento-de-sistemas\/\" target=\"_blank\" rel=\"noopener\">faculdade de An\u00e1lise de Desenvolvimento de Sistemas<\/a> da Gran Faculdade.<\/li>\n<\/ul>\n\n\n\n<h3 id=\"h-2-ciencia-de-dados-e-inteligencia-artificial\" class=\"wp-block-heading\">2. Ci\u00eancia de dados e intelig\u00eancia artificial<\/h3>\n\n\n\n<p class=\"wp-block-paragraph\">As \u00e1reas de ci\u00eancia de dados e intelig\u00eancia artificial <strong>se fortaleceram com base na Ind\u00fastria 4.0, ou 4\u00aa Revolu\u00e7\u00e3o Industrial<\/strong>, que representa um momento de transi\u00e7\u00e3o estrat\u00e9gica em que o foco passa a ser a automa\u00e7\u00e3o e a troca de dados, a ciberseguran\u00e7a, a otimiza\u00e7\u00e3o de processos e novos modelos de neg\u00f3cios.<\/p>\n\n\n\n<ul class=\"wp-block-list\">\n<li><strong>Taxa de empregabilidade<\/strong> \u2014<strong> <\/strong>para quem atua com dados, IA, machine learning e engenharia de dados, as seguintes taxas se correlacionam, segundo a <a href=\"https:\/\/www.semesp.org.br\/mapa\/edicao-15\/\" target=\"_blank\" rel=\"noreferrer noopener\">SEMESP<\/a>:\n<ul class=\"wp-block-list\">\n<li>ci\u00eancia da computa\u00e7\u00e3o \u2192 90,5%;&nbsp;<\/li>\n\n\n\n<li>gest\u00e3o da tecnologia da informa\u00e7\u00e3o \u2192 78,4%;&nbsp;<\/li>\n\n\n\n<li>sistemas de informa\u00e7\u00e3o \u2192 82,0%;<\/li>\n\n\n\n<li>redes de computadores \u2192 68,0%;<\/li>\n<\/ul>\n<\/li>\n\n\n\n<li><strong>M\u00e9dia salarial<\/strong> \u2014<strong> <\/strong>para ci\u00eancias de dados, R$ 9.000 a R$ 21.000, e intelig\u00eancia artificial, R$ 6.000 a R$ 27.000+, variando conforme o setor e n\u00edvel de experi\u00eancia;<\/li>\n\n\n\n<li><strong>Curso<\/strong> \u2014 se o seu objetivo \u00e9 dominar as tecnologias do futuro, a Gran oferece <a href=\"https:\/\/faculdade.grancursosonline.com.br\/curso\/inteligencia-artificial\/\" target=\"_blank\" rel=\"noopener\">cursos de Intelig\u00eancia Artificial<\/a> e <a href=\"https:\/\/faculdade.grancursosonline.com.br\/curso\/ciencia-de-dados\/\" target=\"_blank\" rel=\"noopener\">faculdade de Ci\u00eancia de Dados<\/a>, preparadas para acelerar sua entrada no mercado de trabalho.<\/li>\n<\/ul>\n\n\n\n<h3 id=\"h-3-enfermagem-e-gestao-hospitalar\" class=\"wp-block-heading\">3. Enfermagem e gest\u00e3o hospitalar<\/h3>\n\n\n\n<p class=\"wp-block-paragraph\">Com o envelhecimento populacional e o surgimento de novas enfermidades, a demanda por profissionais da \u00e1rea tende a aumentar ainda mais. Nesse cen\u00e1rio, destacam-se cursos como <strong>enfermagem e gest\u00e3o hospitalar<\/strong>.<\/p>\n\n\n\n<ul class=\"wp-block-list\">\n<li><strong>Taxa de empregabilidade<\/strong>:<strong> <\/strong>segundo o Minist\u00e9rio da Sa\u00fade, a <a href=\"https:\/\/www.gov.br\/saude\/pt-br\/composicao\/sgtes\/dimensionamento-em-saude\/demografia-da-enfermagem\/publicacoes\" target=\"_blank\" rel=\"noreferrer noopener\">primeira Demografia da Enfermagem no Brasil <\/a>apontou crescimento de quase 44% nos postos de trabalho desses profissionais entre 2017 e 2022;<\/li>\n\n\n\n<li><strong>M\u00e9dia salarial<\/strong>:<strong> <\/strong>de acordo com dados do <a href=\"https:\/\/www.salario.com.br\/profissao\/enfermeiro-cbo-223505\/\" target=\"_blank\" rel=\"noreferrer noopener\">Portal Sal\u00e1rio<\/a>, um enfermeiro ganha, em m\u00e9dia, R$ 4.528,97, e o tecn\u00f3logo em gest\u00e3o hospitalar recebe aproximadamente R$ 4.143,36;<\/li>\n\n\n\n<li><strong>Curso<\/strong>:<strong> <\/strong>com o Gran Cursos, voc\u00ea pode se capacitar com a <a href=\"https:\/\/pos.grancursosonline.com.br\/curso\/urgencia-e-emergencia\" target=\"_blank\" rel=\"noopener\">p\u00f3s-gradua\u00e7\u00e3o em Urg\u00eancia e Emerg\u00eancia<\/a>.<\/li>\n<\/ul>\n\n\n\n<h3 id=\"h-4-logistica\" class=\"wp-block-heading\">4. Log\u00edstica<\/h3>\n\n\n\n<p class=\"wp-block-paragraph\">Gra\u00e7as \u00e0 <strong>expans\u00e3o acelerada do e-commerce<\/strong> e \u00e0 necessidade de cadeias de suprimentos eficientes, o setor de log\u00edstica se transformou em uma \u00e1rea de intelig\u00eancia estrat\u00e9gica, destacando-se como um dos cursos que mais empregam atualmente.<\/p>\n\n\n\n<ul class=\"wp-block-list\">\n<li><strong>Taxa de empregabilidade<\/strong>:<strong> <\/strong>o levantamento <a href=\"https:\/\/www.portaldaindustria.com.br\/canais\/observatorio-nacional-da-industria\/produtos\/mapa-do-trabalho-industrial-2025-2027\/\" target=\"_blank\" rel=\"noreferrer noopener\">Mapa do Trabalho Industrial 2025-2027 (CNI\/SENAI)<\/a> mostra que a \u00e1rea de log\u00edstica e transporte ser\u00e1 a que mais exigir\u00e1 novos profissionais at\u00e9 2027, em 96,15% dos estados brasileiros;<\/li>\n\n\n\n<li><strong>M\u00e9dia salarial<\/strong>:<strong> <\/strong>de R$ 2.000 (Assistente de Log\u00edstica) a R$ 10.000 (Coordenador ou Gerente de Log\u00edstica);<\/li>\n\n\n\n<li><strong>Curso<\/strong>:<strong> <\/strong>para se especializar e ir ao encontro dessa alta demanda, voc\u00ea pode fazer uma <a href=\"https:\/\/faculdade.grancursosonline.com.br\/curso\/logistica\/\" target=\"_blank\" rel=\"noopener\">faculdade de Log\u00edstica<\/a> na Gran.<\/li>\n<\/ul>\n\n\n\n<h3 id=\"h-5-gestao-de-recursos-humanos\" class=\"wp-block-heading\">5. Gest\u00e3o de recursos humanos<\/h3>\n\n\n\n<p class=\"wp-block-paragraph\">No cen\u00e1rio p\u00f3s-pandemia, a gest\u00e3o de recursos humanos lida com novos desafios e demandas, como a<strong> reten\u00e7\u00e3o de talentos e o fortalecimento da cultura organizaciona<\/strong>l.<\/p>\n\n\n\n<ul class=\"wp-block-list\">\n<li><strong>Taxa de empregabilidade<\/strong>:<strong> <\/strong>dados da <a href=\"https:\/\/www.grandviewresearch.com\/industry-analysis\/human-resource-management-hrm-market\" target=\"_blank\" rel=\"noreferrer noopener\">Grand View Research<\/a> apontam uma taxa de crescimento anual composta de 16,5% para o mercado brasileiro de gest\u00e3o de recursos humanos entre 2025 e 2030;<\/li>\n\n\n\n<li><strong>M\u00e9dia salarial<\/strong>:<strong> <\/strong>de R$ 2.611 a R$ 6.287;<\/li>\n\n\n\n<li><strong>Curso<\/strong>:<strong> <\/strong>a Gran conta com a <a href=\"https:\/\/faculdade.grancursosonline.com.br\/curso\/gestao-de-recursos-humanos\/\" target=\"_blank\" rel=\"noopener\">faculdade de Gest\u00e3o de Recursos Humanos<\/a> para quem busca <strong>carreiras em alta<\/strong>.<\/li>\n<\/ul>\n\n\n\n<h3 id=\"h-6-administracao\" class=\"wp-block-heading\">6. Administra\u00e7\u00e3o<\/h3>\n\n\n\n<p class=\"wp-block-paragraph\">Administra\u00e7\u00e3o continua sendo uma op\u00e7\u00e3o s\u00f3lida e, atualmente, muito<strong> ligada \u00e0 lideran\u00e7a e \u00e0 inova\u00e7\u00e3o<\/strong>, j\u00e1 que toda empresa necessita de uma boa gest\u00e3o para o seu crescimento, sendo vista como uma das profiss\u00f5es que mais empregam.<\/p>\n\n\n\n<p class=\"wp-block-paragraph\">Um segundo ponto positivo \u00e9 a versatilidade, que permite ao profissional atuar em diversos setores.<\/p>\n\n\n\n<ul class=\"wp-block-list\">\n<li><strong>Taxa de empregabilidade<\/strong>: dados do Instituto de<a href=\"https:\/\/www.ipea.gov.br\/portal\/\" target=\"_blank\" rel=\"noreferrer noopener\"> Pesquisa Econ\u00f4mica Aplicada (IPEA)<\/a> mostram que o curso conta com cerca de 93% dos formados conseguindo trabalho em at\u00e9 um ano ap\u00f3s a gradua\u00e7\u00e3o, consolidando-se como um dos cursos que mais contratam;<\/li>\n\n\n\n<li><strong>M\u00e9dia salarial<\/strong>:<strong> <\/strong>um administrador ganha de R$ 3.399 a R$ 10.275;<\/li>\n\n\n\n<li><strong>Curso<\/strong>:<strong> <\/strong>aproveite a alta taxa de empregabilidade e fa\u00e7a <a href=\"https:\/\/faculdade.grancursosonline.com.br\/curso\/administracao\/\" target=\"_blank\" rel=\"noopener\">faculdade de Administra\u00e7\u00e3o<\/a> na Gran Faculdade.<\/li>\n<\/ul>\n\n\n\n<h3 id=\"h-7-engenharia-de-software\" class=\"wp-block-heading\">7. Engenharia de software<\/h3>\n\n\n\n<p class=\"wp-block-paragraph\">A <strong>engenharia de software<\/strong> se destaca pela cria\u00e7\u00e3o de arquiteturas complexas, al\u00e9m de assegurar que sistemas sejam resistentes a ataques e vulnerabilidades. Trata-se de uma \u00e1rea abrangente, com m\u00faltiplas especializa\u00e7\u00f5es, todas com alta demanda.<\/p>\n\n\n\n<ul class=\"wp-block-list\">\n<li><strong>Taxa de empregabilidade<\/strong>: pode chegar at\u00e9<strong> <\/strong>90%, de acordo com o <a href=\"https:\/\/www.semesp.org.br\/mapa\/home\/\" target=\"_blank\" rel=\"noreferrer noopener\">Instituto SEMESP<\/a>. A proje\u00e7\u00e3o da Brasscom \u00e9 de que o setor de tecnologia representar\u00e1 10% do PIB brasileiro at\u00e9 2030;&nbsp;<\/li>\n\n\n\n<li><strong>M\u00e9dia salarial<\/strong>:<strong> <\/strong>a \u00e1rea conta com sal\u00e1rios de R$ 4.000 (j\u00fanior) a R$ 22.000 (s\u00eanior);<\/li>\n\n\n\n<li><strong>Curso<\/strong>:<strong> <\/strong>o bacharelado em <a href=\"https:\/\/faculdade.grancursosonline.com.br\/curso\/engenharia-de-software\/\" target=\"_blank\" rel=\"noopener\">Engenharia de Software<\/a> da Gran \u00e9 uma \u00f3tima escolha para quem deseja se inserir no mercado de trabalho.<\/li>\n<\/ul>\n\n\n\n<h3 id=\"h-8-marketing-digital-e-e-commerce\" class=\"wp-block-heading\">8. Marketing digital e e-commerce<\/h3>\n\n\n\n<p class=\"wp-block-paragraph\">A<strong> transforma\u00e7\u00e3o digital das vendas e a necessidade de presen\u00e7a online<\/strong> t\u00eam colocado o marketing digital e o e-commerce no topo da lista de cursos com melhor mercado de trabalho. A \u00e1rea \u00e9 ampla, permite trabalho remoto e h\u00edbrido e est\u00e1 em crescimento constante.<\/p>\n\n\n\n<ul class=\"wp-block-list\">\n<li><strong>Taxa de empregabilidade<\/strong>:<strong> <\/strong>a taxa de empregabilidade de Publicidade e Propaganda est\u00e1 em 73,5%, com destaque para o marketing, que figura entre os 25 cargos que mais crescem no Brasil, segundo o <a href=\"https:\/\/www.linkedin.com\/pulse\/linkedin-empregos-em-alta-2026-os-25-cargos-que-mais-kqkic\/\">Link<\/a><a href=\"https:\/\/www.linkedin.com\/pulse\/linkedin-empregos-em-alta-2026-os-25-cargos-que-mais-kqkic\/\" target=\"_blank\" rel=\"noreferrer noopener\">e<\/a><a href=\"https:\/\/www.linkedin.com\/pulse\/linkedin-empregos-em-alta-2026-os-25-cargos-que-mais-kqkic\/\">dIn<\/a>;<\/li>\n\n\n\n<li><strong>M\u00e9dia salarial<\/strong>:<strong> <\/strong>os sal\u00e1rios dos profissionais podem variar de acordo com o nicho e o n\u00edvel de experi\u00eancia, ficando em torno de <strong>R$ 3.000 a R$ 10.000<\/strong>;<\/li>\n\n\n\n<li><strong>Curso<\/strong>:<strong> <\/strong>para se especializar e se destacar na \u00e1rea, conte com a <a href=\"https:\/\/faculdade.grancursosonline.com.br\/blog\/faculdade-de-marketing\/\" target=\"_blank\" rel=\"noopener\">faculdade de Marketing<\/a> da Gran.<\/li>\n<\/ul>\n\n\n\n<h3 id=\"h-9-direito-foco-em-compliance-e-digital\" class=\"wp-block-heading\">9. Direito (foco em compliance e digital)<\/h3>\n\n\n\n<p class=\"wp-block-paragraph\">\u00c1reas como <strong>compliance, prote\u00e7\u00e3o de dados e governan\u00e7a corporativa<\/strong> ganharam espa\u00e7o e est\u00e3o em expans\u00e3o no campo do <strong>direito<\/strong>. \u00c9 uma excelente op\u00e7\u00e3o para quem busca \u00e1reas jur\u00eddicas modernas que fogem do tradicional.<\/p>\n\n\n\n<ul class=\"wp-block-list\">\n<li><strong>Taxa de empregabilidade<\/strong>:<strong> <\/strong>a <a href=\"https:\/\/abmes.org.br\/arquivos\/documentos\/pesquisa-3aedicao-empregabilidade-27082024.pdf\" target=\"_blank\" rel=\"noreferrer noopener\">Associa\u00e7\u00e3o Brasileira de Mantenedoras de Ensino Superior (ABMES)<\/a> relatou que 75% dos graduados conseguem emprego at\u00e9 um ano ap\u00f3s a conclus\u00e3o do curso;<\/li>\n\n\n\n<li><strong>M\u00e9dia salarial<\/strong>:<strong> <\/strong>um advogado ganha, em m\u00e9dia, R$ 5.733,80;<\/li>\n\n\n\n<li><strong>Curso<\/strong>:<strong> <\/strong>ingresse na <a href=\"https:\/\/presencial.grancursosonline.com.br\/cursos\/direito\/\" target=\"_blank\" rel=\"noopener\">faculdade de Direito<\/a> da Gran Faculdade e conte com professores qualificados, especialistas, mestres e doutores.<\/li>\n<\/ul>\n\n\n\n<h3 id=\"h-10-processos-gerenciais\" class=\"wp-block-heading\">10. Processos gerenciais<\/h3>\n\n\n\n<p class=\"wp-block-paragraph\">Com foco em efici\u00eancia organizacional,<strong> tomada de decis\u00e3o baseada em dados, melhoria cont\u00ednua de processos e gest\u00e3o de pessoas, recursos e resultados<\/strong>, o tecn\u00f3logo em processos gerenciais est\u00e1 entre as profiss\u00f5es em alta em 2026. \u00c9 uma excelente op\u00e7\u00e3o de curso r\u00e1pido.<\/p>\n\n\n\n<ul class=\"wp-block-list\">\n<li><strong>Taxa de empregabilidade: <\/strong>de acordo com o estudo da <a href=\"https:\/\/www.semesp.org.br\/\" target=\"_blank\" rel=\"noreferrer noopener\">SEMESP<\/a>, o curso de processos gerenciais conta com 68,5%<strong> <\/strong>de taxa de empregabilidade;<\/li>\n\n\n\n<li><strong>M\u00e9dia salarial<\/strong>:<strong> <\/strong>a m\u00e9dia salarial varia entre R$ 2.000 e R$ 7.000;<\/li>\n\n\n\n<li><strong>Curso<\/strong>:<strong> <\/strong>insira-se em uma das \u00e1reas que mais empregam no Brasil de forma r\u00e1pida com o <a href=\"https:\/\/faculdade.grancursosonline.com.br\/curso\/processos-gerenciais\/\" target=\"_blank\" rel=\"noopener\">curso de Processos Gerenciais<\/a> da Gran.<\/li>\n<\/ul>\n\n\n\n<p class=\"wp-block-paragraph\">Consulte a tabela a seguir para visualizar a taxa de empregabilidade e sal\u00e1rio aproximado de cada uma dessas \u00e1reas:&nbsp;<\/p>\n\n\n\n<figure class=\"wp-block-table\"><div class=\"container-tabela\"><table class=\"has-fixed-layout\"><tbody><tr><td><strong>Curso<\/strong><\/td><td><strong>Empregabilidade&nbsp;<\/strong><\/td><td><strong>Sal\u00e1rio m\u00e9dio (aprox.)<\/strong><\/td><\/tr><tr><td>An\u00e1lise e desenvolvimento de sistemas \/ TI<\/td><td>78,4% (Semesp \u2013 Gest\u00e3o de TI)<\/td><td>de R$ 6.000 a R$ 15.110<\/td><\/tr><tr><td>Ci\u00eancia de dados e intelig\u00eancia artificial<\/td><td>65,2% a 78,4% (\u00e1reas correlatas de TI \u2013 Semesp)<\/td><td>R$ 5.400 a R$ 18.000 (Ci\u00eancia de Dados) e R$ 5.400 a R$ 18.000 (IA)<\/td><\/tr><tr><td>Enfermagem e gest\u00e3o hospitalar<\/td><td>+44% de crescimento de postos (Minist\u00e9rio da Sa\u00fade)<\/td><td>R$ 4.528,97 a R$ 6.674,36<\/td><\/tr><tr><td>Log\u00edstica<\/td><td>Alta demanda em 96,15% dos estados (CNI\/SENAI)<\/td><td>R$ 2.000 a R$ 10.000<\/td><\/tr><tr><td>Gest\u00e3o de recursos humanos<\/td><td>Crescimento anual de 16,5% do setor (Grand View Research)<\/td><td>R$ 2.611 a R$ 6.287<\/td><\/tr><tr><td>Administra\u00e7\u00e3o<\/td><td>Cerca de 93% empregados em at\u00e9 1 ano (Ipea)<\/td><td>R$ 3.399 a R$ 10.275<\/td><\/tr><tr><td>Engenharia de software<\/td><td>78,4% (\u00e1rea correlata de TI \u2013 Semesp)<\/td><td>R$ 4.356 a R$ 15.000<\/td><\/tr><tr><td>Marketing digital e e-commerce<\/td><td>73,5% (Publicidade e Propaganda \u2013 Semesp)<\/td><td>R$ 3.000 a R$ 10.000<\/td><\/tr><tr><td>Direito (compliance e digital)<\/td><td>75% empregados em at\u00e9 1 ano (ABMES)<\/td><td>R$ 5.733,80<\/td><\/tr><tr><td>Processos gerenciais<\/td><td>41,2% (Semesp)<\/td><td>R$ 2.000 a R$ 7.000<\/td><\/tr><\/tbody><\/table><\/div><\/figure>\n\n\n\n<p class=\"wp-block-paragraph\">Com esses dados, voc\u00ea tem o suporte necess\u00e1rio para escolher uma carreira que une alta demanda de mercado a excelentes remunera\u00e7\u00f5es. O pr\u00f3ximo passo \u00e9 transformar essa an\u00e1lise em a\u00e7\u00e3o e iniciar sua jornada profissional com seguran\u00e7a.<\/p>\n\n\n\n<h2 id=\"h-quais-sao-os-cursos-mais-promissores-para-o-futuro-do-emprego\" class=\"wp-block-heading\">Quais s\u00e3o os cursos mais promissores para o futuro do emprego?<\/h2>\n\n\n\n<p class=\"wp-block-paragraph\">Os cursos mais promissores para o futuro do emprego concentram-se em <strong>Tecnologia, Sa\u00fade, Gest\u00e3o, Direito e Administra\u00e7\u00e3o<\/strong>. Essas carreiras lideram o mercado por estarem no centro das transforma\u00e7\u00f5es digitais e das necessidades essenciais da sociedade moderna.<\/p>\n\n\n\n<p class=\"wp-block-paragraph\">A alta demanda por esses profissionais reflete a necessidade constante de inova\u00e7\u00e3o e suporte especializado em todos os setores da economia, proporcionando maior volume de vagas e oportunidades de crescimento.<\/p>\n\n\n\n<h2 id=\"h-qual-e-o-melhor-curso-para-arrumar-emprego-rapido\" class=\"wp-block-heading\">Qual \u00e9 o melhor curso para arrumar emprego r\u00e1pido?<\/h2>\n\n\n\n<p class=\"wp-block-paragraph\">Segundo a Pesquisa de Empregabilidade realizada pelo Instituto SEMESP, cursos relacionados \u00e0 <strong>tecnologia e \u00e0 sa\u00fade<\/strong> s\u00e3o os que empregam mais rapidamente.<\/p>\n\n\n\n<p class=\"wp-block-paragraph\">A pesquisa aponta que estes s\u00e3o os principais cursos com egressos trabalhando na \u00e1rea de forma\u00e7\u00e3o.<\/p>\n\n\n\n<ul class=\"wp-block-list\">\n<li><strong>Sa\u00fade<\/strong>:<strong> <\/strong>medicina 92,0%, farm\u00e1cia 80,4% e odontologia 78,8%;<\/li>\n\n\n\n<li><strong>Tecnologia<\/strong>:<strong> <\/strong>gest\u00e3o da tecnologia da informa\u00e7\u00e3o 78,4% e ci\u00eancia da computa\u00e7\u00e3o 76,7%.<\/li>\n<\/ul>\n\n\n\n<p class=\"wp-block-paragraph\">Logo, se o seu objetivo \u00e9 conquistar o primeiro emprego logo ap\u00f3s a formatura, essas \u00e1reas oferecem os melhores indicadores de sucesso.<\/p>\n\n\n\n<h2 id=\"h-quais-sao-as-profissoes-que-nunca-faltam-empregos\" class=\"wp-block-heading\">Quais s\u00e3o as profiss\u00f5es que nunca faltam empregos?<\/h2>\n\n\n\n<p class=\"wp-block-paragraph\"><strong>Setores essenciais como sa\u00fade e educa\u00e7\u00e3o<\/strong> s\u00e3o conhecidos por oferecerem carreiras onde o trabalho nunca falta. Enquanto m\u00e9dicos, enfermeiros e farmac\u00eauticos garantem o bem-estar da popula\u00e7\u00e3o, o corpo docente (como professores e pedagogos) asseguram a continuidade do aprendizado, tornando esses profissionais indispens\u00e1veis em qualquer cen\u00e1rio econ\u00f4mico.<\/p>\n\n\n\n<h2 id=\"h-quais-sao-os-cursos-tecnologos-que-mais-empregam\" class=\"wp-block-heading\">Quais s\u00e3o os cursos tecn\u00f3logos que mais empregam?<\/h2>\n\n\n\n<p class=\"wp-block-paragraph\">Os cursos tecn\u00f3logos est\u00e3o cada vez mais populares por sua curta dura\u00e7\u00e3o e altos \u00edndices de empregabilidade. Atualmente, os cursos com maior destaque no mercado s\u00e3o:&nbsp;<\/p>\n\n\n\n<ul class=\"wp-block-list\">\n<li><strong>An\u00e1lise e Desenvolvimento de Sistemas<\/strong> \u2014 um dos mais procurados, devido \u00e0 crescente demanda por profissionais de TI, como visto anteriormente;<\/li>\n\n\n\n<li><strong>Gest\u00e3o de Recursos Humanos<\/strong> \u2014 organiza\u00e7\u00f5es valorizam profissionais que entendem de recrutamento, sele\u00e7\u00e3o e desenvolvimento de pessoas. Eles s\u00e3o essenciais para melhorar a produtividade e a cultura organizacional das empresas;<\/li>\n\n\n\n<li><strong>Marketing<\/strong> \u2014 diversos ramos necessitam de profissionais que dominem ferramentas online e conhecimentos de publicidade e vendas para promover seus produtos e aumentar suas receitas.<\/li>\n<\/ul>\n\n\n\n<p class=\"wp-block-paragraph\">Vale destacar que o Gran tamb\u00e9m conta com op\u00e7\u00f5es de <a href=\"https:\/\/faculdade.grancursosonline.com.br\/blog\/cursos-gratuitos\/\" target=\"_blank\" rel=\"noopener\">cursos gratuitos<\/a> que oferecem conhecimento e qualifica\u00e7\u00e3o!<\/p>\n\n\n\n<h2 id=\"h-cursos-com-as-melhores-remuneracoes\" class=\"wp-block-heading\">Cursos com as melhores remunera\u00e7\u00f5es<\/h2>\n\n\n\n<p class=\"wp-block-paragraph\">Os cursos que oferecem as melhores remunera\u00e7\u00f5es est\u00e3o ligados a <strong>\u00e1reas com alta procura no mercado<\/strong> e servi\u00e7os essenciais \u00e0 sociedade.&nbsp;<\/p>\n\n\n\n<ul class=\"wp-block-list\">\n<li><strong>Medicina<\/strong>: \u00e9 um dos cursos com maior retorno financeiro, principalmente em especialidades como cardiologia e cirurgia. Os profissionais dessa \u00e1rea podem alcan\u00e7ar sal\u00e1rios bastante elevados, a depender da regi\u00e3o e especializa\u00e7\u00e3o;<\/li>\n\n\n\n<li><strong>Engenharia de software<\/strong>: tamb\u00e9m est\u00e1 entre as \u00e1reas mais bem pagas. Com o avan\u00e7o da tecnologia e o crescimento da infraestrutura, engenheiros com experi\u00eancia e certifica\u00e7\u00f5es adicionais conseguem garantir altas remunera\u00e7\u00f5es;<\/li>\n\n\n\n<li><strong>Setor de TI<\/strong>:<strong> <\/strong>cargos como cientista de dados e desenvolvedor oferecem excelentes remunera\u00e7\u00f5es. O mercado de tecnologia da informa\u00e7\u00e3o, como visto anteriormente, segue em crescente ascens\u00e3o e alta demanda no mercado de trabalho.<\/li>\n<\/ul>\n\n\n\n<p class=\"wp-block-paragraph\">Esses dados mostram que as maiores remunera\u00e7\u00f5es est\u00e3o concentradas em <strong>setores que exigem alta qualifica\u00e7\u00e3o e lidam com desafios complexos<\/strong>. Investir em especializa\u00e7\u00f5es e certifica\u00e7\u00f5es nessas \u00e1reas \u00e9 o caminho mais curto para alcan\u00e7ar o topo da pir\u00e2mide salarial do mercado.<\/p>\n\n\n\n<h2 id=\"h-cursos-ead-que-tambem-tem-alta-empregabilidade\" class=\"wp-block-heading\">Cursos EAD que tamb\u00e9m t\u00eam alta empregabilidade<\/h2>\n\n\n\n<p class=\"wp-block-paragraph\">Os cursos EAD tamb\u00e9m se destacam quando o assunto \u00e9 alta empregabilidade. Segundo a Pesquisa de Empregabilidade do SEMESP, 62,0% dos estudantes EAD est\u00e3o satisfeitos ou muito satisfeitos com a carreira profissional at\u00e9 o momento.<\/p>\n\n\n\n<p class=\"wp-block-paragraph\">Entre os cursos EAD com alta empregabilidade, destacam-se:<\/p>\n\n\n\n<ul class=\"wp-block-list\">\n<li><strong>Gest\u00e3o da Tecnologia da Informa\u00e7\u00e3o <\/strong>\u2013 78,4%;<\/li>\n\n\n\n<li><strong>Ci\u00eancia da Computa\u00e7\u00e3o<\/strong> \u2013 76,7%;<\/li>\n\n\n\n<li><strong>Design<\/strong> \u2013 75%;<\/li>\n\n\n\n<li><strong>Rela\u00e7\u00f5es P\u00fablicas <\/strong>\u2013 75%;<\/li>\n\n\n\n<li><strong>Arquitetura e Urbanismo<\/strong> \u2013 74,6%;<\/li>\n\n\n\n<li><strong>Publicidade e Propaganda <\/strong>\u2013 73,5%;<\/li>\n\n\n\n<li><strong>Letras<\/strong> \u2013 73,2%;<\/li>\n\n\n\n<li><strong>Sistemas de Informa\u00e7\u00e3o <\/strong>\u2013 71,3%.<\/li>\n<\/ul>\n\n\n\n<p class=\"wp-block-paragraph\">Com a Gran Faculdade, voc\u00ea tem acesso \u00e0 <a href=\"https:\/\/faculdade.grancursosonline.com.br\/blog\/graduacao\/graduacao-ead\/\" target=\"_blank\" rel=\"noopener\">gradua\u00e7\u00e3o EAD<\/a> com profissionais qualificados, suporte e tudo o que precisa para conciliar a rotina de estudos.<\/p>\n\n\n\n<h2 id=\"h-o-mercado-de-trabalho-nao-espera-comece-hoje-na-gran-faculdade\" class=\"wp-block-heading\">O mercado de trabalho n\u00e3o espera: comece hoje na Gran Faculdade!<\/h2>\n\n\n\n<p class=\"wp-block-paragraph\">Gostou de ver mais sobre os <strong>cursos que mais empregam<\/strong>? Ent\u00e3o vai gostar mais ainda de saber que voc\u00ea pode fazer grande parte dos cursos citados acima aqui na <a href=\"https:\/\/faculdade.grancursosonline.com.br\/\" target=\"_blank\" rel=\"noopener\">Gran Faculdade<\/a>!<\/p>\n\n\n\n<p class=\"wp-block-paragraph\">Descubra a gradua\u00e7\u00e3o que mais combina com voc\u00ea e tenha um<strong> ensino superior 100% EAD<\/strong>, de qualidade, sem abrir m\u00e3o de mensalidades que cabem no seu bolso!<\/p>\n\n\n\n<p class=\"wp-block-paragraph\">Confira nossas vantagens!<\/p>\n\n\n\n<ul class=\"wp-block-list\">\n<li>Entrada <strong>imediata <\/strong>para voc\u00ea n\u00e3o precisar aguardar o in\u00edcio de um novo semestre letivo para come\u00e7ar a conquistar seu diploma \u2013 voc\u00ea se matricula e pode come\u00e7ar o curso no mesmo dia;<\/li>\n\n\n\n<li>Faculdade EAD com curso <strong>100% digital<\/strong> que possibilita conciliar a rotina do dia a dia com os estudos;<\/li>\n\n\n\n<li>Plataforma simples e intuitiva; assim, voc\u00ea <strong>estuda de onde estiver<\/strong>, em qualquer dispositivo;<\/li>\n\n\n\n<li>Professores <strong>renomados<\/strong>, did\u00e1ticos e que preparam os alunos para a pr\u00e1tica profissional;<\/li>\n\n\n\n<li>Mensalidades que <strong>cabem no seu bolso<\/strong> para que voc\u00ea possa realizar seus sonhos, com valores fixos ao longo de todo o curso, sem pegadinhas ou letras mi\u00fadas;<\/li>\n\n\n\n<li>Acessibilidade e ferramentas de <strong>inclus\u00e3o<\/strong>, afinal, aqui, todo mundo pode! E muito mais.<\/li>\n<\/ul>\n\n\n\n<p class=\"wp-block-paragraph\">Quer ficar por dentro da faculdade digital mais inovadora do Brasil?<\/p>\n\n\n\n<h2 id=\"h-vem-pra-gran-faculdade\" class=\"wp-block-heading\">Vem pra Gran Faculdade!<\/h2>\n\n\n\n<p class=\"wp-block-paragraph\">A Gran Faculdade vem mudando a vida de milhares de pessoas por meio de cursos \u00e0 dist\u00e2ncia de <a href=\"https:\/\/faculdade.grancursosonline.com.br\/\" target=\"_blank\" rel=\"noreferrer noopener\">gradua\u00e7\u00e3o<\/a>, <a href=\"https:\/\/pos.grancursosonline.com.br\/\" target=\"_blank\" rel=\"noreferrer noopener\">p\u00f3s-gradua\u00e7\u00e3o<\/a> e <a href=\"https:\/\/pos.grancursosonline.com.br\/mba\" target=\"_blank\" rel=\"noreferrer noopener\">MBA<\/a>. Seja no digital ou em nosso <a href=\"https:\/\/presencial.grancursosonline.com.br\/\" target=\"_blank\" rel=\"noreferrer noopener\">Campus Presencial em Curitiba<\/a>, a nossa miss\u00e3o \u00e9 transformar a educa\u00e7\u00e3o superior.<\/p>\n\n\n\n<p class=\"wp-block-paragraph\">Como parte de Sistema Gran de Ensino, que \u00e9 reconhecido como marca aprovadora h\u00e1 mais de 10 anos, constru\u00edmos uma renomada reputa\u00e7\u00e3o na \u00e1rea de educa\u00e7\u00e3o.<\/p>\n\n\n\n<p class=\"wp-block-paragraph\">Veja algumas de nossas conquistas:<\/p>\n\n\n\n<ul class=\"wp-block-list\">\n<li>Reconhecido pela Amazon como um dos projetos mais relevantes do mundo na \u00e1rea de Tecnologia e Educa\u00e7\u00e3o;<\/li>\n\n\n\n<li>Foi eleito pelo Project Management Institute (PMI), um dos 50 Projetos Mais Influentes do mundo;<\/li>\n\n\n\n<li>Somos o site de educa\u00e7\u00e3o mais acessado do Brasil;<\/li>\n\n\n\n<li>Somos avaliados com a nota m\u00e1xima pelo MEC;<\/li>\n\n\n\n<li>Aqui o semestre come\u00e7a quando quiser: entrada imediata e cont\u00ednua!<\/li>\n\n\n\n<li>Melhores pre\u00e7os do mercado;<\/li>\n\n\n\n<li>Mais de 800 mil alunos pagantes e mais de 1000 funcion\u00e1rios;<\/li>\n\n\n\n<li>Diversas ferramentas de estudo: PDFs, audiobooks, mapas mentais, videoaulas, quest\u00f5es, gerenciador de estudos e muito mais!<\/li>\n\n\n\n<li>Professores experientes e capacitados;<\/li>\n\n\n\n<li>Acesso imediato e 100% online.<\/li>\n<\/ul>\n\n\n\n<p class=\"has-text-align-center wp-block-paragraph\"><strong><a href=\"https:\/\/faculdade.grancursosonline.com.br\/\">Quero ser aluno da Gran Faculdade<\/a><\/strong><\/p>\n\n\n\n<div class=\"wp-block-group has-background\" style=\"background-color:#8dd2fc7a\"><div class=\"wp-block-group__inner-container is-layout-constrained wp-block-group-is-layout-constrained\">\n<p class=\"wp-block-paragraph\"><strong>Outras not\u00edcias em destaque:<\/strong><\/p>\n\n\n\n<ul class=\"wp-block-list\">\n<li><a href=\"https:\/\/faculdade.grancursosonline.com.br\/blog\/melhores-cursos-faculdade\/\">Melhores cursos de faculdade: quais s\u00e3o e como escolher?<\/a><\/li>\n\n\n\n<li><a href=\"https:\/\/blog.grancursosonline.com.br\/cursos-para-colocar-curriculo\/\">Cursos para colocar no curr\u00edculo: quais s\u00e3o os melhores?<\/a><\/li>\n\n\n\n<li><a href=\"https:\/\/blog.grancursosonline.com.br\/tipos-de-faculdades\/\">Tipos de faculdades: quais s\u00e3o e como escolher? Confira!<\/a><\/li>\n<\/ul>\n<\/div><\/div>\n\n\n\n<div class=\"wp-block-group\"><div class=\"wp-block-group__inner-container is-layout-constrained wp-block-group-is-layout-constrained\">\n<div class=\"wp-block-group\"><div class=\"wp-block-group__inner-container is-layout-constrained wp-block-group-is-layout-constrained\">\n<section style=\"text-align: center;\">\n<p>Quer ficar por dentro da Faculdade Digital mais inovadora do Brasil?<\/p>\n<nav>\n<p class=\"has-background has-dark-bluish-background-color\" style=\"font-size: 25px; text-align: center; background: #f0f0f0; color: #ffffff; padding: 4px 0px 4xp 0px;\"><a style=\"color: #0d134c; text-decoration: underline;\" href=\"https:\/\/faculdade.grancursosonline.com.br\/\" target=\"_blank\" rel=\"noopener\">GRADUA\u00c7\u00c3O<\/a><\/p>\n<p class=\"has-background has-dark-bluish-background-color\" style=\"font-size: 25px; text-align: center; background: #f0f0f0; color: #ffffff; padding: 4px 0px 4xp 0px;\"><a style=\"color: #0d134c; text-decoration: underline;\" href=\"https:\/\/pos.grancursosonline.com.br\/\" target=\"_blank\" rel=\"noopener\">P\u00d3S-GRADUA\u00c7\u00c3O<\/a><\/p>\n<p class=\"has-background has-dark-bluish-background-color\" style=\"font-size: 25px; text-align: center; background: #f0f0f0; color: #ffffff; padding: 4px 0px 4xp 0px;\"><a style=\"color: #0d134c; text-decoration: underline;\" href=\"https:\/\/faculdade.grancursosonline.com.br\/nossos-cursos\/\" target=\"_blank\" rel=\"noopener\">TUDO SOBRE A GRAN FACULDADE<\/a><\/p>\n<\/nav>\n<p><strong>Receba <span style=\"color: #cf1e25;\">gratuitamente<\/span> no seu celular as principais not\u00edcias sobre a Gran Faculdade! <br \/>Clique no link abaixo e inscreva-se:<\/strong><\/p>\n<p class=\"has-background has-dark-bluish-background-color\" style=\"font-size: 25px; text-align: center; background: #f0f0f0; color: #ffffff; padding: 4px 0px 4xp 0px;\"><a style=\"color: #0d134c; text-decoration: underline;\" href=\"https:\/\/whatsapp.com\/channel\/0029VaG1sChI7Be7PNndhL43\" target=\"_blank\" rel=\"noopener noreferrer\">WHATSAPP<\/a><\/p>\n<p class=\"has-background has-dark-bluish-background-color\" style=\"font-size: 25px; text-align: center; background: #f0f0f0; color: #ffffff; padding: 4px 0px 4xp 0px;\"><a style=\"color: #0d134c; text-decoration: underline;\" href=\"https:\/\/t.me\/GranFaculdade\" target=\"_blank\" rel=\"noopener noreferrer\">TELEGRAM<\/a><\/p>\n<\/section>\n<\/div><\/div>\n<\/div><\/div>\n","protected":false},"excerpt":{"rendered":"<p>Entre os cursos que mais empregam, destacam-se as \u00e1reas de Tecnologia, Sa\u00fade e Gest\u00e3o, que lideram o ranking, como an\u00e1lise e desenvolvimento de sistemas (TI), gest\u00e3o de recursos humanos e administra\u00e7\u00e3o. Um dos principais pontos para a escolha do curso \u00e9 aliar afinidade pessoal \u00e0 demanda do mercado. Isso permite que o estudante tenha bom&hellip;<\/p>\n","protected":false},"author":525,"featured_media":79768189,"comment_status":"open","ping_status":"open","sticky":false,"template":"","format":"standard","meta":{"_acf_changed":false,"content-type":"","footnotes":""},"categories":[218669,218545,2],"tags":[938],"class_list":["post-79748612","post","type-post","status-publish","format-standard","has-post-thumbnail","hentry","category-empregabilidade","category-graduacao","category-ultimas-noticias","tag-destaque"],"acf":[],"yoast_head":"<!-- This site is optimized with the Yoast SEO Premium plugin v27.2 (Yoast SEO v27.2) - https:\/\/yoast.com\/product\/yoast-seo-premium-wordpress\/ -->\n<title>Cursos que mais empregam: ranking 2026 com sal\u00e1rios m\u00e9dios<\/title>\n<meta name=\"description\" content=\"Descubra quais s\u00e3o os cursos que mais empregam no Brasil em 2026. Veja o ranking de empregabilidade e sal\u00e1rios. Comece sua gradua\u00e7\u00e3o EAD na Gran Faculdade!\" \/>\n<meta name=\"robots\" content=\"index, follow, max-snippet:-1, max-image-preview:large, max-video-preview:-1\" \/>\n<link rel=\"canonical\" href=\"https:\/\/faculdade.grancursosonline.com.br\/blog\/cursos-que-mais-empregam\/\" \/>\n<meta property=\"og:locale\" content=\"pt_BR\" \/>\n<meta property=\"og:type\" content=\"article\" \/>\n<meta property=\"og:title\" content=\"Os 10 cursos que mais empregam em 2026: saiba ranking e sal\u00e1rios\" \/>\n<meta property=\"og:description\" content=\"Descubra quais s\u00e3o os cursos que mais empregam no Brasil em 2026. Veja o ranking de empregabilidade e sal\u00e1rios. Comece sua gradua\u00e7\u00e3o EAD na Gran Faculdade!\" \/>\n<meta property=\"og:url\" content=\"https:\/\/faculdade.grancursosonline.com.br\/blog\/cursos-que-mais-empregam\/\" \/>\n<meta property=\"og:site_name\" content=\"Blog Gran Faculdade\" \/>\n<meta property=\"article:publisher\" content=\"https:\/\/www.facebook.com\/grancursosonline\/\" \/>\n<meta property=\"article:published_time\" content=\"2026-08-03T20:14:40+00:00\" \/>\n<meta property=\"article:modified_time\" content=\"2026-08-10T12:59:51+00:00\" \/>\n<meta property=\"og:image\" content=\"https:\/\/blog-es-static.infra.grancursosonline.com.br\/wp-content\/uploads\/2026\/04\/20104201\/Artes-para-o-Blog-Graduacao-13-a-17-de-abril-DESTAQUE-510x310-copia-copy-6-80.jpg\" \/>\n\t<meta property=\"og:image:width\" content=\"511\" \/>\n\t<meta property=\"og:image:height\" content=\"311\" \/>\n\t<meta property=\"og:image:type\" content=\"image\/jpeg\" \/>\n<meta name=\"author\" content=\"Aline Damettos\" \/>\n<meta name=\"twitter:card\" content=\"summary_large_image\" \/>\n<meta name=\"twitter:creator\" content=\"@gran_online\" \/>\n<meta name=\"twitter:site\" content=\"@gran_online\" \/>\n<meta name=\"twitter:label1\" content=\"Written by\" \/>\n\t<meta name=\"twitter:data1\" content=\"Aline Damettos\" \/>\n\t<meta name=\"twitter:label2\" content=\"Est. reading time\" \/>\n\t<meta name=\"twitter:data2\" content=\"39 minutos\" \/>\n<script type=\"application\/ld+json\" class=\"yoast-schema-graph\">{\"@context\":\"https:\/\/schema.org\",\"@graph\":[{\"@type\":\"NewsArticle\",\"@id\":\"https:\/\/faculdade.grancursosonline.com.br\/blog\/cursos-que-mais-empregam\/#article\",\"isPartOf\":{\"@id\":\"https:\/\/faculdade.grancursosonline.com.br\/blog\/cursos-que-mais-empregam\/\"},\"author\":{\"name\":\"Aline Damettos\",\"@id\":\"https:\/\/faculdade.grancursosonline.com.br\/blog\/#\/schema\/person\/14e0fa771c0614c4b7434ee70589c075\"},\"headline\":\"Os 10 cursos que mais empregam em 2026: saiba ranking e sal\u00e1rios\",\"datePublished\":\"2026-08-03T20:14:40+00:00\",\"dateModified\":\"2026-08-10T12:59:51+00:00\",\"mainEntityOfPage\":{\"@id\":\"https:\/\/faculdade.grancursosonline.com.br\/blog\/cursos-que-mais-empregam\/\"},\"wordCount\":2602,\"commentCount\":0,\"publisher\":{\"@id\":\"https:\/\/faculdade.grancursosonline.com.br\/blog\/#organization\"},\"image\":{\"@id\":\"https:\/\/faculdade.grancursosonline.com.br\/blog\/cursos-que-mais-empregam\/#primaryimage\"},\"thumbnailUrl\":\"https:\/\/blog-es-static.infra.grancursosonline.com.br\/wp-content\/uploads\/2026\/08\/04113850\/cursos-que-mais-empregam-em-2026.png\",\"keywords\":[\"destaque\"],\"articleSection\":[\"Empregabilidade\",\"Gradua\u00e7\u00e3o Gran Faculdade\",\"\u00daltimas Not\u00edcias\"],\"inLanguage\":\"pt-BR\",\"potentialAction\":[{\"@type\":\"CommentAction\",\"name\":\"Comment\",\"target\":[\"https:\/\/faculdade.grancursosonline.com.br\/blog\/cursos-que-mais-empregam\/#respond\"]}],\"copyrightYear\":\"2026\",\"copyrightHolder\":{\"@id\":\"https:\/\/faculdade.grancursosonline.com.br\/blog\/#organization\"},\"accessibilityFeature\":[\"tableOfContents\"]},{\"@type\":\"WebPage\",\"@id\":\"https:\/\/faculdade.grancursosonline.com.br\/blog\/cursos-que-mais-empregam\/\",\"url\":\"https:\/\/faculdade.grancursosonline.com.br\/blog\/cursos-que-mais-empregam\/\",\"name\":\"Cursos que mais empregam: ranking 2026 com sal\u00e1rios m\u00e9dios\",\"isPartOf\":{\"@id\":\"https:\/\/faculdade.grancursosonline.com.br\/blog\/#website\"},\"primaryImageOfPage\":{\"@id\":\"https:\/\/faculdade.grancursosonline.com.br\/blog\/cursos-que-mais-empregam\/#primaryimage\"},\"image\":{\"@id\":\"https:\/\/faculdade.grancursosonline.com.br\/blog\/cursos-que-mais-empregam\/#primaryimage\"},\"thumbnailUrl\":\"https:\/\/blog-es-static.infra.grancursosonline.com.br\/wp-content\/uploads\/2026\/08\/04113850\/cursos-que-mais-empregam-em-2026.png\",\"datePublished\":\"2026-08-03T20:14:40+00:00\",\"dateModified\":\"2026-08-10T12:59:51+00:00\",\"description\":\"Descubra quais s\u00e3o os cursos que mais empregam no Brasil em 2026. Veja o ranking de empregabilidade e sal\u00e1rios. Comece sua gradua\u00e7\u00e3o EAD na Gran Faculdade!\",\"breadcrumb\":{\"@id\":\"https:\/\/faculdade.grancursosonline.com.br\/blog\/cursos-que-mais-empregam\/#breadcrumb\"},\"inLanguage\":\"pt-BR\",\"potentialAction\":[{\"@type\":\"ReadAction\",\"target\":[\"https:\/\/faculdade.grancursosonline.com.br\/blog\/cursos-que-mais-empregam\/\"]}]},{\"@type\":\"ImageObject\",\"inLanguage\":\"pt-BR\",\"@id\":\"https:\/\/faculdade.grancursosonline.com.br\/blog\/cursos-que-mais-empregam\/#primaryimage\",\"url\":\"https:\/\/blog-es-static.infra.grancursosonline.com.br\/wp-content\/uploads\/2026\/08\/04113850\/cursos-que-mais-empregam-em-2026.png\",\"contentUrl\":\"https:\/\/blog-es-static.infra.grancursosonline.com.br\/wp-content\/uploads\/2026\/08\/04113850\/cursos-que-mais-empregam-em-2026.png\",\"width\":1633,\"height\":963,\"caption\":\"cursos que mais empregam em 2026\"},{\"@type\":\"BreadcrumbList\",\"@id\":\"https:\/\/faculdade.grancursosonline.com.br\/blog\/cursos-que-mais-empregam\/#breadcrumb\",\"itemListElement\":[{\"@type\":\"ListItem\",\"position\":1,\"name\":\"In\u00edcio\",\"item\":\"https:\/\/faculdade.grancursosonline.com.br\/blog\/\"},{\"@type\":\"ListItem\",\"position\":2,\"name\":\"Gradua\u00e7\u00e3o Gran Faculdade\",\"item\":\"https:\/\/faculdade.grancursosonline.com.br\/blog\/graduacao\/\"},{\"@type\":\"ListItem\",\"position\":3,\"name\":\"Os 10 cursos que mais empregam em 2026: saiba ranking e sal\u00e1rios\"}]},{\"@type\":\"WebSite\",\"@id\":\"https:\/\/faculdade.grancursosonline.com.br\/blog\/#website\",\"url\":\"https:\/\/faculdade.grancursosonline.com.br\/blog\/\",\"name\":\"Blog Gran Faculdade\",\"description\":\"Tudo sobre ensino superior, p\u00f3s-gradua\u00e7\u00e3o, enem e carreira.\",\"publisher\":{\"@id\":\"https:\/\/faculdade.grancursosonline.com.br\/blog\/#organization\"},\"potentialAction\":[{\"@type\":\"SearchAction\",\"target\":{\"@type\":\"EntryPoint\",\"urlTemplate\":\"https:\/\/faculdade.grancursosonline.com.br\/blog\/?s={search_term_string}\"},\"query-input\":{\"@type\":\"PropertyValueSpecification\",\"valueRequired\":true,\"valueName\":\"search_term_string\"}}],\"inLanguage\":\"pt-BR\"},{\"@type\":\"Organization\",\"@id\":\"https:\/\/faculdade.grancursosonline.com.br\/blog\/#organization\",\"name\":\"Gran Cursos Online\",\"url\":\"https:\/\/faculdade.grancursosonline.com.br\/blog\/\",\"logo\":{\"@type\":\"ImageObject\",\"inLanguage\":\"pt-BR\",\"@id\":\"https:\/\/faculdade.grancursosonline.com.br\/blog\/#\/schema\/logo\/image\/\",\"url\":\"https:\/\/blog-es-static.infra.grancursosonline.com.br\/wp-content\/uploads\/2019\/08\/03123934\/logo.png\",\"contentUrl\":\"https:\/\/blog-es-static.infra.grancursosonline.com.br\/wp-content\/uploads\/2019\/08\/03123934\/logo.png\",\"width\":300,\"height\":57,\"caption\":\"Gran Cursos Online\"},\"image\":{\"@id\":\"https:\/\/faculdade.grancursosonline.com.br\/blog\/#\/schema\/logo\/image\/\"},\"sameAs\":[\"https:\/\/www.facebook.com\/grancursosonline\/\",\"https:\/\/x.com\/gran_online\",\"https:\/\/www.instagram.com\/grancursosonline\/\",\"https:\/\/www.youtube.com\/user\/grancursostv\"]},{\"@type\":\"Person\",\"@id\":\"https:\/\/faculdade.grancursosonline.com.br\/blog\/#\/schema\/person\/14e0fa771c0614c4b7434ee70589c075\",\"name\":\"Aline Damettos\",\"url\":\"https:\/\/faculdade.grancursosonline.com.br\/blog\/author\/aline-damettos\/\"}]}<\/script>\n<!-- \/ Yoast SEO Premium plugin. -->","yoast_head_json":{"title":"Cursos que mais empregam: ranking 2026 com sal\u00e1rios m\u00e9dios","description":"Descubra quais s\u00e3o os cursos que mais empregam no Brasil em 2026. Veja o ranking de empregabilidade e sal\u00e1rios. Comece sua gradua\u00e7\u00e3o EAD na Gran Faculdade!","robots":{"index":"index","follow":"follow","max-snippet":"max-snippet:-1","max-image-preview":"max-image-preview:large","max-video-preview":"max-video-preview:-1"},"canonical":"https:\/\/faculdade.grancursosonline.com.br\/blog\/cursos-que-mais-empregam\/","og_locale":"pt_BR","og_type":"article","og_title":"Os 10 cursos que mais empregam em 2026: saiba ranking e sal\u00e1rios","og_description":"Descubra quais s\u00e3o os cursos que mais empregam no Brasil em 2026. Veja o ranking de empregabilidade e sal\u00e1rios. Comece sua gradua\u00e7\u00e3o EAD na Gran Faculdade!","og_url":"https:\/\/faculdade.grancursosonline.com.br\/blog\/cursos-que-mais-empregam\/","og_site_name":"Blog Gran Faculdade","article_publisher":"https:\/\/www.facebook.com\/grancursosonline\/","article_published_time":"2026-08-03T20:14:40+00:00","article_modified_time":"2026-08-10T12:59:51+00:00","og_image":[{"width":511,"height":311,"url":"https:\/\/blog-es-static.infra.grancursosonline.com.br\/wp-content\/uploads\/2026\/04\/20104201\/Artes-para-o-Blog-Graduacao-13-a-17-de-abril-DESTAQUE-510x310-copia-copy-6-80.jpg","type":"image\/jpeg"}],"author":"Aline Damettos","twitter_card":"summary_large_image","twitter_creator":"@gran_online","twitter_site":"@gran_online","twitter_misc":{"Written by":"Aline Damettos","Est. reading time":"39 minutos"},"schema":{"@context":"https:\/\/schema.org","@graph":[{"@type":"NewsArticle","@id":"https:\/\/faculdade.grancursosonline.com.br\/blog\/cursos-que-mais-empregam\/#article","isPartOf":{"@id":"https:\/\/faculdade.grancursosonline.com.br\/blog\/cursos-que-mais-empregam\/"},"author":{"name":"Aline Damettos","@id":"https:\/\/faculdade.grancursosonline.com.br\/blog\/#\/schema\/person\/14e0fa771c0614c4b7434ee70589c075"},"headline":"Os 10 cursos que mais empregam em 2026: saiba ranking e sal\u00e1rios","datePublished":"2026-08-03T20:14:40+00:00","dateModified":"2026-08-10T12:59:51+00:00","mainEntityOfPage":{"@id":"https:\/\/faculdade.grancursosonline.com.br\/blog\/cursos-que-mais-empregam\/"},"wordCount":2602,"commentCount":0,"publisher":{"@id":"https:\/\/faculdade.grancursosonline.com.br\/blog\/#organization"},"image":{"@id":"https:\/\/faculdade.grancursosonline.com.br\/blog\/cursos-que-mais-empregam\/#primaryimage"},"thumbnailUrl":"https:\/\/blog-es-static.infra.grancursosonline.com.br\/wp-content\/uploads\/2026\/08\/04113850\/cursos-que-mais-empregam-em-2026.png","keywords":["destaque"],"articleSection":["Empregabilidade","Gradua\u00e7\u00e3o Gran Faculdade","\u00daltimas Not\u00edcias"],"inLanguage":"pt-BR","potentialAction":[{"@type":"CommentAction","name":"Comment","target":["https:\/\/faculdade.grancursosonline.com.br\/blog\/cursos-que-mais-empregam\/#respond"]}],"copyrightYear":"2026","copyrightHolder":{"@id":"https:\/\/faculdade.grancursosonline.com.br\/blog\/#organization"},"accessibilityFeature":["tableOfContents"]},{"@type":"WebPage","@id":"https:\/\/faculdade.grancursosonline.com.br\/blog\/cursos-que-mais-empregam\/","url":"https:\/\/faculdade.grancursosonline.com.br\/blog\/cursos-que-mais-empregam\/","name":"Cursos que mais empregam: ranking 2026 com sal\u00e1rios m\u00e9dios","isPartOf":{"@id":"https:\/\/faculdade.grancursosonline.com.br\/blog\/#website"},"primaryImageOfPage":{"@id":"https:\/\/faculdade.grancursosonline.com.br\/blog\/cursos-que-mais-empregam\/#primaryimage"},"image":{"@id":"https:\/\/faculdade.grancursosonline.com.br\/blog\/cursos-que-mais-empregam\/#primaryimage"},"thumbnailUrl":"https:\/\/blog-es-static.infra.grancursosonline.com.br\/wp-content\/uploads\/2026\/08\/04113850\/cursos-que-mais-empregam-em-2026.png","datePublished":"2026-08-03T20:14:40+00:00","dateModified":"2026-08-10T12:59:51+00:00","description":"Descubra quais s\u00e3o os cursos que mais empregam no Brasil em 2026. Veja o ranking de empregabilidade e sal\u00e1rios. Comece sua gradua\u00e7\u00e3o EAD na Gran Faculdade!","breadcrumb":{"@id":"https:\/\/faculdade.grancursosonline.com.br\/blog\/cursos-que-mais-empregam\/#breadcrumb"},"inLanguage":"pt-BR","potentialAction":[{"@type":"ReadAction","target":["https:\/\/faculdade.grancursosonline.com.br\/blog\/cursos-que-mais-empregam\/"]}]},{"@type":"ImageObject","inLanguage":"pt-BR","@id":"https:\/\/faculdade.grancursosonline.com.br\/blog\/cursos-que-mais-empregam\/#primaryimage","url":"https:\/\/blog-es-static.infra.grancursosonline.com.br\/wp-content\/uploads\/2026\/08\/04113850\/cursos-que-mais-empregam-em-2026.png","contentUrl":"https:\/\/blog-es-static.infra.grancursosonline.com.br\/wp-content\/uploads\/2026\/08\/04113850\/cursos-que-mais-empregam-em-2026.png","width":1633,"height":963,"caption":"cursos que mais empregam em 2026"},{"@type":"BreadcrumbList","@id":"https:\/\/faculdade.grancursosonline.com.br\/blog\/cursos-que-mais-empregam\/#breadcrumb","itemListElement":[{"@type":"ListItem","position":1,"name":"In\u00edcio","item":"https:\/\/faculdade.grancursosonline.com.br\/blog\/"},{"@type":"ListItem","position":2,"name":"Gradua\u00e7\u00e3o Gran Faculdade","item":"https:\/\/faculdade.grancursosonline.com.br\/blog\/graduacao\/"},{"@type":"ListItem","position":3,"name":"Os 10 cursos que mais empregam em 2026: saiba ranking e sal\u00e1rios"}]},{"@type":"WebSite","@id":"https:\/\/faculdade.grancursosonline.com.br\/blog\/#website","url":"https:\/\/faculdade.grancursosonline.com.br\/blog\/","name":"Blog Gran Faculdade","description":"Tudo sobre ensino superior, p\u00f3s-gradua\u00e7\u00e3o, enem e carreira.","publisher":{"@id":"https:\/\/faculdade.grancursosonline.com.br\/blog\/#organization"},"potentialAction":[{"@type":"SearchAction","target":{"@type":"EntryPoint","urlTemplate":"https:\/\/faculdade.grancursosonline.com.br\/blog\/?s={search_term_string}"},"query-input":{"@type":"PropertyValueSpecification","valueRequired":true,"valueName":"search_term_string"}}],"inLanguage":"pt-BR"},{"@type":"Organization","@id":"https:\/\/faculdade.grancursosonline.com.br\/blog\/#organization","name":"Gran Cursos Online","url":"https:\/\/faculdade.grancursosonline.com.br\/blog\/","logo":{"@type":"ImageObject","inLanguage":"pt-BR","@id":"https:\/\/faculdade.grancursosonline.com.br\/blog\/#\/schema\/logo\/image\/","url":"https:\/\/blog-es-static.infra.grancursosonline.com.br\/wp-content\/uploads\/2019\/08\/03123934\/logo.png","contentUrl":"https:\/\/blog-es-static.infra.grancursosonline.com.br\/wp-content\/uploads\/2019\/08\/03123934\/logo.png","width":300,"height":57,"caption":"Gran Cursos Online"},"image":{"@id":"https:\/\/faculdade.grancursosonline.com.br\/blog\/#\/schema\/logo\/image\/"},"sameAs":["https:\/\/www.facebook.com\/grancursosonline\/","https:\/\/x.com\/gran_online","https:\/\/www.instagram.com\/grancursosonline\/","https:\/\/www.youtube.com\/user\/grancursostv"]},{"@type":"Person","@id":"https:\/\/faculdade.grancursosonline.com.br\/blog\/#\/schema\/person\/14e0fa771c0614c4b7434ee70589c075","name":"Aline Damettos","url":"https:\/\/faculdade.grancursosonline.com.br\/blog\/author\/aline-damettos\/"}]}},"_links":{"self":[{"href":"https:\/\/faculdade.grancursosonline.com.br\/blog\/wp-json\/wp\/v2\/posts\/79748612","targetHints":{"allow":["GET"]}}],"collection":[{"href":"https:\/\/faculdade.grancursosonline.com.br\/blog\/wp-json\/wp\/v2\/posts"}],"about":[{"href":"https:\/\/faculdade.grancursosonline.com.br\/blog\/wp-json\/wp\/v2\/types\/post"}],"author":[{"embeddable":true,"href":"https:\/\/faculdade.grancursosonline.com.br\/blog\/wp-json\/wp\/v2\/users\/525"}],"replies":[{"embeddable":true,"href":"https:\/\/faculdade.grancursosonline.com.br\/blog\/wp-json\/wp\/v2\/comments?post=79748612"}],"version-history":[{"count":6,"href":"https:\/\/faculdade.grancursosonline.com.br\/blog\/wp-json\/wp\/v2\/posts\/79748612\/revisions"}],"predecessor-version":[{"id":79768190,"href":"https:\/\/faculdade.grancursosonline.com.br\/blog\/wp-json\/wp\/v2\/posts\/79748612\/revisions\/79768190"}],"wp:featuredmedia":[{"embeddable":true,"href":"https:\/\/faculdade.grancursosonline.com.br\/blog\/wp-json\/wp\/v2\/media\/79768189"}],"wp:attachment":[{"href":"https:\/\/faculdade.grancursosonline.com.br\/blog\/wp-json\/wp\/v2\/media?parent=79748612"}],"wp:term":[{"taxonomy":"category","embeddable":true,"href":"https:\/\/faculdade.grancursosonline.com.br\/blog\/wp-json\/wp\/v2\/categories?post=79748612"},{"taxonomy":"post_tag","embeddable":true,"href":"https:\/\/faculdade.grancursosonline.com.br\/blog\/wp-json\/wp\/v2\/tags?post=79748612"}],"curies":[{"name":"wp","href":"https:\/\/api.w.org\/{rel}","templated":true}]}}