{"id":79749905,"date":"2026-08-03T17:18:57","date_gmt":"2026-08-03T20:18:57","guid":{"rendered":"https:\/\/faculdade.grancursosonline.com.br\/blog\/?p=79749905"},"modified":"2026-08-04T11:35:51","modified_gmt":"2026-08-04T14:35:51","slug":"faculdades-rapidas-qual-fazer","status":"publish","type":"post","link":"https:\/\/faculdade.grancursosonline.com.br\/blog\/faculdades-rapidas-qual-fazer\/","title":{"rendered":"Faculdades r\u00e1pidas: op\u00e7\u00f5es de cursos para se formar em at\u00e9 2 anos"},"content":{"rendered":"\n<p class=\"wp-block-paragraph\"><strong>Faculdades r\u00e1pidas<\/strong> s\u00e3o<strong> cursos superiores com dura\u00e7\u00e3o reduzida (normalmente entre 2 e 3 anos)<\/strong>, focados em forma\u00e7\u00e3o pr\u00e1tica e direcionada ao mercado de trabalho. Esse modelo corresponde \u00e0<strong> <\/strong>gradua\u00e7\u00e3o tecnol\u00f3gica, modalidade reconhecida pelo MEC e com a mesma validade legal de bacharelados ou licenciaturas.<\/p>\n\n\n\n<p class=\"wp-block-paragraph\">Na pr\u00e1tica, isso significa que<strong> \u00e9 poss\u00edvel obter um diploma de n\u00edvel superior em menos tempo<\/strong>, entrar mais r\u00e1pido no mercado e ainda continuar estudando depois. Os cursos podem incluir desde uma <a href=\"https:\/\/faculdade.grancursosonline.com.br\/blog\/pos-graduacao-rapida\/\" target=\"_blank\" rel=\"noopener\">p\u00f3s-gradua\u00e7\u00e3o r\u00e1pida<\/a> at\u00e9 especializa\u00e7\u00e3o na \u00e1rea escolhida.\u00a0<\/p>\n\n\n\n<p class=\"wp-block-paragraph\">Acompanhe o nosso guia para descobrir os principais cursos r\u00e1pidos e decidir o melhor caminho para a sua carreira!<\/p>\n\n\n\n<div class=\"wp-block-yoast-seo-table-of-contents yoast-table-of-contents\"><ul><li><a href=\"#h-o-que-e-uma-faculdade-rapida-entenda-como-funciona-o-curso-tecnologo\" data-level=\"2\">O que \u00e9 uma Faculdade R\u00e1pida? Entenda como funciona o curso Tecn\u00f3logo<\/a><ul><li><a href=\"#h-formacao-de-tecnologo-aceita-pos-mba-e-especializacoes\" data-level=\"3\">Forma\u00e7\u00e3o de tecn\u00f3logo aceita p\u00f3s, MBA e especializa\u00e7\u00f5es<\/a><\/li><\/ul><\/li><li><a href=\"#h-diferenca-entre-tecnologo-bacharelado-e-licenciatura\" data-level=\"2\">Diferen\u00e7a entre Tecn\u00f3logo, Bacharelado e Licenciatura<\/a><\/li><li><a href=\"#h-quais-sao-as-faculdades-de-2-anos\" data-level=\"2\">Quais s\u00e3o as faculdades de 2 anos?<\/a><\/li><li><a href=\"#h-10-faculdades-mais-curtas-lista-de-cursos-reconhecidos-pelo-mec\" data-level=\"2\">10 Faculdades mais curtas: lista de cursos reconhecidos pelo MEC<\/a><ul><li><a href=\"#h-analise-e-desenvolvimento-de-sistemas-ads\" data-level=\"3\">An\u00e1lise e Desenvolvimento de Sistemas (ADS)<\/a><\/li><li><a href=\"#h-gestao-comercial\" data-level=\"3\">Gest\u00e3o Comercial<\/a><\/li><li><a href=\"#h-logistica\" data-level=\"3\">Log\u00edstica<\/a><\/li><li><a href=\"#h-marketing\" data-level=\"3\">Marketing<\/a><\/li><li><a href=\"#h-gestao-de-recursos-humanos\" data-level=\"3\">Gest\u00e3o de Recursos Humanos<\/a><\/li><li><a href=\"#h-gestao-financeira\" data-level=\"3\">Gest\u00e3o Financeira<\/a><\/li><li><a href=\"#h-design-de-interiores\" data-level=\"3\">Design de Interiores<\/a><\/li><li><a href=\"#h-radiologia\" data-level=\"3\">Radiologia<\/a><\/li><li><a href=\"#h-estetica-e-cosmetica\" data-level=\"3\">Est\u00e9tica e Cosm\u00e9tica<\/a><\/li><li><a href=\"#h-agronegocio\" data-level=\"3\">Agroneg\u00f3cio<\/a><\/li><\/ul><\/li><li><a href=\"#h-curso-superior-rapido-de-6-meses-existe\" data-level=\"2\">Curso superior r\u00e1pido de 6 meses existe?<\/a><\/li><li><a href=\"#h-como-funciona-a-graduacao-tecnologica-e-quem-pode-fazer\" data-level=\"2\">Como funciona a Gradua\u00e7\u00e3o Tecnol\u00f3gica e quem pode fazer?<\/a><ul><li><a href=\"#h-quem-pode-fazer-tecnologo\" data-level=\"3\">Quem pode fazer Tecn\u00f3logo<\/a><\/li><\/ul><\/li><li><a href=\"#h-faculdade-ead-e-mais-rapida-do-que-a-presencial\" data-level=\"2\">Faculdade EAD \u00e9 mais r\u00e1pida do que a presencial?<\/a><\/li><li><a href=\"#h-o-diploma-de-curso-rapido-tecnologo-tem-a-mesma-validade-de-um-bacharelado\" data-level=\"2\">O diploma de curso r\u00e1pido (tecn\u00f3logo) tem a mesma validade de um bacharelado?<\/a><\/li><li><a href=\"#h-qual-e-o-salario-inicial-de-um-formado-em-curso-tecnologo\" data-level=\"2\">Qual \u00e9 o sal\u00e1rio inicial de um formado em curso tecn\u00f3logo?<\/a><ul><li><a href=\"#h-area-de-tecnologia\" data-level=\"3\">\u00c1rea de tecnologia<\/a><\/li><li><a href=\"#h-area-de-logistica\" data-level=\"3\">\u00c1rea de log\u00edstica<\/a><\/li><li><a href=\"#h-area-de-gestao\" data-level=\"3\">\u00c1rea de gest\u00e3o<\/a><\/li><\/ul><\/li><li><a href=\"#h-diploma-de-tecnologo-e-aceito-em-concursos-publicos\" data-level=\"2\">Diploma de tecn\u00f3logo \u00e9 aceito em concursos p\u00fablicos?<\/a><\/li><li><a href=\"#h-vantagens-da-graduacao-rapida-por-que-escolher-um-curso-tecnologo\" data-level=\"2\">Vantagens da Gradua\u00e7\u00e3o R\u00e1pida: por que escolher um curso tecn\u00f3logo?<\/a><\/li><li><a href=\"#h-e-possivel-fazer-uma-faculdade-rapida-enquanto-trabalho\" data-level=\"2\">\u00c9 poss\u00edvel fazer uma faculdade r\u00e1pida enquanto trabalho?<\/a><\/li><li><a href=\"#h-como-escolher-a-melhor-faculdade-rapida-reconhecida-pelo-mec\" data-level=\"2\">Como escolher a melhor faculdade r\u00e1pida reconhecida pelo MEC?<\/a><\/li><li><a href=\"#h-invista-no-seu-futuro-com-os-cursos-tecnologos-da-gran-faculdade\" data-level=\"2\">Invista no seu futuro com os cursos tecn\u00f3logos da Gran Faculdade<\/a><\/li><\/ul><\/div>\n\n\n\n<h2 id=\"h-o-que-e-uma-faculdade-rapida-entenda-como-funciona-o-curso-tecnologo\" class=\"wp-block-heading\">O que \u00e9 uma Faculdade R\u00e1pida? Entenda como funciona o curso Tecn\u00f3logo<\/h2>\n\n\n\n<p class=\"wp-block-paragraph\">A express\u00e3o \u201cfaculdade r\u00e1pida\u201d \u00e9 muito usada no dia a dia, mas o nome t\u00e9cnico desse tipo de forma\u00e7\u00e3o \u00e9 <a href=\"https:\/\/faculdade.grancursosonline.com.br\/blog\/graduacao-tecnologica\/\" target=\"_blank\" rel=\"noopener\">gradua\u00e7\u00e3o tecnol\u00f3gica<\/a>. Trata-se de um <strong>curso superior que forma profissionais com foco direto em \u00e1reas espec\u00edficas<\/strong> do mercado.<\/p>\n\n\n\n<p class=\"wp-block-paragraph\">Diferente de forma\u00e7\u00f5es mais longas, o <a href=\"https:\/\/faculdade.grancursosonline.com.br\/blog\/curso-tecnologo\/\" target=\"_blank\" rel=\"noopener\">curso tecn\u00f3logo de gradua\u00e7\u00e3o<\/a> prioriza <strong>conhecimentos aplicados e habilidades pr\u00e1ticas<\/strong>. O objetivo \u00e9 preparar o aluno para atuar profissionalmente com mais rapidez, sem deixar de oferecer base te\u00f3rica consistente.<\/p>\n\n\n\n<p class=\"wp-block-paragraph\">Esses cursos s\u00e3o reconhecidos pelo Minist\u00e9rio da Educa\u00e7\u00e3o e resultam em diploma de n\u00edvel superior. Ou seja, quem conclui um tecn\u00f3logo tem exatamente o mesmo n\u00edvel acad\u00eamico de quem termina um bacharelado ou licenciatura.<\/p>\n\n\n\n<h3 id=\"h-formacao-de-tecnologo-aceita-pos-mba-e-especializacoes\" class=\"wp-block-heading\">Forma\u00e7\u00e3o de tecn\u00f3logo aceita p\u00f3s, MBA e especializa\u00e7\u00f5es<\/h3>\n\n\n\n<p class=\"wp-block-paragraph\">A forma\u00e7\u00e3o tecnol\u00f3gica<strong> permite continuar os estudos normalmente<\/strong>, inclusive ingressar em p\u00f3s-gradua\u00e7\u00e3o, MBA ou programas de especializa\u00e7\u00e3o em universidades.<\/p>\n\n\n\n<p class=\"wp-block-paragraph\">Outro ponto importante \u00e9 a <strong>diversidade de \u00e1reas<\/strong>. Existem cursos tecnol\u00f3gicos em tecnologia, neg\u00f3cios, sa\u00fade, design e at\u00e9 agroneg\u00f3cio, o que amplia bastante as possibilidades de carreira.<\/p>\n\n\n\n<p class=\"wp-block-paragraph\">Hoje, muitas institui\u00e7\u00f5es tamb\u00e9m oferecem essa forma\u00e7\u00e3o em <a href=\"https:\/\/faculdade.grancursosonline.com.br\/blog\/graduacao\/graduacao-ead\/\" target=\"_blank\" rel=\"noopener\">gradua\u00e7\u00e3o EAD<\/a>, ampliando o acesso para quem precisa conciliar estudo, trabalho e rotina pessoal.<\/p>\n\n\n\n<h2 id=\"h-diferenca-entre-tecnologo-bacharelado-e-licenciatura\" class=\"wp-block-heading\">Diferen\u00e7a entre Tecn\u00f3logo, Bacharelado e Licenciatura<\/h2>\n\n\n\n<p class=\"wp-block-paragraph\">Na pr\u00e1tica, <strong>a principal diferen\u00e7a est\u00e1 no tempo de forma\u00e7\u00e3o e no foco profissional<\/strong>. Quem escolhe um tecn\u00f3logo geralmente busca uma forma\u00e7\u00e3o mais r\u00e1pida para come\u00e7ar a trabalhar ou mudar de \u00e1rea com agilidade.&nbsp;<\/p>\n\n\n\n<p class=\"wp-block-paragraph\">Por outro lado, quem prefere bacharelado ou licenciatura costuma buscar uma base acad\u00eamica mais extensa ou carreiras que exigem forma\u00e7\u00e3o longa. Veja a compara\u00e7\u00e3o abaixo:<\/p>\n\n\n\n<figure class=\"wp-block-table\"><div class=\"container-tabela\"><table class=\"has-fixed-layout\"><tbody><tr><td><strong>Caracter\u00edstica<\/strong><\/td><td><strong>Tecn\u00f3logo<\/strong><\/td><td><strong>Bacharelado<\/strong><\/td><td><strong>Licenciatura<\/strong><\/td><\/tr><tr><td>Dura\u00e7\u00e3o M\u00e9dia<\/td><td>2 a 3 anos<\/td><td>4 a 6 anos<\/td><td>4 anos<\/td><\/tr><tr><td>Foco do Curso<\/td><td>Conhecimentos pr\u00e1ticos e aplicados ao mercado de trabalho.<\/td><td>Base te\u00f3rica e cient\u00edfica ampla em uma \u00e1rea do saber.<\/td><td>Forma\u00e7\u00e3o de professores e educadores para o ensino.<\/td><\/tr><tr><td>Objetivo Profissional<\/td><td>Inser\u00e7\u00e3o r\u00e1pida e especializada no mercado de trabalho.<\/td><td>Atua\u00e7\u00e3o em carreiras que exigem uma base acad\u00eamica robusta.<\/td><td>Atuar em escolas, universidades e institui\u00e7\u00f5es de ensino.<\/td><\/tr><\/tbody><\/table><\/div><\/figure>\n\n\n\n<p class=\"wp-block-paragraph\">Cada modelo de ensino possui objetivos diferentes e atende a perfis profissionais distintos. Portanto, a escolha depende da \u00e1rea em que voc\u00ea deseja atuar.<\/p>\n\n\n\n<h2 id=\"h-quais-sao-as-faculdades-de-2-anos\" class=\"wp-block-heading\">Quais s\u00e3o as faculdades de 2 anos?<\/h2>\n\n\n\n<p class=\"wp-block-paragraph\">As faculdades de 2 anos<strong> fazem parte da gradua\u00e7\u00e3o tecn\u00f3logo e seguem as mesmas regras de qualidade e reconhecimento do MEC<\/strong>, possuindo mesmo valor acad\u00eamico que outros tipos de forma\u00e7\u00e3o.<\/p>\n\n\n\n<p class=\"wp-block-paragraph\">A diferen\u00e7a est\u00e1 na <strong>proposta pedag\u00f3gica<\/strong>. Em vez de abordar muitos conte\u00fados amplos, esses cursos<strong> concentram-se em compet\u00eancias espec\u00edficas<\/strong> que o mercado realmente demanda. Isso permite que o estudante adquira habilidades profissionais relevantes em menos tempo.<\/p>\n\n\n\n<p class=\"wp-block-paragraph\">Outro ponto importante \u00e9 que a menor dura\u00e7\u00e3o n\u00e3o limita a carreira. Depois de concluir o curso, o profissional pode seguir estudando em uma <a href=\"https:\/\/faculdade.grancursosonline.com.br\/blog\/especializacao-rapida\/\" target=\"_blank\" rel=\"noopener\">especializa\u00e7\u00e3o r\u00e1pida<\/a>, MBA ou at\u00e9 outro curso superior.<\/p>\n\n\n\n<p class=\"wp-block-paragraph\">Al\u00e9m disso, muitos profissionais usam o tecn\u00f3logo como <strong>estrat\u00e9gia para crescer mais r\u00e1pido no trabalho<\/strong> ou conquistar promo\u00e7\u00f5es. Tamb\u00e9m existe quem combine essa forma\u00e7\u00e3o com <a href=\"https:\/\/faculdade.grancursosonline.com.br\/blog\/cursos-rapidos\/\" target=\"_blank\" rel=\"noopener\">cursos r\u00e1pidos complementares<\/a>, ampliando o repert\u00f3rio profissional em \u00e1reas espec\u00edficas.<\/p>\n\n\n\n<h2 id=\"h-10-faculdades-mais-curtas-lista-de-cursos-reconhecidos-pelo-mec\" class=\"wp-block-heading\">10 Faculdades mais curtas: lista de cursos reconhecidos pelo MEC<\/h2>\n\n\n\n<p class=\"wp-block-paragraph\">Existem diversos cursos tecnol\u00f3gicos com dura\u00e7\u00e3o m\u00e9dia de dois anos. Eles est\u00e3o distribu\u00eddos em \u00e1reas estrat\u00e9gicas da economia e costumam ter forte liga\u00e7\u00e3o com o mercado de trabalho.<\/p>\n\n\n\n<p class=\"wp-block-paragraph\">A seguir, veja alguns dos cursos superiores mais curtos dispon\u00edveis atualmente.<\/p>\n\n\n\n<h3 id=\"h-analise-e-desenvolvimento-de-sistemas-ads\" class=\"wp-block-heading\">An\u00e1lise e Desenvolvimento de Sistemas (ADS)<\/h3>\n\n\n\n<p class=\"wp-block-paragraph\">Um dos cursos tecnol\u00f3gicos mais populares do Brasil, <a href=\"https:\/\/faculdade.grancursosonline.com.br\/curso\/analise-e-desenvolvimento-de-sistemas\/\" target=\"_blank\" rel=\"noopener\">An\u00e1lise e Desenvolvimento de Sistemas<\/a> forma profissionais capazes de <strong>criar softwares, aplicativos e sistemas digitais<\/strong>.<\/p>\n\n\n\n<p class=\"wp-block-paragraph\">Com a crescente demanda por tecnologia, o mercado para desenvolvedores continua em expans\u00e3o. Mesmo sendo uma forma\u00e7\u00e3o r\u00e1pida, muitas pessoas conseguem bons sal\u00e1rios logo no in\u00edcio da carreira.<\/p>\n\n\n\n<h3 id=\"h-gestao-comercial\" class=\"wp-block-heading\">Gest\u00e3o Comercial<\/h3>\n\n\n\n<p class=\"wp-block-paragraph\">O curso de <a href=\"https:\/\/faculdade.grancursosonline.com.br\/curso\/gestao-comercial\/\" target=\"_blank\" rel=\"noopener\">Gest\u00e3o Comercial<\/a> \u00e9 voltado para <strong>estrat\u00e9gias de vendas, negocia\u00e7\u00e3o e planejamento de neg\u00f3cios<\/strong>. Profissionais dessa \u00e1rea podem atuar em empresas de diversos setores, desde varejo at\u00e9 consultoria empresarial.<\/p>\n\n\n\n<p class=\"wp-block-paragraph\">\u00c9 uma escolha comum para quem deseja assumir cargos de lideran\u00e7a em equipes de vendas.<\/p>\n\n\n\n<h3 id=\"h-logistica\" class=\"wp-block-heading\">Log\u00edstica<\/h3>\n\n\n\n<p class=\"wp-block-paragraph\"><a href=\"https:\/\/faculdade.grancursosonline.com.br\/curso\/logistica\/\" target=\"_blank\" rel=\"noopener\">Log\u00edstica<\/a> \u00e9 essencial para o funcionamento de empresas que lidam com<strong> transporte, armazenamento e distribui\u00e7\u00e3o de produtos<\/strong>.<\/p>\n\n\n\n<p class=\"wp-block-paragraph\">O curso prepara profissionais para gerenciar cadeias de suprimentos, organizar estoques e otimizar processos de entrega. Com o crescimento do com\u00e9rcio eletr\u00f4nico, essa \u00e1rea ganhou ainda mais relev\u00e2ncia.<\/p>\n\n\n\n<h3 id=\"h-marketing\" class=\"wp-block-heading\">Marketing<\/h3>\n\n\n\n<p class=\"wp-block-paragraph\">O tecn\u00f3logo em <a href=\"https:\/\/faculdade.grancursosonline.com.br\/curso\/marketing\/\" target=\"_blank\" rel=\"noopener\">Marketing<\/a> forma profissionais especializados em <strong>estrat\u00e9gias de comunica\u00e7\u00e3o, posicionamento de marca e comportamento do consumido<\/strong>r.<\/p>\n\n\n\n<p class=\"wp-block-paragraph\">Hoje, muitos alunos tamb\u00e9m se aprofundam em marketing digital, redes sociais e an\u00e1lise de dados. Essa forma\u00e7\u00e3o abre portas em ag\u00eancias, empresas e at\u00e9 projetos empreendedores.<\/p>\n\n\n\n<h3 id=\"h-gestao-de-recursos-humanos\" class=\"wp-block-heading\">Gest\u00e3o de Recursos Humanos<\/h3>\n\n\n\n<p class=\"wp-block-paragraph\">A \u00e1rea de <a href=\"https:\/\/faculdade.grancursosonline.com.br\/curso\/gestao-de-recursos-humanos\/\" target=\"_blank\" rel=\"noopener\">Recursos Humanos<\/a> continua sendo fundamental nas organiza\u00e7\u00f5es. O curso prepara profissionais para atuar em <strong>recrutamento, treinamento, gest\u00e3o de pessoas e desenvolvimento organizacional<\/strong>.<\/p>\n\n\n\n<p class=\"wp-block-paragraph\">Muitos alunos escolhem complementar essa forma\u00e7\u00e3o com cursos em lideran\u00e7a e gest\u00e3o estrat\u00e9gica.<\/p>\n\n\n\n<h3 id=\"h-gestao-financeira\" class=\"wp-block-heading\">Gest\u00e3o Financeira<\/h3>\n\n\n\n<p class=\"wp-block-paragraph\">O tecn\u00f3logo em <a href=\"https:\/\/faculdade.grancursosonline.com.br\/curso\/gestao-financeira\/\" target=\"_blank\" rel=\"noopener\">Gest\u00e3o Financeira<\/a> \u00e9 voltado para <strong>planejamento financeiro, controle de custos e an\u00e1lise de investimentos<\/strong>.<\/p>\n\n\n\n<p class=\"wp-block-paragraph\">Profissionais formados nessa \u00e1rea podem atuar em empresas, bancos ou consultorias. Tamb\u00e9m \u00e9 uma boa op\u00e7\u00e3o para quem deseja empreender com mais seguran\u00e7a financeira.<\/p>\n\n\n\n<h3 id=\"h-design-de-interiores\" class=\"wp-block-heading\">Design de Interiores<\/h3>\n\n\n\n<p class=\"wp-block-paragraph\">Design de Interiores \u00e9 uma \u00e1rea que mistura criatividade, est\u00e9tica e funcionalidade. O curso prepara profissionais para <strong>planejar ambientes residenciais e comerciais<\/strong>, considerando ilumina\u00e7\u00e3o, materiais e ergonomia.<\/p>\n\n\n\n<p class=\"wp-block-paragraph\">Mesmo sendo um curso r\u00e1pido, muitos profissionais constroem carreiras s\u00f3lidas nesse setor.<\/p>\n\n\n\n<h3 id=\"h-radiologia\" class=\"wp-block-heading\">Radiologia<\/h3>\n\n\n\n<p class=\"wp-block-paragraph\">Radiologia \u00e9 um curso tecnol\u00f3gico da \u00e1rea da sa\u00fade. Ele forma profissionais capacitados para<strong> operar equipamentos de diagn\u00f3stico por imagem<\/strong>, como raio-X e tomografia. \u00c9 uma carreira com boa demanda em hospitais, cl\u00ednicas e centros m\u00e9dicos.<\/p>\n\n\n\n<h3 id=\"h-estetica-e-cosmetica\" class=\"wp-block-heading\">Est\u00e9tica e Cosm\u00e9tica<\/h3>\n\n\n\n<p class=\"wp-block-paragraph\">A \u00e1rea de est\u00e9tica cresceu muito nos \u00faltimos anos. O curso prepara profissionais para trabalhar com <strong>tratamentos de pele, bem-estar e procedimentos est\u00e9ticos n\u00e3o invasivos<\/strong>. Al\u00e9m disso, muitos formados acabam abrindo seus pr\u00f3prios neg\u00f3cios ou trabalhando em cl\u00ednicas<\/p>\n\n\n\n<h3 id=\"h-agronegocio\" class=\"wp-block-heading\">Agroneg\u00f3cio<\/h3>\n\n\n\n<p class=\"wp-block-paragraph\">O agroneg\u00f3cio \u00e9 um dos setores mais fortes da economia brasileira. O tecn\u00f3logo em agro forma profissionais capazes de atuar na gest\u00e3o de produ\u00e7\u00e3o rural, comercializa\u00e7\u00e3o agr\u00edcola e planejamento de cadeias produtivas. \u00c9 uma op\u00e7\u00e3o interessante para quem quer trabalhar com gest\u00e3o no setor agr\u00edcola.<\/p>\n\n\n\n<h2 id=\"h-curso-superior-rapido-de-6-meses-existe\" class=\"wp-block-heading\">Curso superior r\u00e1pido de 6 meses existe?<\/h2>\n\n\n\n<p class=\"wp-block-paragraph\">Existem cursos superiores r\u00e1pidos de 6 meses, mas esses <strong>s\u00e3o voltados para especializa\u00e7\u00f5es<\/strong> (cursos de p\u00f3s-gradua\u00e7\u00e3o) que podem ser conclu\u00eddos no prazo m\u00ednimo de 6 meses.<\/p>\n\n\n\n<p class=\"wp-block-paragraph\">Por\u00e9m, se seu interesse \u00e9 fazer uma gradua\u00e7\u00e3o, n\u00e3o h\u00e1 nenhuma institui\u00e7\u00e3o que seja autorizada pelo MEC a concluir um curso na \u00edntegra nesta modalidade.<\/p>\n\n\n\n<p class=\"wp-block-paragraph\">Portanto, se seu interesse \u00e9 fazer uma faculdade r\u00e1pida, o mais recomendado \u00e9 procurar um curso tecn\u00f3logo e utilizar as certifica\u00e7\u00f5es intermedi\u00e1rias para turbinar seu perfil profissional at\u00e9 a forma\u00e7\u00e3o completa.<\/p>\n\n\n\n<h2 id=\"h-como-funciona-a-graduacao-tecnologica-e-quem-pode-fazer\" class=\"wp-block-heading\">Como funciona a Gradua\u00e7\u00e3o Tecnol\u00f3gica e quem pode fazer?<\/h2>\n\n\n\n<p class=\"wp-block-paragraph\">A gradua\u00e7\u00e3o tecnol\u00f3gica foi criada justamente para <strong>aproximar o ensino superior das necessidades reais do mercado de trabalho<\/strong>.<\/p>\n\n\n\n<p class=\"wp-block-paragraph\">Diferente de forma\u00e7\u00f5es mais tradicionais, esses cursos costumam ter <strong>disciplinas muito voltadas para pr\u00e1tica profissional<\/strong>.<\/p>\n\n\n\n<p class=\"wp-block-paragraph\">Em um Tecn\u00f3logo em Log\u00edstica, por exemplo, o aluno aprende sobre gest\u00e3o de estoque, transporte, planejamento de rotas e an\u00e1lise de custos log\u00edsticos.<\/p>\n\n\n\n<p class=\"wp-block-paragraph\">J\u00e1 em An\u00e1lise e Desenvolvimento de Sistemas, os estudantes desenvolvem habilidades em programa\u00e7\u00e3o, banco de dados, arquitetura de software e desenvolvimento de aplicativos.<\/p>\n\n\n\n<h3 id=\"h-quem-pode-fazer-tecnologo\" class=\"wp-block-heading\">Quem pode fazer Tecn\u00f3logo<\/h3>\n\n\n\n<p class=\"wp-block-paragraph\">Na pr\u00e1tica, <strong>qualquer pessoa com ensino m\u00e9dio completo pode fazer um tecn\u00f3logo<\/strong>. Isso inclui:<\/p>\n\n\n\n<ul class=\"wp-block-list\">\n<li>rec\u00e9m-formados no ensino m\u00e9dio;<\/li>\n\n\n\n<li>profissionais que querem mudar de carreira;<\/li>\n\n\n\n<li>trabalhadores que desejam conquistar o primeiro diploma superior;<\/li>\n\n\n\n<li>pessoas que j\u00e1 t\u00eam uma gradua\u00e7\u00e3o e buscam uma especializa\u00e7\u00e3o r\u00e1pida em outra \u00e1rea.<\/li>\n<\/ul>\n\n\n\n<p class=\"wp-block-paragraph\">Ali\u00e1s, muitos profissionais fazem um tecn\u00f3logo como segunda gradua\u00e7\u00e3o justamente para ampliar oportunidades de carreira.<\/p>\n\n\n\n<p class=\"wp-block-paragraph\">Outro uso bastante comum \u00e9 o chamado <a href=\"https:\/\/faculdade.grancursosonline.com.br\/blog\/curso-tecnologo-para-concurso\/\" target=\"_blank\" rel=\"noopener\">curso tecn\u00f3logo para concurso<\/a>, j\u00e1 que diversas sele\u00e7\u00f5es p\u00fablicas exigem apenas diploma de n\u00edvel superior, sem especificar o tipo de gradua\u00e7\u00e3o.<\/p>\n\n\n\n<h2 id=\"h-faculdade-ead-e-mais-rapida-do-que-a-presencial\" class=\"wp-block-heading\">Faculdade EAD \u00e9 mais r\u00e1pida do que a presencial?<\/h2>\n\n\n\n<p class=\"wp-block-paragraph\">N\u00e3o, pois, na pr\u00e1tica,<strong> a carga hor\u00e1ria total \u00e9 a mesma<\/strong>. Isso significa que o tempo m\u00ednimo para concluir a forma\u00e7\u00e3o costuma ser igual, independentemente da modalidade.<\/p>\n\n\n\n<p class=\"wp-block-paragraph\"><strong>A grande diferen\u00e7a est\u00e1 na flexibilidade<\/strong>. Na educa\u00e7\u00e3o a dist\u00e2ncia, o estudante pode organizar melhor seus hor\u00e1rios, assistir \u00e0s aulas quando for mais conveniente e adaptar a rotina de estudos \u00e0 sua realidade.<\/p>\n\n\n\n<p class=\"wp-block-paragraph\">No EAD, grande parte do conte\u00fado pode ser acessada online, o que <strong>economiza tempo de deslocamento <\/strong>e facilita a concilia\u00e7\u00e3o entre estudo e trabalho.<\/p>\n\n\n\n<p class=\"wp-block-paragraph\">Por isso, muitas pessoas t\u00eam a sensa\u00e7\u00e3o de que o EAD \u00e9 \u201cmais r\u00e1pido\u201d, quando na verdade, ele \u00e9 mais flex\u00edvel.<\/p>\n\n\n\n<p class=\"wp-block-paragraph\">Em institui\u00e7\u00f5es como a Gran Faculdade, por exemplo, o modelo digital permite acompanhar aulas, materiais e atividades de forma integrada em plataformas online.<\/p>\n\n\n\n<h2 id=\"h-o-diploma-de-curso-rapido-tecnologo-tem-a-mesma-validade-de-um-bacharelado\" class=\"wp-block-heading\">O diploma de curso r\u00e1pido (tecn\u00f3logo) tem a mesma validade de um bacharelado?<\/h2>\n\n\n\n<p class=\"wp-block-paragraph\">Sim. <strong>O diploma de Tecn\u00f3logo tem exatamente a mesma validade legal de um bacharelado ou licenciatura<\/strong>. Isso significa que o profissional com forma\u00e7\u00e3o de tecn\u00f3logo pode:<\/p>\n\n\n\n<ul class=\"wp-block-list\">\n<li>participar de concursos p\u00fablicos de n\u00edvel superior, previsto em edital;<\/li>\n\n\n\n<li>ingressar em programas de p\u00f3s-gradua\u00e7\u00e3o;<\/li>\n\n\n\n<li>disputar vagas no mercado de trabalho que exigem diploma superior.<\/li>\n<\/ul>\n\n\n\n<p class=\"wp-block-paragraph\">Tenha em mente que a diferen\u00e7a entre tecn\u00f3logo e bacharelado est\u00e1 no modelo de forma\u00e7\u00e3o, n\u00e3o no n\u00edvel do diploma.<\/p>\n\n\n\n<h2 id=\"h-qual-e-o-salario-inicial-de-um-formado-em-curso-tecnologo\" class=\"wp-block-heading\">Qual \u00e9 o sal\u00e1rio inicial de um formado em curso tecn\u00f3logo?<\/h2>\n\n\n\n<p class=\"wp-block-paragraph\">O sal\u00e1rio inicial de um profissional formado em Tecn\u00f3logo<strong> pode variar bastante, dependendo da \u00e1rea de atua\u00e7\u00e3o<\/strong>. Cursos ligados \u00e0 tecnologia e gest\u00e3o costumam apresentar remunera\u00e7\u00f5es mais altas logo no in\u00edcio da carreira.<\/p>\n\n\n\n<p class=\"wp-block-paragraph\">Veja alguns exemplos aproximados, de acordo com o site Glassdoor.<\/p>\n\n\n\n<h3 id=\"h-area-de-tecnologia\" class=\"wp-block-heading\">\u00c1rea de tecnologia<\/h3>\n\n\n\n<p class=\"wp-block-paragraph\">Profissionais formados em An\u00e1lise e Desenvolvimento de Sistemas <strong>costumam come\u00e7ar com sal\u00e1rios entre R$ 3.000 e R$ 5.000<\/strong>, dependendo da empresa e da experi\u00eancia pr\u00e1tica. Em alguns casos, estudantes conseguem emprego antes mesmo de concluir o curso.<\/p>\n\n\n\n<h3 id=\"h-area-de-logistica\" class=\"wp-block-heading\">\u00c1rea de log\u00edstica<\/h3>\n\n\n\n<p class=\"wp-block-paragraph\">Profissionais de log\u00edstica costumam iniciar a carreira com remunera\u00e7\u00e3o entre <strong>R$ 2.500 e R$ 4.000<\/strong>, atuando em empresas de transporte, ind\u00fastrias ou centros de distribui\u00e7\u00e3o. Com experi\u00eancia, cargos de coordena\u00e7\u00e3o podem ultrapassar R$ 8.000.<\/p>\n\n\n\n<h3 id=\"h-area-de-gestao\" class=\"wp-block-heading\">\u00c1rea de gest\u00e3o<\/h3>\n\n\n\n<p class=\"wp-block-paragraph\">Cursos como Gest\u00e3o Comercial, Gest\u00e3o Financeira e Gest\u00e3o de RH apresentam <strong>sal\u00e1rios iniciais geralmente entre R$ 2.000 e R$4.000.<\/strong> Ao longo da carreira, esses profissionais podem crescer para posi\u00e7\u00f5es estrat\u00e9gicas dentro das empresas.<\/p>\n\n\n\n<p class=\"wp-block-paragraph\">Vale lembrar que fatores como experi\u00eancia, regi\u00e3o e porte da empresa influenciam bastante a remunera\u00e7\u00e3o.<\/p>\n\n\n\n<p class=\"wp-block-paragraph\">Ainda assim, o grande diferencial das faculdades r\u00e1pidas \u00e9 permitir que o profissional entre no mercado mais cedo e comece a construir experi\u00eancia.<\/p>\n\n\n\n<h2 id=\"h-diploma-de-tecnologo-e-aceito-em-concursos-publicos\" class=\"wp-block-heading\">Diploma de tecn\u00f3logo \u00e9 aceito em concursos p\u00fablicos?<\/h2>\n\n\n\n<p class=\"wp-block-paragraph\">Sim, <strong>o diploma de tecn\u00f3logo \u00e9 aceito em concursos p\u00fablicos de n\u00edvel superior<\/strong>, desde que o edital n\u00e3o determine explicitamente uma forma\u00e7\u00e3o espec\u00edfica.<\/p>\n\n\n\n<p class=\"wp-block-paragraph\">Isso acontece porque o curso tecn\u00f3logo \u00e9 oficialmente reconhecido como ensino superior pelo MEC. Portanto, do ponto de vista legal, ele tem o mesmo n\u00edvel acad\u00eamico de um bacharelado ou licenciatura.<\/p>\n\n\n\n<h2 id=\"h-vantagens-da-graduacao-rapida-por-que-escolher-um-curso-tecnologo\" class=\"wp-block-heading\">Vantagens da Gradua\u00e7\u00e3o R\u00e1pida: por que escolher um curso tecn\u00f3logo?<\/h2>\n\n\n\n<p class=\"wp-block-paragraph\">Os cursos tecnol\u00f3gicos v\u00eam ganhando popularidade justamente porque oferecem uma combina\u00e7\u00e3o interessante de rapidez, foco profissional e acessibilidade. A seguir, veja algumas das principais vantagens dessa modalidade.<\/p>\n\n\n\n<ul class=\"wp-block-list\">\n<li><strong>Forma\u00e7\u00e3o em menos tempo<\/strong>: uma das maiores vantagens das faculdades r\u00e1pidas \u00e9 a dura\u00e7\u00e3o reduzida. Enquanto bacharelados costumam durar quatro ou cinco anos, muitos tecn\u00f3logos podem ser conclu\u00eddos em cerca de dois anos;<\/li>\n\n\n\n<li><strong>Foco pr\u00e1tico e direcionado<\/strong>: os cursos tecnol\u00f3gicos costumam ser muito focados nas compet\u00eancias que o mercado realmente exige. Em vez de abordar conte\u00fados amplos, eles trabalham habilidades espec\u00edficas da \u00e1rea escolhida;<\/li>\n\n\n\n<li><strong>Entrada mais r\u00e1pida no mercado<\/strong>: como a forma\u00e7\u00e3o \u00e9 mais curta, o estudante consegue entrar no mercado de trabalho mais cedo. Isso significa come\u00e7ar a ganhar experi\u00eancia profissional enquanto outros ainda est\u00e3o na metade de gradua\u00e7\u00f5es mais longas;<\/li>\n\n\n\n<li><strong>Possibilidade de continuar estudando<\/strong>: concluir um tecn\u00f3logo n\u00e3o significa encerrar a trajet\u00f3ria acad\u00eamica. Pelo contr\u00e1rio, muitos profissionais utilizam essa forma\u00e7\u00e3o como base para continuar os estudos em uma especializa\u00e7\u00e3o ou MBA.<\/li>\n<\/ul>\n\n\n\n<h2 id=\"h-e-possivel-fazer-uma-faculdade-rapida-enquanto-trabalho\" class=\"wp-block-heading\">\u00c9 poss\u00edvel fazer uma faculdade r\u00e1pida enquanto trabalho?<\/h2>\n\n\n\n<p class=\"wp-block-paragraph\">Sim, <strong>\u00e9 poss\u00edvel fazer uma faculdade r\u00e1pida enquanto trabalha<\/strong>. Muitas gradua\u00e7\u00f5es tecnol\u00f3gicas e cursos EAD oferecem <strong>hor\u00e1rios flex\u00edveis<\/strong>, permitindo que o estudante concilie os estudos com o trabalho. Essa modalidade \u00e9 ideal para quem busca agilidade na forma\u00e7\u00e3o sem comprometer a rotina profissional.<\/p>\n\n\n\n<h2 id=\"h-como-escolher-a-melhor-faculdade-rapida-reconhecida-pelo-mec\" class=\"wp-block-heading\">Como escolher a melhor faculdade r\u00e1pida reconhecida pelo MEC?<\/h2>\n\n\n\n<p class=\"wp-block-paragraph\">Escolher uma faculdade r\u00e1pida e confi\u00e1vel exige aten\u00e7\u00e3o a alguns fatores cruciais. A decis\u00e3o vai impactar sua forma\u00e7\u00e3o e as oportunidades de carreira. Aqui est\u00e3o algumas dicas essenciais para te ajudar nesse processo.<\/p>\n\n\n\n<ul class=\"wp-block-list\">\n<li><strong>Reconhecimento pelo MEC<\/strong>: verifique se a faculdade \u00e9 reconhecida pelo Minist\u00e9rio da Educa\u00e7\u00e3o (MEC). Isso<strong> garante que o diploma ser\u00e1 v\u00e1lido no mercado de trabalho<\/strong>. A Gran Faculdade, por exemplo, possui faculdades r\u00e1pidas que s\u00e3o reconhecidas com nota m\u00e1xima pelo MEC;<\/li>\n\n\n\n<li><strong>An\u00e1lise de grades curriculares<\/strong>: compare as grades curriculares oferecidas por diferentes institui\u00e7\u00f5es. Certifique-se de que o conte\u00fado seja atual e alinhado com as exig\u00eancias do mercado;<\/li>\n\n\n\n<li><strong>Modalidade EAD ou presencial<\/strong>: avalie qual modalidade atende melhor sua rotina. A EAD \u00e9 uma excelente op\u00e7\u00e3o para quem busca flexibilidade, enquanto o presencial pode oferecer mais intera\u00e7\u00e3o com outros alunos;<\/li>\n\n\n\n<li><strong>Depoimentos de alunos<\/strong>: busque por avalia\u00e7\u00f5es e depoimentos de ex-alunos sobre a qualidade do ensino, infraestrutura e atendimento da institui\u00e7\u00e3o. Isso pode fornecer uma vis\u00e3o mais realista da faculdade.<\/li>\n<\/ul>\n\n\n\n<p class=\"wp-block-paragraph\">Ao seguir essas dicas, voc\u00ea estar\u00e1 mais preparado para tomar uma decis\u00e3o informada e garantir que sua escolha seja a melhor para sua carreira.<\/p>\n\n\n\n<h2 id=\"h-invista-no-seu-futuro-com-os-cursos-tecnologos-da-gran-faculdade\" class=\"wp-block-heading\">Invista no seu futuro com os cursos tecn\u00f3logos da Gran Faculdade<\/h2>\n\n\n\n<p class=\"wp-block-paragraph\">Escolher uma gradua\u00e7\u00e3o influencia diretamente as oportunidades profissionais que podem surgir ao longo da carreira. Por isso, as <strong>faculdades r\u00e1pidas<\/strong> surgem como uma alternativa interessante para quem busca forma\u00e7\u00e3o superior com foco pr\u00e1tico e dura\u00e7\u00e3o mais curta.<\/p>\n\n\n\n<p class=\"wp-block-paragraph\">Se voc\u00ea tem interesse nesse tipo de forma\u00e7\u00e3o, vale a pena conhecer a <a href=\"https:\/\/faculdade.grancursosonline.com.br\/\" target=\"_blank\" rel=\"noopener\">Gran Faculdade<\/a>. A institui\u00e7\u00e3o oferece cursos tecn\u00f3logos estruturados para <strong>preparar o aluno para desafios reais da carreira<\/strong>.<\/p>\n\n\n\n<p class=\"wp-block-paragraph\">Com metodologia moderna, acesso digital \u00e0s aulas e conte\u00fados atualizados, a institui\u00e7\u00e3o busca tornar o ensino superior mais acess\u00edvel e conectado \u00e0s demandas profissionais.<\/p>\n\n\n\n<p class=\"wp-block-paragraph\">Investir em educa\u00e7\u00e3o continua sendo uma das decis\u00f5es mais estrat\u00e9gicas para o futuro. <strong>Aproveite as vantagens da Gran Faculdade <\/strong>e garanta uma gradua\u00e7\u00e3o r\u00e1pida, de qualidade e reconhecida!<\/p>\n\n\n\n<p class=\"wp-block-paragraph\"><\/p>\n","protected":false},"excerpt":{"rendered":"<p>Faculdades r\u00e1pidas s\u00e3o cursos superiores com dura\u00e7\u00e3o reduzida (normalmente entre 2 e 3 anos), focados em forma\u00e7\u00e3o pr\u00e1tica e direcionada ao mercado de trabalho. Esse modelo corresponde \u00e0 gradua\u00e7\u00e3o tecnol\u00f3gica, modalidade reconhecida pelo MEC e com a mesma validade legal de bacharelados ou licenciaturas. Na pr\u00e1tica, isso significa que \u00e9 poss\u00edvel obter um diploma de&hellip;<\/p>\n","protected":false},"author":515,"featured_media":79768185,"comment_status":"open","ping_status":"open","sticky":true,"template":"","format":"standard","meta":{"_acf_changed":false,"content-type":"","footnotes":""},"categories":[219790,218545,2],"tags":[],"class_list":["post-79749905","post","type-post","status-publish","format-standard","has-post-thumbnail","hentry","category-graduacao-ead","category-graduacao","category-ultimas-noticias"],"acf":[],"yoast_head":"<!-- This site is optimized with the Yoast SEO Premium plugin v27.2 (Yoast SEO v27.2) - https:\/\/yoast.com\/product\/yoast-seo-premium-wordpress\/ -->\n<title>Faculdades r\u00e1pidas: cursos para se formar em 2 anos<\/title>\n<meta name=\"description\" content=\"Descubra os melhores cursos superiores r\u00e1pidos reconhecidos pelo MEC. Tecn\u00f3logos de 2 anos para concursos p\u00fablicos, emprego r\u00e1pido e progress\u00e3o.\" \/>\n<meta name=\"robots\" content=\"index, follow, max-snippet:-1, max-image-preview:large, max-video-preview:-1\" \/>\n<link rel=\"canonical\" href=\"https:\/\/faculdade.grancursosonline.com.br\/blog\/faculdades-rapidas-qual-fazer\/\" \/>\n<meta property=\"og:locale\" content=\"pt_BR\" \/>\n<meta property=\"og:type\" content=\"article\" \/>\n<meta property=\"og:title\" content=\"Faculdades r\u00e1pidas: op\u00e7\u00f5es de cursos para se formar em at\u00e9 2 anos\" \/>\n<meta property=\"og:description\" content=\"Descubra os melhores cursos superiores r\u00e1pidos reconhecidos pelo MEC. Tecn\u00f3logos de 2 anos para concursos p\u00fablicos, emprego r\u00e1pido e progress\u00e3o.\" \/>\n<meta property=\"og:url\" content=\"https:\/\/faculdade.grancursosonline.com.br\/blog\/faculdades-rapidas-qual-fazer\/\" \/>\n<meta property=\"og:site_name\" content=\"Blog Gran Faculdade\" \/>\n<meta property=\"article:publisher\" content=\"https:\/\/www.facebook.com\/grancursosonline\/\" \/>\n<meta property=\"article:published_time\" content=\"2026-08-03T20:18:57+00:00\" \/>\n<meta property=\"article:modified_time\" content=\"2026-08-04T14:35:51+00:00\" \/>\n<meta property=\"og:image\" content=\"https:\/\/blog-es-static.infra.grancursosonline.com.br\/wp-content\/uploads\/2024\/11\/22181501\/Ensino-Superior-graduacao-21-11_Destaque_510x310-1.jpg\" \/>\n\t<meta property=\"og:image:width\" content=\"511\" \/>\n\t<meta property=\"og:image:height\" content=\"311\" \/>\n\t<meta property=\"og:image:type\" content=\"image\/jpeg\" \/>\n<meta name=\"author\" content=\"Equipe Gran\" \/>\n<meta name=\"twitter:card\" content=\"summary_large_image\" \/>\n<meta name=\"twitter:creator\" content=\"@gran_online\" \/>\n<meta name=\"twitter:site\" content=\"@gran_online\" \/>\n<meta name=\"twitter:label1\" content=\"Written by\" \/>\n\t<meta name=\"twitter:data1\" content=\"Equipe Gran\" \/>\n\t<meta name=\"twitter:label2\" content=\"Est. reading time\" \/>\n\t<meta name=\"twitter:data2\" content=\"14 minutos\" \/>\n<script type=\"application\/ld+json\" class=\"yoast-schema-graph\">{\"@context\":\"https:\/\/schema.org\",\"@graph\":[{\"@type\":\"NewsArticle\",\"@id\":\"https:\/\/faculdade.grancursosonline.com.br\/blog\/faculdades-rapidas-qual-fazer\/#article\",\"isPartOf\":{\"@id\":\"https:\/\/faculdade.grancursosonline.com.br\/blog\/faculdades-rapidas-qual-fazer\/\"},\"author\":{\"name\":\"Equipe Gran\",\"@id\":\"https:\/\/faculdade.grancursosonline.com.br\/blog\/#\/schema\/person\/3a789976f55b81ab3d3064e7d7a9ca13\"},\"headline\":\"Faculdades r\u00e1pidas: op\u00e7\u00f5es de cursos para se formar em at\u00e9 2 anos\",\"datePublished\":\"2026-08-03T20:18:57+00:00\",\"dateModified\":\"2026-08-04T14:35:51+00:00\",\"mainEntityOfPage\":{\"@id\":\"https:\/\/faculdade.grancursosonline.com.br\/blog\/faculdades-rapidas-qual-fazer\/\"},\"wordCount\":2935,\"commentCount\":0,\"publisher\":{\"@id\":\"https:\/\/faculdade.grancursosonline.com.br\/blog\/#organization\"},\"image\":{\"@id\":\"https:\/\/faculdade.grancursosonline.com.br\/blog\/faculdades-rapidas-qual-fazer\/#primaryimage\"},\"thumbnailUrl\":\"https:\/\/blog-es-static.infra.grancursosonline.com.br\/wp-content\/uploads\/2026\/08\/04113516\/Faculdades-rapidas.png\",\"articleSection\":[\"Gradua\u00e7\u00e3o EAD\",\"Gradua\u00e7\u00e3o Gran Faculdade\",\"\u00daltimas Not\u00edcias\"],\"inLanguage\":\"pt-BR\",\"potentialAction\":[{\"@type\":\"CommentAction\",\"name\":\"Comment\",\"target\":[\"https:\/\/faculdade.grancursosonline.com.br\/blog\/faculdades-rapidas-qual-fazer\/#respond\"]}],\"copyrightYear\":\"2026\",\"copyrightHolder\":{\"@id\":\"https:\/\/faculdade.grancursosonline.com.br\/blog\/#organization\"},\"accessibilityFeature\":[\"tableOfContents\"]},{\"@type\":\"WebPage\",\"@id\":\"https:\/\/faculdade.grancursosonline.com.br\/blog\/faculdades-rapidas-qual-fazer\/\",\"url\":\"https:\/\/faculdade.grancursosonline.com.br\/blog\/faculdades-rapidas-qual-fazer\/\",\"name\":\"Faculdades r\u00e1pidas: cursos para se formar em 2 anos\",\"isPartOf\":{\"@id\":\"https:\/\/faculdade.grancursosonline.com.br\/blog\/#website\"},\"primaryImageOfPage\":{\"@id\":\"https:\/\/faculdade.grancursosonline.com.br\/blog\/faculdades-rapidas-qual-fazer\/#primaryimage\"},\"image\":{\"@id\":\"https:\/\/faculdade.grancursosonline.com.br\/blog\/faculdades-rapidas-qual-fazer\/#primaryimage\"},\"thumbnailUrl\":\"https:\/\/blog-es-static.infra.grancursosonline.com.br\/wp-content\/uploads\/2026\/08\/04113516\/Faculdades-rapidas.png\",\"datePublished\":\"2026-08-03T20:18:57+00:00\",\"dateModified\":\"2026-08-04T14:35:51+00:00\",\"description\":\"Descubra os melhores cursos superiores r\u00e1pidos reconhecidos pelo MEC. Tecn\u00f3logos de 2 anos para concursos p\u00fablicos, emprego r\u00e1pido e progress\u00e3o.\",\"breadcrumb\":{\"@id\":\"https:\/\/faculdade.grancursosonline.com.br\/blog\/faculdades-rapidas-qual-fazer\/#breadcrumb\"},\"inLanguage\":\"pt-BR\",\"potentialAction\":[{\"@type\":\"ReadAction\",\"target\":[\"https:\/\/faculdade.grancursosonline.com.br\/blog\/faculdades-rapidas-qual-fazer\/\"]}]},{\"@type\":\"ImageObject\",\"inLanguage\":\"pt-BR\",\"@id\":\"https:\/\/faculdade.grancursosonline.com.br\/blog\/faculdades-rapidas-qual-fazer\/#primaryimage\",\"url\":\"https:\/\/blog-es-static.infra.grancursosonline.com.br\/wp-content\/uploads\/2026\/08\/04113516\/Faculdades-rapidas.png\",\"contentUrl\":\"https:\/\/blog-es-static.infra.grancursosonline.com.br\/wp-content\/uploads\/2026\/08\/04113516\/Faculdades-rapidas.png\",\"width\":1619,\"height\":971,\"caption\":\"Faculdades r\u00e1pidas\"},{\"@type\":\"BreadcrumbList\",\"@id\":\"https:\/\/faculdade.grancursosonline.com.br\/blog\/faculdades-rapidas-qual-fazer\/#breadcrumb\",\"itemListElement\":[{\"@type\":\"ListItem\",\"position\":1,\"name\":\"In\u00edcio\",\"item\":\"https:\/\/faculdade.grancursosonline.com.br\/blog\/\"},{\"@type\":\"ListItem\",\"position\":2,\"name\":\"\u00daltimas Not\u00edcias\",\"item\":\"https:\/\/faculdade.grancursosonline.com.br\/blog\/ultimas-noticias\/\"},{\"@type\":\"ListItem\",\"position\":3,\"name\":\"Faculdades r\u00e1pidas: op\u00e7\u00f5es de cursos para se formar em at\u00e9 2 anos\"}]},{\"@type\":\"WebSite\",\"@id\":\"https:\/\/faculdade.grancursosonline.com.br\/blog\/#website\",\"url\":\"https:\/\/faculdade.grancursosonline.com.br\/blog\/\",\"name\":\"Blog Gran Faculdade\",\"description\":\"Tudo sobre ensino superior, p\u00f3s-gradua\u00e7\u00e3o, enem e carreira.\",\"publisher\":{\"@id\":\"https:\/\/faculdade.grancursosonline.com.br\/blog\/#organization\"},\"potentialAction\":[{\"@type\":\"SearchAction\",\"target\":{\"@type\":\"EntryPoint\",\"urlTemplate\":\"https:\/\/faculdade.grancursosonline.com.br\/blog\/?s={search_term_string}\"},\"query-input\":{\"@type\":\"PropertyValueSpecification\",\"valueRequired\":true,\"valueName\":\"search_term_string\"}}],\"inLanguage\":\"pt-BR\"},{\"@type\":\"Organization\",\"@id\":\"https:\/\/faculdade.grancursosonline.com.br\/blog\/#organization\",\"name\":\"Gran Cursos Online\",\"url\":\"https:\/\/faculdade.grancursosonline.com.br\/blog\/\",\"logo\":{\"@type\":\"ImageObject\",\"inLanguage\":\"pt-BR\",\"@id\":\"https:\/\/faculdade.grancursosonline.com.br\/blog\/#\/schema\/logo\/image\/\",\"url\":\"https:\/\/blog-es-static.infra.grancursosonline.com.br\/wp-content\/uploads\/2019\/08\/03123934\/logo.png\",\"contentUrl\":\"https:\/\/blog-es-static.infra.grancursosonline.com.br\/wp-content\/uploads\/2019\/08\/03123934\/logo.png\",\"width\":300,\"height\":57,\"caption\":\"Gran Cursos Online\"},\"image\":{\"@id\":\"https:\/\/faculdade.grancursosonline.com.br\/blog\/#\/schema\/logo\/image\/\"},\"sameAs\":[\"https:\/\/www.facebook.com\/grancursosonline\/\",\"https:\/\/x.com\/gran_online\",\"https:\/\/www.instagram.com\/grancursosonline\/\",\"https:\/\/www.youtube.com\/user\/grancursostv\"]},{\"@type\":\"Person\",\"@id\":\"https:\/\/faculdade.grancursosonline.com.br\/blog\/#\/schema\/person\/3a789976f55b81ab3d3064e7d7a9ca13\",\"name\":\"Equipe Gran\",\"url\":\"https:\/\/faculdade.grancursosonline.com.br\/blog\/author\/squad5conversionseo\/\"}]}<\/script>\n<!-- \/ Yoast SEO Premium plugin. -->","yoast_head_json":{"title":"Faculdades r\u00e1pidas: cursos para se formar em 2 anos","description":"Descubra os melhores cursos superiores r\u00e1pidos reconhecidos pelo MEC. Tecn\u00f3logos de 2 anos para concursos p\u00fablicos, emprego r\u00e1pido e progress\u00e3o.","robots":{"index":"index","follow":"follow","max-snippet":"max-snippet:-1","max-image-preview":"max-image-preview:large","max-video-preview":"max-video-preview:-1"},"canonical":"https:\/\/faculdade.grancursosonline.com.br\/blog\/faculdades-rapidas-qual-fazer\/","og_locale":"pt_BR","og_type":"article","og_title":"Faculdades r\u00e1pidas: op\u00e7\u00f5es de cursos para se formar em at\u00e9 2 anos","og_description":"Descubra os melhores cursos superiores r\u00e1pidos reconhecidos pelo MEC. Tecn\u00f3logos de 2 anos para concursos p\u00fablicos, emprego r\u00e1pido e progress\u00e3o.","og_url":"https:\/\/faculdade.grancursosonline.com.br\/blog\/faculdades-rapidas-qual-fazer\/","og_site_name":"Blog Gran Faculdade","article_publisher":"https:\/\/www.facebook.com\/grancursosonline\/","article_published_time":"2026-08-03T20:18:57+00:00","article_modified_time":"2026-08-04T14:35:51+00:00","og_image":[{"width":511,"height":311,"url":"https:\/\/blog-es-static.infra.grancursosonline.com.br\/wp-content\/uploads\/2024\/11\/22181501\/Ensino-Superior-graduacao-21-11_Destaque_510x310-1.jpg","type":"image\/jpeg"}],"author":"Equipe Gran","twitter_card":"summary_large_image","twitter_creator":"@gran_online","twitter_site":"@gran_online","twitter_misc":{"Written by":"Equipe Gran","Est. reading time":"14 minutos"},"schema":{"@context":"https:\/\/schema.org","@graph":[{"@type":"NewsArticle","@id":"https:\/\/faculdade.grancursosonline.com.br\/blog\/faculdades-rapidas-qual-fazer\/#article","isPartOf":{"@id":"https:\/\/faculdade.grancursosonline.com.br\/blog\/faculdades-rapidas-qual-fazer\/"},"author":{"name":"Equipe Gran","@id":"https:\/\/faculdade.grancursosonline.com.br\/blog\/#\/schema\/person\/3a789976f55b81ab3d3064e7d7a9ca13"},"headline":"Faculdades r\u00e1pidas: op\u00e7\u00f5es de cursos para se formar em at\u00e9 2 anos","datePublished":"2026-08-03T20:18:57+00:00","dateModified":"2026-08-04T14:35:51+00:00","mainEntityOfPage":{"@id":"https:\/\/faculdade.grancursosonline.com.br\/blog\/faculdades-rapidas-qual-fazer\/"},"wordCount":2935,"commentCount":0,"publisher":{"@id":"https:\/\/faculdade.grancursosonline.com.br\/blog\/#organization"},"image":{"@id":"https:\/\/faculdade.grancursosonline.com.br\/blog\/faculdades-rapidas-qual-fazer\/#primaryimage"},"thumbnailUrl":"https:\/\/blog-es-static.infra.grancursosonline.com.br\/wp-content\/uploads\/2026\/08\/04113516\/Faculdades-rapidas.png","articleSection":["Gradua\u00e7\u00e3o EAD","Gradua\u00e7\u00e3o Gran Faculdade","\u00daltimas Not\u00edcias"],"inLanguage":"pt-BR","potentialAction":[{"@type":"CommentAction","name":"Comment","target":["https:\/\/faculdade.grancursosonline.com.br\/blog\/faculdades-rapidas-qual-fazer\/#respond"]}],"copyrightYear":"2026","copyrightHolder":{"@id":"https:\/\/faculdade.grancursosonline.com.br\/blog\/#organization"},"accessibilityFeature":["tableOfContents"]},{"@type":"WebPage","@id":"https:\/\/faculdade.grancursosonline.com.br\/blog\/faculdades-rapidas-qual-fazer\/","url":"https:\/\/faculdade.grancursosonline.com.br\/blog\/faculdades-rapidas-qual-fazer\/","name":"Faculdades r\u00e1pidas: cursos para se formar em 2 anos","isPartOf":{"@id":"https:\/\/faculdade.grancursosonline.com.br\/blog\/#website"},"primaryImageOfPage":{"@id":"https:\/\/faculdade.grancursosonline.com.br\/blog\/faculdades-rapidas-qual-fazer\/#primaryimage"},"image":{"@id":"https:\/\/faculdade.grancursosonline.com.br\/blog\/faculdades-rapidas-qual-fazer\/#primaryimage"},"thumbnailUrl":"https:\/\/blog-es-static.infra.grancursosonline.com.br\/wp-content\/uploads\/2026\/08\/04113516\/Faculdades-rapidas.png","datePublished":"2026-08-03T20:18:57+00:00","dateModified":"2026-08-04T14:35:51+00:00","description":"Descubra os melhores cursos superiores r\u00e1pidos reconhecidos pelo MEC. Tecn\u00f3logos de 2 anos para concursos p\u00fablicos, emprego r\u00e1pido e progress\u00e3o.","breadcrumb":{"@id":"https:\/\/faculdade.grancursosonline.com.br\/blog\/faculdades-rapidas-qual-fazer\/#breadcrumb"},"inLanguage":"pt-BR","potentialAction":[{"@type":"ReadAction","target":["https:\/\/faculdade.grancursosonline.com.br\/blog\/faculdades-rapidas-qual-fazer\/"]}]},{"@type":"ImageObject","inLanguage":"pt-BR","@id":"https:\/\/faculdade.grancursosonline.com.br\/blog\/faculdades-rapidas-qual-fazer\/#primaryimage","url":"https:\/\/blog-es-static.infra.grancursosonline.com.br\/wp-content\/uploads\/2026\/08\/04113516\/Faculdades-rapidas.png","contentUrl":"https:\/\/blog-es-static.infra.grancursosonline.com.br\/wp-content\/uploads\/2026\/08\/04113516\/Faculdades-rapidas.png","width":1619,"height":971,"caption":"Faculdades r\u00e1pidas"},{"@type":"BreadcrumbList","@id":"https:\/\/faculdade.grancursosonline.com.br\/blog\/faculdades-rapidas-qual-fazer\/#breadcrumb","itemListElement":[{"@type":"ListItem","position":1,"name":"In\u00edcio","item":"https:\/\/faculdade.grancursosonline.com.br\/blog\/"},{"@type":"ListItem","position":2,"name":"\u00daltimas Not\u00edcias","item":"https:\/\/faculdade.grancursosonline.com.br\/blog\/ultimas-noticias\/"},{"@type":"ListItem","position":3,"name":"Faculdades r\u00e1pidas: op\u00e7\u00f5es de cursos para se formar em at\u00e9 2 anos"}]},{"@type":"WebSite","@id":"https:\/\/faculdade.grancursosonline.com.br\/blog\/#website","url":"https:\/\/faculdade.grancursosonline.com.br\/blog\/","name":"Blog Gran Faculdade","description":"Tudo sobre ensino superior, p\u00f3s-gradua\u00e7\u00e3o, enem e carreira.","publisher":{"@id":"https:\/\/faculdade.grancursosonline.com.br\/blog\/#organization"},"potentialAction":[{"@type":"SearchAction","target":{"@type":"EntryPoint","urlTemplate":"https:\/\/faculdade.grancursosonline.com.br\/blog\/?s={search_term_string}"},"query-input":{"@type":"PropertyValueSpecification","valueRequired":true,"valueName":"search_term_string"}}],"inLanguage":"pt-BR"},{"@type":"Organization","@id":"https:\/\/faculdade.grancursosonline.com.br\/blog\/#organization","name":"Gran Cursos Online","url":"https:\/\/faculdade.grancursosonline.com.br\/blog\/","logo":{"@type":"ImageObject","inLanguage":"pt-BR","@id":"https:\/\/faculdade.grancursosonline.com.br\/blog\/#\/schema\/logo\/image\/","url":"https:\/\/blog-es-static.infra.grancursosonline.com.br\/wp-content\/uploads\/2019\/08\/03123934\/logo.png","contentUrl":"https:\/\/blog-es-static.infra.grancursosonline.com.br\/wp-content\/uploads\/2019\/08\/03123934\/logo.png","width":300,"height":57,"caption":"Gran Cursos Online"},"image":{"@id":"https:\/\/faculdade.grancursosonline.com.br\/blog\/#\/schema\/logo\/image\/"},"sameAs":["https:\/\/www.facebook.com\/grancursosonline\/","https:\/\/x.com\/gran_online","https:\/\/www.instagram.com\/grancursosonline\/","https:\/\/www.youtube.com\/user\/grancursostv"]},{"@type":"Person","@id":"https:\/\/faculdade.grancursosonline.com.br\/blog\/#\/schema\/person\/3a789976f55b81ab3d3064e7d7a9ca13","name":"Equipe Gran","url":"https:\/\/faculdade.grancursosonline.com.br\/blog\/author\/squad5conversionseo\/"}]}},"_links":{"self":[{"href":"https:\/\/faculdade.grancursosonline.com.br\/blog\/wp-json\/wp\/v2\/posts\/79749905","targetHints":{"allow":["GET"]}}],"collection":[{"href":"https:\/\/faculdade.grancursosonline.com.br\/blog\/wp-json\/wp\/v2\/posts"}],"about":[{"href":"https:\/\/faculdade.grancursosonline.com.br\/blog\/wp-json\/wp\/v2\/types\/post"}],"author":[{"embeddable":true,"href":"https:\/\/faculdade.grancursosonline.com.br\/blog\/wp-json\/wp\/v2\/users\/515"}],"replies":[{"embeddable":true,"href":"https:\/\/faculdade.grancursosonline.com.br\/blog\/wp-json\/wp\/v2\/comments?post=79749905"}],"version-history":[{"count":3,"href":"https:\/\/faculdade.grancursosonline.com.br\/blog\/wp-json\/wp\/v2\/posts\/79749905\/revisions"}],"predecessor-version":[{"id":79768187,"href":"https:\/\/faculdade.grancursosonline.com.br\/blog\/wp-json\/wp\/v2\/posts\/79749905\/revisions\/79768187"}],"wp:featuredmedia":[{"embeddable":true,"href":"https:\/\/faculdade.grancursosonline.com.br\/blog\/wp-json\/wp\/v2\/media\/79768185"}],"wp:attachment":[{"href":"https:\/\/faculdade.grancursosonline.com.br\/blog\/wp-json\/wp\/v2\/media?parent=79749905"}],"wp:term":[{"taxonomy":"category","embeddable":true,"href":"https:\/\/faculdade.grancursosonline.com.br\/blog\/wp-json\/wp\/v2\/categories?post=79749905"},{"taxonomy":"post_tag","embeddable":true,"href":"https:\/\/faculdade.grancursosonline.com.br\/blog\/wp-json\/wp\/v2\/tags?post=79749905"}],"curies":[{"name":"wp","href":"https:\/\/api.w.org\/{rel}","templated":true}]}}