{"id":79749991,"date":"2026-04-15T17:08:21","date_gmt":"2026-04-15T20:08:21","guid":{"rendered":"https:\/\/faculdade.grancursosonline.com.br\/blog\/?p=79749991"},"modified":"2026-04-15T17:16:20","modified_gmt":"2026-04-15T20:16:20","slug":"educacao-e-inovacao","status":"publish","type":"post","link":"https:\/\/faculdade.grancursosonline.com.br\/blog\/educacao-e-inovacao\/","title":{"rendered":"Educa\u00e7\u00e3o e Inova\u00e7\u00e3o: Cultura Maker, IA e Rob\u00f3tica"},"content":{"rendered":"\n<p>A <strong>Educa\u00e7\u00e3o e Inova\u00e7\u00e3o<\/strong> s\u00e3o dois fatores que vem impactando e transformando as formas de aprender, de ensinar e de fazer.<\/p>\n\n\n\n<p>Por meio delas, cada vez mais os profissionais tem se voltado para aspectos criativos na hora de propor solu\u00e7\u00f5es e resolver problemas em diferentes espa\u00e7os, especialmente no mundo da tecnologia e neg\u00f3cios.<\/p>\n\n\n\n<p>Por isso, se voc\u00ea tem interesse no campo educacional, tecnol\u00f3gico e gerencial, acompanhe o artigo para saber mais ou navegue pelo \u00edndice:<\/p>\n\n\n\n<ul class=\"wp-block-list\">\n<li><a href=\"#o-que-e\">O que \u00e9 inova\u00e7\u00e3o na educa\u00e7\u00e3o?<\/a><\/li>\n\n\n\n<li><a href=\"#relacao\">Qual \u00e9 a rela\u00e7\u00e3o entre educa\u00e7\u00e3o e inova\u00e7\u00e3o tecnol\u00f3gica?<\/a><\/li>\n\n\n\n<li><a href=\"#exemplos\">Quais s\u00e3o os principais exemplos de educa\u00e7\u00e3o e inova\u00e7\u00e3o no Brasil?<\/a><\/li>\n\n\n\n<li><a href=\"#setor-privado\">Como o setor privado pode apoiar a educa\u00e7\u00e3o e inova\u00e7\u00e3o no pa\u00eds?<\/a><\/li>\n\n\n\n<li><a href=\"#futuro-do-trabalho\">Como a educa\u00e7\u00e3o e a inova\u00e7\u00e3o podem transformar o futuro do trabalho?<\/a><\/li>\n\n\n\n<li><a href=\"#h-por-que-os-termos-educacao-e-inovacao-podem-assumir-diferentes-significados\">Por que os termos educa\u00e7\u00e3o e inova\u00e7\u00e3o podem assumir diferentes significados?<\/a><\/li>\n\n\n\n<li><a href=\"#h-o-papel-da-tecnologia-e-inovacao-na-educacao-em-2026\">O papel da tecnologia e inova\u00e7\u00e3o na educa\u00e7\u00e3o em 2026<\/a><\/li>\n\n\n\n<li><a href=\"#h-o-diferencial-da-gran-faculdade-graduacao-com-formacao-profissional-em-ia\">O diferencial da Gran Faculdade: gradua\u00e7\u00e3o com Forma\u00e7\u00e3o Profissional em IA<\/a><\/li>\n\n\n\n<li><a href=\"#h-como-aplicar-a-inovacao-e-tecnologia-na-educacao-no-dia-a-dia\">Como aplicar a inova\u00e7\u00e3o e tecnologia na educa\u00e7\u00e3o no dia a dia?<\/a><\/li>\n\n\n\n<li><a href=\"#h-faq-perguntas-frequentes-sobre-educacao-e-inovacao\">Perguntas Frequentes (FAQ)<\/a><\/li>\n<\/ul>\n\n\n\n<figure class=\"wp-block-image size-large\"><img loading=\"lazy\" decoding=\"async\" width=\"1024\" height=\"559\" src=\"https:\/\/blog-es-static.infra.grancursosonline.com.br\/wp-content\/uploads\/2024\/11\/15170420\/Educacao-e-Inovacao-1024x559.png\" alt=\"\" class=\"wp-image-79764338\"\/><\/figure>\n\n\n\n<p><em>Matricule-se na <\/em><a href=\"https:\/\/faculdade.grancursosonline.com.br\/\"><em>Gradua\u00e7\u00e3o <\/em><\/a><em>e ganhe uma Forma\u00e7\u00e3o Profissional em IA!<\/em><\/p>\n\n\n\n<h2 class=\"wp-block-heading\" id=\"o-que-e\">O que \u00e9 inova\u00e7\u00e3o na educa\u00e7\u00e3o?<\/h2>\n\n\n\n<p>A educa\u00e7\u00e3o e a inova\u00e7\u00e3o s\u00e3o processos de introdu\u00e7\u00e3o a novas abordagens, ferramentas e metodologias para ensino e aprendizado de forma eficiente e inclusiva. Todo esse processo vai al\u00e9m da tecnologia, mas tamb\u00e9m leva em conta aspectos culturais e sociais de cada um dos envolvidos.<\/p>\n\n\n\n<p>A inova\u00e7\u00e3o busca preparar os alunos para os desafios do mundo contempor\u00e2neo, estimulando habilidades como pensamento cr\u00edtico, criatividade e colabora\u00e7\u00e3o. No contexto educacional, isso pode incluir iniciativas para tornar a educa\u00e7\u00e3o mais acess\u00edvel, adaptada \u00e0s necessidades locais e conectada \u00e0 realidade dos alunos. <\/p>\n\n\n\n<p>Desse modo, trata-se de um uso que busca romper o tradicionalismo e incentivam maior engajamento e participa\u00e7\u00e3o dos estudantes e demais envolvidos. Com isso, ao oferecer novas possibilidades de aprendizado, ela ajuda a superar barreiras econ\u00f4micas e culturais, o que contribui para a forma\u00e7\u00e3o de cidad\u00e3os mais preparados para transformar a sociedade.<\/p>\n\n\n\n<h3 class=\"wp-block-heading\" id=\"h-o-que-significa-educacao-e-inovacao\">O que significa educa\u00e7\u00e3o e inova\u00e7\u00e3o?<\/h3>\n\n\n\n<p>O conceito de educa\u00e7\u00e3o e inova\u00e7\u00e3o envolvem formas de aprender, ensinar e criar em diferentes contextos para al\u00e9m dos educacionais e tecnol\u00f3gicos. <\/p>\n\n\n\n<p>Desse modo, tratam-se de ferramentas fundamentais para o incentivo dessas pr\u00e1ticas em setores privados, p\u00fablicos e sociais com o intuito de fomentar a proposi\u00e7\u00e3o de solu\u00e7\u00f5es, servi\u00e7os e produtos que atendam aos objetivos e metas da empresa, bem como do seu p\u00fablico.<\/p>\n\n\n\n<h2 class=\"wp-block-heading\" id=\"relacao\">Qual \u00e9 a rela\u00e7\u00e3o entre educa\u00e7\u00e3o e inova\u00e7\u00e3o tecnol\u00f3gica?<\/h2>\n\n\n\n<p>A educa\u00e7\u00e3o e inova\u00e7\u00e3o est\u00e3o intimamente ligadas. Enquanto uma busca capacitar as pessoas a respeito de um tema, trabalhar o senso cr\u00edtico e a comunica\u00e7\u00e3o, a outra busca a criatividade e a inven\u00e7\u00e3o de solu\u00e7\u00f5es que bsuquem atender demandas n\u00e3o atendidas em diferentes aspectos, grupos e setores.<\/p>\n\n\n\n<p>Desse modo, ambos os temas est\u00e3o conectados em diversos aspectos. O primeiro deles \u00e9 no campo da descoberta, onde por meio da educa\u00e7\u00e3o as pessoas tem acesso a informa\u00e7\u00e3o e ao pensamento cr\u00edtico, o que incentiva a inova\u00e7\u00e3o por meio de novas ideias.<\/p>\n\n\n\n<p>Em seguida, a educa\u00e7\u00e3o e a inova\u00e7\u00e3o tamb\u00e9m permitem explorar novas oportunidades e estar atento a diferentes tend\u00eancias. Por meio desses dois campos, \u00e9 poss\u00edvel ter um olhar mais amplo para \u00e1reas geralmente deixadas de lado, bem como permite um maior acolhimento a diversidade e a inclus\u00e3o.<\/p>\n\n\n\n<h2 class=\"wp-block-heading\" id=\"exemplos\">Quais s\u00e3o os principais exemplos de educa\u00e7\u00e3o e inova\u00e7\u00e3o no Brasil?<\/h2>\n\n\n\n<p>Confira alguns exemplos de educa\u00e7\u00e3o e inova\u00e7\u00e3o na pr\u00e1tica no Brasil:<\/p>\n\n\n\n<h3 class=\"wp-block-heading\" id=\"h-como-aplicar-educacao-e-inovacao-nas-escolas-publicas\">Como aplicar educa\u00e7\u00e3o e inova\u00e7\u00e3o nas escolas p\u00fablicas?<\/h3>\n\n\n\n<p>Algumas formas de aplicar e incentivar a educa\u00e7\u00e3o e a inova\u00e7\u00e3o em escolas p\u00fablicas s\u00e3o:<\/p>\n\n\n\n<ul class=\"wp-block-list\">\n<li>Introdu\u00e7\u00e3o de tecnologias acess\u00edveis, como plataformas digitais gratuitas;<\/li>\n\n\n\n<li>Forma\u00e7\u00e3o continuada de professores em metodologias inovadoras;<\/li>\n\n\n\n<li>Parcerias com empresas e ONGs para financiar projetos educativos;<\/li>\n\n\n\n<li>Cria\u00e7\u00e3o de laborat\u00f3rios e espa\u00e7os de aprendizagem criativa;<\/li>\n\n\n\n<li>Desenvolvimento de curr\u00edculos integrados que conectem teoria \u00e0 pr\u00e1tica;<\/li>\n\n\n\n<li>Incentivo \u00e0 participa\u00e7\u00e3o da comunidade escolar no processo educacional;<\/li>\n\n\n\n<li>Fomento a projetos interdisciplinares e competi\u00e7\u00f5es educacionais.<\/li>\n<\/ul>\n\n\n\n<h3 class=\"wp-block-heading\" id=\"h-quais-metodologias-ligam-educacao-e-inovacao-no-ensino-basico\">Quais metodologias ligam educa\u00e7\u00e3o e inova\u00e7\u00e3o no ensino b\u00e1sico?<\/h3>\n\n\n\n<p>Diversas metodologias unem educa\u00e7\u00e3o e inova\u00e7\u00e3o no ensino b\u00e1sico. Alguns exemplos s\u00e3o:<\/p>\n\n\n\n<ul class=\"wp-block-list\">\n<li>Aprendizagem baseada em projetos;<\/li>\n\n\n\n<li>Gamifica\u00e7\u00e3o;<\/li>\n\n\n\n<li>Ensino h\u00edbrido;<\/li>\n\n\n\n<li>Sala de aula invertida;<\/li>\n\n\n\n<li>Design Thinking;<\/li>\n\n\n\n<li>Aprendizagem colaborativa e em pares;<\/li>\n\n\n\n<li>Educa\u00e7\u00e3o socioemocional;<\/li>\n\n\n\n<li>Estudo de casos reais para resolu\u00e7\u00e3o de problemas.<\/li>\n<\/ul>\n\n\n\n<h3 class=\"wp-block-heading\" id=\"h-quais-sao-os-desafios-para-integrar-educacao-e-inovacao-nas-universidades\">Quais s\u00e3o os desafios para integrar educa\u00e7\u00e3o e inova\u00e7\u00e3o nas universidades?<\/h3>\n\n\n\n<p>J\u00e1 no ensino superior, a educa\u00e7\u00e3o e a inova\u00e7\u00e3o aparecem de forma mais complexa e avan\u00e7ada. Confira alguns desafios enfrentados:<\/p>\n\n\n\n<ul class=\"wp-block-list\">\n<li>Resist\u00eancia cultural a mudan\u00e7as;<\/li>\n\n\n\n<li>Limita\u00e7\u00f5es or\u00e7ament\u00e1rias;<\/li>\n\n\n\n<li>Dificuldade em capacitar professores;<\/li>\n\n\n\n<li>Falta de infraestrutura;<\/li>\n\n\n\n<li>Desconex\u00e3o entre os curr\u00edculos e as demandas do mercado de trabalho;<\/li>\n\n\n\n<li>Baixo est\u00edmulo \u00e0 interdisciplinaridade nos cursos de gradua\u00e7\u00e3o;<\/li>\n\n\n\n<li>Dificuldade de avaliar e medir o impacto das inova\u00e7\u00f5es propostas.<\/li>\n<\/ul>\n\n\n\n<h2 class=\"wp-block-heading\" id=\"setor-privado\">Como o setor privado pode apoiar a educa\u00e7\u00e3o e inova\u00e7\u00e3o no pa\u00eds?<\/h2>\n\n\n\n<p>Um dos principais interessados e que deveriam ser os maiores incentivadores da educa\u00e7\u00e3o e inova\u00e7\u00e3o no pa\u00eds \u00e9 o setor privado. Afinal, ele busca profissionais capacitados e uma das formas de conquistar isso \u00e9 contribuir para a educa\u00e7\u00e3o e inova\u00e7\u00e3o. Veja:<\/p>\n\n\n\n<ul class=\"wp-block-list\">\n<li>Investimento em programas de forma\u00e7\u00e3o de professores;<\/li>\n\n\n\n<li>Parcerias p\u00fablico-privadas para equipar escolas com tecnologia;<\/li>\n\n\n\n<li>Financiamento de bolsas de estudo e est\u00e1gios para alunos de baixa renda;<\/li>\n\n\n\n<li>Desenvolvimento de plataformas digitais acess\u00edveis para escolas p\u00fablicas;<\/li>\n\n\n\n<li>Cria\u00e7\u00e3o de programas de mentoria e incentivo \u00e0 carreira docente;<\/li>\n\n\n\n<li>Apoio a pesquisas acad\u00eamicas voltadas \u00e0 educa\u00e7\u00e3o;<\/li>\n\n\n\n<li>Promo\u00e7\u00e3o de eventos como hackathons e feiras de inova\u00e7\u00e3o educacional.<\/li>\n<\/ul>\n\n\n\n<h3 class=\"wp-block-heading\" id=\"h-por-que-educacao-e-inovacao-sao-essenciais-para-o-desenvolvimento-sustentavel\">Por que educa\u00e7\u00e3o e inova\u00e7\u00e3o s\u00e3o essenciais para o desenvolvimento sustent\u00e1vel?<\/h3>\n\n\n\n<p>Educa\u00e7\u00e3o e inova\u00e7\u00e3o s\u00e3o pilares do desenvolvimento sustent\u00e1vel, pois permitem a constru\u00e7\u00e3o de sociedades mais justas, inclusivas e preparadas para os desafios do futuro. <\/p>\n\n\n\n<p>A educa\u00e7\u00e3o \u00e9 respons\u00e1vel por formar cidad\u00e3os conscientes e capacitados, enquanto a inova\u00e7\u00e3o oferece ferramentas para resolver problemas de forma criativa e eficiente. Juntas, elas criam solu\u00e7\u00f5es que atendem \u00e0s necessidades presentes sem comprometer os recursos e oportunidades das pr\u00f3ximas gera\u00e7\u00f5es.<\/p>\n\n\n\n<h2 class=\"wp-block-heading\" id=\"futuro-do-trabalho\">Como a educa\u00e7\u00e3o e a inova\u00e7\u00e3o podem transformar o futuro do trabalho?<\/h2>\n\n\n\n<p>A educa\u00e7\u00e3o e a inova\u00e7\u00e3o moldam o futuro do trabalho ao preparar indiv\u00edduos para lidar com as constantes transforma\u00e7\u00f5es do mercado. Com o avan\u00e7o das tecnologias e a automa\u00e7\u00e3o de tarefas, \u00e9 fundamental formar profissionais com habilidades como adaptabilidade, pensamento cr\u00edtico e resolu\u00e7\u00e3o de problemas complexos. <\/p>\n\n\n\n<p>Pensando nisso, a Gran Faculdade est\u00e1 disponibilizando o curso livre <strong>&#8220;Educa\u00e7\u00e3o e Inova\u00e7\u00e3o na Pr\u00e1tica: Cultura Maker, IA e Rob\u00f3tica&#8221;<\/strong> para aqueles que se matricularem em um dos cursos de gradua\u00e7\u00e3o durante a Black Friday. O curso oferece uma introdu\u00e7\u00e3o completa ao mundo da programa\u00e7\u00e3o, rob\u00f3tica e cultura maker. <\/p>\n\n\n\n<p>O objetivo \u00e9 que os estudantes desenvolvam habilidades de pensamento computacional, criatividade, resolu\u00e7\u00e3o de problemas e trabalho em equipe, preparando-os para os desafios do s\u00e9culo 21. Este curso \u00e9 ideal para profissionais das \u00e1reas de educa\u00e7\u00e3o, comunica\u00e7\u00e3o, tecnologia e empreendedores que desejam compreender a cultura maker, intelig\u00eancia artificial, programa\u00e7\u00e3o e rob\u00f3tica.. <\/p>\n\n\n\n<p class=\"has-text-align-center\"><strong><a href=\"https:\/\/faculdade.grancursosonline.com.br\/\" target=\"_blank\" rel=\"noopener\">Matricule-se agora mesmo em um dos nossos cursos de gradua\u00e7\u00e3o!<\/a><\/strong><\/p>\n\n\n\n<h2 class=\"wp-block-heading\" id=\"h-por-que-os-termos-educacao-e-inovacao-podem-assumir-diferentes-significados\"><strong>Por que os termos educa\u00e7\u00e3o e inova\u00e7\u00e3o podem assumir diferentes significados?<\/strong><\/h2>\n\n\n\n<p>\u00c9 comum encontrar confus\u00e3o ao definir esses conceitos, pois <strong>os termos educa\u00e7\u00e3o e inova\u00e7\u00e3o podem assumir diferentes significados<\/strong> dependendo do contexto.<\/p>\n\n\n\n<p>Enquanto para alguns a inova\u00e7\u00e3o est\u00e1 estritamente ligada \u00e0 introdu\u00e7\u00e3o de gadgets e dispositivos em sala de aula, para outros, o conceito \u00e9 muito mais profundo e pedag\u00f3gico.<\/p>\n\n\n\n<h3 class=\"wp-block-heading\"><strong>Inova\u00e7\u00e3o Incremental vs. Disruptiva na Educa\u00e7\u00e3o<\/strong><\/h3>\n\n\n\n<ul class=\"wp-block-list\">\n<li><strong>Inova\u00e7\u00e3o Incremental:<\/strong> refere-se a pequenas melhorias em processos j\u00e1 existentes, como a digitaliza\u00e7\u00e3o de materiais did\u00e1ticos ou o uso de plataformas de gest\u00e3o escolar;<br><\/li>\n\n\n\n<li><strong>Inova\u00e7\u00e3o Disruptiva:<\/strong> \u00e9 aquela que altera a l\u00f3gica do ensino, como a implementa\u00e7\u00e3o de metodologias ativas (sala de aula invertida), ensino personalizado por algoritmos e a quebra das barreiras f\u00edsicas atrav\u00e9s do EAD de alta performance.<\/li>\n<\/ul>\n\n\n\n<p>Entender essa distin\u00e7\u00e3o \u00e9 fundamental para que institui\u00e7\u00f5es e educadores n\u00e3o fiquem presos apenas \u00e0 &#8220;perfumaria tecnol\u00f3gica&#8221;, mas busquem uma verdadeira transforma\u00e7\u00e3o no modo como o conhecimento \u00e9 constru\u00eddo.<\/p>\n\n\n\n<h2 class=\"wp-block-heading\" id=\"h-o-papel-da-tecnologia-e-inovacao-na-educacao-em-2026\"><strong>O papel da tecnologia e inova\u00e7\u00e3o na educa\u00e7\u00e3o em 2026<\/strong><\/h2>\n\n\n\n<p>A converg\u00eancia entre <strong>tecnologia e inova\u00e7\u00e3o na educa\u00e7\u00e3o<\/strong> atingiu um novo patamar com a chegada das IAs Generativas.<\/p>\n\n\n\n<p>N\u00e3o se trata mais apenas de ter acesso \u00e0 informa\u00e7\u00e3o, mas de como filtrar, processar e aplicar esse volume massivo de dados de forma \u00e9tica e produtiva.<\/p>\n\n\n\n<h3 class=\"wp-block-heading\"><strong>A personaliza\u00e7\u00e3o do aprendizado em escala<\/strong><\/h3>\n\n\n\n<p>Uma das maiores promessas da <strong>inova\u00e7\u00e3o e tecnologia na educa\u00e7\u00e3o<\/strong> \u00e9 a capacidade de oferecer trilhas de aprendizagem \u00fanicas para cada aluno.<\/p>\n\n\n\n<p>Os sistemas inteligentes conseguem identificar em tempo real as dificuldades espec\u00edficas de um estudante e sugerir conte\u00fados de refor\u00e7o personalizados, algo imposs\u00edvel de ser feito manualmente em turmas grandes.<\/p>\n\n\n\n<h2 class=\"wp-block-heading\" id=\"h-o-diferencial-da-gran-faculdade-graduacao-com-formacao-profissional-em-ia\"><strong>O diferencial da Gran Faculdade: gradua\u00e7\u00e3o com Forma\u00e7\u00e3o Profissional em IA<\/strong><\/h2>\n\n\n\n<p>Acompanhando as tend\u00eancias globais de <strong>inova\u00e7\u00e3o e educa\u00e7\u00e3o<\/strong>, a <a href=\"https:\/\/faculdade.grancursosonline.com.br\/\"><strong>Gran Faculdade<\/strong><\/a> lan\u00e7ou um benef\u00edcio exclusivo (e por tempo limitado)\u00a0 para preparar seus alunos para o futuro imediato.<\/p>\n\n\n\n<p>Ao se matricular em um curso de Gradua\u00e7\u00e3o, voc\u00ea n\u00e3o apenas garante seu diploma de n\u00edvel superior, mas tamb\u00e9m ganha uma <strong>Forma\u00e7\u00e3o Profissional em IA<\/strong>. Mas aten\u00e7\u00e3o: essa condi\u00e7\u00e3o ficar\u00e1 valendo at\u00e9 o preenchimento das vagas.<\/p>\n\n\n\n<h3 class=\"wp-block-heading\"><strong>Por que se especializar em IA durante a Gradua\u00e7\u00e3o?<\/strong><\/h3>\n\n\n\n<p>O mercado de trabalho n\u00e3o busca mais apenas profissionais com forma\u00e7\u00e3o t\u00e9cnica em suas \u00e1reas; ele busca profissionais &#8220;IA-Ready&#8221;. Ter essa certifica\u00e7\u00e3o extra permite que voc\u00ea:<\/p>\n\n\n\n<ul class=\"wp-block-list\">\n<li>Automatize tarefas repetitivas na sua \u00e1rea de atua\u00e7\u00e3o (Seja Direito, Sa\u00fade ou Gest\u00e3o);<\/li>\n\n\n\n<li>Utilize ferramentas de an\u00e1lise de dados para tomadas de decis\u00e3o mais precisas;<\/li>\n\n\n\n<li>Destaque-se em processos seletivos que j\u00e1 exigem flu\u00eancia digital e dom\u00ednio de novas tecnologias.<\/li>\n<\/ul>\n\n\n\n<h2 class=\"wp-block-heading\" id=\"h-como-aplicar-a-inovacao-e-tecnologia-na-educacao-no-dia-a-dia\"><strong>Como aplicar a inova\u00e7\u00e3o e tecnologia na educa\u00e7\u00e3o no dia a dia?<\/strong><\/h2>\n\n\n\n<p>Para que a <strong>inova\u00e7\u00e3o e educa\u00e7\u00e3o<\/strong> caminhem juntas, \u00e9 preciso sair do campo te\u00f3rico. Existem pilares fundamentais que qualquer profissional da educa\u00e7\u00e3o ou estudante deve observar:<\/p>\n\n\n\n<ol class=\"wp-block-list\">\n<li><strong>Cultura Maker:<\/strong> aprender fazendo atrav\u00e9s da rob\u00f3tica e prototipagem;<\/li>\n\n\n\n<li><strong>Gamifica\u00e7\u00e3o:<\/strong> uso de mec\u00e2nicas de jogos para aumentar o engajamento e a reten\u00e7\u00e3o de conte\u00fado;<\/li>\n\n\n\n<li><strong>Literacia Digital:<\/strong> capacidade de navegar e produzir criticamente no ambiente digital.<\/li>\n<\/ol>\n\n\n\n<h2 class=\"wp-block-heading\" id=\"h-faq-perguntas-frequentes-sobre-educacao-e-inovacao\"><strong>FAQ: perguntas frequentes sobre Educa\u00e7\u00e3o e Inova\u00e7\u00e3o<\/strong><\/h2>\n\n\n\n<p><strong>Qual a diferen\u00e7a entre tecnologia na educa\u00e7\u00e3o e inova\u00e7\u00e3o educativa?<\/strong><\/p>\n\n\n\n<p>A tecnologia \u00e9 a ferramenta (hardware e software), enquanto a inova\u00e7\u00e3o educativa \u00e9 a mudan\u00e7a de mentalidade e m\u00e9todo que utiliza (ou n\u00e3o) essas ferramentas para melhorar o aprendizado.<\/p>\n\n\n\n<p><strong>Como a IA impacta a educa\u00e7\u00e3o b\u00e1sica e superior?<\/strong><\/p>\n\n\n\n<p>No ensino superior, a IA atua como um acelerador de pesquisa e produtividade. Na educa\u00e7\u00e3o b\u00e1sica, ela auxilia professores na cria\u00e7\u00e3o de planos de aula diversificados e no monitoramento do progresso individual de cada crian\u00e7a.<\/p>\n\n\n\n<p><strong>Os cursos da Gran Faculdade s\u00e3o reconhecidos pelo MEC?<\/strong><\/p>\n\n\n\n<p>Sim, todos os cursos de Gradua\u00e7\u00e3o e P\u00f3s-gradua\u00e7\u00e3o da Gran Faculdade possuem reconhecimento com nota m\u00e1xima pelo MEC, garantindo que a inova\u00e7\u00e3o tecnol\u00f3gica venha acompanhada de seguran\u00e7a acad\u00eamica.<\/p>\n\n\n\n<h2 class=\"wp-block-heading\" id=\"h-vem-pra-gran-faculdade\">Vem pra Gran Faculdade!<\/h2>\n\n\n\n<p>A Gran Faculdade vem mudando a vida de milhares de pessoas por meio de cursos \u00e0 dist\u00e2ncia de <a href=\"https:\/\/faculdade.grancursosonline.com.br\/\" target=\"_blank\" rel=\"noreferrer noopener\">gradua\u00e7\u00e3o<\/a>, <a href=\"https:\/\/pos.grancursosonline.com.br\/\" target=\"_blank\" rel=\"noreferrer noopener\">p\u00f3s-gradua\u00e7\u00e3o<\/a> e <a href=\"https:\/\/pos.grancursosonline.com.br\/mba\" target=\"_blank\" rel=\"noreferrer noopener\">MBA<\/a>. Seja no digital ou em nosso <a href=\"https:\/\/presencial.grancursosonline.com.br\/\" target=\"_blank\" rel=\"noreferrer noopener\">Campus Presencial em Curitiba<\/a>, a nossa miss\u00e3o \u00e9 transformar a educa\u00e7\u00e3o superior.<\/p>\n\n\n\n<p>Como parte de Sistema Gran de Ensino, que \u00e9 reconhecido como marca aprovadora h\u00e1 mais de 10 anos, constru\u00edmos uma renomada reputa\u00e7\u00e3o na \u00e1rea de educa\u00e7\u00e3o.<\/p>\n\n\n\n<p>Veja algumas de nossas conquistas:<\/p>\n\n\n\n<ul class=\"wp-block-list\">\n<li>Reconhecido pela Amazon como um dos projetos mais relevantes do mundo na \u00e1rea de Tecnologia e Educa\u00e7\u00e3o;<\/li>\n\n\n\n<li>Foi eleito pelo Project Management Institute (PMI), um dos 50 Projetos Mais Influentes do mundo;<\/li>\n\n\n\n<li>Somos o site de educa\u00e7\u00e3o mais acessado do Brasil;<\/li>\n\n\n\n<li>Somos avaliados com a nota m\u00e1xima pelo MEC;<\/li>\n\n\n\n<li>Aqui o semestre come\u00e7a quando quiser: entrada imediata e cont\u00ednua!<\/li>\n\n\n\n<li>Melhores pre\u00e7os do mercado;<\/li>\n\n\n\n<li>Mais de 500 mil alunos pagantes e mais de 1000 funcion\u00e1rios;<\/li>\n\n\n\n<li>Diversas ferramentas de estudo: PDFs, audiobooks, mapas mentais, videoaulas, quest\u00f5es, gerenciador de estudos e muito mais!<\/li>\n\n\n\n<li>Professores experientes e capacitados;<\/li>\n\n\n\n<li>Acesso imediato e 100% online.<\/li>\n<\/ul>\n\n\n\n<p class=\"has-text-align-center has-text-align-center\"><strong><a href=\"https:\/\/faculdade.grancursosonline.com.br\/\" target=\"_blank\" rel=\"noreferrer noopener\">Quero ser aluno da Gran Faculdade!<\/a><\/strong><\/p>\n\n\n\n<div class=\"wp-block-group has-background\" style=\"background-color:#8dd2fc7a\"><div class=\"wp-block-group__inner-container is-layout-constrained wp-block-group-is-layout-constrained\">\n<p><strong>Outras not\u00edcias em destaque:<\/strong><\/p>\n\n\n\n<ul class=\"wp-block-list\">\n<li><a href=\"https:\/\/faculdade.grancursosonline.com.br\/blog\/inovacao-tecnologica\/\" target=\"_blank\" rel=\"noopener\">Inova\u00e7\u00e3o tecnol\u00f3gica: o que \u00e9, import\u00e2ncia e como fazer?<\/a><\/li>\n\n\n\n<li><a href=\"https:\/\/faculdade.grancursosonline.com.br\/blog\/tecnologias-na-educacao\/\" target=\"_blank\" rel=\"noopener\">Tecnologias na Educa\u00e7\u00e3o: impacto, vantagens e desafios!<\/a><\/li>\n\n\n\n<li><a href=\"https:\/\/faculdade.grancursosonline.com.br\/blog\/tecnologia-inovacao-agilidade\/\" target=\"_blank\" rel=\"noopener\">Tecnologia, Inova\u00e7\u00e3o e Agilidade: conhe\u00e7a a nova p\u00f3s!<\/a><\/li>\n<\/ul>\n<\/div><\/div>\n\n\n\n<div class=\"wp-block-group\"><div class=\"wp-block-group__inner-container is-layout-constrained wp-block-group-is-layout-constrained\">\n<div class=\"wp-block-group\"><div class=\"wp-block-group__inner-container is-layout-constrained wp-block-group-is-layout-constrained\">\n<section style=\"text-align: center;\">\n<p>Quer ficar por dentro da Faculdade Digital mais inovadora do Brasil?<\/p>\n<nav>\n<p class=\"has-background has-dark-bluish-background-color\" style=\"font-size: 25px; text-align: center; background: #f0f0f0; color: #ffffff; padding: 4px 0px 4xp 0px;\"><a style=\"color: #0d134c; text-decoration: underline;\" href=\"https:\/\/faculdade.grancursosonline.com.br\/\" target=\"_blank\" rel=\"noopener\">GRADUA\u00c7\u00c3O<\/a><\/p>\n<p class=\"has-background has-dark-bluish-background-color\" style=\"font-size: 25px; text-align: center; background: #f0f0f0; color: #ffffff; padding: 4px 0px 4xp 0px;\"><a style=\"color: #0d134c; text-decoration: underline;\" href=\"https:\/\/pos.grancursosonline.com.br\/\" target=\"_blank\" rel=\"noopener\">P\u00d3S-GRADUA\u00c7\u00c3O<\/a><\/p>\n<p class=\"has-background has-dark-bluish-background-color\" style=\"font-size: 25px; text-align: center; background: #f0f0f0; color: #ffffff; padding: 4px 0px 4xp 0px;\"><a style=\"color: #0d134c; text-decoration: underline;\" href=\"https:\/\/faculdade.grancursosonline.com.br\/nossos-cursos\/\" target=\"_blank\" rel=\"noopener\">TUDO SOBRE A GRAN FACULDADE<\/a><\/p>\n<\/nav>\n<p><strong>Receba <span style=\"color: #cf1e25;\">gratuitamente<\/span> no seu celular as principais not\u00edcias sobre a Gran Faculdade! <br \/>Clique no link abaixo e inscreva-se:<\/strong><\/p>\n<p class=\"has-background has-dark-bluish-background-color\" style=\"font-size: 25px; text-align: center; background: #f0f0f0; color: #ffffff; padding: 4px 0px 4xp 0px;\"><a style=\"color: #0d134c; text-decoration: underline;\" href=\"https:\/\/whatsapp.com\/channel\/0029VaG1sChI7Be7PNndhL43\" target=\"_blank\" rel=\"noopener noreferrer\">WHATSAPP<\/a><\/p>\n<p class=\"has-background has-dark-bluish-background-color\" style=\"font-size: 25px; text-align: center; background: #f0f0f0; color: #ffffff; padding: 4px 0px 4xp 0px;\"><a style=\"color: #0d134c; text-decoration: underline;\" href=\"https:\/\/t.me\/GranFaculdade\" target=\"_blank\" rel=\"noopener noreferrer\">TELEGRAM<\/a><\/p>\n<\/section>\n<\/div><\/div>\n<\/div><\/div>\n","protected":false},"excerpt":{"rendered":"<p>A Educa\u00e7\u00e3o e Inova\u00e7\u00e3o s\u00e3o dois fatores que vem impactando e transformando as formas de aprender, de ensinar e de fazer. Por meio delas, cada vez mais os profissionais tem se voltado para aspectos criativos na hora de propor solu\u00e7\u00f5es e resolver problemas em diferentes espa\u00e7os, especialmente no mundo da tecnologia e neg\u00f3cios. Por isso,&hellip;<\/p>\n","protected":false},"author":525,"featured_media":79749992,"comment_status":"open","ping_status":"open","sticky":false,"template":"","format":"standard","meta":{"_acf_changed":false,"content-type":"","footnotes":""},"categories":[209229,2],"tags":[],"class_list":["post-79749991","post","type-post","status-publish","format-standard","has-post-thumbnail","hentry","category-pos-graduacao","category-ultimas-noticias"],"acf":[],"yoast_head":"<!-- This site is optimized with the Yoast SEO Premium plugin v27.2 (Yoast SEO v27.2) - https:\/\/yoast.com\/product\/yoast-seo-premium-wordpress\/ -->\n<title>Educa\u00e7\u00e3o e Inova\u00e7\u00e3o: Cultura Maker, IA e Rob\u00f3tica<\/title>\n<meta name=\"description\" content=\"Saiba o que \u00e9 educa\u00e7\u00e3o e inova\u00e7\u00e3o e como ela tem sido fundamental para transformar o futuro profissional das pessoas e o mercado de trabalho\" \/>\n<meta name=\"robots\" content=\"index, follow, max-snippet:-1, max-image-preview:large, max-video-preview:-1\" \/>\n<link rel=\"canonical\" href=\"https:\/\/faculdade.grancursosonline.com.br\/blog\/educacao-e-inovacao\/\" \/>\n<meta property=\"og:locale\" content=\"pt_BR\" \/>\n<meta property=\"og:type\" content=\"article\" \/>\n<meta property=\"og:title\" content=\"Educa\u00e7\u00e3o e Inova\u00e7\u00e3o: Cultura Maker, IA e Rob\u00f3tica\" \/>\n<meta property=\"og:description\" content=\"Saiba o que \u00e9 educa\u00e7\u00e3o e inova\u00e7\u00e3o e como ela tem sido fundamental para transformar o futuro profissional das pessoas e o mercado de trabalho\" \/>\n<meta property=\"og:url\" content=\"https:\/\/faculdade.grancursosonline.com.br\/blog\/educacao-e-inovacao\/\" \/>\n<meta property=\"og:site_name\" content=\"Blog Gran Faculdade\" \/>\n<meta property=\"article:publisher\" content=\"https:\/\/www.facebook.com\/grancursosonline\/\" \/>\n<meta property=\"article:published_time\" content=\"2026-04-15T20:08:21+00:00\" \/>\n<meta property=\"article:modified_time\" content=\"2026-04-15T20:16:20+00:00\" \/>\n<meta property=\"og:image\" content=\"https:\/\/blog-es-static.infra.grancursosonline.com.br\/wp-content\/uploads\/2024\/11\/27094748\/educacao-inovacao-social.jpg\" \/>\n\t<meta property=\"og:image:width\" content=\"511\" \/>\n\t<meta property=\"og:image:height\" content=\"311\" \/>\n\t<meta property=\"og:image:type\" content=\"image\/jpeg\" \/>\n<meta name=\"author\" content=\"Aline Damettos\" \/>\n<meta name=\"twitter:card\" content=\"summary_large_image\" \/>\n<meta name=\"twitter:creator\" content=\"@gran_online\" \/>\n<meta name=\"twitter:site\" content=\"@gran_online\" \/>\n<meta name=\"twitter:label1\" content=\"Written by\" \/>\n\t<meta name=\"twitter:data1\" content=\"Aline Damettos\" \/>\n\t<meta name=\"twitter:label2\" content=\"Est. reading time\" \/>\n\t<meta name=\"twitter:data2\" content=\"12 minutos\" \/>\n<script type=\"application\/ld+json\" class=\"yoast-schema-graph\">{\"@context\":\"https:\/\/schema.org\",\"@graph\":[{\"@type\":\"NewsArticle\",\"@id\":\"https:\/\/faculdade.grancursosonline.com.br\/blog\/educacao-e-inovacao\/#article\",\"isPartOf\":{\"@id\":\"https:\/\/faculdade.grancursosonline.com.br\/blog\/educacao-e-inovacao\/\"},\"author\":{\"name\":\"Aline Damettos\",\"@id\":\"https:\/\/faculdade.grancursosonline.com.br\/blog\/#\/schema\/person\/14e0fa771c0614c4b7434ee70589c075\"},\"headline\":\"Educa\u00e7\u00e3o e Inova\u00e7\u00e3o: Cultura Maker, IA e Rob\u00f3tica\",\"datePublished\":\"2026-04-15T20:08:21+00:00\",\"dateModified\":\"2026-04-15T20:16:20+00:00\",\"mainEntityOfPage\":{\"@id\":\"https:\/\/faculdade.grancursosonline.com.br\/blog\/educacao-e-inovacao\/\"},\"wordCount\":2049,\"commentCount\":0,\"publisher\":{\"@id\":\"https:\/\/faculdade.grancursosonline.com.br\/blog\/#organization\"},\"image\":{\"@id\":\"https:\/\/faculdade.grancursosonline.com.br\/blog\/educacao-e-inovacao\/#primaryimage\"},\"thumbnailUrl\":\"https:\/\/blog-es-static.infra.grancursosonline.com.br\/wp-content\/uploads\/2024\/11\/27094135\/educacao-inovacao.jpg\",\"articleSection\":[\"P\u00f3s-Gradua\u00e7\u00e3o Gran Faculdade\",\"\u00daltimas Not\u00edcias\"],\"inLanguage\":\"pt-BR\",\"potentialAction\":[{\"@type\":\"CommentAction\",\"name\":\"Comment\",\"target\":[\"https:\/\/faculdade.grancursosonline.com.br\/blog\/educacao-e-inovacao\/#respond\"]}],\"copyrightYear\":\"2026\",\"copyrightHolder\":{\"@id\":\"https:\/\/faculdade.grancursosonline.com.br\/blog\/#organization\"}},{\"@type\":\"WebPage\",\"@id\":\"https:\/\/faculdade.grancursosonline.com.br\/blog\/educacao-e-inovacao\/\",\"url\":\"https:\/\/faculdade.grancursosonline.com.br\/blog\/educacao-e-inovacao\/\",\"name\":\"Educa\u00e7\u00e3o e Inova\u00e7\u00e3o: Cultura Maker, IA e Rob\u00f3tica\",\"isPartOf\":{\"@id\":\"https:\/\/faculdade.grancursosonline.com.br\/blog\/#website\"},\"primaryImageOfPage\":{\"@id\":\"https:\/\/faculdade.grancursosonline.com.br\/blog\/educacao-e-inovacao\/#primaryimage\"},\"image\":{\"@id\":\"https:\/\/faculdade.grancursosonline.com.br\/blog\/educacao-e-inovacao\/#primaryimage\"},\"thumbnailUrl\":\"https:\/\/blog-es-static.infra.grancursosonline.com.br\/wp-content\/uploads\/2024\/11\/27094135\/educacao-inovacao.jpg\",\"datePublished\":\"2026-04-15T20:08:21+00:00\",\"dateModified\":\"2026-04-15T20:16:20+00:00\",\"description\":\"Saiba o que \u00e9 educa\u00e7\u00e3o e inova\u00e7\u00e3o e como ela tem sido fundamental para transformar o futuro profissional das pessoas e o mercado de trabalho\",\"breadcrumb\":{\"@id\":\"https:\/\/faculdade.grancursosonline.com.br\/blog\/educacao-e-inovacao\/#breadcrumb\"},\"inLanguage\":\"pt-BR\",\"potentialAction\":[{\"@type\":\"ReadAction\",\"target\":[\"https:\/\/faculdade.grancursosonline.com.br\/blog\/educacao-e-inovacao\/\"]}]},{\"@type\":\"ImageObject\",\"inLanguage\":\"pt-BR\",\"@id\":\"https:\/\/faculdade.grancursosonline.com.br\/blog\/educacao-e-inovacao\/#primaryimage\",\"url\":\"https:\/\/blog-es-static.infra.grancursosonline.com.br\/wp-content\/uploads\/2024\/11\/27094135\/educacao-inovacao.jpg\",\"contentUrl\":\"https:\/\/blog-es-static.infra.grancursosonline.com.br\/wp-content\/uploads\/2024\/11\/27094135\/educacao-inovacao.jpg\",\"width\":1001,\"height\":601},{\"@type\":\"BreadcrumbList\",\"@id\":\"https:\/\/faculdade.grancursosonline.com.br\/blog\/educacao-e-inovacao\/#breadcrumb\",\"itemListElement\":[{\"@type\":\"ListItem\",\"position\":1,\"name\":\"In\u00edcio\",\"item\":\"https:\/\/faculdade.grancursosonline.com.br\/blog\/\"},{\"@type\":\"ListItem\",\"position\":2,\"name\":\"P\u00f3s-Gradua\u00e7\u00e3o Gran Faculdade\",\"item\":\"https:\/\/faculdade.grancursosonline.com.br\/blog\/pos-graduacao\/\"},{\"@type\":\"ListItem\",\"position\":3,\"name\":\"Educa\u00e7\u00e3o e Inova\u00e7\u00e3o: Cultura Maker, IA e Rob\u00f3tica\"}]},{\"@type\":\"WebSite\",\"@id\":\"https:\/\/faculdade.grancursosonline.com.br\/blog\/#website\",\"url\":\"https:\/\/faculdade.grancursosonline.com.br\/blog\/\",\"name\":\"Blog Gran Faculdade\",\"description\":\"Tudo sobre ensino superior, p\u00f3s-gradua\u00e7\u00e3o, enem e carreira.\",\"publisher\":{\"@id\":\"https:\/\/faculdade.grancursosonline.com.br\/blog\/#organization\"},\"potentialAction\":[{\"@type\":\"SearchAction\",\"target\":{\"@type\":\"EntryPoint\",\"urlTemplate\":\"https:\/\/faculdade.grancursosonline.com.br\/blog\/?s={search_term_string}\"},\"query-input\":{\"@type\":\"PropertyValueSpecification\",\"valueRequired\":true,\"valueName\":\"search_term_string\"}}],\"inLanguage\":\"pt-BR\"},{\"@type\":\"Organization\",\"@id\":\"https:\/\/faculdade.grancursosonline.com.br\/blog\/#organization\",\"name\":\"Gran Cursos Online\",\"url\":\"https:\/\/faculdade.grancursosonline.com.br\/blog\/\",\"logo\":{\"@type\":\"ImageObject\",\"inLanguage\":\"pt-BR\",\"@id\":\"https:\/\/faculdade.grancursosonline.com.br\/blog\/#\/schema\/logo\/image\/\",\"url\":\"https:\/\/blog-es-static.infra.grancursosonline.com.br\/wp-content\/uploads\/2019\/08\/03123934\/logo.png\",\"contentUrl\":\"https:\/\/blog-es-static.infra.grancursosonline.com.br\/wp-content\/uploads\/2019\/08\/03123934\/logo.png\",\"width\":300,\"height\":57,\"caption\":\"Gran Cursos Online\"},\"image\":{\"@id\":\"https:\/\/faculdade.grancursosonline.com.br\/blog\/#\/schema\/logo\/image\/\"},\"sameAs\":[\"https:\/\/www.facebook.com\/grancursosonline\/\",\"https:\/\/x.com\/gran_online\",\"https:\/\/www.instagram.com\/grancursosonline\/\",\"https:\/\/www.youtube.com\/user\/grancursostv\"]},{\"@type\":\"Person\",\"@id\":\"https:\/\/faculdade.grancursosonline.com.br\/blog\/#\/schema\/person\/14e0fa771c0614c4b7434ee70589c075\",\"name\":\"Aline Damettos\",\"url\":\"https:\/\/faculdade.grancursosonline.com.br\/blog\/author\/aline-damettos\/\"}]}<\/script>\n<!-- \/ Yoast SEO Premium plugin. -->","yoast_head_json":{"title":"Educa\u00e7\u00e3o e Inova\u00e7\u00e3o: Cultura Maker, IA e Rob\u00f3tica","description":"Saiba o que \u00e9 educa\u00e7\u00e3o e inova\u00e7\u00e3o e como ela tem sido fundamental para transformar o futuro profissional das pessoas e o mercado de trabalho","robots":{"index":"index","follow":"follow","max-snippet":"max-snippet:-1","max-image-preview":"max-image-preview:large","max-video-preview":"max-video-preview:-1"},"canonical":"https:\/\/faculdade.grancursosonline.com.br\/blog\/educacao-e-inovacao\/","og_locale":"pt_BR","og_type":"article","og_title":"Educa\u00e7\u00e3o e Inova\u00e7\u00e3o: Cultura Maker, IA e Rob\u00f3tica","og_description":"Saiba o que \u00e9 educa\u00e7\u00e3o e inova\u00e7\u00e3o e como ela tem sido fundamental para transformar o futuro profissional das pessoas e o mercado de trabalho","og_url":"https:\/\/faculdade.grancursosonline.com.br\/blog\/educacao-e-inovacao\/","og_site_name":"Blog Gran Faculdade","article_publisher":"https:\/\/www.facebook.com\/grancursosonline\/","article_published_time":"2026-04-15T20:08:21+00:00","article_modified_time":"2026-04-15T20:16:20+00:00","og_image":[{"width":511,"height":311,"url":"https:\/\/blog-es-static.infra.grancursosonline.com.br\/wp-content\/uploads\/2024\/11\/27094748\/educacao-inovacao-social.jpg","type":"image\/jpeg"}],"author":"Aline Damettos","twitter_card":"summary_large_image","twitter_creator":"@gran_online","twitter_site":"@gran_online","twitter_misc":{"Written by":"Aline Damettos","Est. reading time":"12 minutos"},"schema":{"@context":"https:\/\/schema.org","@graph":[{"@type":"NewsArticle","@id":"https:\/\/faculdade.grancursosonline.com.br\/blog\/educacao-e-inovacao\/#article","isPartOf":{"@id":"https:\/\/faculdade.grancursosonline.com.br\/blog\/educacao-e-inovacao\/"},"author":{"name":"Aline Damettos","@id":"https:\/\/faculdade.grancursosonline.com.br\/blog\/#\/schema\/person\/14e0fa771c0614c4b7434ee70589c075"},"headline":"Educa\u00e7\u00e3o e Inova\u00e7\u00e3o: Cultura Maker, IA e Rob\u00f3tica","datePublished":"2026-04-15T20:08:21+00:00","dateModified":"2026-04-15T20:16:20+00:00","mainEntityOfPage":{"@id":"https:\/\/faculdade.grancursosonline.com.br\/blog\/educacao-e-inovacao\/"},"wordCount":2049,"commentCount":0,"publisher":{"@id":"https:\/\/faculdade.grancursosonline.com.br\/blog\/#organization"},"image":{"@id":"https:\/\/faculdade.grancursosonline.com.br\/blog\/educacao-e-inovacao\/#primaryimage"},"thumbnailUrl":"https:\/\/blog-es-static.infra.grancursosonline.com.br\/wp-content\/uploads\/2024\/11\/27094135\/educacao-inovacao.jpg","articleSection":["P\u00f3s-Gradua\u00e7\u00e3o Gran Faculdade","\u00daltimas Not\u00edcias"],"inLanguage":"pt-BR","potentialAction":[{"@type":"CommentAction","name":"Comment","target":["https:\/\/faculdade.grancursosonline.com.br\/blog\/educacao-e-inovacao\/#respond"]}],"copyrightYear":"2026","copyrightHolder":{"@id":"https:\/\/faculdade.grancursosonline.com.br\/blog\/#organization"}},{"@type":"WebPage","@id":"https:\/\/faculdade.grancursosonline.com.br\/blog\/educacao-e-inovacao\/","url":"https:\/\/faculdade.grancursosonline.com.br\/blog\/educacao-e-inovacao\/","name":"Educa\u00e7\u00e3o e Inova\u00e7\u00e3o: Cultura Maker, IA e Rob\u00f3tica","isPartOf":{"@id":"https:\/\/faculdade.grancursosonline.com.br\/blog\/#website"},"primaryImageOfPage":{"@id":"https:\/\/faculdade.grancursosonline.com.br\/blog\/educacao-e-inovacao\/#primaryimage"},"image":{"@id":"https:\/\/faculdade.grancursosonline.com.br\/blog\/educacao-e-inovacao\/#primaryimage"},"thumbnailUrl":"https:\/\/blog-es-static.infra.grancursosonline.com.br\/wp-content\/uploads\/2024\/11\/27094135\/educacao-inovacao.jpg","datePublished":"2026-04-15T20:08:21+00:00","dateModified":"2026-04-15T20:16:20+00:00","description":"Saiba o que \u00e9 educa\u00e7\u00e3o e inova\u00e7\u00e3o e como ela tem sido fundamental para transformar o futuro profissional das pessoas e o mercado de trabalho","breadcrumb":{"@id":"https:\/\/faculdade.grancursosonline.com.br\/blog\/educacao-e-inovacao\/#breadcrumb"},"inLanguage":"pt-BR","potentialAction":[{"@type":"ReadAction","target":["https:\/\/faculdade.grancursosonline.com.br\/blog\/educacao-e-inovacao\/"]}]},{"@type":"ImageObject","inLanguage":"pt-BR","@id":"https:\/\/faculdade.grancursosonline.com.br\/blog\/educacao-e-inovacao\/#primaryimage","url":"https:\/\/blog-es-static.infra.grancursosonline.com.br\/wp-content\/uploads\/2024\/11\/27094135\/educacao-inovacao.jpg","contentUrl":"https:\/\/blog-es-static.infra.grancursosonline.com.br\/wp-content\/uploads\/2024\/11\/27094135\/educacao-inovacao.jpg","width":1001,"height":601},{"@type":"BreadcrumbList","@id":"https:\/\/faculdade.grancursosonline.com.br\/blog\/educacao-e-inovacao\/#breadcrumb","itemListElement":[{"@type":"ListItem","position":1,"name":"In\u00edcio","item":"https:\/\/faculdade.grancursosonline.com.br\/blog\/"},{"@type":"ListItem","position":2,"name":"P\u00f3s-Gradua\u00e7\u00e3o Gran Faculdade","item":"https:\/\/faculdade.grancursosonline.com.br\/blog\/pos-graduacao\/"},{"@type":"ListItem","position":3,"name":"Educa\u00e7\u00e3o e Inova\u00e7\u00e3o: Cultura Maker, IA e Rob\u00f3tica"}]},{"@type":"WebSite","@id":"https:\/\/faculdade.grancursosonline.com.br\/blog\/#website","url":"https:\/\/faculdade.grancursosonline.com.br\/blog\/","name":"Blog Gran Faculdade","description":"Tudo sobre ensino superior, p\u00f3s-gradua\u00e7\u00e3o, enem e carreira.","publisher":{"@id":"https:\/\/faculdade.grancursosonline.com.br\/blog\/#organization"},"potentialAction":[{"@type":"SearchAction","target":{"@type":"EntryPoint","urlTemplate":"https:\/\/faculdade.grancursosonline.com.br\/blog\/?s={search_term_string}"},"query-input":{"@type":"PropertyValueSpecification","valueRequired":true,"valueName":"search_term_string"}}],"inLanguage":"pt-BR"},{"@type":"Organization","@id":"https:\/\/faculdade.grancursosonline.com.br\/blog\/#organization","name":"Gran Cursos Online","url":"https:\/\/faculdade.grancursosonline.com.br\/blog\/","logo":{"@type":"ImageObject","inLanguage":"pt-BR","@id":"https:\/\/faculdade.grancursosonline.com.br\/blog\/#\/schema\/logo\/image\/","url":"https:\/\/blog-es-static.infra.grancursosonline.com.br\/wp-content\/uploads\/2019\/08\/03123934\/logo.png","contentUrl":"https:\/\/blog-es-static.infra.grancursosonline.com.br\/wp-content\/uploads\/2019\/08\/03123934\/logo.png","width":300,"height":57,"caption":"Gran Cursos Online"},"image":{"@id":"https:\/\/faculdade.grancursosonline.com.br\/blog\/#\/schema\/logo\/image\/"},"sameAs":["https:\/\/www.facebook.com\/grancursosonline\/","https:\/\/x.com\/gran_online","https:\/\/www.instagram.com\/grancursosonline\/","https:\/\/www.youtube.com\/user\/grancursostv"]},{"@type":"Person","@id":"https:\/\/faculdade.grancursosonline.com.br\/blog\/#\/schema\/person\/14e0fa771c0614c4b7434ee70589c075","name":"Aline Damettos","url":"https:\/\/faculdade.grancursosonline.com.br\/blog\/author\/aline-damettos\/"}]}},"_links":{"self":[{"href":"https:\/\/faculdade.grancursosonline.com.br\/blog\/wp-json\/wp\/v2\/posts\/79749991","targetHints":{"allow":["GET"]}}],"collection":[{"href":"https:\/\/faculdade.grancursosonline.com.br\/blog\/wp-json\/wp\/v2\/posts"}],"about":[{"href":"https:\/\/faculdade.grancursosonline.com.br\/blog\/wp-json\/wp\/v2\/types\/post"}],"author":[{"embeddable":true,"href":"https:\/\/faculdade.grancursosonline.com.br\/blog\/wp-json\/wp\/v2\/users\/525"}],"replies":[{"embeddable":true,"href":"https:\/\/faculdade.grancursosonline.com.br\/blog\/wp-json\/wp\/v2\/comments?post=79749991"}],"version-history":[{"count":4,"href":"https:\/\/faculdade.grancursosonline.com.br\/blog\/wp-json\/wp\/v2\/posts\/79749991\/revisions"}],"predecessor-version":[{"id":79764341,"href":"https:\/\/faculdade.grancursosonline.com.br\/blog\/wp-json\/wp\/v2\/posts\/79749991\/revisions\/79764341"}],"wp:featuredmedia":[{"embeddable":true,"href":"https:\/\/faculdade.grancursosonline.com.br\/blog\/wp-json\/wp\/v2\/media\/79749992"}],"wp:attachment":[{"href":"https:\/\/faculdade.grancursosonline.com.br\/blog\/wp-json\/wp\/v2\/media?parent=79749991"}],"wp:term":[{"taxonomy":"category","embeddable":true,"href":"https:\/\/faculdade.grancursosonline.com.br\/blog\/wp-json\/wp\/v2\/categories?post=79749991"},{"taxonomy":"post_tag","embeddable":true,"href":"https:\/\/faculdade.grancursosonline.com.br\/blog\/wp-json\/wp\/v2\/tags?post=79749991"}],"curies":[{"name":"wp","href":"https:\/\/api.w.org\/{rel}","templated":true}]}}