{"id":79750048,"date":"2025-11-28T13:48:30","date_gmt":"2025-11-28T16:48:30","guid":{"rendered":"https:\/\/faculdade.grancursosonline.com.br\/blog\/?p=79750048"},"modified":"2025-12-08T09:02:56","modified_gmt":"2025-12-08T12:02:56","slug":"black-friday-inicie-hoje-a-sua-graduacao","status":"publish","type":"post","link":"https:\/\/faculdade.grancursosonline.com.br\/blog\/black-friday-inicie-hoje-a-sua-graduacao\/","title":{"rendered":"Black Friday: inicie hoje a sua gradua\u00e7\u00e3o com a Gran Faculdade e ganhe b\u00f4nus!"},"content":{"rendered":"\n<p>Fique por dentro das ofertas imperd\u00edveis da \u00fanica Black Friday que vai mudar a sua vida e matricule-se em uma gradua\u00e7\u00e3o com desconto por todo o curso. Al\u00e9m disso, voc\u00ea ir\u00e1 ganhar b\u00f4nus nunca antes ofertados!<br><\/p>\n\n\n\n<div class=\"wp-block-columns is-layout-flex wp-container-core-columns-is-layout-9d6595d7 wp-block-columns-is-layout-flex\">\n<div class=\"wp-block-column is-layout-flow wp-block-column-is-layout-flow\" style=\"flex-basis:100%\"><div class=\"wp-block-image\">\n<figure class=\"aligncenter size-full\"><a href=\"https:\/\/whatsapp.com\/channel\/0029VaG1sChI7Be7PNndhL43\" target=\"_blank\" rel=\"noopener\"><img decoding=\"async\" src=\"https:\/\/blog-es-static.infra.grancursosonline.com.br\/wp-content\/uploads\/2025\/09\/09112354\/banner-wp-600x142-80.webp\" alt=\"Acesse o canal do WhatsApp da Gran Faculdade\" class=\"wp-image-79751904\"\/><\/a><\/figure>\n<\/div><\/div>\n<\/div>\n\n\n\n<p>Acompanhe o conte\u00fado e veja como aproveitar uma oportunidade hist\u00f3rica, ou navegue pelo \u00edndice se preferir:<\/p>\n\n\n\n<ul class=\"wp-block-list\">\n<li><a href=\"#h-o-que-e-a-black-friday-da-gran-faculdade\">O que \u00e9 a Black Friday da Gran Faculdade?<\/a><\/li>\n\n\n\n<li><a href=\"#h-quais-os-cursos-de-graduacao-da-gran-faculdade\">Quais os cursos de Gradua\u00e7\u00e3o da Gran Faculdade?<\/a><\/li>\n\n\n\n<li><a href=\"#h-ofertas-black-friday-gran-faculdade\">Oferta Black Friday Gran Faculdade<\/a><\/li>\n\n\n\n<li><a href=\"#h-vale-a-pena-comecar-uma-graduacao-ead-na-black-friday\">Vale a pena come\u00e7ar uma gradua\u00e7\u00e3o EAD na Black Friday?<\/a><\/li>\n\n\n\n<li><a href=\"#h-como-aproveitar-a-black-friday-para-iniciar-uma-faculdade-online\">Como aproveitar a Black Friday para iniciar uma faculdade online?<\/a><\/li>\n\n\n\n<li><a href=\"#h-vem-pra-gran-faculdade\">Vem pra Gran Faculdade!<\/a><\/li>\n<\/ul>\n\n\n\n<h2 class=\"wp-block-heading\" id=\"h-o-que-e-a-black-friday-da-gran-faculdade\"><strong>O que \u00e9 a Black Friday da Gran Faculdade?<\/strong><br><\/h2>\n\n\n\n<p>A Black Friday tem ganhado for\u00e7a no mercado nacional com promo\u00e7\u00f5es em diversos nichos e condi\u00e7\u00f5es especiais em variados produtos. Seja em bens de consumo ou investimentos a longo prazo, as oportunidades s\u00e3o imediatas e limitadas.<\/p>\n\n\n\n<p>Para acompanhar essa tend\u00eancia, a Gran Faculdade resolveu revolucionar e fazer uma oferta hist\u00f3rica. Al\u00e9m dos descontos in\u00e9ditos para cursos de Gradua\u00e7\u00e3o, P\u00f3s e MBA, os(as) estudantes que quiserem come\u00e7ar uma faculdade agora v\u00e3o ter acesso a b\u00f4nus imperd\u00edveis. Vamos entender mais? Confira!<\/p>\n\n\n\n<h2 class=\"wp-block-heading\" id=\"h-oferta-black-friday-gran-faculdade\"><strong>Oferta Black Friday Gran Faculdade<\/strong><\/h2>\n\n\n\n<p>A oferta principal e in\u00e9dita da Black Friday da Gran Faculdade \u00e9:<\/p>\n\n\n\n<p>Matricule-se na <strong>gradua\u00e7\u00e3o por 12x de R$ 99,90 e ganhe uma p\u00f3s + 6 cursos<\/strong> que v\u00e3o te tornar um profissional qualificado e desejado pelo mercado.<\/p>\n\n\n\n<p>Ou seja: todo o pacote necess\u00e1rio para voc\u00ea dar uma virada na sua carreira, com dois diplomas essenciais para transformar a sua vida por menos de R$ 100\/m\u00eas.<\/p>\n\n\n\n<p>Mas aten\u00e7\u00e3o: essa \u00e9 a melhor oportunidade do ano e deve durar at\u00e9 o preenchimento das vagas dispon\u00edveis.<\/p>\n\n\n\n<p>N\u00e3o perca a chance de terminar 2025 investindo em voc\u00ea e no seu futuro. Comece j\u00e1!<\/p>\n\n\n\n<h2 class=\"wp-block-heading\" id=\"h-quais-os-cursos-de-graduacao-da-gran-faculdade\"><strong>Quais os cursos de Gradua\u00e7\u00e3o da Gran Faculdade?<\/strong><\/h2>\n\n\n\n<p>Atualmente, a Gran Faculdade oferece mais de 30 cursos de gradua\u00e7\u00e3o EAD, permitindo que voc\u00ea estude onde e quando quiser, adaptando os estudos \u00e0 sua rotina. Explore nossas op\u00e7\u00f5es de <a href=\"https:\/\/faculdade.grancursosonline.com.br\/nossos-cursos\/\" target=\"_blank\" rel=\"noopener\">cursos<\/a> e encontre o ideal para voc\u00ea!<\/p>\n\n\n\n<h3 class=\"wp-block-heading\" id=\"h-quais-sao-os-6-cursos-inclusos-na-oferta-da-black-friday-2025\">Quais s\u00e3o os 6 cursos inclusos na oferta da Black Friday 2025?<\/h3>\n\n\n\n<ul class=\"wp-block-list\">\n<li>Novas Tecnologias e o Mercado de Trabalho;<\/li>\n\n\n\n<li>Gest\u00e3o do Trabalho: as rela\u00e7\u00f5es interpessoais e o ambiente profissional;<\/li>\n\n\n\n<li>Agilidade na Pr\u00e1tica: Transformando Projetos e Equipes;<\/li>\n\n\n\n<li>Constru\u00e7\u00e3o de uma carteira de investimentos;<\/li>\n\n\n\n<li>Comunica\u00e7\u00e3o e Marketing Digital;<\/li>\n\n\n\n<li>Lideran\u00e7a;<\/li>\n<\/ul>\n\n\n\n<h2 class=\"wp-block-heading\" id=\"conheca\">Conhe\u00e7a os cursos de p\u00f3s-gradua\u00e7\u00e3o do Gran!<\/h2>\n\n\n\n<p>Aqui na <a href=\"https:\/\/faculdade.grancursosonline.com.br\/\" target=\"_blank\" rel=\"noreferrer noopener\">Gran Faculdade<\/a>, os <a href=\"https:\/\/pos.grancursosonline.com.br\/nossos-cursos\" target=\"_blank\" rel=\"noreferrer noopener\">cursos de p\u00f3s-gradua\u00e7\u00e3o EAD<\/a> s\u00e3o especializa\u00e7\u00f5es 100% online que otimizam tamb\u00e9m seus estudos para concursos e podem ser conclu\u00eddos entre 6 e 18 meses.<\/p>\n\n\n\n<p>S\u00e3o mais de 80 op\u00e7\u00f5es de cursos de especializa\u00e7\u00e3o EAD para as \u00e1reas de Gest\u00e3o, Educa\u00e7\u00e3o, Direito, Policial, Tecnologia e Engenharia. Dessa forma, voc\u00ea estuda em uma institui\u00e7\u00e3o reconhecida com nota m\u00e1xima pelo MEC, com mensalidades que cabem no seu bolso, de acordo com seu tempo e rotina!<\/p>\n\n\n\n<p>Confira nossos cursos, fa\u00e7a sua matr\u00edcula e comece hoje mesmo seu curso de <a href=\"https:\/\/blog.grancursosonline.com.br\/pos-ead-como-tirar-duvidas\/\" target=\"_blank\" rel=\"noreferrer noopener\">p\u00f3s EAD<\/a> da Gran Faculdade. Clique na sua \u00e1rea de interesse e encontre a p\u00f3s-gradua\u00e7\u00e3o que voc\u00ea deseja fazer com o Gran:<\/p>\n\n\n\n<ul class=\"wp-block-list\">\n<li><a href=\"https:\/\/pos.grancursosonline.com.br\/nossos-cursos?category=educacao\" target=\"_blank\" rel=\"noreferrer noopener\">Educa\u00e7\u00e3o<\/a><\/li>\n\n\n\n<li><a href=\"https:\/\/pos.grancursosonline.com.br\/nossos-cursos?category=administracao\" target=\"_blank\" rel=\"noreferrer noopener\">Gest\u00e3o<\/a><\/li>\n\n\n\n<li><a href=\"https:\/\/pos.grancursosonline.com.br\/nossos-cursos?category=tecnologia-da-informacao\" target=\"_blank\" rel=\"noreferrer noopener\">Tecnologia<\/a><\/li>\n\n\n\n<li><a href=\"https:\/\/pos.grancursosonline.com.br\/nossos-cursos?category=policial\" target=\"_blank\" rel=\"noreferrer noopener\">Policial<\/a><\/li>\n\n\n\n<li><a href=\"https:\/\/pos.grancursosonline.com.br\/nossos-cursos?category=saude\" target=\"_blank\" rel=\"noreferrer noopener\">Sa\u00fade<\/a><\/li>\n\n\n\n<li><a href=\"https:\/\/pos.grancursosonline.com.br\/nossos-cursos?category=engenharia\" target=\"_blank\" rel=\"noreferrer noopener\">Engenharia<\/a><\/li>\n\n\n\n<li><a href=\"https:\/\/pos.grancursosonline.com.br\/nossos-cursos?category=controle&amp;category=economia&amp;category=fiscal\" target=\"_blank\" rel=\"noreferrer noopener\">Finan\u00e7as<\/a> (Controle e Contabilidade, Economia e Fiscal)<\/li>\n\n\n\n<li><a href=\"https:\/\/pos.grancursosonline.com.br\/nossos-cursos?category=advocacia&amp;category=direito&amp;category=magistratura\" target=\"_blank\" rel=\"noreferrer noopener\">Jur\u00eddicas<\/a> (Direito, Advocacia e Magistratura)<\/li>\n<\/ul>\n\n\n\n<p>S\u00e3o muitos b\u00f4nus e vantagens para voc\u00ea se tornar aluno(a) da Gran Faculdade! N\u00e3o perca a oportunidade de aproveita a melhor oferta do ano e come\u00e7ar o seu curso agora!<\/p>\n\n\n\n<h2 class=\"wp-block-heading\" id=\"h-vem-pra-gran-faculdade\">Vem pra Gran Faculdade!<\/h2>\n\n\n\n<p>Al\u00e9m de toda essa oportunidade, confira mais alguns diferenciais da Gran Faculdade para alavancar a sua carreira:<\/p>\n\n\n\n<ul class=\"wp-block-list\">\n<li>Entrada imediata para voc\u00ea n\u00e3o precisar aguardar o in\u00edcio de um novo semestre letivo para come\u00e7ar a conquistar seu diploma &#8211; voc\u00ea se matricula e pode come\u00e7ar o curso no mesmo dia;<\/li>\n\n\n\n<li>Faculdade EAD com curso 100% digital que possibilita conciliar a rotina do dia a dia com os estudos;<\/li>\n\n\n\n<li>Plataforma simples e intuitiva, assim, voc\u00ea estuda de onde estiver, em qualquer dispositivo;<\/li>\n\n\n\n<li>Professores renomados, did\u00e1ticos e que preparam os alunos para a pr\u00e1tica profissional;<\/li>\n\n\n\n<li>Mensalidades que cabem no seu bolso para que voc\u00ea possa realizar seus sonhos, com valores fixos ao longo de todo o curso, sem pegadinhas ou letras mi\u00fadas;<\/li>\n\n\n\n<li>Acessibilidade e ferramentas de inclus\u00e3o, afinal, aqui, todo mundo pode! E muito mais.<\/li>\n<\/ul>\n\n\n\n<h2 class=\"wp-block-heading\" id=\"h-vale-a-pena-comecar-uma-graduacao-ead-na-black-friday\"><strong>Vale a pena come\u00e7ar uma gradua\u00e7\u00e3o EAD na Black Friday?<\/strong><br><\/h2>\n\n\n\n<p>A Black Friday 2025 \u00e9 uma excelente oportunidade para iniciar uma gradua\u00e7\u00e3o EAD, j\u00e1 que voc\u00ea pode aproveitar descontos que podem n\u00e3o se repetir. Al\u00e9m disso, investir em educa\u00e7\u00e3o nesse per\u00edodo permite come\u00e7ar uma nova etapa de vida com economia significativa e condi\u00e7\u00f5es especiais.<\/p>\n\n\n\n<p>Mesmo que a oferta seja oferecida durante a Black Friday, o desconto oferecido se estende por todo o curso, garantindo uma mensalidade mais acess\u00edvel do in\u00edcio ao fim. Isso torna o planejamento financeiro ainda mais f\u00e1cil e seguro.<\/p>\n\n\n\n<p>Aproveitar essa chance pode ser o incentivo necess\u00e1rio para transformar seus sonhos em realidade. Com flexibilidade do EAD e pre\u00e7os reduzidos, voc\u00ea pode alcan\u00e7ar sua forma\u00e7\u00e3o com qualidade e sem pesar no bolso.<\/p>\n\n\n\n<h2 class=\"wp-block-heading\" id=\"h-como-aproveitar-a-black-friday-para-iniciar-uma-faculdade-online\"><strong>Como aproveitar a Black Friday para iniciar uma faculdade online?<\/strong><\/h2>\n\n\n\n<p>Viu como a\u00a0 Black Friday do Gran \u00e9 a \u00fanica que vai mudar a sua vida?\u00a0 Aproveite os descontos imperd\u00edveis e as vantagens exclusivas para conquistar seu diploma de gradua\u00e7\u00e3o com a Gran Faculdade, em cursos EAD (100% online) com condi\u00e7\u00f5es especiais e acess\u00edveis.<\/p>\n\n\n\n<p>N\u00e3o perca a oportunidade de investir na sua forma\u00e7\u00e3o com quem \u00e9 refer\u00eancia em educa\u00e7\u00e3o! A Black Friday do Gran \u00e9 o momento que vai mudar a sua jornada profissional!<\/p>\n\n\n\n<p>Confira todos os descontos clicando <a href=\"https:\/\/faculdade.grancursosonline.com.br\/\" target=\"_blank\" rel=\"noopener\">aqui<\/a>.<\/p>\n\n\n\n<h2 class=\"wp-block-heading\" id=\"h-nao-perca-dinheiro-na-black-friday\">N\u00e3o perca dinheiro na Black Friday!<\/h2>\n\n\n\n<p>A Black Friday \u00e9 um dos eventos mais aguardados do ano para quem quer economizar, mas tamb\u00e9m pode se tornar uma armadilha financeira se n\u00e3o for aproveitada de maneira estrat\u00e9gica. Por isso, \u00e9 fundamental estar preparado e saber identificar as reais oportunidades. <\/p>\n\n\n\n<p>Neste e-book, vamos abordar dicas pr\u00e1ticas e eficazes para evitar desperd\u00edcios e garantir que suas compras sejam realmente econ\u00f4micas. O nosso objetivo \u00e9 te ajudar a estar atento e conseguir aproveitar a Black Friday de forma inteligente e eficiente, sem impactos negativos ou preju\u00edzos financeiros!<\/p>\n\n\n\n<p>Preencha o formul\u00e1rio abaixo e acesse:<\/p>\n\n\n\n\ufeff\ufeff<script charset=\"utf-8\" type=\"text\/javascript\" src=\"\/\/js.hsforms.net\/forms\/embed\/v2.js\"><\/script>\n<script>\nhbspt.forms.create({\nportalId: \"302036\",\nformId: \"f9930e55-fdc2-4671-8812-0cbce5fb4c1e\"\n});\n<\/script>\n\n\n\n<div class=\"wp-block-group has-background\" style=\"background-color:#8dd2fc7a\"><div class=\"wp-block-group__inner-container is-layout-constrained wp-block-group-is-layout-constrained\">\n<p><strong>Outras not\u00edcias em destaque:<\/strong><\/p>\n\n\n\n<ul class=\"wp-block-list\">\n<li><a href=\"https:\/\/faculdade.grancursosonline.com.br\/blog\/cursos-livres\/\">Cursos livres: o que s\u00e3o e para que servem?<\/a><\/li>\n\n\n\n<li><a href=\"https:\/\/faculdade.grancursosonline.com.br\/blog\/black-friday-graduacao-ead\/\" target=\"_blank\" rel=\"noopener\">Black Friday Gradua\u00e7\u00e3o EAD: conquiste seu diploma!<\/a><\/li>\n\n\n\n<li><a href=\"https:\/\/faculdade.grancursosonline.com.br\/blog\/black-friday-do-gran-curitiba\/\" target=\"_blank\" rel=\"noopener\">O que \u00e9 a Black Friday do Gran Curitiba? Aproveite os descontos!<\/a><\/li>\n<\/ul>\n<\/div><\/div>\n\n\n\n<div class=\"wp-block-group\"><div class=\"wp-block-group__inner-container is-layout-constrained wp-block-group-is-layout-constrained\">\n<div class=\"wp-block-group\"><div class=\"wp-block-group__inner-container is-layout-constrained wp-block-group-is-layout-constrained\">\n<section style=\"text-align: center;\">\n<p>Quer ficar por dentro da Faculdade Digital mais inovadora do Brasil?<\/p>\n<nav>\n<p class=\"has-background has-dark-bluish-background-color\" style=\"font-size: 25px; text-align: center; background: #f0f0f0; color: #ffffff; padding: 4px 0px 4xp 0px;\"><a style=\"color: #0d134c; text-decoration: underline;\" href=\"https:\/\/faculdade.grancursosonline.com.br\/\" target=\"_blank\" rel=\"noopener\">GRADUA\u00c7\u00c3O<\/a><\/p>\n<p class=\"has-background has-dark-bluish-background-color\" style=\"font-size: 25px; text-align: center; background: #f0f0f0; color: #ffffff; padding: 4px 0px 4xp 0px;\"><a style=\"color: #0d134c; text-decoration: underline;\" href=\"https:\/\/pos.grancursosonline.com.br\/\" target=\"_blank\" rel=\"noopener\">P\u00d3S-GRADUA\u00c7\u00c3O<\/a><\/p>\n<p class=\"has-background has-dark-bluish-background-color\" style=\"font-size: 25px; text-align: center; background: #f0f0f0; color: #ffffff; padding: 4px 0px 4xp 0px;\"><a style=\"color: #0d134c; text-decoration: underline;\" href=\"https:\/\/faculdade.grancursosonline.com.br\/nossos-cursos\/\" target=\"_blank\" rel=\"noopener\">TUDO SOBRE A GRAN FACULDADE<\/a><\/p>\n<\/nav>\n<p><strong>Receba <span style=\"color: #cf1e25;\">gratuitamente<\/span> no seu celular as principais not\u00edcias sobre a Gran Faculdade! <br \/>Clique no link abaixo e inscreva-se:<\/strong><\/p>\n<p class=\"has-background has-dark-bluish-background-color\" style=\"font-size: 25px; text-align: center; background: #f0f0f0; color: #ffffff; padding: 4px 0px 4xp 0px;\"><a style=\"color: #0d134c; text-decoration: underline;\" href=\"https:\/\/whatsapp.com\/channel\/0029VaG1sChI7Be7PNndhL43\" target=\"_blank\" rel=\"noopener noreferrer\">WHATSAPP<\/a><\/p>\n<p class=\"has-background has-dark-bluish-background-color\" style=\"font-size: 25px; text-align: center; background: #f0f0f0; color: #ffffff; padding: 4px 0px 4xp 0px;\"><a style=\"color: #0d134c; text-decoration: underline;\" href=\"https:\/\/t.me\/GranFaculdade\" target=\"_blank\" rel=\"noopener noreferrer\">TELEGRAM<\/a><\/p>\n<\/section>\n<\/div><\/div>\n<\/div><\/div>\n\n\n\n<p><br><\/p>\n","protected":false},"excerpt":{"rendered":"<p>Fique por dentro das ofertas imperd\u00edveis da \u00fanica Black Friday que vai mudar a sua vida e matricule-se em uma gradua\u00e7\u00e3o com desconto por todo o curso. Al\u00e9m disso, voc\u00ea ir\u00e1 ganhar b\u00f4nus nunca antes ofertados! Acompanhe o conte\u00fado e veja como aproveitar uma oportunidade hist\u00f3rica, ou navegue pelo \u00edndice se preferir: O que \u00e9&hellip;<\/p>\n","protected":false},"author":514,"featured_media":79758916,"comment_status":"open","ping_status":"open","sticky":true,"template":"","format":"standard","meta":{"_acf_changed":false,"content-type":"","footnotes":""},"categories":[219790,218545,2],"tags":[],"class_list":["post-79750048","post","type-post","status-publish","format-standard","has-post-thumbnail","hentry","category-graduacao-ead","category-graduacao","category-ultimas-noticias"],"acf":[],"yoast_head":"<!-- This site is optimized with the Yoast SEO Premium plugin v27.2 (Yoast SEO v27.2) - https:\/\/yoast.com\/product\/yoast-seo-premium-wordpress\/ -->\n<title>Black Friday: inicie hoje a sua gradua\u00e7\u00e3o com a Gran Faculdade e ganhe b\u00f4nus!<\/title>\n<meta name=\"description\" content=\"Confira os descontos imperd\u00edveis da \u00fanica Black Friday que vai mudar a sua vida e descubra ainda o b\u00f4nus nunca antes visto!\" \/>\n<meta name=\"robots\" content=\"index, follow, max-snippet:-1, max-image-preview:large, max-video-preview:-1\" \/>\n<link rel=\"canonical\" href=\"https:\/\/faculdade.grancursosonline.com.br\/blog\/black-friday-inicie-hoje-a-sua-graduacao\/\" \/>\n<meta property=\"og:locale\" content=\"pt_BR\" \/>\n<meta property=\"og:type\" content=\"article\" \/>\n<meta property=\"og:title\" content=\"Black Friday: inicie hoje a sua gradua\u00e7\u00e3o com a Gran Faculdade e ganhe b\u00f4nus!\" \/>\n<meta property=\"og:description\" content=\"Confira os descontos imperd\u00edveis da \u00fanica Black Friday que vai mudar a sua vida e descubra ainda o b\u00f4nus nunca antes visto!\" \/>\n<meta property=\"og:url\" content=\"https:\/\/faculdade.grancursosonline.com.br\/blog\/black-friday-inicie-hoje-a-sua-graduacao\/\" \/>\n<meta property=\"og:site_name\" content=\"Blog Gran Faculdade\" \/>\n<meta property=\"article:publisher\" content=\"https:\/\/www.facebook.com\/grancursosonline\/\" \/>\n<meta property=\"article:published_time\" content=\"2025-11-28T16:48:30+00:00\" \/>\n<meta property=\"article:modified_time\" content=\"2025-12-08T12:02:56+00:00\" \/>\n<meta property=\"og:image\" content=\"https:\/\/blog-es-static.infra.grancursosonline.com.br\/wp-content\/uploads\/2024\/11\/28172536\/black-friday-inicie-hoje-a-sua-graduacao-com-a-Gran-Faculdade.jpg\" \/>\n\t<meta property=\"og:image:width\" content=\"510\" \/>\n\t<meta property=\"og:image:height\" content=\"310\" \/>\n\t<meta property=\"og:image:type\" content=\"image\/jpeg\" \/>\n<meta name=\"author\" content=\"Guilherme Henrique\" \/>\n<meta name=\"twitter:card\" content=\"summary_large_image\" \/>\n<meta name=\"twitter:creator\" content=\"@gran_online\" \/>\n<meta name=\"twitter:site\" content=\"@gran_online\" \/>\n<meta name=\"twitter:label1\" content=\"Written by\" \/>\n\t<meta name=\"twitter:data1\" content=\"Guilherme Henrique\" \/>\n\t<meta name=\"twitter:label2\" content=\"Est. reading time\" \/>\n\t<meta name=\"twitter:data2\" content=\"23 minutos\" \/>\n<script type=\"application\/ld+json\" class=\"yoast-schema-graph\">{\"@context\":\"https:\/\/schema.org\",\"@graph\":[{\"@type\":\"NewsArticle\",\"@id\":\"https:\/\/faculdade.grancursosonline.com.br\/blog\/black-friday-inicie-hoje-a-sua-graduacao\/#article\",\"isPartOf\":{\"@id\":\"https:\/\/faculdade.grancursosonline.com.br\/blog\/black-friday-inicie-hoje-a-sua-graduacao\/\"},\"author\":{\"name\":\"Guilherme Henrique\",\"@id\":\"https:\/\/faculdade.grancursosonline.com.br\/blog\/#\/schema\/person\/9745f9b6db8976613c1f439dbcfe717d\"},\"headline\":\"Black Friday: inicie hoje a sua gradua\u00e7\u00e3o com a Gran Faculdade e ganhe b\u00f4nus!\",\"datePublished\":\"2025-11-28T16:48:30+00:00\",\"dateModified\":\"2025-12-08T12:02:56+00:00\",\"mainEntityOfPage\":{\"@id\":\"https:\/\/faculdade.grancursosonline.com.br\/blog\/black-friday-inicie-hoje-a-sua-graduacao\/\"},\"wordCount\":754,\"commentCount\":0,\"publisher\":{\"@id\":\"https:\/\/faculdade.grancursosonline.com.br\/blog\/#organization\"},\"image\":{\"@id\":\"https:\/\/faculdade.grancursosonline.com.br\/blog\/black-friday-inicie-hoje-a-sua-graduacao\/#primaryimage\"},\"thumbnailUrl\":\"https:\/\/blog-es-static.infra.grancursosonline.com.br\/wp-content\/uploads\/2024\/11\/27162218\/gran-faculdade-black.png\",\"articleSection\":[\"Gradua\u00e7\u00e3o EAD\",\"Gradua\u00e7\u00e3o Gran Faculdade\",\"\u00daltimas Not\u00edcias\"],\"inLanguage\":\"pt-BR\",\"potentialAction\":[{\"@type\":\"CommentAction\",\"name\":\"Comment\",\"target\":[\"https:\/\/faculdade.grancursosonline.com.br\/blog\/black-friday-inicie-hoje-a-sua-graduacao\/#respond\"]}],\"copyrightYear\":\"2025\",\"copyrightHolder\":{\"@id\":\"https:\/\/faculdade.grancursosonline.com.br\/blog\/#organization\"}},{\"@type\":\"WebPage\",\"@id\":\"https:\/\/faculdade.grancursosonline.com.br\/blog\/black-friday-inicie-hoje-a-sua-graduacao\/\",\"url\":\"https:\/\/faculdade.grancursosonline.com.br\/blog\/black-friday-inicie-hoje-a-sua-graduacao\/\",\"name\":\"Black Friday: inicie hoje a sua gradua\u00e7\u00e3o com a Gran Faculdade e ganhe b\u00f4nus!\",\"isPartOf\":{\"@id\":\"https:\/\/faculdade.grancursosonline.com.br\/blog\/#website\"},\"primaryImageOfPage\":{\"@id\":\"https:\/\/faculdade.grancursosonline.com.br\/blog\/black-friday-inicie-hoje-a-sua-graduacao\/#primaryimage\"},\"image\":{\"@id\":\"https:\/\/faculdade.grancursosonline.com.br\/blog\/black-friday-inicie-hoje-a-sua-graduacao\/#primaryimage\"},\"thumbnailUrl\":\"https:\/\/blog-es-static.infra.grancursosonline.com.br\/wp-content\/uploads\/2024\/11\/27162218\/gran-faculdade-black.png\",\"datePublished\":\"2025-11-28T16:48:30+00:00\",\"dateModified\":\"2025-12-08T12:02:56+00:00\",\"description\":\"Confira os descontos imperd\u00edveis da \u00fanica Black Friday que vai mudar a sua vida e descubra ainda o b\u00f4nus nunca antes visto!\",\"breadcrumb\":{\"@id\":\"https:\/\/faculdade.grancursosonline.com.br\/blog\/black-friday-inicie-hoje-a-sua-graduacao\/#breadcrumb\"},\"inLanguage\":\"pt-BR\",\"potentialAction\":[{\"@type\":\"ReadAction\",\"target\":[\"https:\/\/faculdade.grancursosonline.com.br\/blog\/black-friday-inicie-hoje-a-sua-graduacao\/\"]}]},{\"@type\":\"ImageObject\",\"inLanguage\":\"pt-BR\",\"@id\":\"https:\/\/faculdade.grancursosonline.com.br\/blog\/black-friday-inicie-hoje-a-sua-graduacao\/#primaryimage\",\"url\":\"https:\/\/blog-es-static.infra.grancursosonline.com.br\/wp-content\/uploads\/2024\/11\/27162218\/gran-faculdade-black.png\",\"contentUrl\":\"https:\/\/blog-es-static.infra.grancursosonline.com.br\/wp-content\/uploads\/2024\/11\/27162218\/gran-faculdade-black.png\",\"width\":1200,\"height\":628},{\"@type\":\"BreadcrumbList\",\"@id\":\"https:\/\/faculdade.grancursosonline.com.br\/blog\/black-friday-inicie-hoje-a-sua-graduacao\/#breadcrumb\",\"itemListElement\":[{\"@type\":\"ListItem\",\"position\":1,\"name\":\"In\u00edcio\",\"item\":\"https:\/\/faculdade.grancursosonline.com.br\/blog\/\"},{\"@type\":\"ListItem\",\"position\":2,\"name\":\"\u00daltimas Not\u00edcias\",\"item\":\"https:\/\/faculdade.grancursosonline.com.br\/blog\/ultimas-noticias\/\"},{\"@type\":\"ListItem\",\"position\":3,\"name\":\"Black Friday: inicie hoje a sua gradua\u00e7\u00e3o com a Gran Faculdade e ganhe b\u00f4nus!\"}]},{\"@type\":\"WebSite\",\"@id\":\"https:\/\/faculdade.grancursosonline.com.br\/blog\/#website\",\"url\":\"https:\/\/faculdade.grancursosonline.com.br\/blog\/\",\"name\":\"Blog Gran Faculdade\",\"description\":\"Tudo sobre ensino superior, p\u00f3s-gradua\u00e7\u00e3o, enem e carreira.\",\"publisher\":{\"@id\":\"https:\/\/faculdade.grancursosonline.com.br\/blog\/#organization\"},\"potentialAction\":[{\"@type\":\"SearchAction\",\"target\":{\"@type\":\"EntryPoint\",\"urlTemplate\":\"https:\/\/faculdade.grancursosonline.com.br\/blog\/?s={search_term_string}\"},\"query-input\":{\"@type\":\"PropertyValueSpecification\",\"valueRequired\":true,\"valueName\":\"search_term_string\"}}],\"inLanguage\":\"pt-BR\"},{\"@type\":\"Organization\",\"@id\":\"https:\/\/faculdade.grancursosonline.com.br\/blog\/#organization\",\"name\":\"Gran Cursos Online\",\"url\":\"https:\/\/faculdade.grancursosonline.com.br\/blog\/\",\"logo\":{\"@type\":\"ImageObject\",\"inLanguage\":\"pt-BR\",\"@id\":\"https:\/\/faculdade.grancursosonline.com.br\/blog\/#\/schema\/logo\/image\/\",\"url\":\"https:\/\/blog-es-static.infra.grancursosonline.com.br\/wp-content\/uploads\/2019\/08\/03123934\/logo.png\",\"contentUrl\":\"https:\/\/blog-es-static.infra.grancursosonline.com.br\/wp-content\/uploads\/2019\/08\/03123934\/logo.png\",\"width\":300,\"height\":57,\"caption\":\"Gran Cursos Online\"},\"image\":{\"@id\":\"https:\/\/faculdade.grancursosonline.com.br\/blog\/#\/schema\/logo\/image\/\"},\"sameAs\":[\"https:\/\/www.facebook.com\/grancursosonline\/\",\"https:\/\/x.com\/gran_online\",\"https:\/\/www.instagram.com\/grancursosonline\/\",\"https:\/\/www.youtube.com\/user\/grancursostv\"]},{\"@type\":\"Person\",\"@id\":\"https:\/\/faculdade.grancursosonline.com.br\/blog\/#\/schema\/person\/9745f9b6db8976613c1f439dbcfe717d\",\"name\":\"Guilherme Henrique\",\"url\":\"https:\/\/faculdade.grancursosonline.com.br\/blog\/author\/guilherme-lourenco\/\"}]}<\/script>\n<!-- \/ Yoast SEO Premium plugin. -->","yoast_head_json":{"title":"Black Friday: inicie hoje a sua gradua\u00e7\u00e3o com a Gran Faculdade e ganhe b\u00f4nus!","description":"Confira os descontos imperd\u00edveis da \u00fanica Black Friday que vai mudar a sua vida e descubra ainda o b\u00f4nus nunca antes visto!","robots":{"index":"index","follow":"follow","max-snippet":"max-snippet:-1","max-image-preview":"max-image-preview:large","max-video-preview":"max-video-preview:-1"},"canonical":"https:\/\/faculdade.grancursosonline.com.br\/blog\/black-friday-inicie-hoje-a-sua-graduacao\/","og_locale":"pt_BR","og_type":"article","og_title":"Black Friday: inicie hoje a sua gradua\u00e7\u00e3o com a Gran Faculdade e ganhe b\u00f4nus!","og_description":"Confira os descontos imperd\u00edveis da \u00fanica Black Friday que vai mudar a sua vida e descubra ainda o b\u00f4nus nunca antes visto!","og_url":"https:\/\/faculdade.grancursosonline.com.br\/blog\/black-friday-inicie-hoje-a-sua-graduacao\/","og_site_name":"Blog Gran Faculdade","article_publisher":"https:\/\/www.facebook.com\/grancursosonline\/","article_published_time":"2025-11-28T16:48:30+00:00","article_modified_time":"2025-12-08T12:02:56+00:00","og_image":[{"width":510,"height":310,"url":"https:\/\/blog-es-static.infra.grancursosonline.com.br\/wp-content\/uploads\/2024\/11\/28172536\/black-friday-inicie-hoje-a-sua-graduacao-com-a-Gran-Faculdade.jpg","type":"image\/jpeg"}],"author":"Guilherme Henrique","twitter_card":"summary_large_image","twitter_creator":"@gran_online","twitter_site":"@gran_online","twitter_misc":{"Written by":"Guilherme Henrique","Est. reading time":"23 minutos"},"schema":{"@context":"https:\/\/schema.org","@graph":[{"@type":"NewsArticle","@id":"https:\/\/faculdade.grancursosonline.com.br\/blog\/black-friday-inicie-hoje-a-sua-graduacao\/#article","isPartOf":{"@id":"https:\/\/faculdade.grancursosonline.com.br\/blog\/black-friday-inicie-hoje-a-sua-graduacao\/"},"author":{"name":"Guilherme Henrique","@id":"https:\/\/faculdade.grancursosonline.com.br\/blog\/#\/schema\/person\/9745f9b6db8976613c1f439dbcfe717d"},"headline":"Black Friday: inicie hoje a sua gradua\u00e7\u00e3o com a Gran Faculdade e ganhe b\u00f4nus!","datePublished":"2025-11-28T16:48:30+00:00","dateModified":"2025-12-08T12:02:56+00:00","mainEntityOfPage":{"@id":"https:\/\/faculdade.grancursosonline.com.br\/blog\/black-friday-inicie-hoje-a-sua-graduacao\/"},"wordCount":754,"commentCount":0,"publisher":{"@id":"https:\/\/faculdade.grancursosonline.com.br\/blog\/#organization"},"image":{"@id":"https:\/\/faculdade.grancursosonline.com.br\/blog\/black-friday-inicie-hoje-a-sua-graduacao\/#primaryimage"},"thumbnailUrl":"https:\/\/blog-es-static.infra.grancursosonline.com.br\/wp-content\/uploads\/2024\/11\/27162218\/gran-faculdade-black.png","articleSection":["Gradua\u00e7\u00e3o EAD","Gradua\u00e7\u00e3o Gran Faculdade","\u00daltimas Not\u00edcias"],"inLanguage":"pt-BR","potentialAction":[{"@type":"CommentAction","name":"Comment","target":["https:\/\/faculdade.grancursosonline.com.br\/blog\/black-friday-inicie-hoje-a-sua-graduacao\/#respond"]}],"copyrightYear":"2025","copyrightHolder":{"@id":"https:\/\/faculdade.grancursosonline.com.br\/blog\/#organization"}},{"@type":"WebPage","@id":"https:\/\/faculdade.grancursosonline.com.br\/blog\/black-friday-inicie-hoje-a-sua-graduacao\/","url":"https:\/\/faculdade.grancursosonline.com.br\/blog\/black-friday-inicie-hoje-a-sua-graduacao\/","name":"Black Friday: inicie hoje a sua gradua\u00e7\u00e3o com a Gran Faculdade e ganhe b\u00f4nus!","isPartOf":{"@id":"https:\/\/faculdade.grancursosonline.com.br\/blog\/#website"},"primaryImageOfPage":{"@id":"https:\/\/faculdade.grancursosonline.com.br\/blog\/black-friday-inicie-hoje-a-sua-graduacao\/#primaryimage"},"image":{"@id":"https:\/\/faculdade.grancursosonline.com.br\/blog\/black-friday-inicie-hoje-a-sua-graduacao\/#primaryimage"},"thumbnailUrl":"https:\/\/blog-es-static.infra.grancursosonline.com.br\/wp-content\/uploads\/2024\/11\/27162218\/gran-faculdade-black.png","datePublished":"2025-11-28T16:48:30+00:00","dateModified":"2025-12-08T12:02:56+00:00","description":"Confira os descontos imperd\u00edveis da \u00fanica Black Friday que vai mudar a sua vida e descubra ainda o b\u00f4nus nunca antes visto!","breadcrumb":{"@id":"https:\/\/faculdade.grancursosonline.com.br\/blog\/black-friday-inicie-hoje-a-sua-graduacao\/#breadcrumb"},"inLanguage":"pt-BR","potentialAction":[{"@type":"ReadAction","target":["https:\/\/faculdade.grancursosonline.com.br\/blog\/black-friday-inicie-hoje-a-sua-graduacao\/"]}]},{"@type":"ImageObject","inLanguage":"pt-BR","@id":"https:\/\/faculdade.grancursosonline.com.br\/blog\/black-friday-inicie-hoje-a-sua-graduacao\/#primaryimage","url":"https:\/\/blog-es-static.infra.grancursosonline.com.br\/wp-content\/uploads\/2024\/11\/27162218\/gran-faculdade-black.png","contentUrl":"https:\/\/blog-es-static.infra.grancursosonline.com.br\/wp-content\/uploads\/2024\/11\/27162218\/gran-faculdade-black.png","width":1200,"height":628},{"@type":"BreadcrumbList","@id":"https:\/\/faculdade.grancursosonline.com.br\/blog\/black-friday-inicie-hoje-a-sua-graduacao\/#breadcrumb","itemListElement":[{"@type":"ListItem","position":1,"name":"In\u00edcio","item":"https:\/\/faculdade.grancursosonline.com.br\/blog\/"},{"@type":"ListItem","position":2,"name":"\u00daltimas Not\u00edcias","item":"https:\/\/faculdade.grancursosonline.com.br\/blog\/ultimas-noticias\/"},{"@type":"ListItem","position":3,"name":"Black Friday: inicie hoje a sua gradua\u00e7\u00e3o com a Gran Faculdade e ganhe b\u00f4nus!"}]},{"@type":"WebSite","@id":"https:\/\/faculdade.grancursosonline.com.br\/blog\/#website","url":"https:\/\/faculdade.grancursosonline.com.br\/blog\/","name":"Blog Gran Faculdade","description":"Tudo sobre ensino superior, p\u00f3s-gradua\u00e7\u00e3o, enem e carreira.","publisher":{"@id":"https:\/\/faculdade.grancursosonline.com.br\/blog\/#organization"},"potentialAction":[{"@type":"SearchAction","target":{"@type":"EntryPoint","urlTemplate":"https:\/\/faculdade.grancursosonline.com.br\/blog\/?s={search_term_string}"},"query-input":{"@type":"PropertyValueSpecification","valueRequired":true,"valueName":"search_term_string"}}],"inLanguage":"pt-BR"},{"@type":"Organization","@id":"https:\/\/faculdade.grancursosonline.com.br\/blog\/#organization","name":"Gran Cursos Online","url":"https:\/\/faculdade.grancursosonline.com.br\/blog\/","logo":{"@type":"ImageObject","inLanguage":"pt-BR","@id":"https:\/\/faculdade.grancursosonline.com.br\/blog\/#\/schema\/logo\/image\/","url":"https:\/\/blog-es-static.infra.grancursosonline.com.br\/wp-content\/uploads\/2019\/08\/03123934\/logo.png","contentUrl":"https:\/\/blog-es-static.infra.grancursosonline.com.br\/wp-content\/uploads\/2019\/08\/03123934\/logo.png","width":300,"height":57,"caption":"Gran Cursos Online"},"image":{"@id":"https:\/\/faculdade.grancursosonline.com.br\/blog\/#\/schema\/logo\/image\/"},"sameAs":["https:\/\/www.facebook.com\/grancursosonline\/","https:\/\/x.com\/gran_online","https:\/\/www.instagram.com\/grancursosonline\/","https:\/\/www.youtube.com\/user\/grancursostv"]},{"@type":"Person","@id":"https:\/\/faculdade.grancursosonline.com.br\/blog\/#\/schema\/person\/9745f9b6db8976613c1f439dbcfe717d","name":"Guilherme Henrique","url":"https:\/\/faculdade.grancursosonline.com.br\/blog\/author\/guilherme-lourenco\/"}]}},"_links":{"self":[{"href":"https:\/\/faculdade.grancursosonline.com.br\/blog\/wp-json\/wp\/v2\/posts\/79750048","targetHints":{"allow":["GET"]}}],"collection":[{"href":"https:\/\/faculdade.grancursosonline.com.br\/blog\/wp-json\/wp\/v2\/posts"}],"about":[{"href":"https:\/\/faculdade.grancursosonline.com.br\/blog\/wp-json\/wp\/v2\/types\/post"}],"author":[{"embeddable":true,"href":"https:\/\/faculdade.grancursosonline.com.br\/blog\/wp-json\/wp\/v2\/users\/514"}],"replies":[{"embeddable":true,"href":"https:\/\/faculdade.grancursosonline.com.br\/blog\/wp-json\/wp\/v2\/comments?post=79750048"}],"version-history":[{"count":4,"href":"https:\/\/faculdade.grancursosonline.com.br\/blog\/wp-json\/wp\/v2\/posts\/79750048\/revisions"}],"predecessor-version":[{"id":79759273,"href":"https:\/\/faculdade.grancursosonline.com.br\/blog\/wp-json\/wp\/v2\/posts\/79750048\/revisions\/79759273"}],"wp:featuredmedia":[{"embeddable":true,"href":"https:\/\/faculdade.grancursosonline.com.br\/blog\/wp-json\/wp\/v2\/media\/79758916"}],"wp:attachment":[{"href":"https:\/\/faculdade.grancursosonline.com.br\/blog\/wp-json\/wp\/v2\/media?parent=79750048"}],"wp:term":[{"taxonomy":"category","embeddable":true,"href":"https:\/\/faculdade.grancursosonline.com.br\/blog\/wp-json\/wp\/v2\/categories?post=79750048"},{"taxonomy":"post_tag","embeddable":true,"href":"https:\/\/faculdade.grancursosonline.com.br\/blog\/wp-json\/wp\/v2\/tags?post=79750048"}],"curies":[{"name":"wp","href":"https:\/\/api.w.org\/{rel}","templated":true}]}}