{"id":79750483,"date":"2024-12-18T18:50:09","date_gmt":"2024-12-18T21:50:09","guid":{"rendered":"https:\/\/faculdade.grancursosonline.com.br\/blog\/?p=79750483"},"modified":"2025-01-17T12:42:42","modified_gmt":"2025-01-17T15:42:42","slug":"prouni-2025","status":"publish","type":"post","link":"https:\/\/faculdade.grancursosonline.com.br\/blog\/prouni-2025\/","title":{"rendered":"Prouni 2025: confira o que sabemos at\u00e9 agora!"},"content":{"rendered":"\n<p>O <strong>Prouni, <\/strong>&nbsp;Programa Universidade para Todos, \u00e9 uma iniciativa do governo federal que oferece bolsas de estudo integrais e parciais em institui\u00e7\u00f5es privadas de ensino superior.&nbsp;<\/p>\n\n\n\n<p>Criado para democratizar o acesso \u00e0 educa\u00e7\u00e3o de qualidade, o Prouni beneficia estudantes, possibilitando, em parte dos casos, que eles ingressem no ensino superior sem precisar pagar a totalidade das mensalidades.<\/p>\n\n\n\n<p>Em 2025, espera-se que o programa continue ampliando o n\u00famero de vagas e tornando a educa\u00e7\u00e3o acess\u00edvel para milhares de jovens em todo o pa\u00eds.&nbsp;<\/p>\n\n\n\n<p>Se voc\u00ea tem interesse em saber mais sobre o Prouni 2025, como participar, requisitos e prazos, leia o post a seguir na \u00edntegra!<\/p>\n\n\n\n<div class=\"wp-block-columns is-layout-flex wp-container-core-columns-is-layout-9d6595d7 wp-block-columns-is-layout-flex\">\n<div class=\"wp-block-column is-layout-flow wp-block-column-is-layout-flow\" style=\"flex-basis:100%\"><div class=\"wp-block-image\">\n<figure class=\"aligncenter size-full\"><a href=\"https:\/\/whatsapp.com\/channel\/0029VaG1sChI7Be7PNndhL43\" target=\"_blank\" rel=\"noopener\"><img decoding=\"async\" src=\"https:\/\/blog-es-static.infra.grancursosonline.com.br\/wp-content\/uploads\/2025\/09\/09112354\/banner-wp-600x142-80.webp\" alt=\"Acesse o canal do WhatsApp da Gran Faculdade\" class=\"wp-image-79751904\"\/><\/a><\/figure>\n<\/div><\/div>\n<\/div>\n\n\n\n<p>Navegue pelo \u00edndice se preferir:<\/p>\n\n\n\n<ul class=\"wp-block-list\">\n<li><a href=\"#h-prouni-como-funciona\">Prouni: como funciona?<\/a><\/li>\n\n\n\n<li><a href=\"#h-quem-pode-se-inscrever-no-prouni-2025\">Quem pode se inscrever no Prouni 2025?<\/a><\/li>\n\n\n\n<li><a href=\"#h-qual-e-o-calendario-do-prouni-2025\">Qual \u00e9 o calend\u00e1rio do Prouni 2025?<\/a><\/li>\n\n\n\n<li><a href=\"#h-posso-usar-nota-do-enem-de-anos-anteriores-no-prouni-2025\">Posso usar nota do enem de anos anteriores no prouni 2025?<\/a><\/li>\n\n\n\n<li><a href=\"#h-quais-sao-os-requisitos-para-obter-uma-bolsa-integral-ou-parcial-no-prouni-2025\">Quais s\u00e3o os requisitos para obter uma bolsa integral ou parcial no Prouni 2025?<\/a><\/li>\n\n\n\n<li><a href=\"#h-quais-documentos-sao-necessarios-para-a-inscricao-no-prouni-2025\">Quais documentos s\u00e3o necess\u00e1rios para a inscri\u00e7\u00e3o no Prouni 2025?<\/a><\/li>\n\n\n\n<li><a href=\"#h-quais-sao-as-notas-de-corte-para-os-cursos-no-prouni-2025\">Quais s\u00e3o as notas de corte para os cursos no Prouni 2025?<\/a><\/li>\n<\/ul>\n\n\n\n<div class=\"wp-block-group has-background\" style=\"background-color:#8dd2fc7a\"><div class=\"wp-block-group__inner-container is-layout-constrained wp-block-group-is-layout-constrained\">\n<div class=\"wp-block-group\"><div class=\"wp-block-group__inner-container is-layout-constrained wp-block-group-is-layout-constrained\">\n<p><strong>Outras not\u00edcias em destaque:<\/strong><\/p>\n\n\n\n<ul class=\"wp-block-list\">\n<li><a href=\"https:\/\/faculdade.grancursosonline.com.br\/blog\/prouni\/\" target=\"_blank\" rel=\"noreferrer noopener\">Prouni: Saiba tudo sobre o Programa Universidade para Todos!<\/a><\/li>\n\n\n\n<li><a href=\"https:\/\/faculdade.grancursosonline.com.br\/blog\/lista-espera-prouni-2024-2-resultado\/\" target=\"_blank\" rel=\"noreferrer noopener\">Lista de Espera Prouni 2024.2: resultado dispon\u00edvel! VEJA!<\/a><\/li>\n\n\n\n<li><a href=\"https:\/\/faculdade.grancursosonline.com.br\/blog\/site-prouni\/\" target=\"_blank\" rel=\"noreferrer noopener\">SITE PROUNI 2024.2: Conhe\u00e7a o site oficial e como acess\u00e1-lo!<\/a><\/li>\n<\/ul>\n<\/div><\/div>\n<\/div><\/div>\n\n\n\n<h2 class=\"wp-block-heading\" id=\"h-tem-duvidas-de-como-o-prouni-2024-funciona\">Tem d\u00favidas sobre como funciona o Prouni?<\/h2>\n\n\n\n<p>Preparamos um <strong>Guia b\u00e1sico sobre o Prouni<\/strong> com as respostas para as principais d\u00favidas sobre o programa.<\/p>\n\n\n\n<p>Neste e-book, n\u00f3s falamos sobre como o Prouni surgiu, como funcionam as bolsas, o c\u00e1lculo de renda per capita e muito mais!<\/p>\n\n\n\n<p>Fa\u00e7a o <strong>download gratuito<\/strong> do e-book Guia B\u00e1sico sobre o Prouni preenchendo o formul\u00e1rio abaixo:<\/p>\n\n\n<p><script charset=\"utf-8\" type=\"text\/javascript\" src=\"\/\/js.hsforms.net\/forms\/embed\/v2.js\"><\/script> <script>\n  hbspt.forms.create({\n    region: \"na1\",\n    portalId: \"302036\",\n    formId: \"ab231718-8bb6-498f-a994-aeb510d61d90\"\n  });\n<\/script><\/p>\n\n\n<h2 class=\"wp-block-heading\" id=\"h-prouni-como-funciona\"><strong>Prouni: como funciona?<\/strong><br><\/h2>\n\n\n\n<p>O <strong>Prouni<\/strong> \u00e9 um programa voltado para estudantes que desejam ingressar em cursos de gradua\u00e7\u00e3o em universidades privadas com o apoio de bolsas de estudo.&nbsp;<\/p>\n\n\n\n<p>Para participar, \u00e9 necess\u00e1rio que o candidato tenha uma renda familiar per capita inferior a tr\u00eas sal\u00e1rios m\u00ednimos, entre outros crit\u00e9rios.<\/p>\n\n\n\n<p>Para concorrer \u00e0s bolsas integrais (100%) ou parciais (50%), o estudante precisa ter feito pelo menos uma das duas \u00faltimas edi\u00e7\u00f5es do Enem e atendido aos seguintes requisitos:<\/p>\n\n\n\n<ul class=\"wp-block-list\">\n<li>M\u00e9dia m\u00ednima de 450 pontos nas cinco provas do exame,&nbsp;<\/li>\n\n\n\n<li>Nota superior a zero na reda\u00e7\u00e3o;<\/li>\n\n\n\n<li>N\u00e3o ter participado do exame como treineiro.&nbsp;<\/li>\n<\/ul>\n\n\n\n<p>No pr\u00f3ximo t\u00f3pico, vamos detalhar mais sobre os crit\u00e9rios relacionados \u00e0 renda e \u00e0 forma\u00e7\u00e3o.<\/p>\n\n\n\n<h2 class=\"wp-block-heading\" id=\"h-quem-pode-se-inscrever-no-prouni-2025\"><strong>Quem pode se inscrever no Prouni 2025?<\/strong><\/h2>\n\n\n\n<p>Apesar de ainda n\u00e3o ter sido divulgado o edital do <strong>Prouni 2025<\/strong>, \u00e9 poss\u00edvel entender os principais crit\u00e9rios de participa\u00e7\u00e3o com base nas edi\u00e7\u00f5es anteriores.&nbsp;<\/p>\n\n\n\n<p>O processo de sele\u00e7\u00e3o geralmente segue alguns requisitos essenciais que envolvem a realiza\u00e7\u00e3o do Enem, a renda familiar bruta e a forma como o candidato cursou o ensino m\u00e9dio. Vamos analisar cada um desses crit\u00e9rios:<\/p>\n\n\n\n<p><strong>Enem<\/strong><strong><br><\/strong>Como vimos anteriormente, para participar do Prouni, \u00e9 necess\u00e1rio ter feito pelo menos uma das duas \u00faltimas edi\u00e7\u00f5es do Exame Nacional do Ensino M\u00e9dio (Enem). O candidato deve obter, no m\u00ednimo, 450 pontos na m\u00e9dia das 5 \u00e1reas avaliadas e n\u00e3o ter tirado nota zero na reda\u00e7\u00e3o.<\/p>\n\n\n\n<p><strong>Renda familiar bruta<\/strong><\/p>\n\n\n\n<p>Outro ponto importante para concorrer \u00e0 uma bolsa pelo Prouni \u00e9 a renda familiar bruta. Entenda como funciona:<\/p>\n\n\n\n<ul class=\"wp-block-list\">\n<li><strong>Bolsa integral (100%)<\/strong>: Para quem possui uma renda familiar bruta per capita de at\u00e9 1,5 sal\u00e1rio-m\u00ednimo;<\/li>\n\n\n\n<li><strong>Bolsa parcial (50%)<\/strong>: Para quem tem uma renda familiar bruta por pessoa de at\u00e9 3 sal\u00e1rios-m\u00ednimos.<\/li>\n<\/ul>\n\n\n\n<p>Para calcular essa renda, \u00e9 preciso somar os rendimentos totais da fam\u00edlia (sem deduzir impostos) e dividir pela quantidade de pessoas que vivem na casa, incluindo adultos e crian\u00e7as.&nbsp;<\/p>\n\n\n\n<p>O valor obtido deve ser comparado com o sal\u00e1rio-m\u00ednimo vigente no ano da inscri\u00e7\u00e3o. Se o resultado for at\u00e9 1,5, a pessoa pode concorrer \u00e0 bolsa integral. Se ficar entre 1,5 e 3, ela \u00e9 eleg\u00edvel para a bolsa parcial de 50%.<\/p>\n\n\n\n<h2 class=\"wp-block-heading\" id=\"h-qual-e-o-calendario-do-prouni-2025\"><strong>Qual \u00e9 o calend\u00e1rio do Prouni 2025?<\/strong><br><\/h2>\n\n\n\n<p>O <strong>calend\u00e1rio do Prouni 2025<\/strong> foi oficialmente divulgado junto com o edital do programa no dia 16 de janeiro de 2025.<\/p>\n\n\n\n<p>Aqui est\u00e3o as principais datas Prouni 2025 retiradas diretamente do edital publicado:<\/p>\n\n\n\n<ul class=\"wp-block-list\">\n<li><strong>Publica\u00e7\u00e3o do edital <\/strong>&#8211; 16 de janeiro de 2025;<\/li>\n\n\n\n<li><strong>Per\u00edodo de inscri\u00e7\u00f5es<\/strong> &#8211; 24 a 28 de janeiro de 2025;<\/li>\n\n\n\n<li><strong>Resultado da primeira chamada<\/strong> &#8211; 4 de fevereiro de 2025;<\/li>\n\n\n\n<li><strong>Resultado da segunda chamada<\/strong> &#8211; 28 de fevereiro de 2025;<\/li>\n\n\n\n<li><strong>Prazo para matr\u00edcula<\/strong> &#8211; provavelmente em final de fevereiro e in\u00edcio de mar\u00e7o de 2025;<\/li>\n\n\n\n<li><strong>Prazo para manifestar interesse na lista de espera<\/strong> &#8211; 26 a 27 de mar\u00e7o de 2025;<\/li>\n\n\n\n<li><strong>Resultado da lista de espera<\/strong> &#8211; 1\u00b0 de abril<\/li>\n<\/ul>\n\n\n\n<p>Vale destacar que estas datas s\u00e3o apenas uma estimativa, baseada nos calend\u00e1rios dos anos anteriores e na declara\u00e7\u00e3o do ministro. O edital oficial de 2025 trar\u00e1 as informa\u00e7\u00f5es exatas sobre o cronograma do programa.<\/p>\n\n\n\n<h2 class=\"wp-block-heading\" id=\"h-posso-usar-nota-do-enem-de-anos-anteriores-no-prouni-2025\"><strong>Posso usar nota do Enem de anos anteriores no Prouni 2025?<\/strong><\/h2>\n\n\n\n<p>Como vimos at\u00e9 aqui, o edital do <strong>Prouni 2025<\/strong> ainda n\u00e3o foi divulgado oficialmente, e as datas exatas e regras detalhadas permanecem pendentes.&nbsp;<\/p>\n\n\n\n<p>No entanto, com base nos anos anteriores, \u00e9 esperado que o <strong>Enem<\/strong> seja novamente a principal forma de sele\u00e7\u00e3o para o programa.&nbsp;<\/p>\n\n\n\n<p>Nas edi\u00e7\u00f5es passadas, o Prouni permitiu o uso das notas do Enem de at\u00e9 dois anos anteriores, o que significa que \u00e9 poss\u00edvel que as notas de 2023 e 2024 sejam v\u00e1lidas para o processo seletivo do Prouni 2025.&nbsp;<\/p>\n\n\n\n<p>Esse procedimento tem sido constante nas edi\u00e7\u00f5es do programa, permitindo que candidatos utilizem notas mais recentes para concorrer \u00e0s vagas.<\/p>\n\n\n\n<p>Apesar de o edital ainda n\u00e3o ter sido lan\u00e7ado, a expectativa \u00e9 de que o Prouni continue adotando esse formato, proporcionando mais oportunidades para candidatos que j\u00e1 realizaram o Enem nos anos anteriores.&nbsp;<\/p>\n\n\n\n<p>Para mais detalhes, os interessados devem acompanhar o an\u00fancio do edital quando ele for publicado.<\/p>\n\n\n\n<h2 class=\"wp-block-heading\" id=\"h-quais-sao-os-requisitos-para-obter-uma-bolsa-integral-ou-parcial-no-prouni-2025\"><strong>Quais s\u00e3o os requisitos para obter uma bolsa integral ou parcial no Prouni 2025?<\/strong><\/h2>\n\n\n\n<p>Para obter uma bolsa no <strong>Prouni 2025<\/strong>, seja integral ou parcial, o candidato deve atender a alguns requisitos importantes.&nbsp;<\/p>\n\n\n\n<p>E, embora o edital espec\u00edfico para este ano ainda n\u00e3o tenha sido divulgado, tendo como base as edi\u00e7\u00f5es anteriores, as condi\u00e7\u00f5es para concorrer a uma bolsa seguem alguns crit\u00e9rios fundamentais, como a realiza\u00e7\u00e3o do <strong>Enem<\/strong>, a renda familiar e a forma como o candidato cursou o ensino m\u00e9dio.<\/p>\n\n\n\n<h3 class=\"wp-block-heading\" id=\"h-requisitos-para-bolsa-integral-100\"><strong>Requisitos para Bolsa Integral (100%):<\/strong><\/h3>\n\n\n\n<ul class=\"wp-block-list\">\n<li><strong>Renda Familiar<\/strong>: A renda per capita deve ser de at\u00e9 <strong>1,5 sal\u00e1rio-m\u00ednimo<\/strong>;<\/li>\n\n\n\n<li><strong>Nota do Enem<\/strong>: \u00c9 necess\u00e1rio ter obtido <strong>m\u00ednimo de 450 pontos<\/strong> de m\u00e9dia nas cinco provas e <strong>n\u00e3o ter zerado a reda\u00e7\u00e3o<\/strong>;<\/li>\n\n\n\n<li><strong>Situa\u00e7\u00e3o de Escolaridade<\/strong>: O candidato deve ter cursado o ensino m\u00e9dio integralmente em escola p\u00fablica ou ser bolsista integral em escola particular.<\/li>\n<\/ul>\n\n\n\n<h3 class=\"wp-block-heading\" id=\"h-requisitos-para-bolsa-parcial-50\"><strong>Requisitos para Bolsa Parcial (50%):<\/strong><\/h3>\n\n\n\n<ul class=\"wp-block-list\">\n<li><strong>Renda Familiar<\/strong>: A renda per capita deve ser de at\u00e9 <strong>3 sal\u00e1rios-m\u00ednimos<\/strong>;<\/li>\n\n\n\n<li><strong>Nota do Enem<\/strong>: A mesma exig\u00eancia de <strong>m\u00ednimo de 450 pontos<\/strong> de m\u00e9dia nas provas e <strong>n\u00e3o zerar a reda\u00e7\u00e3o<\/strong> se aplica;<\/li>\n\n\n\n<li><strong>Situa\u00e7\u00e3o de Escolaridade<\/strong>: O candidato tamb\u00e9m deve ter cursado o ensino m\u00e9dio em escola p\u00fablica ou ser bolsista integral em uma escola particular.<\/li>\n<\/ul>\n\n\n\n<p>Esses requisitos s\u00e3o fundamentais para garantir a elegibilidade ao <strong>Prouni 2025<\/strong>, possibilitando o ingresso em cursos de institui\u00e7\u00f5es privadas de ensino superior com o benef\u00edcio da bolsa de estudos.&nbsp;<\/p>\n\n\n\n<p>\u00c9 importante ressaltar que as vagas s\u00e3o limitadas e o programa visa beneficiar principalmente aqueles com maior necessidade financeira.<\/p>\n\n\n\n<h2 class=\"wp-block-heading\" id=\"h-quais-documentos-sao-necessarios-para-a-inscricao-no-prouni-2025\"><strong>Quais documentos s\u00e3o necess\u00e1rios para a inscri\u00e7\u00e3o no Prouni 2025?<\/strong><\/h2>\n\n\n\n<p>Caso siga as normas das edi\u00e7\u00f5es anteriores, para se inscrever no <strong>Prouni 2025 <\/strong>ser\u00e1 necess\u00e1rio reunir a documenta\u00e7\u00e3o necess\u00e1ria para garantir a elegibilidade ao programa, caso seja pr\u00e9-selecionado(a).&nbsp;<\/p>\n\n\n\n<p>Lembre-se de que voc\u00ea precisar\u00e1 reunir documentos de todos os membros do seu grupo familiar, o que pode levar algum tempo. Entre os documentos principais exigidos est\u00e3o:<\/p>\n\n\n\n<h3 class=\"wp-block-heading\" id=\"h-documentos-prouni\"><strong>Documentos Prouni:<\/strong><\/h3>\n\n\n\n<ul class=\"wp-block-list\">\n<li><strong>Identifica\u00e7\u00e3o<\/strong>: RG, CPF e outros documentos de identidade do candidato e de todos os familiares que residem na mesma casa;<\/li>\n\n\n\n<li><strong>Comprovante de resid\u00eancia<\/strong>: Escolha um dos comprovantes aceitos pela lista do Prouni, como contas de luz, \u00e1gua ou contrato de aluguel;<\/li>\n\n\n\n<li><strong>Comprovante de renda<\/strong>: Dependendo da sua situa\u00e7\u00e3o (trabalhador formal, aut\u00f4nomo, aposentado, entre outros), ser\u00e3o solicitados documentos espec\u00edficos que comprovem a renda de todos os membros da fam\u00edlia.<\/li>\n<\/ul>\n\n\n\n<h3 class=\"wp-block-heading\" id=\"h-documentos-adicionais\"><strong>Documentos adicionais:<\/strong><\/h3>\n\n\n\n<ul class=\"wp-block-list\">\n<li>Para <strong>vagas afirmativas<\/strong>: Pessoas pretas, pardas ou ind\u00edgenas devem apresentar <strong>autodeclara\u00e7\u00e3o<\/strong> de ra\u00e7a, enquanto <strong>pessoas com defici\u00eancia<\/strong> precisam de um <strong>laudo m\u00e9dico<\/strong>;<\/li>\n\n\n\n<li>Para <strong>matr\u00edcula<\/strong>: Documentos que comprovem a conclus\u00e3o do ensino m\u00e9dio, como <strong>hist\u00f3rico escolar<\/strong> ou <strong>declara\u00e7\u00e3o de conclus\u00e3o<\/strong> do curso.<\/li>\n<\/ul>\n\n\n\n<p>Estar com todos esses documentos organizados \u00e9 fundamental para aumentar as chances de sucesso no processo seletivo do Prouni.<\/p>\n\n\n\n<h2 class=\"wp-block-heading\" id=\"h-quais-sao-as-notas-de-corte-para-os-cursos-no-prouni-2025\"><strong>Quais s\u00e3o as notas de corte para os cursos no Prouni 2025?<\/strong><\/h2>\n\n\n\n<p>As <strong>notas de corte<\/strong> no <strong>Prouni 2025<\/strong> referem-se \u00e0 pontua\u00e7\u00e3o da \u00faltima pessoa classificada para uma bolsa de estudo. Essas notas variam de acordo com o <strong>curso<\/strong>, a <strong>institui\u00e7\u00e3o<\/strong>, o <strong>turno<\/strong> (diurno ou noturno), e a <strong>modalidade<\/strong> (integral ou parcial).&nbsp;<br><\/p>\n\n\n\n<p>Portanto, n\u00e3o \u00e9 poss\u00edvel prever uma nota espec\u00edfica, j\u00e1 que ela depende da quantidade de vagas oferecidas e da competi\u00e7\u00e3o entre os candidatos.<\/p>\n\n\n\n<p>A cada ano, as notas de corte podem mudar com base no n\u00famero de vagas e no desempenho dos candidatos nas edi\u00e7\u00f5es do <strong>Enem<\/strong>.&nbsp;<\/p>\n\n\n\n<p>Como as vagas s\u00e3o preenchidas de acordo com a demanda, a nota de corte \u00e9 estabelecida conforme a inscri\u00e7\u00e3o dos alunos. Portanto, se muitas pessoas se inscrevem para um curso concorrid\u00edssimo, a nota de corte ser\u00e1 mais alta.<\/p>\n\n\n\n<div class=\"wp-block-group\"><div class=\"wp-block-group__inner-container is-layout-constrained wp-block-group-is-layout-constrained\">\n<h3 class=\"wp-block-heading\" id=\"h-cursos-de-graduacao-ead\">Cursos de gradua\u00e7\u00e3o EAD<\/h3>\n\n\n\n<p>S\u00e3o <a href=\"https:\/\/faculdade.grancursosonline.com.br\/nossos-cursos\/\" target=\"_blank\" rel=\"noreferrer noopener\">mais de 30 op\u00e7\u00f5es de cursos de gradua\u00e7\u00e3o EAD<\/a> com dura\u00e7\u00e3o a partir de 2 anos na Gran Faculdade, ideais para quem quer se destacar em uma carreira no setor p\u00fablico ou privado. Escolha o seu e aproveite a entrada imediata para come\u00e7ar a conquistar seu diploma hoje mesmo! <\/p>\n<\/div><\/div>\n\n\n\n<div class=\"wp-block-group\"><div class=\"wp-block-group__inner-container is-layout-constrained wp-block-group-is-layout-constrained\">\n<div class=\"wp-block-group\"><div class=\"wp-block-group__inner-container is-layout-constrained wp-block-group-is-layout-constrained\">\n<section style=\"text-align: center;\">\n<p>Quer ficar por dentro da Faculdade Digital mais inovadora do Brasil?<\/p>\n<nav>\n<p class=\"has-background has-dark-bluish-background-color\" style=\"font-size: 25px; text-align: center; background: #f0f0f0; color: #ffffff; padding: 4px 0px 4xp 0px;\"><a style=\"color: #0d134c; text-decoration: underline;\" href=\"https:\/\/faculdade.grancursosonline.com.br\/\" target=\"_blank\" rel=\"noopener\">GRADUA\u00c7\u00c3O<\/a><\/p>\n<p class=\"has-background has-dark-bluish-background-color\" style=\"font-size: 25px; text-align: center; background: #f0f0f0; color: #ffffff; padding: 4px 0px 4xp 0px;\"><a style=\"color: #0d134c; text-decoration: underline;\" href=\"https:\/\/pos.grancursosonline.com.br\/\" target=\"_blank\" rel=\"noopener\">P\u00d3S-GRADUA\u00c7\u00c3O<\/a><\/p>\n<p class=\"has-background has-dark-bluish-background-color\" style=\"font-size: 25px; text-align: center; background: #f0f0f0; color: #ffffff; padding: 4px 0px 4xp 0px;\"><a style=\"color: #0d134c; text-decoration: underline;\" href=\"https:\/\/faculdade.grancursosonline.com.br\/nossos-cursos\/\" target=\"_blank\" rel=\"noopener\">TUDO SOBRE A GRAN FACULDADE<\/a><\/p>\n<\/nav>\n<p><strong>Receba <span style=\"color: #cf1e25;\">gratuitamente<\/span> no seu celular as principais not\u00edcias sobre a Gran Faculdade! <br \/>Clique no link abaixo e inscreva-se:<\/strong><\/p>\n<p class=\"has-background has-dark-bluish-background-color\" style=\"font-size: 25px; text-align: center; background: #f0f0f0; color: #ffffff; padding: 4px 0px 4xp 0px;\"><a style=\"color: #0d134c; text-decoration: underline;\" href=\"https:\/\/whatsapp.com\/channel\/0029VaG1sChI7Be7PNndhL43\" target=\"_blank\" rel=\"noopener noreferrer\">WHATSAPP<\/a><\/p>\n<p class=\"has-background has-dark-bluish-background-color\" style=\"font-size: 25px; text-align: center; background: #f0f0f0; color: #ffffff; padding: 4px 0px 4xp 0px;\"><a style=\"color: #0d134c; text-decoration: underline;\" href=\"https:\/\/t.me\/GranFaculdade\" target=\"_blank\" rel=\"noopener noreferrer\">TELEGRAM<\/a><\/p>\n<\/section>\n<\/div><\/div>\n<\/div><\/div>\n","protected":false},"excerpt":{"rendered":"<p>O Prouni, &nbsp;Programa Universidade para Todos, \u00e9 uma iniciativa do governo federal que oferece bolsas de estudo integrais e parciais em institui\u00e7\u00f5es privadas de ensino superior.&nbsp; Criado para democratizar o acesso \u00e0 educa\u00e7\u00e3o de qualidade, o Prouni beneficia estudantes, possibilitando, em parte dos casos, que eles ingressem no ensino superior sem precisar pagar a totalidade&hellip;<\/p>\n","protected":false},"author":514,"featured_media":79750503,"comment_status":"open","ping_status":"open","sticky":true,"template":"","format":"standard","meta":{"_acf_changed":false,"content-type":"","footnotes":""},"categories":[218668,2],"tags":[],"class_list":["post-79750483","post","type-post","status-publish","format-standard","has-post-thumbnail","hentry","category-prouni","category-ultimas-noticias"],"acf":[],"yoast_head":"<!-- This site is optimized with the Yoast SEO Premium plugin v27.2 (Yoast SEO v27.2) - https:\/\/yoast.com\/product\/yoast-seo-premium-wordpress\/ -->\n<title>Prouni 2025: confira o que sabemos at\u00e9 agora!<\/title>\n<meta name=\"description\" content=\"O edital do Prouni 2025 foi publicado, e n\u00f3s reunimos para voc\u00ea, todas as informa\u00e7\u00f5es e datas importantes para te ajudar a se preparar!\" \/>\n<meta name=\"robots\" content=\"index, follow, max-snippet:-1, max-image-preview:large, max-video-preview:-1\" \/>\n<link rel=\"canonical\" href=\"https:\/\/faculdade.grancursosonline.com.br\/blog\/prouni-2025\/\" \/>\n<meta property=\"og:locale\" content=\"pt_BR\" \/>\n<meta property=\"og:type\" content=\"article\" \/>\n<meta property=\"og:title\" content=\"Prouni 2025: confira o que sabemos at\u00e9 agora!\" \/>\n<meta property=\"og:description\" content=\"O edital do Prouni 2025 foi publicado, e n\u00f3s reunimos para voc\u00ea, todas as informa\u00e7\u00f5es e datas importantes para te ajudar a se preparar!\" \/>\n<meta property=\"og:url\" content=\"https:\/\/faculdade.grancursosonline.com.br\/blog\/prouni-2025\/\" \/>\n<meta property=\"og:site_name\" content=\"Blog Gran Faculdade\" \/>\n<meta property=\"article:publisher\" content=\"https:\/\/www.facebook.com\/grancursosonline\/\" \/>\n<meta property=\"article:published_time\" content=\"2024-12-18T21:50:09+00:00\" \/>\n<meta property=\"article:modified_time\" content=\"2025-01-17T15:42:42+00:00\" \/>\n<meta property=\"og:image\" content=\"https:\/\/blog-es-static.infra.grancursosonline.com.br\/wp-content\/uploads\/2024\/12\/19151533\/Prouni-2025.jpg\" \/>\n\t<meta property=\"og:image:width\" content=\"510\" \/>\n\t<meta property=\"og:image:height\" content=\"310\" \/>\n\t<meta property=\"og:image:type\" content=\"image\/jpeg\" \/>\n<meta name=\"author\" content=\"Guilherme Henrique\" \/>\n<meta name=\"twitter:card\" content=\"summary_large_image\" \/>\n<meta name=\"twitter:creator\" content=\"@gran_online\" \/>\n<meta name=\"twitter:site\" content=\"@gran_online\" \/>\n<meta name=\"twitter:label1\" content=\"Written by\" \/>\n\t<meta name=\"twitter:data1\" content=\"Guilherme Henrique\" \/>\n\t<meta name=\"twitter:label2\" content=\"Est. reading time\" \/>\n\t<meta name=\"twitter:data2\" content=\"41 minutos\" \/>\n<script type=\"application\/ld+json\" class=\"yoast-schema-graph\">{\"@context\":\"https:\/\/schema.org\",\"@graph\":[{\"@type\":\"NewsArticle\",\"@id\":\"https:\/\/faculdade.grancursosonline.com.br\/blog\/prouni-2025\/#article\",\"isPartOf\":{\"@id\":\"https:\/\/faculdade.grancursosonline.com.br\/blog\/prouni-2025\/\"},\"author\":{\"name\":\"Guilherme Henrique\",\"@id\":\"https:\/\/faculdade.grancursosonline.com.br\/blog\/#\/schema\/person\/9745f9b6db8976613c1f439dbcfe717d\"},\"headline\":\"Prouni 2025: confira o que sabemos at\u00e9 agora!\",\"datePublished\":\"2024-12-18T21:50:09+00:00\",\"dateModified\":\"2025-01-17T15:42:42+00:00\",\"mainEntityOfPage\":{\"@id\":\"https:\/\/faculdade.grancursosonline.com.br\/blog\/prouni-2025\/\"},\"wordCount\":1552,\"commentCount\":0,\"publisher\":{\"@id\":\"https:\/\/faculdade.grancursosonline.com.br\/blog\/#organization\"},\"image\":{\"@id\":\"https:\/\/faculdade.grancursosonline.com.br\/blog\/prouni-2025\/#primaryimage\"},\"thumbnailUrl\":\"https:\/\/blog-es-static.infra.grancursosonline.com.br\/wp-content\/uploads\/2024\/12\/19151633\/Prouni-2025-2.jpg\",\"articleSection\":[\"PROUNI\",\"\u00daltimas Not\u00edcias\"],\"inLanguage\":\"pt-BR\",\"potentialAction\":[{\"@type\":\"CommentAction\",\"name\":\"Comment\",\"target\":[\"https:\/\/faculdade.grancursosonline.com.br\/blog\/prouni-2025\/#respond\"]}],\"copyrightYear\":\"2024\",\"copyrightHolder\":{\"@id\":\"https:\/\/faculdade.grancursosonline.com.br\/blog\/#organization\"}},{\"@type\":\"WebPage\",\"@id\":\"https:\/\/faculdade.grancursosonline.com.br\/blog\/prouni-2025\/\",\"url\":\"https:\/\/faculdade.grancursosonline.com.br\/blog\/prouni-2025\/\",\"name\":\"Prouni 2025: confira o que sabemos at\u00e9 agora!\",\"isPartOf\":{\"@id\":\"https:\/\/faculdade.grancursosonline.com.br\/blog\/#website\"},\"primaryImageOfPage\":{\"@id\":\"https:\/\/faculdade.grancursosonline.com.br\/blog\/prouni-2025\/#primaryimage\"},\"image\":{\"@id\":\"https:\/\/faculdade.grancursosonline.com.br\/blog\/prouni-2025\/#primaryimage\"},\"thumbnailUrl\":\"https:\/\/blog-es-static.infra.grancursosonline.com.br\/wp-content\/uploads\/2024\/12\/19151633\/Prouni-2025-2.jpg\",\"datePublished\":\"2024-12-18T21:50:09+00:00\",\"dateModified\":\"2025-01-17T15:42:42+00:00\",\"description\":\"O edital do Prouni 2025 foi publicado, e n\u00f3s reunimos para voc\u00ea, todas as informa\u00e7\u00f5es e datas importantes para te ajudar a se preparar!\",\"breadcrumb\":{\"@id\":\"https:\/\/faculdade.grancursosonline.com.br\/blog\/prouni-2025\/#breadcrumb\"},\"inLanguage\":\"pt-BR\",\"potentialAction\":[{\"@type\":\"ReadAction\",\"target\":[\"https:\/\/faculdade.grancursosonline.com.br\/blog\/prouni-2025\/\"]}]},{\"@type\":\"ImageObject\",\"inLanguage\":\"pt-BR\",\"@id\":\"https:\/\/faculdade.grancursosonline.com.br\/blog\/prouni-2025\/#primaryimage\",\"url\":\"https:\/\/blog-es-static.infra.grancursosonline.com.br\/wp-content\/uploads\/2024\/12\/19151633\/Prouni-2025-2.jpg\",\"contentUrl\":\"https:\/\/blog-es-static.infra.grancursosonline.com.br\/wp-content\/uploads\/2024\/12\/19151633\/Prouni-2025-2.jpg\",\"width\":1000,\"height\":600,\"caption\":\"Prouni 2025: confira o que sabemos at\u00e9 agora!\"},{\"@type\":\"BreadcrumbList\",\"@id\":\"https:\/\/faculdade.grancursosonline.com.br\/blog\/prouni-2025\/#breadcrumb\",\"itemListElement\":[{\"@type\":\"ListItem\",\"position\":1,\"name\":\"In\u00edcio\",\"item\":\"https:\/\/faculdade.grancursosonline.com.br\/blog\/\"},{\"@type\":\"ListItem\",\"position\":2,\"name\":\"PROUNI\",\"item\":\"https:\/\/faculdade.grancursosonline.com.br\/blog\/categoria\/prouni\/\"},{\"@type\":\"ListItem\",\"position\":3,\"name\":\"Prouni 2025: confira o que sabemos at\u00e9 agora!\"}]},{\"@type\":\"WebSite\",\"@id\":\"https:\/\/faculdade.grancursosonline.com.br\/blog\/#website\",\"url\":\"https:\/\/faculdade.grancursosonline.com.br\/blog\/\",\"name\":\"Blog Gran Faculdade\",\"description\":\"Tudo sobre ensino superior, p\u00f3s-gradua\u00e7\u00e3o, enem e carreira.\",\"publisher\":{\"@id\":\"https:\/\/faculdade.grancursosonline.com.br\/blog\/#organization\"},\"potentialAction\":[{\"@type\":\"SearchAction\",\"target\":{\"@type\":\"EntryPoint\",\"urlTemplate\":\"https:\/\/faculdade.grancursosonline.com.br\/blog\/?s={search_term_string}\"},\"query-input\":{\"@type\":\"PropertyValueSpecification\",\"valueRequired\":true,\"valueName\":\"search_term_string\"}}],\"inLanguage\":\"pt-BR\"},{\"@type\":\"Organization\",\"@id\":\"https:\/\/faculdade.grancursosonline.com.br\/blog\/#organization\",\"name\":\"Gran Cursos Online\",\"url\":\"https:\/\/faculdade.grancursosonline.com.br\/blog\/\",\"logo\":{\"@type\":\"ImageObject\",\"inLanguage\":\"pt-BR\",\"@id\":\"https:\/\/faculdade.grancursosonline.com.br\/blog\/#\/schema\/logo\/image\/\",\"url\":\"https:\/\/blog-es-static.infra.grancursosonline.com.br\/wp-content\/uploads\/2019\/08\/03123934\/logo.png\",\"contentUrl\":\"https:\/\/blog-es-static.infra.grancursosonline.com.br\/wp-content\/uploads\/2019\/08\/03123934\/logo.png\",\"width\":300,\"height\":57,\"caption\":\"Gran Cursos Online\"},\"image\":{\"@id\":\"https:\/\/faculdade.grancursosonline.com.br\/blog\/#\/schema\/logo\/image\/\"},\"sameAs\":[\"https:\/\/www.facebook.com\/grancursosonline\/\",\"https:\/\/x.com\/gran_online\",\"https:\/\/www.instagram.com\/grancursosonline\/\",\"https:\/\/www.youtube.com\/user\/grancursostv\"]},{\"@type\":\"Person\",\"@id\":\"https:\/\/faculdade.grancursosonline.com.br\/blog\/#\/schema\/person\/9745f9b6db8976613c1f439dbcfe717d\",\"name\":\"Guilherme Henrique\",\"url\":\"https:\/\/faculdade.grancursosonline.com.br\/blog\/author\/guilherme-lourenco\/\"}]}<\/script>\n<!-- \/ Yoast SEO Premium plugin. -->","yoast_head_json":{"title":"Prouni 2025: confira o que sabemos at\u00e9 agora!","description":"O edital do Prouni 2025 foi publicado, e n\u00f3s reunimos para voc\u00ea, todas as informa\u00e7\u00f5es e datas importantes para te ajudar a se preparar!","robots":{"index":"index","follow":"follow","max-snippet":"max-snippet:-1","max-image-preview":"max-image-preview:large","max-video-preview":"max-video-preview:-1"},"canonical":"https:\/\/faculdade.grancursosonline.com.br\/blog\/prouni-2025\/","og_locale":"pt_BR","og_type":"article","og_title":"Prouni 2025: confira o que sabemos at\u00e9 agora!","og_description":"O edital do Prouni 2025 foi publicado, e n\u00f3s reunimos para voc\u00ea, todas as informa\u00e7\u00f5es e datas importantes para te ajudar a se preparar!","og_url":"https:\/\/faculdade.grancursosonline.com.br\/blog\/prouni-2025\/","og_site_name":"Blog Gran Faculdade","article_publisher":"https:\/\/www.facebook.com\/grancursosonline\/","article_published_time":"2024-12-18T21:50:09+00:00","article_modified_time":"2025-01-17T15:42:42+00:00","og_image":[{"width":510,"height":310,"url":"https:\/\/blog-es-static.infra.grancursosonline.com.br\/wp-content\/uploads\/2024\/12\/19151533\/Prouni-2025.jpg","type":"image\/jpeg"}],"author":"Guilherme Henrique","twitter_card":"summary_large_image","twitter_creator":"@gran_online","twitter_site":"@gran_online","twitter_misc":{"Written by":"Guilherme Henrique","Est. reading time":"41 minutos"},"schema":{"@context":"https:\/\/schema.org","@graph":[{"@type":"NewsArticle","@id":"https:\/\/faculdade.grancursosonline.com.br\/blog\/prouni-2025\/#article","isPartOf":{"@id":"https:\/\/faculdade.grancursosonline.com.br\/blog\/prouni-2025\/"},"author":{"name":"Guilherme Henrique","@id":"https:\/\/faculdade.grancursosonline.com.br\/blog\/#\/schema\/person\/9745f9b6db8976613c1f439dbcfe717d"},"headline":"Prouni 2025: confira o que sabemos at\u00e9 agora!","datePublished":"2024-12-18T21:50:09+00:00","dateModified":"2025-01-17T15:42:42+00:00","mainEntityOfPage":{"@id":"https:\/\/faculdade.grancursosonline.com.br\/blog\/prouni-2025\/"},"wordCount":1552,"commentCount":0,"publisher":{"@id":"https:\/\/faculdade.grancursosonline.com.br\/blog\/#organization"},"image":{"@id":"https:\/\/faculdade.grancursosonline.com.br\/blog\/prouni-2025\/#primaryimage"},"thumbnailUrl":"https:\/\/blog-es-static.infra.grancursosonline.com.br\/wp-content\/uploads\/2024\/12\/19151633\/Prouni-2025-2.jpg","articleSection":["PROUNI","\u00daltimas Not\u00edcias"],"inLanguage":"pt-BR","potentialAction":[{"@type":"CommentAction","name":"Comment","target":["https:\/\/faculdade.grancursosonline.com.br\/blog\/prouni-2025\/#respond"]}],"copyrightYear":"2024","copyrightHolder":{"@id":"https:\/\/faculdade.grancursosonline.com.br\/blog\/#organization"}},{"@type":"WebPage","@id":"https:\/\/faculdade.grancursosonline.com.br\/blog\/prouni-2025\/","url":"https:\/\/faculdade.grancursosonline.com.br\/blog\/prouni-2025\/","name":"Prouni 2025: confira o que sabemos at\u00e9 agora!","isPartOf":{"@id":"https:\/\/faculdade.grancursosonline.com.br\/blog\/#website"},"primaryImageOfPage":{"@id":"https:\/\/faculdade.grancursosonline.com.br\/blog\/prouni-2025\/#primaryimage"},"image":{"@id":"https:\/\/faculdade.grancursosonline.com.br\/blog\/prouni-2025\/#primaryimage"},"thumbnailUrl":"https:\/\/blog-es-static.infra.grancursosonline.com.br\/wp-content\/uploads\/2024\/12\/19151633\/Prouni-2025-2.jpg","datePublished":"2024-12-18T21:50:09+00:00","dateModified":"2025-01-17T15:42:42+00:00","description":"O edital do Prouni 2025 foi publicado, e n\u00f3s reunimos para voc\u00ea, todas as informa\u00e7\u00f5es e datas importantes para te ajudar a se preparar!","breadcrumb":{"@id":"https:\/\/faculdade.grancursosonline.com.br\/blog\/prouni-2025\/#breadcrumb"},"inLanguage":"pt-BR","potentialAction":[{"@type":"ReadAction","target":["https:\/\/faculdade.grancursosonline.com.br\/blog\/prouni-2025\/"]}]},{"@type":"ImageObject","inLanguage":"pt-BR","@id":"https:\/\/faculdade.grancursosonline.com.br\/blog\/prouni-2025\/#primaryimage","url":"https:\/\/blog-es-static.infra.grancursosonline.com.br\/wp-content\/uploads\/2024\/12\/19151633\/Prouni-2025-2.jpg","contentUrl":"https:\/\/blog-es-static.infra.grancursosonline.com.br\/wp-content\/uploads\/2024\/12\/19151633\/Prouni-2025-2.jpg","width":1000,"height":600,"caption":"Prouni 2025: confira o que sabemos at\u00e9 agora!"},{"@type":"BreadcrumbList","@id":"https:\/\/faculdade.grancursosonline.com.br\/blog\/prouni-2025\/#breadcrumb","itemListElement":[{"@type":"ListItem","position":1,"name":"In\u00edcio","item":"https:\/\/faculdade.grancursosonline.com.br\/blog\/"},{"@type":"ListItem","position":2,"name":"PROUNI","item":"https:\/\/faculdade.grancursosonline.com.br\/blog\/categoria\/prouni\/"},{"@type":"ListItem","position":3,"name":"Prouni 2025: confira o que sabemos at\u00e9 agora!"}]},{"@type":"WebSite","@id":"https:\/\/faculdade.grancursosonline.com.br\/blog\/#website","url":"https:\/\/faculdade.grancursosonline.com.br\/blog\/","name":"Blog Gran Faculdade","description":"Tudo sobre ensino superior, p\u00f3s-gradua\u00e7\u00e3o, enem e carreira.","publisher":{"@id":"https:\/\/faculdade.grancursosonline.com.br\/blog\/#organization"},"potentialAction":[{"@type":"SearchAction","target":{"@type":"EntryPoint","urlTemplate":"https:\/\/faculdade.grancursosonline.com.br\/blog\/?s={search_term_string}"},"query-input":{"@type":"PropertyValueSpecification","valueRequired":true,"valueName":"search_term_string"}}],"inLanguage":"pt-BR"},{"@type":"Organization","@id":"https:\/\/faculdade.grancursosonline.com.br\/blog\/#organization","name":"Gran Cursos Online","url":"https:\/\/faculdade.grancursosonline.com.br\/blog\/","logo":{"@type":"ImageObject","inLanguage":"pt-BR","@id":"https:\/\/faculdade.grancursosonline.com.br\/blog\/#\/schema\/logo\/image\/","url":"https:\/\/blog-es-static.infra.grancursosonline.com.br\/wp-content\/uploads\/2019\/08\/03123934\/logo.png","contentUrl":"https:\/\/blog-es-static.infra.grancursosonline.com.br\/wp-content\/uploads\/2019\/08\/03123934\/logo.png","width":300,"height":57,"caption":"Gran Cursos Online"},"image":{"@id":"https:\/\/faculdade.grancursosonline.com.br\/blog\/#\/schema\/logo\/image\/"},"sameAs":["https:\/\/www.facebook.com\/grancursosonline\/","https:\/\/x.com\/gran_online","https:\/\/www.instagram.com\/grancursosonline\/","https:\/\/www.youtube.com\/user\/grancursostv"]},{"@type":"Person","@id":"https:\/\/faculdade.grancursosonline.com.br\/blog\/#\/schema\/person\/9745f9b6db8976613c1f439dbcfe717d","name":"Guilherme Henrique","url":"https:\/\/faculdade.grancursosonline.com.br\/blog\/author\/guilherme-lourenco\/"}]}},"_links":{"self":[{"href":"https:\/\/faculdade.grancursosonline.com.br\/blog\/wp-json\/wp\/v2\/posts\/79750483","targetHints":{"allow":["GET"]}}],"collection":[{"href":"https:\/\/faculdade.grancursosonline.com.br\/blog\/wp-json\/wp\/v2\/posts"}],"about":[{"href":"https:\/\/faculdade.grancursosonline.com.br\/blog\/wp-json\/wp\/v2\/types\/post"}],"author":[{"embeddable":true,"href":"https:\/\/faculdade.grancursosonline.com.br\/blog\/wp-json\/wp\/v2\/users\/514"}],"replies":[{"embeddable":true,"href":"https:\/\/faculdade.grancursosonline.com.br\/blog\/wp-json\/wp\/v2\/comments?post=79750483"}],"version-history":[{"count":5,"href":"https:\/\/faculdade.grancursosonline.com.br\/blog\/wp-json\/wp\/v2\/posts\/79750483\/revisions"}],"predecessor-version":[{"id":79751231,"href":"https:\/\/faculdade.grancursosonline.com.br\/blog\/wp-json\/wp\/v2\/posts\/79750483\/revisions\/79751231"}],"wp:featuredmedia":[{"embeddable":true,"href":"https:\/\/faculdade.grancursosonline.com.br\/blog\/wp-json\/wp\/v2\/media\/79750503"}],"wp:attachment":[{"href":"https:\/\/faculdade.grancursosonline.com.br\/blog\/wp-json\/wp\/v2\/media?parent=79750483"}],"wp:term":[{"taxonomy":"category","embeddable":true,"href":"https:\/\/faculdade.grancursosonline.com.br\/blog\/wp-json\/wp\/v2\/categories?post=79750483"},{"taxonomy":"post_tag","embeddable":true,"href":"https:\/\/faculdade.grancursosonline.com.br\/blog\/wp-json\/wp\/v2\/tags?post=79750483"}],"curies":[{"name":"wp","href":"https:\/\/api.w.org\/{rel}","templated":true}]}}