{"id":79751000,"date":"2025-06-30T12:28:48","date_gmt":"2025-06-30T15:28:48","guid":{"rendered":"https:\/\/faculdade.grancursosonline.com.br\/blog\/?p=79751000"},"modified":"2025-06-30T12:29:30","modified_gmt":"2025-06-30T15:29:30","slug":"calendario-prouni-2025","status":"publish","type":"post","link":"https:\/\/faculdade.grancursosonline.com.br\/blog\/calendario-prouni-2025\/","title":{"rendered":"Calend\u00e1rio Prouni 2025.2: saiba tudo sobre o cronograma!"},"content":{"rendered":"\n<p>O <a href=\"https:\/\/faculdade.grancursosonline.com.br\/blog\/prouni\/\" target=\"_blank\" rel=\"noreferrer noopener\">Programa Universidade para Todos<\/a> (<a href=\"https:\/\/faculdade.grancursosonline.com.br\/blog\/prouni\/\" target=\"_blank\" rel=\"noreferrer noopener\">Prouni<\/a>) 2025.2 \u00e9 um dos principais meios para conseguir bolsas de Ensino Superior em universidades privadas do pa\u00eds. Por meio do programa, o Governo Federal custeia bolsas integrais ou parciais para alunos que se destacaram em pelo menos uma das duas \u00faltimas edi\u00e7\u00f5es do <a href=\"https:\/\/faculdade.grancursosonline.com.br\/blog\/prouni\/\" target=\"_blank\" rel=\"noreferrer noopener\">Exame Nacional do Ensino M\u00e9dio<\/a> (<a href=\"https:\/\/faculdade.grancursosonline.com.br\/blog\/prouni\/\" target=\"_blank\" rel=\"noreferrer noopener\">ENEM<\/a>).<\/p>\n\n\n\n<p>Com a divulga\u00e7\u00e3o do Edital do Prouni 2025.2, j\u00e1 \u00e9 poss\u00edvel consultar o calend\u00e1rio Prouni 2025.2. <\/p>\n\n\n\n<p>Acompanhe o texto na \u00edntegra, ou navegue pelo \u00edndice se preferir:<\/p>\n\n\n\n<ul class=\"wp-block-list\">\n<li><a href=\"#prouni\">O que \u00e9 o Prouni?<\/a><\/li>\n\n\n\n<li><a href=\"#funciona\">Como funciona o Prouni?<\/a><\/li>\n\n\n\n<li><a href=\"#participar\">Quem pode participar do Prouni?<\/a><\/li>\n\n\n\n<li><a href=\"#documentos\">Documentos necess\u00e1rios para o Prouni 2025<\/a><\/li>\n\n\n\n<li><a href=\"#edital\">Edital Prouni 2025.2<\/a><\/li>\n\n\n\n<li><a href=\"#calendario\">Calend\u00e1rio Prouni 2025.2<\/a><\/li>\n<\/ul>\n\n\n\n<div class=\"wp-block-columns is-layout-flex wp-container-core-columns-is-layout-9d6595d7 wp-block-columns-is-layout-flex\">\n<div class=\"wp-block-column is-layout-flow wp-block-column-is-layout-flow\" style=\"flex-basis:100%\"><div class=\"wp-block-image\">\n<figure class=\"aligncenter size-full\"><a href=\"https:\/\/whatsapp.com\/channel\/0029VaG1sChI7Be7PNndhL43\" target=\"_blank\" rel=\"noopener\"><img decoding=\"async\" src=\"https:\/\/blog-es-static.infra.grancursosonline.com.br\/wp-content\/uploads\/2025\/09\/09112354\/banner-wp-600x142-80.webp\" alt=\"Acesse o canal do WhatsApp da Gran Faculdade\" class=\"wp-image-79751904\"\/><\/a><\/figure>\n<\/div><\/div>\n<\/div>\n\n\n\n<h2 class=\"wp-block-heading\" id=\"h-tem-duvidas-de-como-o-prouni-2024-funciona\">Tem d\u00favidas sobre como funciona o Prouni?<\/h2>\n\n\n\n<p>Preparamos um <strong>Guia b\u00e1sico sobre o Prouni<\/strong> com as respostas para as principais d\u00favidas sobre o programa.<\/p>\n\n\n\n<p>Neste e-book, n\u00f3s falamos sobre como o Prouni surgiu, como funcionam as bolsas, o c\u00e1lculo de renda per capita e muito mais!<\/p>\n\n\n\n<p>Fa\u00e7a o <strong>download gratuito<\/strong> do e-book Guia B\u00e1sico sobre o Prouni preenchendo o formul\u00e1rio abaixo:<\/p>\n\n\n<p><script charset=\"utf-8\" type=\"text\/javascript\" src=\"\/\/js.hsforms.net\/forms\/embed\/v2.js\"><\/script> <script>\n  hbspt.forms.create({\n    region: \"na1\",\n    portalId: \"302036\",\n    formId: \"ab231718-8bb6-498f-a994-aeb510d61d90\"\n  });\n<\/script><\/p>\n\n\n<h2 class=\"wp-block-heading\" id=\"prouni\">O que \u00e9 o Prouni?<\/h2>\n\n\n\n<p>O Prouni, ou Programa Universidade para Todos, \u00e9 uma iniciativa que visa ampliar o acesso ao ensino superior no Brasil. Ele utiliza as notas obtidas pelos estudantes no Exame Nacional do Ensino M\u00e9dio (Enem) como crit\u00e9rio de classifica\u00e7\u00e3o para a concess\u00e3o de bolsas de estudo em faculdades e universidades particulares. <\/p>\n\n\n\n<p>Dependendo do desempenho e das condi\u00e7\u00f5es socioecon\u00f4micas do candidato, as bolsas podem cobrir 50% ou 100% do valor da mensalidade. Com isso, o objetivo \u00e9 tornar a educa\u00e7\u00e3o mais acess\u00edvel em todas as regi\u00f5es do pa\u00eds.<\/p>\n\n\n\n<h2 class=\"wp-block-heading\" id=\"funciona\">Como funciona o Prouni?<\/h2>\n\n\n\n<p>O Prouni \u00e9 direcionado a estudantes que desejam ingressar em cursos de gradua\u00e7\u00e3o em institui\u00e7\u00f5es privadas de ensino superior, com o benef\u00edcio de bolsas de estudo. Para participar, \u00e9 necess\u00e1rio que a renda familiar bruta mensal seja de at\u00e9 tr\u00eas sal\u00e1rios-m\u00ednimos por pessoa.<\/p>\n\n\n\n<p>A elegibilidade para as bolsas integrais ou parciais, que podem cobrir 50% ou 100% do valor das mensalidades, tamb\u00e9m depende do desempenho no Enem. O candidato precisa atender aos seguintes crit\u00e9rios:<\/p>\n\n\n\n<ul class=\"wp-block-list\">\n<li>Obter, no m\u00ednimo, 450 pontos na m\u00e9dia das cinco \u00e1reas avaliadas no exame;<\/li>\n\n\n\n<li>Alcan\u00e7ar uma nota maior que zero na prova de reda\u00e7\u00e3o;<\/li>\n\n\n\n<li>N\u00e3o ter realizado o Enem na condi\u00e7\u00e3o de treineiro.<\/li>\n<\/ul>\n\n\n\n<h2 class=\"wp-block-heading\" id=\"participar\">Quem pode participar do Prouni?<\/h2>\n\n\n\n<p>Para se inscrever no Prouni, \u00e9 necess\u00e1rio atender aos crit\u00e9rios de renda e desempenho acad\u00eamico, al\u00e9m de outras exig\u00eancias espec\u00edficas do programa. <\/p>\n\n\n\n<p>O benef\u00edcio \u00e9 voltado para candidatos com renda familiar bruta mensal de at\u00e9 3 sal\u00e1rios-m\u00ednimos por pessoa, que tenham realizado uma das duas edi\u00e7\u00f5es mais recentes do Enem e se enquadrem nos requisitos estabelecidos.<\/p>\n\n\n\n<p>Os principais requisitos para inscri\u00e7\u00e3o no Prouni incluem:<\/p>\n\n\n\n<ul class=\"wp-block-list\">\n<li><strong>Participa\u00e7\u00e3o no Enem<\/strong>: ter realizado uma das duas \u00faltimas edi\u00e7\u00f5es do exame, obtendo uma m\u00e9dia m\u00ednima de 450 pontos nas provas, sem ter zerado a reda\u00e7\u00e3o ou participado como treineiro;<\/li>\n\n\n\n<li><strong>Conclus\u00e3o do Ensino M\u00e9dio: <\/strong>prioritariamente para estudantes que cursaram a rede p\u00fablica ou foram bolsistas integrais na rede privada;<\/li>\n\n\n\n<li><strong>Adequa\u00e7\u00e3o \u00e0 Renda Familiar:<\/strong> comprovar renda familiar bruta de at\u00e9 tr\u00eas sal\u00e1rios-m\u00ednimos por pessoa.<\/li>\n<\/ul>\n\n\n\n<h2 class=\"wp-block-heading\" id=\"documentos\">Documentos necess\u00e1rios para o Prouni 2025<\/h2>\n\n\n\n<p>A comprova\u00e7\u00e3o de renda no Prouni exige a apresenta\u00e7\u00e3o de diferentes documentos, dependendo da ocupa\u00e7\u00e3o ou fonte de renda de cada membro do n\u00facleo familiar. Os perfis mais comuns incluem:<\/p>\n\n\n\n<ul class=\"wp-block-list\">\n<li>Assalariados;<\/li>\n\n\n\n<li>Trabalhadores de Atividade Rural;<\/li>\n\n\n\n<li>Aposentados e Pensionistas;<\/li>\n\n\n\n<li>Aut\u00f4nomos;<\/li>\n\n\n\n<li>Profissionais Liberais;<\/li>\n\n\n\n<li>S\u00f3cios e Dirigentes de Empresas;<\/li>\n\n\n\n<li>Rendimentos de Aluguel ou Arrendamento de Bens.<\/li>\n<\/ul>\n\n\n\n<p>Caso nenhuma pessoa no n\u00facleo familiar possua renda enquadrada nessas categorias, \u00e9 necess\u00e1rio comprovar como a fam\u00edlia se mant\u00e9m financeiramente, utilizando documentos espec\u00edficos exigidos pelo Prouni.<\/p>\n\n\n\n<h2 class=\"wp-block-heading\" id=\"edital\">Edital Prouni 2025.2<\/h2>\n\n\n\n<p>O <a href=\"https:\/\/faculdade.grancursosonline.com.br\/blog\/edital-prouni\/\" target=\"_blank\" rel=\"noreferrer noopener\">Edital Prouni 2025<\/a>.2 \u00e9 o documento que oficializa todos os crit\u00e9rios e datas envolvendo o andamento do programa e concess\u00e3o das bolsas. O edital do Prouni segundo semestre deste ano foi divulgado no dia 24 de junho<\/p>\n\n\n\n<h2 class=\"wp-block-heading\" id=\"calendario\">Calend\u00e1rio Prouni 2025.2<\/h2>\n\n\n\n<p>Confira o calend\u00e1rio Prouni 2025 segundo o edital:<\/p>\n\n\n\n<ul class=\"wp-block-list\">\n<li><strong>Per\u00edodo de Inscri\u00e7\u00f5es<\/strong>: 30 de junho a 4 de julho;<\/li>\n\n\n\n<li><strong>Resultado 1\u00aa chamada<\/strong>: 07 de julho de 2025;<\/li>\n\n\n\n<li><strong>Resultado 2\u00aa chamada<\/strong>: 28 de julho;<\/li>\n\n\n\n<li><strong>Manifesta\u00e7\u00e3o de Interesse na Lista de Espera:\u00a0<\/strong>18 e 19 de agosto;<\/li>\n\n\n\n<li><strong>Resultado Lista de Espera:<\/strong>\u00a022 de agosto;<\/li>\n<\/ul>\n\n\n\n<div class=\"wp-block-group has-background\" style=\"background-color:#8dd2fc7a\"><div class=\"wp-block-group__inner-container is-layout-constrained wp-block-group-is-layout-constrained\">\n<p><strong>Outras not\u00edcias em destaque:<\/strong>  <\/p>\n\n\n\n<ul class=\"wp-block-list\">\n<li><a href=\"https:\/\/faculdade.grancursosonline.com.br\/blog\/edital-prouni\/\" target=\"_blank\" rel=\"noreferrer noopener\">Edital Prouni 2025.2: Veja inscri\u00e7\u00e3o, resultado e documentos<\/a><\/li>\n\n\n\n<li><a href=\"https:\/\/faculdade.grancursosonline.com.br\/blog\/prouni\/\" target=\"_blank\" rel=\"noreferrer noopener\">Prouni: saiba tudo sobre o Programa Universidade para Todos!<\/a><\/li>\n\n\n\n<li><a href=\"https:\/\/faculdade.grancursosonline.com.br\/blog\/sisu-prouni-fies-diferenca\/\" target=\"_blank\" rel=\"noreferrer noopener\">SISU, PROUNI e FIES: como se inscrever e qual a diferen\u00e7a?<\/a><\/li>\n<\/ul>\n<\/div><\/div>\n\n\n\n<div class=\"wp-block-group\"><div class=\"wp-block-group__inner-container is-layout-constrained wp-block-group-is-layout-constrained\">\n<h3 class=\"wp-block-heading\" id=\"h-cupons-de-desconto-graduacao-ead\">Cupons de desconto Gradua\u00e7\u00e3o EAD<\/h3>\n\n\n\n<p>Confira os descontos abaixo e selecione a op\u00e7\u00e3o que melhor se encaixa para voc\u00ea (<strong>valores v\u00e1lidos at\u00e9 o preenchimento das vagas<\/strong> <strong>dispon\u00edveis<\/strong>, os valores para sua matr\u00edcula ser\u00e3o os exibidos no site de compra na hora de fazer sua matr\u00edcula):<\/p>\n\n\n\n<figure class=\"wp-block-table\"><div class=\"container-tabela\"><table><tbody><tr><td>Categoria<\/td><td>Valor mensal<\/td><td>Cupom<\/td><\/tr><tr><td>Gradua\u00e7\u00e3o Social + Mulher<\/td><td>a partir de 12x de <strong><strong><strong><strong>R$ 89,90<\/strong><\/strong><\/strong><\/strong> <\/td><td>GRADSOCIALGRAN<\/td><\/tr><tr><td>Gradua\u00e7\u00e3o Alunos e Ex-alunos Gran<\/td><td>a partir de 12x de <strong><strong><strong><strong>R$ 89,90<\/strong><\/strong><\/strong><\/strong> <\/td><td>GRADALUNOGRAN<\/td><\/tr><tr><td>Gradua\u00e7\u00e3o Novos Alunos<\/td><td>a partir de 12x de <strong><strong><strong><strong>R$ 99,90<\/strong><\/strong><\/strong><\/strong><\/td><td>NOVOGRADGRAN<\/td><\/tr><\/tbody><\/table><\/div><\/figure>\n\n\n\n<p>Al\u00e9m disso, voc\u00ea pode obter 5% de desconto fazendo o pagamento \u00e0 vista!<\/p>\n\n\n\n<p class=\"has-text-align-center\"><strong><a href=\"https:\/\/faculdade.grancursosonline.com.br\/\" target=\"_blank\" rel=\"noopener\">Garanta sua matr\u00edcula com desconto!<\/a><\/strong><\/p>\n<\/div><\/div>\n\n\n\n<h2 class=\"wp-block-heading\" id=\"h-participe-de-uma-imersao-exclusiva-com-especialistas-em-ia-e-transforme-sua-carreira\">Participe de uma imers\u00e3o exclusiva com especialistas em IA e transforme sua carreira<\/h2>\n\n\n<div class=\"wp-block-image\">\n<figure class=\"aligncenter size-large is-resized\"><a href=\"https:\/\/lp.grancursosonline.com.br\/imersao-em-ia\/?utm_source=Wordpress&amp;utm_medium=sidebar&amp;utm_campaign=Capta%C3%A7%C3%A3o+Imers%C3%A3o+em+IA+-+Abril%2F2026+-+Blog+Ensino+Superior+-+Conte%C3%BAdo+e+SEO&amp;utm_id=Capta%C3%A7%C3%A3o+Imers%C3%A3o+em+IA+-+Abril%2F2026+-+Blog+Ensino+Superior+-+Conte%C3%BAdo+e+SEO\" target=\"_blank\" rel=\" noreferrer noopener\"><img loading=\"lazy\" decoding=\"async\" width=\"1024\" height=\"576\" src=\"https:\/\/blog-es-static.infra.grancursosonline.com.br\/wp-content\/uploads\/2026\/03\/31105919\/imersao_em_ia-1024x576.webp\" alt=\"\" class=\"wp-image-79763836\" style=\"width:488px;height:auto\"\/><\/a><\/figure>\n<\/div>\n\n\n<p><strong>Se voc\u00ea quer sair do b\u00e1sico e entender, na pr\u00e1tica, como a Intelig\u00eancia Artificial (IA) est\u00e1 moldando o mercado, esta \u00e9 a sua oportunidade.<\/strong> <\/p>\n\n\n\n<p>A Imers\u00e3o em IA re\u00fane especialistas renomados do mercado, incluindo profissionais com experi\u00eancia em grandes empresas de tecnologia como Google e Amazon, que v\u00e3o compartilhar<strong> insights estrat\u00e9gicos e aplica\u00e7\u00f5es reais<\/strong> para acelerar sua evolu\u00e7\u00e3o profissional.<\/p>\n\n\n\n<p>O evento acontecer\u00e1 em <strong>tr\u00eas encontros ao vivo, a partir do dia 13 de abril, sempre \u00e0s 20h<\/strong> (hor\u00e1rio de Bras\u00edlia), com uma programa\u00e7\u00e3o estruturada para levar voc\u00ea do entendimento dos conceitos at\u00e9 a aplica\u00e7\u00e3o pr\u00e1tica de agentes de IA.<\/p>\n\n\n\n<p>Clique no link abaixo e garanta sua participa\u00e7\u00e3o nesta experi\u00eancia <strong>gratuita, ao vivo e com potencial real de impacto na sua carreira<\/strong>.<\/p>\n\n\n\n<p class=\"has-text-align-center\"><strong><a href=\"https:\/\/lp.grancursosonline.com.br\/imersao-em-ia\/?utm_source=Wordpress&amp;utm_medium=sidebar&amp;utm_campaign=Capta%C3%A7%C3%A3o+Imers%C3%A3o+em+IA+-+Abril%2F2026+-+Blog+Ensino+Superior+-+Conte%C3%BAdo+e+SEO&amp;utm_id=Capta%C3%A7%C3%A3o+Imers%C3%A3o+em+IA+-+Abril%2F2026+-+Blog+Ensino+Superior+-+Conte%C3%BAdo+e+SEO\" target=\"_blank\" rel=\"noreferrer noopener\">Quero participar da Imers\u00e3o para aprender mais sobre IA<\/a><\/strong><\/p>\n","protected":false},"excerpt":{"rendered":"<p>O Programa Universidade para Todos (Prouni) 2025.2 \u00e9 um dos principais meios para conseguir bolsas de Ensino Superior em universidades privadas do pa\u00eds. Por meio do programa, o Governo Federal custeia bolsas integrais ou parciais para alunos que se destacaram em pelo menos uma das duas \u00faltimas edi\u00e7\u00f5es do Exame Nacional do Ensino M\u00e9dio (ENEM).&hellip;<\/p>\n","protected":false},"author":514,"featured_media":79751101,"comment_status":"open","ping_status":"open","sticky":false,"template":"","format":"standard","meta":{"_acf_changed":false,"content-type":"","footnotes":""},"categories":[218668,2],"tags":[],"class_list":["post-79751000","post","type-post","status-publish","format-standard","has-post-thumbnail","hentry","category-prouni","category-ultimas-noticias"],"acf":[],"yoast_head":"<!-- This site is optimized with the Yoast SEO Premium plugin v27.2 (Yoast SEO v27.2) - https:\/\/yoast.com\/product\/yoast-seo-premium-wordpress\/ -->\n<title>Calend\u00e1rio Prouni 2025.2: saiba tudo sobre o cronograma!<\/title>\n<meta name=\"description\" content=\"O que \u00e9 o Prouni? Saiba tudo sobre o calend\u00e1rio Prouni 2025.2 e as principais datas do cronograma para a edi\u00e7\u00e3o desse ano!\" \/>\n<meta name=\"robots\" content=\"index, follow, max-snippet:-1, max-image-preview:large, max-video-preview:-1\" \/>\n<link rel=\"canonical\" href=\"https:\/\/faculdade.grancursosonline.com.br\/blog\/calendario-prouni-2025\/\" \/>\n<meta property=\"og:locale\" content=\"pt_BR\" \/>\n<meta property=\"og:type\" content=\"article\" \/>\n<meta property=\"og:title\" content=\"Calend\u00e1rio Prouni 2025.2: saiba tudo sobre o cronograma!\" \/>\n<meta property=\"og:description\" content=\"O que \u00e9 o Prouni? Saiba tudo sobre o calend\u00e1rio Prouni 2025.2 e as principais datas do cronograma para a edi\u00e7\u00e3o desse ano!\" \/>\n<meta property=\"og:url\" content=\"https:\/\/faculdade.grancursosonline.com.br\/blog\/calendario-prouni-2025\/\" \/>\n<meta property=\"og:site_name\" content=\"Blog Gran Faculdade\" \/>\n<meta property=\"article:publisher\" content=\"https:\/\/www.facebook.com\/grancursosonline\/\" \/>\n<meta property=\"article:published_time\" content=\"2025-06-30T15:28:48+00:00\" \/>\n<meta property=\"article:modified_time\" content=\"2025-06-30T15:29:30+00:00\" \/>\n<meta property=\"og:image\" content=\"https:\/\/blog-es-static.infra.grancursosonline.com.br\/wp-content\/uploads\/2025\/01\/15151651\/calendario-prouni-2025-social.jpg\" \/>\n\t<meta property=\"og:image:width\" content=\"1201\" \/>\n\t<meta property=\"og:image:height\" content=\"629\" \/>\n\t<meta property=\"og:image:type\" content=\"image\/jpeg\" \/>\n<meta name=\"author\" content=\"Guilherme Henrique\" \/>\n<meta name=\"twitter:card\" content=\"summary_large_image\" \/>\n<meta name=\"twitter:creator\" content=\"@gran_online\" \/>\n<meta name=\"twitter:site\" content=\"@gran_online\" \/>\n<meta name=\"twitter:label1\" content=\"Written by\" \/>\n\t<meta name=\"twitter:data1\" content=\"Guilherme Henrique\" \/>\n\t<meta name=\"twitter:label2\" content=\"Est. reading time\" \/>\n\t<meta name=\"twitter:data2\" content=\"6 minutos\" \/>\n<script type=\"application\/ld+json\" class=\"yoast-schema-graph\">{\"@context\":\"https:\/\/schema.org\",\"@graph\":[{\"@type\":\"NewsArticle\",\"@id\":\"https:\/\/faculdade.grancursosonline.com.br\/blog\/calendario-prouni-2025\/#article\",\"isPartOf\":{\"@id\":\"https:\/\/faculdade.grancursosonline.com.br\/blog\/calendario-prouni-2025\/\"},\"author\":{\"name\":\"Guilherme Henrique\",\"@id\":\"https:\/\/faculdade.grancursosonline.com.br\/blog\/#\/schema\/person\/9745f9b6db8976613c1f439dbcfe717d\"},\"headline\":\"Calend\u00e1rio Prouni 2025.2: saiba tudo sobre o cronograma!\",\"datePublished\":\"2025-06-30T15:28:48+00:00\",\"dateModified\":\"2025-06-30T15:29:30+00:00\",\"mainEntityOfPage\":{\"@id\":\"https:\/\/faculdade.grancursosonline.com.br\/blog\/calendario-prouni-2025\/\"},\"wordCount\":696,\"commentCount\":1,\"publisher\":{\"@id\":\"https:\/\/faculdade.grancursosonline.com.br\/blog\/#organization\"},\"image\":{\"@id\":\"https:\/\/faculdade.grancursosonline.com.br\/blog\/calendario-prouni-2025\/#primaryimage\"},\"thumbnailUrl\":\"https:\/\/blog-es-static.infra.grancursosonline.com.br\/wp-content\/uploads\/2025\/01\/15151539\/calendario-prouni-2025.jpg\",\"articleSection\":[\"PROUNI\",\"\u00daltimas Not\u00edcias\"],\"inLanguage\":\"pt-BR\",\"potentialAction\":[{\"@type\":\"CommentAction\",\"name\":\"Comment\",\"target\":[\"https:\/\/faculdade.grancursosonline.com.br\/blog\/calendario-prouni-2025\/#respond\"]}],\"copyrightYear\":\"2025\",\"copyrightHolder\":{\"@id\":\"https:\/\/faculdade.grancursosonline.com.br\/blog\/#organization\"}},{\"@type\":\"WebPage\",\"@id\":\"https:\/\/faculdade.grancursosonline.com.br\/blog\/calendario-prouni-2025\/\",\"url\":\"https:\/\/faculdade.grancursosonline.com.br\/blog\/calendario-prouni-2025\/\",\"name\":\"Calend\u00e1rio Prouni 2025.2: saiba tudo sobre o cronograma!\",\"isPartOf\":{\"@id\":\"https:\/\/faculdade.grancursosonline.com.br\/blog\/#website\"},\"primaryImageOfPage\":{\"@id\":\"https:\/\/faculdade.grancursosonline.com.br\/blog\/calendario-prouni-2025\/#primaryimage\"},\"image\":{\"@id\":\"https:\/\/faculdade.grancursosonline.com.br\/blog\/calendario-prouni-2025\/#primaryimage\"},\"thumbnailUrl\":\"https:\/\/blog-es-static.infra.grancursosonline.com.br\/wp-content\/uploads\/2025\/01\/15151539\/calendario-prouni-2025.jpg\",\"datePublished\":\"2025-06-30T15:28:48+00:00\",\"dateModified\":\"2025-06-30T15:29:30+00:00\",\"description\":\"O que \u00e9 o Prouni? Saiba tudo sobre o calend\u00e1rio Prouni 2025.2 e as principais datas do cronograma para a edi\u00e7\u00e3o desse ano!\",\"breadcrumb\":{\"@id\":\"https:\/\/faculdade.grancursosonline.com.br\/blog\/calendario-prouni-2025\/#breadcrumb\"},\"inLanguage\":\"pt-BR\",\"potentialAction\":[{\"@type\":\"ReadAction\",\"target\":[\"https:\/\/faculdade.grancursosonline.com.br\/blog\/calendario-prouni-2025\/\"]}]},{\"@type\":\"ImageObject\",\"inLanguage\":\"pt-BR\",\"@id\":\"https:\/\/faculdade.grancursosonline.com.br\/blog\/calendario-prouni-2025\/#primaryimage\",\"url\":\"https:\/\/blog-es-static.infra.grancursosonline.com.br\/wp-content\/uploads\/2025\/01\/15151539\/calendario-prouni-2025.jpg\",\"contentUrl\":\"https:\/\/blog-es-static.infra.grancursosonline.com.br\/wp-content\/uploads\/2025\/01\/15151539\/calendario-prouni-2025.jpg\",\"width\":1001,\"height\":601},{\"@type\":\"BreadcrumbList\",\"@id\":\"https:\/\/faculdade.grancursosonline.com.br\/blog\/calendario-prouni-2025\/#breadcrumb\",\"itemListElement\":[{\"@type\":\"ListItem\",\"position\":1,\"name\":\"In\u00edcio\",\"item\":\"https:\/\/faculdade.grancursosonline.com.br\/blog\/\"},{\"@type\":\"ListItem\",\"position\":2,\"name\":\"PROUNI\",\"item\":\"https:\/\/faculdade.grancursosonline.com.br\/blog\/categoria\/prouni\/\"},{\"@type\":\"ListItem\",\"position\":3,\"name\":\"Calend\u00e1rio Prouni 2025.2: saiba tudo sobre o cronograma!\"}]},{\"@type\":\"WebSite\",\"@id\":\"https:\/\/faculdade.grancursosonline.com.br\/blog\/#website\",\"url\":\"https:\/\/faculdade.grancursosonline.com.br\/blog\/\",\"name\":\"Blog Gran Faculdade\",\"description\":\"Tudo sobre ensino superior, p\u00f3s-gradua\u00e7\u00e3o, enem e carreira.\",\"publisher\":{\"@id\":\"https:\/\/faculdade.grancursosonline.com.br\/blog\/#organization\"},\"potentialAction\":[{\"@type\":\"SearchAction\",\"target\":{\"@type\":\"EntryPoint\",\"urlTemplate\":\"https:\/\/faculdade.grancursosonline.com.br\/blog\/?s={search_term_string}\"},\"query-input\":{\"@type\":\"PropertyValueSpecification\",\"valueRequired\":true,\"valueName\":\"search_term_string\"}}],\"inLanguage\":\"pt-BR\"},{\"@type\":\"Organization\",\"@id\":\"https:\/\/faculdade.grancursosonline.com.br\/blog\/#organization\",\"name\":\"Gran Cursos Online\",\"url\":\"https:\/\/faculdade.grancursosonline.com.br\/blog\/\",\"logo\":{\"@type\":\"ImageObject\",\"inLanguage\":\"pt-BR\",\"@id\":\"https:\/\/faculdade.grancursosonline.com.br\/blog\/#\/schema\/logo\/image\/\",\"url\":\"https:\/\/blog-es-static.infra.grancursosonline.com.br\/wp-content\/uploads\/2019\/08\/03123934\/logo.png\",\"contentUrl\":\"https:\/\/blog-es-static.infra.grancursosonline.com.br\/wp-content\/uploads\/2019\/08\/03123934\/logo.png\",\"width\":300,\"height\":57,\"caption\":\"Gran Cursos Online\"},\"image\":{\"@id\":\"https:\/\/faculdade.grancursosonline.com.br\/blog\/#\/schema\/logo\/image\/\"},\"sameAs\":[\"https:\/\/www.facebook.com\/grancursosonline\/\",\"https:\/\/x.com\/gran_online\",\"https:\/\/www.instagram.com\/grancursosonline\/\",\"https:\/\/www.youtube.com\/user\/grancursostv\"]},{\"@type\":\"Person\",\"@id\":\"https:\/\/faculdade.grancursosonline.com.br\/blog\/#\/schema\/person\/9745f9b6db8976613c1f439dbcfe717d\",\"name\":\"Guilherme Henrique\",\"url\":\"https:\/\/faculdade.grancursosonline.com.br\/blog\/author\/guilherme-lourenco\/\"}]}<\/script>\n<!-- \/ Yoast SEO Premium plugin. -->","yoast_head_json":{"title":"Calend\u00e1rio Prouni 2025.2: saiba tudo sobre o cronograma!","description":"O que \u00e9 o Prouni? Saiba tudo sobre o calend\u00e1rio Prouni 2025.2 e as principais datas do cronograma para a edi\u00e7\u00e3o desse ano!","robots":{"index":"index","follow":"follow","max-snippet":"max-snippet:-1","max-image-preview":"max-image-preview:large","max-video-preview":"max-video-preview:-1"},"canonical":"https:\/\/faculdade.grancursosonline.com.br\/blog\/calendario-prouni-2025\/","og_locale":"pt_BR","og_type":"article","og_title":"Calend\u00e1rio Prouni 2025.2: saiba tudo sobre o cronograma!","og_description":"O que \u00e9 o Prouni? Saiba tudo sobre o calend\u00e1rio Prouni 2025.2 e as principais datas do cronograma para a edi\u00e7\u00e3o desse ano!","og_url":"https:\/\/faculdade.grancursosonline.com.br\/blog\/calendario-prouni-2025\/","og_site_name":"Blog Gran Faculdade","article_publisher":"https:\/\/www.facebook.com\/grancursosonline\/","article_published_time":"2025-06-30T15:28:48+00:00","article_modified_time":"2025-06-30T15:29:30+00:00","og_image":[{"width":1201,"height":629,"url":"https:\/\/blog-es-static.infra.grancursosonline.com.br\/wp-content\/uploads\/2025\/01\/15151651\/calendario-prouni-2025-social.jpg","type":"image\/jpeg"}],"author":"Guilherme Henrique","twitter_card":"summary_large_image","twitter_creator":"@gran_online","twitter_site":"@gran_online","twitter_misc":{"Written by":"Guilherme Henrique","Est. reading time":"6 minutos"},"schema":{"@context":"https:\/\/schema.org","@graph":[{"@type":"NewsArticle","@id":"https:\/\/faculdade.grancursosonline.com.br\/blog\/calendario-prouni-2025\/#article","isPartOf":{"@id":"https:\/\/faculdade.grancursosonline.com.br\/blog\/calendario-prouni-2025\/"},"author":{"name":"Guilherme Henrique","@id":"https:\/\/faculdade.grancursosonline.com.br\/blog\/#\/schema\/person\/9745f9b6db8976613c1f439dbcfe717d"},"headline":"Calend\u00e1rio Prouni 2025.2: saiba tudo sobre o cronograma!","datePublished":"2025-06-30T15:28:48+00:00","dateModified":"2025-06-30T15:29:30+00:00","mainEntityOfPage":{"@id":"https:\/\/faculdade.grancursosonline.com.br\/blog\/calendario-prouni-2025\/"},"wordCount":696,"commentCount":1,"publisher":{"@id":"https:\/\/faculdade.grancursosonline.com.br\/blog\/#organization"},"image":{"@id":"https:\/\/faculdade.grancursosonline.com.br\/blog\/calendario-prouni-2025\/#primaryimage"},"thumbnailUrl":"https:\/\/blog-es-static.infra.grancursosonline.com.br\/wp-content\/uploads\/2025\/01\/15151539\/calendario-prouni-2025.jpg","articleSection":["PROUNI","\u00daltimas Not\u00edcias"],"inLanguage":"pt-BR","potentialAction":[{"@type":"CommentAction","name":"Comment","target":["https:\/\/faculdade.grancursosonline.com.br\/blog\/calendario-prouni-2025\/#respond"]}],"copyrightYear":"2025","copyrightHolder":{"@id":"https:\/\/faculdade.grancursosonline.com.br\/blog\/#organization"}},{"@type":"WebPage","@id":"https:\/\/faculdade.grancursosonline.com.br\/blog\/calendario-prouni-2025\/","url":"https:\/\/faculdade.grancursosonline.com.br\/blog\/calendario-prouni-2025\/","name":"Calend\u00e1rio Prouni 2025.2: saiba tudo sobre o cronograma!","isPartOf":{"@id":"https:\/\/faculdade.grancursosonline.com.br\/blog\/#website"},"primaryImageOfPage":{"@id":"https:\/\/faculdade.grancursosonline.com.br\/blog\/calendario-prouni-2025\/#primaryimage"},"image":{"@id":"https:\/\/faculdade.grancursosonline.com.br\/blog\/calendario-prouni-2025\/#primaryimage"},"thumbnailUrl":"https:\/\/blog-es-static.infra.grancursosonline.com.br\/wp-content\/uploads\/2025\/01\/15151539\/calendario-prouni-2025.jpg","datePublished":"2025-06-30T15:28:48+00:00","dateModified":"2025-06-30T15:29:30+00:00","description":"O que \u00e9 o Prouni? Saiba tudo sobre o calend\u00e1rio Prouni 2025.2 e as principais datas do cronograma para a edi\u00e7\u00e3o desse ano!","breadcrumb":{"@id":"https:\/\/faculdade.grancursosonline.com.br\/blog\/calendario-prouni-2025\/#breadcrumb"},"inLanguage":"pt-BR","potentialAction":[{"@type":"ReadAction","target":["https:\/\/faculdade.grancursosonline.com.br\/blog\/calendario-prouni-2025\/"]}]},{"@type":"ImageObject","inLanguage":"pt-BR","@id":"https:\/\/faculdade.grancursosonline.com.br\/blog\/calendario-prouni-2025\/#primaryimage","url":"https:\/\/blog-es-static.infra.grancursosonline.com.br\/wp-content\/uploads\/2025\/01\/15151539\/calendario-prouni-2025.jpg","contentUrl":"https:\/\/blog-es-static.infra.grancursosonline.com.br\/wp-content\/uploads\/2025\/01\/15151539\/calendario-prouni-2025.jpg","width":1001,"height":601},{"@type":"BreadcrumbList","@id":"https:\/\/faculdade.grancursosonline.com.br\/blog\/calendario-prouni-2025\/#breadcrumb","itemListElement":[{"@type":"ListItem","position":1,"name":"In\u00edcio","item":"https:\/\/faculdade.grancursosonline.com.br\/blog\/"},{"@type":"ListItem","position":2,"name":"PROUNI","item":"https:\/\/faculdade.grancursosonline.com.br\/blog\/categoria\/prouni\/"},{"@type":"ListItem","position":3,"name":"Calend\u00e1rio Prouni 2025.2: saiba tudo sobre o cronograma!"}]},{"@type":"WebSite","@id":"https:\/\/faculdade.grancursosonline.com.br\/blog\/#website","url":"https:\/\/faculdade.grancursosonline.com.br\/blog\/","name":"Blog Gran Faculdade","description":"Tudo sobre ensino superior, p\u00f3s-gradua\u00e7\u00e3o, enem e carreira.","publisher":{"@id":"https:\/\/faculdade.grancursosonline.com.br\/blog\/#organization"},"potentialAction":[{"@type":"SearchAction","target":{"@type":"EntryPoint","urlTemplate":"https:\/\/faculdade.grancursosonline.com.br\/blog\/?s={search_term_string}"},"query-input":{"@type":"PropertyValueSpecification","valueRequired":true,"valueName":"search_term_string"}}],"inLanguage":"pt-BR"},{"@type":"Organization","@id":"https:\/\/faculdade.grancursosonline.com.br\/blog\/#organization","name":"Gran Cursos Online","url":"https:\/\/faculdade.grancursosonline.com.br\/blog\/","logo":{"@type":"ImageObject","inLanguage":"pt-BR","@id":"https:\/\/faculdade.grancursosonline.com.br\/blog\/#\/schema\/logo\/image\/","url":"https:\/\/blog-es-static.infra.grancursosonline.com.br\/wp-content\/uploads\/2019\/08\/03123934\/logo.png","contentUrl":"https:\/\/blog-es-static.infra.grancursosonline.com.br\/wp-content\/uploads\/2019\/08\/03123934\/logo.png","width":300,"height":57,"caption":"Gran Cursos Online"},"image":{"@id":"https:\/\/faculdade.grancursosonline.com.br\/blog\/#\/schema\/logo\/image\/"},"sameAs":["https:\/\/www.facebook.com\/grancursosonline\/","https:\/\/x.com\/gran_online","https:\/\/www.instagram.com\/grancursosonline\/","https:\/\/www.youtube.com\/user\/grancursostv"]},{"@type":"Person","@id":"https:\/\/faculdade.grancursosonline.com.br\/blog\/#\/schema\/person\/9745f9b6db8976613c1f439dbcfe717d","name":"Guilherme Henrique","url":"https:\/\/faculdade.grancursosonline.com.br\/blog\/author\/guilherme-lourenco\/"}]}},"_links":{"self":[{"href":"https:\/\/faculdade.grancursosonline.com.br\/blog\/wp-json\/wp\/v2\/posts\/79751000","targetHints":{"allow":["GET"]}}],"collection":[{"href":"https:\/\/faculdade.grancursosonline.com.br\/blog\/wp-json\/wp\/v2\/posts"}],"about":[{"href":"https:\/\/faculdade.grancursosonline.com.br\/blog\/wp-json\/wp\/v2\/types\/post"}],"author":[{"embeddable":true,"href":"https:\/\/faculdade.grancursosonline.com.br\/blog\/wp-json\/wp\/v2\/users\/514"}],"replies":[{"embeddable":true,"href":"https:\/\/faculdade.grancursosonline.com.br\/blog\/wp-json\/wp\/v2\/comments?post=79751000"}],"version-history":[{"count":6,"href":"https:\/\/faculdade.grancursosonline.com.br\/blog\/wp-json\/wp\/v2\/posts\/79751000\/revisions"}],"predecessor-version":[{"id":79755262,"href":"https:\/\/faculdade.grancursosonline.com.br\/blog\/wp-json\/wp\/v2\/posts\/79751000\/revisions\/79755262"}],"wp:featuredmedia":[{"embeddable":true,"href":"https:\/\/faculdade.grancursosonline.com.br\/blog\/wp-json\/wp\/v2\/media\/79751101"}],"wp:attachment":[{"href":"https:\/\/faculdade.grancursosonline.com.br\/blog\/wp-json\/wp\/v2\/media?parent=79751000"}],"wp:term":[{"taxonomy":"category","embeddable":true,"href":"https:\/\/faculdade.grancursosonline.com.br\/blog\/wp-json\/wp\/v2\/categories?post=79751000"},{"taxonomy":"post_tag","embeddable":true,"href":"https:\/\/faculdade.grancursosonline.com.br\/blog\/wp-json\/wp\/v2\/tags?post=79751000"}],"curies":[{"name":"wp","href":"https:\/\/api.w.org\/{rel}","templated":true}]}}