{"id":79751449,"date":"2025-06-30T10:06:46","date_gmt":"2025-06-30T13:06:46","guid":{"rendered":"https:\/\/faculdade.grancursosonline.com.br\/blog\/?p=79751449"},"modified":"2025-06-30T10:08:27","modified_gmt":"2025-06-30T13:08:27","slug":"prouni-2025-data-de-inscricao","status":"publish","type":"post","link":"https:\/\/faculdade.grancursosonline.com.br\/blog\/prouni-2025-data-de-inscricao\/","title":{"rendered":"Prouni 2025: data de inscri\u00e7\u00e3o \u00e9 at\u00e9 esta sexta-feira (04)"},"content":{"rendered":"\n<p>Se voc\u00ea est\u00e1 em busca de uma bolsa de estudos para ingressar no ensino superior, fique atento a\u00a0 Prouni 2025 data de inscri\u00e7\u00e3o! <\/p>\n\n\n\n<p>O programa, que j\u00e1 ajudou milhares de estudantes a realizar o sonho da gradua\u00e7\u00e3o, est\u00e1 com inscri\u00e7\u00f5es abertas para sua segunda edi\u00e7\u00e3o at\u00e9 sexta-feira (04). N\u00e3o perca a chance de garantir uma oportunidade \u00fanica.<\/p>\n\n\n\n<p>Al\u00e9m de facilitar o acesso a bolsas de estudo integrais e parciais, o Prouni \u00e9 uma excelente alternativa para quem busca cursos em institui\u00e7\u00f5es privadas de qualidade. \u00c9 importante estar dentro dos crit\u00e9rios e preencher as informa\u00e7\u00f5es corretamente no ato da inscri\u00e7\u00e3o. Afinal, um pequeno detalhe pode fazer toda a diferen\u00e7a.<\/p>\n\n\n\n<p>Quer saber mais sobre como participar, quais os pr\u00f3ximos passos ou mesmo como funciona o processo de sele\u00e7\u00e3o? Continue com a gente! Vamos detalhar tudo o que voc\u00ea precisa saber para n\u00e3o deixar passar essa chance de ouro.<\/p>\n\n\n\n<div class=\"wp-block-columns is-layout-flex wp-container-core-columns-is-layout-9d6595d7 wp-block-columns-is-layout-flex\">\n<div class=\"wp-block-column is-layout-flow wp-block-column-is-layout-flow\" style=\"flex-basis:100%\"><div class=\"wp-block-image\">\n<figure class=\"aligncenter size-full\"><a href=\"https:\/\/whatsapp.com\/channel\/0029VaG1sChI7Be7PNndhL43\" target=\"_blank\" rel=\"noopener\"><img decoding=\"async\" src=\"https:\/\/blog-es-static.infra.grancursosonline.com.br\/wp-content\/uploads\/2025\/09\/09112354\/banner-wp-600x142-80.webp\" alt=\"Acesse o canal do WhatsApp da Gran Faculdade\" class=\"wp-image-79751904\"\/><\/a><\/figure>\n<\/div><\/div>\n<\/div>\n\n\n\n<p>Acompanhe o post na \u00edntegra ou navegue pelo \u00edndice, se preferir:<\/p>\n\n\n\n<ul class=\"wp-block-list\">\n<li><a href=\"#h-o-que-e-prouni\">O que \u00e9 Prouni?<\/a><\/li>\n\n\n\n<li><a href=\"#h-prouni-como-funciona\">Prouni: como funciona?<\/a><\/li>\n\n\n\n<li><a href=\"#h-prouni-2025-quem-pode-participar\">Prouni 2025: quem pode participar?<\/a><\/li>\n\n\n\n<li><a href=\"#h-prouni-2025-data-de-inscricao\">Prouni 2025: data de inscri\u00e7\u00e3o<\/a><\/li>\n\n\n\n<li><a href=\"#h-prouni-calendario-2025\">Prouni: calend\u00e1rio 2025<\/a><\/li>\n\n\n\n<li><a href=\"#h-prouni-2025-vem-pra-gran-faculdade\">Prouni 2025: Vem pra Gran Faculdade<\/a><\/li>\n<\/ul>\n\n\n\n<h2 class=\"wp-block-heading\" id=\"h-participe-de-uma-imersao-exclusiva-com-especialistas-em-ia-e-transforme-sua-carreira\">Participe de uma imers\u00e3o exclusiva com especialistas em IA e transforme sua carreira<\/h2>\n\n\n<div class=\"wp-block-image\">\n<figure class=\"aligncenter size-large is-resized\"><a href=\"https:\/\/lp.grancursosonline.com.br\/imersao-em-ia\/?utm_source=Wordpress&amp;utm_medium=sidebar&amp;utm_campaign=Capta%C3%A7%C3%A3o+Imers%C3%A3o+em+IA+-+Abril%2F2026+-+Blog+Ensino+Superior+-+Conte%C3%BAdo+e+SEO&amp;utm_id=Capta%C3%A7%C3%A3o+Imers%C3%A3o+em+IA+-+Abril%2F2026+-+Blog+Ensino+Superior+-+Conte%C3%BAdo+e+SEO\" target=\"_blank\" rel=\" noreferrer noopener\"><img loading=\"lazy\" decoding=\"async\" width=\"1024\" height=\"576\" src=\"https:\/\/blog-es-static.infra.grancursosonline.com.br\/wp-content\/uploads\/2026\/03\/31105919\/imersao_em_ia-1024x576.webp\" alt=\"\" class=\"wp-image-79763836\" style=\"width:488px;height:auto\"\/><\/a><\/figure>\n<\/div>\n\n\n<p><strong>Se voc\u00ea quer sair do b\u00e1sico e entender, na pr\u00e1tica, como a Intelig\u00eancia Artificial (IA) est\u00e1 moldando o mercado, esta \u00e9 a sua oportunidade.<\/strong> <\/p>\n\n\n\n<p>A Imers\u00e3o em IA re\u00fane especialistas renomados do mercado, incluindo profissionais com experi\u00eancia em grandes empresas de tecnologia como Google e Amazon, que v\u00e3o compartilhar<strong> insights estrat\u00e9gicos e aplica\u00e7\u00f5es reais<\/strong> para acelerar sua evolu\u00e7\u00e3o profissional.<\/p>\n\n\n\n<p>O evento acontecer\u00e1 em <strong>tr\u00eas encontros ao vivo, a partir do dia 13 de abril, sempre \u00e0s 20h<\/strong> (hor\u00e1rio de Bras\u00edlia), com uma programa\u00e7\u00e3o estruturada para levar voc\u00ea do entendimento dos conceitos at\u00e9 a aplica\u00e7\u00e3o pr\u00e1tica de agentes de IA.<\/p>\n\n\n\n<p>Clique no link abaixo e garanta sua participa\u00e7\u00e3o nesta experi\u00eancia <strong>gratuita, ao vivo e com potencial real de impacto na sua carreira<\/strong>.<\/p>\n\n\n\n<p class=\"has-text-align-center\"><strong><a href=\"https:\/\/lp.grancursosonline.com.br\/imersao-em-ia\/?utm_source=Wordpress&amp;utm_medium=sidebar&amp;utm_campaign=Capta%C3%A7%C3%A3o+Imers%C3%A3o+em+IA+-+Abril%2F2026+-+Blog+Ensino+Superior+-+Conte%C3%BAdo+e+SEO&amp;utm_id=Capta%C3%A7%C3%A3o+Imers%C3%A3o+em+IA+-+Abril%2F2026+-+Blog+Ensino+Superior+-+Conte%C3%BAdo+e+SEO\" target=\"_blank\" rel=\"noreferrer noopener\">Quero participar da Imers\u00e3o para aprender mais sobre IA<\/a><\/strong><\/p>\n\n\n\n<h2 class=\"wp-block-heading\" id=\"h-o-que-e-prouni\"><strong>O que \u00e9 Prouni?<\/strong><br><\/h2>\n\n\n\n<p>O Prouni, ou Programa Universidade para Todos, \u00e9 uma iniciativa do Governo Federal que oferece bolsas de estudo em institui\u00e7\u00f5es privadas de ensino superior. O objetivo \u00e9 democratizar o acesso \u00e0 educa\u00e7\u00e3o e ajudar mais brasileiros a ingressar numa faculdade.<\/p>\n\n\n\n<p>Al\u00e9m de facilitar a entrada em cursos de gradua\u00e7\u00e3o, o Prouni prioriza estudantes de escolas p\u00fablicas ou bolsistas integrais em escolas particulares.&nbsp;<\/p>\n\n\n\n<h2 class=\"wp-block-heading\" id=\"h-prouni-como-funciona\"><strong>Prouni: como funciona?<\/strong><br><\/h2>\n\n\n\n<p>O Prouni \u00e9 simples e direto: ele oferece bolsas de estudo integrais ou parciais em faculdades privadas para quem tem baixa renda.&nbsp;<\/p>\n\n\n\n<p>Para participar, voc\u00ea precisa ter feito uma das duas \u00faltimas edi\u00e7\u00f5es do Enem, ter atingido pelo menos 450 pontos na m\u00e9dia das provas e n\u00e3o ter zerado a reda\u00e7\u00e3o. Al\u00e9m disso, as bolsas variam conforme a renda familiar do candidato.<\/p>\n\n\n\n<p>Ap\u00f3s se inscrever no site oficial do programa durante o Prouni 2025 na data de inscri\u00e7\u00e3o, voc\u00ea escolhe at\u00e9 duas op\u00e7\u00f5es de curso e institui\u00e7\u00e3o. Caso seja selecionado, \u00e9 s\u00f3 apresentar os documentos exigidos para comprovar as informa\u00e7\u00f5es fornecidas e garantir sua vaga.\u00a0<\/p>\n\n\n\n<p>Dessa forma, o Prouni \u00e9 a porta de entrada para quem quer estudar e se qualificar sem se preocupar com os altos custos da mensalidade!<\/p>\n\n\n\n<h2 class=\"wp-block-heading\" id=\"h-prouni-2025-quem-pode-participar\"><strong>Prouni 2025: quem pode participar?<\/strong><br><\/h2>\n\n\n\n<p>Se voc\u00ea est\u00e1 em busca de uma bolsa de estudos para realizar o sonho de entrar na faculdade, o Prouni 2025 pode ser a oportunidade ideal. Mas, para participar, \u00e9 necess\u00e1rio atender a alguns crit\u00e9rios. Confira abaixo quem pode se inscrever:<\/p>\n\n\n\n<ul class=\"wp-block-list\">\n<li>Quem participou do Enem mais recente, com no m\u00ednimo 450 pontos na m\u00e9dia e nota acima de zero na reda\u00e7\u00e3o;<\/li>\n\n\n\n<li>Estudantes de escolas p\u00fablicas ou bolsistas integrais em escolas particulares;<\/li>\n\n\n\n<li>Candidatos com renda familiar mensal de at\u00e9 1,5 sal\u00e1rio m\u00ednimo (bolsa integral) ou at\u00e9 3 sal\u00e1rios m\u00ednimos (bolsa parcial);<\/li>\n\n\n\n<li>Pessoas com defici\u00eancia, independentemente do tipo de escola frequentada;<\/li>\n\n\n\n<li>Professores da rede p\u00fablica em exerc\u00edcio, que desejam cursar licenciatura, pedagogia ou normal superior.<\/li>\n<\/ul>\n\n\n\n<h2 class=\"wp-block-heading\" id=\"h-prouni-2025-data-de-inscricao\"><strong>Prouni 2025: data de inscri\u00e7\u00e3o<\/strong><br><\/h2>\n\n\n\n<p>O Prouni 2025 j\u00e1 est\u00e1 a todo vapor, e este \u00e9 o momento ideal para quem busca uma bolsa de estudos no ensino superior.\u00a0<\/p>\n\n\n\n<p>Muitos estudantes est\u00e3o aproveitando essa oportunidade, mas \u00e9 importante ficar atento ao prazo de inscri\u00e7\u00e3o para n\u00e3o perder essa chance t\u00e3o esperada. Se voc\u00ea ainda n\u00e3o garantiu a sua, n\u00e3o se preocupe, pois ainda d\u00e1 tempo!<\/p>\n\n\n\n<p>As inscri\u00e7\u00f5es come\u00e7aram hoje. dia 30, e seguem abertas at\u00e9 sexta-feira, 04 de julho. Isso significa que voc\u00ea tem at\u00e9 as 23h59, no hor\u00e1rio de Bras\u00edlia, para acessar o site oficial e realizar sua inscri\u00e7\u00e3o.\u00a0<\/p>\n\n\n\n<p>Ent\u00e3o, organize-se e aproveite as \u00faltimas horas para dar o primeiro passo rumo \u00e0 sua forma\u00e7\u00e3o acad\u00eamica!<\/p>\n\n\n\n<h2 class=\"wp-block-heading\" id=\"h-prouni-calendario-2025\"><strong>Prouni: calend\u00e1rio 2025<\/strong><\/h2>\n\n\n\n<p>Para que voc\u00ea n\u00e3o perca nenhum prazo importante do Prouni 2025, reunimos as principais datas do edital de forma pr\u00e1tica e direta. Assim, voc\u00ea pode se organizar e garantir sua participa\u00e7\u00e3o em todas as etapas do programa. Confira abaixo o cronograma completo:<\/p>\n\n\n\n<ul class=\"wp-block-list\">\n<li><strong>Inscri\u00e7\u00f5es<\/strong>: de 30 de junho a 4 de julho;<\/li>\n\n\n\n<li><strong>Resultado da primeira chamada:<\/strong>\u00a07 de julho;<\/li>\n\n\n\n<li><strong>Resultado da segunda chamada:<\/strong>\u00a028 de julho;<\/li>\n\n\n\n<li><strong>Manifesta\u00e7\u00e3o de interesse na lista de espera:\u00a0<\/strong>18 e 19 de agosto;<\/li>\n\n\n\n<li><strong>Resultado da lista de espera:<\/strong>\u00a022 de agosto.<\/li>\n<\/ul>\n\n\n\n<h2 class=\"wp-block-heading\" id=\"h-prouni-2025-vem-pra-gran-faculdade\"><strong>Prouni 2025: Vem pra Gran Faculdade<\/strong><br><\/h2>\n\n\n\n<p><strong>A Gran Faculdade oferece bolsas de 100% para os(as) candidatos(as) que se inscreverem no Prouni e escolherem um de nossos cursos de gradua\u00e7\u00e3o<\/strong>.<\/p>\n\n\n\n<p>Se voc\u00ea n\u00e3o conhece a Gran Faculdade, n\u00f3s te contamos um pouquinho da nossa hist\u00f3ria: surgimos em 2023 com o objetivo e o compromisso de democratizar o acesso \u00e0 faculdade ao oferecer um ensino superior de qualidade, e que contribua fortemente para a forma\u00e7\u00e3o de nossos alunos, seja no servi\u00e7o p\u00fablico ou privado.&nbsp;<\/p>\n\n\n\n<p>Al\u00e9m disso, a Gran Faculdade integra o Sistema Gran de Ensino, que \u00e9 a principal marca aprovadora em concursos no Brasil.&nbsp;<\/p>\n\n\n\n<p>Com isso, oferecemos:<\/p>\n\n\n\n<ul class=\"wp-block-list\">\n<li>Aulas totalmente online;<\/li>\n\n\n\n<li>Metodologia de ensino que se encaixa na sua rotina;<\/li>\n\n\n\n<li>Mais de 30 cursos de curta e longa dura\u00e7\u00e3o em diversas \u00e1reas;<\/li>\n\n\n\n<li>Professores renomados em todo pa\u00eds;<\/li>\n\n\n\n<li>Ensino nota m\u00e1xima no MEC.<\/li>\n<\/ul>\n\n\n\n<p>Te convidamos a conhecer nossos cursos e mais informa\u00e7\u00f5es sobre a Gran Faculdade no nosso site oficial. Acesse:<\/p>\n\n\n\n<p class=\"has-text-align-center\"><a href=\"https:\/\/faculdade.grancursosonline.com.br\/\">QUERO CONHECER OS CURSOS DA GRAN FACULDADE<\/a><\/p>\n\n\n\n<h2 class=\"wp-block-heading\" id=\"h-tem-duvidas-de-como-o-prouni-2024-funciona\">Tem d\u00favidas sobre como funciona o Prouni?<\/h2>\n\n\n\n<p>Preparamos um <strong>Guia b\u00e1sico sobre o Prouni<\/strong> com as respostas para as principais d\u00favidas sobre o programa.<\/p>\n\n\n\n<p>Neste e-book, n\u00f3s falamos sobre como o Prouni surgiu, como funcionam as bolsas, o c\u00e1lculo de renda per capita e muito mais!<\/p>\n\n\n\n<p>Fa\u00e7a o <strong>download gratuito<\/strong> do e-book Guia B\u00e1sico sobre o Prouni preenchendo o formul\u00e1rio abaixo:<\/p>\n\n\n<p><script charset=\"utf-8\" type=\"text\/javascript\" src=\"\/\/js.hsforms.net\/forms\/embed\/v2.js\"><\/script> <script>\n  hbspt.forms.create({\n    region: \"na1\",\n    portalId: \"302036\",\n    formId: \"ab231718-8bb6-498f-a994-aeb510d61d90\"\n  });\n<\/script><\/p>\n\n\n<div class=\"wp-block-group has-background\" style=\"background-color:#8dd2fc7a\"><div class=\"wp-block-group__inner-container is-layout-constrained wp-block-group-is-layout-constrained\">\n<div class=\"wp-block-group\"><div class=\"wp-block-group__inner-container is-layout-constrained wp-block-group-is-layout-constrained\">\n<p><strong>Outras not\u00edcias em destaque:<\/strong><\/p>\n\n\n\n<ul class=\"wp-block-list\">\n<li><a href=\"https:\/\/faculdade.grancursosonline.com.br\/blog\/prouni\/\" target=\"_blank\" rel=\"noreferrer noopener\">Prouni: Saiba tudo sobre o Programa Universidade para Todos!<\/a><\/li>\n\n\n\n<li><a href=\"https:\/\/faculdade.grancursosonline.com.br\/blog\/prouni-inscricao\/\" target=\"_blank\" rel=\"noreferrer noopener\">Prouni 2025: inscri\u00e7\u00f5es abertas! Saiba o que fazer agora<\/a><\/li>\n\n\n\n<li><a href=\"https:\/\/faculdade.grancursosonline.com.br\/blog\/site-prouni\/\" target=\"_blank\" rel=\"noreferrer noopener\">SITE PROUNI 2025: Conhe\u00e7a o site oficial e como acess\u00e1-lo!<\/a><\/li>\n<\/ul>\n<\/div><\/div>\n<\/div><\/div>\n\n\n\n<h2 class=\"wp-block-heading\" id=\"h-vem-pra-gran-faculdade\">Vem pra Gran Faculdade!<\/h2>\n\n\n\n<p>A Gran Faculdade vem mudando a vida de milhares de pessoas por meio de cursos \u00e0 dist\u00e2ncia de <a href=\"https:\/\/faculdade.grancursosonline.com.br\/\" target=\"_blank\" rel=\"noreferrer noopener\">gradua\u00e7\u00e3o<\/a>, <a href=\"https:\/\/pos.grancursosonline.com.br\/\" target=\"_blank\" rel=\"noreferrer noopener\">p\u00f3s-gradua\u00e7\u00e3o<\/a> e <a href=\"https:\/\/pos.grancursosonline.com.br\/mba\" target=\"_blank\" rel=\"noreferrer noopener\">MBA<\/a>. Seja no digital ou em nosso <a href=\"https:\/\/presencial.grancursosonline.com.br\/\" target=\"_blank\" rel=\"noreferrer noopener\">Campus Presencial em Curitiba<\/a>, a nossa miss\u00e3o \u00e9 transformar a educa\u00e7\u00e3o superior.<\/p>\n\n\n\n<p>Como parte de Sistema Gran de Ensino, que \u00e9 reconhecido como marca aprovadora h\u00e1 mais de 10 anos, constru\u00edmos uma renomada reputa\u00e7\u00e3o na \u00e1rea de educa\u00e7\u00e3o.<\/p>\n\n\n\n<p>Veja algumas de nossas conquistas:<\/p>\n\n\n\n<ul class=\"wp-block-list\">\n<li>Reconhecido pela Amazon como um dos projetos mais relevantes do mundo na \u00e1rea de Tecnologia e Educa\u00e7\u00e3o;<\/li>\n\n\n\n<li>Foi eleito pelo Project Management Institute (PMI), um dos 50 Projetos Mais Influentes do mundo;<\/li>\n\n\n\n<li>Somos o site de educa\u00e7\u00e3o mais acessado do Brasil;<\/li>\n\n\n\n<li>Somos avaliados com a nota m\u00e1xima pelo MEC;<\/li>\n\n\n\n<li>Aqui o semestre come\u00e7a quando quiser: entrada imediata e cont\u00ednua!<\/li>\n\n\n\n<li>Melhores pre\u00e7os do mercado;<\/li>\n\n\n\n<li>Mais de 500 mil alunos pagantes e mais de 1000 funcion\u00e1rios;<\/li>\n\n\n\n<li>Diversas ferramentas de estudo: PDFs, audiobooks, mapas mentais, videoaulas, quest\u00f5es, gerenciador de estudos e muito mais!<\/li>\n\n\n\n<li>Professores experientes e capacitados;<\/li>\n\n\n\n<li>Acesso imediato e 100% online.<\/li>\n<\/ul>\n\n\n\n<p class=\"has-text-align-center has-text-align-center\"><strong><a href=\"https:\/\/faculdade.grancursosonline.com.br\/\" target=\"_blank\" rel=\"noreferrer noopener\">Quero ser aluno da Gran Faculdade!<\/a><\/strong><\/p>\n","protected":false},"excerpt":{"rendered":"<p>Se voc\u00ea est\u00e1 em busca de uma bolsa de estudos para ingressar no ensino superior, fique atento a\u00a0 Prouni 2025 data de inscri\u00e7\u00e3o! O programa, que j\u00e1 ajudou milhares de estudantes a realizar o sonho da gradua\u00e7\u00e3o, est\u00e1 com inscri\u00e7\u00f5es abertas para sua segunda edi\u00e7\u00e3o at\u00e9 sexta-feira (04). N\u00e3o perca a chance de garantir uma&hellip;<\/p>\n","protected":false},"author":514,"featured_media":79751450,"comment_status":"open","ping_status":"open","sticky":true,"template":"","format":"standard","meta":{"_acf_changed":false,"content-type":"","footnotes":""},"categories":[218545,218668,2],"tags":[],"class_list":["post-79751449","post","type-post","status-publish","format-standard","has-post-thumbnail","hentry","category-graduacao","category-prouni","category-ultimas-noticias"],"acf":[],"yoast_head":"<!-- This site is optimized with the Yoast SEO Premium plugin v27.2 (Yoast SEO v27.2) - https:\/\/yoast.com\/product\/yoast-seo-premium-wordpress\/ -->\n<title>Prouni 2025: data de inscri\u00e7\u00e3o \u00e9 at\u00e9 esta sexta-feira (04)<\/title>\n<meta name=\"description\" content=\"Prouni 2025 data de inscri\u00e7\u00e3o ser\u00e1 encerrada nesta sexta-feira. Confira nesta mat\u00e9ria as datas importantes e o que fazer agora.\" \/>\n<meta name=\"robots\" content=\"index, follow, max-snippet:-1, max-image-preview:large, max-video-preview:-1\" \/>\n<link rel=\"canonical\" href=\"https:\/\/faculdade.grancursosonline.com.br\/blog\/prouni-2025-data-de-inscricao\/\" \/>\n<meta property=\"og:locale\" content=\"pt_BR\" \/>\n<meta property=\"og:type\" content=\"article\" \/>\n<meta property=\"og:title\" content=\"Prouni 2025: data de inscri\u00e7\u00e3o \u00e9 at\u00e9 esta sexta-feira (04)\" \/>\n<meta property=\"og:description\" content=\"Prouni 2025 data de inscri\u00e7\u00e3o ser\u00e1 encerrada nesta sexta-feira. Confira nesta mat\u00e9ria as datas importantes e o que fazer agora.\" \/>\n<meta property=\"og:url\" content=\"https:\/\/faculdade.grancursosonline.com.br\/blog\/prouni-2025-data-de-inscricao\/\" \/>\n<meta property=\"og:site_name\" content=\"Blog Gran Faculdade\" \/>\n<meta property=\"article:publisher\" content=\"https:\/\/www.facebook.com\/grancursosonline\/\" \/>\n<meta property=\"article:published_time\" content=\"2025-06-30T13:06:46+00:00\" \/>\n<meta property=\"article:modified_time\" content=\"2025-06-30T13:08:27+00:00\" \/>\n<meta property=\"og:image\" content=\"https:\/\/blog-es-static.infra.grancursosonline.com.br\/wp-content\/uploads\/2025\/01\/27180833\/prouni_2025_gran_faculdade.jpg\" \/>\n\t<meta property=\"og:image:width\" content=\"1001\" \/>\n\t<meta property=\"og:image:height\" content=\"601\" \/>\n\t<meta property=\"og:image:type\" content=\"image\/jpeg\" \/>\n<meta name=\"author\" content=\"Guilherme Henrique\" \/>\n<meta name=\"twitter:card\" content=\"summary_large_image\" \/>\n<meta name=\"twitter:creator\" content=\"@gran_online\" \/>\n<meta name=\"twitter:site\" content=\"@gran_online\" \/>\n<meta name=\"twitter:label1\" content=\"Written by\" \/>\n\t<meta name=\"twitter:data1\" content=\"Guilherme Henrique\" \/>\n\t<meta name=\"twitter:label2\" content=\"Est. reading time\" \/>\n\t<meta name=\"twitter:data2\" content=\"8 minutos\" \/>\n<script type=\"application\/ld+json\" class=\"yoast-schema-graph\">{\"@context\":\"https:\/\/schema.org\",\"@graph\":[{\"@type\":\"NewsArticle\",\"@id\":\"https:\/\/faculdade.grancursosonline.com.br\/blog\/prouni-2025-data-de-inscricao\/#article\",\"isPartOf\":{\"@id\":\"https:\/\/faculdade.grancursosonline.com.br\/blog\/prouni-2025-data-de-inscricao\/\"},\"author\":{\"name\":\"Guilherme Henrique\",\"@id\":\"https:\/\/faculdade.grancursosonline.com.br\/blog\/#\/schema\/person\/9745f9b6db8976613c1f439dbcfe717d\"},\"headline\":\"Prouni 2025: data de inscri\u00e7\u00e3o \u00e9 at\u00e9 esta sexta-feira (04)\",\"datePublished\":\"2025-06-30T13:06:46+00:00\",\"dateModified\":\"2025-06-30T13:08:27+00:00\",\"mainEntityOfPage\":{\"@id\":\"https:\/\/faculdade.grancursosonline.com.br\/blog\/prouni-2025-data-de-inscricao\/\"},\"wordCount\":949,\"commentCount\":0,\"publisher\":{\"@id\":\"https:\/\/faculdade.grancursosonline.com.br\/blog\/#organization\"},\"image\":{\"@id\":\"https:\/\/faculdade.grancursosonline.com.br\/blog\/prouni-2025-data-de-inscricao\/#primaryimage\"},\"thumbnailUrl\":\"https:\/\/blog-es-static.infra.grancursosonline.com.br\/wp-content\/uploads\/2025\/01\/27180833\/prouni_2025_gran_faculdade.jpg\",\"articleSection\":[\"Gradua\u00e7\u00e3o Gran Faculdade\",\"PROUNI\",\"\u00daltimas Not\u00edcias\"],\"inLanguage\":\"pt-BR\",\"potentialAction\":[{\"@type\":\"CommentAction\",\"name\":\"Comment\",\"target\":[\"https:\/\/faculdade.grancursosonline.com.br\/blog\/prouni-2025-data-de-inscricao\/#respond\"]}],\"copyrightYear\":\"2025\",\"copyrightHolder\":{\"@id\":\"https:\/\/faculdade.grancursosonline.com.br\/blog\/#organization\"}},{\"@type\":\"WebPage\",\"@id\":\"https:\/\/faculdade.grancursosonline.com.br\/blog\/prouni-2025-data-de-inscricao\/\",\"url\":\"https:\/\/faculdade.grancursosonline.com.br\/blog\/prouni-2025-data-de-inscricao\/\",\"name\":\"Prouni 2025: data de inscri\u00e7\u00e3o \u00e9 at\u00e9 esta sexta-feira (04)\",\"isPartOf\":{\"@id\":\"https:\/\/faculdade.grancursosonline.com.br\/blog\/#website\"},\"primaryImageOfPage\":{\"@id\":\"https:\/\/faculdade.grancursosonline.com.br\/blog\/prouni-2025-data-de-inscricao\/#primaryimage\"},\"image\":{\"@id\":\"https:\/\/faculdade.grancursosonline.com.br\/blog\/prouni-2025-data-de-inscricao\/#primaryimage\"},\"thumbnailUrl\":\"https:\/\/blog-es-static.infra.grancursosonline.com.br\/wp-content\/uploads\/2025\/01\/27180833\/prouni_2025_gran_faculdade.jpg\",\"datePublished\":\"2025-06-30T13:06:46+00:00\",\"dateModified\":\"2025-06-30T13:08:27+00:00\",\"description\":\"Prouni 2025 data de inscri\u00e7\u00e3o ser\u00e1 encerrada nesta sexta-feira. Confira nesta mat\u00e9ria as datas importantes e o que fazer agora.\",\"breadcrumb\":{\"@id\":\"https:\/\/faculdade.grancursosonline.com.br\/blog\/prouni-2025-data-de-inscricao\/#breadcrumb\"},\"inLanguage\":\"pt-BR\",\"potentialAction\":[{\"@type\":\"ReadAction\",\"target\":[\"https:\/\/faculdade.grancursosonline.com.br\/blog\/prouni-2025-data-de-inscricao\/\"]}]},{\"@type\":\"ImageObject\",\"inLanguage\":\"pt-BR\",\"@id\":\"https:\/\/faculdade.grancursosonline.com.br\/blog\/prouni-2025-data-de-inscricao\/#primaryimage\",\"url\":\"https:\/\/blog-es-static.infra.grancursosonline.com.br\/wp-content\/uploads\/2025\/01\/27180833\/prouni_2025_gran_faculdade.jpg\",\"contentUrl\":\"https:\/\/blog-es-static.infra.grancursosonline.com.br\/wp-content\/uploads\/2025\/01\/27180833\/prouni_2025_gran_faculdade.jpg\",\"width\":1001,\"height\":601},{\"@type\":\"BreadcrumbList\",\"@id\":\"https:\/\/faculdade.grancursosonline.com.br\/blog\/prouni-2025-data-de-inscricao\/#breadcrumb\",\"itemListElement\":[{\"@type\":\"ListItem\",\"position\":1,\"name\":\"In\u00edcio\",\"item\":\"https:\/\/faculdade.grancursosonline.com.br\/blog\/\"},{\"@type\":\"ListItem\",\"position\":2,\"name\":\"PROUNI\",\"item\":\"https:\/\/faculdade.grancursosonline.com.br\/blog\/categoria\/prouni\/\"},{\"@type\":\"ListItem\",\"position\":3,\"name\":\"Prouni 2025: data de inscri\u00e7\u00e3o \u00e9 at\u00e9 esta sexta-feira (04)\"}]},{\"@type\":\"WebSite\",\"@id\":\"https:\/\/faculdade.grancursosonline.com.br\/blog\/#website\",\"url\":\"https:\/\/faculdade.grancursosonline.com.br\/blog\/\",\"name\":\"Blog Gran Faculdade\",\"description\":\"Tudo sobre ensino superior, p\u00f3s-gradua\u00e7\u00e3o, enem e carreira.\",\"publisher\":{\"@id\":\"https:\/\/faculdade.grancursosonline.com.br\/blog\/#organization\"},\"potentialAction\":[{\"@type\":\"SearchAction\",\"target\":{\"@type\":\"EntryPoint\",\"urlTemplate\":\"https:\/\/faculdade.grancursosonline.com.br\/blog\/?s={search_term_string}\"},\"query-input\":{\"@type\":\"PropertyValueSpecification\",\"valueRequired\":true,\"valueName\":\"search_term_string\"}}],\"inLanguage\":\"pt-BR\"},{\"@type\":\"Organization\",\"@id\":\"https:\/\/faculdade.grancursosonline.com.br\/blog\/#organization\",\"name\":\"Gran Cursos Online\",\"url\":\"https:\/\/faculdade.grancursosonline.com.br\/blog\/\",\"logo\":{\"@type\":\"ImageObject\",\"inLanguage\":\"pt-BR\",\"@id\":\"https:\/\/faculdade.grancursosonline.com.br\/blog\/#\/schema\/logo\/image\/\",\"url\":\"https:\/\/blog-es-static.infra.grancursosonline.com.br\/wp-content\/uploads\/2019\/08\/03123934\/logo.png\",\"contentUrl\":\"https:\/\/blog-es-static.infra.grancursosonline.com.br\/wp-content\/uploads\/2019\/08\/03123934\/logo.png\",\"width\":300,\"height\":57,\"caption\":\"Gran Cursos Online\"},\"image\":{\"@id\":\"https:\/\/faculdade.grancursosonline.com.br\/blog\/#\/schema\/logo\/image\/\"},\"sameAs\":[\"https:\/\/www.facebook.com\/grancursosonline\/\",\"https:\/\/x.com\/gran_online\",\"https:\/\/www.instagram.com\/grancursosonline\/\",\"https:\/\/www.youtube.com\/user\/grancursostv\"]},{\"@type\":\"Person\",\"@id\":\"https:\/\/faculdade.grancursosonline.com.br\/blog\/#\/schema\/person\/9745f9b6db8976613c1f439dbcfe717d\",\"name\":\"Guilherme Henrique\",\"url\":\"https:\/\/faculdade.grancursosonline.com.br\/blog\/author\/guilherme-lourenco\/\"}]}<\/script>\n<!-- \/ Yoast SEO Premium plugin. -->","yoast_head_json":{"title":"Prouni 2025: data de inscri\u00e7\u00e3o \u00e9 at\u00e9 esta sexta-feira (04)","description":"Prouni 2025 data de inscri\u00e7\u00e3o ser\u00e1 encerrada nesta sexta-feira. Confira nesta mat\u00e9ria as datas importantes e o que fazer agora.","robots":{"index":"index","follow":"follow","max-snippet":"max-snippet:-1","max-image-preview":"max-image-preview:large","max-video-preview":"max-video-preview:-1"},"canonical":"https:\/\/faculdade.grancursosonline.com.br\/blog\/prouni-2025-data-de-inscricao\/","og_locale":"pt_BR","og_type":"article","og_title":"Prouni 2025: data de inscri\u00e7\u00e3o \u00e9 at\u00e9 esta sexta-feira (04)","og_description":"Prouni 2025 data de inscri\u00e7\u00e3o ser\u00e1 encerrada nesta sexta-feira. Confira nesta mat\u00e9ria as datas importantes e o que fazer agora.","og_url":"https:\/\/faculdade.grancursosonline.com.br\/blog\/prouni-2025-data-de-inscricao\/","og_site_name":"Blog Gran Faculdade","article_publisher":"https:\/\/www.facebook.com\/grancursosonline\/","article_published_time":"2025-06-30T13:06:46+00:00","article_modified_time":"2025-06-30T13:08:27+00:00","og_image":[{"width":1001,"height":601,"url":"https:\/\/blog-es-static.infra.grancursosonline.com.br\/wp-content\/uploads\/2025\/01\/27180833\/prouni_2025_gran_faculdade.jpg","type":"image\/jpeg"}],"author":"Guilherme Henrique","twitter_card":"summary_large_image","twitter_creator":"@gran_online","twitter_site":"@gran_online","twitter_misc":{"Written by":"Guilherme Henrique","Est. reading time":"8 minutos"},"schema":{"@context":"https:\/\/schema.org","@graph":[{"@type":"NewsArticle","@id":"https:\/\/faculdade.grancursosonline.com.br\/blog\/prouni-2025-data-de-inscricao\/#article","isPartOf":{"@id":"https:\/\/faculdade.grancursosonline.com.br\/blog\/prouni-2025-data-de-inscricao\/"},"author":{"name":"Guilherme Henrique","@id":"https:\/\/faculdade.grancursosonline.com.br\/blog\/#\/schema\/person\/9745f9b6db8976613c1f439dbcfe717d"},"headline":"Prouni 2025: data de inscri\u00e7\u00e3o \u00e9 at\u00e9 esta sexta-feira (04)","datePublished":"2025-06-30T13:06:46+00:00","dateModified":"2025-06-30T13:08:27+00:00","mainEntityOfPage":{"@id":"https:\/\/faculdade.grancursosonline.com.br\/blog\/prouni-2025-data-de-inscricao\/"},"wordCount":949,"commentCount":0,"publisher":{"@id":"https:\/\/faculdade.grancursosonline.com.br\/blog\/#organization"},"image":{"@id":"https:\/\/faculdade.grancursosonline.com.br\/blog\/prouni-2025-data-de-inscricao\/#primaryimage"},"thumbnailUrl":"https:\/\/blog-es-static.infra.grancursosonline.com.br\/wp-content\/uploads\/2025\/01\/27180833\/prouni_2025_gran_faculdade.jpg","articleSection":["Gradua\u00e7\u00e3o Gran Faculdade","PROUNI","\u00daltimas Not\u00edcias"],"inLanguage":"pt-BR","potentialAction":[{"@type":"CommentAction","name":"Comment","target":["https:\/\/faculdade.grancursosonline.com.br\/blog\/prouni-2025-data-de-inscricao\/#respond"]}],"copyrightYear":"2025","copyrightHolder":{"@id":"https:\/\/faculdade.grancursosonline.com.br\/blog\/#organization"}},{"@type":"WebPage","@id":"https:\/\/faculdade.grancursosonline.com.br\/blog\/prouni-2025-data-de-inscricao\/","url":"https:\/\/faculdade.grancursosonline.com.br\/blog\/prouni-2025-data-de-inscricao\/","name":"Prouni 2025: data de inscri\u00e7\u00e3o \u00e9 at\u00e9 esta sexta-feira (04)","isPartOf":{"@id":"https:\/\/faculdade.grancursosonline.com.br\/blog\/#website"},"primaryImageOfPage":{"@id":"https:\/\/faculdade.grancursosonline.com.br\/blog\/prouni-2025-data-de-inscricao\/#primaryimage"},"image":{"@id":"https:\/\/faculdade.grancursosonline.com.br\/blog\/prouni-2025-data-de-inscricao\/#primaryimage"},"thumbnailUrl":"https:\/\/blog-es-static.infra.grancursosonline.com.br\/wp-content\/uploads\/2025\/01\/27180833\/prouni_2025_gran_faculdade.jpg","datePublished":"2025-06-30T13:06:46+00:00","dateModified":"2025-06-30T13:08:27+00:00","description":"Prouni 2025 data de inscri\u00e7\u00e3o ser\u00e1 encerrada nesta sexta-feira. Confira nesta mat\u00e9ria as datas importantes e o que fazer agora.","breadcrumb":{"@id":"https:\/\/faculdade.grancursosonline.com.br\/blog\/prouni-2025-data-de-inscricao\/#breadcrumb"},"inLanguage":"pt-BR","potentialAction":[{"@type":"ReadAction","target":["https:\/\/faculdade.grancursosonline.com.br\/blog\/prouni-2025-data-de-inscricao\/"]}]},{"@type":"ImageObject","inLanguage":"pt-BR","@id":"https:\/\/faculdade.grancursosonline.com.br\/blog\/prouni-2025-data-de-inscricao\/#primaryimage","url":"https:\/\/blog-es-static.infra.grancursosonline.com.br\/wp-content\/uploads\/2025\/01\/27180833\/prouni_2025_gran_faculdade.jpg","contentUrl":"https:\/\/blog-es-static.infra.grancursosonline.com.br\/wp-content\/uploads\/2025\/01\/27180833\/prouni_2025_gran_faculdade.jpg","width":1001,"height":601},{"@type":"BreadcrumbList","@id":"https:\/\/faculdade.grancursosonline.com.br\/blog\/prouni-2025-data-de-inscricao\/#breadcrumb","itemListElement":[{"@type":"ListItem","position":1,"name":"In\u00edcio","item":"https:\/\/faculdade.grancursosonline.com.br\/blog\/"},{"@type":"ListItem","position":2,"name":"PROUNI","item":"https:\/\/faculdade.grancursosonline.com.br\/blog\/categoria\/prouni\/"},{"@type":"ListItem","position":3,"name":"Prouni 2025: data de inscri\u00e7\u00e3o \u00e9 at\u00e9 esta sexta-feira (04)"}]},{"@type":"WebSite","@id":"https:\/\/faculdade.grancursosonline.com.br\/blog\/#website","url":"https:\/\/faculdade.grancursosonline.com.br\/blog\/","name":"Blog Gran Faculdade","description":"Tudo sobre ensino superior, p\u00f3s-gradua\u00e7\u00e3o, enem e carreira.","publisher":{"@id":"https:\/\/faculdade.grancursosonline.com.br\/blog\/#organization"},"potentialAction":[{"@type":"SearchAction","target":{"@type":"EntryPoint","urlTemplate":"https:\/\/faculdade.grancursosonline.com.br\/blog\/?s={search_term_string}"},"query-input":{"@type":"PropertyValueSpecification","valueRequired":true,"valueName":"search_term_string"}}],"inLanguage":"pt-BR"},{"@type":"Organization","@id":"https:\/\/faculdade.grancursosonline.com.br\/blog\/#organization","name":"Gran Cursos Online","url":"https:\/\/faculdade.grancursosonline.com.br\/blog\/","logo":{"@type":"ImageObject","inLanguage":"pt-BR","@id":"https:\/\/faculdade.grancursosonline.com.br\/blog\/#\/schema\/logo\/image\/","url":"https:\/\/blog-es-static.infra.grancursosonline.com.br\/wp-content\/uploads\/2019\/08\/03123934\/logo.png","contentUrl":"https:\/\/blog-es-static.infra.grancursosonline.com.br\/wp-content\/uploads\/2019\/08\/03123934\/logo.png","width":300,"height":57,"caption":"Gran Cursos Online"},"image":{"@id":"https:\/\/faculdade.grancursosonline.com.br\/blog\/#\/schema\/logo\/image\/"},"sameAs":["https:\/\/www.facebook.com\/grancursosonline\/","https:\/\/x.com\/gran_online","https:\/\/www.instagram.com\/grancursosonline\/","https:\/\/www.youtube.com\/user\/grancursostv"]},{"@type":"Person","@id":"https:\/\/faculdade.grancursosonline.com.br\/blog\/#\/schema\/person\/9745f9b6db8976613c1f439dbcfe717d","name":"Guilherme Henrique","url":"https:\/\/faculdade.grancursosonline.com.br\/blog\/author\/guilherme-lourenco\/"}]}},"_links":{"self":[{"href":"https:\/\/faculdade.grancursosonline.com.br\/blog\/wp-json\/wp\/v2\/posts\/79751449","targetHints":{"allow":["GET"]}}],"collection":[{"href":"https:\/\/faculdade.grancursosonline.com.br\/blog\/wp-json\/wp\/v2\/posts"}],"about":[{"href":"https:\/\/faculdade.grancursosonline.com.br\/blog\/wp-json\/wp\/v2\/types\/post"}],"author":[{"embeddable":true,"href":"https:\/\/faculdade.grancursosonline.com.br\/blog\/wp-json\/wp\/v2\/users\/514"}],"replies":[{"embeddable":true,"href":"https:\/\/faculdade.grancursosonline.com.br\/blog\/wp-json\/wp\/v2\/comments?post=79751449"}],"version-history":[{"count":5,"href":"https:\/\/faculdade.grancursosonline.com.br\/blog\/wp-json\/wp\/v2\/posts\/79751449\/revisions"}],"predecessor-version":[{"id":79756261,"href":"https:\/\/faculdade.grancursosonline.com.br\/blog\/wp-json\/wp\/v2\/posts\/79751449\/revisions\/79756261"}],"wp:featuredmedia":[{"embeddable":true,"href":"https:\/\/faculdade.grancursosonline.com.br\/blog\/wp-json\/wp\/v2\/media\/79751450"}],"wp:attachment":[{"href":"https:\/\/faculdade.grancursosonline.com.br\/blog\/wp-json\/wp\/v2\/media?parent=79751449"}],"wp:term":[{"taxonomy":"category","embeddable":true,"href":"https:\/\/faculdade.grancursosonline.com.br\/blog\/wp-json\/wp\/v2\/categories?post=79751449"},{"taxonomy":"post_tag","embeddable":true,"href":"https:\/\/faculdade.grancursosonline.com.br\/blog\/wp-json\/wp\/v2\/tags?post=79751449"}],"curies":[{"name":"wp","href":"https:\/\/api.w.org\/{rel}","templated":true}]}}